{"id":32763,"date":"2021-09-27T12:07:18","date_gmt":"2021-09-27T12:07:18","guid":{"rendered":"https:\/\/www.inverseteams.com\/blog\/inverse-presenta-su-nueva-coleccion-de-ciclismo-2022-en-la-sea-otter-europe\/"},"modified":"2021-09-30T09:14:31","modified_gmt":"2021-09-30T09:14:31","slug":"inverse-presenta-su-nueva-coleccion-de-ciclismo-2022-en-la-sea-otter-europe","status":"publish","type":"post","link":"https:\/\/www.inverseteams.com\/fr\/blog\/inverse-presenta-su-nueva-coleccion-de-ciclismo-2022-en-la-sea-otter-europe\/","title":{"rendered":"Inverse d\u00e9voile sa nouvelle collection de cyclisme 2022 \u00e0 Sea Otter Europe"},"content":{"rendered":"\n<figure class=\"wp-block-image size-large\"><img loading=\"lazy\" decoding=\"async\" width=\"1024\" height=\"683\" src=\"https:\/\/www.inverseteams.com\/wp-content\/uploads\/BLOG_INVERSE_SEA_OTTER_EUROPE_01-1024x683.jpg\" alt=\"\" class=\"wp-image-32495\" srcset=\"https:\/\/www.inverseteams.com\/wp-content\/uploads\/BLOG_INVERSE_SEA_OTTER_EUROPE_01-1024x683.jpg 1024w, https:\/\/www.inverseteams.com\/wp-content\/uploads\/BLOG_INVERSE_SEA_OTTER_EUROPE_01-300x200.jpg 300w, https:\/\/www.inverseteams.com\/wp-content\/uploads\/BLOG_INVERSE_SEA_OTTER_EUROPE_01-768x512.jpg 768w, https:\/\/www.inverseteams.com\/wp-content\/uploads\/BLOG_INVERSE_SEA_OTTER_EUROPE_01-1536x1024.jpg 1536w, https:\/\/www.inverseteams.com\/wp-content\/uploads\/BLOG_INVERSE_SEA_OTTER_EUROPE_01-420x280.jpg 420w, https:\/\/www.inverseteams.com\/wp-content\/uploads\/BLOG_INVERSE_SEA_OTTER_EUROPE_01.jpg 1920w\" sizes=\"auto, (max-width: 1024px) 100vw, 1024px\" \/><\/figure>\n\n\n<div class=\"wrapper-heading\">\n<h2 class=\"wp-block-heading\">Sea Otter Europe d\u00e9passe toutes les attentes avec 45 000 visiteurs et une avalanche de visiteurs sur le stand d&rsquo;Inverse.<\/h2>\n<\/div>\n\n<div class=\"wrapper-heading\">\n<h3 class=\"wp-block-heading\">La cinqui\u00e8me \u00e9dition du Sea Otter Europe Costa Brava-Girona Bike Show a permis de r\u00e9unir les amateurs de v\u00e9lo et, pour Inverse, de retrouver les amis et les clients habituels.<\/h3>\n<\/div>\n\n<div class=\"wrapper-heading\">\n<h4 class=\"wp-block-heading\">Sea Otter a fini par d\u00e9passer de loin les meilleures pr\u00e9visions de l&rsquo;organisation, avec environ 45 000 visiteurs, qui ont pass\u00e9 trois jours \u00e0 fl\u00e2ner sur le site du festival \u00e0 G\u00e9rone.<\/h4>\n<\/div>\n\n\n<figure class=\"wp-block-image size-large\"><img loading=\"lazy\" decoding=\"async\" width=\"1024\" height=\"683\" src=\"https:\/\/www.inverseteams.com\/wp-content\/uploads\/BLOG_INVERSE-SEA_OTTER_EUROPE_03-1024x683.jpg\" alt=\"\" class=\"wp-image-32499\" srcset=\"https:\/\/www.inverseteams.com\/wp-content\/uploads\/BLOG_INVERSE-SEA_OTTER_EUROPE_03-1024x683.jpg 1024w, https:\/\/www.inverseteams.com\/wp-content\/uploads\/BLOG_INVERSE-SEA_OTTER_EUROPE_03-300x200.jpg 300w, https:\/\/www.inverseteams.com\/wp-content\/uploads\/BLOG_INVERSE-SEA_OTTER_EUROPE_03-768x512.jpg 768w, https:\/\/www.inverseteams.com\/wp-content\/uploads\/BLOG_INVERSE-SEA_OTTER_EUROPE_03-1536x1024.jpg 1536w, https:\/\/www.inverseteams.com\/wp-content\/uploads\/BLOG_INVERSE-SEA_OTTER_EUROPE_03-420x280.jpg 420w, https:\/\/www.inverseteams.com\/wp-content\/uploads\/BLOG_INVERSE-SEA_OTTER_EUROPE_03.jpg 1920w\" sizes=\"auto, (max-width: 1024px) 100vw, 1024px\" \/><\/figure>\n\n\n\n<p>Le stand d&rsquo;Inverse au salon Sea Otter Europe a re\u00e7u un grand nombre de visiteurs qui voulaient voir et toucher la <strong><a href=\"https:\/\/www.inverseteams.com\/fr\/collection\/sport-fr\/cyclisme-fr\/\">nouvelle collection de cyclisme d&rsquo;hiver 2021-2022<\/a> et la nouvelle collection de cyclisme printemps-\u00e9t\u00e9 2022<\/strong> \u00e0 venir. Les designs et les finitions de la nouvelle collection ont suscit\u00e9 de grandes attentes et de bonnes impressions.<\/p>\n\n\n\n<p>Pour Inverse, le <strong><a href=\"https:\/\/www.seaottereurope.com\/fr\/\">Sea Otter Europe<\/a><\/strong> est devenu la sc\u00e8ne id\u00e9ale pour la reprise de son activit\u00e9 aux yeux du public, apr\u00e8s un an et demi de pand\u00e9mie qui avait contraint \u00e0 l&rsquo;annulation de la plupart des grandes expositions dans le monde.<\/p>\n\n\n\n<p>L&rsquo;ambiance de cette nouvelle \u00e9dition de Sea Otter Europe a \u00e9t\u00e9 unique, gr\u00e2ce aussi aux pr\u00e8s de 4&nbsp;000 cyclistes qui ont particip\u00e9 \u00e0 la quinzaine de courses organis\u00e9es, tant pour les amateurs que pour les champions du monde, les m\u00e9daill\u00e9s olympiques et les athl\u00e8tes d&rsquo;\u00e9lite, hommes et femmes, de toutes les disciplines cyclistes.<\/p>\n\n\n\n<p>En fait, <a href=\"https:\/\/www.inverseteams.com\/fr\/blog\/el-bronce-de-david-valero-merece-una-edicion-especial-del-maillot-y-culotte-de-espana-en-tokyo-2021\/\">l<strong>e cycliste David Valero, qui a remport\u00e9 la m\u00e9daille de bronze en VTT aux Jeux olympiques de Tokyo 2021<\/strong><\/a>, a visit\u00e9 le stand Inverse pour signer le maillot olympique de l&rsquo;\u00e9quipe nationale espagnole, qui \u00e9tait expos\u00e9 \u00e0 la vue de tous les visiteurs.<\/p>\n\n\n\n<figure class=\"wp-block-image size-large\"><img loading=\"lazy\" decoding=\"async\" width=\"1024\" height=\"683\" src=\"https:\/\/www.inverseteams.com\/wp-content\/uploads\/BLOG_INVERSE_SEA_OTTER_EUROPE_02-1024x683.jpg\" alt=\"\" class=\"wp-image-32503\" srcset=\"https:\/\/www.inverseteams.com\/wp-content\/uploads\/BLOG_INVERSE_SEA_OTTER_EUROPE_02-1024x683.jpg 1024w, https:\/\/www.inverseteams.com\/wp-content\/uploads\/BLOG_INVERSE_SEA_OTTER_EUROPE_02-300x200.jpg 300w, https:\/\/www.inverseteams.com\/wp-content\/uploads\/BLOG_INVERSE_SEA_OTTER_EUROPE_02-768x512.jpg 768w, https:\/\/www.inverseteams.com\/wp-content\/uploads\/BLOG_INVERSE_SEA_OTTER_EUROPE_02-1536x1024.jpg 1536w, https:\/\/www.inverseteams.com\/wp-content\/uploads\/BLOG_INVERSE_SEA_OTTER_EUROPE_02-420x280.jpg 420w, https:\/\/www.inverseteams.com\/wp-content\/uploads\/BLOG_INVERSE_SEA_OTTER_EUROPE_02.jpg 1920w\" sizes=\"auto, (max-width: 1024px) 100vw, 1024px\" \/><\/figure>\n\n\n\n<p>DES COMP\u00c9TITIONS DE HAUT NIVEAU AVEC LE LABEL INVERSE<\/p>\n\n\n\n<p>Le dernier jour a \u00e9galement vu la grande finale masculine de la Super Coupe Continentale Massi, dans laquelle le Fran\u00e7ais <strong>Thomas Griot de <\/strong><a href=\"https:\/\/www.inverseteams.com\/fr\/blog\/lequipe-massi-uci-team-visite-notre-usine-et-decouvre-comment-nous-fabriquons-leurs-vetements\/\"><strong>l&rsquo;\u00e9quipe UCI Massi<\/strong> <\/a>a remport\u00e9 la m\u00e9daille de bronze, et a ainsi augment\u00e9 son r\u00e9sultat pour le classement mondial puisqu&rsquo;il s&rsquo;agit d&rsquo;une \u00e9preuve UCI C1.<\/p>\n\n\n\n<p>Et victoire absolue pour le cycliste <strong>Cristofer Bosque de l&rsquo;\u00e9quipe UCI Massi<\/strong> au classement g\u00e9n\u00e9ral de la <a href=\"https:\/\/www.copacatalanabtt.com\/\">Coupe Catalane Internationale Biking Point<\/a>, qui a \u00e9galement eu lieu dans le cadre du Sea Otter Europe. Cristofer a remport\u00e9 la course pour la deuxi\u00e8me ann\u00e9e cons\u00e9cutive et a \u00e9galement termin\u00e9 deuxi\u00e8me au classement g\u00e9n\u00e9ral de la Super Coupe Massi.<\/p>\n\n\n\n<p>Il convient \u00e9galement de mentionner la victoire avec une m\u00e9daille d&rsquo;or &#8211; portant les v\u00eatements Inverse &#8211; de la Catalane <strong>Sandra Santanyes<\/strong> dans la s\u00e9rie Wes, repr\u00e9sentant l&rsquo;\u00e9quipe nationale catalane de la <a href=\"https:\/\/www.ciclisme.cat\/\">Federaci\u00f3 Catalana de Ciclisme<\/a> (F\u00e9d\u00e9ration catalane de cyclisme). <a href=\"https:\/\/www.worldebikeseries.com\/\">La Wes est la ligue sportive de la Coupe du monde UCI E-MTB XC<\/a> (v\u00e9lo de montagne \u00e9lectrique), qui s&rsquo;est \u00e9galement tenue dans le cadre de la Sea Otter Europe.<\/p>\n","protected":false},"excerpt":{"rendered":"<p>Sea Otter Europe d\u00e9passe toutes les attentes avec 45 000 visiteurs et une avalanche de visiteurs sur le stand d&rsquo;Inverse. La cinqui\u00e8me \u00e9dition du Sea Otter Europe Costa Brava-Girona Bike Show a permis de r\u00e9unir les amateurs de v\u00e9lo et, pour Inverse, de retrouver les amis et les clients habituels. Sea Otter a fini par [&hellip;]<\/p>\n","protected":false},"author":12,"featured_media":32498,"comment_status":"open","ping_status":"open","sticky":false,"template":"","format":"standard","meta":{"_acf_changed":false,"mc4wp_mailchimp_campaign":[],"footnotes":""},"categories":[188],"tags":[1881,6233,1882,6234,1885,6235,1887,6236,1894,6237,1903,6238,2254,6239,6224,6240,6225,6241,6226,6242,773,6227,6243,818,6228,6244,1795,6229,1801,6230,1802,6231,1880,6232],"class_list":["post-32763","post","type-post","status-publish","format-standard","has-post-thumbnail","hentry","category-cyclisme","tag-maillot-ciclismo-invierno","tag-e-mtb-sportswear","tag-tenue-hiver-cyclisme","tag-ciclismo-invierno-2021-2022","tag-maillot-hiver-cyclisme","tag-winter-cycling-2021-2022","tag-tenue-hiver-cyclisme-velo","tag-cyclisme-hiver-2021-2022","tag-pantalon-ciclismo-invierno","tag-culotte-ciclismo-invierno","tag-winter-cycling-things","tag-winter-bib-shorts","tag-massi-uci-team-4","tag-hiver-collant","tag-sea-otter-europe","tag-hiver-cuissard","tag-sea-otter-europe-girona","tag-tenues-hiver","tag-winter-cycling-collection-2021-2022","tag-ropa-invierno-ciclismo","tag-ciclismo-4","tag-ciclismo-invierno-inverse","tag-tenues-cyclisme-hiver","tag-inverse-4","tag-david-valero-sea-otter-europe","tag-winter-cycling-wear","tag-cycling","tag-thomas-griot","tag-btt","tag-sandra-santanyes","tag-mtb","tag-seleccio-catalana-ciclisme","tag-winter-jersey","tag-e-mtb"],"acf":[],"yoast_head":"<!-- This site is optimized with the Yoast SEO plugin v27.3 - https:\/\/yoast.com\/product\/yoast-seo-wordpress\/ -->\n<title>Inverse d\u00e9voile sa nouvelle collection de cyclisme 2022 \u00e0 Sea Otter Europe | Inverseteams<\/title>\n<meta name=\"description\" content=\"Le stand d&#039;Inverse au salon Sea Otter Europe a re\u00e7u un grand nombre de visiteurs qui voulaient voir et toucher la nouvelle collection de cyclisme d&#039;hiver 2021-2022 et la nouvelle collection de cyclisme printemps-\u00e9t\u00e9 2022 \u00e0 venir. Les designs et les finitions de la nouvelle collection ont suscit\u00e9 de grandes attentes et de bonnes impressions.\" \/>\n<meta name=\"robots\" content=\"index, follow, max-snippet:-1, max-image-preview:large, max-video-preview:-1\" \/>\n<link rel=\"canonical\" href=\"https:\/\/www.inverseteams.com\/fr\/blog\/inverse-presenta-su-nueva-coleccion-de-ciclismo-2022-en-la-sea-otter-europe\/\" \/>\n<meta property=\"og:locale\" content=\"fr_FR\" \/>\n<meta property=\"og:type\" content=\"article\" \/>\n<meta property=\"og:title\" content=\"Inverse d\u00e9voile sa nouvelle collection de cyclisme 2022 \u00e0 Sea Otter Europe | Inverseteams\" \/>\n<meta property=\"og:description\" content=\"Le stand d&#039;Inverse au salon Sea Otter Europe a re\u00e7u un grand nombre de visiteurs qui voulaient voir et toucher la nouvelle collection de cyclisme d&#039;hiver 2021-2022 et la nouvelle collection de cyclisme printemps-\u00e9t\u00e9 2022 \u00e0 venir. Les designs et les finitions de la nouvelle collection ont suscit\u00e9 de grandes attentes et de bonnes impressions.\" \/>\n<meta property=\"og:url\" content=\"https:\/\/www.inverseteams.com\/fr\/blog\/inverse-presenta-su-nueva-coleccion-de-ciclismo-2022-en-la-sea-otter-europe\/\" \/>\n<meta property=\"og:site_name\" content=\"Inverseteams\" \/>\n<meta property=\"article:publisher\" content=\"https:\/\/www.facebook.com\/inverseteams\" \/>\n<meta property=\"article:published_time\" content=\"2021-09-27T12:07:18+00:00\" \/>\n<meta property=\"article:modified_time\" content=\"2021-09-30T09:14:31+00:00\" \/>\n<meta property=\"og:image\" content=\"https:\/\/www.inverseteams.com\/wp-content\/uploads\/BLOG_INVERSE_SEA_OTTER_EUROPE_01.jpg\" \/>\n\t<meta property=\"og:image:width\" content=\"1920\" \/>\n\t<meta property=\"og:image:height\" content=\"1280\" \/>\n\t<meta property=\"og:image:type\" content=\"image\/jpeg\" \/>\n<meta name=\"author\" content=\"xavier\" \/>\n<meta name=\"twitter:card\" content=\"summary_large_image\" \/>\n<meta name=\"twitter:label1\" content=\"\u00c9crit par\" \/>\n\t<meta name=\"twitter:data1\" content=\"xavier\" \/>\n\t<meta name=\"twitter:label2\" content=\"Dur\u00e9e de lecture estim\u00e9e\" \/>\n\t<meta name=\"twitter:data2\" content=\"3 minutes\" \/>\n<script type=\"application\/ld+json\" class=\"yoast-schema-graph\">{\"@context\":\"https:\\\/\\\/schema.org\",\"@graph\":[{\"@type\":\"Article\",\"@id\":\"https:\\\/\\\/www.inverseteams.com\\\/fr\\\/blog\\\/inverse-presenta-su-nueva-coleccion-de-ciclismo-2022-en-la-sea-otter-europe\\\/#article\",\"isPartOf\":{\"@id\":\"https:\\\/\\\/www.inverseteams.com\\\/fr\\\/blog\\\/inverse-presenta-su-nueva-coleccion-de-ciclismo-2022-en-la-sea-otter-europe\\\/\"},\"author\":{\"name\":\"xavier\",\"@id\":\"https:\\\/\\\/www.inverseteams.com\\\/fr\\\/#\\\/schema\\\/person\\\/8e9cda76b6449aea55a18c6b0f3a15f1\"},\"headline\":\"Inverse d\u00e9voile sa nouvelle collection de cyclisme 2022 \u00e0 Sea Otter Europe\",\"datePublished\":\"2021-09-27T12:07:18+00:00\",\"dateModified\":\"2021-09-30T09:14:31+00:00\",\"mainEntityOfPage\":{\"@id\":\"https:\\\/\\\/www.inverseteams.com\\\/fr\\\/blog\\\/inverse-presenta-su-nueva-coleccion-de-ciclismo-2022-en-la-sea-otter-europe\\\/\"},\"wordCount\":516,\"commentCount\":0,\"publisher\":{\"@id\":\"https:\\\/\\\/www.inverseteams.com\\\/fr\\\/#organization\"},\"image\":{\"@id\":\"https:\\\/\\\/www.inverseteams.com\\\/fr\\\/blog\\\/inverse-presenta-su-nueva-coleccion-de-ciclismo-2022-en-la-sea-otter-europe\\\/#primaryimage\"},\"thumbnailUrl\":\"https:\\\/\\\/www.inverseteams.com\\\/wp-content\\\/uploads\\\/BLOG_INVERSE_SEA_OTTER_EUROPE_01.jpg\",\"keywords\":[\"maillot ciclismo invierno\",\"e-mtb sportswear\",\"tenue hiver cyclisme\",\"ciclismo invierno 2021 2022\",\"maillot hiver cyclisme\",\"winter cycling 2021 2022\",\"tenue hiver cyclisme v\u00e9lo\",\"cyclisme hiver 2021 2022\",\"pantal\u00f3n ciclismo invierno\",\"culotte ciclismo invierno\",\"winter cycling things\",\"winter bib shorts\",\"Massi UCI Team\",\"hiver collant\",\"Sea Otter Europe\",\"hiver cuissard\",\"Sea Otter Europe Girona\",\"tenues hiver\",\"Winter Cycling collection 2021 2022\",\"ropa invierno ciclismo\",\"ciclismo\",\"Ciclismo invierno Inverse\",\"tenues cyclisme hiver\",\"inverse\",\"David Valero Sea Otter Europe\",\"winter cycling wear\",\"Cycling\",\"Thomas Griot\",\"btt\",\"Sandra Santanyes\",\"mtb\",\"Selecci\u00f3 Catalana Ciclisme\",\"winter jersey\",\"e-mtb\"],\"articleSection\":[\"Cyclisme\"],\"inLanguage\":\"fr-FR\",\"potentialAction\":[{\"@type\":\"CommentAction\",\"name\":\"Comment\",\"target\":[\"https:\\\/\\\/www.inverseteams.com\\\/fr\\\/blog\\\/inverse-presenta-su-nueva-coleccion-de-ciclismo-2022-en-la-sea-otter-europe\\\/#respond\"]}]},{\"@type\":\"WebPage\",\"@id\":\"https:\\\/\\\/www.inverseteams.com\\\/fr\\\/blog\\\/inverse-presenta-su-nueva-coleccion-de-ciclismo-2022-en-la-sea-otter-europe\\\/\",\"url\":\"https:\\\/\\\/www.inverseteams.com\\\/fr\\\/blog\\\/inverse-presenta-su-nueva-coleccion-de-ciclismo-2022-en-la-sea-otter-europe\\\/\",\"name\":\"Inverse d\u00e9voile sa nouvelle collection de cyclisme 2022 \u00e0 Sea Otter Europe | Inverseteams\",\"isPartOf\":{\"@id\":\"https:\\\/\\\/www.inverseteams.com\\\/fr\\\/#website\"},\"primaryImageOfPage\":{\"@id\":\"https:\\\/\\\/www.inverseteams.com\\\/fr\\\/blog\\\/inverse-presenta-su-nueva-coleccion-de-ciclismo-2022-en-la-sea-otter-europe\\\/#primaryimage\"},\"image\":{\"@id\":\"https:\\\/\\\/www.inverseteams.com\\\/fr\\\/blog\\\/inverse-presenta-su-nueva-coleccion-de-ciclismo-2022-en-la-sea-otter-europe\\\/#primaryimage\"},\"thumbnailUrl\":\"https:\\\/\\\/www.inverseteams.com\\\/wp-content\\\/uploads\\\/BLOG_INVERSE_SEA_OTTER_EUROPE_01.jpg\",\"datePublished\":\"2021-09-27T12:07:18+00:00\",\"dateModified\":\"2021-09-30T09:14:31+00:00\",\"description\":\"Le stand d'Inverse au salon Sea Otter Europe a re\u00e7u un grand nombre de visiteurs qui voulaient voir et toucher la nouvelle collection de cyclisme d'hiver 2021-2022 et la nouvelle collection de cyclisme printemps-\u00e9t\u00e9 2022 \u00e0 venir. Les designs et les finitions de la nouvelle collection ont suscit\u00e9 de grandes attentes et de bonnes impressions.\",\"breadcrumb\":{\"@id\":\"https:\\\/\\\/www.inverseteams.com\\\/fr\\\/blog\\\/inverse-presenta-su-nueva-coleccion-de-ciclismo-2022-en-la-sea-otter-europe\\\/#breadcrumb\"},\"inLanguage\":\"fr-FR\",\"potentialAction\":[{\"@type\":\"ReadAction\",\"target\":[\"https:\\\/\\\/www.inverseteams.com\\\/fr\\\/blog\\\/inverse-presenta-su-nueva-coleccion-de-ciclismo-2022-en-la-sea-otter-europe\\\/\"]}]},{\"@type\":\"ImageObject\",\"inLanguage\":\"fr-FR\",\"@id\":\"https:\\\/\\\/www.inverseteams.com\\\/fr\\\/blog\\\/inverse-presenta-su-nueva-coleccion-de-ciclismo-2022-en-la-sea-otter-europe\\\/#primaryimage\",\"url\":\"https:\\\/\\\/www.inverseteams.com\\\/wp-content\\\/uploads\\\/BLOG_INVERSE_SEA_OTTER_EUROPE_01.jpg\",\"contentUrl\":\"https:\\\/\\\/www.inverseteams.com\\\/wp-content\\\/uploads\\\/BLOG_INVERSE_SEA_OTTER_EUROPE_01.jpg\",\"width\":1920,\"height\":1280},{\"@type\":\"BreadcrumbList\",\"@id\":\"https:\\\/\\\/www.inverseteams.com\\\/fr\\\/blog\\\/inverse-presenta-su-nueva-coleccion-de-ciclismo-2022-en-la-sea-otter-europe\\\/#breadcrumb\",\"itemListElement\":[{\"@type\":\"ListItem\",\"position\":1,\"name\":\"Portada\",\"item\":\"https:\\\/\\\/www.inverseteams.com\\\/fr\\\/pagina-principal\\\/\"},{\"@type\":\"ListItem\",\"position\":2,\"name\":\"Inverse d\u00e9voile sa nouvelle collection de cyclisme 2022 \u00e0 Sea Otter Europe\"}]},{\"@type\":\"WebSite\",\"@id\":\"https:\\\/\\\/www.inverseteams.com\\\/fr\\\/#website\",\"url\":\"https:\\\/\\\/www.inverseteams.com\\\/fr\\\/\",\"name\":\"Inverseteams\",\"description\":\"Tu marca de ropa deportiva personalizada\",\"publisher\":{\"@id\":\"https:\\\/\\\/www.inverseteams.com\\\/fr\\\/#organization\"},\"potentialAction\":[{\"@type\":\"SearchAction\",\"target\":{\"@type\":\"EntryPoint\",\"urlTemplate\":\"https:\\\/\\\/www.inverseteams.com\\\/fr\\\/?s={search_term_string}\"},\"query-input\":{\"@type\":\"PropertyValueSpecification\",\"valueRequired\":true,\"valueName\":\"search_term_string\"}}],\"inLanguage\":\"fr-FR\"},{\"@type\":\"Organization\",\"@id\":\"https:\\\/\\\/www.inverseteams.com\\\/fr\\\/#organization\",\"name\":\"Inverse Teams\",\"url\":\"https:\\\/\\\/www.inverseteams.com\\\/fr\\\/\",\"logo\":{\"@type\":\"ImageObject\",\"inLanguage\":\"fr-FR\",\"@id\":\"https:\\\/\\\/www.inverseteams.com\\\/fr\\\/#\\\/schema\\\/logo\\\/image\\\/\",\"url\":\"https:\\\/\\\/www.inverseteams.com\\\/wp-content\\\/uploads\\\/2021\\\/03\\\/logo-inverse-teams.png\",\"contentUrl\":\"https:\\\/\\\/www.inverseteams.com\\\/wp-content\\\/uploads\\\/2021\\\/03\\\/logo-inverse-teams.png\",\"width\":294,\"height\":99,\"caption\":\"Inverse Teams\"},\"image\":{\"@id\":\"https:\\\/\\\/www.inverseteams.com\\\/fr\\\/#\\\/schema\\\/logo\\\/image\\\/\"},\"sameAs\":[\"https:\\\/\\\/www.facebook.com\\\/inverseteams\",\"http:\\\/\\\/instagram.com\\\/inverseteams\",\"https:\\\/\\\/www.linkedin.com\\\/company\\\/inverse-cirosport-s-l-?trk=job_view_topcard_company_name\",\"http:\\\/\\\/www.pinterest.com\\\/inverseteams\\\/\",\"http:\\\/\\\/www.youtube.com\\\/user\\\/inverseteams?feature=watch\"]},{\"@type\":\"Person\",\"@id\":\"https:\\\/\\\/www.inverseteams.com\\\/fr\\\/#\\\/schema\\\/person\\\/8e9cda76b6449aea55a18c6b0f3a15f1\",\"name\":\"xavier\",\"image\":{\"@type\":\"ImageObject\",\"inLanguage\":\"fr-FR\",\"@id\":\"https:\\\/\\\/secure.gravatar.com\\\/avatar\\\/602b199a1f28e97d83ab3a8bcb642260f5afd77cb09704889d85ddd70643cddb?s=96&d=mm&r=g\",\"url\":\"https:\\\/\\\/secure.gravatar.com\\\/avatar\\\/602b199a1f28e97d83ab3a8bcb642260f5afd77cb09704889d85ddd70643cddb?s=96&d=mm&r=g\",\"contentUrl\":\"https:\\\/\\\/secure.gravatar.com\\\/avatar\\\/602b199a1f28e97d83ab3a8bcb642260f5afd77cb09704889d85ddd70643cddb?s=96&d=mm&r=g\",\"caption\":\"xavier\"}}]}<\/script>\n<!-- \/ Yoast SEO plugin. -->","yoast_head_json":{"title":"Inverse d\u00e9voile sa nouvelle collection de cyclisme 2022 \u00e0 Sea Otter Europe | Inverseteams","description":"Le stand d'Inverse au salon Sea Otter Europe a re\u00e7u un grand nombre de visiteurs qui voulaient voir et toucher la nouvelle collection de cyclisme d'hiver 2021-2022 et la nouvelle collection de cyclisme printemps-\u00e9t\u00e9 2022 \u00e0 venir. Les designs et les finitions de la nouvelle collection ont suscit\u00e9 de grandes attentes et de bonnes impressions.","robots":{"index":"index","follow":"follow","max-snippet":"max-snippet:-1","max-image-preview":"max-image-preview:large","max-video-preview":"max-video-preview:-1"},"canonical":"https:\/\/www.inverseteams.com\/fr\/blog\/inverse-presenta-su-nueva-coleccion-de-ciclismo-2022-en-la-sea-otter-europe\/","og_locale":"fr_FR","og_type":"article","og_title":"Inverse d\u00e9voile sa nouvelle collection de cyclisme 2022 \u00e0 Sea Otter Europe | Inverseteams","og_description":"Le stand d'Inverse au salon Sea Otter Europe a re\u00e7u un grand nombre de visiteurs qui voulaient voir et toucher la nouvelle collection de cyclisme d'hiver 2021-2022 et la nouvelle collection de cyclisme printemps-\u00e9t\u00e9 2022 \u00e0 venir. Les designs et les finitions de la nouvelle collection ont suscit\u00e9 de grandes attentes et de bonnes impressions.","og_url":"https:\/\/www.inverseteams.com\/fr\/blog\/inverse-presenta-su-nueva-coleccion-de-ciclismo-2022-en-la-sea-otter-europe\/","og_site_name":"Inverseteams","article_publisher":"https:\/\/www.facebook.com\/inverseteams","article_published_time":"2021-09-27T12:07:18+00:00","article_modified_time":"2021-09-30T09:14:31+00:00","og_image":[{"width":1920,"height":1280,"url":"https:\/\/www.inverseteams.com\/wp-content\/uploads\/BLOG_INVERSE_SEA_OTTER_EUROPE_01.jpg","type":"image\/jpeg"}],"author":"xavier","twitter_card":"summary_large_image","twitter_misc":{"\u00c9crit par":"xavier","Dur\u00e9e de lecture estim\u00e9e":"3 minutes"},"schema":{"@context":"https:\/\/schema.org","@graph":[{"@type":"Article","@id":"https:\/\/www.inverseteams.com\/fr\/blog\/inverse-presenta-su-nueva-coleccion-de-ciclismo-2022-en-la-sea-otter-europe\/#article","isPartOf":{"@id":"https:\/\/www.inverseteams.com\/fr\/blog\/inverse-presenta-su-nueva-coleccion-de-ciclismo-2022-en-la-sea-otter-europe\/"},"author":{"name":"xavier","@id":"https:\/\/www.inverseteams.com\/fr\/#\/schema\/person\/8e9cda76b6449aea55a18c6b0f3a15f1"},"headline":"Inverse d\u00e9voile sa nouvelle collection de cyclisme 2022 \u00e0 Sea Otter Europe","datePublished":"2021-09-27T12:07:18+00:00","dateModified":"2021-09-30T09:14:31+00:00","mainEntityOfPage":{"@id":"https:\/\/www.inverseteams.com\/fr\/blog\/inverse-presenta-su-nueva-coleccion-de-ciclismo-2022-en-la-sea-otter-europe\/"},"wordCount":516,"commentCount":0,"publisher":{"@id":"https:\/\/www.inverseteams.com\/fr\/#organization"},"image":{"@id":"https:\/\/www.inverseteams.com\/fr\/blog\/inverse-presenta-su-nueva-coleccion-de-ciclismo-2022-en-la-sea-otter-europe\/#primaryimage"},"thumbnailUrl":"https:\/\/www.inverseteams.com\/wp-content\/uploads\/BLOG_INVERSE_SEA_OTTER_EUROPE_01.jpg","keywords":["maillot ciclismo invierno","e-mtb sportswear","tenue hiver cyclisme","ciclismo invierno 2021 2022","maillot hiver cyclisme","winter cycling 2021 2022","tenue hiver cyclisme v\u00e9lo","cyclisme hiver 2021 2022","pantal\u00f3n ciclismo invierno","culotte ciclismo invierno","winter cycling things","winter bib shorts","Massi UCI Team","hiver collant","Sea Otter Europe","hiver cuissard","Sea Otter Europe Girona","tenues hiver","Winter Cycling collection 2021 2022","ropa invierno ciclismo","ciclismo","Ciclismo invierno Inverse","tenues cyclisme hiver","inverse","David Valero Sea Otter Europe","winter cycling wear","Cycling","Thomas Griot","btt","Sandra Santanyes","mtb","Selecci\u00f3 Catalana Ciclisme","winter jersey","e-mtb"],"articleSection":["Cyclisme"],"inLanguage":"fr-FR","potentialAction":[{"@type":"CommentAction","name":"Comment","target":["https:\/\/www.inverseteams.com\/fr\/blog\/inverse-presenta-su-nueva-coleccion-de-ciclismo-2022-en-la-sea-otter-europe\/#respond"]}]},{"@type":"WebPage","@id":"https:\/\/www.inverseteams.com\/fr\/blog\/inverse-presenta-su-nueva-coleccion-de-ciclismo-2022-en-la-sea-otter-europe\/","url":"https:\/\/www.inverseteams.com\/fr\/blog\/inverse-presenta-su-nueva-coleccion-de-ciclismo-2022-en-la-sea-otter-europe\/","name":"Inverse d\u00e9voile sa nouvelle collection de cyclisme 2022 \u00e0 Sea Otter Europe | Inverseteams","isPartOf":{"@id":"https:\/\/www.inverseteams.com\/fr\/#website"},"primaryImageOfPage":{"@id":"https:\/\/www.inverseteams.com\/fr\/blog\/inverse-presenta-su-nueva-coleccion-de-ciclismo-2022-en-la-sea-otter-europe\/#primaryimage"},"image":{"@id":"https:\/\/www.inverseteams.com\/fr\/blog\/inverse-presenta-su-nueva-coleccion-de-ciclismo-2022-en-la-sea-otter-europe\/#primaryimage"},"thumbnailUrl":"https:\/\/www.inverseteams.com\/wp-content\/uploads\/BLOG_INVERSE_SEA_OTTER_EUROPE_01.jpg","datePublished":"2021-09-27T12:07:18+00:00","dateModified":"2021-09-30T09:14:31+00:00","description":"Le stand d'Inverse au salon Sea Otter Europe a re\u00e7u un grand nombre de visiteurs qui voulaient voir et toucher la nouvelle collection de cyclisme d'hiver 2021-2022 et la nouvelle collection de cyclisme printemps-\u00e9t\u00e9 2022 \u00e0 venir. Les designs et les finitions de la nouvelle collection ont suscit\u00e9 de grandes attentes et de bonnes impressions.","breadcrumb":{"@id":"https:\/\/www.inverseteams.com\/fr\/blog\/inverse-presenta-su-nueva-coleccion-de-ciclismo-2022-en-la-sea-otter-europe\/#breadcrumb"},"inLanguage":"fr-FR","potentialAction":[{"@type":"ReadAction","target":["https:\/\/www.inverseteams.com\/fr\/blog\/inverse-presenta-su-nueva-coleccion-de-ciclismo-2022-en-la-sea-otter-europe\/"]}]},{"@type":"ImageObject","inLanguage":"fr-FR","@id":"https:\/\/www.inverseteams.com\/fr\/blog\/inverse-presenta-su-nueva-coleccion-de-ciclismo-2022-en-la-sea-otter-europe\/#primaryimage","url":"https:\/\/www.inverseteams.com\/wp-content\/uploads\/BLOG_INVERSE_SEA_OTTER_EUROPE_01.jpg","contentUrl":"https:\/\/www.inverseteams.com\/wp-content\/uploads\/BLOG_INVERSE_SEA_OTTER_EUROPE_01.jpg","width":1920,"height":1280},{"@type":"BreadcrumbList","@id":"https:\/\/www.inverseteams.com\/fr\/blog\/inverse-presenta-su-nueva-coleccion-de-ciclismo-2022-en-la-sea-otter-europe\/#breadcrumb","itemListElement":[{"@type":"ListItem","position":1,"name":"Portada","item":"https:\/\/www.inverseteams.com\/fr\/pagina-principal\/"},{"@type":"ListItem","position":2,"name":"Inverse d\u00e9voile sa nouvelle collection de cyclisme 2022 \u00e0 Sea Otter Europe"}]},{"@type":"WebSite","@id":"https:\/\/www.inverseteams.com\/fr\/#website","url":"https:\/\/www.inverseteams.com\/fr\/","name":"Inverseteams","description":"Tu marca de ropa deportiva personalizada","publisher":{"@id":"https:\/\/www.inverseteams.com\/fr\/#organization"},"potentialAction":[{"@type":"SearchAction","target":{"@type":"EntryPoint","urlTemplate":"https:\/\/www.inverseteams.com\/fr\/?s={search_term_string}"},"query-input":{"@type":"PropertyValueSpecification","valueRequired":true,"valueName":"search_term_string"}}],"inLanguage":"fr-FR"},{"@type":"Organization","@id":"https:\/\/www.inverseteams.com\/fr\/#organization","name":"Inverse Teams","url":"https:\/\/www.inverseteams.com\/fr\/","logo":{"@type":"ImageObject","inLanguage":"fr-FR","@id":"https:\/\/www.inverseteams.com\/fr\/#\/schema\/logo\/image\/","url":"https:\/\/www.inverseteams.com\/wp-content\/uploads\/2021\/03\/logo-inverse-teams.png","contentUrl":"https:\/\/www.inverseteams.com\/wp-content\/uploads\/2021\/03\/logo-inverse-teams.png","width":294,"height":99,"caption":"Inverse Teams"},"image":{"@id":"https:\/\/www.inverseteams.com\/fr\/#\/schema\/logo\/image\/"},"sameAs":["https:\/\/www.facebook.com\/inverseteams","http:\/\/instagram.com\/inverseteams","https:\/\/www.linkedin.com\/company\/inverse-cirosport-s-l-?trk=job_view_topcard_company_name","http:\/\/www.pinterest.com\/inverseteams\/","http:\/\/www.youtube.com\/user\/inverseteams?feature=watch"]},{"@type":"Person","@id":"https:\/\/www.inverseteams.com\/fr\/#\/schema\/person\/8e9cda76b6449aea55a18c6b0f3a15f1","name":"xavier","image":{"@type":"ImageObject","inLanguage":"fr-FR","@id":"https:\/\/secure.gravatar.com\/avatar\/602b199a1f28e97d83ab3a8bcb642260f5afd77cb09704889d85ddd70643cddb?s=96&d=mm&r=g","url":"https:\/\/secure.gravatar.com\/avatar\/602b199a1f28e97d83ab3a8bcb642260f5afd77cb09704889d85ddd70643cddb?s=96&d=mm&r=g","contentUrl":"https:\/\/secure.gravatar.com\/avatar\/602b199a1f28e97d83ab3a8bcb642260f5afd77cb09704889d85ddd70643cddb?s=96&d=mm&r=g","caption":"xavier"}}]}},"_links":{"self":[{"href":"https:\/\/www.inverseteams.com\/fr\/wp-json\/wp\/v2\/posts\/32763","targetHints":{"allow":["GET"]}}],"collection":[{"href":"https:\/\/www.inverseteams.com\/fr\/wp-json\/wp\/v2\/posts"}],"about":[{"href":"https:\/\/www.inverseteams.com\/fr\/wp-json\/wp\/v2\/types\/post"}],"author":[{"embeddable":true,"href":"https:\/\/www.inverseteams.com\/fr\/wp-json\/wp\/v2\/users\/12"}],"replies":[{"embeddable":true,"href":"https:\/\/www.inverseteams.com\/fr\/wp-json\/wp\/v2\/comments?post=32763"}],"version-history":[{"count":0,"href":"https:\/\/www.inverseteams.com\/fr\/wp-json\/wp\/v2\/posts\/32763\/revisions"}],"wp:featuredmedia":[{"embeddable":true,"href":"https:\/\/www.inverseteams.com\/fr\/wp-json\/wp\/v2\/media\/32498"}],"wp:attachment":[{"href":"https:\/\/www.inverseteams.com\/fr\/wp-json\/wp\/v2\/media?parent=32763"}],"wp:term":[{"taxonomy":"category","embeddable":true,"href":"https:\/\/www.inverseteams.com\/fr\/wp-json\/wp\/v2\/categories?post=32763"},{"taxonomy":"post_tag","embeddable":true,"href":"https:\/\/www.inverseteams.com\/fr\/wp-json\/wp\/v2\/tags?post=32763"}],"curies":[{"name":"wp","href":"https:\/\/api.w.org\/{rel}","templated":true}]}}