{"id":279946,"date":"2026-03-13T11:10:45","date_gmt":"2026-03-13T10:10:45","guid":{"rendered":"https:\/\/www.inverseteams.com\/blog\/massi-mtb-racing-team-2026-una-alianza-imbatible-con-inverse-y-un-nuevo-rugido-en-rojo\/"},"modified":"2026-03-13T12:39:53","modified_gmt":"2026-03-13T11:39:53","slug":"massi-mtb-racing-team-2026-una-alianza-imbatible-con-inverse-y-un-nuevo-rugido-en-rojo","status":"publish","type":"post","link":"https:\/\/www.inverseteams.com\/fr\/blog\/massi-mtb-racing-team-2026-una-alianza-imbatible-con-inverse-y-un-nuevo-rugido-en-rojo\/","title":{"rendered":"Massi MTB Racing Team 2026 : une alliance imbattable avec Inverse et un nouveau rugissement en rouge"},"content":{"rendered":"\n<figure class=\"wp-block-image size-large\"><img loading=\"lazy\" decoding=\"async\" width=\"1024\" height=\"683\" src=\"https:\/\/www.inverseteams.com\/wp-content\/uploads\/INVERSE-EQUIPO-CICLISMO-BTT-MASSI-2026-001-1024x683.jpg\" alt=\"\" class=\"wp-image-279898\" srcset=\"https:\/\/www.inverseteams.com\/wp-content\/uploads\/INVERSE-EQUIPO-CICLISMO-BTT-MASSI-2026-001-1024x683.jpg 1024w, https:\/\/www.inverseteams.com\/wp-content\/uploads\/INVERSE-EQUIPO-CICLISMO-BTT-MASSI-2026-001-300x200.jpg 300w, https:\/\/www.inverseteams.com\/wp-content\/uploads\/INVERSE-EQUIPO-CICLISMO-BTT-MASSI-2026-001-768x512.jpg 768w, https:\/\/www.inverseteams.com\/wp-content\/uploads\/INVERSE-EQUIPO-CICLISMO-BTT-MASSI-2026-001-1536x1024.jpg 1536w, https:\/\/www.inverseteams.com\/wp-content\/uploads\/INVERSE-EQUIPO-CICLISMO-BTT-MASSI-2026-001-420x280.jpg 420w, https:\/\/www.inverseteams.com\/wp-content\/uploads\/INVERSE-EQUIPO-CICLISMO-BTT-MASSI-2026-001-64x43.jpg 64w, https:\/\/www.inverseteams.com\/wp-content\/uploads\/INVERSE-EQUIPO-CICLISMO-BTT-MASSI-2026-001.jpg 1920w\" sizes=\"auto, (max-width: 1024px) 100vw, 1024px\" \/><\/figure>\n\n\n<div class=\"wrapper-heading\">\n<h2 class=\"wp-block-heading\">Le monde du VTT international se pr\u00e9pare \u00e0 une saison passionnante. Apr\u00e8s des ann\u00e9es de succ\u00e8s partag\u00e9s, l\u2019union entre Massi et Inverse se renforce en 2026 avec une \u00e9quipe renouvel\u00e9e, des objectifs ambitieux et une nouvelle peau qui rend hommage \u00e0 l\u2019identit\u00e9 la plus pure de la marque historique de v\u00e9los : son rouge embl\u00e9matique.<\/h2>\n<\/div>\n\n<div class=\"wrapper-heading\">\n<h3 class=\"wp-block-heading\">Dans cet article, nous explorons le nouvel effectif du Massi MTB Racing Team, les innovations de son \u00e9quipement technique et les raisons pour lesquelles cette alliance reste une r\u00e9f\u00e9rence sur le circuit UCI de Cross-Country.<\/h3>\n<\/div>\n\n\n<figure class=\"wp-block-embed is-type-video is-provider-youtube wp-block-embed-youtube wp-embed-aspect-16-9 wp-has-aspect-ratio\"><div class=\"wp-block-embed__wrapper\">\n<iframe loading=\"lazy\" title=\"Massi MTB Racing Team 2026\" width=\"640\" height=\"360\" src=\"https:\/\/www.youtube.com\/embed\/xP7GvX9xwWQ?feature=oembed&#038;enablejsapi=1&#038;origin=https:\/\/www.inverseteams.com\" frameborder=\"0\" allow=\"accelerometer; autoplay; clipboard-write; encrypted-media; gyroscope; picture-in-picture; web-share\" referrerpolicy=\"strict-origin-when-cross-origin\" allowfullscreen><\/iframe>\n<\/div><\/figure>\n\n\n\n<figure class=\"wp-block-image size-large\"><img loading=\"lazy\" decoding=\"async\" width=\"1024\" height=\"683\" src=\"https:\/\/www.inverseteams.com\/wp-content\/uploads\/INVERSE-EQUIPO-CICLISMO-BTT-MASSI-2026-002-1024x683.jpg\" alt=\"\" class=\"wp-image-279903\" srcset=\"https:\/\/www.inverseteams.com\/wp-content\/uploads\/INVERSE-EQUIPO-CICLISMO-BTT-MASSI-2026-002-1024x683.jpg 1024w, https:\/\/www.inverseteams.com\/wp-content\/uploads\/INVERSE-EQUIPO-CICLISMO-BTT-MASSI-2026-002-300x200.jpg 300w, https:\/\/www.inverseteams.com\/wp-content\/uploads\/INVERSE-EQUIPO-CICLISMO-BTT-MASSI-2026-002-768x512.jpg 768w, https:\/\/www.inverseteams.com\/wp-content\/uploads\/INVERSE-EQUIPO-CICLISMO-BTT-MASSI-2026-002-1536x1024.jpg 1536w, https:\/\/www.inverseteams.com\/wp-content\/uploads\/INVERSE-EQUIPO-CICLISMO-BTT-MASSI-2026-002-420x280.jpg 420w, https:\/\/www.inverseteams.com\/wp-content\/uploads\/INVERSE-EQUIPO-CICLISMO-BTT-MASSI-2026-002-64x43.jpg 64w, https:\/\/www.inverseteams.com\/wp-content\/uploads\/INVERSE-EQUIPO-CICLISMO-BTT-MASSI-2026-002.jpg 1920w\" sizes=\"auto, (max-width: 1024px) 100vw, 1024px\" \/><\/figure>\n\n\n<div class=\"wrapper-heading\">\n<h3 class=\"wp-block-heading\"><strong>Une nouvelle esth\u00e9tique : la puissance du rouge Massi<\/strong><\/h3>\n<\/div>\n\n\n<p>Ce qui frappe imm\u00e9diatement cette ann\u00e9e, c\u2019est l\u2019impact visuel de l\u2019\u00e9quipe. <strong><a href=\"https:\/\/www.inverseteams.com\/fr\/vetements-de-cyclisme-personnalises-en-4-semaines\/\" type=\"link\" id=\"https:\/\/www.inverseteams.com\/fr\/custom-cycling-clothing-in-4-weeks\/\">La nouvelle tenue con\u00e7ue par Inverse<\/a><\/strong> franchit un cap en mati\u00e8re de design en int\u00e9grant avec force le <strong>rouge corporate de <a href=\"https:\/\/www.massi.bike\/fr\/\" type=\"link\" id=\"https:\/\/www.massi.bike\/fr\/\">Massi<\/a><\/strong>.<\/p>\n\n\n\n<p>Ce changement n\u2019est pas seulement esth\u00e9tique ; il repr\u00e9sente la passion, le dynamisme et l\u2019agressivit\u00e9 comp\u00e9titive qui caract\u00e9risent la marque. <strong>Associ\u00e9e aux d\u00e9tails techniques haut de gamme d\u2019Inverse, cette tenue garantit aux coureurs une a\u00e9rodynamique et une respirabilit\u00e9 optimales en course.<\/strong><\/p>\n\n\n\n<figure class=\"wp-block-image size-large\"><img loading=\"lazy\" decoding=\"async\" width=\"1024\" height=\"683\" src=\"https:\/\/www.inverseteams.com\/wp-content\/uploads\/INVERSE-EQUIPO-CICLISMO-BTT-MASSI-2026-003-1024x683.jpg\" alt=\"\" class=\"wp-image-279908\" srcset=\"https:\/\/www.inverseteams.com\/wp-content\/uploads\/INVERSE-EQUIPO-CICLISMO-BTT-MASSI-2026-003-1024x683.jpg 1024w, https:\/\/www.inverseteams.com\/wp-content\/uploads\/INVERSE-EQUIPO-CICLISMO-BTT-MASSI-2026-003-300x200.jpg 300w, https:\/\/www.inverseteams.com\/wp-content\/uploads\/INVERSE-EQUIPO-CICLISMO-BTT-MASSI-2026-003-768x512.jpg 768w, https:\/\/www.inverseteams.com\/wp-content\/uploads\/INVERSE-EQUIPO-CICLISMO-BTT-MASSI-2026-003-1536x1024.jpg 1536w, https:\/\/www.inverseteams.com\/wp-content\/uploads\/INVERSE-EQUIPO-CICLISMO-BTT-MASSI-2026-003-420x280.jpg 420w, https:\/\/www.inverseteams.com\/wp-content\/uploads\/INVERSE-EQUIPO-CICLISMO-BTT-MASSI-2026-003-64x43.jpg 64w, https:\/\/www.inverseteams.com\/wp-content\/uploads\/INVERSE-EQUIPO-CICLISMO-BTT-MASSI-2026-003.jpg 1920w\" sizes=\"auto, (max-width: 1024px) 100vw, 1024px\" \/><\/figure>\n\n\n<div class=\"wrapper-heading\">\n<h3 class=\"wp-block-heading\"><strong>Le \u201cDream Team\u201d 2026 : talent, jeunesse et exp\u00e9rience<\/strong><\/h3>\n<\/div>\n\n\n<p>L\u2019effectif du Massi MTB Racing Team pour cette saison est l\u2019un des plus \u00e9quilibr\u00e9s et puissants de son histoire, combinant des figures \u00e9tablies de la Coupe du Monde avec les jeunes talents les plus prometteurs de la sc\u00e8ne internationale.<\/p>\n\n\n<div class=\"wrapper-heading\">\n<h4 class=\"wp-block-heading\"><strong>\u00c9quipe \u00c9lite Masculine<\/strong><\/h4>\n<\/div>\n\n\n<ul class=\"wp-block-list\">\n<li><strong>Gerardo Ulloa<\/strong> (28 ans) : La star mexicaine arrive avec un palmar\u00e8s impressionnant, comprenant une victoire en Coupe du monde, 8 titres continentaux et 11 titres nationaux. Il sera le fer de lance des comp\u00e9titions en Am\u00e9rique et des World Series.<\/li>\n\n\n\n<li><strong>Antoine Philipp<\/strong> (27 ans) : Le Fran\u00e7ais, fort de 6 podiums en Coupe du monde, poss\u00e8de la r\u00e9gularit\u00e9 et la technique n\u00e9cessaires pour briller sur les circuits europ\u00e9ens les plus exigeants.<\/li>\n\n\n\n<li><strong>Mats Tubaas Glende<\/strong> (25 ans) : Le Norv\u00e9gien poursuit sa progression fulgurante, comme en t\u00e9moignent ses 2 podiums en Coupe du monde et sa domination sur les championnats nationaux espagnols.<\/li>\n\n\n\n<li><strong>Jaume Bosch<\/strong> (24 ans) : Ce jeune talent national, d\u00e9j\u00e0 champion d&rsquo;Espagne (XCE), ambitionne de s&rsquo;imposer dans la cat\u00e9gorie \u00c9lite internationale.<\/li>\n<\/ul>\n\n\n\n<figure class=\"wp-block-image size-large\"><img loading=\"lazy\" decoding=\"async\" width=\"1024\" height=\"683\" src=\"https:\/\/www.inverseteams.com\/wp-content\/uploads\/INVERSE-EQUIPO-CICLISMO-BTT-MASSI-2026-004-1024x683.jpg\" alt=\"\" class=\"wp-image-279913\" srcset=\"https:\/\/www.inverseteams.com\/wp-content\/uploads\/INVERSE-EQUIPO-CICLISMO-BTT-MASSI-2026-004-1024x683.jpg 1024w, https:\/\/www.inverseteams.com\/wp-content\/uploads\/INVERSE-EQUIPO-CICLISMO-BTT-MASSI-2026-004-300x200.jpg 300w, https:\/\/www.inverseteams.com\/wp-content\/uploads\/INVERSE-EQUIPO-CICLISMO-BTT-MASSI-2026-004-768x512.jpg 768w, https:\/\/www.inverseteams.com\/wp-content\/uploads\/INVERSE-EQUIPO-CICLISMO-BTT-MASSI-2026-004-1536x1024.jpg 1536w, https:\/\/www.inverseteams.com\/wp-content\/uploads\/INVERSE-EQUIPO-CICLISMO-BTT-MASSI-2026-004-420x280.jpg 420w, https:\/\/www.inverseteams.com\/wp-content\/uploads\/INVERSE-EQUIPO-CICLISMO-BTT-MASSI-2026-004-64x43.jpg 64w, https:\/\/www.inverseteams.com\/wp-content\/uploads\/INVERSE-EQUIPO-CICLISMO-BTT-MASSI-2026-004.jpg 1920w\" sizes=\"auto, (max-width: 1024px) 100vw, 1024px\" \/><\/figure>\n\n\n<div class=\"wrapper-heading\">\n<h4 class=\"wp-block-heading\"><strong>\u00c9quipe \u00c9lite F\u00e9minine<\/strong><\/h4>\n<\/div>\n\n\n<ul class=\"wp-block-list\">\n<li><strong>Yana Belomoina<\/strong> (32 ans) : Une v\u00e9ritable l\u00e9gende du VTT mondial. L&rsquo;Ukrainienne domine l&rsquo;\u00e9quipe f\u00e9minine avec 10 victoires en Coupe du monde et 34 podiums, en plus d&rsquo;\u00eatre plusieurs fois championne continentale et nationale.<\/li>\n\n\n\n<li><strong>Monserrath Rodr\u00edguez<\/strong> (26 ans) : Le champion continental en titre apporte une \u00e9nergie nouvelle et des r\u00e9sultats constants sur les circuits am\u00e9ricain et europ\u00e9en.<\/li>\n\n\n\n<li><strong>N\u00faria Bosch<\/strong> (26 ans) : Joueuse cl\u00e9 de l&rsquo;\u00e9quipe nationale, elle compte un titre national \u00e0 son actif et une pr\u00e9sence r\u00e9guli\u00e8re sur le podium de la Coupe d&rsquo;Espagne et de la Coupe de Catalogne.<\/li>\n<\/ul>\n\n\n\n<figure class=\"wp-block-image size-large\"><img loading=\"lazy\" decoding=\"async\" width=\"1024\" height=\"683\" src=\"https:\/\/www.inverseteams.com\/wp-content\/uploads\/INVERSE-EQUIPO-CICLISMO-BTT-MASSI-2026-005-1024x683.jpg\" alt=\"\" class=\"wp-image-279918\" srcset=\"https:\/\/www.inverseteams.com\/wp-content\/uploads\/INVERSE-EQUIPO-CICLISMO-BTT-MASSI-2026-005-1024x683.jpg 1024w, https:\/\/www.inverseteams.com\/wp-content\/uploads\/INVERSE-EQUIPO-CICLISMO-BTT-MASSI-2026-005-300x200.jpg 300w, https:\/\/www.inverseteams.com\/wp-content\/uploads\/INVERSE-EQUIPO-CICLISMO-BTT-MASSI-2026-005-768x512.jpg 768w, https:\/\/www.inverseteams.com\/wp-content\/uploads\/INVERSE-EQUIPO-CICLISMO-BTT-MASSI-2026-005-1536x1024.jpg 1536w, https:\/\/www.inverseteams.com\/wp-content\/uploads\/INVERSE-EQUIPO-CICLISMO-BTT-MASSI-2026-005-420x280.jpg 420w, https:\/\/www.inverseteams.com\/wp-content\/uploads\/INVERSE-EQUIPO-CICLISMO-BTT-MASSI-2026-005-64x43.jpg 64w, https:\/\/www.inverseteams.com\/wp-content\/uploads\/INVERSE-EQUIPO-CICLISMO-BTT-MASSI-2026-005.jpg 1920w\" sizes=\"auto, (max-width: 1024px) 100vw, 1024px\" \/><\/figure>\n\n\n<div class=\"wrapper-heading\">\n<h4 class=\"wp-block-heading\"><strong>Les espoirs U23<\/strong><\/h4>\n<\/div>\n\n\n<p>L&rsquo;avenir s&rsquo;annonce prometteur avec deux noms qui font d\u00e9j\u00e0 sensation chez les Espoirs&nbsp;:<\/p>\n\n\n\n<p>\u00b7 <strong>Nathan Cornillon<\/strong> (21 ans)\u00a0: Habitu\u00e9 des podiums en Coupe de France, il a \u00e9galement r\u00e9alis\u00e9 une belle performance en Coupe du monde de Haute-Savoie.<\/p>\n\n\n\n<p>\u00b7 <strong>Marta Cano<\/strong> (20 ans)\u00a0: Avec deux podiums en Coupe du monde et cinq titres nationaux \u00e0 son actif, Marta est l&rsquo;une des cyclistes les plus prometteuses de l&rsquo;\u00e9quipe. Malgr\u00e9 son jeune \u00e2ge, elle excelle d\u00e9j\u00e0 en comp\u00e9titions \u00c9lite.<\/p>\n\n\n\n<figure class=\"wp-block-image size-large\"><img loading=\"lazy\" decoding=\"async\" width=\"1024\" height=\"683\" src=\"https:\/\/www.inverseteams.com\/wp-content\/uploads\/INVERSE-EQUIPO-CICLISMO-BTT-MASSI-2026-006-1024x683.jpg\" alt=\"\" class=\"wp-image-279923\" srcset=\"https:\/\/www.inverseteams.com\/wp-content\/uploads\/INVERSE-EQUIPO-CICLISMO-BTT-MASSI-2026-006-1024x683.jpg 1024w, https:\/\/www.inverseteams.com\/wp-content\/uploads\/INVERSE-EQUIPO-CICLISMO-BTT-MASSI-2026-006-300x200.jpg 300w, https:\/\/www.inverseteams.com\/wp-content\/uploads\/INVERSE-EQUIPO-CICLISMO-BTT-MASSI-2026-006-768x512.jpg 768w, https:\/\/www.inverseteams.com\/wp-content\/uploads\/INVERSE-EQUIPO-CICLISMO-BTT-MASSI-2026-006-1536x1024.jpg 1536w, https:\/\/www.inverseteams.com\/wp-content\/uploads\/INVERSE-EQUIPO-CICLISMO-BTT-MASSI-2026-006-420x280.jpg 420w, https:\/\/www.inverseteams.com\/wp-content\/uploads\/INVERSE-EQUIPO-CICLISMO-BTT-MASSI-2026-006-64x43.jpg 64w, https:\/\/www.inverseteams.com\/wp-content\/uploads\/INVERSE-EQUIPO-CICLISMO-BTT-MASSI-2026-006.jpg 1920w\" sizes=\"auto, (max-width: 1024px) 100vw, 1024px\" \/><\/figure>\n\n\n<div class=\"wrapper-heading\">\n<h3 class=\"wp-block-heading\"><strong>Inverse et Massi : la technologie au service de la performance<\/strong><\/h3>\n<\/div>\n\n\n<p>Pour r\u00e9ussir dans des disciplines aussi exigeantes que le XCO et le XCC, <strong><a href=\"https:\/\/www.inverseteams.com\/fr\/vetements-de-cyclisme-personnalises-en-4-semaines\/\" type=\"link\" id=\"https:\/\/www.inverseteams.com\/fr\/custom-cycling-clothing-in-4-weeks\/\">l\u2019\u00e9quipement technique joue un r\u00f4le essentiel<\/a><\/strong>. Inverse a d\u00e9velopp\u00e9 pour l\u2019\u00e9quipe 2026 des v\u00eatements utilisant des tissus de derni\u00e8re g\u00e9n\u00e9ration optimis\u00e9s pour des conditions d\u2019intensit\u00e9 maximale.<\/p>\n\n\n\n<p><strong>Ce nouveau maillot se distingue non seulement par sa couleur rouge \u00e9clatante<\/strong>, mais aussi par sa coupe ergonomique qui permet une totale libert\u00e9 de mouvement, un atout essentiel pour affronter les descentes techniques ou les ascensions explosives sur des circuits comme ceux de la <strong>Coupe du monde UCI de VTT.<\/strong><\/p>\n\n\n\n<figure class=\"wp-block-image size-large\"><img loading=\"lazy\" decoding=\"async\" width=\"1024\" height=\"683\" src=\"https:\/\/www.inverseteams.com\/wp-content\/uploads\/INVERSE-EQUIPO-CICLISMO-BTT-MASSI-2026-007-1024x683.jpg\" alt=\"\" class=\"wp-image-279928\" srcset=\"https:\/\/www.inverseteams.com\/wp-content\/uploads\/INVERSE-EQUIPO-CICLISMO-BTT-MASSI-2026-007-1024x683.jpg 1024w, https:\/\/www.inverseteams.com\/wp-content\/uploads\/INVERSE-EQUIPO-CICLISMO-BTT-MASSI-2026-007-300x200.jpg 300w, https:\/\/www.inverseteams.com\/wp-content\/uploads\/INVERSE-EQUIPO-CICLISMO-BTT-MASSI-2026-007-768x512.jpg 768w, https:\/\/www.inverseteams.com\/wp-content\/uploads\/INVERSE-EQUIPO-CICLISMO-BTT-MASSI-2026-007-1536x1024.jpg 1536w, https:\/\/www.inverseteams.com\/wp-content\/uploads\/INVERSE-EQUIPO-CICLISMO-BTT-MASSI-2026-007-420x280.jpg 420w, https:\/\/www.inverseteams.com\/wp-content\/uploads\/INVERSE-EQUIPO-CICLISMO-BTT-MASSI-2026-007-64x43.jpg 64w, https:\/\/www.inverseteams.com\/wp-content\/uploads\/INVERSE-EQUIPO-CICLISMO-BTT-MASSI-2026-007.jpg 1920w\" sizes=\"auto, (max-width: 1024px) 100vw, 1024px\" \/><\/figure>\n\n\n<div class=\"wrapper-heading\">\n<h3 class=\"wp-block-heading\"><strong>Une alliance gagnante<\/strong><\/h3>\n<\/div>\n\n\n<p><strong>Le Massi MTB Racing Team 2026<\/strong> n\u2019est pas seulement une \u00e9quipe : c\u2019est une v\u00e9ritable d\u00e9claration d\u2019intention. Gr\u00e2ce au soutien d\u2019Inverse, l\u2019\u00e9quipe incarne une alliance gagnante qui unit la tradition solide de la marque catalane Massi \u00e0 l\u2019innovation textile d\u00e9velopp\u00e9e par Inverse.<\/p>\n\n\n\n<p><strong>Cette saison, le rouge devient le symbole du succ\u00e8s sur chaque sentier et dans chaque comp\u00e9tition.<\/strong><\/p>\n\n\n\n<div class=\"wp-block-buttons is-layout-flex wp-block-buttons-is-layout-flex\">\n<div class=\"wp-block-button\"><a class=\"wp-block-button__link wp-element-button\" href=\"https:\/\/www.inverseteams.com\/fr\/vetements-de-cyclisme-personnalises-en-4-semaines\/\"><strong>Custom Cycling<\/strong><\/a><\/div>\n<\/div>\n\n\n\n<p><\/p>\n","protected":false},"excerpt":{"rendered":"<p>Le monde du VTT international se pr\u00e9pare \u00e0 une saison passionnante. Apr\u00e8s des ann\u00e9es de succ\u00e8s partag\u00e9s, l\u2019union entre Massi et Inverse se renforce en 2026 avec une \u00e9quipe renouvel\u00e9e, des objectifs ambitieux et une nouvelle peau qui rend hommage \u00e0 l\u2019identit\u00e9 la plus pure de la marque historique de v\u00e9los : son rouge embl\u00e9matique. [&hellip;]<\/p>\n","protected":false},"author":12,"featured_media":279901,"comment_status":"open","ping_status":"open","sticky":false,"template":"","format":"standard","meta":{"_acf_changed":false,"mc4wp_mailchimp_campaign":[],"footnotes":""},"categories":[188],"tags":[19340,22917,22933,22949,22965,19345,22918,22934,22950,22966,19352,22919,22935,22951,22967,19374,22920,22936,22952,22968,21050,22921,22937,22953,22969,21051,22922,22938,22954,22970,21066,22923,22939,22955,22971,21069,22924,22940,22956,22972,7803,21076,22925,22941,22957,22973,7805,22437,22926,22942,22958,22974,7806,22446,22927,22943,22959,22975,9819,22450,22928,22944,22960,10022,22497,22929,22945,22961,17026,22721,22930,22946,22962,17156,22724,22931,22947,22963,19248,22916,22932,22948,22964],"class_list":["post-279946","post","type-post","status-publish","format-standard","has-post-thumbnail","hentry","category-cyclisme","tag-roba-tecnica-ciclisme-fr","tag-ciclismo-de-montana","tag-equip-massi-2026","tag-massi-bikes-racing-team","tag-professional-mtb-team","tag-ropa-tecnica-ciclismo-fr","tag-ciclismo-profesional","tag-equip-mtb-internacional","tag-massi-bikes-team","tag-professionelles-mtb-team","tag-technische-radbekleidung-fr","tag-competicio-mtb","tag-equip-mtb-massi","tag-massi-mtb-racing-team","tag-riders-mtb","tag-vetements-techniques-cyclisme-fr","tag-competicion-mtb","tag-equip-professional-mtb","tag-mountain-bike-athletes","tag-technical-cycling-apparel","tag-inverse-cycling-apparel","tag-competition-vtt","tag-equipacio-mtb","tag-mountain-bike-racing","tag-uci-mtb-world-cup","tag-inverse-radsportbekleidung","tag-copa-del-mon-mtb","tag-equipacion-mtb","tag-mountainbike-athleten","tag-xcc-short-track","tag-roba-ciclisme-inverse","tag-copa-del-mundo-mtb","tag-equipe-massi-2026","tag-mountainbike-rennen","tag-xcc-short-track-vtt","tag-ropa-ciclismo-inverse","tag-coupe-du-monde-vtt","tag-equipe-mtb-massi","tag-mtb-competition-team","tag-xco-mountain-bike","tag-inverse-ciclismo-2-fr","tag-vetements-cyclisme-inverse","tag-coureurs-vtt","tag-equipe-professionnelle-vtt","tag-mtb-race-clothing","tag-xco-mountain-bike-racing","tag-ropa-ciclismo-personalizada-fr","tag-custom-cycling-kit","tag-cross-country-mountain-bike","tag-equipe-vtt-internationale","tag-mtb-racing-apparel","tag-xco-mountainbike-rennen","tag-roba-ciclisme-personalitzada-fr","tag-equipacio-ciclisme-personalitzada","tag-cross-country-mountainbike","tag-equipement-vtt-competition","tag-mtb-racing-team","tag-xco-vtt","tag-inverse-ciclisme-2-fr","tag-equipacion-ciclismo-personalizada","tag-cross-country-mtb","tag-equipement-vtt-racing","tag-mtb-rennteam","tag-massi-mtb-team-fr","tag-tenue-cyclisme-personnalisee","tag-cross-country-vtt","tag-equipo-massi-2026","tag-mtb-weltcup","tag-custom-cycling-clothing-fr","tag-mtb-rennbekleidung","tag-cyclisme-tout-terrain-2","tag-equipo-mtb-internacional","tag-mtb-wettkampfteam","tag-vetements-cyclisme-personnalises-fr","tag-personalisierte-radsportbekleidung","tag-elite-mtb-fahrer","tag-equipo-mtb-massi","tag-mtb-world-cup","tag-ciclisme-de-muntanya-fr","tag-ciclisme-professional","tag-elite-mtb-riders","tag-equipo-profesional-mtb","tag-personalisierte-radtrikots"],"acf":[],"yoast_head":"<!-- This site is optimized with the Yoast SEO plugin v27.3 - https:\/\/yoast.com\/product\/yoast-seo-wordpress\/ -->\n<title>Massi MTB Racing Team 2026 : une alliance imbattable avec Inverse et un nouveau rugissement en rouge | Inverseteams<\/title>\n<meta name=\"description\" content=\"Le monde du VTT international se pr\u00e9pare \u00e0 une saison passionnante. Apr\u00e8s des ann\u00e9es de succ\u00e8s partag\u00e9s, l\u2019union entre Massi et Inverse se renforce en 2026 avec une \u00e9quipe renouvel\u00e9e, des objectifs ambitieux et une nouvelle peau qui rend hommage \u00e0 l\u2019identit\u00e9 la plus pure de la marque historique de v\u00e9los : son rouge embl\u00e9matique.\" \/>\n<meta name=\"robots\" content=\"index, follow, max-snippet:-1, max-image-preview:large, max-video-preview:-1\" \/>\n<link rel=\"canonical\" href=\"https:\/\/www.inverseteams.com\/fr\/blog\/massi-mtb-racing-team-2026-una-alianza-imbatible-con-inverse-y-un-nuevo-rugido-en-rojo\/\" \/>\n<meta property=\"og:locale\" content=\"fr_FR\" \/>\n<meta property=\"og:type\" content=\"article\" \/>\n<meta property=\"og:title\" content=\"Massi MTB Racing Team 2026 : une alliance imbattable avec Inverse et un nouveau rugissement en rouge | Inverseteams\" \/>\n<meta property=\"og:description\" content=\"Le monde du VTT international se pr\u00e9pare \u00e0 une saison passionnante. Apr\u00e8s des ann\u00e9es de succ\u00e8s partag\u00e9s, l\u2019union entre Massi et Inverse se renforce en 2026 avec une \u00e9quipe renouvel\u00e9e, des objectifs ambitieux et une nouvelle peau qui rend hommage \u00e0 l\u2019identit\u00e9 la plus pure de la marque historique de v\u00e9los : son rouge embl\u00e9matique.\" \/>\n<meta property=\"og:url\" content=\"https:\/\/www.inverseteams.com\/fr\/blog\/massi-mtb-racing-team-2026-una-alianza-imbatible-con-inverse-y-un-nuevo-rugido-en-rojo\/\" \/>\n<meta property=\"og:site_name\" content=\"Inverseteams\" \/>\n<meta property=\"article:publisher\" content=\"https:\/\/www.facebook.com\/inverseteams\" \/>\n<meta property=\"article:published_time\" content=\"2026-03-13T10:10:45+00:00\" \/>\n<meta property=\"article:modified_time\" content=\"2026-03-13T11:39:53+00:00\" \/>\n<meta property=\"og:image\" content=\"https:\/\/www.inverseteams.com\/wp-content\/uploads\/INVERSE-EQUIPO-CICLISMO-BTT-MASSI-2026-001.jpg\" \/>\n\t<meta property=\"og:image:width\" content=\"1920\" \/>\n\t<meta property=\"og:image:height\" content=\"1280\" \/>\n\t<meta property=\"og:image:type\" content=\"image\/jpeg\" \/>\n<meta name=\"author\" content=\"xavier\" \/>\n<meta name=\"twitter:card\" content=\"summary_large_image\" \/>\n<meta name=\"twitter:label1\" content=\"\u00c9crit par\" \/>\n\t<meta name=\"twitter:data1\" content=\"xavier\" \/>\n\t<meta name=\"twitter:label2\" content=\"Dur\u00e9e de lecture estim\u00e9e\" \/>\n\t<meta name=\"twitter:data2\" content=\"5 minutes\" \/>\n<script type=\"application\/ld+json\" class=\"yoast-schema-graph\">{\"@context\":\"https:\\\/\\\/schema.org\",\"@graph\":[{\"@type\":\"Article\",\"@id\":\"https:\\\/\\\/www.inverseteams.com\\\/fr\\\/blog\\\/massi-mtb-racing-team-2026-una-alianza-imbatible-con-inverse-y-un-nuevo-rugido-en-rojo\\\/#article\",\"isPartOf\":{\"@id\":\"https:\\\/\\\/www.inverseteams.com\\\/fr\\\/blog\\\/massi-mtb-racing-team-2026-una-alianza-imbatible-con-inverse-y-un-nuevo-rugido-en-rojo\\\/\"},\"author\":{\"name\":\"xavier\",\"@id\":\"https:\\\/\\\/www.inverseteams.com\\\/fr\\\/#\\\/schema\\\/person\\\/8e9cda76b6449aea55a18c6b0f3a15f1\"},\"headline\":\"Massi MTB Racing Team 2026 : une alliance imbattable avec Inverse et un nouveau rugissement en rouge\",\"datePublished\":\"2026-03-13T10:10:45+00:00\",\"dateModified\":\"2026-03-13T11:39:53+00:00\",\"mainEntityOfPage\":{\"@id\":\"https:\\\/\\\/www.inverseteams.com\\\/fr\\\/blog\\\/massi-mtb-racing-team-2026-una-alianza-imbatible-con-inverse-y-un-nuevo-rugido-en-rojo\\\/\"},\"wordCount\":771,\"commentCount\":0,\"publisher\":{\"@id\":\"https:\\\/\\\/www.inverseteams.com\\\/fr\\\/#organization\"},\"image\":{\"@id\":\"https:\\\/\\\/www.inverseteams.com\\\/fr\\\/blog\\\/massi-mtb-racing-team-2026-una-alianza-imbatible-con-inverse-y-un-nuevo-rugido-en-rojo\\\/#primaryimage\"},\"thumbnailUrl\":\"https:\\\/\\\/www.inverseteams.com\\\/wp-content\\\/uploads\\\/INVERSE-EQUIPO-CICLISMO-BTT-MASSI-2026-001.jpg\",\"keywords\":[\"roba t\u00e8cnica ciclisme\",\"ciclismo de monta\u00f1a\",\"equip Massi 2026\",\"Massi bikes racing team\",\"professional MTB team\",\"ropa t\u00e9cnica ciclismo\",\"ciclismo profesional\",\"equip MTB internacional\",\"Massi Bikes Team\",\"professionelles MTB Team\",\"technische Radbekleidung\",\"competici\u00f3 MTB\",\"equip MTB Massi\",\"Massi MTB Racing Team\",\"riders MTB\",\"v\u00eatements techniques cyclisme\",\"competici\u00f3n MTB\",\"equip professional MTB\",\"mountain bike athletes\",\"technical cycling apparel\",\"Inverse Cycling Apparel\",\"comp\u00e9tition VTT\",\"equipaci\u00f3 MTB\",\"mountain bike racing\",\"UCI MTB World Cup\",\"Inverse Radsportbekleidung\",\"Copa del M\u00f3n MTB\",\"equipaci\u00f3n MTB\",\"Mountainbike Athleten\",\"XCC short track\",\"Roba Ciclisme Inverse\",\"Copa del Mundo MTB\",\"\u00e9quipe Massi 2026\",\"Mountainbike Rennen\",\"XCC short track VTT\",\"Ropa Ciclismo Inverse\",\"Coupe du Monde VTT\",\"\u00e9quipe MTB Massi\",\"MTB competition team\",\"XCO mountain bike\",\"inverse ciclismo\",\"V\u00eatements Cyclisme Inverse\",\"coureurs VTT\",\"\u00e9quipe professionnelle VTT\",\"MTB race clothing\",\"XCO mountain bike racing\",\"ropa ciclismo personalizada\",\"custom cycling kit\",\"cross country mountain bike\",\"\u00e9quipe VTT internationale\",\"MTB racing apparel\",\"XCO Mountainbike Rennen\",\"roba ciclisme personalitzada\",\"equipaci\u00f3 ciclisme personalitzada\",\"Cross Country Mountainbike\",\"\u00e9quipement VTT comp\u00e9tition\",\"MTB racing team\",\"XCO VTT\",\"inverse ciclisme\",\"equipaci\u00f3n ciclismo personalizada\",\"Cross Country MTB\",\"\u00e9quipement VTT racing\",\"MTB Rennteam\",\"Massi MTB team\",\"tenue cyclisme personnalis\u00e9e\",\"cross country VTT\",\"equipo Massi 2026\",\"MTB Weltcup\",\"custom cycling clothing\",\"MTB Rennbekleidung\",\"cyclisme tout terrain\",\"equipo MTB internacional\",\"MTB Wettkampfteam\",\"v\u00eatements cyclisme personnalis\u00e9s\",\"personalisierte Radsportbekleidung\",\"Elite MTB Fahrer\",\"equipo MTB Massi\",\"MTB World Cup\",\"ciclisme de muntanya\",\"ciclisme professional\",\"elite MTB riders\",\"equipo profesional MTB\",\"personalisierte Radtrikots\"],\"articleSection\":[\"Cyclisme\"],\"inLanguage\":\"fr-FR\",\"potentialAction\":[{\"@type\":\"CommentAction\",\"name\":\"Comment\",\"target\":[\"https:\\\/\\\/www.inverseteams.com\\\/fr\\\/blog\\\/massi-mtb-racing-team-2026-una-alianza-imbatible-con-inverse-y-un-nuevo-rugido-en-rojo\\\/#respond\"]}]},{\"@type\":\"WebPage\",\"@id\":\"https:\\\/\\\/www.inverseteams.com\\\/fr\\\/blog\\\/massi-mtb-racing-team-2026-una-alianza-imbatible-con-inverse-y-un-nuevo-rugido-en-rojo\\\/\",\"url\":\"https:\\\/\\\/www.inverseteams.com\\\/fr\\\/blog\\\/massi-mtb-racing-team-2026-una-alianza-imbatible-con-inverse-y-un-nuevo-rugido-en-rojo\\\/\",\"name\":\"Massi MTB Racing Team 2026 : une alliance imbattable avec Inverse et un nouveau rugissement en rouge | Inverseteams\",\"isPartOf\":{\"@id\":\"https:\\\/\\\/www.inverseteams.com\\\/fr\\\/#website\"},\"primaryImageOfPage\":{\"@id\":\"https:\\\/\\\/www.inverseteams.com\\\/fr\\\/blog\\\/massi-mtb-racing-team-2026-una-alianza-imbatible-con-inverse-y-un-nuevo-rugido-en-rojo\\\/#primaryimage\"},\"image\":{\"@id\":\"https:\\\/\\\/www.inverseteams.com\\\/fr\\\/blog\\\/massi-mtb-racing-team-2026-una-alianza-imbatible-con-inverse-y-un-nuevo-rugido-en-rojo\\\/#primaryimage\"},\"thumbnailUrl\":\"https:\\\/\\\/www.inverseteams.com\\\/wp-content\\\/uploads\\\/INVERSE-EQUIPO-CICLISMO-BTT-MASSI-2026-001.jpg\",\"datePublished\":\"2026-03-13T10:10:45+00:00\",\"dateModified\":\"2026-03-13T11:39:53+00:00\",\"description\":\"Le monde du VTT international se pr\u00e9pare \u00e0 une saison passionnante. Apr\u00e8s des ann\u00e9es de succ\u00e8s partag\u00e9s, l\u2019union entre Massi et Inverse se renforce en 2026 avec une \u00e9quipe renouvel\u00e9e, des objectifs ambitieux et une nouvelle peau qui rend hommage \u00e0 l\u2019identit\u00e9 la plus pure de la marque historique de v\u00e9los : son rouge embl\u00e9matique.\",\"breadcrumb\":{\"@id\":\"https:\\\/\\\/www.inverseteams.com\\\/fr\\\/blog\\\/massi-mtb-racing-team-2026-una-alianza-imbatible-con-inverse-y-un-nuevo-rugido-en-rojo\\\/#breadcrumb\"},\"inLanguage\":\"fr-FR\",\"potentialAction\":[{\"@type\":\"ReadAction\",\"target\":[\"https:\\\/\\\/www.inverseteams.com\\\/fr\\\/blog\\\/massi-mtb-racing-team-2026-una-alianza-imbatible-con-inverse-y-un-nuevo-rugido-en-rojo\\\/\"]}]},{\"@type\":\"ImageObject\",\"inLanguage\":\"fr-FR\",\"@id\":\"https:\\\/\\\/www.inverseteams.com\\\/fr\\\/blog\\\/massi-mtb-racing-team-2026-una-alianza-imbatible-con-inverse-y-un-nuevo-rugido-en-rojo\\\/#primaryimage\",\"url\":\"https:\\\/\\\/www.inverseteams.com\\\/wp-content\\\/uploads\\\/INVERSE-EQUIPO-CICLISMO-BTT-MASSI-2026-001.jpg\",\"contentUrl\":\"https:\\\/\\\/www.inverseteams.com\\\/wp-content\\\/uploads\\\/INVERSE-EQUIPO-CICLISMO-BTT-MASSI-2026-001.jpg\",\"width\":1920,\"height\":1280},{\"@type\":\"BreadcrumbList\",\"@id\":\"https:\\\/\\\/www.inverseteams.com\\\/fr\\\/blog\\\/massi-mtb-racing-team-2026-una-alianza-imbatible-con-inverse-y-un-nuevo-rugido-en-rojo\\\/#breadcrumb\",\"itemListElement\":[{\"@type\":\"ListItem\",\"position\":1,\"name\":\"Portada\",\"item\":\"https:\\\/\\\/www.inverseteams.com\\\/fr\\\/pagina-principal\\\/\"},{\"@type\":\"ListItem\",\"position\":2,\"name\":\"Massi MTB Racing Team 2026 : une alliance imbattable avec Inverse et un nouveau rugissement en rouge\"}]},{\"@type\":\"WebSite\",\"@id\":\"https:\\\/\\\/www.inverseteams.com\\\/fr\\\/#website\",\"url\":\"https:\\\/\\\/www.inverseteams.com\\\/fr\\\/\",\"name\":\"Inverseteams\",\"description\":\"Tu marca de ropa deportiva personalizada\",\"publisher\":{\"@id\":\"https:\\\/\\\/www.inverseteams.com\\\/fr\\\/#organization\"},\"potentialAction\":[{\"@type\":\"SearchAction\",\"target\":{\"@type\":\"EntryPoint\",\"urlTemplate\":\"https:\\\/\\\/www.inverseteams.com\\\/fr\\\/?s={search_term_string}\"},\"query-input\":{\"@type\":\"PropertyValueSpecification\",\"valueRequired\":true,\"valueName\":\"search_term_string\"}}],\"inLanguage\":\"fr-FR\"},{\"@type\":\"Organization\",\"@id\":\"https:\\\/\\\/www.inverseteams.com\\\/fr\\\/#organization\",\"name\":\"Inverse Teams\",\"url\":\"https:\\\/\\\/www.inverseteams.com\\\/fr\\\/\",\"logo\":{\"@type\":\"ImageObject\",\"inLanguage\":\"fr-FR\",\"@id\":\"https:\\\/\\\/www.inverseteams.com\\\/fr\\\/#\\\/schema\\\/logo\\\/image\\\/\",\"url\":\"https:\\\/\\\/www.inverseteams.com\\\/wp-content\\\/uploads\\\/2021\\\/03\\\/logo-inverse-teams.png\",\"contentUrl\":\"https:\\\/\\\/www.inverseteams.com\\\/wp-content\\\/uploads\\\/2021\\\/03\\\/logo-inverse-teams.png\",\"width\":294,\"height\":99,\"caption\":\"Inverse Teams\"},\"image\":{\"@id\":\"https:\\\/\\\/www.inverseteams.com\\\/fr\\\/#\\\/schema\\\/logo\\\/image\\\/\"},\"sameAs\":[\"https:\\\/\\\/www.facebook.com\\\/inverseteams\",\"http:\\\/\\\/instagram.com\\\/inverseteams\",\"https:\\\/\\\/www.linkedin.com\\\/company\\\/inverse-cirosport-s-l-?trk=job_view_topcard_company_name\",\"http:\\\/\\\/www.pinterest.com\\\/inverseteams\\\/\",\"http:\\\/\\\/www.youtube.com\\\/user\\\/inverseteams?feature=watch\"]},{\"@type\":\"Person\",\"@id\":\"https:\\\/\\\/www.inverseteams.com\\\/fr\\\/#\\\/schema\\\/person\\\/8e9cda76b6449aea55a18c6b0f3a15f1\",\"name\":\"xavier\",\"image\":{\"@type\":\"ImageObject\",\"inLanguage\":\"fr-FR\",\"@id\":\"https:\\\/\\\/secure.gravatar.com\\\/avatar\\\/602b199a1f28e97d83ab3a8bcb642260f5afd77cb09704889d85ddd70643cddb?s=96&d=mm&r=g\",\"url\":\"https:\\\/\\\/secure.gravatar.com\\\/avatar\\\/602b199a1f28e97d83ab3a8bcb642260f5afd77cb09704889d85ddd70643cddb?s=96&d=mm&r=g\",\"contentUrl\":\"https:\\\/\\\/secure.gravatar.com\\\/avatar\\\/602b199a1f28e97d83ab3a8bcb642260f5afd77cb09704889d85ddd70643cddb?s=96&d=mm&r=g\",\"caption\":\"xavier\"}}]}<\/script>\n<!-- \/ Yoast SEO plugin. -->","yoast_head_json":{"title":"Massi MTB Racing Team 2026 : une alliance imbattable avec Inverse et un nouveau rugissement en rouge | Inverseteams","description":"Le monde du VTT international se pr\u00e9pare \u00e0 une saison passionnante. Apr\u00e8s des ann\u00e9es de succ\u00e8s partag\u00e9s, l\u2019union entre Massi et Inverse se renforce en 2026 avec une \u00e9quipe renouvel\u00e9e, des objectifs ambitieux et une nouvelle peau qui rend hommage \u00e0 l\u2019identit\u00e9 la plus pure de la marque historique de v\u00e9los : son rouge embl\u00e9matique.","robots":{"index":"index","follow":"follow","max-snippet":"max-snippet:-1","max-image-preview":"max-image-preview:large","max-video-preview":"max-video-preview:-1"},"canonical":"https:\/\/www.inverseteams.com\/fr\/blog\/massi-mtb-racing-team-2026-una-alianza-imbatible-con-inverse-y-un-nuevo-rugido-en-rojo\/","og_locale":"fr_FR","og_type":"article","og_title":"Massi MTB Racing Team 2026 : une alliance imbattable avec Inverse et un nouveau rugissement en rouge | Inverseteams","og_description":"Le monde du VTT international se pr\u00e9pare \u00e0 une saison passionnante. Apr\u00e8s des ann\u00e9es de succ\u00e8s partag\u00e9s, l\u2019union entre Massi et Inverse se renforce en 2026 avec une \u00e9quipe renouvel\u00e9e, des objectifs ambitieux et une nouvelle peau qui rend hommage \u00e0 l\u2019identit\u00e9 la plus pure de la marque historique de v\u00e9los : son rouge embl\u00e9matique.","og_url":"https:\/\/www.inverseteams.com\/fr\/blog\/massi-mtb-racing-team-2026-una-alianza-imbatible-con-inverse-y-un-nuevo-rugido-en-rojo\/","og_site_name":"Inverseteams","article_publisher":"https:\/\/www.facebook.com\/inverseteams","article_published_time":"2026-03-13T10:10:45+00:00","article_modified_time":"2026-03-13T11:39:53+00:00","og_image":[{"width":1920,"height":1280,"url":"https:\/\/www.inverseteams.com\/wp-content\/uploads\/INVERSE-EQUIPO-CICLISMO-BTT-MASSI-2026-001.jpg","type":"image\/jpeg"}],"author":"xavier","twitter_card":"summary_large_image","twitter_misc":{"\u00c9crit par":"xavier","Dur\u00e9e de lecture estim\u00e9e":"5 minutes"},"schema":{"@context":"https:\/\/schema.org","@graph":[{"@type":"Article","@id":"https:\/\/www.inverseteams.com\/fr\/blog\/massi-mtb-racing-team-2026-una-alianza-imbatible-con-inverse-y-un-nuevo-rugido-en-rojo\/#article","isPartOf":{"@id":"https:\/\/www.inverseteams.com\/fr\/blog\/massi-mtb-racing-team-2026-una-alianza-imbatible-con-inverse-y-un-nuevo-rugido-en-rojo\/"},"author":{"name":"xavier","@id":"https:\/\/www.inverseteams.com\/fr\/#\/schema\/person\/8e9cda76b6449aea55a18c6b0f3a15f1"},"headline":"Massi MTB Racing Team 2026 : une alliance imbattable avec Inverse et un nouveau rugissement en rouge","datePublished":"2026-03-13T10:10:45+00:00","dateModified":"2026-03-13T11:39:53+00:00","mainEntityOfPage":{"@id":"https:\/\/www.inverseteams.com\/fr\/blog\/massi-mtb-racing-team-2026-una-alianza-imbatible-con-inverse-y-un-nuevo-rugido-en-rojo\/"},"wordCount":771,"commentCount":0,"publisher":{"@id":"https:\/\/www.inverseteams.com\/fr\/#organization"},"image":{"@id":"https:\/\/www.inverseteams.com\/fr\/blog\/massi-mtb-racing-team-2026-una-alianza-imbatible-con-inverse-y-un-nuevo-rugido-en-rojo\/#primaryimage"},"thumbnailUrl":"https:\/\/www.inverseteams.com\/wp-content\/uploads\/INVERSE-EQUIPO-CICLISMO-BTT-MASSI-2026-001.jpg","keywords":["roba t\u00e8cnica ciclisme","ciclismo de monta\u00f1a","equip Massi 2026","Massi bikes racing team","professional MTB team","ropa t\u00e9cnica ciclismo","ciclismo profesional","equip MTB internacional","Massi Bikes Team","professionelles MTB Team","technische Radbekleidung","competici\u00f3 MTB","equip MTB Massi","Massi MTB Racing Team","riders MTB","v\u00eatements techniques cyclisme","competici\u00f3n MTB","equip professional MTB","mountain bike athletes","technical cycling apparel","Inverse Cycling Apparel","comp\u00e9tition VTT","equipaci\u00f3 MTB","mountain bike racing","UCI MTB World Cup","Inverse Radsportbekleidung","Copa del M\u00f3n MTB","equipaci\u00f3n MTB","Mountainbike Athleten","XCC short track","Roba Ciclisme Inverse","Copa del Mundo MTB","\u00e9quipe Massi 2026","Mountainbike Rennen","XCC short track VTT","Ropa Ciclismo Inverse","Coupe du Monde VTT","\u00e9quipe MTB Massi","MTB competition team","XCO mountain bike","inverse ciclismo","V\u00eatements Cyclisme Inverse","coureurs VTT","\u00e9quipe professionnelle VTT","MTB race clothing","XCO mountain bike racing","ropa ciclismo personalizada","custom cycling kit","cross country mountain bike","\u00e9quipe VTT internationale","MTB racing apparel","XCO Mountainbike Rennen","roba ciclisme personalitzada","equipaci\u00f3 ciclisme personalitzada","Cross Country Mountainbike","\u00e9quipement VTT comp\u00e9tition","MTB racing team","XCO VTT","inverse ciclisme","equipaci\u00f3n ciclismo personalizada","Cross Country MTB","\u00e9quipement VTT racing","MTB Rennteam","Massi MTB team","tenue cyclisme personnalis\u00e9e","cross country VTT","equipo Massi 2026","MTB Weltcup","custom cycling clothing","MTB Rennbekleidung","cyclisme tout terrain","equipo MTB internacional","MTB Wettkampfteam","v\u00eatements cyclisme personnalis\u00e9s","personalisierte Radsportbekleidung","Elite MTB Fahrer","equipo MTB Massi","MTB World Cup","ciclisme de muntanya","ciclisme professional","elite MTB riders","equipo profesional MTB","personalisierte Radtrikots"],"articleSection":["Cyclisme"],"inLanguage":"fr-FR","potentialAction":[{"@type":"CommentAction","name":"Comment","target":["https:\/\/www.inverseteams.com\/fr\/blog\/massi-mtb-racing-team-2026-una-alianza-imbatible-con-inverse-y-un-nuevo-rugido-en-rojo\/#respond"]}]},{"@type":"WebPage","@id":"https:\/\/www.inverseteams.com\/fr\/blog\/massi-mtb-racing-team-2026-una-alianza-imbatible-con-inverse-y-un-nuevo-rugido-en-rojo\/","url":"https:\/\/www.inverseteams.com\/fr\/blog\/massi-mtb-racing-team-2026-una-alianza-imbatible-con-inverse-y-un-nuevo-rugido-en-rojo\/","name":"Massi MTB Racing Team 2026 : une alliance imbattable avec Inverse et un nouveau rugissement en rouge | Inverseteams","isPartOf":{"@id":"https:\/\/www.inverseteams.com\/fr\/#website"},"primaryImageOfPage":{"@id":"https:\/\/www.inverseteams.com\/fr\/blog\/massi-mtb-racing-team-2026-una-alianza-imbatible-con-inverse-y-un-nuevo-rugido-en-rojo\/#primaryimage"},"image":{"@id":"https:\/\/www.inverseteams.com\/fr\/blog\/massi-mtb-racing-team-2026-una-alianza-imbatible-con-inverse-y-un-nuevo-rugido-en-rojo\/#primaryimage"},"thumbnailUrl":"https:\/\/www.inverseteams.com\/wp-content\/uploads\/INVERSE-EQUIPO-CICLISMO-BTT-MASSI-2026-001.jpg","datePublished":"2026-03-13T10:10:45+00:00","dateModified":"2026-03-13T11:39:53+00:00","description":"Le monde du VTT international se pr\u00e9pare \u00e0 une saison passionnante. Apr\u00e8s des ann\u00e9es de succ\u00e8s partag\u00e9s, l\u2019union entre Massi et Inverse se renforce en 2026 avec une \u00e9quipe renouvel\u00e9e, des objectifs ambitieux et une nouvelle peau qui rend hommage \u00e0 l\u2019identit\u00e9 la plus pure de la marque historique de v\u00e9los : son rouge embl\u00e9matique.","breadcrumb":{"@id":"https:\/\/www.inverseteams.com\/fr\/blog\/massi-mtb-racing-team-2026-una-alianza-imbatible-con-inverse-y-un-nuevo-rugido-en-rojo\/#breadcrumb"},"inLanguage":"fr-FR","potentialAction":[{"@type":"ReadAction","target":["https:\/\/www.inverseteams.com\/fr\/blog\/massi-mtb-racing-team-2026-una-alianza-imbatible-con-inverse-y-un-nuevo-rugido-en-rojo\/"]}]},{"@type":"ImageObject","inLanguage":"fr-FR","@id":"https:\/\/www.inverseteams.com\/fr\/blog\/massi-mtb-racing-team-2026-una-alianza-imbatible-con-inverse-y-un-nuevo-rugido-en-rojo\/#primaryimage","url":"https:\/\/www.inverseteams.com\/wp-content\/uploads\/INVERSE-EQUIPO-CICLISMO-BTT-MASSI-2026-001.jpg","contentUrl":"https:\/\/www.inverseteams.com\/wp-content\/uploads\/INVERSE-EQUIPO-CICLISMO-BTT-MASSI-2026-001.jpg","width":1920,"height":1280},{"@type":"BreadcrumbList","@id":"https:\/\/www.inverseteams.com\/fr\/blog\/massi-mtb-racing-team-2026-una-alianza-imbatible-con-inverse-y-un-nuevo-rugido-en-rojo\/#breadcrumb","itemListElement":[{"@type":"ListItem","position":1,"name":"Portada","item":"https:\/\/www.inverseteams.com\/fr\/pagina-principal\/"},{"@type":"ListItem","position":2,"name":"Massi MTB Racing Team 2026 : une alliance imbattable avec Inverse et un nouveau rugissement en rouge"}]},{"@type":"WebSite","@id":"https:\/\/www.inverseteams.com\/fr\/#website","url":"https:\/\/www.inverseteams.com\/fr\/","name":"Inverseteams","description":"Tu marca de ropa deportiva personalizada","publisher":{"@id":"https:\/\/www.inverseteams.com\/fr\/#organization"},"potentialAction":[{"@type":"SearchAction","target":{"@type":"EntryPoint","urlTemplate":"https:\/\/www.inverseteams.com\/fr\/?s={search_term_string}"},"query-input":{"@type":"PropertyValueSpecification","valueRequired":true,"valueName":"search_term_string"}}],"inLanguage":"fr-FR"},{"@type":"Organization","@id":"https:\/\/www.inverseteams.com\/fr\/#organization","name":"Inverse Teams","url":"https:\/\/www.inverseteams.com\/fr\/","logo":{"@type":"ImageObject","inLanguage":"fr-FR","@id":"https:\/\/www.inverseteams.com\/fr\/#\/schema\/logo\/image\/","url":"https:\/\/www.inverseteams.com\/wp-content\/uploads\/2021\/03\/logo-inverse-teams.png","contentUrl":"https:\/\/www.inverseteams.com\/wp-content\/uploads\/2021\/03\/logo-inverse-teams.png","width":294,"height":99,"caption":"Inverse Teams"},"image":{"@id":"https:\/\/www.inverseteams.com\/fr\/#\/schema\/logo\/image\/"},"sameAs":["https:\/\/www.facebook.com\/inverseteams","http:\/\/instagram.com\/inverseteams","https:\/\/www.linkedin.com\/company\/inverse-cirosport-s-l-?trk=job_view_topcard_company_name","http:\/\/www.pinterest.com\/inverseteams\/","http:\/\/www.youtube.com\/user\/inverseteams?feature=watch"]},{"@type":"Person","@id":"https:\/\/www.inverseteams.com\/fr\/#\/schema\/person\/8e9cda76b6449aea55a18c6b0f3a15f1","name":"xavier","image":{"@type":"ImageObject","inLanguage":"fr-FR","@id":"https:\/\/secure.gravatar.com\/avatar\/602b199a1f28e97d83ab3a8bcb642260f5afd77cb09704889d85ddd70643cddb?s=96&d=mm&r=g","url":"https:\/\/secure.gravatar.com\/avatar\/602b199a1f28e97d83ab3a8bcb642260f5afd77cb09704889d85ddd70643cddb?s=96&d=mm&r=g","contentUrl":"https:\/\/secure.gravatar.com\/avatar\/602b199a1f28e97d83ab3a8bcb642260f5afd77cb09704889d85ddd70643cddb?s=96&d=mm&r=g","caption":"xavier"}}]}},"_links":{"self":[{"href":"https:\/\/www.inverseteams.com\/fr\/wp-json\/wp\/v2\/posts\/279946","targetHints":{"allow":["GET"]}}],"collection":[{"href":"https:\/\/www.inverseteams.com\/fr\/wp-json\/wp\/v2\/posts"}],"about":[{"href":"https:\/\/www.inverseteams.com\/fr\/wp-json\/wp\/v2\/types\/post"}],"author":[{"embeddable":true,"href":"https:\/\/www.inverseteams.com\/fr\/wp-json\/wp\/v2\/users\/12"}],"replies":[{"embeddable":true,"href":"https:\/\/www.inverseteams.com\/fr\/wp-json\/wp\/v2\/comments?post=279946"}],"version-history":[{"count":0,"href":"https:\/\/www.inverseteams.com\/fr\/wp-json\/wp\/v2\/posts\/279946\/revisions"}],"wp:featuredmedia":[{"embeddable":true,"href":"https:\/\/www.inverseteams.com\/fr\/wp-json\/wp\/v2\/media\/279901"}],"wp:attachment":[{"href":"https:\/\/www.inverseteams.com\/fr\/wp-json\/wp\/v2\/media?parent=279946"}],"wp:term":[{"taxonomy":"category","embeddable":true,"href":"https:\/\/www.inverseteams.com\/fr\/wp-json\/wp\/v2\/categories?post=279946"},{"taxonomy":"post_tag","embeddable":true,"href":"https:\/\/www.inverseteams.com\/fr\/wp-json\/wp\/v2\/tags?post=279946"}],"curies":[{"name":"wp","href":"https:\/\/api.w.org\/{rel}","templated":true}]}}