{"id":279880,"date":"2026-03-06T09:22:37","date_gmt":"2026-03-06T08:22:37","guid":{"rendered":"https:\/\/www.inverseteams.com\/blog\/x-sauce-merida-factory-team-2026-juventud-talento-nacional-y-equipamiento-personalizado-de-inverse\/"},"modified":"2026-03-09T10:26:03","modified_gmt":"2026-03-09T09:26:03","slug":"x-sauce-merida-factory-team-2026-juventud-talento-nacional-y-equipamiento-personalizado-de-inverse","status":"publish","type":"post","link":"https:\/\/www.inverseteams.com\/fr\/blog\/x-sauce-merida-factory-team-2026-juventud-talento-nacional-y-equipamiento-personalizado-de-inverse\/","title":{"rendered":"X-Sauce Merida Factory Team 2026\u00a0: jeunesse, talent national et \u00e9quipement personnalis\u00e9 d&rsquo;Inverse"},"content":{"rendered":"\n<figure class=\"wp-block-image size-large\"><img loading=\"lazy\" decoding=\"async\" width=\"1024\" height=\"683\" src=\"https:\/\/www.inverseteams.com\/wp-content\/uploads\/INVERSE-EQUIPO-CICLISMO-XSAUCE-2026-001-1024x683.jpg\" alt=\"\" class=\"wp-image-279172\" srcset=\"https:\/\/www.inverseteams.com\/wp-content\/uploads\/INVERSE-EQUIPO-CICLISMO-XSAUCE-2026-001-1024x683.jpg 1024w, https:\/\/www.inverseteams.com\/wp-content\/uploads\/INVERSE-EQUIPO-CICLISMO-XSAUCE-2026-001-300x200.jpg 300w, https:\/\/www.inverseteams.com\/wp-content\/uploads\/INVERSE-EQUIPO-CICLISMO-XSAUCE-2026-001-768x512.jpg 768w, https:\/\/www.inverseteams.com\/wp-content\/uploads\/INVERSE-EQUIPO-CICLISMO-XSAUCE-2026-001-1536x1024.jpg 1536w, https:\/\/www.inverseteams.com\/wp-content\/uploads\/INVERSE-EQUIPO-CICLISMO-XSAUCE-2026-001-420x280.jpg 420w, https:\/\/www.inverseteams.com\/wp-content\/uploads\/INVERSE-EQUIPO-CICLISMO-XSAUCE-2026-001-64x43.jpg 64w, https:\/\/www.inverseteams.com\/wp-content\/uploads\/INVERSE-EQUIPO-CICLISMO-XSAUCE-2026-001.jpg 1920w\" sizes=\"auto, (max-width: 1024px) 100vw, 1024px\" \/><\/figure>\n\n\n<div class=\"wrapper-heading\">\n<h2 class=\"wp-block-heading\">La <strong>X-Sauce Merida Factory Team<\/strong> a officiellement pr\u00e9sent\u00e9 sa nouvelle saison 2026, consolidant ainsi son engagement en faveur du cyclisme de montagne espagnol et une structure renouvel\u00e9e qui allie jeunesse et exp\u00e9rience.<\/h2>\n<\/div>\n\n<div class=\"wrapper-heading\">\n<h3 class=\"wp-block-heading\">Les nouvelles tenues cyclistes de l&rsquo;\u00e9quipe X-Sauce Merida Factory Team continuent d&rsquo;\u00eatre con\u00e7ues par <strong>Inverse<\/strong>, une marque qui compte plus de 50 ans d&rsquo;exp\u00e9rience dans la fabrication de <strong>v\u00eatements de sport personnalis\u00e9s pour le cyclisme.<\/strong><\/h3>\n<\/div>\n\n\n<figure class=\"wp-block-embed is-type-video is-provider-youtube wp-block-embed-youtube wp-embed-aspect-9-16 wp-has-aspect-ratio\"><div class=\"wp-block-embed__wrapper\">\n<iframe loading=\"lazy\" title=\"X-Sauce Merida Factory Team 2026 #shorts\" width=\"540\" height=\"960\" src=\"https:\/\/www.youtube.com\/embed\/eAIImtbBaL4?feature=oembed&#038;enablejsapi=1&#038;origin=https:\/\/www.inverseteams.com\" frameborder=\"0\" allow=\"accelerometer; autoplay; clipboard-write; encrypted-media; gyroscope; picture-in-picture; web-share\" referrerpolicy=\"strict-origin-when-cross-origin\" allowfullscreen><\/iframe>\n<\/div><\/figure>\n\n\n\n<figure class=\"wp-block-image size-large\"><img loading=\"lazy\" decoding=\"async\" width=\"1024\" height=\"683\" src=\"https:\/\/www.inverseteams.com\/wp-content\/uploads\/INVERSE-EQUIPO-CICLISMO-XSAUCE-2026-002-1024x683.jpg\" alt=\"\" class=\"wp-image-279197\" srcset=\"https:\/\/www.inverseteams.com\/wp-content\/uploads\/INVERSE-EQUIPO-CICLISMO-XSAUCE-2026-002-1024x683.jpg 1024w, https:\/\/www.inverseteams.com\/wp-content\/uploads\/INVERSE-EQUIPO-CICLISMO-XSAUCE-2026-002-300x200.jpg 300w, https:\/\/www.inverseteams.com\/wp-content\/uploads\/INVERSE-EQUIPO-CICLISMO-XSAUCE-2026-002-768x512.jpg 768w, https:\/\/www.inverseteams.com\/wp-content\/uploads\/INVERSE-EQUIPO-CICLISMO-XSAUCE-2026-002-1536x1024.jpg 1536w, https:\/\/www.inverseteams.com\/wp-content\/uploads\/INVERSE-EQUIPO-CICLISMO-XSAUCE-2026-002-420x280.jpg 420w, https:\/\/www.inverseteams.com\/wp-content\/uploads\/INVERSE-EQUIPO-CICLISMO-XSAUCE-2026-002-64x43.jpg 64w, https:\/\/www.inverseteams.com\/wp-content\/uploads\/INVERSE-EQUIPO-CICLISMO-XSAUCE-2026-002.jpg 1920w\" sizes=\"auto, (max-width: 1024px) 100vw, 1024px\" \/><\/figure>\n\n\n<div class=\"wrapper-heading\">\n<h4 class=\"wp-block-heading\"><strong><strong>Une \u00e9quipe \u00e9quilibr\u00e9e et comp\u00e9titive<\/strong><\/strong><\/h4>\n<\/div>\n\n\n<p>Pour la saison 2026, l&rsquo;\u00e9quipe comptera sur des coureurs qui d\u00e9fendront les couleurs de <a href=\"https:\/\/x-saucefactoryteam.com\/\" type=\"link\" id=\"https:\/\/x-saucefactoryteam.com\/\">l&rsquo;\u00e9quipe X-Sauce Merida Factory Team<\/a> dans les principales comp\u00e9titions nationales et internationales\u00a0:<\/p>\n\n\n\n<ul class=\"wp-block-list\">\n<li><strong>Luc\u00eda Macho<\/strong>, pour la troisi\u00e8me saison cons\u00e9cutive, elle reste une r\u00e9f\u00e9rence dans la cat\u00e9gorie \u00c9lite f\u00e9minine, apr\u00e8s avoir d\u00e9croch\u00e9 la troisi\u00e8me place finale de la Coupe d&rsquo;Espagne. Son objectif : grimper les \u00e9chelons vers le podium dans les \u00e9preuves individuelles.<\/li>\n\n\n\n<li><strong>Lara Pita<\/strong>, originaire de Galice, elle rejoint l&rsquo;\u00e9quipe apr\u00e8s avoir remport\u00e9 de nombreux podiums r\u00e9gionaux et cherche \u00e0 s&rsquo;imposer comme une r\u00e9f\u00e9rence nationale lors de sa deuxi\u00e8me ann\u00e9e en tant que junior.<\/li>\n\n\n\n<li><strong>Silvia Sim\u00f3n<\/strong>, originaire d&rsquo;Aranda de Duero (Burgos), combine cyclisme sur route et VTT, se distinguant dans les comp\u00e9titions nationales gr\u00e2ce \u00e0 ses progr\u00e8s constants.<\/li>\n\n\n\n<li><strong>Francesc Barber<\/strong>, champion d&rsquo;Espagne junior et moins de 23 ans, il fait ses d\u00e9buts dans la cat\u00e9gorie reine avec pour objectif de rejoindre \u00e0 nouveau l&rsquo;\u00e9lite du panorama national.<\/li>\n<\/ul>\n\n\n\n<figure class=\"wp-block-image size-large\"><img loading=\"lazy\" decoding=\"async\" width=\"1024\" height=\"683\" src=\"https:\/\/www.inverseteams.com\/wp-content\/uploads\/INVERSE-EQUIPO-CICLISMO-XSAUCE-2026-003-1024x683.jpg\" alt=\"\" class=\"wp-image-279202\" srcset=\"https:\/\/www.inverseteams.com\/wp-content\/uploads\/INVERSE-EQUIPO-CICLISMO-XSAUCE-2026-003-1024x683.jpg 1024w, https:\/\/www.inverseteams.com\/wp-content\/uploads\/INVERSE-EQUIPO-CICLISMO-XSAUCE-2026-003-300x200.jpg 300w, https:\/\/www.inverseteams.com\/wp-content\/uploads\/INVERSE-EQUIPO-CICLISMO-XSAUCE-2026-003-768x512.jpg 768w, https:\/\/www.inverseteams.com\/wp-content\/uploads\/INVERSE-EQUIPO-CICLISMO-XSAUCE-2026-003-1536x1024.jpg 1536w, https:\/\/www.inverseteams.com\/wp-content\/uploads\/INVERSE-EQUIPO-CICLISMO-XSAUCE-2026-003-420x280.jpg 420w, https:\/\/www.inverseteams.com\/wp-content\/uploads\/INVERSE-EQUIPO-CICLISMO-XSAUCE-2026-003-64x43.jpg 64w, https:\/\/www.inverseteams.com\/wp-content\/uploads\/INVERSE-EQUIPO-CICLISMO-XSAUCE-2026-003.jpg 1920w\" sizes=\"auto, (max-width: 1024px) 100vw, 1024px\" \/><\/figure>\n\n\n\n<p>L&rsquo;\u00e9quipe se concentrera principalement sur la <strong>Coupe d&rsquo;Espagne XCO<\/strong>, sans exclure les \u00e9preuves de la <strong>Shimano Super Cup Massi, de la Green Series <\/strong>et<strong> du Superprestigio<\/strong>, ainsi que certaines comp\u00e9titions sur route, de VTT marathon et de gravel. Cette polyvalence sportive permettra une formation compl\u00e8te des coureurs et renforcera le prestige de l&rsquo;\u00e9quipe.<\/p>\n\n\n\n<p>\u00ab&nbsp;Cette saison repr\u00e9sente une avanc\u00e9e dans notre projet : formation, d\u00e9veloppement, soutien \u00e0 la jeunesse et soutien aux figures marquantes de notre discipline&nbsp;\u00bb, a soulign\u00e9 <strong>Chus Castellanos<\/strong>, directeur sportif de l&rsquo;\u00e9quipe.<\/p>\n\n\n\n<figure class=\"wp-block-image size-large\"><img loading=\"lazy\" decoding=\"async\" width=\"1024\" height=\"683\" src=\"https:\/\/www.inverseteams.com\/wp-content\/uploads\/INVERSE-EQUIPO-CICLISMO-XSAUCE-2026-004-1024x683.jpg\" alt=\"\" class=\"wp-image-279207\" srcset=\"https:\/\/www.inverseteams.com\/wp-content\/uploads\/INVERSE-EQUIPO-CICLISMO-XSAUCE-2026-004-1024x683.jpg 1024w, https:\/\/www.inverseteams.com\/wp-content\/uploads\/INVERSE-EQUIPO-CICLISMO-XSAUCE-2026-004-300x200.jpg 300w, https:\/\/www.inverseteams.com\/wp-content\/uploads\/INVERSE-EQUIPO-CICLISMO-XSAUCE-2026-004-768x512.jpg 768w, https:\/\/www.inverseteams.com\/wp-content\/uploads\/INVERSE-EQUIPO-CICLISMO-XSAUCE-2026-004-1536x1024.jpg 1536w, https:\/\/www.inverseteams.com\/wp-content\/uploads\/INVERSE-EQUIPO-CICLISMO-XSAUCE-2026-004-420x280.jpg 420w, https:\/\/www.inverseteams.com\/wp-content\/uploads\/INVERSE-EQUIPO-CICLISMO-XSAUCE-2026-004-64x43.jpg 64w, https:\/\/www.inverseteams.com\/wp-content\/uploads\/INVERSE-EQUIPO-CICLISMO-XSAUCE-2026-004.jpg 1920w\" sizes=\"auto, (max-width: 1024px) 100vw, 1024px\" \/><\/figure>\n\n\n<div class=\"wrapper-heading\">\n<h4 class=\"wp-block-heading\"><strong><strong>Inverse\u00a0: v\u00eatements personnalis\u00e9s de VTT pour une performance maximale<\/strong><\/strong><\/h4>\n<\/div>\n\n\n<p>La nueva indumentaria del X-Sauce Merida Factory Team contin\u00faa estando dise\u00f1ada por <strong>Inverse<\/strong>, marca con Les nouvelles tenues de l&rsquo;\u00e9quipe X-Sauce Merida Factory Team continuent d&rsquo;\u00eatre con\u00e7ues par <strong>Inverse<\/strong>, une marque qui compte plus de 50 ans d&rsquo;exp\u00e9rience dans la fabrication de <strong><a href=\"https:\/\/www.inverseteams.com\/fr\/vetements-de-cyclisme-personnalises-en-4-semaines\/?utm_source=Blog&#038;utm_medium=blog&#038;utm_campaign=BL-020%2F26+X-Sauce+Merida+Factory+Team+2026+FR&#038;utm_id=BL-020%2F26+X-Sauce+Merida+Factory+Team+2026+FR&#038;utm_term=X-Sauce+Merida+Factory+Team+2026+FR&#038;utm_content=X-Sauce+Merida+Factory+Team+2026+FR\" type=\"link\" id=\"https:\/\/www.inverseteams.com\/fr\/vetements-de-cyclisme-personnalises-en-4-semaines\/?utm_source=Blog&amp;utm_medium=blog&amp;utm_campaign=BL-020%2F26+X-Sauce+Merida+Factory+Team+2026+FR&amp;utm_id=BL-020%2F26+X-Sauce+Merida+Factory+Team+2026+FR&amp;utm_term=X-Sauce+Merida+Factory+Team+2026+FR&amp;utm_content=X-Sauce+Merida+Factory+Team+2026+FR\">v\u00eatements de sport personnalis\u00e9s pour le cyclisme<\/a>.<\/strong> Chaque \u00e9quipement de VTT et XCO combine des technologies avanc\u00e9es en mati\u00e8re de tissus et de confection, garantissant\u00a0:<\/p>\n\n\n\n<ul class=\"wp-block-list\">\n<li><strong>Confort et ajustement parfait<\/strong> pour chaque cycliste.<\/li>\n\n\n\n<li><strong>Performances a\u00e9rodynamiques<\/strong>, optimisant chaque coup de p\u00e9dale.<\/li>\n\n\n\n<li><strong>Design exclusif et personnalisable<\/strong>, adapt\u00e9 aux couleurs et au style de l&rsquo;\u00e9quipe.<\/li>\n<\/ul>\n\n\n\n<p>Gr\u00e2ce \u00e0 la collaboration avec Inverse, les cyclistes de l&rsquo;\u00e9quipe X-Sauce Merida Factory Team disposeront d&rsquo;\u00e9quipements de haute qualit\u00e9 qui renforceront leurs performances lors de chaque comp\u00e9tition et refl\u00e9teront parfaitement l&rsquo;identit\u00e9 visuelle de l&rsquo;\u00e9quipe.<\/p>\n\n\n\n<figure class=\"wp-block-image size-large\"><img loading=\"lazy\" decoding=\"async\" width=\"1024\" height=\"683\" src=\"https:\/\/www.inverseteams.com\/wp-content\/uploads\/INVERSE-EQUIPO-CICLISMO-XSAUCE-2026-005-1024x683.jpg\" alt=\"\" class=\"wp-image-279242\" srcset=\"https:\/\/www.inverseteams.com\/wp-content\/uploads\/INVERSE-EQUIPO-CICLISMO-XSAUCE-2026-005-1024x683.jpg 1024w, https:\/\/www.inverseteams.com\/wp-content\/uploads\/INVERSE-EQUIPO-CICLISMO-XSAUCE-2026-005-300x200.jpg 300w, https:\/\/www.inverseteams.com\/wp-content\/uploads\/INVERSE-EQUIPO-CICLISMO-XSAUCE-2026-005-768x512.jpg 768w, https:\/\/www.inverseteams.com\/wp-content\/uploads\/INVERSE-EQUIPO-CICLISMO-XSAUCE-2026-005-1536x1024.jpg 1536w, https:\/\/www.inverseteams.com\/wp-content\/uploads\/INVERSE-EQUIPO-CICLISMO-XSAUCE-2026-005-420x280.jpg 420w, https:\/\/www.inverseteams.com\/wp-content\/uploads\/INVERSE-EQUIPO-CICLISMO-XSAUCE-2026-005-64x43.jpg 64w, https:\/\/www.inverseteams.com\/wp-content\/uploads\/INVERSE-EQUIPO-CICLISMO-XSAUCE-2026-005.jpg 1920w\" sizes=\"auto, (max-width: 1024px) 100vw, 1024px\" \/><\/figure>\n\n\n<div class=\"wrapper-heading\">\n<h4 class=\"wp-block-heading\"><strong><strong>Une saison 2026 avec de grands objectifs<\/strong><\/strong><\/h4>\n<\/div>\n\n\n<p>Avec une \u00e9quipe jeune et talentueuse, le soutien de sponsors et l&rsquo;assistance technique de m\u00e9caniciens et de techniciens de terrain, la <strong>X-Sauce Merida Factory Team<\/strong> aborde la saison 2026 avec ambition&nbsp;: <strong>s&rsquo;imposer dans les comp\u00e9titions nationales, briller dans les \u00e9preuves internationales et former la prochaine g\u00e9n\u00e9ration de cyclistes de montagne espagnols.<\/strong><strong><\/strong><\/p>\n\n\n\n<p>Si vous \u00eates cycliste et recherchez un \u00e9quipement personnalis\u00e9 hautement performant, d\u00e9couvrez comment <strong><a href=\"https:\/\/www.inverseteams.com\/fr\/vetements-de-cyclisme-personnalises-en-4-semaines\/?utm_source=Blog&#038;utm_medium=blog&#038;utm_campaign=BL-020%2F26+X-Sauce+Merida+Factory+Team+2026+FR&#038;utm_id=BL-020%2F26+X-Sauce+Merida+Factory+Team+2026+FR&#038;utm_term=X-Sauce+Merida+Factory+Team+2026+FR&#038;utm_content=X-Sauce+Merida+Factory+Team+2026+FR\" type=\"link\" id=\"https:\/\/www.inverseteams.com\/fr\/vetements-de-cyclisme-personnalises-en-4-semaines\/?utm_source=Blog&amp;utm_medium=blog&amp;utm_campaign=BL-020%2F26+X-Sauce+Merida+Factory+Team+2026+FR&amp;utm_id=BL-020%2F26+X-Sauce+Merida+Factory+Team+2026+FR&amp;utm_term=X-Sauce+Merida+Factory+Team+2026+FR&amp;utm_content=X-Sauce+Merida+Factory+Team+2026+FR\">Inverse peut concevoir vos v\u00eatements de VTT sur mesure<\/a><\/strong>, alliant innovation, technologie et style pour que chaque sortie soit une exp\u00e9rience d&rsquo;une efficacit\u00e9 et d&rsquo;un confort maximum.<\/p>\n\n\n\n<div class=\"wp-block-buttons is-layout-flex wp-block-buttons-is-layout-flex\">\n<div class=\"wp-block-button\"><a class=\"wp-block-button__link wp-element-button\" href=\"https:\/\/www.inverseteams.com\/fr\/vetements-de-cyclisme-personnalises-en-4-semaines\/?utm_source=Blog&#038;utm_medium=blog&#038;utm_campaign=BL-020%2F26+X-Sauce+Merida+Factory+Team+2026+FR&#038;utm_id=BL-020%2F26+X-Sauce+Merida+Factory+Team+2026+FR&#038;utm_term=X-Sauce+Merida+Factory+Team+2026+FR&#038;utm_content=X-Sauce+Merida+Factory+Team+2026+FR\"><strong>Cycling Custom<\/strong><\/a><\/div>\n<\/div>\n","protected":false},"excerpt":{"rendered":"<p>La X-Sauce Merida Factory Team a officiellement pr\u00e9sent\u00e9 sa nouvelle saison 2026, consolidant ainsi son engagement en faveur du cyclisme de montagne espagnol et une structure renouvel\u00e9e qui allie jeunesse et exp\u00e9rience. Les nouvelles tenues cyclistes de l&rsquo;\u00e9quipe X-Sauce Merida Factory Team continuent d&rsquo;\u00eatre con\u00e7ues par Inverse, une marque qui compte plus de 50 ans [&hellip;]<\/p>\n","protected":false},"author":12,"featured_media":279175,"comment_status":"open","ping_status":"open","sticky":false,"template":"","format":"standard","meta":{"_acf_changed":false,"mc4wp_mailchimp_campaign":[],"footnotes":""},"categories":[188],"tags":[9824,22716,22732,19788,22717,22733,20073,22718,22734,22443,22719,22735,22454,22720,22455,22721,22476,22722,22479,22723,22481,22724,22709,22725,22710,22726,22711,22727,22712,22728,22713,22729,22714,22730,7803,22715,22731],"class_list":["post-279880","post","type-post","status-publish","format-standard","has-post-thumbnail","hentry","category-cyclisme","tag-inverse-cycling-2-fr","tag-hochleistungs-radsportbekleidung-2","tag-ropa-ciclismo-tecnica","tag-inverse-radsport","tag-individuelle-fahrradbekleidung","tag-ropa-mtb-xco","tag-ropa-ciclismo-profesional","tag-individuelle-radtrikots","tag-ropa-personalizada-de-ciclismo","tag-cycling-sponsorship","tag-inverse-equipaciones-personalizadas","tag-x-sauce-merida-factory-team","tag-equipaciones-ciclismo-profesional","tag-masgeschneiderte-mtb-bekleidung","tag-equipaciones-equipos-ciclistas","tag-mtb-rennbekleidung","tag-patrocinio-ciclismo","tag-mtb-xco-apparel","tag-professional-cycling-kits","tag-mtb-xco-bekleidung","tag-radsport-sponsoring","tag-personalisierte-radsportbekleidung","tag-custom-cycling-apparel","tag-personalized-cycling-clothing","tag-custom-cycling-kits","tag-premium-radsportbekleidung","tag-custom-mtb-kits","tag-professional-cycling-team-kits","tag-equipaciones-ciclismo-espana","tag-professionelle-radsporttrikots","tag-equipaciones-mtb-personalizadas","tag-radsportbekleidung-fur-profiteams","tag-equipaciones-mtb-profesionales","tag-ropa-ciclismo-a-medida","tag-inverse-ciclismo-2-fr","tag-high-performance-cycling-wear","tag-ropa-ciclismo-de-alto-rendimiento"],"acf":[],"yoast_head":"<!-- This site is optimized with the Yoast SEO plugin v27.3 - https:\/\/yoast.com\/product\/yoast-seo-wordpress\/ -->\n<title>X-Sauce Merida Factory Team 2026\u00a0: jeunesse, talent national et \u00e9quipement personnalis\u00e9 d&#039;Inverse | Inverseteams<\/title>\n<meta name=\"description\" content=\"La X-Sauce Merida Factory Team a officiellement pr\u00e9sent\u00e9 sa nouvelle saison 2026, consolidant ainsi son engagement en faveur du cyclisme de montagne espagnol et une structure renouvel\u00e9e qui allie jeunesse et exp\u00e9rience.\" \/>\n<meta name=\"robots\" content=\"index, follow, max-snippet:-1, max-image-preview:large, max-video-preview:-1\" \/>\n<link rel=\"canonical\" href=\"https:\/\/www.inverseteams.com\/fr\/blog\/x-sauce-merida-factory-team-2026-juventud-talento-nacional-y-equipamiento-personalizado-de-inverse\/\" \/>\n<meta property=\"og:locale\" content=\"fr_FR\" \/>\n<meta property=\"og:type\" content=\"article\" \/>\n<meta property=\"og:title\" content=\"X-Sauce Merida Factory Team 2026\u00a0: jeunesse, talent national et \u00e9quipement personnalis\u00e9 d&#039;Inverse | Inverseteams\" \/>\n<meta property=\"og:description\" content=\"La X-Sauce Merida Factory Team a officiellement pr\u00e9sent\u00e9 sa nouvelle saison 2026, consolidant ainsi son engagement en faveur du cyclisme de montagne espagnol et une structure renouvel\u00e9e qui allie jeunesse et exp\u00e9rience.\" \/>\n<meta property=\"og:url\" content=\"https:\/\/www.inverseteams.com\/fr\/blog\/x-sauce-merida-factory-team-2026-juventud-talento-nacional-y-equipamiento-personalizado-de-inverse\/\" \/>\n<meta property=\"og:site_name\" content=\"Inverseteams\" \/>\n<meta property=\"article:publisher\" content=\"https:\/\/www.facebook.com\/inverseteams\" \/>\n<meta property=\"article:published_time\" content=\"2026-03-06T08:22:37+00:00\" \/>\n<meta property=\"article:modified_time\" content=\"2026-03-09T09:26:03+00:00\" \/>\n<meta property=\"og:image\" content=\"https:\/\/www.inverseteams.com\/wp-content\/uploads\/INVERSE-EQUIPO-CICLISMO-XSAUCE-2026-001.jpg\" \/>\n\t<meta property=\"og:image:width\" content=\"1920\" \/>\n\t<meta property=\"og:image:height\" content=\"1280\" \/>\n\t<meta property=\"og:image:type\" content=\"image\/jpeg\" \/>\n<meta name=\"author\" content=\"xavier\" \/>\n<meta name=\"twitter:card\" content=\"summary_large_image\" \/>\n<meta name=\"twitter:label1\" content=\"\u00c9crit par\" \/>\n\t<meta name=\"twitter:data1\" content=\"xavier\" \/>\n\t<meta name=\"twitter:label2\" content=\"Dur\u00e9e de lecture estim\u00e9e\" \/>\n\t<meta name=\"twitter:data2\" content=\"4 minutes\" \/>\n<script type=\"application\/ld+json\" class=\"yoast-schema-graph\">{\"@context\":\"https:\\\/\\\/schema.org\",\"@graph\":[{\"@type\":\"Article\",\"@id\":\"https:\\\/\\\/www.inverseteams.com\\\/fr\\\/blog\\\/x-sauce-merida-factory-team-2026-juventud-talento-nacional-y-equipamiento-personalizado-de-inverse\\\/#article\",\"isPartOf\":{\"@id\":\"https:\\\/\\\/www.inverseteams.com\\\/fr\\\/blog\\\/x-sauce-merida-factory-team-2026-juventud-talento-nacional-y-equipamiento-personalizado-de-inverse\\\/\"},\"author\":{\"name\":\"xavier\",\"@id\":\"https:\\\/\\\/www.inverseteams.com\\\/fr\\\/#\\\/schema\\\/person\\\/8e9cda76b6449aea55a18c6b0f3a15f1\"},\"headline\":\"X-Sauce Merida Factory Team 2026\u00a0: jeunesse, talent national et \u00e9quipement personnalis\u00e9 d&rsquo;Inverse\",\"datePublished\":\"2026-03-06T08:22:37+00:00\",\"dateModified\":\"2026-03-09T09:26:03+00:00\",\"mainEntityOfPage\":{\"@id\":\"https:\\\/\\\/www.inverseteams.com\\\/fr\\\/blog\\\/x-sauce-merida-factory-team-2026-juventud-talento-nacional-y-equipamiento-personalizado-de-inverse\\\/\"},\"wordCount\":636,\"commentCount\":0,\"publisher\":{\"@id\":\"https:\\\/\\\/www.inverseteams.com\\\/fr\\\/#organization\"},\"image\":{\"@id\":\"https:\\\/\\\/www.inverseteams.com\\\/fr\\\/blog\\\/x-sauce-merida-factory-team-2026-juventud-talento-nacional-y-equipamiento-personalizado-de-inverse\\\/#primaryimage\"},\"thumbnailUrl\":\"https:\\\/\\\/www.inverseteams.com\\\/wp-content\\\/uploads\\\/INVERSE-EQUIPO-CICLISMO-XSAUCE-2026-001.jpg\",\"keywords\":[\"inverse cycling\",\"Hochleistungs-Radsportbekleidung\",\"ropa ciclismo t\u00e9cnica\",\"Inverse Radsport\",\"individuelle Fahrradbekleidung\",\"ropa MTB XCO\",\"ropa ciclismo profesional\",\"individuelle Radtrikots\",\"ropa personalizada de ciclismo\",\"cycling sponsorship\",\"Inverse equipaciones personalizadas\",\"X-Sauce Merida Factory Team\",\"equipaciones ciclismo profesional\",\"ma\u00dfgeschneiderte MTB Bekleidung\",\"equipaciones equipos ciclistas\",\"MTB Rennbekleidung\",\"patrocinio ciclismo\",\"MTB XCO apparel\",\"professional cycling kits\",\"MTB XCO Bekleidung\",\"Radsport Sponsoring\",\"personalisierte Radsportbekleidung\",\"custom cycling apparel\",\"personalized cycling clothing\",\"custom cycling kits\",\"Premium Radsportbekleidung\",\"custom MTB kits\",\"professional cycling team kits\",\"equipaciones ciclismo Espa\u00f1a\",\"professionelle Radsporttrikots\",\"equipaciones MTB personalizadas\",\"Radsportbekleidung f\u00fcr Profiteams\",\"equipaciones MTB profesionales\",\"ropa ciclismo a medida\",\"inverse ciclismo\",\"high performance cycling wear\",\"ropa ciclismo de alto rendimiento\"],\"articleSection\":[\"Cyclisme\"],\"inLanguage\":\"fr-FR\",\"potentialAction\":[{\"@type\":\"CommentAction\",\"name\":\"Comment\",\"target\":[\"https:\\\/\\\/www.inverseteams.com\\\/fr\\\/blog\\\/x-sauce-merida-factory-team-2026-juventud-talento-nacional-y-equipamiento-personalizado-de-inverse\\\/#respond\"]}]},{\"@type\":\"WebPage\",\"@id\":\"https:\\\/\\\/www.inverseteams.com\\\/fr\\\/blog\\\/x-sauce-merida-factory-team-2026-juventud-talento-nacional-y-equipamiento-personalizado-de-inverse\\\/\",\"url\":\"https:\\\/\\\/www.inverseteams.com\\\/fr\\\/blog\\\/x-sauce-merida-factory-team-2026-juventud-talento-nacional-y-equipamiento-personalizado-de-inverse\\\/\",\"name\":\"X-Sauce Merida Factory Team 2026\u00a0: jeunesse, talent national et \u00e9quipement personnalis\u00e9 d'Inverse | Inverseteams\",\"isPartOf\":{\"@id\":\"https:\\\/\\\/www.inverseteams.com\\\/fr\\\/#website\"},\"primaryImageOfPage\":{\"@id\":\"https:\\\/\\\/www.inverseteams.com\\\/fr\\\/blog\\\/x-sauce-merida-factory-team-2026-juventud-talento-nacional-y-equipamiento-personalizado-de-inverse\\\/#primaryimage\"},\"image\":{\"@id\":\"https:\\\/\\\/www.inverseteams.com\\\/fr\\\/blog\\\/x-sauce-merida-factory-team-2026-juventud-talento-nacional-y-equipamiento-personalizado-de-inverse\\\/#primaryimage\"},\"thumbnailUrl\":\"https:\\\/\\\/www.inverseteams.com\\\/wp-content\\\/uploads\\\/INVERSE-EQUIPO-CICLISMO-XSAUCE-2026-001.jpg\",\"datePublished\":\"2026-03-06T08:22:37+00:00\",\"dateModified\":\"2026-03-09T09:26:03+00:00\",\"description\":\"La X-Sauce Merida Factory Team a officiellement pr\u00e9sent\u00e9 sa nouvelle saison 2026, consolidant ainsi son engagement en faveur du cyclisme de montagne espagnol et une structure renouvel\u00e9e qui allie jeunesse et exp\u00e9rience.\",\"breadcrumb\":{\"@id\":\"https:\\\/\\\/www.inverseteams.com\\\/fr\\\/blog\\\/x-sauce-merida-factory-team-2026-juventud-talento-nacional-y-equipamiento-personalizado-de-inverse\\\/#breadcrumb\"},\"inLanguage\":\"fr-FR\",\"potentialAction\":[{\"@type\":\"ReadAction\",\"target\":[\"https:\\\/\\\/www.inverseteams.com\\\/fr\\\/blog\\\/x-sauce-merida-factory-team-2026-juventud-talento-nacional-y-equipamiento-personalizado-de-inverse\\\/\"]}]},{\"@type\":\"ImageObject\",\"inLanguage\":\"fr-FR\",\"@id\":\"https:\\\/\\\/www.inverseteams.com\\\/fr\\\/blog\\\/x-sauce-merida-factory-team-2026-juventud-talento-nacional-y-equipamiento-personalizado-de-inverse\\\/#primaryimage\",\"url\":\"https:\\\/\\\/www.inverseteams.com\\\/wp-content\\\/uploads\\\/INVERSE-EQUIPO-CICLISMO-XSAUCE-2026-001.jpg\",\"contentUrl\":\"https:\\\/\\\/www.inverseteams.com\\\/wp-content\\\/uploads\\\/INVERSE-EQUIPO-CICLISMO-XSAUCE-2026-001.jpg\",\"width\":1920,\"height\":1280},{\"@type\":\"BreadcrumbList\",\"@id\":\"https:\\\/\\\/www.inverseteams.com\\\/fr\\\/blog\\\/x-sauce-merida-factory-team-2026-juventud-talento-nacional-y-equipamiento-personalizado-de-inverse\\\/#breadcrumb\",\"itemListElement\":[{\"@type\":\"ListItem\",\"position\":1,\"name\":\"Portada\",\"item\":\"https:\\\/\\\/www.inverseteams.com\\\/fr\\\/pagina-principal\\\/\"},{\"@type\":\"ListItem\",\"position\":2,\"name\":\"X-Sauce Merida Factory Team 2026\u00a0: jeunesse, talent national et \u00e9quipement personnalis\u00e9 d&rsquo;Inverse\"}]},{\"@type\":\"WebSite\",\"@id\":\"https:\\\/\\\/www.inverseteams.com\\\/fr\\\/#website\",\"url\":\"https:\\\/\\\/www.inverseteams.com\\\/fr\\\/\",\"name\":\"Inverseteams\",\"description\":\"Tu marca de ropa deportiva personalizada\",\"publisher\":{\"@id\":\"https:\\\/\\\/www.inverseteams.com\\\/fr\\\/#organization\"},\"potentialAction\":[{\"@type\":\"SearchAction\",\"target\":{\"@type\":\"EntryPoint\",\"urlTemplate\":\"https:\\\/\\\/www.inverseteams.com\\\/fr\\\/?s={search_term_string}\"},\"query-input\":{\"@type\":\"PropertyValueSpecification\",\"valueRequired\":true,\"valueName\":\"search_term_string\"}}],\"inLanguage\":\"fr-FR\"},{\"@type\":\"Organization\",\"@id\":\"https:\\\/\\\/www.inverseteams.com\\\/fr\\\/#organization\",\"name\":\"Inverse Teams\",\"url\":\"https:\\\/\\\/www.inverseteams.com\\\/fr\\\/\",\"logo\":{\"@type\":\"ImageObject\",\"inLanguage\":\"fr-FR\",\"@id\":\"https:\\\/\\\/www.inverseteams.com\\\/fr\\\/#\\\/schema\\\/logo\\\/image\\\/\",\"url\":\"https:\\\/\\\/www.inverseteams.com\\\/wp-content\\\/uploads\\\/2021\\\/03\\\/logo-inverse-teams.png\",\"contentUrl\":\"https:\\\/\\\/www.inverseteams.com\\\/wp-content\\\/uploads\\\/2021\\\/03\\\/logo-inverse-teams.png\",\"width\":294,\"height\":99,\"caption\":\"Inverse Teams\"},\"image\":{\"@id\":\"https:\\\/\\\/www.inverseteams.com\\\/fr\\\/#\\\/schema\\\/logo\\\/image\\\/\"},\"sameAs\":[\"https:\\\/\\\/www.facebook.com\\\/inverseteams\",\"http:\\\/\\\/instagram.com\\\/inverseteams\",\"https:\\\/\\\/www.linkedin.com\\\/company\\\/inverse-cirosport-s-l-?trk=job_view_topcard_company_name\",\"http:\\\/\\\/www.pinterest.com\\\/inverseteams\\\/\",\"http:\\\/\\\/www.youtube.com\\\/user\\\/inverseteams?feature=watch\"]},{\"@type\":\"Person\",\"@id\":\"https:\\\/\\\/www.inverseteams.com\\\/fr\\\/#\\\/schema\\\/person\\\/8e9cda76b6449aea55a18c6b0f3a15f1\",\"name\":\"xavier\",\"image\":{\"@type\":\"ImageObject\",\"inLanguage\":\"fr-FR\",\"@id\":\"https:\\\/\\\/secure.gravatar.com\\\/avatar\\\/602b199a1f28e97d83ab3a8bcb642260f5afd77cb09704889d85ddd70643cddb?s=96&d=mm&r=g\",\"url\":\"https:\\\/\\\/secure.gravatar.com\\\/avatar\\\/602b199a1f28e97d83ab3a8bcb642260f5afd77cb09704889d85ddd70643cddb?s=96&d=mm&r=g\",\"contentUrl\":\"https:\\\/\\\/secure.gravatar.com\\\/avatar\\\/602b199a1f28e97d83ab3a8bcb642260f5afd77cb09704889d85ddd70643cddb?s=96&d=mm&r=g\",\"caption\":\"xavier\"}}]}<\/script>\n<!-- \/ Yoast SEO plugin. -->","yoast_head_json":{"title":"X-Sauce Merida Factory Team 2026\u00a0: jeunesse, talent national et \u00e9quipement personnalis\u00e9 d'Inverse | Inverseteams","description":"La X-Sauce Merida Factory Team a officiellement pr\u00e9sent\u00e9 sa nouvelle saison 2026, consolidant ainsi son engagement en faveur du cyclisme de montagne espagnol et une structure renouvel\u00e9e qui allie jeunesse et exp\u00e9rience.","robots":{"index":"index","follow":"follow","max-snippet":"max-snippet:-1","max-image-preview":"max-image-preview:large","max-video-preview":"max-video-preview:-1"},"canonical":"https:\/\/www.inverseteams.com\/fr\/blog\/x-sauce-merida-factory-team-2026-juventud-talento-nacional-y-equipamiento-personalizado-de-inverse\/","og_locale":"fr_FR","og_type":"article","og_title":"X-Sauce Merida Factory Team 2026\u00a0: jeunesse, talent national et \u00e9quipement personnalis\u00e9 d'Inverse | Inverseteams","og_description":"La X-Sauce Merida Factory Team a officiellement pr\u00e9sent\u00e9 sa nouvelle saison 2026, consolidant ainsi son engagement en faveur du cyclisme de montagne espagnol et une structure renouvel\u00e9e qui allie jeunesse et exp\u00e9rience.","og_url":"https:\/\/www.inverseteams.com\/fr\/blog\/x-sauce-merida-factory-team-2026-juventud-talento-nacional-y-equipamiento-personalizado-de-inverse\/","og_site_name":"Inverseteams","article_publisher":"https:\/\/www.facebook.com\/inverseteams","article_published_time":"2026-03-06T08:22:37+00:00","article_modified_time":"2026-03-09T09:26:03+00:00","og_image":[{"width":1920,"height":1280,"url":"https:\/\/www.inverseteams.com\/wp-content\/uploads\/INVERSE-EQUIPO-CICLISMO-XSAUCE-2026-001.jpg","type":"image\/jpeg"}],"author":"xavier","twitter_card":"summary_large_image","twitter_misc":{"\u00c9crit par":"xavier","Dur\u00e9e de lecture estim\u00e9e":"4 minutes"},"schema":{"@context":"https:\/\/schema.org","@graph":[{"@type":"Article","@id":"https:\/\/www.inverseteams.com\/fr\/blog\/x-sauce-merida-factory-team-2026-juventud-talento-nacional-y-equipamiento-personalizado-de-inverse\/#article","isPartOf":{"@id":"https:\/\/www.inverseteams.com\/fr\/blog\/x-sauce-merida-factory-team-2026-juventud-talento-nacional-y-equipamiento-personalizado-de-inverse\/"},"author":{"name":"xavier","@id":"https:\/\/www.inverseteams.com\/fr\/#\/schema\/person\/8e9cda76b6449aea55a18c6b0f3a15f1"},"headline":"X-Sauce Merida Factory Team 2026\u00a0: jeunesse, talent national et \u00e9quipement personnalis\u00e9 d&rsquo;Inverse","datePublished":"2026-03-06T08:22:37+00:00","dateModified":"2026-03-09T09:26:03+00:00","mainEntityOfPage":{"@id":"https:\/\/www.inverseteams.com\/fr\/blog\/x-sauce-merida-factory-team-2026-juventud-talento-nacional-y-equipamiento-personalizado-de-inverse\/"},"wordCount":636,"commentCount":0,"publisher":{"@id":"https:\/\/www.inverseteams.com\/fr\/#organization"},"image":{"@id":"https:\/\/www.inverseteams.com\/fr\/blog\/x-sauce-merida-factory-team-2026-juventud-talento-nacional-y-equipamiento-personalizado-de-inverse\/#primaryimage"},"thumbnailUrl":"https:\/\/www.inverseteams.com\/wp-content\/uploads\/INVERSE-EQUIPO-CICLISMO-XSAUCE-2026-001.jpg","keywords":["inverse cycling","Hochleistungs-Radsportbekleidung","ropa ciclismo t\u00e9cnica","Inverse Radsport","individuelle Fahrradbekleidung","ropa MTB XCO","ropa ciclismo profesional","individuelle Radtrikots","ropa personalizada de ciclismo","cycling sponsorship","Inverse equipaciones personalizadas","X-Sauce Merida Factory Team","equipaciones ciclismo profesional","ma\u00dfgeschneiderte MTB Bekleidung","equipaciones equipos ciclistas","MTB Rennbekleidung","patrocinio ciclismo","MTB XCO apparel","professional cycling kits","MTB XCO Bekleidung","Radsport Sponsoring","personalisierte Radsportbekleidung","custom cycling apparel","personalized cycling clothing","custom cycling kits","Premium Radsportbekleidung","custom MTB kits","professional cycling team kits","equipaciones ciclismo Espa\u00f1a","professionelle Radsporttrikots","equipaciones MTB personalizadas","Radsportbekleidung f\u00fcr Profiteams","equipaciones MTB profesionales","ropa ciclismo a medida","inverse ciclismo","high performance cycling wear","ropa ciclismo de alto rendimiento"],"articleSection":["Cyclisme"],"inLanguage":"fr-FR","potentialAction":[{"@type":"CommentAction","name":"Comment","target":["https:\/\/www.inverseteams.com\/fr\/blog\/x-sauce-merida-factory-team-2026-juventud-talento-nacional-y-equipamiento-personalizado-de-inverse\/#respond"]}]},{"@type":"WebPage","@id":"https:\/\/www.inverseteams.com\/fr\/blog\/x-sauce-merida-factory-team-2026-juventud-talento-nacional-y-equipamiento-personalizado-de-inverse\/","url":"https:\/\/www.inverseteams.com\/fr\/blog\/x-sauce-merida-factory-team-2026-juventud-talento-nacional-y-equipamiento-personalizado-de-inverse\/","name":"X-Sauce Merida Factory Team 2026\u00a0: jeunesse, talent national et \u00e9quipement personnalis\u00e9 d'Inverse | Inverseteams","isPartOf":{"@id":"https:\/\/www.inverseteams.com\/fr\/#website"},"primaryImageOfPage":{"@id":"https:\/\/www.inverseteams.com\/fr\/blog\/x-sauce-merida-factory-team-2026-juventud-talento-nacional-y-equipamiento-personalizado-de-inverse\/#primaryimage"},"image":{"@id":"https:\/\/www.inverseteams.com\/fr\/blog\/x-sauce-merida-factory-team-2026-juventud-talento-nacional-y-equipamiento-personalizado-de-inverse\/#primaryimage"},"thumbnailUrl":"https:\/\/www.inverseteams.com\/wp-content\/uploads\/INVERSE-EQUIPO-CICLISMO-XSAUCE-2026-001.jpg","datePublished":"2026-03-06T08:22:37+00:00","dateModified":"2026-03-09T09:26:03+00:00","description":"La X-Sauce Merida Factory Team a officiellement pr\u00e9sent\u00e9 sa nouvelle saison 2026, consolidant ainsi son engagement en faveur du cyclisme de montagne espagnol et une structure renouvel\u00e9e qui allie jeunesse et exp\u00e9rience.","breadcrumb":{"@id":"https:\/\/www.inverseteams.com\/fr\/blog\/x-sauce-merida-factory-team-2026-juventud-talento-nacional-y-equipamiento-personalizado-de-inverse\/#breadcrumb"},"inLanguage":"fr-FR","potentialAction":[{"@type":"ReadAction","target":["https:\/\/www.inverseteams.com\/fr\/blog\/x-sauce-merida-factory-team-2026-juventud-talento-nacional-y-equipamiento-personalizado-de-inverse\/"]}]},{"@type":"ImageObject","inLanguage":"fr-FR","@id":"https:\/\/www.inverseteams.com\/fr\/blog\/x-sauce-merida-factory-team-2026-juventud-talento-nacional-y-equipamiento-personalizado-de-inverse\/#primaryimage","url":"https:\/\/www.inverseteams.com\/wp-content\/uploads\/INVERSE-EQUIPO-CICLISMO-XSAUCE-2026-001.jpg","contentUrl":"https:\/\/www.inverseteams.com\/wp-content\/uploads\/INVERSE-EQUIPO-CICLISMO-XSAUCE-2026-001.jpg","width":1920,"height":1280},{"@type":"BreadcrumbList","@id":"https:\/\/www.inverseteams.com\/fr\/blog\/x-sauce-merida-factory-team-2026-juventud-talento-nacional-y-equipamiento-personalizado-de-inverse\/#breadcrumb","itemListElement":[{"@type":"ListItem","position":1,"name":"Portada","item":"https:\/\/www.inverseteams.com\/fr\/pagina-principal\/"},{"@type":"ListItem","position":2,"name":"X-Sauce Merida Factory Team 2026\u00a0: jeunesse, talent national et \u00e9quipement personnalis\u00e9 d&rsquo;Inverse"}]},{"@type":"WebSite","@id":"https:\/\/www.inverseteams.com\/fr\/#website","url":"https:\/\/www.inverseteams.com\/fr\/","name":"Inverseteams","description":"Tu marca de ropa deportiva personalizada","publisher":{"@id":"https:\/\/www.inverseteams.com\/fr\/#organization"},"potentialAction":[{"@type":"SearchAction","target":{"@type":"EntryPoint","urlTemplate":"https:\/\/www.inverseteams.com\/fr\/?s={search_term_string}"},"query-input":{"@type":"PropertyValueSpecification","valueRequired":true,"valueName":"search_term_string"}}],"inLanguage":"fr-FR"},{"@type":"Organization","@id":"https:\/\/www.inverseteams.com\/fr\/#organization","name":"Inverse Teams","url":"https:\/\/www.inverseteams.com\/fr\/","logo":{"@type":"ImageObject","inLanguage":"fr-FR","@id":"https:\/\/www.inverseteams.com\/fr\/#\/schema\/logo\/image\/","url":"https:\/\/www.inverseteams.com\/wp-content\/uploads\/2021\/03\/logo-inverse-teams.png","contentUrl":"https:\/\/www.inverseteams.com\/wp-content\/uploads\/2021\/03\/logo-inverse-teams.png","width":294,"height":99,"caption":"Inverse Teams"},"image":{"@id":"https:\/\/www.inverseteams.com\/fr\/#\/schema\/logo\/image\/"},"sameAs":["https:\/\/www.facebook.com\/inverseteams","http:\/\/instagram.com\/inverseteams","https:\/\/www.linkedin.com\/company\/inverse-cirosport-s-l-?trk=job_view_topcard_company_name","http:\/\/www.pinterest.com\/inverseteams\/","http:\/\/www.youtube.com\/user\/inverseteams?feature=watch"]},{"@type":"Person","@id":"https:\/\/www.inverseteams.com\/fr\/#\/schema\/person\/8e9cda76b6449aea55a18c6b0f3a15f1","name":"xavier","image":{"@type":"ImageObject","inLanguage":"fr-FR","@id":"https:\/\/secure.gravatar.com\/avatar\/602b199a1f28e97d83ab3a8bcb642260f5afd77cb09704889d85ddd70643cddb?s=96&d=mm&r=g","url":"https:\/\/secure.gravatar.com\/avatar\/602b199a1f28e97d83ab3a8bcb642260f5afd77cb09704889d85ddd70643cddb?s=96&d=mm&r=g","contentUrl":"https:\/\/secure.gravatar.com\/avatar\/602b199a1f28e97d83ab3a8bcb642260f5afd77cb09704889d85ddd70643cddb?s=96&d=mm&r=g","caption":"xavier"}}]}},"_links":{"self":[{"href":"https:\/\/www.inverseteams.com\/fr\/wp-json\/wp\/v2\/posts\/279880","targetHints":{"allow":["GET"]}}],"collection":[{"href":"https:\/\/www.inverseteams.com\/fr\/wp-json\/wp\/v2\/posts"}],"about":[{"href":"https:\/\/www.inverseteams.com\/fr\/wp-json\/wp\/v2\/types\/post"}],"author":[{"embeddable":true,"href":"https:\/\/www.inverseteams.com\/fr\/wp-json\/wp\/v2\/users\/12"}],"replies":[{"embeddable":true,"href":"https:\/\/www.inverseteams.com\/fr\/wp-json\/wp\/v2\/comments?post=279880"}],"version-history":[{"count":0,"href":"https:\/\/www.inverseteams.com\/fr\/wp-json\/wp\/v2\/posts\/279880\/revisions"}],"wp:featuredmedia":[{"embeddable":true,"href":"https:\/\/www.inverseteams.com\/fr\/wp-json\/wp\/v2\/media\/279175"}],"wp:attachment":[{"href":"https:\/\/www.inverseteams.com\/fr\/wp-json\/wp\/v2\/media?parent=279880"}],"wp:term":[{"taxonomy":"category","embeddable":true,"href":"https:\/\/www.inverseteams.com\/fr\/wp-json\/wp\/v2\/categories?post=279880"},{"taxonomy":"post_tag","embeddable":true,"href":"https:\/\/www.inverseteams.com\/fr\/wp-json\/wp\/v2\/tags?post=279880"}],"curies":[{"name":"wp","href":"https:\/\/api.w.org\/{rel}","templated":true}]}}