{"id":261861,"date":"2025-06-18T10:54:27","date_gmt":"2025-06-18T10:54:27","guid":{"rendered":"https:\/\/www.inverseteams.com\/blog\/inverse-y-bixs-far_out-cycling-una-alianza-estrategica-para-conquistar-el-universo-gravel\/"},"modified":"2025-06-18T12:30:55","modified_gmt":"2025-06-18T12:30:55","slug":"inverse-y-bixs-far_out-cycling-una-alianza-estrategica-para-conquistar-el-universo-gravel","status":"publish","type":"post","link":"https:\/\/www.inverseteams.com\/fr\/blog\/inverse-y-bixs-far_out-cycling-una-alianza-estrategica-para-conquistar-el-universo-gravel\/","title":{"rendered":"Inverse et BIXS Far_Out Cycling : une alliance strat\u00e9gique pour conqu\u00e9rir l&rsquo;univers du gravel"},"content":{"rendered":"\n<figure class=\"wp-block-image size-large\"><img loading=\"lazy\" decoding=\"async\" width=\"1024\" height=\"683\" src=\"https:\/\/www.inverseteams.com\/wp-content\/uploads\/INVERSE-BIXS-FAR-OUT-CYCLING-GRAVEL-CUSTOM-001-1024x683.jpg\" alt=\"\" class=\"wp-image-261808\" srcset=\"https:\/\/www.inverseteams.com\/wp-content\/uploads\/INVERSE-BIXS-FAR-OUT-CYCLING-GRAVEL-CUSTOM-001-1024x683.jpg 1024w, https:\/\/www.inverseteams.com\/wp-content\/uploads\/INVERSE-BIXS-FAR-OUT-CYCLING-GRAVEL-CUSTOM-001-300x200.jpg 300w, https:\/\/www.inverseteams.com\/wp-content\/uploads\/INVERSE-BIXS-FAR-OUT-CYCLING-GRAVEL-CUSTOM-001-768x512.jpg 768w, https:\/\/www.inverseteams.com\/wp-content\/uploads\/INVERSE-BIXS-FAR-OUT-CYCLING-GRAVEL-CUSTOM-001-1536x1024.jpg 1536w, https:\/\/www.inverseteams.com\/wp-content\/uploads\/INVERSE-BIXS-FAR-OUT-CYCLING-GRAVEL-CUSTOM-001-420x280.jpg 420w, https:\/\/www.inverseteams.com\/wp-content\/uploads\/INVERSE-BIXS-FAR-OUT-CYCLING-GRAVEL-CUSTOM-001-64x43.jpg 64w, https:\/\/www.inverseteams.com\/wp-content\/uploads\/INVERSE-BIXS-FAR-OUT-CYCLING-GRAVEL-CUSTOM-001.jpg 1920w\" sizes=\"auto, (max-width: 1024px) 100vw, 1024px\" \/><\/figure>\n\n\n<div class=\"wrapper-heading\">\n<h2 class=\"wp-block-heading\">Le gravel n&rsquo;est pas seulement une discipline en plein essor : c&rsquo;est une philosophie de vie sur deux roues qui associe l&rsquo;aventure, la performance et la libert\u00e9.<\/h2>\n<\/div>\n\n<div class=\"wrapper-heading\">\n<h3 class=\"wp-block-heading\">Chez Inverse, nous avons toujours pari\u00e9 sur de nouvelles fa\u00e7ons de comprendre le cyclisme, et c&rsquo;est pourquoi habiller l&rsquo;\u00e9quipe BIXS Far_Out Cycling repr\u00e9sente une \u00e9tape strat\u00e9gique dans notre expansion dans le monde du gravel comp\u00e9titif et dans la conception de v\u00eatements de gravel personnalis\u00e9s et de collection.<\/h3>\n<\/div>\n\n\n<figure class=\"wp-block-image size-large\"><img loading=\"lazy\" decoding=\"async\" width=\"1024\" height=\"683\" src=\"https:\/\/www.inverseteams.com\/wp-content\/uploads\/INVERSE-BIXS-FAR-OUT-CYCLING-GRAVEL-CUSTOM-002-1024x683.jpg\" alt=\"\" class=\"wp-image-261813\" srcset=\"https:\/\/www.inverseteams.com\/wp-content\/uploads\/INVERSE-BIXS-FAR-OUT-CYCLING-GRAVEL-CUSTOM-002-1024x683.jpg 1024w, https:\/\/www.inverseteams.com\/wp-content\/uploads\/INVERSE-BIXS-FAR-OUT-CYCLING-GRAVEL-CUSTOM-002-300x200.jpg 300w, https:\/\/www.inverseteams.com\/wp-content\/uploads\/INVERSE-BIXS-FAR-OUT-CYCLING-GRAVEL-CUSTOM-002-768x512.jpg 768w, https:\/\/www.inverseteams.com\/wp-content\/uploads\/INVERSE-BIXS-FAR-OUT-CYCLING-GRAVEL-CUSTOM-002-1536x1024.jpg 1536w, https:\/\/www.inverseteams.com\/wp-content\/uploads\/INVERSE-BIXS-FAR-OUT-CYCLING-GRAVEL-CUSTOM-002-420x280.jpg 420w, https:\/\/www.inverseteams.com\/wp-content\/uploads\/INVERSE-BIXS-FAR-OUT-CYCLING-GRAVEL-CUSTOM-002-64x43.jpg 64w, https:\/\/www.inverseteams.com\/wp-content\/uploads\/INVERSE-BIXS-FAR-OUT-CYCLING-GRAVEL-CUSTOM-002.jpg 1920w\" sizes=\"auto, (max-width: 1024px) 100vw, 1024px\" \/><\/figure>\n\n\n<div class=\"wrapper-heading\">\n<h4 class=\"wp-block-heading\"><strong><strong>BIXS Far_Out Cycling : la passion suisse pour le gravel<\/strong><\/strong><\/h4>\n<\/div>\n\n\n<p><a href=\"https:\/\/www.bixs.com\/pages\/bixs-far_out-cycling\">L&rsquo;\u00e9quipe suisse <strong>BIXS Far_Out Cycling<\/strong><\/a> repr\u00e9sente parfaitement les valeurs du gravel moderne : libert\u00e9, connexion avec la nature, d\u00e9passement de soi et travail d&rsquo;\u00e9quipe. Elle participe aux principaux circuits internationaux, tels que la <strong>UCI Gravel World Series<\/strong> et la <strong>Gravel Earth Series<\/strong>, avec une approche comp\u00e9titive et authentique.<\/p>\n\n\n\n<p>L&rsquo;\u00e9quipe est dirig\u00e9e par <strong>Fisher et Corey Davis<\/strong>, un tandem international bas\u00e9 en Suisse qui a du talent, de l&rsquo;exp\u00e9rience et de l&rsquo;ambition :<\/p>\n\n\n\n<ul class=\"wp-block-list\">\n<li><strong><a href=\"https:\/\/www.bixs.com\/pages\/annabel-elizabeth-fisher\">Annabel Fisher<\/a><\/strong>, cycliste britannique, a \u00e9t\u00e9 <strong>championne nationale de gravel en 2024<\/strong> et a remport\u00e9 le titre de la <strong>Gravel Earth Series en 2023<\/strong>. Son palmar\u00e8s comprend des victoires dans certaines des courses de gravel les plus embl\u00e9matiques : <strong>La Traka<\/strong>, <strong>The Rift<\/strong> et <strong>Octopus Andermatt<\/strong>.<\/li>\n\n\n\n<li><strong><a href=\"https:\/\/www.bixs.com\/pages\/corey-davis\">Corey Davis<\/a><\/strong>, originaire des \u00c9tats-Unis, vient du cyclisme sur route, o\u00f9 il a remport\u00e9 le <strong>Sibiu Cycling Tour<\/strong>, le <strong>Fully Cycling KOM<\/strong> et le <strong>Iron Hill USAC<\/strong>, ainsi que des podiums au classement g\u00e9n\u00e9ral de la <strong>Haute Route US<\/strong> et au <strong>GP Kantons Aargau KOM<\/strong>.<\/li>\n<\/ul>\n\n\n\n<p>Tous deux apportent leur exp\u00e9rience, leurs performances et leur vision du gravel en tant qu&rsquo;espace de d\u00e9passement de soi et de d\u00e9couverte.<\/p>\n\n\n\n<figure class=\"wp-block-image size-large\"><img loading=\"lazy\" decoding=\"async\" width=\"1024\" height=\"683\" src=\"https:\/\/www.inverseteams.com\/wp-content\/uploads\/INVERSE-BIXS-FAR-OUT-CYCLING-GRAVEL-CUSTOM-003-1024x683.jpg\" alt=\"\" class=\"wp-image-261818\" srcset=\"https:\/\/www.inverseteams.com\/wp-content\/uploads\/INVERSE-BIXS-FAR-OUT-CYCLING-GRAVEL-CUSTOM-003-1024x683.jpg 1024w, https:\/\/www.inverseteams.com\/wp-content\/uploads\/INVERSE-BIXS-FAR-OUT-CYCLING-GRAVEL-CUSTOM-003-300x200.jpg 300w, https:\/\/www.inverseteams.com\/wp-content\/uploads\/INVERSE-BIXS-FAR-OUT-CYCLING-GRAVEL-CUSTOM-003-768x512.jpg 768w, https:\/\/www.inverseteams.com\/wp-content\/uploads\/INVERSE-BIXS-FAR-OUT-CYCLING-GRAVEL-CUSTOM-003-1536x1024.jpg 1536w, https:\/\/www.inverseteams.com\/wp-content\/uploads\/INVERSE-BIXS-FAR-OUT-CYCLING-GRAVEL-CUSTOM-003-420x280.jpg 420w, https:\/\/www.inverseteams.com\/wp-content\/uploads\/INVERSE-BIXS-FAR-OUT-CYCLING-GRAVEL-CUSTOM-003-64x43.jpg 64w, https:\/\/www.inverseteams.com\/wp-content\/uploads\/INVERSE-BIXS-FAR-OUT-CYCLING-GRAVEL-CUSTOM-003.jpg 1920w\" sizes=\"auto, (max-width: 1024px) 100vw, 1024px\" \/><\/figure>\n\n\n\n<p>Mais l&rsquo;une des personnes les plus int\u00e9ressantes de l&rsquo;\u00e9quipe est <strong>Tim Troxler<\/strong>, un excellent photographe qui est responsable de l&rsquo;image visuelle et des campagnes de l&rsquo;\u00e9quipe. Son regard transforme chaque s\u00e9ance d&rsquo;entra\u00eenement et chaque course en un r\u00e9cit \u00e9motionnel qui touche \u00e0 l&rsquo;\u00e2me du gravel.<\/p>\n\n\n\n<p>La structure est compl\u00e9t\u00e9e par une \u00e9quipe technique de premier ordre :<\/p>\n\n\n\n<ul class=\"wp-block-list\">\n<li><strong>Fridolin Engler<\/strong>, manager d&rsquo;\u00e9quipe, avec une vision claire de la haute performance sans perdre l&rsquo;essence du gravel.<\/li>\n\n\n\n<li><strong>Patrick Staubitzer<\/strong>, m\u00e9canicien, indispensable au bon fonctionnement du mat\u00e9riel dans les conditions les plus extr\u00eames.<\/li>\n\n\n\n<li><strong>Pascal Weber<\/strong>, manager de la performance et physioth\u00e9rapeute, charg\u00e9 d&rsquo;optimiser la condition physique et la r\u00e9cup\u00e9ration des cyclistes.<\/li>\n<\/ul>\n\n\n\n<figure class=\"wp-block-image size-large\"><img loading=\"lazy\" decoding=\"async\" width=\"1024\" height=\"683\" src=\"https:\/\/www.inverseteams.com\/wp-content\/uploads\/INVERSE-BIXS-FAR-OUT-CYCLING-GRAVEL-CUSTOM-004-1024x683.jpg\" alt=\"\" class=\"wp-image-261828\" srcset=\"https:\/\/www.inverseteams.com\/wp-content\/uploads\/INVERSE-BIXS-FAR-OUT-CYCLING-GRAVEL-CUSTOM-004-1024x683.jpg 1024w, https:\/\/www.inverseteams.com\/wp-content\/uploads\/INVERSE-BIXS-FAR-OUT-CYCLING-GRAVEL-CUSTOM-004-300x200.jpg 300w, https:\/\/www.inverseteams.com\/wp-content\/uploads\/INVERSE-BIXS-FAR-OUT-CYCLING-GRAVEL-CUSTOM-004-768x512.jpg 768w, https:\/\/www.inverseteams.com\/wp-content\/uploads\/INVERSE-BIXS-FAR-OUT-CYCLING-GRAVEL-CUSTOM-004-1536x1024.jpg 1536w, https:\/\/www.inverseteams.com\/wp-content\/uploads\/INVERSE-BIXS-FAR-OUT-CYCLING-GRAVEL-CUSTOM-004-420x280.jpg 420w, https:\/\/www.inverseteams.com\/wp-content\/uploads\/INVERSE-BIXS-FAR-OUT-CYCLING-GRAVEL-CUSTOM-004-64x43.jpg 64w, https:\/\/www.inverseteams.com\/wp-content\/uploads\/INVERSE-BIXS-FAR-OUT-CYCLING-GRAVEL-CUSTOM-004.jpg 1920w\" sizes=\"auto, (max-width: 1024px) 100vw, 1024px\" \/><\/figure>\n\n\n<div class=\"wrapper-heading\">\n<h4 class=\"wp-block-heading\"><strong><strong>BIXS : l&rsquo;ing\u00e9nierie suisse pour la terre et le gravier<\/strong><\/strong><\/h4>\n<\/div>\n\n\n<p>Derri\u00e8re cette puissante \u00e9quipe se trouve <strong><a href=\"https:\/\/www.bixs.com\/\">BIXS<\/a><\/strong>, une marque suisse qui compte plus de deux d\u00e9cennies d&rsquo;exp\u00e9rience dans la conception et la fabrication de v\u00e9los haut de gamme. Reconnue pour sa <strong>qualit\u00e9 exceptionnelle et sa fiabilit\u00e9 technique<\/strong>, BIXS repr\u00e9sente la pr\u00e9cision de l&rsquo;ing\u00e9nierie suisse appliqu\u00e9e au gravel : des v\u00e9los robustes, confortables et rapides, con\u00e7us pour ma\u00eetriser les terrains les plus exigeants. Une v\u00e9ritable r\u00e9f\u00e9rence europ\u00e9enne dans le monde du tout-terrain.<\/p>\n\n\n\n<figure class=\"wp-block-image size-large\"><img loading=\"lazy\" decoding=\"async\" width=\"1024\" height=\"683\" src=\"https:\/\/www.inverseteams.com\/wp-content\/uploads\/INVERSE-BIXS-FAR-OUT-CYCLING-GRAVEL-CUSTOM-005-1024x683.jpg\" alt=\"\" class=\"wp-image-261833\" srcset=\"https:\/\/www.inverseteams.com\/wp-content\/uploads\/INVERSE-BIXS-FAR-OUT-CYCLING-GRAVEL-CUSTOM-005-1024x683.jpg 1024w, https:\/\/www.inverseteams.com\/wp-content\/uploads\/INVERSE-BIXS-FAR-OUT-CYCLING-GRAVEL-CUSTOM-005-300x200.jpg 300w, https:\/\/www.inverseteams.com\/wp-content\/uploads\/INVERSE-BIXS-FAR-OUT-CYCLING-GRAVEL-CUSTOM-005-768x512.jpg 768w, https:\/\/www.inverseteams.com\/wp-content\/uploads\/INVERSE-BIXS-FAR-OUT-CYCLING-GRAVEL-CUSTOM-005-1536x1024.jpg 1536w, https:\/\/www.inverseteams.com\/wp-content\/uploads\/INVERSE-BIXS-FAR-OUT-CYCLING-GRAVEL-CUSTOM-005-420x280.jpg 420w, https:\/\/www.inverseteams.com\/wp-content\/uploads\/INVERSE-BIXS-FAR-OUT-CYCLING-GRAVEL-CUSTOM-005-64x43.jpg 64w, https:\/\/www.inverseteams.com\/wp-content\/uploads\/INVERSE-BIXS-FAR-OUT-CYCLING-GRAVEL-CUSTOM-005.jpg 1920w\" sizes=\"auto, (max-width: 1024px) 100vw, 1024px\" \/><\/figure>\n\n\n<div class=\"wrapper-heading\">\n<h4 class=\"wp-block-heading\"><strong><strong>Inverse, \u00e0 l&rsquo;avant-garde de la conception de v\u00eatements de gravel personnalis\u00e9s<\/strong><\/strong><\/h4>\n<\/div>\n\n\n<p>Habiller une \u00e9quipe comme BIXS Far_Out Cycling n&rsquo;est pas seulement un d\u00e9fi cr\u00e9atif : c&rsquo;est une d\u00e9claration d&rsquo;intention. Chez Inverse, nous avons con\u00e7u une <strong><a href=\"https:\/\/www.inverseteams.com\/fr\/custom\/vetements-gravel-personnalises\/?utm_source=Blog&amp;utm_medium=blog&amp;utm_campaign=BL-075%2F25+Inverse+y+BIXS+FR&amp;utm_id=BL-075%2F25+Inverse+y+BIXS+FR&amp;utm_term=Inverse+y+BIXS+FR&amp;utm_content=Inverse+y+BIXS+FR\">gamme unique de v\u00eatements de gravel personnalis\u00e9s<\/a><\/strong> qui allient technologie textile, a\u00e9rodynamisme et style, con\u00e7us pour r\u00e9sister aux longues distances et aux changements de terrain, de temps et de rythme. Chaque v\u00eatement a \u00e9t\u00e9 test\u00e9 par l&rsquo;\u00e9quipe et con\u00e7u pour offrir des performances maximales sans compromettre l&rsquo;esth\u00e9tique.<\/p>\n\n\n\n<p>Des cuissards r\u00e9sistants dot\u00e9s de panneaux renforc\u00e9s aux maillots \u00e0 s\u00e9chage ultra rapide, en passant par les poches strat\u00e9giques pour l&rsquo;autonomie sur route, les <strong>v\u00eatements de gravel personnalis\u00e9s d&rsquo;Inverse<\/strong> accompagnent le cycliste dans toutes sortes de d\u00e9fis. <strong>Et gr\u00e2ce \u00e0 notre syst\u00e8me de production personnalis\u00e9, toute \u00e9quipe ou cycliste individuel peut acc\u00e9der \u00e0 cette technologie et l&rsquo;adapter \u00e0 son identit\u00e9 visuelle.<\/strong><strong><\/strong><\/p>\n\n\n\n<figure class=\"wp-block-image size-large\"><img loading=\"lazy\" decoding=\"async\" width=\"1024\" height=\"683\" src=\"https:\/\/www.inverseteams.com\/wp-content\/uploads\/INVERSE-BIXS-FAR-OUT-CYCLING-GRAVEL-CUSTOM-006-1024x683.jpg\" alt=\"\" class=\"wp-image-261843\" srcset=\"https:\/\/www.inverseteams.com\/wp-content\/uploads\/INVERSE-BIXS-FAR-OUT-CYCLING-GRAVEL-CUSTOM-006-1024x683.jpg 1024w, https:\/\/www.inverseteams.com\/wp-content\/uploads\/INVERSE-BIXS-FAR-OUT-CYCLING-GRAVEL-CUSTOM-006-300x200.jpg 300w, https:\/\/www.inverseteams.com\/wp-content\/uploads\/INVERSE-BIXS-FAR-OUT-CYCLING-GRAVEL-CUSTOM-006-768x512.jpg 768w, https:\/\/www.inverseteams.com\/wp-content\/uploads\/INVERSE-BIXS-FAR-OUT-CYCLING-GRAVEL-CUSTOM-006-1536x1024.jpg 1536w, https:\/\/www.inverseteams.com\/wp-content\/uploads\/INVERSE-BIXS-FAR-OUT-CYCLING-GRAVEL-CUSTOM-006-420x280.jpg 420w, https:\/\/www.inverseteams.com\/wp-content\/uploads\/INVERSE-BIXS-FAR-OUT-CYCLING-GRAVEL-CUSTOM-006-64x43.jpg 64w, https:\/\/www.inverseteams.com\/wp-content\/uploads\/INVERSE-BIXS-FAR-OUT-CYCLING-GRAVEL-CUSTOM-006.jpg 1920w\" sizes=\"auto, (max-width: 1024px) 100vw, 1024px\" \/><\/figure>\n\n\n<div class=\"wrapper-heading\">\n<h4 class=\"wp-block-heading\"><strong><strong>Un pari sur l&rsquo;avenir<\/strong><\/strong><\/h4>\n<\/div>\n\n\n<p>Comme l&rsquo;expliquent nos amis de Polvu.cc, la collaboration avec une \u00e9quipe comme BIXS Far_Out Cycling repr\u00e9sente bien plus qu&rsquo;un partenariat sportif : elle s&rsquo;inscrit dans la <strong>strat\u00e9gie d&rsquo;Inverse de devenir une marque de r\u00e9f\u00e9rence dans le monde du gravel<\/strong>, aussi bien en comp\u00e9tition que dans le segment de l&rsquo;aventure et du bikepacking.<\/p>\n\n\n\n<p>Parce que <strong>le gravel, c&rsquo;est le pr\u00e9sent, mais c&rsquo;est surtout l&rsquo;avenir.<\/strong> Chez Inverse, nous p\u00e9dalons avec passion.<\/p>\n\n\n\n<div class=\"wp-block-buttons is-layout-flex wp-block-buttons-is-layout-flex\">\n<div class=\"wp-block-button\"><a class=\"wp-block-button__link wp-element-button\" href=\"https:\/\/www.inverseteams.com\/fr\/custom\/vetements-gravel-personnalises\/?utm_source=Blog&amp;utm_medium=blog&amp;utm_campaign=BL-075%2F25+Inverse+y+BIXS+FR&amp;utm_id=BL-075%2F25+Inverse+y+BIXS+FR&amp;utm_term=Inverse+y+BIXS+FR&amp;utm_content=Inverse+y+BIXS+FR\"><strong>Gravel Custom<\/strong><\/a><\/div>\n<\/div>\n\n\n\n<p><\/p>\n","protected":false},"excerpt":{"rendered":"<p>Le gravel n&rsquo;est pas seulement une discipline en plein essor : c&rsquo;est une philosophie de vie sur deux roues qui associe l&rsquo;aventure, la performance et la libert\u00e9. Chez Inverse, nous avons toujours pari\u00e9 sur de nouvelles fa\u00e7ons de comprendre le cyclisme, et c&rsquo;est pourquoi habiller l&rsquo;\u00e9quipe BIXS Far_Out Cycling repr\u00e9sente une \u00e9tape strat\u00e9gique dans notre [&hellip;]<\/p>\n","protected":false},"author":12,"featured_media":261811,"comment_status":"open","ping_status":"open","sticky":false,"template":"","format":"standard","meta":{"_acf_changed":false,"mc4wp_mailchimp_campaign":[],"footnotes":""},"categories":[14447],"tags":[17002,17018,17034,17050,17066,17082,17098,17114,17132,17148,17164,17003,17019,17035,17051,17067,17083,17099,17115,17133,17149,17165,17004,17020,17036,17052,17068,17084,17100,17116,17134,17150,17166,7805,17005,17021,17037,17053,17069,17085,17101,17119,17135,17151,17167,7806,17006,17022,17038,17054,17070,17086,17102,17120,17136,17152,17168,10082,17007,17023,17039,17055,17071,17087,17103,17121,17137,17153,17169,10102,17008,17024,17040,17056,17072,17088,17104,17122,17138,17154,17170,10114,17009,17025,17041,17057,17073,17089,17105,17123,17139,17155,17171,10382,17010,17026,17042,17058,17074,17090,17106,17124,17140,17156,17178,10962,17011,17027,17043,17059,17075,17091,17107,17125,17141,17157,17179,10969,17012,17028,17044,17060,17076,17092,17108,17126,17142,17158,10970,17013,17029,17045,17061,17077,17093,17109,17127,17143,17159,10971,17014,17030,17046,17062,17078,17094,17110,17128,17144,17160,13646,17015,17031,17047,17063,17079,17095,17111,17129,17145,17161,17000,17016,17032,17048,17064,17080,17096,17112,17130,17146,17162,17001,17017,17033,17049,17065,17081,17097,17113,17131,17147,17163],"class_list":["post-261861","post","type-post","status-publish","format-standard","has-post-thumbnail","hentry","category-gravel-fr","tag-adventure-cycling-fr","tag-collection-gravel-2025-fr","tag-durable-gravel-apparel-fr","tag-gravel-clothing-design-fr","tag-gravel-fashion-fr","tag-individuelle-gravel-bekleidung-fr","tag-leichte-gravel-kleidung-fr","tag-personalisierte-gravel-radbekleidung-fr","tag-roba-gravel-resistent-fr","tag-technical-gravel-wear-fr","tag-vetements-gravel-legers-fr","tag-bikepacking-gear-fr","tag-collection-inverse-gravel-fr","tag-equipacio-gravel-fr","tag-gravel-collection-fr","tag-gravel-jacke-fr","tag-inverse-ciclisme-gravel-fr","tag-lightweight-gravel-clothing-fr","tag-personalisierte-radbekleidung-fr","tag-roba-tecnica-gravel-fr","tag-technische-gravel-kleidung-fr","tag-vetements-gravel-personnalises-fr","tag-bikepacking-bekleidung-fr","tag-colleccio-gravel-ciclisme-fr","tag-equipacion-gravel-fr","tag-gravel-cycling-clothing-fr","tag-gravel-kleidung-damen-fr","tag-inverse-ciclismo-gravel-fr","tag-mallot-gravel-fr","tag-personalized-gravel-wear-fr","tag-robuste-gravel-kleidung-fr","tag-tendances-gravel-cyclisme-fr","tag-vetements-gravel-resistants-fr","tag-ropa-ciclismo-personalizada-fr","tag-chaqueta-gravel-fr","tag-colleccio-inverse-gravel-fr","tag-equipaciones-gravel-2025-fr","tag-gravel-cycling-collection-fr","tag-gravel-kleidung-herren-fr","tag-inverse-cycling-gravel-fr","tag-marca-roba-gravel-fr","tag-prendas-gravel-fr","tag-ropa-ciclismo-gravel-invierno-fr","tag-tendencias-gravel-ciclismo-fr","tag-vetements-gravel-sur-mesure-fr","tag-roba-ciclisme-personalitzada-fr","tag-ciclisme-bikepacking-fr","tag-colleccio-roba-gravel-fr","tag-equipacions-gravel-2025-fr","tag-gravel-cycling-fashion-fr","tag-gravel-kollektion-fr","tag-inverse-cyclisme-gravel-fr","tag-marca-ropa-gravel-fr","tag-professional-gravel-kit-fr","tag-ropa-ciclismo-gravel-personalizada-fr","tag-tendencies-gravel-ciclisme-fr","tag-vetements-inverse-gravel-fr","tag-gravel-jersey-fr","tag-ciclisme-daventura-fr","tag-cuissard-gravel-fr","tag-equipement-bikepacking-fr","tag-gravel-cycling-gear-fr","tag-gravel-kollektion-2025-fr","tag-inverse-gravel-fr","tag-marque-vetements-gravel-fr","tag-professionelle-gravel-kleidung-fr","tag-ropa-ciclismo-gravel-verano-fr","tag-tenue-cycliste-gravel-fr","tag-vetements-techniques-gravel-fr","tag-ropa-ciclismo-gravel-fr","tag-ciclisme-tot-terreny-fr","tag-culot-gravel-fr","tag-equipement-gravel-fr","tag-gravel-cyclisme-2-fr","tag-gravel-outfit-fr","tag-inverse-gravel-clothing-fr","tag-masgeschneiderte-radbekleidung-fr","tag-roba-ciclisme-gravel-estiu-fr","tag-ropa-ciclista-gravel-fr","tag-tenues-gravel-2-fr","tag-winter-gravel-clothing-fr","tag-gravel-bib-shorts-fr","tag-ciclismo-bikepacking-fr","tag-culote-gravel-fr","tag-equipement-gravel-professionnel-fr","tag-gravel-jacket-fr","tag-gravel-radbekleidung-fr","tag-inverse-gravel-collection-fr","tag-mens-gravel-clothing-fr","tag-roba-ciclisme-gravel-hivern-fr","tag-ropa-de-gravel-fr","tag-veste-gravel-fr","tag-womens-gravel-wear-fr","tag-maillot-gravel-fr","tag-ciclismo-de-aventura-fr","tag-custom-cycling-clothing-fr","tag-estil-gravel-fr","tag-gravel-kit-fr","tag-gravel-radkollektion-fr","tag-inverse-gravel-bekleidung-fr","tag-moda-ciclisme-gravel-fr","tag-roba-ciclisme-gravel-personalitzada-fr","tag-ropa-gravel-hombre-fr","tag-vetements-cyclisme-personnalises-fr","tag-bixs-fr","tag-gravel-cycling-fr","tag-ciclismo-gravel-moda-fr","tag-custom-cycling-gear-fr","tag-estilo-gravel-fr","tag-gravel-style-fr","tag-gravel-radoutfit-fr","tag-inverse-gravel-kollektion-fr","tag-moda-gravel-ciclisme-fr","tag-roba-ciclista-gravel-fr","tag-ropa-gravel-ligera-fr","tag-vetements-cyclistes-gravel-fr","tag-inverse-gravel-radsport-fr","tag-roba-ciclisme-gravel-fr","tag-ciclismo-todoterreno-fr","tag-custom-gravel-apparel-fr","tag-gravel-apparel-fr","tag-gravel-style-trends-fr","tag-gravel-radsport-fr","tag-inverse-roba-gravel-fr","tag-moda-gravel-ciclismo-fr","tag-roba-ciclista-personalitzada-fr","tag-ropa-gravel-mujer-fr","tag-vetements-cyclistes-personnalises-fr","tag-roba-personalitzada-gravel-fr","tag-coleccion-gravel-ciclismo-fr","tag-cyclisme-aventure-fr","tag-gravel-bike-kit-fr","tag-gravel-bekleidung-fr","tag-gravel-radsportmode-fr","tag-inverse-ropa-gravel-fr","tag-mode-cyclisme-gravel-fr","tag-roba-de-gravel-fr","tag-ropa-gravel-profesional-fr","tag-vetements-gravel-2-fr","tag-ropa-personalizada-gravel-fr","tag-coleccion-inverse-gravel-fr","tag-cyclisme-tout-terrain-fr","tag-gravel-ciclisme-fr","tag-gravel-bekleidung-sommer-fr","tag-gravel-stil-fr","tag-jaqueta-gravel-fr","tag-mode-gravel-cyclisme-fr","tag-roba-gravel-dona-fr","tag-ropa-gravel-resistente-fr","tag-vetements-gravel-ete-fr","tag-ropa-ciclista-personalizada-2-fr","tag-coleccion-ropa-gravel-fr","tag-design-vetements-gravel-fr","tag-gravel-ciclismo-fr","tag-gravel-bekleidung-winter-fr","tag-gravel-tragerhose-fr","tag-kit-gravel-ciclisme-fr","tag-off-road-cycling-fr","tag-roba-gravel-home-fr","tag-ropa-tecnica-gravel-fr","tag-vetements-gravel-femme-fr","tag-2025-gravel-collection-fr","tag-collection-cyclisme-gravel-fr","tag-diseno-ropa-gravel-fr","tag-gravel-clothing-fr","tag-gravel-bekleidungsmarke-fr","tag-gravel-trends-fr","tag-kit-gravel-ciclismo-fr","tag-offroad-radsport-fr","tag-roba-gravel-lleugera-fr","tag-style-gravel-fr","tag-vetements-gravel-hiver-fr","tag-abenteuer-radsport-fr","tag-collection-gravel-fr","tag-disseny-roba-gravel-fr","tag-gravel-clothing-brand-fr","tag-gravel-design-fr","tag-gravel-trikot-fr","tag-kit-gravel-cycliste-fr","tag-peces-gravel-fr","tag-roba-gravel-professional-fr","tag-summer-gravel-kit-fr","tag-vetements-gravel-homme-fr"],"acf":[],"yoast_head":"<!-- This site is optimized with the Yoast SEO plugin v27.3 - https:\/\/yoast.com\/product\/yoast-seo-wordpress\/ -->\n<title>Inverse et BIXS Far_Out Cycling : une alliance strat\u00e9gique pour conqu\u00e9rir l&#039;univers du gravel | Inverseteams<\/title>\n<meta name=\"description\" content=\"Le gravel n&#039;est pas seulement une discipline en plein essor : c&#039;est une philosophie de vie sur deux roues qui associe l&#039;aventure, la performance et la libert\u00e9.\" \/>\n<meta name=\"robots\" content=\"index, follow, max-snippet:-1, max-image-preview:large, max-video-preview:-1\" \/>\n<link rel=\"canonical\" href=\"https:\/\/www.inverseteams.com\/fr\/blog\/inverse-y-bixs-far_out-cycling-una-alianza-estrategica-para-conquistar-el-universo-gravel\/\" \/>\n<meta property=\"og:locale\" content=\"fr_FR\" \/>\n<meta property=\"og:type\" content=\"article\" \/>\n<meta property=\"og:title\" content=\"Inverse et BIXS Far_Out Cycling : une alliance strat\u00e9gique pour conqu\u00e9rir l&#039;univers du gravel | Inverseteams\" \/>\n<meta property=\"og:description\" content=\"Le gravel n&#039;est pas seulement une discipline en plein essor : c&#039;est une philosophie de vie sur deux roues qui associe l&#039;aventure, la performance et la libert\u00e9.\" \/>\n<meta property=\"og:url\" content=\"https:\/\/www.inverseteams.com\/fr\/blog\/inverse-y-bixs-far_out-cycling-una-alianza-estrategica-para-conquistar-el-universo-gravel\/\" \/>\n<meta property=\"og:site_name\" content=\"Inverseteams\" \/>\n<meta property=\"article:publisher\" content=\"https:\/\/www.facebook.com\/inverseteams\" \/>\n<meta property=\"article:published_time\" content=\"2025-06-18T10:54:27+00:00\" \/>\n<meta property=\"article:modified_time\" content=\"2025-06-18T12:30:55+00:00\" \/>\n<meta property=\"og:image\" content=\"https:\/\/www.inverseteams.com\/wp-content\/uploads\/INVERSE-BIXS-FAR-OUT-CYCLING-GRAVEL-CUSTOM-001.jpg\" \/>\n\t<meta property=\"og:image:width\" content=\"1920\" \/>\n\t<meta property=\"og:image:height\" content=\"1280\" \/>\n\t<meta property=\"og:image:type\" content=\"image\/jpeg\" \/>\n<meta name=\"author\" content=\"xavier\" \/>\n<meta name=\"twitter:card\" content=\"summary_large_image\" \/>\n<meta name=\"twitter:label1\" content=\"\u00c9crit par\" \/>\n\t<meta name=\"twitter:data1\" content=\"xavier\" \/>\n\t<meta name=\"twitter:label2\" content=\"Dur\u00e9e de lecture estim\u00e9e\" \/>\n\t<meta name=\"twitter:data2\" content=\"5 minutes\" \/>\n<script type=\"application\/ld+json\" class=\"yoast-schema-graph\">{\"@context\":\"https:\\\/\\\/schema.org\",\"@graph\":[{\"@type\":\"Article\",\"@id\":\"https:\\\/\\\/www.inverseteams.com\\\/fr\\\/blog\\\/inverse-y-bixs-far_out-cycling-una-alianza-estrategica-para-conquistar-el-universo-gravel\\\/#article\",\"isPartOf\":{\"@id\":\"https:\\\/\\\/www.inverseteams.com\\\/fr\\\/blog\\\/inverse-y-bixs-far_out-cycling-una-alianza-estrategica-para-conquistar-el-universo-gravel\\\/\"},\"author\":{\"name\":\"xavier\",\"@id\":\"https:\\\/\\\/www.inverseteams.com\\\/fr\\\/#\\\/schema\\\/person\\\/8e9cda76b6449aea55a18c6b0f3a15f1\"},\"headline\":\"Inverse et BIXS Far_Out Cycling : une alliance strat\u00e9gique pour conqu\u00e9rir l&rsquo;univers du gravel\",\"datePublished\":\"2025-06-18T10:54:27+00:00\",\"dateModified\":\"2025-06-18T12:30:55+00:00\",\"mainEntityOfPage\":{\"@id\":\"https:\\\/\\\/www.inverseteams.com\\\/fr\\\/blog\\\/inverse-y-bixs-far_out-cycling-una-alianza-estrategica-para-conquistar-el-universo-gravel\\\/\"},\"wordCount\":799,\"commentCount\":0,\"publisher\":{\"@id\":\"https:\\\/\\\/www.inverseteams.com\\\/fr\\\/#organization\"},\"image\":{\"@id\":\"https:\\\/\\\/www.inverseteams.com\\\/fr\\\/blog\\\/inverse-y-bixs-far_out-cycling-una-alianza-estrategica-para-conquistar-el-universo-gravel\\\/#primaryimage\"},\"thumbnailUrl\":\"https:\\\/\\\/www.inverseteams.com\\\/wp-content\\\/uploads\\\/INVERSE-BIXS-FAR-OUT-CYCLING-GRAVEL-CUSTOM-001.jpg\",\"keywords\":[\"adventure cycling\",\"collection gravel 2025\",\"durable gravel apparel\",\"gravel clothing design\",\"Gravel-Fashion\",\"individuelle Gravel-Bekleidung\",\"leichte Gravel-Kleidung\",\"personalisierte Gravel-Radbekleidung\",\"roba gravel resistent\",\"technical gravel wear\",\"v\u00eatements gravel l\u00e9gers\",\"bikepacking gear\",\"collection Inverse gravel\",\"equipaci\u00f3 gravel\",\"gravel collection\",\"Gravel-Jacke\",\"Inverse ciclisme gravel\",\"lightweight gravel clothing\",\"personalisierte Radbekleidung\",\"roba t\u00e8cnica gravel\",\"technische Gravel-Kleidung\",\"v\u00eatements gravel personnalis\u00e9s\",\"Bikepacking-Bekleidung\",\"col\u00b7lecci\u00f3 gravel ciclisme\",\"equipaci\u00f3n gravel\",\"gravel cycling clothing\",\"Gravel-Kleidung Damen\",\"Inverse ciclismo gravel\",\"mallot gravel\",\"personalized gravel wear\",\"robuste Gravel-Kleidung\",\"tendances gravel cyclisme\",\"v\u00eatements gravel r\u00e9sistants\",\"ropa ciclismo personalizada\",\"chaqueta gravel\",\"col\u00b7lecci\u00f3 Inverse gravel\",\"equipaciones gravel 2025\",\"gravel cycling collection\",\"Gravel-Kleidung Herren\",\"Inverse cycling gravel\",\"marca roba gravel\",\"prendas gravel\",\"ropa ciclismo gravel invierno\",\"tendencias gravel ciclismo\",\"v\u00eatements gravel sur mesure\",\"roba ciclisme personalitzada\",\"ciclisme bikepacking\",\"col\u00b7lecci\u00f3 roba gravel\",\"equipacions gravel 2025\",\"gravel cycling fashion\",\"Gravel-Kollektion\",\"Inverse cyclisme gravel\",\"marca ropa gravel\",\"professional gravel kit\",\"ropa ciclismo gravel personalizada\",\"tend\u00e8ncies gravel ciclisme\",\"v\u00eatements Inverse gravel\",\"gravel jersey\",\"ciclisme d&#8217;aventura\",\"cuissard gravel\",\"\u00e9quipement bikepacking\",\"gravel cycling gear\",\"Gravel-Kollektion 2025\",\"Inverse gravel\",\"marque v\u00eatements gravel\",\"professionelle Gravel-Kleidung\",\"ropa ciclismo gravel verano\",\"tenue cycliste gravel\",\"v\u00eatements techniques gravel\",\"ropa ciclismo gravel\",\"ciclisme tot terreny\",\"culot gravel\",\"\u00e9quipement gravel\",\"gravel cyclisme\",\"Gravel-Outfit\",\"Inverse gravel clothing\",\"ma\u00dfgeschneiderte Radbekleidung\",\"roba ciclisme gravel estiu\",\"ropa ciclista gravel\",\"tenues gravel\",\"winter gravel clothing\",\"gravel bib shorts\",\"ciclismo bikepacking\",\"culote gravel\",\"\u00e9quipement gravel professionnel\",\"gravel jacket\",\"Gravel-Radbekleidung\",\"Inverse gravel collection\",\"men\u2019s gravel clothing\",\"roba ciclisme gravel hivern\",\"ropa de gravel\",\"veste gravel\",\"women\u2019s gravel wear\",\"maillot gravel\",\"ciclismo de aventura\",\"custom cycling clothing\",\"estil gravel\",\"gravel kit\",\"Gravel-Radkollektion\",\"Inverse Gravel-Bekleidung\",\"moda ciclisme gravel\",\"roba ciclisme gravel personalitzada\",\"ropa gravel hombre\",\"v\u00eatements cyclisme personnalis\u00e9s\",\"BIXS\",\"gravel cycling\",\"ciclismo gravel moda\",\"custom cycling gear\",\"estilo gravel\",\"gravel style\",\"Gravel-Radoutfit\",\"Inverse Gravel-Kollektion\",\"moda gravel ciclisme\",\"roba ciclista gravel\",\"ropa gravel ligera\",\"v\u00eatements cyclistes gravel\",\"Inverse Gravel-Radsport\",\"roba ciclisme gravel\",\"ciclismo todoterreno\",\"custom gravel apparel\",\"gravel apparel\",\"gravel style trends\",\"Gravel-Radsport\",\"Inverse roba gravel\",\"moda gravel ciclismo\",\"roba ciclista personalitzada\",\"ropa gravel mujer\",\"v\u00eatements cyclistes personnalis\u00e9s\",\"roba personalitzada gravel\",\"colecci\u00f3n gravel ciclismo\",\"cyclisme aventure\",\"gravel bike kit\",\"Gravel-Bekleidung\",\"Gravel-Radsportmode\",\"Inverse ropa gravel\",\"mode cyclisme gravel\",\"roba de gravel\",\"ropa gravel profesional\",\"v\u00eatements gravel\",\"ropa personalizada gravel\",\"colecci\u00f3n Inverse gravel\",\"cyclisme tout-terrain\",\"gravel ciclisme\",\"Gravel-Bekleidung Sommer\",\"Gravel-Stil\",\"jaqueta gravel\",\"mode gravel cyclisme\",\"roba gravel dona\",\"ropa gravel resistente\",\"v\u00eatements gravel \u00e9t\u00e9\",\"ropa ciclista personalizada\",\"colecci\u00f3n ropa gravel\",\"design v\u00eatements gravel\",\"gravel ciclismo\",\"Gravel-Bekleidung Winter\",\"Gravel-Tr\u00e4gerhose\",\"kit gravel ciclisme\",\"off-road cycling\",\"roba gravel home\",\"ropa t\u00e9cnica gravel\",\"v\u00eatements gravel femme\",\"2025 gravel collection\",\"collection cyclisme gravel\",\"dise\u00f1o ropa gravel\",\"gravel clothing\",\"Gravel-Bekleidungsmarke\",\"Gravel-Trends\",\"kit gravel ciclismo\",\"Offroad-Radsport\",\"roba gravel lleugera\",\"style gravel\",\"v\u00eatements gravel hiver\",\"Abenteuer-Radsport\",\"collection gravel\",\"disseny roba gravel\",\"gravel clothing brand\",\"Gravel-Design\",\"Gravel-Trikot\",\"kit gravel cycliste\",\"peces gravel\",\"roba gravel professional\",\"summer gravel kit\",\"v\u00eatements gravel homme\"],\"articleSection\":[\"Gravel\"],\"inLanguage\":\"fr-FR\",\"potentialAction\":[{\"@type\":\"CommentAction\",\"name\":\"Comment\",\"target\":[\"https:\\\/\\\/www.inverseteams.com\\\/fr\\\/blog\\\/inverse-y-bixs-far_out-cycling-una-alianza-estrategica-para-conquistar-el-universo-gravel\\\/#respond\"]}]},{\"@type\":\"WebPage\",\"@id\":\"https:\\\/\\\/www.inverseteams.com\\\/fr\\\/blog\\\/inverse-y-bixs-far_out-cycling-una-alianza-estrategica-para-conquistar-el-universo-gravel\\\/\",\"url\":\"https:\\\/\\\/www.inverseteams.com\\\/fr\\\/blog\\\/inverse-y-bixs-far_out-cycling-una-alianza-estrategica-para-conquistar-el-universo-gravel\\\/\",\"name\":\"Inverse et BIXS Far_Out Cycling : une alliance strat\u00e9gique pour conqu\u00e9rir l'univers du gravel | Inverseteams\",\"isPartOf\":{\"@id\":\"https:\\\/\\\/www.inverseteams.com\\\/fr\\\/#website\"},\"primaryImageOfPage\":{\"@id\":\"https:\\\/\\\/www.inverseteams.com\\\/fr\\\/blog\\\/inverse-y-bixs-far_out-cycling-una-alianza-estrategica-para-conquistar-el-universo-gravel\\\/#primaryimage\"},\"image\":{\"@id\":\"https:\\\/\\\/www.inverseteams.com\\\/fr\\\/blog\\\/inverse-y-bixs-far_out-cycling-una-alianza-estrategica-para-conquistar-el-universo-gravel\\\/#primaryimage\"},\"thumbnailUrl\":\"https:\\\/\\\/www.inverseteams.com\\\/wp-content\\\/uploads\\\/INVERSE-BIXS-FAR-OUT-CYCLING-GRAVEL-CUSTOM-001.jpg\",\"datePublished\":\"2025-06-18T10:54:27+00:00\",\"dateModified\":\"2025-06-18T12:30:55+00:00\",\"description\":\"Le gravel n'est pas seulement une discipline en plein essor : c'est une philosophie de vie sur deux roues qui associe l'aventure, la performance et la libert\u00e9.\",\"breadcrumb\":{\"@id\":\"https:\\\/\\\/www.inverseteams.com\\\/fr\\\/blog\\\/inverse-y-bixs-far_out-cycling-una-alianza-estrategica-para-conquistar-el-universo-gravel\\\/#breadcrumb\"},\"inLanguage\":\"fr-FR\",\"potentialAction\":[{\"@type\":\"ReadAction\",\"target\":[\"https:\\\/\\\/www.inverseteams.com\\\/fr\\\/blog\\\/inverse-y-bixs-far_out-cycling-una-alianza-estrategica-para-conquistar-el-universo-gravel\\\/\"]}]},{\"@type\":\"ImageObject\",\"inLanguage\":\"fr-FR\",\"@id\":\"https:\\\/\\\/www.inverseteams.com\\\/fr\\\/blog\\\/inverse-y-bixs-far_out-cycling-una-alianza-estrategica-para-conquistar-el-universo-gravel\\\/#primaryimage\",\"url\":\"https:\\\/\\\/www.inverseteams.com\\\/wp-content\\\/uploads\\\/INVERSE-BIXS-FAR-OUT-CYCLING-GRAVEL-CUSTOM-001.jpg\",\"contentUrl\":\"https:\\\/\\\/www.inverseteams.com\\\/wp-content\\\/uploads\\\/INVERSE-BIXS-FAR-OUT-CYCLING-GRAVEL-CUSTOM-001.jpg\",\"width\":1920,\"height\":1280},{\"@type\":\"BreadcrumbList\",\"@id\":\"https:\\\/\\\/www.inverseteams.com\\\/fr\\\/blog\\\/inverse-y-bixs-far_out-cycling-una-alianza-estrategica-para-conquistar-el-universo-gravel\\\/#breadcrumb\",\"itemListElement\":[{\"@type\":\"ListItem\",\"position\":1,\"name\":\"Portada\",\"item\":\"https:\\\/\\\/www.inverseteams.com\\\/fr\\\/pagina-principal\\\/\"},{\"@type\":\"ListItem\",\"position\":2,\"name\":\"Inverse et BIXS Far_Out Cycling : une alliance strat\u00e9gique pour conqu\u00e9rir l&rsquo;univers du gravel\"}]},{\"@type\":\"WebSite\",\"@id\":\"https:\\\/\\\/www.inverseteams.com\\\/fr\\\/#website\",\"url\":\"https:\\\/\\\/www.inverseteams.com\\\/fr\\\/\",\"name\":\"Inverseteams\",\"description\":\"Tu marca de ropa deportiva personalizada\",\"publisher\":{\"@id\":\"https:\\\/\\\/www.inverseteams.com\\\/fr\\\/#organization\"},\"potentialAction\":[{\"@type\":\"SearchAction\",\"target\":{\"@type\":\"EntryPoint\",\"urlTemplate\":\"https:\\\/\\\/www.inverseteams.com\\\/fr\\\/?s={search_term_string}\"},\"query-input\":{\"@type\":\"PropertyValueSpecification\",\"valueRequired\":true,\"valueName\":\"search_term_string\"}}],\"inLanguage\":\"fr-FR\"},{\"@type\":\"Organization\",\"@id\":\"https:\\\/\\\/www.inverseteams.com\\\/fr\\\/#organization\",\"name\":\"Inverse Teams\",\"url\":\"https:\\\/\\\/www.inverseteams.com\\\/fr\\\/\",\"logo\":{\"@type\":\"ImageObject\",\"inLanguage\":\"fr-FR\",\"@id\":\"https:\\\/\\\/www.inverseteams.com\\\/fr\\\/#\\\/schema\\\/logo\\\/image\\\/\",\"url\":\"https:\\\/\\\/www.inverseteams.com\\\/wp-content\\\/uploads\\\/2021\\\/03\\\/logo-inverse-teams.png\",\"contentUrl\":\"https:\\\/\\\/www.inverseteams.com\\\/wp-content\\\/uploads\\\/2021\\\/03\\\/logo-inverse-teams.png\",\"width\":294,\"height\":99,\"caption\":\"Inverse Teams\"},\"image\":{\"@id\":\"https:\\\/\\\/www.inverseteams.com\\\/fr\\\/#\\\/schema\\\/logo\\\/image\\\/\"},\"sameAs\":[\"https:\\\/\\\/www.facebook.com\\\/inverseteams\",\"http:\\\/\\\/instagram.com\\\/inverseteams\",\"https:\\\/\\\/www.linkedin.com\\\/company\\\/inverse-cirosport-s-l-?trk=job_view_topcard_company_name\",\"http:\\\/\\\/www.pinterest.com\\\/inverseteams\\\/\",\"http:\\\/\\\/www.youtube.com\\\/user\\\/inverseteams?feature=watch\"]},{\"@type\":\"Person\",\"@id\":\"https:\\\/\\\/www.inverseteams.com\\\/fr\\\/#\\\/schema\\\/person\\\/8e9cda76b6449aea55a18c6b0f3a15f1\",\"name\":\"xavier\",\"image\":{\"@type\":\"ImageObject\",\"inLanguage\":\"fr-FR\",\"@id\":\"https:\\\/\\\/secure.gravatar.com\\\/avatar\\\/602b199a1f28e97d83ab3a8bcb642260f5afd77cb09704889d85ddd70643cddb?s=96&d=mm&r=g\",\"url\":\"https:\\\/\\\/secure.gravatar.com\\\/avatar\\\/602b199a1f28e97d83ab3a8bcb642260f5afd77cb09704889d85ddd70643cddb?s=96&d=mm&r=g\",\"contentUrl\":\"https:\\\/\\\/secure.gravatar.com\\\/avatar\\\/602b199a1f28e97d83ab3a8bcb642260f5afd77cb09704889d85ddd70643cddb?s=96&d=mm&r=g\",\"caption\":\"xavier\"}}]}<\/script>\n<!-- \/ Yoast SEO plugin. -->","yoast_head_json":{"title":"Inverse et BIXS Far_Out Cycling : une alliance strat\u00e9gique pour conqu\u00e9rir l'univers du gravel | Inverseteams","description":"Le gravel n'est pas seulement une discipline en plein essor : c'est une philosophie de vie sur deux roues qui associe l'aventure, la performance et la libert\u00e9.","robots":{"index":"index","follow":"follow","max-snippet":"max-snippet:-1","max-image-preview":"max-image-preview:large","max-video-preview":"max-video-preview:-1"},"canonical":"https:\/\/www.inverseteams.com\/fr\/blog\/inverse-y-bixs-far_out-cycling-una-alianza-estrategica-para-conquistar-el-universo-gravel\/","og_locale":"fr_FR","og_type":"article","og_title":"Inverse et BIXS Far_Out Cycling : une alliance strat\u00e9gique pour conqu\u00e9rir l'univers du gravel | Inverseteams","og_description":"Le gravel n'est pas seulement une discipline en plein essor : c'est une philosophie de vie sur deux roues qui associe l'aventure, la performance et la libert\u00e9.","og_url":"https:\/\/www.inverseteams.com\/fr\/blog\/inverse-y-bixs-far_out-cycling-una-alianza-estrategica-para-conquistar-el-universo-gravel\/","og_site_name":"Inverseteams","article_publisher":"https:\/\/www.facebook.com\/inverseteams","article_published_time":"2025-06-18T10:54:27+00:00","article_modified_time":"2025-06-18T12:30:55+00:00","og_image":[{"width":1920,"height":1280,"url":"https:\/\/www.inverseteams.com\/wp-content\/uploads\/INVERSE-BIXS-FAR-OUT-CYCLING-GRAVEL-CUSTOM-001.jpg","type":"image\/jpeg"}],"author":"xavier","twitter_card":"summary_large_image","twitter_misc":{"\u00c9crit par":"xavier","Dur\u00e9e de lecture estim\u00e9e":"5 minutes"},"schema":{"@context":"https:\/\/schema.org","@graph":[{"@type":"Article","@id":"https:\/\/www.inverseteams.com\/fr\/blog\/inverse-y-bixs-far_out-cycling-una-alianza-estrategica-para-conquistar-el-universo-gravel\/#article","isPartOf":{"@id":"https:\/\/www.inverseteams.com\/fr\/blog\/inverse-y-bixs-far_out-cycling-una-alianza-estrategica-para-conquistar-el-universo-gravel\/"},"author":{"name":"xavier","@id":"https:\/\/www.inverseteams.com\/fr\/#\/schema\/person\/8e9cda76b6449aea55a18c6b0f3a15f1"},"headline":"Inverse et BIXS Far_Out Cycling : une alliance strat\u00e9gique pour conqu\u00e9rir l&rsquo;univers du gravel","datePublished":"2025-06-18T10:54:27+00:00","dateModified":"2025-06-18T12:30:55+00:00","mainEntityOfPage":{"@id":"https:\/\/www.inverseteams.com\/fr\/blog\/inverse-y-bixs-far_out-cycling-una-alianza-estrategica-para-conquistar-el-universo-gravel\/"},"wordCount":799,"commentCount":0,"publisher":{"@id":"https:\/\/www.inverseteams.com\/fr\/#organization"},"image":{"@id":"https:\/\/www.inverseteams.com\/fr\/blog\/inverse-y-bixs-far_out-cycling-una-alianza-estrategica-para-conquistar-el-universo-gravel\/#primaryimage"},"thumbnailUrl":"https:\/\/www.inverseteams.com\/wp-content\/uploads\/INVERSE-BIXS-FAR-OUT-CYCLING-GRAVEL-CUSTOM-001.jpg","keywords":["adventure cycling","collection gravel 2025","durable gravel apparel","gravel clothing design","Gravel-Fashion","individuelle Gravel-Bekleidung","leichte Gravel-Kleidung","personalisierte Gravel-Radbekleidung","roba gravel resistent","technical gravel wear","v\u00eatements gravel l\u00e9gers","bikepacking gear","collection Inverse gravel","equipaci\u00f3 gravel","gravel collection","Gravel-Jacke","Inverse ciclisme gravel","lightweight gravel clothing","personalisierte Radbekleidung","roba t\u00e8cnica gravel","technische Gravel-Kleidung","v\u00eatements gravel personnalis\u00e9s","Bikepacking-Bekleidung","col\u00b7lecci\u00f3 gravel ciclisme","equipaci\u00f3n gravel","gravel cycling clothing","Gravel-Kleidung Damen","Inverse ciclismo gravel","mallot gravel","personalized gravel wear","robuste Gravel-Kleidung","tendances gravel cyclisme","v\u00eatements gravel r\u00e9sistants","ropa ciclismo personalizada","chaqueta gravel","col\u00b7lecci\u00f3 Inverse gravel","equipaciones gravel 2025","gravel cycling collection","Gravel-Kleidung Herren","Inverse cycling gravel","marca roba gravel","prendas gravel","ropa ciclismo gravel invierno","tendencias gravel ciclismo","v\u00eatements gravel sur mesure","roba ciclisme personalitzada","ciclisme bikepacking","col\u00b7lecci\u00f3 roba gravel","equipacions gravel 2025","gravel cycling fashion","Gravel-Kollektion","Inverse cyclisme gravel","marca ropa gravel","professional gravel kit","ropa ciclismo gravel personalizada","tend\u00e8ncies gravel ciclisme","v\u00eatements Inverse gravel","gravel jersey","ciclisme d&#8217;aventura","cuissard gravel","\u00e9quipement bikepacking","gravel cycling gear","Gravel-Kollektion 2025","Inverse gravel","marque v\u00eatements gravel","professionelle Gravel-Kleidung","ropa ciclismo gravel verano","tenue cycliste gravel","v\u00eatements techniques gravel","ropa ciclismo gravel","ciclisme tot terreny","culot gravel","\u00e9quipement gravel","gravel cyclisme","Gravel-Outfit","Inverse gravel clothing","ma\u00dfgeschneiderte Radbekleidung","roba ciclisme gravel estiu","ropa ciclista gravel","tenues gravel","winter gravel clothing","gravel bib shorts","ciclismo bikepacking","culote gravel","\u00e9quipement gravel professionnel","gravel jacket","Gravel-Radbekleidung","Inverse gravel collection","men\u2019s gravel clothing","roba ciclisme gravel hivern","ropa de gravel","veste gravel","women\u2019s gravel wear","maillot gravel","ciclismo de aventura","custom cycling clothing","estil gravel","gravel kit","Gravel-Radkollektion","Inverse Gravel-Bekleidung","moda ciclisme gravel","roba ciclisme gravel personalitzada","ropa gravel hombre","v\u00eatements cyclisme personnalis\u00e9s","BIXS","gravel cycling","ciclismo gravel moda","custom cycling gear","estilo gravel","gravel style","Gravel-Radoutfit","Inverse Gravel-Kollektion","moda gravel ciclisme","roba ciclista gravel","ropa gravel ligera","v\u00eatements cyclistes gravel","Inverse Gravel-Radsport","roba ciclisme gravel","ciclismo todoterreno","custom gravel apparel","gravel apparel","gravel style trends","Gravel-Radsport","Inverse roba gravel","moda gravel ciclismo","roba ciclista personalitzada","ropa gravel mujer","v\u00eatements cyclistes personnalis\u00e9s","roba personalitzada gravel","colecci\u00f3n gravel ciclismo","cyclisme aventure","gravel bike kit","Gravel-Bekleidung","Gravel-Radsportmode","Inverse ropa gravel","mode cyclisme gravel","roba de gravel","ropa gravel profesional","v\u00eatements gravel","ropa personalizada gravel","colecci\u00f3n Inverse gravel","cyclisme tout-terrain","gravel ciclisme","Gravel-Bekleidung Sommer","Gravel-Stil","jaqueta gravel","mode gravel cyclisme","roba gravel dona","ropa gravel resistente","v\u00eatements gravel \u00e9t\u00e9","ropa ciclista personalizada","colecci\u00f3n ropa gravel","design v\u00eatements gravel","gravel ciclismo","Gravel-Bekleidung Winter","Gravel-Tr\u00e4gerhose","kit gravel ciclisme","off-road cycling","roba gravel home","ropa t\u00e9cnica gravel","v\u00eatements gravel femme","2025 gravel collection","collection cyclisme gravel","dise\u00f1o ropa gravel","gravel clothing","Gravel-Bekleidungsmarke","Gravel-Trends","kit gravel ciclismo","Offroad-Radsport","roba gravel lleugera","style gravel","v\u00eatements gravel hiver","Abenteuer-Radsport","collection gravel","disseny roba gravel","gravel clothing brand","Gravel-Design","Gravel-Trikot","kit gravel cycliste","peces gravel","roba gravel professional","summer gravel kit","v\u00eatements gravel homme"],"articleSection":["Gravel"],"inLanguage":"fr-FR","potentialAction":[{"@type":"CommentAction","name":"Comment","target":["https:\/\/www.inverseteams.com\/fr\/blog\/inverse-y-bixs-far_out-cycling-una-alianza-estrategica-para-conquistar-el-universo-gravel\/#respond"]}]},{"@type":"WebPage","@id":"https:\/\/www.inverseteams.com\/fr\/blog\/inverse-y-bixs-far_out-cycling-una-alianza-estrategica-para-conquistar-el-universo-gravel\/","url":"https:\/\/www.inverseteams.com\/fr\/blog\/inverse-y-bixs-far_out-cycling-una-alianza-estrategica-para-conquistar-el-universo-gravel\/","name":"Inverse et BIXS Far_Out Cycling : une alliance strat\u00e9gique pour conqu\u00e9rir l'univers du gravel | Inverseteams","isPartOf":{"@id":"https:\/\/www.inverseteams.com\/fr\/#website"},"primaryImageOfPage":{"@id":"https:\/\/www.inverseteams.com\/fr\/blog\/inverse-y-bixs-far_out-cycling-una-alianza-estrategica-para-conquistar-el-universo-gravel\/#primaryimage"},"image":{"@id":"https:\/\/www.inverseteams.com\/fr\/blog\/inverse-y-bixs-far_out-cycling-una-alianza-estrategica-para-conquistar-el-universo-gravel\/#primaryimage"},"thumbnailUrl":"https:\/\/www.inverseteams.com\/wp-content\/uploads\/INVERSE-BIXS-FAR-OUT-CYCLING-GRAVEL-CUSTOM-001.jpg","datePublished":"2025-06-18T10:54:27+00:00","dateModified":"2025-06-18T12:30:55+00:00","description":"Le gravel n'est pas seulement une discipline en plein essor : c'est une philosophie de vie sur deux roues qui associe l'aventure, la performance et la libert\u00e9.","breadcrumb":{"@id":"https:\/\/www.inverseteams.com\/fr\/blog\/inverse-y-bixs-far_out-cycling-una-alianza-estrategica-para-conquistar-el-universo-gravel\/#breadcrumb"},"inLanguage":"fr-FR","potentialAction":[{"@type":"ReadAction","target":["https:\/\/www.inverseteams.com\/fr\/blog\/inverse-y-bixs-far_out-cycling-una-alianza-estrategica-para-conquistar-el-universo-gravel\/"]}]},{"@type":"ImageObject","inLanguage":"fr-FR","@id":"https:\/\/www.inverseteams.com\/fr\/blog\/inverse-y-bixs-far_out-cycling-una-alianza-estrategica-para-conquistar-el-universo-gravel\/#primaryimage","url":"https:\/\/www.inverseteams.com\/wp-content\/uploads\/INVERSE-BIXS-FAR-OUT-CYCLING-GRAVEL-CUSTOM-001.jpg","contentUrl":"https:\/\/www.inverseteams.com\/wp-content\/uploads\/INVERSE-BIXS-FAR-OUT-CYCLING-GRAVEL-CUSTOM-001.jpg","width":1920,"height":1280},{"@type":"BreadcrumbList","@id":"https:\/\/www.inverseteams.com\/fr\/blog\/inverse-y-bixs-far_out-cycling-una-alianza-estrategica-para-conquistar-el-universo-gravel\/#breadcrumb","itemListElement":[{"@type":"ListItem","position":1,"name":"Portada","item":"https:\/\/www.inverseteams.com\/fr\/pagina-principal\/"},{"@type":"ListItem","position":2,"name":"Inverse et BIXS Far_Out Cycling : une alliance strat\u00e9gique pour conqu\u00e9rir l&rsquo;univers du gravel"}]},{"@type":"WebSite","@id":"https:\/\/www.inverseteams.com\/fr\/#website","url":"https:\/\/www.inverseteams.com\/fr\/","name":"Inverseteams","description":"Tu marca de ropa deportiva personalizada","publisher":{"@id":"https:\/\/www.inverseteams.com\/fr\/#organization"},"potentialAction":[{"@type":"SearchAction","target":{"@type":"EntryPoint","urlTemplate":"https:\/\/www.inverseteams.com\/fr\/?s={search_term_string}"},"query-input":{"@type":"PropertyValueSpecification","valueRequired":true,"valueName":"search_term_string"}}],"inLanguage":"fr-FR"},{"@type":"Organization","@id":"https:\/\/www.inverseteams.com\/fr\/#organization","name":"Inverse Teams","url":"https:\/\/www.inverseteams.com\/fr\/","logo":{"@type":"ImageObject","inLanguage":"fr-FR","@id":"https:\/\/www.inverseteams.com\/fr\/#\/schema\/logo\/image\/","url":"https:\/\/www.inverseteams.com\/wp-content\/uploads\/2021\/03\/logo-inverse-teams.png","contentUrl":"https:\/\/www.inverseteams.com\/wp-content\/uploads\/2021\/03\/logo-inverse-teams.png","width":294,"height":99,"caption":"Inverse Teams"},"image":{"@id":"https:\/\/www.inverseteams.com\/fr\/#\/schema\/logo\/image\/"},"sameAs":["https:\/\/www.facebook.com\/inverseteams","http:\/\/instagram.com\/inverseteams","https:\/\/www.linkedin.com\/company\/inverse-cirosport-s-l-?trk=job_view_topcard_company_name","http:\/\/www.pinterest.com\/inverseteams\/","http:\/\/www.youtube.com\/user\/inverseteams?feature=watch"]},{"@type":"Person","@id":"https:\/\/www.inverseteams.com\/fr\/#\/schema\/person\/8e9cda76b6449aea55a18c6b0f3a15f1","name":"xavier","image":{"@type":"ImageObject","inLanguage":"fr-FR","@id":"https:\/\/secure.gravatar.com\/avatar\/602b199a1f28e97d83ab3a8bcb642260f5afd77cb09704889d85ddd70643cddb?s=96&d=mm&r=g","url":"https:\/\/secure.gravatar.com\/avatar\/602b199a1f28e97d83ab3a8bcb642260f5afd77cb09704889d85ddd70643cddb?s=96&d=mm&r=g","contentUrl":"https:\/\/secure.gravatar.com\/avatar\/602b199a1f28e97d83ab3a8bcb642260f5afd77cb09704889d85ddd70643cddb?s=96&d=mm&r=g","caption":"xavier"}}]}},"_links":{"self":[{"href":"https:\/\/www.inverseteams.com\/fr\/wp-json\/wp\/v2\/posts\/261861","targetHints":{"allow":["GET"]}}],"collection":[{"href":"https:\/\/www.inverseteams.com\/fr\/wp-json\/wp\/v2\/posts"}],"about":[{"href":"https:\/\/www.inverseteams.com\/fr\/wp-json\/wp\/v2\/types\/post"}],"author":[{"embeddable":true,"href":"https:\/\/www.inverseteams.com\/fr\/wp-json\/wp\/v2\/users\/12"}],"replies":[{"embeddable":true,"href":"https:\/\/www.inverseteams.com\/fr\/wp-json\/wp\/v2\/comments?post=261861"}],"version-history":[{"count":0,"href":"https:\/\/www.inverseteams.com\/fr\/wp-json\/wp\/v2\/posts\/261861\/revisions"}],"wp:featuredmedia":[{"embeddable":true,"href":"https:\/\/www.inverseteams.com\/fr\/wp-json\/wp\/v2\/media\/261811"}],"wp:attachment":[{"href":"https:\/\/www.inverseteams.com\/fr\/wp-json\/wp\/v2\/media?parent=261861"}],"wp:term":[{"taxonomy":"category","embeddable":true,"href":"https:\/\/www.inverseteams.com\/fr\/wp-json\/wp\/v2\/categories?post=261861"},{"taxonomy":"post_tag","embeddable":true,"href":"https:\/\/www.inverseteams.com\/fr\/wp-json\/wp\/v2\/tags?post=261861"}],"curies":[{"name":"wp","href":"https:\/\/api.w.org\/{rel}","templated":true}]}}