{"id":261803,"date":"2025-06-16T09:12:33","date_gmt":"2025-06-16T09:12:33","guid":{"rendered":"https:\/\/www.inverseteams.com\/blog\/inverse-y-polvu-cc-una-alianza-estrategica-para-impulsar-el-gravel\/"},"modified":"2025-06-18T09:26:51","modified_gmt":"2025-06-18T09:26:51","slug":"inverse-y-polvu-cc-una-alianza-estrategica-para-impulsar-el-gravel","status":"publish","type":"post","link":"https:\/\/www.inverseteams.com\/fr\/blog\/inverse-y-polvu-cc-una-alianza-estrategica-para-impulsar-el-gravel\/","title":{"rendered":"Inverse et Polvu.cc : une alliance strat\u00e9gique pour promouvoir le gravel"},"content":{"rendered":"\n<figure class=\"wp-block-image size-large\"><img loading=\"lazy\" decoding=\"async\" width=\"1024\" height=\"683\" src=\"https:\/\/www.inverseteams.com\/wp-content\/uploads\/INVERSE-POLVU-CYCLING-GRAVEL-COLABORACION-001-1024x683.jpg\" alt=\"\" class=\"wp-image-261722\" srcset=\"https:\/\/www.inverseteams.com\/wp-content\/uploads\/INVERSE-POLVU-CYCLING-GRAVEL-COLABORACION-001-1024x683.jpg 1024w, https:\/\/www.inverseteams.com\/wp-content\/uploads\/INVERSE-POLVU-CYCLING-GRAVEL-COLABORACION-001-300x200.jpg 300w, https:\/\/www.inverseteams.com\/wp-content\/uploads\/INVERSE-POLVU-CYCLING-GRAVEL-COLABORACION-001-768x512.jpg 768w, https:\/\/www.inverseteams.com\/wp-content\/uploads\/INVERSE-POLVU-CYCLING-GRAVEL-COLABORACION-001-1536x1024.jpg 1536w, https:\/\/www.inverseteams.com\/wp-content\/uploads\/INVERSE-POLVU-CYCLING-GRAVEL-COLABORACION-001-420x280.jpg 420w, https:\/\/www.inverseteams.com\/wp-content\/uploads\/INVERSE-POLVU-CYCLING-GRAVEL-COLABORACION-001-64x43.jpg 64w, https:\/\/www.inverseteams.com\/wp-content\/uploads\/INVERSE-POLVU-CYCLING-GRAVEL-COLABORACION-001.jpg 1920w\" sizes=\"auto, (max-width: 1024px) 100vw, 1024px\" \/><\/figure>\n\n\n<div class=\"wrapper-heading\">\n<h2 class=\"wp-block-heading\">Le cyclisme <strong>gravel<\/strong> est bien plus qu&rsquo;une tendance : c&rsquo;est une fa\u00e7on d&rsquo;explorer, de vivre l&rsquo;aventure et de renouer avec l&rsquo;essence m\u00eame du cyclisme.<\/h2>\n<\/div>\n\n<div class=\"wrapper-heading\">\n<h3 class=\"wp-block-heading\">Dans ce contexte de croissance imparable, <strong>Inverse<\/strong> renforce son engagement dans cette discipline gr\u00e2ce \u00e0 une collaboration strat\u00e9gique avec <strong>Polvu.cc<\/strong>, le m\u00e9dia num\u00e9rique le plus influent et sp\u00e9cialis\u00e9 dans le <strong>gravel<\/strong> en langue espagnole.<\/h3>\n<\/div>\n\n\n<figure class=\"wp-block-image size-large\"><img loading=\"lazy\" decoding=\"async\" width=\"1024\" height=\"683\" src=\"https:\/\/www.inverseteams.com\/wp-content\/uploads\/INVERSE-POLVU-CYCLING-GRAVEL-COLABORACION-002-1024x683.jpg\" alt=\"\" class=\"wp-image-261727\" srcset=\"https:\/\/www.inverseteams.com\/wp-content\/uploads\/INVERSE-POLVU-CYCLING-GRAVEL-COLABORACION-002-1024x683.jpg 1024w, https:\/\/www.inverseteams.com\/wp-content\/uploads\/INVERSE-POLVU-CYCLING-GRAVEL-COLABORACION-002-300x200.jpg 300w, https:\/\/www.inverseteams.com\/wp-content\/uploads\/INVERSE-POLVU-CYCLING-GRAVEL-COLABORACION-002-768x512.jpg 768w, https:\/\/www.inverseteams.com\/wp-content\/uploads\/INVERSE-POLVU-CYCLING-GRAVEL-COLABORACION-002-1536x1024.jpg 1536w, https:\/\/www.inverseteams.com\/wp-content\/uploads\/INVERSE-POLVU-CYCLING-GRAVEL-COLABORACION-002-420x280.jpg 420w, https:\/\/www.inverseteams.com\/wp-content\/uploads\/INVERSE-POLVU-CYCLING-GRAVEL-COLABORACION-002-64x43.jpg 64w, https:\/\/www.inverseteams.com\/wp-content\/uploads\/INVERSE-POLVU-CYCLING-GRAVEL-COLABORACION-002.jpg 1920w\" sizes=\"auto, (max-width: 1024px) 100vw, 1024px\" \/><\/figure>\n\n\n<div class=\"wrapper-heading\">\n<h4 class=\"wp-block-heading\"><strong><strong>Le gravel, un pilier strat\u00e9gique pour Inverse<\/strong><\/strong><\/h4>\n<\/div>\n\n\n<p>Chez <strong>Inverse<\/strong>, nous d\u00e9veloppons depuis des d\u00e9cennies des <strong>v\u00eatements techniques de cyclisme<\/strong> haute performance pour les sportifs exigeants. Et le gravel occupe une place de plus en plus importante dans notre strat\u00e9gie produit et innovation. Cette discipline, qui <strong>combine la libert\u00e9 du cyclisme sur route et la polyvalence du VTT,<\/strong> exige des v\u00eatements con\u00e7us pour la r\u00e9sistance, le confort et l&rsquo;adaptation \u00e0 des terrains vari\u00e9s.<\/p>\n\n\n\n<p>Notre gamme de v\u00eatements personnalis\u00e9s et notre collection de <strong>v\u00eatements de gravel pour hommes et femmes<\/strong> comprennent des maillots transpirants, des cuissards ergonomiques, des gilets coupe-vent, des vestes imperm\u00e9ables, des t-shirts techniques, des accessoires sp\u00e9cifiques tels que des manchons, des gants ou des casquettes de cyclisme, tous con\u00e7us pour offrir des performances maximales sur les longues distances, en bikepacking ou lors d&rsquo;aventures tout-terrain.<\/p>\n\n\n\n<figure class=\"wp-block-image size-large\"><img loading=\"lazy\" decoding=\"async\" width=\"1024\" height=\"683\" src=\"https:\/\/www.inverseteams.com\/wp-content\/uploads\/INVERSE-POLVU-CYCLING-GRAVEL-COLABORACION-003-1024x683.jpg\" alt=\"\" class=\"wp-image-261732\" srcset=\"https:\/\/www.inverseteams.com\/wp-content\/uploads\/INVERSE-POLVU-CYCLING-GRAVEL-COLABORACION-003-1024x683.jpg 1024w, https:\/\/www.inverseteams.com\/wp-content\/uploads\/INVERSE-POLVU-CYCLING-GRAVEL-COLABORACION-003-300x200.jpg 300w, https:\/\/www.inverseteams.com\/wp-content\/uploads\/INVERSE-POLVU-CYCLING-GRAVEL-COLABORACION-003-768x512.jpg 768w, https:\/\/www.inverseteams.com\/wp-content\/uploads\/INVERSE-POLVU-CYCLING-GRAVEL-COLABORACION-003-1536x1024.jpg 1536w, https:\/\/www.inverseteams.com\/wp-content\/uploads\/INVERSE-POLVU-CYCLING-GRAVEL-COLABORACION-003-420x280.jpg 420w, https:\/\/www.inverseteams.com\/wp-content\/uploads\/INVERSE-POLVU-CYCLING-GRAVEL-COLABORACION-003-64x43.jpg 64w, https:\/\/www.inverseteams.com\/wp-content\/uploads\/INVERSE-POLVU-CYCLING-GRAVEL-COLABORACION-003.jpg 1920w\" sizes=\"auto, (max-width: 1024px) 100vw, 1024px\" \/><\/figure>\n\n\n<div class=\"wrapper-heading\">\n<h4 class=\"wp-block-heading\"><strong><strong>Pourquoi Polvu.cc ?<\/strong><\/strong><\/h4>\n<\/div>\n\n\n<p><strong><a href=\"https:\/\/polvu.cc\/en\/\">Polvu.cc<\/a><\/strong> s&rsquo;est impos\u00e9 comme le m\u00e9dia de r\u00e9f\u00e9rence pour les passionn\u00e9s de gravel. Son contenu allie rigueur, passion et expertise, allant d&rsquo;itin\u00e9raires inspirants \u00e0 des tests de mat\u00e9riel, en passant par des interviews de cyclistes et des reportages sur des \u00e9v\u00e9nements internationaux. Sa communaut\u00e9 s&rsquo;agrandit chaque jour, faisant de ce lieu un <strong>v\u00e9ritable point de rencontre<\/strong> pour ceux qui consid\u00e8rent le cyclisme comme un moyen de d\u00e9couvrir le monde \u00e0 v\u00e9lo.<\/p>\n\n\n\n<p>Le lien entre Inverse et Polvu.cc est n\u00e9 d&rsquo;une vision commune : offrir une r\u00e9elle valeur ajout\u00e9e \u00e0 la communaut\u00e9 gravel gr\u00e2ce \u00e0 des contenus, des produits et des exp\u00e9riences authentiques. Il ne s&rsquo;agit pas seulement d&rsquo;une collaboration ponctuelle, mais d&rsquo;un partenariat qui se d\u00e9veloppera \u00e0 travers diff\u00e9rentes actions \u00e9ditoriales et produits.<\/p>\n\n\n\n<figure class=\"wp-block-image size-large\"><img loading=\"lazy\" decoding=\"async\" width=\"1024\" height=\"683\" src=\"https:\/\/www.inverseteams.com\/wp-content\/uploads\/INVERSE-POLVU-CYCLING-GRAVEL-COLABORACION-004-1024x683.jpg\" alt=\"\" class=\"wp-image-261737\" srcset=\"https:\/\/www.inverseteams.com\/wp-content\/uploads\/INVERSE-POLVU-CYCLING-GRAVEL-COLABORACION-004-1024x683.jpg 1024w, https:\/\/www.inverseteams.com\/wp-content\/uploads\/INVERSE-POLVU-CYCLING-GRAVEL-COLABORACION-004-300x200.jpg 300w, https:\/\/www.inverseteams.com\/wp-content\/uploads\/INVERSE-POLVU-CYCLING-GRAVEL-COLABORACION-004-768x512.jpg 768w, https:\/\/www.inverseteams.com\/wp-content\/uploads\/INVERSE-POLVU-CYCLING-GRAVEL-COLABORACION-004-1536x1024.jpg 1536w, https:\/\/www.inverseteams.com\/wp-content\/uploads\/INVERSE-POLVU-CYCLING-GRAVEL-COLABORACION-004-420x280.jpg 420w, https:\/\/www.inverseteams.com\/wp-content\/uploads\/INVERSE-POLVU-CYCLING-GRAVEL-COLABORACION-004-64x43.jpg 64w, https:\/\/www.inverseteams.com\/wp-content\/uploads\/INVERSE-POLVU-CYCLING-GRAVEL-COLABORACION-004.jpg 1920w\" sizes=\"auto, (max-width: 1024px) 100vw, 1024px\" \/><\/figure>\n\n\n<div class=\"wrapper-heading\">\n<h4 class=\"wp-block-heading\"><strong><strong>La premi\u00e8re collection de v\u00eatements gravel pour Polvu.cc<\/strong><\/strong><\/h4>\n<\/div>\n\n\n<p>Gr\u00e2ce \u00e0 cette collaboration, nous avons lanc\u00e9 une <strong>collection exclusive de v\u00eatements de gravel personnalis\u00e9s pour Polvu.cc.<\/strong> Con\u00e7ue par et pour les cyclistes gravel, cette gamme comprend des <strong>maillots techniques \u00e0 manches courtes et \u00e0 manches longues<\/strong>, con\u00e7us pour offrir un maximum de confort et de durabilit\u00e9 sur les longues distances et les terrains vari\u00e9s. Une collection qui mise sur la fonctionnalit\u00e9, l&rsquo;esth\u00e9tique minimaliste et la r\u00e9sistance exig\u00e9e par le v\u00e9ritable cyclisme d&rsquo;aventure.<\/p>\n\n\n<div class=\"wrapper-heading\">\n<h4 class=\"wp-block-heading\"><strong><strong>V\u00eatements techniques, communaut\u00e9 et passion pour le gravel<\/strong><\/strong><\/h4>\n<\/div>\n\n\n<p>Chez Inverse, nous pensons que la meilleure fa\u00e7on de concevoir des <strong><a href=\"https:\/\/www.inverseteams.com\/fr\/custom\/vetements-gravel-personnalises\/?utm_source=Blog&amp;utm_medium=blog&amp;utm_campaign=BL-070%2F25+Inverse+y+Polvu+FR&amp;utm_id=BL-070%2F25+Inverse+y+Polvu+FR&amp;utm_term=Inverse+y+Polvu+FR&amp;utm_content=Inverse+y+Polvu+FR\">v\u00eatements de cyclisme pour le gravel<\/a><\/strong> est de le faire en collaboration avec ceux qui connaissent le mieux cette discipline : les cyclistes, les cr\u00e9ateurs de contenu, les explorateurs de chemins de terre. C&rsquo;est pourquoi cette collaboration avec Polvu.cc est si sp\u00e9ciale pour nous.<\/p>\n\n\n\n<p>Avec ce partenariat, nous r\u00e9affirmons notre <strong>engagement envers le gravel comme l&rsquo;un des axes strat\u00e9giques de croissance d&rsquo;Inverse<\/strong>, non seulement en termes de produits, mais aussi en termes de culture cycliste. Nous continuerons \u00e0 travailler ensemble pour proposer des solutions qui inspirent, \u00e9quipent et accompagnent les cyclistes l\u00e0 o\u00f9 l&rsquo;asphalte s&rsquo;arr\u00eate et o\u00f9 les possibilit\u00e9s commencent.<\/p>\n\n\n\n<div class=\"wp-block-buttons is-layout-flex wp-block-buttons-is-layout-flex\">\n<div class=\"wp-block-button\"><a class=\"wp-block-button__link wp-element-button\" href=\"https:\/\/www.inverseteams.com\/fr\/custom\/vetements-gravel-personnalises\/?utm_source=Blog&amp;utm_medium=blog&amp;utm_campaign=BL-070%2F25+Inverse+y+Polvu+FR&amp;utm_id=BL-070%2F25+Inverse+y+Polvu+FR&amp;utm_term=Inverse+y+Polvu+FR&amp;utm_content=Inverse+y+Polvu+FR\"><strong>Gravel Custom<\/strong><\/a><\/div>\n<\/div>\n\n\n\n<div class=\"wp-block-buttons is-layout-flex wp-block-buttons-is-layout-flex\">\n<div class=\"wp-block-button\"><a class=\"wp-block-button__link wp-element-button\" href=\"https:\/\/www.inverseteams.com\/fr\/collection\/gravel-fr\/\"><strong>Gravel Collection<\/strong><\/a><\/div>\n<\/div>\n\n\n\n<p><\/p>\n","protected":false},"excerpt":{"rendered":"<p>Le cyclisme gravel est bien plus qu&rsquo;une tendance : c&rsquo;est une fa\u00e7on d&rsquo;explorer, de vivre l&rsquo;aventure et de renouer avec l&rsquo;essence m\u00eame du cyclisme. Dans ce contexte de croissance imparable, Inverse renforce son engagement dans cette discipline gr\u00e2ce \u00e0 une collaboration strat\u00e9gique avec Polvu.cc, le m\u00e9dia num\u00e9rique le plus influent et sp\u00e9cialis\u00e9 dans le gravel [&hellip;]<\/p>\n","protected":false},"author":12,"featured_media":261725,"comment_status":"open","ping_status":"open","sticky":false,"template":"","format":"standard","meta":{"_acf_changed":false,"mc4wp_mailchimp_campaign":[],"footnotes":""},"categories":[14447],"tags":[17000,17016,17032,17048,17064,17080,17096,17112,17128,17144,17160,17001,17017,17033,17049,17065,17081,17097,17113,17129,17145,17161,17002,17018,17034,17050,17066,17082,17098,17114,17130,17146,17162,17003,17019,17035,17051,17067,17083,17099,17115,17131,17147,17163,17004,17020,17036,17052,17068,17084,17100,17116,17132,17148,17164,7805,17005,17021,17037,17053,17069,17085,17101,17117,17133,17149,17165,7806,17006,17022,17038,17054,17070,17086,17102,17118,17134,17150,17166,10082,17007,17023,17039,17055,17071,17087,17103,17119,17135,17151,17167,10102,17008,17024,17040,17056,17072,17088,17104,17120,17136,17152,17168,10114,17009,17025,17041,17057,17073,17089,17105,17121,17137,17153,17169,10382,17010,17026,17042,17058,17074,17090,17106,17122,17138,17154,17170,10962,17011,17027,17043,17059,17075,17091,17107,17123,17139,17155,17171,10969,17012,17028,17044,17060,17076,17092,17108,17124,17140,17156,10970,17013,17029,17045,17061,17077,17093,17109,17125,17141,17157,10971,17014,17030,17046,17062,17078,17094,17110,17126,17142,17158,13646,17015,17031,17047,17063,17079,17095,17111,17127,17143,17159],"class_list":["post-261803","post","type-post","status-publish","format-standard","has-post-thumbnail","hentry","category-gravel-fr","tag-2025-gravel-collection-fr","tag-collection-cyclisme-gravel-fr","tag-diseno-ropa-gravel-fr","tag-gravel-clothing-fr","tag-gravel-bekleidungsmarke-fr","tag-gravel-trends-fr","tag-kit-gravel-ciclismo-fr","tag-offroad-radsport-fr","tag-roba-gravel-dona-fr","tag-ropa-gravel-resistente-fr","tag-vetements-gravel-ete-fr","tag-abenteuer-radsport-fr","tag-collection-gravel-fr","tag-disseny-roba-gravel-fr","tag-gravel-clothing-brand-fr","tag-gravel-design-fr","tag-gravel-trikot-fr","tag-kit-gravel-cycliste-fr","tag-peces-gravel-fr","tag-roba-gravel-home-fr","tag-ropa-tecnica-gravel-fr","tag-vetements-gravel-femme-fr","tag-adventure-cycling-fr","tag-collection-gravel-2025-fr","tag-durable-gravel-apparel-fr","tag-gravel-clothing-design-fr","tag-gravel-fashion-fr","tag-individuelle-gravel-bekleidung-fr","tag-leichte-gravel-kleidung-fr","tag-personalisierte-gravel-radbekleidung-fr","tag-roba-gravel-lleugera-fr","tag-style-gravel-fr","tag-vetements-gravel-hiver-fr","tag-bikepacking-gear-fr","tag-collection-inverse-gravel-fr","tag-equipacio-gravel-fr","tag-gravel-collection-fr","tag-gravel-jacke-fr","tag-inverse-ciclisme-gravel-fr","tag-lightweight-gravel-clothing-fr","tag-personalisierte-radbekleidung-fr","tag-roba-gravel-professional-fr","tag-summer-gravel-kit-fr","tag-vetements-gravel-homme-fr","tag-bikepacking-bekleidung-fr","tag-colleccio-gravel-ciclisme-fr","tag-equipacion-gravel-fr","tag-gravel-cycling-clothing-fr","tag-gravel-kleidung-damen-fr","tag-inverse-ciclismo-gravel-fr","tag-mallot-gravel-fr","tag-personalized-gravel-wear-fr","tag-roba-gravel-resistent-fr","tag-technical-gravel-wear-fr","tag-vetements-gravel-legers-fr","tag-ropa-ciclismo-personalizada-fr","tag-chaqueta-gravel-fr","tag-colleccio-inverse-gravel-fr","tag-equipaciones-gravel-2025-fr","tag-gravel-cycling-collection-fr","tag-gravel-kleidung-herren-fr","tag-inverse-cycling-gravel-fr","tag-marca-roba-gravel-fr","tag-polvu-fr","tag-roba-tecnica-gravel-fr","tag-technische-gravel-kleidung-fr","tag-vetements-gravel-personnalises-fr","tag-roba-ciclisme-personalitzada-fr","tag-ciclisme-bikepacking-fr","tag-colleccio-roba-gravel-fr","tag-equipacions-gravel-2025-fr","tag-gravel-cycling-fashion-fr","tag-gravel-kollektion-fr","tag-inverse-cyclisme-gravel-fr","tag-marca-ropa-gravel-fr","tag-polvu-cc-fr","tag-robuste-gravel-kleidung-fr","tag-tendances-gravel-cyclisme-fr","tag-vetements-gravel-resistants-fr","tag-gravel-jersey-fr","tag-ciclisme-daventura-fr","tag-cuissard-gravel-fr","tag-equipement-bikepacking-fr","tag-gravel-cycling-gear-fr","tag-gravel-kollektion-2025-fr","tag-inverse-gravel-fr","tag-marque-vetements-gravel-fr","tag-prendas-gravel-fr","tag-ropa-ciclismo-gravel-invierno-fr","tag-tendencias-gravel-ciclismo-fr","tag-vetements-gravel-sur-mesure-fr","tag-ropa-ciclismo-gravel-fr","tag-ciclisme-tot-terreny-fr","tag-culot-gravel-fr","tag-equipement-gravel-fr","tag-gravel-cyclisme-2-fr","tag-gravel-outfit-fr","tag-inverse-gravel-clothing-fr","tag-masgeschneiderte-radbekleidung-fr","tag-professional-gravel-kit-fr","tag-ropa-ciclismo-gravel-personalizada-fr","tag-tendencies-gravel-ciclisme-fr","tag-vetements-inverse-gravel-fr","tag-gravel-bib-shorts-fr","tag-ciclismo-bikepacking-fr","tag-culote-gravel-fr","tag-equipement-gravel-professionnel-fr","tag-gravel-jacket-fr","tag-gravel-radbekleidung-fr","tag-inverse-gravel-collection-fr","tag-mens-gravel-clothing-fr","tag-professionelle-gravel-kleidung-fr","tag-ropa-ciclismo-gravel-verano-fr","tag-tenue-cycliste-gravel-fr","tag-vetements-techniques-gravel-fr","tag-maillot-gravel-fr","tag-ciclismo-de-aventura-fr","tag-custom-cycling-clothing-fr","tag-estil-gravel-fr","tag-gravel-kit-fr","tag-gravel-radkollektion-fr","tag-inverse-gravel-bekleidung-fr","tag-moda-ciclisme-gravel-fr","tag-roba-ciclisme-gravel-estiu-fr","tag-ropa-ciclista-gravel-fr","tag-tenues-gravel-2-fr","tag-winter-gravel-clothing-fr","tag-gravel-cycling-fr","tag-ciclismo-gravel-moda-fr","tag-custom-cycling-gear-fr","tag-estilo-gravel-fr","tag-gravel-style-fr","tag-gravel-radoutfit-fr","tag-inverse-gravel-kollektion-fr","tag-moda-gravel-ciclisme-fr","tag-roba-ciclisme-gravel-hivern-fr","tag-ropa-de-gravel-fr","tag-veste-gravel-fr","tag-womens-gravel-wear-fr","tag-roba-ciclisme-gravel-fr","tag-ciclismo-todoterreno-fr","tag-custom-gravel-apparel-fr","tag-gravel-apparel-fr","tag-gravel-style-trends-fr","tag-gravel-radsport-fr","tag-inverse-roba-gravel-fr","tag-moda-gravel-ciclismo-fr","tag-roba-ciclisme-gravel-personalitzada-fr","tag-ropa-gravel-hombre-fr","tag-vetements-cyclisme-personnalises-fr","tag-roba-personalitzada-gravel-fr","tag-coleccion-gravel-ciclismo-fr","tag-cyclisme-aventure-fr","tag-gravel-bike-kit-fr","tag-gravel-bekleidung-fr","tag-gravel-radsportmode-fr","tag-inverse-ropa-gravel-fr","tag-mode-cyclisme-gravel-fr","tag-roba-ciclista-gravel-fr","tag-ropa-gravel-ligera-fr","tag-vetements-cyclistes-gravel-fr","tag-ropa-personalizada-gravel-fr","tag-coleccion-inverse-gravel-fr","tag-cyclisme-tout-terrain-fr","tag-gravel-ciclisme-fr","tag-gravel-bekleidung-sommer-fr","tag-gravel-stil-fr","tag-jaqueta-gravel-fr","tag-mode-gravel-cyclisme-fr","tag-roba-ciclista-personalitzada-fr","tag-ropa-gravel-mujer-fr","tag-vetements-cyclistes-personnalises-fr","tag-ropa-ciclista-personalizada-2-fr","tag-coleccion-ropa-gravel-fr","tag-design-vetements-gravel-fr","tag-gravel-ciclismo-fr","tag-gravel-bekleidung-winter-fr","tag-gravel-tragerhose-fr","tag-kit-gravel-ciclisme-fr","tag-off-road-cycling-fr","tag-roba-de-gravel-fr","tag-ropa-gravel-profesional-fr","tag-vetements-gravel-2-fr"],"acf":[],"yoast_head":"<!-- This site is optimized with the Yoast SEO plugin v27.3 - https:\/\/yoast.com\/product\/yoast-seo-wordpress\/ -->\n<title>Inverse et Polvu.cc : une alliance strat\u00e9gique pour promouvoir le gravel | Inverseteams<\/title>\n<meta name=\"description\" content=\"Le cyclisme gravel est bien plus qu&#039;une tendance : c&#039;est une fa\u00e7on d&#039;explorer, de vivre l&#039;aventure et de renouer avec l&#039;essence m\u00eame du cyclisme.\" \/>\n<meta name=\"robots\" content=\"index, follow, max-snippet:-1, max-image-preview:large, max-video-preview:-1\" \/>\n<link rel=\"canonical\" href=\"https:\/\/www.inverseteams.com\/fr\/blog\/inverse-y-polvu-cc-una-alianza-estrategica-para-impulsar-el-gravel\/\" \/>\n<meta property=\"og:locale\" content=\"fr_FR\" \/>\n<meta property=\"og:type\" content=\"article\" \/>\n<meta property=\"og:title\" content=\"Inverse et Polvu.cc : une alliance strat\u00e9gique pour promouvoir le gravel | Inverseteams\" \/>\n<meta property=\"og:description\" content=\"Le cyclisme gravel est bien plus qu&#039;une tendance : c&#039;est une fa\u00e7on d&#039;explorer, de vivre l&#039;aventure et de renouer avec l&#039;essence m\u00eame du cyclisme.\" \/>\n<meta property=\"og:url\" content=\"https:\/\/www.inverseteams.com\/fr\/blog\/inverse-y-polvu-cc-una-alianza-estrategica-para-impulsar-el-gravel\/\" \/>\n<meta property=\"og:site_name\" content=\"Inverseteams\" \/>\n<meta property=\"article:publisher\" content=\"https:\/\/www.facebook.com\/inverseteams\" \/>\n<meta property=\"article:published_time\" content=\"2025-06-16T09:12:33+00:00\" \/>\n<meta property=\"article:modified_time\" content=\"2025-06-18T09:26:51+00:00\" \/>\n<meta property=\"og:image\" content=\"https:\/\/www.inverseteams.com\/wp-content\/uploads\/INVERSE-POLVU-CYCLING-GRAVEL-COLABORACION-001.jpg\" \/>\n\t<meta property=\"og:image:width\" content=\"1920\" \/>\n\t<meta property=\"og:image:height\" content=\"1280\" \/>\n\t<meta property=\"og:image:type\" content=\"image\/jpeg\" \/>\n<meta name=\"author\" content=\"xavier\" \/>\n<meta name=\"twitter:card\" content=\"summary_large_image\" \/>\n<meta name=\"twitter:label1\" content=\"\u00c9crit par\" \/>\n\t<meta name=\"twitter:data1\" content=\"xavier\" \/>\n\t<meta name=\"twitter:label2\" content=\"Dur\u00e9e de lecture estim\u00e9e\" \/>\n\t<meta name=\"twitter:data2\" content=\"4 minutes\" \/>\n<script type=\"application\/ld+json\" class=\"yoast-schema-graph\">{\"@context\":\"https:\\\/\\\/schema.org\",\"@graph\":[{\"@type\":\"Article\",\"@id\":\"https:\\\/\\\/www.inverseteams.com\\\/fr\\\/blog\\\/inverse-y-polvu-cc-una-alianza-estrategica-para-impulsar-el-gravel\\\/#article\",\"isPartOf\":{\"@id\":\"https:\\\/\\\/www.inverseteams.com\\\/fr\\\/blog\\\/inverse-y-polvu-cc-una-alianza-estrategica-para-impulsar-el-gravel\\\/\"},\"author\":{\"name\":\"xavier\",\"@id\":\"https:\\\/\\\/www.inverseteams.com\\\/fr\\\/#\\\/schema\\\/person\\\/8e9cda76b6449aea55a18c6b0f3a15f1\"},\"headline\":\"Inverse et Polvu.cc : une alliance strat\u00e9gique pour promouvoir le gravel\",\"datePublished\":\"2025-06-16T09:12:33+00:00\",\"dateModified\":\"2025-06-18T09:26:51+00:00\",\"mainEntityOfPage\":{\"@id\":\"https:\\\/\\\/www.inverseteams.com\\\/fr\\\/blog\\\/inverse-y-polvu-cc-una-alianza-estrategica-para-impulsar-el-gravel\\\/\"},\"wordCount\":608,\"commentCount\":0,\"publisher\":{\"@id\":\"https:\\\/\\\/www.inverseteams.com\\\/fr\\\/#organization\"},\"image\":{\"@id\":\"https:\\\/\\\/www.inverseteams.com\\\/fr\\\/blog\\\/inverse-y-polvu-cc-una-alianza-estrategica-para-impulsar-el-gravel\\\/#primaryimage\"},\"thumbnailUrl\":\"https:\\\/\\\/www.inverseteams.com\\\/wp-content\\\/uploads\\\/INVERSE-POLVU-CYCLING-GRAVEL-COLABORACION-001.jpg\",\"keywords\":[\"2025 gravel collection\",\"collection cyclisme gravel\",\"dise\u00f1o ropa gravel\",\"gravel clothing\",\"Gravel-Bekleidungsmarke\",\"Gravel-Trends\",\"kit gravel ciclismo\",\"Offroad-Radsport\",\"roba gravel dona\",\"ropa gravel resistente\",\"v\u00eatements gravel \u00e9t\u00e9\",\"Abenteuer-Radsport\",\"collection gravel\",\"disseny roba gravel\",\"gravel clothing brand\",\"Gravel-Design\",\"Gravel-Trikot\",\"kit gravel cycliste\",\"peces gravel\",\"roba gravel home\",\"ropa t\u00e9cnica gravel\",\"v\u00eatements gravel femme\",\"adventure cycling\",\"collection gravel 2025\",\"durable gravel apparel\",\"gravel clothing design\",\"Gravel-Fashion\",\"individuelle Gravel-Bekleidung\",\"leichte Gravel-Kleidung\",\"personalisierte Gravel-Radbekleidung\",\"roba gravel lleugera\",\"style gravel\",\"v\u00eatements gravel hiver\",\"bikepacking gear\",\"collection Inverse gravel\",\"equipaci\u00f3 gravel\",\"gravel collection\",\"Gravel-Jacke\",\"Inverse ciclisme gravel\",\"lightweight gravel clothing\",\"personalisierte Radbekleidung\",\"roba gravel professional\",\"summer gravel kit\",\"v\u00eatements gravel homme\",\"Bikepacking-Bekleidung\",\"col\u00b7lecci\u00f3 gravel ciclisme\",\"equipaci\u00f3n gravel\",\"gravel cycling clothing\",\"Gravel-Kleidung Damen\",\"Inverse ciclismo gravel\",\"mallot gravel\",\"personalized gravel wear\",\"roba gravel resistent\",\"technical gravel wear\",\"v\u00eatements gravel l\u00e9gers\",\"ropa ciclismo personalizada\",\"chaqueta gravel\",\"col\u00b7lecci\u00f3 Inverse gravel\",\"equipaciones gravel 2025\",\"gravel cycling collection\",\"Gravel-Kleidung Herren\",\"Inverse cycling gravel\",\"marca roba gravel\",\"Polvu\",\"roba t\u00e8cnica gravel\",\"technische Gravel-Kleidung\",\"v\u00eatements gravel personnalis\u00e9s\",\"roba ciclisme personalitzada\",\"ciclisme bikepacking\",\"col\u00b7lecci\u00f3 roba gravel\",\"equipacions gravel 2025\",\"gravel cycling fashion\",\"Gravel-Kollektion\",\"Inverse cyclisme gravel\",\"marca ropa gravel\",\"polvu.cc\",\"robuste Gravel-Kleidung\",\"tendances gravel cyclisme\",\"v\u00eatements gravel r\u00e9sistants\",\"gravel jersey\",\"ciclisme d&#8217;aventura\",\"cuissard gravel\",\"\u00e9quipement bikepacking\",\"gravel cycling gear\",\"Gravel-Kollektion 2025\",\"Inverse gravel\",\"marque v\u00eatements gravel\",\"prendas gravel\",\"ropa ciclismo gravel invierno\",\"tendencias gravel ciclismo\",\"v\u00eatements gravel sur mesure\",\"ropa ciclismo gravel\",\"ciclisme tot terreny\",\"culot gravel\",\"\u00e9quipement gravel\",\"gravel cyclisme\",\"Gravel-Outfit\",\"Inverse gravel clothing\",\"ma\u00dfgeschneiderte Radbekleidung\",\"professional gravel kit\",\"ropa ciclismo gravel personalizada\",\"tend\u00e8ncies gravel ciclisme\",\"v\u00eatements Inverse gravel\",\"gravel bib shorts\",\"ciclismo bikepacking\",\"culote gravel\",\"\u00e9quipement gravel professionnel\",\"gravel jacket\",\"Gravel-Radbekleidung\",\"Inverse gravel collection\",\"men\u2019s gravel clothing\",\"professionelle Gravel-Kleidung\",\"ropa ciclismo gravel verano\",\"tenue cycliste gravel\",\"v\u00eatements techniques gravel\",\"maillot gravel\",\"ciclismo de aventura\",\"custom cycling clothing\",\"estil gravel\",\"gravel kit\",\"Gravel-Radkollektion\",\"Inverse Gravel-Bekleidung\",\"moda ciclisme gravel\",\"roba ciclisme gravel estiu\",\"ropa ciclista gravel\",\"tenues gravel\",\"winter gravel clothing\",\"gravel cycling\",\"ciclismo gravel moda\",\"custom cycling gear\",\"estilo gravel\",\"gravel style\",\"Gravel-Radoutfit\",\"Inverse Gravel-Kollektion\",\"moda gravel ciclisme\",\"roba ciclisme gravel hivern\",\"ropa de gravel\",\"veste gravel\",\"women\u2019s gravel wear\",\"roba ciclisme gravel\",\"ciclismo todoterreno\",\"custom gravel apparel\",\"gravel apparel\",\"gravel style trends\",\"Gravel-Radsport\",\"Inverse roba gravel\",\"moda gravel ciclismo\",\"roba ciclisme gravel personalitzada\",\"ropa gravel hombre\",\"v\u00eatements cyclisme personnalis\u00e9s\",\"roba personalitzada gravel\",\"colecci\u00f3n gravel ciclismo\",\"cyclisme aventure\",\"gravel bike kit\",\"Gravel-Bekleidung\",\"Gravel-Radsportmode\",\"Inverse ropa gravel\",\"mode cyclisme gravel\",\"roba ciclista gravel\",\"ropa gravel ligera\",\"v\u00eatements cyclistes gravel\",\"ropa personalizada gravel\",\"colecci\u00f3n Inverse gravel\",\"cyclisme tout-terrain\",\"gravel ciclisme\",\"Gravel-Bekleidung Sommer\",\"Gravel-Stil\",\"jaqueta gravel\",\"mode gravel cyclisme\",\"roba ciclista personalitzada\",\"ropa gravel mujer\",\"v\u00eatements cyclistes personnalis\u00e9s\",\"ropa ciclista personalizada\",\"colecci\u00f3n ropa gravel\",\"design v\u00eatements gravel\",\"gravel ciclismo\",\"Gravel-Bekleidung Winter\",\"Gravel-Tr\u00e4gerhose\",\"kit gravel ciclisme\",\"off-road cycling\",\"roba de gravel\",\"ropa gravel profesional\",\"v\u00eatements gravel\"],\"articleSection\":[\"Gravel\"],\"inLanguage\":\"fr-FR\",\"potentialAction\":[{\"@type\":\"CommentAction\",\"name\":\"Comment\",\"target\":[\"https:\\\/\\\/www.inverseteams.com\\\/fr\\\/blog\\\/inverse-y-polvu-cc-una-alianza-estrategica-para-impulsar-el-gravel\\\/#respond\"]}]},{\"@type\":\"WebPage\",\"@id\":\"https:\\\/\\\/www.inverseteams.com\\\/fr\\\/blog\\\/inverse-y-polvu-cc-una-alianza-estrategica-para-impulsar-el-gravel\\\/\",\"url\":\"https:\\\/\\\/www.inverseteams.com\\\/fr\\\/blog\\\/inverse-y-polvu-cc-una-alianza-estrategica-para-impulsar-el-gravel\\\/\",\"name\":\"Inverse et Polvu.cc : une alliance strat\u00e9gique pour promouvoir le gravel | Inverseteams\",\"isPartOf\":{\"@id\":\"https:\\\/\\\/www.inverseteams.com\\\/fr\\\/#website\"},\"primaryImageOfPage\":{\"@id\":\"https:\\\/\\\/www.inverseteams.com\\\/fr\\\/blog\\\/inverse-y-polvu-cc-una-alianza-estrategica-para-impulsar-el-gravel\\\/#primaryimage\"},\"image\":{\"@id\":\"https:\\\/\\\/www.inverseteams.com\\\/fr\\\/blog\\\/inverse-y-polvu-cc-una-alianza-estrategica-para-impulsar-el-gravel\\\/#primaryimage\"},\"thumbnailUrl\":\"https:\\\/\\\/www.inverseteams.com\\\/wp-content\\\/uploads\\\/INVERSE-POLVU-CYCLING-GRAVEL-COLABORACION-001.jpg\",\"datePublished\":\"2025-06-16T09:12:33+00:00\",\"dateModified\":\"2025-06-18T09:26:51+00:00\",\"description\":\"Le cyclisme gravel est bien plus qu'une tendance : c'est une fa\u00e7on d'explorer, de vivre l'aventure et de renouer avec l'essence m\u00eame du cyclisme.\",\"breadcrumb\":{\"@id\":\"https:\\\/\\\/www.inverseteams.com\\\/fr\\\/blog\\\/inverse-y-polvu-cc-una-alianza-estrategica-para-impulsar-el-gravel\\\/#breadcrumb\"},\"inLanguage\":\"fr-FR\",\"potentialAction\":[{\"@type\":\"ReadAction\",\"target\":[\"https:\\\/\\\/www.inverseteams.com\\\/fr\\\/blog\\\/inverse-y-polvu-cc-una-alianza-estrategica-para-impulsar-el-gravel\\\/\"]}]},{\"@type\":\"ImageObject\",\"inLanguage\":\"fr-FR\",\"@id\":\"https:\\\/\\\/www.inverseteams.com\\\/fr\\\/blog\\\/inverse-y-polvu-cc-una-alianza-estrategica-para-impulsar-el-gravel\\\/#primaryimage\",\"url\":\"https:\\\/\\\/www.inverseteams.com\\\/wp-content\\\/uploads\\\/INVERSE-POLVU-CYCLING-GRAVEL-COLABORACION-001.jpg\",\"contentUrl\":\"https:\\\/\\\/www.inverseteams.com\\\/wp-content\\\/uploads\\\/INVERSE-POLVU-CYCLING-GRAVEL-COLABORACION-001.jpg\",\"width\":1920,\"height\":1280},{\"@type\":\"BreadcrumbList\",\"@id\":\"https:\\\/\\\/www.inverseteams.com\\\/fr\\\/blog\\\/inverse-y-polvu-cc-una-alianza-estrategica-para-impulsar-el-gravel\\\/#breadcrumb\",\"itemListElement\":[{\"@type\":\"ListItem\",\"position\":1,\"name\":\"Portada\",\"item\":\"https:\\\/\\\/www.inverseteams.com\\\/fr\\\/pagina-principal\\\/\"},{\"@type\":\"ListItem\",\"position\":2,\"name\":\"Inverse et Polvu.cc : une alliance strat\u00e9gique pour promouvoir le gravel\"}]},{\"@type\":\"WebSite\",\"@id\":\"https:\\\/\\\/www.inverseteams.com\\\/fr\\\/#website\",\"url\":\"https:\\\/\\\/www.inverseteams.com\\\/fr\\\/\",\"name\":\"Inverseteams\",\"description\":\"Tu marca de ropa deportiva personalizada\",\"publisher\":{\"@id\":\"https:\\\/\\\/www.inverseteams.com\\\/fr\\\/#organization\"},\"potentialAction\":[{\"@type\":\"SearchAction\",\"target\":{\"@type\":\"EntryPoint\",\"urlTemplate\":\"https:\\\/\\\/www.inverseteams.com\\\/fr\\\/?s={search_term_string}\"},\"query-input\":{\"@type\":\"PropertyValueSpecification\",\"valueRequired\":true,\"valueName\":\"search_term_string\"}}],\"inLanguage\":\"fr-FR\"},{\"@type\":\"Organization\",\"@id\":\"https:\\\/\\\/www.inverseteams.com\\\/fr\\\/#organization\",\"name\":\"Inverse Teams\",\"url\":\"https:\\\/\\\/www.inverseteams.com\\\/fr\\\/\",\"logo\":{\"@type\":\"ImageObject\",\"inLanguage\":\"fr-FR\",\"@id\":\"https:\\\/\\\/www.inverseteams.com\\\/fr\\\/#\\\/schema\\\/logo\\\/image\\\/\",\"url\":\"https:\\\/\\\/www.inverseteams.com\\\/wp-content\\\/uploads\\\/2021\\\/03\\\/logo-inverse-teams.png\",\"contentUrl\":\"https:\\\/\\\/www.inverseteams.com\\\/wp-content\\\/uploads\\\/2021\\\/03\\\/logo-inverse-teams.png\",\"width\":294,\"height\":99,\"caption\":\"Inverse Teams\"},\"image\":{\"@id\":\"https:\\\/\\\/www.inverseteams.com\\\/fr\\\/#\\\/schema\\\/logo\\\/image\\\/\"},\"sameAs\":[\"https:\\\/\\\/www.facebook.com\\\/inverseteams\",\"http:\\\/\\\/instagram.com\\\/inverseteams\",\"https:\\\/\\\/www.linkedin.com\\\/company\\\/inverse-cirosport-s-l-?trk=job_view_topcard_company_name\",\"http:\\\/\\\/www.pinterest.com\\\/inverseteams\\\/\",\"http:\\\/\\\/www.youtube.com\\\/user\\\/inverseteams?feature=watch\"]},{\"@type\":\"Person\",\"@id\":\"https:\\\/\\\/www.inverseteams.com\\\/fr\\\/#\\\/schema\\\/person\\\/8e9cda76b6449aea55a18c6b0f3a15f1\",\"name\":\"xavier\",\"image\":{\"@type\":\"ImageObject\",\"inLanguage\":\"fr-FR\",\"@id\":\"https:\\\/\\\/secure.gravatar.com\\\/avatar\\\/602b199a1f28e97d83ab3a8bcb642260f5afd77cb09704889d85ddd70643cddb?s=96&d=mm&r=g\",\"url\":\"https:\\\/\\\/secure.gravatar.com\\\/avatar\\\/602b199a1f28e97d83ab3a8bcb642260f5afd77cb09704889d85ddd70643cddb?s=96&d=mm&r=g\",\"contentUrl\":\"https:\\\/\\\/secure.gravatar.com\\\/avatar\\\/602b199a1f28e97d83ab3a8bcb642260f5afd77cb09704889d85ddd70643cddb?s=96&d=mm&r=g\",\"caption\":\"xavier\"}}]}<\/script>\n<!-- \/ Yoast SEO plugin. -->","yoast_head_json":{"title":"Inverse et Polvu.cc : une alliance strat\u00e9gique pour promouvoir le gravel | Inverseteams","description":"Le cyclisme gravel est bien plus qu'une tendance : c'est une fa\u00e7on d'explorer, de vivre l'aventure et de renouer avec l'essence m\u00eame du cyclisme.","robots":{"index":"index","follow":"follow","max-snippet":"max-snippet:-1","max-image-preview":"max-image-preview:large","max-video-preview":"max-video-preview:-1"},"canonical":"https:\/\/www.inverseteams.com\/fr\/blog\/inverse-y-polvu-cc-una-alianza-estrategica-para-impulsar-el-gravel\/","og_locale":"fr_FR","og_type":"article","og_title":"Inverse et Polvu.cc : une alliance strat\u00e9gique pour promouvoir le gravel | Inverseteams","og_description":"Le cyclisme gravel est bien plus qu'une tendance : c'est une fa\u00e7on d'explorer, de vivre l'aventure et de renouer avec l'essence m\u00eame du cyclisme.","og_url":"https:\/\/www.inverseteams.com\/fr\/blog\/inverse-y-polvu-cc-una-alianza-estrategica-para-impulsar-el-gravel\/","og_site_name":"Inverseteams","article_publisher":"https:\/\/www.facebook.com\/inverseteams","article_published_time":"2025-06-16T09:12:33+00:00","article_modified_time":"2025-06-18T09:26:51+00:00","og_image":[{"width":1920,"height":1280,"url":"https:\/\/www.inverseteams.com\/wp-content\/uploads\/INVERSE-POLVU-CYCLING-GRAVEL-COLABORACION-001.jpg","type":"image\/jpeg"}],"author":"xavier","twitter_card":"summary_large_image","twitter_misc":{"\u00c9crit par":"xavier","Dur\u00e9e de lecture estim\u00e9e":"4 minutes"},"schema":{"@context":"https:\/\/schema.org","@graph":[{"@type":"Article","@id":"https:\/\/www.inverseteams.com\/fr\/blog\/inverse-y-polvu-cc-una-alianza-estrategica-para-impulsar-el-gravel\/#article","isPartOf":{"@id":"https:\/\/www.inverseteams.com\/fr\/blog\/inverse-y-polvu-cc-una-alianza-estrategica-para-impulsar-el-gravel\/"},"author":{"name":"xavier","@id":"https:\/\/www.inverseteams.com\/fr\/#\/schema\/person\/8e9cda76b6449aea55a18c6b0f3a15f1"},"headline":"Inverse et Polvu.cc : une alliance strat\u00e9gique pour promouvoir le gravel","datePublished":"2025-06-16T09:12:33+00:00","dateModified":"2025-06-18T09:26:51+00:00","mainEntityOfPage":{"@id":"https:\/\/www.inverseteams.com\/fr\/blog\/inverse-y-polvu-cc-una-alianza-estrategica-para-impulsar-el-gravel\/"},"wordCount":608,"commentCount":0,"publisher":{"@id":"https:\/\/www.inverseteams.com\/fr\/#organization"},"image":{"@id":"https:\/\/www.inverseteams.com\/fr\/blog\/inverse-y-polvu-cc-una-alianza-estrategica-para-impulsar-el-gravel\/#primaryimage"},"thumbnailUrl":"https:\/\/www.inverseteams.com\/wp-content\/uploads\/INVERSE-POLVU-CYCLING-GRAVEL-COLABORACION-001.jpg","keywords":["2025 gravel collection","collection cyclisme gravel","dise\u00f1o ropa gravel","gravel clothing","Gravel-Bekleidungsmarke","Gravel-Trends","kit gravel ciclismo","Offroad-Radsport","roba gravel dona","ropa gravel resistente","v\u00eatements gravel \u00e9t\u00e9","Abenteuer-Radsport","collection gravel","disseny roba gravel","gravel clothing brand","Gravel-Design","Gravel-Trikot","kit gravel cycliste","peces gravel","roba gravel home","ropa t\u00e9cnica gravel","v\u00eatements gravel femme","adventure cycling","collection gravel 2025","durable gravel apparel","gravel clothing design","Gravel-Fashion","individuelle Gravel-Bekleidung","leichte Gravel-Kleidung","personalisierte Gravel-Radbekleidung","roba gravel lleugera","style gravel","v\u00eatements gravel hiver","bikepacking gear","collection Inverse gravel","equipaci\u00f3 gravel","gravel collection","Gravel-Jacke","Inverse ciclisme gravel","lightweight gravel clothing","personalisierte Radbekleidung","roba gravel professional","summer gravel kit","v\u00eatements gravel homme","Bikepacking-Bekleidung","col\u00b7lecci\u00f3 gravel ciclisme","equipaci\u00f3n gravel","gravel cycling clothing","Gravel-Kleidung Damen","Inverse ciclismo gravel","mallot gravel","personalized gravel wear","roba gravel resistent","technical gravel wear","v\u00eatements gravel l\u00e9gers","ropa ciclismo personalizada","chaqueta gravel","col\u00b7lecci\u00f3 Inverse gravel","equipaciones gravel 2025","gravel cycling collection","Gravel-Kleidung Herren","Inverse cycling gravel","marca roba gravel","Polvu","roba t\u00e8cnica gravel","technische Gravel-Kleidung","v\u00eatements gravel personnalis\u00e9s","roba ciclisme personalitzada","ciclisme bikepacking","col\u00b7lecci\u00f3 roba gravel","equipacions gravel 2025","gravel cycling fashion","Gravel-Kollektion","Inverse cyclisme gravel","marca ropa gravel","polvu.cc","robuste Gravel-Kleidung","tendances gravel cyclisme","v\u00eatements gravel r\u00e9sistants","gravel jersey","ciclisme d&#8217;aventura","cuissard gravel","\u00e9quipement bikepacking","gravel cycling gear","Gravel-Kollektion 2025","Inverse gravel","marque v\u00eatements gravel","prendas gravel","ropa ciclismo gravel invierno","tendencias gravel ciclismo","v\u00eatements gravel sur mesure","ropa ciclismo gravel","ciclisme tot terreny","culot gravel","\u00e9quipement gravel","gravel cyclisme","Gravel-Outfit","Inverse gravel clothing","ma\u00dfgeschneiderte Radbekleidung","professional gravel kit","ropa ciclismo gravel personalizada","tend\u00e8ncies gravel ciclisme","v\u00eatements Inverse gravel","gravel bib shorts","ciclismo bikepacking","culote gravel","\u00e9quipement gravel professionnel","gravel jacket","Gravel-Radbekleidung","Inverse gravel collection","men\u2019s gravel clothing","professionelle Gravel-Kleidung","ropa ciclismo gravel verano","tenue cycliste gravel","v\u00eatements techniques gravel","maillot gravel","ciclismo de aventura","custom cycling clothing","estil gravel","gravel kit","Gravel-Radkollektion","Inverse Gravel-Bekleidung","moda ciclisme gravel","roba ciclisme gravel estiu","ropa ciclista gravel","tenues gravel","winter gravel clothing","gravel cycling","ciclismo gravel moda","custom cycling gear","estilo gravel","gravel style","Gravel-Radoutfit","Inverse Gravel-Kollektion","moda gravel ciclisme","roba ciclisme gravel hivern","ropa de gravel","veste gravel","women\u2019s gravel wear","roba ciclisme gravel","ciclismo todoterreno","custom gravel apparel","gravel apparel","gravel style trends","Gravel-Radsport","Inverse roba gravel","moda gravel ciclismo","roba ciclisme gravel personalitzada","ropa gravel hombre","v\u00eatements cyclisme personnalis\u00e9s","roba personalitzada gravel","colecci\u00f3n gravel ciclismo","cyclisme aventure","gravel bike kit","Gravel-Bekleidung","Gravel-Radsportmode","Inverse ropa gravel","mode cyclisme gravel","roba ciclista gravel","ropa gravel ligera","v\u00eatements cyclistes gravel","ropa personalizada gravel","colecci\u00f3n Inverse gravel","cyclisme tout-terrain","gravel ciclisme","Gravel-Bekleidung Sommer","Gravel-Stil","jaqueta gravel","mode gravel cyclisme","roba ciclista personalitzada","ropa gravel mujer","v\u00eatements cyclistes personnalis\u00e9s","ropa ciclista personalizada","colecci\u00f3n ropa gravel","design v\u00eatements gravel","gravel ciclismo","Gravel-Bekleidung Winter","Gravel-Tr\u00e4gerhose","kit gravel ciclisme","off-road cycling","roba de gravel","ropa gravel profesional","v\u00eatements gravel"],"articleSection":["Gravel"],"inLanguage":"fr-FR","potentialAction":[{"@type":"CommentAction","name":"Comment","target":["https:\/\/www.inverseteams.com\/fr\/blog\/inverse-y-polvu-cc-una-alianza-estrategica-para-impulsar-el-gravel\/#respond"]}]},{"@type":"WebPage","@id":"https:\/\/www.inverseteams.com\/fr\/blog\/inverse-y-polvu-cc-una-alianza-estrategica-para-impulsar-el-gravel\/","url":"https:\/\/www.inverseteams.com\/fr\/blog\/inverse-y-polvu-cc-una-alianza-estrategica-para-impulsar-el-gravel\/","name":"Inverse et Polvu.cc : une alliance strat\u00e9gique pour promouvoir le gravel | Inverseteams","isPartOf":{"@id":"https:\/\/www.inverseteams.com\/fr\/#website"},"primaryImageOfPage":{"@id":"https:\/\/www.inverseteams.com\/fr\/blog\/inverse-y-polvu-cc-una-alianza-estrategica-para-impulsar-el-gravel\/#primaryimage"},"image":{"@id":"https:\/\/www.inverseteams.com\/fr\/blog\/inverse-y-polvu-cc-una-alianza-estrategica-para-impulsar-el-gravel\/#primaryimage"},"thumbnailUrl":"https:\/\/www.inverseteams.com\/wp-content\/uploads\/INVERSE-POLVU-CYCLING-GRAVEL-COLABORACION-001.jpg","datePublished":"2025-06-16T09:12:33+00:00","dateModified":"2025-06-18T09:26:51+00:00","description":"Le cyclisme gravel est bien plus qu'une tendance : c'est une fa\u00e7on d'explorer, de vivre l'aventure et de renouer avec l'essence m\u00eame du cyclisme.","breadcrumb":{"@id":"https:\/\/www.inverseteams.com\/fr\/blog\/inverse-y-polvu-cc-una-alianza-estrategica-para-impulsar-el-gravel\/#breadcrumb"},"inLanguage":"fr-FR","potentialAction":[{"@type":"ReadAction","target":["https:\/\/www.inverseteams.com\/fr\/blog\/inverse-y-polvu-cc-una-alianza-estrategica-para-impulsar-el-gravel\/"]}]},{"@type":"ImageObject","inLanguage":"fr-FR","@id":"https:\/\/www.inverseteams.com\/fr\/blog\/inverse-y-polvu-cc-una-alianza-estrategica-para-impulsar-el-gravel\/#primaryimage","url":"https:\/\/www.inverseteams.com\/wp-content\/uploads\/INVERSE-POLVU-CYCLING-GRAVEL-COLABORACION-001.jpg","contentUrl":"https:\/\/www.inverseteams.com\/wp-content\/uploads\/INVERSE-POLVU-CYCLING-GRAVEL-COLABORACION-001.jpg","width":1920,"height":1280},{"@type":"BreadcrumbList","@id":"https:\/\/www.inverseteams.com\/fr\/blog\/inverse-y-polvu-cc-una-alianza-estrategica-para-impulsar-el-gravel\/#breadcrumb","itemListElement":[{"@type":"ListItem","position":1,"name":"Portada","item":"https:\/\/www.inverseteams.com\/fr\/pagina-principal\/"},{"@type":"ListItem","position":2,"name":"Inverse et Polvu.cc : une alliance strat\u00e9gique pour promouvoir le gravel"}]},{"@type":"WebSite","@id":"https:\/\/www.inverseteams.com\/fr\/#website","url":"https:\/\/www.inverseteams.com\/fr\/","name":"Inverseteams","description":"Tu marca de ropa deportiva personalizada","publisher":{"@id":"https:\/\/www.inverseteams.com\/fr\/#organization"},"potentialAction":[{"@type":"SearchAction","target":{"@type":"EntryPoint","urlTemplate":"https:\/\/www.inverseteams.com\/fr\/?s={search_term_string}"},"query-input":{"@type":"PropertyValueSpecification","valueRequired":true,"valueName":"search_term_string"}}],"inLanguage":"fr-FR"},{"@type":"Organization","@id":"https:\/\/www.inverseteams.com\/fr\/#organization","name":"Inverse Teams","url":"https:\/\/www.inverseteams.com\/fr\/","logo":{"@type":"ImageObject","inLanguage":"fr-FR","@id":"https:\/\/www.inverseteams.com\/fr\/#\/schema\/logo\/image\/","url":"https:\/\/www.inverseteams.com\/wp-content\/uploads\/2021\/03\/logo-inverse-teams.png","contentUrl":"https:\/\/www.inverseteams.com\/wp-content\/uploads\/2021\/03\/logo-inverse-teams.png","width":294,"height":99,"caption":"Inverse Teams"},"image":{"@id":"https:\/\/www.inverseteams.com\/fr\/#\/schema\/logo\/image\/"},"sameAs":["https:\/\/www.facebook.com\/inverseteams","http:\/\/instagram.com\/inverseteams","https:\/\/www.linkedin.com\/company\/inverse-cirosport-s-l-?trk=job_view_topcard_company_name","http:\/\/www.pinterest.com\/inverseteams\/","http:\/\/www.youtube.com\/user\/inverseteams?feature=watch"]},{"@type":"Person","@id":"https:\/\/www.inverseteams.com\/fr\/#\/schema\/person\/8e9cda76b6449aea55a18c6b0f3a15f1","name":"xavier","image":{"@type":"ImageObject","inLanguage":"fr-FR","@id":"https:\/\/secure.gravatar.com\/avatar\/602b199a1f28e97d83ab3a8bcb642260f5afd77cb09704889d85ddd70643cddb?s=96&d=mm&r=g","url":"https:\/\/secure.gravatar.com\/avatar\/602b199a1f28e97d83ab3a8bcb642260f5afd77cb09704889d85ddd70643cddb?s=96&d=mm&r=g","contentUrl":"https:\/\/secure.gravatar.com\/avatar\/602b199a1f28e97d83ab3a8bcb642260f5afd77cb09704889d85ddd70643cddb?s=96&d=mm&r=g","caption":"xavier"}}]}},"_links":{"self":[{"href":"https:\/\/www.inverseteams.com\/fr\/wp-json\/wp\/v2\/posts\/261803","targetHints":{"allow":["GET"]}}],"collection":[{"href":"https:\/\/www.inverseteams.com\/fr\/wp-json\/wp\/v2\/posts"}],"about":[{"href":"https:\/\/www.inverseteams.com\/fr\/wp-json\/wp\/v2\/types\/post"}],"author":[{"embeddable":true,"href":"https:\/\/www.inverseteams.com\/fr\/wp-json\/wp\/v2\/users\/12"}],"replies":[{"embeddable":true,"href":"https:\/\/www.inverseteams.com\/fr\/wp-json\/wp\/v2\/comments?post=261803"}],"version-history":[{"count":0,"href":"https:\/\/www.inverseteams.com\/fr\/wp-json\/wp\/v2\/posts\/261803\/revisions"}],"wp:featuredmedia":[{"embeddable":true,"href":"https:\/\/www.inverseteams.com\/fr\/wp-json\/wp\/v2\/media\/261725"}],"wp:attachment":[{"href":"https:\/\/www.inverseteams.com\/fr\/wp-json\/wp\/v2\/media?parent=261803"}],"wp:term":[{"taxonomy":"category","embeddable":true,"href":"https:\/\/www.inverseteams.com\/fr\/wp-json\/wp\/v2\/categories?post=261803"},{"taxonomy":"post_tag","embeddable":true,"href":"https:\/\/www.inverseteams.com\/fr\/wp-json\/wp\/v2\/tags?post=261803"}],"curies":[{"name":"wp","href":"https:\/\/api.w.org\/{rel}","templated":true}]}}