{"id":199249,"date":"2024-04-30T11:51:56","date_gmt":"2024-04-30T11:51:56","guid":{"rendered":"https:\/\/www.inverseteams.com\/blog\/el-importante-legado-del-esport-ciclista-barcelona-cedido-al-archivo-historico-de-barcelona\/"},"modified":"2024-05-03T10:00:43","modified_gmt":"2024-05-03T10:00:43","slug":"el-importante-legado-del-esport-ciclista-barcelona-cedido-al-archivo-historico-de-barcelona","status":"publish","type":"post","link":"https:\/\/www.inverseteams.com\/fr\/blog\/el-importante-legado-del-esport-ciclista-barcelona-cedido-al-archivo-historico-de-barcelona\/","title":{"rendered":"L&rsquo;important h\u00e9ritage de l&rsquo;Esport Ciclista Barcelona a \u00e9t\u00e9 c\u00e9d\u00e9 aux archives historiques de Barcelone."},"content":{"rendered":"\n<figure class=\"wp-block-image size-large\"><img loading=\"lazy\" decoding=\"async\" width=\"1024\" height=\"768\" src=\"https:\/\/www.inverseteams.com\/wp-content\/uploads\/ARXIU_BARCELONA_LLIURAMENT_MATERIAL_04_IMG_9314-copia-1024x768.jpg\" alt=\"\" class=\"wp-image-198862\" srcset=\"https:\/\/www.inverseteams.com\/wp-content\/uploads\/ARXIU_BARCELONA_LLIURAMENT_MATERIAL_04_IMG_9314-copia-1024x768.jpg 1024w, https:\/\/www.inverseteams.com\/wp-content\/uploads\/ARXIU_BARCELONA_LLIURAMENT_MATERIAL_04_IMG_9314-copia-300x225.jpg 300w, https:\/\/www.inverseteams.com\/wp-content\/uploads\/ARXIU_BARCELONA_LLIURAMENT_MATERIAL_04_IMG_9314-copia-768x576.jpg 768w, https:\/\/www.inverseteams.com\/wp-content\/uploads\/ARXIU_BARCELONA_LLIURAMENT_MATERIAL_04_IMG_9314-copia-1536x1152.jpg 1536w, https:\/\/www.inverseteams.com\/wp-content\/uploads\/ARXIU_BARCELONA_LLIURAMENT_MATERIAL_04_IMG_9314-copia-2048x1536.jpg 2048w, https:\/\/www.inverseteams.com\/wp-content\/uploads\/ARXIU_BARCELONA_LLIURAMENT_MATERIAL_04_IMG_9314-copia-420x315.jpg 420w, https:\/\/www.inverseteams.com\/wp-content\/uploads\/ARXIU_BARCELONA_LLIURAMENT_MATERIAL_04_IMG_9314-copia-64x48.jpg 64w\" sizes=\"auto, (max-width: 1024px) 100vw, 1024px\" \/><\/figure>\n\n\n<div class=\"wrapper-heading\">\n<h2 class=\"wp-block-heading\">Esport Ciclista Barcelona (ECB) a laiss\u00e9 un grand h\u00e9ritage dans l&rsquo;histoire du cyclisme catalan et espagnol. Il a r\u00e9cemment trouv\u00e9 un nouvel espace de conservation au sein de l&rsquo;Arxiu Hist\u00f2ric de la Ciutat de Barcelona (AHCB), marquant ainsi une \u00e9tape importante dans la pr\u00e9servation et la diffusion de la m\u00e9moire du cyclisme.<\/h2>\n<\/div>\n\n<div class=\"wrapper-heading\">\n<h3 class=\"wp-block-heading\">La signature de l&rsquo;accord de transfert, un \u00e9v\u00e9nement capital, a eu lieu le 24 avril au si\u00e8ge majestueux des archives, le palais gothique de la Casa de l&rsquo;Ardiaca, situ\u00e9 \u00e0 c\u00f4t\u00e9 de la cath\u00e9drale de Barcelone.<\/h3>\n<\/div>\n\n<div class=\"wrapper-heading\">\n<h4 class=\"wp-block-heading\">Ce remarquable transfert de culture cycliste a \u00e9t\u00e9 marqu\u00e9 par la pr\u00e9sence de Joaquim Sabat\u00e9, actuel pr\u00e9sident de l&rsquo;ECB et directeur financier et des ressources humaines d&rsquo;Inverse, accompagn\u00e9 de son fr\u00e8re Joan Sabat\u00e9, PDG d&rsquo;Inverse, et de Jordi Mart\u00ednez, responsable des archives du club.<\/h4>\n<\/div>\n\n\n<figure class=\"wp-block-image size-large\"><img loading=\"lazy\" decoding=\"async\" width=\"1024\" height=\"768\" src=\"https:\/\/www.inverseteams.com\/wp-content\/uploads\/ARXIU_BARCELONA_LLIURAMENT_MATERIAL_02_IMG_9314-copia-1024x768.jpg\" alt=\"\" class=\"wp-image-198867\" srcset=\"https:\/\/www.inverseteams.com\/wp-content\/uploads\/ARXIU_BARCELONA_LLIURAMENT_MATERIAL_02_IMG_9314-copia-1024x768.jpg 1024w, https:\/\/www.inverseteams.com\/wp-content\/uploads\/ARXIU_BARCELONA_LLIURAMENT_MATERIAL_02_IMG_9314-copia-300x225.jpg 300w, https:\/\/www.inverseteams.com\/wp-content\/uploads\/ARXIU_BARCELONA_LLIURAMENT_MATERIAL_02_IMG_9314-copia-768x576.jpg 768w, https:\/\/www.inverseteams.com\/wp-content\/uploads\/ARXIU_BARCELONA_LLIURAMENT_MATERIAL_02_IMG_9314-copia-1536x1152.jpg 1536w, https:\/\/www.inverseteams.com\/wp-content\/uploads\/ARXIU_BARCELONA_LLIURAMENT_MATERIAL_02_IMG_9314-copia-2048x1536.jpg 2048w, https:\/\/www.inverseteams.com\/wp-content\/uploads\/ARXIU_BARCELONA_LLIURAMENT_MATERIAL_02_IMG_9314-copia-420x315.jpg 420w, https:\/\/www.inverseteams.com\/wp-content\/uploads\/ARXIU_BARCELONA_LLIURAMENT_MATERIAL_02_IMG_9314-copia-64x48.jpg 64w\" sizes=\"auto, (max-width: 1024px) 100vw, 1024px\" \/><\/figure>\n\n\n<div class=\"wrapper-heading\">\n<h4 class=\"wp-block-heading\"><strong>Signature de l&rsquo;accord \u00e0 la Casa de l&rsquo;Ardiaca<\/strong><\/h4>\n<\/div>\n\n\n<p>La signature de l&rsquo;accord de transfert a eu lieu au si\u00e8ge majestueux de l&rsquo;<a href=\"https:\/\/ajuntament.barcelona.cat\/arxiumunicipal\/arxiuhistoric\/es\">AHCB<\/a>, dans le <a href=\"https:\/\/es.wikipedia.org\/wiki\/Casa_de_l&apos;Ardiaca\"><strong>palais gothique de la Casa de l&rsquo;Ardiaca<\/strong><\/a>, situ\u00e9 \u00e0 c\u00f4t\u00e9 de la cath\u00e9drale de Barcelone. C&rsquo;est dans ce cadre embl\u00e9matique que Joaquim Sabat\u00e9, actuel pr\u00e9sident de l&rsquo;<a href=\"https:\/\/ca.wikipedia.org\/wiki\/Esport_Ciclista_Barcelona\">ECB<\/a> et directeur financier et des ressources humaines d&rsquo;Inverse, et son fr\u00e8re Joan Sabat\u00e9, directeur commercial d&rsquo;Inverse, ont conclu l&rsquo;accord de transfert. Ils \u00e9taient accompagn\u00e9s de Jordi Mart\u00ednez, responsable des archives du club ECB.<\/p>\n\n\n\n<figure class=\"wp-block-image size-large\"><img loading=\"lazy\" decoding=\"async\" width=\"1024\" height=\"768\" src=\"https:\/\/www.inverseteams.com\/wp-content\/uploads\/ARXIU_BARCELONA_LLIURAMENT_MATERIAL_03_IMG_9314-copia-1024x768.jpg\" alt=\"\" class=\"wp-image-198872\" srcset=\"https:\/\/www.inverseteams.com\/wp-content\/uploads\/ARXIU_BARCELONA_LLIURAMENT_MATERIAL_03_IMG_9314-copia-1024x768.jpg 1024w, https:\/\/www.inverseteams.com\/wp-content\/uploads\/ARXIU_BARCELONA_LLIURAMENT_MATERIAL_03_IMG_9314-copia-300x225.jpg 300w, https:\/\/www.inverseteams.com\/wp-content\/uploads\/ARXIU_BARCELONA_LLIURAMENT_MATERIAL_03_IMG_9314-copia-768x576.jpg 768w, https:\/\/www.inverseteams.com\/wp-content\/uploads\/ARXIU_BARCELONA_LLIURAMENT_MATERIAL_03_IMG_9314-copia-1536x1152.jpg 1536w, https:\/\/www.inverseteams.com\/wp-content\/uploads\/ARXIU_BARCELONA_LLIURAMENT_MATERIAL_03_IMG_9314-copia-2048x1536.jpg 2048w, https:\/\/www.inverseteams.com\/wp-content\/uploads\/ARXIU_BARCELONA_LLIURAMENT_MATERIAL_03_IMG_9314-copia-420x315.jpg 420w, https:\/\/www.inverseteams.com\/wp-content\/uploads\/ARXIU_BARCELONA_LLIURAMENT_MATERIAL_03_IMG_9314-copia-64x48.jpg 64w\" sizes=\"auto, (max-width: 1024px) 100vw, 1024px\" \/><\/figure>\n\n\n<div class=\"wrapper-heading\">\n<h4 class=\"wp-block-heading\"><strong><strong>Une source pr\u00e9cieuse de documentation sur la culture cycliste<\/strong><\/strong><\/h4>\n<\/div>\n\n\n<p>Les archives c\u00e9d\u00e9es \u00e0 l&rsquo;AHCB abritent une <strong>collection unique d&rsquo;affiches qui t\u00e9moignent de deux \u00e9v\u00e9nements embl\u00e9matiques de l&rsquo;histoire du cyclisme catalan : la<\/strong> <a href=\"https:\/\/ca.wikipedia.org\/wiki\/Escalada_ciclista_a_Montju%C3%AFc\"><strong>Escalada cycliste du ch\u00e2teau de Montju\u00efc<\/strong><\/a> <strong>et la Semaine catalane du cyclisme<\/strong>, depuis ses d\u00e9buts dans les ann\u00e9es 1960 jusqu&rsquo;aux derni\u00e8res \u00e9ditions organis\u00e9es au d\u00e9but du XXIe si\u00e8cle. Ces \u00e9v\u00e9nements ont non seulement marqu\u00e9 des \u00e9tapes importantes dans la comp\u00e9tition cycliste, mais ont \u00e9galement contribu\u00e9 \u00e0 la culture et \u00e0 l&rsquo;identit\u00e9 de Barcelone et de la Catalogne en g\u00e9n\u00e9ral.<\/p>\n\n\n\n<figure class=\"wp-block-image size-large\"><img loading=\"lazy\" decoding=\"async\" width=\"1024\" height=\"768\" src=\"https:\/\/www.inverseteams.com\/wp-content\/uploads\/ARXIU_BARCELONA_LLIURAMENT_MATERIAL_10_IMG_9314-copia-1024x768.jpg\" alt=\"\" class=\"wp-image-198877\" srcset=\"https:\/\/www.inverseteams.com\/wp-content\/uploads\/ARXIU_BARCELONA_LLIURAMENT_MATERIAL_10_IMG_9314-copia-1024x768.jpg 1024w, https:\/\/www.inverseteams.com\/wp-content\/uploads\/ARXIU_BARCELONA_LLIURAMENT_MATERIAL_10_IMG_9314-copia-300x225.jpg 300w, https:\/\/www.inverseteams.com\/wp-content\/uploads\/ARXIU_BARCELONA_LLIURAMENT_MATERIAL_10_IMG_9314-copia-768x576.jpg 768w, https:\/\/www.inverseteams.com\/wp-content\/uploads\/ARXIU_BARCELONA_LLIURAMENT_MATERIAL_10_IMG_9314-copia-1536x1152.jpg 1536w, https:\/\/www.inverseteams.com\/wp-content\/uploads\/ARXIU_BARCELONA_LLIURAMENT_MATERIAL_10_IMG_9314-copia-2048x1536.jpg 2048w, https:\/\/www.inverseteams.com\/wp-content\/uploads\/ARXIU_BARCELONA_LLIURAMENT_MATERIAL_10_IMG_9314-copia-420x315.jpg 420w, https:\/\/www.inverseteams.com\/wp-content\/uploads\/ARXIU_BARCELONA_LLIURAMENT_MATERIAL_10_IMG_9314-copia-64x48.jpg 64w\" sizes=\"auto, (max-width: 1024px) 100vw, 1024px\" \/><\/figure>\n\n\n<div class=\"wrapper-heading\">\n<h4 class=\"wp-block-heading\"><strong><strong>L&rsquo;histoire d&rsquo;Inverse et du cyclisme<\/strong><\/strong><\/h4>\n<\/div>\n\n\n<p>Le lien entre l&rsquo;ECB et la marque Inverse ajoute un autre niveau de signification \u00e0 cette cession. <strong>L&rsquo;histoire d&rsquo;Inverse est intrins\u00e8quement li\u00e9e \u00e0 celle du cyclisme espagnol et catalan, \u00e0 travers la figure de <\/strong><a href=\"https:\/\/ca.wikipedia.org\/wiki\/Joaquim_Sabat%C3%A9_i_Daus%C3%A0\"><strong>Joaquim Sabat\u00e9 i Daus\u00e0<\/strong><\/a>, fondateur de l&rsquo;entreprise. Sa passion pour le cyclisme et son engagement aupr\u00e8s du club ECB refl\u00e8tent les racines profondes de la marque dans la culture cycliste.<\/p>\n\n\n\n<figure class=\"wp-block-image size-large\"><img loading=\"lazy\" decoding=\"async\" width=\"1024\" height=\"576\" src=\"https:\/\/www.inverseteams.com\/wp-content\/uploads\/ARXIU_BARCELONA_LLIURAMENT_MATERIAL_13_IMG_9314-copia-1024x576.jpg\" alt=\"\" class=\"wp-image-198882\" srcset=\"https:\/\/www.inverseteams.com\/wp-content\/uploads\/ARXIU_BARCELONA_LLIURAMENT_MATERIAL_13_IMG_9314-copia-1024x576.jpg 1024w, https:\/\/www.inverseteams.com\/wp-content\/uploads\/ARXIU_BARCELONA_LLIURAMENT_MATERIAL_13_IMG_9314-copia-300x169.jpg 300w, https:\/\/www.inverseteams.com\/wp-content\/uploads\/ARXIU_BARCELONA_LLIURAMENT_MATERIAL_13_IMG_9314-copia-768x432.jpg 768w, https:\/\/www.inverseteams.com\/wp-content\/uploads\/ARXIU_BARCELONA_LLIURAMENT_MATERIAL_13_IMG_9314-copia-1536x864.jpg 1536w, https:\/\/www.inverseteams.com\/wp-content\/uploads\/ARXIU_BARCELONA_LLIURAMENT_MATERIAL_13_IMG_9314-copia-2048x1152.jpg 2048w, https:\/\/www.inverseteams.com\/wp-content\/uploads\/ARXIU_BARCELONA_LLIURAMENT_MATERIAL_13_IMG_9314-copia-1920x1080.jpg 1920w, https:\/\/www.inverseteams.com\/wp-content\/uploads\/ARXIU_BARCELONA_LLIURAMENT_MATERIAL_13_IMG_9314-copia-420x236.jpg 420w, https:\/\/www.inverseteams.com\/wp-content\/uploads\/ARXIU_BARCELONA_LLIURAMENT_MATERIAL_13_IMG_9314-copia-64x36.jpg 64w\" sizes=\"auto, (max-width: 1024px) 100vw, 1024px\" \/><\/figure>\n\n\n<div class=\"wrapper-heading\">\n<h4 class=\"wp-block-heading\"><strong><strong>L&rsquo;h\u00e9ritage de Joaquim Sabat\u00e9<\/strong><\/strong><\/h4>\n<\/div>\n\n\n<p>Joaquim Sabat\u00e9, <strong>figure embl\u00e9matique du cyclisme catalan<\/strong>, a jou\u00e9 un r\u00f4le fondamental dans l&rsquo;histoire de l&rsquo;ECB. De sa participation au club dans les ann\u00e9es 1950 \u00e0 sa pr\u00e9sidence de 1962 \u00e0 2001, Sabat\u00e9 a \u00e9t\u00e9 un <strong>infatigable promoteur du cyclisme en Catalogne.<\/strong> Son h\u00e9ritage se perp\u00e9tue non seulement dans la m\u00e9moire du club, mais aussi dans la reconnaissance posthume, telle que la remise de la <strong>m\u00e9daille d&rsquo;honneur de Barcelone en 2002.<\/strong><\/p>\n\n\n\n<p>Le transfert des archives de l&rsquo;ECB \u00e0 l&rsquo;AHCB assure non seulement la pr\u00e9servation d&rsquo;un h\u00e9ritage inestimable, mais <strong>garantit \u00e9galement que l&rsquo;histoire du cyclisme catalan continuera d&rsquo;inspirer les g\u00e9n\u00e9rations \u00e0 venir.<\/strong><\/p>\n\n\n\n<figure class=\"wp-block-image size-large\"><img loading=\"lazy\" decoding=\"async\" width=\"1024\" height=\"768\" src=\"https:\/\/www.inverseteams.com\/wp-content\/uploads\/ARXIU_BARCELONA_LLIURAMENT_MATERIAL_08_IMG_9314-copia-1024x768.jpg\" alt=\"\" class=\"wp-image-198887\" srcset=\"https:\/\/www.inverseteams.com\/wp-content\/uploads\/ARXIU_BARCELONA_LLIURAMENT_MATERIAL_08_IMG_9314-copia-1024x768.jpg 1024w, https:\/\/www.inverseteams.com\/wp-content\/uploads\/ARXIU_BARCELONA_LLIURAMENT_MATERIAL_08_IMG_9314-copia-300x225.jpg 300w, https:\/\/www.inverseteams.com\/wp-content\/uploads\/ARXIU_BARCELONA_LLIURAMENT_MATERIAL_08_IMG_9314-copia-768x576.jpg 768w, https:\/\/www.inverseteams.com\/wp-content\/uploads\/ARXIU_BARCELONA_LLIURAMENT_MATERIAL_08_IMG_9314-copia-1536x1152.jpg 1536w, https:\/\/www.inverseteams.com\/wp-content\/uploads\/ARXIU_BARCELONA_LLIURAMENT_MATERIAL_08_IMG_9314-copia-2048x1536.jpg 2048w, https:\/\/www.inverseteams.com\/wp-content\/uploads\/ARXIU_BARCELONA_LLIURAMENT_MATERIAL_08_IMG_9314-copia-420x315.jpg 420w, https:\/\/www.inverseteams.com\/wp-content\/uploads\/ARXIU_BARCELONA_LLIURAMENT_MATERIAL_08_IMG_9314-copia-64x48.jpg 64w\" sizes=\"auto, (max-width: 1024px) 100vw, 1024px\" \/><\/figure>\n\n\n\n<figure class=\"wp-block-image size-large\"><img loading=\"lazy\" decoding=\"async\" width=\"1024\" height=\"768\" src=\"https:\/\/www.inverseteams.com\/wp-content\/uploads\/ARXIU_BARCELONA_LLIURAMENT_MATERIAL_16_IMG_9314-copia-1024x768.jpg\" alt=\"\" class=\"wp-image-198892\" srcset=\"https:\/\/www.inverseteams.com\/wp-content\/uploads\/ARXIU_BARCELONA_LLIURAMENT_MATERIAL_16_IMG_9314-copia-1024x768.jpg 1024w, https:\/\/www.inverseteams.com\/wp-content\/uploads\/ARXIU_BARCELONA_LLIURAMENT_MATERIAL_16_IMG_9314-copia-300x225.jpg 300w, https:\/\/www.inverseteams.com\/wp-content\/uploads\/ARXIU_BARCELONA_LLIURAMENT_MATERIAL_16_IMG_9314-copia-768x576.jpg 768w, https:\/\/www.inverseteams.com\/wp-content\/uploads\/ARXIU_BARCELONA_LLIURAMENT_MATERIAL_16_IMG_9314-copia-1536x1152.jpg 1536w, https:\/\/www.inverseteams.com\/wp-content\/uploads\/ARXIU_BARCELONA_LLIURAMENT_MATERIAL_16_IMG_9314-copia-2048x1536.jpg 2048w, https:\/\/www.inverseteams.com\/wp-content\/uploads\/ARXIU_BARCELONA_LLIURAMENT_MATERIAL_16_IMG_9314-copia-420x315.jpg 420w, https:\/\/www.inverseteams.com\/wp-content\/uploads\/ARXIU_BARCELONA_LLIURAMENT_MATERIAL_16_IMG_9314-copia-64x48.jpg 64w\" sizes=\"auto, (max-width: 1024px) 100vw, 1024px\" \/><\/figure>\n\n\n\n<div class=\"wp-block-buttons is-layout-flex wp-block-buttons-is-layout-flex\">\n<div class=\"wp-block-button\"><a class=\"wp-block-button__link wp-element-button\" href=\"https:\/\/www.inverseteams.com\/fr\/enterprise-fabrique-barcelone-depuis-1969\/\">Histoire d&rsquo;Inverse<\/a><\/div>\n<\/div>\n","protected":false},"excerpt":{"rendered":"<p>Esport Ciclista Barcelona (ECB) a laiss\u00e9 un grand h\u00e9ritage dans l&rsquo;histoire du cyclisme catalan et espagnol. Il a r\u00e9cemment trouv\u00e9 un nouvel espace de conservation au sein de l&rsquo;Arxiu Hist\u00f2ric de la Ciutat de Barcelona (AHCB), marquant ainsi une \u00e9tape importante dans la pr\u00e9servation et la diffusion de la m\u00e9moire du cyclisme. La signature de [&hellip;]<\/p>\n","protected":false},"author":12,"featured_media":198865,"comment_status":"open","ping_status":"open","sticky":false,"template":"","format":"standard","meta":{"_acf_changed":false,"mc4wp_mailchimp_campaign":[],"footnotes":""},"categories":[188],"tags":[14131,14132,14133,14134,14135,14136,14137,14138,14139,14140,14141,8636],"class_list":["post-199249","post","type-post","status-publish","format-standard","has-post-thumbnail","hentry","category-cyclisme","tag-barcelona-cycling-history-fr","tag-catalonia-cycling-history-fr","tag-escalada-castell-montjuic-fr","tag-esport-ciclista-barcelona-fr","tag-historia-ciclisme-catalunya-fr","tag-historia-ciclisme-espanya-fr","tag-historia-ciclismo-cataluna-fr","tag-historia-ciclismo-espana-fr","tag-joaquim-sabate-fr","tag-semana-catalana-ciclismo-fr","tag-setmana-catalana-ciclisme-fr","tag-ciclismo-barcelona-fr"],"acf":[],"yoast_head":"<!-- This site is optimized with the Yoast SEO plugin v27.3 - https:\/\/yoast.com\/product\/yoast-seo-wordpress\/ -->\n<title>L&#039;important h\u00e9ritage de l&#039;Esport Ciclista Barcelona a \u00e9t\u00e9 c\u00e9d\u00e9 aux archives historiques de Barcelone. | Inverseteams<\/title>\n<meta name=\"description\" content=\"Esport Ciclista Barcelona (ECB) a laiss\u00e9 un grand h\u00e9ritage dans l&#039;histoire du cyclisme catalan et espagnol. Il a r\u00e9cemment trouv\u00e9 un nouvel espace de conservation au sein de l&#039;Arxiu Hist\u00f2ric de la Ciutat de Barcelona (AHCB), marquant ainsi une \u00e9tape importante dans la pr\u00e9servation et la diffusion de la m\u00e9moire du cyclisme.\" \/>\n<meta name=\"robots\" content=\"index, follow, max-snippet:-1, max-image-preview:large, max-video-preview:-1\" \/>\n<link rel=\"canonical\" href=\"https:\/\/www.inverseteams.com\/fr\/blog\/el-importante-legado-del-esport-ciclista-barcelona-cedido-al-archivo-historico-de-barcelona\/\" \/>\n<meta property=\"og:locale\" content=\"fr_FR\" \/>\n<meta property=\"og:type\" content=\"article\" \/>\n<meta property=\"og:title\" content=\"L&#039;important h\u00e9ritage de l&#039;Esport Ciclista Barcelona a \u00e9t\u00e9 c\u00e9d\u00e9 aux archives historiques de Barcelone. | Inverseteams\" \/>\n<meta property=\"og:description\" content=\"Esport Ciclista Barcelona (ECB) a laiss\u00e9 un grand h\u00e9ritage dans l&#039;histoire du cyclisme catalan et espagnol. Il a r\u00e9cemment trouv\u00e9 un nouvel espace de conservation au sein de l&#039;Arxiu Hist\u00f2ric de la Ciutat de Barcelona (AHCB), marquant ainsi une \u00e9tape importante dans la pr\u00e9servation et la diffusion de la m\u00e9moire du cyclisme.\" \/>\n<meta property=\"og:url\" content=\"https:\/\/www.inverseteams.com\/fr\/blog\/el-importante-legado-del-esport-ciclista-barcelona-cedido-al-archivo-historico-de-barcelona\/\" \/>\n<meta property=\"og:site_name\" content=\"Inverseteams\" \/>\n<meta property=\"article:publisher\" content=\"https:\/\/www.facebook.com\/inverseteams\" \/>\n<meta property=\"article:published_time\" content=\"2024-04-30T11:51:56+00:00\" \/>\n<meta property=\"article:modified_time\" content=\"2024-05-03T10:00:43+00:00\" \/>\n<meta property=\"og:image\" content=\"https:\/\/www.inverseteams.com\/wp-content\/uploads\/ARXIU_BARCELONA_LLIURAMENT_MATERIAL_04_IMG_9314-copia-1024x768.jpg\" \/>\n\t<meta property=\"og:image:width\" content=\"1024\" \/>\n\t<meta property=\"og:image:height\" content=\"768\" \/>\n\t<meta property=\"og:image:type\" content=\"image\/jpeg\" \/>\n<meta name=\"author\" content=\"xavier\" \/>\n<meta name=\"twitter:card\" content=\"summary_large_image\" \/>\n<meta name=\"twitter:label1\" content=\"\u00c9crit par\" \/>\n\t<meta name=\"twitter:data1\" content=\"xavier\" \/>\n\t<meta name=\"twitter:label2\" content=\"Dur\u00e9e de lecture estim\u00e9e\" \/>\n\t<meta name=\"twitter:data2\" content=\"4 minutes\" \/>\n<script type=\"application\/ld+json\" class=\"yoast-schema-graph\">{\"@context\":\"https:\\\/\\\/schema.org\",\"@graph\":[{\"@type\":\"Article\",\"@id\":\"https:\\\/\\\/www.inverseteams.com\\\/fr\\\/blog\\\/el-importante-legado-del-esport-ciclista-barcelona-cedido-al-archivo-historico-de-barcelona\\\/#article\",\"isPartOf\":{\"@id\":\"https:\\\/\\\/www.inverseteams.com\\\/fr\\\/blog\\\/el-importante-legado-del-esport-ciclista-barcelona-cedido-al-archivo-historico-de-barcelona\\\/\"},\"author\":{\"name\":\"xavier\",\"@id\":\"https:\\\/\\\/www.inverseteams.com\\\/fr\\\/#\\\/schema\\\/person\\\/8e9cda76b6449aea55a18c6b0f3a15f1\"},\"headline\":\"L&rsquo;important h\u00e9ritage de l&rsquo;Esport Ciclista Barcelona a \u00e9t\u00e9 c\u00e9d\u00e9 aux archives historiques de Barcelone.\",\"datePublished\":\"2024-04-30T11:51:56+00:00\",\"dateModified\":\"2024-05-03T10:00:43+00:00\",\"mainEntityOfPage\":{\"@id\":\"https:\\\/\\\/www.inverseteams.com\\\/fr\\\/blog\\\/el-importante-legado-del-esport-ciclista-barcelona-cedido-al-archivo-historico-de-barcelona\\\/\"},\"wordCount\":575,\"commentCount\":0,\"publisher\":{\"@id\":\"https:\\\/\\\/www.inverseteams.com\\\/fr\\\/#organization\"},\"image\":{\"@id\":\"https:\\\/\\\/www.inverseteams.com\\\/fr\\\/blog\\\/el-importante-legado-del-esport-ciclista-barcelona-cedido-al-archivo-historico-de-barcelona\\\/#primaryimage\"},\"thumbnailUrl\":\"https:\\\/\\\/www.inverseteams.com\\\/wp-content\\\/uploads\\\/ARXIU_BARCELONA_LLIURAMENT_MATERIAL_04_IMG_9314-copia.jpg\",\"keywords\":[\"Barcelona cycling history\",\"Catalonia cycling history\",\"Escalada castell Montju\u00efc\",\"Esport Ciclista Barcelona\",\"historia ciclisme catalunya\",\"hist\u00f2ria ciclisme espanya\",\"Historia ciclismo catalu\u00f1a\",\"historia ciclismo espa\u00f1a\",\"Joaquim Sabat\u00e9\",\"Semana Catalana Ciclismo\",\"Setmana Catalana Ciclisme\",\"ciclismo barcelona\"],\"articleSection\":[\"Cyclisme\"],\"inLanguage\":\"fr-FR\",\"potentialAction\":[{\"@type\":\"CommentAction\",\"name\":\"Comment\",\"target\":[\"https:\\\/\\\/www.inverseteams.com\\\/fr\\\/blog\\\/el-importante-legado-del-esport-ciclista-barcelona-cedido-al-archivo-historico-de-barcelona\\\/#respond\"]}]},{\"@type\":\"WebPage\",\"@id\":\"https:\\\/\\\/www.inverseteams.com\\\/fr\\\/blog\\\/el-importante-legado-del-esport-ciclista-barcelona-cedido-al-archivo-historico-de-barcelona\\\/\",\"url\":\"https:\\\/\\\/www.inverseteams.com\\\/fr\\\/blog\\\/el-importante-legado-del-esport-ciclista-barcelona-cedido-al-archivo-historico-de-barcelona\\\/\",\"name\":\"L'important h\u00e9ritage de l'Esport Ciclista Barcelona a \u00e9t\u00e9 c\u00e9d\u00e9 aux archives historiques de Barcelone. | Inverseteams\",\"isPartOf\":{\"@id\":\"https:\\\/\\\/www.inverseteams.com\\\/fr\\\/#website\"},\"primaryImageOfPage\":{\"@id\":\"https:\\\/\\\/www.inverseteams.com\\\/fr\\\/blog\\\/el-importante-legado-del-esport-ciclista-barcelona-cedido-al-archivo-historico-de-barcelona\\\/#primaryimage\"},\"image\":{\"@id\":\"https:\\\/\\\/www.inverseteams.com\\\/fr\\\/blog\\\/el-importante-legado-del-esport-ciclista-barcelona-cedido-al-archivo-historico-de-barcelona\\\/#primaryimage\"},\"thumbnailUrl\":\"https:\\\/\\\/www.inverseteams.com\\\/wp-content\\\/uploads\\\/ARXIU_BARCELONA_LLIURAMENT_MATERIAL_04_IMG_9314-copia.jpg\",\"datePublished\":\"2024-04-30T11:51:56+00:00\",\"dateModified\":\"2024-05-03T10:00:43+00:00\",\"description\":\"Esport Ciclista Barcelona (ECB) a laiss\u00e9 un grand h\u00e9ritage dans l'histoire du cyclisme catalan et espagnol. Il a r\u00e9cemment trouv\u00e9 un nouvel espace de conservation au sein de l'Arxiu Hist\u00f2ric de la Ciutat de Barcelona (AHCB), marquant ainsi une \u00e9tape importante dans la pr\u00e9servation et la diffusion de la m\u00e9moire du cyclisme.\",\"breadcrumb\":{\"@id\":\"https:\\\/\\\/www.inverseteams.com\\\/fr\\\/blog\\\/el-importante-legado-del-esport-ciclista-barcelona-cedido-al-archivo-historico-de-barcelona\\\/#breadcrumb\"},\"inLanguage\":\"fr-FR\",\"potentialAction\":[{\"@type\":\"ReadAction\",\"target\":[\"https:\\\/\\\/www.inverseteams.com\\\/fr\\\/blog\\\/el-importante-legado-del-esport-ciclista-barcelona-cedido-al-archivo-historico-de-barcelona\\\/\"]}]},{\"@type\":\"ImageObject\",\"inLanguage\":\"fr-FR\",\"@id\":\"https:\\\/\\\/www.inverseteams.com\\\/fr\\\/blog\\\/el-importante-legado-del-esport-ciclista-barcelona-cedido-al-archivo-historico-de-barcelona\\\/#primaryimage\",\"url\":\"https:\\\/\\\/www.inverseteams.com\\\/wp-content\\\/uploads\\\/ARXIU_BARCELONA_LLIURAMENT_MATERIAL_04_IMG_9314-copia.jpg\",\"contentUrl\":\"https:\\\/\\\/www.inverseteams.com\\\/wp-content\\\/uploads\\\/ARXIU_BARCELONA_LLIURAMENT_MATERIAL_04_IMG_9314-copia.jpg\",\"width\":4032,\"height\":3024},{\"@type\":\"BreadcrumbList\",\"@id\":\"https:\\\/\\\/www.inverseteams.com\\\/fr\\\/blog\\\/el-importante-legado-del-esport-ciclista-barcelona-cedido-al-archivo-historico-de-barcelona\\\/#breadcrumb\",\"itemListElement\":[{\"@type\":\"ListItem\",\"position\":1,\"name\":\"Portada\",\"item\":\"https:\\\/\\\/www.inverseteams.com\\\/fr\\\/pagina-principal\\\/\"},{\"@type\":\"ListItem\",\"position\":2,\"name\":\"L&rsquo;important h\u00e9ritage de l&rsquo;Esport Ciclista Barcelona a \u00e9t\u00e9 c\u00e9d\u00e9 aux archives historiques de Barcelone.\"}]},{\"@type\":\"WebSite\",\"@id\":\"https:\\\/\\\/www.inverseteams.com\\\/fr\\\/#website\",\"url\":\"https:\\\/\\\/www.inverseteams.com\\\/fr\\\/\",\"name\":\"Inverseteams\",\"description\":\"Tu marca de ropa deportiva personalizada\",\"publisher\":{\"@id\":\"https:\\\/\\\/www.inverseteams.com\\\/fr\\\/#organization\"},\"potentialAction\":[{\"@type\":\"SearchAction\",\"target\":{\"@type\":\"EntryPoint\",\"urlTemplate\":\"https:\\\/\\\/www.inverseteams.com\\\/fr\\\/?s={search_term_string}\"},\"query-input\":{\"@type\":\"PropertyValueSpecification\",\"valueRequired\":true,\"valueName\":\"search_term_string\"}}],\"inLanguage\":\"fr-FR\"},{\"@type\":\"Organization\",\"@id\":\"https:\\\/\\\/www.inverseteams.com\\\/fr\\\/#organization\",\"name\":\"Inverse Teams\",\"url\":\"https:\\\/\\\/www.inverseteams.com\\\/fr\\\/\",\"logo\":{\"@type\":\"ImageObject\",\"inLanguage\":\"fr-FR\",\"@id\":\"https:\\\/\\\/www.inverseteams.com\\\/fr\\\/#\\\/schema\\\/logo\\\/image\\\/\",\"url\":\"https:\\\/\\\/www.inverseteams.com\\\/wp-content\\\/uploads\\\/2021\\\/03\\\/logo-inverse-teams.png\",\"contentUrl\":\"https:\\\/\\\/www.inverseteams.com\\\/wp-content\\\/uploads\\\/2021\\\/03\\\/logo-inverse-teams.png\",\"width\":294,\"height\":99,\"caption\":\"Inverse Teams\"},\"image\":{\"@id\":\"https:\\\/\\\/www.inverseteams.com\\\/fr\\\/#\\\/schema\\\/logo\\\/image\\\/\"},\"sameAs\":[\"https:\\\/\\\/www.facebook.com\\\/inverseteams\",\"http:\\\/\\\/instagram.com\\\/inverseteams\",\"https:\\\/\\\/www.linkedin.com\\\/company\\\/inverse-cirosport-s-l-?trk=job_view_topcard_company_name\",\"http:\\\/\\\/www.pinterest.com\\\/inverseteams\\\/\",\"http:\\\/\\\/www.youtube.com\\\/user\\\/inverseteams?feature=watch\"]},{\"@type\":\"Person\",\"@id\":\"https:\\\/\\\/www.inverseteams.com\\\/fr\\\/#\\\/schema\\\/person\\\/8e9cda76b6449aea55a18c6b0f3a15f1\",\"name\":\"xavier\",\"image\":{\"@type\":\"ImageObject\",\"inLanguage\":\"fr-FR\",\"@id\":\"https:\\\/\\\/secure.gravatar.com\\\/avatar\\\/602b199a1f28e97d83ab3a8bcb642260f5afd77cb09704889d85ddd70643cddb?s=96&d=mm&r=g\",\"url\":\"https:\\\/\\\/secure.gravatar.com\\\/avatar\\\/602b199a1f28e97d83ab3a8bcb642260f5afd77cb09704889d85ddd70643cddb?s=96&d=mm&r=g\",\"contentUrl\":\"https:\\\/\\\/secure.gravatar.com\\\/avatar\\\/602b199a1f28e97d83ab3a8bcb642260f5afd77cb09704889d85ddd70643cddb?s=96&d=mm&r=g\",\"caption\":\"xavier\"}}]}<\/script>\n<!-- \/ Yoast SEO plugin. -->","yoast_head_json":{"title":"L'important h\u00e9ritage de l'Esport Ciclista Barcelona a \u00e9t\u00e9 c\u00e9d\u00e9 aux archives historiques de Barcelone. | Inverseteams","description":"Esport Ciclista Barcelona (ECB) a laiss\u00e9 un grand h\u00e9ritage dans l'histoire du cyclisme catalan et espagnol. Il a r\u00e9cemment trouv\u00e9 un nouvel espace de conservation au sein de l'Arxiu Hist\u00f2ric de la Ciutat de Barcelona (AHCB), marquant ainsi une \u00e9tape importante dans la pr\u00e9servation et la diffusion de la m\u00e9moire du cyclisme.","robots":{"index":"index","follow":"follow","max-snippet":"max-snippet:-1","max-image-preview":"max-image-preview:large","max-video-preview":"max-video-preview:-1"},"canonical":"https:\/\/www.inverseteams.com\/fr\/blog\/el-importante-legado-del-esport-ciclista-barcelona-cedido-al-archivo-historico-de-barcelona\/","og_locale":"fr_FR","og_type":"article","og_title":"L'important h\u00e9ritage de l'Esport Ciclista Barcelona a \u00e9t\u00e9 c\u00e9d\u00e9 aux archives historiques de Barcelone. | Inverseteams","og_description":"Esport Ciclista Barcelona (ECB) a laiss\u00e9 un grand h\u00e9ritage dans l'histoire du cyclisme catalan et espagnol. Il a r\u00e9cemment trouv\u00e9 un nouvel espace de conservation au sein de l'Arxiu Hist\u00f2ric de la Ciutat de Barcelona (AHCB), marquant ainsi une \u00e9tape importante dans la pr\u00e9servation et la diffusion de la m\u00e9moire du cyclisme.","og_url":"https:\/\/www.inverseteams.com\/fr\/blog\/el-importante-legado-del-esport-ciclista-barcelona-cedido-al-archivo-historico-de-barcelona\/","og_site_name":"Inverseteams","article_publisher":"https:\/\/www.facebook.com\/inverseteams","article_published_time":"2024-04-30T11:51:56+00:00","article_modified_time":"2024-05-03T10:00:43+00:00","og_image":[{"width":1024,"height":768,"url":"https:\/\/www.inverseteams.com\/wp-content\/uploads\/ARXIU_BARCELONA_LLIURAMENT_MATERIAL_04_IMG_9314-copia-1024x768.jpg","type":"image\/jpeg"}],"author":"xavier","twitter_card":"summary_large_image","twitter_misc":{"\u00c9crit par":"xavier","Dur\u00e9e de lecture estim\u00e9e":"4 minutes"},"schema":{"@context":"https:\/\/schema.org","@graph":[{"@type":"Article","@id":"https:\/\/www.inverseteams.com\/fr\/blog\/el-importante-legado-del-esport-ciclista-barcelona-cedido-al-archivo-historico-de-barcelona\/#article","isPartOf":{"@id":"https:\/\/www.inverseteams.com\/fr\/blog\/el-importante-legado-del-esport-ciclista-barcelona-cedido-al-archivo-historico-de-barcelona\/"},"author":{"name":"xavier","@id":"https:\/\/www.inverseteams.com\/fr\/#\/schema\/person\/8e9cda76b6449aea55a18c6b0f3a15f1"},"headline":"L&rsquo;important h\u00e9ritage de l&rsquo;Esport Ciclista Barcelona a \u00e9t\u00e9 c\u00e9d\u00e9 aux archives historiques de Barcelone.","datePublished":"2024-04-30T11:51:56+00:00","dateModified":"2024-05-03T10:00:43+00:00","mainEntityOfPage":{"@id":"https:\/\/www.inverseteams.com\/fr\/blog\/el-importante-legado-del-esport-ciclista-barcelona-cedido-al-archivo-historico-de-barcelona\/"},"wordCount":575,"commentCount":0,"publisher":{"@id":"https:\/\/www.inverseteams.com\/fr\/#organization"},"image":{"@id":"https:\/\/www.inverseteams.com\/fr\/blog\/el-importante-legado-del-esport-ciclista-barcelona-cedido-al-archivo-historico-de-barcelona\/#primaryimage"},"thumbnailUrl":"https:\/\/www.inverseteams.com\/wp-content\/uploads\/ARXIU_BARCELONA_LLIURAMENT_MATERIAL_04_IMG_9314-copia.jpg","keywords":["Barcelona cycling history","Catalonia cycling history","Escalada castell Montju\u00efc","Esport Ciclista Barcelona","historia ciclisme catalunya","hist\u00f2ria ciclisme espanya","Historia ciclismo catalu\u00f1a","historia ciclismo espa\u00f1a","Joaquim Sabat\u00e9","Semana Catalana Ciclismo","Setmana Catalana Ciclisme","ciclismo barcelona"],"articleSection":["Cyclisme"],"inLanguage":"fr-FR","potentialAction":[{"@type":"CommentAction","name":"Comment","target":["https:\/\/www.inverseteams.com\/fr\/blog\/el-importante-legado-del-esport-ciclista-barcelona-cedido-al-archivo-historico-de-barcelona\/#respond"]}]},{"@type":"WebPage","@id":"https:\/\/www.inverseteams.com\/fr\/blog\/el-importante-legado-del-esport-ciclista-barcelona-cedido-al-archivo-historico-de-barcelona\/","url":"https:\/\/www.inverseteams.com\/fr\/blog\/el-importante-legado-del-esport-ciclista-barcelona-cedido-al-archivo-historico-de-barcelona\/","name":"L'important h\u00e9ritage de l'Esport Ciclista Barcelona a \u00e9t\u00e9 c\u00e9d\u00e9 aux archives historiques de Barcelone. | Inverseteams","isPartOf":{"@id":"https:\/\/www.inverseteams.com\/fr\/#website"},"primaryImageOfPage":{"@id":"https:\/\/www.inverseteams.com\/fr\/blog\/el-importante-legado-del-esport-ciclista-barcelona-cedido-al-archivo-historico-de-barcelona\/#primaryimage"},"image":{"@id":"https:\/\/www.inverseteams.com\/fr\/blog\/el-importante-legado-del-esport-ciclista-barcelona-cedido-al-archivo-historico-de-barcelona\/#primaryimage"},"thumbnailUrl":"https:\/\/www.inverseteams.com\/wp-content\/uploads\/ARXIU_BARCELONA_LLIURAMENT_MATERIAL_04_IMG_9314-copia.jpg","datePublished":"2024-04-30T11:51:56+00:00","dateModified":"2024-05-03T10:00:43+00:00","description":"Esport Ciclista Barcelona (ECB) a laiss\u00e9 un grand h\u00e9ritage dans l'histoire du cyclisme catalan et espagnol. Il a r\u00e9cemment trouv\u00e9 un nouvel espace de conservation au sein de l'Arxiu Hist\u00f2ric de la Ciutat de Barcelona (AHCB), marquant ainsi une \u00e9tape importante dans la pr\u00e9servation et la diffusion de la m\u00e9moire du cyclisme.","breadcrumb":{"@id":"https:\/\/www.inverseteams.com\/fr\/blog\/el-importante-legado-del-esport-ciclista-barcelona-cedido-al-archivo-historico-de-barcelona\/#breadcrumb"},"inLanguage":"fr-FR","potentialAction":[{"@type":"ReadAction","target":["https:\/\/www.inverseteams.com\/fr\/blog\/el-importante-legado-del-esport-ciclista-barcelona-cedido-al-archivo-historico-de-barcelona\/"]}]},{"@type":"ImageObject","inLanguage":"fr-FR","@id":"https:\/\/www.inverseteams.com\/fr\/blog\/el-importante-legado-del-esport-ciclista-barcelona-cedido-al-archivo-historico-de-barcelona\/#primaryimage","url":"https:\/\/www.inverseteams.com\/wp-content\/uploads\/ARXIU_BARCELONA_LLIURAMENT_MATERIAL_04_IMG_9314-copia.jpg","contentUrl":"https:\/\/www.inverseteams.com\/wp-content\/uploads\/ARXIU_BARCELONA_LLIURAMENT_MATERIAL_04_IMG_9314-copia.jpg","width":4032,"height":3024},{"@type":"BreadcrumbList","@id":"https:\/\/www.inverseteams.com\/fr\/blog\/el-importante-legado-del-esport-ciclista-barcelona-cedido-al-archivo-historico-de-barcelona\/#breadcrumb","itemListElement":[{"@type":"ListItem","position":1,"name":"Portada","item":"https:\/\/www.inverseteams.com\/fr\/pagina-principal\/"},{"@type":"ListItem","position":2,"name":"L&rsquo;important h\u00e9ritage de l&rsquo;Esport Ciclista Barcelona a \u00e9t\u00e9 c\u00e9d\u00e9 aux archives historiques de Barcelone."}]},{"@type":"WebSite","@id":"https:\/\/www.inverseteams.com\/fr\/#website","url":"https:\/\/www.inverseteams.com\/fr\/","name":"Inverseteams","description":"Tu marca de ropa deportiva personalizada","publisher":{"@id":"https:\/\/www.inverseteams.com\/fr\/#organization"},"potentialAction":[{"@type":"SearchAction","target":{"@type":"EntryPoint","urlTemplate":"https:\/\/www.inverseteams.com\/fr\/?s={search_term_string}"},"query-input":{"@type":"PropertyValueSpecification","valueRequired":true,"valueName":"search_term_string"}}],"inLanguage":"fr-FR"},{"@type":"Organization","@id":"https:\/\/www.inverseteams.com\/fr\/#organization","name":"Inverse Teams","url":"https:\/\/www.inverseteams.com\/fr\/","logo":{"@type":"ImageObject","inLanguage":"fr-FR","@id":"https:\/\/www.inverseteams.com\/fr\/#\/schema\/logo\/image\/","url":"https:\/\/www.inverseteams.com\/wp-content\/uploads\/2021\/03\/logo-inverse-teams.png","contentUrl":"https:\/\/www.inverseteams.com\/wp-content\/uploads\/2021\/03\/logo-inverse-teams.png","width":294,"height":99,"caption":"Inverse Teams"},"image":{"@id":"https:\/\/www.inverseteams.com\/fr\/#\/schema\/logo\/image\/"},"sameAs":["https:\/\/www.facebook.com\/inverseteams","http:\/\/instagram.com\/inverseteams","https:\/\/www.linkedin.com\/company\/inverse-cirosport-s-l-?trk=job_view_topcard_company_name","http:\/\/www.pinterest.com\/inverseteams\/","http:\/\/www.youtube.com\/user\/inverseteams?feature=watch"]},{"@type":"Person","@id":"https:\/\/www.inverseteams.com\/fr\/#\/schema\/person\/8e9cda76b6449aea55a18c6b0f3a15f1","name":"xavier","image":{"@type":"ImageObject","inLanguage":"fr-FR","@id":"https:\/\/secure.gravatar.com\/avatar\/602b199a1f28e97d83ab3a8bcb642260f5afd77cb09704889d85ddd70643cddb?s=96&d=mm&r=g","url":"https:\/\/secure.gravatar.com\/avatar\/602b199a1f28e97d83ab3a8bcb642260f5afd77cb09704889d85ddd70643cddb?s=96&d=mm&r=g","contentUrl":"https:\/\/secure.gravatar.com\/avatar\/602b199a1f28e97d83ab3a8bcb642260f5afd77cb09704889d85ddd70643cddb?s=96&d=mm&r=g","caption":"xavier"}}]}},"_links":{"self":[{"href":"https:\/\/www.inverseteams.com\/fr\/wp-json\/wp\/v2\/posts\/199249","targetHints":{"allow":["GET"]}}],"collection":[{"href":"https:\/\/www.inverseteams.com\/fr\/wp-json\/wp\/v2\/posts"}],"about":[{"href":"https:\/\/www.inverseteams.com\/fr\/wp-json\/wp\/v2\/types\/post"}],"author":[{"embeddable":true,"href":"https:\/\/www.inverseteams.com\/fr\/wp-json\/wp\/v2\/users\/12"}],"replies":[{"embeddable":true,"href":"https:\/\/www.inverseteams.com\/fr\/wp-json\/wp\/v2\/comments?post=199249"}],"version-history":[{"count":0,"href":"https:\/\/www.inverseteams.com\/fr\/wp-json\/wp\/v2\/posts\/199249\/revisions"}],"wp:featuredmedia":[{"embeddable":true,"href":"https:\/\/www.inverseteams.com\/fr\/wp-json\/wp\/v2\/media\/198865"}],"wp:attachment":[{"href":"https:\/\/www.inverseteams.com\/fr\/wp-json\/wp\/v2\/media?parent=199249"}],"wp:term":[{"taxonomy":"category","embeddable":true,"href":"https:\/\/www.inverseteams.com\/fr\/wp-json\/wp\/v2\/categories?post=199249"},{"taxonomy":"post_tag","embeddable":true,"href":"https:\/\/www.inverseteams.com\/fr\/wp-json\/wp\/v2\/tags?post=199249"}],"curies":[{"name":"wp","href":"https:\/\/api.w.org\/{rel}","templated":true}]}}