{"id":111207,"date":"2022-12-07T12:56:32","date_gmt":"2022-12-07T12:56:32","guid":{"rendered":"https:\/\/www.inverseteams.com\/blog\/el-inverse-trail-running-team-2023-apuesta-por-el-talento-emergente-de-jovenes-corredores-de-montana\/"},"modified":"2022-12-07T13:04:07","modified_gmt":"2022-12-07T13:04:07","slug":"el-inverse-trail-running-team-2023-apuesta-por-el-talento-emergente-de-jovenes-corredores-de-montana","status":"publish","type":"post","link":"https:\/\/www.inverseteams.com\/fr\/blog\/el-inverse-trail-running-team-2023-apuesta-por-el-talento-emergente-de-jovenes-corredores-de-montana\/","title":{"rendered":"L&rsquo;Inverse Trail Running Team 2023 s&rsquo;engage en faveur du talent \u00e9mergent des jeunes coureurs de montagne"},"content":{"rendered":"\n<figure class=\"wp-block-image size-large\"><img loading=\"lazy\" decoding=\"async\" width=\"1024\" height=\"683\" src=\"https:\/\/www.inverseteams.com\/wp-content\/uploads\/BLOG_TRAIL_RUNNING_TEAM_INVERSE_00-1024x683.jpg\" alt=\"\" class=\"wp-image-111179\" srcset=\"https:\/\/www.inverseteams.com\/wp-content\/uploads\/BLOG_TRAIL_RUNNING_TEAM_INVERSE_00-1024x683.jpg 1024w, https:\/\/www.inverseteams.com\/wp-content\/uploads\/BLOG_TRAIL_RUNNING_TEAM_INVERSE_00-300x200.jpg 300w, https:\/\/www.inverseteams.com\/wp-content\/uploads\/BLOG_TRAIL_RUNNING_TEAM_INVERSE_00-768x512.jpg 768w, https:\/\/www.inverseteams.com\/wp-content\/uploads\/BLOG_TRAIL_RUNNING_TEAM_INVERSE_00-1536x1024.jpg 1536w, https:\/\/www.inverseteams.com\/wp-content\/uploads\/BLOG_TRAIL_RUNNING_TEAM_INVERSE_00-420x280.jpg 420w, https:\/\/www.inverseteams.com\/wp-content\/uploads\/BLOG_TRAIL_RUNNING_TEAM_INVERSE_00.jpg 1920w\" sizes=\"auto, (max-width: 1024px) 100vw, 1024px\" \/><\/figure>\n\n\n<div class=\"wrapper-heading\">\n<h2 class=\"wp-block-heading\">La nouvelle \u00e9quipe Inverse Trail Running Team 2023 poursuit sa philosophie de d\u00e9couverte et de promotion des jeunes coureurs de montagne.<\/h2>\n<\/div>\n\n<div class=\"wrapper-heading\">\n<h3 class=\"wp-block-heading\">Suivant la tendance actuelle dans la communaut\u00e9 des coureurs de montagne, la nouvelle \u00e9quipe Inverse Trail Running Team 2023 s&rsquo;engage \u00e0 \u00eatre pr\u00e9sente dans les courses courtes ou de kilom\u00e8tre vertical (KV).<\/h3>\n<\/div>\n\n<div class=\"wrapper-heading\">\n<h4 class=\"wp-block-heading\">Depuis 2014, l&rsquo;Inverse Trail Running Team s&rsquo;est toujours engag\u00e9e dans la promotion de la carri\u00e8re de jeunes coureurs prometteurs. Certains de ces coureurs \u00e9mergents ont fait partie des \u00e9quipes de course de montagne andorranes, espagnoles et catalanes.\u00a0<\/h4>\n<\/div>\n\n\n<figure class=\"wp-block-embed is-type-video is-provider-youtube wp-block-embed-youtube wp-embed-aspect-16-9 wp-has-aspect-ratio\"><div class=\"wp-block-embed__wrapper\">\n<iframe loading=\"lazy\" title=\"Inverse Trail Running Team 2023\" width=\"640\" height=\"360\" src=\"https:\/\/www.youtube.com\/embed\/hrCkzpR2aMY?feature=oembed\" frameborder=\"0\" allow=\"accelerometer; autoplay; clipboard-write; encrypted-media; gyroscope; picture-in-picture; web-share\" referrerpolicy=\"strict-origin-when-cross-origin\" allowfullscreen><\/iframe>\n<\/div><\/figure>\n\n\n\n<figure class=\"wp-block-image size-large\"><img loading=\"lazy\" decoding=\"async\" width=\"1024\" height=\"683\" src=\"https:\/\/www.inverseteams.com\/wp-content\/uploads\/BLOG_TRAIL_RUNNING_TEAM_INVERSE_06-1024x683.jpg\" alt=\"\" class=\"wp-image-111201\" srcset=\"https:\/\/www.inverseteams.com\/wp-content\/uploads\/BLOG_TRAIL_RUNNING_TEAM_INVERSE_06-1024x683.jpg 1024w, https:\/\/www.inverseteams.com\/wp-content\/uploads\/BLOG_TRAIL_RUNNING_TEAM_INVERSE_06-300x200.jpg 300w, https:\/\/www.inverseteams.com\/wp-content\/uploads\/BLOG_TRAIL_RUNNING_TEAM_INVERSE_06-768x512.jpg 768w, https:\/\/www.inverseteams.com\/wp-content\/uploads\/BLOG_TRAIL_RUNNING_TEAM_INVERSE_06-1536x1024.jpg 1536w, https:\/\/www.inverseteams.com\/wp-content\/uploads\/BLOG_TRAIL_RUNNING_TEAM_INVERSE_06-420x280.jpg 420w, https:\/\/www.inverseteams.com\/wp-content\/uploads\/BLOG_TRAIL_RUNNING_TEAM_INVERSE_06.jpg 1920w\" sizes=\"auto, (max-width: 1024px) 100vw, 1024px\" \/><\/figure>\n\n\n<div class=\"wrapper-heading\">\n<h3 class=\"wp-block-heading\"><strong><strong>Une \u00e9quipe avec des v\u00e9t\u00e9rans et des jeunes v\u00e9t\u00e9rans<\/strong><\/strong><\/h3>\n<\/div>\n\n\n<p>Mais comme d&rsquo;habitude depuis la naissance de l&rsquo;\u00e9quipe il y a 9 ans, l&rsquo;Inverse Trail Running Team allie jeunesse et exp\u00e9rience, en maintenant pour la saison 2023 la pr\u00e9sence de coureurs v\u00e9t\u00e9rans qui continuent \u00e0 prouver leur grande valeur : <strong>Albert Soley<\/strong> (Champion Spartan Race Espagne 2022), <strong>Rosa Navarro<\/strong> (finaliste de la Coupe de Catalogne FEEC 2021) et l&rsquo;Andorran <strong>Pere Riba<\/strong>, membre de l&rsquo;\u00e9quipe officielle de trail running andorran.<\/p>\n\n\n\n<p>La nouvelle saison de l&rsquo;\u00e9quipe voit la continuation des jeunes v\u00e9t\u00e9rans qui ont rejoint l&rsquo;\u00e9quipe lors des saisons 2021 et 2022 : <strong>C\u00e8lia Balcells<\/strong> (championne catalane de course sur neige 2022), <strong>Sergi Cabeza<\/strong> (3e du championnat catalan de kilom\u00e8tre vertical 2021),<strong> Gael \u00c1lvarez<\/strong> (3e de la coupe d&rsquo;Espagne SKIMO 2022) et <strong>Aniol Pujiula<\/strong> (4e du championnat espagnol de kilom\u00e8tre vertical &#8211; KV).<\/p>\n\n\n\n<figure class=\"wp-block-image size-large\"><img loading=\"lazy\" decoding=\"async\" width=\"1024\" height=\"683\" src=\"https:\/\/www.inverseteams.com\/wp-content\/uploads\/BLOG_TRAIL_RUNNING_TEAM_INVERSE_05-1024x683.jpg\" alt=\"\" class=\"wp-image-111197\" srcset=\"https:\/\/www.inverseteams.com\/wp-content\/uploads\/BLOG_TRAIL_RUNNING_TEAM_INVERSE_05-1024x683.jpg 1024w, https:\/\/www.inverseteams.com\/wp-content\/uploads\/BLOG_TRAIL_RUNNING_TEAM_INVERSE_05-300x200.jpg 300w, https:\/\/www.inverseteams.com\/wp-content\/uploads\/BLOG_TRAIL_RUNNING_TEAM_INVERSE_05-768x512.jpg 768w, https:\/\/www.inverseteams.com\/wp-content\/uploads\/BLOG_TRAIL_RUNNING_TEAM_INVERSE_05-1536x1024.jpg 1536w, https:\/\/www.inverseteams.com\/wp-content\/uploads\/BLOG_TRAIL_RUNNING_TEAM_INVERSE_05-420x280.jpg 420w, https:\/\/www.inverseteams.com\/wp-content\/uploads\/BLOG_TRAIL_RUNNING_TEAM_INVERSE_05.jpg 1920w\" sizes=\"auto, (max-width: 1024px) 100vw, 1024px\" \/><\/figure>\n\n\n\n<figure class=\"wp-block-image size-large\"><img loading=\"lazy\" decoding=\"async\" width=\"1024\" height=\"683\" src=\"https:\/\/www.inverseteams.com\/wp-content\/uploads\/BLOG_TRAIL_RUNNING_TEAM_INVERSE_04-1024x683.jpg\" alt=\"\" class=\"wp-image-111193\" srcset=\"https:\/\/www.inverseteams.com\/wp-content\/uploads\/BLOG_TRAIL_RUNNING_TEAM_INVERSE_04-1024x683.jpg 1024w, https:\/\/www.inverseteams.com\/wp-content\/uploads\/BLOG_TRAIL_RUNNING_TEAM_INVERSE_04-300x200.jpg 300w, https:\/\/www.inverseteams.com\/wp-content\/uploads\/BLOG_TRAIL_RUNNING_TEAM_INVERSE_04-768x512.jpg 768w, https:\/\/www.inverseteams.com\/wp-content\/uploads\/BLOG_TRAIL_RUNNING_TEAM_INVERSE_04-1536x1024.jpg 1536w, https:\/\/www.inverseteams.com\/wp-content\/uploads\/BLOG_TRAIL_RUNNING_TEAM_INVERSE_04-420x280.jpg 420w, https:\/\/www.inverseteams.com\/wp-content\/uploads\/BLOG_TRAIL_RUNNING_TEAM_INVERSE_04.jpg 1920w\" sizes=\"auto, (max-width: 1024px) 100vw, 1024px\" \/><\/figure>\n\n\n<div class=\"wrapper-heading\">\n<h3 class=\"wp-block-heading\"><strong><strong>Les nouvelles recrues de l&rsquo;\u00e9quipe <\/strong><\/strong><\/h3>\n<\/div>\n\n\n<p>Quatre jeunes sont les nouveaux membres de la nouvelle \u00e9quipe Inverse Trail Running Team pour la saison 2023. Tout d&rsquo;abord, il faut souligner le recrutement de <strong>Laia Gilibets<\/strong>, championne de Catalogne 2022 dans la cat\u00e9gorie Ultra. En deuxi\u00e8me lieu, les recrutements d&rsquo;<strong>Aina Siscart<\/strong> (5e \u00e0 la Milla Vertical d&rsquo;\u00c0reu), <strong>Llu\u00eds Puigvert<\/strong> (vice-champion cat\u00e9gorie jeunes de Catalogne au kilom\u00e8tre vertical 2022) et <strong>Jaume Gonz\u00e1lez<\/strong> (vice-champion absolu de Catalogne au kilom\u00e8tre vertical 2022).<\/p>\n\n\n\n<p>L&rsquo;\u00e9quipe est toujours dirig\u00e9e par <strong>Roger Mestre<\/strong>, sous la supervision du directeur sportif d&rsquo;Inverse, <strong>Victor del Corral.<\/strong> Une \u00e9quipe qui peut \u00eatre comp\u00e9titive dans tous les types de courses de montagne, mais qui devrait \u00eatre particuli\u00e8rement comp\u00e9titive dans les courses nationales et internationales de kilom\u00e8tre vertical (KV), ainsi que dans les courses dites de marathon et de semi-marathon.<\/p>\n\n\n\n<p>Depuis 2014, et gr\u00e2ce \u00e0 l&rsquo;Inverse Trail Running Team, <strong>la marque Inverse est devenue une r\u00e9f\u00e9rence europ\u00e9enne en mati\u00e8re de v\u00eatements techniques de trail running. <\/strong>Ce n&rsquo;est pas un hasard <strong>si cette \u00e9quipe a produit certains des meilleurs coureurs de montagne sur la sc\u00e8ne nationale et internationale ces derni\u00e8res ann\u00e9es.<\/strong><\/p>\n\n\n\n<p>L&rsquo;objectif de l&rsquo;\u00e9quipe est toujours de promouvoir ce grand sport qui permet un contact direct avec la montagne et la nature, en atteignant le maximum d&rsquo;objectifs et de d\u00e9fis sportifs possibles.<\/p>\n\n\n\n<figure class=\"wp-block-image size-large\"><img loading=\"lazy\" decoding=\"async\" width=\"1024\" height=\"683\" src=\"https:\/\/www.inverseteams.com\/wp-content\/uploads\/BLOG_TRAIL_RUNNING_TEAM_INVERSE_01-1024x683.jpg\" alt=\"\" class=\"wp-image-111184\" srcset=\"https:\/\/www.inverseteams.com\/wp-content\/uploads\/BLOG_TRAIL_RUNNING_TEAM_INVERSE_01-1024x683.jpg 1024w, https:\/\/www.inverseteams.com\/wp-content\/uploads\/BLOG_TRAIL_RUNNING_TEAM_INVERSE_01-300x200.jpg 300w, https:\/\/www.inverseteams.com\/wp-content\/uploads\/BLOG_TRAIL_RUNNING_TEAM_INVERSE_01-768x512.jpg 768w, https:\/\/www.inverseteams.com\/wp-content\/uploads\/BLOG_TRAIL_RUNNING_TEAM_INVERSE_01-1536x1024.jpg 1536w, https:\/\/www.inverseteams.com\/wp-content\/uploads\/BLOG_TRAIL_RUNNING_TEAM_INVERSE_01-420x280.jpg 420w, https:\/\/www.inverseteams.com\/wp-content\/uploads\/BLOG_TRAIL_RUNNING_TEAM_INVERSE_01.jpg 1920w\" sizes=\"auto, (max-width: 1024px) 100vw, 1024px\" \/><\/figure>\n\n\n\n<figure class=\"wp-block-image size-large\"><img loading=\"lazy\" decoding=\"async\" width=\"1024\" height=\"683\" src=\"https:\/\/www.inverseteams.com\/wp-content\/uploads\/BLOG_TRAIL_RUNNING_TEAM_INVERSE_02-1024x683.jpg\" alt=\"\" class=\"wp-image-111189\" srcset=\"https:\/\/www.inverseteams.com\/wp-content\/uploads\/BLOG_TRAIL_RUNNING_TEAM_INVERSE_02-1024x683.jpg 1024w, https:\/\/www.inverseteams.com\/wp-content\/uploads\/BLOG_TRAIL_RUNNING_TEAM_INVERSE_02-300x200.jpg 300w, https:\/\/www.inverseteams.com\/wp-content\/uploads\/BLOG_TRAIL_RUNNING_TEAM_INVERSE_02-768x512.jpg 768w, https:\/\/www.inverseteams.com\/wp-content\/uploads\/BLOG_TRAIL_RUNNING_TEAM_INVERSE_02-1536x1024.jpg 1536w, https:\/\/www.inverseteams.com\/wp-content\/uploads\/BLOG_TRAIL_RUNNING_TEAM_INVERSE_02-420x280.jpg 420w, https:\/\/www.inverseteams.com\/wp-content\/uploads\/BLOG_TRAIL_RUNNING_TEAM_INVERSE_02.jpg 1920w\" sizes=\"auto, (max-width: 1024px) 100vw, 1024px\" \/><\/figure>\n\n\n<div class=\"wrapper-heading\">\n<h3 class=\"wp-block-heading\"><strong><strong>Un nouvel ensemble avec un nouveau design<\/strong><\/strong><\/h3>\n<\/div>\n\n\n<p>Pour la nouvelle saison, l&rsquo;\u00e9quipe portera \u00e0 nouveau les m\u00eames couleurs, mais avec un design diff\u00e9rent. Et elle le fait sur la base <strong>des <a href=\"https:\/\/www.inverseteams.com\/fr\/custom\/vetements-trail-running-personnalises\/\">gammes \u00e9prouv\u00e9es ULTRA et EXTREM de v\u00eatements de trail running personnalis\u00e9s<\/a>. <\/strong>Ces gammes sont propos\u00e9es par Inverse aux \u00e9quipes d&rsquo;\u00e9lite et professionnelles comme une r\u00e9ponse globale \u00e0 tous les besoins en v\u00eatements techniques de trail running.<\/p>\n\n\n\n<p>Pour Inverse, l&rsquo;\u00e9quipe de Trail Running reste d&rsquo;une importance strat\u00e9gique pour analyser, d\u00e9velopper, tester et am\u00e9liorer toute sa collection et les v\u00eatements personnalisables de sa gamme de v\u00eatements de trail running.<\/p>\n\n\n\n<p><strong>Inverse met en vente une r\u00e9plique du nouveau maillot de l&rsquo;\u00e9quipe pour les fans de l&rsquo;\u00e9quipe et des coureurs de montagne en g\u00e9n\u00e9ral.<\/strong><\/p>\n\n\n<div data-block-name=\"woocommerce\/handpicked-products\" data-columns=\"2\" data-content-visibility=\"{&quot;title&quot;:true,&quot;price&quot;:true,&quot;rating&quot;:true,&quot;button&quot;:false}\" data-edit-mode=\"false\" data-products=\"[]\" class=\"wc-block-grid wp-block-handpicked-products wp-block-woocommerce-handpicked-products wc-block-handpicked-products has-2-columns has-multiple-rows\"><ul class=\"wc-block-grid__products\"><li class=\"wc-block-grid__product\"><span class=\"gtm4wp_productdata\" style=\"display:none; visibility:hidden;\" data-gtm4wp_product_data=\"{&quot;internal_id&quot;:278014,&quot;item_id&quot;:278014,&quot;item_name&quot;:&quot;Maillot cyclisme manche courte ESSENZ MALI SUNSET&quot;,&quot;sku&quot;:&quot;51010330&quot;,&quot;price&quot;:73.55,&quot;stocklevel&quot;:null,&quot;stockstatus&quot;:&quot;instock&quot;,&quot;google_business_vertical&quot;:&quot;retail&quot;,&quot;item_category&quot;:&quot;B2B&quot;,&quot;id&quot;:278014,&quot;productlink&quot;:&quot;https:\\\/\\\/www.inverseteams.com\\\/fr\\\/produit\\\/maillot-cyclisme-manche-courte-essenz-mali-sunset-homme\\\/&quot;,&quot;item_list_name&quot;:&quot;Liste g\\u00e9n\\u00e9rale des produits&quot;,&quot;index&quot;:0,&quot;product_type&quot;:&quot;variable&quot;,&quot;item_brand&quot;:&quot;&quot;}\"><\/span>\n\t\t\t\t<a href=\"https:\/\/www.inverseteams.com\/fr\/produit\/maillot-cyclisme-manche-courte-essenz-mali-sunset-homme\/\" class=\"wc-block-grid__product-link\">\n\t\t\t\t\t\n\t\t\t\t\t<div class=\"wc-block-grid__product-image\"><img loading=\"lazy\" decoding=\"async\" width=\"420\" height=\"450\" src=\"https:\/\/www.inverseteams.com\/wp-content\/uploads\/INVERSE-CICLISMO-HOMBRE-MAILLOT-ESSENZ-MALI-SUNSET-001-420x450.jpg\" class=\"attachment-woocommerce_thumbnail size-woocommerce_thumbnail\" alt=\"Maillot cyclisme manche courte ESSENZ MALI SUNSET\" srcset=\"https:\/\/www.inverseteams.com\/wp-content\/uploads\/INVERSE-CICLISMO-HOMBRE-MAILLOT-ESSENZ-MALI-SUNSET-001-420x451.jpg 420w, https:\/\/www.inverseteams.com\/wp-content\/uploads\/INVERSE-CICLISMO-HOMBRE-MAILLOT-ESSENZ-MALI-SUNSET-001-279x300.jpg 279w, https:\/\/www.inverseteams.com\/wp-content\/uploads\/INVERSE-CICLISMO-HOMBRE-MAILLOT-ESSENZ-MALI-SUNSET-001-953x1024.jpg 953w, https:\/\/www.inverseteams.com\/wp-content\/uploads\/INVERSE-CICLISMO-HOMBRE-MAILLOT-ESSENZ-MALI-SUNSET-001-768x825.jpg 768w, https:\/\/www.inverseteams.com\/wp-content\/uploads\/INVERSE-CICLISMO-HOMBRE-MAILLOT-ESSENZ-MALI-SUNSET-001-1429x1536.jpg 1429w, https:\/\/www.inverseteams.com\/wp-content\/uploads\/INVERSE-CICLISMO-HOMBRE-MAILLOT-ESSENZ-MALI-SUNSET-001-860x921.jpg 860w, https:\/\/www.inverseteams.com\/wp-content\/uploads\/INVERSE-CICLISMO-HOMBRE-MAILLOT-ESSENZ-MALI-SUNSET-001-550x591.jpg 550w, https:\/\/www.inverseteams.com\/wp-content\/uploads\/INVERSE-CICLISMO-HOMBRE-MAILLOT-ESSENZ-MALI-SUNSET-001-64x69.jpg 64w, https:\/\/www.inverseteams.com\/wp-content\/uploads\/INVERSE-CICLISMO-HOMBRE-MAILLOT-ESSENZ-MALI-SUNSET-001.jpg 1500w\" sizes=\"auto, (max-width: 420px) 100vw, 420px\" \/><\/div>\n\t\t\t\t\t<div class=\"wc-block-grid__product-title\">Maillot cyclisme manche courte ESSENZ MALI SUNSET<\/div>\n\t\t\t\t<\/a>\n\t\t\t\t<div class=\"wc-block-grid__product-price price\"><span class=\"woocommerce-Price-amount amount\">73,55<span class=\"woocommerce-Price-currencySymbol\">&euro;<\/span><\/span><span class=\"price-suffix\"><\/span><\/div>\n\t\t\t\t\n\t\t\t\t\n\t\t\t<\/li><li class=\"wc-block-grid__product\"><span class=\"gtm4wp_productdata\" style=\"display:none; visibility:hidden;\" data-gtm4wp_product_data=\"{&quot;internal_id&quot;:279159,&quot;item_id&quot;:279159,&quot;item_name&quot;:&quot;Maillot cyclisme manche courte ESSENZ ASIA IRIS&quot;,&quot;sku&quot;:&quot;51020333&quot;,&quot;price&quot;:73.55,&quot;stocklevel&quot;:null,&quot;stockstatus&quot;:&quot;instock&quot;,&quot;google_business_vertical&quot;:&quot;retail&quot;,&quot;item_category&quot;:&quot;B2B&quot;,&quot;id&quot;:279159,&quot;productlink&quot;:&quot;https:\\\/\\\/www.inverseteams.com\\\/fr\\\/produit\\\/maillot-cyclisme-manche-courte-essenz-asia-iris\\\/&quot;,&quot;item_list_name&quot;:&quot;Liste g\\u00e9n\\u00e9rale des produits&quot;,&quot;index&quot;:0,&quot;product_type&quot;:&quot;variable&quot;,&quot;item_brand&quot;:&quot;&quot;}\"><\/span>\n\t\t\t\t<a href=\"https:\/\/www.inverseteams.com\/fr\/produit\/maillot-cyclisme-manche-courte-essenz-asia-iris\/\" class=\"wc-block-grid__product-link\">\n\t\t\t\t\t\n\t\t\t\t\t<div class=\"wc-block-grid__product-image\"><img loading=\"lazy\" decoding=\"async\" width=\"420\" height=\"450\" src=\"https:\/\/www.inverseteams.com\/wp-content\/uploads\/INVERSE-CICLISMO-MUJER-MAILLOT-ESSENZ-ASIA-IRIS-001-420x450.jpg\" class=\"attachment-woocommerce_thumbnail size-woocommerce_thumbnail\" alt=\"Maillot cyclisme manche courte ESSENZ ASIA IRIS\" srcset=\"https:\/\/www.inverseteams.com\/wp-content\/uploads\/INVERSE-CICLISMO-MUJER-MAILLOT-ESSENZ-ASIA-IRIS-001-420x451.jpg 420w, https:\/\/www.inverseteams.com\/wp-content\/uploads\/INVERSE-CICLISMO-MUJER-MAILLOT-ESSENZ-ASIA-IRIS-001-279x300.jpg 279w, https:\/\/www.inverseteams.com\/wp-content\/uploads\/INVERSE-CICLISMO-MUJER-MAILLOT-ESSENZ-ASIA-IRIS-001-953x1024.jpg 953w, https:\/\/www.inverseteams.com\/wp-content\/uploads\/INVERSE-CICLISMO-MUJER-MAILLOT-ESSENZ-ASIA-IRIS-001-768x825.jpg 768w, https:\/\/www.inverseteams.com\/wp-content\/uploads\/INVERSE-CICLISMO-MUJER-MAILLOT-ESSENZ-ASIA-IRIS-001-1429x1536.jpg 1429w, https:\/\/www.inverseteams.com\/wp-content\/uploads\/INVERSE-CICLISMO-MUJER-MAILLOT-ESSENZ-ASIA-IRIS-001-860x921.jpg 860w, https:\/\/www.inverseteams.com\/wp-content\/uploads\/INVERSE-CICLISMO-MUJER-MAILLOT-ESSENZ-ASIA-IRIS-001-550x591.jpg 550w, https:\/\/www.inverseteams.com\/wp-content\/uploads\/INVERSE-CICLISMO-MUJER-MAILLOT-ESSENZ-ASIA-IRIS-001-64x69.jpg 64w, https:\/\/www.inverseteams.com\/wp-content\/uploads\/INVERSE-CICLISMO-MUJER-MAILLOT-ESSENZ-ASIA-IRIS-001.jpg 1500w\" sizes=\"auto, (max-width: 420px) 100vw, 420px\" \/><\/div>\n\t\t\t\t\t<div class=\"wc-block-grid__product-title\">Maillot cyclisme manche courte ESSENZ ASIA IRIS<\/div>\n\t\t\t\t<\/a>\n\t\t\t\t<div class=\"wc-block-grid__product-price price\"><span class=\"woocommerce-Price-amount amount\">73,55<span class=\"woocommerce-Price-currencySymbol\">&euro;<\/span><\/span><span class=\"price-suffix\"><\/span><\/div>\n\t\t\t\t\n\t\t\t\t\n\t\t\t<\/li><li class=\"wc-block-grid__product\"><span class=\"gtm4wp_productdata\" style=\"display:none; visibility:hidden;\" data-gtm4wp_product_data=\"{&quot;internal_id&quot;:278169,&quot;item_id&quot;:278169,&quot;item_name&quot;:&quot;Maillot cyclisme manche courte ESSENZ MALI MIEL&quot;,&quot;sku&quot;:&quot;51010331&quot;,&quot;price&quot;:73.55,&quot;stocklevel&quot;:null,&quot;stockstatus&quot;:&quot;instock&quot;,&quot;google_business_vertical&quot;:&quot;retail&quot;,&quot;item_category&quot;:&quot;B2B&quot;,&quot;id&quot;:278169,&quot;productlink&quot;:&quot;https:\\\/\\\/www.inverseteams.com\\\/fr\\\/produit\\\/maillot-cyclisme-manche-courte-essenz-mali-miel\\\/&quot;,&quot;item_list_name&quot;:&quot;Liste g\\u00e9n\\u00e9rale des produits&quot;,&quot;index&quot;:0,&quot;product_type&quot;:&quot;variable&quot;,&quot;item_brand&quot;:&quot;&quot;}\"><\/span>\n\t\t\t\t<a href=\"https:\/\/www.inverseteams.com\/fr\/produit\/maillot-cyclisme-manche-courte-essenz-mali-miel\/\" class=\"wc-block-grid__product-link\">\n\t\t\t\t\t\n\t\t\t\t\t<div class=\"wc-block-grid__product-image\"><img loading=\"lazy\" decoding=\"async\" width=\"420\" height=\"450\" src=\"https:\/\/www.inverseteams.com\/wp-content\/uploads\/INVERSE-CICLISMO-HOMBRE-MAILLOT-ESSENZ-MALI-MIEL-001-420x450.jpg\" class=\"attachment-woocommerce_thumbnail size-woocommerce_thumbnail\" alt=\"Maillot cyclisme manche courte ESSENZ MALI MIEL\" srcset=\"https:\/\/www.inverseteams.com\/wp-content\/uploads\/INVERSE-CICLISMO-HOMBRE-MAILLOT-ESSENZ-MALI-MIEL-001-420x451.jpg 420w, https:\/\/www.inverseteams.com\/wp-content\/uploads\/INVERSE-CICLISMO-HOMBRE-MAILLOT-ESSENZ-MALI-MIEL-001-279x300.jpg 279w, https:\/\/www.inverseteams.com\/wp-content\/uploads\/INVERSE-CICLISMO-HOMBRE-MAILLOT-ESSENZ-MALI-MIEL-001-953x1024.jpg 953w, https:\/\/www.inverseteams.com\/wp-content\/uploads\/INVERSE-CICLISMO-HOMBRE-MAILLOT-ESSENZ-MALI-MIEL-001-768x825.jpg 768w, https:\/\/www.inverseteams.com\/wp-content\/uploads\/INVERSE-CICLISMO-HOMBRE-MAILLOT-ESSENZ-MALI-MIEL-001-1429x1536.jpg 1429w, https:\/\/www.inverseteams.com\/wp-content\/uploads\/INVERSE-CICLISMO-HOMBRE-MAILLOT-ESSENZ-MALI-MIEL-001-860x921.jpg 860w, https:\/\/www.inverseteams.com\/wp-content\/uploads\/INVERSE-CICLISMO-HOMBRE-MAILLOT-ESSENZ-MALI-MIEL-001-550x591.jpg 550w, https:\/\/www.inverseteams.com\/wp-content\/uploads\/INVERSE-CICLISMO-HOMBRE-MAILLOT-ESSENZ-MALI-MIEL-001-64x69.jpg 64w, https:\/\/www.inverseteams.com\/wp-content\/uploads\/INVERSE-CICLISMO-HOMBRE-MAILLOT-ESSENZ-MALI-MIEL-001.jpg 1500w\" sizes=\"auto, (max-width: 420px) 100vw, 420px\" \/><\/div>\n\t\t\t\t\t<div class=\"wc-block-grid__product-title\">Maillot cyclisme manche courte ESSENZ MALI MIEL<\/div>\n\t\t\t\t<\/a>\n\t\t\t\t<div class=\"wc-block-grid__product-price price\"><span class=\"woocommerce-Price-amount amount\">73,55<span class=\"woocommerce-Price-currencySymbol\">&euro;<\/span><\/span><span class=\"price-suffix\"><\/span><\/div>\n\t\t\t\t\n\t\t\t\t\n\t\t\t<\/li><li class=\"wc-block-grid__product\"><span class=\"gtm4wp_productdata\" style=\"display:none; visibility:hidden;\" data-gtm4wp_product_data=\"{&quot;internal_id&quot;:278199,&quot;item_id&quot;:278199,&quot;item_name&quot;:&quot;Maillot cyclisme manche courte ESSENZ MALI PERSIA&quot;,&quot;sku&quot;:&quot;51010332&quot;,&quot;price&quot;:73.55,&quot;stocklevel&quot;:null,&quot;stockstatus&quot;:&quot;instock&quot;,&quot;google_business_vertical&quot;:&quot;retail&quot;,&quot;item_category&quot;:&quot;B2B&quot;,&quot;id&quot;:278199,&quot;productlink&quot;:&quot;https:\\\/\\\/www.inverseteams.com\\\/fr\\\/produit\\\/maillot-cyclisme-manche-courte-essenz-mali-persia\\\/&quot;,&quot;item_list_name&quot;:&quot;Liste g\\u00e9n\\u00e9rale des produits&quot;,&quot;index&quot;:0,&quot;product_type&quot;:&quot;variable&quot;,&quot;item_brand&quot;:&quot;&quot;}\"><\/span>\n\t\t\t\t<a href=\"https:\/\/www.inverseteams.com\/fr\/produit\/maillot-cyclisme-manche-courte-essenz-mali-persia\/\" class=\"wc-block-grid__product-link\">\n\t\t\t\t\t\n\t\t\t\t\t<div class=\"wc-block-grid__product-image\"><img loading=\"lazy\" decoding=\"async\" width=\"420\" height=\"450\" src=\"https:\/\/www.inverseteams.com\/wp-content\/uploads\/INVERSE-CICLISMO-HOMBRE-MAILLOT-ESSENZ-MALI-PERSIA-001-420x450.jpg\" class=\"attachment-woocommerce_thumbnail size-woocommerce_thumbnail\" alt=\"Maillot cyclisme manche courte ESSENZ MALI PERSIA\" srcset=\"https:\/\/www.inverseteams.com\/wp-content\/uploads\/INVERSE-CICLISMO-HOMBRE-MAILLOT-ESSENZ-MALI-PERSIA-001-420x451.jpg 420w, https:\/\/www.inverseteams.com\/wp-content\/uploads\/INVERSE-CICLISMO-HOMBRE-MAILLOT-ESSENZ-MALI-PERSIA-001-279x300.jpg 279w, https:\/\/www.inverseteams.com\/wp-content\/uploads\/INVERSE-CICLISMO-HOMBRE-MAILLOT-ESSENZ-MALI-PERSIA-001-953x1024.jpg 953w, https:\/\/www.inverseteams.com\/wp-content\/uploads\/INVERSE-CICLISMO-HOMBRE-MAILLOT-ESSENZ-MALI-PERSIA-001-768x825.jpg 768w, https:\/\/www.inverseteams.com\/wp-content\/uploads\/INVERSE-CICLISMO-HOMBRE-MAILLOT-ESSENZ-MALI-PERSIA-001-1429x1536.jpg 1429w, https:\/\/www.inverseteams.com\/wp-content\/uploads\/INVERSE-CICLISMO-HOMBRE-MAILLOT-ESSENZ-MALI-PERSIA-001-860x921.jpg 860w, https:\/\/www.inverseteams.com\/wp-content\/uploads\/INVERSE-CICLISMO-HOMBRE-MAILLOT-ESSENZ-MALI-PERSIA-001-550x591.jpg 550w, https:\/\/www.inverseteams.com\/wp-content\/uploads\/INVERSE-CICLISMO-HOMBRE-MAILLOT-ESSENZ-MALI-PERSIA-001-64x69.jpg 64w, https:\/\/www.inverseteams.com\/wp-content\/uploads\/INVERSE-CICLISMO-HOMBRE-MAILLOT-ESSENZ-MALI-PERSIA-001.jpg 1500w\" sizes=\"auto, (max-width: 420px) 100vw, 420px\" \/><\/div>\n\t\t\t\t\t<div class=\"wc-block-grid__product-title\">Maillot cyclisme manche courte ESSENZ MALI PERSIA<\/div>\n\t\t\t\t<\/a>\n\t\t\t\t<div class=\"wc-block-grid__product-price price\"><span class=\"woocommerce-Price-amount amount\">73,55<span class=\"woocommerce-Price-currencySymbol\">&euro;<\/span><\/span><span class=\"price-suffix\"><\/span><\/div>\n\t\t\t\t\n\t\t\t\t\n\t\t\t<\/li><li class=\"wc-block-grid__product\"><span class=\"gtm4wp_productdata\" style=\"display:none; visibility:hidden;\" data-gtm4wp_product_data=\"{&quot;internal_id&quot;:278271,&quot;item_id&quot;:278271,&quot;item_name&quot;:&quot;Maillot cyclisme manche courte MOTION KENIA BEIG&quot;,&quot;sku&quot;:&quot;51010334&quot;,&quot;price&quot;:81.82,&quot;stocklevel&quot;:null,&quot;stockstatus&quot;:&quot;outofstock&quot;,&quot;google_business_vertical&quot;:&quot;retail&quot;,&quot;item_category&quot;:&quot;B2B&quot;,&quot;id&quot;:278271,&quot;productlink&quot;:&quot;https:\\\/\\\/www.inverseteams.com\\\/fr\\\/produit\\\/maillot-cyclisme-manche-courte-motion-kenia-beig\\\/&quot;,&quot;item_list_name&quot;:&quot;Liste g\\u00e9n\\u00e9rale des produits&quot;,&quot;index&quot;:0,&quot;product_type&quot;:&quot;variable&quot;,&quot;item_brand&quot;:&quot;&quot;}\"><\/span>\n\t\t\t\t<a href=\"https:\/\/www.inverseteams.com\/fr\/produit\/maillot-cyclisme-manche-courte-motion-kenia-beig\/\" class=\"wc-block-grid__product-link\">\n\t\t\t\t\t\n\t\t\t\t\t<div class=\"wc-block-grid__product-image\"><img loading=\"lazy\" decoding=\"async\" width=\"420\" height=\"450\" src=\"https:\/\/www.inverseteams.com\/wp-content\/uploads\/INVERSE-CICLISMO-HOMBRE-MAILLOT-MOTION-KENIA-BEIG-001-420x450.jpg\" class=\"attachment-woocommerce_thumbnail size-woocommerce_thumbnail\" alt=\"Maillot cyclisme manche courte MOTION KENIA BEIG\" srcset=\"https:\/\/www.inverseteams.com\/wp-content\/uploads\/INVERSE-CICLISMO-HOMBRE-MAILLOT-MOTION-KENIA-BEIG-001-420x451.jpg 420w, https:\/\/www.inverseteams.com\/wp-content\/uploads\/INVERSE-CICLISMO-HOMBRE-MAILLOT-MOTION-KENIA-BEIG-001-279x300.jpg 279w, https:\/\/www.inverseteams.com\/wp-content\/uploads\/INVERSE-CICLISMO-HOMBRE-MAILLOT-MOTION-KENIA-BEIG-001-953x1024.jpg 953w, https:\/\/www.inverseteams.com\/wp-content\/uploads\/INVERSE-CICLISMO-HOMBRE-MAILLOT-MOTION-KENIA-BEIG-001-768x825.jpg 768w, https:\/\/www.inverseteams.com\/wp-content\/uploads\/INVERSE-CICLISMO-HOMBRE-MAILLOT-MOTION-KENIA-BEIG-001-1429x1536.jpg 1429w, https:\/\/www.inverseteams.com\/wp-content\/uploads\/INVERSE-CICLISMO-HOMBRE-MAILLOT-MOTION-KENIA-BEIG-001-860x921.jpg 860w, https:\/\/www.inverseteams.com\/wp-content\/uploads\/INVERSE-CICLISMO-HOMBRE-MAILLOT-MOTION-KENIA-BEIG-001-550x591.jpg 550w, https:\/\/www.inverseteams.com\/wp-content\/uploads\/INVERSE-CICLISMO-HOMBRE-MAILLOT-MOTION-KENIA-BEIG-001-64x69.jpg 64w, https:\/\/www.inverseteams.com\/wp-content\/uploads\/INVERSE-CICLISMO-HOMBRE-MAILLOT-MOTION-KENIA-BEIG-001.jpg 1500w\" sizes=\"auto, (max-width: 420px) 100vw, 420px\" \/><\/div>\n\t\t\t\t\t<div class=\"wc-block-grid__product-title\">Maillot cyclisme manche courte MOTION KENIA BEIG<\/div>\n\t\t\t\t<\/a>\n\t\t\t\t<div class=\"wc-block-grid__product-price price\"><span class=\"woocommerce-Price-amount amount\">81,82<span class=\"woocommerce-Price-currencySymbol\">&euro;<\/span><\/span><span class=\"price-suffix\"><\/span><\/div>\n\t\t\t\t\n\t\t\t\t\n\t\t\t<\/li><li class=\"wc-block-grid__product\"><span class=\"gtm4wp_productdata\" style=\"display:none; visibility:hidden;\" data-gtm4wp_product_data=\"{&quot;internal_id&quot;:278392,&quot;item_id&quot;:278392,&quot;item_name&quot;:&quot;Maillot cyclisme manche courte MOTION KENIA MOSS&quot;,&quot;sku&quot;:&quot;51010335&quot;,&quot;price&quot;:81.82,&quot;stocklevel&quot;:null,&quot;stockstatus&quot;:&quot;instock&quot;,&quot;google_business_vertical&quot;:&quot;retail&quot;,&quot;item_category&quot;:&quot;B2B&quot;,&quot;id&quot;:278392,&quot;productlink&quot;:&quot;https:\\\/\\\/www.inverseteams.com\\\/fr\\\/produit\\\/maillot-cyclisme-manche-courte-motion-kenia-moss\\\/&quot;,&quot;item_list_name&quot;:&quot;Liste g\\u00e9n\\u00e9rale des produits&quot;,&quot;index&quot;:0,&quot;product_type&quot;:&quot;variable&quot;,&quot;item_brand&quot;:&quot;&quot;}\"><\/span>\n\t\t\t\t<a href=\"https:\/\/www.inverseteams.com\/fr\/produit\/maillot-cyclisme-manche-courte-motion-kenia-moss\/\" class=\"wc-block-grid__product-link\">\n\t\t\t\t\t\n\t\t\t\t\t<div class=\"wc-block-grid__product-image\"><img loading=\"lazy\" decoding=\"async\" width=\"420\" height=\"450\" src=\"https:\/\/www.inverseteams.com\/wp-content\/uploads\/INVERSE-CICLISMO-HOMBRE-MAILLOT-MOTION-KENIA-MOSS-001-420x450.jpg\" class=\"attachment-woocommerce_thumbnail size-woocommerce_thumbnail\" alt=\"Maillot cyclisme manche courte MOTION KENIA MOSS\" srcset=\"https:\/\/www.inverseteams.com\/wp-content\/uploads\/INVERSE-CICLISMO-HOMBRE-MAILLOT-MOTION-KENIA-MOSS-001-420x451.jpg 420w, https:\/\/www.inverseteams.com\/wp-content\/uploads\/INVERSE-CICLISMO-HOMBRE-MAILLOT-MOTION-KENIA-MOSS-001-279x300.jpg 279w, https:\/\/www.inverseteams.com\/wp-content\/uploads\/INVERSE-CICLISMO-HOMBRE-MAILLOT-MOTION-KENIA-MOSS-001-953x1024.jpg 953w, https:\/\/www.inverseteams.com\/wp-content\/uploads\/INVERSE-CICLISMO-HOMBRE-MAILLOT-MOTION-KENIA-MOSS-001-768x825.jpg 768w, https:\/\/www.inverseteams.com\/wp-content\/uploads\/INVERSE-CICLISMO-HOMBRE-MAILLOT-MOTION-KENIA-MOSS-001-1429x1536.jpg 1429w, https:\/\/www.inverseteams.com\/wp-content\/uploads\/INVERSE-CICLISMO-HOMBRE-MAILLOT-MOTION-KENIA-MOSS-001-860x921.jpg 860w, https:\/\/www.inverseteams.com\/wp-content\/uploads\/INVERSE-CICLISMO-HOMBRE-MAILLOT-MOTION-KENIA-MOSS-001-550x591.jpg 550w, https:\/\/www.inverseteams.com\/wp-content\/uploads\/INVERSE-CICLISMO-HOMBRE-MAILLOT-MOTION-KENIA-MOSS-001-64x69.jpg 64w, https:\/\/www.inverseteams.com\/wp-content\/uploads\/INVERSE-CICLISMO-HOMBRE-MAILLOT-MOTION-KENIA-MOSS-001.jpg 1500w\" sizes=\"auto, (max-width: 420px) 100vw, 420px\" \/><\/div>\n\t\t\t\t\t<div class=\"wc-block-grid__product-title\">Maillot cyclisme manche courte MOTION KENIA MOSS<\/div>\n\t\t\t\t<\/a>\n\t\t\t\t<div class=\"wc-block-grid__product-price price\"><span class=\"woocommerce-Price-amount amount\">81,82<span class=\"woocommerce-Price-currencySymbol\">&euro;<\/span><\/span><span class=\"price-suffix\"><\/span><\/div>\n\t\t\t\t\n\t\t\t\t\n\t\t\t<\/li><li class=\"wc-block-grid__product\"><span class=\"gtm4wp_productdata\" style=\"display:none; visibility:hidden;\" data-gtm4wp_product_data=\"{&quot;internal_id&quot;:279273,&quot;item_id&quot;:279273,&quot;item_name&quot;:&quot;Maillot cyclisme manche courte MOTION INDIA MAYA&quot;,&quot;sku&quot;:&quot;51020336&quot;,&quot;price&quot;:81.82,&quot;stocklevel&quot;:null,&quot;stockstatus&quot;:&quot;instock&quot;,&quot;google_business_vertical&quot;:&quot;retail&quot;,&quot;item_category&quot;:&quot;B2B&quot;,&quot;id&quot;:279273,&quot;productlink&quot;:&quot;https:\\\/\\\/www.inverseteams.com\\\/fr\\\/produit\\\/maillot-cyclisme-manche-courte-motion-india-maya\\\/&quot;,&quot;item_list_name&quot;:&quot;Liste g\\u00e9n\\u00e9rale des produits&quot;,&quot;index&quot;:0,&quot;product_type&quot;:&quot;variable&quot;,&quot;item_brand&quot;:&quot;&quot;}\"><\/span>\n\t\t\t\t<a href=\"https:\/\/www.inverseteams.com\/fr\/produit\/maillot-cyclisme-manche-courte-motion-india-maya\/\" class=\"wc-block-grid__product-link\">\n\t\t\t\t\t\n\t\t\t\t\t<div class=\"wc-block-grid__product-image\"><img loading=\"lazy\" decoding=\"async\" width=\"420\" height=\"450\" src=\"https:\/\/www.inverseteams.com\/wp-content\/uploads\/INVERSE-CICLISMO-MUJER-MAILLOT-MOTION-INDIA-MAYA-001-420x450.jpg\" class=\"attachment-woocommerce_thumbnail size-woocommerce_thumbnail\" alt=\"Maillot cyclisme manche courte MOTION INDIA MAYA\" srcset=\"https:\/\/www.inverseteams.com\/wp-content\/uploads\/INVERSE-CICLISMO-MUJER-MAILLOT-MOTION-INDIA-MAYA-001-420x451.jpg 420w, https:\/\/www.inverseteams.com\/wp-content\/uploads\/INVERSE-CICLISMO-MUJER-MAILLOT-MOTION-INDIA-MAYA-001-279x300.jpg 279w, https:\/\/www.inverseteams.com\/wp-content\/uploads\/INVERSE-CICLISMO-MUJER-MAILLOT-MOTION-INDIA-MAYA-001-953x1024.jpg 953w, https:\/\/www.inverseteams.com\/wp-content\/uploads\/INVERSE-CICLISMO-MUJER-MAILLOT-MOTION-INDIA-MAYA-001-768x825.jpg 768w, https:\/\/www.inverseteams.com\/wp-content\/uploads\/INVERSE-CICLISMO-MUJER-MAILLOT-MOTION-INDIA-MAYA-001-1429x1536.jpg 1429w, https:\/\/www.inverseteams.com\/wp-content\/uploads\/INVERSE-CICLISMO-MUJER-MAILLOT-MOTION-INDIA-MAYA-001-860x921.jpg 860w, https:\/\/www.inverseteams.com\/wp-content\/uploads\/INVERSE-CICLISMO-MUJER-MAILLOT-MOTION-INDIA-MAYA-001-550x591.jpg 550w, https:\/\/www.inverseteams.com\/wp-content\/uploads\/INVERSE-CICLISMO-MUJER-MAILLOT-MOTION-INDIA-MAYA-001-64x69.jpg 64w, https:\/\/www.inverseteams.com\/wp-content\/uploads\/INVERSE-CICLISMO-MUJER-MAILLOT-MOTION-INDIA-MAYA-001.jpg 1500w\" sizes=\"auto, (max-width: 420px) 100vw, 420px\" \/><\/div>\n\t\t\t\t\t<div class=\"wc-block-grid__product-title\">Maillot cyclisme manche courte MOTION INDIA MAYA<\/div>\n\t\t\t\t<\/a>\n\t\t\t\t<div class=\"wc-block-grid__product-price price\"><span class=\"woocommerce-Price-amount amount\">81,82<span class=\"woocommerce-Price-currencySymbol\">&euro;<\/span><\/span><span class=\"price-suffix\"><\/span><\/div>\n\t\t\t\t\n\t\t\t\t\n\t\t\t<\/li><li class=\"wc-block-grid__product\"><span class=\"gtm4wp_productdata\" style=\"display:none; visibility:hidden;\" data-gtm4wp_product_data=\"{&quot;internal_id&quot;:279404,&quot;item_id&quot;:279404,&quot;item_name&quot;:&quot;Maillot cyclisme manche courte MOTION INDIA WHITE&quot;,&quot;sku&quot;:&quot;51020358&quot;,&quot;price&quot;:81.82,&quot;stocklevel&quot;:null,&quot;stockstatus&quot;:&quot;instock&quot;,&quot;google_business_vertical&quot;:&quot;retail&quot;,&quot;item_category&quot;:&quot;B2B&quot;,&quot;id&quot;:279404,&quot;productlink&quot;:&quot;https:\\\/\\\/www.inverseteams.com\\\/fr\\\/produit\\\/maillot-cyclisme-manche-courte-motion-india-white\\\/&quot;,&quot;item_list_name&quot;:&quot;Liste g\\u00e9n\\u00e9rale des produits&quot;,&quot;index&quot;:0,&quot;product_type&quot;:&quot;variable&quot;,&quot;item_brand&quot;:&quot;&quot;}\"><\/span>\n\t\t\t\t<a href=\"https:\/\/www.inverseteams.com\/fr\/produit\/maillot-cyclisme-manche-courte-motion-india-white\/\" class=\"wc-block-grid__product-link\">\n\t\t\t\t\t\n\t\t\t\t\t<div class=\"wc-block-grid__product-image\"><img loading=\"lazy\" decoding=\"async\" width=\"420\" height=\"450\" src=\"https:\/\/www.inverseteams.com\/wp-content\/uploads\/INVERSE-CICLISMO-MUJER-MAILLOT-MOTION-INDIA-WHITE-001-420x450.jpg\" class=\"attachment-woocommerce_thumbnail size-woocommerce_thumbnail\" alt=\"Maillot cyclisme manche courte MOTION INDIA WHITE\" srcset=\"https:\/\/www.inverseteams.com\/wp-content\/uploads\/INVERSE-CICLISMO-MUJER-MAILLOT-MOTION-INDIA-WHITE-001-420x451.jpg 420w, https:\/\/www.inverseteams.com\/wp-content\/uploads\/INVERSE-CICLISMO-MUJER-MAILLOT-MOTION-INDIA-WHITE-001-279x300.jpg 279w, https:\/\/www.inverseteams.com\/wp-content\/uploads\/INVERSE-CICLISMO-MUJER-MAILLOT-MOTION-INDIA-WHITE-001-953x1024.jpg 953w, https:\/\/www.inverseteams.com\/wp-content\/uploads\/INVERSE-CICLISMO-MUJER-MAILLOT-MOTION-INDIA-WHITE-001-768x825.jpg 768w, https:\/\/www.inverseteams.com\/wp-content\/uploads\/INVERSE-CICLISMO-MUJER-MAILLOT-MOTION-INDIA-WHITE-001-1429x1536.jpg 1429w, https:\/\/www.inverseteams.com\/wp-content\/uploads\/INVERSE-CICLISMO-MUJER-MAILLOT-MOTION-INDIA-WHITE-001-860x921.jpg 860w, https:\/\/www.inverseteams.com\/wp-content\/uploads\/INVERSE-CICLISMO-MUJER-MAILLOT-MOTION-INDIA-WHITE-001-550x591.jpg 550w, https:\/\/www.inverseteams.com\/wp-content\/uploads\/INVERSE-CICLISMO-MUJER-MAILLOT-MOTION-INDIA-WHITE-001-64x69.jpg 64w, https:\/\/www.inverseteams.com\/wp-content\/uploads\/INVERSE-CICLISMO-MUJER-MAILLOT-MOTION-INDIA-WHITE-001.jpg 1500w\" sizes=\"auto, (max-width: 420px) 100vw, 420px\" \/><\/div>\n\t\t\t\t\t<div class=\"wc-block-grid__product-title\">Maillot cyclisme manche courte MOTION INDIA WHITE<\/div>\n\t\t\t\t<\/a>\n\t\t\t\t<div class=\"wc-block-grid__product-price price\"><span class=\"woocommerce-Price-amount amount\">81,82<span class=\"woocommerce-Price-currencySymbol\">&euro;<\/span><\/span><span class=\"price-suffix\"><\/span><\/div>\n\t\t\t\t\n\t\t\t\t\n\t\t\t<\/li><li class=\"wc-block-grid__product\"><span class=\"gtm4wp_productdata\" style=\"display:none; visibility:hidden;\" data-gtm4wp_product_data=\"{&quot;internal_id&quot;:278443,&quot;item_id&quot;:278443,&quot;item_name&quot;:&quot;Maillot cyclisme XPERT HAITI WHITE&quot;,&quot;sku&quot;:&quot;51010337&quot;,&quot;price&quot;:90.08,&quot;stocklevel&quot;:null,&quot;stockstatus&quot;:&quot;instock&quot;,&quot;google_business_vertical&quot;:&quot;retail&quot;,&quot;item_category&quot;:&quot;B2B&quot;,&quot;id&quot;:278443,&quot;productlink&quot;:&quot;https:\\\/\\\/www.inverseteams.com\\\/fr\\\/produit\\\/maillot-cyclisme-xpert-haiti-white\\\/&quot;,&quot;item_list_name&quot;:&quot;Liste g\\u00e9n\\u00e9rale des produits&quot;,&quot;index&quot;:0,&quot;product_type&quot;:&quot;variable&quot;,&quot;item_brand&quot;:&quot;&quot;}\"><\/span>\n\t\t\t\t<a href=\"https:\/\/www.inverseteams.com\/fr\/produit\/maillot-cyclisme-xpert-haiti-white\/\" class=\"wc-block-grid__product-link\">\n\t\t\t\t\t\n\t\t\t\t\t<div class=\"wc-block-grid__product-image\"><img loading=\"lazy\" decoding=\"async\" width=\"420\" height=\"450\" src=\"https:\/\/www.inverseteams.com\/wp-content\/uploads\/INVERSE-CICLISMO-HOMBRE-MAILLOT-EXPERT-HAITI-WHITE-001-420x450.jpg\" class=\"attachment-woocommerce_thumbnail size-woocommerce_thumbnail\" alt=\"Maillot cyclisme XPERT HAITI WHITE\" srcset=\"https:\/\/www.inverseteams.com\/wp-content\/uploads\/INVERSE-CICLISMO-HOMBRE-MAILLOT-EXPERT-HAITI-WHITE-001-420x451.jpg 420w, https:\/\/www.inverseteams.com\/wp-content\/uploads\/INVERSE-CICLISMO-HOMBRE-MAILLOT-EXPERT-HAITI-WHITE-001-279x300.jpg 279w, https:\/\/www.inverseteams.com\/wp-content\/uploads\/INVERSE-CICLISMO-HOMBRE-MAILLOT-EXPERT-HAITI-WHITE-001-953x1024.jpg 953w, https:\/\/www.inverseteams.com\/wp-content\/uploads\/INVERSE-CICLISMO-HOMBRE-MAILLOT-EXPERT-HAITI-WHITE-001-768x825.jpg 768w, https:\/\/www.inverseteams.com\/wp-content\/uploads\/INVERSE-CICLISMO-HOMBRE-MAILLOT-EXPERT-HAITI-WHITE-001-1429x1536.jpg 1429w, https:\/\/www.inverseteams.com\/wp-content\/uploads\/INVERSE-CICLISMO-HOMBRE-MAILLOT-EXPERT-HAITI-WHITE-001-860x921.jpg 860w, https:\/\/www.inverseteams.com\/wp-content\/uploads\/INVERSE-CICLISMO-HOMBRE-MAILLOT-EXPERT-HAITI-WHITE-001-550x591.jpg 550w, https:\/\/www.inverseteams.com\/wp-content\/uploads\/INVERSE-CICLISMO-HOMBRE-MAILLOT-EXPERT-HAITI-WHITE-001-64x69.jpg 64w, https:\/\/www.inverseteams.com\/wp-content\/uploads\/INVERSE-CICLISMO-HOMBRE-MAILLOT-EXPERT-HAITI-WHITE-001.jpg 1500w\" sizes=\"auto, (max-width: 420px) 100vw, 420px\" \/><\/div>\n\t\t\t\t\t<div class=\"wc-block-grid__product-title\">Maillot cyclisme XPERT HAITI WHITE<\/div>\n\t\t\t\t<\/a>\n\t\t\t\t<div class=\"wc-block-grid__product-price price\"><span class=\"woocommerce-Price-amount amount\">90,08<span class=\"woocommerce-Price-currencySymbol\">&euro;<\/span><\/span><span class=\"price-suffix\"><\/span><\/div>\n\t\t\t\t\n\t\t\t\t\n\t\t\t<\/li><\/ul><\/div>","protected":false},"excerpt":{"rendered":"<p>La nouvelle \u00e9quipe Inverse Trail Running Team 2023 poursuit sa philosophie de d\u00e9couverte et de promotion des jeunes coureurs de montagne. Suivant la tendance actuelle dans la communaut\u00e9 des coureurs de montagne, la nouvelle \u00e9quipe Inverse Trail Running Team 2023 s&rsquo;engage \u00e0 \u00eatre pr\u00e9sente dans les courses courtes ou de kilom\u00e8tre vertical (KV). Depuis 2014, [&hellip;]<\/p>\n","protected":false},"author":12,"featured_media":111182,"comment_status":"open","ping_status":"open","sticky":false,"template":"","format":"standard","meta":{"_acf_changed":false,"mc4wp_mailchimp_campaign":[],"footnotes":""},"categories":[182],"tags":[5877,5878,5879],"class_list":["post-111207","post","type-post","status-publish","format-standard","has-post-thumbnail","hentry","category-trail-fr","tag-t-shirt-trailrunning-fr","tag-t-shirt-trail-fr","tag-shirt-trailrunning-fr"],"acf":[],"yoast_head":"<!-- This site is optimized with the Yoast SEO plugin v27.3 - https:\/\/yoast.com\/product\/yoast-seo-wordpress\/ -->\n<title>L&#039;Inverse Trail Running Team 2023 s&#039;engage en faveur du talent \u00e9mergent des jeunes coureurs de montagne | Inverseteams<\/title>\n<meta name=\"description\" content=\"La nouvelle \u00e9quipe Inverse Trail Running Team 2023 poursuit sa philosophie de d\u00e9couverte et de promotion des jeunes coureurs de montagne.\" \/>\n<meta name=\"robots\" content=\"index, follow, max-snippet:-1, max-image-preview:large, max-video-preview:-1\" \/>\n<link rel=\"canonical\" href=\"https:\/\/www.inverseteams.com\/fr\/blog\/el-inverse-trail-running-team-2023-apuesta-por-el-talento-emergente-de-jovenes-corredores-de-montana\/\" \/>\n<meta property=\"og:locale\" content=\"fr_FR\" \/>\n<meta property=\"og:type\" content=\"article\" \/>\n<meta property=\"og:title\" content=\"L&#039;Inverse Trail Running Team 2023 s&#039;engage en faveur du talent \u00e9mergent des jeunes coureurs de montagne | Inverseteams\" \/>\n<meta property=\"og:description\" content=\"La nouvelle \u00e9quipe Inverse Trail Running Team 2023 poursuit sa philosophie de d\u00e9couverte et de promotion des jeunes coureurs de montagne.\" \/>\n<meta property=\"og:url\" content=\"https:\/\/www.inverseteams.com\/fr\/blog\/el-inverse-trail-running-team-2023-apuesta-por-el-talento-emergente-de-jovenes-corredores-de-montana\/\" \/>\n<meta property=\"og:site_name\" content=\"Inverseteams\" \/>\n<meta property=\"article:publisher\" content=\"https:\/\/www.facebook.com\/inverseteams\" \/>\n<meta property=\"article:published_time\" content=\"2022-12-07T12:56:32+00:00\" \/>\n<meta property=\"article:modified_time\" content=\"2022-12-07T13:04:07+00:00\" \/>\n<meta property=\"og:image\" content=\"https:\/\/www.inverseteams.com\/wp-content\/uploads\/BLOG_TRAIL_RUNNING_TEAM_INVERSE_00.jpg\" \/>\n\t<meta property=\"og:image:width\" content=\"1920\" \/>\n\t<meta property=\"og:image:height\" content=\"1280\" \/>\n\t<meta property=\"og:image:type\" content=\"image\/jpeg\" \/>\n<meta name=\"author\" content=\"xavier\" \/>\n<meta name=\"twitter:card\" content=\"summary_large_image\" \/>\n<meta name=\"twitter:label1\" content=\"\u00c9crit par\" \/>\n\t<meta name=\"twitter:data1\" content=\"xavier\" \/>\n\t<meta name=\"twitter:label2\" content=\"Dur\u00e9e de lecture estim\u00e9e\" \/>\n\t<meta name=\"twitter:data2\" content=\"4 minutes\" \/>\n<script type=\"application\/ld+json\" class=\"yoast-schema-graph\">{\"@context\":\"https:\\\/\\\/schema.org\",\"@graph\":[{\"@type\":\"Article\",\"@id\":\"https:\\\/\\\/www.inverseteams.com\\\/fr\\\/blog\\\/el-inverse-trail-running-team-2023-apuesta-por-el-talento-emergente-de-jovenes-corredores-de-montana\\\/#article\",\"isPartOf\":{\"@id\":\"https:\\\/\\\/www.inverseteams.com\\\/fr\\\/blog\\\/el-inverse-trail-running-team-2023-apuesta-por-el-talento-emergente-de-jovenes-corredores-de-montana\\\/\"},\"author\":{\"name\":\"xavier\",\"@id\":\"https:\\\/\\\/www.inverseteams.com\\\/fr\\\/#\\\/schema\\\/person\\\/8e9cda76b6449aea55a18c6b0f3a15f1\"},\"headline\":\"L&rsquo;Inverse Trail Running Team 2023 s&rsquo;engage en faveur du talent \u00e9mergent des jeunes coureurs de montagne\",\"datePublished\":\"2022-12-07T12:56:32+00:00\",\"dateModified\":\"2022-12-07T13:04:07+00:00\",\"mainEntityOfPage\":{\"@id\":\"https:\\\/\\\/www.inverseteams.com\\\/fr\\\/blog\\\/el-inverse-trail-running-team-2023-apuesta-por-el-talento-emergente-de-jovenes-corredores-de-montana\\\/\"},\"wordCount\":647,\"commentCount\":0,\"publisher\":{\"@id\":\"https:\\\/\\\/www.inverseteams.com\\\/fr\\\/#organization\"},\"image\":{\"@id\":\"https:\\\/\\\/www.inverseteams.com\\\/fr\\\/blog\\\/el-inverse-trail-running-team-2023-apuesta-por-el-talento-emergente-de-jovenes-corredores-de-montana\\\/#primaryimage\"},\"thumbnailUrl\":\"https:\\\/\\\/www.inverseteams.com\\\/wp-content\\\/uploads\\\/BLOG_TRAIL_RUNNING_TEAM_INVERSE_00.jpg\",\"keywords\":[\"t-shirt trailrunning\",\"t-shirt trail\",\"shirt trailrunning\"],\"articleSection\":[\"Trail\"],\"inLanguage\":\"fr-FR\",\"potentialAction\":[{\"@type\":\"CommentAction\",\"name\":\"Comment\",\"target\":[\"https:\\\/\\\/www.inverseteams.com\\\/fr\\\/blog\\\/el-inverse-trail-running-team-2023-apuesta-por-el-talento-emergente-de-jovenes-corredores-de-montana\\\/#respond\"]}]},{\"@type\":\"WebPage\",\"@id\":\"https:\\\/\\\/www.inverseteams.com\\\/fr\\\/blog\\\/el-inverse-trail-running-team-2023-apuesta-por-el-talento-emergente-de-jovenes-corredores-de-montana\\\/\",\"url\":\"https:\\\/\\\/www.inverseteams.com\\\/fr\\\/blog\\\/el-inverse-trail-running-team-2023-apuesta-por-el-talento-emergente-de-jovenes-corredores-de-montana\\\/\",\"name\":\"L'Inverse Trail Running Team 2023 s'engage en faveur du talent \u00e9mergent des jeunes coureurs de montagne | Inverseteams\",\"isPartOf\":{\"@id\":\"https:\\\/\\\/www.inverseteams.com\\\/fr\\\/#website\"},\"primaryImageOfPage\":{\"@id\":\"https:\\\/\\\/www.inverseteams.com\\\/fr\\\/blog\\\/el-inverse-trail-running-team-2023-apuesta-por-el-talento-emergente-de-jovenes-corredores-de-montana\\\/#primaryimage\"},\"image\":{\"@id\":\"https:\\\/\\\/www.inverseteams.com\\\/fr\\\/blog\\\/el-inverse-trail-running-team-2023-apuesta-por-el-talento-emergente-de-jovenes-corredores-de-montana\\\/#primaryimage\"},\"thumbnailUrl\":\"https:\\\/\\\/www.inverseteams.com\\\/wp-content\\\/uploads\\\/BLOG_TRAIL_RUNNING_TEAM_INVERSE_00.jpg\",\"datePublished\":\"2022-12-07T12:56:32+00:00\",\"dateModified\":\"2022-12-07T13:04:07+00:00\",\"description\":\"La nouvelle \u00e9quipe Inverse Trail Running Team 2023 poursuit sa philosophie de d\u00e9couverte et de promotion des jeunes coureurs de montagne.\",\"breadcrumb\":{\"@id\":\"https:\\\/\\\/www.inverseteams.com\\\/fr\\\/blog\\\/el-inverse-trail-running-team-2023-apuesta-por-el-talento-emergente-de-jovenes-corredores-de-montana\\\/#breadcrumb\"},\"inLanguage\":\"fr-FR\",\"potentialAction\":[{\"@type\":\"ReadAction\",\"target\":[\"https:\\\/\\\/www.inverseteams.com\\\/fr\\\/blog\\\/el-inverse-trail-running-team-2023-apuesta-por-el-talento-emergente-de-jovenes-corredores-de-montana\\\/\"]}]},{\"@type\":\"ImageObject\",\"inLanguage\":\"fr-FR\",\"@id\":\"https:\\\/\\\/www.inverseteams.com\\\/fr\\\/blog\\\/el-inverse-trail-running-team-2023-apuesta-por-el-talento-emergente-de-jovenes-corredores-de-montana\\\/#primaryimage\",\"url\":\"https:\\\/\\\/www.inverseteams.com\\\/wp-content\\\/uploads\\\/BLOG_TRAIL_RUNNING_TEAM_INVERSE_00.jpg\",\"contentUrl\":\"https:\\\/\\\/www.inverseteams.com\\\/wp-content\\\/uploads\\\/BLOG_TRAIL_RUNNING_TEAM_INVERSE_00.jpg\",\"width\":1920,\"height\":1280},{\"@type\":\"BreadcrumbList\",\"@id\":\"https:\\\/\\\/www.inverseteams.com\\\/fr\\\/blog\\\/el-inverse-trail-running-team-2023-apuesta-por-el-talento-emergente-de-jovenes-corredores-de-montana\\\/#breadcrumb\",\"itemListElement\":[{\"@type\":\"ListItem\",\"position\":1,\"name\":\"Portada\",\"item\":\"https:\\\/\\\/www.inverseteams.com\\\/fr\\\/pagina-principal\\\/\"},{\"@type\":\"ListItem\",\"position\":2,\"name\":\"L&rsquo;Inverse Trail Running Team 2023 s&rsquo;engage en faveur du talent \u00e9mergent des jeunes coureurs de montagne\"}]},{\"@type\":\"WebSite\",\"@id\":\"https:\\\/\\\/www.inverseteams.com\\\/fr\\\/#website\",\"url\":\"https:\\\/\\\/www.inverseteams.com\\\/fr\\\/\",\"name\":\"Inverseteams\",\"description\":\"Tu marca de ropa deportiva personalizada\",\"publisher\":{\"@id\":\"https:\\\/\\\/www.inverseteams.com\\\/fr\\\/#organization\"},\"potentialAction\":[{\"@type\":\"SearchAction\",\"target\":{\"@type\":\"EntryPoint\",\"urlTemplate\":\"https:\\\/\\\/www.inverseteams.com\\\/fr\\\/?s={search_term_string}\"},\"query-input\":{\"@type\":\"PropertyValueSpecification\",\"valueRequired\":true,\"valueName\":\"search_term_string\"}}],\"inLanguage\":\"fr-FR\"},{\"@type\":\"Organization\",\"@id\":\"https:\\\/\\\/www.inverseteams.com\\\/fr\\\/#organization\",\"name\":\"Inverse Teams\",\"url\":\"https:\\\/\\\/www.inverseteams.com\\\/fr\\\/\",\"logo\":{\"@type\":\"ImageObject\",\"inLanguage\":\"fr-FR\",\"@id\":\"https:\\\/\\\/www.inverseteams.com\\\/fr\\\/#\\\/schema\\\/logo\\\/image\\\/\",\"url\":\"https:\\\/\\\/www.inverseteams.com\\\/wp-content\\\/uploads\\\/2021\\\/03\\\/logo-inverse-teams.png\",\"contentUrl\":\"https:\\\/\\\/www.inverseteams.com\\\/wp-content\\\/uploads\\\/2021\\\/03\\\/logo-inverse-teams.png\",\"width\":294,\"height\":99,\"caption\":\"Inverse Teams\"},\"image\":{\"@id\":\"https:\\\/\\\/www.inverseteams.com\\\/fr\\\/#\\\/schema\\\/logo\\\/image\\\/\"},\"sameAs\":[\"https:\\\/\\\/www.facebook.com\\\/inverseteams\",\"http:\\\/\\\/instagram.com\\\/inverseteams\",\"https:\\\/\\\/www.linkedin.com\\\/company\\\/inverse-cirosport-s-l-?trk=job_view_topcard_company_name\",\"http:\\\/\\\/www.pinterest.com\\\/inverseteams\\\/\",\"http:\\\/\\\/www.youtube.com\\\/user\\\/inverseteams?feature=watch\"]},{\"@type\":\"Person\",\"@id\":\"https:\\\/\\\/www.inverseteams.com\\\/fr\\\/#\\\/schema\\\/person\\\/8e9cda76b6449aea55a18c6b0f3a15f1\",\"name\":\"xavier\",\"image\":{\"@type\":\"ImageObject\",\"inLanguage\":\"fr-FR\",\"@id\":\"https:\\\/\\\/secure.gravatar.com\\\/avatar\\\/602b199a1f28e97d83ab3a8bcb642260f5afd77cb09704889d85ddd70643cddb?s=96&d=mm&r=g\",\"url\":\"https:\\\/\\\/secure.gravatar.com\\\/avatar\\\/602b199a1f28e97d83ab3a8bcb642260f5afd77cb09704889d85ddd70643cddb?s=96&d=mm&r=g\",\"contentUrl\":\"https:\\\/\\\/secure.gravatar.com\\\/avatar\\\/602b199a1f28e97d83ab3a8bcb642260f5afd77cb09704889d85ddd70643cddb?s=96&d=mm&r=g\",\"caption\":\"xavier\"}}]}<\/script>\n<!-- \/ Yoast SEO plugin. -->","yoast_head_json":{"title":"L'Inverse Trail Running Team 2023 s'engage en faveur du talent \u00e9mergent des jeunes coureurs de montagne | Inverseteams","description":"La nouvelle \u00e9quipe Inverse Trail Running Team 2023 poursuit sa philosophie de d\u00e9couverte et de promotion des jeunes coureurs de montagne.","robots":{"index":"index","follow":"follow","max-snippet":"max-snippet:-1","max-image-preview":"max-image-preview:large","max-video-preview":"max-video-preview:-1"},"canonical":"https:\/\/www.inverseteams.com\/fr\/blog\/el-inverse-trail-running-team-2023-apuesta-por-el-talento-emergente-de-jovenes-corredores-de-montana\/","og_locale":"fr_FR","og_type":"article","og_title":"L'Inverse Trail Running Team 2023 s'engage en faveur du talent \u00e9mergent des jeunes coureurs de montagne | Inverseteams","og_description":"La nouvelle \u00e9quipe Inverse Trail Running Team 2023 poursuit sa philosophie de d\u00e9couverte et de promotion des jeunes coureurs de montagne.","og_url":"https:\/\/www.inverseteams.com\/fr\/blog\/el-inverse-trail-running-team-2023-apuesta-por-el-talento-emergente-de-jovenes-corredores-de-montana\/","og_site_name":"Inverseteams","article_publisher":"https:\/\/www.facebook.com\/inverseteams","article_published_time":"2022-12-07T12:56:32+00:00","article_modified_time":"2022-12-07T13:04:07+00:00","og_image":[{"width":1920,"height":1280,"url":"https:\/\/www.inverseteams.com\/wp-content\/uploads\/BLOG_TRAIL_RUNNING_TEAM_INVERSE_00.jpg","type":"image\/jpeg"}],"author":"xavier","twitter_card":"summary_large_image","twitter_misc":{"\u00c9crit par":"xavier","Dur\u00e9e de lecture estim\u00e9e":"4 minutes"},"schema":{"@context":"https:\/\/schema.org","@graph":[{"@type":"Article","@id":"https:\/\/www.inverseteams.com\/fr\/blog\/el-inverse-trail-running-team-2023-apuesta-por-el-talento-emergente-de-jovenes-corredores-de-montana\/#article","isPartOf":{"@id":"https:\/\/www.inverseteams.com\/fr\/blog\/el-inverse-trail-running-team-2023-apuesta-por-el-talento-emergente-de-jovenes-corredores-de-montana\/"},"author":{"name":"xavier","@id":"https:\/\/www.inverseteams.com\/fr\/#\/schema\/person\/8e9cda76b6449aea55a18c6b0f3a15f1"},"headline":"L&rsquo;Inverse Trail Running Team 2023 s&rsquo;engage en faveur du talent \u00e9mergent des jeunes coureurs de montagne","datePublished":"2022-12-07T12:56:32+00:00","dateModified":"2022-12-07T13:04:07+00:00","mainEntityOfPage":{"@id":"https:\/\/www.inverseteams.com\/fr\/blog\/el-inverse-trail-running-team-2023-apuesta-por-el-talento-emergente-de-jovenes-corredores-de-montana\/"},"wordCount":647,"commentCount":0,"publisher":{"@id":"https:\/\/www.inverseteams.com\/fr\/#organization"},"image":{"@id":"https:\/\/www.inverseteams.com\/fr\/blog\/el-inverse-trail-running-team-2023-apuesta-por-el-talento-emergente-de-jovenes-corredores-de-montana\/#primaryimage"},"thumbnailUrl":"https:\/\/www.inverseteams.com\/wp-content\/uploads\/BLOG_TRAIL_RUNNING_TEAM_INVERSE_00.jpg","keywords":["t-shirt trailrunning","t-shirt trail","shirt trailrunning"],"articleSection":["Trail"],"inLanguage":"fr-FR","potentialAction":[{"@type":"CommentAction","name":"Comment","target":["https:\/\/www.inverseteams.com\/fr\/blog\/el-inverse-trail-running-team-2023-apuesta-por-el-talento-emergente-de-jovenes-corredores-de-montana\/#respond"]}]},{"@type":"WebPage","@id":"https:\/\/www.inverseteams.com\/fr\/blog\/el-inverse-trail-running-team-2023-apuesta-por-el-talento-emergente-de-jovenes-corredores-de-montana\/","url":"https:\/\/www.inverseteams.com\/fr\/blog\/el-inverse-trail-running-team-2023-apuesta-por-el-talento-emergente-de-jovenes-corredores-de-montana\/","name":"L'Inverse Trail Running Team 2023 s'engage en faveur du talent \u00e9mergent des jeunes coureurs de montagne | Inverseteams","isPartOf":{"@id":"https:\/\/www.inverseteams.com\/fr\/#website"},"primaryImageOfPage":{"@id":"https:\/\/www.inverseteams.com\/fr\/blog\/el-inverse-trail-running-team-2023-apuesta-por-el-talento-emergente-de-jovenes-corredores-de-montana\/#primaryimage"},"image":{"@id":"https:\/\/www.inverseteams.com\/fr\/blog\/el-inverse-trail-running-team-2023-apuesta-por-el-talento-emergente-de-jovenes-corredores-de-montana\/#primaryimage"},"thumbnailUrl":"https:\/\/www.inverseteams.com\/wp-content\/uploads\/BLOG_TRAIL_RUNNING_TEAM_INVERSE_00.jpg","datePublished":"2022-12-07T12:56:32+00:00","dateModified":"2022-12-07T13:04:07+00:00","description":"La nouvelle \u00e9quipe Inverse Trail Running Team 2023 poursuit sa philosophie de d\u00e9couverte et de promotion des jeunes coureurs de montagne.","breadcrumb":{"@id":"https:\/\/www.inverseteams.com\/fr\/blog\/el-inverse-trail-running-team-2023-apuesta-por-el-talento-emergente-de-jovenes-corredores-de-montana\/#breadcrumb"},"inLanguage":"fr-FR","potentialAction":[{"@type":"ReadAction","target":["https:\/\/www.inverseteams.com\/fr\/blog\/el-inverse-trail-running-team-2023-apuesta-por-el-talento-emergente-de-jovenes-corredores-de-montana\/"]}]},{"@type":"ImageObject","inLanguage":"fr-FR","@id":"https:\/\/www.inverseteams.com\/fr\/blog\/el-inverse-trail-running-team-2023-apuesta-por-el-talento-emergente-de-jovenes-corredores-de-montana\/#primaryimage","url":"https:\/\/www.inverseteams.com\/wp-content\/uploads\/BLOG_TRAIL_RUNNING_TEAM_INVERSE_00.jpg","contentUrl":"https:\/\/www.inverseteams.com\/wp-content\/uploads\/BLOG_TRAIL_RUNNING_TEAM_INVERSE_00.jpg","width":1920,"height":1280},{"@type":"BreadcrumbList","@id":"https:\/\/www.inverseteams.com\/fr\/blog\/el-inverse-trail-running-team-2023-apuesta-por-el-talento-emergente-de-jovenes-corredores-de-montana\/#breadcrumb","itemListElement":[{"@type":"ListItem","position":1,"name":"Portada","item":"https:\/\/www.inverseteams.com\/fr\/pagina-principal\/"},{"@type":"ListItem","position":2,"name":"L&rsquo;Inverse Trail Running Team 2023 s&rsquo;engage en faveur du talent \u00e9mergent des jeunes coureurs de montagne"}]},{"@type":"WebSite","@id":"https:\/\/www.inverseteams.com\/fr\/#website","url":"https:\/\/www.inverseteams.com\/fr\/","name":"Inverseteams","description":"Tu marca de ropa deportiva personalizada","publisher":{"@id":"https:\/\/www.inverseteams.com\/fr\/#organization"},"potentialAction":[{"@type":"SearchAction","target":{"@type":"EntryPoint","urlTemplate":"https:\/\/www.inverseteams.com\/fr\/?s={search_term_string}"},"query-input":{"@type":"PropertyValueSpecification","valueRequired":true,"valueName":"search_term_string"}}],"inLanguage":"fr-FR"},{"@type":"Organization","@id":"https:\/\/www.inverseteams.com\/fr\/#organization","name":"Inverse Teams","url":"https:\/\/www.inverseteams.com\/fr\/","logo":{"@type":"ImageObject","inLanguage":"fr-FR","@id":"https:\/\/www.inverseteams.com\/fr\/#\/schema\/logo\/image\/","url":"https:\/\/www.inverseteams.com\/wp-content\/uploads\/2021\/03\/logo-inverse-teams.png","contentUrl":"https:\/\/www.inverseteams.com\/wp-content\/uploads\/2021\/03\/logo-inverse-teams.png","width":294,"height":99,"caption":"Inverse Teams"},"image":{"@id":"https:\/\/www.inverseteams.com\/fr\/#\/schema\/logo\/image\/"},"sameAs":["https:\/\/www.facebook.com\/inverseteams","http:\/\/instagram.com\/inverseteams","https:\/\/www.linkedin.com\/company\/inverse-cirosport-s-l-?trk=job_view_topcard_company_name","http:\/\/www.pinterest.com\/inverseteams\/","http:\/\/www.youtube.com\/user\/inverseteams?feature=watch"]},{"@type":"Person","@id":"https:\/\/www.inverseteams.com\/fr\/#\/schema\/person\/8e9cda76b6449aea55a18c6b0f3a15f1","name":"xavier","image":{"@type":"ImageObject","inLanguage":"fr-FR","@id":"https:\/\/secure.gravatar.com\/avatar\/602b199a1f28e97d83ab3a8bcb642260f5afd77cb09704889d85ddd70643cddb?s=96&d=mm&r=g","url":"https:\/\/secure.gravatar.com\/avatar\/602b199a1f28e97d83ab3a8bcb642260f5afd77cb09704889d85ddd70643cddb?s=96&d=mm&r=g","contentUrl":"https:\/\/secure.gravatar.com\/avatar\/602b199a1f28e97d83ab3a8bcb642260f5afd77cb09704889d85ddd70643cddb?s=96&d=mm&r=g","caption":"xavier"}}]}},"_links":{"self":[{"href":"https:\/\/www.inverseteams.com\/fr\/wp-json\/wp\/v2\/posts\/111207","targetHints":{"allow":["GET"]}}],"collection":[{"href":"https:\/\/www.inverseteams.com\/fr\/wp-json\/wp\/v2\/posts"}],"about":[{"href":"https:\/\/www.inverseteams.com\/fr\/wp-json\/wp\/v2\/types\/post"}],"author":[{"embeddable":true,"href":"https:\/\/www.inverseteams.com\/fr\/wp-json\/wp\/v2\/users\/12"}],"replies":[{"embeddable":true,"href":"https:\/\/www.inverseteams.com\/fr\/wp-json\/wp\/v2\/comments?post=111207"}],"version-history":[{"count":0,"href":"https:\/\/www.inverseteams.com\/fr\/wp-json\/wp\/v2\/posts\/111207\/revisions"}],"wp:featuredmedia":[{"embeddable":true,"href":"https:\/\/www.inverseteams.com\/fr\/wp-json\/wp\/v2\/media\/111182"}],"wp:attachment":[{"href":"https:\/\/www.inverseteams.com\/fr\/wp-json\/wp\/v2\/media?parent=111207"}],"wp:term":[{"taxonomy":"category","embeddable":true,"href":"https:\/\/www.inverseteams.com\/fr\/wp-json\/wp\/v2\/categories?post=111207"},{"taxonomy":"post_tag","embeddable":true,"href":"https:\/\/www.inverseteams.com\/fr\/wp-json\/wp\/v2\/tags?post=111207"}],"curies":[{"name":"wp","href":"https:\/\/api.w.org\/{rel}","templated":true}]}}