{"id":13850,"date":"2021-04-21T08:30:42","date_gmt":"2021-04-21T08:30:42","guid":{"rendered":"https:\/\/inverseteams.com\/?post_type=history&#038;p=13850"},"modified":"2021-04-21T08:30:42","modified_gmt":"2021-04-21T08:30:42","slug":"premiere-medaille-olympique-de-cyclisme-habille-par-inverse","status":"publish","type":"history","link":"https:\/\/www.inverseteams.com\/fr\/history\/premiere-medaille-olympique-de-cyclisme-habille-par-inverse\/","title":{"rendered":"Premi\u00e8re m\u00e9daille olympique de cyclisme habill\u00e9 par INVERSE"},"content":{"rendered":"\n<p>2016 est une ann\u00e9e remarquable: c\u2019est <strong>la premi\u00e8re m\u00e9daille olympique de la s\u00e9lection espagnole arborant une tenue d\u2019INVERSE. <\/strong>De plus, la s\u00e9lection Handisport a remport\u00e9 cinq m\u00e9dailles.<\/p>\n\n\n\n<p><strong>Carlos Coloma<\/strong> a remport\u00e9 la m\u00e9daille de bronze dans l\u2019\u00e9preuve de Cyclisme de Montagne aux jeux Olympiques de R\u00edo de Janeiro. D\u2019autre part, plusieurs m\u00e9dailles ont fait triompher la s\u00e9lection espagnole aux Jeux Paralympiques&nbsp;: argent pour le tandem <strong>Ignacio \u00c1vila<\/strong> et <strong>Joan Font<\/strong>, sur route&nbsp;; bronze pour <strong>Alfonso Cabello<\/strong> sur piste (2), ainsi que pour <strong>Amador Granados<\/strong> et <strong>Eduardo Santas.&nbsp;<\/strong><\/p>\n\n\n\n<p>Cette ann\u00e9e sera marqu\u00e9e pour Inverse par le cin\u00e9ma&nbsp;: notre marque <strong>a \u00e9t\u00e9 choisie pour habiller, avec nos v\u00eatements de cyclisme et de triathlon, le c\u00e9l\u00e8bre acteur&nbsp; espagnol Dani Rovira, pour son r\u00f4le dans le film&nbsp;\u00ab&nbsp;100 m\u00e8tres&nbsp;\u00bb<\/strong>. Ce film a eu un grand succ\u00e8s et est maintenant une r\u00e9f\u00e9rence comme histoire de d\u00e9passement de soi. Bas\u00e9e sur l\u2019histoire v\u00e9cue de Ramon Arroyo, diagnostiqu\u00e9 de scl\u00e9roses multiples, et \u00e0 qui on communique qu\u2019en bref il ne pourra plus marcher. Quelques mois plus tard, gr\u00e2ce \u00e0 une d\u00e9termination sans faille, il participe \u00e0 un Ironman, l\u2019\u00e9preuve la plus exigeante de triathlon, et un des \u00e9v\u00e8nements les plus durs du monde sportif. En plus du protagoniste, des figurants aussi port\u00e8rent des v\u00eatements de cyclisme et de triathlon d\u2019Inverse.<\/p>\n","protected":false},"template":"","class_list":["post-13850","history","type-history","status-publish","hentry"],"acf":[],"yoast_head":"<!-- This site is optimized with the Yoast SEO plugin v27.3 - https:\/\/yoast.com\/product\/yoast-seo-wordpress\/ -->\n<title>Premi\u00e8re m\u00e9daille olympique de cyclisme habill\u00e9 par INVERSE | Inverseteams<\/title>\n<meta name=\"description\" content=\"2016 est une ann\u00e9e remarquable: c\u2019est la premi\u00e8re m\u00e9daille olympique de la s\u00e9lection espagnole arborant une tenue d\u2019INVERSE. De plus, la s\u00e9lection Handisport a remport\u00e9 cinq m\u00e9dailles.\" \/>\n<meta name=\"robots\" content=\"noindex, follow\" \/>\n<meta property=\"og:locale\" content=\"fr_FR\" \/>\n<meta property=\"og:type\" content=\"article\" \/>\n<meta property=\"og:title\" content=\"Premi\u00e8re m\u00e9daille olympique de cyclisme habill\u00e9 par INVERSE | Inverseteams\" \/>\n<meta property=\"og:description\" content=\"2016 est une ann\u00e9e remarquable: c\u2019est la premi\u00e8re m\u00e9daille olympique de la s\u00e9lection espagnole arborant une tenue d\u2019INVERSE. De plus, la s\u00e9lection Handisport a remport\u00e9 cinq m\u00e9dailles.\" \/>\n<meta property=\"og:url\" content=\"https:\/\/www.inverseteams.com\/fr\/history\/premiere-medaille-olympique-de-cyclisme-habille-par-inverse\/\" \/>\n<meta property=\"og:site_name\" content=\"Inverseteams\" \/>\n<meta property=\"article:publisher\" content=\"https:\/\/www.facebook.com\/inverseteams\" \/>\n<meta name=\"twitter:card\" content=\"summary_large_image\" \/>\n<meta name=\"twitter:label1\" content=\"Dur\u00e9e de lecture estim\u00e9e\" \/>\n\t<meta name=\"twitter:data1\" content=\"1 minute\" \/>\n<script type=\"application\/ld+json\" class=\"yoast-schema-graph\">{\"@context\":\"https:\\\/\\\/schema.org\",\"@graph\":[{\"@type\":\"WebPage\",\"@id\":\"https:\\\/\\\/www.inverseteams.com\\\/fr\\\/history\\\/premiere-medaille-olympique-de-cyclisme-habille-par-inverse\\\/\",\"url\":\"https:\\\/\\\/www.inverseteams.com\\\/fr\\\/history\\\/premiere-medaille-olympique-de-cyclisme-habille-par-inverse\\\/\",\"name\":\"Premi\u00e8re m\u00e9daille olympique de cyclisme habill\u00e9 par INVERSE | Inverseteams\",\"isPartOf\":{\"@id\":\"https:\\\/\\\/www.inverseteams.com\\\/fr\\\/#website\"},\"datePublished\":\"2021-04-21T08:30:42+00:00\",\"description\":\"2016 est une ann\u00e9e remarquable: c\u2019est la premi\u00e8re m\u00e9daille olympique de la s\u00e9lection espagnole arborant une tenue d\u2019INVERSE. De plus, la s\u00e9lection Handisport a remport\u00e9 cinq m\u00e9dailles.\",\"breadcrumb\":{\"@id\":\"https:\\\/\\\/www.inverseteams.com\\\/fr\\\/history\\\/premiere-medaille-olympique-de-cyclisme-habille-par-inverse\\\/#breadcrumb\"},\"inLanguage\":\"fr-FR\",\"potentialAction\":[{\"@type\":\"ReadAction\",\"target\":[\"https:\\\/\\\/www.inverseteams.com\\\/fr\\\/history\\\/premiere-medaille-olympique-de-cyclisme-habille-par-inverse\\\/\"]}]},{\"@type\":\"BreadcrumbList\",\"@id\":\"https:\\\/\\\/www.inverseteams.com\\\/fr\\\/history\\\/premiere-medaille-olympique-de-cyclisme-habille-par-inverse\\\/#breadcrumb\",\"itemListElement\":[{\"@type\":\"ListItem\",\"position\":1,\"name\":\"Portada\",\"item\":\"https:\\\/\\\/www.inverseteams.com\\\/fr\\\/pagina-principal\\\/\"},{\"@type\":\"ListItem\",\"position\":2,\"name\":\"Premi\u00e8re m\u00e9daille olympique de cyclisme habill\u00e9 par INVERSE\"}]},{\"@type\":\"WebSite\",\"@id\":\"https:\\\/\\\/www.inverseteams.com\\\/fr\\\/#website\",\"url\":\"https:\\\/\\\/www.inverseteams.com\\\/fr\\\/\",\"name\":\"Inverseteams\",\"description\":\"Tu marca de ropa deportiva personalizada\",\"publisher\":{\"@id\":\"https:\\\/\\\/www.inverseteams.com\\\/fr\\\/#organization\"},\"potentialAction\":[{\"@type\":\"SearchAction\",\"target\":{\"@type\":\"EntryPoint\",\"urlTemplate\":\"https:\\\/\\\/www.inverseteams.com\\\/fr\\\/?s={search_term_string}\"},\"query-input\":{\"@type\":\"PropertyValueSpecification\",\"valueRequired\":true,\"valueName\":\"search_term_string\"}}],\"inLanguage\":\"fr-FR\"},{\"@type\":\"Organization\",\"@id\":\"https:\\\/\\\/www.inverseteams.com\\\/fr\\\/#organization\",\"name\":\"Inverse Teams\",\"url\":\"https:\\\/\\\/www.inverseteams.com\\\/fr\\\/\",\"logo\":{\"@type\":\"ImageObject\",\"inLanguage\":\"fr-FR\",\"@id\":\"https:\\\/\\\/www.inverseteams.com\\\/fr\\\/#\\\/schema\\\/logo\\\/image\\\/\",\"url\":\"https:\\\/\\\/www.inverseteams.com\\\/wp-content\\\/uploads\\\/2021\\\/03\\\/logo-inverse-teams.png\",\"contentUrl\":\"https:\\\/\\\/www.inverseteams.com\\\/wp-content\\\/uploads\\\/2021\\\/03\\\/logo-inverse-teams.png\",\"width\":294,\"height\":99,\"caption\":\"Inverse Teams\"},\"image\":{\"@id\":\"https:\\\/\\\/www.inverseteams.com\\\/fr\\\/#\\\/schema\\\/logo\\\/image\\\/\"},\"sameAs\":[\"https:\\\/\\\/www.facebook.com\\\/inverseteams\",\"http:\\\/\\\/instagram.com\\\/inverseteams\",\"https:\\\/\\\/www.linkedin.com\\\/company\\\/inverse-cirosport-s-l-?trk=job_view_topcard_company_name\",\"http:\\\/\\\/www.pinterest.com\\\/inverseteams\\\/\",\"http:\\\/\\\/www.youtube.com\\\/user\\\/inverseteams?feature=watch\"]}]}<\/script>\n<!-- \/ Yoast SEO plugin. -->","yoast_head_json":{"title":"Premi\u00e8re m\u00e9daille olympique de cyclisme habill\u00e9 par INVERSE | Inverseteams","description":"2016 est une ann\u00e9e remarquable: c\u2019est la premi\u00e8re m\u00e9daille olympique de la s\u00e9lection espagnole arborant une tenue d\u2019INVERSE. De plus, la s\u00e9lection Handisport a remport\u00e9 cinq m\u00e9dailles.","robots":{"index":"noindex","follow":"follow"},"og_locale":"fr_FR","og_type":"article","og_title":"Premi\u00e8re m\u00e9daille olympique de cyclisme habill\u00e9 par INVERSE | Inverseteams","og_description":"2016 est une ann\u00e9e remarquable: c\u2019est la premi\u00e8re m\u00e9daille olympique de la s\u00e9lection espagnole arborant une tenue d\u2019INVERSE. De plus, la s\u00e9lection Handisport a remport\u00e9 cinq m\u00e9dailles.","og_url":"https:\/\/www.inverseteams.com\/fr\/history\/premiere-medaille-olympique-de-cyclisme-habille-par-inverse\/","og_site_name":"Inverseteams","article_publisher":"https:\/\/www.facebook.com\/inverseteams","twitter_card":"summary_large_image","twitter_misc":{"Dur\u00e9e de lecture estim\u00e9e":"1 minute"},"schema":{"@context":"https:\/\/schema.org","@graph":[{"@type":"WebPage","@id":"https:\/\/www.inverseteams.com\/fr\/history\/premiere-medaille-olympique-de-cyclisme-habille-par-inverse\/","url":"https:\/\/www.inverseteams.com\/fr\/history\/premiere-medaille-olympique-de-cyclisme-habille-par-inverse\/","name":"Premi\u00e8re m\u00e9daille olympique de cyclisme habill\u00e9 par INVERSE | Inverseteams","isPartOf":{"@id":"https:\/\/www.inverseteams.com\/fr\/#website"},"datePublished":"2021-04-21T08:30:42+00:00","description":"2016 est une ann\u00e9e remarquable: c\u2019est la premi\u00e8re m\u00e9daille olympique de la s\u00e9lection espagnole arborant une tenue d\u2019INVERSE. De plus, la s\u00e9lection Handisport a remport\u00e9 cinq m\u00e9dailles.","breadcrumb":{"@id":"https:\/\/www.inverseteams.com\/fr\/history\/premiere-medaille-olympique-de-cyclisme-habille-par-inverse\/#breadcrumb"},"inLanguage":"fr-FR","potentialAction":[{"@type":"ReadAction","target":["https:\/\/www.inverseteams.com\/fr\/history\/premiere-medaille-olympique-de-cyclisme-habille-par-inverse\/"]}]},{"@type":"BreadcrumbList","@id":"https:\/\/www.inverseteams.com\/fr\/history\/premiere-medaille-olympique-de-cyclisme-habille-par-inverse\/#breadcrumb","itemListElement":[{"@type":"ListItem","position":1,"name":"Portada","item":"https:\/\/www.inverseteams.com\/fr\/pagina-principal\/"},{"@type":"ListItem","position":2,"name":"Premi\u00e8re m\u00e9daille olympique de cyclisme habill\u00e9 par INVERSE"}]},{"@type":"WebSite","@id":"https:\/\/www.inverseteams.com\/fr\/#website","url":"https:\/\/www.inverseteams.com\/fr\/","name":"Inverseteams","description":"Tu marca de ropa deportiva personalizada","publisher":{"@id":"https:\/\/www.inverseteams.com\/fr\/#organization"},"potentialAction":[{"@type":"SearchAction","target":{"@type":"EntryPoint","urlTemplate":"https:\/\/www.inverseteams.com\/fr\/?s={search_term_string}"},"query-input":{"@type":"PropertyValueSpecification","valueRequired":true,"valueName":"search_term_string"}}],"inLanguage":"fr-FR"},{"@type":"Organization","@id":"https:\/\/www.inverseteams.com\/fr\/#organization","name":"Inverse Teams","url":"https:\/\/www.inverseteams.com\/fr\/","logo":{"@type":"ImageObject","inLanguage":"fr-FR","@id":"https:\/\/www.inverseteams.com\/fr\/#\/schema\/logo\/image\/","url":"https:\/\/www.inverseteams.com\/wp-content\/uploads\/2021\/03\/logo-inverse-teams.png","contentUrl":"https:\/\/www.inverseteams.com\/wp-content\/uploads\/2021\/03\/logo-inverse-teams.png","width":294,"height":99,"caption":"Inverse Teams"},"image":{"@id":"https:\/\/www.inverseteams.com\/fr\/#\/schema\/logo\/image\/"},"sameAs":["https:\/\/www.facebook.com\/inverseteams","http:\/\/instagram.com\/inverseteams","https:\/\/www.linkedin.com\/company\/inverse-cirosport-s-l-?trk=job_view_topcard_company_name","http:\/\/www.pinterest.com\/inverseteams\/","http:\/\/www.youtube.com\/user\/inverseteams?feature=watch"]}]}},"_links":{"self":[{"href":"https:\/\/www.inverseteams.com\/fr\/wp-json\/wp\/v2\/history\/13850","targetHints":{"allow":["GET"]}}],"collection":[{"href":"https:\/\/www.inverseteams.com\/fr\/wp-json\/wp\/v2\/history"}],"about":[{"href":"https:\/\/www.inverseteams.com\/fr\/wp-json\/wp\/v2\/types\/history"}],"wp:attachment":[{"href":"https:\/\/www.inverseteams.com\/fr\/wp-json\/wp\/v2\/media?parent=13850"}],"curies":[{"name":"wp","href":"https:\/\/api.w.org\/{rel}","templated":true}]}}