{"id":62078,"date":"2022-03-07T11:34:49","date_gmt":"2022-03-07T11:34:49","guid":{"rendered":"https:\/\/www.inverseteams.com\/?p=62078"},"modified":"2022-03-07T11:47:15","modified_gmt":"2022-03-07T11:47:15","slug":"pep-poblet-saxo-y-ciclismo","status":"publish","type":"post","link":"https:\/\/www.inverseteams.com\/es\/blog\/pep-poblet-saxo-y-ciclismo\/","title":{"rendered":"Pep Poblet, saxo y ciclismo"},"content":{"rendered":"\n<figure class=\"wp-block-image size-large\"><img loading=\"lazy\" decoding=\"async\" width=\"1024\" height=\"683\" src=\"https:\/\/www.inverseteams.com\/wp-content\/uploads\/Blog_Pep_Poblet_000-1024x683.jpg\" alt=\"\" class=\"wp-image-62079\" srcset=\"https:\/\/www.inverseteams.com\/wp-content\/uploads\/Blog_Pep_Poblet_000-1024x683.jpg 1024w, https:\/\/www.inverseteams.com\/wp-content\/uploads\/Blog_Pep_Poblet_000-300x200.jpg 300w, https:\/\/www.inverseteams.com\/wp-content\/uploads\/Blog_Pep_Poblet_000-768x512.jpg 768w, https:\/\/www.inverseteams.com\/wp-content\/uploads\/Blog_Pep_Poblet_000-1536x1024.jpg 1536w, https:\/\/www.inverseteams.com\/wp-content\/uploads\/Blog_Pep_Poblet_000-420x280.jpg 420w, https:\/\/www.inverseteams.com\/wp-content\/uploads\/Blog_Pep_Poblet_000.jpg 1920w\" sizes=\"auto, (max-width: 1024px) 100vw, 1024px\" \/><\/figure>\n\n\n<div class=\"wrapper-heading\">\n<h2 class=\"wp-block-heading\">El apellido Poblet est\u00e1 ligado a la historia del ciclismo espa\u00f1ol y europeo.<\/h2>\n<\/div>\n\n<div class=\"wrapper-heading\">\n<h3 class=\"wp-block-heading\">Pep Poblet, un saxofonista de renombre y amante del ciclismo. Su hijo Albert Poblet sigue con la estirpe ciclista y es el actual campe\u00f3n de Catalunya de Ciclocross.<\/h3>\n<\/div>\n\n<div class=\"wrapper-heading\">\n<h4 class=\"wp-block-heading\">El saxo de Pep Poblet ha formado parte de las giras de grandes artistas del panorama musical como David Bisbal, Llu\u00eds Llach, Manuel Carrasco, V\u00edctor Manuel, Ana Bel\u00e9n.<\/h4>\n<\/div>\n\n\n<figure class=\"wp-block-embed is-type-video is-provider-youtube wp-block-embed-youtube wp-embed-aspect-16-9 wp-has-aspect-ratio\"><div class=\"wp-block-embed__wrapper\">\n<iframe loading=\"lazy\" title=\"La &quot;True Story&quot; de Pep Poblet, saxo y ciclismo.\" width=\"640\" height=\"360\" src=\"https:\/\/www.youtube.com\/embed\/9-RaG_DbE6A?feature=oembed\" frameborder=\"0\" allow=\"accelerometer; autoplay; clipboard-write; encrypted-media; gyroscope; picture-in-picture; web-share\" referrerpolicy=\"strict-origin-when-cross-origin\" allowfullscreen><\/iframe>\n<\/div><\/figure>\n\n\n\n<figure class=\"wp-block-image size-large\"><img loading=\"lazy\" decoding=\"async\" width=\"1024\" height=\"683\" src=\"https:\/\/www.inverseteams.com\/wp-content\/uploads\/Blog_Pep_Poblet_01-1024x683.jpg\" alt=\"\" class=\"wp-image-62083\" srcset=\"https:\/\/www.inverseteams.com\/wp-content\/uploads\/Blog_Pep_Poblet_01-1024x683.jpg 1024w, https:\/\/www.inverseteams.com\/wp-content\/uploads\/Blog_Pep_Poblet_01-300x200.jpg 300w, https:\/\/www.inverseteams.com\/wp-content\/uploads\/Blog_Pep_Poblet_01-768x512.jpg 768w, https:\/\/www.inverseteams.com\/wp-content\/uploads\/Blog_Pep_Poblet_01-1536x1025.jpg 1536w, https:\/\/www.inverseteams.com\/wp-content\/uploads\/Blog_Pep_Poblet_01-420x280.jpg 420w, https:\/\/www.inverseteams.com\/wp-content\/uploads\/Blog_Pep_Poblet_01.jpg 1920w\" sizes=\"auto, (max-width: 1024px) 100vw, 1024px\" \/><\/figure>\n\n\n\n<p>El saxofonista Pep Poblet nos invita a que conozcamos el entorno natural de sus rutas diarias de BTT. Su recorrido desde Roda de Ter por tierras de la comarca catalana de Osona nos lleva hasta el ic\u00f3nico <strong><a href=\"https:\/\/es.wikipedia.org\/wiki\/Santuario_de_Puig-agut\">Santuario de Puig-Agut<\/a><\/strong>, una espectacular iglesia de finales del s. XIX que es lugar de encuentro de ciclistas.<\/p>\n\n\n\n<p>M\u00fasico, saxofonista y amante del ciclismo, <strong><a href=\"http:\/\/www.peppoblet.com\/\">Pep Poblet<\/a> <\/strong>valora much\u00edsimo el poder salir de casa en bicicleta y poder disfrutar del entorno natural de su ciudad y de su comarca. Durante toda su vida ha compaginado su pasi\u00f3n por el ciclismo con su otra gran pasi\u00f3n que es la m\u00fasica de saxo.<\/p>\n\n\n\n<figure class=\"wp-block-image size-large\"><img loading=\"lazy\" decoding=\"async\" width=\"1024\" height=\"683\" src=\"https:\/\/www.inverseteams.com\/wp-content\/uploads\/Blog_Pep_Poblet_02-1024x683.jpg\" alt=\"\" class=\"wp-image-62087\" srcset=\"https:\/\/www.inverseteams.com\/wp-content\/uploads\/Blog_Pep_Poblet_02-1024x683.jpg 1024w, https:\/\/www.inverseteams.com\/wp-content\/uploads\/Blog_Pep_Poblet_02-300x200.jpg 300w, https:\/\/www.inverseteams.com\/wp-content\/uploads\/Blog_Pep_Poblet_02-768x512.jpg 768w, https:\/\/www.inverseteams.com\/wp-content\/uploads\/Blog_Pep_Poblet_02-1536x1025.jpg 1536w, https:\/\/www.inverseteams.com\/wp-content\/uploads\/Blog_Pep_Poblet_02-420x280.jpg 420w, https:\/\/www.inverseteams.com\/wp-content\/uploads\/Blog_Pep_Poblet_02.jpg 1920w\" sizes=\"auto, (max-width: 1024px) 100vw, 1024px\" \/><\/figure>\n\n\n\n<figure class=\"wp-block-image size-large\"><img loading=\"lazy\" decoding=\"async\" width=\"1024\" height=\"683\" src=\"https:\/\/www.inverseteams.com\/wp-content\/uploads\/Blog_Pep_Poblet_08-1024x683.jpg\" alt=\"\" class=\"wp-image-62103\" srcset=\"https:\/\/www.inverseteams.com\/wp-content\/uploads\/Blog_Pep_Poblet_08-1024x683.jpg 1024w, https:\/\/www.inverseteams.com\/wp-content\/uploads\/Blog_Pep_Poblet_08-300x200.jpg 300w, https:\/\/www.inverseteams.com\/wp-content\/uploads\/Blog_Pep_Poblet_08-768x512.jpg 768w, https:\/\/www.inverseteams.com\/wp-content\/uploads\/Blog_Pep_Poblet_08-1536x1024.jpg 1536w, https:\/\/www.inverseteams.com\/wp-content\/uploads\/Blog_Pep_Poblet_08-2048x1365.jpg 2048w, https:\/\/www.inverseteams.com\/wp-content\/uploads\/Blog_Pep_Poblet_08-420x280.jpg 420w\" sizes=\"auto, (max-width: 1024px) 100vw, 1024px\" \/><\/figure>\n\n\n\n<p>Durante muchos a\u00f1os ha compaginado su carrera musical y su necesidad permanente de rodar en bicicleta. Cuando estuvo haciendo giras por Espa\u00f1a y por Am\u00e9rica con artistas de renombre nacional e internacional como <strong>David Bisbal, Llu\u00eds Llach, Manuel Carrasco, V\u00edctor Manuel y Ana Bel\u00e9n<\/strong>, en su equipaje no pod\u00eda fallar el saxo y la bicicleta. A muchos de los conciertos musicales en los que participaba, Pep Poblet iba en bicicleta y enfundado con su maillot y culotte de ciclista.<\/p>\n\n\n\n<figure class=\"wp-block-image size-large\"><img loading=\"lazy\" decoding=\"async\" width=\"1024\" height=\"674\" src=\"https:\/\/www.inverseteams.com\/wp-content\/uploads\/Blog_Pep_poblet_06-1024x674.jpg\" alt=\"\" class=\"wp-image-62091\" srcset=\"https:\/\/www.inverseteams.com\/wp-content\/uploads\/Blog_Pep_poblet_06-1024x674.jpg 1024w, https:\/\/www.inverseteams.com\/wp-content\/uploads\/Blog_Pep_poblet_06-300x198.jpg 300w, https:\/\/www.inverseteams.com\/wp-content\/uploads\/Blog_Pep_poblet_06-768x506.jpg 768w, https:\/\/www.inverseteams.com\/wp-content\/uploads\/Blog_Pep_poblet_06-1536x1011.jpg 1536w, https:\/\/www.inverseteams.com\/wp-content\/uploads\/Blog_Pep_poblet_06-420x277.jpg 420w, https:\/\/www.inverseteams.com\/wp-content\/uploads\/Blog_Pep_poblet_06.jpg 1920w\" sizes=\"auto, (max-width: 1024px) 100vw, 1024px\" \/><\/figure>\n\n\n\n<figure class=\"wp-block-image size-large\"><img loading=\"lazy\" decoding=\"async\" width=\"1024\" height=\"683\" src=\"https:\/\/www.inverseteams.com\/wp-content\/uploads\/Blog_Pep_Poblet_Miquel-1024x683.jpg\" alt=\"\" class=\"wp-image-62099\" srcset=\"https:\/\/www.inverseteams.com\/wp-content\/uploads\/Blog_Pep_Poblet_Miquel-1024x683.jpg 1024w, https:\/\/www.inverseteams.com\/wp-content\/uploads\/Blog_Pep_Poblet_Miquel-300x200.jpg 300w, https:\/\/www.inverseteams.com\/wp-content\/uploads\/Blog_Pep_Poblet_Miquel-768x512.jpg 768w, https:\/\/www.inverseteams.com\/wp-content\/uploads\/Blog_Pep_Poblet_Miquel-1536x1024.jpg 1536w, https:\/\/www.inverseteams.com\/wp-content\/uploads\/Blog_Pep_Poblet_Miquel-420x280.jpg 420w, https:\/\/www.inverseteams.com\/wp-content\/uploads\/Blog_Pep_Poblet_Miquel.jpg 1920w\" sizes=\"auto, (max-width: 1024px) 100vw, 1024px\" \/><\/figure>\n\n\n\n<p>La m\u00fasica y el ciclismo siempre ha sido tradici\u00f3n en su familia, su padre y su t\u00edo eran m\u00fasicos. Y el primo de su padre fue el legendario <strong><a href=\"https:\/\/ca.wikipedia.org\/wiki\/Miquel_Poblet_i_Orriols\">Miquel Poblet<\/a><\/strong>. Cuando Pep Poblet ha estado de gira por Italia, ha sido inevitable que le preguntaran si Miquel Poblet era de su familia, ya que el gran \u201cMiquelino\u201d est\u00e1 en la memoria de muchos italianos al ganar 23 etapas del Giro de Italia. Miquel Poblet tambi\u00e9n gan\u00f3 muchas m\u00edticas etapas de la Volta de Catalunya y del Tour de Francia.<\/p>\n\n\n\n<p>Sin duda alguna, sus or\u00edgenes le han marcado profundamente a Pep Poblet. Y la tradici\u00f3n continua con su hijo <strong>Albert Poblet<\/strong> que ha decido dedicarse m\u00e1s al ciclismo que a la m\u00fasica y que es el actual <strong>campe\u00f3n de ciclocross de Catalunya<\/strong>. Todo un orgullo para el nombre de Poblet.<\/p>\n\n\n\n<figure class=\"wp-block-image size-large\"><img loading=\"lazy\" decoding=\"async\" width=\"1024\" height=\"683\" src=\"https:\/\/www.inverseteams.com\/wp-content\/uploads\/Blog_Pep_poblet_10-1024x683.jpg\" alt=\"\" class=\"wp-image-62107\" srcset=\"https:\/\/www.inverseteams.com\/wp-content\/uploads\/Blog_Pep_poblet_10-1024x683.jpg 1024w, https:\/\/www.inverseteams.com\/wp-content\/uploads\/Blog_Pep_poblet_10-300x200.jpg 300w, https:\/\/www.inverseteams.com\/wp-content\/uploads\/Blog_Pep_poblet_10-768x512.jpg 768w, https:\/\/www.inverseteams.com\/wp-content\/uploads\/Blog_Pep_poblet_10-1536x1024.jpg 1536w, https:\/\/www.inverseteams.com\/wp-content\/uploads\/Blog_Pep_poblet_10-420x280.jpg 420w, https:\/\/www.inverseteams.com\/wp-content\/uploads\/Blog_Pep_poblet_10.jpg 1920w\" sizes=\"auto, (max-width: 1024px) 100vw, 1024px\" \/><\/figure>\n","protected":false},"excerpt":{"rendered":"<p>El apellido Poblet est\u00e1 ligado a la historia del ciclismo espa\u00f1ol y europeo. Pep Poblet, un saxofonista de renombre y amante del ciclismo. Su hijo Albert Poblet sigue con la estirpe ciclista y es el actual campe\u00f3n de Catalunya de Ciclocross. El saxo de Pep Poblet ha formado parte de las giras de grandes artistas [&hellip;]<\/p>\n","protected":false},"author":12,"featured_media":62111,"comment_status":"open","ping_status":"open","sticky":false,"template":"","format":"standard","meta":{"_acf_changed":false,"mc4wp_mailchimp_campaign":[],"footnotes":""},"categories":[7623],"tags":[7744,741,7745,745,7746,783,7747,1849,7748,7733,7749,7734,7750,7736,7735,7737,7738,7739,7740,7741,7742,7743],"class_list":["post-62078","post","type-post","status-publish","format-standard","has-post-thumbnail","hentry","category-true-stories","tag-ciclisme-osona","tag-ciclismo","tag-santuari-puig-agut","tag-maillot-personalizado","tag-inverse-ciclismo-2","tag-inverse","tag-true-stories","tag-ciclisme-4","tag-ropa-ciclismo-personalizada","tag-pep-poblet","tag-roba-ciclisme-personalitzada","tag-miquel-poblet","tag-cycling-music","tag-ciclisme-vic","tag-ciclismo-musica","tag-musica-saxo","tag-saxofonista","tag-sax-music","tag-saxo","tag-santuari-puig","tag-miguel-poblet","tag-albert-poblet"],"acf":[],"yoast_head":"<!-- This site is optimized with the Yoast SEO plugin v27.3 - https:\/\/yoast.com\/product\/yoast-seo-wordpress\/ -->\n<title>Pep Poblet, saxo y ciclismo | Inverseteams<\/title>\n<meta name=\"description\" content=\"Durante toda su vida ha compaginado su pasi\u00f3n por el ciclismo con su otra gran pasi\u00f3n que es la m\u00fasica de saxo. El primo de su padre fue el legendario Miquel Poblet.\" \/>\n<meta name=\"robots\" content=\"index, follow, max-snippet:-1, max-image-preview:large, max-video-preview:-1\" \/>\n<link rel=\"canonical\" href=\"https:\/\/www.inverseteams.com\/es\/blog\/pep-poblet-saxo-y-ciclismo\/\" \/>\n<meta property=\"og:locale\" content=\"es_ES\" \/>\n<meta property=\"og:type\" content=\"article\" \/>\n<meta property=\"og:title\" content=\"Pep Poblet, saxo y ciclismo | Inverseteams\" \/>\n<meta property=\"og:description\" content=\"Durante toda su vida ha compaginado su pasi\u00f3n por el ciclismo con su otra gran pasi\u00f3n que es la m\u00fasica de saxo. El primo de su padre fue el legendario Miquel Poblet.\" \/>\n<meta property=\"og:url\" content=\"https:\/\/www.inverseteams.com\/es\/blog\/pep-poblet-saxo-y-ciclismo\/\" \/>\n<meta property=\"og:site_name\" content=\"Inverseteams\" \/>\n<meta property=\"article:publisher\" content=\"https:\/\/www.facebook.com\/inverseteams\" \/>\n<meta property=\"article:published_time\" content=\"2022-03-07T11:34:49+00:00\" \/>\n<meta property=\"article:modified_time\" content=\"2022-03-07T11:47:15+00:00\" \/>\n<meta property=\"og:image\" content=\"https:\/\/www.inverseteams.com\/wp-content\/uploads\/Blog_Pep_Poblet_00.jpg\" \/>\n\t<meta property=\"og:image:width\" content=\"1920\" \/>\n\t<meta property=\"og:image:height\" content=\"1281\" \/>\n\t<meta property=\"og:image:type\" content=\"image\/jpeg\" \/>\n<meta name=\"author\" content=\"xavier\" \/>\n<meta name=\"twitter:card\" content=\"summary_large_image\" \/>\n<meta name=\"twitter:label1\" content=\"Escrito por\" \/>\n\t<meta name=\"twitter:data1\" content=\"xavier\" \/>\n\t<meta name=\"twitter:label2\" content=\"Tiempo de lectura\" \/>\n\t<meta name=\"twitter:data2\" content=\"4 minuto\" \/>\n<script type=\"application\/ld+json\" class=\"yoast-schema-graph\">{\"@context\":\"https:\\\/\\\/schema.org\",\"@graph\":[{\"@type\":\"Article\",\"@id\":\"https:\\\/\\\/www.inverseteams.com\\\/es\\\/blog\\\/pep-poblet-saxo-y-ciclismo\\\/#article\",\"isPartOf\":{\"@id\":\"https:\\\/\\\/www.inverseteams.com\\\/es\\\/blog\\\/pep-poblet-saxo-y-ciclismo\\\/\"},\"author\":{\"name\":\"xavier\",\"@id\":\"https:\\\/\\\/www.inverseteams.com\\\/es\\\/#\\\/schema\\\/person\\\/8e9cda76b6449aea55a18c6b0f3a15f1\"},\"headline\":\"Pep Poblet, saxo y ciclismo\",\"datePublished\":\"2022-03-07T11:34:49+00:00\",\"dateModified\":\"2022-03-07T11:47:15+00:00\",\"mainEntityOfPage\":{\"@id\":\"https:\\\/\\\/www.inverseteams.com\\\/es\\\/blog\\\/pep-poblet-saxo-y-ciclismo\\\/\"},\"wordCount\":433,\"commentCount\":0,\"publisher\":{\"@id\":\"https:\\\/\\\/www.inverseteams.com\\\/es\\\/#organization\"},\"image\":{\"@id\":\"https:\\\/\\\/www.inverseteams.com\\\/es\\\/blog\\\/pep-poblet-saxo-y-ciclismo\\\/#primaryimage\"},\"thumbnailUrl\":\"https:\\\/\\\/www.inverseteams.com\\\/wp-content\\\/uploads\\\/Blog_Pep_Poblet_00.jpg\",\"keywords\":[\"ciclisme osona\",\"ciclismo\",\"santuari puig agut\",\"maillot personalizado\",\"inverse ciclismo\",\"inverse\",\"true stories\",\"Ciclisme\",\"ropa ciclismo personalizada\",\"Pep Poblet\",\"roba ciclisme personalitzada\",\"Miquel Poblet\",\"cycling music\",\"ciclisme vic\",\"ciclismo m\u00fasica\",\"m\u00fasica saxo\",\"saxofonista\",\"sax music\",\"saxo\",\"santuari puig\",\"miguel poblet\",\"albert poblet\"],\"articleSection\":[\"True Stories\"],\"inLanguage\":\"es\",\"potentialAction\":[{\"@type\":\"CommentAction\",\"name\":\"Comment\",\"target\":[\"https:\\\/\\\/www.inverseteams.com\\\/es\\\/blog\\\/pep-poblet-saxo-y-ciclismo\\\/#respond\"]}]},{\"@type\":\"WebPage\",\"@id\":\"https:\\\/\\\/www.inverseteams.com\\\/es\\\/blog\\\/pep-poblet-saxo-y-ciclismo\\\/\",\"url\":\"https:\\\/\\\/www.inverseteams.com\\\/es\\\/blog\\\/pep-poblet-saxo-y-ciclismo\\\/\",\"name\":\"Pep Poblet, saxo y ciclismo | Inverseteams\",\"isPartOf\":{\"@id\":\"https:\\\/\\\/www.inverseteams.com\\\/es\\\/#website\"},\"primaryImageOfPage\":{\"@id\":\"https:\\\/\\\/www.inverseteams.com\\\/es\\\/blog\\\/pep-poblet-saxo-y-ciclismo\\\/#primaryimage\"},\"image\":{\"@id\":\"https:\\\/\\\/www.inverseteams.com\\\/es\\\/blog\\\/pep-poblet-saxo-y-ciclismo\\\/#primaryimage\"},\"thumbnailUrl\":\"https:\\\/\\\/www.inverseteams.com\\\/wp-content\\\/uploads\\\/Blog_Pep_Poblet_00.jpg\",\"datePublished\":\"2022-03-07T11:34:49+00:00\",\"dateModified\":\"2022-03-07T11:47:15+00:00\",\"description\":\"Durante toda su vida ha compaginado su pasi\u00f3n por el ciclismo con su otra gran pasi\u00f3n que es la m\u00fasica de saxo. El primo de su padre fue el legendario Miquel Poblet.\",\"breadcrumb\":{\"@id\":\"https:\\\/\\\/www.inverseteams.com\\\/es\\\/blog\\\/pep-poblet-saxo-y-ciclismo\\\/#breadcrumb\"},\"inLanguage\":\"es\",\"potentialAction\":[{\"@type\":\"ReadAction\",\"target\":[\"https:\\\/\\\/www.inverseteams.com\\\/es\\\/blog\\\/pep-poblet-saxo-y-ciclismo\\\/\"]}]},{\"@type\":\"ImageObject\",\"inLanguage\":\"es\",\"@id\":\"https:\\\/\\\/www.inverseteams.com\\\/es\\\/blog\\\/pep-poblet-saxo-y-ciclismo\\\/#primaryimage\",\"url\":\"https:\\\/\\\/www.inverseteams.com\\\/wp-content\\\/uploads\\\/Blog_Pep_Poblet_00.jpg\",\"contentUrl\":\"https:\\\/\\\/www.inverseteams.com\\\/wp-content\\\/uploads\\\/Blog_Pep_Poblet_00.jpg\",\"width\":1920,\"height\":1281},{\"@type\":\"BreadcrumbList\",\"@id\":\"https:\\\/\\\/www.inverseteams.com\\\/es\\\/blog\\\/pep-poblet-saxo-y-ciclismo\\\/#breadcrumb\",\"itemListElement\":[{\"@type\":\"ListItem\",\"position\":1,\"name\":\"Portada\",\"item\":\"https:\\\/\\\/www.inverseteams.com\\\/es\\\/\"},{\"@type\":\"ListItem\",\"position\":2,\"name\":\"Pep Poblet, saxo y ciclismo\"}]},{\"@type\":\"WebSite\",\"@id\":\"https:\\\/\\\/www.inverseteams.com\\\/es\\\/#website\",\"url\":\"https:\\\/\\\/www.inverseteams.com\\\/es\\\/\",\"name\":\"Inverseteams\",\"description\":\"Tu marca de ropa deportiva personalizada\",\"publisher\":{\"@id\":\"https:\\\/\\\/www.inverseteams.com\\\/es\\\/#organization\"},\"potentialAction\":[{\"@type\":\"SearchAction\",\"target\":{\"@type\":\"EntryPoint\",\"urlTemplate\":\"https:\\\/\\\/www.inverseteams.com\\\/es\\\/?s={search_term_string}\"},\"query-input\":{\"@type\":\"PropertyValueSpecification\",\"valueRequired\":true,\"valueName\":\"search_term_string\"}}],\"inLanguage\":\"es\"},{\"@type\":\"Organization\",\"@id\":\"https:\\\/\\\/www.inverseteams.com\\\/es\\\/#organization\",\"name\":\"Inverse Teams\",\"url\":\"https:\\\/\\\/www.inverseteams.com\\\/es\\\/\",\"logo\":{\"@type\":\"ImageObject\",\"inLanguage\":\"es\",\"@id\":\"https:\\\/\\\/www.inverseteams.com\\\/es\\\/#\\\/schema\\\/logo\\\/image\\\/\",\"url\":\"https:\\\/\\\/www.inverseteams.com\\\/wp-content\\\/uploads\\\/2021\\\/03\\\/logo-inverse-teams.png\",\"contentUrl\":\"https:\\\/\\\/www.inverseteams.com\\\/wp-content\\\/uploads\\\/2021\\\/03\\\/logo-inverse-teams.png\",\"width\":294,\"height\":99,\"caption\":\"Inverse Teams\"},\"image\":{\"@id\":\"https:\\\/\\\/www.inverseteams.com\\\/es\\\/#\\\/schema\\\/logo\\\/image\\\/\"},\"sameAs\":[\"https:\\\/\\\/www.facebook.com\\\/inverseteams\",\"http:\\\/\\\/instagram.com\\\/inverseteams\",\"https:\\\/\\\/www.linkedin.com\\\/company\\\/inverse-cirosport-s-l-?trk=job_view_topcard_company_name\",\"http:\\\/\\\/www.pinterest.com\\\/inverseteams\\\/\",\"http:\\\/\\\/www.youtube.com\\\/user\\\/inverseteams?feature=watch\"]},{\"@type\":\"Person\",\"@id\":\"https:\\\/\\\/www.inverseteams.com\\\/es\\\/#\\\/schema\\\/person\\\/8e9cda76b6449aea55a18c6b0f3a15f1\",\"name\":\"xavier\",\"image\":{\"@type\":\"ImageObject\",\"inLanguage\":\"es\",\"@id\":\"https:\\\/\\\/secure.gravatar.com\\\/avatar\\\/602b199a1f28e97d83ab3a8bcb642260f5afd77cb09704889d85ddd70643cddb?s=96&d=mm&r=g\",\"url\":\"https:\\\/\\\/secure.gravatar.com\\\/avatar\\\/602b199a1f28e97d83ab3a8bcb642260f5afd77cb09704889d85ddd70643cddb?s=96&d=mm&r=g\",\"contentUrl\":\"https:\\\/\\\/secure.gravatar.com\\\/avatar\\\/602b199a1f28e97d83ab3a8bcb642260f5afd77cb09704889d85ddd70643cddb?s=96&d=mm&r=g\",\"caption\":\"xavier\"}}]}<\/script>\n<!-- \/ Yoast SEO plugin. -->","yoast_head_json":{"title":"Pep Poblet, saxo y ciclismo | Inverseteams","description":"Durante toda su vida ha compaginado su pasi\u00f3n por el ciclismo con su otra gran pasi\u00f3n que es la m\u00fasica de saxo. El primo de su padre fue el legendario Miquel Poblet.","robots":{"index":"index","follow":"follow","max-snippet":"max-snippet:-1","max-image-preview":"max-image-preview:large","max-video-preview":"max-video-preview:-1"},"canonical":"https:\/\/www.inverseteams.com\/es\/blog\/pep-poblet-saxo-y-ciclismo\/","og_locale":"es_ES","og_type":"article","og_title":"Pep Poblet, saxo y ciclismo | Inverseteams","og_description":"Durante toda su vida ha compaginado su pasi\u00f3n por el ciclismo con su otra gran pasi\u00f3n que es la m\u00fasica de saxo. El primo de su padre fue el legendario Miquel Poblet.","og_url":"https:\/\/www.inverseteams.com\/es\/blog\/pep-poblet-saxo-y-ciclismo\/","og_site_name":"Inverseteams","article_publisher":"https:\/\/www.facebook.com\/inverseteams","article_published_time":"2022-03-07T11:34:49+00:00","article_modified_time":"2022-03-07T11:47:15+00:00","og_image":[{"width":1920,"height":1281,"url":"https:\/\/www.inverseteams.com\/wp-content\/uploads\/Blog_Pep_Poblet_00.jpg","type":"image\/jpeg"}],"author":"xavier","twitter_card":"summary_large_image","twitter_misc":{"Escrito por":"xavier","Tiempo de lectura":"4 minuto"},"schema":{"@context":"https:\/\/schema.org","@graph":[{"@type":"Article","@id":"https:\/\/www.inverseteams.com\/es\/blog\/pep-poblet-saxo-y-ciclismo\/#article","isPartOf":{"@id":"https:\/\/www.inverseteams.com\/es\/blog\/pep-poblet-saxo-y-ciclismo\/"},"author":{"name":"xavier","@id":"https:\/\/www.inverseteams.com\/es\/#\/schema\/person\/8e9cda76b6449aea55a18c6b0f3a15f1"},"headline":"Pep Poblet, saxo y ciclismo","datePublished":"2022-03-07T11:34:49+00:00","dateModified":"2022-03-07T11:47:15+00:00","mainEntityOfPage":{"@id":"https:\/\/www.inverseteams.com\/es\/blog\/pep-poblet-saxo-y-ciclismo\/"},"wordCount":433,"commentCount":0,"publisher":{"@id":"https:\/\/www.inverseteams.com\/es\/#organization"},"image":{"@id":"https:\/\/www.inverseteams.com\/es\/blog\/pep-poblet-saxo-y-ciclismo\/#primaryimage"},"thumbnailUrl":"https:\/\/www.inverseteams.com\/wp-content\/uploads\/Blog_Pep_Poblet_00.jpg","keywords":["ciclisme osona","ciclismo","santuari puig agut","maillot personalizado","inverse ciclismo","inverse","true stories","Ciclisme","ropa ciclismo personalizada","Pep Poblet","roba ciclisme personalitzada","Miquel Poblet","cycling music","ciclisme vic","ciclismo m\u00fasica","m\u00fasica saxo","saxofonista","sax music","saxo","santuari puig","miguel poblet","albert poblet"],"articleSection":["True Stories"],"inLanguage":"es","potentialAction":[{"@type":"CommentAction","name":"Comment","target":["https:\/\/www.inverseteams.com\/es\/blog\/pep-poblet-saxo-y-ciclismo\/#respond"]}]},{"@type":"WebPage","@id":"https:\/\/www.inverseteams.com\/es\/blog\/pep-poblet-saxo-y-ciclismo\/","url":"https:\/\/www.inverseteams.com\/es\/blog\/pep-poblet-saxo-y-ciclismo\/","name":"Pep Poblet, saxo y ciclismo | Inverseteams","isPartOf":{"@id":"https:\/\/www.inverseteams.com\/es\/#website"},"primaryImageOfPage":{"@id":"https:\/\/www.inverseteams.com\/es\/blog\/pep-poblet-saxo-y-ciclismo\/#primaryimage"},"image":{"@id":"https:\/\/www.inverseteams.com\/es\/blog\/pep-poblet-saxo-y-ciclismo\/#primaryimage"},"thumbnailUrl":"https:\/\/www.inverseteams.com\/wp-content\/uploads\/Blog_Pep_Poblet_00.jpg","datePublished":"2022-03-07T11:34:49+00:00","dateModified":"2022-03-07T11:47:15+00:00","description":"Durante toda su vida ha compaginado su pasi\u00f3n por el ciclismo con su otra gran pasi\u00f3n que es la m\u00fasica de saxo. El primo de su padre fue el legendario Miquel Poblet.","breadcrumb":{"@id":"https:\/\/www.inverseteams.com\/es\/blog\/pep-poblet-saxo-y-ciclismo\/#breadcrumb"},"inLanguage":"es","potentialAction":[{"@type":"ReadAction","target":["https:\/\/www.inverseteams.com\/es\/blog\/pep-poblet-saxo-y-ciclismo\/"]}]},{"@type":"ImageObject","inLanguage":"es","@id":"https:\/\/www.inverseteams.com\/es\/blog\/pep-poblet-saxo-y-ciclismo\/#primaryimage","url":"https:\/\/www.inverseteams.com\/wp-content\/uploads\/Blog_Pep_Poblet_00.jpg","contentUrl":"https:\/\/www.inverseteams.com\/wp-content\/uploads\/Blog_Pep_Poblet_00.jpg","width":1920,"height":1281},{"@type":"BreadcrumbList","@id":"https:\/\/www.inverseteams.com\/es\/blog\/pep-poblet-saxo-y-ciclismo\/#breadcrumb","itemListElement":[{"@type":"ListItem","position":1,"name":"Portada","item":"https:\/\/www.inverseteams.com\/es\/"},{"@type":"ListItem","position":2,"name":"Pep Poblet, saxo y ciclismo"}]},{"@type":"WebSite","@id":"https:\/\/www.inverseteams.com\/es\/#website","url":"https:\/\/www.inverseteams.com\/es\/","name":"Inverseteams","description":"Tu marca de ropa deportiva personalizada","publisher":{"@id":"https:\/\/www.inverseteams.com\/es\/#organization"},"potentialAction":[{"@type":"SearchAction","target":{"@type":"EntryPoint","urlTemplate":"https:\/\/www.inverseteams.com\/es\/?s={search_term_string}"},"query-input":{"@type":"PropertyValueSpecification","valueRequired":true,"valueName":"search_term_string"}}],"inLanguage":"es"},{"@type":"Organization","@id":"https:\/\/www.inverseteams.com\/es\/#organization","name":"Inverse Teams","url":"https:\/\/www.inverseteams.com\/es\/","logo":{"@type":"ImageObject","inLanguage":"es","@id":"https:\/\/www.inverseteams.com\/es\/#\/schema\/logo\/image\/","url":"https:\/\/www.inverseteams.com\/wp-content\/uploads\/2021\/03\/logo-inverse-teams.png","contentUrl":"https:\/\/www.inverseteams.com\/wp-content\/uploads\/2021\/03\/logo-inverse-teams.png","width":294,"height":99,"caption":"Inverse Teams"},"image":{"@id":"https:\/\/www.inverseteams.com\/es\/#\/schema\/logo\/image\/"},"sameAs":["https:\/\/www.facebook.com\/inverseteams","http:\/\/instagram.com\/inverseteams","https:\/\/www.linkedin.com\/company\/inverse-cirosport-s-l-?trk=job_view_topcard_company_name","http:\/\/www.pinterest.com\/inverseteams\/","http:\/\/www.youtube.com\/user\/inverseteams?feature=watch"]},{"@type":"Person","@id":"https:\/\/www.inverseteams.com\/es\/#\/schema\/person\/8e9cda76b6449aea55a18c6b0f3a15f1","name":"xavier","image":{"@type":"ImageObject","inLanguage":"es","@id":"https:\/\/secure.gravatar.com\/avatar\/602b199a1f28e97d83ab3a8bcb642260f5afd77cb09704889d85ddd70643cddb?s=96&d=mm&r=g","url":"https:\/\/secure.gravatar.com\/avatar\/602b199a1f28e97d83ab3a8bcb642260f5afd77cb09704889d85ddd70643cddb?s=96&d=mm&r=g","contentUrl":"https:\/\/secure.gravatar.com\/avatar\/602b199a1f28e97d83ab3a8bcb642260f5afd77cb09704889d85ddd70643cddb?s=96&d=mm&r=g","caption":"xavier"}}]}},"_links":{"self":[{"href":"https:\/\/www.inverseteams.com\/es\/wp-json\/wp\/v2\/posts\/62078","targetHints":{"allow":["GET"]}}],"collection":[{"href":"https:\/\/www.inverseteams.com\/es\/wp-json\/wp\/v2\/posts"}],"about":[{"href":"https:\/\/www.inverseteams.com\/es\/wp-json\/wp\/v2\/types\/post"}],"author":[{"embeddable":true,"href":"https:\/\/www.inverseteams.com\/es\/wp-json\/wp\/v2\/users\/12"}],"replies":[{"embeddable":true,"href":"https:\/\/www.inverseteams.com\/es\/wp-json\/wp\/v2\/comments?post=62078"}],"version-history":[{"count":0,"href":"https:\/\/www.inverseteams.com\/es\/wp-json\/wp\/v2\/posts\/62078\/revisions"}],"wp:featuredmedia":[{"embeddable":true,"href":"https:\/\/www.inverseteams.com\/es\/wp-json\/wp\/v2\/media\/62111"}],"wp:attachment":[{"href":"https:\/\/www.inverseteams.com\/es\/wp-json\/wp\/v2\/media?parent=62078"}],"wp:term":[{"taxonomy":"category","embeddable":true,"href":"https:\/\/www.inverseteams.com\/es\/wp-json\/wp\/v2\/categories?post=62078"},{"taxonomy":"post_tag","embeddable":true,"href":"https:\/\/www.inverseteams.com\/es\/wp-json\/wp\/v2\/tags?post=62078"}],"curies":[{"name":"wp","href":"https:\/\/api.w.org\/{rel}","templated":true}]}}