{"id":3500,"date":"2021-02-08T11:12:00","date_gmt":"2021-02-08T11:12:00","guid":{"rendered":"https:\/\/new.inverseteams.ddev.site\/?p=3500"},"modified":"2021-03-23T07:43:10","modified_gmt":"2021-03-23T07:43:10","slug":"inverse-viste-los-equipos-de-valverde-team-terra-fecundis","status":"publish","type":"post","link":"https:\/\/www.inverseteams.com\/es\/blog\/inverse-viste-los-equipos-de-valverde-team-terra-fecundis\/","title":{"rendered":"INVERSE VISTE A LOS EQUIPOS DE VALVERDE TEAM-TERRA FECUNDIS."},"content":{"rendered":"\n<figure class=\"wp-block-image size-large\"><a href=\"https:\/\/www.inverseteams.com\/es\/ropa-de-ciclismo-personalizada\"><img loading=\"lazy\" decoding=\"async\" width=\"1024\" height=\"683\" src=\"https:\/\/new.inverseteams.ddev.site\/wp-content\/uploads\/2021\/03\/blog_alejandro_valverde_04-1024x683.jpg\" alt=\"\" class=\"wp-image-3418\" srcset=\"https:\/\/www.inverseteams.com\/wp-content\/uploads\/2021\/03\/blog_alejandro_valverde_04-1024x683.jpg 1024w, https:\/\/www.inverseteams.com\/wp-content\/uploads\/2021\/03\/blog_alejandro_valverde_04-300x200.jpg 300w, https:\/\/www.inverseteams.com\/wp-content\/uploads\/2021\/03\/blog_alejandro_valverde_04-768x512.jpg 768w, https:\/\/www.inverseteams.com\/wp-content\/uploads\/2021\/03\/blog_alejandro_valverde_04-1536x1024.jpg 1536w, https:\/\/www.inverseteams.com\/wp-content\/uploads\/2021\/03\/blog_alejandro_valverde_04-420x280.jpg 420w, https:\/\/www.inverseteams.com\/wp-content\/uploads\/2021\/03\/blog_alejandro_valverde_04.jpg 1920w\" sizes=\"auto, (max-width: 1024px) 100vw, 1024px\" \/><\/a><\/figure>\n\n\n<div class=\"wrapper-heading\">\n<h4 class=\"wp-block-heading\">Las plantillas de Valverde Team-Terra Fecundis contar\u00e1n con la garant\u00eda y la calidad de Inverse en todas sus prendas de competici\u00f3n este 2021. Una firma que ya visti\u00f3 al proyecto murciano en sus primeros a\u00f1os y que tambi\u00e9n acompa\u00f1a a la Real Federaci\u00f3n Espa\u00f1ola de Ciclismo en sus diferentes disciplinas. De hecho, Alejandro Valverde se proclam\u00f3 campe\u00f3n del mundo en Innsbruck con Inverse.<\/h4>\n<\/div>\n\n<div class=\"wrapper-heading\">\n<h4 class=\"wp-block-heading\">Los m\u00e1s de noventa ciclistas de Valverde Team-Terra Fecundis vestir\u00e1n un modelo en el que se han intercambiado los tonos azules en pecho y mangas, llevando el m\u00e1s oscuro hasta los extremos y brindando un mayor protagonismo al celeste para facilitar la identificaci\u00f3n de los corredores en competici\u00f3n.&nbsp;<\/h4>\n<\/div>\n\n<div class=\"wrapper-heading\">\n<h4 class=\"wp-block-heading\">Inverse ya apost\u00f3 por este proyecto en 2015, cuando s\u00f3lo contaba con equipos j\u00fanior y cadete y una escuela ciclista. Seis a\u00f1os despu\u00e9s, regresa a una estructura que ha crecido con el paso del tiempo dando cabida adem\u00e1s a una formaci\u00f3n de f\u00e9minas y a un bloque \u00e9lite y sub 23 con presencia en las principales competiciones del pa\u00eds.<\/h4>\n<\/div>\n\n\n<figure class=\"wp-block-embed is-type-video is-provider-youtube wp-block-embed-youtube wp-embed-aspect-16-9 wp-has-aspect-ratio\"><div class=\"wp-block-embed__wrapper\">\n<iframe loading=\"lazy\" title=\"Inverse viste a los equipos de Valverde Team-Terra Fecundis\" width=\"640\" height=\"360\" src=\"https:\/\/www.youtube.com\/embed\/ohOLvOUuYHE?start=2&#038;feature=oembed\" frameborder=\"0\" allow=\"accelerometer; autoplay; clipboard-write; encrypted-media; gyroscope; picture-in-picture; web-share\" referrerpolicy=\"strict-origin-when-cross-origin\" allowfullscreen><\/iframe>\n<\/div><\/figure>\n\n\n\n<figure class=\"wp-block-image size-large\"><a href=\"https:\/\/www.inverseteams.com\/es\/ropa-de-ciclismo-personalizada\"><img loading=\"lazy\" decoding=\"async\" width=\"1024\" height=\"683\" src=\"https:\/\/new.inverseteams.ddev.site\/wp-content\/uploads\/2021\/03\/blog_alejandro_valverde_07-1024x683.jpg\" alt=\"\" class=\"wp-image-3424\" srcset=\"https:\/\/www.inverseteams.com\/wp-content\/uploads\/2021\/03\/blog_alejandro_valverde_07-1024x683.jpg 1024w, https:\/\/www.inverseteams.com\/wp-content\/uploads\/2021\/03\/blog_alejandro_valverde_07-300x200.jpg 300w, https:\/\/www.inverseteams.com\/wp-content\/uploads\/2021\/03\/blog_alejandro_valverde_07-768x512.jpg 768w, https:\/\/www.inverseteams.com\/wp-content\/uploads\/2021\/03\/blog_alejandro_valverde_07-1536x1025.jpg 1536w, https:\/\/www.inverseteams.com\/wp-content\/uploads\/2021\/03\/blog_alejandro_valverde_07-420x280.jpg 420w, https:\/\/www.inverseteams.com\/wp-content\/uploads\/2021\/03\/blog_alejandro_valverde_07.jpg 1920w\" sizes=\"auto, (max-width: 1024px) 100vw, 1024px\" \/><\/a><\/figure>\n\n\n\n<figure class=\"wp-block-image size-large\"><a href=\"https:\/\/www.inverseteams.com\/es\/ropa-de-ciclismo-personalizada\"><img loading=\"lazy\" decoding=\"async\" width=\"1024\" height=\"683\" src=\"https:\/\/new.inverseteams.ddev.site\/wp-content\/uploads\/2021\/03\/blog_alejandro_valverde_08-1024x683.jpg\" alt=\"\" class=\"wp-image-3428\" srcset=\"https:\/\/www.inverseteams.com\/wp-content\/uploads\/2021\/03\/blog_alejandro_valverde_08-1024x683.jpg 1024w, https:\/\/www.inverseteams.com\/wp-content\/uploads\/2021\/03\/blog_alejandro_valverde_08-300x200.jpg 300w, https:\/\/www.inverseteams.com\/wp-content\/uploads\/2021\/03\/blog_alejandro_valverde_08-768x512.jpg 768w, https:\/\/www.inverseteams.com\/wp-content\/uploads\/2021\/03\/blog_alejandro_valverde_08-1536x1025.jpg 1536w, https:\/\/www.inverseteams.com\/wp-content\/uploads\/2021\/03\/blog_alejandro_valverde_08-420x280.jpg 420w, https:\/\/www.inverseteams.com\/wp-content\/uploads\/2021\/03\/blog_alejandro_valverde_08.jpg 1920w\" sizes=\"auto, (max-width: 1024px) 100vw, 1024px\" \/><\/a><\/figure>\n\n\n\n<p>EL VALVERDE TEAM VESTIR\u00c1 LA NUEVA ALTA GAMA \u00abAIR\u00bb.<\/p>\n\n\n\n<p>El bloque \u00e9lite y sub 23 del Valverde Team-Terra Fecundis estrena&nbsp;<a href=\"https:\/\/www.inverseteams.com\/es\/ropa-de-ciclismo-personalizada\"><strong>la nueva gama de alta competici\u00f3n AIR de ropa personalizada de ciclismo de Inverse. Una gama PRO con un patronaje FIT&nbsp;<\/strong><\/a>que se caracteriza por disponer de un maillot ultraligero con un un patr\u00f3n anat\u00f3mico muy ajustado. El culotte AIR est\u00e1 considerado como uno de los mejores del mercado por su confort y rendimiento.<\/p>\n\n\n\n<figure class=\"wp-block-image size-large\"><a href=\"https:\/\/www.inverseteams.com\/es\/ropa-de-ciclismo-personalizada\"><img loading=\"lazy\" decoding=\"async\" width=\"1024\" height=\"683\" src=\"https:\/\/new.inverseteams.ddev.site\/wp-content\/uploads\/2021\/03\/blog_alejandro_valverde_12-1024x683.jpg\" alt=\"\" class=\"wp-image-3433\" srcset=\"https:\/\/www.inverseteams.com\/wp-content\/uploads\/2021\/03\/blog_alejandro_valverde_12-1024x683.jpg 1024w, https:\/\/www.inverseteams.com\/wp-content\/uploads\/2021\/03\/blog_alejandro_valverde_12-300x200.jpg 300w, https:\/\/www.inverseteams.com\/wp-content\/uploads\/2021\/03\/blog_alejandro_valverde_12-768x512.jpg 768w, https:\/\/www.inverseteams.com\/wp-content\/uploads\/2021\/03\/blog_alejandro_valverde_12-1536x1025.jpg 1536w, https:\/\/www.inverseteams.com\/wp-content\/uploads\/2021\/03\/blog_alejandro_valverde_12-420x280.jpg 420w, https:\/\/www.inverseteams.com\/wp-content\/uploads\/2021\/03\/blog_alejandro_valverde_12.jpg 1920w\" sizes=\"auto, (max-width: 1024px) 100vw, 1024px\" \/><\/a><\/figure>\n\n\n\n<figure class=\"wp-block-image size-large\"><a href=\"https:\/\/www.inverseteams.com\/es\/ropa-de-ciclismo-personalizada\"><img loading=\"lazy\" decoding=\"async\" width=\"1024\" height=\"683\" src=\"https:\/\/new.inverseteams.ddev.site\/wp-content\/uploads\/2021\/03\/blog_alejandro_valverde_01-1024x683.jpg\" alt=\"\" class=\"wp-image-3437\" srcset=\"https:\/\/www.inverseteams.com\/wp-content\/uploads\/2021\/03\/blog_alejandro_valverde_01-1024x683.jpg 1024w, https:\/\/www.inverseteams.com\/wp-content\/uploads\/2021\/03\/blog_alejandro_valverde_01-300x200.jpg 300w, https:\/\/www.inverseteams.com\/wp-content\/uploads\/2021\/03\/blog_alejandro_valverde_01-768x512.jpg 768w, https:\/\/www.inverseteams.com\/wp-content\/uploads\/2021\/03\/blog_alejandro_valverde_01-1536x1024.jpg 1536w, https:\/\/www.inverseteams.com\/wp-content\/uploads\/2021\/03\/blog_alejandro_valverde_01-420x280.jpg 420w, https:\/\/www.inverseteams.com\/wp-content\/uploads\/2021\/03\/blog_alejandro_valverde_01.jpg 1920w\" sizes=\"auto, (max-width: 1024px) 100vw, 1024px\" \/><\/a><\/figure>\n\n\n\n<figure class=\"wp-block-image size-large\"><a href=\"https:\/\/www.inverseteams.com\/es\/ropa-de-ciclismo-personalizada\"><img loading=\"lazy\" decoding=\"async\" width=\"1024\" height=\"683\" src=\"https:\/\/new.inverseteams.ddev.site\/wp-content\/uploads\/2021\/03\/blog_alejandro_valverde_03-1024x683.jpg\" alt=\"\" class=\"wp-image-3445\" srcset=\"https:\/\/www.inverseteams.com\/wp-content\/uploads\/2021\/03\/blog_alejandro_valverde_03-1024x683.jpg 1024w, https:\/\/www.inverseteams.com\/wp-content\/uploads\/2021\/03\/blog_alejandro_valverde_03-300x200.jpg 300w, https:\/\/www.inverseteams.com\/wp-content\/uploads\/2021\/03\/blog_alejandro_valverde_03-768x512.jpg 768w, https:\/\/www.inverseteams.com\/wp-content\/uploads\/2021\/03\/blog_alejandro_valverde_03-1536x1024.jpg 1536w, https:\/\/www.inverseteams.com\/wp-content\/uploads\/2021\/03\/blog_alejandro_valverde_03-420x280.jpg 420w, https:\/\/www.inverseteams.com\/wp-content\/uploads\/2021\/03\/blog_alejandro_valverde_03.jpg 1920w\" sizes=\"auto, (max-width: 1024px) 100vw, 1024px\" \/><\/a><\/figure>\n\n\n\n<p>EL PROYECTO DE ALEJANDRO VALVERDE<\/p>\n\n\n\n<p><strong>Juan Francisco Valverde<\/strong>, manager del Valverde Team-Terra Fecundis: \u201cAlejadro quer\u00eda devolver al ciclismo todo lo que ha dado, d\u00e1ndole a las nuevas generaciones la oportunidad de inciarse en el ciclismo y hacer lo que m\u00e1s les gusta\u201d<\/p>\n\n\n\n<p><strong>Alejandro Valverde<\/strong>: \u201cEs muy importante aprender los valores del sacrificio\u201d. \u201cEl patrocinio de Inverse aporta much\u00edsimo. Hace muchos a\u00f1os que nos conocemos, fu\u00ed campe\u00f3n del mundo con ropa de ellos, y la verdad que encantad\u00edsimo.\u201d \u201cEl hecho de que esten ah\u00ed d\u00e1ndolo todo al cien por cien todos los dem\u00e1s patrocinadoreses importante para seguir creciendo y seguir ayudando a todos los chicos\u201d. \u201cSi uno sue\u00f1a en llegar alto pues es dif\u00edcil pero se puede llegar. Que est\u00e9n animado, aunque es una \u00e9poca dif\u00edcil para animarse pero que sigan luchando porque se puede llegar\u201d.<\/p>\n\n\n\n<p><strong>Joan Sabat\u00e9<\/strong>, gerente de Inverse: \u201cSomos una empresa dedicada al ciclismo con 50 a\u00f1os de experiencia. Hemos apostado por el equipo Valverde Team-Terra Fecundis porque creemos en el potencial de sus equipos de \u00e9lite, sub 23, f\u00e9mina, cadetes, junior y, sobretodo, en su escuela de ciclismo, porque es un proyecto muy importante para que este deporte siga manteni\u00e9ndose en la \u00e9lite.\u201d<\/p>\n\n\n\n<figure class=\"wp-block-image size-large\"><a href=\"https:\/\/www.inverseteams.com\/es\/ropa-de-ciclismo-personalizada\"><img loading=\"lazy\" decoding=\"async\" width=\"1024\" height=\"683\" src=\"https:\/\/new.inverseteams.ddev.site\/wp-content\/uploads\/2021\/03\/blog_alejandro_valverde_09-1024x683.jpg\" alt=\"\" class=\"wp-image-3449\" srcset=\"https:\/\/www.inverseteams.com\/wp-content\/uploads\/2021\/03\/blog_alejandro_valverde_09-1024x683.jpg 1024w, https:\/\/www.inverseteams.com\/wp-content\/uploads\/2021\/03\/blog_alejandro_valverde_09-300x200.jpg 300w, https:\/\/www.inverseteams.com\/wp-content\/uploads\/2021\/03\/blog_alejandro_valverde_09-768x512.jpg 768w, https:\/\/www.inverseteams.com\/wp-content\/uploads\/2021\/03\/blog_alejandro_valverde_09-1536x1025.jpg 1536w, https:\/\/www.inverseteams.com\/wp-content\/uploads\/2021\/03\/blog_alejandro_valverde_09-420x280.jpg 420w, https:\/\/www.inverseteams.com\/wp-content\/uploads\/2021\/03\/blog_alejandro_valverde_09.jpg 1920w\" sizes=\"auto, (max-width: 1024px) 100vw, 1024px\" \/><\/a><\/figure>\n","protected":false},"excerpt":{"rendered":"<p>Las plantillas de Valverde Team-Terra Fecundis contar\u00e1n con la garant\u00eda y la calidad de Inverse en todas sus prendas de competici\u00f3n este 2021. Una firma que ya visti\u00f3 al proyecto murciano en sus primeros a\u00f1os y que tambi\u00e9n acompa\u00f1a a la Real Federaci\u00f3n Espa\u00f1ola de Ciclismo en sus diferentes disciplinas. De hecho, Alejandro Valverde se [&hellip;]<\/p>\n","protected":false},"author":1,"featured_media":3417,"comment_status":"open","ping_status":"open","sticky":false,"template":"","format":"standard","meta":{"_acf_changed":false,"mc4wp_mailchimp_campaign":[],"footnotes":""},"categories":[85],"tags":[1788,1789,742,1604,1727,1739,1781,1782,1783,1784,1785,1786,1787],"class_list":["post-3500","post","type-post","status-publish","format-standard","has-post-thumbnail","hentry","category-ciclismo","tag-gama-air-ropa-personalizada-ciclismo-4","tag-cycling-custom-sportswear-4","tag-ropa-personalizada-ciclismo","tag-vetements-personnalises-cyclisme","tag-ropa-inverse-alejandro-valverde","tag-alejandro-valverde-2","tag-ropa-alejandro-valverde-4","tag-valverde-team-4","tag-ropa-personalizada-ciclismo-alejandro-valverde-4","tag-maillot-alejandro-valverde-4","tag-vetements-tenues-alejandro-valverde-4","tag-alejandro-valverde-custom-sportswear-4","tag-tenues-cyclistes-4"],"acf":[],"yoast_head":"<!-- This site is optimized with the Yoast SEO plugin v27.3 - https:\/\/yoast.com\/product\/yoast-seo-wordpress\/ -->\n<title>INVERSE VISTE A LOS EQUIPOS DE VALVERDE TEAM-TERRA FECUNDIS. | Inverseteams<\/title>\n<meta name=\"robots\" content=\"index, follow, max-snippet:-1, max-image-preview:large, max-video-preview:-1\" \/>\n<link rel=\"canonical\" href=\"https:\/\/www.inverseteams.com\/es\/blog\/inverse-viste-los-equipos-de-valverde-team-terra-fecundis\/\" \/>\n<meta property=\"og:locale\" content=\"es_ES\" \/>\n<meta property=\"og:type\" content=\"article\" \/>\n<meta property=\"og:title\" content=\"INVERSE VISTE A LOS EQUIPOS DE VALVERDE TEAM-TERRA FECUNDIS. | Inverseteams\" \/>\n<meta property=\"og:description\" content=\"Las plantillas de Valverde Team-Terra Fecundis contar\u00e1n con la garant\u00eda y la calidad de Inverse en todas sus prendas de competici\u00f3n este 2021. Una firma que ya visti\u00f3 al proyecto murciano en sus primeros a\u00f1os y que tambi\u00e9n acompa\u00f1a a la Real Federaci\u00f3n Espa\u00f1ola de Ciclismo en sus diferentes disciplinas. De hecho, Alejandro Valverde se [&hellip;]\" \/>\n<meta property=\"og:url\" content=\"https:\/\/www.inverseteams.com\/es\/blog\/inverse-viste-los-equipos-de-valverde-team-terra-fecundis\/\" \/>\n<meta property=\"og:site_name\" content=\"Inverseteams\" \/>\n<meta property=\"article:publisher\" content=\"https:\/\/www.facebook.com\/inverseteams\" \/>\n<meta property=\"article:published_time\" content=\"2021-02-08T11:12:00+00:00\" \/>\n<meta property=\"article:modified_time\" content=\"2021-03-23T07:43:10+00:00\" \/>\n<meta property=\"og:image\" content=\"https:\/\/www.inverseteams.com\/wp-content\/uploads\/2021\/03\/blog_alejandro_valverde_1x1.jpg\" \/>\n\t<meta property=\"og:image:width\" content=\"1194\" \/>\n\t<meta property=\"og:image:height\" content=\"1194\" \/>\n\t<meta property=\"og:image:type\" content=\"image\/jpeg\" \/>\n<meta name=\"author\" content=\"emfasi\" \/>\n<meta name=\"twitter:card\" content=\"summary_large_image\" \/>\n<meta name=\"twitter:label1\" content=\"Escrito por\" \/>\n\t<meta name=\"twitter:data1\" content=\"emfasi\" \/>\n\t<meta name=\"twitter:label2\" content=\"Tiempo de lectura\" \/>\n\t<meta name=\"twitter:data2\" content=\"4 minuto\" \/>\n<script type=\"application\/ld+json\" class=\"yoast-schema-graph\">{\"@context\":\"https:\\\/\\\/schema.org\",\"@graph\":[{\"@type\":\"Article\",\"@id\":\"https:\\\/\\\/www.inverseteams.com\\\/es\\\/blog\\\/inverse-viste-los-equipos-de-valverde-team-terra-fecundis\\\/#article\",\"isPartOf\":{\"@id\":\"https:\\\/\\\/www.inverseteams.com\\\/es\\\/blog\\\/inverse-viste-los-equipos-de-valverde-team-terra-fecundis\\\/\"},\"author\":{\"name\":\"emfasi\",\"@id\":\"https:\\\/\\\/www.inverseteams.com\\\/es\\\/#\\\/schema\\\/person\\\/f3968bb08942bfab07f4b6a598c69c9b\"},\"headline\":\"INVERSE VISTE A LOS EQUIPOS DE VALVERDE TEAM-TERRA FECUNDIS.\",\"datePublished\":\"2021-02-08T11:12:00+00:00\",\"dateModified\":\"2021-03-23T07:43:10+00:00\",\"mainEntityOfPage\":{\"@id\":\"https:\\\/\\\/www.inverseteams.com\\\/es\\\/blog\\\/inverse-viste-los-equipos-de-valverde-team-terra-fecundis\\\/\"},\"wordCount\":497,\"commentCount\":0,\"publisher\":{\"@id\":\"https:\\\/\\\/www.inverseteams.com\\\/es\\\/#organization\"},\"image\":{\"@id\":\"https:\\\/\\\/www.inverseteams.com\\\/es\\\/blog\\\/inverse-viste-los-equipos-de-valverde-team-terra-fecundis\\\/#primaryimage\"},\"thumbnailUrl\":\"https:\\\/\\\/www.inverseteams.com\\\/wp-content\\\/uploads\\\/2021\\\/03\\\/blog_alejandro_valverde_1x1.jpg\",\"keywords\":[\"gama AIR ropa personalizada ciclismo\",\"cycling custom sportswear\",\"ropa personalizada ciclismo\",\"v\u00eatements personnalises cyclisme\",\"ropa Inverse Alejandro Valverde\",\"Alejandro Valverde\",\"ropa Alejandro Valverde\",\"Valverde Team\",\"ropa personalizada ciclismo Alejandro Valverde\",\"maillot Alejandro valverde\",\"v\u00eatements tenues Alejandro Valverde\",\"Alejandro Valverde custom sportswear\",\"tenues cyclistes\"],\"articleSection\":[\"Ciclismo\"],\"inLanguage\":\"es\",\"potentialAction\":[{\"@type\":\"CommentAction\",\"name\":\"Comment\",\"target\":[\"https:\\\/\\\/www.inverseteams.com\\\/es\\\/blog\\\/inverse-viste-los-equipos-de-valverde-team-terra-fecundis\\\/#respond\"]}]},{\"@type\":\"WebPage\",\"@id\":\"https:\\\/\\\/www.inverseteams.com\\\/es\\\/blog\\\/inverse-viste-los-equipos-de-valverde-team-terra-fecundis\\\/\",\"url\":\"https:\\\/\\\/www.inverseteams.com\\\/es\\\/blog\\\/inverse-viste-los-equipos-de-valverde-team-terra-fecundis\\\/\",\"name\":\"INVERSE VISTE A LOS EQUIPOS DE VALVERDE TEAM-TERRA FECUNDIS. | Inverseteams\",\"isPartOf\":{\"@id\":\"https:\\\/\\\/www.inverseteams.com\\\/es\\\/#website\"},\"primaryImageOfPage\":{\"@id\":\"https:\\\/\\\/www.inverseteams.com\\\/es\\\/blog\\\/inverse-viste-los-equipos-de-valverde-team-terra-fecundis\\\/#primaryimage\"},\"image\":{\"@id\":\"https:\\\/\\\/www.inverseteams.com\\\/es\\\/blog\\\/inverse-viste-los-equipos-de-valverde-team-terra-fecundis\\\/#primaryimage\"},\"thumbnailUrl\":\"https:\\\/\\\/www.inverseteams.com\\\/wp-content\\\/uploads\\\/2021\\\/03\\\/blog_alejandro_valverde_1x1.jpg\",\"datePublished\":\"2021-02-08T11:12:00+00:00\",\"dateModified\":\"2021-03-23T07:43:10+00:00\",\"breadcrumb\":{\"@id\":\"https:\\\/\\\/www.inverseteams.com\\\/es\\\/blog\\\/inverse-viste-los-equipos-de-valverde-team-terra-fecundis\\\/#breadcrumb\"},\"inLanguage\":\"es\",\"potentialAction\":[{\"@type\":\"ReadAction\",\"target\":[\"https:\\\/\\\/www.inverseteams.com\\\/es\\\/blog\\\/inverse-viste-los-equipos-de-valverde-team-terra-fecundis\\\/\"]}]},{\"@type\":\"ImageObject\",\"inLanguage\":\"es\",\"@id\":\"https:\\\/\\\/www.inverseteams.com\\\/es\\\/blog\\\/inverse-viste-los-equipos-de-valverde-team-terra-fecundis\\\/#primaryimage\",\"url\":\"https:\\\/\\\/www.inverseteams.com\\\/wp-content\\\/uploads\\\/2021\\\/03\\\/blog_alejandro_valverde_1x1.jpg\",\"contentUrl\":\"https:\\\/\\\/www.inverseteams.com\\\/wp-content\\\/uploads\\\/2021\\\/03\\\/blog_alejandro_valverde_1x1.jpg\",\"width\":1194,\"height\":1194},{\"@type\":\"BreadcrumbList\",\"@id\":\"https:\\\/\\\/www.inverseteams.com\\\/es\\\/blog\\\/inverse-viste-los-equipos-de-valverde-team-terra-fecundis\\\/#breadcrumb\",\"itemListElement\":[{\"@type\":\"ListItem\",\"position\":1,\"name\":\"Portada\",\"item\":\"https:\\\/\\\/www.inverseteams.com\\\/es\\\/\"},{\"@type\":\"ListItem\",\"position\":2,\"name\":\"INVERSE VISTE A LOS EQUIPOS DE VALVERDE TEAM-TERRA FECUNDIS.\"}]},{\"@type\":\"WebSite\",\"@id\":\"https:\\\/\\\/www.inverseteams.com\\\/es\\\/#website\",\"url\":\"https:\\\/\\\/www.inverseteams.com\\\/es\\\/\",\"name\":\"Inverseteams\",\"description\":\"Tu marca de ropa deportiva personalizada\",\"publisher\":{\"@id\":\"https:\\\/\\\/www.inverseteams.com\\\/es\\\/#organization\"},\"potentialAction\":[{\"@type\":\"SearchAction\",\"target\":{\"@type\":\"EntryPoint\",\"urlTemplate\":\"https:\\\/\\\/www.inverseteams.com\\\/es\\\/?s={search_term_string}\"},\"query-input\":{\"@type\":\"PropertyValueSpecification\",\"valueRequired\":true,\"valueName\":\"search_term_string\"}}],\"inLanguage\":\"es\"},{\"@type\":\"Organization\",\"@id\":\"https:\\\/\\\/www.inverseteams.com\\\/es\\\/#organization\",\"name\":\"Inverse Teams\",\"url\":\"https:\\\/\\\/www.inverseteams.com\\\/es\\\/\",\"logo\":{\"@type\":\"ImageObject\",\"inLanguage\":\"es\",\"@id\":\"https:\\\/\\\/www.inverseteams.com\\\/es\\\/#\\\/schema\\\/logo\\\/image\\\/\",\"url\":\"https:\\\/\\\/www.inverseteams.com\\\/wp-content\\\/uploads\\\/2021\\\/03\\\/logo-inverse-teams.png\",\"contentUrl\":\"https:\\\/\\\/www.inverseteams.com\\\/wp-content\\\/uploads\\\/2021\\\/03\\\/logo-inverse-teams.png\",\"width\":294,\"height\":99,\"caption\":\"Inverse Teams\"},\"image\":{\"@id\":\"https:\\\/\\\/www.inverseteams.com\\\/es\\\/#\\\/schema\\\/logo\\\/image\\\/\"},\"sameAs\":[\"https:\\\/\\\/www.facebook.com\\\/inverseteams\",\"http:\\\/\\\/instagram.com\\\/inverseteams\",\"https:\\\/\\\/www.linkedin.com\\\/company\\\/inverse-cirosport-s-l-?trk=job_view_topcard_company_name\",\"http:\\\/\\\/www.pinterest.com\\\/inverseteams\\\/\",\"http:\\\/\\\/www.youtube.com\\\/user\\\/inverseteams?feature=watch\"]},{\"@type\":\"Person\",\"@id\":\"https:\\\/\\\/www.inverseteams.com\\\/es\\\/#\\\/schema\\\/person\\\/f3968bb08942bfab07f4b6a598c69c9b\",\"name\":\"emfasi\",\"image\":{\"@type\":\"ImageObject\",\"inLanguage\":\"es\",\"@id\":\"https:\\\/\\\/secure.gravatar.com\\\/avatar\\\/1a544898c76df172fce84aa5f74d936039ceafeffa73f80db7bae90a14a223d2?s=96&d=mm&r=g\",\"url\":\"https:\\\/\\\/secure.gravatar.com\\\/avatar\\\/1a544898c76df172fce84aa5f74d936039ceafeffa73f80db7bae90a14a223d2?s=96&d=mm&r=g\",\"contentUrl\":\"https:\\\/\\\/secure.gravatar.com\\\/avatar\\\/1a544898c76df172fce84aa5f74d936039ceafeffa73f80db7bae90a14a223d2?s=96&d=mm&r=g\",\"caption\":\"emfasi\"},\"sameAs\":[\"https:\\\/\\\/new.inverseteams.ddev.site\"]}]}<\/script>\n<!-- \/ Yoast SEO plugin. -->","yoast_head_json":{"title":"INVERSE VISTE A LOS EQUIPOS DE VALVERDE TEAM-TERRA FECUNDIS. | Inverseteams","robots":{"index":"index","follow":"follow","max-snippet":"max-snippet:-1","max-image-preview":"max-image-preview:large","max-video-preview":"max-video-preview:-1"},"canonical":"https:\/\/www.inverseteams.com\/es\/blog\/inverse-viste-los-equipos-de-valverde-team-terra-fecundis\/","og_locale":"es_ES","og_type":"article","og_title":"INVERSE VISTE A LOS EQUIPOS DE VALVERDE TEAM-TERRA FECUNDIS. | Inverseteams","og_description":"Las plantillas de Valverde Team-Terra Fecundis contar\u00e1n con la garant\u00eda y la calidad de Inverse en todas sus prendas de competici\u00f3n este 2021. Una firma que ya visti\u00f3 al proyecto murciano en sus primeros a\u00f1os y que tambi\u00e9n acompa\u00f1a a la Real Federaci\u00f3n Espa\u00f1ola de Ciclismo en sus diferentes disciplinas. De hecho, Alejandro Valverde se [&hellip;]","og_url":"https:\/\/www.inverseteams.com\/es\/blog\/inverse-viste-los-equipos-de-valverde-team-terra-fecundis\/","og_site_name":"Inverseteams","article_publisher":"https:\/\/www.facebook.com\/inverseteams","article_published_time":"2021-02-08T11:12:00+00:00","article_modified_time":"2021-03-23T07:43:10+00:00","og_image":[{"width":1194,"height":1194,"url":"https:\/\/www.inverseteams.com\/wp-content\/uploads\/2021\/03\/blog_alejandro_valverde_1x1.jpg","type":"image\/jpeg"}],"author":"emfasi","twitter_card":"summary_large_image","twitter_misc":{"Escrito por":"emfasi","Tiempo de lectura":"4 minuto"},"schema":{"@context":"https:\/\/schema.org","@graph":[{"@type":"Article","@id":"https:\/\/www.inverseteams.com\/es\/blog\/inverse-viste-los-equipos-de-valverde-team-terra-fecundis\/#article","isPartOf":{"@id":"https:\/\/www.inverseteams.com\/es\/blog\/inverse-viste-los-equipos-de-valverde-team-terra-fecundis\/"},"author":{"name":"emfasi","@id":"https:\/\/www.inverseteams.com\/es\/#\/schema\/person\/f3968bb08942bfab07f4b6a598c69c9b"},"headline":"INVERSE VISTE A LOS EQUIPOS DE VALVERDE TEAM-TERRA FECUNDIS.","datePublished":"2021-02-08T11:12:00+00:00","dateModified":"2021-03-23T07:43:10+00:00","mainEntityOfPage":{"@id":"https:\/\/www.inverseteams.com\/es\/blog\/inverse-viste-los-equipos-de-valverde-team-terra-fecundis\/"},"wordCount":497,"commentCount":0,"publisher":{"@id":"https:\/\/www.inverseteams.com\/es\/#organization"},"image":{"@id":"https:\/\/www.inverseteams.com\/es\/blog\/inverse-viste-los-equipos-de-valverde-team-terra-fecundis\/#primaryimage"},"thumbnailUrl":"https:\/\/www.inverseteams.com\/wp-content\/uploads\/2021\/03\/blog_alejandro_valverde_1x1.jpg","keywords":["gama AIR ropa personalizada ciclismo","cycling custom sportswear","ropa personalizada ciclismo","v\u00eatements personnalises cyclisme","ropa Inverse Alejandro Valverde","Alejandro Valverde","ropa Alejandro Valverde","Valverde Team","ropa personalizada ciclismo Alejandro Valverde","maillot Alejandro valverde","v\u00eatements tenues Alejandro Valverde","Alejandro Valverde custom sportswear","tenues cyclistes"],"articleSection":["Ciclismo"],"inLanguage":"es","potentialAction":[{"@type":"CommentAction","name":"Comment","target":["https:\/\/www.inverseteams.com\/es\/blog\/inverse-viste-los-equipos-de-valverde-team-terra-fecundis\/#respond"]}]},{"@type":"WebPage","@id":"https:\/\/www.inverseteams.com\/es\/blog\/inverse-viste-los-equipos-de-valverde-team-terra-fecundis\/","url":"https:\/\/www.inverseteams.com\/es\/blog\/inverse-viste-los-equipos-de-valverde-team-terra-fecundis\/","name":"INVERSE VISTE A LOS EQUIPOS DE VALVERDE TEAM-TERRA FECUNDIS. | Inverseteams","isPartOf":{"@id":"https:\/\/www.inverseteams.com\/es\/#website"},"primaryImageOfPage":{"@id":"https:\/\/www.inverseteams.com\/es\/blog\/inverse-viste-los-equipos-de-valverde-team-terra-fecundis\/#primaryimage"},"image":{"@id":"https:\/\/www.inverseteams.com\/es\/blog\/inverse-viste-los-equipos-de-valverde-team-terra-fecundis\/#primaryimage"},"thumbnailUrl":"https:\/\/www.inverseteams.com\/wp-content\/uploads\/2021\/03\/blog_alejandro_valverde_1x1.jpg","datePublished":"2021-02-08T11:12:00+00:00","dateModified":"2021-03-23T07:43:10+00:00","breadcrumb":{"@id":"https:\/\/www.inverseteams.com\/es\/blog\/inverse-viste-los-equipos-de-valverde-team-terra-fecundis\/#breadcrumb"},"inLanguage":"es","potentialAction":[{"@type":"ReadAction","target":["https:\/\/www.inverseteams.com\/es\/blog\/inverse-viste-los-equipos-de-valverde-team-terra-fecundis\/"]}]},{"@type":"ImageObject","inLanguage":"es","@id":"https:\/\/www.inverseteams.com\/es\/blog\/inverse-viste-los-equipos-de-valverde-team-terra-fecundis\/#primaryimage","url":"https:\/\/www.inverseteams.com\/wp-content\/uploads\/2021\/03\/blog_alejandro_valverde_1x1.jpg","contentUrl":"https:\/\/www.inverseteams.com\/wp-content\/uploads\/2021\/03\/blog_alejandro_valverde_1x1.jpg","width":1194,"height":1194},{"@type":"BreadcrumbList","@id":"https:\/\/www.inverseteams.com\/es\/blog\/inverse-viste-los-equipos-de-valverde-team-terra-fecundis\/#breadcrumb","itemListElement":[{"@type":"ListItem","position":1,"name":"Portada","item":"https:\/\/www.inverseteams.com\/es\/"},{"@type":"ListItem","position":2,"name":"INVERSE VISTE A LOS EQUIPOS DE VALVERDE TEAM-TERRA FECUNDIS."}]},{"@type":"WebSite","@id":"https:\/\/www.inverseteams.com\/es\/#website","url":"https:\/\/www.inverseteams.com\/es\/","name":"Inverseteams","description":"Tu marca de ropa deportiva personalizada","publisher":{"@id":"https:\/\/www.inverseteams.com\/es\/#organization"},"potentialAction":[{"@type":"SearchAction","target":{"@type":"EntryPoint","urlTemplate":"https:\/\/www.inverseteams.com\/es\/?s={search_term_string}"},"query-input":{"@type":"PropertyValueSpecification","valueRequired":true,"valueName":"search_term_string"}}],"inLanguage":"es"},{"@type":"Organization","@id":"https:\/\/www.inverseteams.com\/es\/#organization","name":"Inverse Teams","url":"https:\/\/www.inverseteams.com\/es\/","logo":{"@type":"ImageObject","inLanguage":"es","@id":"https:\/\/www.inverseteams.com\/es\/#\/schema\/logo\/image\/","url":"https:\/\/www.inverseteams.com\/wp-content\/uploads\/2021\/03\/logo-inverse-teams.png","contentUrl":"https:\/\/www.inverseteams.com\/wp-content\/uploads\/2021\/03\/logo-inverse-teams.png","width":294,"height":99,"caption":"Inverse Teams"},"image":{"@id":"https:\/\/www.inverseteams.com\/es\/#\/schema\/logo\/image\/"},"sameAs":["https:\/\/www.facebook.com\/inverseteams","http:\/\/instagram.com\/inverseteams","https:\/\/www.linkedin.com\/company\/inverse-cirosport-s-l-?trk=job_view_topcard_company_name","http:\/\/www.pinterest.com\/inverseteams\/","http:\/\/www.youtube.com\/user\/inverseteams?feature=watch"]},{"@type":"Person","@id":"https:\/\/www.inverseteams.com\/es\/#\/schema\/person\/f3968bb08942bfab07f4b6a598c69c9b","name":"emfasi","image":{"@type":"ImageObject","inLanguage":"es","@id":"https:\/\/secure.gravatar.com\/avatar\/1a544898c76df172fce84aa5f74d936039ceafeffa73f80db7bae90a14a223d2?s=96&d=mm&r=g","url":"https:\/\/secure.gravatar.com\/avatar\/1a544898c76df172fce84aa5f74d936039ceafeffa73f80db7bae90a14a223d2?s=96&d=mm&r=g","contentUrl":"https:\/\/secure.gravatar.com\/avatar\/1a544898c76df172fce84aa5f74d936039ceafeffa73f80db7bae90a14a223d2?s=96&d=mm&r=g","caption":"emfasi"},"sameAs":["https:\/\/new.inverseteams.ddev.site"]}]}},"_links":{"self":[{"href":"https:\/\/www.inverseteams.com\/es\/wp-json\/wp\/v2\/posts\/3500","targetHints":{"allow":["GET"]}}],"collection":[{"href":"https:\/\/www.inverseteams.com\/es\/wp-json\/wp\/v2\/posts"}],"about":[{"href":"https:\/\/www.inverseteams.com\/es\/wp-json\/wp\/v2\/types\/post"}],"author":[{"embeddable":true,"href":"https:\/\/www.inverseteams.com\/es\/wp-json\/wp\/v2\/users\/1"}],"replies":[{"embeddable":true,"href":"https:\/\/www.inverseteams.com\/es\/wp-json\/wp\/v2\/comments?post=3500"}],"version-history":[{"count":0,"href":"https:\/\/www.inverseteams.com\/es\/wp-json\/wp\/v2\/posts\/3500\/revisions"}],"wp:featuredmedia":[{"embeddable":true,"href":"https:\/\/www.inverseteams.com\/es\/wp-json\/wp\/v2\/media\/3417"}],"wp:attachment":[{"href":"https:\/\/www.inverseteams.com\/es\/wp-json\/wp\/v2\/media?parent=3500"}],"wp:term":[{"taxonomy":"category","embeddable":true,"href":"https:\/\/www.inverseteams.com\/es\/wp-json\/wp\/v2\/categories?post=3500"},{"taxonomy":"post_tag","embeddable":true,"href":"https:\/\/www.inverseteams.com\/es\/wp-json\/wp\/v2\/tags?post=3500"}],"curies":[{"name":"wp","href":"https:\/\/api.w.org\/{rel}","templated":true}]}}