{"id":32494,"date":"2021-09-27T12:07:18","date_gmt":"2021-09-27T12:07:18","guid":{"rendered":"https:\/\/www.inverseteams.com\/?p=32494"},"modified":"2021-10-25T09:13:52","modified_gmt":"2021-10-25T09:13:52","slug":"inverse-presenta-su-nueva-coleccion-de-ciclismo-2022-en-la-sea-otter-europe","status":"publish","type":"post","link":"https:\/\/www.inverseteams.com\/es\/blog\/inverse-presenta-su-nueva-coleccion-de-ciclismo-2022-en-la-sea-otter-europe\/","title":{"rendered":"Inverse presenta su nueva colecci\u00f3n de ciclismo 2022 en la Sea Otter Europe"},"content":{"rendered":"\n<figure class=\"wp-block-image size-large\"><img loading=\"lazy\" decoding=\"async\" width=\"1024\" height=\"683\" src=\"https:\/\/www.inverseteams.com\/wp-content\/uploads\/BLOG_INVERSE_SEA_OTTER_EUROPE_01-1024x683.jpg\" alt=\"\" class=\"wp-image-32495\" srcset=\"https:\/\/www.inverseteams.com\/wp-content\/uploads\/BLOG_INVERSE_SEA_OTTER_EUROPE_01-1024x683.jpg 1024w, https:\/\/www.inverseteams.com\/wp-content\/uploads\/BLOG_INVERSE_SEA_OTTER_EUROPE_01-300x200.jpg 300w, https:\/\/www.inverseteams.com\/wp-content\/uploads\/BLOG_INVERSE_SEA_OTTER_EUROPE_01-768x512.jpg 768w, https:\/\/www.inverseteams.com\/wp-content\/uploads\/BLOG_INVERSE_SEA_OTTER_EUROPE_01-1536x1024.jpg 1536w, https:\/\/www.inverseteams.com\/wp-content\/uploads\/BLOG_INVERSE_SEA_OTTER_EUROPE_01-420x280.jpg 420w, https:\/\/www.inverseteams.com\/wp-content\/uploads\/BLOG_INVERSE_SEA_OTTER_EUROPE_01.jpg 1920w\" sizes=\"auto, (max-width: 1024px) 100vw, 1024px\" \/><\/figure>\n\n\n<div class=\"wrapper-heading\">\n<h2 class=\"wp-block-heading\">La Sea Otter Europe supera todas las expectativas con 45.000 visitantes y avalancha de visitantes en el stand de Inverse para conocer la nueva colecci\u00f3n.<\/h2>\n<\/div>\n\n<div class=\"wrapper-heading\">\n<h3 class=\"wp-block-heading\">La quinta edici\u00f3n de Sea Otter Europe Costa Brava-Girona Bike Show ha servido para el reencuentro de los aficionados al ciclismo y para Inverse la presentaci\u00f3n directa de su nueva colecci\u00f3n y el reencuentro con los amigos y clientes habituales.<\/h3>\n<\/div>\n\n<div class=\"wrapper-heading\">\n<h4 class=\"wp-block-heading\">La Sea Otter Europe finaliz\u00f3 superando de largo las mejores previsiones de la organizaci\u00f3n, con cerca de 45.000 visitantes, que durante tres d\u00edas han paseado por el recinto del festival situado en Girona.<\/h4>\n<\/div>\n\n\n<figure class=\"wp-block-image size-large\"><img loading=\"lazy\" decoding=\"async\" width=\"1024\" height=\"683\" src=\"https:\/\/www.inverseteams.com\/wp-content\/uploads\/BLOG_INVERSE-SEA_OTTER_EUROPE_03-1024x683.jpg\" alt=\"\" class=\"wp-image-32499\" srcset=\"https:\/\/www.inverseteams.com\/wp-content\/uploads\/BLOG_INVERSE-SEA_OTTER_EUROPE_03-1024x683.jpg 1024w, https:\/\/www.inverseteams.com\/wp-content\/uploads\/BLOG_INVERSE-SEA_OTTER_EUROPE_03-300x200.jpg 300w, https:\/\/www.inverseteams.com\/wp-content\/uploads\/BLOG_INVERSE-SEA_OTTER_EUROPE_03-768x512.jpg 768w, https:\/\/www.inverseteams.com\/wp-content\/uploads\/BLOG_INVERSE-SEA_OTTER_EUROPE_03-1536x1024.jpg 1536w, https:\/\/www.inverseteams.com\/wp-content\/uploads\/BLOG_INVERSE-SEA_OTTER_EUROPE_03-420x280.jpg 420w, https:\/\/www.inverseteams.com\/wp-content\/uploads\/BLOG_INVERSE-SEA_OTTER_EUROPE_03.jpg 1920w\" sizes=\"auto, (max-width: 1024px) 100vw, 1024px\" \/><\/figure>\n\n\n\n<p>El stand de Inverse recibi\u00f3 un enorme n\u00famero de visitantes que quer\u00edan conocer y tocar de cerca su <strong><a href=\"https:\/\/www.inverseteams.com\/es\/coleccion\/deporte\/ciclismo\/\">nueva colecci\u00f3n de ciclismo de Invierno 2021-2022<\/a><\/strong> <strong>y la futura nueva colecci\u00f3n de primavera-verano de ciclismo del 2022<\/strong>. Los dise\u00f1os y acabados de la nueva colecci\u00f3n gener\u00f3 una gran expectaci\u00f3n y buenas sensaciones.<\/p>\n\n\n\n<p>Para Inverse, <strong>la <a href=\"https:\/\/www.seaottereurope.com\/es\/\">Sea Otter Europe<\/a> se ha convertido en el escenario id\u00f3neo<\/strong> para la recuperaci\u00f3n de su actividad de cara al p\u00fablico, despu\u00e9s de un a\u00f1o y medio de pandemia que hab\u00eda obligado a cancelar la mayor\u00eda de grandes ferias sectoriales en todo el mundo.<\/p>\n\n\n\n<p>El ambiente de esta nueva edici\u00f3n del Sea Otter Europe ha sido \u00fanico, gracias tambi\u00e9n a los cerca de 4000 ciclistas que han participado en la quizena de carreras organizadas, tanto para deportistas amateurs como las que han permitido ver en acci\u00f3n a campeones del mundo, medallistas ol\u00edmpicos y deportistas de \u00e9lite, masculinos y femeninos, de todas las disciplinas ciclistas.<\/p>\n\n\n\n<p>De hecho, el ciclista de monta\u00f1a <a href=\"https:\/\/www.inverseteams.com\/es\/blog\/el-bronce-de-david-valero-merece-una-edicion-especial-del-maillot-y-culotte-de-espana-en-tokyo-2021\/\"><strong>David Valero<\/strong>,  brillante bronce en Mountain Bike (MTB) en los Juegos Ol\u00edmpicos de Tokyo 2021<\/a>, <strong>visit\u00f3 el stand de Inverse para firmar el maillot ol\u00edmpico de la Selecci\u00f3n Espa\u00f1ola<\/strong> que se expon\u00eda a la vista de todos los visitantes.<\/p>\n\n\n\n<figure class=\"wp-block-image size-large\"><img loading=\"lazy\" decoding=\"async\" width=\"1024\" height=\"683\" src=\"https:\/\/www.inverseteams.com\/wp-content\/uploads\/BLOG_INVERSE_SEA_OTTER_EUROPE_02-1024x683.jpg\" alt=\"\" class=\"wp-image-32503\" srcset=\"https:\/\/www.inverseteams.com\/wp-content\/uploads\/BLOG_INVERSE_SEA_OTTER_EUROPE_02-1024x683.jpg 1024w, https:\/\/www.inverseteams.com\/wp-content\/uploads\/BLOG_INVERSE_SEA_OTTER_EUROPE_02-300x200.jpg 300w, https:\/\/www.inverseteams.com\/wp-content\/uploads\/BLOG_INVERSE_SEA_OTTER_EUROPE_02-768x512.jpg 768w, https:\/\/www.inverseteams.com\/wp-content\/uploads\/BLOG_INVERSE_SEA_OTTER_EUROPE_02-1536x1024.jpg 1536w, https:\/\/www.inverseteams.com\/wp-content\/uploads\/BLOG_INVERSE_SEA_OTTER_EUROPE_02-420x280.jpg 420w, https:\/\/www.inverseteams.com\/wp-content\/uploads\/BLOG_INVERSE_SEA_OTTER_EUROPE_02.jpg 1920w\" sizes=\"auto, (max-width: 1024px) 100vw, 1024px\" \/><\/figure>\n\n\n\n<p>COMPETICIONES DE ALTO NIVEL CON SELLO DE INVERSE<\/p>\n\n\n\n<p>El \u00faltimo d\u00eda tambi\u00e9n se vivi\u00f3 la gran final masculina de la <a href=\"http:\/\/copacatalanabtt.com\/ca\/copa-catalana-btt-internacional--142\/super-cup-massi\">Continental Super Cup Massi<\/a>, en la que el franc\u00e9s <strong><a href=\"https:\/\/www.inverseteams.com\/es\/blog\/el-equipo-massi-uci-team-visita-nuestra-fabrica-y-descubre-como-fabricamos-su-ropa\/\">Thomas Griot de Massi UCI Team<\/a><\/strong> consigui\u00f3 la medalla de bronce, &nbsp;y a su vez aument\u00f3 su puntuaci\u00f3n para el ranking mundial al ser una prueba UCI C1.<\/p>\n\n\n\n<p>Y victoria absoluta por parte del rider <strong>Cristofer Bosque del Massi UCI Team<\/strong> en la general de la <a href=\"https:\/\/www.copacatalanabtt.com\/\">Copa Catalana Internacional Biking Point<\/a>, celebrada tambi\u00e9n en el marco de la Sea Otter Europe. Una prueba en la que Cristofer ha ganado por segundo a\u00f1o consecutivo y en la que ha quedado tambi\u00e9n como subcampe\u00f3n de la general de la Super Cup Massi. <\/p>\n\n\n\n<p>Tambi\u00e9n hay que destacar el triunfo con medalla de oro -vistiendo ropa de Inverse- de la catalana <strong>Sandra Santanyes<\/strong> en la <strong><a href=\"https:\/\/www.worldebikeseries.com\/\">Wes Series<\/a><\/strong>, representando a la Selecci\u00f3n Catalana de la <strong><a href=\"https:\/\/www.ciclisme.cat\/\">Federaci\u00f3 Catalana de Ciclisme<\/a><\/strong>. La Wes es la liga deportiva de la UCI E-MTB XC World Cup (bicicleta el\u00e9ctrica de mountain bike y que tambi\u00e9n se ha celebrado en el marco de la Sea Otter Europe.<\/p>\n","protected":false},"excerpt":{"rendered":"<p>La Sea Otter Europe supera todas las expectativas con 45.000 visitantes y avalancha de visitantes en el stand de Inverse para conocer la nueva colecci\u00f3n. La quinta edici\u00f3n de Sea Otter Europe Costa Brava-Girona Bike Show ha servido para el reencuentro de los aficionados al ciclismo y para Inverse la presentaci\u00f3n directa de su nueva [&hellip;]<\/p>\n","protected":false},"author":12,"featured_media":32495,"comment_status":"open","ping_status":"open","sticky":false,"template":"","format":"standard","meta":{"_acf_changed":false,"mc4wp_mailchimp_campaign":[],"footnotes":""},"categories":[85,188],"tags":[2254,6239,6224,6240,6225,6241,6226,6242,773,6227,6243,818,6228,6244,1795,6229,1801,6230,1802,6231,1880,6232,1881,6233,1882,6234,1885,6235,1887,6236,1894,6237,1903,6238],"class_list":["post-32494","post","type-post","status-publish","format-standard","has-post-thumbnail","hentry","category-ciclismo","category-cyclisme","tag-massi-uci-team-4","tag-hiver-collant","tag-sea-otter-europe","tag-hiver-cuissard","tag-sea-otter-europe-girona","tag-tenues-hiver","tag-winter-cycling-collection-2021-2022","tag-ropa-invierno-ciclismo","tag-ciclismo-4","tag-ciclismo-invierno-inverse","tag-tenues-cyclisme-hiver","tag-inverse-4","tag-david-valero-sea-otter-europe","tag-winter-cycling-wear","tag-cycling","tag-thomas-griot","tag-btt","tag-sandra-santanyes","tag-mtb","tag-seleccio-catalana-ciclisme","tag-winter-jersey","tag-e-mtb","tag-maillot-ciclismo-invierno","tag-e-mtb-sportswear","tag-tenue-hiver-cyclisme","tag-ciclismo-invierno-2021-2022","tag-maillot-hiver-cyclisme","tag-winter-cycling-2021-2022","tag-tenue-hiver-cyclisme-velo","tag-cyclisme-hiver-2021-2022","tag-pantalon-ciclismo-invierno","tag-culotte-ciclismo-invierno","tag-winter-cycling-things","tag-winter-bib-shorts"],"acf":[],"yoast_head":"<!-- This site is optimized with the Yoast SEO plugin v27.3 - https:\/\/yoast.com\/product\/yoast-seo-wordpress\/ -->\n<title>Inverse presenta su nueva colecci\u00f3n de ciclismo 2022 en la Sea Otter Europe | Inverseteams<\/title>\n<meta name=\"description\" content=\"El stand de Inverse en la Sea Otter Europe recibi\u00f3 un enorme n\u00famero de visitantes que quer\u00edan conocer y tocar de cerca su nueva colecci\u00f3n de ciclismo de Invierno 2021-2022 y la futura nueva colecci\u00f3n de primavera-verano de ciclismo del 2022. Los dise\u00f1os y acabados de la nueva colecci\u00f3n generaron una gran expectaci\u00f3n y buenas sensaciones.\" \/>\n<meta name=\"robots\" content=\"index, follow, max-snippet:-1, max-image-preview:large, max-video-preview:-1\" \/>\n<link rel=\"canonical\" href=\"https:\/\/www.inverseteams.com\/es\/blog\/inverse-presenta-su-nueva-coleccion-de-ciclismo-2022-en-la-sea-otter-europe\/\" \/>\n<meta property=\"og:locale\" content=\"es_ES\" \/>\n<meta property=\"og:type\" content=\"article\" \/>\n<meta property=\"og:title\" content=\"Inverse presenta su nueva colecci\u00f3n de ciclismo 2022 en la Sea Otter Europe | Inverseteams\" \/>\n<meta property=\"og:description\" content=\"El stand de Inverse en la Sea Otter Europe recibi\u00f3 un enorme n\u00famero de visitantes que quer\u00edan conocer y tocar de cerca su nueva colecci\u00f3n de ciclismo de Invierno 2021-2022 y la futura nueva colecci\u00f3n de primavera-verano de ciclismo del 2022. Los dise\u00f1os y acabados de la nueva colecci\u00f3n generaron una gran expectaci\u00f3n y buenas sensaciones.\" \/>\n<meta property=\"og:url\" content=\"https:\/\/www.inverseteams.com\/es\/blog\/inverse-presenta-su-nueva-coleccion-de-ciclismo-2022-en-la-sea-otter-europe\/\" \/>\n<meta property=\"og:site_name\" content=\"Inverseteams\" \/>\n<meta property=\"article:publisher\" content=\"https:\/\/www.facebook.com\/inverseteams\" \/>\n<meta property=\"article:published_time\" content=\"2021-09-27T12:07:18+00:00\" \/>\n<meta property=\"article:modified_time\" content=\"2021-10-25T09:13:52+00:00\" \/>\n<meta property=\"og:image\" content=\"https:\/\/www.inverseteams.com\/wp-content\/uploads\/BLOG_INVERSE_SEA_OTTER_EUROPE_01.jpg\" \/>\n\t<meta property=\"og:image:width\" content=\"1920\" \/>\n\t<meta property=\"og:image:height\" content=\"1280\" \/>\n\t<meta property=\"og:image:type\" content=\"image\/jpeg\" \/>\n<meta name=\"author\" content=\"xavier\" \/>\n<meta name=\"twitter:card\" content=\"summary_large_image\" \/>\n<meta name=\"twitter:label1\" content=\"Escrito por\" \/>\n\t<meta name=\"twitter:data1\" content=\"xavier\" \/>\n\t<meta name=\"twitter:label2\" content=\"Tiempo de lectura\" \/>\n\t<meta name=\"twitter:data2\" content=\"3 minuto\" \/>\n<script type=\"application\/ld+json\" class=\"yoast-schema-graph\">{\"@context\":\"https:\\\/\\\/schema.org\",\"@graph\":[{\"@type\":\"Article\",\"@id\":\"https:\\\/\\\/www.inverseteams.com\\\/es\\\/blog\\\/inverse-presenta-su-nueva-coleccion-de-ciclismo-2022-en-la-sea-otter-europe\\\/#article\",\"isPartOf\":{\"@id\":\"https:\\\/\\\/www.inverseteams.com\\\/es\\\/blog\\\/inverse-presenta-su-nueva-coleccion-de-ciclismo-2022-en-la-sea-otter-europe\\\/\"},\"author\":{\"name\":\"xavier\",\"@id\":\"https:\\\/\\\/www.inverseteams.com\\\/es\\\/#\\\/schema\\\/person\\\/8e9cda76b6449aea55a18c6b0f3a15f1\"},\"headline\":\"Inverse presenta su nueva colecci\u00f3n de ciclismo 2022 en la Sea Otter Europe\",\"datePublished\":\"2021-09-27T12:07:18+00:00\",\"dateModified\":\"2021-10-25T09:13:52+00:00\",\"mainEntityOfPage\":{\"@id\":\"https:\\\/\\\/www.inverseteams.com\\\/es\\\/blog\\\/inverse-presenta-su-nueva-coleccion-de-ciclismo-2022-en-la-sea-otter-europe\\\/\"},\"wordCount\":536,\"commentCount\":0,\"publisher\":{\"@id\":\"https:\\\/\\\/www.inverseteams.com\\\/es\\\/#organization\"},\"image\":{\"@id\":\"https:\\\/\\\/www.inverseteams.com\\\/es\\\/blog\\\/inverse-presenta-su-nueva-coleccion-de-ciclismo-2022-en-la-sea-otter-europe\\\/#primaryimage\"},\"thumbnailUrl\":\"https:\\\/\\\/www.inverseteams.com\\\/wp-content\\\/uploads\\\/BLOG_INVERSE_SEA_OTTER_EUROPE_01.jpg\",\"keywords\":[\"Massi UCI Team\",\"hiver collant\",\"Sea Otter Europe\",\"hiver cuissard\",\"Sea Otter Europe Girona\",\"tenues hiver\",\"Winter Cycling collection 2021 2022\",\"ropa invierno ciclismo\",\"ciclismo\",\"Ciclismo invierno Inverse\",\"tenues cyclisme hiver\",\"inverse\",\"David Valero Sea Otter Europe\",\"winter cycling wear\",\"Cycling\",\"Thomas Griot\",\"btt\",\"Sandra Santanyes\",\"mtb\",\"Selecci\u00f3 Catalana Ciclisme\",\"winter jersey\",\"e-mtb\",\"maillot ciclismo invierno\",\"e-mtb sportswear\",\"tenue hiver cyclisme\",\"ciclismo invierno 2021 2022\",\"maillot hiver cyclisme\",\"winter cycling 2021 2022\",\"tenue hiver cyclisme v\u00e9lo\",\"cyclisme hiver 2021 2022\",\"pantal\u00f3n ciclismo invierno\",\"culotte ciclismo invierno\",\"winter cycling things\",\"winter bib shorts\"],\"articleSection\":[\"Ciclismo\",\"Cyclisme\"],\"inLanguage\":\"es\",\"potentialAction\":[{\"@type\":\"CommentAction\",\"name\":\"Comment\",\"target\":[\"https:\\\/\\\/www.inverseteams.com\\\/es\\\/blog\\\/inverse-presenta-su-nueva-coleccion-de-ciclismo-2022-en-la-sea-otter-europe\\\/#respond\"]}]},{\"@type\":\"WebPage\",\"@id\":\"https:\\\/\\\/www.inverseteams.com\\\/es\\\/blog\\\/inverse-presenta-su-nueva-coleccion-de-ciclismo-2022-en-la-sea-otter-europe\\\/\",\"url\":\"https:\\\/\\\/www.inverseteams.com\\\/es\\\/blog\\\/inverse-presenta-su-nueva-coleccion-de-ciclismo-2022-en-la-sea-otter-europe\\\/\",\"name\":\"Inverse presenta su nueva colecci\u00f3n de ciclismo 2022 en la Sea Otter Europe | Inverseteams\",\"isPartOf\":{\"@id\":\"https:\\\/\\\/www.inverseteams.com\\\/es\\\/#website\"},\"primaryImageOfPage\":{\"@id\":\"https:\\\/\\\/www.inverseteams.com\\\/es\\\/blog\\\/inverse-presenta-su-nueva-coleccion-de-ciclismo-2022-en-la-sea-otter-europe\\\/#primaryimage\"},\"image\":{\"@id\":\"https:\\\/\\\/www.inverseteams.com\\\/es\\\/blog\\\/inverse-presenta-su-nueva-coleccion-de-ciclismo-2022-en-la-sea-otter-europe\\\/#primaryimage\"},\"thumbnailUrl\":\"https:\\\/\\\/www.inverseteams.com\\\/wp-content\\\/uploads\\\/BLOG_INVERSE_SEA_OTTER_EUROPE_01.jpg\",\"datePublished\":\"2021-09-27T12:07:18+00:00\",\"dateModified\":\"2021-10-25T09:13:52+00:00\",\"description\":\"El stand de Inverse en la Sea Otter Europe recibi\u00f3 un enorme n\u00famero de visitantes que quer\u00edan conocer y tocar de cerca su nueva colecci\u00f3n de ciclismo de Invierno 2021-2022 y la futura nueva colecci\u00f3n de primavera-verano de ciclismo del 2022. Los dise\u00f1os y acabados de la nueva colecci\u00f3n generaron una gran expectaci\u00f3n y buenas sensaciones.\",\"breadcrumb\":{\"@id\":\"https:\\\/\\\/www.inverseteams.com\\\/es\\\/blog\\\/inverse-presenta-su-nueva-coleccion-de-ciclismo-2022-en-la-sea-otter-europe\\\/#breadcrumb\"},\"inLanguage\":\"es\",\"potentialAction\":[{\"@type\":\"ReadAction\",\"target\":[\"https:\\\/\\\/www.inverseteams.com\\\/es\\\/blog\\\/inverse-presenta-su-nueva-coleccion-de-ciclismo-2022-en-la-sea-otter-europe\\\/\"]}]},{\"@type\":\"ImageObject\",\"inLanguage\":\"es\",\"@id\":\"https:\\\/\\\/www.inverseteams.com\\\/es\\\/blog\\\/inverse-presenta-su-nueva-coleccion-de-ciclismo-2022-en-la-sea-otter-europe\\\/#primaryimage\",\"url\":\"https:\\\/\\\/www.inverseteams.com\\\/wp-content\\\/uploads\\\/BLOG_INVERSE_SEA_OTTER_EUROPE_01.jpg\",\"contentUrl\":\"https:\\\/\\\/www.inverseteams.com\\\/wp-content\\\/uploads\\\/BLOG_INVERSE_SEA_OTTER_EUROPE_01.jpg\",\"width\":1920,\"height\":1280},{\"@type\":\"BreadcrumbList\",\"@id\":\"https:\\\/\\\/www.inverseteams.com\\\/es\\\/blog\\\/inverse-presenta-su-nueva-coleccion-de-ciclismo-2022-en-la-sea-otter-europe\\\/#breadcrumb\",\"itemListElement\":[{\"@type\":\"ListItem\",\"position\":1,\"name\":\"Portada\",\"item\":\"https:\\\/\\\/www.inverseteams.com\\\/es\\\/\"},{\"@type\":\"ListItem\",\"position\":2,\"name\":\"Inverse presenta su nueva colecci\u00f3n de ciclismo 2022 en la Sea Otter Europe\"}]},{\"@type\":\"WebSite\",\"@id\":\"https:\\\/\\\/www.inverseteams.com\\\/es\\\/#website\",\"url\":\"https:\\\/\\\/www.inverseteams.com\\\/es\\\/\",\"name\":\"Inverseteams\",\"description\":\"Tu marca de ropa deportiva personalizada\",\"publisher\":{\"@id\":\"https:\\\/\\\/www.inverseteams.com\\\/es\\\/#organization\"},\"potentialAction\":[{\"@type\":\"SearchAction\",\"target\":{\"@type\":\"EntryPoint\",\"urlTemplate\":\"https:\\\/\\\/www.inverseteams.com\\\/es\\\/?s={search_term_string}\"},\"query-input\":{\"@type\":\"PropertyValueSpecification\",\"valueRequired\":true,\"valueName\":\"search_term_string\"}}],\"inLanguage\":\"es\"},{\"@type\":\"Organization\",\"@id\":\"https:\\\/\\\/www.inverseteams.com\\\/es\\\/#organization\",\"name\":\"Inverse Teams\",\"url\":\"https:\\\/\\\/www.inverseteams.com\\\/es\\\/\",\"logo\":{\"@type\":\"ImageObject\",\"inLanguage\":\"es\",\"@id\":\"https:\\\/\\\/www.inverseteams.com\\\/es\\\/#\\\/schema\\\/logo\\\/image\\\/\",\"url\":\"https:\\\/\\\/www.inverseteams.com\\\/wp-content\\\/uploads\\\/2021\\\/03\\\/logo-inverse-teams.png\",\"contentUrl\":\"https:\\\/\\\/www.inverseteams.com\\\/wp-content\\\/uploads\\\/2021\\\/03\\\/logo-inverse-teams.png\",\"width\":294,\"height\":99,\"caption\":\"Inverse Teams\"},\"image\":{\"@id\":\"https:\\\/\\\/www.inverseteams.com\\\/es\\\/#\\\/schema\\\/logo\\\/image\\\/\"},\"sameAs\":[\"https:\\\/\\\/www.facebook.com\\\/inverseteams\",\"http:\\\/\\\/instagram.com\\\/inverseteams\",\"https:\\\/\\\/www.linkedin.com\\\/company\\\/inverse-cirosport-s-l-?trk=job_view_topcard_company_name\",\"http:\\\/\\\/www.pinterest.com\\\/inverseteams\\\/\",\"http:\\\/\\\/www.youtube.com\\\/user\\\/inverseteams?feature=watch\"]},{\"@type\":\"Person\",\"@id\":\"https:\\\/\\\/www.inverseteams.com\\\/es\\\/#\\\/schema\\\/person\\\/8e9cda76b6449aea55a18c6b0f3a15f1\",\"name\":\"xavier\",\"image\":{\"@type\":\"ImageObject\",\"inLanguage\":\"es\",\"@id\":\"https:\\\/\\\/secure.gravatar.com\\\/avatar\\\/602b199a1f28e97d83ab3a8bcb642260f5afd77cb09704889d85ddd70643cddb?s=96&d=mm&r=g\",\"url\":\"https:\\\/\\\/secure.gravatar.com\\\/avatar\\\/602b199a1f28e97d83ab3a8bcb642260f5afd77cb09704889d85ddd70643cddb?s=96&d=mm&r=g\",\"contentUrl\":\"https:\\\/\\\/secure.gravatar.com\\\/avatar\\\/602b199a1f28e97d83ab3a8bcb642260f5afd77cb09704889d85ddd70643cddb?s=96&d=mm&r=g\",\"caption\":\"xavier\"}}]}<\/script>\n<!-- \/ Yoast SEO plugin. -->","yoast_head_json":{"title":"Inverse presenta su nueva colecci\u00f3n de ciclismo 2022 en la Sea Otter Europe | Inverseteams","description":"El stand de Inverse en la Sea Otter Europe recibi\u00f3 un enorme n\u00famero de visitantes que quer\u00edan conocer y tocar de cerca su nueva colecci\u00f3n de ciclismo de Invierno 2021-2022 y la futura nueva colecci\u00f3n de primavera-verano de ciclismo del 2022. Los dise\u00f1os y acabados de la nueva colecci\u00f3n generaron una gran expectaci\u00f3n y buenas sensaciones.","robots":{"index":"index","follow":"follow","max-snippet":"max-snippet:-1","max-image-preview":"max-image-preview:large","max-video-preview":"max-video-preview:-1"},"canonical":"https:\/\/www.inverseteams.com\/es\/blog\/inverse-presenta-su-nueva-coleccion-de-ciclismo-2022-en-la-sea-otter-europe\/","og_locale":"es_ES","og_type":"article","og_title":"Inverse presenta su nueva colecci\u00f3n de ciclismo 2022 en la Sea Otter Europe | Inverseteams","og_description":"El stand de Inverse en la Sea Otter Europe recibi\u00f3 un enorme n\u00famero de visitantes que quer\u00edan conocer y tocar de cerca su nueva colecci\u00f3n de ciclismo de Invierno 2021-2022 y la futura nueva colecci\u00f3n de primavera-verano de ciclismo del 2022. Los dise\u00f1os y acabados de la nueva colecci\u00f3n generaron una gran expectaci\u00f3n y buenas sensaciones.","og_url":"https:\/\/www.inverseteams.com\/es\/blog\/inverse-presenta-su-nueva-coleccion-de-ciclismo-2022-en-la-sea-otter-europe\/","og_site_name":"Inverseteams","article_publisher":"https:\/\/www.facebook.com\/inverseteams","article_published_time":"2021-09-27T12:07:18+00:00","article_modified_time":"2021-10-25T09:13:52+00:00","og_image":[{"width":1920,"height":1280,"url":"https:\/\/www.inverseteams.com\/wp-content\/uploads\/BLOG_INVERSE_SEA_OTTER_EUROPE_01.jpg","type":"image\/jpeg"}],"author":"xavier","twitter_card":"summary_large_image","twitter_misc":{"Escrito por":"xavier","Tiempo de lectura":"3 minuto"},"schema":{"@context":"https:\/\/schema.org","@graph":[{"@type":"Article","@id":"https:\/\/www.inverseteams.com\/es\/blog\/inverse-presenta-su-nueva-coleccion-de-ciclismo-2022-en-la-sea-otter-europe\/#article","isPartOf":{"@id":"https:\/\/www.inverseteams.com\/es\/blog\/inverse-presenta-su-nueva-coleccion-de-ciclismo-2022-en-la-sea-otter-europe\/"},"author":{"name":"xavier","@id":"https:\/\/www.inverseteams.com\/es\/#\/schema\/person\/8e9cda76b6449aea55a18c6b0f3a15f1"},"headline":"Inverse presenta su nueva colecci\u00f3n de ciclismo 2022 en la Sea Otter Europe","datePublished":"2021-09-27T12:07:18+00:00","dateModified":"2021-10-25T09:13:52+00:00","mainEntityOfPage":{"@id":"https:\/\/www.inverseteams.com\/es\/blog\/inverse-presenta-su-nueva-coleccion-de-ciclismo-2022-en-la-sea-otter-europe\/"},"wordCount":536,"commentCount":0,"publisher":{"@id":"https:\/\/www.inverseteams.com\/es\/#organization"},"image":{"@id":"https:\/\/www.inverseteams.com\/es\/blog\/inverse-presenta-su-nueva-coleccion-de-ciclismo-2022-en-la-sea-otter-europe\/#primaryimage"},"thumbnailUrl":"https:\/\/www.inverseteams.com\/wp-content\/uploads\/BLOG_INVERSE_SEA_OTTER_EUROPE_01.jpg","keywords":["Massi UCI Team","hiver collant","Sea Otter Europe","hiver cuissard","Sea Otter Europe Girona","tenues hiver","Winter Cycling collection 2021 2022","ropa invierno ciclismo","ciclismo","Ciclismo invierno Inverse","tenues cyclisme hiver","inverse","David Valero Sea Otter Europe","winter cycling wear","Cycling","Thomas Griot","btt","Sandra Santanyes","mtb","Selecci\u00f3 Catalana Ciclisme","winter jersey","e-mtb","maillot ciclismo invierno","e-mtb sportswear","tenue hiver cyclisme","ciclismo invierno 2021 2022","maillot hiver cyclisme","winter cycling 2021 2022","tenue hiver cyclisme v\u00e9lo","cyclisme hiver 2021 2022","pantal\u00f3n ciclismo invierno","culotte ciclismo invierno","winter cycling things","winter bib shorts"],"articleSection":["Ciclismo","Cyclisme"],"inLanguage":"es","potentialAction":[{"@type":"CommentAction","name":"Comment","target":["https:\/\/www.inverseteams.com\/es\/blog\/inverse-presenta-su-nueva-coleccion-de-ciclismo-2022-en-la-sea-otter-europe\/#respond"]}]},{"@type":"WebPage","@id":"https:\/\/www.inverseteams.com\/es\/blog\/inverse-presenta-su-nueva-coleccion-de-ciclismo-2022-en-la-sea-otter-europe\/","url":"https:\/\/www.inverseteams.com\/es\/blog\/inverse-presenta-su-nueva-coleccion-de-ciclismo-2022-en-la-sea-otter-europe\/","name":"Inverse presenta su nueva colecci\u00f3n de ciclismo 2022 en la Sea Otter Europe | Inverseteams","isPartOf":{"@id":"https:\/\/www.inverseteams.com\/es\/#website"},"primaryImageOfPage":{"@id":"https:\/\/www.inverseteams.com\/es\/blog\/inverse-presenta-su-nueva-coleccion-de-ciclismo-2022-en-la-sea-otter-europe\/#primaryimage"},"image":{"@id":"https:\/\/www.inverseteams.com\/es\/blog\/inverse-presenta-su-nueva-coleccion-de-ciclismo-2022-en-la-sea-otter-europe\/#primaryimage"},"thumbnailUrl":"https:\/\/www.inverseteams.com\/wp-content\/uploads\/BLOG_INVERSE_SEA_OTTER_EUROPE_01.jpg","datePublished":"2021-09-27T12:07:18+00:00","dateModified":"2021-10-25T09:13:52+00:00","description":"El stand de Inverse en la Sea Otter Europe recibi\u00f3 un enorme n\u00famero de visitantes que quer\u00edan conocer y tocar de cerca su nueva colecci\u00f3n de ciclismo de Invierno 2021-2022 y la futura nueva colecci\u00f3n de primavera-verano de ciclismo del 2022. Los dise\u00f1os y acabados de la nueva colecci\u00f3n generaron una gran expectaci\u00f3n y buenas sensaciones.","breadcrumb":{"@id":"https:\/\/www.inverseteams.com\/es\/blog\/inverse-presenta-su-nueva-coleccion-de-ciclismo-2022-en-la-sea-otter-europe\/#breadcrumb"},"inLanguage":"es","potentialAction":[{"@type":"ReadAction","target":["https:\/\/www.inverseteams.com\/es\/blog\/inverse-presenta-su-nueva-coleccion-de-ciclismo-2022-en-la-sea-otter-europe\/"]}]},{"@type":"ImageObject","inLanguage":"es","@id":"https:\/\/www.inverseteams.com\/es\/blog\/inverse-presenta-su-nueva-coleccion-de-ciclismo-2022-en-la-sea-otter-europe\/#primaryimage","url":"https:\/\/www.inverseteams.com\/wp-content\/uploads\/BLOG_INVERSE_SEA_OTTER_EUROPE_01.jpg","contentUrl":"https:\/\/www.inverseteams.com\/wp-content\/uploads\/BLOG_INVERSE_SEA_OTTER_EUROPE_01.jpg","width":1920,"height":1280},{"@type":"BreadcrumbList","@id":"https:\/\/www.inverseteams.com\/es\/blog\/inverse-presenta-su-nueva-coleccion-de-ciclismo-2022-en-la-sea-otter-europe\/#breadcrumb","itemListElement":[{"@type":"ListItem","position":1,"name":"Portada","item":"https:\/\/www.inverseteams.com\/es\/"},{"@type":"ListItem","position":2,"name":"Inverse presenta su nueva colecci\u00f3n de ciclismo 2022 en la Sea Otter Europe"}]},{"@type":"WebSite","@id":"https:\/\/www.inverseteams.com\/es\/#website","url":"https:\/\/www.inverseteams.com\/es\/","name":"Inverseteams","description":"Tu marca de ropa deportiva personalizada","publisher":{"@id":"https:\/\/www.inverseteams.com\/es\/#organization"},"potentialAction":[{"@type":"SearchAction","target":{"@type":"EntryPoint","urlTemplate":"https:\/\/www.inverseteams.com\/es\/?s={search_term_string}"},"query-input":{"@type":"PropertyValueSpecification","valueRequired":true,"valueName":"search_term_string"}}],"inLanguage":"es"},{"@type":"Organization","@id":"https:\/\/www.inverseteams.com\/es\/#organization","name":"Inverse Teams","url":"https:\/\/www.inverseteams.com\/es\/","logo":{"@type":"ImageObject","inLanguage":"es","@id":"https:\/\/www.inverseteams.com\/es\/#\/schema\/logo\/image\/","url":"https:\/\/www.inverseteams.com\/wp-content\/uploads\/2021\/03\/logo-inverse-teams.png","contentUrl":"https:\/\/www.inverseteams.com\/wp-content\/uploads\/2021\/03\/logo-inverse-teams.png","width":294,"height":99,"caption":"Inverse Teams"},"image":{"@id":"https:\/\/www.inverseteams.com\/es\/#\/schema\/logo\/image\/"},"sameAs":["https:\/\/www.facebook.com\/inverseteams","http:\/\/instagram.com\/inverseteams","https:\/\/www.linkedin.com\/company\/inverse-cirosport-s-l-?trk=job_view_topcard_company_name","http:\/\/www.pinterest.com\/inverseteams\/","http:\/\/www.youtube.com\/user\/inverseteams?feature=watch"]},{"@type":"Person","@id":"https:\/\/www.inverseteams.com\/es\/#\/schema\/person\/8e9cda76b6449aea55a18c6b0f3a15f1","name":"xavier","image":{"@type":"ImageObject","inLanguage":"es","@id":"https:\/\/secure.gravatar.com\/avatar\/602b199a1f28e97d83ab3a8bcb642260f5afd77cb09704889d85ddd70643cddb?s=96&d=mm&r=g","url":"https:\/\/secure.gravatar.com\/avatar\/602b199a1f28e97d83ab3a8bcb642260f5afd77cb09704889d85ddd70643cddb?s=96&d=mm&r=g","contentUrl":"https:\/\/secure.gravatar.com\/avatar\/602b199a1f28e97d83ab3a8bcb642260f5afd77cb09704889d85ddd70643cddb?s=96&d=mm&r=g","caption":"xavier"}}]}},"_links":{"self":[{"href":"https:\/\/www.inverseteams.com\/es\/wp-json\/wp\/v2\/posts\/32494","targetHints":{"allow":["GET"]}}],"collection":[{"href":"https:\/\/www.inverseteams.com\/es\/wp-json\/wp\/v2\/posts"}],"about":[{"href":"https:\/\/www.inverseteams.com\/es\/wp-json\/wp\/v2\/types\/post"}],"author":[{"embeddable":true,"href":"https:\/\/www.inverseteams.com\/es\/wp-json\/wp\/v2\/users\/12"}],"replies":[{"embeddable":true,"href":"https:\/\/www.inverseteams.com\/es\/wp-json\/wp\/v2\/comments?post=32494"}],"version-history":[{"count":0,"href":"https:\/\/www.inverseteams.com\/es\/wp-json\/wp\/v2\/posts\/32494\/revisions"}],"wp:featuredmedia":[{"embeddable":true,"href":"https:\/\/www.inverseteams.com\/es\/wp-json\/wp\/v2\/media\/32495"}],"wp:attachment":[{"href":"https:\/\/www.inverseteams.com\/es\/wp-json\/wp\/v2\/media?parent=32494"}],"wp:term":[{"taxonomy":"category","embeddable":true,"href":"https:\/\/www.inverseteams.com\/es\/wp-json\/wp\/v2\/categories?post=32494"},{"taxonomy":"post_tag","embeddable":true,"href":"https:\/\/www.inverseteams.com\/es\/wp-json\/wp\/v2\/tags?post=32494"}],"curies":[{"name":"wp","href":"https:\/\/api.w.org\/{rel}","templated":true}]}}