{"id":279897,"date":"2026-03-13T11:10:45","date_gmt":"2026-03-13T10:10:45","guid":{"rendered":"https:\/\/www.inverseteams.com\/?p=279897"},"modified":"2026-03-13T11:10:54","modified_gmt":"2026-03-13T10:10:54","slug":"massi-mtb-racing-team-2026-una-alianza-imbatible-con-inverse-y-un-nuevo-rugido-en-rojo","status":"publish","type":"post","link":"https:\/\/www.inverseteams.com\/es\/blog\/massi-mtb-racing-team-2026-una-alianza-imbatible-con-inverse-y-un-nuevo-rugido-en-rojo\/","title":{"rendered":"Massi MTB Racing Team 2026: una alianza imbatible con Inverse y un nuevo rugido en rojo"},"content":{"rendered":"\n<figure class=\"wp-block-image size-large\"><img loading=\"lazy\" decoding=\"async\" width=\"1024\" height=\"683\" src=\"https:\/\/www.inverseteams.com\/wp-content\/uploads\/INVERSE-EQUIPO-CICLISMO-BTT-MASSI-2026-001-1024x683.jpg\" alt=\"\" class=\"wp-image-279898\" srcset=\"https:\/\/www.inverseteams.com\/wp-content\/uploads\/INVERSE-EQUIPO-CICLISMO-BTT-MASSI-2026-001-1024x683.jpg 1024w, https:\/\/www.inverseteams.com\/wp-content\/uploads\/INVERSE-EQUIPO-CICLISMO-BTT-MASSI-2026-001-300x200.jpg 300w, https:\/\/www.inverseteams.com\/wp-content\/uploads\/INVERSE-EQUIPO-CICLISMO-BTT-MASSI-2026-001-768x512.jpg 768w, https:\/\/www.inverseteams.com\/wp-content\/uploads\/INVERSE-EQUIPO-CICLISMO-BTT-MASSI-2026-001-1536x1024.jpg 1536w, https:\/\/www.inverseteams.com\/wp-content\/uploads\/INVERSE-EQUIPO-CICLISMO-BTT-MASSI-2026-001-420x280.jpg 420w, https:\/\/www.inverseteams.com\/wp-content\/uploads\/INVERSE-EQUIPO-CICLISMO-BTT-MASSI-2026-001-64x43.jpg 64w, https:\/\/www.inverseteams.com\/wp-content\/uploads\/INVERSE-EQUIPO-CICLISMO-BTT-MASSI-2026-001.jpg 1920w\" sizes=\"auto, (max-width: 1024px) 100vw, 1024px\" \/><\/figure>\n\n\n<div class=\"wrapper-heading\">\n<h2 class=\"wp-block-heading\">El mundo del mountain bike internacional se prepara para una temporada vibrante. Tras a\u00f1os de \u00e9xitos compartidos, la uni\u00f3n entre <strong>Massi e Inverse<\/strong> se consolida en 2026 con un equipo renovado, objetivos ambiciosos y una nueva piel que rinde homenaje a la identidad m\u00e1s pura de la veterana marca de bicicletas: su <strong>rojo corporativo<\/strong>.<\/h2>\n<\/div>\n\n<div class=\"wrapper-heading\">\n<h3 class=\"wp-block-heading\">En este art\u00edculo, exploramos la nueva plantilla del Massi MTB Racing Team, las innovaciones en su equipaci\u00f3n t\u00e9cnica y por qu\u00e9 esta alianza sigue siendo el referente en el circuito UCI de Cross Country.<\/h3>\n<\/div>\n\n\n<figure class=\"wp-block-embed is-type-video is-provider-youtube wp-block-embed-youtube wp-embed-aspect-16-9 wp-has-aspect-ratio\"><div class=\"wp-block-embed__wrapper\">\n<iframe loading=\"lazy\" title=\"Massi MTB Racing Team 2026\" width=\"640\" height=\"360\" src=\"https:\/\/www.youtube.com\/embed\/xP7GvX9xwWQ?feature=oembed\" frameborder=\"0\" allow=\"accelerometer; autoplay; clipboard-write; encrypted-media; gyroscope; picture-in-picture; web-share\" referrerpolicy=\"strict-origin-when-cross-origin\" allowfullscreen><\/iframe>\n<\/div><\/figure>\n\n\n\n<figure class=\"wp-block-image size-large\"><img loading=\"lazy\" decoding=\"async\" width=\"1024\" height=\"683\" src=\"https:\/\/www.inverseteams.com\/wp-content\/uploads\/INVERSE-EQUIPO-CICLISMO-BTT-MASSI-2026-002-1024x683.jpg\" alt=\"\" class=\"wp-image-279903\" srcset=\"https:\/\/www.inverseteams.com\/wp-content\/uploads\/INVERSE-EQUIPO-CICLISMO-BTT-MASSI-2026-002-1024x683.jpg 1024w, https:\/\/www.inverseteams.com\/wp-content\/uploads\/INVERSE-EQUIPO-CICLISMO-BTT-MASSI-2026-002-300x200.jpg 300w, https:\/\/www.inverseteams.com\/wp-content\/uploads\/INVERSE-EQUIPO-CICLISMO-BTT-MASSI-2026-002-768x512.jpg 768w, https:\/\/www.inverseteams.com\/wp-content\/uploads\/INVERSE-EQUIPO-CICLISMO-BTT-MASSI-2026-002-1536x1024.jpg 1536w, https:\/\/www.inverseteams.com\/wp-content\/uploads\/INVERSE-EQUIPO-CICLISMO-BTT-MASSI-2026-002-420x280.jpg 420w, https:\/\/www.inverseteams.com\/wp-content\/uploads\/INVERSE-EQUIPO-CICLISMO-BTT-MASSI-2026-002-64x43.jpg 64w, https:\/\/www.inverseteams.com\/wp-content\/uploads\/INVERSE-EQUIPO-CICLISMO-BTT-MASSI-2026-002.jpg 1920w\" sizes=\"auto, (max-width: 1024px) 100vw, 1024px\" \/><\/figure>\n\n\n<div class=\"wrapper-heading\">\n<h3 class=\"wp-block-heading\"><strong>Una nueva est\u00e9tica: El Poder del Rojo Massi<\/strong><\/h3>\n<\/div>\n\n\n<p>Si algo llama la atenci\u00f3n en la primera toma de contacto con el equipo este a\u00f1o es su impacto visual. La nueva equipaci\u00f3n dise\u00f1ada por <strong><a href=\"https:\/\/www.inverseteams.com\/es\/\" type=\"link\" id=\"https:\/\/www.inverseteams.com\/es\/\">Inverse<\/a><\/strong> da un salto cualitativo en dise\u00f1o, integrando con fuerza el <strong>rojo corporativo de <a href=\"https:\/\/www.massi.bike\/\" type=\"link\" id=\"https:\/\/www.massi.bike\/\">Massi<\/a><\/strong>.<\/p>\n\n\n\n<p>Este cambio no es solo est\u00e9tico<strong>; representa la pasi\u00f3n, el dinamismo y la agresividad competitiva que define a la marca<\/strong>. La combinaci\u00f3n con los detalles t\u00e9cnicos de alta gama de Inverse asegura que, adem\u00e1s de ser los m\u00e1s r\u00e1pidos visualmente, los corredores cuenten con la mejor aerodin\u00e1mica y transpirabilidad en carrera.<\/p>\n\n\n\n<figure class=\"wp-block-image size-large\"><img loading=\"lazy\" decoding=\"async\" width=\"1024\" height=\"683\" src=\"https:\/\/www.inverseteams.com\/wp-content\/uploads\/INVERSE-EQUIPO-CICLISMO-BTT-MASSI-2026-003-1024x683.jpg\" alt=\"\" class=\"wp-image-279908\" srcset=\"https:\/\/www.inverseteams.com\/wp-content\/uploads\/INVERSE-EQUIPO-CICLISMO-BTT-MASSI-2026-003-1024x683.jpg 1024w, https:\/\/www.inverseteams.com\/wp-content\/uploads\/INVERSE-EQUIPO-CICLISMO-BTT-MASSI-2026-003-300x200.jpg 300w, https:\/\/www.inverseteams.com\/wp-content\/uploads\/INVERSE-EQUIPO-CICLISMO-BTT-MASSI-2026-003-768x512.jpg 768w, https:\/\/www.inverseteams.com\/wp-content\/uploads\/INVERSE-EQUIPO-CICLISMO-BTT-MASSI-2026-003-1536x1024.jpg 1536w, https:\/\/www.inverseteams.com\/wp-content\/uploads\/INVERSE-EQUIPO-CICLISMO-BTT-MASSI-2026-003-420x280.jpg 420w, https:\/\/www.inverseteams.com\/wp-content\/uploads\/INVERSE-EQUIPO-CICLISMO-BTT-MASSI-2026-003-64x43.jpg 64w, https:\/\/www.inverseteams.com\/wp-content\/uploads\/INVERSE-EQUIPO-CICLISMO-BTT-MASSI-2026-003.jpg 1920w\" sizes=\"auto, (max-width: 1024px) 100vw, 1024px\" \/><\/figure>\n\n\n<div class=\"wrapper-heading\">\n<h3 class=\"wp-block-heading\"><strong>El \u00abDream Team\u00bb 2026: Talento, Juventud y Experiencia<\/strong><\/h3>\n<\/div>\n\n\n<p>La plantilla del Massi MTB Racing Team para esta temporada es una de las m\u00e1s equilibradas y potentes de su historia, combinando figuras consagradas en la Copa del Mundo con las promesas m\u00e1s brillantes del panorama internacional.<\/p>\n\n\n<div class=\"wrapper-heading\">\n<h4 class=\"wp-block-heading\"><strong>Bloque \u00c9lite Masculino<\/strong><\/h4>\n<\/div>\n\n\n<ul class=\"wp-block-list\">\n<li><strong>Gerardo Ulloa (28 a\u00f1os):<\/strong> El referente mexicano llega con un palmar\u00e9s envidiable que incluye una victoria en Copa del Mundo, 8 campeonatos continentales y 11 nacionales. Es la punta de lanza para las citas en Am\u00e9rica y las series mundiales.<\/li>\n\n\n\n<li><strong>Antoine Philipp (27 a\u00f1os):<\/strong> El corredor franc\u00e9s, con 6 podios en Copa del Mundo, aporta la solidez y t\u00e9cnica necesarias para brillar en los circuitos europeos m\u00e1s exigentes.<\/li>\n\n\n\n<li><strong>Mats Tubaas Glende (25 a\u00f1os):<\/strong> El noruego sigue demostrando su progresi\u00f3n ascendente, respaldado por sus 2 podios en Copa del Mundo y su dominio en los campeonatos nacionales de su pa\u00eds.<\/li>\n\n\n\n<li><strong>Jaume Bosch (24 a\u00f1os):<\/strong> Un talento nacional que ya sabe lo que es ganar campeonatos de Espa\u00f1a (XCE) y que busca consolidarse en la categor\u00eda \u00c9lite internacional.<\/li>\n<\/ul>\n\n\n\n<figure class=\"wp-block-image size-large\"><img loading=\"lazy\" decoding=\"async\" width=\"1024\" height=\"683\" src=\"https:\/\/www.inverseteams.com\/wp-content\/uploads\/INVERSE-EQUIPO-CICLISMO-BTT-MASSI-2026-004-1024x683.jpg\" alt=\"\" class=\"wp-image-279913\" srcset=\"https:\/\/www.inverseteams.com\/wp-content\/uploads\/INVERSE-EQUIPO-CICLISMO-BTT-MASSI-2026-004-1024x683.jpg 1024w, https:\/\/www.inverseteams.com\/wp-content\/uploads\/INVERSE-EQUIPO-CICLISMO-BTT-MASSI-2026-004-300x200.jpg 300w, https:\/\/www.inverseteams.com\/wp-content\/uploads\/INVERSE-EQUIPO-CICLISMO-BTT-MASSI-2026-004-768x512.jpg 768w, https:\/\/www.inverseteams.com\/wp-content\/uploads\/INVERSE-EQUIPO-CICLISMO-BTT-MASSI-2026-004-1536x1024.jpg 1536w, https:\/\/www.inverseteams.com\/wp-content\/uploads\/INVERSE-EQUIPO-CICLISMO-BTT-MASSI-2026-004-420x280.jpg 420w, https:\/\/www.inverseteams.com\/wp-content\/uploads\/INVERSE-EQUIPO-CICLISMO-BTT-MASSI-2026-004-64x43.jpg 64w, https:\/\/www.inverseteams.com\/wp-content\/uploads\/INVERSE-EQUIPO-CICLISMO-BTT-MASSI-2026-004.jpg 1920w\" sizes=\"auto, (max-width: 1024px) 100vw, 1024px\" \/><\/figure>\n\n\n<div class=\"wrapper-heading\">\n<h4 class=\"wp-block-heading\"><strong>Bloque \u00c9lite Femenino<\/strong><\/h4>\n<\/div>\n\n\n<ul class=\"wp-block-list\">\n<li><strong>Yana Belomoina (32 a\u00f1os):<\/strong> Una aut\u00e9ntica leyenda del MTB mundial. La ucraniana lidera el equipo femenino con sus 10 victorias y 34 podios en Copa del Mundo, adem\u00e1s de ser m\u00faltiple campeona continental y nacional.<\/li>\n\n\n\n<li><strong>Monserrath Rodr\u00edguez (26 a\u00f1os):<\/strong> La actual campeona continental aporta frescura y resultados consistentes en las series americanas y europeas.<\/li>\n\n\n\n<li><strong>N\u00faria Bosch (26 a\u00f1os):<\/strong> Una pieza clave en el esquema nacional, con un t\u00edtulo nacional y una presencia constante en el podio de la Copa Espa\u00f1a y la Copa Catalana.<\/li>\n<\/ul>\n\n\n\n<figure class=\"wp-block-image size-large\"><img loading=\"lazy\" decoding=\"async\" width=\"1024\" height=\"683\" src=\"https:\/\/www.inverseteams.com\/wp-content\/uploads\/INVERSE-EQUIPO-CICLISMO-BTT-MASSI-2026-005-1024x683.jpg\" alt=\"\" class=\"wp-image-279918\" srcset=\"https:\/\/www.inverseteams.com\/wp-content\/uploads\/INVERSE-EQUIPO-CICLISMO-BTT-MASSI-2026-005-1024x683.jpg 1024w, https:\/\/www.inverseteams.com\/wp-content\/uploads\/INVERSE-EQUIPO-CICLISMO-BTT-MASSI-2026-005-300x200.jpg 300w, https:\/\/www.inverseteams.com\/wp-content\/uploads\/INVERSE-EQUIPO-CICLISMO-BTT-MASSI-2026-005-768x512.jpg 768w, https:\/\/www.inverseteams.com\/wp-content\/uploads\/INVERSE-EQUIPO-CICLISMO-BTT-MASSI-2026-005-1536x1024.jpg 1536w, https:\/\/www.inverseteams.com\/wp-content\/uploads\/INVERSE-EQUIPO-CICLISMO-BTT-MASSI-2026-005-420x280.jpg 420w, https:\/\/www.inverseteams.com\/wp-content\/uploads\/INVERSE-EQUIPO-CICLISMO-BTT-MASSI-2026-005-64x43.jpg 64w, https:\/\/www.inverseteams.com\/wp-content\/uploads\/INVERSE-EQUIPO-CICLISMO-BTT-MASSI-2026-005.jpg 1920w\" sizes=\"auto, (max-width: 1024px) 100vw, 1024px\" \/><\/figure>\n\n\n<div class=\"wrapper-heading\">\n<h4 class=\"wp-block-heading\"><strong>Las Promesas Sub-23<\/strong><\/h4>\n<\/div>\n\n\n<p>El futuro est\u00e1 asegurado con dos nombres que ya est\u00e1n dando mucho que hablar en la categor\u00eda U23:<\/p>\n\n\n\n<ul class=\"wp-block-list\">\n<li><strong>Nathan Cornillon (21 a\u00f1os):<\/strong> Un habitual en los puestos de honor de la Copa de Francia y con un gran desempe\u00f1o en la Copa del Mundo de Haute-Savoie.<\/li>\n\n\n\n<li><strong>Marta Cano (20 a\u00f1os):<\/strong> Con 2 podios en Copa del Mundo y 5 t\u00edtulos nacionales, Marta es una de las ciclistas con mayor proyecci\u00f3n del equipo, destacando ya en pruebas \u00c9lite a pesar de su juventud.<\/li>\n<\/ul>\n\n\n\n<figure class=\"wp-block-image size-large\"><img loading=\"lazy\" decoding=\"async\" width=\"1024\" height=\"683\" src=\"https:\/\/www.inverseteams.com\/wp-content\/uploads\/INVERSE-EQUIPO-CICLISMO-BTT-MASSI-2026-006-1024x683.jpg\" alt=\"\" class=\"wp-image-279923\" srcset=\"https:\/\/www.inverseteams.com\/wp-content\/uploads\/INVERSE-EQUIPO-CICLISMO-BTT-MASSI-2026-006-1024x683.jpg 1024w, https:\/\/www.inverseteams.com\/wp-content\/uploads\/INVERSE-EQUIPO-CICLISMO-BTT-MASSI-2026-006-300x200.jpg 300w, https:\/\/www.inverseteams.com\/wp-content\/uploads\/INVERSE-EQUIPO-CICLISMO-BTT-MASSI-2026-006-768x512.jpg 768w, https:\/\/www.inverseteams.com\/wp-content\/uploads\/INVERSE-EQUIPO-CICLISMO-BTT-MASSI-2026-006-1536x1024.jpg 1536w, https:\/\/www.inverseteams.com\/wp-content\/uploads\/INVERSE-EQUIPO-CICLISMO-BTT-MASSI-2026-006-420x280.jpg 420w, https:\/\/www.inverseteams.com\/wp-content\/uploads\/INVERSE-EQUIPO-CICLISMO-BTT-MASSI-2026-006-64x43.jpg 64w, https:\/\/www.inverseteams.com\/wp-content\/uploads\/INVERSE-EQUIPO-CICLISMO-BTT-MASSI-2026-006.jpg 1920w\" sizes=\"auto, (max-width: 1024px) 100vw, 1024px\" \/><\/figure>\n\n\n<div class=\"wrapper-heading\">\n<h3 class=\"wp-block-heading\"><strong>Inverse y Massi: Tecnolog\u00eda al Servicio del Rendimiento<\/strong><\/h3>\n<\/div>\n\n\n<p>Para alcanzar el \u00e9xito en disciplinas tan exigentes como el XCO (Cross Country Olympic) y el XCC (Short Track), <strong><a href=\"https:\/\/www.inverseteams.com\/es\/ropa-de-ciclismo-personalizada-en-4-semanas\/?utm_source=Blog&amp;utm_medium=blog&amp;utm_campaign=BL-022%2F26+Massi+MTB+Racing+Team+2026+ESP&amp;utm_id=BL-022%2F26+Massi+MTB+Racing+Team+2026+ESP&amp;utm_term=Massi+MTB+Racing+Team+2026+ESP&amp;utm_content=Massi+MTB+Racing+Team+2026+ESP\" type=\"link\" id=\"https:\/\/www.inverseteams.com\/es\/ropa-de-ciclismo-personalizada-en-4-semanas\/?utm_source=Blog&amp;utm_medium=blog&amp;utm_campaign=BL-022%2F26+Massi+MTB+Racing+Team+2026+ESP&amp;utm_id=BL-022%2F26+Massi+MTB+Racing+Team+2026+ESP&amp;utm_term=Massi+MTB+Racing+Team+2026+ESP&amp;utm_content=Massi+MTB+Racing+Team+2026+ESP\">la ropa t\u00e9cnica juega un papel crucial<\/a><\/strong>. Inverse ha desarrollado para el equipo 2026 prendas que utilizan <strong>tejidos de \u00faltima generaci\u00f3n<\/strong>, optimizados para las condiciones de m\u00e1xima intensidad.<\/p>\n\n\n\n<p>La nueva equipaci\u00f3n no solo destaca por su <strong>rojo vibrante<\/strong>, sino por su ajuste ergon\u00f3mico que permite total libertad de movimientos, algo vital cuando se enfrentan a descensos t\u00e9cnicos o ascensos explosivos en circuitos como los de la <strong>UCI MTB World Cup<\/strong>.<\/p>\n\n\n\n<figure class=\"wp-block-image size-large\"><img loading=\"lazy\" decoding=\"async\" width=\"1024\" height=\"683\" src=\"https:\/\/www.inverseteams.com\/wp-content\/uploads\/INVERSE-EQUIPO-CICLISMO-BTT-MASSI-2026-007-1024x683.jpg\" alt=\"\" class=\"wp-image-279928\" srcset=\"https:\/\/www.inverseteams.com\/wp-content\/uploads\/INVERSE-EQUIPO-CICLISMO-BTT-MASSI-2026-007-1024x683.jpg 1024w, https:\/\/www.inverseteams.com\/wp-content\/uploads\/INVERSE-EQUIPO-CICLISMO-BTT-MASSI-2026-007-300x200.jpg 300w, https:\/\/www.inverseteams.com\/wp-content\/uploads\/INVERSE-EQUIPO-CICLISMO-BTT-MASSI-2026-007-768x512.jpg 768w, https:\/\/www.inverseteams.com\/wp-content\/uploads\/INVERSE-EQUIPO-CICLISMO-BTT-MASSI-2026-007-1536x1024.jpg 1536w, https:\/\/www.inverseteams.com\/wp-content\/uploads\/INVERSE-EQUIPO-CICLISMO-BTT-MASSI-2026-007-420x280.jpg 420w, https:\/\/www.inverseteams.com\/wp-content\/uploads\/INVERSE-EQUIPO-CICLISMO-BTT-MASSI-2026-007-64x43.jpg 64w, https:\/\/www.inverseteams.com\/wp-content\/uploads\/INVERSE-EQUIPO-CICLISMO-BTT-MASSI-2026-007.jpg 1920w\" sizes=\"auto, (max-width: 1024px) 100vw, 1024px\" \/><\/figure>\n\n\n<div class=\"wrapper-heading\">\n<h3 class=\"wp-block-heading\"><strong>Alianza ganadora<\/strong><\/h3>\n<\/div>\n\n\n<p><strong>El Massi MTB Racing Team 2026 no es solo un equipo: es toda una declaraci\u00f3n de intenciones<\/strong>. Con el respaldo de Inverse, la escuadra se presenta como una aut\u00e9ntica alianza ganadora que une la s\u00f3lida tradici\u00f3n de la marca catalana Massi con la innovaci\u00f3n textil que Inverse ha desarrollado y perfeccionado en los \u00faltimos a\u00f1os. Esta temporada, el rojo deja de ser \u00fanicamente un color para convertirse en el s\u00edmbolo del \u00e9xito en cada sendero y en cada competici\u00f3n en la que compita el equipo Massi.<\/p>\n\n\n\n<div class=\"wp-block-buttons is-layout-flex wp-block-buttons-is-layout-flex\">\n<div class=\"wp-block-button\"><a class=\"wp-block-button__link wp-element-button\" href=\"https:\/\/www.inverseteams.com\/es\/ropa-de-ciclismo-personalizada-en-4-semanas\/?utm_source=Blog&amp;utm_medium=blog&amp;utm_campaign=BL-022%2F26+Massi+MTB+Racing+Team+2026+ESP&amp;utm_id=BL-022%2F26+Massi+MTB+Racing+Team+2026+ESP&amp;utm_term=Massi+MTB+Racing+Team+2026+ESP&amp;utm_content=Massi+MTB+Racing+Team+2026+ESP\"><strong>Custom Cycling<\/strong><\/a><\/div>\n<\/div>\n\n\n\n<p><\/p>\n","protected":false},"excerpt":{"rendered":"<p>El mundo del mountain bike internacional se prepara para una temporada vibrante. Tras a\u00f1os de \u00e9xitos compartidos, la uni\u00f3n entre Massi e Inverse se consolida en 2026 con un equipo renovado, objetivos ambiciosos y una nueva piel que rinde homenaje a la identidad m\u00e1s pura de la veterana marca de bicicletas: su rojo corporativo. En [&hellip;]<\/p>\n","protected":false},"author":12,"featured_media":279898,"comment_status":"open","ping_status":"open","sticky":false,"template":"","format":"standard","meta":{"_acf_changed":false,"mc4wp_mailchimp_campaign":[],"footnotes":""},"categories":[85],"tags":[7748,22220,22745,22761,22777,22794,7749,22235,22746,22762,22778,22795,9722,22252,22747,22763,22779,10013,22262,22748,22764,22780,16565,22598,22749,22765,22781,16597,22618,22750,22766,22782,18759,22624,22751,22767,22783,18788,22736,22752,22768,22784,18789,22737,22753,22769,22785,18820,22738,22754,22770,22786,18884,22739,22755,22771,22787,20982,22740,22756,22772,22788,20991,22741,22757,22773,22789,21000,22742,22758,22774,22790,21012,22743,22759,22775,22791,7746,21027,22744,22760,22776,22793],"class_list":["post-279897","post","type-post","status-publish","format-standard","has-post-thumbnail","hentry","category-ciclismo","tag-ropa-ciclismo-personalizada","tag-equipacion-ciclismo-personalizada","tag-uci-mtb-world-cup","tag-professional-mtb-team","tag-cross-country-vtt","tag-professionelles-mtb-team","tag-roba-ciclisme-personalitzada","tag-equipacio-ciclisme-personalitzada","tag-equipo-massi-2026","tag-cross-country-mountain-bike","tag-coupe-du-monde-vtt","tag-mountainbike-athleten","tag-inverse-ciclisme-2","tag-custom-cycling-kit","tag-competicion-mtb","tag-xco-mountain-bike-racing","tag-equipe-massi-2026","tag-massi-mtb-team","tag-tenue-cyclisme-personnalisee","tag-ciclismo-profesional","tag-mountain-bike-racing","tag-competition-vtt","tag-custom-cycling-clothing","tag-technical-cycling-apparel","tag-riders-mtb","tag-massi-bikes-racing-team","tag-cyclisme-tout-terrain-2","tag-vetements-cyclisme-personnalises","tag-personalisierte-radsportbekleidung","tag-equipo-mtb-internacional","tag-mountain-bike-athletes","tag-coureurs-vtt","tag-ropa-tecnica-ciclismo","tag-mtb-rennbekleidung","tag-equip-massi-2026","tag-mtb-race-clothing","tag-equipe-vtt-internationale","tag-roba-tecnica-ciclisme","tag-xco-mountain-bike","tag-equipacio-mtb","tag-elite-mtb-riders","tag-elite-mtb-fahrer","tag-ciclisme-de-muntanya","tag-ciclismo-de-montana","tag-ciclisme-professional","tag-mtb-competition-team","tag-xco-mountainbike-rennen","tag-vetements-techniques-cyclisme","tag-massi-mtb-racing-team","tag-equip-professional-mtb","tag-mtb-racing-apparel","tag-mtb-rennteam","tag-technische-radbekleidung","tag-equipo-profesional-mtb","tag-equip-mtb-massi","tag-xcc-short-track-vtt","tag-cross-country-mountainbike","tag-ropa-ciclismo-inverse","tag-cross-country-mtb","tag-copa-del-mon-mtb","tag-equipe-mtb-massi","tag-mountainbike-rennen","tag-roba-ciclisme-inverse","tag-equipacion-mtb","tag-competicio-mtb","tag-equipe-professionnelle-vtt","tag-massi-bikes-team","tag-inverse-cycling-apparel","tag-equipo-mtb-massi","tag-equip-mtb-internacional","tag-xco-vtt","tag-mtb-weltcup","tag-vetements-cyclisme-inverse","tag-xcc-short-track","tag-mtb-world-cup","tag-equipement-vtt-racing","tag-mtb-wettkampfteam","tag-inverse-ciclismo-2","tag-inverse-radsportbekleidung","tag-copa-del-mundo-mtb","tag-mtb-racing-team","tag-equipement-vtt-competition","tag-personalisierte-radtrikots"],"acf":[],"yoast_head":"<!-- This site is optimized with the Yoast SEO plugin v27.3 - https:\/\/yoast.com\/product\/yoast-seo-wordpress\/ -->\n<title>Massi MTB Racing Team 2026: una alianza imbatible con Inverse y un nuevo rugido en rojo | Inverseteams<\/title>\n<meta name=\"description\" content=\"El mundo del mountain bike internacional se prepara para una temporada vibrante. Tras a\u00f1os de \u00e9xitos compartidos, la uni\u00f3n entre Massi e Inverse se consolida en 2026 con un equipo renovado, objetivos ambiciosos y una nueva piel que rinde homenaje a la identidad m\u00e1s pura de la veterana marca de bicicletas: su rojo corporativo.\" \/>\n<meta name=\"robots\" content=\"index, follow, max-snippet:-1, max-image-preview:large, max-video-preview:-1\" \/>\n<link rel=\"canonical\" href=\"https:\/\/www.inverseteams.com\/es\/blog\/massi-mtb-racing-team-2026-una-alianza-imbatible-con-inverse-y-un-nuevo-rugido-en-rojo\/\" \/>\n<meta property=\"og:locale\" content=\"es_ES\" \/>\n<meta property=\"og:type\" content=\"article\" \/>\n<meta property=\"og:title\" content=\"Massi MTB Racing Team 2026: una alianza imbatible con Inverse y un nuevo rugido en rojo | Inverseteams\" \/>\n<meta property=\"og:description\" content=\"El mundo del mountain bike internacional se prepara para una temporada vibrante. Tras a\u00f1os de \u00e9xitos compartidos, la uni\u00f3n entre Massi e Inverse se consolida en 2026 con un equipo renovado, objetivos ambiciosos y una nueva piel que rinde homenaje a la identidad m\u00e1s pura de la veterana marca de bicicletas: su rojo corporativo.\" \/>\n<meta property=\"og:url\" content=\"https:\/\/www.inverseteams.com\/es\/blog\/massi-mtb-racing-team-2026-una-alianza-imbatible-con-inverse-y-un-nuevo-rugido-en-rojo\/\" \/>\n<meta property=\"og:site_name\" content=\"Inverseteams\" \/>\n<meta property=\"article:publisher\" content=\"https:\/\/www.facebook.com\/inverseteams\" \/>\n<meta property=\"article:published_time\" content=\"2026-03-13T10:10:45+00:00\" \/>\n<meta property=\"article:modified_time\" content=\"2026-03-13T10:10:54+00:00\" \/>\n<meta property=\"og:image\" content=\"https:\/\/www.inverseteams.com\/wp-content\/uploads\/INVERSE-EQUIPO-CICLISMO-BTT-MASSI-2026-001.jpg\" \/>\n\t<meta property=\"og:image:width\" content=\"1920\" \/>\n\t<meta property=\"og:image:height\" content=\"1280\" \/>\n\t<meta property=\"og:image:type\" content=\"image\/jpeg\" \/>\n<meta name=\"author\" content=\"xavier\" \/>\n<meta name=\"twitter:card\" content=\"summary_large_image\" \/>\n<meta name=\"twitter:label1\" content=\"Escrito por\" \/>\n\t<meta name=\"twitter:data1\" content=\"xavier\" \/>\n\t<meta name=\"twitter:label2\" content=\"Tiempo de lectura\" \/>\n\t<meta name=\"twitter:data2\" content=\"5 minuto\" \/>\n<script type=\"application\/ld+json\" class=\"yoast-schema-graph\">{\"@context\":\"https:\\\/\\\/schema.org\",\"@graph\":[{\"@type\":\"Article\",\"@id\":\"https:\\\/\\\/www.inverseteams.com\\\/es\\\/blog\\\/massi-mtb-racing-team-2026-una-alianza-imbatible-con-inverse-y-un-nuevo-rugido-en-rojo\\\/#article\",\"isPartOf\":{\"@id\":\"https:\\\/\\\/www.inverseteams.com\\\/es\\\/blog\\\/massi-mtb-racing-team-2026-una-alianza-imbatible-con-inverse-y-un-nuevo-rugido-en-rojo\\\/\"},\"author\":{\"name\":\"xavier\",\"@id\":\"https:\\\/\\\/www.inverseteams.com\\\/es\\\/#\\\/schema\\\/person\\\/8e9cda76b6449aea55a18c6b0f3a15f1\"},\"headline\":\"Massi MTB Racing Team 2026: una alianza imbatible con Inverse y un nuevo rugido en rojo\",\"datePublished\":\"2026-03-13T10:10:45+00:00\",\"dateModified\":\"2026-03-13T10:10:54+00:00\",\"mainEntityOfPage\":{\"@id\":\"https:\\\/\\\/www.inverseteams.com\\\/es\\\/blog\\\/massi-mtb-racing-team-2026-una-alianza-imbatible-con-inverse-y-un-nuevo-rugido-en-rojo\\\/\"},\"wordCount\":790,\"commentCount\":0,\"publisher\":{\"@id\":\"https:\\\/\\\/www.inverseteams.com\\\/es\\\/#organization\"},\"image\":{\"@id\":\"https:\\\/\\\/www.inverseteams.com\\\/es\\\/blog\\\/massi-mtb-racing-team-2026-una-alianza-imbatible-con-inverse-y-un-nuevo-rugido-en-rojo\\\/#primaryimage\"},\"thumbnailUrl\":\"https:\\\/\\\/www.inverseteams.com\\\/wp-content\\\/uploads\\\/INVERSE-EQUIPO-CICLISMO-BTT-MASSI-2026-001.jpg\",\"keywords\":[\"ropa ciclismo personalizada\",\"equipaci\u00f3n ciclismo personalizada\",\"UCI MTB World Cup\",\"professional MTB team\",\"cross country VTT\",\"professionelles MTB Team\",\"roba ciclisme personalitzada\",\"equipaci\u00f3 ciclisme personalitzada\",\"equipo Massi 2026\",\"cross country mountain bike\",\"Coupe du Monde VTT\",\"Mountainbike Athleten\",\"inverse ciclisme\",\"custom cycling kit\",\"competici\u00f3n MTB\",\"XCO mountain bike racing\",\"\u00e9quipe Massi 2026\",\"Massi MTB team\",\"tenue cyclisme personnalis\u00e9e\",\"ciclismo profesional\",\"mountain bike racing\",\"comp\u00e9tition VTT\",\"custom cycling clothing\",\"technical cycling apparel\",\"riders MTB\",\"Massi bikes racing team\",\"cyclisme tout terrain\",\"v\u00eatements cyclisme personnalis\u00e9s\",\"personalisierte Radsportbekleidung\",\"equipo MTB internacional\",\"mountain bike athletes\",\"coureurs VTT\",\"ropa t\u00e9cnica ciclismo\",\"MTB Rennbekleidung\",\"equip Massi 2026\",\"MTB race clothing\",\"\u00e9quipe VTT internationale\",\"roba t\u00e8cnica ciclisme\",\"XCO mountain bike\",\"equipaci\u00f3 MTB\",\"elite MTB riders\",\"Elite MTB Fahrer\",\"ciclisme de muntanya\",\"ciclismo de monta\u00f1a\",\"ciclisme professional\",\"MTB competition team\",\"XCO Mountainbike Rennen\",\"v\u00eatements techniques cyclisme\",\"Massi MTB Racing Team\",\"equip professional MTB\",\"MTB racing apparel\",\"MTB Rennteam\",\"technische Radbekleidung\",\"equipo profesional MTB\",\"equip MTB Massi\",\"XCC short track VTT\",\"Cross Country Mountainbike\",\"Ropa Ciclismo Inverse\",\"Cross Country MTB\",\"Copa del M\u00f3n MTB\",\"\u00e9quipe MTB Massi\",\"Mountainbike Rennen\",\"Roba Ciclisme Inverse\",\"equipaci\u00f3n MTB\",\"competici\u00f3 MTB\",\"\u00e9quipe professionnelle VTT\",\"Massi Bikes Team\",\"Inverse Cycling Apparel\",\"equipo MTB Massi\",\"equip MTB internacional\",\"XCO VTT\",\"MTB Weltcup\",\"V\u00eatements Cyclisme Inverse\",\"XCC short track\",\"MTB World Cup\",\"\u00e9quipement VTT racing\",\"MTB Wettkampfteam\",\"inverse ciclismo\",\"Inverse Radsportbekleidung\",\"Copa del Mundo MTB\",\"MTB racing team\",\"\u00e9quipement VTT comp\u00e9tition\",\"personalisierte Radtrikots\"],\"articleSection\":[\"Ciclismo\"],\"inLanguage\":\"es\",\"potentialAction\":[{\"@type\":\"CommentAction\",\"name\":\"Comment\",\"target\":[\"https:\\\/\\\/www.inverseteams.com\\\/es\\\/blog\\\/massi-mtb-racing-team-2026-una-alianza-imbatible-con-inverse-y-un-nuevo-rugido-en-rojo\\\/#respond\"]}]},{\"@type\":\"WebPage\",\"@id\":\"https:\\\/\\\/www.inverseteams.com\\\/es\\\/blog\\\/massi-mtb-racing-team-2026-una-alianza-imbatible-con-inverse-y-un-nuevo-rugido-en-rojo\\\/\",\"url\":\"https:\\\/\\\/www.inverseteams.com\\\/es\\\/blog\\\/massi-mtb-racing-team-2026-una-alianza-imbatible-con-inverse-y-un-nuevo-rugido-en-rojo\\\/\",\"name\":\"Massi MTB Racing Team 2026: una alianza imbatible con Inverse y un nuevo rugido en rojo | Inverseteams\",\"isPartOf\":{\"@id\":\"https:\\\/\\\/www.inverseteams.com\\\/es\\\/#website\"},\"primaryImageOfPage\":{\"@id\":\"https:\\\/\\\/www.inverseteams.com\\\/es\\\/blog\\\/massi-mtb-racing-team-2026-una-alianza-imbatible-con-inverse-y-un-nuevo-rugido-en-rojo\\\/#primaryimage\"},\"image\":{\"@id\":\"https:\\\/\\\/www.inverseteams.com\\\/es\\\/blog\\\/massi-mtb-racing-team-2026-una-alianza-imbatible-con-inverse-y-un-nuevo-rugido-en-rojo\\\/#primaryimage\"},\"thumbnailUrl\":\"https:\\\/\\\/www.inverseteams.com\\\/wp-content\\\/uploads\\\/INVERSE-EQUIPO-CICLISMO-BTT-MASSI-2026-001.jpg\",\"datePublished\":\"2026-03-13T10:10:45+00:00\",\"dateModified\":\"2026-03-13T10:10:54+00:00\",\"description\":\"El mundo del mountain bike internacional se prepara para una temporada vibrante. Tras a\u00f1os de \u00e9xitos compartidos, la uni\u00f3n entre Massi e Inverse se consolida en 2026 con un equipo renovado, objetivos ambiciosos y una nueva piel que rinde homenaje a la identidad m\u00e1s pura de la veterana marca de bicicletas: su rojo corporativo.\",\"breadcrumb\":{\"@id\":\"https:\\\/\\\/www.inverseteams.com\\\/es\\\/blog\\\/massi-mtb-racing-team-2026-una-alianza-imbatible-con-inverse-y-un-nuevo-rugido-en-rojo\\\/#breadcrumb\"},\"inLanguage\":\"es\",\"potentialAction\":[{\"@type\":\"ReadAction\",\"target\":[\"https:\\\/\\\/www.inverseteams.com\\\/es\\\/blog\\\/massi-mtb-racing-team-2026-una-alianza-imbatible-con-inverse-y-un-nuevo-rugido-en-rojo\\\/\"]}]},{\"@type\":\"ImageObject\",\"inLanguage\":\"es\",\"@id\":\"https:\\\/\\\/www.inverseteams.com\\\/es\\\/blog\\\/massi-mtb-racing-team-2026-una-alianza-imbatible-con-inverse-y-un-nuevo-rugido-en-rojo\\\/#primaryimage\",\"url\":\"https:\\\/\\\/www.inverseteams.com\\\/wp-content\\\/uploads\\\/INVERSE-EQUIPO-CICLISMO-BTT-MASSI-2026-001.jpg\",\"contentUrl\":\"https:\\\/\\\/www.inverseteams.com\\\/wp-content\\\/uploads\\\/INVERSE-EQUIPO-CICLISMO-BTT-MASSI-2026-001.jpg\",\"width\":1920,\"height\":1280},{\"@type\":\"BreadcrumbList\",\"@id\":\"https:\\\/\\\/www.inverseteams.com\\\/es\\\/blog\\\/massi-mtb-racing-team-2026-una-alianza-imbatible-con-inverse-y-un-nuevo-rugido-en-rojo\\\/#breadcrumb\",\"itemListElement\":[{\"@type\":\"ListItem\",\"position\":1,\"name\":\"Portada\",\"item\":\"https:\\\/\\\/www.inverseteams.com\\\/es\\\/\"},{\"@type\":\"ListItem\",\"position\":2,\"name\":\"Massi MTB Racing Team 2026: una alianza imbatible con Inverse y un nuevo rugido en rojo\"}]},{\"@type\":\"WebSite\",\"@id\":\"https:\\\/\\\/www.inverseteams.com\\\/es\\\/#website\",\"url\":\"https:\\\/\\\/www.inverseteams.com\\\/es\\\/\",\"name\":\"Inverseteams\",\"description\":\"Tu marca de ropa deportiva personalizada\",\"publisher\":{\"@id\":\"https:\\\/\\\/www.inverseteams.com\\\/es\\\/#organization\"},\"potentialAction\":[{\"@type\":\"SearchAction\",\"target\":{\"@type\":\"EntryPoint\",\"urlTemplate\":\"https:\\\/\\\/www.inverseteams.com\\\/es\\\/?s={search_term_string}\"},\"query-input\":{\"@type\":\"PropertyValueSpecification\",\"valueRequired\":true,\"valueName\":\"search_term_string\"}}],\"inLanguage\":\"es\"},{\"@type\":\"Organization\",\"@id\":\"https:\\\/\\\/www.inverseteams.com\\\/es\\\/#organization\",\"name\":\"Inverse Teams\",\"url\":\"https:\\\/\\\/www.inverseteams.com\\\/es\\\/\",\"logo\":{\"@type\":\"ImageObject\",\"inLanguage\":\"es\",\"@id\":\"https:\\\/\\\/www.inverseteams.com\\\/es\\\/#\\\/schema\\\/logo\\\/image\\\/\",\"url\":\"https:\\\/\\\/www.inverseteams.com\\\/wp-content\\\/uploads\\\/2021\\\/03\\\/logo-inverse-teams.png\",\"contentUrl\":\"https:\\\/\\\/www.inverseteams.com\\\/wp-content\\\/uploads\\\/2021\\\/03\\\/logo-inverse-teams.png\",\"width\":294,\"height\":99,\"caption\":\"Inverse Teams\"},\"image\":{\"@id\":\"https:\\\/\\\/www.inverseteams.com\\\/es\\\/#\\\/schema\\\/logo\\\/image\\\/\"},\"sameAs\":[\"https:\\\/\\\/www.facebook.com\\\/inverseteams\",\"http:\\\/\\\/instagram.com\\\/inverseteams\",\"https:\\\/\\\/www.linkedin.com\\\/company\\\/inverse-cirosport-s-l-?trk=job_view_topcard_company_name\",\"http:\\\/\\\/www.pinterest.com\\\/inverseteams\\\/\",\"http:\\\/\\\/www.youtube.com\\\/user\\\/inverseteams?feature=watch\"]},{\"@type\":\"Person\",\"@id\":\"https:\\\/\\\/www.inverseteams.com\\\/es\\\/#\\\/schema\\\/person\\\/8e9cda76b6449aea55a18c6b0f3a15f1\",\"name\":\"xavier\",\"image\":{\"@type\":\"ImageObject\",\"inLanguage\":\"es\",\"@id\":\"https:\\\/\\\/secure.gravatar.com\\\/avatar\\\/602b199a1f28e97d83ab3a8bcb642260f5afd77cb09704889d85ddd70643cddb?s=96&d=mm&r=g\",\"url\":\"https:\\\/\\\/secure.gravatar.com\\\/avatar\\\/602b199a1f28e97d83ab3a8bcb642260f5afd77cb09704889d85ddd70643cddb?s=96&d=mm&r=g\",\"contentUrl\":\"https:\\\/\\\/secure.gravatar.com\\\/avatar\\\/602b199a1f28e97d83ab3a8bcb642260f5afd77cb09704889d85ddd70643cddb?s=96&d=mm&r=g\",\"caption\":\"xavier\"}}]}<\/script>\n<!-- \/ Yoast SEO plugin. -->","yoast_head_json":{"title":"Massi MTB Racing Team 2026: una alianza imbatible con Inverse y un nuevo rugido en rojo | Inverseteams","description":"El mundo del mountain bike internacional se prepara para una temporada vibrante. Tras a\u00f1os de \u00e9xitos compartidos, la uni\u00f3n entre Massi e Inverse se consolida en 2026 con un equipo renovado, objetivos ambiciosos y una nueva piel que rinde homenaje a la identidad m\u00e1s pura de la veterana marca de bicicletas: su rojo corporativo.","robots":{"index":"index","follow":"follow","max-snippet":"max-snippet:-1","max-image-preview":"max-image-preview:large","max-video-preview":"max-video-preview:-1"},"canonical":"https:\/\/www.inverseteams.com\/es\/blog\/massi-mtb-racing-team-2026-una-alianza-imbatible-con-inverse-y-un-nuevo-rugido-en-rojo\/","og_locale":"es_ES","og_type":"article","og_title":"Massi MTB Racing Team 2026: una alianza imbatible con Inverse y un nuevo rugido en rojo | Inverseteams","og_description":"El mundo del mountain bike internacional se prepara para una temporada vibrante. Tras a\u00f1os de \u00e9xitos compartidos, la uni\u00f3n entre Massi e Inverse se consolida en 2026 con un equipo renovado, objetivos ambiciosos y una nueva piel que rinde homenaje a la identidad m\u00e1s pura de la veterana marca de bicicletas: su rojo corporativo.","og_url":"https:\/\/www.inverseteams.com\/es\/blog\/massi-mtb-racing-team-2026-una-alianza-imbatible-con-inverse-y-un-nuevo-rugido-en-rojo\/","og_site_name":"Inverseteams","article_publisher":"https:\/\/www.facebook.com\/inverseteams","article_published_time":"2026-03-13T10:10:45+00:00","article_modified_time":"2026-03-13T10:10:54+00:00","og_image":[{"width":1920,"height":1280,"url":"https:\/\/www.inverseteams.com\/wp-content\/uploads\/INVERSE-EQUIPO-CICLISMO-BTT-MASSI-2026-001.jpg","type":"image\/jpeg"}],"author":"xavier","twitter_card":"summary_large_image","twitter_misc":{"Escrito por":"xavier","Tiempo de lectura":"5 minuto"},"schema":{"@context":"https:\/\/schema.org","@graph":[{"@type":"Article","@id":"https:\/\/www.inverseteams.com\/es\/blog\/massi-mtb-racing-team-2026-una-alianza-imbatible-con-inverse-y-un-nuevo-rugido-en-rojo\/#article","isPartOf":{"@id":"https:\/\/www.inverseteams.com\/es\/blog\/massi-mtb-racing-team-2026-una-alianza-imbatible-con-inverse-y-un-nuevo-rugido-en-rojo\/"},"author":{"name":"xavier","@id":"https:\/\/www.inverseteams.com\/es\/#\/schema\/person\/8e9cda76b6449aea55a18c6b0f3a15f1"},"headline":"Massi MTB Racing Team 2026: una alianza imbatible con Inverse y un nuevo rugido en rojo","datePublished":"2026-03-13T10:10:45+00:00","dateModified":"2026-03-13T10:10:54+00:00","mainEntityOfPage":{"@id":"https:\/\/www.inverseteams.com\/es\/blog\/massi-mtb-racing-team-2026-una-alianza-imbatible-con-inverse-y-un-nuevo-rugido-en-rojo\/"},"wordCount":790,"commentCount":0,"publisher":{"@id":"https:\/\/www.inverseteams.com\/es\/#organization"},"image":{"@id":"https:\/\/www.inverseteams.com\/es\/blog\/massi-mtb-racing-team-2026-una-alianza-imbatible-con-inverse-y-un-nuevo-rugido-en-rojo\/#primaryimage"},"thumbnailUrl":"https:\/\/www.inverseteams.com\/wp-content\/uploads\/INVERSE-EQUIPO-CICLISMO-BTT-MASSI-2026-001.jpg","keywords":["ropa ciclismo personalizada","equipaci\u00f3n ciclismo personalizada","UCI MTB World Cup","professional MTB team","cross country VTT","professionelles MTB Team","roba ciclisme personalitzada","equipaci\u00f3 ciclisme personalitzada","equipo Massi 2026","cross country mountain bike","Coupe du Monde VTT","Mountainbike Athleten","inverse ciclisme","custom cycling kit","competici\u00f3n MTB","XCO mountain bike racing","\u00e9quipe Massi 2026","Massi MTB team","tenue cyclisme personnalis\u00e9e","ciclismo profesional","mountain bike racing","comp\u00e9tition VTT","custom cycling clothing","technical cycling apparel","riders MTB","Massi bikes racing team","cyclisme tout terrain","v\u00eatements cyclisme personnalis\u00e9s","personalisierte Radsportbekleidung","equipo MTB internacional","mountain bike athletes","coureurs VTT","ropa t\u00e9cnica ciclismo","MTB Rennbekleidung","equip Massi 2026","MTB race clothing","\u00e9quipe VTT internationale","roba t\u00e8cnica ciclisme","XCO mountain bike","equipaci\u00f3 MTB","elite MTB riders","Elite MTB Fahrer","ciclisme de muntanya","ciclismo de monta\u00f1a","ciclisme professional","MTB competition team","XCO Mountainbike Rennen","v\u00eatements techniques cyclisme","Massi MTB Racing Team","equip professional MTB","MTB racing apparel","MTB Rennteam","technische Radbekleidung","equipo profesional MTB","equip MTB Massi","XCC short track VTT","Cross Country Mountainbike","Ropa Ciclismo Inverse","Cross Country MTB","Copa del M\u00f3n MTB","\u00e9quipe MTB Massi","Mountainbike Rennen","Roba Ciclisme Inverse","equipaci\u00f3n MTB","competici\u00f3 MTB","\u00e9quipe professionnelle VTT","Massi Bikes Team","Inverse Cycling Apparel","equipo MTB Massi","equip MTB internacional","XCO VTT","MTB Weltcup","V\u00eatements Cyclisme Inverse","XCC short track","MTB World Cup","\u00e9quipement VTT racing","MTB Wettkampfteam","inverse ciclismo","Inverse Radsportbekleidung","Copa del Mundo MTB","MTB racing team","\u00e9quipement VTT comp\u00e9tition","personalisierte Radtrikots"],"articleSection":["Ciclismo"],"inLanguage":"es","potentialAction":[{"@type":"CommentAction","name":"Comment","target":["https:\/\/www.inverseteams.com\/es\/blog\/massi-mtb-racing-team-2026-una-alianza-imbatible-con-inverse-y-un-nuevo-rugido-en-rojo\/#respond"]}]},{"@type":"WebPage","@id":"https:\/\/www.inverseteams.com\/es\/blog\/massi-mtb-racing-team-2026-una-alianza-imbatible-con-inverse-y-un-nuevo-rugido-en-rojo\/","url":"https:\/\/www.inverseteams.com\/es\/blog\/massi-mtb-racing-team-2026-una-alianza-imbatible-con-inverse-y-un-nuevo-rugido-en-rojo\/","name":"Massi MTB Racing Team 2026: una alianza imbatible con Inverse y un nuevo rugido en rojo | Inverseteams","isPartOf":{"@id":"https:\/\/www.inverseteams.com\/es\/#website"},"primaryImageOfPage":{"@id":"https:\/\/www.inverseteams.com\/es\/blog\/massi-mtb-racing-team-2026-una-alianza-imbatible-con-inverse-y-un-nuevo-rugido-en-rojo\/#primaryimage"},"image":{"@id":"https:\/\/www.inverseteams.com\/es\/blog\/massi-mtb-racing-team-2026-una-alianza-imbatible-con-inverse-y-un-nuevo-rugido-en-rojo\/#primaryimage"},"thumbnailUrl":"https:\/\/www.inverseteams.com\/wp-content\/uploads\/INVERSE-EQUIPO-CICLISMO-BTT-MASSI-2026-001.jpg","datePublished":"2026-03-13T10:10:45+00:00","dateModified":"2026-03-13T10:10:54+00:00","description":"El mundo del mountain bike internacional se prepara para una temporada vibrante. Tras a\u00f1os de \u00e9xitos compartidos, la uni\u00f3n entre Massi e Inverse se consolida en 2026 con un equipo renovado, objetivos ambiciosos y una nueva piel que rinde homenaje a la identidad m\u00e1s pura de la veterana marca de bicicletas: su rojo corporativo.","breadcrumb":{"@id":"https:\/\/www.inverseteams.com\/es\/blog\/massi-mtb-racing-team-2026-una-alianza-imbatible-con-inverse-y-un-nuevo-rugido-en-rojo\/#breadcrumb"},"inLanguage":"es","potentialAction":[{"@type":"ReadAction","target":["https:\/\/www.inverseteams.com\/es\/blog\/massi-mtb-racing-team-2026-una-alianza-imbatible-con-inverse-y-un-nuevo-rugido-en-rojo\/"]}]},{"@type":"ImageObject","inLanguage":"es","@id":"https:\/\/www.inverseteams.com\/es\/blog\/massi-mtb-racing-team-2026-una-alianza-imbatible-con-inverse-y-un-nuevo-rugido-en-rojo\/#primaryimage","url":"https:\/\/www.inverseteams.com\/wp-content\/uploads\/INVERSE-EQUIPO-CICLISMO-BTT-MASSI-2026-001.jpg","contentUrl":"https:\/\/www.inverseteams.com\/wp-content\/uploads\/INVERSE-EQUIPO-CICLISMO-BTT-MASSI-2026-001.jpg","width":1920,"height":1280},{"@type":"BreadcrumbList","@id":"https:\/\/www.inverseteams.com\/es\/blog\/massi-mtb-racing-team-2026-una-alianza-imbatible-con-inverse-y-un-nuevo-rugido-en-rojo\/#breadcrumb","itemListElement":[{"@type":"ListItem","position":1,"name":"Portada","item":"https:\/\/www.inverseteams.com\/es\/"},{"@type":"ListItem","position":2,"name":"Massi MTB Racing Team 2026: una alianza imbatible con Inverse y un nuevo rugido en rojo"}]},{"@type":"WebSite","@id":"https:\/\/www.inverseteams.com\/es\/#website","url":"https:\/\/www.inverseteams.com\/es\/","name":"Inverseteams","description":"Tu marca de ropa deportiva personalizada","publisher":{"@id":"https:\/\/www.inverseteams.com\/es\/#organization"},"potentialAction":[{"@type":"SearchAction","target":{"@type":"EntryPoint","urlTemplate":"https:\/\/www.inverseteams.com\/es\/?s={search_term_string}"},"query-input":{"@type":"PropertyValueSpecification","valueRequired":true,"valueName":"search_term_string"}}],"inLanguage":"es"},{"@type":"Organization","@id":"https:\/\/www.inverseteams.com\/es\/#organization","name":"Inverse Teams","url":"https:\/\/www.inverseteams.com\/es\/","logo":{"@type":"ImageObject","inLanguage":"es","@id":"https:\/\/www.inverseteams.com\/es\/#\/schema\/logo\/image\/","url":"https:\/\/www.inverseteams.com\/wp-content\/uploads\/2021\/03\/logo-inverse-teams.png","contentUrl":"https:\/\/www.inverseteams.com\/wp-content\/uploads\/2021\/03\/logo-inverse-teams.png","width":294,"height":99,"caption":"Inverse Teams"},"image":{"@id":"https:\/\/www.inverseteams.com\/es\/#\/schema\/logo\/image\/"},"sameAs":["https:\/\/www.facebook.com\/inverseteams","http:\/\/instagram.com\/inverseteams","https:\/\/www.linkedin.com\/company\/inverse-cirosport-s-l-?trk=job_view_topcard_company_name","http:\/\/www.pinterest.com\/inverseteams\/","http:\/\/www.youtube.com\/user\/inverseteams?feature=watch"]},{"@type":"Person","@id":"https:\/\/www.inverseteams.com\/es\/#\/schema\/person\/8e9cda76b6449aea55a18c6b0f3a15f1","name":"xavier","image":{"@type":"ImageObject","inLanguage":"es","@id":"https:\/\/secure.gravatar.com\/avatar\/602b199a1f28e97d83ab3a8bcb642260f5afd77cb09704889d85ddd70643cddb?s=96&d=mm&r=g","url":"https:\/\/secure.gravatar.com\/avatar\/602b199a1f28e97d83ab3a8bcb642260f5afd77cb09704889d85ddd70643cddb?s=96&d=mm&r=g","contentUrl":"https:\/\/secure.gravatar.com\/avatar\/602b199a1f28e97d83ab3a8bcb642260f5afd77cb09704889d85ddd70643cddb?s=96&d=mm&r=g","caption":"xavier"}}]}},"_links":{"self":[{"href":"https:\/\/www.inverseteams.com\/es\/wp-json\/wp\/v2\/posts\/279897","targetHints":{"allow":["GET"]}}],"collection":[{"href":"https:\/\/www.inverseteams.com\/es\/wp-json\/wp\/v2\/posts"}],"about":[{"href":"https:\/\/www.inverseteams.com\/es\/wp-json\/wp\/v2\/types\/post"}],"author":[{"embeddable":true,"href":"https:\/\/www.inverseteams.com\/es\/wp-json\/wp\/v2\/users\/12"}],"replies":[{"embeddable":true,"href":"https:\/\/www.inverseteams.com\/es\/wp-json\/wp\/v2\/comments?post=279897"}],"version-history":[{"count":0,"href":"https:\/\/www.inverseteams.com\/es\/wp-json\/wp\/v2\/posts\/279897\/revisions"}],"wp:featuredmedia":[{"embeddable":true,"href":"https:\/\/www.inverseteams.com\/es\/wp-json\/wp\/v2\/media\/279898"}],"wp:attachment":[{"href":"https:\/\/www.inverseteams.com\/es\/wp-json\/wp\/v2\/media?parent=279897"}],"wp:term":[{"taxonomy":"category","embeddable":true,"href":"https:\/\/www.inverseteams.com\/es\/wp-json\/wp\/v2\/categories?post=279897"},{"taxonomy":"post_tag","embeddable":true,"href":"https:\/\/www.inverseteams.com\/es\/wp-json\/wp\/v2\/tags?post=279897"}],"curies":[{"name":"wp","href":"https:\/\/api.w.org\/{rel}","templated":true}]}}