{"id":185353,"date":"2024-02-21T06:30:00","date_gmt":"2024-02-21T06:30:00","guid":{"rendered":"https:\/\/www.inverseteams.com\/?p=185353"},"modified":"2024-02-19T11:26:58","modified_gmt":"2024-02-19T11:26:58","slug":"el-massi-mtb-racing-team-2024-renueva-su-estilo-con-las-vibrantes-prendas-ciclistas-de-inverse","status":"publish","type":"post","link":"https:\/\/www.inverseteams.com\/es\/blog\/el-massi-mtb-racing-team-2024-renueva-su-estilo-con-las-vibrantes-prendas-ciclistas-de-inverse\/","title":{"rendered":"El Massi MTB Racing Team 2024 renueva su estilo con las vibrantes prendas ciclistas de Inverse"},"content":{"rendered":"\n<figure class=\"wp-block-image size-large\"><img loading=\"lazy\" decoding=\"async\" width=\"1024\" height=\"683\" src=\"https:\/\/www.inverseteams.com\/wp-content\/uploads\/INVERSE-EQUIPO-MTB-MASSI-001-1024x683.jpg\" alt=\"\" class=\"wp-image-185354\" srcset=\"https:\/\/www.inverseteams.com\/wp-content\/uploads\/INVERSE-EQUIPO-MTB-MASSI-001-1024x683.jpg 1024w, https:\/\/www.inverseteams.com\/wp-content\/uploads\/INVERSE-EQUIPO-MTB-MASSI-001-300x200.jpg 300w, https:\/\/www.inverseteams.com\/wp-content\/uploads\/INVERSE-EQUIPO-MTB-MASSI-001-768x512.jpg 768w, https:\/\/www.inverseteams.com\/wp-content\/uploads\/INVERSE-EQUIPO-MTB-MASSI-001-1536x1024.jpg 1536w, https:\/\/www.inverseteams.com\/wp-content\/uploads\/INVERSE-EQUIPO-MTB-MASSI-001-420x280.jpg 420w, https:\/\/www.inverseteams.com\/wp-content\/uploads\/INVERSE-EQUIPO-MTB-MASSI-001-64x43.jpg 64w, https:\/\/www.inverseteams.com\/wp-content\/uploads\/INVERSE-EQUIPO-MTB-MASSI-001.jpg 1920w\" sizes=\"auto, (max-width: 1024px) 100vw, 1024px\" \/><\/figure>\n\n\n<div class=\"wrapper-heading\">\n<h2 class=\"wp-block-heading\">Inverse viste con una nueva espectacular ropa ciclista al renovado equipo Massi MTB Racing Team 2024, que contin\u00faa formado por riders de distintas nacionalidades.<\/h2>\n<\/div>\n\n<div class=\"wrapper-heading\">\n<h3 class=\"wp-block-heading\">El mexicano Jos\u00e9 Gerardo Ulloa, que domin\u00f3 durante el 2023 el Panamericano de XCO y Short Track ante diversos rivales de Copa del Mundo, sigue siendo uno de los riders m\u00e1s destacados del Massi MTB Racing Team 2024.<\/h3>\n<\/div>\n\n<div class=\"wrapper-heading\">\n<h4 class=\"wp-block-heading\">La mexicana Monserrath Rodr\u00edguez y el franc\u00e9s Maxime Loret tambi\u00e9n contin\u00faan esta temporada en el Massi MTB Racing Team 2024. El nuevo equipo incorpora a destacados riders de Francia, Espa\u00f1a, M\u00e9xico y Suecia.<\/h4>\n<\/div>\n\n\n<figure class=\"wp-block-embed is-type-video is-provider-youtube wp-block-embed-youtube wp-embed-aspect-16-9 wp-has-aspect-ratio\"><div class=\"wp-block-embed__wrapper\">\n<iframe loading=\"lazy\" title=\"Massi MTB Racing Team 2024 by Inverse\" width=\"640\" height=\"360\" src=\"https:\/\/www.youtube.com\/embed\/_APqEeEGHo4?feature=oembed\" frameborder=\"0\" allow=\"accelerometer; autoplay; clipboard-write; encrypted-media; gyroscope; picture-in-picture; web-share\" referrerpolicy=\"strict-origin-when-cross-origin\" allowfullscreen><\/iframe>\n<\/div><\/figure>\n\n\n\n<figure class=\"wp-block-image size-large\"><img loading=\"lazy\" decoding=\"async\" width=\"1024\" height=\"683\" src=\"https:\/\/www.inverseteams.com\/wp-content\/uploads\/INVERSE-EQUIPO-MTB-MASSI-002-1024x683.jpg\" alt=\"\" class=\"wp-image-185359\" srcset=\"https:\/\/www.inverseteams.com\/wp-content\/uploads\/INVERSE-EQUIPO-MTB-MASSI-002-1024x683.jpg 1024w, https:\/\/www.inverseteams.com\/wp-content\/uploads\/INVERSE-EQUIPO-MTB-MASSI-002-300x200.jpg 300w, https:\/\/www.inverseteams.com\/wp-content\/uploads\/INVERSE-EQUIPO-MTB-MASSI-002-768x512.jpg 768w, https:\/\/www.inverseteams.com\/wp-content\/uploads\/INVERSE-EQUIPO-MTB-MASSI-002-1536x1024.jpg 1536w, https:\/\/www.inverseteams.com\/wp-content\/uploads\/INVERSE-EQUIPO-MTB-MASSI-002-420x280.jpg 420w, https:\/\/www.inverseteams.com\/wp-content\/uploads\/INVERSE-EQUIPO-MTB-MASSI-002-64x43.jpg 64w, https:\/\/www.inverseteams.com\/wp-content\/uploads\/INVERSE-EQUIPO-MTB-MASSI-002.jpg 1920w\" sizes=\"auto, (max-width: 1024px) 100vw, 1024px\" \/><\/figure>\n\n\n<div class=\"wrapper-heading\">\n<h4 class=\"wp-block-heading\"><strong>Un equipo esencial para poner a prueba las bicicletas de Massi y la ropa de ciclismo de MTB de Inverse<\/strong><\/h4>\n<\/div>\n\n\n<p>Inverse y <a href=\"https:\/\/www.massi.bike\/\">Massi<\/a> coinciden en un punto crucial: la situaci\u00f3n actual del ciclismo de monta\u00f1a de competici\u00f3n es sumamente positiva y contin\u00faa experimentando un crecimiento sostenido. <strong>El MTB destaca como uno de los deportes ciclistas m\u00e1s emocionantes y desafiantes<\/strong>, conquistando la preferencia de entusiastas del ciclismo y amantes de los deportes al aire libre a nivel mundial.<\/p>\n\n\n\n<p>En los \u00faltimos a\u00f1os, se ha presenciado un <strong>notable aumento en la cantidad de eventos y competiciones de MTB<\/strong>, que van desde carreras a nivel local hasta prestigiosos eventos internacionales de \u00e9lite, como la Copa del Mundo de MTB. A su vez, observamos un incremento en el n\u00famero de ciclistas que se dedican exclusivamente al MTB, comprometi\u00e9ndose a mejorar constantemente sus habilidades y rendimiento para participar en los circuitos profesionales.<\/p>\n\n\n\n<p><strong>Un factor determinante en el crecimiento del sector del MTB es la innovaci\u00f3n tecnol\u00f3gica.<\/strong> Las bicicletas de competici\u00f3n, como las desarrolladas por Massi, han evolucionado hacia modelos m\u00e1s avanzados y especializados, generando un aumento significativo en la velocidad y la seguridad, as\u00ed como una mejora notable en la experiencia competitiva.<\/p>\n\n\n\n<p>Lo mismo ocurre con la ropa personalizada para el ciclismo de monta\u00f1a, <strong>donde Inverse se ha destacado durante a\u00f1os en el desarrollo continuo y la mejora de una l\u00ednea de ropa personalizada adaptada a diversas competiciones de BTT, MTB o Ciclocross<\/strong>, siempre enfocada en proporcionar la m\u00e1xima comodidad y eficacia para los ciclistas.<\/p>\n\n\n\n<p>Por tanto, <strong>la presencia estrat\u00e9gica y fundamental del equipo Massi MTB Racing Team 2024 sigue siendo crucial para poner a prueba, mejorar y evolucionar tanto las bicicletas de Massi como la ropa personalizada de ciclismo de Inverse.<\/strong><\/p>\n\n\n\n<figure class=\"wp-block-image size-large\"><img loading=\"lazy\" decoding=\"async\" width=\"1024\" height=\"683\" src=\"https:\/\/www.inverseteams.com\/wp-content\/uploads\/INVERSE-EQUIPO-MTB-MASSI-003-1024x683.jpg\" alt=\"\" class=\"wp-image-185364\" srcset=\"https:\/\/www.inverseteams.com\/wp-content\/uploads\/INVERSE-EQUIPO-MTB-MASSI-003-1024x683.jpg 1024w, https:\/\/www.inverseteams.com\/wp-content\/uploads\/INVERSE-EQUIPO-MTB-MASSI-003-300x200.jpg 300w, https:\/\/www.inverseteams.com\/wp-content\/uploads\/INVERSE-EQUIPO-MTB-MASSI-003-768x512.jpg 768w, https:\/\/www.inverseteams.com\/wp-content\/uploads\/INVERSE-EQUIPO-MTB-MASSI-003-1536x1024.jpg 1536w, https:\/\/www.inverseteams.com\/wp-content\/uploads\/INVERSE-EQUIPO-MTB-MASSI-003-420x280.jpg 420w, https:\/\/www.inverseteams.com\/wp-content\/uploads\/INVERSE-EQUIPO-MTB-MASSI-003-64x43.jpg 64w, https:\/\/www.inverseteams.com\/wp-content\/uploads\/INVERSE-EQUIPO-MTB-MASSI-003.jpg 1920w\" sizes=\"auto, (max-width: 1024px) 100vw, 1024px\" \/><\/figure>\n\n\n<div class=\"wrapper-heading\">\n<h4 class=\"wp-block-heading\"><strong>Un equipo ideal<\/strong><\/h4>\n<\/div>\n\n\n<p><strong>El Massi MTB Racing Team ha destacado en temporadas anteriores por su rendimiento excepcional<\/strong>. En la b\u00fasqueda continua de la excelencia, el renovado equipo profesional Massi MTB Racing tiene como principales metas la conquista de t\u00edtulos nacionales tanto en Europa como en Am\u00e9rica, as\u00ed como alcanzar podios en la Copa del Mundo y el Campeonato Mundial.<\/p>\n\n\n\n<p>Estos objetivos, marcados por su ambici\u00f3n, han impulsado a Massi a conformar un equipo de \u00e9lite compuesto por nueve destacados ciclistas: cinco hombres y cuatro mujeres, y provenientes de cuatro nacionalidades distintas. Entre ellos se encuentran los mexicanos <strong>Jos\u00e9 Gerardo Ulloa<\/strong> y <strong>Monserrath Rodr\u00edguez<\/strong>, los franceses <strong>Maxime Loret<\/strong>, <strong>Antoine Philipp<\/strong>, <strong>Loan Cheneval<\/strong> y <strong>No\u00e9mie Pan<\/strong>, la sueca <strong>Linn Gustafzzon<\/strong>, y los hermanos catalanes <strong>N\u00faria Bosch<\/strong> y <strong>Jaume Bosch<\/strong>. Este conjunto diverso y talentoso encarna la determinaci\u00f3n de Massi para alcanzar <strong>nuevas alturas en la escena internacional del ciclismo de monta\u00f1a.<\/strong><\/p>\n\n\n\n<figure class=\"wp-block-image size-large\"><img loading=\"lazy\" decoding=\"async\" width=\"1024\" height=\"683\" src=\"https:\/\/www.inverseteams.com\/wp-content\/uploads\/INVERSE-EQUIPO-MTB-MASSI-004-1024x683.jpg\" alt=\"\" class=\"wp-image-185369\" srcset=\"https:\/\/www.inverseteams.com\/wp-content\/uploads\/INVERSE-EQUIPO-MTB-MASSI-004-1024x683.jpg 1024w, https:\/\/www.inverseteams.com\/wp-content\/uploads\/INVERSE-EQUIPO-MTB-MASSI-004-300x200.jpg 300w, https:\/\/www.inverseteams.com\/wp-content\/uploads\/INVERSE-EQUIPO-MTB-MASSI-004-768x512.jpg 768w, https:\/\/www.inverseteams.com\/wp-content\/uploads\/INVERSE-EQUIPO-MTB-MASSI-004-1536x1024.jpg 1536w, https:\/\/www.inverseteams.com\/wp-content\/uploads\/INVERSE-EQUIPO-MTB-MASSI-004-420x280.jpg 420w, https:\/\/www.inverseteams.com\/wp-content\/uploads\/INVERSE-EQUIPO-MTB-MASSI-004-64x43.jpg 64w, https:\/\/www.inverseteams.com\/wp-content\/uploads\/INVERSE-EQUIPO-MTB-MASSI-004.jpg 1920w\" sizes=\"auto, (max-width: 1024px) 100vw, 1024px\" \/><\/figure>\n\n\n\n<figure class=\"wp-block-image size-large\"><img loading=\"lazy\" decoding=\"async\" width=\"1024\" height=\"683\" src=\"https:\/\/www.inverseteams.com\/wp-content\/uploads\/INVERSE-EQUIPO-MTB-MASSI-005-1024x683.jpg\" alt=\"\" class=\"wp-image-185374\" srcset=\"https:\/\/www.inverseteams.com\/wp-content\/uploads\/INVERSE-EQUIPO-MTB-MASSI-005-1024x683.jpg 1024w, https:\/\/www.inverseteams.com\/wp-content\/uploads\/INVERSE-EQUIPO-MTB-MASSI-005-300x200.jpg 300w, https:\/\/www.inverseteams.com\/wp-content\/uploads\/INVERSE-EQUIPO-MTB-MASSI-005-768x512.jpg 768w, https:\/\/www.inverseteams.com\/wp-content\/uploads\/INVERSE-EQUIPO-MTB-MASSI-005-1536x1024.jpg 1536w, https:\/\/www.inverseteams.com\/wp-content\/uploads\/INVERSE-EQUIPO-MTB-MASSI-005-420x280.jpg 420w, https:\/\/www.inverseteams.com\/wp-content\/uploads\/INVERSE-EQUIPO-MTB-MASSI-005-64x43.jpg 64w, https:\/\/www.inverseteams.com\/wp-content\/uploads\/INVERSE-EQUIPO-MTB-MASSI-005.jpg 1920w\" sizes=\"auto, (max-width: 1024px) 100vw, 1024px\" \/><\/figure>\n\n\n\n<figure class=\"wp-block-image size-large\"><img loading=\"lazy\" decoding=\"async\" width=\"1024\" height=\"683\" src=\"https:\/\/www.inverseteams.com\/wp-content\/uploads\/INVERSE-EQUIPO-MTB-MASSI-006-1024x683.jpg\" alt=\"\" class=\"wp-image-185379\" srcset=\"https:\/\/www.inverseteams.com\/wp-content\/uploads\/INVERSE-EQUIPO-MTB-MASSI-006-1024x683.jpg 1024w, https:\/\/www.inverseteams.com\/wp-content\/uploads\/INVERSE-EQUIPO-MTB-MASSI-006-300x200.jpg 300w, https:\/\/www.inverseteams.com\/wp-content\/uploads\/INVERSE-EQUIPO-MTB-MASSI-006-768x512.jpg 768w, https:\/\/www.inverseteams.com\/wp-content\/uploads\/INVERSE-EQUIPO-MTB-MASSI-006-1536x1024.jpg 1536w, https:\/\/www.inverseteams.com\/wp-content\/uploads\/INVERSE-EQUIPO-MTB-MASSI-006-420x280.jpg 420w, https:\/\/www.inverseteams.com\/wp-content\/uploads\/INVERSE-EQUIPO-MTB-MASSI-006-64x43.jpg 64w, https:\/\/www.inverseteams.com\/wp-content\/uploads\/INVERSE-EQUIPO-MTB-MASSI-006.jpg 1920w\" sizes=\"auto, (max-width: 1024px) 100vw, 1024px\" \/><\/figure>\n\n\n<div class=\"wrapper-heading\">\n<h4 class=\"wp-block-heading\"><strong>Encuentro \u00e9pico entre dos ic\u00f3nicas marcas del mundo del ciclismo<\/strong><\/h4>\n<\/div>\n\n\n<p>En la cuarta temporada consecutiva, <strong>las marcas catalanas Inverse y Massi mantienen una estrecha colaboraci\u00f3n<\/strong>. Ambas marcas tienen una s\u00f3lida presencia en el continente europeo, Am\u00e9rica Central y Sudam\u00e9rica, destacando su fuerte posicionamiento en el mercado franc\u00e9s.<\/p>\n\n\n\n<p>Incontestablemente, <a href=\"https:\/\/www.inverseteams.com\/es\/historia\/\">Inverse, desde su fundaci\u00f3n en 1969<\/a>, y Massi, desde 1934, se destacan como algunas de las <strong>marcas m\u00e1s emblem\u00e1ticas de Espa\u00f1a<\/strong> con una amplia experiencia y renombre tanto a nivel nacional como internacional en el \u00e1mbito del ciclismo.<\/p>\n\n\n\n<figure class=\"wp-block-image size-large\"><img loading=\"lazy\" decoding=\"async\" width=\"1024\" height=\"683\" src=\"https:\/\/www.inverseteams.com\/wp-content\/uploads\/INVERSE-EQUIPO-MTB-MASSI-007-1024x683.jpg\" alt=\"\" class=\"wp-image-185384\" srcset=\"https:\/\/www.inverseteams.com\/wp-content\/uploads\/INVERSE-EQUIPO-MTB-MASSI-007-1024x683.jpg 1024w, https:\/\/www.inverseteams.com\/wp-content\/uploads\/INVERSE-EQUIPO-MTB-MASSI-007-300x200.jpg 300w, https:\/\/www.inverseteams.com\/wp-content\/uploads\/INVERSE-EQUIPO-MTB-MASSI-007-768x512.jpg 768w, https:\/\/www.inverseteams.com\/wp-content\/uploads\/INVERSE-EQUIPO-MTB-MASSI-007-1536x1024.jpg 1536w, https:\/\/www.inverseteams.com\/wp-content\/uploads\/INVERSE-EQUIPO-MTB-MASSI-007-420x280.jpg 420w, https:\/\/www.inverseteams.com\/wp-content\/uploads\/INVERSE-EQUIPO-MTB-MASSI-007-64x43.jpg 64w, https:\/\/www.inverseteams.com\/wp-content\/uploads\/INVERSE-EQUIPO-MTB-MASSI-007.jpg 1920w\" sizes=\"auto, (max-width: 1024px) 100vw, 1024px\" \/><\/figure>\n\n\n<div class=\"wrapper-heading\">\n<h4 class=\"wp-block-heading\"><strong>Un dise\u00f1o que captura la esencia apasionada del equipo<\/strong><\/h4>\n<\/div>\n\n\n<p>Inverse ha concebido<a href=\"https:\/\/www.inverseteams.com\/es\/custom\/ropa-de-ciclismo-personalizada\/?utm_source=BLOG&amp;utm_medium=blog&amp;utm_campaign=BL-031%2F24+Massi+Team+2024+ESP&amp;utm_id=BL-031%2F24+Massi+Team+2024+ESP&amp;utm_term=Massi+Team+2024+ESP&amp;utm_content=Massi+Team+2024+ESP\"> la nueva indumentaria del Massi MTB Racing Team 2024<\/a> con un enfoque en la innovaci\u00f3n y la destacada presencia en las competiciones como equipo.<\/p>\n\n\n\n<p>El dise\u00f1o parte de la combinaci\u00f3n de los colores corporativos de Massi: rojo, negro, gris antracita y blanco. Se destaca especialmente una <strong>textura espectacular en el maillot<\/strong> de esta temporada, que sin duda captar\u00e1 la atenci\u00f3n. Este dise\u00f1o es un fiel reflejo de la pasi\u00f3n por el ciclismo y el esp\u00edritu competitivo que impulsa a todos los integrantes del equipo.<\/p>\n\n\n\n<div class=\"wp-block-buttons is-layout-flex wp-block-buttons-is-layout-flex\">\n<div class=\"wp-block-button\"><a class=\"wp-block-button__link wp-element-button\" href=\"https:\/\/www.inverseteams.com\/es\/custom\/ropa-de-ciclismo-personalizada\/?utm_source=BLOG&amp;utm_medium=blog&amp;utm_campaign=BL-031%2F24+Massi+Team+2024+ESP&amp;utm_id=BL-031%2F24+Massi+Team+2024+ESP&amp;utm_term=Massi+Team+2024+ESP&amp;utm_content=Massi+Team+2024+ESP\">Ropa personalizada Ciclismo<\/a><\/div>\n<\/div>\n","protected":false},"excerpt":{"rendered":"<p>Inverse viste con una nueva espectacular ropa ciclista al renovado equipo Massi MTB Racing Team 2024, que contin\u00faa formado por riders de distintas nacionalidades. El mexicano Jos\u00e9 Gerardo Ulloa, que domin\u00f3 durante el 2023 el Panamericano de XCO y Short Track ante diversos rivales de Copa del Mundo, sigue siendo uno de los riders m\u00e1s [&hellip;]<\/p>\n","protected":false},"author":12,"featured_media":185354,"comment_status":"open","ping_status":"open","sticky":false,"template":"","format":"standard","meta":{"_acf_changed":false,"mc4wp_mailchimp_campaign":[],"footnotes":""},"categories":[85],"tags":[13822,13823,13824,13825,742,13826,747,13828,2232,13829,5581,13830,5582,8508,13725,13726,13727,13817,13819,13821],"class_list":["post-185353","post","type-post","status-publish","format-standard","has-post-thumbnail","hentry","category-ciclismo","tag-culotte-btt-personalizado","tag-culotte-mtb-personalizado","tag-custom-mtb-wear","tag-custom-mtb-jarcket","tag-ropa-personalizada-ciclismo","tag-custom-cycling-jersey","tag-custom-sportswear","tag-vetements-personnalises-cyclisme-5","tag-maillot-massi","tag-maillot-personnalise","tag-ropa-ciclismo","tag-cuissard-personnalise","tag-vetements-cyclisme","tag-culotte-personalizado-2","tag-custom-mtb-bib-shorts","tag-custom-mtb-jersey","tag-vetements-personnalises-vtt-2","tag-chaqueta-massi","tag-ropa-btt-personalizada","tag-maillot-btt-personalizado"],"acf":[],"yoast_head":"<!-- This site is optimized with the Yoast SEO plugin v27.3 - https:\/\/yoast.com\/product\/yoast-seo-wordpress\/ -->\n<title>El Massi MTB Racing Team 2024 renueva su estilo con las vibrantes prendas ciclistas de Inverse | Inverseteams<\/title>\n<meta name=\"description\" content=\"Inverse viste con una nueva espectacular ropa ciclista al renovado equipo Massi MTB Racing Team 2024, que contin\u00faa formado por riders de distintas nacionalidades.\" \/>\n<meta name=\"robots\" content=\"index, follow, max-snippet:-1, max-image-preview:large, max-video-preview:-1\" \/>\n<link rel=\"canonical\" href=\"https:\/\/www.inverseteams.com\/es\/blog\/el-massi-mtb-racing-team-2024-renueva-su-estilo-con-las-vibrantes-prendas-ciclistas-de-inverse\/\" \/>\n<meta property=\"og:locale\" content=\"es_ES\" \/>\n<meta property=\"og:type\" content=\"article\" \/>\n<meta property=\"og:title\" content=\"El Massi MTB Racing Team 2024 renueva su estilo con las vibrantes prendas ciclistas de Inverse | Inverseteams\" \/>\n<meta property=\"og:description\" content=\"Inverse viste con una nueva espectacular ropa ciclista al renovado equipo Massi MTB Racing Team 2024, que contin\u00faa formado por riders de distintas nacionalidades.\" \/>\n<meta property=\"og:url\" content=\"https:\/\/www.inverseteams.com\/es\/blog\/el-massi-mtb-racing-team-2024-renueva-su-estilo-con-las-vibrantes-prendas-ciclistas-de-inverse\/\" \/>\n<meta property=\"og:site_name\" content=\"Inverseteams\" \/>\n<meta property=\"article:publisher\" content=\"https:\/\/www.facebook.com\/inverseteams\" \/>\n<meta property=\"article:published_time\" content=\"2024-02-21T06:30:00+00:00\" \/>\n<meta property=\"og:image\" content=\"https:\/\/www.inverseteams.com\/wp-content\/uploads\/INVERSE-EQUIPO-MTB-MASSI-001.jpg\" \/>\n\t<meta property=\"og:image:width\" content=\"1920\" \/>\n\t<meta property=\"og:image:height\" content=\"1280\" \/>\n\t<meta property=\"og:image:type\" content=\"image\/jpeg\" \/>\n<meta name=\"author\" content=\"xavier\" \/>\n<meta name=\"twitter:card\" content=\"summary_large_image\" \/>\n<meta name=\"twitter:label1\" content=\"Escrito por\" \/>\n\t<meta name=\"twitter:data1\" content=\"xavier\" \/>\n\t<meta name=\"twitter:label2\" content=\"Tiempo de lectura\" \/>\n\t<meta name=\"twitter:data2\" content=\"5 minuto\" \/>\n<script type=\"application\/ld+json\" class=\"yoast-schema-graph\">{\"@context\":\"https:\\\/\\\/schema.org\",\"@graph\":[{\"@type\":\"Article\",\"@id\":\"https:\\\/\\\/www.inverseteams.com\\\/es\\\/blog\\\/el-massi-mtb-racing-team-2024-renueva-su-estilo-con-las-vibrantes-prendas-ciclistas-de-inverse\\\/#article\",\"isPartOf\":{\"@id\":\"https:\\\/\\\/www.inverseteams.com\\\/es\\\/blog\\\/el-massi-mtb-racing-team-2024-renueva-su-estilo-con-las-vibrantes-prendas-ciclistas-de-inverse\\\/\"},\"author\":{\"name\":\"xavier\",\"@id\":\"https:\\\/\\\/www.inverseteams.com\\\/es\\\/#\\\/schema\\\/person\\\/8e9cda76b6449aea55a18c6b0f3a15f1\"},\"headline\":\"El Massi MTB Racing Team 2024 renueva su estilo con las vibrantes prendas ciclistas de Inverse\",\"datePublished\":\"2024-02-21T06:30:00+00:00\",\"mainEntityOfPage\":{\"@id\":\"https:\\\/\\\/www.inverseteams.com\\\/es\\\/blog\\\/el-massi-mtb-racing-team-2024-renueva-su-estilo-con-las-vibrantes-prendas-ciclistas-de-inverse\\\/\"},\"wordCount\":779,\"commentCount\":0,\"publisher\":{\"@id\":\"https:\\\/\\\/www.inverseteams.com\\\/es\\\/#organization\"},\"image\":{\"@id\":\"https:\\\/\\\/www.inverseteams.com\\\/es\\\/blog\\\/el-massi-mtb-racing-team-2024-renueva-su-estilo-con-las-vibrantes-prendas-ciclistas-de-inverse\\\/#primaryimage\"},\"thumbnailUrl\":\"https:\\\/\\\/www.inverseteams.com\\\/wp-content\\\/uploads\\\/INVERSE-EQUIPO-MTB-MASSI-001.jpg\",\"keywords\":[\"culotte btt personalizado\",\"culotte mtb personalizado\",\"custom MTB wear\",\"custom MTB jarcket\",\"ropa personalizada ciclismo\",\"custom cycling jersey\",\"custom sportswear\",\"v\u00eatements personnalis\u00e9s cyclisme\",\"maillot Massi\",\"maillot personnalis\u00e9\",\"ropa ciclismo\",\"cuissard personnalis\u00e9\",\"v\u00eatements cyclisme\",\"culotte personalizado\",\"Custom MTB bib shorts\",\"Custom MTB jersey\",\"V\u00eatements personnalis\u00e9s VTT\",\"chaqueta massi\",\"ropa BTT personalizada\",\"maillot btt personalizado\"],\"articleSection\":[\"Ciclismo\"],\"inLanguage\":\"es\",\"potentialAction\":[{\"@type\":\"CommentAction\",\"name\":\"Comment\",\"target\":[\"https:\\\/\\\/www.inverseteams.com\\\/es\\\/blog\\\/el-massi-mtb-racing-team-2024-renueva-su-estilo-con-las-vibrantes-prendas-ciclistas-de-inverse\\\/#respond\"]}]},{\"@type\":\"WebPage\",\"@id\":\"https:\\\/\\\/www.inverseteams.com\\\/es\\\/blog\\\/el-massi-mtb-racing-team-2024-renueva-su-estilo-con-las-vibrantes-prendas-ciclistas-de-inverse\\\/\",\"url\":\"https:\\\/\\\/www.inverseteams.com\\\/es\\\/blog\\\/el-massi-mtb-racing-team-2024-renueva-su-estilo-con-las-vibrantes-prendas-ciclistas-de-inverse\\\/\",\"name\":\"El Massi MTB Racing Team 2024 renueva su estilo con las vibrantes prendas ciclistas de Inverse | Inverseteams\",\"isPartOf\":{\"@id\":\"https:\\\/\\\/www.inverseteams.com\\\/es\\\/#website\"},\"primaryImageOfPage\":{\"@id\":\"https:\\\/\\\/www.inverseteams.com\\\/es\\\/blog\\\/el-massi-mtb-racing-team-2024-renueva-su-estilo-con-las-vibrantes-prendas-ciclistas-de-inverse\\\/#primaryimage\"},\"image\":{\"@id\":\"https:\\\/\\\/www.inverseteams.com\\\/es\\\/blog\\\/el-massi-mtb-racing-team-2024-renueva-su-estilo-con-las-vibrantes-prendas-ciclistas-de-inverse\\\/#primaryimage\"},\"thumbnailUrl\":\"https:\\\/\\\/www.inverseteams.com\\\/wp-content\\\/uploads\\\/INVERSE-EQUIPO-MTB-MASSI-001.jpg\",\"datePublished\":\"2024-02-21T06:30:00+00:00\",\"description\":\"Inverse viste con una nueva espectacular ropa ciclista al renovado equipo Massi MTB Racing Team 2024, que contin\u00faa formado por riders de distintas nacionalidades.\",\"breadcrumb\":{\"@id\":\"https:\\\/\\\/www.inverseteams.com\\\/es\\\/blog\\\/el-massi-mtb-racing-team-2024-renueva-su-estilo-con-las-vibrantes-prendas-ciclistas-de-inverse\\\/#breadcrumb\"},\"inLanguage\":\"es\",\"potentialAction\":[{\"@type\":\"ReadAction\",\"target\":[\"https:\\\/\\\/www.inverseteams.com\\\/es\\\/blog\\\/el-massi-mtb-racing-team-2024-renueva-su-estilo-con-las-vibrantes-prendas-ciclistas-de-inverse\\\/\"]}]},{\"@type\":\"ImageObject\",\"inLanguage\":\"es\",\"@id\":\"https:\\\/\\\/www.inverseteams.com\\\/es\\\/blog\\\/el-massi-mtb-racing-team-2024-renueva-su-estilo-con-las-vibrantes-prendas-ciclistas-de-inverse\\\/#primaryimage\",\"url\":\"https:\\\/\\\/www.inverseteams.com\\\/wp-content\\\/uploads\\\/INVERSE-EQUIPO-MTB-MASSI-001.jpg\",\"contentUrl\":\"https:\\\/\\\/www.inverseteams.com\\\/wp-content\\\/uploads\\\/INVERSE-EQUIPO-MTB-MASSI-001.jpg\",\"width\":1920,\"height\":1280},{\"@type\":\"BreadcrumbList\",\"@id\":\"https:\\\/\\\/www.inverseteams.com\\\/es\\\/blog\\\/el-massi-mtb-racing-team-2024-renueva-su-estilo-con-las-vibrantes-prendas-ciclistas-de-inverse\\\/#breadcrumb\",\"itemListElement\":[{\"@type\":\"ListItem\",\"position\":1,\"name\":\"Portada\",\"item\":\"https:\\\/\\\/www.inverseteams.com\\\/es\\\/\"},{\"@type\":\"ListItem\",\"position\":2,\"name\":\"El Massi MTB Racing Team 2024 renueva su estilo con las vibrantes prendas ciclistas de Inverse\"}]},{\"@type\":\"WebSite\",\"@id\":\"https:\\\/\\\/www.inverseteams.com\\\/es\\\/#website\",\"url\":\"https:\\\/\\\/www.inverseteams.com\\\/es\\\/\",\"name\":\"Inverseteams\",\"description\":\"Tu marca de ropa deportiva personalizada\",\"publisher\":{\"@id\":\"https:\\\/\\\/www.inverseteams.com\\\/es\\\/#organization\"},\"potentialAction\":[{\"@type\":\"SearchAction\",\"target\":{\"@type\":\"EntryPoint\",\"urlTemplate\":\"https:\\\/\\\/www.inverseteams.com\\\/es\\\/?s={search_term_string}\"},\"query-input\":{\"@type\":\"PropertyValueSpecification\",\"valueRequired\":true,\"valueName\":\"search_term_string\"}}],\"inLanguage\":\"es\"},{\"@type\":\"Organization\",\"@id\":\"https:\\\/\\\/www.inverseteams.com\\\/es\\\/#organization\",\"name\":\"Inverse Teams\",\"url\":\"https:\\\/\\\/www.inverseteams.com\\\/es\\\/\",\"logo\":{\"@type\":\"ImageObject\",\"inLanguage\":\"es\",\"@id\":\"https:\\\/\\\/www.inverseteams.com\\\/es\\\/#\\\/schema\\\/logo\\\/image\\\/\",\"url\":\"https:\\\/\\\/www.inverseteams.com\\\/wp-content\\\/uploads\\\/2021\\\/03\\\/logo-inverse-teams.png\",\"contentUrl\":\"https:\\\/\\\/www.inverseteams.com\\\/wp-content\\\/uploads\\\/2021\\\/03\\\/logo-inverse-teams.png\",\"width\":294,\"height\":99,\"caption\":\"Inverse Teams\"},\"image\":{\"@id\":\"https:\\\/\\\/www.inverseteams.com\\\/es\\\/#\\\/schema\\\/logo\\\/image\\\/\"},\"sameAs\":[\"https:\\\/\\\/www.facebook.com\\\/inverseteams\",\"http:\\\/\\\/instagram.com\\\/inverseteams\",\"https:\\\/\\\/www.linkedin.com\\\/company\\\/inverse-cirosport-s-l-?trk=job_view_topcard_company_name\",\"http:\\\/\\\/www.pinterest.com\\\/inverseteams\\\/\",\"http:\\\/\\\/www.youtube.com\\\/user\\\/inverseteams?feature=watch\"]},{\"@type\":\"Person\",\"@id\":\"https:\\\/\\\/www.inverseteams.com\\\/es\\\/#\\\/schema\\\/person\\\/8e9cda76b6449aea55a18c6b0f3a15f1\",\"name\":\"xavier\",\"image\":{\"@type\":\"ImageObject\",\"inLanguage\":\"es\",\"@id\":\"https:\\\/\\\/secure.gravatar.com\\\/avatar\\\/602b199a1f28e97d83ab3a8bcb642260f5afd77cb09704889d85ddd70643cddb?s=96&d=mm&r=g\",\"url\":\"https:\\\/\\\/secure.gravatar.com\\\/avatar\\\/602b199a1f28e97d83ab3a8bcb642260f5afd77cb09704889d85ddd70643cddb?s=96&d=mm&r=g\",\"contentUrl\":\"https:\\\/\\\/secure.gravatar.com\\\/avatar\\\/602b199a1f28e97d83ab3a8bcb642260f5afd77cb09704889d85ddd70643cddb?s=96&d=mm&r=g\",\"caption\":\"xavier\"}}]}<\/script>\n<!-- \/ Yoast SEO plugin. -->","yoast_head_json":{"title":"El Massi MTB Racing Team 2024 renueva su estilo con las vibrantes prendas ciclistas de Inverse | Inverseteams","description":"Inverse viste con una nueva espectacular ropa ciclista al renovado equipo Massi MTB Racing Team 2024, que contin\u00faa formado por riders de distintas nacionalidades.","robots":{"index":"index","follow":"follow","max-snippet":"max-snippet:-1","max-image-preview":"max-image-preview:large","max-video-preview":"max-video-preview:-1"},"canonical":"https:\/\/www.inverseteams.com\/es\/blog\/el-massi-mtb-racing-team-2024-renueva-su-estilo-con-las-vibrantes-prendas-ciclistas-de-inverse\/","og_locale":"es_ES","og_type":"article","og_title":"El Massi MTB Racing Team 2024 renueva su estilo con las vibrantes prendas ciclistas de Inverse | Inverseteams","og_description":"Inverse viste con una nueva espectacular ropa ciclista al renovado equipo Massi MTB Racing Team 2024, que contin\u00faa formado por riders de distintas nacionalidades.","og_url":"https:\/\/www.inverseteams.com\/es\/blog\/el-massi-mtb-racing-team-2024-renueva-su-estilo-con-las-vibrantes-prendas-ciclistas-de-inverse\/","og_site_name":"Inverseteams","article_publisher":"https:\/\/www.facebook.com\/inverseteams","article_published_time":"2024-02-21T06:30:00+00:00","og_image":[{"width":1920,"height":1280,"url":"https:\/\/www.inverseteams.com\/wp-content\/uploads\/INVERSE-EQUIPO-MTB-MASSI-001.jpg","type":"image\/jpeg"}],"author":"xavier","twitter_card":"summary_large_image","twitter_misc":{"Escrito por":"xavier","Tiempo de lectura":"5 minuto"},"schema":{"@context":"https:\/\/schema.org","@graph":[{"@type":"Article","@id":"https:\/\/www.inverseteams.com\/es\/blog\/el-massi-mtb-racing-team-2024-renueva-su-estilo-con-las-vibrantes-prendas-ciclistas-de-inverse\/#article","isPartOf":{"@id":"https:\/\/www.inverseteams.com\/es\/blog\/el-massi-mtb-racing-team-2024-renueva-su-estilo-con-las-vibrantes-prendas-ciclistas-de-inverse\/"},"author":{"name":"xavier","@id":"https:\/\/www.inverseteams.com\/es\/#\/schema\/person\/8e9cda76b6449aea55a18c6b0f3a15f1"},"headline":"El Massi MTB Racing Team 2024 renueva su estilo con las vibrantes prendas ciclistas de Inverse","datePublished":"2024-02-21T06:30:00+00:00","mainEntityOfPage":{"@id":"https:\/\/www.inverseteams.com\/es\/blog\/el-massi-mtb-racing-team-2024-renueva-su-estilo-con-las-vibrantes-prendas-ciclistas-de-inverse\/"},"wordCount":779,"commentCount":0,"publisher":{"@id":"https:\/\/www.inverseteams.com\/es\/#organization"},"image":{"@id":"https:\/\/www.inverseteams.com\/es\/blog\/el-massi-mtb-racing-team-2024-renueva-su-estilo-con-las-vibrantes-prendas-ciclistas-de-inverse\/#primaryimage"},"thumbnailUrl":"https:\/\/www.inverseteams.com\/wp-content\/uploads\/INVERSE-EQUIPO-MTB-MASSI-001.jpg","keywords":["culotte btt personalizado","culotte mtb personalizado","custom MTB wear","custom MTB jarcket","ropa personalizada ciclismo","custom cycling jersey","custom sportswear","v\u00eatements personnalis\u00e9s cyclisme","maillot Massi","maillot personnalis\u00e9","ropa ciclismo","cuissard personnalis\u00e9","v\u00eatements cyclisme","culotte personalizado","Custom MTB bib shorts","Custom MTB jersey","V\u00eatements personnalis\u00e9s VTT","chaqueta massi","ropa BTT personalizada","maillot btt personalizado"],"articleSection":["Ciclismo"],"inLanguage":"es","potentialAction":[{"@type":"CommentAction","name":"Comment","target":["https:\/\/www.inverseteams.com\/es\/blog\/el-massi-mtb-racing-team-2024-renueva-su-estilo-con-las-vibrantes-prendas-ciclistas-de-inverse\/#respond"]}]},{"@type":"WebPage","@id":"https:\/\/www.inverseteams.com\/es\/blog\/el-massi-mtb-racing-team-2024-renueva-su-estilo-con-las-vibrantes-prendas-ciclistas-de-inverse\/","url":"https:\/\/www.inverseteams.com\/es\/blog\/el-massi-mtb-racing-team-2024-renueva-su-estilo-con-las-vibrantes-prendas-ciclistas-de-inverse\/","name":"El Massi MTB Racing Team 2024 renueva su estilo con las vibrantes prendas ciclistas de Inverse | Inverseteams","isPartOf":{"@id":"https:\/\/www.inverseteams.com\/es\/#website"},"primaryImageOfPage":{"@id":"https:\/\/www.inverseteams.com\/es\/blog\/el-massi-mtb-racing-team-2024-renueva-su-estilo-con-las-vibrantes-prendas-ciclistas-de-inverse\/#primaryimage"},"image":{"@id":"https:\/\/www.inverseteams.com\/es\/blog\/el-massi-mtb-racing-team-2024-renueva-su-estilo-con-las-vibrantes-prendas-ciclistas-de-inverse\/#primaryimage"},"thumbnailUrl":"https:\/\/www.inverseteams.com\/wp-content\/uploads\/INVERSE-EQUIPO-MTB-MASSI-001.jpg","datePublished":"2024-02-21T06:30:00+00:00","description":"Inverse viste con una nueva espectacular ropa ciclista al renovado equipo Massi MTB Racing Team 2024, que contin\u00faa formado por riders de distintas nacionalidades.","breadcrumb":{"@id":"https:\/\/www.inverseteams.com\/es\/blog\/el-massi-mtb-racing-team-2024-renueva-su-estilo-con-las-vibrantes-prendas-ciclistas-de-inverse\/#breadcrumb"},"inLanguage":"es","potentialAction":[{"@type":"ReadAction","target":["https:\/\/www.inverseteams.com\/es\/blog\/el-massi-mtb-racing-team-2024-renueva-su-estilo-con-las-vibrantes-prendas-ciclistas-de-inverse\/"]}]},{"@type":"ImageObject","inLanguage":"es","@id":"https:\/\/www.inverseteams.com\/es\/blog\/el-massi-mtb-racing-team-2024-renueva-su-estilo-con-las-vibrantes-prendas-ciclistas-de-inverse\/#primaryimage","url":"https:\/\/www.inverseteams.com\/wp-content\/uploads\/INVERSE-EQUIPO-MTB-MASSI-001.jpg","contentUrl":"https:\/\/www.inverseteams.com\/wp-content\/uploads\/INVERSE-EQUIPO-MTB-MASSI-001.jpg","width":1920,"height":1280},{"@type":"BreadcrumbList","@id":"https:\/\/www.inverseteams.com\/es\/blog\/el-massi-mtb-racing-team-2024-renueva-su-estilo-con-las-vibrantes-prendas-ciclistas-de-inverse\/#breadcrumb","itemListElement":[{"@type":"ListItem","position":1,"name":"Portada","item":"https:\/\/www.inverseteams.com\/es\/"},{"@type":"ListItem","position":2,"name":"El Massi MTB Racing Team 2024 renueva su estilo con las vibrantes prendas ciclistas de Inverse"}]},{"@type":"WebSite","@id":"https:\/\/www.inverseteams.com\/es\/#website","url":"https:\/\/www.inverseteams.com\/es\/","name":"Inverseteams","description":"Tu marca de ropa deportiva personalizada","publisher":{"@id":"https:\/\/www.inverseteams.com\/es\/#organization"},"potentialAction":[{"@type":"SearchAction","target":{"@type":"EntryPoint","urlTemplate":"https:\/\/www.inverseteams.com\/es\/?s={search_term_string}"},"query-input":{"@type":"PropertyValueSpecification","valueRequired":true,"valueName":"search_term_string"}}],"inLanguage":"es"},{"@type":"Organization","@id":"https:\/\/www.inverseteams.com\/es\/#organization","name":"Inverse Teams","url":"https:\/\/www.inverseteams.com\/es\/","logo":{"@type":"ImageObject","inLanguage":"es","@id":"https:\/\/www.inverseteams.com\/es\/#\/schema\/logo\/image\/","url":"https:\/\/www.inverseteams.com\/wp-content\/uploads\/2021\/03\/logo-inverse-teams.png","contentUrl":"https:\/\/www.inverseteams.com\/wp-content\/uploads\/2021\/03\/logo-inverse-teams.png","width":294,"height":99,"caption":"Inverse Teams"},"image":{"@id":"https:\/\/www.inverseteams.com\/es\/#\/schema\/logo\/image\/"},"sameAs":["https:\/\/www.facebook.com\/inverseteams","http:\/\/instagram.com\/inverseteams","https:\/\/www.linkedin.com\/company\/inverse-cirosport-s-l-?trk=job_view_topcard_company_name","http:\/\/www.pinterest.com\/inverseteams\/","http:\/\/www.youtube.com\/user\/inverseteams?feature=watch"]},{"@type":"Person","@id":"https:\/\/www.inverseteams.com\/es\/#\/schema\/person\/8e9cda76b6449aea55a18c6b0f3a15f1","name":"xavier","image":{"@type":"ImageObject","inLanguage":"es","@id":"https:\/\/secure.gravatar.com\/avatar\/602b199a1f28e97d83ab3a8bcb642260f5afd77cb09704889d85ddd70643cddb?s=96&d=mm&r=g","url":"https:\/\/secure.gravatar.com\/avatar\/602b199a1f28e97d83ab3a8bcb642260f5afd77cb09704889d85ddd70643cddb?s=96&d=mm&r=g","contentUrl":"https:\/\/secure.gravatar.com\/avatar\/602b199a1f28e97d83ab3a8bcb642260f5afd77cb09704889d85ddd70643cddb?s=96&d=mm&r=g","caption":"xavier"}}]}},"_links":{"self":[{"href":"https:\/\/www.inverseteams.com\/es\/wp-json\/wp\/v2\/posts\/185353","targetHints":{"allow":["GET"]}}],"collection":[{"href":"https:\/\/www.inverseteams.com\/es\/wp-json\/wp\/v2\/posts"}],"about":[{"href":"https:\/\/www.inverseteams.com\/es\/wp-json\/wp\/v2\/types\/post"}],"author":[{"embeddable":true,"href":"https:\/\/www.inverseteams.com\/es\/wp-json\/wp\/v2\/users\/12"}],"replies":[{"embeddable":true,"href":"https:\/\/www.inverseteams.com\/es\/wp-json\/wp\/v2\/comments?post=185353"}],"version-history":[{"count":0,"href":"https:\/\/www.inverseteams.com\/es\/wp-json\/wp\/v2\/posts\/185353\/revisions"}],"wp:featuredmedia":[{"embeddable":true,"href":"https:\/\/www.inverseteams.com\/es\/wp-json\/wp\/v2\/media\/185354"}],"wp:attachment":[{"href":"https:\/\/www.inverseteams.com\/es\/wp-json\/wp\/v2\/media?parent=185353"}],"wp:term":[{"taxonomy":"category","embeddable":true,"href":"https:\/\/www.inverseteams.com\/es\/wp-json\/wp\/v2\/categories?post=185353"},{"taxonomy":"post_tag","embeddable":true,"href":"https:\/\/www.inverseteams.com\/es\/wp-json\/wp\/v2\/tags?post=185353"}],"curies":[{"name":"wp","href":"https:\/\/api.w.org\/{rel}","templated":true}]}}