{"id":91676,"date":"2022-08-29T12:36:19","date_gmt":"2022-08-29T12:36:19","guid":{"rendered":"https:\/\/www.inverseteams.com\/blog\/david-valero-nuevo-subcampeon-del-mundo-mtb-xco\/"},"modified":"2022-09-02T11:02:49","modified_gmt":"2022-09-02T11:02:49","slug":"david-valero-nuevo-subcampeon-del-mundo-mtb-xco","status":"publish","type":"post","link":"https:\/\/www.inverseteams.com\/en\/blog\/david-valero-nuevo-subcampeon-del-mundo-mtb-xco\/","title":{"rendered":"David Valero &#8211; new MTB XCO World Championships runner-up"},"content":{"rendered":"\n<figure class=\"wp-block-image size-large\"><img loading=\"lazy\" decoding=\"async\" width=\"1024\" height=\"683\" src=\"https:\/\/www.inverseteams.com\/wp-content\/uploads\/blog_david_valero_subcampeon_01-1024x683.jpg\" alt=\"\" class=\"wp-image-91199\" srcset=\"https:\/\/www.inverseteams.com\/wp-content\/uploads\/blog_david_valero_subcampeon_01-1024x683.jpg 1024w, https:\/\/www.inverseteams.com\/wp-content\/uploads\/blog_david_valero_subcampeon_01-300x200.jpg 300w, https:\/\/www.inverseteams.com\/wp-content\/uploads\/blog_david_valero_subcampeon_01-768x512.jpg 768w, https:\/\/www.inverseteams.com\/wp-content\/uploads\/blog_david_valero_subcampeon_01-1536x1024.jpg 1536w, https:\/\/www.inverseteams.com\/wp-content\/uploads\/blog_david_valero_subcampeon_01-420x280.jpg 420w, https:\/\/www.inverseteams.com\/wp-content\/uploads\/blog_david_valero_subcampeon_01.jpg 1920w\" sizes=\"auto, (max-width: 1024px) 100vw, 1024px\" \/><\/figure>\n\n\n<div class=\"wrapper-heading\">\n<h2 class=\"wp-block-heading\">After his MTB XCO Olympic bronze medal at Tokyo 2020, David Valero has been proclaimed runner-up in the World Championships in Les Gets (France).<\/h2>\n<\/div>\n\n<div class=\"wrapper-heading\">\n<h3 class=\"wp-block-heading\">After an epic duel with Switzerland&#8217;s Nino Schurter involving a time difference of only nine seconds, David Valero was the new MTB XCO World Championships runner-up.<\/h3>\n<\/div>\n\n<div class=\"wrapper-heading\">\n<h4 class=\"wp-block-heading\">David Valero is happy to be runner-up in the MTB XCO World Championships, but says that failing to win the rainbow jersey left him with mixed feelings.<\/h4>\n<\/div>\n\n\n<figure class=\"wp-block-image size-large\"><img loading=\"lazy\" decoding=\"async\" width=\"1024\" height=\"683\" src=\"https:\/\/www.inverseteams.com\/wp-content\/uploads\/blog_david_valero_subcampeon_04-1024x683.jpg\" alt=\"\" class=\"wp-image-91203\" srcset=\"https:\/\/www.inverseteams.com\/wp-content\/uploads\/blog_david_valero_subcampeon_04-1024x683.jpg 1024w, https:\/\/www.inverseteams.com\/wp-content\/uploads\/blog_david_valero_subcampeon_04-300x200.jpg 300w, https:\/\/www.inverseteams.com\/wp-content\/uploads\/blog_david_valero_subcampeon_04-768x512.jpg 768w, https:\/\/www.inverseteams.com\/wp-content\/uploads\/blog_david_valero_subcampeon_04-1536x1024.jpg 1536w, https:\/\/www.inverseteams.com\/wp-content\/uploads\/blog_david_valero_subcampeon_04-420x280.jpg 420w, https:\/\/www.inverseteams.com\/wp-content\/uploads\/blog_david_valero_subcampeon_04.jpg 1920w\" sizes=\"auto, (max-width: 1024px) 100vw, 1024px\" \/><\/figure>\n\n\n\n<p><strong>Andalusia&#8217;s David Valero was proclaimed runner-up in the MTB XCO World Championships <\/strong>in the French town of Les Gets, after completing a spectacular race and finishing just nine seconds behind Switzerland&#8217;s Nino Schurter, who won the world champion title. <a href=\"https:\/\/www.inverseteams.com\/es\/blog\/el-bronce-de-david-valero-merece-una-edicion-especial-del-maillot-y-culotte-de-espana-en-tokyo-2021\/\">David also won the bronze medal at the 2020 Tokyo Olympics.<\/a><\/p>\n\n\n\n<p>Valero got off to a great start, positioning himself at the head of the race thanks to his hard work, his experience and his power on the longest climbs. David, together with Italy&#8217;s Braidot, Switzerland&#8217;s Schurter and the Englishman Pidcock, set a brisk pace coming back from behind, and building up a considerable advantage over the rest of the racers.<\/p>\n\n\n\n<p>A powerful David Valero decided to attack as soon as the fourth lap started, leaving behind the British rider, who was unable to keep up with the rest of the group, and ended up without a position on the podium after suffering from a mechanical fault.<\/p>\n\n\n\n<p>From that point on, Valero led the race with a persevering pedalling rhythm which was only matched by the Swiss Nino Schurter. Both came into the last lap closely matched, and seeking the rainbow jersey. David tried to overtake Nino in the technical rocks and roots area, but the Swiss managed to pass the Spaniard with about a kilometre to go, crossing the finish line ahead of him and claiming his tenth World Championship title.<\/p>\n\n\n\n<figure class=\"wp-block-image size-large\"><img loading=\"lazy\" decoding=\"async\" width=\"1024\" height=\"683\" src=\"https:\/\/www.inverseteams.com\/wp-content\/uploads\/blog_david_valero_subcampeon_03-1024x683.jpg\" alt=\"\" class=\"wp-image-91211\" srcset=\"https:\/\/www.inverseteams.com\/wp-content\/uploads\/blog_david_valero_subcampeon_03-1024x683.jpg 1024w, https:\/\/www.inverseteams.com\/wp-content\/uploads\/blog_david_valero_subcampeon_03-300x200.jpg 300w, https:\/\/www.inverseteams.com\/wp-content\/uploads\/blog_david_valero_subcampeon_03-768x512.jpg 768w, https:\/\/www.inverseteams.com\/wp-content\/uploads\/blog_david_valero_subcampeon_03-1536x1024.jpg 1536w, https:\/\/www.inverseteams.com\/wp-content\/uploads\/blog_david_valero_subcampeon_03-420x280.jpg 420w, https:\/\/www.inverseteams.com\/wp-content\/uploads\/blog_david_valero_subcampeon_03.jpg 1920w\" sizes=\"auto, (max-width: 1024px) 100vw, 1024px\" \/><\/figure>\n\n\n\n<figure class=\"wp-block-image size-large\"><img loading=\"lazy\" decoding=\"async\" width=\"1024\" height=\"683\" src=\"https:\/\/www.inverseteams.com\/wp-content\/uploads\/blog_david_valero_00-1024x683.jpg\" alt=\"\" class=\"wp-image-91216\" srcset=\"https:\/\/www.inverseteams.com\/wp-content\/uploads\/blog_david_valero_00-1024x683.jpg 1024w, https:\/\/www.inverseteams.com\/wp-content\/uploads\/blog_david_valero_00-300x200.jpg 300w, https:\/\/www.inverseteams.com\/wp-content\/uploads\/blog_david_valero_00-768x512.jpg 768w, https:\/\/www.inverseteams.com\/wp-content\/uploads\/blog_david_valero_00-1536x1024.jpg 1536w, https:\/\/www.inverseteams.com\/wp-content\/uploads\/blog_david_valero_00-420x280.jpg 420w, https:\/\/www.inverseteams.com\/wp-content\/uploads\/blog_david_valero_00.jpg 1920w\" sizes=\"auto, (max-width: 1024px) 100vw, 1024px\" \/><\/figure>\n\n\n\n<figure class=\"wp-block-embed is-type-video is-provider-youtube wp-block-embed-youtube wp-embed-aspect-16-9 wp-has-aspect-ratio\"><div class=\"wp-block-embed__wrapper\">\n<iframe loading=\"lazy\" title=\"Declaraciones de David Valero, subcampe\u00f3n del Mundo de XCO en Les Gets 2022\" width=\"640\" height=\"360\" src=\"https:\/\/www.youtube.com\/embed\/hpfPNJ-qv8A?feature=oembed\" frameborder=\"0\" allow=\"accelerometer; autoplay; clipboard-write; encrypted-media; gyroscope; picture-in-picture; web-share\" referrerpolicy=\"strict-origin-when-cross-origin\" allowfullscreen><\/iframe>\n<\/div><\/figure>\n\n\n<div class=\"wrapper-heading\">\n<h3 class=\"wp-block-heading\">COMMENTS BY DAVID VALERO AS RUNNER-UP OF THE MTB XCO WORLD CHAMPIONSHIPS<\/h3>\n<\/div>\n\n\n<p>The first comments by David Valero as runner-up in the MTB XCO World Championships were that <em>&#8220;I\u2019m happy with second place, but the feeling is bittersweet. In the end I lacked a change of pace, but I&#8217;m happy to be able to win this medal ahead of the final round of the World Cup.&#8221;<\/em><\/p>\n\n\n\n<p>David Valero also said that <em>&#8220;now is the time to celebrate this medal, which I am very happy about, as well as the entire season, which has been one of my best since I started Mountain Bike racing. But I hope it doesn&#8217;t end here, and I&#8217;ll carry on fighting hard in the coming races.&#8221;<\/em><\/p>\n\n\n<div class=\"wrapper-heading\">\n<h3 class=\"wp-block-heading\">REPLICA OF THE SPANISH TEAM&#8217;S JERSEY AND BIB SHORTS<\/h3>\n<\/div>\n\n\n<p>Inverse, the official sponsor of the Royal Spanish Cycling Federation (RFEC), has made the <strong>official replica <\/strong><a href=\"https:\/\/www.inverseteams.com\/es\/producto\/maillot-ciclista-manga-corta-espana-hombre\/\"><strong>jersey<\/strong><\/a><strong> and <\/strong><a href=\"https:\/\/www.inverseteams.com\/es\/producto\/culotte-ciclista-espana-hombre\/\"><strong>bib shorts <\/strong><\/a><strong>of the Spanish cycling team<\/strong> available in its online store. The replica Spanish team <a href=\"https:\/\/www.inverseteams.com\/es\/producto\/maillot-ciclista-manga-corta-espana-mujer\/\">jersey<\/a> and <a href=\"https:\/\/www.inverseteams.com\/es\/producto\/culotte-ciclista-espana-mujer\/\">bib shorts<\/a> for women are also available.<\/p>\n\n\n<div data-block-name=\"woocommerce\/handpicked-products\" data-content-visibility=\"{&quot;title&quot;:true,&quot;price&quot;:true,&quot;rating&quot;:true,&quot;button&quot;:false}\" data-edit-mode=\"false\" data-products=\"[18772,18770,18771,18773]\" class=\"wc-block-grid wp-block-handpicked-products wp-block-woocommerce-handpicked-products wc-block-handpicked-products has-3-columns has-multiple-rows\"><ul class=\"wc-block-grid__products\"><li class=\"wc-block-grid__product\"><span class=\"gtm4wp_productdata\" style=\"display:none; visibility:hidden;\" data-gtm4wp_product_data=\"{&quot;internal_id&quot;:18770,&quot;item_id&quot;:18770,&quot;item_name&quot;:&quot;Cycling jersey SPAIN (MEN)&quot;,&quot;sku&quot;:&quot;72010813&quot;,&quot;price&quot;:0,&quot;stocklevel&quot;:null,&quot;stockstatus&quot;:&quot;outofstock&quot;,&quot;google_business_vertical&quot;:&quot;retail&quot;,&quot;item_category&quot;:&quot;B2B&quot;,&quot;id&quot;:18770,&quot;productlink&quot;:&quot;https:\\\/\\\/www.inverseteams.com\\\/en\\\/product\\\/cycling-jersey-spain-men\\\/&quot;,&quot;item_list_name&quot;:&quot;General Product List&quot;,&quot;index&quot;:0,&quot;product_type&quot;:&quot;variable&quot;,&quot;item_brand&quot;:&quot;&quot;}\"><\/span>\n\t\t\t\t<a href=\"https:\/\/www.inverseteams.com\/en\/product\/cycling-jersey-spain-men\/\" class=\"wc-block-grid__product-link\">\n\t\t\t\t\t\n\t\t\t\t\t<div class=\"wc-block-grid__product-image\"><img loading=\"lazy\" decoding=\"async\" width=\"420\" height=\"450\" src=\"https:\/\/www.inverseteams.com\/wp-content\/uploads\/MAILLOT-CICLISTA-ESPANA-HOMBRE-1-420x450.jpg\" class=\"attachment-woocommerce_thumbnail size-woocommerce_thumbnail\" alt=\"Cycling jersey SPAIN\" srcset=\"https:\/\/www.inverseteams.com\/wp-content\/uploads\/MAILLOT-CICLISTA-ESPANA-HOMBRE-1-420x451.jpg 420w, https:\/\/www.inverseteams.com\/wp-content\/uploads\/MAILLOT-CICLISTA-ESPANA-HOMBRE-1-279x300.jpg 279w, https:\/\/www.inverseteams.com\/wp-content\/uploads\/MAILLOT-CICLISTA-ESPANA-HOMBRE-1-953x1024.jpg 953w, https:\/\/www.inverseteams.com\/wp-content\/uploads\/MAILLOT-CICLISTA-ESPANA-HOMBRE-1-768x825.jpg 768w, https:\/\/www.inverseteams.com\/wp-content\/uploads\/MAILLOT-CICLISTA-ESPANA-HOMBRE-1-1430x1536.jpg 1430w, https:\/\/www.inverseteams.com\/wp-content\/uploads\/MAILLOT-CICLISTA-ESPANA-HOMBRE-1-1906x2048.jpg 1906w, https:\/\/www.inverseteams.com\/wp-content\/uploads\/MAILLOT-CICLISTA-ESPANA-HOMBRE-1-860x921.jpg 860w\" sizes=\"auto, (max-width: 420px) 100vw, 420px\" \/><\/div>\n\t\t\t\t\t<div class=\"wc-block-grid__product-title\">Cycling jersey SPAIN (MEN)<\/div>\n\t\t\t\t<\/a>\n\t\t\t\t<div class=\"wc-block-grid__product-price price\"><span class=\"woocommerce-Price-amount amount\">63,63<span class=\"woocommerce-Price-currencySymbol\">&euro;<\/span><\/span><span class=\"price-suffix\"><\/span><\/div>\n\t\t\t\t\n\t\t\t\t\n\t\t\t<\/li><li class=\"wc-block-grid__product\"><span class=\"gtm4wp_productdata\" style=\"display:none; visibility:hidden;\" data-gtm4wp_product_data=\"{&quot;internal_id&quot;:18771,&quot;item_id&quot;:18771,&quot;item_name&quot;:&quot;Cycling jersey SPAIN (WOMEN)&quot;,&quot;sku&quot;:&quot;72190113&quot;,&quot;price&quot;:0,&quot;stocklevel&quot;:null,&quot;stockstatus&quot;:&quot;outofstock&quot;,&quot;google_business_vertical&quot;:&quot;retail&quot;,&quot;item_category&quot;:&quot;Cycling&quot;,&quot;id&quot;:18771,&quot;productlink&quot;:&quot;https:\\\/\\\/www.inverseteams.com\\\/en\\\/product\\\/cycling-jersey-spain-women\\\/&quot;,&quot;item_list_name&quot;:&quot;General Product List&quot;,&quot;index&quot;:0,&quot;product_type&quot;:&quot;variable&quot;,&quot;item_brand&quot;:&quot;&quot;}\"><\/span>\n\t\t\t\t<a href=\"https:\/\/www.inverseteams.com\/en\/product\/cycling-jersey-spain-women\/\" class=\"wc-block-grid__product-link\">\n\t\t\t\t\t\n\t\t\t\t\t<div class=\"wc-block-grid__product-image\"><img loading=\"lazy\" decoding=\"async\" width=\"420\" height=\"450\" src=\"https:\/\/www.inverseteams.com\/wp-content\/uploads\/MAILLOT-CICLISTA-ESPANA-MUJER-1-420x450.jpg\" class=\"attachment-woocommerce_thumbnail size-woocommerce_thumbnail\" alt=\"Cycling jersey SPAIN\" srcset=\"https:\/\/www.inverseteams.com\/wp-content\/uploads\/MAILLOT-CICLISTA-ESPANA-MUJER-1-420x451.jpg 420w, https:\/\/www.inverseteams.com\/wp-content\/uploads\/MAILLOT-CICLISTA-ESPANA-MUJER-1-279x300.jpg 279w, https:\/\/www.inverseteams.com\/wp-content\/uploads\/MAILLOT-CICLISTA-ESPANA-MUJER-1-953x1024.jpg 953w, https:\/\/www.inverseteams.com\/wp-content\/uploads\/MAILLOT-CICLISTA-ESPANA-MUJER-1-768x825.jpg 768w, https:\/\/www.inverseteams.com\/wp-content\/uploads\/MAILLOT-CICLISTA-ESPANA-MUJER-1-1430x1536.jpg 1430w, https:\/\/www.inverseteams.com\/wp-content\/uploads\/MAILLOT-CICLISTA-ESPANA-MUJER-1-1906x2048.jpg 1906w, https:\/\/www.inverseteams.com\/wp-content\/uploads\/MAILLOT-CICLISTA-ESPANA-MUJER-1-860x921.jpg 860w\" sizes=\"auto, (max-width: 420px) 100vw, 420px\" \/><\/div>\n\t\t\t\t\t<div class=\"wc-block-grid__product-title\">Cycling jersey SPAIN (WOMEN)<\/div>\n\t\t\t\t<\/a>\n\t\t\t\t<div class=\"wc-block-grid__product-price price\"><span class=\"woocommerce-Price-amount amount\">63,63<span class=\"woocommerce-Price-currencySymbol\">&euro;<\/span><\/span><span class=\"price-suffix\"><\/span><\/div>\n\t\t\t\t\n\t\t\t\t\n\t\t\t<\/li><li class=\"wc-block-grid__product\"><span class=\"gtm4wp_productdata\" style=\"display:none; visibility:hidden;\" data-gtm4wp_product_data=\"{&quot;internal_id&quot;:18772,&quot;item_id&quot;:18772,&quot;item_name&quot;:&quot;Cycling bib shorts SPAIN (MEN)&quot;,&quot;sku&quot;:&quot;72050113&quot;,&quot;price&quot;:0,&quot;stocklevel&quot;:null,&quot;stockstatus&quot;:&quot;outofstock&quot;,&quot;google_business_vertical&quot;:&quot;retail&quot;,&quot;item_category&quot;:&quot;Cycling&quot;,&quot;id&quot;:18772,&quot;productlink&quot;:&quot;https:\\\/\\\/www.inverseteams.com\\\/en\\\/product\\\/cycling-bib-shorts-spain-men\\\/&quot;,&quot;item_list_name&quot;:&quot;General Product List&quot;,&quot;index&quot;:0,&quot;product_type&quot;:&quot;variable&quot;,&quot;item_brand&quot;:&quot;&quot;}\"><\/span>\n\t\t\t\t<a href=\"https:\/\/www.inverseteams.com\/en\/product\/cycling-bib-shorts-spain-men\/\" class=\"wc-block-grid__product-link\">\n\t\t\t\t\t\n\t\t\t\t\t<div class=\"wc-block-grid__product-image\"><img loading=\"lazy\" decoding=\"async\" width=\"420\" height=\"450\" src=\"https:\/\/www.inverseteams.com\/wp-content\/uploads\/CULOTTE-CICLISTA-ESPANA-HOMBRE-1-420x450.jpg\" class=\"attachment-woocommerce_thumbnail size-woocommerce_thumbnail\" alt=\"Cycling bib shorts SPAIN\" srcset=\"https:\/\/www.inverseteams.com\/wp-content\/uploads\/CULOTTE-CICLISTA-ESPANA-HOMBRE-1-420x451.jpg 420w, https:\/\/www.inverseteams.com\/wp-content\/uploads\/CULOTTE-CICLISTA-ESPANA-HOMBRE-1-279x300.jpg 279w, https:\/\/www.inverseteams.com\/wp-content\/uploads\/CULOTTE-CICLISTA-ESPANA-HOMBRE-1-953x1024.jpg 953w, https:\/\/www.inverseteams.com\/wp-content\/uploads\/CULOTTE-CICLISTA-ESPANA-HOMBRE-1-768x825.jpg 768w, https:\/\/www.inverseteams.com\/wp-content\/uploads\/CULOTTE-CICLISTA-ESPANA-HOMBRE-1-1430x1536.jpg 1430w, https:\/\/www.inverseteams.com\/wp-content\/uploads\/CULOTTE-CICLISTA-ESPANA-HOMBRE-1-1906x2048.jpg 1906w, https:\/\/www.inverseteams.com\/wp-content\/uploads\/CULOTTE-CICLISTA-ESPANA-HOMBRE-1-860x921.jpg 860w\" sizes=\"auto, (max-width: 420px) 100vw, 420px\" \/><\/div>\n\t\t\t\t\t<div class=\"wc-block-grid__product-title\">Cycling bib shorts SPAIN (MEN)<\/div>\n\t\t\t\t<\/a>\n\t\t\t\t<div class=\"wc-block-grid__product-price price\"><span class=\"woocommerce-Price-amount amount\">72,71<span class=\"woocommerce-Price-currencySymbol\">&euro;<\/span><\/span><span class=\"price-suffix\"><\/span><\/div>\n\t\t\t\t\n\t\t\t\t\n\t\t\t<\/li><li class=\"wc-block-grid__product\"><span class=\"gtm4wp_productdata\" style=\"display:none; visibility:hidden;\" data-gtm4wp_product_data=\"{&quot;internal_id&quot;:18773,&quot;item_id&quot;:18773,&quot;item_name&quot;:&quot;Cycling bib shorts SPAIN (WOMEN)&quot;,&quot;sku&quot;:&quot;72200113&quot;,&quot;price&quot;:0,&quot;stocklevel&quot;:null,&quot;stockstatus&quot;:&quot;outofstock&quot;,&quot;google_business_vertical&quot;:&quot;retail&quot;,&quot;item_category&quot;:&quot;B2B&quot;,&quot;id&quot;:18773,&quot;productlink&quot;:&quot;https:\\\/\\\/www.inverseteams.com\\\/en\\\/product\\\/cycling-bib-shorts-spain-women\\\/&quot;,&quot;item_list_name&quot;:&quot;General Product List&quot;,&quot;index&quot;:0,&quot;product_type&quot;:&quot;variable&quot;,&quot;item_brand&quot;:&quot;&quot;}\"><\/span>\n\t\t\t\t<a href=\"https:\/\/www.inverseteams.com\/en\/product\/cycling-bib-shorts-spain-women\/\" class=\"wc-block-grid__product-link\">\n\t\t\t\t\t\n\t\t\t\t\t<div class=\"wc-block-grid__product-image\"><img loading=\"lazy\" decoding=\"async\" width=\"420\" height=\"450\" src=\"https:\/\/www.inverseteams.com\/wp-content\/uploads\/CULOTTE-CICLISTA-ESPANA-MUJER-1-420x450.jpg\" class=\"attachment-woocommerce_thumbnail size-woocommerce_thumbnail\" alt=\"Cycling bib shorts SPAIN\" srcset=\"https:\/\/www.inverseteams.com\/wp-content\/uploads\/CULOTTE-CICLISTA-ESPANA-MUJER-1-420x451.jpg 420w, https:\/\/www.inverseteams.com\/wp-content\/uploads\/CULOTTE-CICLISTA-ESPANA-MUJER-1-279x300.jpg 279w, https:\/\/www.inverseteams.com\/wp-content\/uploads\/CULOTTE-CICLISTA-ESPANA-MUJER-1-953x1024.jpg 953w, https:\/\/www.inverseteams.com\/wp-content\/uploads\/CULOTTE-CICLISTA-ESPANA-MUJER-1-768x825.jpg 768w, https:\/\/www.inverseteams.com\/wp-content\/uploads\/CULOTTE-CICLISTA-ESPANA-MUJER-1-1430x1536.jpg 1430w, https:\/\/www.inverseteams.com\/wp-content\/uploads\/CULOTTE-CICLISTA-ESPANA-MUJER-1-1906x2048.jpg 1906w, https:\/\/www.inverseteams.com\/wp-content\/uploads\/CULOTTE-CICLISTA-ESPANA-MUJER-1-860x921.jpg 860w\" sizes=\"auto, (max-width: 420px) 100vw, 420px\" \/><\/div>\n\t\t\t\t\t<div class=\"wc-block-grid__product-title\">Cycling bib shorts SPAIN (WOMEN)<\/div>\n\t\t\t\t<\/a>\n\t\t\t\t<div class=\"wc-block-grid__product-price price\"><span class=\"woocommerce-Price-amount amount\">72,71<span class=\"woocommerce-Price-currencySymbol\">&euro;<\/span><\/span><span class=\"price-suffix\"><\/span><\/div>\n\t\t\t\t\n\t\t\t\t\n\t\t\t<\/li><\/ul><\/div>","protected":false},"excerpt":{"rendered":"<p>After his MTB XCO Olympic bronze medal at Tokyo 2020, David Valero has been proclaimed runner-up in the World Championships in Les Gets (France). After an epic duel with Switzerland&#8217;s Nino Schurter involving a time difference of only nine seconds, David Valero was the new MTB XCO World Championships runner-up. David Valero is happy to [&hellip;]<\/p>\n","protected":false},"author":12,"featured_media":91218,"comment_status":"open","ping_status":"open","sticky":false,"template":"","format":"standard","meta":{"_acf_changed":false,"mc4wp_mailchimp_campaign":[],"footnotes":""},"categories":[187],"tags":[8776,8777,8778,8779,8780,8781,8782,8783,5935,5936,5937,5942,6057,7973],"class_list":["post-91676","post","type-post","status-publish","format-standard","has-post-thumbnail","hentry","category-cycling","tag-david-valero-en","tag-espana-en","tag-maillot-david-valero-en","tag-culotte-david-valero-en","tag-equipacion-david-valero-en","tag-maillot-seleccion-espanola-ciclismo-en","tag-culotte-seleccion-espanola-ciclismo-en","tag-xco-en","tag-maillot-espagne-en","tag-spain-jersey-en","tag-maillot-espana-en","tag-spain-bib-shorts-en","tag-culotte-de-espana-en","tag-btt-4-en"],"acf":[],"yoast_head":"<!-- This site is optimized with the Yoast SEO plugin v27.3 - https:\/\/yoast.com\/product\/yoast-seo-wordpress\/ -->\n<title>David Valero - new MTB XCO World Championships runner-up | Inverseteams<\/title>\n<meta name=\"description\" content=\"Andalusia&#039;s David Valero was proclaimed runner-up in the MTB XCO World Championships in the French town of Les Gets.\" \/>\n<meta name=\"robots\" content=\"index, follow, max-snippet:-1, max-image-preview:large, max-video-preview:-1\" \/>\n<link rel=\"canonical\" href=\"https:\/\/www.inverseteams.com\/en\/blog\/david-valero-nuevo-subcampeon-del-mundo-mtb-xco\/\" \/>\n<meta property=\"og:locale\" content=\"en_US\" \/>\n<meta property=\"og:type\" content=\"article\" \/>\n<meta property=\"og:title\" content=\"David Valero - new MTB XCO World Championships runner-up | Inverseteams\" \/>\n<meta property=\"og:description\" content=\"Andalusia&#039;s David Valero was proclaimed runner-up in the MTB XCO World Championships in the French town of Les Gets.\" \/>\n<meta property=\"og:url\" content=\"https:\/\/www.inverseteams.com\/en\/blog\/david-valero-nuevo-subcampeon-del-mundo-mtb-xco\/\" \/>\n<meta property=\"og:site_name\" content=\"Inverseteams\" \/>\n<meta property=\"article:publisher\" content=\"https:\/\/www.facebook.com\/inverseteams\" \/>\n<meta property=\"article:published_time\" content=\"2022-08-29T12:36:19+00:00\" \/>\n<meta property=\"article:modified_time\" content=\"2022-09-02T11:02:49+00:00\" \/>\n<meta property=\"og:image\" content=\"https:\/\/www.inverseteams.com\/wp-content\/uploads\/blog_david_valero_00.jpg\" \/>\n\t<meta property=\"og:image:width\" content=\"1920\" \/>\n\t<meta property=\"og:image:height\" content=\"1280\" \/>\n\t<meta property=\"og:image:type\" content=\"image\/jpeg\" \/>\n<meta name=\"author\" content=\"xavier\" \/>\n<meta name=\"twitter:card\" content=\"summary_large_image\" \/>\n<meta name=\"twitter:label1\" content=\"Written by\" \/>\n\t<meta name=\"twitter:data1\" content=\"xavier\" \/>\n\t<meta name=\"twitter:label2\" content=\"Est. reading time\" \/>\n\t<meta name=\"twitter:data2\" content=\"3 minutes\" \/>\n<script type=\"application\/ld+json\" class=\"yoast-schema-graph\">{\"@context\":\"https:\\\/\\\/schema.org\",\"@graph\":[{\"@type\":\"Article\",\"@id\":\"https:\\\/\\\/www.inverseteams.com\\\/en\\\/blog\\\/david-valero-nuevo-subcampeon-del-mundo-mtb-xco\\\/#article\",\"isPartOf\":{\"@id\":\"https:\\\/\\\/www.inverseteams.com\\\/en\\\/blog\\\/david-valero-nuevo-subcampeon-del-mundo-mtb-xco\\\/\"},\"author\":{\"name\":\"xavier\",\"@id\":\"https:\\\/\\\/www.inverseteams.com\\\/en\\\/#\\\/schema\\\/person\\\/8e9cda76b6449aea55a18c6b0f3a15f1\"},\"headline\":\"David Valero &#8211; new MTB XCO World Championships runner-up\",\"datePublished\":\"2022-08-29T12:36:19+00:00\",\"dateModified\":\"2022-09-02T11:02:49+00:00\",\"mainEntityOfPage\":{\"@id\":\"https:\\\/\\\/www.inverseteams.com\\\/en\\\/blog\\\/david-valero-nuevo-subcampeon-del-mundo-mtb-xco\\\/\"},\"wordCount\":503,\"commentCount\":0,\"publisher\":{\"@id\":\"https:\\\/\\\/www.inverseteams.com\\\/en\\\/#organization\"},\"image\":{\"@id\":\"https:\\\/\\\/www.inverseteams.com\\\/en\\\/blog\\\/david-valero-nuevo-subcampeon-del-mundo-mtb-xco\\\/#primaryimage\"},\"thumbnailUrl\":\"https:\\\/\\\/www.inverseteams.com\\\/wp-content\\\/uploads\\\/blog_david_valero_00.jpg\",\"keywords\":[\"David Valero\",\"espa\u00f1a\",\"maillot david valero\",\"culotte david valero\",\"equipaci\u00f3n david valero\",\"maillot selecci\u00f3n espa\u00f1ola ciclismo\",\"culotte selecci\u00f3n espa\u00f1ola ciclismo\",\"xco\",\"maillot Espagne\",\"Spain jersey\",\"maillot Espa\u00f1a\",\"Spain bib shorts\",\"Culotte de Espa\u00f1a\",\"btt\"],\"articleSection\":[\"Cycling\"],\"inLanguage\":\"en-US\",\"potentialAction\":[{\"@type\":\"CommentAction\",\"name\":\"Comment\",\"target\":[\"https:\\\/\\\/www.inverseteams.com\\\/en\\\/blog\\\/david-valero-nuevo-subcampeon-del-mundo-mtb-xco\\\/#respond\"]}]},{\"@type\":\"WebPage\",\"@id\":\"https:\\\/\\\/www.inverseteams.com\\\/en\\\/blog\\\/david-valero-nuevo-subcampeon-del-mundo-mtb-xco\\\/\",\"url\":\"https:\\\/\\\/www.inverseteams.com\\\/en\\\/blog\\\/david-valero-nuevo-subcampeon-del-mundo-mtb-xco\\\/\",\"name\":\"David Valero - new MTB XCO World Championships runner-up | Inverseteams\",\"isPartOf\":{\"@id\":\"https:\\\/\\\/www.inverseteams.com\\\/en\\\/#website\"},\"primaryImageOfPage\":{\"@id\":\"https:\\\/\\\/www.inverseteams.com\\\/en\\\/blog\\\/david-valero-nuevo-subcampeon-del-mundo-mtb-xco\\\/#primaryimage\"},\"image\":{\"@id\":\"https:\\\/\\\/www.inverseteams.com\\\/en\\\/blog\\\/david-valero-nuevo-subcampeon-del-mundo-mtb-xco\\\/#primaryimage\"},\"thumbnailUrl\":\"https:\\\/\\\/www.inverseteams.com\\\/wp-content\\\/uploads\\\/blog_david_valero_00.jpg\",\"datePublished\":\"2022-08-29T12:36:19+00:00\",\"dateModified\":\"2022-09-02T11:02:49+00:00\",\"description\":\"Andalusia's David Valero was proclaimed runner-up in the MTB XCO World Championships in the French town of Les Gets.\",\"breadcrumb\":{\"@id\":\"https:\\\/\\\/www.inverseteams.com\\\/en\\\/blog\\\/david-valero-nuevo-subcampeon-del-mundo-mtb-xco\\\/#breadcrumb\"},\"inLanguage\":\"en-US\",\"potentialAction\":[{\"@type\":\"ReadAction\",\"target\":[\"https:\\\/\\\/www.inverseteams.com\\\/en\\\/blog\\\/david-valero-nuevo-subcampeon-del-mundo-mtb-xco\\\/\"]}]},{\"@type\":\"ImageObject\",\"inLanguage\":\"en-US\",\"@id\":\"https:\\\/\\\/www.inverseteams.com\\\/en\\\/blog\\\/david-valero-nuevo-subcampeon-del-mundo-mtb-xco\\\/#primaryimage\",\"url\":\"https:\\\/\\\/www.inverseteams.com\\\/wp-content\\\/uploads\\\/blog_david_valero_00.jpg\",\"contentUrl\":\"https:\\\/\\\/www.inverseteams.com\\\/wp-content\\\/uploads\\\/blog_david_valero_00.jpg\",\"width\":1920,\"height\":1280},{\"@type\":\"BreadcrumbList\",\"@id\":\"https:\\\/\\\/www.inverseteams.com\\\/en\\\/blog\\\/david-valero-nuevo-subcampeon-del-mundo-mtb-xco\\\/#breadcrumb\",\"itemListElement\":[{\"@type\":\"ListItem\",\"position\":1,\"name\":\"Portada\",\"item\":\"https:\\\/\\\/www.inverseteams.com\\\/en\\\/pagina-principal\\\/\"},{\"@type\":\"ListItem\",\"position\":2,\"name\":\"David Valero &#8211; new MTB XCO World Championships runner-up\"}]},{\"@type\":\"WebSite\",\"@id\":\"https:\\\/\\\/www.inverseteams.com\\\/en\\\/#website\",\"url\":\"https:\\\/\\\/www.inverseteams.com\\\/en\\\/\",\"name\":\"Inverseteams\",\"description\":\"Tu marca de ropa deportiva personalizada\",\"publisher\":{\"@id\":\"https:\\\/\\\/www.inverseteams.com\\\/en\\\/#organization\"},\"potentialAction\":[{\"@type\":\"SearchAction\",\"target\":{\"@type\":\"EntryPoint\",\"urlTemplate\":\"https:\\\/\\\/www.inverseteams.com\\\/en\\\/?s={search_term_string}\"},\"query-input\":{\"@type\":\"PropertyValueSpecification\",\"valueRequired\":true,\"valueName\":\"search_term_string\"}}],\"inLanguage\":\"en-US\"},{\"@type\":\"Organization\",\"@id\":\"https:\\\/\\\/www.inverseteams.com\\\/en\\\/#organization\",\"name\":\"Inverse Teams\",\"url\":\"https:\\\/\\\/www.inverseteams.com\\\/en\\\/\",\"logo\":{\"@type\":\"ImageObject\",\"inLanguage\":\"en-US\",\"@id\":\"https:\\\/\\\/www.inverseteams.com\\\/en\\\/#\\\/schema\\\/logo\\\/image\\\/\",\"url\":\"https:\\\/\\\/www.inverseteams.com\\\/wp-content\\\/uploads\\\/2021\\\/03\\\/logo-inverse-teams.png\",\"contentUrl\":\"https:\\\/\\\/www.inverseteams.com\\\/wp-content\\\/uploads\\\/2021\\\/03\\\/logo-inverse-teams.png\",\"width\":294,\"height\":99,\"caption\":\"Inverse Teams\"},\"image\":{\"@id\":\"https:\\\/\\\/www.inverseteams.com\\\/en\\\/#\\\/schema\\\/logo\\\/image\\\/\"},\"sameAs\":[\"https:\\\/\\\/www.facebook.com\\\/inverseteams\",\"http:\\\/\\\/instagram.com\\\/inverseteams\",\"https:\\\/\\\/www.linkedin.com\\\/company\\\/inverse-cirosport-s-l-?trk=job_view_topcard_company_name\",\"http:\\\/\\\/www.pinterest.com\\\/inverseteams\\\/\",\"http:\\\/\\\/www.youtube.com\\\/user\\\/inverseteams?feature=watch\"]},{\"@type\":\"Person\",\"@id\":\"https:\\\/\\\/www.inverseteams.com\\\/en\\\/#\\\/schema\\\/person\\\/8e9cda76b6449aea55a18c6b0f3a15f1\",\"name\":\"xavier\",\"image\":{\"@type\":\"ImageObject\",\"inLanguage\":\"en-US\",\"@id\":\"https:\\\/\\\/secure.gravatar.com\\\/avatar\\\/602b199a1f28e97d83ab3a8bcb642260f5afd77cb09704889d85ddd70643cddb?s=96&d=mm&r=g\",\"url\":\"https:\\\/\\\/secure.gravatar.com\\\/avatar\\\/602b199a1f28e97d83ab3a8bcb642260f5afd77cb09704889d85ddd70643cddb?s=96&d=mm&r=g\",\"contentUrl\":\"https:\\\/\\\/secure.gravatar.com\\\/avatar\\\/602b199a1f28e97d83ab3a8bcb642260f5afd77cb09704889d85ddd70643cddb?s=96&d=mm&r=g\",\"caption\":\"xavier\"}}]}<\/script>\n<!-- \/ Yoast SEO plugin. -->","yoast_head_json":{"title":"David Valero - new MTB XCO World Championships runner-up | Inverseteams","description":"Andalusia's David Valero was proclaimed runner-up in the MTB XCO World Championships in the French town of Les Gets.","robots":{"index":"index","follow":"follow","max-snippet":"max-snippet:-1","max-image-preview":"max-image-preview:large","max-video-preview":"max-video-preview:-1"},"canonical":"https:\/\/www.inverseteams.com\/en\/blog\/david-valero-nuevo-subcampeon-del-mundo-mtb-xco\/","og_locale":"en_US","og_type":"article","og_title":"David Valero - new MTB XCO World Championships runner-up | Inverseteams","og_description":"Andalusia's David Valero was proclaimed runner-up in the MTB XCO World Championships in the French town of Les Gets.","og_url":"https:\/\/www.inverseteams.com\/en\/blog\/david-valero-nuevo-subcampeon-del-mundo-mtb-xco\/","og_site_name":"Inverseteams","article_publisher":"https:\/\/www.facebook.com\/inverseteams","article_published_time":"2022-08-29T12:36:19+00:00","article_modified_time":"2022-09-02T11:02:49+00:00","og_image":[{"width":1920,"height":1280,"url":"https:\/\/www.inverseteams.com\/wp-content\/uploads\/blog_david_valero_00.jpg","type":"image\/jpeg"}],"author":"xavier","twitter_card":"summary_large_image","twitter_misc":{"Written by":"xavier","Est. reading time":"3 minutes"},"schema":{"@context":"https:\/\/schema.org","@graph":[{"@type":"Article","@id":"https:\/\/www.inverseteams.com\/en\/blog\/david-valero-nuevo-subcampeon-del-mundo-mtb-xco\/#article","isPartOf":{"@id":"https:\/\/www.inverseteams.com\/en\/blog\/david-valero-nuevo-subcampeon-del-mundo-mtb-xco\/"},"author":{"name":"xavier","@id":"https:\/\/www.inverseteams.com\/en\/#\/schema\/person\/8e9cda76b6449aea55a18c6b0f3a15f1"},"headline":"David Valero &#8211; new MTB XCO World Championships runner-up","datePublished":"2022-08-29T12:36:19+00:00","dateModified":"2022-09-02T11:02:49+00:00","mainEntityOfPage":{"@id":"https:\/\/www.inverseteams.com\/en\/blog\/david-valero-nuevo-subcampeon-del-mundo-mtb-xco\/"},"wordCount":503,"commentCount":0,"publisher":{"@id":"https:\/\/www.inverseteams.com\/en\/#organization"},"image":{"@id":"https:\/\/www.inverseteams.com\/en\/blog\/david-valero-nuevo-subcampeon-del-mundo-mtb-xco\/#primaryimage"},"thumbnailUrl":"https:\/\/www.inverseteams.com\/wp-content\/uploads\/blog_david_valero_00.jpg","keywords":["David Valero","espa\u00f1a","maillot david valero","culotte david valero","equipaci\u00f3n david valero","maillot selecci\u00f3n espa\u00f1ola ciclismo","culotte selecci\u00f3n espa\u00f1ola ciclismo","xco","maillot Espagne","Spain jersey","maillot Espa\u00f1a","Spain bib shorts","Culotte de Espa\u00f1a","btt"],"articleSection":["Cycling"],"inLanguage":"en-US","potentialAction":[{"@type":"CommentAction","name":"Comment","target":["https:\/\/www.inverseteams.com\/en\/blog\/david-valero-nuevo-subcampeon-del-mundo-mtb-xco\/#respond"]}]},{"@type":"WebPage","@id":"https:\/\/www.inverseteams.com\/en\/blog\/david-valero-nuevo-subcampeon-del-mundo-mtb-xco\/","url":"https:\/\/www.inverseteams.com\/en\/blog\/david-valero-nuevo-subcampeon-del-mundo-mtb-xco\/","name":"David Valero - new MTB XCO World Championships runner-up | Inverseteams","isPartOf":{"@id":"https:\/\/www.inverseteams.com\/en\/#website"},"primaryImageOfPage":{"@id":"https:\/\/www.inverseteams.com\/en\/blog\/david-valero-nuevo-subcampeon-del-mundo-mtb-xco\/#primaryimage"},"image":{"@id":"https:\/\/www.inverseteams.com\/en\/blog\/david-valero-nuevo-subcampeon-del-mundo-mtb-xco\/#primaryimage"},"thumbnailUrl":"https:\/\/www.inverseteams.com\/wp-content\/uploads\/blog_david_valero_00.jpg","datePublished":"2022-08-29T12:36:19+00:00","dateModified":"2022-09-02T11:02:49+00:00","description":"Andalusia's David Valero was proclaimed runner-up in the MTB XCO World Championships in the French town of Les Gets.","breadcrumb":{"@id":"https:\/\/www.inverseteams.com\/en\/blog\/david-valero-nuevo-subcampeon-del-mundo-mtb-xco\/#breadcrumb"},"inLanguage":"en-US","potentialAction":[{"@type":"ReadAction","target":["https:\/\/www.inverseteams.com\/en\/blog\/david-valero-nuevo-subcampeon-del-mundo-mtb-xco\/"]}]},{"@type":"ImageObject","inLanguage":"en-US","@id":"https:\/\/www.inverseteams.com\/en\/blog\/david-valero-nuevo-subcampeon-del-mundo-mtb-xco\/#primaryimage","url":"https:\/\/www.inverseteams.com\/wp-content\/uploads\/blog_david_valero_00.jpg","contentUrl":"https:\/\/www.inverseteams.com\/wp-content\/uploads\/blog_david_valero_00.jpg","width":1920,"height":1280},{"@type":"BreadcrumbList","@id":"https:\/\/www.inverseteams.com\/en\/blog\/david-valero-nuevo-subcampeon-del-mundo-mtb-xco\/#breadcrumb","itemListElement":[{"@type":"ListItem","position":1,"name":"Portada","item":"https:\/\/www.inverseteams.com\/en\/pagina-principal\/"},{"@type":"ListItem","position":2,"name":"David Valero &#8211; new MTB XCO World Championships runner-up"}]},{"@type":"WebSite","@id":"https:\/\/www.inverseteams.com\/en\/#website","url":"https:\/\/www.inverseteams.com\/en\/","name":"Inverseteams","description":"Tu marca de ropa deportiva personalizada","publisher":{"@id":"https:\/\/www.inverseteams.com\/en\/#organization"},"potentialAction":[{"@type":"SearchAction","target":{"@type":"EntryPoint","urlTemplate":"https:\/\/www.inverseteams.com\/en\/?s={search_term_string}"},"query-input":{"@type":"PropertyValueSpecification","valueRequired":true,"valueName":"search_term_string"}}],"inLanguage":"en-US"},{"@type":"Organization","@id":"https:\/\/www.inverseteams.com\/en\/#organization","name":"Inverse Teams","url":"https:\/\/www.inverseteams.com\/en\/","logo":{"@type":"ImageObject","inLanguage":"en-US","@id":"https:\/\/www.inverseteams.com\/en\/#\/schema\/logo\/image\/","url":"https:\/\/www.inverseteams.com\/wp-content\/uploads\/2021\/03\/logo-inverse-teams.png","contentUrl":"https:\/\/www.inverseteams.com\/wp-content\/uploads\/2021\/03\/logo-inverse-teams.png","width":294,"height":99,"caption":"Inverse Teams"},"image":{"@id":"https:\/\/www.inverseteams.com\/en\/#\/schema\/logo\/image\/"},"sameAs":["https:\/\/www.facebook.com\/inverseteams","http:\/\/instagram.com\/inverseteams","https:\/\/www.linkedin.com\/company\/inverse-cirosport-s-l-?trk=job_view_topcard_company_name","http:\/\/www.pinterest.com\/inverseteams\/","http:\/\/www.youtube.com\/user\/inverseteams?feature=watch"]},{"@type":"Person","@id":"https:\/\/www.inverseteams.com\/en\/#\/schema\/person\/8e9cda76b6449aea55a18c6b0f3a15f1","name":"xavier","image":{"@type":"ImageObject","inLanguage":"en-US","@id":"https:\/\/secure.gravatar.com\/avatar\/602b199a1f28e97d83ab3a8bcb642260f5afd77cb09704889d85ddd70643cddb?s=96&d=mm&r=g","url":"https:\/\/secure.gravatar.com\/avatar\/602b199a1f28e97d83ab3a8bcb642260f5afd77cb09704889d85ddd70643cddb?s=96&d=mm&r=g","contentUrl":"https:\/\/secure.gravatar.com\/avatar\/602b199a1f28e97d83ab3a8bcb642260f5afd77cb09704889d85ddd70643cddb?s=96&d=mm&r=g","caption":"xavier"}}]}},"_links":{"self":[{"href":"https:\/\/www.inverseteams.com\/en\/wp-json\/wp\/v2\/posts\/91676","targetHints":{"allow":["GET"]}}],"collection":[{"href":"https:\/\/www.inverseteams.com\/en\/wp-json\/wp\/v2\/posts"}],"about":[{"href":"https:\/\/www.inverseteams.com\/en\/wp-json\/wp\/v2\/types\/post"}],"author":[{"embeddable":true,"href":"https:\/\/www.inverseteams.com\/en\/wp-json\/wp\/v2\/users\/12"}],"replies":[{"embeddable":true,"href":"https:\/\/www.inverseteams.com\/en\/wp-json\/wp\/v2\/comments?post=91676"}],"version-history":[{"count":0,"href":"https:\/\/www.inverseteams.com\/en\/wp-json\/wp\/v2\/posts\/91676\/revisions"}],"wp:featuredmedia":[{"embeddable":true,"href":"https:\/\/www.inverseteams.com\/en\/wp-json\/wp\/v2\/media\/91218"}],"wp:attachment":[{"href":"https:\/\/www.inverseteams.com\/en\/wp-json\/wp\/v2\/media?parent=91676"}],"wp:term":[{"taxonomy":"category","embeddable":true,"href":"https:\/\/www.inverseteams.com\/en\/wp-json\/wp\/v2\/categories?post=91676"},{"taxonomy":"post_tag","embeddable":true,"href":"https:\/\/www.inverseteams.com\/en\/wp-json\/wp\/v2\/tags?post=91676"}],"curies":[{"name":"wp","href":"https:\/\/api.w.org\/{rel}","templated":true}]}}