{"id":279941,"date":"2026-03-13T11:10:45","date_gmt":"2026-03-13T10:10:45","guid":{"rendered":"https:\/\/www.inverseteams.com\/blog\/massi-mtb-racing-team-2026-una-alianza-imbatible-con-inverse-y-un-nuevo-rugido-en-rojo\/"},"modified":"2026-03-13T12:01:02","modified_gmt":"2026-03-13T11:01:02","slug":"massi-mtb-racing-team-2026-una-alianza-imbatible-con-inverse-y-un-nuevo-rugido-en-rojo","status":"publish","type":"post","link":"https:\/\/www.inverseteams.com\/en\/blog\/massi-mtb-racing-team-2026-una-alianza-imbatible-con-inverse-y-un-nuevo-rugido-en-rojo\/","title":{"rendered":"Massi MTB Racing Team 2026: an unbeatable alliance with Inverse and a new roar in red"},"content":{"rendered":"\n<figure class=\"wp-block-image size-large\"><img loading=\"lazy\" decoding=\"async\" width=\"1024\" height=\"683\" src=\"https:\/\/www.inverseteams.com\/wp-content\/uploads\/INVERSE-EQUIPO-CICLISMO-BTT-MASSI-2026-001-1024x683.jpg\" alt=\"\" class=\"wp-image-279898\" srcset=\"https:\/\/www.inverseteams.com\/wp-content\/uploads\/INVERSE-EQUIPO-CICLISMO-BTT-MASSI-2026-001-1024x683.jpg 1024w, https:\/\/www.inverseteams.com\/wp-content\/uploads\/INVERSE-EQUIPO-CICLISMO-BTT-MASSI-2026-001-300x200.jpg 300w, https:\/\/www.inverseteams.com\/wp-content\/uploads\/INVERSE-EQUIPO-CICLISMO-BTT-MASSI-2026-001-768x512.jpg 768w, https:\/\/www.inverseteams.com\/wp-content\/uploads\/INVERSE-EQUIPO-CICLISMO-BTT-MASSI-2026-001-1536x1024.jpg 1536w, https:\/\/www.inverseteams.com\/wp-content\/uploads\/INVERSE-EQUIPO-CICLISMO-BTT-MASSI-2026-001-420x280.jpg 420w, https:\/\/www.inverseteams.com\/wp-content\/uploads\/INVERSE-EQUIPO-CICLISMO-BTT-MASSI-2026-001-64x43.jpg 64w, https:\/\/www.inverseteams.com\/wp-content\/uploads\/INVERSE-EQUIPO-CICLISMO-BTT-MASSI-2026-001.jpg 1920w\" sizes=\"auto, (max-width: 1024px) 100vw, 1024px\" \/><\/figure>\n\n\n<div class=\"wrapper-heading\">\n<h2 class=\"wp-block-heading\">The international mountain bike scene is preparing for an exciting season. After years of shared success, the partnership between Massi and Inverse is further strengthened in 2026 with a renewed team, ambitious goals, and a new skin that pays tribute to the purest identity of the veteran bicycle brand: its iconic corporate red.<\/h2>\n<\/div>\n\n<div class=\"wrapper-heading\">\n<h3 class=\"wp-block-heading\">In this article, we explore the new Massi MTB Racing Team roster, the innovations in its technical equipment, and why this alliance continues to be a benchmark on the UCI Cross-Country circuit.<\/h3>\n<\/div>\n\n\n<figure class=\"wp-block-embed is-type-video is-provider-youtube wp-block-embed-youtube wp-embed-aspect-16-9 wp-has-aspect-ratio\"><div class=\"wp-block-embed__wrapper\">\n<iframe loading=\"lazy\" title=\"Massi MTB Racing Team 2026\" width=\"640\" height=\"360\" src=\"https:\/\/www.youtube.com\/embed\/xP7GvX9xwWQ?feature=oembed&#038;enablejsapi=1&#038;origin=https:\/\/www.inverseteams.com\" frameborder=\"0\" allow=\"accelerometer; autoplay; clipboard-write; encrypted-media; gyroscope; picture-in-picture; web-share\" referrerpolicy=\"strict-origin-when-cross-origin\" allowfullscreen><\/iframe>\n<\/div><\/figure>\n\n\n\n<figure class=\"wp-block-image size-large\"><img loading=\"lazy\" decoding=\"async\" width=\"1024\" height=\"683\" src=\"https:\/\/www.inverseteams.com\/wp-content\/uploads\/INVERSE-EQUIPO-CICLISMO-BTT-MASSI-2026-002-1024x683.jpg\" alt=\"\" class=\"wp-image-279903\" srcset=\"https:\/\/www.inverseteams.com\/wp-content\/uploads\/INVERSE-EQUIPO-CICLISMO-BTT-MASSI-2026-002-1024x683.jpg 1024w, https:\/\/www.inverseteams.com\/wp-content\/uploads\/INVERSE-EQUIPO-CICLISMO-BTT-MASSI-2026-002-300x200.jpg 300w, https:\/\/www.inverseteams.com\/wp-content\/uploads\/INVERSE-EQUIPO-CICLISMO-BTT-MASSI-2026-002-768x512.jpg 768w, https:\/\/www.inverseteams.com\/wp-content\/uploads\/INVERSE-EQUIPO-CICLISMO-BTT-MASSI-2026-002-1536x1024.jpg 1536w, https:\/\/www.inverseteams.com\/wp-content\/uploads\/INVERSE-EQUIPO-CICLISMO-BTT-MASSI-2026-002-420x280.jpg 420w, https:\/\/www.inverseteams.com\/wp-content\/uploads\/INVERSE-EQUIPO-CICLISMO-BTT-MASSI-2026-002-64x43.jpg 64w, https:\/\/www.inverseteams.com\/wp-content\/uploads\/INVERSE-EQUIPO-CICLISMO-BTT-MASSI-2026-002.jpg 1920w\" sizes=\"auto, (max-width: 1024px) 100vw, 1024px\" \/><\/figure>\n\n\n<div class=\"wrapper-heading\">\n<h3 class=\"wp-block-heading\"><strong>A new aesthetic: the power of Massi red<\/strong><\/h3>\n<\/div>\n\n\n<p>If there is one thing that stands out at first glance this year, it is the team\u2019s visual impact. <a href=\"https:\/\/www.inverseteams.com\/en\/custom-cycling-clothing-in-4-weeks\/?utm_source=Blog&#038;utm_medium=blog&#038;utm_campaign=BL-024%2F26+Massi+MTB+Racing+Team+2026+ENG&#038;utm_id=BL-024%2F26+Massi+MTB+Racing+Team+2026+ENG&#038;utm_term=Massi+MTB+Racing+Team+2026+ENG&#038;utm_content=Massi+MTB+Racing+Team+2026+ENG\" type=\"link\" id=\"https:\/\/www.inverseteams.com\/en\/custom-cycling-clothing-in-4-weeks\/?utm_source=Blog&amp;utm_medium=blog&amp;utm_campaign=BL-024%2F26+Massi+MTB+Racing+Team+2026+ENG&amp;utm_id=BL-024%2F26+Massi+MTB+Racing+Team+2026+ENG&amp;utm_term=Massi+MTB+Racing+Team+2026+ENG&amp;utm_content=Massi+MTB+Racing+Team+2026+ENG\">The new kit designed by <strong>Inverse<\/strong><\/a><strong> <\/strong>represents a major step forward in design, strongly integrating <strong><a href=\"https:\/\/www.massi.bike\/en\/\" type=\"link\" id=\"https:\/\/www.massi.bike\/en\/\">Massi<\/a><\/strong>\u2019s corporate red.<\/p>\n\n\n\n<p>This change is not merely aesthetic; it represents the <strong>passion, dynamism, and competitive aggressiveness that define the brand<\/strong>. Combined with Inverse\u2019s high-end technical features, the riders benefit not only from a striking visual presence but also from top-level aerodynamics and breathability in race conditions.<\/p>\n\n\n\n<figure class=\"wp-block-image size-large\"><img loading=\"lazy\" decoding=\"async\" width=\"1024\" height=\"683\" src=\"https:\/\/www.inverseteams.com\/wp-content\/uploads\/INVERSE-EQUIPO-CICLISMO-BTT-MASSI-2026-003-1024x683.jpg\" alt=\"\" class=\"wp-image-279908\" srcset=\"https:\/\/www.inverseteams.com\/wp-content\/uploads\/INVERSE-EQUIPO-CICLISMO-BTT-MASSI-2026-003-1024x683.jpg 1024w, https:\/\/www.inverseteams.com\/wp-content\/uploads\/INVERSE-EQUIPO-CICLISMO-BTT-MASSI-2026-003-300x200.jpg 300w, https:\/\/www.inverseteams.com\/wp-content\/uploads\/INVERSE-EQUIPO-CICLISMO-BTT-MASSI-2026-003-768x512.jpg 768w, https:\/\/www.inverseteams.com\/wp-content\/uploads\/INVERSE-EQUIPO-CICLISMO-BTT-MASSI-2026-003-1536x1024.jpg 1536w, https:\/\/www.inverseteams.com\/wp-content\/uploads\/INVERSE-EQUIPO-CICLISMO-BTT-MASSI-2026-003-420x280.jpg 420w, https:\/\/www.inverseteams.com\/wp-content\/uploads\/INVERSE-EQUIPO-CICLISMO-BTT-MASSI-2026-003-64x43.jpg 64w, https:\/\/www.inverseteams.com\/wp-content\/uploads\/INVERSE-EQUIPO-CICLISMO-BTT-MASSI-2026-003.jpg 1920w\" sizes=\"auto, (max-width: 1024px) 100vw, 1024px\" \/><\/figure>\n\n\n<div class=\"wrapper-heading\">\n<h3 class=\"wp-block-heading\"><strong>The 2026 \u201cDream Team\u201d: talent, youth and experience<\/strong><\/h3>\n<\/div>\n\n\n<p>The Massi MTB Racing Team roster for this season is one of the most balanced and powerful in its history, combining established World Cup riders with some of the most promising talents on the international scene.<\/p>\n\n\n<div class=\"wrapper-heading\">\n<h4 class=\"wp-block-heading\"><strong>Elite Men\u2019s Squad<\/strong><\/h4>\n<\/div>\n\n\n<ul class=\"wp-block-list\">\n<li><strong>Gerardo Ulloa (28):<\/strong> The Mexican reference arrives with an impressive record that includes a World Cup victory, 8 continental titles, and 11 national championships. He will be the spearhead for races in the Americas and the global series.<\/li>\n\n\n\n<li><strong>Antoine Philipp (27):<\/strong> The French rider, with 6 World Cup podiums, brings the consistency and technical ability needed to shine on the most demanding European circuits.<\/li>\n\n\n\n<li><strong>Mats Tubaas Glende (25):<\/strong> The Norwegian continues to demonstrate his upward progression, backed by 2 World Cup podiums and dominance in his national championships.<\/li>\n\n\n\n<li><strong>Jaume Bosch (24):<\/strong> A Spanish talent who already knows what it means to win Spanish Championships (XCE) and is looking to establish himself in the international Elite category.<\/li>\n<\/ul>\n\n\n\n<figure class=\"wp-block-image size-large\"><img loading=\"lazy\" decoding=\"async\" width=\"1024\" height=\"683\" src=\"https:\/\/www.inverseteams.com\/wp-content\/uploads\/INVERSE-EQUIPO-CICLISMO-BTT-MASSI-2026-004-1024x683.jpg\" alt=\"\" class=\"wp-image-279913\" srcset=\"https:\/\/www.inverseteams.com\/wp-content\/uploads\/INVERSE-EQUIPO-CICLISMO-BTT-MASSI-2026-004-1024x683.jpg 1024w, https:\/\/www.inverseteams.com\/wp-content\/uploads\/INVERSE-EQUIPO-CICLISMO-BTT-MASSI-2026-004-300x200.jpg 300w, https:\/\/www.inverseteams.com\/wp-content\/uploads\/INVERSE-EQUIPO-CICLISMO-BTT-MASSI-2026-004-768x512.jpg 768w, https:\/\/www.inverseteams.com\/wp-content\/uploads\/INVERSE-EQUIPO-CICLISMO-BTT-MASSI-2026-004-1536x1024.jpg 1536w, https:\/\/www.inverseteams.com\/wp-content\/uploads\/INVERSE-EQUIPO-CICLISMO-BTT-MASSI-2026-004-420x280.jpg 420w, https:\/\/www.inverseteams.com\/wp-content\/uploads\/INVERSE-EQUIPO-CICLISMO-BTT-MASSI-2026-004-64x43.jpg 64w, https:\/\/www.inverseteams.com\/wp-content\/uploads\/INVERSE-EQUIPO-CICLISMO-BTT-MASSI-2026-004.jpg 1920w\" sizes=\"auto, (max-width: 1024px) 100vw, 1024px\" \/><\/figure>\n\n\n<div class=\"wrapper-heading\">\n<h4 class=\"wp-block-heading\"><strong>Elite Women\u2019s Squad<\/strong><\/h4>\n<\/div>\n\n\n<ul class=\"wp-block-list\">\n<li><strong>Yana Belomoina (32):<\/strong> A true legend of world MTB. The Ukrainian leads the women\u2019s team with 10 World Cup victories and 34 podiums, as well as multiple continental and national titles.<\/li>\n\n\n\n<li><strong>Monserrath Rodr\u00edguez (26):<\/strong> The current continental champion brings freshness and consistent results in both the American and European race series.<\/li>\n\n\n\n<li><strong>N\u00faria Bosch (26):<\/strong> A key figure on the national scene, with a national title and regular podium finishes in the Spanish Cup and the Catalan Cup.<\/li>\n<\/ul>\n\n\n\n<figure class=\"wp-block-image size-large\"><img loading=\"lazy\" decoding=\"async\" width=\"1024\" height=\"683\" src=\"https:\/\/www.inverseteams.com\/wp-content\/uploads\/INVERSE-EQUIPO-CICLISMO-BTT-MASSI-2026-005-1024x683.jpg\" alt=\"\" class=\"wp-image-279918\" srcset=\"https:\/\/www.inverseteams.com\/wp-content\/uploads\/INVERSE-EQUIPO-CICLISMO-BTT-MASSI-2026-005-1024x683.jpg 1024w, https:\/\/www.inverseteams.com\/wp-content\/uploads\/INVERSE-EQUIPO-CICLISMO-BTT-MASSI-2026-005-300x200.jpg 300w, https:\/\/www.inverseteams.com\/wp-content\/uploads\/INVERSE-EQUIPO-CICLISMO-BTT-MASSI-2026-005-768x512.jpg 768w, https:\/\/www.inverseteams.com\/wp-content\/uploads\/INVERSE-EQUIPO-CICLISMO-BTT-MASSI-2026-005-1536x1024.jpg 1536w, https:\/\/www.inverseteams.com\/wp-content\/uploads\/INVERSE-EQUIPO-CICLISMO-BTT-MASSI-2026-005-420x280.jpg 420w, https:\/\/www.inverseteams.com\/wp-content\/uploads\/INVERSE-EQUIPO-CICLISMO-BTT-MASSI-2026-005-64x43.jpg 64w, https:\/\/www.inverseteams.com\/wp-content\/uploads\/INVERSE-EQUIPO-CICLISMO-BTT-MASSI-2026-005.jpg 1920w\" sizes=\"auto, (max-width: 1024px) 100vw, 1024px\" \/><\/figure>\n\n\n<div class=\"wrapper-heading\">\n<h4 class=\"wp-block-heading\"><strong>The U23 rising stars<\/strong><\/h4>\n<\/div>\n\n\n<p>The future looks bright with two riders already making headlines in the U23 category:<\/p>\n\n\n\n<p>\u2022 <strong>Nathan Cornillon (21):<\/strong> A regular among the top positions in the French Cup and with a strong performance at the Haute-Savoie World Cup.<\/p>\n\n\n\n<p>\u2022 <strong>Marta Cano (20):<\/strong> With 2 World Cup podiums and 5 national titles, Marta is one of the team\u2019s most promising riders, already performing strongly in Elite races despite her young age.<\/p>\n\n\n\n<figure class=\"wp-block-image size-large\"><img loading=\"lazy\" decoding=\"async\" width=\"1024\" height=\"683\" src=\"https:\/\/www.inverseteams.com\/wp-content\/uploads\/INVERSE-EQUIPO-CICLISMO-BTT-MASSI-2026-006-1024x683.jpg\" alt=\"\" class=\"wp-image-279923\" srcset=\"https:\/\/www.inverseteams.com\/wp-content\/uploads\/INVERSE-EQUIPO-CICLISMO-BTT-MASSI-2026-006-1024x683.jpg 1024w, https:\/\/www.inverseteams.com\/wp-content\/uploads\/INVERSE-EQUIPO-CICLISMO-BTT-MASSI-2026-006-300x200.jpg 300w, https:\/\/www.inverseteams.com\/wp-content\/uploads\/INVERSE-EQUIPO-CICLISMO-BTT-MASSI-2026-006-768x512.jpg 768w, https:\/\/www.inverseteams.com\/wp-content\/uploads\/INVERSE-EQUIPO-CICLISMO-BTT-MASSI-2026-006-1536x1024.jpg 1536w, https:\/\/www.inverseteams.com\/wp-content\/uploads\/INVERSE-EQUIPO-CICLISMO-BTT-MASSI-2026-006-420x280.jpg 420w, https:\/\/www.inverseteams.com\/wp-content\/uploads\/INVERSE-EQUIPO-CICLISMO-BTT-MASSI-2026-006-64x43.jpg 64w, https:\/\/www.inverseteams.com\/wp-content\/uploads\/INVERSE-EQUIPO-CICLISMO-BTT-MASSI-2026-006.jpg 1920w\" sizes=\"auto, (max-width: 1024px) 100vw, 1024px\" \/><\/figure>\n\n\n<div class=\"wrapper-heading\">\n<h3 class=\"wp-block-heading\"><strong>Inverse and Massi: technology serving performance<\/strong><\/h3>\n<\/div>\n\n\n<p>To succeed in demanding disciplines such as XCO (Cross Country Olympic) and XCC (Short Track), <strong><a href=\"https:\/\/www.inverseteams.com\/en\/custom-cycling-clothing-in-4-weeks\/?utm_source=Blog&#038;utm_medium=blog&#038;utm_campaign=BL-024%2F26+Massi+MTB+Racing+Team+2026+ENG&#038;utm_id=BL-024%2F26+Massi+MTB+Racing+Team+2026+ENG&#038;utm_term=Massi+MTB+Racing+Team+2026+ENG&#038;utm_content=Massi+MTB+Racing+Team+2026+ENG\" type=\"link\" id=\"https:\/\/www.inverseteams.com\/en\/custom-cycling-clothing-in-4-weeks\/?utm_source=Blog&amp;utm_medium=blog&amp;utm_campaign=BL-024%2F26+Massi+MTB+Racing+Team+2026+ENG&amp;utm_id=BL-024%2F26+Massi+MTB+Racing+Team+2026+ENG&amp;utm_term=Massi+MTB+Racing+Team+2026+ENG&amp;utm_content=Massi+MTB+Racing+Team+2026+ENG\">technical apparel plays a crucial role<\/a>.<\/strong> For the 2026 team, <strong>Inverse has developed garments using next-generation fabrics<\/strong> optimized for maximum-intensity conditions.<\/p>\n\n\n\n<p>The new kit stands out not only for its vibrant red color but also for its ergonomic fit, allowing total freedom of movement\u2014essential when tackling technical descents or explosive climbs on circuits such as those of the<strong> UCI MTB World Cup.<\/strong><\/p>\n\n\n\n<figure class=\"wp-block-image size-large\"><img loading=\"lazy\" decoding=\"async\" width=\"1024\" height=\"683\" src=\"https:\/\/www.inverseteams.com\/wp-content\/uploads\/INVERSE-EQUIPO-CICLISMO-BTT-MASSI-2026-007-1024x683.jpg\" alt=\"\" class=\"wp-image-279928\" srcset=\"https:\/\/www.inverseteams.com\/wp-content\/uploads\/INVERSE-EQUIPO-CICLISMO-BTT-MASSI-2026-007-1024x683.jpg 1024w, https:\/\/www.inverseteams.com\/wp-content\/uploads\/INVERSE-EQUIPO-CICLISMO-BTT-MASSI-2026-007-300x200.jpg 300w, https:\/\/www.inverseteams.com\/wp-content\/uploads\/INVERSE-EQUIPO-CICLISMO-BTT-MASSI-2026-007-768x512.jpg 768w, https:\/\/www.inverseteams.com\/wp-content\/uploads\/INVERSE-EQUIPO-CICLISMO-BTT-MASSI-2026-007-1536x1024.jpg 1536w, https:\/\/www.inverseteams.com\/wp-content\/uploads\/INVERSE-EQUIPO-CICLISMO-BTT-MASSI-2026-007-420x280.jpg 420w, https:\/\/www.inverseteams.com\/wp-content\/uploads\/INVERSE-EQUIPO-CICLISMO-BTT-MASSI-2026-007-64x43.jpg 64w, https:\/\/www.inverseteams.com\/wp-content\/uploads\/INVERSE-EQUIPO-CICLISMO-BTT-MASSI-2026-007.jpg 1920w\" sizes=\"auto, (max-width: 1024px) 100vw, 1024px\" \/><\/figure>\n\n\n<div class=\"wrapper-heading\">\n<h3 class=\"wp-block-heading\"><strong>A winning alliance<\/strong><\/h3>\n<\/div>\n\n\n<p><strong>The Massi MTB Racing Team 2026<\/strong> is not just a team; it is a true statement of intent. With the support of Inverse, the squad presents itself as a genuine winning alliance that combines the solid heritage of the Catalan brand Massi with the textile innovation that Inverse has developed and perfected in recent years.<\/p>\n\n\n\n<p>This season, red is no longer just a color\u2014it becomes the symbol of success on every trail and in every race where the Massi team competes.<\/p>\n\n\n\n<div class=\"wp-block-buttons is-layout-flex wp-block-buttons-is-layout-flex\">\n<div class=\"wp-block-button\"><a class=\"wp-block-button__link wp-element-button\" href=\"https:\/\/www.inverseteams.com\/en\/custom-cycling-clothing-in-4-weeks\/?utm_source=Blog&#038;utm_medium=blog&#038;utm_campaign=BL-024%2F26+Massi+MTB+Racing+Team+2026+ENG&#038;utm_id=BL-024%2F26+Massi+MTB+Racing+Team+2026+ENG&#038;utm_term=Massi+MTB+Racing+Team+2026+ENG&#038;utm_content=Massi+MTB+Racing+Team+2026+ENG\"><strong>Custom Cycling<\/strong><\/a><\/div>\n<\/div>\n\n\n\n<p><\/p>\n","protected":false},"excerpt":{"rendered":"<p>The international mountain bike scene is preparing for an exciting season. After years of shared success, the partnership between Massi and Inverse is further strengthened in 2026 with a renewed team, ambitious goals, and a new skin that pays tribute to the purest identity of the veteran bicycle brand: its iconic corporate red. In this [&hellip;]<\/p>\n","protected":false},"author":12,"featured_media":279900,"comment_status":"open","ping_status":"open","sticky":false,"template":"","format":"standard","meta":{"_acf_changed":false,"mc4wp_mailchimp_campaign":[],"footnotes":""},"categories":[187],"tags":[16984,22697,22871,22887,22903,19087,22856,22872,22888,22904,19179,22857,22873,22889,22905,19184,22858,22874,22890,22906,19191,22859,22875,22891,22907,19213,22860,22876,22892,22908,21152,22861,22877,22893,22909,21153,22862,22878,22894,22910,21169,22863,22879,22895,22911,21172,22864,22880,22896,22912,7767,21179,22865,22881,22897,22913,7769,22365,22866,22882,22898,22914,7770,22374,22867,22883,22899,22915,9880,22378,22868,22884,22900,10020,22425,22869,22885,22901,16854,22694,22870,22886,22902],"class_list":["post-279941","post","type-post","status-publish","format-standard","has-post-thumbnail","hentry","category-cycling","tag-vetements-cyclisme-personnalises-en","tag-personalisierte-radsportbekleidung","tag-elite-mtb-fahrer","tag-equipo-mtb-massi","tag-mtb-world-cup","tag-ciclisme-de-muntanya-en","tag-ciclisme-professional","tag-elite-mtb-riders","tag-equipo-profesional-mtb","tag-personalisierte-radtrikots","tag-roba-tecnica-ciclisme-en","tag-ciclismo-de-montana","tag-equip-massi-2026","tag-massi-bikes-racing-team","tag-professional-mtb-team","tag-ropa-tecnica-ciclismo-en","tag-ciclismo-profesional","tag-equip-mtb-internacional","tag-massi-bikes-team","tag-professionelles-mtb-team","tag-technische-radbekleidung-en","tag-competicio-mtb","tag-equip-mtb-massi","tag-massi-mtb-racing-team","tag-riders-mtb","tag-vetements-techniques-cyclisme-en","tag-competicion-mtb","tag-equip-professional-mtb","tag-mountain-bike-athletes","tag-technical-cycling-apparel","tag-inverse-cycling-apparel","tag-competition-vtt","tag-equipacio-mtb","tag-mountain-bike-racing","tag-uci-mtb-world-cup","tag-inverse-radsportbekleidung","tag-copa-del-mon-mtb","tag-equipacion-mtb","tag-mountainbike-athleten","tag-xcc-short-track","tag-roba-ciclisme-inverse","tag-copa-del-mundo-mtb","tag-equipe-massi-2026","tag-mountainbike-rennen","tag-xcc-short-track-vtt","tag-ropa-ciclismo-inverse","tag-coupe-du-monde-vtt","tag-equipe-mtb-massi","tag-mtb-competition-team","tag-xco-mountain-bike","tag-inverse-ciclismo-2-en","tag-vetements-cyclisme-inverse","tag-coureurs-vtt","tag-equipe-professionnelle-vtt","tag-mtb-race-clothing","tag-xco-mountain-bike-racing","tag-ropa-ciclismo-personalizada-en","tag-custom-cycling-kit","tag-cross-country-mountain-bike","tag-equipe-vtt-internationale","tag-mtb-racing-apparel","tag-xco-mountainbike-rennen","tag-roba-ciclisme-personalitzada-en","tag-equipacio-ciclisme-personalitzada","tag-cross-country-mountainbike","tag-equipement-vtt-competition","tag-mtb-racing-team","tag-xco-vtt","tag-inverse-ciclisme-2-en","tag-equipacion-ciclismo-personalizada","tag-cross-country-mtb","tag-equipement-vtt-racing","tag-mtb-rennteam","tag-massi-mtb-team-en","tag-tenue-cyclisme-personnalisee","tag-cross-country-vtt","tag-equipo-massi-2026","tag-mtb-weltcup","tag-custom-cycling-clothing-en","tag-mtb-rennbekleidung","tag-cyclisme-tout-terrain-2","tag-equipo-mtb-internacional","tag-mtb-wettkampfteam"],"acf":[],"yoast_head":"<!-- This site is optimized with the Yoast SEO plugin v27.3 - https:\/\/yoast.com\/product\/yoast-seo-wordpress\/ -->\n<title>Massi MTB Racing Team 2026: an unbeatable alliance with Inverse and a new roar in red | Inverseteams<\/title>\n<meta name=\"description\" content=\"The international mountain bike scene is preparing for an exciting season. After years of shared success, the partnership between Massi and Inverse is further strengthened in 2026 with a renewed team, ambitious goals, and a new skin that pays tribute to the purest identity of the veteran bicycle brand: its iconic corporate red.\" \/>\n<meta name=\"robots\" content=\"index, follow, max-snippet:-1, max-image-preview:large, max-video-preview:-1\" \/>\n<link rel=\"canonical\" href=\"https:\/\/www.inverseteams.com\/en\/blog\/massi-mtb-racing-team-2026-una-alianza-imbatible-con-inverse-y-un-nuevo-rugido-en-rojo\/\" \/>\n<meta property=\"og:locale\" content=\"en_US\" \/>\n<meta property=\"og:type\" content=\"article\" \/>\n<meta property=\"og:title\" content=\"Massi MTB Racing Team 2026: an unbeatable alliance with Inverse and a new roar in red | Inverseteams\" \/>\n<meta property=\"og:description\" content=\"The international mountain bike scene is preparing for an exciting season. After years of shared success, the partnership between Massi and Inverse is further strengthened in 2026 with a renewed team, ambitious goals, and a new skin that pays tribute to the purest identity of the veteran bicycle brand: its iconic corporate red.\" \/>\n<meta property=\"og:url\" content=\"https:\/\/www.inverseteams.com\/en\/blog\/massi-mtb-racing-team-2026-una-alianza-imbatible-con-inverse-y-un-nuevo-rugido-en-rojo\/\" \/>\n<meta property=\"og:site_name\" content=\"Inverseteams\" \/>\n<meta property=\"article:publisher\" content=\"https:\/\/www.facebook.com\/inverseteams\" \/>\n<meta property=\"article:published_time\" content=\"2026-03-13T10:10:45+00:00\" \/>\n<meta property=\"article:modified_time\" content=\"2026-03-13T11:01:02+00:00\" \/>\n<meta property=\"og:image\" content=\"https:\/\/www.inverseteams.com\/wp-content\/uploads\/INVERSE-EQUIPO-CICLISMO-BTT-MASSI-2026-001.jpg\" \/>\n\t<meta property=\"og:image:width\" content=\"1920\" \/>\n\t<meta property=\"og:image:height\" content=\"1280\" \/>\n\t<meta property=\"og:image:type\" content=\"image\/jpeg\" \/>\n<meta name=\"author\" content=\"xavier\" \/>\n<meta name=\"twitter:card\" content=\"summary_large_image\" \/>\n<meta name=\"twitter:label1\" content=\"Written by\" \/>\n\t<meta name=\"twitter:data1\" content=\"xavier\" \/>\n\t<meta name=\"twitter:label2\" content=\"Est. reading time\" \/>\n\t<meta name=\"twitter:data2\" content=\"5 minutes\" \/>\n<script type=\"application\/ld+json\" class=\"yoast-schema-graph\">{\"@context\":\"https:\\\/\\\/schema.org\",\"@graph\":[{\"@type\":\"Article\",\"@id\":\"https:\\\/\\\/www.inverseteams.com\\\/en\\\/blog\\\/massi-mtb-racing-team-2026-una-alianza-imbatible-con-inverse-y-un-nuevo-rugido-en-rojo\\\/#article\",\"isPartOf\":{\"@id\":\"https:\\\/\\\/www.inverseteams.com\\\/en\\\/blog\\\/massi-mtb-racing-team-2026-una-alianza-imbatible-con-inverse-y-un-nuevo-rugido-en-rojo\\\/\"},\"author\":{\"name\":\"xavier\",\"@id\":\"https:\\\/\\\/www.inverseteams.com\\\/en\\\/#\\\/schema\\\/person\\\/8e9cda76b6449aea55a18c6b0f3a15f1\"},\"headline\":\"Massi MTB Racing Team 2026: an unbeatable alliance with Inverse and a new roar in red\",\"datePublished\":\"2026-03-13T10:10:45+00:00\",\"dateModified\":\"2026-03-13T11:01:02+00:00\",\"mainEntityOfPage\":{\"@id\":\"https:\\\/\\\/www.inverseteams.com\\\/en\\\/blog\\\/massi-mtb-racing-team-2026-una-alianza-imbatible-con-inverse-y-un-nuevo-rugido-en-rojo\\\/\"},\"wordCount\":672,\"commentCount\":0,\"publisher\":{\"@id\":\"https:\\\/\\\/www.inverseteams.com\\\/en\\\/#organization\"},\"image\":{\"@id\":\"https:\\\/\\\/www.inverseteams.com\\\/en\\\/blog\\\/massi-mtb-racing-team-2026-una-alianza-imbatible-con-inverse-y-un-nuevo-rugido-en-rojo\\\/#primaryimage\"},\"thumbnailUrl\":\"https:\\\/\\\/www.inverseteams.com\\\/wp-content\\\/uploads\\\/INVERSE-EQUIPO-CICLISMO-BTT-MASSI-2026-001.jpg\",\"keywords\":[\"v\u00eatements cyclisme personnalis\u00e9s\",\"personalisierte Radsportbekleidung\",\"Elite MTB Fahrer\",\"equipo MTB Massi\",\"MTB World Cup\",\"ciclisme de muntanya\",\"ciclisme professional\",\"elite MTB riders\",\"equipo profesional MTB\",\"personalisierte Radtrikots\",\"roba t\u00e8cnica ciclisme\",\"ciclismo de monta\u00f1a\",\"equip Massi 2026\",\"Massi bikes racing team\",\"professional MTB team\",\"ropa t\u00e9cnica ciclismo\",\"ciclismo profesional\",\"equip MTB internacional\",\"Massi Bikes Team\",\"professionelles MTB Team\",\"technische Radbekleidung\",\"competici\u00f3 MTB\",\"equip MTB Massi\",\"Massi MTB Racing Team\",\"riders MTB\",\"v\u00eatements techniques cyclisme\",\"competici\u00f3n MTB\",\"equip professional MTB\",\"mountain bike athletes\",\"technical cycling apparel\",\"Inverse Cycling Apparel\",\"comp\u00e9tition VTT\",\"equipaci\u00f3 MTB\",\"mountain bike racing\",\"UCI MTB World Cup\",\"Inverse Radsportbekleidung\",\"Copa del M\u00f3n MTB\",\"equipaci\u00f3n MTB\",\"Mountainbike Athleten\",\"XCC short track\",\"Roba Ciclisme Inverse\",\"Copa del Mundo MTB\",\"\u00e9quipe Massi 2026\",\"Mountainbike Rennen\",\"XCC short track VTT\",\"Ropa Ciclismo Inverse\",\"Coupe du Monde VTT\",\"\u00e9quipe MTB Massi\",\"MTB competition team\",\"XCO mountain bike\",\"inverse ciclismo\",\"V\u00eatements Cyclisme Inverse\",\"coureurs VTT\",\"\u00e9quipe professionnelle VTT\",\"MTB race clothing\",\"XCO mountain bike racing\",\"ropa ciclismo personalizada\",\"custom cycling kit\",\"cross country mountain bike\",\"\u00e9quipe VTT internationale\",\"MTB racing apparel\",\"XCO Mountainbike Rennen\",\"roba ciclisme personalitzada\",\"equipaci\u00f3 ciclisme personalitzada\",\"Cross Country Mountainbike\",\"\u00e9quipement VTT comp\u00e9tition\",\"MTB racing team\",\"XCO VTT\",\"inverse ciclisme\",\"equipaci\u00f3n ciclismo personalizada\",\"Cross Country MTB\",\"\u00e9quipement VTT racing\",\"MTB Rennteam\",\"Massi MTB team\",\"tenue cyclisme personnalis\u00e9e\",\"cross country VTT\",\"equipo Massi 2026\",\"MTB Weltcup\",\"custom cycling clothing\",\"MTB Rennbekleidung\",\"cyclisme tout terrain\",\"equipo MTB internacional\",\"MTB Wettkampfteam\"],\"articleSection\":[\"Cycling\"],\"inLanguage\":\"en-US\",\"potentialAction\":[{\"@type\":\"CommentAction\",\"name\":\"Comment\",\"target\":[\"https:\\\/\\\/www.inverseteams.com\\\/en\\\/blog\\\/massi-mtb-racing-team-2026-una-alianza-imbatible-con-inverse-y-un-nuevo-rugido-en-rojo\\\/#respond\"]}]},{\"@type\":\"WebPage\",\"@id\":\"https:\\\/\\\/www.inverseteams.com\\\/en\\\/blog\\\/massi-mtb-racing-team-2026-una-alianza-imbatible-con-inverse-y-un-nuevo-rugido-en-rojo\\\/\",\"url\":\"https:\\\/\\\/www.inverseteams.com\\\/en\\\/blog\\\/massi-mtb-racing-team-2026-una-alianza-imbatible-con-inverse-y-un-nuevo-rugido-en-rojo\\\/\",\"name\":\"Massi MTB Racing Team 2026: an unbeatable alliance with Inverse and a new roar in red | Inverseteams\",\"isPartOf\":{\"@id\":\"https:\\\/\\\/www.inverseteams.com\\\/en\\\/#website\"},\"primaryImageOfPage\":{\"@id\":\"https:\\\/\\\/www.inverseteams.com\\\/en\\\/blog\\\/massi-mtb-racing-team-2026-una-alianza-imbatible-con-inverse-y-un-nuevo-rugido-en-rojo\\\/#primaryimage\"},\"image\":{\"@id\":\"https:\\\/\\\/www.inverseteams.com\\\/en\\\/blog\\\/massi-mtb-racing-team-2026-una-alianza-imbatible-con-inverse-y-un-nuevo-rugido-en-rojo\\\/#primaryimage\"},\"thumbnailUrl\":\"https:\\\/\\\/www.inverseteams.com\\\/wp-content\\\/uploads\\\/INVERSE-EQUIPO-CICLISMO-BTT-MASSI-2026-001.jpg\",\"datePublished\":\"2026-03-13T10:10:45+00:00\",\"dateModified\":\"2026-03-13T11:01:02+00:00\",\"description\":\"The international mountain bike scene is preparing for an exciting season. After years of shared success, the partnership between Massi and Inverse is further strengthened in 2026 with a renewed team, ambitious goals, and a new skin that pays tribute to the purest identity of the veteran bicycle brand: its iconic corporate red.\",\"breadcrumb\":{\"@id\":\"https:\\\/\\\/www.inverseteams.com\\\/en\\\/blog\\\/massi-mtb-racing-team-2026-una-alianza-imbatible-con-inverse-y-un-nuevo-rugido-en-rojo\\\/#breadcrumb\"},\"inLanguage\":\"en-US\",\"potentialAction\":[{\"@type\":\"ReadAction\",\"target\":[\"https:\\\/\\\/www.inverseteams.com\\\/en\\\/blog\\\/massi-mtb-racing-team-2026-una-alianza-imbatible-con-inverse-y-un-nuevo-rugido-en-rojo\\\/\"]}]},{\"@type\":\"ImageObject\",\"inLanguage\":\"en-US\",\"@id\":\"https:\\\/\\\/www.inverseteams.com\\\/en\\\/blog\\\/massi-mtb-racing-team-2026-una-alianza-imbatible-con-inverse-y-un-nuevo-rugido-en-rojo\\\/#primaryimage\",\"url\":\"https:\\\/\\\/www.inverseteams.com\\\/wp-content\\\/uploads\\\/INVERSE-EQUIPO-CICLISMO-BTT-MASSI-2026-001.jpg\",\"contentUrl\":\"https:\\\/\\\/www.inverseteams.com\\\/wp-content\\\/uploads\\\/INVERSE-EQUIPO-CICLISMO-BTT-MASSI-2026-001.jpg\",\"width\":1920,\"height\":1280},{\"@type\":\"BreadcrumbList\",\"@id\":\"https:\\\/\\\/www.inverseteams.com\\\/en\\\/blog\\\/massi-mtb-racing-team-2026-una-alianza-imbatible-con-inverse-y-un-nuevo-rugido-en-rojo\\\/#breadcrumb\",\"itemListElement\":[{\"@type\":\"ListItem\",\"position\":1,\"name\":\"Portada\",\"item\":\"https:\\\/\\\/www.inverseteams.com\\\/en\\\/pagina-principal\\\/\"},{\"@type\":\"ListItem\",\"position\":2,\"name\":\"Massi MTB Racing Team 2026: an unbeatable alliance with Inverse and a new roar in red\"}]},{\"@type\":\"WebSite\",\"@id\":\"https:\\\/\\\/www.inverseteams.com\\\/en\\\/#website\",\"url\":\"https:\\\/\\\/www.inverseteams.com\\\/en\\\/\",\"name\":\"Inverseteams\",\"description\":\"Tu marca de ropa deportiva personalizada\",\"publisher\":{\"@id\":\"https:\\\/\\\/www.inverseteams.com\\\/en\\\/#organization\"},\"potentialAction\":[{\"@type\":\"SearchAction\",\"target\":{\"@type\":\"EntryPoint\",\"urlTemplate\":\"https:\\\/\\\/www.inverseteams.com\\\/en\\\/?s={search_term_string}\"},\"query-input\":{\"@type\":\"PropertyValueSpecification\",\"valueRequired\":true,\"valueName\":\"search_term_string\"}}],\"inLanguage\":\"en-US\"},{\"@type\":\"Organization\",\"@id\":\"https:\\\/\\\/www.inverseteams.com\\\/en\\\/#organization\",\"name\":\"Inverse Teams\",\"url\":\"https:\\\/\\\/www.inverseteams.com\\\/en\\\/\",\"logo\":{\"@type\":\"ImageObject\",\"inLanguage\":\"en-US\",\"@id\":\"https:\\\/\\\/www.inverseteams.com\\\/en\\\/#\\\/schema\\\/logo\\\/image\\\/\",\"url\":\"https:\\\/\\\/www.inverseteams.com\\\/wp-content\\\/uploads\\\/2021\\\/03\\\/logo-inverse-teams.png\",\"contentUrl\":\"https:\\\/\\\/www.inverseteams.com\\\/wp-content\\\/uploads\\\/2021\\\/03\\\/logo-inverse-teams.png\",\"width\":294,\"height\":99,\"caption\":\"Inverse Teams\"},\"image\":{\"@id\":\"https:\\\/\\\/www.inverseteams.com\\\/en\\\/#\\\/schema\\\/logo\\\/image\\\/\"},\"sameAs\":[\"https:\\\/\\\/www.facebook.com\\\/inverseteams\",\"http:\\\/\\\/instagram.com\\\/inverseteams\",\"https:\\\/\\\/www.linkedin.com\\\/company\\\/inverse-cirosport-s-l-?trk=job_view_topcard_company_name\",\"http:\\\/\\\/www.pinterest.com\\\/inverseteams\\\/\",\"http:\\\/\\\/www.youtube.com\\\/user\\\/inverseteams?feature=watch\"]},{\"@type\":\"Person\",\"@id\":\"https:\\\/\\\/www.inverseteams.com\\\/en\\\/#\\\/schema\\\/person\\\/8e9cda76b6449aea55a18c6b0f3a15f1\",\"name\":\"xavier\",\"image\":{\"@type\":\"ImageObject\",\"inLanguage\":\"en-US\",\"@id\":\"https:\\\/\\\/secure.gravatar.com\\\/avatar\\\/602b199a1f28e97d83ab3a8bcb642260f5afd77cb09704889d85ddd70643cddb?s=96&d=mm&r=g\",\"url\":\"https:\\\/\\\/secure.gravatar.com\\\/avatar\\\/602b199a1f28e97d83ab3a8bcb642260f5afd77cb09704889d85ddd70643cddb?s=96&d=mm&r=g\",\"contentUrl\":\"https:\\\/\\\/secure.gravatar.com\\\/avatar\\\/602b199a1f28e97d83ab3a8bcb642260f5afd77cb09704889d85ddd70643cddb?s=96&d=mm&r=g\",\"caption\":\"xavier\"}}]}<\/script>\n<!-- \/ Yoast SEO plugin. -->","yoast_head_json":{"title":"Massi MTB Racing Team 2026: an unbeatable alliance with Inverse and a new roar in red | Inverseteams","description":"The international mountain bike scene is preparing for an exciting season. After years of shared success, the partnership between Massi and Inverse is further strengthened in 2026 with a renewed team, ambitious goals, and a new skin that pays tribute to the purest identity of the veteran bicycle brand: its iconic corporate red.","robots":{"index":"index","follow":"follow","max-snippet":"max-snippet:-1","max-image-preview":"max-image-preview:large","max-video-preview":"max-video-preview:-1"},"canonical":"https:\/\/www.inverseteams.com\/en\/blog\/massi-mtb-racing-team-2026-una-alianza-imbatible-con-inverse-y-un-nuevo-rugido-en-rojo\/","og_locale":"en_US","og_type":"article","og_title":"Massi MTB Racing Team 2026: an unbeatable alliance with Inverse and a new roar in red | Inverseteams","og_description":"The international mountain bike scene is preparing for an exciting season. After years of shared success, the partnership between Massi and Inverse is further strengthened in 2026 with a renewed team, ambitious goals, and a new skin that pays tribute to the purest identity of the veteran bicycle brand: its iconic corporate red.","og_url":"https:\/\/www.inverseteams.com\/en\/blog\/massi-mtb-racing-team-2026-una-alianza-imbatible-con-inverse-y-un-nuevo-rugido-en-rojo\/","og_site_name":"Inverseteams","article_publisher":"https:\/\/www.facebook.com\/inverseteams","article_published_time":"2026-03-13T10:10:45+00:00","article_modified_time":"2026-03-13T11:01:02+00:00","og_image":[{"width":1920,"height":1280,"url":"https:\/\/www.inverseteams.com\/wp-content\/uploads\/INVERSE-EQUIPO-CICLISMO-BTT-MASSI-2026-001.jpg","type":"image\/jpeg"}],"author":"xavier","twitter_card":"summary_large_image","twitter_misc":{"Written by":"xavier","Est. reading time":"5 minutes"},"schema":{"@context":"https:\/\/schema.org","@graph":[{"@type":"Article","@id":"https:\/\/www.inverseteams.com\/en\/blog\/massi-mtb-racing-team-2026-una-alianza-imbatible-con-inverse-y-un-nuevo-rugido-en-rojo\/#article","isPartOf":{"@id":"https:\/\/www.inverseteams.com\/en\/blog\/massi-mtb-racing-team-2026-una-alianza-imbatible-con-inverse-y-un-nuevo-rugido-en-rojo\/"},"author":{"name":"xavier","@id":"https:\/\/www.inverseteams.com\/en\/#\/schema\/person\/8e9cda76b6449aea55a18c6b0f3a15f1"},"headline":"Massi MTB Racing Team 2026: an unbeatable alliance with Inverse and a new roar in red","datePublished":"2026-03-13T10:10:45+00:00","dateModified":"2026-03-13T11:01:02+00:00","mainEntityOfPage":{"@id":"https:\/\/www.inverseteams.com\/en\/blog\/massi-mtb-racing-team-2026-una-alianza-imbatible-con-inverse-y-un-nuevo-rugido-en-rojo\/"},"wordCount":672,"commentCount":0,"publisher":{"@id":"https:\/\/www.inverseteams.com\/en\/#organization"},"image":{"@id":"https:\/\/www.inverseteams.com\/en\/blog\/massi-mtb-racing-team-2026-una-alianza-imbatible-con-inverse-y-un-nuevo-rugido-en-rojo\/#primaryimage"},"thumbnailUrl":"https:\/\/www.inverseteams.com\/wp-content\/uploads\/INVERSE-EQUIPO-CICLISMO-BTT-MASSI-2026-001.jpg","keywords":["v\u00eatements cyclisme personnalis\u00e9s","personalisierte Radsportbekleidung","Elite MTB Fahrer","equipo MTB Massi","MTB World Cup","ciclisme de muntanya","ciclisme professional","elite MTB riders","equipo profesional MTB","personalisierte Radtrikots","roba t\u00e8cnica ciclisme","ciclismo de monta\u00f1a","equip Massi 2026","Massi bikes racing team","professional MTB team","ropa t\u00e9cnica ciclismo","ciclismo profesional","equip MTB internacional","Massi Bikes Team","professionelles MTB Team","technische Radbekleidung","competici\u00f3 MTB","equip MTB Massi","Massi MTB Racing Team","riders MTB","v\u00eatements techniques cyclisme","competici\u00f3n MTB","equip professional MTB","mountain bike athletes","technical cycling apparel","Inverse Cycling Apparel","comp\u00e9tition VTT","equipaci\u00f3 MTB","mountain bike racing","UCI MTB World Cup","Inverse Radsportbekleidung","Copa del M\u00f3n MTB","equipaci\u00f3n MTB","Mountainbike Athleten","XCC short track","Roba Ciclisme Inverse","Copa del Mundo MTB","\u00e9quipe Massi 2026","Mountainbike Rennen","XCC short track VTT","Ropa Ciclismo Inverse","Coupe du Monde VTT","\u00e9quipe MTB Massi","MTB competition team","XCO mountain bike","inverse ciclismo","V\u00eatements Cyclisme Inverse","coureurs VTT","\u00e9quipe professionnelle VTT","MTB race clothing","XCO mountain bike racing","ropa ciclismo personalizada","custom cycling kit","cross country mountain bike","\u00e9quipe VTT internationale","MTB racing apparel","XCO Mountainbike Rennen","roba ciclisme personalitzada","equipaci\u00f3 ciclisme personalitzada","Cross Country Mountainbike","\u00e9quipement VTT comp\u00e9tition","MTB racing team","XCO VTT","inverse ciclisme","equipaci\u00f3n ciclismo personalizada","Cross Country MTB","\u00e9quipement VTT racing","MTB Rennteam","Massi MTB team","tenue cyclisme personnalis\u00e9e","cross country VTT","equipo Massi 2026","MTB Weltcup","custom cycling clothing","MTB Rennbekleidung","cyclisme tout terrain","equipo MTB internacional","MTB Wettkampfteam"],"articleSection":["Cycling"],"inLanguage":"en-US","potentialAction":[{"@type":"CommentAction","name":"Comment","target":["https:\/\/www.inverseteams.com\/en\/blog\/massi-mtb-racing-team-2026-una-alianza-imbatible-con-inverse-y-un-nuevo-rugido-en-rojo\/#respond"]}]},{"@type":"WebPage","@id":"https:\/\/www.inverseteams.com\/en\/blog\/massi-mtb-racing-team-2026-una-alianza-imbatible-con-inverse-y-un-nuevo-rugido-en-rojo\/","url":"https:\/\/www.inverseteams.com\/en\/blog\/massi-mtb-racing-team-2026-una-alianza-imbatible-con-inverse-y-un-nuevo-rugido-en-rojo\/","name":"Massi MTB Racing Team 2026: an unbeatable alliance with Inverse and a new roar in red | Inverseteams","isPartOf":{"@id":"https:\/\/www.inverseteams.com\/en\/#website"},"primaryImageOfPage":{"@id":"https:\/\/www.inverseteams.com\/en\/blog\/massi-mtb-racing-team-2026-una-alianza-imbatible-con-inverse-y-un-nuevo-rugido-en-rojo\/#primaryimage"},"image":{"@id":"https:\/\/www.inverseteams.com\/en\/blog\/massi-mtb-racing-team-2026-una-alianza-imbatible-con-inverse-y-un-nuevo-rugido-en-rojo\/#primaryimage"},"thumbnailUrl":"https:\/\/www.inverseteams.com\/wp-content\/uploads\/INVERSE-EQUIPO-CICLISMO-BTT-MASSI-2026-001.jpg","datePublished":"2026-03-13T10:10:45+00:00","dateModified":"2026-03-13T11:01:02+00:00","description":"The international mountain bike scene is preparing for an exciting season. After years of shared success, the partnership between Massi and Inverse is further strengthened in 2026 with a renewed team, ambitious goals, and a new skin that pays tribute to the purest identity of the veteran bicycle brand: its iconic corporate red.","breadcrumb":{"@id":"https:\/\/www.inverseteams.com\/en\/blog\/massi-mtb-racing-team-2026-una-alianza-imbatible-con-inverse-y-un-nuevo-rugido-en-rojo\/#breadcrumb"},"inLanguage":"en-US","potentialAction":[{"@type":"ReadAction","target":["https:\/\/www.inverseteams.com\/en\/blog\/massi-mtb-racing-team-2026-una-alianza-imbatible-con-inverse-y-un-nuevo-rugido-en-rojo\/"]}]},{"@type":"ImageObject","inLanguage":"en-US","@id":"https:\/\/www.inverseteams.com\/en\/blog\/massi-mtb-racing-team-2026-una-alianza-imbatible-con-inverse-y-un-nuevo-rugido-en-rojo\/#primaryimage","url":"https:\/\/www.inverseteams.com\/wp-content\/uploads\/INVERSE-EQUIPO-CICLISMO-BTT-MASSI-2026-001.jpg","contentUrl":"https:\/\/www.inverseteams.com\/wp-content\/uploads\/INVERSE-EQUIPO-CICLISMO-BTT-MASSI-2026-001.jpg","width":1920,"height":1280},{"@type":"BreadcrumbList","@id":"https:\/\/www.inverseteams.com\/en\/blog\/massi-mtb-racing-team-2026-una-alianza-imbatible-con-inverse-y-un-nuevo-rugido-en-rojo\/#breadcrumb","itemListElement":[{"@type":"ListItem","position":1,"name":"Portada","item":"https:\/\/www.inverseteams.com\/en\/pagina-principal\/"},{"@type":"ListItem","position":2,"name":"Massi MTB Racing Team 2026: an unbeatable alliance with Inverse and a new roar in red"}]},{"@type":"WebSite","@id":"https:\/\/www.inverseteams.com\/en\/#website","url":"https:\/\/www.inverseteams.com\/en\/","name":"Inverseteams","description":"Tu marca de ropa deportiva personalizada","publisher":{"@id":"https:\/\/www.inverseteams.com\/en\/#organization"},"potentialAction":[{"@type":"SearchAction","target":{"@type":"EntryPoint","urlTemplate":"https:\/\/www.inverseteams.com\/en\/?s={search_term_string}"},"query-input":{"@type":"PropertyValueSpecification","valueRequired":true,"valueName":"search_term_string"}}],"inLanguage":"en-US"},{"@type":"Organization","@id":"https:\/\/www.inverseteams.com\/en\/#organization","name":"Inverse Teams","url":"https:\/\/www.inverseteams.com\/en\/","logo":{"@type":"ImageObject","inLanguage":"en-US","@id":"https:\/\/www.inverseteams.com\/en\/#\/schema\/logo\/image\/","url":"https:\/\/www.inverseteams.com\/wp-content\/uploads\/2021\/03\/logo-inverse-teams.png","contentUrl":"https:\/\/www.inverseteams.com\/wp-content\/uploads\/2021\/03\/logo-inverse-teams.png","width":294,"height":99,"caption":"Inverse Teams"},"image":{"@id":"https:\/\/www.inverseteams.com\/en\/#\/schema\/logo\/image\/"},"sameAs":["https:\/\/www.facebook.com\/inverseteams","http:\/\/instagram.com\/inverseteams","https:\/\/www.linkedin.com\/company\/inverse-cirosport-s-l-?trk=job_view_topcard_company_name","http:\/\/www.pinterest.com\/inverseteams\/","http:\/\/www.youtube.com\/user\/inverseteams?feature=watch"]},{"@type":"Person","@id":"https:\/\/www.inverseteams.com\/en\/#\/schema\/person\/8e9cda76b6449aea55a18c6b0f3a15f1","name":"xavier","image":{"@type":"ImageObject","inLanguage":"en-US","@id":"https:\/\/secure.gravatar.com\/avatar\/602b199a1f28e97d83ab3a8bcb642260f5afd77cb09704889d85ddd70643cddb?s=96&d=mm&r=g","url":"https:\/\/secure.gravatar.com\/avatar\/602b199a1f28e97d83ab3a8bcb642260f5afd77cb09704889d85ddd70643cddb?s=96&d=mm&r=g","contentUrl":"https:\/\/secure.gravatar.com\/avatar\/602b199a1f28e97d83ab3a8bcb642260f5afd77cb09704889d85ddd70643cddb?s=96&d=mm&r=g","caption":"xavier"}}]}},"_links":{"self":[{"href":"https:\/\/www.inverseteams.com\/en\/wp-json\/wp\/v2\/posts\/279941","targetHints":{"allow":["GET"]}}],"collection":[{"href":"https:\/\/www.inverseteams.com\/en\/wp-json\/wp\/v2\/posts"}],"about":[{"href":"https:\/\/www.inverseteams.com\/en\/wp-json\/wp\/v2\/types\/post"}],"author":[{"embeddable":true,"href":"https:\/\/www.inverseteams.com\/en\/wp-json\/wp\/v2\/users\/12"}],"replies":[{"embeddable":true,"href":"https:\/\/www.inverseteams.com\/en\/wp-json\/wp\/v2\/comments?post=279941"}],"version-history":[{"count":0,"href":"https:\/\/www.inverseteams.com\/en\/wp-json\/wp\/v2\/posts\/279941\/revisions"}],"wp:featuredmedia":[{"embeddable":true,"href":"https:\/\/www.inverseteams.com\/en\/wp-json\/wp\/v2\/media\/279900"}],"wp:attachment":[{"href":"https:\/\/www.inverseteams.com\/en\/wp-json\/wp\/v2\/media?parent=279941"}],"wp:term":[{"taxonomy":"category","embeddable":true,"href":"https:\/\/www.inverseteams.com\/en\/wp-json\/wp\/v2\/categories?post=279941"},{"taxonomy":"post_tag","embeddable":true,"href":"https:\/\/www.inverseteams.com\/en\/wp-json\/wp\/v2\/tags?post=279941"}],"curies":[{"name":"wp","href":"https:\/\/api.w.org\/{rel}","templated":true}]}}