{"id":261857,"date":"2025-06-18T10:54:27","date_gmt":"2025-06-18T10:54:27","guid":{"rendered":"https:\/\/www.inverseteams.com\/blog\/inverse-y-bixs-far_out-cycling-una-alianza-estrategica-para-conquistar-el-universo-gravel\/"},"modified":"2025-06-18T12:20:56","modified_gmt":"2025-06-18T12:20:56","slug":"inverse-y-bixs-far_out-cycling-una-alianza-estrategica-para-conquistar-el-universo-gravel","status":"publish","type":"post","link":"https:\/\/www.inverseteams.com\/en\/blog\/inverse-y-bixs-far_out-cycling-una-alianza-estrategica-para-conquistar-el-universo-gravel\/","title":{"rendered":"Inverse and BIXS Far_Out Cycling: a strategic alliance to conquer the gravel universe"},"content":{"rendered":"\n<figure class=\"wp-block-image size-large\"><img loading=\"lazy\" decoding=\"async\" width=\"1024\" height=\"683\" src=\"https:\/\/www.inverseteams.com\/wp-content\/uploads\/INVERSE-BIXS-FAR-OUT-CYCLING-GRAVEL-CUSTOM-001-1024x683.jpg\" alt=\"\" class=\"wp-image-261808\" srcset=\"https:\/\/www.inverseteams.com\/wp-content\/uploads\/INVERSE-BIXS-FAR-OUT-CYCLING-GRAVEL-CUSTOM-001-1024x683.jpg 1024w, https:\/\/www.inverseteams.com\/wp-content\/uploads\/INVERSE-BIXS-FAR-OUT-CYCLING-GRAVEL-CUSTOM-001-300x200.jpg 300w, https:\/\/www.inverseteams.com\/wp-content\/uploads\/INVERSE-BIXS-FAR-OUT-CYCLING-GRAVEL-CUSTOM-001-768x512.jpg 768w, https:\/\/www.inverseteams.com\/wp-content\/uploads\/INVERSE-BIXS-FAR-OUT-CYCLING-GRAVEL-CUSTOM-001-1536x1024.jpg 1536w, https:\/\/www.inverseteams.com\/wp-content\/uploads\/INVERSE-BIXS-FAR-OUT-CYCLING-GRAVEL-CUSTOM-001-420x280.jpg 420w, https:\/\/www.inverseteams.com\/wp-content\/uploads\/INVERSE-BIXS-FAR-OUT-CYCLING-GRAVEL-CUSTOM-001-64x43.jpg 64w, https:\/\/www.inverseteams.com\/wp-content\/uploads\/INVERSE-BIXS-FAR-OUT-CYCLING-GRAVEL-CUSTOM-001.jpg 1920w\" sizes=\"auto, (max-width: 1024px) 100vw, 1024px\" \/><\/figure>\n\n\n<div class=\"wrapper-heading\">\n<h2 class=\"wp-block-heading\">Gravel is not just a discipline on the rise: it&#8217;s a philosophy of life on two wheels, which brings together adventure, performance and freedom.<\/h2>\n<\/div>\n\n<div class=\"wrapper-heading\">\n<h3 class=\"wp-block-heading\">At Inverse, we&#8217;ve always been committed to new ways of understanding cycling, and that&#8217;s why outfitting the BIXS Far_Out Cycling team is a strategic step in our expansion into the world of competitive gravel cycling and the design of custom and collectible gravel wear.<\/h3>\n<\/div>\n\n\n<figure class=\"wp-block-image size-large\"><img loading=\"lazy\" decoding=\"async\" width=\"1024\" height=\"683\" src=\"https:\/\/www.inverseteams.com\/wp-content\/uploads\/INVERSE-BIXS-FAR-OUT-CYCLING-GRAVEL-CUSTOM-002-1024x683.jpg\" alt=\"\" class=\"wp-image-261813\" srcset=\"https:\/\/www.inverseteams.com\/wp-content\/uploads\/INVERSE-BIXS-FAR-OUT-CYCLING-GRAVEL-CUSTOM-002-1024x683.jpg 1024w, https:\/\/www.inverseteams.com\/wp-content\/uploads\/INVERSE-BIXS-FAR-OUT-CYCLING-GRAVEL-CUSTOM-002-300x200.jpg 300w, https:\/\/www.inverseteams.com\/wp-content\/uploads\/INVERSE-BIXS-FAR-OUT-CYCLING-GRAVEL-CUSTOM-002-768x512.jpg 768w, https:\/\/www.inverseteams.com\/wp-content\/uploads\/INVERSE-BIXS-FAR-OUT-CYCLING-GRAVEL-CUSTOM-002-1536x1024.jpg 1536w, https:\/\/www.inverseteams.com\/wp-content\/uploads\/INVERSE-BIXS-FAR-OUT-CYCLING-GRAVEL-CUSTOM-002-420x280.jpg 420w, https:\/\/www.inverseteams.com\/wp-content\/uploads\/INVERSE-BIXS-FAR-OUT-CYCLING-GRAVEL-CUSTOM-002-64x43.jpg 64w, https:\/\/www.inverseteams.com\/wp-content\/uploads\/INVERSE-BIXS-FAR-OUT-CYCLING-GRAVEL-CUSTOM-002.jpg 1920w\" sizes=\"auto, (max-width: 1024px) 100vw, 1024px\" \/><\/figure>\n\n\n<div class=\"wrapper-heading\">\n<h4 class=\"wp-block-heading\"><strong><strong>BIXS Far_Out Cycling: Swiss passion for gravel<\/strong><\/strong><\/h4>\n<\/div>\n\n\n<p><a href=\"https:\/\/www.bixs.com\/pages\/bixs-far_out-cycling\">Switzerland&#8217;s <strong>BIXS Far_Out Cycling <\/strong>team<\/a> is the perfect embodiment of the values of modern gravel cycling: freedom, connecting with nature, personal improvement and teamwork. It takes part in the leading international circuits &#8211; including the <strong>UCI Gravel World Series <\/strong>and the <strong>Gravel Earth Series<\/strong> &#8211; based on a competitive and authentic approach.<\/p>\n\n\n\n<p>The team is led by <strong>Fisher and Corey Davis<\/strong>, a Swiss-based international duo with talent, track records and ambition:<\/p>\n\n\n\n<ul class=\"wp-block-list\">\n<li><strong>The British cyclist <a href=\"https:\/\/www.bixs.com\/pages\/annabel-elizabeth-fisher\">Annabel Fisher<\/a><\/strong> was <strong>the United Kingdom&#8217;s national gravel champion in 2024 <\/strong>and won the <strong>Gravel Earth Series title in 2023<\/strong>. Her track record includes victories in some of the most iconic gravel races: <strong>La Traka<\/strong>, <strong>The Rift <\/strong>and <strong>Octopus Andermatt<\/strong>.<\/li>\n\n\n\n<li><strong><a href=\"https:\/\/www.bixs.com\/pages\/corey-davis\">Corey Davis<\/a><\/strong>, originally from the United States, comes from the world of road cycling, where he has had victories in the <strong>Sibiu Cycling Tour<\/strong>, the <strong>Fully Cycling KOM <\/strong>and <strong>Iron Hill USAC<\/strong>, in addition to podium finishes in the overall ranking of the <strong>Haute Route US <\/strong>and in the <strong>GP Kantons Aargau KOM<\/strong>.<\/li>\n<\/ul>\n\n\n\n<p>They both bring experience, performance and a vision of gravel as a space for overcoming adversity and discovery.<\/p>\n\n\n\n<figure class=\"wp-block-image size-large\"><img loading=\"lazy\" decoding=\"async\" width=\"1024\" height=\"683\" src=\"https:\/\/www.inverseteams.com\/wp-content\/uploads\/INVERSE-BIXS-FAR-OUT-CYCLING-GRAVEL-CUSTOM-003-1024x683.jpg\" alt=\"\" class=\"wp-image-261818\" srcset=\"https:\/\/www.inverseteams.com\/wp-content\/uploads\/INVERSE-BIXS-FAR-OUT-CYCLING-GRAVEL-CUSTOM-003-1024x683.jpg 1024w, https:\/\/www.inverseteams.com\/wp-content\/uploads\/INVERSE-BIXS-FAR-OUT-CYCLING-GRAVEL-CUSTOM-003-300x200.jpg 300w, https:\/\/www.inverseteams.com\/wp-content\/uploads\/INVERSE-BIXS-FAR-OUT-CYCLING-GRAVEL-CUSTOM-003-768x512.jpg 768w, https:\/\/www.inverseteams.com\/wp-content\/uploads\/INVERSE-BIXS-FAR-OUT-CYCLING-GRAVEL-CUSTOM-003-1536x1024.jpg 1536w, https:\/\/www.inverseteams.com\/wp-content\/uploads\/INVERSE-BIXS-FAR-OUT-CYCLING-GRAVEL-CUSTOM-003-420x280.jpg 420w, https:\/\/www.inverseteams.com\/wp-content\/uploads\/INVERSE-BIXS-FAR-OUT-CYCLING-GRAVEL-CUSTOM-003-64x43.jpg 64w, https:\/\/www.inverseteams.com\/wp-content\/uploads\/INVERSE-BIXS-FAR-OUT-CYCLING-GRAVEL-CUSTOM-003.jpg 1920w\" sizes=\"auto, (max-width: 1024px) 100vw, 1024px\" \/><\/figure>\n\n\n\n<p>But one of the aspects of the team that has excited us most is <strong>Tim Troxler<\/strong>, an excellent photographer and the man in charge of the team&#8217;s visual image and campaigns. His perspective turns every training session and race into an emotional narrative that creates a connection with the soul of gravel.<\/p>\n\n\n\n<p>The structure is completed with a top-drawer roster of technical staff:<\/p>\n\n\n\n<ul class=\"wp-block-list\">\n<li><strong>Fridolin Engler<\/strong>, the team manager, who has a clear vision of high performance without losing sight of the essence of gravel.<\/li>\n\n\n\n<li><strong>Patrick Staubitzer<\/strong>, the mechanic, who is crucial if the team&#8217;s equipment is to work properly under the most extreme conditions.<\/li>\n\n\n\n<li><strong>Pascal Weber<\/strong>, the performance director and physiotherapist, and responsible for optimising the cyclists&#8217; fitness and recovery.<\/li>\n<\/ul>\n\n\n\n<figure class=\"wp-block-image size-large\"><img loading=\"lazy\" decoding=\"async\" width=\"1024\" height=\"683\" src=\"https:\/\/www.inverseteams.com\/wp-content\/uploads\/INVERSE-BIXS-FAR-OUT-CYCLING-GRAVEL-CUSTOM-004-1024x683.jpg\" alt=\"\" class=\"wp-image-261828\" srcset=\"https:\/\/www.inverseteams.com\/wp-content\/uploads\/INVERSE-BIXS-FAR-OUT-CYCLING-GRAVEL-CUSTOM-004-1024x683.jpg 1024w, https:\/\/www.inverseteams.com\/wp-content\/uploads\/INVERSE-BIXS-FAR-OUT-CYCLING-GRAVEL-CUSTOM-004-300x200.jpg 300w, https:\/\/www.inverseteams.com\/wp-content\/uploads\/INVERSE-BIXS-FAR-OUT-CYCLING-GRAVEL-CUSTOM-004-768x512.jpg 768w, https:\/\/www.inverseteams.com\/wp-content\/uploads\/INVERSE-BIXS-FAR-OUT-CYCLING-GRAVEL-CUSTOM-004-1536x1024.jpg 1536w, https:\/\/www.inverseteams.com\/wp-content\/uploads\/INVERSE-BIXS-FAR-OUT-CYCLING-GRAVEL-CUSTOM-004-420x280.jpg 420w, https:\/\/www.inverseteams.com\/wp-content\/uploads\/INVERSE-BIXS-FAR-OUT-CYCLING-GRAVEL-CUSTOM-004-64x43.jpg 64w, https:\/\/www.inverseteams.com\/wp-content\/uploads\/INVERSE-BIXS-FAR-OUT-CYCLING-GRAVEL-CUSTOM-004.jpg 1920w\" sizes=\"auto, (max-width: 1024px) 100vw, 1024px\" \/><\/figure>\n\n\n<div class=\"wrapper-heading\">\n<h4 class=\"wp-block-heading\"><strong>BIXS: Swiss engineering on earth and gravel<\/strong><\/h4>\n<\/div>\n\n\n<p>Behind this powerful equipment is <strong><a href=\"https:\/\/www.bixs.com\/\">BIXS<\/a><\/strong>, a Swiss brand with more than two decades of experience in the design and manufacture of high-end bicycles. BIXS is renowned for its exceptional quality and technical reliability, and represents the precision of Swiss engineering applied to gravel cycling: robust, comfortable and fast bikes, designed to master the most demanding terrain. A true European leader in the off-road world.<\/p>\n\n\n\n<figure class=\"wp-block-image size-large\"><img loading=\"lazy\" decoding=\"async\" width=\"1024\" height=\"683\" src=\"https:\/\/www.inverseteams.com\/wp-content\/uploads\/INVERSE-BIXS-FAR-OUT-CYCLING-GRAVEL-CUSTOM-005-1024x683.jpg\" alt=\"\" class=\"wp-image-261833\" srcset=\"https:\/\/www.inverseteams.com\/wp-content\/uploads\/INVERSE-BIXS-FAR-OUT-CYCLING-GRAVEL-CUSTOM-005-1024x683.jpg 1024w, https:\/\/www.inverseteams.com\/wp-content\/uploads\/INVERSE-BIXS-FAR-OUT-CYCLING-GRAVEL-CUSTOM-005-300x200.jpg 300w, https:\/\/www.inverseteams.com\/wp-content\/uploads\/INVERSE-BIXS-FAR-OUT-CYCLING-GRAVEL-CUSTOM-005-768x512.jpg 768w, https:\/\/www.inverseteams.com\/wp-content\/uploads\/INVERSE-BIXS-FAR-OUT-CYCLING-GRAVEL-CUSTOM-005-1536x1024.jpg 1536w, https:\/\/www.inverseteams.com\/wp-content\/uploads\/INVERSE-BIXS-FAR-OUT-CYCLING-GRAVEL-CUSTOM-005-420x280.jpg 420w, https:\/\/www.inverseteams.com\/wp-content\/uploads\/INVERSE-BIXS-FAR-OUT-CYCLING-GRAVEL-CUSTOM-005-64x43.jpg 64w, https:\/\/www.inverseteams.com\/wp-content\/uploads\/INVERSE-BIXS-FAR-OUT-CYCLING-GRAVEL-CUSTOM-005.jpg 1920w\" sizes=\"auto, (max-width: 1024px) 100vw, 1024px\" \/><\/figure>\n\n\n<div class=\"wrapper-heading\">\n<h4 class=\"wp-block-heading\"><strong><strong>Inverse &#8211; at the forefront of custom gravel apparel design<\/strong><\/strong><\/h4>\n<\/div>\n\n\n<p>Outfitting a team like BIXS Far_Out Cycling is not just a creative challenge: it&#8217;s a statement of intent. At Inverse, we&#8217;ve designed an exclusive <strong><a href=\"https:\/\/www.inverseteams.com\/en\/custom\/custom-gravel-wear\/?utm_source=Blog&amp;utm_medium=blog&amp;utm_campaign=BL-074%2F25+Inverse+y+BIXS+ENG&amp;utm_id=BL-074%2F25+Inverse+y+BIXS+ENG&amp;utm_term=Inverse+y+BIXS+ENG&amp;utm_content=Inverse+y+BIXS+ENG\">range of custom gravel apparel<\/a> <\/strong>that combines textile technology, aerodynamics and style, and is designed to withstand long distances and changes in terrain, weather and pace. Each garment has been tested by the team and designed to provide maximum levels of performance without compromising on aesthetics.<\/p>\n\n\n\n<p>From long-lasting bib shorts with reinforced panels to ultra-quick drying jerseys and strategically placed pockets for autonomy on the road, Inverse&#8217;s <strong>custom gravel wear <\/strong>accompanies the cyclist during all kinds of challenges. <strong>And thanks to our custom production system, any team or individual cyclist can use this technology to adapt it to their own visual identity.<\/strong><\/p>\n\n\n\n<figure class=\"wp-block-image size-large\"><img loading=\"lazy\" decoding=\"async\" width=\"1024\" height=\"683\" src=\"https:\/\/www.inverseteams.com\/wp-content\/uploads\/INVERSE-BIXS-FAR-OUT-CYCLING-GRAVEL-CUSTOM-006-1024x683.jpg\" alt=\"\" class=\"wp-image-261843\" srcset=\"https:\/\/www.inverseteams.com\/wp-content\/uploads\/INVERSE-BIXS-FAR-OUT-CYCLING-GRAVEL-CUSTOM-006-1024x683.jpg 1024w, https:\/\/www.inverseteams.com\/wp-content\/uploads\/INVERSE-BIXS-FAR-OUT-CYCLING-GRAVEL-CUSTOM-006-300x200.jpg 300w, https:\/\/www.inverseteams.com\/wp-content\/uploads\/INVERSE-BIXS-FAR-OUT-CYCLING-GRAVEL-CUSTOM-006-768x512.jpg 768w, https:\/\/www.inverseteams.com\/wp-content\/uploads\/INVERSE-BIXS-FAR-OUT-CYCLING-GRAVEL-CUSTOM-006-1536x1024.jpg 1536w, https:\/\/www.inverseteams.com\/wp-content\/uploads\/INVERSE-BIXS-FAR-OUT-CYCLING-GRAVEL-CUSTOM-006-420x280.jpg 420w, https:\/\/www.inverseteams.com\/wp-content\/uploads\/INVERSE-BIXS-FAR-OUT-CYCLING-GRAVEL-CUSTOM-006-64x43.jpg 64w, https:\/\/www.inverseteams.com\/wp-content\/uploads\/INVERSE-BIXS-FAR-OUT-CYCLING-GRAVEL-CUSTOM-006.jpg 1920w\" sizes=\"auto, (max-width: 1024px) 100vw, 1024px\" \/><\/figure>\n\n\n<div class=\"wrapper-heading\">\n<h4 class=\"wp-block-heading\"><strong><strong>A commitment to the future<\/strong><\/strong><\/h4>\n<\/div>\n\n\n<p>As our friends at Polvu.cc tell us, working with a team like BIXS Far_Out Cycling represents much more than a sporting partnership: it&#8217;s part of Inverse&#8217;s <strong>strategy to become a leading brand in the gravel world<\/strong>, in both competitions and in the adventure and bikepacking field.<\/p>\n\n\n\n<p>Because <strong>gravel is the present, but above all, it&#8217;s the future<\/strong>. And at Inverse, we ride with passion.<\/p>\n\n\n\n<div class=\"wp-block-buttons is-layout-flex wp-block-buttons-is-layout-flex\">\n<div class=\"wp-block-button\"><a class=\"wp-block-button__link wp-element-button\" href=\"https:\/\/www.inverseteams.com\/en\/custom\/custom-gravel-wear\/?utm_source=Blog&amp;utm_medium=blog&amp;utm_campaign=BL-074%2F25+Inverse+y+BIXS+ENG&amp;utm_id=BL-074%2F25+Inverse+y+BIXS+ENG&amp;utm_term=Inverse+y+BIXS+ENG&amp;utm_content=Inverse+y+BIXS+ENG\"><strong>Gravel Custom<\/strong><\/a><\/div>\n<\/div>\n\n\n\n<p><\/p>\n","protected":false},"excerpt":{"rendered":"<p>Gravel is not just a discipline on the rise: it&#8217;s a philosophy of life on two wheels, which brings together adventure, performance and freedom. At Inverse, we&#8217;ve always been committed to new ways of understanding cycling, and that&#8217;s why outfitting the BIXS Far_Out Cycling team is a strategic step in our expansion into the world [&hellip;]<\/p>\n","protected":false},"author":12,"featured_media":261810,"comment_status":"open","ping_status":"open","sticky":false,"template":"","format":"standard","meta":{"_acf_changed":false,"mc4wp_mailchimp_campaign":[],"footnotes":""},"categories":[14438],"tags":[16829,16845,16861,16877,16893,16909,16925,16941,16959,16975,16991,16830,16846,16862,16878,16894,16910,16926,16942,16960,16976,16992,16831,16847,16863,16879,16895,16911,16927,16943,16961,16977,16993,16832,16848,16864,16880,16896,16912,16928,16944,16962,16978,16994,7769,16833,16849,16865,16881,16897,16913,16929,16947,16963,16979,16995,7770,16834,16850,16866,16882,16898,16914,16930,16948,16964,16980,16996,10123,16835,16851,16867,16883,16899,16915,16931,16949,16965,16981,16997,10135,16836,16852,16868,16884,16900,16916,16932,16950,16966,16982,16998,10139,16837,16853,16869,16885,16901,16917,16933,16951,16967,16983,16999,10372,16838,16854,16870,16886,16902,16918,16934,16952,16968,16984,17176,10939,16839,16855,16871,16887,16903,16919,16935,16953,16969,16985,17177,10946,16840,16856,16872,16888,16904,16920,16936,16954,16970,16986,10947,16841,16857,16873,16889,16905,16921,16937,16955,16971,16987,10948,16842,16858,16874,16890,16906,16922,16938,16956,16972,16988,13630,16843,16859,16875,16891,16907,16923,16939,16957,16973,16989,16828,16844,16860,16876,16892,16908,16924,16940,16958,16974,16990],"class_list":["post-261857","post","type-post","status-publish","format-standard","has-post-thumbnail","hentry","category-gravel-en","tag-abenteuer-radsport-en","tag-collection-gravel-en","tag-disseny-roba-gravel-en","tag-gravel-clothing-brand-en","tag-gravel-design-en","tag-gravel-trikot-en","tag-kit-gravel-cycliste-en","tag-peces-gravel-en","tag-roba-gravel-professional-en","tag-summer-gravel-kit-en","tag-vetements-gravel-homme-en","tag-adventure-cycling-en","tag-collection-gravel-2025-en","tag-durable-gravel-apparel-en","tag-gravel-clothing-design-en","tag-gravel-fashion-en","tag-individuelle-gravel-bekleidung-en","tag-leichte-gravel-kleidung-en","tag-personalisierte-gravel-radbekleidung-en","tag-roba-gravel-resistent-en","tag-technical-gravel-wear-en","tag-vetements-gravel-legers-en","tag-bikepacking-gear-en","tag-collection-inverse-gravel-en","tag-equipacio-gravel-en","tag-gravel-collection-en","tag-gravel-jacke-en","tag-inverse-ciclisme-gravel-en","tag-lightweight-gravel-clothing-en","tag-personalisierte-radbekleidung-en","tag-roba-tecnica-gravel-en","tag-technische-gravel-kleidung-en","tag-vetements-gravel-personnalises-en","tag-bikepacking-bekleidung-en","tag-colleccio-gravel-ciclisme-en","tag-equipacion-gravel-en","tag-gravel-cycling-clothing-en","tag-gravel-kleidung-damen-en","tag-inverse-ciclismo-gravel-en","tag-mallot-gravel-en","tag-personalized-gravel-wear-en","tag-robuste-gravel-kleidung-en","tag-tendances-gravel-cyclisme-en","tag-vetements-gravel-resistants-en","tag-ropa-ciclismo-personalizada-en","tag-chaqueta-gravel-en","tag-colleccio-inverse-gravel-en","tag-equipaciones-gravel-2025-en","tag-gravel-cycling-collection-en","tag-gravel-kleidung-herren-en","tag-inverse-cycling-gravel-en","tag-marca-roba-gravel-en","tag-prendas-gravel-en","tag-ropa-ciclismo-gravel-invierno-en","tag-tendencias-gravel-ciclismo-en","tag-vetements-gravel-sur-mesure-en","tag-roba-ciclisme-personalitzada-en","tag-ciclisme-bikepacking-en","tag-colleccio-roba-gravel-en","tag-equipacions-gravel-2025-en","tag-gravel-cycling-fashion-en","tag-gravel-kollektion-en","tag-inverse-cyclisme-gravel-en","tag-marca-ropa-gravel-en","tag-professional-gravel-kit-en","tag-ropa-ciclismo-gravel-personalizada-en","tag-tendencies-gravel-ciclisme-en","tag-vetements-inverse-gravel-en","tag-ropa-ciclismo-gravel-en","tag-ciclisme-daventura-en","tag-cuissard-gravel-en","tag-equipement-bikepacking-en","tag-gravel-cycling-gear-en","tag-gravel-kollektion-2025-en","tag-inverse-gravel-en","tag-marque-vetements-gravel-en","tag-professionelle-gravel-kleidung-en","tag-ropa-ciclismo-gravel-verano-en","tag-tenue-cycliste-gravel-en","tag-vetements-techniques-gravel-en","tag-gravel-bib-shorts-en","tag-ciclisme-tot-terreny-en","tag-culot-gravel-en","tag-equipement-gravel-en","tag-gravel-cyclisme-2-en","tag-gravel-outfit-en","tag-inverse-gravel-clothing-en","tag-masgeschneiderte-radbekleidung-en","tag-roba-ciclisme-gravel-estiu-en","tag-ropa-ciclista-gravel-en","tag-tenues-gravel-2-en","tag-winter-gravel-clothing-en","tag-gravel-jersey-en","tag-ciclismo-bikepacking-en","tag-culote-gravel-en","tag-equipement-gravel-professionnel-en","tag-gravel-jacket-en","tag-gravel-radbekleidung-en","tag-inverse-gravel-collection-en","tag-mens-gravel-clothing-en","tag-roba-ciclisme-gravel-hivern-en","tag-ropa-de-gravel-en","tag-veste-gravel-en","tag-womens-gravel-wear-en","tag-maillot-gravel-en","tag-ciclismo-de-aventura-en","tag-custom-cycling-clothing-en","tag-estil-gravel-en","tag-gravel-kit-en","tag-gravel-radkollektion-en","tag-inverse-gravel-bekleidung-en","tag-moda-ciclisme-gravel-en","tag-roba-ciclisme-gravel-personalitzada-en","tag-ropa-gravel-hombre-en","tag-vetements-cyclisme-personnalises-en","tag-bixs-en","tag-gravel-cycling-en","tag-ciclismo-gravel-moda-en","tag-custom-cycling-gear-en","tag-estilo-gravel-en","tag-gravel-style-en","tag-gravel-radoutfit-en","tag-inverse-gravel-kollektion-en","tag-moda-gravel-ciclisme-en","tag-roba-ciclista-gravel-en","tag-ropa-gravel-ligera-en","tag-vetements-cyclistes-gravel-en","tag-inverse-gravel-radsport-en","tag-roba-ciclisme-gravel-en","tag-ciclismo-todoterreno-en","tag-custom-gravel-apparel-en","tag-gravel-apparel-en","tag-gravel-style-trends-en","tag-gravel-radsport-en","tag-inverse-roba-gravel-en","tag-moda-gravel-ciclismo-en","tag-roba-ciclista-personalitzada-en","tag-ropa-gravel-mujer-en","tag-vetements-cyclistes-personnalises-en","tag-roba-personalitzada-gravel-en","tag-coleccion-gravel-ciclismo-en","tag-cyclisme-aventure-en","tag-gravel-bike-kit-en","tag-gravel-bekleidung-en","tag-gravel-radsportmode-en","tag-inverse-ropa-gravel-en","tag-mode-cyclisme-gravel-en","tag-roba-de-gravel-en","tag-ropa-gravel-profesional-en","tag-vetements-gravel-2-en","tag-ropa-personalizada-gravel-en","tag-coleccion-inverse-gravel-en","tag-cyclisme-tout-terrain-en","tag-gravel-ciclisme-en","tag-gravel-bekleidung-sommer-en","tag-gravel-stil-en","tag-jaqueta-gravel-en","tag-mode-gravel-cyclisme-en","tag-roba-gravel-dona-en","tag-ropa-gravel-resistente-en","tag-vetements-gravel-ete-en","tag-ropa-ciclista-personalizada-2-en","tag-coleccion-ropa-gravel-en","tag-design-vetements-gravel-en","tag-gravel-ciclismo-en","tag-gravel-bekleidung-winter-en","tag-gravel-tragerhose-en","tag-kit-gravel-ciclisme-en","tag-off-road-cycling-en","tag-roba-gravel-home-en","tag-ropa-tecnica-gravel-en","tag-vetements-gravel-femme-en","tag-2025-gravel-collection-en","tag-collection-cyclisme-gravel-en","tag-diseno-ropa-gravel-en","tag-gravel-clothing-en","tag-gravel-bekleidungsmarke-en","tag-gravel-trends-en","tag-kit-gravel-ciclismo-en","tag-offroad-radsport-en","tag-roba-gravel-lleugera-en","tag-style-gravel-en","tag-vetements-gravel-hiver-en"],"acf":[],"yoast_head":"<!-- This site is optimized with the Yoast SEO plugin v27.3 - https:\/\/yoast.com\/product\/yoast-seo-wordpress\/ -->\n<title>Inverse and BIXS Far_Out Cycling: a strategic alliance to conquer the gravel universe | Inverseteams<\/title>\n<meta name=\"description\" content=\"Gravel is not just a discipline on the rise: it&#039;s a philosophy of life on two wheels, which brings together adventure, performance and freedom.\" \/>\n<meta name=\"robots\" content=\"index, follow, max-snippet:-1, max-image-preview:large, max-video-preview:-1\" \/>\n<link rel=\"canonical\" href=\"https:\/\/www.inverseteams.com\/en\/blog\/inverse-y-bixs-far_out-cycling-una-alianza-estrategica-para-conquistar-el-universo-gravel\/\" \/>\n<meta property=\"og:locale\" content=\"en_US\" \/>\n<meta property=\"og:type\" content=\"article\" \/>\n<meta property=\"og:title\" content=\"Inverse and BIXS Far_Out Cycling: a strategic alliance to conquer the gravel universe | Inverseteams\" \/>\n<meta property=\"og:description\" content=\"Gravel is not just a discipline on the rise: it&#039;s a philosophy of life on two wheels, which brings together adventure, performance and freedom.\" \/>\n<meta property=\"og:url\" content=\"https:\/\/www.inverseteams.com\/en\/blog\/inverse-y-bixs-far_out-cycling-una-alianza-estrategica-para-conquistar-el-universo-gravel\/\" \/>\n<meta property=\"og:site_name\" content=\"Inverseteams\" \/>\n<meta property=\"article:publisher\" content=\"https:\/\/www.facebook.com\/inverseteams\" \/>\n<meta property=\"article:published_time\" content=\"2025-06-18T10:54:27+00:00\" \/>\n<meta property=\"article:modified_time\" content=\"2025-06-18T12:20:56+00:00\" \/>\n<meta property=\"og:image\" content=\"https:\/\/www.inverseteams.com\/wp-content\/uploads\/INVERSE-BIXS-FAR-OUT-CYCLING-GRAVEL-CUSTOM-001.jpg\" \/>\n\t<meta property=\"og:image:width\" content=\"1920\" \/>\n\t<meta property=\"og:image:height\" content=\"1280\" \/>\n\t<meta property=\"og:image:type\" content=\"image\/jpeg\" \/>\n<meta name=\"author\" content=\"xavier\" \/>\n<meta name=\"twitter:card\" content=\"summary_large_image\" \/>\n<meta name=\"twitter:label1\" content=\"Written by\" \/>\n\t<meta name=\"twitter:data1\" content=\"xavier\" \/>\n\t<meta name=\"twitter:label2\" content=\"Est. reading time\" \/>\n\t<meta name=\"twitter:data2\" content=\"5 minutes\" \/>\n<script type=\"application\/ld+json\" class=\"yoast-schema-graph\">{\"@context\":\"https:\\\/\\\/schema.org\",\"@graph\":[{\"@type\":\"Article\",\"@id\":\"https:\\\/\\\/www.inverseteams.com\\\/en\\\/blog\\\/inverse-y-bixs-far_out-cycling-una-alianza-estrategica-para-conquistar-el-universo-gravel\\\/#article\",\"isPartOf\":{\"@id\":\"https:\\\/\\\/www.inverseteams.com\\\/en\\\/blog\\\/inverse-y-bixs-far_out-cycling-una-alianza-estrategica-para-conquistar-el-universo-gravel\\\/\"},\"author\":{\"name\":\"xavier\",\"@id\":\"https:\\\/\\\/www.inverseteams.com\\\/en\\\/#\\\/schema\\\/person\\\/8e9cda76b6449aea55a18c6b0f3a15f1\"},\"headline\":\"Inverse and BIXS Far_Out Cycling: a strategic alliance to conquer the gravel universe\",\"datePublished\":\"2025-06-18T10:54:27+00:00\",\"dateModified\":\"2025-06-18T12:20:56+00:00\",\"mainEntityOfPage\":{\"@id\":\"https:\\\/\\\/www.inverseteams.com\\\/en\\\/blog\\\/inverse-y-bixs-far_out-cycling-una-alianza-estrategica-para-conquistar-el-universo-gravel\\\/\"},\"wordCount\":690,\"commentCount\":0,\"publisher\":{\"@id\":\"https:\\\/\\\/www.inverseteams.com\\\/en\\\/#organization\"},\"image\":{\"@id\":\"https:\\\/\\\/www.inverseteams.com\\\/en\\\/blog\\\/inverse-y-bixs-far_out-cycling-una-alianza-estrategica-para-conquistar-el-universo-gravel\\\/#primaryimage\"},\"thumbnailUrl\":\"https:\\\/\\\/www.inverseteams.com\\\/wp-content\\\/uploads\\\/INVERSE-BIXS-FAR-OUT-CYCLING-GRAVEL-CUSTOM-001.jpg\",\"keywords\":[\"Abenteuer-Radsport\",\"collection gravel\",\"disseny roba gravel\",\"gravel clothing brand\",\"Gravel-Design\",\"Gravel-Trikot\",\"kit gravel cycliste\",\"peces gravel\",\"roba gravel professional\",\"summer gravel kit\",\"v\u00eatements gravel homme\",\"adventure cycling\",\"collection gravel 2025\",\"durable gravel apparel\",\"gravel clothing design\",\"Gravel-Fashion\",\"individuelle Gravel-Bekleidung\",\"leichte Gravel-Kleidung\",\"personalisierte Gravel-Radbekleidung\",\"roba gravel resistent\",\"technical gravel wear\",\"v\u00eatements gravel l\u00e9gers\",\"bikepacking gear\",\"collection Inverse gravel\",\"equipaci\u00f3 gravel\",\"gravel collection\",\"Gravel-Jacke\",\"Inverse ciclisme gravel\",\"lightweight gravel clothing\",\"personalisierte Radbekleidung\",\"roba t\u00e8cnica gravel\",\"technische Gravel-Kleidung\",\"v\u00eatements gravel personnalis\u00e9s\",\"Bikepacking-Bekleidung\",\"col\u00b7lecci\u00f3 gravel ciclisme\",\"equipaci\u00f3n gravel\",\"gravel cycling clothing\",\"Gravel-Kleidung Damen\",\"Inverse ciclismo gravel\",\"mallot gravel\",\"personalized gravel wear\",\"robuste Gravel-Kleidung\",\"tendances gravel cyclisme\",\"v\u00eatements gravel r\u00e9sistants\",\"ropa ciclismo personalizada\",\"chaqueta gravel\",\"col\u00b7lecci\u00f3 Inverse gravel\",\"equipaciones gravel 2025\",\"gravel cycling collection\",\"Gravel-Kleidung Herren\",\"Inverse cycling gravel\",\"marca roba gravel\",\"prendas gravel\",\"ropa ciclismo gravel invierno\",\"tendencias gravel ciclismo\",\"v\u00eatements gravel sur mesure\",\"roba ciclisme personalitzada\",\"ciclisme bikepacking\",\"col\u00b7lecci\u00f3 roba gravel\",\"equipacions gravel 2025\",\"gravel cycling fashion\",\"Gravel-Kollektion\",\"Inverse cyclisme gravel\",\"marca ropa gravel\",\"professional gravel kit\",\"ropa ciclismo gravel personalizada\",\"tend\u00e8ncies gravel ciclisme\",\"v\u00eatements Inverse gravel\",\"ropa ciclismo gravel\",\"ciclisme d&#8217;aventura\",\"cuissard gravel\",\"\u00e9quipement bikepacking\",\"gravel cycling gear\",\"Gravel-Kollektion 2025\",\"Inverse gravel\",\"marque v\u00eatements gravel\",\"professionelle Gravel-Kleidung\",\"ropa ciclismo gravel verano\",\"tenue cycliste gravel\",\"v\u00eatements techniques gravel\",\"gravel bib shorts\",\"ciclisme tot terreny\",\"culot gravel\",\"\u00e9quipement gravel\",\"gravel cyclisme\",\"Gravel-Outfit\",\"Inverse gravel clothing\",\"ma\u00dfgeschneiderte Radbekleidung\",\"roba ciclisme gravel estiu\",\"ropa ciclista gravel\",\"tenues gravel\",\"winter gravel clothing\",\"gravel jersey\",\"ciclismo bikepacking\",\"culote gravel\",\"\u00e9quipement gravel professionnel\",\"gravel jacket\",\"Gravel-Radbekleidung\",\"Inverse gravel collection\",\"men\u2019s gravel clothing\",\"roba ciclisme gravel hivern\",\"ropa de gravel\",\"veste gravel\",\"women\u2019s gravel wear\",\"maillot gravel\",\"ciclismo de aventura\",\"custom cycling clothing\",\"estil gravel\",\"gravel kit\",\"Gravel-Radkollektion\",\"Inverse Gravel-Bekleidung\",\"moda ciclisme gravel\",\"roba ciclisme gravel personalitzada\",\"ropa gravel hombre\",\"v\u00eatements cyclisme personnalis\u00e9s\",\"BIXS\",\"gravel cycling\",\"ciclismo gravel moda\",\"custom cycling gear\",\"estilo gravel\",\"gravel style\",\"Gravel-Radoutfit\",\"Inverse Gravel-Kollektion\",\"moda gravel ciclisme\",\"roba ciclista gravel\",\"ropa gravel ligera\",\"v\u00eatements cyclistes gravel\",\"Inverse Gravel-Radsport\",\"roba ciclisme gravel\",\"ciclismo todoterreno\",\"custom gravel apparel\",\"gravel apparel\",\"gravel style trends\",\"Gravel-Radsport\",\"Inverse roba gravel\",\"moda gravel ciclismo\",\"roba ciclista personalitzada\",\"ropa gravel mujer\",\"v\u00eatements cyclistes personnalis\u00e9s\",\"roba personalitzada gravel\",\"colecci\u00f3n gravel ciclismo\",\"cyclisme aventure\",\"gravel bike kit\",\"Gravel-Bekleidung\",\"Gravel-Radsportmode\",\"Inverse ropa gravel\",\"mode cyclisme gravel\",\"roba de gravel\",\"ropa gravel profesional\",\"v\u00eatements gravel\",\"ropa personalizada gravel\",\"colecci\u00f3n Inverse gravel\",\"cyclisme tout-terrain\",\"gravel ciclisme\",\"Gravel-Bekleidung Sommer\",\"Gravel-Stil\",\"jaqueta gravel\",\"mode gravel cyclisme\",\"roba gravel dona\",\"ropa gravel resistente\",\"v\u00eatements gravel \u00e9t\u00e9\",\"ropa ciclista personalizada\",\"colecci\u00f3n ropa gravel\",\"design v\u00eatements gravel\",\"gravel ciclismo\",\"Gravel-Bekleidung Winter\",\"Gravel-Tr\u00e4gerhose\",\"kit gravel ciclisme\",\"off-road cycling\",\"roba gravel home\",\"ropa t\u00e9cnica gravel\",\"v\u00eatements gravel femme\",\"2025 gravel collection\",\"collection cyclisme gravel\",\"dise\u00f1o ropa gravel\",\"gravel clothing\",\"Gravel-Bekleidungsmarke\",\"Gravel-Trends\",\"kit gravel ciclismo\",\"Offroad-Radsport\",\"roba gravel lleugera\",\"style gravel\",\"v\u00eatements gravel hiver\"],\"articleSection\":[\"Gravel\"],\"inLanguage\":\"en-US\",\"potentialAction\":[{\"@type\":\"CommentAction\",\"name\":\"Comment\",\"target\":[\"https:\\\/\\\/www.inverseteams.com\\\/en\\\/blog\\\/inverse-y-bixs-far_out-cycling-una-alianza-estrategica-para-conquistar-el-universo-gravel\\\/#respond\"]}]},{\"@type\":\"WebPage\",\"@id\":\"https:\\\/\\\/www.inverseteams.com\\\/en\\\/blog\\\/inverse-y-bixs-far_out-cycling-una-alianza-estrategica-para-conquistar-el-universo-gravel\\\/\",\"url\":\"https:\\\/\\\/www.inverseteams.com\\\/en\\\/blog\\\/inverse-y-bixs-far_out-cycling-una-alianza-estrategica-para-conquistar-el-universo-gravel\\\/\",\"name\":\"Inverse and BIXS Far_Out Cycling: a strategic alliance to conquer the gravel universe | Inverseteams\",\"isPartOf\":{\"@id\":\"https:\\\/\\\/www.inverseteams.com\\\/en\\\/#website\"},\"primaryImageOfPage\":{\"@id\":\"https:\\\/\\\/www.inverseteams.com\\\/en\\\/blog\\\/inverse-y-bixs-far_out-cycling-una-alianza-estrategica-para-conquistar-el-universo-gravel\\\/#primaryimage\"},\"image\":{\"@id\":\"https:\\\/\\\/www.inverseteams.com\\\/en\\\/blog\\\/inverse-y-bixs-far_out-cycling-una-alianza-estrategica-para-conquistar-el-universo-gravel\\\/#primaryimage\"},\"thumbnailUrl\":\"https:\\\/\\\/www.inverseteams.com\\\/wp-content\\\/uploads\\\/INVERSE-BIXS-FAR-OUT-CYCLING-GRAVEL-CUSTOM-001.jpg\",\"datePublished\":\"2025-06-18T10:54:27+00:00\",\"dateModified\":\"2025-06-18T12:20:56+00:00\",\"description\":\"Gravel is not just a discipline on the rise: it's a philosophy of life on two wheels, which brings together adventure, performance and freedom.\",\"breadcrumb\":{\"@id\":\"https:\\\/\\\/www.inverseteams.com\\\/en\\\/blog\\\/inverse-y-bixs-far_out-cycling-una-alianza-estrategica-para-conquistar-el-universo-gravel\\\/#breadcrumb\"},\"inLanguage\":\"en-US\",\"potentialAction\":[{\"@type\":\"ReadAction\",\"target\":[\"https:\\\/\\\/www.inverseteams.com\\\/en\\\/blog\\\/inverse-y-bixs-far_out-cycling-una-alianza-estrategica-para-conquistar-el-universo-gravel\\\/\"]}]},{\"@type\":\"ImageObject\",\"inLanguage\":\"en-US\",\"@id\":\"https:\\\/\\\/www.inverseteams.com\\\/en\\\/blog\\\/inverse-y-bixs-far_out-cycling-una-alianza-estrategica-para-conquistar-el-universo-gravel\\\/#primaryimage\",\"url\":\"https:\\\/\\\/www.inverseteams.com\\\/wp-content\\\/uploads\\\/INVERSE-BIXS-FAR-OUT-CYCLING-GRAVEL-CUSTOM-001.jpg\",\"contentUrl\":\"https:\\\/\\\/www.inverseteams.com\\\/wp-content\\\/uploads\\\/INVERSE-BIXS-FAR-OUT-CYCLING-GRAVEL-CUSTOM-001.jpg\",\"width\":1920,\"height\":1280},{\"@type\":\"BreadcrumbList\",\"@id\":\"https:\\\/\\\/www.inverseteams.com\\\/en\\\/blog\\\/inverse-y-bixs-far_out-cycling-una-alianza-estrategica-para-conquistar-el-universo-gravel\\\/#breadcrumb\",\"itemListElement\":[{\"@type\":\"ListItem\",\"position\":1,\"name\":\"Portada\",\"item\":\"https:\\\/\\\/www.inverseteams.com\\\/en\\\/pagina-principal\\\/\"},{\"@type\":\"ListItem\",\"position\":2,\"name\":\"Inverse and BIXS Far_Out Cycling: a strategic alliance to conquer the gravel universe\"}]},{\"@type\":\"WebSite\",\"@id\":\"https:\\\/\\\/www.inverseteams.com\\\/en\\\/#website\",\"url\":\"https:\\\/\\\/www.inverseteams.com\\\/en\\\/\",\"name\":\"Inverseteams\",\"description\":\"Tu marca de ropa deportiva personalizada\",\"publisher\":{\"@id\":\"https:\\\/\\\/www.inverseteams.com\\\/en\\\/#organization\"},\"potentialAction\":[{\"@type\":\"SearchAction\",\"target\":{\"@type\":\"EntryPoint\",\"urlTemplate\":\"https:\\\/\\\/www.inverseteams.com\\\/en\\\/?s={search_term_string}\"},\"query-input\":{\"@type\":\"PropertyValueSpecification\",\"valueRequired\":true,\"valueName\":\"search_term_string\"}}],\"inLanguage\":\"en-US\"},{\"@type\":\"Organization\",\"@id\":\"https:\\\/\\\/www.inverseteams.com\\\/en\\\/#organization\",\"name\":\"Inverse Teams\",\"url\":\"https:\\\/\\\/www.inverseteams.com\\\/en\\\/\",\"logo\":{\"@type\":\"ImageObject\",\"inLanguage\":\"en-US\",\"@id\":\"https:\\\/\\\/www.inverseteams.com\\\/en\\\/#\\\/schema\\\/logo\\\/image\\\/\",\"url\":\"https:\\\/\\\/www.inverseteams.com\\\/wp-content\\\/uploads\\\/2021\\\/03\\\/logo-inverse-teams.png\",\"contentUrl\":\"https:\\\/\\\/www.inverseteams.com\\\/wp-content\\\/uploads\\\/2021\\\/03\\\/logo-inverse-teams.png\",\"width\":294,\"height\":99,\"caption\":\"Inverse Teams\"},\"image\":{\"@id\":\"https:\\\/\\\/www.inverseteams.com\\\/en\\\/#\\\/schema\\\/logo\\\/image\\\/\"},\"sameAs\":[\"https:\\\/\\\/www.facebook.com\\\/inverseteams\",\"http:\\\/\\\/instagram.com\\\/inverseteams\",\"https:\\\/\\\/www.linkedin.com\\\/company\\\/inverse-cirosport-s-l-?trk=job_view_topcard_company_name\",\"http:\\\/\\\/www.pinterest.com\\\/inverseteams\\\/\",\"http:\\\/\\\/www.youtube.com\\\/user\\\/inverseteams?feature=watch\"]},{\"@type\":\"Person\",\"@id\":\"https:\\\/\\\/www.inverseteams.com\\\/en\\\/#\\\/schema\\\/person\\\/8e9cda76b6449aea55a18c6b0f3a15f1\",\"name\":\"xavier\",\"image\":{\"@type\":\"ImageObject\",\"inLanguage\":\"en-US\",\"@id\":\"https:\\\/\\\/secure.gravatar.com\\\/avatar\\\/602b199a1f28e97d83ab3a8bcb642260f5afd77cb09704889d85ddd70643cddb?s=96&d=mm&r=g\",\"url\":\"https:\\\/\\\/secure.gravatar.com\\\/avatar\\\/602b199a1f28e97d83ab3a8bcb642260f5afd77cb09704889d85ddd70643cddb?s=96&d=mm&r=g\",\"contentUrl\":\"https:\\\/\\\/secure.gravatar.com\\\/avatar\\\/602b199a1f28e97d83ab3a8bcb642260f5afd77cb09704889d85ddd70643cddb?s=96&d=mm&r=g\",\"caption\":\"xavier\"}}]}<\/script>\n<!-- \/ Yoast SEO plugin. -->","yoast_head_json":{"title":"Inverse and BIXS Far_Out Cycling: a strategic alliance to conquer the gravel universe | Inverseteams","description":"Gravel is not just a discipline on the rise: it's a philosophy of life on two wheels, which brings together adventure, performance and freedom.","robots":{"index":"index","follow":"follow","max-snippet":"max-snippet:-1","max-image-preview":"max-image-preview:large","max-video-preview":"max-video-preview:-1"},"canonical":"https:\/\/www.inverseteams.com\/en\/blog\/inverse-y-bixs-far_out-cycling-una-alianza-estrategica-para-conquistar-el-universo-gravel\/","og_locale":"en_US","og_type":"article","og_title":"Inverse and BIXS Far_Out Cycling: a strategic alliance to conquer the gravel universe | Inverseteams","og_description":"Gravel is not just a discipline on the rise: it's a philosophy of life on two wheels, which brings together adventure, performance and freedom.","og_url":"https:\/\/www.inverseteams.com\/en\/blog\/inverse-y-bixs-far_out-cycling-una-alianza-estrategica-para-conquistar-el-universo-gravel\/","og_site_name":"Inverseteams","article_publisher":"https:\/\/www.facebook.com\/inverseteams","article_published_time":"2025-06-18T10:54:27+00:00","article_modified_time":"2025-06-18T12:20:56+00:00","og_image":[{"width":1920,"height":1280,"url":"https:\/\/www.inverseteams.com\/wp-content\/uploads\/INVERSE-BIXS-FAR-OUT-CYCLING-GRAVEL-CUSTOM-001.jpg","type":"image\/jpeg"}],"author":"xavier","twitter_card":"summary_large_image","twitter_misc":{"Written by":"xavier","Est. reading time":"5 minutes"},"schema":{"@context":"https:\/\/schema.org","@graph":[{"@type":"Article","@id":"https:\/\/www.inverseteams.com\/en\/blog\/inverse-y-bixs-far_out-cycling-una-alianza-estrategica-para-conquistar-el-universo-gravel\/#article","isPartOf":{"@id":"https:\/\/www.inverseteams.com\/en\/blog\/inverse-y-bixs-far_out-cycling-una-alianza-estrategica-para-conquistar-el-universo-gravel\/"},"author":{"name":"xavier","@id":"https:\/\/www.inverseteams.com\/en\/#\/schema\/person\/8e9cda76b6449aea55a18c6b0f3a15f1"},"headline":"Inverse and BIXS Far_Out Cycling: a strategic alliance to conquer the gravel universe","datePublished":"2025-06-18T10:54:27+00:00","dateModified":"2025-06-18T12:20:56+00:00","mainEntityOfPage":{"@id":"https:\/\/www.inverseteams.com\/en\/blog\/inverse-y-bixs-far_out-cycling-una-alianza-estrategica-para-conquistar-el-universo-gravel\/"},"wordCount":690,"commentCount":0,"publisher":{"@id":"https:\/\/www.inverseteams.com\/en\/#organization"},"image":{"@id":"https:\/\/www.inverseteams.com\/en\/blog\/inverse-y-bixs-far_out-cycling-una-alianza-estrategica-para-conquistar-el-universo-gravel\/#primaryimage"},"thumbnailUrl":"https:\/\/www.inverseteams.com\/wp-content\/uploads\/INVERSE-BIXS-FAR-OUT-CYCLING-GRAVEL-CUSTOM-001.jpg","keywords":["Abenteuer-Radsport","collection gravel","disseny roba gravel","gravel clothing brand","Gravel-Design","Gravel-Trikot","kit gravel cycliste","peces gravel","roba gravel professional","summer gravel kit","v\u00eatements gravel homme","adventure cycling","collection gravel 2025","durable gravel apparel","gravel clothing design","Gravel-Fashion","individuelle Gravel-Bekleidung","leichte Gravel-Kleidung","personalisierte Gravel-Radbekleidung","roba gravel resistent","technical gravel wear","v\u00eatements gravel l\u00e9gers","bikepacking gear","collection Inverse gravel","equipaci\u00f3 gravel","gravel collection","Gravel-Jacke","Inverse ciclisme gravel","lightweight gravel clothing","personalisierte Radbekleidung","roba t\u00e8cnica gravel","technische Gravel-Kleidung","v\u00eatements gravel personnalis\u00e9s","Bikepacking-Bekleidung","col\u00b7lecci\u00f3 gravel ciclisme","equipaci\u00f3n gravel","gravel cycling clothing","Gravel-Kleidung Damen","Inverse ciclismo gravel","mallot gravel","personalized gravel wear","robuste Gravel-Kleidung","tendances gravel cyclisme","v\u00eatements gravel r\u00e9sistants","ropa ciclismo personalizada","chaqueta gravel","col\u00b7lecci\u00f3 Inverse gravel","equipaciones gravel 2025","gravel cycling collection","Gravel-Kleidung Herren","Inverse cycling gravel","marca roba gravel","prendas gravel","ropa ciclismo gravel invierno","tendencias gravel ciclismo","v\u00eatements gravel sur mesure","roba ciclisme personalitzada","ciclisme bikepacking","col\u00b7lecci\u00f3 roba gravel","equipacions gravel 2025","gravel cycling fashion","Gravel-Kollektion","Inverse cyclisme gravel","marca ropa gravel","professional gravel kit","ropa ciclismo gravel personalizada","tend\u00e8ncies gravel ciclisme","v\u00eatements Inverse gravel","ropa ciclismo gravel","ciclisme d&#8217;aventura","cuissard gravel","\u00e9quipement bikepacking","gravel cycling gear","Gravel-Kollektion 2025","Inverse gravel","marque v\u00eatements gravel","professionelle Gravel-Kleidung","ropa ciclismo gravel verano","tenue cycliste gravel","v\u00eatements techniques gravel","gravel bib shorts","ciclisme tot terreny","culot gravel","\u00e9quipement gravel","gravel cyclisme","Gravel-Outfit","Inverse gravel clothing","ma\u00dfgeschneiderte Radbekleidung","roba ciclisme gravel estiu","ropa ciclista gravel","tenues gravel","winter gravel clothing","gravel jersey","ciclismo bikepacking","culote gravel","\u00e9quipement gravel professionnel","gravel jacket","Gravel-Radbekleidung","Inverse gravel collection","men\u2019s gravel clothing","roba ciclisme gravel hivern","ropa de gravel","veste gravel","women\u2019s gravel wear","maillot gravel","ciclismo de aventura","custom cycling clothing","estil gravel","gravel kit","Gravel-Radkollektion","Inverse Gravel-Bekleidung","moda ciclisme gravel","roba ciclisme gravel personalitzada","ropa gravel hombre","v\u00eatements cyclisme personnalis\u00e9s","BIXS","gravel cycling","ciclismo gravel moda","custom cycling gear","estilo gravel","gravel style","Gravel-Radoutfit","Inverse Gravel-Kollektion","moda gravel ciclisme","roba ciclista gravel","ropa gravel ligera","v\u00eatements cyclistes gravel","Inverse Gravel-Radsport","roba ciclisme gravel","ciclismo todoterreno","custom gravel apparel","gravel apparel","gravel style trends","Gravel-Radsport","Inverse roba gravel","moda gravel ciclismo","roba ciclista personalitzada","ropa gravel mujer","v\u00eatements cyclistes personnalis\u00e9s","roba personalitzada gravel","colecci\u00f3n gravel ciclismo","cyclisme aventure","gravel bike kit","Gravel-Bekleidung","Gravel-Radsportmode","Inverse ropa gravel","mode cyclisme gravel","roba de gravel","ropa gravel profesional","v\u00eatements gravel","ropa personalizada gravel","colecci\u00f3n Inverse gravel","cyclisme tout-terrain","gravel ciclisme","Gravel-Bekleidung Sommer","Gravel-Stil","jaqueta gravel","mode gravel cyclisme","roba gravel dona","ropa gravel resistente","v\u00eatements gravel \u00e9t\u00e9","ropa ciclista personalizada","colecci\u00f3n ropa gravel","design v\u00eatements gravel","gravel ciclismo","Gravel-Bekleidung Winter","Gravel-Tr\u00e4gerhose","kit gravel ciclisme","off-road cycling","roba gravel home","ropa t\u00e9cnica gravel","v\u00eatements gravel femme","2025 gravel collection","collection cyclisme gravel","dise\u00f1o ropa gravel","gravel clothing","Gravel-Bekleidungsmarke","Gravel-Trends","kit gravel ciclismo","Offroad-Radsport","roba gravel lleugera","style gravel","v\u00eatements gravel hiver"],"articleSection":["Gravel"],"inLanguage":"en-US","potentialAction":[{"@type":"CommentAction","name":"Comment","target":["https:\/\/www.inverseteams.com\/en\/blog\/inverse-y-bixs-far_out-cycling-una-alianza-estrategica-para-conquistar-el-universo-gravel\/#respond"]}]},{"@type":"WebPage","@id":"https:\/\/www.inverseteams.com\/en\/blog\/inverse-y-bixs-far_out-cycling-una-alianza-estrategica-para-conquistar-el-universo-gravel\/","url":"https:\/\/www.inverseteams.com\/en\/blog\/inverse-y-bixs-far_out-cycling-una-alianza-estrategica-para-conquistar-el-universo-gravel\/","name":"Inverse and BIXS Far_Out Cycling: a strategic alliance to conquer the gravel universe | Inverseteams","isPartOf":{"@id":"https:\/\/www.inverseteams.com\/en\/#website"},"primaryImageOfPage":{"@id":"https:\/\/www.inverseteams.com\/en\/blog\/inverse-y-bixs-far_out-cycling-una-alianza-estrategica-para-conquistar-el-universo-gravel\/#primaryimage"},"image":{"@id":"https:\/\/www.inverseteams.com\/en\/blog\/inverse-y-bixs-far_out-cycling-una-alianza-estrategica-para-conquistar-el-universo-gravel\/#primaryimage"},"thumbnailUrl":"https:\/\/www.inverseteams.com\/wp-content\/uploads\/INVERSE-BIXS-FAR-OUT-CYCLING-GRAVEL-CUSTOM-001.jpg","datePublished":"2025-06-18T10:54:27+00:00","dateModified":"2025-06-18T12:20:56+00:00","description":"Gravel is not just a discipline on the rise: it's a philosophy of life on two wheels, which brings together adventure, performance and freedom.","breadcrumb":{"@id":"https:\/\/www.inverseteams.com\/en\/blog\/inverse-y-bixs-far_out-cycling-una-alianza-estrategica-para-conquistar-el-universo-gravel\/#breadcrumb"},"inLanguage":"en-US","potentialAction":[{"@type":"ReadAction","target":["https:\/\/www.inverseteams.com\/en\/blog\/inverse-y-bixs-far_out-cycling-una-alianza-estrategica-para-conquistar-el-universo-gravel\/"]}]},{"@type":"ImageObject","inLanguage":"en-US","@id":"https:\/\/www.inverseteams.com\/en\/blog\/inverse-y-bixs-far_out-cycling-una-alianza-estrategica-para-conquistar-el-universo-gravel\/#primaryimage","url":"https:\/\/www.inverseteams.com\/wp-content\/uploads\/INVERSE-BIXS-FAR-OUT-CYCLING-GRAVEL-CUSTOM-001.jpg","contentUrl":"https:\/\/www.inverseteams.com\/wp-content\/uploads\/INVERSE-BIXS-FAR-OUT-CYCLING-GRAVEL-CUSTOM-001.jpg","width":1920,"height":1280},{"@type":"BreadcrumbList","@id":"https:\/\/www.inverseteams.com\/en\/blog\/inverse-y-bixs-far_out-cycling-una-alianza-estrategica-para-conquistar-el-universo-gravel\/#breadcrumb","itemListElement":[{"@type":"ListItem","position":1,"name":"Portada","item":"https:\/\/www.inverseteams.com\/en\/pagina-principal\/"},{"@type":"ListItem","position":2,"name":"Inverse and BIXS Far_Out Cycling: a strategic alliance to conquer the gravel universe"}]},{"@type":"WebSite","@id":"https:\/\/www.inverseteams.com\/en\/#website","url":"https:\/\/www.inverseteams.com\/en\/","name":"Inverseteams","description":"Tu marca de ropa deportiva personalizada","publisher":{"@id":"https:\/\/www.inverseteams.com\/en\/#organization"},"potentialAction":[{"@type":"SearchAction","target":{"@type":"EntryPoint","urlTemplate":"https:\/\/www.inverseteams.com\/en\/?s={search_term_string}"},"query-input":{"@type":"PropertyValueSpecification","valueRequired":true,"valueName":"search_term_string"}}],"inLanguage":"en-US"},{"@type":"Organization","@id":"https:\/\/www.inverseteams.com\/en\/#organization","name":"Inverse Teams","url":"https:\/\/www.inverseteams.com\/en\/","logo":{"@type":"ImageObject","inLanguage":"en-US","@id":"https:\/\/www.inverseteams.com\/en\/#\/schema\/logo\/image\/","url":"https:\/\/www.inverseteams.com\/wp-content\/uploads\/2021\/03\/logo-inverse-teams.png","contentUrl":"https:\/\/www.inverseteams.com\/wp-content\/uploads\/2021\/03\/logo-inverse-teams.png","width":294,"height":99,"caption":"Inverse Teams"},"image":{"@id":"https:\/\/www.inverseteams.com\/en\/#\/schema\/logo\/image\/"},"sameAs":["https:\/\/www.facebook.com\/inverseteams","http:\/\/instagram.com\/inverseteams","https:\/\/www.linkedin.com\/company\/inverse-cirosport-s-l-?trk=job_view_topcard_company_name","http:\/\/www.pinterest.com\/inverseteams\/","http:\/\/www.youtube.com\/user\/inverseteams?feature=watch"]},{"@type":"Person","@id":"https:\/\/www.inverseteams.com\/en\/#\/schema\/person\/8e9cda76b6449aea55a18c6b0f3a15f1","name":"xavier","image":{"@type":"ImageObject","inLanguage":"en-US","@id":"https:\/\/secure.gravatar.com\/avatar\/602b199a1f28e97d83ab3a8bcb642260f5afd77cb09704889d85ddd70643cddb?s=96&d=mm&r=g","url":"https:\/\/secure.gravatar.com\/avatar\/602b199a1f28e97d83ab3a8bcb642260f5afd77cb09704889d85ddd70643cddb?s=96&d=mm&r=g","contentUrl":"https:\/\/secure.gravatar.com\/avatar\/602b199a1f28e97d83ab3a8bcb642260f5afd77cb09704889d85ddd70643cddb?s=96&d=mm&r=g","caption":"xavier"}}]}},"_links":{"self":[{"href":"https:\/\/www.inverseteams.com\/en\/wp-json\/wp\/v2\/posts\/261857","targetHints":{"allow":["GET"]}}],"collection":[{"href":"https:\/\/www.inverseteams.com\/en\/wp-json\/wp\/v2\/posts"}],"about":[{"href":"https:\/\/www.inverseteams.com\/en\/wp-json\/wp\/v2\/types\/post"}],"author":[{"embeddable":true,"href":"https:\/\/www.inverseteams.com\/en\/wp-json\/wp\/v2\/users\/12"}],"replies":[{"embeddable":true,"href":"https:\/\/www.inverseteams.com\/en\/wp-json\/wp\/v2\/comments?post=261857"}],"version-history":[{"count":0,"href":"https:\/\/www.inverseteams.com\/en\/wp-json\/wp\/v2\/posts\/261857\/revisions"}],"wp:featuredmedia":[{"embeddable":true,"href":"https:\/\/www.inverseteams.com\/en\/wp-json\/wp\/v2\/media\/261810"}],"wp:attachment":[{"href":"https:\/\/www.inverseteams.com\/en\/wp-json\/wp\/v2\/media?parent=261857"}],"wp:term":[{"taxonomy":"category","embeddable":true,"href":"https:\/\/www.inverseteams.com\/en\/wp-json\/wp\/v2\/categories?post=261857"},{"taxonomy":"post_tag","embeddable":true,"href":"https:\/\/www.inverseteams.com\/en\/wp-json\/wp\/v2\/tags?post=261857"}],"curies":[{"name":"wp","href":"https:\/\/api.w.org\/{rel}","templated":true}]}}