{"id":199255,"date":"2024-04-30T11:51:56","date_gmt":"2024-04-30T11:51:56","guid":{"rendered":"https:\/\/www.inverseteams.com\/blog\/el-importante-legado-del-esport-ciclista-barcelona-cedido-al-archivo-historico-de-barcelona\/"},"modified":"2024-05-03T12:02:42","modified_gmt":"2024-05-03T12:02:42","slug":"el-importante-legado-del-esport-ciclista-barcelona-cedido-al-archivo-historico-de-barcelona","status":"publish","type":"post","link":"https:\/\/www.inverseteams.com\/en\/blog\/el-importante-legado-del-esport-ciclista-barcelona-cedido-al-archivo-historico-de-barcelona\/","title":{"rendered":"The valuable legacy of Esport Ciclista Barcelona is transferred to the Historical Archive of Barcelona."},"content":{"rendered":"\n<figure class=\"wp-block-image size-large\"><img loading=\"lazy\" decoding=\"async\" width=\"1024\" height=\"768\" src=\"https:\/\/www.inverseteams.com\/wp-content\/uploads\/ARXIU_BARCELONA_LLIURAMENT_MATERIAL_04_IMG_9314-copia-1024x768.jpg\" alt=\"\" class=\"wp-image-198862\" srcset=\"https:\/\/www.inverseteams.com\/wp-content\/uploads\/ARXIU_BARCELONA_LLIURAMENT_MATERIAL_04_IMG_9314-copia-1024x768.jpg 1024w, https:\/\/www.inverseteams.com\/wp-content\/uploads\/ARXIU_BARCELONA_LLIURAMENT_MATERIAL_04_IMG_9314-copia-300x225.jpg 300w, https:\/\/www.inverseteams.com\/wp-content\/uploads\/ARXIU_BARCELONA_LLIURAMENT_MATERIAL_04_IMG_9314-copia-768x576.jpg 768w, https:\/\/www.inverseteams.com\/wp-content\/uploads\/ARXIU_BARCELONA_LLIURAMENT_MATERIAL_04_IMG_9314-copia-1536x1152.jpg 1536w, https:\/\/www.inverseteams.com\/wp-content\/uploads\/ARXIU_BARCELONA_LLIURAMENT_MATERIAL_04_IMG_9314-copia-2048x1536.jpg 2048w, https:\/\/www.inverseteams.com\/wp-content\/uploads\/ARXIU_BARCELONA_LLIURAMENT_MATERIAL_04_IMG_9314-copia-420x315.jpg 420w, https:\/\/www.inverseteams.com\/wp-content\/uploads\/ARXIU_BARCELONA_LLIURAMENT_MATERIAL_04_IMG_9314-copia-64x48.jpg 64w\" sizes=\"auto, (max-width: 1024px) 100vw, 1024px\" \/><\/figure>\n\n\n<div class=\"wrapper-heading\">\n<h2 class=\"wp-block-heading\">Esport Ciclista Barcelona (ECB) has left a major legacy for the history of cycling in Catalonia and Spain. This legacy has recently found a new home in the Historical Archive of the City of Barcelona (HACB), marking a significant milestone in the preservation and dissemination of cycling history.<\/h2>\n<\/div>\n\n<div class=\"wrapper-heading\">\n<h3 class=\"wp-block-heading\">At a highly significant event, the transfer agreement was signed on 24 April at the archive&#8217;s magnificent offices, in the Gothic palace of the Casa de l&#8217;Ardiaca, located next to Barcelona&#8217;s hallowed cathedral.<\/h3>\n<\/div>\n\n<div class=\"wrapper-heading\">\n<h4 class=\"wp-block-heading\">Among those attending this remarkable transfer of cycling culture were Joaquim Sabat\u00e9, the current president of ECB and the CFO and Director of Human Resources of Inverse, accompanied by his brother Joan Sabat\u00e9, the CEO of Inverse, and Jordi Martinez, who is responsible for the club&#8217;s archive.<\/h4>\n<\/div>\n\n\n<figure class=\"wp-block-image size-large\"><img loading=\"lazy\" decoding=\"async\" width=\"1024\" height=\"768\" src=\"https:\/\/www.inverseteams.com\/wp-content\/uploads\/ARXIU_BARCELONA_LLIURAMENT_MATERIAL_02_IMG_9314-copia-1024x768.jpg\" alt=\"\" class=\"wp-image-198867\" srcset=\"https:\/\/www.inverseteams.com\/wp-content\/uploads\/ARXIU_BARCELONA_LLIURAMENT_MATERIAL_02_IMG_9314-copia-1024x768.jpg 1024w, https:\/\/www.inverseteams.com\/wp-content\/uploads\/ARXIU_BARCELONA_LLIURAMENT_MATERIAL_02_IMG_9314-copia-300x225.jpg 300w, https:\/\/www.inverseteams.com\/wp-content\/uploads\/ARXIU_BARCELONA_LLIURAMENT_MATERIAL_02_IMG_9314-copia-768x576.jpg 768w, https:\/\/www.inverseteams.com\/wp-content\/uploads\/ARXIU_BARCELONA_LLIURAMENT_MATERIAL_02_IMG_9314-copia-1536x1152.jpg 1536w, https:\/\/www.inverseteams.com\/wp-content\/uploads\/ARXIU_BARCELONA_LLIURAMENT_MATERIAL_02_IMG_9314-copia-2048x1536.jpg 2048w, https:\/\/www.inverseteams.com\/wp-content\/uploads\/ARXIU_BARCELONA_LLIURAMENT_MATERIAL_02_IMG_9314-copia-420x315.jpg 420w, https:\/\/www.inverseteams.com\/wp-content\/uploads\/ARXIU_BARCELONA_LLIURAMENT_MATERIAL_02_IMG_9314-copia-64x48.jpg 64w\" sizes=\"auto, (max-width: 1024px) 100vw, 1024px\" \/><\/figure>\n\n\n<div class=\"wrapper-heading\">\n<h4 class=\"wp-block-heading\"><strong><strong>Signing of the agreement at Casa de l&#8217;Ardiaca<\/strong><\/strong><\/h4>\n<\/div>\n\n\n<p>The highly significant signing of the transfer agreement took place in the magnificent surroundings of the <a href=\"https:\/\/ajuntament.barcelona.cat\/arxiumunicipal\/arxiuhistoric\/es\">HACB<\/a>, in the <a href=\"https:\/\/es.wikipedia.org\/wiki\/Casa_de_l%27Ardiaca\"><strong>Gothic palace of the Casa de l&#8217;Ardiaca<\/strong><\/a>, located next to Barcelona&#8217;s imposing cathedral. In this iconic setting, Joaquim Sabat\u00e9, the current president of <a href=\"https:\/\/ca.wikipedia.org\/wiki\/Esport_Ciclista_Barcelona\">ECB<\/a> and the CFO and Director of Human Resources of Inverse, with his brother Joan Sabat\u00e9, the commercial director of Inverse, signed the transfer agreement. They were accompanied by Jordi Mart\u00ednez, who is responsible for the ECB club archive.<\/p>\n\n\n\n<figure class=\"wp-block-image size-large\"><img loading=\"lazy\" decoding=\"async\" width=\"1024\" height=\"768\" src=\"https:\/\/www.inverseteams.com\/wp-content\/uploads\/ARXIU_BARCELONA_LLIURAMENT_MATERIAL_03_IMG_9314-copia-1024x768.jpg\" alt=\"\" class=\"wp-image-198872\" srcset=\"https:\/\/www.inverseteams.com\/wp-content\/uploads\/ARXIU_BARCELONA_LLIURAMENT_MATERIAL_03_IMG_9314-copia-1024x768.jpg 1024w, https:\/\/www.inverseteams.com\/wp-content\/uploads\/ARXIU_BARCELONA_LLIURAMENT_MATERIAL_03_IMG_9314-copia-300x225.jpg 300w, https:\/\/www.inverseteams.com\/wp-content\/uploads\/ARXIU_BARCELONA_LLIURAMENT_MATERIAL_03_IMG_9314-copia-768x576.jpg 768w, https:\/\/www.inverseteams.com\/wp-content\/uploads\/ARXIU_BARCELONA_LLIURAMENT_MATERIAL_03_IMG_9314-copia-1536x1152.jpg 1536w, https:\/\/www.inverseteams.com\/wp-content\/uploads\/ARXIU_BARCELONA_LLIURAMENT_MATERIAL_03_IMG_9314-copia-2048x1536.jpg 2048w, https:\/\/www.inverseteams.com\/wp-content\/uploads\/ARXIU_BARCELONA_LLIURAMENT_MATERIAL_03_IMG_9314-copia-420x315.jpg 420w, https:\/\/www.inverseteams.com\/wp-content\/uploads\/ARXIU_BARCELONA_LLIURAMENT_MATERIAL_03_IMG_9314-copia-64x48.jpg 64w\" sizes=\"auto, (max-width: 1024px) 100vw, 1024px\" \/><\/figure>\n\n\n<div class=\"wrapper-heading\">\n<h4 class=\"wp-block-heading\"><strong><strong>A valuable transfer of documentation related to cycling culture<\/strong><\/strong><\/h4>\n<\/div>\n\n\n<p>The archive that has been transferred to the HACB contains a <strong>unique collection of posters that bear witness to two emblematic events in the history of Catalan cycling: the <\/strong><a href=\"https:\/\/ca.wikipedia.org\/wiki\/Escalada_ciclista_a_Montju%C3%AFc\"><strong>Escalada a Montju\u00efc<\/strong><\/a><strong> and Catalan Cycling Week<\/strong>, from their inception in the 1960s to the final events which took place at the beginning of the twenty-first century. These events were not only milestones in cycling competition, but also contributed to the culture and identity of Barcelona and Catalonia in general.<\/p>\n\n\n\n<figure class=\"wp-block-image size-large\"><img loading=\"lazy\" decoding=\"async\" width=\"1024\" height=\"768\" src=\"https:\/\/www.inverseteams.com\/wp-content\/uploads\/ARXIU_BARCELONA_LLIURAMENT_MATERIAL_10_IMG_9314-copia-1024x768.jpg\" alt=\"\" class=\"wp-image-198877\" srcset=\"https:\/\/www.inverseteams.com\/wp-content\/uploads\/ARXIU_BARCELONA_LLIURAMENT_MATERIAL_10_IMG_9314-copia-1024x768.jpg 1024w, https:\/\/www.inverseteams.com\/wp-content\/uploads\/ARXIU_BARCELONA_LLIURAMENT_MATERIAL_10_IMG_9314-copia-300x225.jpg 300w, https:\/\/www.inverseteams.com\/wp-content\/uploads\/ARXIU_BARCELONA_LLIURAMENT_MATERIAL_10_IMG_9314-copia-768x576.jpg 768w, https:\/\/www.inverseteams.com\/wp-content\/uploads\/ARXIU_BARCELONA_LLIURAMENT_MATERIAL_10_IMG_9314-copia-1536x1152.jpg 1536w, https:\/\/www.inverseteams.com\/wp-content\/uploads\/ARXIU_BARCELONA_LLIURAMENT_MATERIAL_10_IMG_9314-copia-2048x1536.jpg 2048w, https:\/\/www.inverseteams.com\/wp-content\/uploads\/ARXIU_BARCELONA_LLIURAMENT_MATERIAL_10_IMG_9314-copia-420x315.jpg 420w, https:\/\/www.inverseteams.com\/wp-content\/uploads\/ARXIU_BARCELONA_LLIURAMENT_MATERIAL_10_IMG_9314-copia-64x48.jpg 64w\" sizes=\"auto, (max-width: 1024px) 100vw, 1024px\" \/><\/figure>\n\n\n<div class=\"wrapper-heading\">\n<h4 class=\"wp-block-heading\"><strong><strong>The history of Inverse and cycling<\/strong><\/strong><\/h4>\n<\/div>\n\n\n<p>The ties between the ECB and the Inverse brand add another layer of significance to this transfer. <strong>The history of the Inverse brand is intertwined with the history of Spanish and Catalan cycling, through the figure of <\/strong><a href=\"https:\/\/ca.wikipedia.org\/wiki\/Joaquim_Sabat%C3%A9_i_Daus%C3%A0\"><strong>Joaquim Sabate i Daus\u00e0<\/strong><\/a>, the company&#8217;s founder. His passion for cycling and his commitment to the ECB club reflect the brand&#8217;s deep roots in cycling culture.<\/p>\n\n\n\n<figure class=\"wp-block-image size-large\"><img loading=\"lazy\" decoding=\"async\" width=\"1024\" height=\"576\" src=\"https:\/\/www.inverseteams.com\/wp-content\/uploads\/ARXIU_BARCELONA_LLIURAMENT_MATERIAL_13_IMG_9314-copia-1024x576.jpg\" alt=\"\" class=\"wp-image-198882\" srcset=\"https:\/\/www.inverseteams.com\/wp-content\/uploads\/ARXIU_BARCELONA_LLIURAMENT_MATERIAL_13_IMG_9314-copia-1024x576.jpg 1024w, https:\/\/www.inverseteams.com\/wp-content\/uploads\/ARXIU_BARCELONA_LLIURAMENT_MATERIAL_13_IMG_9314-copia-300x169.jpg 300w, https:\/\/www.inverseteams.com\/wp-content\/uploads\/ARXIU_BARCELONA_LLIURAMENT_MATERIAL_13_IMG_9314-copia-768x432.jpg 768w, https:\/\/www.inverseteams.com\/wp-content\/uploads\/ARXIU_BARCELONA_LLIURAMENT_MATERIAL_13_IMG_9314-copia-1536x864.jpg 1536w, https:\/\/www.inverseteams.com\/wp-content\/uploads\/ARXIU_BARCELONA_LLIURAMENT_MATERIAL_13_IMG_9314-copia-2048x1152.jpg 2048w, https:\/\/www.inverseteams.com\/wp-content\/uploads\/ARXIU_BARCELONA_LLIURAMENT_MATERIAL_13_IMG_9314-copia-1920x1080.jpg 1920w, https:\/\/www.inverseteams.com\/wp-content\/uploads\/ARXIU_BARCELONA_LLIURAMENT_MATERIAL_13_IMG_9314-copia-420x236.jpg 420w, https:\/\/www.inverseteams.com\/wp-content\/uploads\/ARXIU_BARCELONA_LLIURAMENT_MATERIAL_13_IMG_9314-copia-64x36.jpg 64w\" sizes=\"auto, (max-width: 1024px) 100vw, 1024px\" \/><\/figure>\n\n\n<div class=\"wrapper-heading\">\n<h4 class=\"wp-block-heading\"><strong><strong>The legacy of Joaquim Sabat\u00e9<\/strong><\/strong><\/h4>\n<\/div>\n\n\n<p>Joaquim Sabat\u00e9, an <strong>iconic figure in the world of Catalan cycling<\/strong>, played a crucial role in the history of the ECB. From his participation in the club in the 1950s to his presidency from 1962 to 2001, Sabat\u00e9 was a <strong>tireless promoter of cycling in Catalonia<\/strong>. His legacy lives on not only in the memory of the club, but also in the posthumous recognition he received, such as the award of the <strong>Barcelona Medal of Honour in 2002.<\/strong><\/p>\n\n\n\n<p>The transfer of the ECB archive to the HACB not only ensures that a priceless legacy will be preserved, but also <strong>guarantees that the history of Catalan cycling will continue to inspire generations to come.<\/strong><\/p>\n\n\n\n<figure class=\"wp-block-image size-large\"><img loading=\"lazy\" decoding=\"async\" width=\"1024\" height=\"768\" src=\"https:\/\/www.inverseteams.com\/wp-content\/uploads\/ARXIU_BARCELONA_LLIURAMENT_MATERIAL_08_IMG_9314-copia-1024x768.jpg\" alt=\"\" class=\"wp-image-198887\" srcset=\"https:\/\/www.inverseteams.com\/wp-content\/uploads\/ARXIU_BARCELONA_LLIURAMENT_MATERIAL_08_IMG_9314-copia-1024x768.jpg 1024w, https:\/\/www.inverseteams.com\/wp-content\/uploads\/ARXIU_BARCELONA_LLIURAMENT_MATERIAL_08_IMG_9314-copia-300x225.jpg 300w, https:\/\/www.inverseteams.com\/wp-content\/uploads\/ARXIU_BARCELONA_LLIURAMENT_MATERIAL_08_IMG_9314-copia-768x576.jpg 768w, https:\/\/www.inverseteams.com\/wp-content\/uploads\/ARXIU_BARCELONA_LLIURAMENT_MATERIAL_08_IMG_9314-copia-1536x1152.jpg 1536w, https:\/\/www.inverseteams.com\/wp-content\/uploads\/ARXIU_BARCELONA_LLIURAMENT_MATERIAL_08_IMG_9314-copia-2048x1536.jpg 2048w, https:\/\/www.inverseteams.com\/wp-content\/uploads\/ARXIU_BARCELONA_LLIURAMENT_MATERIAL_08_IMG_9314-copia-420x315.jpg 420w, https:\/\/www.inverseteams.com\/wp-content\/uploads\/ARXIU_BARCELONA_LLIURAMENT_MATERIAL_08_IMG_9314-copia-64x48.jpg 64w\" sizes=\"auto, (max-width: 1024px) 100vw, 1024px\" \/><\/figure>\n\n\n\n<figure class=\"wp-block-image size-large\"><img loading=\"lazy\" decoding=\"async\" width=\"1024\" height=\"768\" src=\"https:\/\/www.inverseteams.com\/wp-content\/uploads\/ARXIU_BARCELONA_LLIURAMENT_MATERIAL_16_IMG_9314-copia-1024x768.jpg\" alt=\"\" class=\"wp-image-198892\" srcset=\"https:\/\/www.inverseteams.com\/wp-content\/uploads\/ARXIU_BARCELONA_LLIURAMENT_MATERIAL_16_IMG_9314-copia-1024x768.jpg 1024w, https:\/\/www.inverseteams.com\/wp-content\/uploads\/ARXIU_BARCELONA_LLIURAMENT_MATERIAL_16_IMG_9314-copia-300x225.jpg 300w, https:\/\/www.inverseteams.com\/wp-content\/uploads\/ARXIU_BARCELONA_LLIURAMENT_MATERIAL_16_IMG_9314-copia-768x576.jpg 768w, https:\/\/www.inverseteams.com\/wp-content\/uploads\/ARXIU_BARCELONA_LLIURAMENT_MATERIAL_16_IMG_9314-copia-1536x1152.jpg 1536w, https:\/\/www.inverseteams.com\/wp-content\/uploads\/ARXIU_BARCELONA_LLIURAMENT_MATERIAL_16_IMG_9314-copia-2048x1536.jpg 2048w, https:\/\/www.inverseteams.com\/wp-content\/uploads\/ARXIU_BARCELONA_LLIURAMENT_MATERIAL_16_IMG_9314-copia-420x315.jpg 420w, https:\/\/www.inverseteams.com\/wp-content\/uploads\/ARXIU_BARCELONA_LLIURAMENT_MATERIAL_16_IMG_9314-copia-64x48.jpg 64w\" sizes=\"auto, (max-width: 1024px) 100vw, 1024px\" \/><\/figure>\n\n\n\n<div class=\"wp-block-buttons is-layout-flex wp-block-buttons-is-layout-flex\">\n<div class=\"wp-block-button\"><a class=\"wp-block-button__link wp-element-button\" href=\"https:\/\/www.inverseteams.com\/en\/company-made-barcelona-1969\/\">Inverse history<\/a><\/div>\n<\/div>\n","protected":false},"excerpt":{"rendered":"<p>Esport Ciclista Barcelona (ECB) has left a major legacy for the history of cycling in Catalonia and Spain. This legacy has recently found a new home in the Historical Archive of the City of Barcelona (HACB), marking a significant milestone in the preservation and dissemination of cycling history. At a highly significant event, the transfer [&hellip;]<\/p>\n","protected":false},"author":12,"featured_media":198864,"comment_status":"open","ping_status":"open","sticky":false,"template":"","format":"standard","meta":{"_acf_changed":false,"mc4wp_mailchimp_campaign":[],"footnotes":""},"categories":[187],"tags":[14142,14143,14144,14145,14146,14147,14148,14149,14150,14151,14152,8662],"class_list":["post-199255","post","type-post","status-publish","format-standard","has-post-thumbnail","hentry","category-cycling","tag-barcelona-cycling-history-en","tag-catalonia-cycling-history-en","tag-escalada-castell-montjuic-en","tag-esport-ciclista-barcelona-en","tag-historia-ciclisme-catalunya-en","tag-historia-ciclisme-espanya-en","tag-historia-ciclismo-cataluna-en","tag-historia-ciclismo-espana-en","tag-joaquim-sabate-en","tag-semana-catalana-ciclismo-en","tag-setmana-catalana-ciclisme-en","tag-ciclismo-barcelona-en"],"acf":[],"yoast_head":"<!-- This site is optimized with the Yoast SEO plugin v27.3 - https:\/\/yoast.com\/product\/yoast-seo-wordpress\/ -->\n<title>The valuable legacy of Esport Ciclista Barcelona is transferred to the Historical Archive of Barcelona. | Inverseteams<\/title>\n<meta name=\"description\" content=\"Esport Ciclista Barcelona (ECB) has left a major legacy for the history of cycling in Catalonia and Spain. This legacy has recently found a new home in the Historical Archive of the City of Barcelona (HACB), marking a significant milestone in the preservation and dissemination of cycling history.\" \/>\n<meta name=\"robots\" content=\"index, follow, max-snippet:-1, max-image-preview:large, max-video-preview:-1\" \/>\n<link rel=\"canonical\" href=\"https:\/\/www.inverseteams.com\/en\/blog\/el-importante-legado-del-esport-ciclista-barcelona-cedido-al-archivo-historico-de-barcelona\/\" \/>\n<meta property=\"og:locale\" content=\"en_US\" \/>\n<meta property=\"og:type\" content=\"article\" \/>\n<meta property=\"og:title\" content=\"The valuable legacy of Esport Ciclista Barcelona is transferred to the Historical Archive of Barcelona. | Inverseteams\" \/>\n<meta property=\"og:description\" content=\"Esport Ciclista Barcelona (ECB) has left a major legacy for the history of cycling in Catalonia and Spain. This legacy has recently found a new home in the Historical Archive of the City of Barcelona (HACB), marking a significant milestone in the preservation and dissemination of cycling history.\" \/>\n<meta property=\"og:url\" content=\"https:\/\/www.inverseteams.com\/en\/blog\/el-importante-legado-del-esport-ciclista-barcelona-cedido-al-archivo-historico-de-barcelona\/\" \/>\n<meta property=\"og:site_name\" content=\"Inverseteams\" \/>\n<meta property=\"article:publisher\" content=\"https:\/\/www.facebook.com\/inverseteams\" \/>\n<meta property=\"article:published_time\" content=\"2024-04-30T11:51:56+00:00\" \/>\n<meta property=\"article:modified_time\" content=\"2024-05-03T12:02:42+00:00\" \/>\n<meta property=\"og:image\" content=\"https:\/\/www.inverseteams.com\/wp-content\/uploads\/ARXIU_BARCELONA_LLIURAMENT_MATERIAL_04_IMG_9314-copia-1024x768.jpg\" \/>\n\t<meta property=\"og:image:width\" content=\"1024\" \/>\n\t<meta property=\"og:image:height\" content=\"768\" \/>\n\t<meta property=\"og:image:type\" content=\"image\/jpeg\" \/>\n<meta name=\"author\" content=\"xavier\" \/>\n<meta name=\"twitter:card\" content=\"summary_large_image\" \/>\n<meta name=\"twitter:label1\" content=\"Written by\" \/>\n\t<meta name=\"twitter:data1\" content=\"xavier\" \/>\n\t<meta name=\"twitter:label2\" content=\"Est. reading time\" \/>\n\t<meta name=\"twitter:data2\" content=\"4 minutes\" \/>\n<script type=\"application\/ld+json\" class=\"yoast-schema-graph\">{\"@context\":\"https:\\\/\\\/schema.org\",\"@graph\":[{\"@type\":\"Article\",\"@id\":\"https:\\\/\\\/www.inverseteams.com\\\/en\\\/blog\\\/el-importante-legado-del-esport-ciclista-barcelona-cedido-al-archivo-historico-de-barcelona\\\/#article\",\"isPartOf\":{\"@id\":\"https:\\\/\\\/www.inverseteams.com\\\/en\\\/blog\\\/el-importante-legado-del-esport-ciclista-barcelona-cedido-al-archivo-historico-de-barcelona\\\/\"},\"author\":{\"name\":\"xavier\",\"@id\":\"https:\\\/\\\/www.inverseteams.com\\\/en\\\/#\\\/schema\\\/person\\\/8e9cda76b6449aea55a18c6b0f3a15f1\"},\"headline\":\"The valuable legacy of Esport Ciclista Barcelona is transferred to the Historical Archive of Barcelona.\",\"datePublished\":\"2024-04-30T11:51:56+00:00\",\"dateModified\":\"2024-05-03T12:02:42+00:00\",\"mainEntityOfPage\":{\"@id\":\"https:\\\/\\\/www.inverseteams.com\\\/en\\\/blog\\\/el-importante-legado-del-esport-ciclista-barcelona-cedido-al-archivo-historico-de-barcelona\\\/\"},\"wordCount\":516,\"commentCount\":0,\"publisher\":{\"@id\":\"https:\\\/\\\/www.inverseteams.com\\\/en\\\/#organization\"},\"image\":{\"@id\":\"https:\\\/\\\/www.inverseteams.com\\\/en\\\/blog\\\/el-importante-legado-del-esport-ciclista-barcelona-cedido-al-archivo-historico-de-barcelona\\\/#primaryimage\"},\"thumbnailUrl\":\"https:\\\/\\\/www.inverseteams.com\\\/wp-content\\\/uploads\\\/ARXIU_BARCELONA_LLIURAMENT_MATERIAL_04_IMG_9314-copia.jpg\",\"keywords\":[\"Barcelona cycling history\",\"Catalonia cycling history\",\"Escalada castell Montju\u00efc\",\"Esport Ciclista Barcelona\",\"historia ciclisme catalunya\",\"hist\u00f2ria ciclisme espanya\",\"Historia ciclismo catalu\u00f1a\",\"historia ciclismo espa\u00f1a\",\"Joaquim Sabat\u00e9\",\"Semana Catalana Ciclismo\",\"Setmana Catalana Ciclisme\",\"ciclismo barcelona\"],\"articleSection\":[\"Cycling\"],\"inLanguage\":\"en-US\",\"potentialAction\":[{\"@type\":\"CommentAction\",\"name\":\"Comment\",\"target\":[\"https:\\\/\\\/www.inverseteams.com\\\/en\\\/blog\\\/el-importante-legado-del-esport-ciclista-barcelona-cedido-al-archivo-historico-de-barcelona\\\/#respond\"]}]},{\"@type\":\"WebPage\",\"@id\":\"https:\\\/\\\/www.inverseteams.com\\\/en\\\/blog\\\/el-importante-legado-del-esport-ciclista-barcelona-cedido-al-archivo-historico-de-barcelona\\\/\",\"url\":\"https:\\\/\\\/www.inverseteams.com\\\/en\\\/blog\\\/el-importante-legado-del-esport-ciclista-barcelona-cedido-al-archivo-historico-de-barcelona\\\/\",\"name\":\"The valuable legacy of Esport Ciclista Barcelona is transferred to the Historical Archive of Barcelona. | Inverseteams\",\"isPartOf\":{\"@id\":\"https:\\\/\\\/www.inverseteams.com\\\/en\\\/#website\"},\"primaryImageOfPage\":{\"@id\":\"https:\\\/\\\/www.inverseteams.com\\\/en\\\/blog\\\/el-importante-legado-del-esport-ciclista-barcelona-cedido-al-archivo-historico-de-barcelona\\\/#primaryimage\"},\"image\":{\"@id\":\"https:\\\/\\\/www.inverseteams.com\\\/en\\\/blog\\\/el-importante-legado-del-esport-ciclista-barcelona-cedido-al-archivo-historico-de-barcelona\\\/#primaryimage\"},\"thumbnailUrl\":\"https:\\\/\\\/www.inverseteams.com\\\/wp-content\\\/uploads\\\/ARXIU_BARCELONA_LLIURAMENT_MATERIAL_04_IMG_9314-copia.jpg\",\"datePublished\":\"2024-04-30T11:51:56+00:00\",\"dateModified\":\"2024-05-03T12:02:42+00:00\",\"description\":\"Esport Ciclista Barcelona (ECB) has left a major legacy for the history of cycling in Catalonia and Spain. This legacy has recently found a new home in the Historical Archive of the City of Barcelona (HACB), marking a significant milestone in the preservation and dissemination of cycling history.\",\"breadcrumb\":{\"@id\":\"https:\\\/\\\/www.inverseteams.com\\\/en\\\/blog\\\/el-importante-legado-del-esport-ciclista-barcelona-cedido-al-archivo-historico-de-barcelona\\\/#breadcrumb\"},\"inLanguage\":\"en-US\",\"potentialAction\":[{\"@type\":\"ReadAction\",\"target\":[\"https:\\\/\\\/www.inverseteams.com\\\/en\\\/blog\\\/el-importante-legado-del-esport-ciclista-barcelona-cedido-al-archivo-historico-de-barcelona\\\/\"]}]},{\"@type\":\"ImageObject\",\"inLanguage\":\"en-US\",\"@id\":\"https:\\\/\\\/www.inverseteams.com\\\/en\\\/blog\\\/el-importante-legado-del-esport-ciclista-barcelona-cedido-al-archivo-historico-de-barcelona\\\/#primaryimage\",\"url\":\"https:\\\/\\\/www.inverseteams.com\\\/wp-content\\\/uploads\\\/ARXIU_BARCELONA_LLIURAMENT_MATERIAL_04_IMG_9314-copia.jpg\",\"contentUrl\":\"https:\\\/\\\/www.inverseteams.com\\\/wp-content\\\/uploads\\\/ARXIU_BARCELONA_LLIURAMENT_MATERIAL_04_IMG_9314-copia.jpg\",\"width\":4032,\"height\":3024},{\"@type\":\"BreadcrumbList\",\"@id\":\"https:\\\/\\\/www.inverseteams.com\\\/en\\\/blog\\\/el-importante-legado-del-esport-ciclista-barcelona-cedido-al-archivo-historico-de-barcelona\\\/#breadcrumb\",\"itemListElement\":[{\"@type\":\"ListItem\",\"position\":1,\"name\":\"Portada\",\"item\":\"https:\\\/\\\/www.inverseteams.com\\\/en\\\/pagina-principal\\\/\"},{\"@type\":\"ListItem\",\"position\":2,\"name\":\"The valuable legacy of Esport Ciclista Barcelona is transferred to the Historical Archive of Barcelona.\"}]},{\"@type\":\"WebSite\",\"@id\":\"https:\\\/\\\/www.inverseteams.com\\\/en\\\/#website\",\"url\":\"https:\\\/\\\/www.inverseteams.com\\\/en\\\/\",\"name\":\"Inverseteams\",\"description\":\"Tu marca de ropa deportiva personalizada\",\"publisher\":{\"@id\":\"https:\\\/\\\/www.inverseteams.com\\\/en\\\/#organization\"},\"potentialAction\":[{\"@type\":\"SearchAction\",\"target\":{\"@type\":\"EntryPoint\",\"urlTemplate\":\"https:\\\/\\\/www.inverseteams.com\\\/en\\\/?s={search_term_string}\"},\"query-input\":{\"@type\":\"PropertyValueSpecification\",\"valueRequired\":true,\"valueName\":\"search_term_string\"}}],\"inLanguage\":\"en-US\"},{\"@type\":\"Organization\",\"@id\":\"https:\\\/\\\/www.inverseteams.com\\\/en\\\/#organization\",\"name\":\"Inverse Teams\",\"url\":\"https:\\\/\\\/www.inverseteams.com\\\/en\\\/\",\"logo\":{\"@type\":\"ImageObject\",\"inLanguage\":\"en-US\",\"@id\":\"https:\\\/\\\/www.inverseteams.com\\\/en\\\/#\\\/schema\\\/logo\\\/image\\\/\",\"url\":\"https:\\\/\\\/www.inverseteams.com\\\/wp-content\\\/uploads\\\/2021\\\/03\\\/logo-inverse-teams.png\",\"contentUrl\":\"https:\\\/\\\/www.inverseteams.com\\\/wp-content\\\/uploads\\\/2021\\\/03\\\/logo-inverse-teams.png\",\"width\":294,\"height\":99,\"caption\":\"Inverse Teams\"},\"image\":{\"@id\":\"https:\\\/\\\/www.inverseteams.com\\\/en\\\/#\\\/schema\\\/logo\\\/image\\\/\"},\"sameAs\":[\"https:\\\/\\\/www.facebook.com\\\/inverseteams\",\"http:\\\/\\\/instagram.com\\\/inverseteams\",\"https:\\\/\\\/www.linkedin.com\\\/company\\\/inverse-cirosport-s-l-?trk=job_view_topcard_company_name\",\"http:\\\/\\\/www.pinterest.com\\\/inverseteams\\\/\",\"http:\\\/\\\/www.youtube.com\\\/user\\\/inverseteams?feature=watch\"]},{\"@type\":\"Person\",\"@id\":\"https:\\\/\\\/www.inverseteams.com\\\/en\\\/#\\\/schema\\\/person\\\/8e9cda76b6449aea55a18c6b0f3a15f1\",\"name\":\"xavier\",\"image\":{\"@type\":\"ImageObject\",\"inLanguage\":\"en-US\",\"@id\":\"https:\\\/\\\/secure.gravatar.com\\\/avatar\\\/602b199a1f28e97d83ab3a8bcb642260f5afd77cb09704889d85ddd70643cddb?s=96&d=mm&r=g\",\"url\":\"https:\\\/\\\/secure.gravatar.com\\\/avatar\\\/602b199a1f28e97d83ab3a8bcb642260f5afd77cb09704889d85ddd70643cddb?s=96&d=mm&r=g\",\"contentUrl\":\"https:\\\/\\\/secure.gravatar.com\\\/avatar\\\/602b199a1f28e97d83ab3a8bcb642260f5afd77cb09704889d85ddd70643cddb?s=96&d=mm&r=g\",\"caption\":\"xavier\"}}]}<\/script>\n<!-- \/ Yoast SEO plugin. -->","yoast_head_json":{"title":"The valuable legacy of Esport Ciclista Barcelona is transferred to the Historical Archive of Barcelona. | Inverseteams","description":"Esport Ciclista Barcelona (ECB) has left a major legacy for the history of cycling in Catalonia and Spain. This legacy has recently found a new home in the Historical Archive of the City of Barcelona (HACB), marking a significant milestone in the preservation and dissemination of cycling history.","robots":{"index":"index","follow":"follow","max-snippet":"max-snippet:-1","max-image-preview":"max-image-preview:large","max-video-preview":"max-video-preview:-1"},"canonical":"https:\/\/www.inverseteams.com\/en\/blog\/el-importante-legado-del-esport-ciclista-barcelona-cedido-al-archivo-historico-de-barcelona\/","og_locale":"en_US","og_type":"article","og_title":"The valuable legacy of Esport Ciclista Barcelona is transferred to the Historical Archive of Barcelona. | Inverseteams","og_description":"Esport Ciclista Barcelona (ECB) has left a major legacy for the history of cycling in Catalonia and Spain. This legacy has recently found a new home in the Historical Archive of the City of Barcelona (HACB), marking a significant milestone in the preservation and dissemination of cycling history.","og_url":"https:\/\/www.inverseteams.com\/en\/blog\/el-importante-legado-del-esport-ciclista-barcelona-cedido-al-archivo-historico-de-barcelona\/","og_site_name":"Inverseteams","article_publisher":"https:\/\/www.facebook.com\/inverseteams","article_published_time":"2024-04-30T11:51:56+00:00","article_modified_time":"2024-05-03T12:02:42+00:00","og_image":[{"width":1024,"height":768,"url":"https:\/\/www.inverseteams.com\/wp-content\/uploads\/ARXIU_BARCELONA_LLIURAMENT_MATERIAL_04_IMG_9314-copia-1024x768.jpg","type":"image\/jpeg"}],"author":"xavier","twitter_card":"summary_large_image","twitter_misc":{"Written by":"xavier","Est. reading time":"4 minutes"},"schema":{"@context":"https:\/\/schema.org","@graph":[{"@type":"Article","@id":"https:\/\/www.inverseteams.com\/en\/blog\/el-importante-legado-del-esport-ciclista-barcelona-cedido-al-archivo-historico-de-barcelona\/#article","isPartOf":{"@id":"https:\/\/www.inverseteams.com\/en\/blog\/el-importante-legado-del-esport-ciclista-barcelona-cedido-al-archivo-historico-de-barcelona\/"},"author":{"name":"xavier","@id":"https:\/\/www.inverseteams.com\/en\/#\/schema\/person\/8e9cda76b6449aea55a18c6b0f3a15f1"},"headline":"The valuable legacy of Esport Ciclista Barcelona is transferred to the Historical Archive of Barcelona.","datePublished":"2024-04-30T11:51:56+00:00","dateModified":"2024-05-03T12:02:42+00:00","mainEntityOfPage":{"@id":"https:\/\/www.inverseteams.com\/en\/blog\/el-importante-legado-del-esport-ciclista-barcelona-cedido-al-archivo-historico-de-barcelona\/"},"wordCount":516,"commentCount":0,"publisher":{"@id":"https:\/\/www.inverseteams.com\/en\/#organization"},"image":{"@id":"https:\/\/www.inverseteams.com\/en\/blog\/el-importante-legado-del-esport-ciclista-barcelona-cedido-al-archivo-historico-de-barcelona\/#primaryimage"},"thumbnailUrl":"https:\/\/www.inverseteams.com\/wp-content\/uploads\/ARXIU_BARCELONA_LLIURAMENT_MATERIAL_04_IMG_9314-copia.jpg","keywords":["Barcelona cycling history","Catalonia cycling history","Escalada castell Montju\u00efc","Esport Ciclista Barcelona","historia ciclisme catalunya","hist\u00f2ria ciclisme espanya","Historia ciclismo catalu\u00f1a","historia ciclismo espa\u00f1a","Joaquim Sabat\u00e9","Semana Catalana Ciclismo","Setmana Catalana Ciclisme","ciclismo barcelona"],"articleSection":["Cycling"],"inLanguage":"en-US","potentialAction":[{"@type":"CommentAction","name":"Comment","target":["https:\/\/www.inverseteams.com\/en\/blog\/el-importante-legado-del-esport-ciclista-barcelona-cedido-al-archivo-historico-de-barcelona\/#respond"]}]},{"@type":"WebPage","@id":"https:\/\/www.inverseteams.com\/en\/blog\/el-importante-legado-del-esport-ciclista-barcelona-cedido-al-archivo-historico-de-barcelona\/","url":"https:\/\/www.inverseteams.com\/en\/blog\/el-importante-legado-del-esport-ciclista-barcelona-cedido-al-archivo-historico-de-barcelona\/","name":"The valuable legacy of Esport Ciclista Barcelona is transferred to the Historical Archive of Barcelona. | Inverseteams","isPartOf":{"@id":"https:\/\/www.inverseteams.com\/en\/#website"},"primaryImageOfPage":{"@id":"https:\/\/www.inverseteams.com\/en\/blog\/el-importante-legado-del-esport-ciclista-barcelona-cedido-al-archivo-historico-de-barcelona\/#primaryimage"},"image":{"@id":"https:\/\/www.inverseteams.com\/en\/blog\/el-importante-legado-del-esport-ciclista-barcelona-cedido-al-archivo-historico-de-barcelona\/#primaryimage"},"thumbnailUrl":"https:\/\/www.inverseteams.com\/wp-content\/uploads\/ARXIU_BARCELONA_LLIURAMENT_MATERIAL_04_IMG_9314-copia.jpg","datePublished":"2024-04-30T11:51:56+00:00","dateModified":"2024-05-03T12:02:42+00:00","description":"Esport Ciclista Barcelona (ECB) has left a major legacy for the history of cycling in Catalonia and Spain. This legacy has recently found a new home in the Historical Archive of the City of Barcelona (HACB), marking a significant milestone in the preservation and dissemination of cycling history.","breadcrumb":{"@id":"https:\/\/www.inverseteams.com\/en\/blog\/el-importante-legado-del-esport-ciclista-barcelona-cedido-al-archivo-historico-de-barcelona\/#breadcrumb"},"inLanguage":"en-US","potentialAction":[{"@type":"ReadAction","target":["https:\/\/www.inverseteams.com\/en\/blog\/el-importante-legado-del-esport-ciclista-barcelona-cedido-al-archivo-historico-de-barcelona\/"]}]},{"@type":"ImageObject","inLanguage":"en-US","@id":"https:\/\/www.inverseteams.com\/en\/blog\/el-importante-legado-del-esport-ciclista-barcelona-cedido-al-archivo-historico-de-barcelona\/#primaryimage","url":"https:\/\/www.inverseteams.com\/wp-content\/uploads\/ARXIU_BARCELONA_LLIURAMENT_MATERIAL_04_IMG_9314-copia.jpg","contentUrl":"https:\/\/www.inverseteams.com\/wp-content\/uploads\/ARXIU_BARCELONA_LLIURAMENT_MATERIAL_04_IMG_9314-copia.jpg","width":4032,"height":3024},{"@type":"BreadcrumbList","@id":"https:\/\/www.inverseteams.com\/en\/blog\/el-importante-legado-del-esport-ciclista-barcelona-cedido-al-archivo-historico-de-barcelona\/#breadcrumb","itemListElement":[{"@type":"ListItem","position":1,"name":"Portada","item":"https:\/\/www.inverseteams.com\/en\/pagina-principal\/"},{"@type":"ListItem","position":2,"name":"The valuable legacy of Esport Ciclista Barcelona is transferred to the Historical Archive of Barcelona."}]},{"@type":"WebSite","@id":"https:\/\/www.inverseteams.com\/en\/#website","url":"https:\/\/www.inverseteams.com\/en\/","name":"Inverseteams","description":"Tu marca de ropa deportiva personalizada","publisher":{"@id":"https:\/\/www.inverseteams.com\/en\/#organization"},"potentialAction":[{"@type":"SearchAction","target":{"@type":"EntryPoint","urlTemplate":"https:\/\/www.inverseteams.com\/en\/?s={search_term_string}"},"query-input":{"@type":"PropertyValueSpecification","valueRequired":true,"valueName":"search_term_string"}}],"inLanguage":"en-US"},{"@type":"Organization","@id":"https:\/\/www.inverseteams.com\/en\/#organization","name":"Inverse Teams","url":"https:\/\/www.inverseteams.com\/en\/","logo":{"@type":"ImageObject","inLanguage":"en-US","@id":"https:\/\/www.inverseteams.com\/en\/#\/schema\/logo\/image\/","url":"https:\/\/www.inverseteams.com\/wp-content\/uploads\/2021\/03\/logo-inverse-teams.png","contentUrl":"https:\/\/www.inverseteams.com\/wp-content\/uploads\/2021\/03\/logo-inverse-teams.png","width":294,"height":99,"caption":"Inverse Teams"},"image":{"@id":"https:\/\/www.inverseteams.com\/en\/#\/schema\/logo\/image\/"},"sameAs":["https:\/\/www.facebook.com\/inverseteams","http:\/\/instagram.com\/inverseteams","https:\/\/www.linkedin.com\/company\/inverse-cirosport-s-l-?trk=job_view_topcard_company_name","http:\/\/www.pinterest.com\/inverseteams\/","http:\/\/www.youtube.com\/user\/inverseteams?feature=watch"]},{"@type":"Person","@id":"https:\/\/www.inverseteams.com\/en\/#\/schema\/person\/8e9cda76b6449aea55a18c6b0f3a15f1","name":"xavier","image":{"@type":"ImageObject","inLanguage":"en-US","@id":"https:\/\/secure.gravatar.com\/avatar\/602b199a1f28e97d83ab3a8bcb642260f5afd77cb09704889d85ddd70643cddb?s=96&d=mm&r=g","url":"https:\/\/secure.gravatar.com\/avatar\/602b199a1f28e97d83ab3a8bcb642260f5afd77cb09704889d85ddd70643cddb?s=96&d=mm&r=g","contentUrl":"https:\/\/secure.gravatar.com\/avatar\/602b199a1f28e97d83ab3a8bcb642260f5afd77cb09704889d85ddd70643cddb?s=96&d=mm&r=g","caption":"xavier"}}]}},"_links":{"self":[{"href":"https:\/\/www.inverseteams.com\/en\/wp-json\/wp\/v2\/posts\/199255","targetHints":{"allow":["GET"]}}],"collection":[{"href":"https:\/\/www.inverseteams.com\/en\/wp-json\/wp\/v2\/posts"}],"about":[{"href":"https:\/\/www.inverseteams.com\/en\/wp-json\/wp\/v2\/types\/post"}],"author":[{"embeddable":true,"href":"https:\/\/www.inverseteams.com\/en\/wp-json\/wp\/v2\/users\/12"}],"replies":[{"embeddable":true,"href":"https:\/\/www.inverseteams.com\/en\/wp-json\/wp\/v2\/comments?post=199255"}],"version-history":[{"count":0,"href":"https:\/\/www.inverseteams.com\/en\/wp-json\/wp\/v2\/posts\/199255\/revisions"}],"wp:featuredmedia":[{"embeddable":true,"href":"https:\/\/www.inverseteams.com\/en\/wp-json\/wp\/v2\/media\/198864"}],"wp:attachment":[{"href":"https:\/\/www.inverseteams.com\/en\/wp-json\/wp\/v2\/media?parent=199255"}],"wp:term":[{"taxonomy":"category","embeddable":true,"href":"https:\/\/www.inverseteams.com\/en\/wp-json\/wp\/v2\/categories?post=199255"},{"taxonomy":"post_tag","embeddable":true,"href":"https:\/\/www.inverseteams.com\/en\/wp-json\/wp\/v2\/tags?post=199255"}],"curies":[{"name":"wp","href":"https:\/\/api.w.org\/{rel}","templated":true}]}}