{"id":279954,"date":"2026-03-13T11:10:45","date_gmt":"2026-03-13T10:10:45","guid":{"rendered":"https:\/\/www.inverseteams.com\/blog\/massi-mtb-racing-team-2026-una-alianza-imbatible-con-inverse-y-un-nuevo-rugido-en-rojo\/"},"modified":"2026-03-13T12:52:41","modified_gmt":"2026-03-13T11:52:41","slug":"massi-mtb-racing-team-2026-una-alianza-imbatible-con-inverse-y-un-nuevo-rugido-en-rojo","status":"publish","type":"post","link":"https:\/\/www.inverseteams.com\/de\/blog\/massi-mtb-racing-team-2026-una-alianza-imbatible-con-inverse-y-un-nuevo-rugido-en-rojo\/","title":{"rendered":"Massi MTB Racing Team 2026: eine unschlagbare Allianz mit Inverse und ein neues Br\u00fcllen in Rot"},"content":{"rendered":"\n<figure class=\"wp-block-image size-large\"><img loading=\"lazy\" decoding=\"async\" width=\"1024\" height=\"683\" src=\"https:\/\/www.inverseteams.com\/wp-content\/uploads\/INVERSE-EQUIPO-CICLISMO-BTT-MASSI-2026-001-1024x683.jpg\" alt=\"\" class=\"wp-image-279898\" srcset=\"https:\/\/www.inverseteams.com\/wp-content\/uploads\/INVERSE-EQUIPO-CICLISMO-BTT-MASSI-2026-001-1024x683.jpg 1024w, https:\/\/www.inverseteams.com\/wp-content\/uploads\/INVERSE-EQUIPO-CICLISMO-BTT-MASSI-2026-001-300x200.jpg 300w, https:\/\/www.inverseteams.com\/wp-content\/uploads\/INVERSE-EQUIPO-CICLISMO-BTT-MASSI-2026-001-768x512.jpg 768w, https:\/\/www.inverseteams.com\/wp-content\/uploads\/INVERSE-EQUIPO-CICLISMO-BTT-MASSI-2026-001-1536x1024.jpg 1536w, https:\/\/www.inverseteams.com\/wp-content\/uploads\/INVERSE-EQUIPO-CICLISMO-BTT-MASSI-2026-001-420x280.jpg 420w, https:\/\/www.inverseteams.com\/wp-content\/uploads\/INVERSE-EQUIPO-CICLISMO-BTT-MASSI-2026-001-64x43.jpg 64w, https:\/\/www.inverseteams.com\/wp-content\/uploads\/INVERSE-EQUIPO-CICLISMO-BTT-MASSI-2026-001.jpg 1920w\" sizes=\"auto, (max-width: 1024px) 100vw, 1024px\" \/><\/figure>\n\n\n<div class=\"wrapper-heading\">\n<h2 class=\"wp-block-heading\">Die internationale Mountainbike-Szene bereitet sich auf eine spannende Saison vor. Nach Jahren gemeinsamer Erfolge wird die Partnerschaft zwischen Massi und Inverse im Jahr 2026 mit einem erneuerten Team, ehrgeizigen Zielen und einem neuen Look weiter gefestigt, der der reinsten Identit\u00e4t der traditionsreichen Fahrradmarke Tribut zollt: ihrem charakteristischen Rot.<\/h2>\n<\/div>\n\n<div class=\"wrapper-heading\">\n<h3 class=\"wp-block-heading\">In diesem Artikel werfen wir einen Blick auf das neue Aufgebot des Massi MTB Racing Teams, die Innovationen in der technischen Bekleidung und warum diese Allianz weiterhin ein Ma\u00dfstab im UCI Cross-Country-Zirkus ist.<\/h3>\n<\/div>\n\n\n<figure class=\"wp-block-embed is-type-video is-provider-youtube wp-block-embed-youtube wp-embed-aspect-16-9 wp-has-aspect-ratio\"><div class=\"wp-block-embed__wrapper\">\n<iframe loading=\"lazy\" title=\"Massi MTB Racing Team 2026\" width=\"640\" height=\"360\" src=\"https:\/\/www.youtube.com\/embed\/xP7GvX9xwWQ?feature=oembed&#038;enablejsapi=1&#038;origin=https:\/\/www.inverseteams.com\" frameborder=\"0\" allow=\"accelerometer; autoplay; clipboard-write; encrypted-media; gyroscope; picture-in-picture; web-share\" referrerpolicy=\"strict-origin-when-cross-origin\" allowfullscreen><\/iframe>\n<\/div><\/figure>\n\n\n\n<figure class=\"wp-block-image size-large\"><img loading=\"lazy\" decoding=\"async\" width=\"1024\" height=\"683\" src=\"https:\/\/www.inverseteams.com\/wp-content\/uploads\/INVERSE-EQUIPO-CICLISMO-BTT-MASSI-2026-002-1024x683.jpg\" alt=\"\" class=\"wp-image-279903\" srcset=\"https:\/\/www.inverseteams.com\/wp-content\/uploads\/INVERSE-EQUIPO-CICLISMO-BTT-MASSI-2026-002-1024x683.jpg 1024w, https:\/\/www.inverseteams.com\/wp-content\/uploads\/INVERSE-EQUIPO-CICLISMO-BTT-MASSI-2026-002-300x200.jpg 300w, https:\/\/www.inverseteams.com\/wp-content\/uploads\/INVERSE-EQUIPO-CICLISMO-BTT-MASSI-2026-002-768x512.jpg 768w, https:\/\/www.inverseteams.com\/wp-content\/uploads\/INVERSE-EQUIPO-CICLISMO-BTT-MASSI-2026-002-1536x1024.jpg 1536w, https:\/\/www.inverseteams.com\/wp-content\/uploads\/INVERSE-EQUIPO-CICLISMO-BTT-MASSI-2026-002-420x280.jpg 420w, https:\/\/www.inverseteams.com\/wp-content\/uploads\/INVERSE-EQUIPO-CICLISMO-BTT-MASSI-2026-002-64x43.jpg 64w, https:\/\/www.inverseteams.com\/wp-content\/uploads\/INVERSE-EQUIPO-CICLISMO-BTT-MASSI-2026-002.jpg 1920w\" sizes=\"auto, (max-width: 1024px) 100vw, 1024px\" \/><\/figure>\n\n\n<div class=\"wrapper-heading\">\n<h3 class=\"wp-block-heading\"><strong>Eine neue \u00c4sthetik: die Kraft des Massi-Rots<\/strong><\/h3>\n<\/div>\n\n\n<p>Was beim ersten Blick auf das Team in dieser Saison sofort auff\u00e4llt, ist seine visuelle Wirkung. <a href=\"https:\/\/www.inverseteams.com\/de\/individuelle-radsportbekleidung-in-4-wochen\/?utm_source=Blog&#038;utm_medium=blog&#038;utm_campaign=BL-026%2F26+Massi+MTB+Racing+Team+2026+DE&#038;utm_id=BL-026%2F26+Massi+MTB+Racing+Team+2026+DE&#038;utm_term=Massi+MTB+Racing+Team+2026+DE&#038;utm_content=Massi+MTB+Racing+Team+2026+DE\" type=\"link\" id=\"https:\/\/www.inverseteams.com\/de\/individuelle-radsportbekleidung-in-4-wochen\/?utm_source=Blog&amp;utm_medium=blog&amp;utm_campaign=BL-026%2F26+Massi+MTB+Racing+Team+2026+DE&amp;utm_id=BL-026%2F26+Massi+MTB+Racing+Team+2026+DE&amp;utm_term=Massi+MTB+Racing+Team+2026+DE&amp;utm_content=Massi+MTB+Racing+Team+2026+DE\">Das neue von <strong>Inverse<\/strong> entworfene Outfit <\/a>stellt einen deutlichen Designschritt dar und integriert das <strong>charakteristische <a href=\"https:\/\/www.massi.bike\/en\/\" type=\"link\" id=\"https:\/\/www.massi.bike\/en\/\">Massi<\/a>-Rot besonders kraftvoll.<\/strong><\/p>\n\n\n\n<p><strong>Dieser Wandel ist nicht nur \u00e4sthetischer Natur; er steht f\u00fcr Leidenschaft, Dynamik und den Wettkampfgeist der Marke.<\/strong><\/p>\n\n\n\n<figure class=\"wp-block-image size-large\"><img loading=\"lazy\" decoding=\"async\" width=\"1024\" height=\"683\" src=\"https:\/\/www.inverseteams.com\/wp-content\/uploads\/INVERSE-EQUIPO-CICLISMO-BTT-MASSI-2026-003-1024x683.jpg\" alt=\"\" class=\"wp-image-279908\" srcset=\"https:\/\/www.inverseteams.com\/wp-content\/uploads\/INVERSE-EQUIPO-CICLISMO-BTT-MASSI-2026-003-1024x683.jpg 1024w, https:\/\/www.inverseteams.com\/wp-content\/uploads\/INVERSE-EQUIPO-CICLISMO-BTT-MASSI-2026-003-300x200.jpg 300w, https:\/\/www.inverseteams.com\/wp-content\/uploads\/INVERSE-EQUIPO-CICLISMO-BTT-MASSI-2026-003-768x512.jpg 768w, https:\/\/www.inverseteams.com\/wp-content\/uploads\/INVERSE-EQUIPO-CICLISMO-BTT-MASSI-2026-003-1536x1024.jpg 1536w, https:\/\/www.inverseteams.com\/wp-content\/uploads\/INVERSE-EQUIPO-CICLISMO-BTT-MASSI-2026-003-420x280.jpg 420w, https:\/\/www.inverseteams.com\/wp-content\/uploads\/INVERSE-EQUIPO-CICLISMO-BTT-MASSI-2026-003-64x43.jpg 64w, https:\/\/www.inverseteams.com\/wp-content\/uploads\/INVERSE-EQUIPO-CICLISMO-BTT-MASSI-2026-003.jpg 1920w\" sizes=\"auto, (max-width: 1024px) 100vw, 1024px\" \/><\/figure>\n\n\n<div class=\"wrapper-heading\">\n<h3 class=\"wp-block-heading\"><strong>Das \u201cDream Team\u201d 2026: Talent, Jugend und Erfahrung<\/strong><\/h3>\n<\/div>\n\n\n<p>Der Kader des Massi MTB Racing Teams f\u00fcr diese Saison geh\u00f6rt zu den ausgewogensten und st\u00e4rksten seiner Geschichte.<\/p>\n\n\n<div class=\"wrapper-heading\">\n<h4 class=\"wp-block-heading\"><strong>Elite Herren<\/strong><\/h4>\n<\/div>\n\n\n<ul class=\"wp-block-list\">\n<li><strong>Gerardo Ulloa<\/strong> (28 Jahre): Der mexikanische Star kommt mit einer beeindruckenden Erfolgsbilanz, darunter ein Weltcupsieg, acht Kontinentalmeistertitel und elf nationale Titel. Er ist die Speerspitze der Rennen in Amerika und der World Series.<\/li>\n\n\n\n<li><strong>Antoine Philipp<\/strong> (27 Jahre): Der franz\u00f6sische Fahrer mit sechs Weltcup-Podiumspl\u00e4tzen bringt die n\u00f6tige Konstanz und Technik mit, um auf den anspruchsvollsten europ\u00e4ischen Strecken zu gl\u00e4nzen.<\/li>\n\n\n\n<li><strong>Mats Tubaas Glende<\/strong> (25 Jahre): Der Norweger setzt seinen Aufw\u00e4rtstrend fort, untermauert durch zwei Weltcup-Podiumspl\u00e4tze und seine Dominanz bei den nationalen Meisterschaften seines Landes.<\/li>\n\n\n\n<li><strong>Jaume Bosch<\/strong> (24 Jahre): Ein nationales Talent, das bereits spanische Meisterschaften (Cross-Eisenbahn) gewonnen hat und sich in der internationalen Eliteklasse etablieren will.<\/li>\n<\/ul>\n\n\n\n<figure class=\"wp-block-image size-large\"><img loading=\"lazy\" decoding=\"async\" width=\"1024\" height=\"683\" src=\"https:\/\/www.inverseteams.com\/wp-content\/uploads\/INVERSE-EQUIPO-CICLISMO-BTT-MASSI-2026-004-1024x683.jpg\" alt=\"\" class=\"wp-image-279913\" srcset=\"https:\/\/www.inverseteams.com\/wp-content\/uploads\/INVERSE-EQUIPO-CICLISMO-BTT-MASSI-2026-004-1024x683.jpg 1024w, https:\/\/www.inverseteams.com\/wp-content\/uploads\/INVERSE-EQUIPO-CICLISMO-BTT-MASSI-2026-004-300x200.jpg 300w, https:\/\/www.inverseteams.com\/wp-content\/uploads\/INVERSE-EQUIPO-CICLISMO-BTT-MASSI-2026-004-768x512.jpg 768w, https:\/\/www.inverseteams.com\/wp-content\/uploads\/INVERSE-EQUIPO-CICLISMO-BTT-MASSI-2026-004-1536x1024.jpg 1536w, https:\/\/www.inverseteams.com\/wp-content\/uploads\/INVERSE-EQUIPO-CICLISMO-BTT-MASSI-2026-004-420x280.jpg 420w, https:\/\/www.inverseteams.com\/wp-content\/uploads\/INVERSE-EQUIPO-CICLISMO-BTT-MASSI-2026-004-64x43.jpg 64w, https:\/\/www.inverseteams.com\/wp-content\/uploads\/INVERSE-EQUIPO-CICLISMO-BTT-MASSI-2026-004.jpg 1920w\" sizes=\"auto, (max-width: 1024px) 100vw, 1024px\" \/><\/figure>\n\n\n<div class=\"wrapper-heading\">\n<h4 class=\"wp-block-heading\"><strong>Elite Damen<\/strong><\/h4>\n<\/div>\n\n\n<ul class=\"wp-block-list\">\n<li><strong>Yana Belomoina<\/strong> (32 Jahre): Eine wahre Legende des Mountainbike-Sports. Die Ukrainerin f\u00fchrt das Damenteam mit 10 Weltcupsiegen und 34 Podiumspl\u00e4tzen an und ist zudem mehrfache Kontinental- und nationale Meisterin.<\/li>\n\n\n\n<li><strong>Monserrath Rodr\u00edguez<\/strong> (26 Jahre): Die amtierende Kontinentalmeisterin bringt frischen Wind und konstante Leistungen in die amerikanische und europ\u00e4ische Serie.<\/li>\n\n\n\n<li><strong>N\u00faria Bosch<\/strong> (26 Jahre): Eine Schl\u00fcsselspielerin im Nationalteam, nationale Meisterin und regelm\u00e4\u00dfige Podiumsplatzierung im spanischen und katalanischen Pokal.<\/li>\n<\/ul>\n\n\n\n<figure class=\"wp-block-image size-large\"><img loading=\"lazy\" decoding=\"async\" width=\"1024\" height=\"683\" src=\"https:\/\/www.inverseteams.com\/wp-content\/uploads\/INVERSE-EQUIPO-CICLISMO-BTT-MASSI-2026-005-1024x683.jpg\" alt=\"\" class=\"wp-image-279918\" srcset=\"https:\/\/www.inverseteams.com\/wp-content\/uploads\/INVERSE-EQUIPO-CICLISMO-BTT-MASSI-2026-005-1024x683.jpg 1024w, https:\/\/www.inverseteams.com\/wp-content\/uploads\/INVERSE-EQUIPO-CICLISMO-BTT-MASSI-2026-005-300x200.jpg 300w, https:\/\/www.inverseteams.com\/wp-content\/uploads\/INVERSE-EQUIPO-CICLISMO-BTT-MASSI-2026-005-768x512.jpg 768w, https:\/\/www.inverseteams.com\/wp-content\/uploads\/INVERSE-EQUIPO-CICLISMO-BTT-MASSI-2026-005-1536x1024.jpg 1536w, https:\/\/www.inverseteams.com\/wp-content\/uploads\/INVERSE-EQUIPO-CICLISMO-BTT-MASSI-2026-005-420x280.jpg 420w, https:\/\/www.inverseteams.com\/wp-content\/uploads\/INVERSE-EQUIPO-CICLISMO-BTT-MASSI-2026-005-64x43.jpg 64w, https:\/\/www.inverseteams.com\/wp-content\/uploads\/INVERSE-EQUIPO-CICLISMO-BTT-MASSI-2026-005.jpg 1920w\" sizes=\"auto, (max-width: 1024px) 100vw, 1024px\" \/><\/figure>\n\n\n<div class=\"wrapper-heading\">\n<h4 class=\"wp-block-heading\"><strong>U23 Talente<\/strong><\/h4>\n<\/div>\n\n\n<p>Die Zukunft sieht vielversprechend aus, denn zwei Fahrer machen in der U23-Kategorie bereits von sich reden:<\/p>\n\n\n\n<p><strong>\u00b7 Nathan Cornillon <\/strong>(21 Jahre): Er steht regelm\u00e4\u00dfig auf dem Podium im franz\u00f6sischen Pokal und zeigte eine starke Leistung im Weltcup in Haute-Savoie.<\/p>\n\n\n\n<p><strong>\u00b7 Marta Cano <\/strong>(20 Jahre): Mit zwei Weltcup-Podiumspl\u00e4tzen und f\u00fcnf nationalen Titeln z\u00e4hlt Marta zu den vielversprechendsten Radsportlerinnen des Teams und brilliert trotz ihres jungen Alters bereits in Elite-Rennen.<\/p>\n\n\n\n<figure class=\"wp-block-image size-large\"><img loading=\"lazy\" decoding=\"async\" width=\"1024\" height=\"683\" src=\"https:\/\/www.inverseteams.com\/wp-content\/uploads\/INVERSE-EQUIPO-CICLISMO-BTT-MASSI-2026-006-1024x683.jpg\" alt=\"\" class=\"wp-image-279923\" srcset=\"https:\/\/www.inverseteams.com\/wp-content\/uploads\/INVERSE-EQUIPO-CICLISMO-BTT-MASSI-2026-006-1024x683.jpg 1024w, https:\/\/www.inverseteams.com\/wp-content\/uploads\/INVERSE-EQUIPO-CICLISMO-BTT-MASSI-2026-006-300x200.jpg 300w, https:\/\/www.inverseteams.com\/wp-content\/uploads\/INVERSE-EQUIPO-CICLISMO-BTT-MASSI-2026-006-768x512.jpg 768w, https:\/\/www.inverseteams.com\/wp-content\/uploads\/INVERSE-EQUIPO-CICLISMO-BTT-MASSI-2026-006-1536x1024.jpg 1536w, https:\/\/www.inverseteams.com\/wp-content\/uploads\/INVERSE-EQUIPO-CICLISMO-BTT-MASSI-2026-006-420x280.jpg 420w, https:\/\/www.inverseteams.com\/wp-content\/uploads\/INVERSE-EQUIPO-CICLISMO-BTT-MASSI-2026-006-64x43.jpg 64w, https:\/\/www.inverseteams.com\/wp-content\/uploads\/INVERSE-EQUIPO-CICLISMO-BTT-MASSI-2026-006.jpg 1920w\" sizes=\"auto, (max-width: 1024px) 100vw, 1024px\" \/><\/figure>\n\n\n<div class=\"wrapper-heading\">\n<h3 class=\"wp-block-heading\"><strong>Inverse und Massi: Technologie im Dienst der Performance<\/strong><\/h3>\n<\/div>\n\n\n<p>Um in anspruchsvollen Disziplinen wie XCO und XCC erfolgreich zu sein, <strong><a href=\"https:\/\/www.inverseteams.com\/de\/individuelle-radsportbekleidung-in-4-wochen\/?utm_source=Blog&#038;utm_medium=blog&#038;utm_campaign=BL-026%2F26+Massi+MTB+Racing+Team+2026+DE&#038;utm_id=BL-026%2F26+Massi+MTB+Racing+Team+2026+DE&#038;utm_term=Massi+MTB+Racing+Team+2026+DE&#038;utm_content=Massi+MTB+Racing+Team+2026+DE\" type=\"link\" id=\"https:\/\/www.inverseteams.com\/de\/individuelle-radsportbekleidung-in-4-wochen\/?utm_source=Blog&amp;utm_medium=blog&amp;utm_campaign=BL-026%2F26+Massi+MTB+Racing+Team+2026+DE&amp;utm_id=BL-026%2F26+Massi+MTB+Racing+Team+2026+DE&amp;utm_term=Massi+MTB+Racing+Team+2026+DE&amp;utm_content=Massi+MTB+Racing+Team+2026+DE\">spielt technische Bekleidung eine entscheidende Rolle<\/a><\/strong>. F\u00fcr das Team 2026 hat Inverse Bekleidung aus <strong>modernsten Materialien entwickelt<\/strong>, die f\u00fcr maximale Intensit\u00e4t optimiert sind.<\/p>\n\n\n\n<p>Das neue Outfit besticht nicht nur durch seine leuchtend <strong>rote Farbe<\/strong>, sondern auch durch seine ergonomische Passform, die absolute Bewegungsfreiheit erm\u00f6glicht \u2013 ein entscheidender Vorteil bei technisch anspruchsvollen Abfahrten oder explosiven Anstiegen auf Strecken wie denen des <strong>UCI MTB World Cups<\/strong>.<\/p>\n\n\n\n<figure class=\"wp-block-image size-large\"><img loading=\"lazy\" decoding=\"async\" width=\"1024\" height=\"683\" src=\"https:\/\/www.inverseteams.com\/wp-content\/uploads\/INVERSE-EQUIPO-CICLISMO-BTT-MASSI-2026-007-1024x683.jpg\" alt=\"\" class=\"wp-image-279928\" srcset=\"https:\/\/www.inverseteams.com\/wp-content\/uploads\/INVERSE-EQUIPO-CICLISMO-BTT-MASSI-2026-007-1024x683.jpg 1024w, https:\/\/www.inverseteams.com\/wp-content\/uploads\/INVERSE-EQUIPO-CICLISMO-BTT-MASSI-2026-007-300x200.jpg 300w, https:\/\/www.inverseteams.com\/wp-content\/uploads\/INVERSE-EQUIPO-CICLISMO-BTT-MASSI-2026-007-768x512.jpg 768w, https:\/\/www.inverseteams.com\/wp-content\/uploads\/INVERSE-EQUIPO-CICLISMO-BTT-MASSI-2026-007-1536x1024.jpg 1536w, https:\/\/www.inverseteams.com\/wp-content\/uploads\/INVERSE-EQUIPO-CICLISMO-BTT-MASSI-2026-007-420x280.jpg 420w, https:\/\/www.inverseteams.com\/wp-content\/uploads\/INVERSE-EQUIPO-CICLISMO-BTT-MASSI-2026-007-64x43.jpg 64w, https:\/\/www.inverseteams.com\/wp-content\/uploads\/INVERSE-EQUIPO-CICLISMO-BTT-MASSI-2026-007.jpg 1920w\" sizes=\"auto, (max-width: 1024px) 100vw, 1024px\" \/><\/figure>\n\n\n<div class=\"wrapper-heading\">\n<h3 class=\"wp-block-heading\"><strong>Eine Gewinner-Allianz<\/strong><\/h3>\n<\/div>\n\n\n<p><strong>Das Massi MTB Racing Team 2026 ist nicht nur ein Team \u2013 es ist ein klares Statement.<\/strong> Mit der Unterst\u00fctzung von Inverse vereint diese Partnerschaft die starke Tradition der katalanischen Marke Massi mit der textilen Innovation von Inverse.<\/p>\n\n\n\n<p>In dieser Saison ist Rot mehr als nur eine Farbe \u2013 es ist das Symbol f\u00fcr Erfolg auf jedem Trail und in jedem Rennen.<\/p>\n\n\n\n<div class=\"wp-block-buttons is-layout-flex wp-block-buttons-is-layout-flex\">\n<div class=\"wp-block-button\"><a class=\"wp-block-button__link wp-element-button\" href=\"https:\/\/www.inverseteams.com\/de\/individuelle-radsportbekleidung-in-4-wochen\/?utm_source=Blog&#038;utm_medium=blog&#038;utm_campaign=BL-026%2F26+Massi+MTB+Racing+Team+2026+DE&#038;utm_id=BL-026%2F26+Massi+MTB+Racing+Team+2026+DE&#038;utm_term=Massi+MTB+Racing+Team+2026+DE&#038;utm_content=Massi+MTB+Racing+Team+2026+DE\"><strong>Custom Cycling<\/strong><\/a><\/div>\n<\/div>\n\n\n\n<p><\/p>\n","protected":false},"excerpt":{"rendered":"<p>Die internationale Mountainbike-Szene bereitet sich auf eine spannende Saison vor. Nach Jahren gemeinsamer Erfolge wird die Partnerschaft zwischen Massi und Inverse im Jahr 2026 mit einem erneuerten Team, ehrgeizigen Zielen und einem neuen Look weiter gefestigt, der der reinsten Identit\u00e4t der traditionsreichen Fahrradmarke Tribut zollt: ihrem charakteristischen Rot. In diesem Artikel werfen wir einen Blick [&hellip;]<\/p>\n","protected":false},"author":12,"featured_media":279902,"comment_status":"open","ping_status":"open","sticky":false,"template":"","format":"standard","meta":{"_acf_changed":false,"mc4wp_mailchimp_campaign":[],"footnotes":""},"categories":[11542],"tags":[19513,22979,22995,23011,23027,19535,22980,22996,23012,23028,21101,22981,22997,23013,23029,21102,22982,22998,23014,23030,21117,22983,22999,23015,23031,21120,22984,23000,23016,23032,11851,21127,22985,23001,23017,23033,11904,22509,22986,23002,23018,23034,11905,22518,22987,23003,23019,23035,12382,22522,22988,23004,23020,12383,22569,22989,23005,23021,17207,22667,22990,23006,23022,17336,22670,22991,23007,23023,19409,22976,22992,23008,23024,19501,22977,22993,23009,23025,19506,22978,22994,23010,23026],"class_list":["post-279954","post","type-post","status-publish","format-standard","has-post-thumbnail","hentry","category-radfahren","tag-technische-radbekleidung-de","tag-competicio-mtb","tag-equip-mtb-massi","tag-massi-mtb-racing-team","tag-riders-mtb","tag-vetements-techniques-cyclisme-de","tag-competicion-mtb","tag-equip-professional-mtb","tag-mountain-bike-athletes","tag-technical-cycling-apparel","tag-inverse-cycling-apparel","tag-competition-vtt","tag-equipacio-mtb","tag-mountain-bike-racing","tag-uci-mtb-world-cup","tag-inverse-radsportbekleidung","tag-copa-del-mon-mtb","tag-equipacion-mtb","tag-mountainbike-athleten","tag-xcc-short-track","tag-roba-ciclisme-inverse","tag-copa-del-mundo-mtb","tag-equipe-massi-2026","tag-mountainbike-rennen","tag-xcc-short-track-vtt","tag-ropa-ciclismo-inverse","tag-coupe-du-monde-vtt","tag-equipe-mtb-massi","tag-mtb-competition-team","tag-xco-mountain-bike","tag-massi-mtb-team-de","tag-vetements-cyclisme-inverse","tag-coureurs-vtt","tag-equipe-professionnelle-vtt","tag-mtb-race-clothing","tag-xco-mountain-bike-racing","tag-inverse-ciclisme-2-de","tag-custom-cycling-kit","tag-cross-country-mountain-bike","tag-equipe-vtt-internationale","tag-mtb-racing-apparel","tag-xco-mountainbike-rennen","tag-inverse-ciclismo-2-de","tag-equipacio-ciclisme-personalitzada","tag-cross-country-mountainbike","tag-equipement-vtt-competition","tag-mtb-racing-team","tag-xco-vtt","tag-roba-ciclisme-personalitzada-de","tag-equipacion-ciclismo-personalizada","tag-cross-country-mtb","tag-equipement-vtt-racing","tag-mtb-rennteam","tag-ropa-ciclismo-personalizada-de","tag-tenue-cyclisme-personnalisee","tag-cross-country-vtt","tag-equipo-massi-2026","tag-mtb-weltcup","tag-custom-cycling-clothing-de","tag-mtb-rennbekleidung","tag-cyclisme-tout-terrain-2","tag-equipo-mtb-internacional","tag-mtb-wettkampfteam","tag-vetements-cyclisme-personnalises-de","tag-personalisierte-radsportbekleidung","tag-elite-mtb-fahrer","tag-equipo-mtb-massi","tag-mtb-world-cup","tag-ciclisme-de-muntanya-de","tag-ciclisme-professional","tag-elite-mtb-riders","tag-equipo-profesional-mtb","tag-personalisierte-radtrikots","tag-roba-tecnica-ciclisme-de","tag-ciclismo-de-montana","tag-equip-massi-2026","tag-massi-bikes-racing-team","tag-professional-mtb-team","tag-ropa-tecnica-ciclismo-de","tag-ciclismo-profesional","tag-equip-mtb-internacional","tag-massi-bikes-team","tag-professionelles-mtb-team"],"acf":[],"yoast_head":"<!-- This site is optimized with the Yoast SEO plugin v27.3 - https:\/\/yoast.com\/product\/yoast-seo-wordpress\/ -->\n<title>Massi MTB Racing Team 2026: eine unschlagbare Allianz mit Inverse und ein neues Br\u00fcllen in Rot | Inverseteams<\/title>\n<meta name=\"description\" content=\"Die internationale Mountainbike-Szene bereitet sich auf eine spannende Saison vor. Nach Jahren gemeinsamer Erfolge wird die Partnerschaft zwischen Massi und Inverse im Jahr 2026 mit einem erneuerten Team, ehrgeizigen Zielen und einem neuen Look weiter gefestigt, der der reinsten Identit\u00e4t der traditionsreichen Fahrradmarke Tribut zollt: ihrem charakteristischen Rot.\" \/>\n<meta name=\"robots\" content=\"index, follow, max-snippet:-1, max-image-preview:large, max-video-preview:-1\" \/>\n<link rel=\"canonical\" href=\"https:\/\/www.inverseteams.com\/de\/blog\/massi-mtb-racing-team-2026-una-alianza-imbatible-con-inverse-y-un-nuevo-rugido-en-rojo\/\" \/>\n<meta property=\"og:locale\" content=\"de_DE\" \/>\n<meta property=\"og:type\" content=\"article\" \/>\n<meta property=\"og:title\" content=\"Massi MTB Racing Team 2026: eine unschlagbare Allianz mit Inverse und ein neues Br\u00fcllen in Rot | Inverseteams\" \/>\n<meta property=\"og:description\" content=\"Die internationale Mountainbike-Szene bereitet sich auf eine spannende Saison vor. Nach Jahren gemeinsamer Erfolge wird die Partnerschaft zwischen Massi und Inverse im Jahr 2026 mit einem erneuerten Team, ehrgeizigen Zielen und einem neuen Look weiter gefestigt, der der reinsten Identit\u00e4t der traditionsreichen Fahrradmarke Tribut zollt: ihrem charakteristischen Rot.\" \/>\n<meta property=\"og:url\" content=\"https:\/\/www.inverseteams.com\/de\/blog\/massi-mtb-racing-team-2026-una-alianza-imbatible-con-inverse-y-un-nuevo-rugido-en-rojo\/\" \/>\n<meta property=\"og:site_name\" content=\"Inverseteams\" \/>\n<meta property=\"article:publisher\" content=\"https:\/\/www.facebook.com\/inverseteams\" \/>\n<meta property=\"article:published_time\" content=\"2026-03-13T10:10:45+00:00\" \/>\n<meta property=\"article:modified_time\" content=\"2026-03-13T11:52:41+00:00\" \/>\n<meta property=\"og:image\" content=\"https:\/\/www.inverseteams.com\/wp-content\/uploads\/INVERSE-EQUIPO-CICLISMO-BTT-MASSI-2026-001.jpg\" \/>\n\t<meta property=\"og:image:width\" content=\"1920\" \/>\n\t<meta property=\"og:image:height\" content=\"1280\" \/>\n\t<meta property=\"og:image:type\" content=\"image\/jpeg\" \/>\n<meta name=\"author\" content=\"xavier\" \/>\n<meta name=\"twitter:card\" content=\"summary_large_image\" \/>\n<meta name=\"twitter:label1\" content=\"Verfasst von\" \/>\n\t<meta name=\"twitter:data1\" content=\"xavier\" \/>\n\t<meta name=\"twitter:label2\" content=\"Gesch\u00e4tzte Lesezeit\" \/>\n\t<meta name=\"twitter:data2\" content=\"5\u00a0Minute\" \/>\n<script type=\"application\/ld+json\" class=\"yoast-schema-graph\">{\"@context\":\"https:\\\/\\\/schema.org\",\"@graph\":[{\"@type\":\"Article\",\"@id\":\"https:\\\/\\\/www.inverseteams.com\\\/de\\\/blog\\\/massi-mtb-racing-team-2026-una-alianza-imbatible-con-inverse-y-un-nuevo-rugido-en-rojo\\\/#article\",\"isPartOf\":{\"@id\":\"https:\\\/\\\/www.inverseteams.com\\\/de\\\/blog\\\/massi-mtb-racing-team-2026-una-alianza-imbatible-con-inverse-y-un-nuevo-rugido-en-rojo\\\/\"},\"author\":{\"name\":\"xavier\",\"@id\":\"https:\\\/\\\/www.inverseteams.com\\\/de\\\/#\\\/schema\\\/person\\\/8e9cda76b6449aea55a18c6b0f3a15f1\"},\"headline\":\"Massi MTB Racing Team 2026: eine unschlagbare Allianz mit Inverse und ein neues Br\u00fcllen in Rot\",\"datePublished\":\"2026-03-13T10:10:45+00:00\",\"dateModified\":\"2026-03-13T11:52:41+00:00\",\"mainEntityOfPage\":{\"@id\":\"https:\\\/\\\/www.inverseteams.com\\\/de\\\/blog\\\/massi-mtb-racing-team-2026-una-alianza-imbatible-con-inverse-y-un-nuevo-rugido-en-rojo\\\/\"},\"wordCount\":596,\"commentCount\":0,\"publisher\":{\"@id\":\"https:\\\/\\\/www.inverseteams.com\\\/de\\\/#organization\"},\"image\":{\"@id\":\"https:\\\/\\\/www.inverseteams.com\\\/de\\\/blog\\\/massi-mtb-racing-team-2026-una-alianza-imbatible-con-inverse-y-un-nuevo-rugido-en-rojo\\\/#primaryimage\"},\"thumbnailUrl\":\"https:\\\/\\\/www.inverseteams.com\\\/wp-content\\\/uploads\\\/INVERSE-EQUIPO-CICLISMO-BTT-MASSI-2026-001.jpg\",\"keywords\":[\"technische Radbekleidung\",\"competici\u00f3 MTB\",\"equip MTB Massi\",\"Massi MTB Racing Team\",\"riders MTB\",\"v\u00eatements techniques cyclisme\",\"competici\u00f3n MTB\",\"equip professional MTB\",\"mountain bike athletes\",\"technical cycling apparel\",\"Inverse Cycling Apparel\",\"comp\u00e9tition VTT\",\"equipaci\u00f3 MTB\",\"mountain bike racing\",\"UCI MTB World Cup\",\"Inverse Radsportbekleidung\",\"Copa del M\u00f3n MTB\",\"equipaci\u00f3n MTB\",\"Mountainbike Athleten\",\"XCC short track\",\"Roba Ciclisme Inverse\",\"Copa del Mundo MTB\",\"\u00e9quipe Massi 2026\",\"Mountainbike Rennen\",\"XCC short track VTT\",\"Ropa Ciclismo Inverse\",\"Coupe du Monde VTT\",\"\u00e9quipe MTB Massi\",\"MTB competition team\",\"XCO mountain bike\",\"Massi MTB team\",\"V\u00eatements Cyclisme Inverse\",\"coureurs VTT\",\"\u00e9quipe professionnelle VTT\",\"MTB race clothing\",\"XCO mountain bike racing\",\"inverse ciclisme\",\"custom cycling kit\",\"cross country mountain bike\",\"\u00e9quipe VTT internationale\",\"MTB racing apparel\",\"XCO Mountainbike Rennen\",\"inverse ciclismo\",\"equipaci\u00f3 ciclisme personalitzada\",\"Cross Country Mountainbike\",\"\u00e9quipement VTT comp\u00e9tition\",\"MTB racing team\",\"XCO VTT\",\"roba ciclisme personalitzada\",\"equipaci\u00f3n ciclismo personalizada\",\"Cross Country MTB\",\"\u00e9quipement VTT racing\",\"MTB Rennteam\",\"ropa ciclismo personalizada\",\"tenue cyclisme personnalis\u00e9e\",\"cross country VTT\",\"equipo Massi 2026\",\"MTB Weltcup\",\"custom cycling clothing\",\"MTB Rennbekleidung\",\"cyclisme tout terrain\",\"equipo MTB internacional\",\"MTB Wettkampfteam\",\"v\u00eatements cyclisme personnalis\u00e9s\",\"personalisierte Radsportbekleidung\",\"Elite MTB Fahrer\",\"equipo MTB Massi\",\"MTB World Cup\",\"ciclisme de muntanya\",\"ciclisme professional\",\"elite MTB riders\",\"equipo profesional MTB\",\"personalisierte Radtrikots\",\"roba t\u00e8cnica ciclisme\",\"ciclismo de monta\u00f1a\",\"equip Massi 2026\",\"Massi bikes racing team\",\"professional MTB team\",\"ropa t\u00e9cnica ciclismo\",\"ciclismo profesional\",\"equip MTB internacional\",\"Massi Bikes Team\",\"professionelles MTB Team\"],\"articleSection\":[\"Radfahren\"],\"inLanguage\":\"de\",\"potentialAction\":[{\"@type\":\"CommentAction\",\"name\":\"Comment\",\"target\":[\"https:\\\/\\\/www.inverseteams.com\\\/de\\\/blog\\\/massi-mtb-racing-team-2026-una-alianza-imbatible-con-inverse-y-un-nuevo-rugido-en-rojo\\\/#respond\"]}]},{\"@type\":\"WebPage\",\"@id\":\"https:\\\/\\\/www.inverseteams.com\\\/de\\\/blog\\\/massi-mtb-racing-team-2026-una-alianza-imbatible-con-inverse-y-un-nuevo-rugido-en-rojo\\\/\",\"url\":\"https:\\\/\\\/www.inverseteams.com\\\/de\\\/blog\\\/massi-mtb-racing-team-2026-una-alianza-imbatible-con-inverse-y-un-nuevo-rugido-en-rojo\\\/\",\"name\":\"Massi MTB Racing Team 2026: eine unschlagbare Allianz mit Inverse und ein neues Br\u00fcllen in Rot | Inverseteams\",\"isPartOf\":{\"@id\":\"https:\\\/\\\/www.inverseteams.com\\\/de\\\/#website\"},\"primaryImageOfPage\":{\"@id\":\"https:\\\/\\\/www.inverseteams.com\\\/de\\\/blog\\\/massi-mtb-racing-team-2026-una-alianza-imbatible-con-inverse-y-un-nuevo-rugido-en-rojo\\\/#primaryimage\"},\"image\":{\"@id\":\"https:\\\/\\\/www.inverseteams.com\\\/de\\\/blog\\\/massi-mtb-racing-team-2026-una-alianza-imbatible-con-inverse-y-un-nuevo-rugido-en-rojo\\\/#primaryimage\"},\"thumbnailUrl\":\"https:\\\/\\\/www.inverseteams.com\\\/wp-content\\\/uploads\\\/INVERSE-EQUIPO-CICLISMO-BTT-MASSI-2026-001.jpg\",\"datePublished\":\"2026-03-13T10:10:45+00:00\",\"dateModified\":\"2026-03-13T11:52:41+00:00\",\"description\":\"Die internationale Mountainbike-Szene bereitet sich auf eine spannende Saison vor. Nach Jahren gemeinsamer Erfolge wird die Partnerschaft zwischen Massi und Inverse im Jahr 2026 mit einem erneuerten Team, ehrgeizigen Zielen und einem neuen Look weiter gefestigt, der der reinsten Identit\u00e4t der traditionsreichen Fahrradmarke Tribut zollt: ihrem charakteristischen Rot.\",\"breadcrumb\":{\"@id\":\"https:\\\/\\\/www.inverseteams.com\\\/de\\\/blog\\\/massi-mtb-racing-team-2026-una-alianza-imbatible-con-inverse-y-un-nuevo-rugido-en-rojo\\\/#breadcrumb\"},\"inLanguage\":\"de\",\"potentialAction\":[{\"@type\":\"ReadAction\",\"target\":[\"https:\\\/\\\/www.inverseteams.com\\\/de\\\/blog\\\/massi-mtb-racing-team-2026-una-alianza-imbatible-con-inverse-y-un-nuevo-rugido-en-rojo\\\/\"]}]},{\"@type\":\"ImageObject\",\"inLanguage\":\"de\",\"@id\":\"https:\\\/\\\/www.inverseteams.com\\\/de\\\/blog\\\/massi-mtb-racing-team-2026-una-alianza-imbatible-con-inverse-y-un-nuevo-rugido-en-rojo\\\/#primaryimage\",\"url\":\"https:\\\/\\\/www.inverseteams.com\\\/wp-content\\\/uploads\\\/INVERSE-EQUIPO-CICLISMO-BTT-MASSI-2026-001.jpg\",\"contentUrl\":\"https:\\\/\\\/www.inverseteams.com\\\/wp-content\\\/uploads\\\/INVERSE-EQUIPO-CICLISMO-BTT-MASSI-2026-001.jpg\",\"width\":1920,\"height\":1280},{\"@type\":\"BreadcrumbList\",\"@id\":\"https:\\\/\\\/www.inverseteams.com\\\/de\\\/blog\\\/massi-mtb-racing-team-2026-una-alianza-imbatible-con-inverse-y-un-nuevo-rugido-en-rojo\\\/#breadcrumb\",\"itemListElement\":[{\"@type\":\"ListItem\",\"position\":1,\"name\":\"Portada\",\"item\":\"https:\\\/\\\/www.inverseteams.com\\\/de\\\/\"},{\"@type\":\"ListItem\",\"position\":2,\"name\":\"Massi MTB Racing Team 2026: eine unschlagbare Allianz mit Inverse und ein neues Br\u00fcllen in Rot\"}]},{\"@type\":\"WebSite\",\"@id\":\"https:\\\/\\\/www.inverseteams.com\\\/de\\\/#website\",\"url\":\"https:\\\/\\\/www.inverseteams.com\\\/de\\\/\",\"name\":\"Inverseteams\",\"description\":\"Tu marca de ropa deportiva personalizada\",\"publisher\":{\"@id\":\"https:\\\/\\\/www.inverseteams.com\\\/de\\\/#organization\"},\"potentialAction\":[{\"@type\":\"SearchAction\",\"target\":{\"@type\":\"EntryPoint\",\"urlTemplate\":\"https:\\\/\\\/www.inverseteams.com\\\/de\\\/?s={search_term_string}\"},\"query-input\":{\"@type\":\"PropertyValueSpecification\",\"valueRequired\":true,\"valueName\":\"search_term_string\"}}],\"inLanguage\":\"de\"},{\"@type\":\"Organization\",\"@id\":\"https:\\\/\\\/www.inverseteams.com\\\/de\\\/#organization\",\"name\":\"Inverse Teams\",\"url\":\"https:\\\/\\\/www.inverseteams.com\\\/de\\\/\",\"logo\":{\"@type\":\"ImageObject\",\"inLanguage\":\"de\",\"@id\":\"https:\\\/\\\/www.inverseteams.com\\\/de\\\/#\\\/schema\\\/logo\\\/image\\\/\",\"url\":\"https:\\\/\\\/www.inverseteams.com\\\/wp-content\\\/uploads\\\/2021\\\/03\\\/logo-inverse-teams.png\",\"contentUrl\":\"https:\\\/\\\/www.inverseteams.com\\\/wp-content\\\/uploads\\\/2021\\\/03\\\/logo-inverse-teams.png\",\"width\":294,\"height\":99,\"caption\":\"Inverse Teams\"},\"image\":{\"@id\":\"https:\\\/\\\/www.inverseteams.com\\\/de\\\/#\\\/schema\\\/logo\\\/image\\\/\"},\"sameAs\":[\"https:\\\/\\\/www.facebook.com\\\/inverseteams\",\"http:\\\/\\\/instagram.com\\\/inverseteams\",\"https:\\\/\\\/www.linkedin.com\\\/company\\\/inverse-cirosport-s-l-?trk=job_view_topcard_company_name\",\"http:\\\/\\\/www.pinterest.com\\\/inverseteams\\\/\",\"http:\\\/\\\/www.youtube.com\\\/user\\\/inverseteams?feature=watch\"]},{\"@type\":\"Person\",\"@id\":\"https:\\\/\\\/www.inverseteams.com\\\/de\\\/#\\\/schema\\\/person\\\/8e9cda76b6449aea55a18c6b0f3a15f1\",\"name\":\"xavier\",\"image\":{\"@type\":\"ImageObject\",\"inLanguage\":\"de\",\"@id\":\"https:\\\/\\\/secure.gravatar.com\\\/avatar\\\/602b199a1f28e97d83ab3a8bcb642260f5afd77cb09704889d85ddd70643cddb?s=96&d=mm&r=g\",\"url\":\"https:\\\/\\\/secure.gravatar.com\\\/avatar\\\/602b199a1f28e97d83ab3a8bcb642260f5afd77cb09704889d85ddd70643cddb?s=96&d=mm&r=g\",\"contentUrl\":\"https:\\\/\\\/secure.gravatar.com\\\/avatar\\\/602b199a1f28e97d83ab3a8bcb642260f5afd77cb09704889d85ddd70643cddb?s=96&d=mm&r=g\",\"caption\":\"xavier\"}}]}<\/script>\n<!-- \/ Yoast SEO plugin. -->","yoast_head_json":{"title":"Massi MTB Racing Team 2026: eine unschlagbare Allianz mit Inverse und ein neues Br\u00fcllen in Rot | Inverseteams","description":"Die internationale Mountainbike-Szene bereitet sich auf eine spannende Saison vor. Nach Jahren gemeinsamer Erfolge wird die Partnerschaft zwischen Massi und Inverse im Jahr 2026 mit einem erneuerten Team, ehrgeizigen Zielen und einem neuen Look weiter gefestigt, der der reinsten Identit\u00e4t der traditionsreichen Fahrradmarke Tribut zollt: ihrem charakteristischen Rot.","robots":{"index":"index","follow":"follow","max-snippet":"max-snippet:-1","max-image-preview":"max-image-preview:large","max-video-preview":"max-video-preview:-1"},"canonical":"https:\/\/www.inverseteams.com\/de\/blog\/massi-mtb-racing-team-2026-una-alianza-imbatible-con-inverse-y-un-nuevo-rugido-en-rojo\/","og_locale":"de_DE","og_type":"article","og_title":"Massi MTB Racing Team 2026: eine unschlagbare Allianz mit Inverse und ein neues Br\u00fcllen in Rot | Inverseteams","og_description":"Die internationale Mountainbike-Szene bereitet sich auf eine spannende Saison vor. Nach Jahren gemeinsamer Erfolge wird die Partnerschaft zwischen Massi und Inverse im Jahr 2026 mit einem erneuerten Team, ehrgeizigen Zielen und einem neuen Look weiter gefestigt, der der reinsten Identit\u00e4t der traditionsreichen Fahrradmarke Tribut zollt: ihrem charakteristischen Rot.","og_url":"https:\/\/www.inverseteams.com\/de\/blog\/massi-mtb-racing-team-2026-una-alianza-imbatible-con-inverse-y-un-nuevo-rugido-en-rojo\/","og_site_name":"Inverseteams","article_publisher":"https:\/\/www.facebook.com\/inverseteams","article_published_time":"2026-03-13T10:10:45+00:00","article_modified_time":"2026-03-13T11:52:41+00:00","og_image":[{"width":1920,"height":1280,"url":"https:\/\/www.inverseteams.com\/wp-content\/uploads\/INVERSE-EQUIPO-CICLISMO-BTT-MASSI-2026-001.jpg","type":"image\/jpeg"}],"author":"xavier","twitter_card":"summary_large_image","twitter_misc":{"Verfasst von":"xavier","Gesch\u00e4tzte Lesezeit":"5\u00a0Minute"},"schema":{"@context":"https:\/\/schema.org","@graph":[{"@type":"Article","@id":"https:\/\/www.inverseteams.com\/de\/blog\/massi-mtb-racing-team-2026-una-alianza-imbatible-con-inverse-y-un-nuevo-rugido-en-rojo\/#article","isPartOf":{"@id":"https:\/\/www.inverseteams.com\/de\/blog\/massi-mtb-racing-team-2026-una-alianza-imbatible-con-inverse-y-un-nuevo-rugido-en-rojo\/"},"author":{"name":"xavier","@id":"https:\/\/www.inverseteams.com\/de\/#\/schema\/person\/8e9cda76b6449aea55a18c6b0f3a15f1"},"headline":"Massi MTB Racing Team 2026: eine unschlagbare Allianz mit Inverse und ein neues Br\u00fcllen in Rot","datePublished":"2026-03-13T10:10:45+00:00","dateModified":"2026-03-13T11:52:41+00:00","mainEntityOfPage":{"@id":"https:\/\/www.inverseteams.com\/de\/blog\/massi-mtb-racing-team-2026-una-alianza-imbatible-con-inverse-y-un-nuevo-rugido-en-rojo\/"},"wordCount":596,"commentCount":0,"publisher":{"@id":"https:\/\/www.inverseteams.com\/de\/#organization"},"image":{"@id":"https:\/\/www.inverseteams.com\/de\/blog\/massi-mtb-racing-team-2026-una-alianza-imbatible-con-inverse-y-un-nuevo-rugido-en-rojo\/#primaryimage"},"thumbnailUrl":"https:\/\/www.inverseteams.com\/wp-content\/uploads\/INVERSE-EQUIPO-CICLISMO-BTT-MASSI-2026-001.jpg","keywords":["technische Radbekleidung","competici\u00f3 MTB","equip MTB Massi","Massi MTB Racing Team","riders MTB","v\u00eatements techniques cyclisme","competici\u00f3n MTB","equip professional MTB","mountain bike athletes","technical cycling apparel","Inverse Cycling Apparel","comp\u00e9tition VTT","equipaci\u00f3 MTB","mountain bike racing","UCI MTB World Cup","Inverse Radsportbekleidung","Copa del M\u00f3n MTB","equipaci\u00f3n MTB","Mountainbike Athleten","XCC short track","Roba Ciclisme Inverse","Copa del Mundo MTB","\u00e9quipe Massi 2026","Mountainbike Rennen","XCC short track VTT","Ropa Ciclismo Inverse","Coupe du Monde VTT","\u00e9quipe MTB Massi","MTB competition team","XCO mountain bike","Massi MTB team","V\u00eatements Cyclisme Inverse","coureurs VTT","\u00e9quipe professionnelle VTT","MTB race clothing","XCO mountain bike racing","inverse ciclisme","custom cycling kit","cross country mountain bike","\u00e9quipe VTT internationale","MTB racing apparel","XCO Mountainbike Rennen","inverse ciclismo","equipaci\u00f3 ciclisme personalitzada","Cross Country Mountainbike","\u00e9quipement VTT comp\u00e9tition","MTB racing team","XCO VTT","roba ciclisme personalitzada","equipaci\u00f3n ciclismo personalizada","Cross Country MTB","\u00e9quipement VTT racing","MTB Rennteam","ropa ciclismo personalizada","tenue cyclisme personnalis\u00e9e","cross country VTT","equipo Massi 2026","MTB Weltcup","custom cycling clothing","MTB Rennbekleidung","cyclisme tout terrain","equipo MTB internacional","MTB Wettkampfteam","v\u00eatements cyclisme personnalis\u00e9s","personalisierte Radsportbekleidung","Elite MTB Fahrer","equipo MTB Massi","MTB World Cup","ciclisme de muntanya","ciclisme professional","elite MTB riders","equipo profesional MTB","personalisierte Radtrikots","roba t\u00e8cnica ciclisme","ciclismo de monta\u00f1a","equip Massi 2026","Massi bikes racing team","professional MTB team","ropa t\u00e9cnica ciclismo","ciclismo profesional","equip MTB internacional","Massi Bikes Team","professionelles MTB Team"],"articleSection":["Radfahren"],"inLanguage":"de","potentialAction":[{"@type":"CommentAction","name":"Comment","target":["https:\/\/www.inverseteams.com\/de\/blog\/massi-mtb-racing-team-2026-una-alianza-imbatible-con-inverse-y-un-nuevo-rugido-en-rojo\/#respond"]}]},{"@type":"WebPage","@id":"https:\/\/www.inverseteams.com\/de\/blog\/massi-mtb-racing-team-2026-una-alianza-imbatible-con-inverse-y-un-nuevo-rugido-en-rojo\/","url":"https:\/\/www.inverseteams.com\/de\/blog\/massi-mtb-racing-team-2026-una-alianza-imbatible-con-inverse-y-un-nuevo-rugido-en-rojo\/","name":"Massi MTB Racing Team 2026: eine unschlagbare Allianz mit Inverse und ein neues Br\u00fcllen in Rot | Inverseteams","isPartOf":{"@id":"https:\/\/www.inverseteams.com\/de\/#website"},"primaryImageOfPage":{"@id":"https:\/\/www.inverseteams.com\/de\/blog\/massi-mtb-racing-team-2026-una-alianza-imbatible-con-inverse-y-un-nuevo-rugido-en-rojo\/#primaryimage"},"image":{"@id":"https:\/\/www.inverseteams.com\/de\/blog\/massi-mtb-racing-team-2026-una-alianza-imbatible-con-inverse-y-un-nuevo-rugido-en-rojo\/#primaryimage"},"thumbnailUrl":"https:\/\/www.inverseteams.com\/wp-content\/uploads\/INVERSE-EQUIPO-CICLISMO-BTT-MASSI-2026-001.jpg","datePublished":"2026-03-13T10:10:45+00:00","dateModified":"2026-03-13T11:52:41+00:00","description":"Die internationale Mountainbike-Szene bereitet sich auf eine spannende Saison vor. Nach Jahren gemeinsamer Erfolge wird die Partnerschaft zwischen Massi und Inverse im Jahr 2026 mit einem erneuerten Team, ehrgeizigen Zielen und einem neuen Look weiter gefestigt, der der reinsten Identit\u00e4t der traditionsreichen Fahrradmarke Tribut zollt: ihrem charakteristischen Rot.","breadcrumb":{"@id":"https:\/\/www.inverseteams.com\/de\/blog\/massi-mtb-racing-team-2026-una-alianza-imbatible-con-inverse-y-un-nuevo-rugido-en-rojo\/#breadcrumb"},"inLanguage":"de","potentialAction":[{"@type":"ReadAction","target":["https:\/\/www.inverseteams.com\/de\/blog\/massi-mtb-racing-team-2026-una-alianza-imbatible-con-inverse-y-un-nuevo-rugido-en-rojo\/"]}]},{"@type":"ImageObject","inLanguage":"de","@id":"https:\/\/www.inverseteams.com\/de\/blog\/massi-mtb-racing-team-2026-una-alianza-imbatible-con-inverse-y-un-nuevo-rugido-en-rojo\/#primaryimage","url":"https:\/\/www.inverseteams.com\/wp-content\/uploads\/INVERSE-EQUIPO-CICLISMO-BTT-MASSI-2026-001.jpg","contentUrl":"https:\/\/www.inverseteams.com\/wp-content\/uploads\/INVERSE-EQUIPO-CICLISMO-BTT-MASSI-2026-001.jpg","width":1920,"height":1280},{"@type":"BreadcrumbList","@id":"https:\/\/www.inverseteams.com\/de\/blog\/massi-mtb-racing-team-2026-una-alianza-imbatible-con-inverse-y-un-nuevo-rugido-en-rojo\/#breadcrumb","itemListElement":[{"@type":"ListItem","position":1,"name":"Portada","item":"https:\/\/www.inverseteams.com\/de\/"},{"@type":"ListItem","position":2,"name":"Massi MTB Racing Team 2026: eine unschlagbare Allianz mit Inverse und ein neues Br\u00fcllen in Rot"}]},{"@type":"WebSite","@id":"https:\/\/www.inverseteams.com\/de\/#website","url":"https:\/\/www.inverseteams.com\/de\/","name":"Inverseteams","description":"Tu marca de ropa deportiva personalizada","publisher":{"@id":"https:\/\/www.inverseteams.com\/de\/#organization"},"potentialAction":[{"@type":"SearchAction","target":{"@type":"EntryPoint","urlTemplate":"https:\/\/www.inverseteams.com\/de\/?s={search_term_string}"},"query-input":{"@type":"PropertyValueSpecification","valueRequired":true,"valueName":"search_term_string"}}],"inLanguage":"de"},{"@type":"Organization","@id":"https:\/\/www.inverseteams.com\/de\/#organization","name":"Inverse Teams","url":"https:\/\/www.inverseteams.com\/de\/","logo":{"@type":"ImageObject","inLanguage":"de","@id":"https:\/\/www.inverseteams.com\/de\/#\/schema\/logo\/image\/","url":"https:\/\/www.inverseteams.com\/wp-content\/uploads\/2021\/03\/logo-inverse-teams.png","contentUrl":"https:\/\/www.inverseteams.com\/wp-content\/uploads\/2021\/03\/logo-inverse-teams.png","width":294,"height":99,"caption":"Inverse Teams"},"image":{"@id":"https:\/\/www.inverseteams.com\/de\/#\/schema\/logo\/image\/"},"sameAs":["https:\/\/www.facebook.com\/inverseteams","http:\/\/instagram.com\/inverseteams","https:\/\/www.linkedin.com\/company\/inverse-cirosport-s-l-?trk=job_view_topcard_company_name","http:\/\/www.pinterest.com\/inverseteams\/","http:\/\/www.youtube.com\/user\/inverseteams?feature=watch"]},{"@type":"Person","@id":"https:\/\/www.inverseteams.com\/de\/#\/schema\/person\/8e9cda76b6449aea55a18c6b0f3a15f1","name":"xavier","image":{"@type":"ImageObject","inLanguage":"de","@id":"https:\/\/secure.gravatar.com\/avatar\/602b199a1f28e97d83ab3a8bcb642260f5afd77cb09704889d85ddd70643cddb?s=96&d=mm&r=g","url":"https:\/\/secure.gravatar.com\/avatar\/602b199a1f28e97d83ab3a8bcb642260f5afd77cb09704889d85ddd70643cddb?s=96&d=mm&r=g","contentUrl":"https:\/\/secure.gravatar.com\/avatar\/602b199a1f28e97d83ab3a8bcb642260f5afd77cb09704889d85ddd70643cddb?s=96&d=mm&r=g","caption":"xavier"}}]}},"_links":{"self":[{"href":"https:\/\/www.inverseteams.com\/de\/wp-json\/wp\/v2\/posts\/279954","targetHints":{"allow":["GET"]}}],"collection":[{"href":"https:\/\/www.inverseteams.com\/de\/wp-json\/wp\/v2\/posts"}],"about":[{"href":"https:\/\/www.inverseteams.com\/de\/wp-json\/wp\/v2\/types\/post"}],"author":[{"embeddable":true,"href":"https:\/\/www.inverseteams.com\/de\/wp-json\/wp\/v2\/users\/12"}],"replies":[{"embeddable":true,"href":"https:\/\/www.inverseteams.com\/de\/wp-json\/wp\/v2\/comments?post=279954"}],"version-history":[{"count":0,"href":"https:\/\/www.inverseteams.com\/de\/wp-json\/wp\/v2\/posts\/279954\/revisions"}],"wp:featuredmedia":[{"embeddable":true,"href":"https:\/\/www.inverseteams.com\/de\/wp-json\/wp\/v2\/media\/279902"}],"wp:attachment":[{"href":"https:\/\/www.inverseteams.com\/de\/wp-json\/wp\/v2\/media?parent=279954"}],"wp:term":[{"taxonomy":"category","embeddable":true,"href":"https:\/\/www.inverseteams.com\/de\/wp-json\/wp\/v2\/categories?post=279954"},{"taxonomy":"post_tag","embeddable":true,"href":"https:\/\/www.inverseteams.com\/de\/wp-json\/wp\/v2\/tags?post=279954"}],"curies":[{"name":"wp","href":"https:\/\/api.w.org\/{rel}","templated":true}]}}