{"id":199263,"date":"2024-04-30T11:51:56","date_gmt":"2024-04-30T11:51:56","guid":{"rendered":"https:\/\/www.inverseteams.com\/blog\/el-importante-legado-del-esport-ciclista-barcelona-cedido-al-archivo-historico-de-barcelona\/"},"modified":"2024-05-03T12:14:50","modified_gmt":"2024-05-03T12:14:50","slug":"el-importante-legado-del-esport-ciclista-barcelona-cedido-al-archivo-historico-de-barcelona","status":"publish","type":"post","link":"https:\/\/www.inverseteams.com\/de\/blog\/el-importante-legado-del-esport-ciclista-barcelona-cedido-al-archivo-historico-de-barcelona\/","title":{"rendered":"Der Radsportclub Esport Ciclista Barcelona hat sein umfassendes Erbe dem historischen Archiv von Barcelona \u00fcberlassen"},"content":{"rendered":"\n<figure class=\"wp-block-image size-large\"><img loading=\"lazy\" decoding=\"async\" width=\"1024\" height=\"768\" src=\"https:\/\/www.inverseteams.com\/wp-content\/uploads\/ARXIU_BARCELONA_LLIURAMENT_MATERIAL_04_IMG_9314-copia-1024x768.jpg\" alt=\"\" class=\"wp-image-198862\" srcset=\"https:\/\/www.inverseteams.com\/wp-content\/uploads\/ARXIU_BARCELONA_LLIURAMENT_MATERIAL_04_IMG_9314-copia-1024x768.jpg 1024w, https:\/\/www.inverseteams.com\/wp-content\/uploads\/ARXIU_BARCELONA_LLIURAMENT_MATERIAL_04_IMG_9314-copia-300x225.jpg 300w, https:\/\/www.inverseteams.com\/wp-content\/uploads\/ARXIU_BARCELONA_LLIURAMENT_MATERIAL_04_IMG_9314-copia-768x576.jpg 768w, https:\/\/www.inverseteams.com\/wp-content\/uploads\/ARXIU_BARCELONA_LLIURAMENT_MATERIAL_04_IMG_9314-copia-1536x1152.jpg 1536w, https:\/\/www.inverseteams.com\/wp-content\/uploads\/ARXIU_BARCELONA_LLIURAMENT_MATERIAL_04_IMG_9314-copia-2048x1536.jpg 2048w, https:\/\/www.inverseteams.com\/wp-content\/uploads\/ARXIU_BARCELONA_LLIURAMENT_MATERIAL_04_IMG_9314-copia-420x315.jpg 420w, https:\/\/www.inverseteams.com\/wp-content\/uploads\/ARXIU_BARCELONA_LLIURAMENT_MATERIAL_04_IMG_9314-copia-64x48.jpg 64w\" sizes=\"auto, (max-width: 1024px) 100vw, 1024px\" \/><\/figure>\n\n\n<div class=\"wrapper-heading\">\n<h2 class=\"wp-block-heading\">Das Verm\u00e4chtnis des Radsportclubs Esport Ciclista Barcelona (ECB) ist von gro\u00dfer Bedeutung f\u00fcr die Geschichte des katalanischen und spanischen Radsports. Vor Kurzem hat es im historischen Archiv der Stadt Barcelona (AHCB) eine neue Heimat gefunden, ein wichtiger Meilenstein f\u00fcr die Bewahrung und Verbreitung des Wissens \u00fcber die Geschichte des Radsports.<\/h2>\n<\/div>\n\n<div class=\"wrapper-heading\">\n<h3 class=\"wp-block-heading\">Die Unterzeichnung der \u00dcberlassungsvereinbarung, eine Handlung von gro\u00dfer Tragweite, fand am 24. April an dem prachtvollen Sitz des Archivs im gotischen Palast Casa de l&#8217;Ardiaca neben der ehrw\u00fcrdigen Kathedrale von Barcelona statt.<\/h3>\n<\/div>\n\n<div class=\"wrapper-heading\">\n<h4 class=\"wp-block-heading\">Bei dieser \u00dcberlassung des bedeutenden kulturellen Erbes des Radsportclubs war Joaquim Sabat\u00e9 anwesend, der derzeitige Pr\u00e4sident des ECB und Finanzdirektor und Personalbeauftragter von Inverse, begleitet von seinem Bruder Joan Sabat\u00e9, CEO von Inverse, und Jordi Mart\u00ednez, dem Leiter des Clubarchivs.<\/h4>\n<\/div>\n\n\n<figure class=\"wp-block-image size-large\"><img loading=\"lazy\" decoding=\"async\" width=\"1024\" height=\"768\" src=\"https:\/\/www.inverseteams.com\/wp-content\/uploads\/ARXIU_BARCELONA_LLIURAMENT_MATERIAL_02_IMG_9314-copia-1024x768.jpg\" alt=\"\" class=\"wp-image-198867\" srcset=\"https:\/\/www.inverseteams.com\/wp-content\/uploads\/ARXIU_BARCELONA_LLIURAMENT_MATERIAL_02_IMG_9314-copia-1024x768.jpg 1024w, https:\/\/www.inverseteams.com\/wp-content\/uploads\/ARXIU_BARCELONA_LLIURAMENT_MATERIAL_02_IMG_9314-copia-300x225.jpg 300w, https:\/\/www.inverseteams.com\/wp-content\/uploads\/ARXIU_BARCELONA_LLIURAMENT_MATERIAL_02_IMG_9314-copia-768x576.jpg 768w, https:\/\/www.inverseteams.com\/wp-content\/uploads\/ARXIU_BARCELONA_LLIURAMENT_MATERIAL_02_IMG_9314-copia-1536x1152.jpg 1536w, https:\/\/www.inverseteams.com\/wp-content\/uploads\/ARXIU_BARCELONA_LLIURAMENT_MATERIAL_02_IMG_9314-copia-2048x1536.jpg 2048w, https:\/\/www.inverseteams.com\/wp-content\/uploads\/ARXIU_BARCELONA_LLIURAMENT_MATERIAL_02_IMG_9314-copia-420x315.jpg 420w, https:\/\/www.inverseteams.com\/wp-content\/uploads\/ARXIU_BARCELONA_LLIURAMENT_MATERIAL_02_IMG_9314-copia-64x48.jpg 64w\" sizes=\"auto, (max-width: 1024px) 100vw, 1024px\" \/><\/figure>\n\n\n<div class=\"wrapper-heading\">\n<h4 class=\"wp-block-heading\"><strong><strong>Unterzeichnung der Vereinbarung in Casa de l&#8217;Ardiaca<\/strong><\/strong><\/h4>\n<\/div>\n\n\n<p>Die Unterzeichnung der weitreichenden Vereinbarung fand an dem pr\u00e4chtigen Sitz des <a href=\"https:\/\/ajuntament.barcelona.cat\/arxiumunicipal\/arxiuhistoric\/es\">AHCB<\/a> im <a href=\"https:\/\/es.wikipedia.org\/wiki\/Casa_de_l%27Ardiaca\"><strong>gotischen Palast Casa de l&#8217;Ardiaca<\/strong><\/a>, statt, der neben der eindrucksvollen Kathedrale von Barcelona liegt. In diesem emblematischen Rahmen unterzeichneten Joaquim Sabat\u00e9, derzeitiger Pr\u00e4sident des <a href=\"https:\/\/ca.wikipedia.org\/wiki\/Esport_Ciclista_Barcelona\">ECB<\/a> und Finanzdirektor und Personalbeauftragter bei Inverse, zusammen mit seinem Bruder Joan Sabat\u00e9, Vertriebsleiter bei Inverse, die \u00dcberlassungsvereinbarung. Mit dabei war Jordi Mart\u00ednez, der Leiter des ECB-Clubarchivs.<\/p>\n\n\n\n<figure class=\"wp-block-image size-large\"><img loading=\"lazy\" decoding=\"async\" width=\"1024\" height=\"768\" src=\"https:\/\/www.inverseteams.com\/wp-content\/uploads\/ARXIU_BARCELONA_LLIURAMENT_MATERIAL_03_IMG_9314-copia-1024x768.jpg\" alt=\"\" class=\"wp-image-198872\" srcset=\"https:\/\/www.inverseteams.com\/wp-content\/uploads\/ARXIU_BARCELONA_LLIURAMENT_MATERIAL_03_IMG_9314-copia-1024x768.jpg 1024w, https:\/\/www.inverseteams.com\/wp-content\/uploads\/ARXIU_BARCELONA_LLIURAMENT_MATERIAL_03_IMG_9314-copia-300x225.jpg 300w, https:\/\/www.inverseteams.com\/wp-content\/uploads\/ARXIU_BARCELONA_LLIURAMENT_MATERIAL_03_IMG_9314-copia-768x576.jpg 768w, https:\/\/www.inverseteams.com\/wp-content\/uploads\/ARXIU_BARCELONA_LLIURAMENT_MATERIAL_03_IMG_9314-copia-1536x1152.jpg 1536w, https:\/\/www.inverseteams.com\/wp-content\/uploads\/ARXIU_BARCELONA_LLIURAMENT_MATERIAL_03_IMG_9314-copia-2048x1536.jpg 2048w, https:\/\/www.inverseteams.com\/wp-content\/uploads\/ARXIU_BARCELONA_LLIURAMENT_MATERIAL_03_IMG_9314-copia-420x315.jpg 420w, https:\/\/www.inverseteams.com\/wp-content\/uploads\/ARXIU_BARCELONA_LLIURAMENT_MATERIAL_03_IMG_9314-copia-64x48.jpg 64w\" sizes=\"auto, (max-width: 1024px) 100vw, 1024px\" \/><\/figure>\n\n\n<div class=\"wrapper-heading\">\n<h4 class=\"wp-block-heading\"><strong><strong>\u00dcberlassung wichtiger Dokumente f\u00fcr die Geschichte der Radsportkultur<\/strong><\/strong><\/h4>\n<\/div>\n\n\n<p>Das an das AHCB abgetretene Archiv umfasst eine <strong>einzigartige Plakatsammlung, die an wichtige Veranstaltungen im katalanischen Radsport erinnern: <\/strong><a href=\"https:\/\/ca.wikipedia.org\/wiki\/Escalada_ciclista_a_Montju%C3%AFc\"><strong>das Radrennen zur Burg auf dem Montju\u00efc<\/strong><\/a><strong> und die katalanische Radsportwoche<\/strong> seit ihren Anf\u00e4ngen in den 1960er Jahren bis zu den letzten Ausgaben, die Anfang des 21. Jahrhunderts stattfanden. Diese Ereignisse stellten nicht nur H\u00f6hepunkte unter den Radwettk\u00e4mpfen dar, sondern waren auch pr\u00e4gend f\u00fcr die Kultur und Identit\u00e4t von Barcelona und Katalonien.<\/p>\n\n\n\n<figure class=\"wp-block-image size-large\"><img loading=\"lazy\" decoding=\"async\" width=\"1024\" height=\"768\" src=\"https:\/\/www.inverseteams.com\/wp-content\/uploads\/ARXIU_BARCELONA_LLIURAMENT_MATERIAL_10_IMG_9314-copia-1024x768.jpg\" alt=\"\" class=\"wp-image-198877\" srcset=\"https:\/\/www.inverseteams.com\/wp-content\/uploads\/ARXIU_BARCELONA_LLIURAMENT_MATERIAL_10_IMG_9314-copia-1024x768.jpg 1024w, https:\/\/www.inverseteams.com\/wp-content\/uploads\/ARXIU_BARCELONA_LLIURAMENT_MATERIAL_10_IMG_9314-copia-300x225.jpg 300w, https:\/\/www.inverseteams.com\/wp-content\/uploads\/ARXIU_BARCELONA_LLIURAMENT_MATERIAL_10_IMG_9314-copia-768x576.jpg 768w, https:\/\/www.inverseteams.com\/wp-content\/uploads\/ARXIU_BARCELONA_LLIURAMENT_MATERIAL_10_IMG_9314-copia-1536x1152.jpg 1536w, https:\/\/www.inverseteams.com\/wp-content\/uploads\/ARXIU_BARCELONA_LLIURAMENT_MATERIAL_10_IMG_9314-copia-2048x1536.jpg 2048w, https:\/\/www.inverseteams.com\/wp-content\/uploads\/ARXIU_BARCELONA_LLIURAMENT_MATERIAL_10_IMG_9314-copia-420x315.jpg 420w, https:\/\/www.inverseteams.com\/wp-content\/uploads\/ARXIU_BARCELONA_LLIURAMENT_MATERIAL_10_IMG_9314-copia-64x48.jpg 64w\" sizes=\"auto, (max-width: 1024px) 100vw, 1024px\" \/><\/figure>\n\n\n<div class=\"wrapper-heading\">\n<h4 class=\"wp-block-heading\"><strong><strong>Die Geschichte von Inverse und der Radsport<\/strong><\/strong><\/h4>\n<\/div>\n\n\n<p>Die Verbindung zwischen dem ECB und der Marke Inverse verleiht dieser \u00dcberlassung noch tiefere Bedeutung. <strong>Die Geschichte von Inverse ist \u00fcber die Person von <\/strong><a href=\"https:\/\/ca.wikipedia.org\/wiki\/Joaquim_Sabat%C3%A9_i_Daus%C3%A0\"><strong>Joaquim Sabat\u00e9 i Daus\u00e0<\/strong><\/a><strong>, dem Unternehmensgr\u00fcnder, eng mit dem spanischen und katalanischen Radsport verwoben<\/strong>. Seine Leidenschaft f\u00fcr den Radsport und sein Engagement im ECB spiegeln die tiefe Verwurzelung der Marke in der Radsportkultur wider.<\/p>\n\n\n\n<figure class=\"wp-block-image size-large\"><img loading=\"lazy\" decoding=\"async\" width=\"1024\" height=\"576\" src=\"https:\/\/www.inverseteams.com\/wp-content\/uploads\/ARXIU_BARCELONA_LLIURAMENT_MATERIAL_13_IMG_9314-copia-1024x576.jpg\" alt=\"\" class=\"wp-image-198882\" srcset=\"https:\/\/www.inverseteams.com\/wp-content\/uploads\/ARXIU_BARCELONA_LLIURAMENT_MATERIAL_13_IMG_9314-copia-1024x576.jpg 1024w, https:\/\/www.inverseteams.com\/wp-content\/uploads\/ARXIU_BARCELONA_LLIURAMENT_MATERIAL_13_IMG_9314-copia-300x169.jpg 300w, https:\/\/www.inverseteams.com\/wp-content\/uploads\/ARXIU_BARCELONA_LLIURAMENT_MATERIAL_13_IMG_9314-copia-768x432.jpg 768w, https:\/\/www.inverseteams.com\/wp-content\/uploads\/ARXIU_BARCELONA_LLIURAMENT_MATERIAL_13_IMG_9314-copia-1536x864.jpg 1536w, https:\/\/www.inverseteams.com\/wp-content\/uploads\/ARXIU_BARCELONA_LLIURAMENT_MATERIAL_13_IMG_9314-copia-2048x1152.jpg 2048w, https:\/\/www.inverseteams.com\/wp-content\/uploads\/ARXIU_BARCELONA_LLIURAMENT_MATERIAL_13_IMG_9314-copia-1920x1080.jpg 1920w, https:\/\/www.inverseteams.com\/wp-content\/uploads\/ARXIU_BARCELONA_LLIURAMENT_MATERIAL_13_IMG_9314-copia-420x236.jpg 420w, https:\/\/www.inverseteams.com\/wp-content\/uploads\/ARXIU_BARCELONA_LLIURAMENT_MATERIAL_13_IMG_9314-copia-64x36.jpg 64w\" sizes=\"auto, (max-width: 1024px) 100vw, 1024px\" \/><\/figure>\n\n\n<div class=\"wrapper-heading\">\n<h4 class=\"wp-block-heading\"><strong><strong>Das Erbe von Joaquim Sabat\u00e9<\/strong><\/strong><\/h4>\n<\/div>\n\n\n<p>Joaquim Sabat\u00e9, eine <strong>herausragende Figur in der Welt des katalanischen Radsports<\/strong>, spielte eine zentrale Rolle in der Geschichte des ECB. Seit seinem Einstieg in den Club in den 50-er Jahren bis zu seiner Pr\u00e4sidentschaft von 1962 bis 2001 war Sabat\u00e9 ein <strong>unerm\u00fcdlicher F\u00f6rderer des Radsports in Katalonien<\/strong>. Sein Verm\u00e4chtnis dauert nicht nur in der Erinnerung des Clubs fort, sondern auch in seiner posthumen Anerkennung, wie der <strong>Verleihung der Ehrenmedaille von Barcelona im Jahr 2002<\/strong>.<\/p>\n\n\n\n<p>Die \u00dcberlassung des Archivs des ECB an das AHCB stellt die Erhaltung eines unsch\u00e4tzbaren Erbes sicher, und <strong>gew\u00e4hrleistet zudem, dass die Geschichte des katalanischen Radsports weiterhin kommende Generationen inspirieren wird<\/strong>.<\/p>\n\n\n\n<figure class=\"wp-block-image size-large\"><img loading=\"lazy\" decoding=\"async\" width=\"1024\" height=\"768\" src=\"https:\/\/www.inverseteams.com\/wp-content\/uploads\/ARXIU_BARCELONA_LLIURAMENT_MATERIAL_08_IMG_9314-copia-1024x768.jpg\" alt=\"\" class=\"wp-image-198887\" srcset=\"https:\/\/www.inverseteams.com\/wp-content\/uploads\/ARXIU_BARCELONA_LLIURAMENT_MATERIAL_08_IMG_9314-copia-1024x768.jpg 1024w, https:\/\/www.inverseteams.com\/wp-content\/uploads\/ARXIU_BARCELONA_LLIURAMENT_MATERIAL_08_IMG_9314-copia-300x225.jpg 300w, https:\/\/www.inverseteams.com\/wp-content\/uploads\/ARXIU_BARCELONA_LLIURAMENT_MATERIAL_08_IMG_9314-copia-768x576.jpg 768w, https:\/\/www.inverseteams.com\/wp-content\/uploads\/ARXIU_BARCELONA_LLIURAMENT_MATERIAL_08_IMG_9314-copia-1536x1152.jpg 1536w, https:\/\/www.inverseteams.com\/wp-content\/uploads\/ARXIU_BARCELONA_LLIURAMENT_MATERIAL_08_IMG_9314-copia-2048x1536.jpg 2048w, https:\/\/www.inverseteams.com\/wp-content\/uploads\/ARXIU_BARCELONA_LLIURAMENT_MATERIAL_08_IMG_9314-copia-420x315.jpg 420w, https:\/\/www.inverseteams.com\/wp-content\/uploads\/ARXIU_BARCELONA_LLIURAMENT_MATERIAL_08_IMG_9314-copia-64x48.jpg 64w\" sizes=\"auto, (max-width: 1024px) 100vw, 1024px\" \/><\/figure>\n\n\n\n<figure class=\"wp-block-image size-large\"><img loading=\"lazy\" decoding=\"async\" width=\"1024\" height=\"768\" src=\"https:\/\/www.inverseteams.com\/wp-content\/uploads\/ARXIU_BARCELONA_LLIURAMENT_MATERIAL_16_IMG_9314-copia-1024x768.jpg\" alt=\"\" class=\"wp-image-198892\" srcset=\"https:\/\/www.inverseteams.com\/wp-content\/uploads\/ARXIU_BARCELONA_LLIURAMENT_MATERIAL_16_IMG_9314-copia-1024x768.jpg 1024w, https:\/\/www.inverseteams.com\/wp-content\/uploads\/ARXIU_BARCELONA_LLIURAMENT_MATERIAL_16_IMG_9314-copia-300x225.jpg 300w, https:\/\/www.inverseteams.com\/wp-content\/uploads\/ARXIU_BARCELONA_LLIURAMENT_MATERIAL_16_IMG_9314-copia-768x576.jpg 768w, https:\/\/www.inverseteams.com\/wp-content\/uploads\/ARXIU_BARCELONA_LLIURAMENT_MATERIAL_16_IMG_9314-copia-1536x1152.jpg 1536w, https:\/\/www.inverseteams.com\/wp-content\/uploads\/ARXIU_BARCELONA_LLIURAMENT_MATERIAL_16_IMG_9314-copia-2048x1536.jpg 2048w, https:\/\/www.inverseteams.com\/wp-content\/uploads\/ARXIU_BARCELONA_LLIURAMENT_MATERIAL_16_IMG_9314-copia-420x315.jpg 420w, https:\/\/www.inverseteams.com\/wp-content\/uploads\/ARXIU_BARCELONA_LLIURAMENT_MATERIAL_16_IMG_9314-copia-64x48.jpg 64w\" sizes=\"auto, (max-width: 1024px) 100vw, 1024px\" \/><\/figure>\n\n\n\n<div class=\"wp-block-buttons is-layout-flex wp-block-buttons-is-layout-flex\">\n<div class=\"wp-block-button\"><a class=\"wp-block-button__link wp-element-button\" href=\"https:\/\/www.inverseteams.com\/de\/geschichte\/\">Inverse Geschichte<\/a><\/div>\n<\/div>\n","protected":false},"excerpt":{"rendered":"<p>Das Verm\u00e4chtnis des Radsportclubs Esport Ciclista Barcelona (ECB) ist von gro\u00dfer Bedeutung f\u00fcr die Geschichte des katalanischen und spanischen Radsports. Vor Kurzem hat es im historischen Archiv der Stadt Barcelona (AHCB) eine neue Heimat gefunden, ein wichtiger Meilenstein f\u00fcr die Bewahrung und Verbreitung des Wissens \u00fcber die Geschichte des Radsports. Die Unterzeichnung der \u00dcberlassungsvereinbarung, eine [&hellip;]<\/p>\n","protected":false},"author":12,"featured_media":198866,"comment_status":"open","ping_status":"open","sticky":false,"template":"","format":"standard","meta":{"_acf_changed":false,"mc4wp_mailchimp_campaign":[],"footnotes":""},"categories":[11542],"tags":[12206,14153,14154,14155,14156,14157,14158,14159,14160,14161,14162,14163],"class_list":["post-199263","post","type-post","status-publish","format-standard","has-post-thumbnail","hentry","category-radfahren","tag-ciclismo-barcelona-de","tag-barcelona-cycling-history-de","tag-catalonia-cycling-history-de","tag-escalada-castell-montjuic-de","tag-esport-ciclista-barcelona-de","tag-historia-ciclisme-catalunya-de","tag-historia-ciclisme-espanya-de","tag-historia-ciclismo-cataluna-de","tag-historia-ciclismo-espana-de","tag-joaquim-sabate-de","tag-semana-catalana-ciclismo-de","tag-setmana-catalana-ciclisme-de"],"acf":[],"yoast_head":"<!-- This site is optimized with the Yoast SEO plugin v27.3 - https:\/\/yoast.com\/product\/yoast-seo-wordpress\/ -->\n<title>Der Radsportclub Esport Ciclista Barcelona hat sein umfassendes Erbe dem historischen Archiv von Barcelona \u00fcberlassen | Inverseteams<\/title>\n<meta name=\"description\" content=\"Das Verm\u00e4chtnis des Radsportclubs Esport Ciclista Barcelona (ECB) ist von gro\u00dfer Bedeutung f\u00fcr die Geschichte des katalanischen und spanischen Radsports. Vor Kurzem hat es im historischen Archiv der Stadt Barcelona (AHCB) eine neue Heimat gefunden, ein wichtiger Meilenstein f\u00fcr die Bewahrung und Verbreitung des Wissens \u00fcber die Geschichte des Radsports.\" \/>\n<meta name=\"robots\" content=\"index, follow, max-snippet:-1, max-image-preview:large, max-video-preview:-1\" \/>\n<link rel=\"canonical\" href=\"https:\/\/www.inverseteams.com\/de\/blog\/el-importante-legado-del-esport-ciclista-barcelona-cedido-al-archivo-historico-de-barcelona\/\" \/>\n<meta property=\"og:locale\" content=\"de_DE\" \/>\n<meta property=\"og:type\" content=\"article\" \/>\n<meta property=\"og:title\" content=\"Der Radsportclub Esport Ciclista Barcelona hat sein umfassendes Erbe dem historischen Archiv von Barcelona \u00fcberlassen | Inverseteams\" \/>\n<meta property=\"og:description\" content=\"Das Verm\u00e4chtnis des Radsportclubs Esport Ciclista Barcelona (ECB) ist von gro\u00dfer Bedeutung f\u00fcr die Geschichte des katalanischen und spanischen Radsports. Vor Kurzem hat es im historischen Archiv der Stadt Barcelona (AHCB) eine neue Heimat gefunden, ein wichtiger Meilenstein f\u00fcr die Bewahrung und Verbreitung des Wissens \u00fcber die Geschichte des Radsports.\" \/>\n<meta property=\"og:url\" content=\"https:\/\/www.inverseteams.com\/de\/blog\/el-importante-legado-del-esport-ciclista-barcelona-cedido-al-archivo-historico-de-barcelona\/\" \/>\n<meta property=\"og:site_name\" content=\"Inverseteams\" \/>\n<meta property=\"article:publisher\" content=\"https:\/\/www.facebook.com\/inverseteams\" \/>\n<meta property=\"article:published_time\" content=\"2024-04-30T11:51:56+00:00\" \/>\n<meta property=\"article:modified_time\" content=\"2024-05-03T12:14:50+00:00\" \/>\n<meta property=\"og:image\" content=\"https:\/\/www.inverseteams.com\/wp-content\/uploads\/ARXIU_BARCELONA_LLIURAMENT_MATERIAL_04_IMG_9314-copia-1024x768.jpg\" \/>\n\t<meta property=\"og:image:width\" content=\"1024\" \/>\n\t<meta property=\"og:image:height\" content=\"768\" \/>\n\t<meta property=\"og:image:type\" content=\"image\/jpeg\" \/>\n<meta name=\"author\" content=\"xavier\" \/>\n<meta name=\"twitter:card\" content=\"summary_large_image\" \/>\n<meta name=\"twitter:label1\" content=\"Verfasst von\" \/>\n\t<meta name=\"twitter:data1\" content=\"xavier\" \/>\n\t<meta name=\"twitter:label2\" content=\"Gesch\u00e4tzte Lesezeit\" \/>\n\t<meta name=\"twitter:data2\" content=\"4\u00a0Minute\" \/>\n<script type=\"application\/ld+json\" class=\"yoast-schema-graph\">{\"@context\":\"https:\\\/\\\/schema.org\",\"@graph\":[{\"@type\":\"Article\",\"@id\":\"https:\\\/\\\/www.inverseteams.com\\\/de\\\/blog\\\/el-importante-legado-del-esport-ciclista-barcelona-cedido-al-archivo-historico-de-barcelona\\\/#article\",\"isPartOf\":{\"@id\":\"https:\\\/\\\/www.inverseteams.com\\\/de\\\/blog\\\/el-importante-legado-del-esport-ciclista-barcelona-cedido-al-archivo-historico-de-barcelona\\\/\"},\"author\":{\"name\":\"xavier\",\"@id\":\"https:\\\/\\\/www.inverseteams.com\\\/de\\\/#\\\/schema\\\/person\\\/8e9cda76b6449aea55a18c6b0f3a15f1\"},\"headline\":\"Der Radsportclub Esport Ciclista Barcelona hat sein umfassendes Erbe dem historischen Archiv von Barcelona \u00fcberlassen\",\"datePublished\":\"2024-04-30T11:51:56+00:00\",\"dateModified\":\"2024-05-03T12:14:50+00:00\",\"mainEntityOfPage\":{\"@id\":\"https:\\\/\\\/www.inverseteams.com\\\/de\\\/blog\\\/el-importante-legado-del-esport-ciclista-barcelona-cedido-al-archivo-historico-de-barcelona\\\/\"},\"wordCount\":487,\"commentCount\":0,\"publisher\":{\"@id\":\"https:\\\/\\\/www.inverseteams.com\\\/de\\\/#organization\"},\"image\":{\"@id\":\"https:\\\/\\\/www.inverseteams.com\\\/de\\\/blog\\\/el-importante-legado-del-esport-ciclista-barcelona-cedido-al-archivo-historico-de-barcelona\\\/#primaryimage\"},\"thumbnailUrl\":\"https:\\\/\\\/www.inverseteams.com\\\/wp-content\\\/uploads\\\/ARXIU_BARCELONA_LLIURAMENT_MATERIAL_04_IMG_9314-copia.jpg\",\"keywords\":[\"ciclismo barcelona\",\"Barcelona cycling history\",\"Catalonia cycling history\",\"Escalada castell Montju\u00efc\",\"Esport Ciclista Barcelona\",\"historia ciclisme catalunya\",\"hist\u00f2ria ciclisme espanya\",\"Historia ciclismo catalu\u00f1a\",\"historia ciclismo espa\u00f1a\",\"Joaquim Sabat\u00e9\",\"Semana Catalana Ciclismo\",\"Setmana Catalana Ciclisme\"],\"articleSection\":[\"Radfahren\"],\"inLanguage\":\"de\",\"potentialAction\":[{\"@type\":\"CommentAction\",\"name\":\"Comment\",\"target\":[\"https:\\\/\\\/www.inverseteams.com\\\/de\\\/blog\\\/el-importante-legado-del-esport-ciclista-barcelona-cedido-al-archivo-historico-de-barcelona\\\/#respond\"]}]},{\"@type\":\"WebPage\",\"@id\":\"https:\\\/\\\/www.inverseteams.com\\\/de\\\/blog\\\/el-importante-legado-del-esport-ciclista-barcelona-cedido-al-archivo-historico-de-barcelona\\\/\",\"url\":\"https:\\\/\\\/www.inverseteams.com\\\/de\\\/blog\\\/el-importante-legado-del-esport-ciclista-barcelona-cedido-al-archivo-historico-de-barcelona\\\/\",\"name\":\"Der Radsportclub Esport Ciclista Barcelona hat sein umfassendes Erbe dem historischen Archiv von Barcelona \u00fcberlassen | Inverseteams\",\"isPartOf\":{\"@id\":\"https:\\\/\\\/www.inverseteams.com\\\/de\\\/#website\"},\"primaryImageOfPage\":{\"@id\":\"https:\\\/\\\/www.inverseteams.com\\\/de\\\/blog\\\/el-importante-legado-del-esport-ciclista-barcelona-cedido-al-archivo-historico-de-barcelona\\\/#primaryimage\"},\"image\":{\"@id\":\"https:\\\/\\\/www.inverseteams.com\\\/de\\\/blog\\\/el-importante-legado-del-esport-ciclista-barcelona-cedido-al-archivo-historico-de-barcelona\\\/#primaryimage\"},\"thumbnailUrl\":\"https:\\\/\\\/www.inverseteams.com\\\/wp-content\\\/uploads\\\/ARXIU_BARCELONA_LLIURAMENT_MATERIAL_04_IMG_9314-copia.jpg\",\"datePublished\":\"2024-04-30T11:51:56+00:00\",\"dateModified\":\"2024-05-03T12:14:50+00:00\",\"description\":\"Das Verm\u00e4chtnis des Radsportclubs Esport Ciclista Barcelona (ECB) ist von gro\u00dfer Bedeutung f\u00fcr die Geschichte des katalanischen und spanischen Radsports. Vor Kurzem hat es im historischen Archiv der Stadt Barcelona (AHCB) eine neue Heimat gefunden, ein wichtiger Meilenstein f\u00fcr die Bewahrung und Verbreitung des Wissens \u00fcber die Geschichte des Radsports.\",\"breadcrumb\":{\"@id\":\"https:\\\/\\\/www.inverseteams.com\\\/de\\\/blog\\\/el-importante-legado-del-esport-ciclista-barcelona-cedido-al-archivo-historico-de-barcelona\\\/#breadcrumb\"},\"inLanguage\":\"de\",\"potentialAction\":[{\"@type\":\"ReadAction\",\"target\":[\"https:\\\/\\\/www.inverseteams.com\\\/de\\\/blog\\\/el-importante-legado-del-esport-ciclista-barcelona-cedido-al-archivo-historico-de-barcelona\\\/\"]}]},{\"@type\":\"ImageObject\",\"inLanguage\":\"de\",\"@id\":\"https:\\\/\\\/www.inverseteams.com\\\/de\\\/blog\\\/el-importante-legado-del-esport-ciclista-barcelona-cedido-al-archivo-historico-de-barcelona\\\/#primaryimage\",\"url\":\"https:\\\/\\\/www.inverseteams.com\\\/wp-content\\\/uploads\\\/ARXIU_BARCELONA_LLIURAMENT_MATERIAL_04_IMG_9314-copia.jpg\",\"contentUrl\":\"https:\\\/\\\/www.inverseteams.com\\\/wp-content\\\/uploads\\\/ARXIU_BARCELONA_LLIURAMENT_MATERIAL_04_IMG_9314-copia.jpg\",\"width\":4032,\"height\":3024},{\"@type\":\"BreadcrumbList\",\"@id\":\"https:\\\/\\\/www.inverseteams.com\\\/de\\\/blog\\\/el-importante-legado-del-esport-ciclista-barcelona-cedido-al-archivo-historico-de-barcelona\\\/#breadcrumb\",\"itemListElement\":[{\"@type\":\"ListItem\",\"position\":1,\"name\":\"Portada\",\"item\":\"https:\\\/\\\/www.inverseteams.com\\\/de\\\/\"},{\"@type\":\"ListItem\",\"position\":2,\"name\":\"Der Radsportclub Esport Ciclista Barcelona hat sein umfassendes Erbe dem historischen Archiv von Barcelona \u00fcberlassen\"}]},{\"@type\":\"WebSite\",\"@id\":\"https:\\\/\\\/www.inverseteams.com\\\/de\\\/#website\",\"url\":\"https:\\\/\\\/www.inverseteams.com\\\/de\\\/\",\"name\":\"Inverseteams\",\"description\":\"Tu marca de ropa deportiva personalizada\",\"publisher\":{\"@id\":\"https:\\\/\\\/www.inverseteams.com\\\/de\\\/#organization\"},\"potentialAction\":[{\"@type\":\"SearchAction\",\"target\":{\"@type\":\"EntryPoint\",\"urlTemplate\":\"https:\\\/\\\/www.inverseteams.com\\\/de\\\/?s={search_term_string}\"},\"query-input\":{\"@type\":\"PropertyValueSpecification\",\"valueRequired\":true,\"valueName\":\"search_term_string\"}}],\"inLanguage\":\"de\"},{\"@type\":\"Organization\",\"@id\":\"https:\\\/\\\/www.inverseteams.com\\\/de\\\/#organization\",\"name\":\"Inverse Teams\",\"url\":\"https:\\\/\\\/www.inverseteams.com\\\/de\\\/\",\"logo\":{\"@type\":\"ImageObject\",\"inLanguage\":\"de\",\"@id\":\"https:\\\/\\\/www.inverseteams.com\\\/de\\\/#\\\/schema\\\/logo\\\/image\\\/\",\"url\":\"https:\\\/\\\/www.inverseteams.com\\\/wp-content\\\/uploads\\\/2021\\\/03\\\/logo-inverse-teams.png\",\"contentUrl\":\"https:\\\/\\\/www.inverseteams.com\\\/wp-content\\\/uploads\\\/2021\\\/03\\\/logo-inverse-teams.png\",\"width\":294,\"height\":99,\"caption\":\"Inverse Teams\"},\"image\":{\"@id\":\"https:\\\/\\\/www.inverseteams.com\\\/de\\\/#\\\/schema\\\/logo\\\/image\\\/\"},\"sameAs\":[\"https:\\\/\\\/www.facebook.com\\\/inverseteams\",\"http:\\\/\\\/instagram.com\\\/inverseteams\",\"https:\\\/\\\/www.linkedin.com\\\/company\\\/inverse-cirosport-s-l-?trk=job_view_topcard_company_name\",\"http:\\\/\\\/www.pinterest.com\\\/inverseteams\\\/\",\"http:\\\/\\\/www.youtube.com\\\/user\\\/inverseteams?feature=watch\"]},{\"@type\":\"Person\",\"@id\":\"https:\\\/\\\/www.inverseteams.com\\\/de\\\/#\\\/schema\\\/person\\\/8e9cda76b6449aea55a18c6b0f3a15f1\",\"name\":\"xavier\",\"image\":{\"@type\":\"ImageObject\",\"inLanguage\":\"de\",\"@id\":\"https:\\\/\\\/secure.gravatar.com\\\/avatar\\\/602b199a1f28e97d83ab3a8bcb642260f5afd77cb09704889d85ddd70643cddb?s=96&d=mm&r=g\",\"url\":\"https:\\\/\\\/secure.gravatar.com\\\/avatar\\\/602b199a1f28e97d83ab3a8bcb642260f5afd77cb09704889d85ddd70643cddb?s=96&d=mm&r=g\",\"contentUrl\":\"https:\\\/\\\/secure.gravatar.com\\\/avatar\\\/602b199a1f28e97d83ab3a8bcb642260f5afd77cb09704889d85ddd70643cddb?s=96&d=mm&r=g\",\"caption\":\"xavier\"}}]}<\/script>\n<!-- \/ Yoast SEO plugin. -->","yoast_head_json":{"title":"Der Radsportclub Esport Ciclista Barcelona hat sein umfassendes Erbe dem historischen Archiv von Barcelona \u00fcberlassen | Inverseteams","description":"Das Verm\u00e4chtnis des Radsportclubs Esport Ciclista Barcelona (ECB) ist von gro\u00dfer Bedeutung f\u00fcr die Geschichte des katalanischen und spanischen Radsports. Vor Kurzem hat es im historischen Archiv der Stadt Barcelona (AHCB) eine neue Heimat gefunden, ein wichtiger Meilenstein f\u00fcr die Bewahrung und Verbreitung des Wissens \u00fcber die Geschichte des Radsports.","robots":{"index":"index","follow":"follow","max-snippet":"max-snippet:-1","max-image-preview":"max-image-preview:large","max-video-preview":"max-video-preview:-1"},"canonical":"https:\/\/www.inverseteams.com\/de\/blog\/el-importante-legado-del-esport-ciclista-barcelona-cedido-al-archivo-historico-de-barcelona\/","og_locale":"de_DE","og_type":"article","og_title":"Der Radsportclub Esport Ciclista Barcelona hat sein umfassendes Erbe dem historischen Archiv von Barcelona \u00fcberlassen | Inverseteams","og_description":"Das Verm\u00e4chtnis des Radsportclubs Esport Ciclista Barcelona (ECB) ist von gro\u00dfer Bedeutung f\u00fcr die Geschichte des katalanischen und spanischen Radsports. Vor Kurzem hat es im historischen Archiv der Stadt Barcelona (AHCB) eine neue Heimat gefunden, ein wichtiger Meilenstein f\u00fcr die Bewahrung und Verbreitung des Wissens \u00fcber die Geschichte des Radsports.","og_url":"https:\/\/www.inverseteams.com\/de\/blog\/el-importante-legado-del-esport-ciclista-barcelona-cedido-al-archivo-historico-de-barcelona\/","og_site_name":"Inverseteams","article_publisher":"https:\/\/www.facebook.com\/inverseteams","article_published_time":"2024-04-30T11:51:56+00:00","article_modified_time":"2024-05-03T12:14:50+00:00","og_image":[{"width":1024,"height":768,"url":"https:\/\/www.inverseteams.com\/wp-content\/uploads\/ARXIU_BARCELONA_LLIURAMENT_MATERIAL_04_IMG_9314-copia-1024x768.jpg","type":"image\/jpeg"}],"author":"xavier","twitter_card":"summary_large_image","twitter_misc":{"Verfasst von":"xavier","Gesch\u00e4tzte Lesezeit":"4\u00a0Minute"},"schema":{"@context":"https:\/\/schema.org","@graph":[{"@type":"Article","@id":"https:\/\/www.inverseteams.com\/de\/blog\/el-importante-legado-del-esport-ciclista-barcelona-cedido-al-archivo-historico-de-barcelona\/#article","isPartOf":{"@id":"https:\/\/www.inverseteams.com\/de\/blog\/el-importante-legado-del-esport-ciclista-barcelona-cedido-al-archivo-historico-de-barcelona\/"},"author":{"name":"xavier","@id":"https:\/\/www.inverseteams.com\/de\/#\/schema\/person\/8e9cda76b6449aea55a18c6b0f3a15f1"},"headline":"Der Radsportclub Esport Ciclista Barcelona hat sein umfassendes Erbe dem historischen Archiv von Barcelona \u00fcberlassen","datePublished":"2024-04-30T11:51:56+00:00","dateModified":"2024-05-03T12:14:50+00:00","mainEntityOfPage":{"@id":"https:\/\/www.inverseteams.com\/de\/blog\/el-importante-legado-del-esport-ciclista-barcelona-cedido-al-archivo-historico-de-barcelona\/"},"wordCount":487,"commentCount":0,"publisher":{"@id":"https:\/\/www.inverseteams.com\/de\/#organization"},"image":{"@id":"https:\/\/www.inverseteams.com\/de\/blog\/el-importante-legado-del-esport-ciclista-barcelona-cedido-al-archivo-historico-de-barcelona\/#primaryimage"},"thumbnailUrl":"https:\/\/www.inverseteams.com\/wp-content\/uploads\/ARXIU_BARCELONA_LLIURAMENT_MATERIAL_04_IMG_9314-copia.jpg","keywords":["ciclismo barcelona","Barcelona cycling history","Catalonia cycling history","Escalada castell Montju\u00efc","Esport Ciclista Barcelona","historia ciclisme catalunya","hist\u00f2ria ciclisme espanya","Historia ciclismo catalu\u00f1a","historia ciclismo espa\u00f1a","Joaquim Sabat\u00e9","Semana Catalana Ciclismo","Setmana Catalana Ciclisme"],"articleSection":["Radfahren"],"inLanguage":"de","potentialAction":[{"@type":"CommentAction","name":"Comment","target":["https:\/\/www.inverseteams.com\/de\/blog\/el-importante-legado-del-esport-ciclista-barcelona-cedido-al-archivo-historico-de-barcelona\/#respond"]}]},{"@type":"WebPage","@id":"https:\/\/www.inverseteams.com\/de\/blog\/el-importante-legado-del-esport-ciclista-barcelona-cedido-al-archivo-historico-de-barcelona\/","url":"https:\/\/www.inverseteams.com\/de\/blog\/el-importante-legado-del-esport-ciclista-barcelona-cedido-al-archivo-historico-de-barcelona\/","name":"Der Radsportclub Esport Ciclista Barcelona hat sein umfassendes Erbe dem historischen Archiv von Barcelona \u00fcberlassen | Inverseteams","isPartOf":{"@id":"https:\/\/www.inverseteams.com\/de\/#website"},"primaryImageOfPage":{"@id":"https:\/\/www.inverseteams.com\/de\/blog\/el-importante-legado-del-esport-ciclista-barcelona-cedido-al-archivo-historico-de-barcelona\/#primaryimage"},"image":{"@id":"https:\/\/www.inverseteams.com\/de\/blog\/el-importante-legado-del-esport-ciclista-barcelona-cedido-al-archivo-historico-de-barcelona\/#primaryimage"},"thumbnailUrl":"https:\/\/www.inverseteams.com\/wp-content\/uploads\/ARXIU_BARCELONA_LLIURAMENT_MATERIAL_04_IMG_9314-copia.jpg","datePublished":"2024-04-30T11:51:56+00:00","dateModified":"2024-05-03T12:14:50+00:00","description":"Das Verm\u00e4chtnis des Radsportclubs Esport Ciclista Barcelona (ECB) ist von gro\u00dfer Bedeutung f\u00fcr die Geschichte des katalanischen und spanischen Radsports. Vor Kurzem hat es im historischen Archiv der Stadt Barcelona (AHCB) eine neue Heimat gefunden, ein wichtiger Meilenstein f\u00fcr die Bewahrung und Verbreitung des Wissens \u00fcber die Geschichte des Radsports.","breadcrumb":{"@id":"https:\/\/www.inverseteams.com\/de\/blog\/el-importante-legado-del-esport-ciclista-barcelona-cedido-al-archivo-historico-de-barcelona\/#breadcrumb"},"inLanguage":"de","potentialAction":[{"@type":"ReadAction","target":["https:\/\/www.inverseteams.com\/de\/blog\/el-importante-legado-del-esport-ciclista-barcelona-cedido-al-archivo-historico-de-barcelona\/"]}]},{"@type":"ImageObject","inLanguage":"de","@id":"https:\/\/www.inverseteams.com\/de\/blog\/el-importante-legado-del-esport-ciclista-barcelona-cedido-al-archivo-historico-de-barcelona\/#primaryimage","url":"https:\/\/www.inverseteams.com\/wp-content\/uploads\/ARXIU_BARCELONA_LLIURAMENT_MATERIAL_04_IMG_9314-copia.jpg","contentUrl":"https:\/\/www.inverseteams.com\/wp-content\/uploads\/ARXIU_BARCELONA_LLIURAMENT_MATERIAL_04_IMG_9314-copia.jpg","width":4032,"height":3024},{"@type":"BreadcrumbList","@id":"https:\/\/www.inverseteams.com\/de\/blog\/el-importante-legado-del-esport-ciclista-barcelona-cedido-al-archivo-historico-de-barcelona\/#breadcrumb","itemListElement":[{"@type":"ListItem","position":1,"name":"Portada","item":"https:\/\/www.inverseteams.com\/de\/"},{"@type":"ListItem","position":2,"name":"Der Radsportclub Esport Ciclista Barcelona hat sein umfassendes Erbe dem historischen Archiv von Barcelona \u00fcberlassen"}]},{"@type":"WebSite","@id":"https:\/\/www.inverseteams.com\/de\/#website","url":"https:\/\/www.inverseteams.com\/de\/","name":"Inverseteams","description":"Tu marca de ropa deportiva personalizada","publisher":{"@id":"https:\/\/www.inverseteams.com\/de\/#organization"},"potentialAction":[{"@type":"SearchAction","target":{"@type":"EntryPoint","urlTemplate":"https:\/\/www.inverseteams.com\/de\/?s={search_term_string}"},"query-input":{"@type":"PropertyValueSpecification","valueRequired":true,"valueName":"search_term_string"}}],"inLanguage":"de"},{"@type":"Organization","@id":"https:\/\/www.inverseteams.com\/de\/#organization","name":"Inverse Teams","url":"https:\/\/www.inverseteams.com\/de\/","logo":{"@type":"ImageObject","inLanguage":"de","@id":"https:\/\/www.inverseteams.com\/de\/#\/schema\/logo\/image\/","url":"https:\/\/www.inverseteams.com\/wp-content\/uploads\/2021\/03\/logo-inverse-teams.png","contentUrl":"https:\/\/www.inverseteams.com\/wp-content\/uploads\/2021\/03\/logo-inverse-teams.png","width":294,"height":99,"caption":"Inverse Teams"},"image":{"@id":"https:\/\/www.inverseteams.com\/de\/#\/schema\/logo\/image\/"},"sameAs":["https:\/\/www.facebook.com\/inverseteams","http:\/\/instagram.com\/inverseteams","https:\/\/www.linkedin.com\/company\/inverse-cirosport-s-l-?trk=job_view_topcard_company_name","http:\/\/www.pinterest.com\/inverseteams\/","http:\/\/www.youtube.com\/user\/inverseteams?feature=watch"]},{"@type":"Person","@id":"https:\/\/www.inverseteams.com\/de\/#\/schema\/person\/8e9cda76b6449aea55a18c6b0f3a15f1","name":"xavier","image":{"@type":"ImageObject","inLanguage":"de","@id":"https:\/\/secure.gravatar.com\/avatar\/602b199a1f28e97d83ab3a8bcb642260f5afd77cb09704889d85ddd70643cddb?s=96&d=mm&r=g","url":"https:\/\/secure.gravatar.com\/avatar\/602b199a1f28e97d83ab3a8bcb642260f5afd77cb09704889d85ddd70643cddb?s=96&d=mm&r=g","contentUrl":"https:\/\/secure.gravatar.com\/avatar\/602b199a1f28e97d83ab3a8bcb642260f5afd77cb09704889d85ddd70643cddb?s=96&d=mm&r=g","caption":"xavier"}}]}},"_links":{"self":[{"href":"https:\/\/www.inverseteams.com\/de\/wp-json\/wp\/v2\/posts\/199263","targetHints":{"allow":["GET"]}}],"collection":[{"href":"https:\/\/www.inverseteams.com\/de\/wp-json\/wp\/v2\/posts"}],"about":[{"href":"https:\/\/www.inverseteams.com\/de\/wp-json\/wp\/v2\/types\/post"}],"author":[{"embeddable":true,"href":"https:\/\/www.inverseteams.com\/de\/wp-json\/wp\/v2\/users\/12"}],"replies":[{"embeddable":true,"href":"https:\/\/www.inverseteams.com\/de\/wp-json\/wp\/v2\/comments?post=199263"}],"version-history":[{"count":0,"href":"https:\/\/www.inverseteams.com\/de\/wp-json\/wp\/v2\/posts\/199263\/revisions"}],"wp:featuredmedia":[{"embeddable":true,"href":"https:\/\/www.inverseteams.com\/de\/wp-json\/wp\/v2\/media\/198866"}],"wp:attachment":[{"href":"https:\/\/www.inverseteams.com\/de\/wp-json\/wp\/v2\/media?parent=199263"}],"wp:term":[{"taxonomy":"category","embeddable":true,"href":"https:\/\/www.inverseteams.com\/de\/wp-json\/wp\/v2\/categories?post=199263"},{"taxonomy":"post_tag","embeddable":true,"href":"https:\/\/www.inverseteams.com\/de\/wp-json\/wp\/v2\/tags?post=199263"}],"curies":[{"name":"wp","href":"https:\/\/api.w.org\/{rel}","templated":true}]}}