{"id":185399,"date":"2024-02-21T06:30:00","date_gmt":"2024-02-21T06:30:00","guid":{"rendered":"https:\/\/www.inverseteams.com\/?p=185399"},"modified":"2024-02-19T11:29:41","modified_gmt":"2024-02-19T11:29:41","slug":"el-massi-mtb-racing-team-2024-renueva-su-estilo-con-las-vibrantes-prendas-ciclistas-de-inverse","status":"publish","type":"post","link":"https:\/\/www.inverseteams.com\/de\/blog\/el-massi-mtb-racing-team-2024-renueva-su-estilo-con-las-vibrantes-prendas-ciclistas-de-inverse\/","title":{"rendered":"Neuer Stil f\u00fcr das Massi MTB Racing Team 2024 dank der farbenfrohen Radsportkleidung von Inverse"},"content":{"rendered":"\n<figure class=\"wp-block-image size-large\"><img loading=\"lazy\" decoding=\"async\" width=\"1024\" height=\"683\" src=\"https:\/\/www.inverseteams.com\/wp-content\/uploads\/INVERSE-EQUIPO-MTB-MASSI-001-1024x683.jpg\" alt=\"\" class=\"wp-image-185354\" srcset=\"https:\/\/www.inverseteams.com\/wp-content\/uploads\/INVERSE-EQUIPO-MTB-MASSI-001-1024x683.jpg 1024w, https:\/\/www.inverseteams.com\/wp-content\/uploads\/INVERSE-EQUIPO-MTB-MASSI-001-300x200.jpg 300w, https:\/\/www.inverseteams.com\/wp-content\/uploads\/INVERSE-EQUIPO-MTB-MASSI-001-768x512.jpg 768w, https:\/\/www.inverseteams.com\/wp-content\/uploads\/INVERSE-EQUIPO-MTB-MASSI-001-1536x1024.jpg 1536w, https:\/\/www.inverseteams.com\/wp-content\/uploads\/INVERSE-EQUIPO-MTB-MASSI-001-420x280.jpg 420w, https:\/\/www.inverseteams.com\/wp-content\/uploads\/INVERSE-EQUIPO-MTB-MASSI-001-64x43.jpg 64w, https:\/\/www.inverseteams.com\/wp-content\/uploads\/INVERSE-EQUIPO-MTB-MASSI-001.jpg 1920w\" sizes=\"auto, (max-width: 1024px) 100vw, 1024px\" \/><\/figure>\n\n\n<div class=\"wrapper-heading\">\n<h2 class=\"wp-block-heading\">Das neu aufgestellte Massi MTB Racing Team 2024, das sich wie bisher aus Fahrern verschiedener Nationalit\u00e4ten zusammensetzt, wird von Inverse mit pr\u00e4gnanter Radsportmode neu eingekleidet.<\/h2>\n<\/div>\n\n<div class=\"wrapper-heading\">\n<h3 class=\"wp-block-heading\">Der Mexikaner Jos\u00e9 Gerardo Ulloa, der sich w\u00e4hrend der Saison 2023 in den panamerikanischen XCO und Short Track Meisterschaften gegen verschiedene Weltcup-Rivalen durchsetzen konnte, ist nach wie vor einer der wichtigsten Fahrer des Massi MTB Racing Team 2024.<\/h3>\n<\/div>\n\n<div class=\"wrapper-heading\">\n<h4 class=\"wp-block-heading\">Auch die Mexikanerin Monserrath Rodr\u00edguez und der Franzose Maxime Loret sind in dieser Saison wieder beim Massi MTB Racing Team 2024 dabei. Neu ins Team aufgenommen wurden namhafte Fahrer aus Frankreich, Spanien, Mexiko und Schweden.<\/h4>\n<\/div>\n\n\n<figure class=\"wp-block-embed is-type-video is-provider-youtube wp-block-embed-youtube wp-embed-aspect-16-9 wp-has-aspect-ratio\"><div class=\"wp-block-embed__wrapper\">\n<iframe loading=\"lazy\" title=\"Massi MTB Racing Team 2024 by Inverse\" width=\"640\" height=\"360\" src=\"https:\/\/www.youtube.com\/embed\/_APqEeEGHo4?feature=oembed\" frameborder=\"0\" allow=\"accelerometer; autoplay; clipboard-write; encrypted-media; gyroscope; picture-in-picture; web-share\" referrerpolicy=\"strict-origin-when-cross-origin\" allowfullscreen><\/iframe>\n<\/div><\/figure>\n\n\n\n<figure class=\"wp-block-image size-large\"><img loading=\"lazy\" decoding=\"async\" width=\"1024\" height=\"683\" src=\"https:\/\/www.inverseteams.com\/wp-content\/uploads\/INVERSE-EQUIPO-MTB-MASSI-002-1024x683.jpg\" alt=\"\" class=\"wp-image-185359\" srcset=\"https:\/\/www.inverseteams.com\/wp-content\/uploads\/INVERSE-EQUIPO-MTB-MASSI-002-1024x683.jpg 1024w, https:\/\/www.inverseteams.com\/wp-content\/uploads\/INVERSE-EQUIPO-MTB-MASSI-002-300x200.jpg 300w, https:\/\/www.inverseteams.com\/wp-content\/uploads\/INVERSE-EQUIPO-MTB-MASSI-002-768x512.jpg 768w, https:\/\/www.inverseteams.com\/wp-content\/uploads\/INVERSE-EQUIPO-MTB-MASSI-002-1536x1024.jpg 1536w, https:\/\/www.inverseteams.com\/wp-content\/uploads\/INVERSE-EQUIPO-MTB-MASSI-002-420x280.jpg 420w, https:\/\/www.inverseteams.com\/wp-content\/uploads\/INVERSE-EQUIPO-MTB-MASSI-002-64x43.jpg 64w, https:\/\/www.inverseteams.com\/wp-content\/uploads\/INVERSE-EQUIPO-MTB-MASSI-002.jpg 1920w\" sizes=\"auto, (max-width: 1024px) 100vw, 1024px\" \/><\/figure>\n\n\n<div class=\"wrapper-heading\">\n<h4 class=\"wp-block-heading\"><strong>Das perfekte Team, um die R\u00e4der von Massi und die MTB-Radsportkleidung von Inverse auf die Probe zu stellen.<\/strong><\/h4>\n<\/div>\n\n\n<p>Inverse und <a href=\"https:\/\/www.massi.bike\/en\/\">Massi<\/a> sind sich in einem wesentlichen Punkt einig: die aktuelle Lage in der Welt der Mountainbike-Rennen k\u00f6nnte nicht positiver sein und setzt ihr anhaltendes Wachstum fort. <strong>MTB ist eine der spannendsten und herausforderndsten Radsportarten<\/strong> und zieht immer mehr Radbegeisterte und Liebhaber des Outdoor-Sports weltweit in ihren Bann.<\/p>\n\n\n\n<p>In den vergangenen Jahren hat die <strong>Anzahl der Events und Wettk\u00e4mpfe in MTB sp\u00fcrbar zugenommen<\/strong>, von Rennen lokaler Ebene bis zu namhaften internationalen Elite-Events wie der MTB-Weltmeisterschaft. Zudem widmen sich immer mehr Radsportler ausschlie\u00dflich dem MTB und trainieren ihre F\u00e4higkeiten und ihre Leistung unerm\u00fcdlich, um auf den Profi-Strecken mithalten zu k\u00f6nnen.<\/p>\n\n\n\n<p><strong>Ein wesentlicher Wachstumsfaktor beim MTB ist die technische Innovation.<\/strong> Profi-Rennr\u00e4der wie die von Massi wurden zu moderneren und st\u00e4rker spezialisierten Modellen weiterentwickelt, die erheblich schneller und sicherer sind und die Wettkampferfahrung sp\u00fcrbar verbessert haben.<\/p>\n\n\n\n<p>Gleiches gilt f\u00fcr die personalisierte Mountainbike-Bekleidung. Auf diesem Gebiet<strong> hat sich Inverse jahrelang der fortlaufenden Entwicklung und Verbesserung einer personalisierten Produktlinie gewidmet, die den verschiedenen Wettkampfbedingungen in BTT, MTB oder Cyclocross<\/strong> <strong>angepasst ist<\/strong> und immer darauf abzielt, den Radsportlern maximalen Komfort und Effizienz zu bieten.<\/p>\n\n\n\n<p>Somit ist <strong>die strategische und fundamentale Pr\u00e4senz des Massi MTB Racing Team 2024 entscheidend daf\u00fcr, die R\u00e4der von Massi ebenso wie die personalisierte Radsportkleidung von Inverse auf die Probe stellen und kontinuierlich verbessern und weiterentwickeln zu k\u00f6nnen<\/strong>.<\/p>\n\n\n\n<figure class=\"wp-block-image size-large\"><img loading=\"lazy\" decoding=\"async\" width=\"1024\" height=\"683\" src=\"https:\/\/www.inverseteams.com\/wp-content\/uploads\/INVERSE-EQUIPO-MTB-MASSI-003-1024x683.jpg\" alt=\"\" class=\"wp-image-185364\" srcset=\"https:\/\/www.inverseteams.com\/wp-content\/uploads\/INVERSE-EQUIPO-MTB-MASSI-003-1024x683.jpg 1024w, https:\/\/www.inverseteams.com\/wp-content\/uploads\/INVERSE-EQUIPO-MTB-MASSI-003-300x200.jpg 300w, https:\/\/www.inverseteams.com\/wp-content\/uploads\/INVERSE-EQUIPO-MTB-MASSI-003-768x512.jpg 768w, https:\/\/www.inverseteams.com\/wp-content\/uploads\/INVERSE-EQUIPO-MTB-MASSI-003-1536x1024.jpg 1536w, https:\/\/www.inverseteams.com\/wp-content\/uploads\/INVERSE-EQUIPO-MTB-MASSI-003-420x280.jpg 420w, https:\/\/www.inverseteams.com\/wp-content\/uploads\/INVERSE-EQUIPO-MTB-MASSI-003-64x43.jpg 64w, https:\/\/www.inverseteams.com\/wp-content\/uploads\/INVERSE-EQUIPO-MTB-MASSI-003.jpg 1920w\" sizes=\"auto, (max-width: 1024px) 100vw, 1024px\" \/><\/figure>\n\n\n<div class=\"wrapper-heading\">\n<h4 class=\"wp-block-heading\"><strong>Ein ideales Team<\/strong><\/h4>\n<\/div>\n\n\n<p><strong>Das Massi MTB Racing Team hat sich in bisherigen Saisonen durch seine au\u00dfergew\u00f6hnliche Leistung ausgezeichnet.<\/strong> In seinem fortlaufenden Streben nach Exzellenz sind die wichtigsten Ziele des professionellen Massi MTB Racing Team nationale Titel in Spanien und in Amerika sowie vordere Pl\u00e4tze beim Weltcup und der Weltmeisterschaft.<\/p>\n\n\n\n<p>Diese ehrgeizigen Ziele haben Massi dazu bewegt, ein Elite-Team aus neun namhaften Radsportlern zusammenzustellen, f\u00fcnf M\u00e4nnern und vier Frauen mit vier verschiedenen Nationalit\u00e4ten. Zu ihnen z\u00e4hlen die Mexikaner <strong>Jos\u00e9 Gerardo Ulloa<\/strong> und <strong>Monserrath Rodr\u00edguez<\/strong>, die Franzosen <strong>Maxime Loret<\/strong>, <strong>Antoine Philipp<\/strong>, <strong>Loan Cheneval<\/strong> und <strong>No\u00e9mie Pan<\/strong>, die Schwedin <strong>Linn Gustafzzon<\/strong> und die katalanischen Geschwister <strong>N\u00faria Bosch<\/strong> und <strong>Jaume Bosch<\/strong>. Diese vielseitige und talentierte Truppe verk\u00f6rpert die Entschlossenheit von Massi, <strong>neue H\u00f6hen in der internationalen Szene des Mountainbike zu erklimmen<\/strong>.<\/p>\n\n\n\n<figure class=\"wp-block-image size-large\"><img loading=\"lazy\" decoding=\"async\" width=\"1024\" height=\"683\" src=\"https:\/\/www.inverseteams.com\/wp-content\/uploads\/INVERSE-EQUIPO-MTB-MASSI-004-1024x683.jpg\" alt=\"\" class=\"wp-image-185369\" srcset=\"https:\/\/www.inverseteams.com\/wp-content\/uploads\/INVERSE-EQUIPO-MTB-MASSI-004-1024x683.jpg 1024w, https:\/\/www.inverseteams.com\/wp-content\/uploads\/INVERSE-EQUIPO-MTB-MASSI-004-300x200.jpg 300w, https:\/\/www.inverseteams.com\/wp-content\/uploads\/INVERSE-EQUIPO-MTB-MASSI-004-768x512.jpg 768w, https:\/\/www.inverseteams.com\/wp-content\/uploads\/INVERSE-EQUIPO-MTB-MASSI-004-1536x1024.jpg 1536w, https:\/\/www.inverseteams.com\/wp-content\/uploads\/INVERSE-EQUIPO-MTB-MASSI-004-420x280.jpg 420w, https:\/\/www.inverseteams.com\/wp-content\/uploads\/INVERSE-EQUIPO-MTB-MASSI-004-64x43.jpg 64w, https:\/\/www.inverseteams.com\/wp-content\/uploads\/INVERSE-EQUIPO-MTB-MASSI-004.jpg 1920w\" sizes=\"auto, (max-width: 1024px) 100vw, 1024px\" \/><\/figure>\n\n\n\n<figure class=\"wp-block-image size-large\"><img loading=\"lazy\" decoding=\"async\" width=\"1024\" height=\"683\" src=\"https:\/\/www.inverseteams.com\/wp-content\/uploads\/INVERSE-EQUIPO-MTB-MASSI-005-1024x683.jpg\" alt=\"\" class=\"wp-image-185374\" srcset=\"https:\/\/www.inverseteams.com\/wp-content\/uploads\/INVERSE-EQUIPO-MTB-MASSI-005-1024x683.jpg 1024w, https:\/\/www.inverseteams.com\/wp-content\/uploads\/INVERSE-EQUIPO-MTB-MASSI-005-300x200.jpg 300w, https:\/\/www.inverseteams.com\/wp-content\/uploads\/INVERSE-EQUIPO-MTB-MASSI-005-768x512.jpg 768w, https:\/\/www.inverseteams.com\/wp-content\/uploads\/INVERSE-EQUIPO-MTB-MASSI-005-1536x1024.jpg 1536w, https:\/\/www.inverseteams.com\/wp-content\/uploads\/INVERSE-EQUIPO-MTB-MASSI-005-420x280.jpg 420w, https:\/\/www.inverseteams.com\/wp-content\/uploads\/INVERSE-EQUIPO-MTB-MASSI-005-64x43.jpg 64w, https:\/\/www.inverseteams.com\/wp-content\/uploads\/INVERSE-EQUIPO-MTB-MASSI-005.jpg 1920w\" sizes=\"auto, (max-width: 1024px) 100vw, 1024px\" \/><\/figure>\n\n\n\n<figure class=\"wp-block-image size-large\"><img loading=\"lazy\" decoding=\"async\" width=\"1024\" height=\"683\" src=\"https:\/\/www.inverseteams.com\/wp-content\/uploads\/INVERSE-EQUIPO-MTB-MASSI-006-1024x683.jpg\" alt=\"\" class=\"wp-image-185379\" srcset=\"https:\/\/www.inverseteams.com\/wp-content\/uploads\/INVERSE-EQUIPO-MTB-MASSI-006-1024x683.jpg 1024w, https:\/\/www.inverseteams.com\/wp-content\/uploads\/INVERSE-EQUIPO-MTB-MASSI-006-300x200.jpg 300w, https:\/\/www.inverseteams.com\/wp-content\/uploads\/INVERSE-EQUIPO-MTB-MASSI-006-768x512.jpg 768w, https:\/\/www.inverseteams.com\/wp-content\/uploads\/INVERSE-EQUIPO-MTB-MASSI-006-1536x1024.jpg 1536w, https:\/\/www.inverseteams.com\/wp-content\/uploads\/INVERSE-EQUIPO-MTB-MASSI-006-420x280.jpg 420w, https:\/\/www.inverseteams.com\/wp-content\/uploads\/INVERSE-EQUIPO-MTB-MASSI-006-64x43.jpg 64w, https:\/\/www.inverseteams.com\/wp-content\/uploads\/INVERSE-EQUIPO-MTB-MASSI-006.jpg 1920w\" sizes=\"auto, (max-width: 1024px) 100vw, 1024px\" \/><\/figure>\n\n\n<div class=\"wrapper-heading\">\n<h4 class=\"wp-block-heading\"><strong>Episches Zusammenspiel zweier ikonischer Marken aus der Welt des Radsports<\/strong><\/h4>\n<\/div>\n\n\n<p>In der vierten Saison in Folge <strong>unterhalten die katalanischen Marken Inverse und Massi eine enge Zusammenarbeit.<\/strong> Beide Marken k\u00f6nnen auf eine solide Pr\u00e4senz auf dem europ\u00e4ischen Kontinent, in Mittel- und in S\u00fcdamerika verweisen und sind besonders auf dem franz\u00f6sischen Markt stark vertreten.<\/p>\n\n\n\n<p><a href=\"https:\/\/www.inverseteams.com\/de\/geschichte\/\">Kein Zweifel, das 1969 gegr\u00fcndete Inverse<\/a> und das seit 1934 bestehende Massi z\u00e4hlen zu den <strong>pr\u00e4gendsten Marken Spaniens<\/strong>, mit weitreichender Erfahrung und hohem Bekanntheitsgrad auf nationaler und internationaler Ebene in der Welt des Radsports.<\/p>\n\n\n\n<figure class=\"wp-block-image size-large\"><img loading=\"lazy\" decoding=\"async\" width=\"1024\" height=\"683\" src=\"https:\/\/www.inverseteams.com\/wp-content\/uploads\/INVERSE-EQUIPO-MTB-MASSI-007-1024x683.jpg\" alt=\"\" class=\"wp-image-185384\" srcset=\"https:\/\/www.inverseteams.com\/wp-content\/uploads\/INVERSE-EQUIPO-MTB-MASSI-007-1024x683.jpg 1024w, https:\/\/www.inverseteams.com\/wp-content\/uploads\/INVERSE-EQUIPO-MTB-MASSI-007-300x200.jpg 300w, https:\/\/www.inverseteams.com\/wp-content\/uploads\/INVERSE-EQUIPO-MTB-MASSI-007-768x512.jpg 768w, https:\/\/www.inverseteams.com\/wp-content\/uploads\/INVERSE-EQUIPO-MTB-MASSI-007-1536x1024.jpg 1536w, https:\/\/www.inverseteams.com\/wp-content\/uploads\/INVERSE-EQUIPO-MTB-MASSI-007-420x280.jpg 420w, https:\/\/www.inverseteams.com\/wp-content\/uploads\/INVERSE-EQUIPO-MTB-MASSI-007-64x43.jpg 64w, https:\/\/www.inverseteams.com\/wp-content\/uploads\/INVERSE-EQUIPO-MTB-MASSI-007.jpg 1920w\" sizes=\"auto, (max-width: 1024px) 100vw, 1024px\" \/><\/figure>\n\n\n<div class=\"wrapper-heading\">\n<h4 class=\"wp-block-heading\"><strong>Ein Design, das das leidenschaftliche Wesen des Teams erfasst<\/strong><\/h4>\n<\/div>\n\n\n<p><a href=\"https:\/\/www.inverseteams.com\/de\/custom\/personalisierte-fahrradbekleidung\/?utm_source=BLOG&amp;utm_medium=blog&amp;utm_campaign=BL-035%2F24+Massi+Team+2024+DE&amp;utm_id=BL-035%2F24+Massi+Team+2024+DE&amp;utm_term=Massi+Team+2024+DE&amp;utm_content=Massi+Team+2024+DE\">Inverse hat die neue Ausr\u00fcstung des Massi MTB Racing Team 2024<\/a> mit Blick auf Innovation und eine starke Teampr\u00e4senz bei den Wettk\u00e4mpfen konzipiert.<\/p>\n\n\n\n<p>Das Design basiert auf den Unternehmensfarben von Massi: rot, schwarz, anthrazit und wei\u00df. Ein besonderes Highlight ist die <strong>eindrucksvolle Textur des Trikots<\/strong> dieser Saison, das zweifellos viele Augen auf sich ziehen wird. Dieses Design passt perfekt zu der Radsportbegeisterung und dem Wettkampfgeist, die alle Teammitglieder antreiben.<\/p>\n\n\n\n<div class=\"wp-block-buttons is-layout-flex wp-block-buttons-is-layout-flex\">\n<div class=\"wp-block-button\"><a class=\"wp-block-button__link wp-element-button\" href=\"https:\/\/www.inverseteams.com\/de\/custom\/personalisierte-fahrradbekleidung\/?utm_source=BLOG&amp;utm_medium=blog&amp;utm_campaign=BL-035%2F24+Massi+Team+2024+DE&amp;utm_id=BL-035%2F24+Massi+Team+2024+DE&amp;utm_term=Massi+Team+2024+DE&amp;utm_content=Massi+Team+2024+DE\">PERSONALISIERTE FAHRRADBEKLEIDUNG<\/a><\/div>\n<\/div>\n","protected":false},"excerpt":{"rendered":"<p>Das neu aufgestellte Massi MTB Racing Team 2024, das sich wie bisher aus Fahrern verschiedener Nationalit\u00e4ten zusammensetzt, wird von Inverse mit pr\u00e4gnanter Radsportmode neu eingekleidet. Der Mexikaner Jos\u00e9 Gerardo Ulloa, der sich w\u00e4hrend der Saison 2023 in den panamerikanischen XCO und Short Track Meisterschaften gegen verschiedene Weltcup-Rivalen durchsetzen konnte, ist nach wie vor einer der [&hellip;]<\/p>\n","protected":false},"author":12,"featured_media":185358,"comment_status":"open","ping_status":"open","sticky":false,"template":"","format":"standard","meta":{"_acf_changed":false,"mc4wp_mailchimp_campaign":[],"footnotes":""},"categories":[11542],"tags":[13859,11847,13860,11858,13861,11932,13862,11947,13863,12025,12233,13774,13775,13782,13853,13854,13855,13856,13857,13858],"class_list":["post-185399","post","type-post","status-publish","format-standard","has-post-thumbnail","hentry","category-radfahren","tag-custom-mtb-wear-de","tag-maillot-massi-de","tag-maillot-btt-personalizado-de","tag-ropa-personalizada-ciclismo-de","tag-maillot-personnalise-de","tag-vetements-cyclisme-de","tag-ropa-btt-personalizada-de","tag-custom-sportswear-de","tag-vetements-personnalises-cyclisme-5-de","tag-ropa-ciclismo-de","tag-culotte-personalizado-2-de","tag-custom-mtb-bib-shorts-de","tag-custom-mtb-jersey-de","tag-vetements-personnalises-vtt-2-de","tag-chaqueta-massi-de","tag-cuissard-personnalise-de","tag-culotte-btt-personalizado-de","tag-culotte-mtb-personalizado-de","tag-custom-cycling-jersey-de","tag-custom-mtb-jarcket-de"],"acf":[],"yoast_head":"<!-- This site is optimized with the Yoast SEO plugin v27.3 - https:\/\/yoast.com\/product\/yoast-seo-wordpress\/ -->\n<title>Neuer Stil f\u00fcr das Massi MTB Racing Team 2024 dank der farbenfrohen Radsportkleidung von Inverse | Inverseteams<\/title>\n<meta name=\"description\" content=\"Das neu aufgestellte Massi MTB Racing Team 2024, das sich wie bisher aus Fahrern verschiedener Nationalit\u00e4ten zusammensetzt, wird von Inverse mit pr\u00e4gnanter Radsportmode neu eingekleidet.\" \/>\n<meta name=\"robots\" content=\"index, follow, max-snippet:-1, max-image-preview:large, max-video-preview:-1\" \/>\n<link rel=\"canonical\" href=\"https:\/\/www.inverseteams.com\/de\/blog\/el-massi-mtb-racing-team-2024-renueva-su-estilo-con-las-vibrantes-prendas-ciclistas-de-inverse\/\" \/>\n<meta property=\"og:locale\" content=\"de_DE\" \/>\n<meta property=\"og:type\" content=\"article\" \/>\n<meta property=\"og:title\" content=\"Neuer Stil f\u00fcr das Massi MTB Racing Team 2024 dank der farbenfrohen Radsportkleidung von Inverse | Inverseteams\" \/>\n<meta property=\"og:description\" content=\"Das neu aufgestellte Massi MTB Racing Team 2024, das sich wie bisher aus Fahrern verschiedener Nationalit\u00e4ten zusammensetzt, wird von Inverse mit pr\u00e4gnanter Radsportmode neu eingekleidet.\" \/>\n<meta property=\"og:url\" content=\"https:\/\/www.inverseteams.com\/de\/blog\/el-massi-mtb-racing-team-2024-renueva-su-estilo-con-las-vibrantes-prendas-ciclistas-de-inverse\/\" \/>\n<meta property=\"og:site_name\" content=\"Inverseteams\" \/>\n<meta property=\"article:publisher\" content=\"https:\/\/www.facebook.com\/inverseteams\" \/>\n<meta property=\"article:published_time\" content=\"2024-02-21T06:30:00+00:00\" \/>\n<meta property=\"og:image\" content=\"https:\/\/www.inverseteams.com\/wp-content\/uploads\/INVERSE-EQUIPO-MTB-MASSI-001.jpg\" \/>\n\t<meta property=\"og:image:width\" content=\"1920\" \/>\n\t<meta property=\"og:image:height\" content=\"1280\" \/>\n\t<meta property=\"og:image:type\" content=\"image\/jpeg\" \/>\n<meta name=\"author\" content=\"xavier\" \/>\n<meta name=\"twitter:card\" content=\"summary_large_image\" \/>\n<meta name=\"twitter:label1\" content=\"Verfasst von\" \/>\n\t<meta name=\"twitter:data1\" content=\"xavier\" \/>\n\t<meta name=\"twitter:label2\" content=\"Gesch\u00e4tzte Lesezeit\" \/>\n\t<meta name=\"twitter:data2\" content=\"5\u00a0Minute\" \/>\n<script type=\"application\/ld+json\" class=\"yoast-schema-graph\">{\"@context\":\"https:\\\/\\\/schema.org\",\"@graph\":[{\"@type\":\"Article\",\"@id\":\"https:\\\/\\\/www.inverseteams.com\\\/de\\\/blog\\\/el-massi-mtb-racing-team-2024-renueva-su-estilo-con-las-vibrantes-prendas-ciclistas-de-inverse\\\/#article\",\"isPartOf\":{\"@id\":\"https:\\\/\\\/www.inverseteams.com\\\/de\\\/blog\\\/el-massi-mtb-racing-team-2024-renueva-su-estilo-con-las-vibrantes-prendas-ciclistas-de-inverse\\\/\"},\"author\":{\"name\":\"xavier\",\"@id\":\"https:\\\/\\\/www.inverseteams.com\\\/de\\\/#\\\/schema\\\/person\\\/8e9cda76b6449aea55a18c6b0f3a15f1\"},\"headline\":\"Neuer Stil f\u00fcr das Massi MTB Racing Team 2024 dank der farbenfrohen Radsportkleidung von Inverse\",\"datePublished\":\"2024-02-21T06:30:00+00:00\",\"mainEntityOfPage\":{\"@id\":\"https:\\\/\\\/www.inverseteams.com\\\/de\\\/blog\\\/el-massi-mtb-racing-team-2024-renueva-su-estilo-con-las-vibrantes-prendas-ciclistas-de-inverse\\\/\"},\"wordCount\":679,\"commentCount\":0,\"publisher\":{\"@id\":\"https:\\\/\\\/www.inverseteams.com\\\/de\\\/#organization\"},\"image\":{\"@id\":\"https:\\\/\\\/www.inverseteams.com\\\/de\\\/blog\\\/el-massi-mtb-racing-team-2024-renueva-su-estilo-con-las-vibrantes-prendas-ciclistas-de-inverse\\\/#primaryimage\"},\"thumbnailUrl\":\"https:\\\/\\\/www.inverseteams.com\\\/wp-content\\\/uploads\\\/INVERSE-EQUIPO-MTB-MASSI-001.jpg\",\"keywords\":[\"custom MTB wear\",\"maillot Massi\",\"maillot btt personalizado\",\"ropa personalizada ciclismo\",\"maillot personnalis\u00e9\",\"v\u00eatements cyclisme\",\"ropa BTT personalizada\",\"custom sportswear\",\"v\u00eatements personnalis\u00e9s cyclisme\",\"ropa ciclismo\",\"culotte personalizado\",\"Custom MTB bib shorts\",\"Custom MTB jersey\",\"V\u00eatements personnalis\u00e9s VTT\",\"chaqueta massi\",\"cuissard personnalis\u00e9\",\"culotte btt personalizado\",\"culotte mtb personalizado\",\"custom cycling jersey\",\"custom MTB jarcket\"],\"articleSection\":[\"Radfahren\"],\"inLanguage\":\"de\",\"potentialAction\":[{\"@type\":\"CommentAction\",\"name\":\"Comment\",\"target\":[\"https:\\\/\\\/www.inverseteams.com\\\/de\\\/blog\\\/el-massi-mtb-racing-team-2024-renueva-su-estilo-con-las-vibrantes-prendas-ciclistas-de-inverse\\\/#respond\"]}]},{\"@type\":\"WebPage\",\"@id\":\"https:\\\/\\\/www.inverseteams.com\\\/de\\\/blog\\\/el-massi-mtb-racing-team-2024-renueva-su-estilo-con-las-vibrantes-prendas-ciclistas-de-inverse\\\/\",\"url\":\"https:\\\/\\\/www.inverseteams.com\\\/de\\\/blog\\\/el-massi-mtb-racing-team-2024-renueva-su-estilo-con-las-vibrantes-prendas-ciclistas-de-inverse\\\/\",\"name\":\"Neuer Stil f\u00fcr das Massi MTB Racing Team 2024 dank der farbenfrohen Radsportkleidung von Inverse | Inverseteams\",\"isPartOf\":{\"@id\":\"https:\\\/\\\/www.inverseteams.com\\\/de\\\/#website\"},\"primaryImageOfPage\":{\"@id\":\"https:\\\/\\\/www.inverseteams.com\\\/de\\\/blog\\\/el-massi-mtb-racing-team-2024-renueva-su-estilo-con-las-vibrantes-prendas-ciclistas-de-inverse\\\/#primaryimage\"},\"image\":{\"@id\":\"https:\\\/\\\/www.inverseteams.com\\\/de\\\/blog\\\/el-massi-mtb-racing-team-2024-renueva-su-estilo-con-las-vibrantes-prendas-ciclistas-de-inverse\\\/#primaryimage\"},\"thumbnailUrl\":\"https:\\\/\\\/www.inverseteams.com\\\/wp-content\\\/uploads\\\/INVERSE-EQUIPO-MTB-MASSI-001.jpg\",\"datePublished\":\"2024-02-21T06:30:00+00:00\",\"description\":\"Das neu aufgestellte Massi MTB Racing Team 2024, das sich wie bisher aus Fahrern verschiedener Nationalit\u00e4ten zusammensetzt, wird von Inverse mit pr\u00e4gnanter Radsportmode neu eingekleidet.\",\"breadcrumb\":{\"@id\":\"https:\\\/\\\/www.inverseteams.com\\\/de\\\/blog\\\/el-massi-mtb-racing-team-2024-renueva-su-estilo-con-las-vibrantes-prendas-ciclistas-de-inverse\\\/#breadcrumb\"},\"inLanguage\":\"de\",\"potentialAction\":[{\"@type\":\"ReadAction\",\"target\":[\"https:\\\/\\\/www.inverseteams.com\\\/de\\\/blog\\\/el-massi-mtb-racing-team-2024-renueva-su-estilo-con-las-vibrantes-prendas-ciclistas-de-inverse\\\/\"]}]},{\"@type\":\"ImageObject\",\"inLanguage\":\"de\",\"@id\":\"https:\\\/\\\/www.inverseteams.com\\\/de\\\/blog\\\/el-massi-mtb-racing-team-2024-renueva-su-estilo-con-las-vibrantes-prendas-ciclistas-de-inverse\\\/#primaryimage\",\"url\":\"https:\\\/\\\/www.inverseteams.com\\\/wp-content\\\/uploads\\\/INVERSE-EQUIPO-MTB-MASSI-001.jpg\",\"contentUrl\":\"https:\\\/\\\/www.inverseteams.com\\\/wp-content\\\/uploads\\\/INVERSE-EQUIPO-MTB-MASSI-001.jpg\",\"width\":1920,\"height\":1280},{\"@type\":\"BreadcrumbList\",\"@id\":\"https:\\\/\\\/www.inverseteams.com\\\/de\\\/blog\\\/el-massi-mtb-racing-team-2024-renueva-su-estilo-con-las-vibrantes-prendas-ciclistas-de-inverse\\\/#breadcrumb\",\"itemListElement\":[{\"@type\":\"ListItem\",\"position\":1,\"name\":\"Portada\",\"item\":\"https:\\\/\\\/www.inverseteams.com\\\/de\\\/\"},{\"@type\":\"ListItem\",\"position\":2,\"name\":\"Neuer Stil f\u00fcr das Massi MTB Racing Team 2024 dank der farbenfrohen Radsportkleidung von Inverse\"}]},{\"@type\":\"WebSite\",\"@id\":\"https:\\\/\\\/www.inverseteams.com\\\/de\\\/#website\",\"url\":\"https:\\\/\\\/www.inverseteams.com\\\/de\\\/\",\"name\":\"Inverseteams\",\"description\":\"Tu marca de ropa deportiva personalizada\",\"publisher\":{\"@id\":\"https:\\\/\\\/www.inverseteams.com\\\/de\\\/#organization\"},\"potentialAction\":[{\"@type\":\"SearchAction\",\"target\":{\"@type\":\"EntryPoint\",\"urlTemplate\":\"https:\\\/\\\/www.inverseteams.com\\\/de\\\/?s={search_term_string}\"},\"query-input\":{\"@type\":\"PropertyValueSpecification\",\"valueRequired\":true,\"valueName\":\"search_term_string\"}}],\"inLanguage\":\"de\"},{\"@type\":\"Organization\",\"@id\":\"https:\\\/\\\/www.inverseteams.com\\\/de\\\/#organization\",\"name\":\"Inverse Teams\",\"url\":\"https:\\\/\\\/www.inverseteams.com\\\/de\\\/\",\"logo\":{\"@type\":\"ImageObject\",\"inLanguage\":\"de\",\"@id\":\"https:\\\/\\\/www.inverseteams.com\\\/de\\\/#\\\/schema\\\/logo\\\/image\\\/\",\"url\":\"https:\\\/\\\/www.inverseteams.com\\\/wp-content\\\/uploads\\\/2021\\\/03\\\/logo-inverse-teams.png\",\"contentUrl\":\"https:\\\/\\\/www.inverseteams.com\\\/wp-content\\\/uploads\\\/2021\\\/03\\\/logo-inverse-teams.png\",\"width\":294,\"height\":99,\"caption\":\"Inverse Teams\"},\"image\":{\"@id\":\"https:\\\/\\\/www.inverseteams.com\\\/de\\\/#\\\/schema\\\/logo\\\/image\\\/\"},\"sameAs\":[\"https:\\\/\\\/www.facebook.com\\\/inverseteams\",\"http:\\\/\\\/instagram.com\\\/inverseteams\",\"https:\\\/\\\/www.linkedin.com\\\/company\\\/inverse-cirosport-s-l-?trk=job_view_topcard_company_name\",\"http:\\\/\\\/www.pinterest.com\\\/inverseteams\\\/\",\"http:\\\/\\\/www.youtube.com\\\/user\\\/inverseteams?feature=watch\"]},{\"@type\":\"Person\",\"@id\":\"https:\\\/\\\/www.inverseteams.com\\\/de\\\/#\\\/schema\\\/person\\\/8e9cda76b6449aea55a18c6b0f3a15f1\",\"name\":\"xavier\",\"image\":{\"@type\":\"ImageObject\",\"inLanguage\":\"de\",\"@id\":\"https:\\\/\\\/secure.gravatar.com\\\/avatar\\\/602b199a1f28e97d83ab3a8bcb642260f5afd77cb09704889d85ddd70643cddb?s=96&d=mm&r=g\",\"url\":\"https:\\\/\\\/secure.gravatar.com\\\/avatar\\\/602b199a1f28e97d83ab3a8bcb642260f5afd77cb09704889d85ddd70643cddb?s=96&d=mm&r=g\",\"contentUrl\":\"https:\\\/\\\/secure.gravatar.com\\\/avatar\\\/602b199a1f28e97d83ab3a8bcb642260f5afd77cb09704889d85ddd70643cddb?s=96&d=mm&r=g\",\"caption\":\"xavier\"}}]}<\/script>\n<!-- \/ Yoast SEO plugin. -->","yoast_head_json":{"title":"Neuer Stil f\u00fcr das Massi MTB Racing Team 2024 dank der farbenfrohen Radsportkleidung von Inverse | Inverseteams","description":"Das neu aufgestellte Massi MTB Racing Team 2024, das sich wie bisher aus Fahrern verschiedener Nationalit\u00e4ten zusammensetzt, wird von Inverse mit pr\u00e4gnanter Radsportmode neu eingekleidet.","robots":{"index":"index","follow":"follow","max-snippet":"max-snippet:-1","max-image-preview":"max-image-preview:large","max-video-preview":"max-video-preview:-1"},"canonical":"https:\/\/www.inverseteams.com\/de\/blog\/el-massi-mtb-racing-team-2024-renueva-su-estilo-con-las-vibrantes-prendas-ciclistas-de-inverse\/","og_locale":"de_DE","og_type":"article","og_title":"Neuer Stil f\u00fcr das Massi MTB Racing Team 2024 dank der farbenfrohen Radsportkleidung von Inverse | Inverseteams","og_description":"Das neu aufgestellte Massi MTB Racing Team 2024, das sich wie bisher aus Fahrern verschiedener Nationalit\u00e4ten zusammensetzt, wird von Inverse mit pr\u00e4gnanter Radsportmode neu eingekleidet.","og_url":"https:\/\/www.inverseteams.com\/de\/blog\/el-massi-mtb-racing-team-2024-renueva-su-estilo-con-las-vibrantes-prendas-ciclistas-de-inverse\/","og_site_name":"Inverseteams","article_publisher":"https:\/\/www.facebook.com\/inverseteams","article_published_time":"2024-02-21T06:30:00+00:00","og_image":[{"width":1920,"height":1280,"url":"https:\/\/www.inverseteams.com\/wp-content\/uploads\/INVERSE-EQUIPO-MTB-MASSI-001.jpg","type":"image\/jpeg"}],"author":"xavier","twitter_card":"summary_large_image","twitter_misc":{"Verfasst von":"xavier","Gesch\u00e4tzte Lesezeit":"5\u00a0Minute"},"schema":{"@context":"https:\/\/schema.org","@graph":[{"@type":"Article","@id":"https:\/\/www.inverseteams.com\/de\/blog\/el-massi-mtb-racing-team-2024-renueva-su-estilo-con-las-vibrantes-prendas-ciclistas-de-inverse\/#article","isPartOf":{"@id":"https:\/\/www.inverseteams.com\/de\/blog\/el-massi-mtb-racing-team-2024-renueva-su-estilo-con-las-vibrantes-prendas-ciclistas-de-inverse\/"},"author":{"name":"xavier","@id":"https:\/\/www.inverseteams.com\/de\/#\/schema\/person\/8e9cda76b6449aea55a18c6b0f3a15f1"},"headline":"Neuer Stil f\u00fcr das Massi MTB Racing Team 2024 dank der farbenfrohen Radsportkleidung von Inverse","datePublished":"2024-02-21T06:30:00+00:00","mainEntityOfPage":{"@id":"https:\/\/www.inverseteams.com\/de\/blog\/el-massi-mtb-racing-team-2024-renueva-su-estilo-con-las-vibrantes-prendas-ciclistas-de-inverse\/"},"wordCount":679,"commentCount":0,"publisher":{"@id":"https:\/\/www.inverseteams.com\/de\/#organization"},"image":{"@id":"https:\/\/www.inverseteams.com\/de\/blog\/el-massi-mtb-racing-team-2024-renueva-su-estilo-con-las-vibrantes-prendas-ciclistas-de-inverse\/#primaryimage"},"thumbnailUrl":"https:\/\/www.inverseteams.com\/wp-content\/uploads\/INVERSE-EQUIPO-MTB-MASSI-001.jpg","keywords":["custom MTB wear","maillot Massi","maillot btt personalizado","ropa personalizada ciclismo","maillot personnalis\u00e9","v\u00eatements cyclisme","ropa BTT personalizada","custom sportswear","v\u00eatements personnalis\u00e9s cyclisme","ropa ciclismo","culotte personalizado","Custom MTB bib shorts","Custom MTB jersey","V\u00eatements personnalis\u00e9s VTT","chaqueta massi","cuissard personnalis\u00e9","culotte btt personalizado","culotte mtb personalizado","custom cycling jersey","custom MTB jarcket"],"articleSection":["Radfahren"],"inLanguage":"de","potentialAction":[{"@type":"CommentAction","name":"Comment","target":["https:\/\/www.inverseteams.com\/de\/blog\/el-massi-mtb-racing-team-2024-renueva-su-estilo-con-las-vibrantes-prendas-ciclistas-de-inverse\/#respond"]}]},{"@type":"WebPage","@id":"https:\/\/www.inverseteams.com\/de\/blog\/el-massi-mtb-racing-team-2024-renueva-su-estilo-con-las-vibrantes-prendas-ciclistas-de-inverse\/","url":"https:\/\/www.inverseteams.com\/de\/blog\/el-massi-mtb-racing-team-2024-renueva-su-estilo-con-las-vibrantes-prendas-ciclistas-de-inverse\/","name":"Neuer Stil f\u00fcr das Massi MTB Racing Team 2024 dank der farbenfrohen Radsportkleidung von Inverse | Inverseteams","isPartOf":{"@id":"https:\/\/www.inverseteams.com\/de\/#website"},"primaryImageOfPage":{"@id":"https:\/\/www.inverseteams.com\/de\/blog\/el-massi-mtb-racing-team-2024-renueva-su-estilo-con-las-vibrantes-prendas-ciclistas-de-inverse\/#primaryimage"},"image":{"@id":"https:\/\/www.inverseteams.com\/de\/blog\/el-massi-mtb-racing-team-2024-renueva-su-estilo-con-las-vibrantes-prendas-ciclistas-de-inverse\/#primaryimage"},"thumbnailUrl":"https:\/\/www.inverseteams.com\/wp-content\/uploads\/INVERSE-EQUIPO-MTB-MASSI-001.jpg","datePublished":"2024-02-21T06:30:00+00:00","description":"Das neu aufgestellte Massi MTB Racing Team 2024, das sich wie bisher aus Fahrern verschiedener Nationalit\u00e4ten zusammensetzt, wird von Inverse mit pr\u00e4gnanter Radsportmode neu eingekleidet.","breadcrumb":{"@id":"https:\/\/www.inverseteams.com\/de\/blog\/el-massi-mtb-racing-team-2024-renueva-su-estilo-con-las-vibrantes-prendas-ciclistas-de-inverse\/#breadcrumb"},"inLanguage":"de","potentialAction":[{"@type":"ReadAction","target":["https:\/\/www.inverseteams.com\/de\/blog\/el-massi-mtb-racing-team-2024-renueva-su-estilo-con-las-vibrantes-prendas-ciclistas-de-inverse\/"]}]},{"@type":"ImageObject","inLanguage":"de","@id":"https:\/\/www.inverseteams.com\/de\/blog\/el-massi-mtb-racing-team-2024-renueva-su-estilo-con-las-vibrantes-prendas-ciclistas-de-inverse\/#primaryimage","url":"https:\/\/www.inverseteams.com\/wp-content\/uploads\/INVERSE-EQUIPO-MTB-MASSI-001.jpg","contentUrl":"https:\/\/www.inverseteams.com\/wp-content\/uploads\/INVERSE-EQUIPO-MTB-MASSI-001.jpg","width":1920,"height":1280},{"@type":"BreadcrumbList","@id":"https:\/\/www.inverseteams.com\/de\/blog\/el-massi-mtb-racing-team-2024-renueva-su-estilo-con-las-vibrantes-prendas-ciclistas-de-inverse\/#breadcrumb","itemListElement":[{"@type":"ListItem","position":1,"name":"Portada","item":"https:\/\/www.inverseteams.com\/de\/"},{"@type":"ListItem","position":2,"name":"Neuer Stil f\u00fcr das Massi MTB Racing Team 2024 dank der farbenfrohen Radsportkleidung von Inverse"}]},{"@type":"WebSite","@id":"https:\/\/www.inverseteams.com\/de\/#website","url":"https:\/\/www.inverseteams.com\/de\/","name":"Inverseteams","description":"Tu marca de ropa deportiva personalizada","publisher":{"@id":"https:\/\/www.inverseteams.com\/de\/#organization"},"potentialAction":[{"@type":"SearchAction","target":{"@type":"EntryPoint","urlTemplate":"https:\/\/www.inverseteams.com\/de\/?s={search_term_string}"},"query-input":{"@type":"PropertyValueSpecification","valueRequired":true,"valueName":"search_term_string"}}],"inLanguage":"de"},{"@type":"Organization","@id":"https:\/\/www.inverseteams.com\/de\/#organization","name":"Inverse Teams","url":"https:\/\/www.inverseteams.com\/de\/","logo":{"@type":"ImageObject","inLanguage":"de","@id":"https:\/\/www.inverseteams.com\/de\/#\/schema\/logo\/image\/","url":"https:\/\/www.inverseteams.com\/wp-content\/uploads\/2021\/03\/logo-inverse-teams.png","contentUrl":"https:\/\/www.inverseteams.com\/wp-content\/uploads\/2021\/03\/logo-inverse-teams.png","width":294,"height":99,"caption":"Inverse Teams"},"image":{"@id":"https:\/\/www.inverseteams.com\/de\/#\/schema\/logo\/image\/"},"sameAs":["https:\/\/www.facebook.com\/inverseteams","http:\/\/instagram.com\/inverseteams","https:\/\/www.linkedin.com\/company\/inverse-cirosport-s-l-?trk=job_view_topcard_company_name","http:\/\/www.pinterest.com\/inverseteams\/","http:\/\/www.youtube.com\/user\/inverseteams?feature=watch"]},{"@type":"Person","@id":"https:\/\/www.inverseteams.com\/de\/#\/schema\/person\/8e9cda76b6449aea55a18c6b0f3a15f1","name":"xavier","image":{"@type":"ImageObject","inLanguage":"de","@id":"https:\/\/secure.gravatar.com\/avatar\/602b199a1f28e97d83ab3a8bcb642260f5afd77cb09704889d85ddd70643cddb?s=96&d=mm&r=g","url":"https:\/\/secure.gravatar.com\/avatar\/602b199a1f28e97d83ab3a8bcb642260f5afd77cb09704889d85ddd70643cddb?s=96&d=mm&r=g","contentUrl":"https:\/\/secure.gravatar.com\/avatar\/602b199a1f28e97d83ab3a8bcb642260f5afd77cb09704889d85ddd70643cddb?s=96&d=mm&r=g","caption":"xavier"}}]}},"_links":{"self":[{"href":"https:\/\/www.inverseteams.com\/de\/wp-json\/wp\/v2\/posts\/185399","targetHints":{"allow":["GET"]}}],"collection":[{"href":"https:\/\/www.inverseteams.com\/de\/wp-json\/wp\/v2\/posts"}],"about":[{"href":"https:\/\/www.inverseteams.com\/de\/wp-json\/wp\/v2\/types\/post"}],"author":[{"embeddable":true,"href":"https:\/\/www.inverseteams.com\/de\/wp-json\/wp\/v2\/users\/12"}],"replies":[{"embeddable":true,"href":"https:\/\/www.inverseteams.com\/de\/wp-json\/wp\/v2\/comments?post=185399"}],"version-history":[{"count":0,"href":"https:\/\/www.inverseteams.com\/de\/wp-json\/wp\/v2\/posts\/185399\/revisions"}],"wp:featuredmedia":[{"embeddable":true,"href":"https:\/\/www.inverseteams.com\/de\/wp-json\/wp\/v2\/media\/185358"}],"wp:attachment":[{"href":"https:\/\/www.inverseteams.com\/de\/wp-json\/wp\/v2\/media?parent=185399"}],"wp:term":[{"taxonomy":"category","embeddable":true,"href":"https:\/\/www.inverseteams.com\/de\/wp-json\/wp\/v2\/categories?post=185399"},{"taxonomy":"post_tag","embeddable":true,"href":"https:\/\/www.inverseteams.com\/de\/wp-json\/wp\/v2\/tags?post=185399"}],"curies":[{"name":"wp","href":"https:\/\/api.w.org\/{rel}","templated":true}]}}