{"id":177033,"date":"2021-06-11T11:28:48","date_gmt":"2021-06-11T11:28:48","guid":{"rendered":"https:\/\/www.inverseteams.com\/blog\/the-new-jersey-and-bib-shorts-of-the-spanish-cycling-team\/"},"modified":"2021-06-11T11:28:48","modified_gmt":"2021-06-11T11:28:48","slug":"the-new-jersey-and-bib-shorts-of-the-spanish-cycling-team","status":"publish","type":"post","link":"https:\/\/www.inverseteams.com\/de\/blog\/the-new-jersey-and-bib-shorts-of-the-spanish-cycling-team\/","title":{"rendered":"The new jersey and bib shorts of the Spanish Cycling Team"},"content":{"rendered":"\n<figure class=\"wp-block-image size-large\"><img loading=\"lazy\" decoding=\"async\" width=\"1024\" height=\"576\" src=\"https:\/\/www.inverseteams.com\/wp-content\/uploads\/Unnamed-1-1-1024x576.jpg\" alt=\"Maillot i culotte Espanya\" class=\"wp-image-21040\" srcset=\"https:\/\/www.inverseteams.com\/wp-content\/uploads\/Unnamed-1-1-1024x576.jpg 1024w, https:\/\/www.inverseteams.com\/wp-content\/uploads\/Unnamed-1-1-300x169.jpg 300w, https:\/\/www.inverseteams.com\/wp-content\/uploads\/Unnamed-1-1-768x432.jpg 768w, https:\/\/www.inverseteams.com\/wp-content\/uploads\/Unnamed-1-1-1536x864.jpg 1536w, https:\/\/www.inverseteams.com\/wp-content\/uploads\/Unnamed-1-1-420x236.jpg 420w, https:\/\/www.inverseteams.com\/wp-content\/uploads\/Unnamed-1-1.jpg 1800w\" sizes=\"auto, (max-width: 1024px) 100vw, 1024px\" \/><\/figure>\n\n\n<div class=\"wrapper-heading\">\n<h2 class=\"wp-block-heading\"><strong>The Royal Spanish Cycling Federation presents the Spanish Cycling Team&#8217;s new competition jersey and bib shorts<\/strong><\/h2>\n<\/div>\n\n<div class=\"wrapper-heading\">\n<h3 class=\"wp-block-heading\">Spain&#8217;s Sports Council was the setting chosen to present Spain&#8217;s new jersey and bib shorts to be worn by the Spanish Cycling Team.<\/h3>\n<\/div>\n\n<div class=\"wrapper-heading\">\n<h4 class=\"wp-block-heading\">Inverse and the <a href=\"https:\/\/rfec.com\/\">Royal Spanish Cycling Federation (RFEC)<\/a> presented <strong>the new design of the national team&#8217;s competition uniform<\/strong> at the Sports Council. <strong>It is a new image for the future of the Spanish team<\/strong>, consisting of a white jersey with the red and yellow flag in the central area, and black bib shorts.<\/h4>\n<\/div>\n\n\n<figure class=\"wp-block-embed is-type-video is-provider-youtube wp-block-embed-youtube wp-embed-aspect-16-9 wp-has-aspect-ratio\"><div class=\"wp-block-embed__wrapper\">\n<iframe loading=\"lazy\" title=\"Presentaci\u00f3n nuevo maillot y culotte selecci\u00f3n espa\u00f1ola de ciclismo 2021\" width=\"640\" height=\"360\" src=\"https:\/\/www.youtube.com\/embed\/NXhXkR62FNU?feature=oembed\" frameborder=\"0\" allow=\"accelerometer; autoplay; clipboard-write; encrypted-media; gyroscope; picture-in-picture; web-share\" referrerpolicy=\"strict-origin-when-cross-origin\" allowfullscreen><\/iframe>\n<\/div><\/figure>\n\n\n\n<p>This new look for <strong>Spain&#8217;s official jersey and bib shorts<\/strong>, in an elegant and modern style, will also include details such as the flag on the neck, sleeves and elastic of the shorts, and the inclusion of the RFEC&#8217;s major sponsors and supporters, such as Cofidis, Movistar, Inverse and the Sports Council in different areas on the jersey.<\/p>\n\n\n\n<p>This coming season, the national team will be wearing <a href=\"https:\/\/www.inverseteams.com\/es\/custom\/ropa-de-ciclismo-personalizada\/\"><strong>Inverse&#8217;s innovative AIR range of custom cycling wear<\/strong><\/a>, a high-end line of cycling outfits especially designed for professional teams and clubs that want a high-end pro range, with a very tight fit which acts like a second skin. The cyclists of the Spanish Cycling Team will have the greatest possible aerodynamics thanks to the elasticity of the fabrics that will fit perfectly to their bodies.<\/p>\n\n\n\n<figure class=\"wp-block-gallery columns-3 is-cropped wp-block-gallery-1 is-layout-flex wp-block-gallery-is-layout-flex\"><ul class=\"blocks-gallery-grid\"><li class=\"blocks-gallery-item\"><figure><img loading=\"lazy\" decoding=\"async\" width=\"1024\" height=\"683\" src=\"https:\/\/www.inverseteams.com\/wp-content\/uploads\/Unnamed-16-1-1024x683.jpg\" alt=\"\" data-id=\"21072\" data-full-url=\"https:\/\/www.inverseteams.com\/wp-content\/uploads\/Unnamed-16-1.jpg\" data-link=\"https:\/\/www.inverseteams.com\/en\/unnamed-16-1-2\/\" class=\"wp-image-21072\" srcset=\"https:\/\/www.inverseteams.com\/wp-content\/uploads\/Unnamed-16-1-1024x683.jpg 1024w, https:\/\/www.inverseteams.com\/wp-content\/uploads\/Unnamed-16-1-300x200.jpg 300w, https:\/\/www.inverseteams.com\/wp-content\/uploads\/Unnamed-16-1-768x512.jpg 768w, https:\/\/www.inverseteams.com\/wp-content\/uploads\/Unnamed-16-1-1536x1024.jpg 1536w, https:\/\/www.inverseteams.com\/wp-content\/uploads\/Unnamed-16-1-2048x1365.jpg 2048w, https:\/\/www.inverseteams.com\/wp-content\/uploads\/Unnamed-16-1-420x280.jpg 420w\" sizes=\"auto, (max-width: 1024px) 100vw, 1024px\" \/><\/figure><\/li><li class=\"blocks-gallery-item\"><figure><img loading=\"lazy\" decoding=\"async\" width=\"1024\" height=\"683\" src=\"https:\/\/www.inverseteams.com\/wp-content\/uploads\/Unnamed-6-1-1024x683.jpg\" alt=\"\" data-id=\"21068\" data-full-url=\"https:\/\/www.inverseteams.com\/wp-content\/uploads\/Unnamed-6-1.jpg\" data-link=\"https:\/\/www.inverseteams.com\/en\/unnamed-6-1-2\/\" class=\"wp-image-21068\" srcset=\"https:\/\/www.inverseteams.com\/wp-content\/uploads\/Unnamed-6-1-1024x683.jpg 1024w, https:\/\/www.inverseteams.com\/wp-content\/uploads\/Unnamed-6-1-300x200.jpg 300w, https:\/\/www.inverseteams.com\/wp-content\/uploads\/Unnamed-6-1-768x512.jpg 768w, https:\/\/www.inverseteams.com\/wp-content\/uploads\/Unnamed-6-1-1536x1024.jpg 1536w, https:\/\/www.inverseteams.com\/wp-content\/uploads\/Unnamed-6-1-2048x1365.jpg 2048w, https:\/\/www.inverseteams.com\/wp-content\/uploads\/Unnamed-6-1-420x280.jpg 420w\" sizes=\"auto, (max-width: 1024px) 100vw, 1024px\" \/><\/figure><\/li><li class=\"blocks-gallery-item\"><figure><img loading=\"lazy\" decoding=\"async\" width=\"1024\" height=\"683\" src=\"https:\/\/www.inverseteams.com\/wp-content\/uploads\/Unnamed-2-1024x683.jpg\" alt=\"\" data-id=\"21048\" data-full-url=\"https:\/\/www.inverseteams.com\/wp-content\/uploads\/Unnamed-2.jpg\" data-link=\"https:\/\/www.inverseteams.com\/en\/unnamed-2-2\/\" class=\"wp-image-21048\" srcset=\"https:\/\/www.inverseteams.com\/wp-content\/uploads\/Unnamed-2-1024x683.jpg 1024w, https:\/\/www.inverseteams.com\/wp-content\/uploads\/Unnamed-2-300x200.jpg 300w, https:\/\/www.inverseteams.com\/wp-content\/uploads\/Unnamed-2-768x512.jpg 768w, https:\/\/www.inverseteams.com\/wp-content\/uploads\/Unnamed-2-1536x1024.jpg 1536w, https:\/\/www.inverseteams.com\/wp-content\/uploads\/Unnamed-2-2048x1365.jpg 2048w, https:\/\/www.inverseteams.com\/wp-content\/uploads\/Unnamed-2-420x280.jpg 420w\" sizes=\"auto, (max-width: 1024px) 100vw, 1024px\" \/><\/figure><\/li><li class=\"blocks-gallery-item\"><figure><img loading=\"lazy\" decoding=\"async\" width=\"1024\" height=\"683\" src=\"https:\/\/www.inverseteams.com\/wp-content\/uploads\/Unnamed-27-1-1024x683.jpg\" alt=\"\" data-id=\"21064\" data-full-url=\"https:\/\/www.inverseteams.com\/wp-content\/uploads\/Unnamed-27-1.jpg\" data-link=\"https:\/\/www.inverseteams.com\/en\/unnamed-27-1-2\/\" class=\"wp-image-21064\" srcset=\"https:\/\/www.inverseteams.com\/wp-content\/uploads\/Unnamed-27-1-1024x683.jpg 1024w, https:\/\/www.inverseteams.com\/wp-content\/uploads\/Unnamed-27-1-300x200.jpg 300w, https:\/\/www.inverseteams.com\/wp-content\/uploads\/Unnamed-27-1-768x512.jpg 768w, https:\/\/www.inverseteams.com\/wp-content\/uploads\/Unnamed-27-1-1536x1024.jpg 1536w, https:\/\/www.inverseteams.com\/wp-content\/uploads\/Unnamed-27-1-2048x1365.jpg 2048w, https:\/\/www.inverseteams.com\/wp-content\/uploads\/Unnamed-27-1-420x280.jpg 420w\" sizes=\"auto, (max-width: 1024px) 100vw, 1024px\" \/><\/figure><\/li><li class=\"blocks-gallery-item\"><figure><img loading=\"lazy\" decoding=\"async\" width=\"1024\" height=\"683\" src=\"https:\/\/www.inverseteams.com\/wp-content\/uploads\/Unnamed-8-2-1024x683.jpg\" alt=\"\" data-id=\"21076\" data-full-url=\"https:\/\/www.inverseteams.com\/wp-content\/uploads\/Unnamed-8-2.jpg\" data-link=\"https:\/\/www.inverseteams.com\/en\/unnamed-8-2-2\/\" class=\"wp-image-21076\" srcset=\"https:\/\/www.inverseteams.com\/wp-content\/uploads\/Unnamed-8-2-1024x683.jpg 1024w, https:\/\/www.inverseteams.com\/wp-content\/uploads\/Unnamed-8-2-300x200.jpg 300w, https:\/\/www.inverseteams.com\/wp-content\/uploads\/Unnamed-8-2-768x512.jpg 768w, https:\/\/www.inverseteams.com\/wp-content\/uploads\/Unnamed-8-2-1536x1024.jpg 1536w, https:\/\/www.inverseteams.com\/wp-content\/uploads\/Unnamed-8-2-2048x1365.jpg 2048w, https:\/\/www.inverseteams.com\/wp-content\/uploads\/Unnamed-8-2-420x280.jpg 420w\" sizes=\"auto, (max-width: 1024px) 100vw, 1024px\" \/><\/figure><\/li><li class=\"blocks-gallery-item\"><figure><img loading=\"lazy\" decoding=\"async\" width=\"1024\" height=\"683\" src=\"https:\/\/www.inverseteams.com\/wp-content\/uploads\/Unnamed-28-1024x683.jpg\" alt=\"\" data-id=\"21060\" data-full-url=\"https:\/\/www.inverseteams.com\/wp-content\/uploads\/Unnamed-28.jpg\" data-link=\"https:\/\/www.inverseteams.com\/en\/unnamed-28-2\/\" class=\"wp-image-21060\" srcset=\"https:\/\/www.inverseteams.com\/wp-content\/uploads\/Unnamed-28-1024x683.jpg 1024w, https:\/\/www.inverseteams.com\/wp-content\/uploads\/Unnamed-28-300x200.jpg 300w, https:\/\/www.inverseteams.com\/wp-content\/uploads\/Unnamed-28-768x512.jpg 768w, https:\/\/www.inverseteams.com\/wp-content\/uploads\/Unnamed-28-1536x1024.jpg 1536w, https:\/\/www.inverseteams.com\/wp-content\/uploads\/Unnamed-28-2048x1365.jpg 2048w, https:\/\/www.inverseteams.com\/wp-content\/uploads\/Unnamed-28-420x280.jpg 420w\" sizes=\"auto, (max-width: 1024px) 100vw, 1024px\" \/><\/figure><\/li><li class=\"blocks-gallery-item\"><figure><img loading=\"lazy\" decoding=\"async\" width=\"1024\" height=\"683\" src=\"https:\/\/www.inverseteams.com\/wp-content\/uploads\/Unnamed-30-1024x683.jpg\" alt=\"\" data-id=\"21056\" data-full-url=\"https:\/\/www.inverseteams.com\/wp-content\/uploads\/Unnamed-30.jpg\" data-link=\"https:\/\/www.inverseteams.com\/en\/unnamed-30-2\/\" class=\"wp-image-21056\" srcset=\"https:\/\/www.inverseteams.com\/wp-content\/uploads\/Unnamed-30-1024x683.jpg 1024w, https:\/\/www.inverseteams.com\/wp-content\/uploads\/Unnamed-30-300x200.jpg 300w, https:\/\/www.inverseteams.com\/wp-content\/uploads\/Unnamed-30-768x512.jpg 768w, https:\/\/www.inverseteams.com\/wp-content\/uploads\/Unnamed-30-1536x1024.jpg 1536w, https:\/\/www.inverseteams.com\/wp-content\/uploads\/Unnamed-30-2048x1365.jpg 2048w, https:\/\/www.inverseteams.com\/wp-content\/uploads\/Unnamed-30-420x280.jpg 420w\" sizes=\"auto, (max-width: 1024px) 100vw, 1024px\" \/><\/figure><\/li><li class=\"blocks-gallery-item\"><figure><img loading=\"lazy\" decoding=\"async\" width=\"1024\" height=\"683\" src=\"https:\/\/www.inverseteams.com\/wp-content\/uploads\/Unnamed-22-1-1024x683.jpg\" alt=\"\" data-id=\"21052\" data-full-url=\"https:\/\/www.inverseteams.com\/wp-content\/uploads\/Unnamed-22-1.jpg\" data-link=\"https:\/\/www.inverseteams.com\/en\/unnamed-22-1-2\/\" class=\"wp-image-21052\" srcset=\"https:\/\/www.inverseteams.com\/wp-content\/uploads\/Unnamed-22-1-1024x683.jpg 1024w, https:\/\/www.inverseteams.com\/wp-content\/uploads\/Unnamed-22-1-300x200.jpg 300w, https:\/\/www.inverseteams.com\/wp-content\/uploads\/Unnamed-22-1-768x512.jpg 768w, https:\/\/www.inverseteams.com\/wp-content\/uploads\/Unnamed-22-1-1536x1024.jpg 1536w, https:\/\/www.inverseteams.com\/wp-content\/uploads\/Unnamed-22-1-2048x1365.jpg 2048w, https:\/\/www.inverseteams.com\/wp-content\/uploads\/Unnamed-22-1-420x280.jpg 420w\" sizes=\"auto, (max-width: 1024px) 100vw, 1024px\" \/><\/figure><\/li><\/ul><\/figure>\n\n\n\n<p>The presentation of this change of look that will be accompanying the Spanish Cycling Team in the coming seasons featured cyclists who are sure to be leading figures in this new era, including <strong>Carlos Rodr\u00edguez, Sara Mart\u00edn and Ra\u00fal Garc\u00eda Piera<\/strong>, as well as Spain&#8217;s leading figure in female speed,<strong>Helena Casas<\/strong>, and one of the country&#8217;s outstanding paracyclists, <strong>Gonzalo Garc\u00eda Abella.<\/strong><\/p>\n\n\n\n<figure class=\"wp-block-image size-large\"><img loading=\"lazy\" decoding=\"async\" width=\"1024\" height=\"683\" src=\"https:\/\/www.inverseteams.com\/wp-content\/uploads\/IMG_4435-1024x683.jpg\" alt=\"\" class=\"wp-image-21129\" srcset=\"https:\/\/www.inverseteams.com\/wp-content\/uploads\/IMG_4435-1024x683.jpg 1024w, https:\/\/www.inverseteams.com\/wp-content\/uploads\/IMG_4435-300x200.jpg 300w, https:\/\/www.inverseteams.com\/wp-content\/uploads\/IMG_4435-768x512.jpg 768w, https:\/\/www.inverseteams.com\/wp-content\/uploads\/IMG_4435-1536x1024.jpg 1536w, https:\/\/www.inverseteams.com\/wp-content\/uploads\/IMG_4435-2048x1365.jpg 2048w, https:\/\/www.inverseteams.com\/wp-content\/uploads\/IMG_4435-420x280.jpg 420w\" sizes=\"auto, (max-width: 1024px) 100vw, 1024px\" \/><\/figure>\n\n\n\n<p>Spain&#8217;s new jersey and bib shorts from Spain have already been worn by the Spanish Cycling Team in several European and international competitions. It will also be the <strong>official uniform of the Spanish Cycling Team at the Tokyo 2021 Olympic Games.<\/strong><\/p>\n\n\n\n<p><a href=\"https:\/\/www.inverseteams.com\/es\/producto\/maillot-ciclista-manga-corta-espana-hombre\/\"><strong>Inverse offers all cycling enthusiasts the opportunity to purchase Spain&#8217;s replica jersey and bib shorts<\/strong><\/a><strong> &#8211; with designs for men and women &#8211;<\/strong> through the company&#8217;s <strong>online <\/strong><a href=\"https:\/\/www.inverseteams.com\/es\/ropa-de-coleccion\/\"><strong>Inverse Store<\/strong><\/a> or from the best cycling stores.<\/p>\n\n\n<div data-block-name=\"woocommerce\/handpicked-products\" data-columns=\"2\" data-edit-mode=\"false\" data-products=\"[175815,175769,175775,175809]\" class=\"wc-block-grid wp-block-handpicked-products wp-block-woocommerce-handpicked-products wc-block-handpicked-products has-2-columns has-multiple-rows\"><ul class=\"wc-block-grid__products\"><li class=\"wc-block-grid__product\"><span class=\"gtm4wp_productdata\" style=\"display:none; visibility:hidden;\" data-gtm4wp_product_data=\"{&quot;internal_id&quot;:175769,&quot;item_id&quot;:175769,&quot;item_name&quot;:&quot;Cycling jersey SPAIN (MEN)&quot;,&quot;sku&quot;:&quot;72010813&quot;,&quot;price&quot;:0,&quot;stocklevel&quot;:null,&quot;stockstatus&quot;:&quot;outofstock&quot;,&quot;google_business_vertical&quot;:&quot;retail&quot;,&quot;item_category&quot;:&quot;Mann&quot;,&quot;id&quot;:175769,&quot;productlink&quot;:&quot;https:\\\/\\\/www.inverseteams.com\\\/de\\\/produkt\\\/cycling-jersey-spain-men\\\/&quot;,&quot;item_list_name&quot;:&quot;General Product List&quot;,&quot;index&quot;:0,&quot;product_type&quot;:&quot;variable&quot;,&quot;item_brand&quot;:&quot;&quot;}\"><\/span>\n\t\t\t\t<a href=\"https:\/\/www.inverseteams.com\/de\/produkt\/cycling-jersey-spain-men\/\" class=\"wc-block-grid__product-link\">\n\t\t\t\t\t\n\t\t\t\t\t<div class=\"wc-block-grid__product-image\"><img loading=\"lazy\" decoding=\"async\" width=\"420\" height=\"451\" src=\"https:\/\/www.inverseteams.com\/wp-content\/uploads\/MAILLOT-CICLISTA-ESPANA-HOMBRE-1-420x451.jpg\" class=\"attachment-woocommerce_thumbnail size-woocommerce_thumbnail\" alt=\"Cycling jersey SPAIN (MEN)\" srcset=\"https:\/\/www.inverseteams.com\/wp-content\/uploads\/MAILLOT-CICLISTA-ESPANA-HOMBRE-1-420x451.jpg 420w, https:\/\/www.inverseteams.com\/wp-content\/uploads\/MAILLOT-CICLISTA-ESPANA-HOMBRE-1-279x300.jpg 279w, https:\/\/www.inverseteams.com\/wp-content\/uploads\/MAILLOT-CICLISTA-ESPANA-HOMBRE-1-953x1024.jpg 953w, https:\/\/www.inverseteams.com\/wp-content\/uploads\/MAILLOT-CICLISTA-ESPANA-HOMBRE-1-768x825.jpg 768w, https:\/\/www.inverseteams.com\/wp-content\/uploads\/MAILLOT-CICLISTA-ESPANA-HOMBRE-1-1430x1536.jpg 1430w, https:\/\/www.inverseteams.com\/wp-content\/uploads\/MAILLOT-CICLISTA-ESPANA-HOMBRE-1-1906x2048.jpg 1906w, https:\/\/www.inverseteams.com\/wp-content\/uploads\/MAILLOT-CICLISTA-ESPANA-HOMBRE-1-860x921.jpg 860w\" sizes=\"auto, (max-width: 420px) 100vw, 420px\" \/><\/div>\n\t\t\t\t\t<div class=\"wc-block-grid__product-title\">Cycling jersey SPAIN (MEN)<\/div>\n\t\t\t\t<\/a>\n\t\t\t\t<div class=\"wc-block-grid__product-price price\"><span class=\"woocommerce-Price-amount amount\">63,63<span class=\"woocommerce-Price-currencySymbol\">&euro;<\/span><\/span><span class=\"price-suffix\"><\/span><\/div>\n\t\t\t\t\n\t\t\t\t<div class=\"wp-block-button wc-block-grid__product-add-to-cart\"><a href=\"https:\/\/www.inverseteams.com\/de\/produkt\/cycling-jersey-spain-men\/\" aria-label=\"W\u00e4hle Optionen f\u00fcr \u201eCycling jersey SPAIN (MEN)\u201c\" data-quantity=\"1\" data-product_id=\"175769\" data-product_sku=\"72010813\" data-price=\"0\" rel=\"nofollow\" class=\"wp-block-button__link  add_to_cart_button\">Weiterlesen<\/a><\/div>\n\t\t\t<\/li><li class=\"wc-block-grid__product\"><span class=\"gtm4wp_productdata\" style=\"display:none; visibility:hidden;\" data-gtm4wp_product_data=\"{&quot;internal_id&quot;:175775,&quot;item_id&quot;:175775,&quot;item_name&quot;:&quot;Cycling jersey SPAIN (WOMEN)&quot;,&quot;sku&quot;:&quot;72190113&quot;,&quot;price&quot;:0,&quot;stocklevel&quot;:null,&quot;stockstatus&quot;:&quot;outofstock&quot;,&quot;google_business_vertical&quot;:&quot;retail&quot;,&quot;item_category&quot;:&quot;Radfahren&quot;,&quot;id&quot;:175775,&quot;productlink&quot;:&quot;https:\\\/\\\/www.inverseteams.com\\\/de\\\/produkt\\\/cycling-jersey-spain-women\\\/&quot;,&quot;item_list_name&quot;:&quot;General Product List&quot;,&quot;index&quot;:0,&quot;product_type&quot;:&quot;variable&quot;,&quot;item_brand&quot;:&quot;&quot;}\"><\/span>\n\t\t\t\t<a href=\"https:\/\/www.inverseteams.com\/de\/produkt\/cycling-jersey-spain-women\/\" class=\"wc-block-grid__product-link\">\n\t\t\t\t\t\n\t\t\t\t\t<div class=\"wc-block-grid__product-image\"><img loading=\"lazy\" decoding=\"async\" width=\"420\" height=\"451\" src=\"https:\/\/www.inverseteams.com\/wp-content\/uploads\/MAILLOT-CICLISTA-ESPANA-MUJER-1-420x451.jpg\" class=\"attachment-woocommerce_thumbnail size-woocommerce_thumbnail\" alt=\"Cycling jersey SPAIN (WOMEN)\" srcset=\"https:\/\/www.inverseteams.com\/wp-content\/uploads\/MAILLOT-CICLISTA-ESPANA-MUJER-1-420x451.jpg 420w, https:\/\/www.inverseteams.com\/wp-content\/uploads\/MAILLOT-CICLISTA-ESPANA-MUJER-1-279x300.jpg 279w, https:\/\/www.inverseteams.com\/wp-content\/uploads\/MAILLOT-CICLISTA-ESPANA-MUJER-1-953x1024.jpg 953w, https:\/\/www.inverseteams.com\/wp-content\/uploads\/MAILLOT-CICLISTA-ESPANA-MUJER-1-768x825.jpg 768w, https:\/\/www.inverseteams.com\/wp-content\/uploads\/MAILLOT-CICLISTA-ESPANA-MUJER-1-1430x1536.jpg 1430w, https:\/\/www.inverseteams.com\/wp-content\/uploads\/MAILLOT-CICLISTA-ESPANA-MUJER-1-1906x2048.jpg 1906w, https:\/\/www.inverseteams.com\/wp-content\/uploads\/MAILLOT-CICLISTA-ESPANA-MUJER-1-860x921.jpg 860w\" sizes=\"auto, (max-width: 420px) 100vw, 420px\" \/><\/div>\n\t\t\t\t\t<div class=\"wc-block-grid__product-title\">Cycling jersey SPAIN (WOMEN)<\/div>\n\t\t\t\t<\/a>\n\t\t\t\t<div class=\"wc-block-grid__product-price price\"><span class=\"woocommerce-Price-amount amount\">63,63<span class=\"woocommerce-Price-currencySymbol\">&euro;<\/span><\/span><span class=\"price-suffix\"><\/span><\/div>\n\t\t\t\t\n\t\t\t\t<div class=\"wp-block-button wc-block-grid__product-add-to-cart\"><a href=\"https:\/\/www.inverseteams.com\/de\/produkt\/cycling-jersey-spain-women\/\" aria-label=\"W\u00e4hle Optionen f\u00fcr \u201eCycling jersey SPAIN (WOMEN)\u201c\" data-quantity=\"1\" data-product_id=\"175775\" data-product_sku=\"72190113\" data-price=\"0\" rel=\"nofollow\" class=\"wp-block-button__link  add_to_cart_button\">Weiterlesen<\/a><\/div>\n\t\t\t<\/li><li class=\"wc-block-grid__product\"><span class=\"gtm4wp_productdata\" style=\"display:none; visibility:hidden;\" data-gtm4wp_product_data=\"{&quot;internal_id&quot;:175809,&quot;item_id&quot;:175809,&quot;item_name&quot;:&quot;Cycling bib shorts SPAIN (MEN)&quot;,&quot;sku&quot;:&quot;72050113&quot;,&quot;price&quot;:0,&quot;stocklevel&quot;:null,&quot;stockstatus&quot;:&quot;outofstock&quot;,&quot;google_business_vertical&quot;:&quot;retail&quot;,&quot;item_category&quot;:&quot;Radfahren&quot;,&quot;id&quot;:175809,&quot;productlink&quot;:&quot;https:\\\/\\\/www.inverseteams.com\\\/de\\\/produkt\\\/cycling-bib-shorts-spain-men\\\/&quot;,&quot;item_list_name&quot;:&quot;General Product List&quot;,&quot;index&quot;:0,&quot;product_type&quot;:&quot;variable&quot;,&quot;item_brand&quot;:&quot;&quot;}\"><\/span>\n\t\t\t\t<a href=\"https:\/\/www.inverseteams.com\/de\/produkt\/cycling-bib-shorts-spain-men\/\" class=\"wc-block-grid__product-link\">\n\t\t\t\t\t\n\t\t\t\t\t<div class=\"wc-block-grid__product-image\"><img loading=\"lazy\" decoding=\"async\" width=\"420\" height=\"451\" src=\"https:\/\/www.inverseteams.com\/wp-content\/uploads\/CULOTTE-CICLISTA-ESPANA-HOMBRE-1-420x451.jpg\" class=\"attachment-woocommerce_thumbnail size-woocommerce_thumbnail\" alt=\"Cycling bib shorts SPAIN (MEN)\" srcset=\"https:\/\/www.inverseteams.com\/wp-content\/uploads\/CULOTTE-CICLISTA-ESPANA-HOMBRE-1-420x451.jpg 420w, https:\/\/www.inverseteams.com\/wp-content\/uploads\/CULOTTE-CICLISTA-ESPANA-HOMBRE-1-279x300.jpg 279w, https:\/\/www.inverseteams.com\/wp-content\/uploads\/CULOTTE-CICLISTA-ESPANA-HOMBRE-1-953x1024.jpg 953w, https:\/\/www.inverseteams.com\/wp-content\/uploads\/CULOTTE-CICLISTA-ESPANA-HOMBRE-1-768x825.jpg 768w, https:\/\/www.inverseteams.com\/wp-content\/uploads\/CULOTTE-CICLISTA-ESPANA-HOMBRE-1-1430x1536.jpg 1430w, https:\/\/www.inverseteams.com\/wp-content\/uploads\/CULOTTE-CICLISTA-ESPANA-HOMBRE-1-1906x2048.jpg 1906w, https:\/\/www.inverseteams.com\/wp-content\/uploads\/CULOTTE-CICLISTA-ESPANA-HOMBRE-1-860x921.jpg 860w\" sizes=\"auto, (max-width: 420px) 100vw, 420px\" \/><\/div>\n\t\t\t\t\t<div class=\"wc-block-grid__product-title\">Cycling bib shorts SPAIN (MEN)<\/div>\n\t\t\t\t<\/a>\n\t\t\t\t<div class=\"wc-block-grid__product-price price\"><span class=\"woocommerce-Price-amount amount\">72,71<span class=\"woocommerce-Price-currencySymbol\">&euro;<\/span><\/span><span class=\"price-suffix\"><\/span><\/div>\n\t\t\t\t\n\t\t\t\t<div class=\"wp-block-button wc-block-grid__product-add-to-cart\"><a href=\"https:\/\/www.inverseteams.com\/de\/produkt\/cycling-bib-shorts-spain-men\/\" aria-label=\"W\u00e4hle Optionen f\u00fcr \u201eCycling bib shorts SPAIN (MEN)\u201c\" data-quantity=\"1\" data-product_id=\"175809\" data-product_sku=\"72050113\" data-price=\"0\" rel=\"nofollow\" class=\"wp-block-button__link  add_to_cart_button\">Weiterlesen<\/a><\/div>\n\t\t\t<\/li><li class=\"wc-block-grid__product\"><span class=\"gtm4wp_productdata\" style=\"display:none; visibility:hidden;\" data-gtm4wp_product_data=\"{&quot;internal_id&quot;:175815,&quot;item_id&quot;:175815,&quot;item_name&quot;:&quot;Cycling bib shorts SPAIN (WOMEN)&quot;,&quot;sku&quot;:&quot;72200113&quot;,&quot;price&quot;:0,&quot;stocklevel&quot;:null,&quot;stockstatus&quot;:&quot;outofstock&quot;,&quot;google_business_vertical&quot;:&quot;retail&quot;,&quot;item_category&quot;:&quot;Radfahren&quot;,&quot;id&quot;:175815,&quot;productlink&quot;:&quot;https:\\\/\\\/www.inverseteams.com\\\/de\\\/produkt\\\/cycling-bib-shorts-spain-women\\\/&quot;,&quot;item_list_name&quot;:&quot;General Product List&quot;,&quot;index&quot;:0,&quot;product_type&quot;:&quot;variable&quot;,&quot;item_brand&quot;:&quot;&quot;}\"><\/span>\n\t\t\t\t<a href=\"https:\/\/www.inverseteams.com\/de\/produkt\/cycling-bib-shorts-spain-women\/\" class=\"wc-block-grid__product-link\">\n\t\t\t\t\t\n\t\t\t\t\t<div class=\"wc-block-grid__product-image\"><img loading=\"lazy\" decoding=\"async\" width=\"420\" height=\"451\" src=\"https:\/\/www.inverseteams.com\/wp-content\/uploads\/CULOTTE-CICLISTA-ESPANA-MUJER-1-420x451.jpg\" class=\"attachment-woocommerce_thumbnail size-woocommerce_thumbnail\" alt=\"Cycling bib shorts SPAIN (WOMEN)\" srcset=\"https:\/\/www.inverseteams.com\/wp-content\/uploads\/CULOTTE-CICLISTA-ESPANA-MUJER-1-420x451.jpg 420w, https:\/\/www.inverseteams.com\/wp-content\/uploads\/CULOTTE-CICLISTA-ESPANA-MUJER-1-279x300.jpg 279w, https:\/\/www.inverseteams.com\/wp-content\/uploads\/CULOTTE-CICLISTA-ESPANA-MUJER-1-953x1024.jpg 953w, https:\/\/www.inverseteams.com\/wp-content\/uploads\/CULOTTE-CICLISTA-ESPANA-MUJER-1-768x825.jpg 768w, https:\/\/www.inverseteams.com\/wp-content\/uploads\/CULOTTE-CICLISTA-ESPANA-MUJER-1-1430x1536.jpg 1430w, https:\/\/www.inverseteams.com\/wp-content\/uploads\/CULOTTE-CICLISTA-ESPANA-MUJER-1-1906x2048.jpg 1906w, https:\/\/www.inverseteams.com\/wp-content\/uploads\/CULOTTE-CICLISTA-ESPANA-MUJER-1-860x921.jpg 860w\" sizes=\"auto, (max-width: 420px) 100vw, 420px\" \/><\/div>\n\t\t\t\t\t<div class=\"wc-block-grid__product-title\">Cycling bib shorts SPAIN (WOMEN)<\/div>\n\t\t\t\t<\/a>\n\t\t\t\t<div class=\"wc-block-grid__product-price price\"><span class=\"woocommerce-Price-amount amount\">72,71<span class=\"woocommerce-Price-currencySymbol\">&euro;<\/span><\/span><span class=\"price-suffix\"><\/span><\/div>\n\t\t\t\t\n\t\t\t\t<div class=\"wp-block-button wc-block-grid__product-add-to-cart\"><a href=\"https:\/\/www.inverseteams.com\/de\/produkt\/cycling-bib-shorts-spain-women\/\" aria-label=\"W\u00e4hle Optionen f\u00fcr \u201eCycling bib shorts SPAIN (WOMEN)\u201c\" data-quantity=\"1\" data-product_id=\"175815\" data-product_sku=\"72200113\" data-price=\"0\" rel=\"nofollow\" class=\"wp-block-button__link  add_to_cart_button\">Weiterlesen<\/a><\/div>\n\t\t\t<\/li><\/ul><\/div>","protected":false},"excerpt":{"rendered":"<p>The Royal Spanish Cycling Federation presents the Spanish Cycling Team&#8217;s new competition jersey and bib shorts Spain&#8217;s Sports Council was the setting chosen to present Spain&#8217;s new jersey and bib shorts to be worn by the Spanish Cycling Team. Inverse and the Royal Spanish Cycling Federation (RFEC) presented the new design of the national team&#8217;s [&hellip;]<\/p>\n","protected":false},"author":12,"featured_media":152239,"comment_status":"open","ping_status":"open","sticky":false,"template":"","format":"standard","meta":{"_acf_changed":false,"mc4wp_mailchimp_campaign":[],"footnotes":""},"categories":[11542,11595],"tags":[],"class_list":["post-177033","post","type-post","status-publish","format-standard","has-post-thumbnail","hentry","category-radfahren","category-personalisierte-kleidung"],"acf":[],"yoast_head":"<!-- This site is optimized with the Yoast SEO plugin v27.3 - https:\/\/yoast.com\/product\/yoast-seo-wordpress\/ -->\n<title>The new jersey and bib shorts of the Spanish Cycling Team | Inverseteams<\/title>\n<meta name=\"description\" content=\"Inverse and the Royal Spanish Cycling Federation (RFEC) presented the new design of the national team&#039;s competition uniform at the Sports Council.\" \/>\n<meta name=\"robots\" content=\"index, follow, max-snippet:-1, max-image-preview:large, max-video-preview:-1\" \/>\n<link rel=\"canonical\" href=\"https:\/\/www.inverseteams.com\/de\/blog\/the-new-jersey-and-bib-shorts-of-the-spanish-cycling-team\/\" \/>\n<meta property=\"og:locale\" content=\"de_DE\" \/>\n<meta property=\"og:type\" content=\"article\" \/>\n<meta property=\"og:title\" content=\"The new jersey and bib shorts of the Spanish Cycling Team | Inverseteams\" \/>\n<meta property=\"og:description\" content=\"Inverse and the Royal Spanish Cycling Federation (RFEC) presented the new design of the national team&#039;s competition uniform at the Sports Council.\" \/>\n<meta property=\"og:url\" content=\"https:\/\/www.inverseteams.com\/de\/blog\/the-new-jersey-and-bib-shorts-of-the-spanish-cycling-team\/\" \/>\n<meta property=\"og:site_name\" content=\"Inverseteams\" \/>\n<meta property=\"article:publisher\" content=\"https:\/\/www.facebook.com\/inverseteams\" \/>\n<meta property=\"article:published_time\" content=\"2021-06-11T11:28:48+00:00\" \/>\n<meta property=\"og:image\" content=\"https:\/\/www.inverseteams.com\/wp-content\/uploads\/Maillot_espan\u0303a_ciclismo.jpg\" \/>\n\t<meta property=\"og:image:width\" content=\"4000\" \/>\n\t<meta property=\"og:image:height\" content=\"4000\" \/>\n\t<meta property=\"og:image:type\" content=\"image\/jpeg\" \/>\n<meta name=\"author\" content=\"xavier\" \/>\n<meta name=\"twitter:card\" content=\"summary_large_image\" \/>\n<meta name=\"twitter:label1\" content=\"Verfasst von\" \/>\n\t<meta name=\"twitter:data1\" content=\"xavier\" \/>\n\t<meta name=\"twitter:label2\" content=\"Gesch\u00e4tzte Lesezeit\" \/>\n\t<meta name=\"twitter:data2\" content=\"4\u00a0Minute\" \/>\n<script type=\"application\/ld+json\" class=\"yoast-schema-graph\">{\"@context\":\"https:\\\/\\\/schema.org\",\"@graph\":[{\"@type\":\"Article\",\"@id\":\"https:\\\/\\\/www.inverseteams.com\\\/de\\\/blog\\\/the-new-jersey-and-bib-shorts-of-the-spanish-cycling-team\\\/#article\",\"isPartOf\":{\"@id\":\"https:\\\/\\\/www.inverseteams.com\\\/de\\\/blog\\\/the-new-jersey-and-bib-shorts-of-the-spanish-cycling-team\\\/\"},\"author\":{\"name\":\"xavier\",\"@id\":\"https:\\\/\\\/www.inverseteams.com\\\/de\\\/#\\\/schema\\\/person\\\/8e9cda76b6449aea55a18c6b0f3a15f1\"},\"headline\":\"The new jersey and bib shorts of the Spanish Cycling Team\",\"datePublished\":\"2021-06-11T11:28:48+00:00\",\"mainEntityOfPage\":{\"@id\":\"https:\\\/\\\/www.inverseteams.com\\\/de\\\/blog\\\/the-new-jersey-and-bib-shorts-of-the-spanish-cycling-team\\\/\"},\"wordCount\":397,\"commentCount\":0,\"publisher\":{\"@id\":\"https:\\\/\\\/www.inverseteams.com\\\/de\\\/#organization\"},\"image\":{\"@id\":\"https:\\\/\\\/www.inverseteams.com\\\/de\\\/blog\\\/the-new-jersey-and-bib-shorts-of-the-spanish-cycling-team\\\/#primaryimage\"},\"thumbnailUrl\":\"https:\\\/\\\/www.inverseteams.com\\\/wp-content\\\/uploads\\\/Maillot_espan\u0303a_ciclismo.jpg\",\"articleSection\":[\"Radfahren\",\"Personalisierte Kleidung\"],\"inLanguage\":\"de\",\"potentialAction\":[{\"@type\":\"CommentAction\",\"name\":\"Comment\",\"target\":[\"https:\\\/\\\/www.inverseteams.com\\\/de\\\/blog\\\/the-new-jersey-and-bib-shorts-of-the-spanish-cycling-team\\\/#respond\"]}]},{\"@type\":\"WebPage\",\"@id\":\"https:\\\/\\\/www.inverseteams.com\\\/de\\\/blog\\\/the-new-jersey-and-bib-shorts-of-the-spanish-cycling-team\\\/\",\"url\":\"https:\\\/\\\/www.inverseteams.com\\\/de\\\/blog\\\/the-new-jersey-and-bib-shorts-of-the-spanish-cycling-team\\\/\",\"name\":\"The new jersey and bib shorts of the Spanish Cycling Team | Inverseteams\",\"isPartOf\":{\"@id\":\"https:\\\/\\\/www.inverseteams.com\\\/de\\\/#website\"},\"primaryImageOfPage\":{\"@id\":\"https:\\\/\\\/www.inverseteams.com\\\/de\\\/blog\\\/the-new-jersey-and-bib-shorts-of-the-spanish-cycling-team\\\/#primaryimage\"},\"image\":{\"@id\":\"https:\\\/\\\/www.inverseteams.com\\\/de\\\/blog\\\/the-new-jersey-and-bib-shorts-of-the-spanish-cycling-team\\\/#primaryimage\"},\"thumbnailUrl\":\"https:\\\/\\\/www.inverseteams.com\\\/wp-content\\\/uploads\\\/Maillot_espan\u0303a_ciclismo.jpg\",\"datePublished\":\"2021-06-11T11:28:48+00:00\",\"description\":\"Inverse and the Royal Spanish Cycling Federation (RFEC) presented the new design of the national team's competition uniform at the Sports Council.\",\"breadcrumb\":{\"@id\":\"https:\\\/\\\/www.inverseteams.com\\\/de\\\/blog\\\/the-new-jersey-and-bib-shorts-of-the-spanish-cycling-team\\\/#breadcrumb\"},\"inLanguage\":\"de\",\"potentialAction\":[{\"@type\":\"ReadAction\",\"target\":[\"https:\\\/\\\/www.inverseteams.com\\\/de\\\/blog\\\/the-new-jersey-and-bib-shorts-of-the-spanish-cycling-team\\\/\"]}]},{\"@type\":\"ImageObject\",\"inLanguage\":\"de\",\"@id\":\"https:\\\/\\\/www.inverseteams.com\\\/de\\\/blog\\\/the-new-jersey-and-bib-shorts-of-the-spanish-cycling-team\\\/#primaryimage\",\"url\":\"https:\\\/\\\/www.inverseteams.com\\\/wp-content\\\/uploads\\\/Maillot_espan\u0303a_ciclismo.jpg\",\"contentUrl\":\"https:\\\/\\\/www.inverseteams.com\\\/wp-content\\\/uploads\\\/Maillot_espan\u0303a_ciclismo.jpg\",\"width\":4000,\"height\":4000},{\"@type\":\"BreadcrumbList\",\"@id\":\"https:\\\/\\\/www.inverseteams.com\\\/de\\\/blog\\\/the-new-jersey-and-bib-shorts-of-the-spanish-cycling-team\\\/#breadcrumb\",\"itemListElement\":[{\"@type\":\"ListItem\",\"position\":1,\"name\":\"Portada\",\"item\":\"https:\\\/\\\/www.inverseteams.com\\\/de\\\/\"},{\"@type\":\"ListItem\",\"position\":2,\"name\":\"The new jersey and bib shorts of the Spanish Cycling Team\"}]},{\"@type\":\"WebSite\",\"@id\":\"https:\\\/\\\/www.inverseteams.com\\\/de\\\/#website\",\"url\":\"https:\\\/\\\/www.inverseteams.com\\\/de\\\/\",\"name\":\"Inverseteams\",\"description\":\"Tu marca de ropa deportiva personalizada\",\"publisher\":{\"@id\":\"https:\\\/\\\/www.inverseteams.com\\\/de\\\/#organization\"},\"potentialAction\":[{\"@type\":\"SearchAction\",\"target\":{\"@type\":\"EntryPoint\",\"urlTemplate\":\"https:\\\/\\\/www.inverseteams.com\\\/de\\\/?s={search_term_string}\"},\"query-input\":{\"@type\":\"PropertyValueSpecification\",\"valueRequired\":true,\"valueName\":\"search_term_string\"}}],\"inLanguage\":\"de\"},{\"@type\":\"Organization\",\"@id\":\"https:\\\/\\\/www.inverseteams.com\\\/de\\\/#organization\",\"name\":\"Inverse Teams\",\"url\":\"https:\\\/\\\/www.inverseteams.com\\\/de\\\/\",\"logo\":{\"@type\":\"ImageObject\",\"inLanguage\":\"de\",\"@id\":\"https:\\\/\\\/www.inverseteams.com\\\/de\\\/#\\\/schema\\\/logo\\\/image\\\/\",\"url\":\"https:\\\/\\\/www.inverseteams.com\\\/wp-content\\\/uploads\\\/2021\\\/03\\\/logo-inverse-teams.png\",\"contentUrl\":\"https:\\\/\\\/www.inverseteams.com\\\/wp-content\\\/uploads\\\/2021\\\/03\\\/logo-inverse-teams.png\",\"width\":294,\"height\":99,\"caption\":\"Inverse Teams\"},\"image\":{\"@id\":\"https:\\\/\\\/www.inverseteams.com\\\/de\\\/#\\\/schema\\\/logo\\\/image\\\/\"},\"sameAs\":[\"https:\\\/\\\/www.facebook.com\\\/inverseteams\",\"http:\\\/\\\/instagram.com\\\/inverseteams\",\"https:\\\/\\\/www.linkedin.com\\\/company\\\/inverse-cirosport-s-l-?trk=job_view_topcard_company_name\",\"http:\\\/\\\/www.pinterest.com\\\/inverseteams\\\/\",\"http:\\\/\\\/www.youtube.com\\\/user\\\/inverseteams?feature=watch\"]},{\"@type\":\"Person\",\"@id\":\"https:\\\/\\\/www.inverseteams.com\\\/de\\\/#\\\/schema\\\/person\\\/8e9cda76b6449aea55a18c6b0f3a15f1\",\"name\":\"xavier\",\"image\":{\"@type\":\"ImageObject\",\"inLanguage\":\"de\",\"@id\":\"https:\\\/\\\/secure.gravatar.com\\\/avatar\\\/602b199a1f28e97d83ab3a8bcb642260f5afd77cb09704889d85ddd70643cddb?s=96&d=mm&r=g\",\"url\":\"https:\\\/\\\/secure.gravatar.com\\\/avatar\\\/602b199a1f28e97d83ab3a8bcb642260f5afd77cb09704889d85ddd70643cddb?s=96&d=mm&r=g\",\"contentUrl\":\"https:\\\/\\\/secure.gravatar.com\\\/avatar\\\/602b199a1f28e97d83ab3a8bcb642260f5afd77cb09704889d85ddd70643cddb?s=96&d=mm&r=g\",\"caption\":\"xavier\"}}]}<\/script>\n<!-- \/ Yoast SEO plugin. -->","yoast_head_json":{"title":"The new jersey and bib shorts of the Spanish Cycling Team | Inverseteams","description":"Inverse and the Royal Spanish Cycling Federation (RFEC) presented the new design of the national team's competition uniform at the Sports Council.","robots":{"index":"index","follow":"follow","max-snippet":"max-snippet:-1","max-image-preview":"max-image-preview:large","max-video-preview":"max-video-preview:-1"},"canonical":"https:\/\/www.inverseteams.com\/de\/blog\/the-new-jersey-and-bib-shorts-of-the-spanish-cycling-team\/","og_locale":"de_DE","og_type":"article","og_title":"The new jersey and bib shorts of the Spanish Cycling Team | Inverseteams","og_description":"Inverse and the Royal Spanish Cycling Federation (RFEC) presented the new design of the national team's competition uniform at the Sports Council.","og_url":"https:\/\/www.inverseteams.com\/de\/blog\/the-new-jersey-and-bib-shorts-of-the-spanish-cycling-team\/","og_site_name":"Inverseteams","article_publisher":"https:\/\/www.facebook.com\/inverseteams","article_published_time":"2021-06-11T11:28:48+00:00","og_image":[{"width":4000,"height":4000,"url":"https:\/\/www.inverseteams.com\/wp-content\/uploads\/Maillot_espan\u0303a_ciclismo.jpg","type":"image\/jpeg"}],"author":"xavier","twitter_card":"summary_large_image","twitter_misc":{"Verfasst von":"xavier","Gesch\u00e4tzte Lesezeit":"4\u00a0Minute"},"schema":{"@context":"https:\/\/schema.org","@graph":[{"@type":"Article","@id":"https:\/\/www.inverseteams.com\/de\/blog\/the-new-jersey-and-bib-shorts-of-the-spanish-cycling-team\/#article","isPartOf":{"@id":"https:\/\/www.inverseteams.com\/de\/blog\/the-new-jersey-and-bib-shorts-of-the-spanish-cycling-team\/"},"author":{"name":"xavier","@id":"https:\/\/www.inverseteams.com\/de\/#\/schema\/person\/8e9cda76b6449aea55a18c6b0f3a15f1"},"headline":"The new jersey and bib shorts of the Spanish Cycling Team","datePublished":"2021-06-11T11:28:48+00:00","mainEntityOfPage":{"@id":"https:\/\/www.inverseteams.com\/de\/blog\/the-new-jersey-and-bib-shorts-of-the-spanish-cycling-team\/"},"wordCount":397,"commentCount":0,"publisher":{"@id":"https:\/\/www.inverseteams.com\/de\/#organization"},"image":{"@id":"https:\/\/www.inverseteams.com\/de\/blog\/the-new-jersey-and-bib-shorts-of-the-spanish-cycling-team\/#primaryimage"},"thumbnailUrl":"https:\/\/www.inverseteams.com\/wp-content\/uploads\/Maillot_espan\u0303a_ciclismo.jpg","articleSection":["Radfahren","Personalisierte Kleidung"],"inLanguage":"de","potentialAction":[{"@type":"CommentAction","name":"Comment","target":["https:\/\/www.inverseteams.com\/de\/blog\/the-new-jersey-and-bib-shorts-of-the-spanish-cycling-team\/#respond"]}]},{"@type":"WebPage","@id":"https:\/\/www.inverseteams.com\/de\/blog\/the-new-jersey-and-bib-shorts-of-the-spanish-cycling-team\/","url":"https:\/\/www.inverseteams.com\/de\/blog\/the-new-jersey-and-bib-shorts-of-the-spanish-cycling-team\/","name":"The new jersey and bib shorts of the Spanish Cycling Team | Inverseteams","isPartOf":{"@id":"https:\/\/www.inverseteams.com\/de\/#website"},"primaryImageOfPage":{"@id":"https:\/\/www.inverseteams.com\/de\/blog\/the-new-jersey-and-bib-shorts-of-the-spanish-cycling-team\/#primaryimage"},"image":{"@id":"https:\/\/www.inverseteams.com\/de\/blog\/the-new-jersey-and-bib-shorts-of-the-spanish-cycling-team\/#primaryimage"},"thumbnailUrl":"https:\/\/www.inverseteams.com\/wp-content\/uploads\/Maillot_espan\u0303a_ciclismo.jpg","datePublished":"2021-06-11T11:28:48+00:00","description":"Inverse and the Royal Spanish Cycling Federation (RFEC) presented the new design of the national team's competition uniform at the Sports Council.","breadcrumb":{"@id":"https:\/\/www.inverseteams.com\/de\/blog\/the-new-jersey-and-bib-shorts-of-the-spanish-cycling-team\/#breadcrumb"},"inLanguage":"de","potentialAction":[{"@type":"ReadAction","target":["https:\/\/www.inverseteams.com\/de\/blog\/the-new-jersey-and-bib-shorts-of-the-spanish-cycling-team\/"]}]},{"@type":"ImageObject","inLanguage":"de","@id":"https:\/\/www.inverseteams.com\/de\/blog\/the-new-jersey-and-bib-shorts-of-the-spanish-cycling-team\/#primaryimage","url":"https:\/\/www.inverseteams.com\/wp-content\/uploads\/Maillot_espan\u0303a_ciclismo.jpg","contentUrl":"https:\/\/www.inverseteams.com\/wp-content\/uploads\/Maillot_espan\u0303a_ciclismo.jpg","width":4000,"height":4000},{"@type":"BreadcrumbList","@id":"https:\/\/www.inverseteams.com\/de\/blog\/the-new-jersey-and-bib-shorts-of-the-spanish-cycling-team\/#breadcrumb","itemListElement":[{"@type":"ListItem","position":1,"name":"Portada","item":"https:\/\/www.inverseteams.com\/de\/"},{"@type":"ListItem","position":2,"name":"The new jersey and bib shorts of the Spanish Cycling Team"}]},{"@type":"WebSite","@id":"https:\/\/www.inverseteams.com\/de\/#website","url":"https:\/\/www.inverseteams.com\/de\/","name":"Inverseteams","description":"Tu marca de ropa deportiva personalizada","publisher":{"@id":"https:\/\/www.inverseteams.com\/de\/#organization"},"potentialAction":[{"@type":"SearchAction","target":{"@type":"EntryPoint","urlTemplate":"https:\/\/www.inverseteams.com\/de\/?s={search_term_string}"},"query-input":{"@type":"PropertyValueSpecification","valueRequired":true,"valueName":"search_term_string"}}],"inLanguage":"de"},{"@type":"Organization","@id":"https:\/\/www.inverseteams.com\/de\/#organization","name":"Inverse Teams","url":"https:\/\/www.inverseteams.com\/de\/","logo":{"@type":"ImageObject","inLanguage":"de","@id":"https:\/\/www.inverseteams.com\/de\/#\/schema\/logo\/image\/","url":"https:\/\/www.inverseteams.com\/wp-content\/uploads\/2021\/03\/logo-inverse-teams.png","contentUrl":"https:\/\/www.inverseteams.com\/wp-content\/uploads\/2021\/03\/logo-inverse-teams.png","width":294,"height":99,"caption":"Inverse Teams"},"image":{"@id":"https:\/\/www.inverseteams.com\/de\/#\/schema\/logo\/image\/"},"sameAs":["https:\/\/www.facebook.com\/inverseteams","http:\/\/instagram.com\/inverseteams","https:\/\/www.linkedin.com\/company\/inverse-cirosport-s-l-?trk=job_view_topcard_company_name","http:\/\/www.pinterest.com\/inverseteams\/","http:\/\/www.youtube.com\/user\/inverseteams?feature=watch"]},{"@type":"Person","@id":"https:\/\/www.inverseteams.com\/de\/#\/schema\/person\/8e9cda76b6449aea55a18c6b0f3a15f1","name":"xavier","image":{"@type":"ImageObject","inLanguage":"de","@id":"https:\/\/secure.gravatar.com\/avatar\/602b199a1f28e97d83ab3a8bcb642260f5afd77cb09704889d85ddd70643cddb?s=96&d=mm&r=g","url":"https:\/\/secure.gravatar.com\/avatar\/602b199a1f28e97d83ab3a8bcb642260f5afd77cb09704889d85ddd70643cddb?s=96&d=mm&r=g","contentUrl":"https:\/\/secure.gravatar.com\/avatar\/602b199a1f28e97d83ab3a8bcb642260f5afd77cb09704889d85ddd70643cddb?s=96&d=mm&r=g","caption":"xavier"}}]}},"_links":{"self":[{"href":"https:\/\/www.inverseteams.com\/de\/wp-json\/wp\/v2\/posts\/177033","targetHints":{"allow":["GET"]}}],"collection":[{"href":"https:\/\/www.inverseteams.com\/de\/wp-json\/wp\/v2\/posts"}],"about":[{"href":"https:\/\/www.inverseteams.com\/de\/wp-json\/wp\/v2\/types\/post"}],"author":[{"embeddable":true,"href":"https:\/\/www.inverseteams.com\/de\/wp-json\/wp\/v2\/users\/12"}],"replies":[{"embeddable":true,"href":"https:\/\/www.inverseteams.com\/de\/wp-json\/wp\/v2\/comments?post=177033"}],"version-history":[{"count":0,"href":"https:\/\/www.inverseteams.com\/de\/wp-json\/wp\/v2\/posts\/177033\/revisions"}],"wp:featuredmedia":[{"embeddable":true,"href":"https:\/\/www.inverseteams.com\/de\/wp-json\/wp\/v2\/media\/152239"}],"wp:attachment":[{"href":"https:\/\/www.inverseteams.com\/de\/wp-json\/wp\/v2\/media?parent=177033"}],"wp:term":[{"taxonomy":"category","embeddable":true,"href":"https:\/\/www.inverseteams.com\/de\/wp-json\/wp\/v2\/categories?post=177033"},{"taxonomy":"post_tag","embeddable":true,"href":"https:\/\/www.inverseteams.com\/de\/wp-json\/wp\/v2\/tags?post=177033"}],"curies":[{"name":"wp","href":"https:\/\/api.w.org\/{rel}","templated":true}]}}