{"id":177029,"date":"2021-07-29T18:41:06","date_gmt":"2021-07-29T18:41:06","guid":{"rendered":"https:\/\/www.inverseteams.com\/blog\/el-bronce-de-david-valero-merece-una-edicion-especial-del-maillot-y-culotte-de-espana-en-tokyo-2021\/"},"modified":"2021-07-29T18:41:06","modified_gmt":"2021-07-29T18:41:06","slug":"el-bronce-de-david-valero-merece-una-edicion-especial-del-maillot-y-culotte-de-espana-en-tokyo-2021","status":"publish","type":"post","link":"https:\/\/www.inverseteams.com\/de\/blog\/el-bronce-de-david-valero-merece-una-edicion-especial-del-maillot-y-culotte-de-espana-en-tokyo-2021\/","title":{"rendered":"David Valero&#8217;s bronze medal warrants a special edition of the Spanish team&#8217;s Tokyo 2021 jersey and bib shorts"},"content":{"rendered":"\n<figure class=\"wp-block-image size-large\"><img loading=\"lazy\" decoding=\"async\" width=\"1024\" height=\"680\" src=\"https:\/\/www.inverseteams.com\/wp-content\/uploads\/Blog_Valero_apaisado_medalla_bronce_jjoo-tokyo2021-1024x680.jpg\" alt=\"\" class=\"wp-image-27109\" srcset=\"https:\/\/www.inverseteams.com\/wp-content\/uploads\/Blog_Valero_apaisado_medalla_bronce_jjoo-tokyo2021-1024x680.jpg 1024w, https:\/\/www.inverseteams.com\/wp-content\/uploads\/Blog_Valero_apaisado_medalla_bronce_jjoo-tokyo2021-300x199.jpg 300w, https:\/\/www.inverseteams.com\/wp-content\/uploads\/Blog_Valero_apaisado_medalla_bronce_jjoo-tokyo2021-768x510.jpg 768w, https:\/\/www.inverseteams.com\/wp-content\/uploads\/Blog_Valero_apaisado_medalla_bronce_jjoo-tokyo2021-1536x1020.jpg 1536w, https:\/\/www.inverseteams.com\/wp-content\/uploads\/Blog_Valero_apaisado_medalla_bronce_jjoo-tokyo2021-420x279.jpg 420w, https:\/\/www.inverseteams.com\/wp-content\/uploads\/Blog_Valero_apaisado_medalla_bronce_jjoo-tokyo2021.jpg 1920w\" sizes=\"auto, (max-width: 1024px) 100vw, 1024px\" \/><\/figure>\n\n\n<div class=\"wrapper-heading\">\n<h2 class=\"wp-block-heading\">Inverse celebrates David Valero&#8217;s great achievement by placing a special edition of the Spanish 2021 Tokyo Olympics jersey and bib shorts on sale.<\/h2>\n<\/div>\n\n\n<p><\/p>\n\n\n<div class=\"wrapper-heading\">\n<h3 class=\"wp-block-heading\">Inverse celebrates David Valero&#8217;s great achievement by placing a special edition of the Spanish 2021 Tokyo Olympics jersey and bib shorts on sale<\/h3>\n<\/div>\n\n\n<figure class=\"wp-block-image size-large\"><img loading=\"lazy\" decoding=\"async\" width=\"1024\" height=\"1024\" src=\"https:\/\/www.inverseteams.com\/wp-content\/uploads\/Valero-01-1024x1024.jpg\" alt=\"\" class=\"wp-image-27113\" srcset=\"https:\/\/www.inverseteams.com\/wp-content\/uploads\/Valero-01-1024x1024.jpg 1024w, https:\/\/www.inverseteams.com\/wp-content\/uploads\/Valero-01-300x300.jpg 300w, https:\/\/www.inverseteams.com\/wp-content\/uploads\/Valero-01-150x150.jpg 150w, https:\/\/www.inverseteams.com\/wp-content\/uploads\/Valero-01-768x768.jpg 768w, https:\/\/www.inverseteams.com\/wp-content\/uploads\/Valero-01-860x860.jpg 860w, https:\/\/www.inverseteams.com\/wp-content\/uploads\/Valero-01-420x420.jpg 420w, https:\/\/www.inverseteams.com\/wp-content\/uploads\/Valero-01-100x100.jpg 100w, https:\/\/www.inverseteams.com\/wp-content\/uploads\/Valero-01.jpg 1080w\" sizes=\"auto, (max-width: 1024px) 100vw, 1024px\" \/><figcaption>Foto: <strong>RFEC &#8211; PhotoGomezSport<\/strong><\/figcaption><\/figure>\n\n\n\n<p>The Spanish National Team&#8217;s cyclist has given Spain a bronze that felt like a gold, after being involved in a marvellous comeback from 35th place to finally win the bronze medal. This feat gives him his own entry in the history of our sport, and makes him the holder of the 16th medal won by Spanish cycling at the Olympic Games.<\/p>\n\n\n\n<p><strong>MTB or mountain biking has given Spain many medals in previous Olympic Games.<\/strong> <strong>David Valero<\/strong>&#8217;s bronze medal is the fourth, following those won by <strong>Marga Fullana<\/strong>, <strong>Jos\u00e9 Antonio Hermida<\/strong> and <strong>Carlos Coloma<\/strong>.<\/p>\n\n\n\n<p>After stepping onto the podium and collecting that precious bronze medal, David Valero told the media that <em>&#8222;it&#8217;s been a long road to the Olympic Games, with a lot of uncertainty because of the health situation. This medal is a dream that has come true today. My goal since Rio de Janeiro has been to make my mark at the Olympic Games, which is an objective for all athletes, and it&#8217;s the result of many years of hard work and sacrifice, and I feel today that the reward is enormous.&#8220;<\/em><\/p>\n\n\n\n<figure class=\"wp-block-image size-large\"><img loading=\"lazy\" decoding=\"async\" width=\"1024\" height=\"1024\" src=\"https:\/\/www.inverseteams.com\/wp-content\/uploads\/Valero-02-1024x1024.jpg\" alt=\"\" class=\"wp-image-27117\" srcset=\"https:\/\/www.inverseteams.com\/wp-content\/uploads\/Valero-02-1024x1024.jpg 1024w, https:\/\/www.inverseteams.com\/wp-content\/uploads\/Valero-02-300x300.jpg 300w, https:\/\/www.inverseteams.com\/wp-content\/uploads\/Valero-02-150x150.jpg 150w, https:\/\/www.inverseteams.com\/wp-content\/uploads\/Valero-02-768x768.jpg 768w, https:\/\/www.inverseteams.com\/wp-content\/uploads\/Valero-02-860x860.jpg 860w, https:\/\/www.inverseteams.com\/wp-content\/uploads\/Valero-02-420x420.jpg 420w, https:\/\/www.inverseteams.com\/wp-content\/uploads\/Valero-02-100x100.jpg 100w, https:\/\/www.inverseteams.com\/wp-content\/uploads\/Valero-02.jpg 1080w\" sizes=\"auto, (max-width: 1024px) 100vw, 1024px\" \/><figcaption>Foto: <strong>RFEC &#8211; PhotoGomezSport<\/strong><\/figcaption><\/figure>\n\n\n\n<p>Inverse has received numerous requests from cycling fans in Spain &#8211; and other countries &#8211; who would like to have the jersey and bib shorts used by the Spanish cycling team at the Tokyo 2021 Olympic Games. That&#8217;s why <strong>Inverse has decided to celebrate David Valero&#8217;s achievement by placing a special edition of the replica of the Spanish Olympic jersey and bib shorts on sale.<\/strong><\/p>\n\n\n\n<p><strong>The sale of the limited edition of the Spanish jersey and bib shorts for the Tokyo 2021 Olympics ends on 31 August<\/strong>, and orders will ship from the second week of September onwards.<\/p>\n\n\n<div data-block-name=\"woocommerce\/handpicked-products\" data-columns=\"4\" data-edit-mode=\"false\" data-products=\"[]\" class=\"wc-block-grid wp-block-handpicked-products wp-block-woocommerce-handpicked-products wc-block-handpicked-products has-4-columns has-multiple-rows\"><ul class=\"wc-block-grid__products\"><li class=\"wc-block-grid__product\"><span class=\"gtm4wp_productdata\" style=\"display:none; visibility:hidden;\" data-gtm4wp_product_data=\"{&quot;internal_id&quot;:278020,&quot;item_id&quot;:278020,&quot;item_name&quot;:&quot;Radtrikot ESSENZ MALI SUNSET&quot;,&quot;sku&quot;:&quot;51010330&quot;,&quot;price&quot;:73.55,&quot;stocklevel&quot;:null,&quot;stockstatus&quot;:&quot;instock&quot;,&quot;google_business_vertical&quot;:&quot;retail&quot;,&quot;item_category&quot;:&quot;B2B&quot;,&quot;id&quot;:278020,&quot;productlink&quot;:&quot;https:\\\/\\\/www.inverseteams.com\\\/de\\\/produkt\\\/radtrikot-essenz-mali-sunset-herren\\\/&quot;,&quot;item_list_name&quot;:&quot;General Product List&quot;,&quot;index&quot;:0,&quot;product_type&quot;:&quot;variable&quot;,&quot;item_brand&quot;:&quot;&quot;}\"><\/span>\n\t\t\t\t<a href=\"https:\/\/www.inverseteams.com\/de\/produkt\/radtrikot-essenz-mali-sunset-herren\/\" class=\"wc-block-grid__product-link\">\n\t\t\t\t\t\n\t\t\t\t\t<div class=\"wc-block-grid__product-image\"><img loading=\"lazy\" decoding=\"async\" width=\"420\" height=\"450\" src=\"https:\/\/www.inverseteams.com\/wp-content\/uploads\/INVERSE-CICLISMO-HOMBRE-MAILLOT-ESSENZ-MALI-SUNSET-001-420x450.jpg\" class=\"attachment-woocommerce_thumbnail size-woocommerce_thumbnail\" alt=\"Radtrikot ESSENZ MALI SUNSET\" srcset=\"https:\/\/www.inverseteams.com\/wp-content\/uploads\/INVERSE-CICLISMO-HOMBRE-MAILLOT-ESSENZ-MALI-SUNSET-001-420x451.jpg 420w, https:\/\/www.inverseteams.com\/wp-content\/uploads\/INVERSE-CICLISMO-HOMBRE-MAILLOT-ESSENZ-MALI-SUNSET-001-279x300.jpg 279w, https:\/\/www.inverseteams.com\/wp-content\/uploads\/INVERSE-CICLISMO-HOMBRE-MAILLOT-ESSENZ-MALI-SUNSET-001-953x1024.jpg 953w, https:\/\/www.inverseteams.com\/wp-content\/uploads\/INVERSE-CICLISMO-HOMBRE-MAILLOT-ESSENZ-MALI-SUNSET-001-768x825.jpg 768w, https:\/\/www.inverseteams.com\/wp-content\/uploads\/INVERSE-CICLISMO-HOMBRE-MAILLOT-ESSENZ-MALI-SUNSET-001-1429x1536.jpg 1429w, https:\/\/www.inverseteams.com\/wp-content\/uploads\/INVERSE-CICLISMO-HOMBRE-MAILLOT-ESSENZ-MALI-SUNSET-001-860x921.jpg 860w, https:\/\/www.inverseteams.com\/wp-content\/uploads\/INVERSE-CICLISMO-HOMBRE-MAILLOT-ESSENZ-MALI-SUNSET-001-550x591.jpg 550w, https:\/\/www.inverseteams.com\/wp-content\/uploads\/INVERSE-CICLISMO-HOMBRE-MAILLOT-ESSENZ-MALI-SUNSET-001-64x69.jpg 64w, https:\/\/www.inverseteams.com\/wp-content\/uploads\/INVERSE-CICLISMO-HOMBRE-MAILLOT-ESSENZ-MALI-SUNSET-001.jpg 1500w\" sizes=\"auto, (max-width: 420px) 100vw, 420px\" \/><\/div>\n\t\t\t\t\t<div class=\"wc-block-grid__product-title\">Radtrikot ESSENZ MALI SUNSET<\/div>\n\t\t\t\t<\/a>\n\t\t\t\t<div class=\"wc-block-grid__product-price price\"><span class=\"woocommerce-Price-amount amount\">73,55<span class=\"woocommerce-Price-currencySymbol\">&euro;<\/span><\/span><span class=\"price-suffix\"><\/span><\/div>\n\t\t\t\t\n\t\t\t\t<div class=\"wp-block-button wc-block-grid__product-add-to-cart\"><a href=\"https:\/\/www.inverseteams.com\/de\/produkt\/radtrikot-essenz-mali-sunset-herren\/\" aria-label=\"W\u00e4hle Optionen f\u00fcr \u201eRadtrikot ESSENZ MALI SUNSET\u201c\" data-quantity=\"1\" data-product_id=\"278020\" data-product_sku=\"51010330\" data-price=\"73.55\" rel=\"nofollow\" class=\"wp-block-button__link  add_to_cart_button\">Ausf\u00fchrung w\u00e4hlen<\/a><\/div>\n\t\t\t<\/li><li class=\"wc-block-grid__product\"><span class=\"gtm4wp_productdata\" style=\"display:none; visibility:hidden;\" data-gtm4wp_product_data=\"{&quot;internal_id&quot;:279165,&quot;item_id&quot;:279165,&quot;item_name&quot;:&quot;Radtrikot ESSENZ ASIA IRIS&quot;,&quot;sku&quot;:&quot;51020333&quot;,&quot;price&quot;:73.55,&quot;stocklevel&quot;:null,&quot;stockstatus&quot;:&quot;instock&quot;,&quot;google_business_vertical&quot;:&quot;retail&quot;,&quot;item_category&quot;:&quot;B2B&quot;,&quot;id&quot;:279165,&quot;productlink&quot;:&quot;https:\\\/\\\/www.inverseteams.com\\\/de\\\/produkt\\\/radtrikot-essenz-asia-iris\\\/&quot;,&quot;item_list_name&quot;:&quot;General Product List&quot;,&quot;index&quot;:0,&quot;product_type&quot;:&quot;variable&quot;,&quot;item_brand&quot;:&quot;&quot;}\"><\/span>\n\t\t\t\t<a href=\"https:\/\/www.inverseteams.com\/de\/produkt\/radtrikot-essenz-asia-iris\/\" class=\"wc-block-grid__product-link\">\n\t\t\t\t\t\n\t\t\t\t\t<div class=\"wc-block-grid__product-image\"><img loading=\"lazy\" decoding=\"async\" width=\"420\" height=\"450\" src=\"https:\/\/www.inverseteams.com\/wp-content\/uploads\/INVERSE-CICLISMO-MUJER-MAILLOT-ESSENZ-ASIA-IRIS-001-420x450.jpg\" class=\"attachment-woocommerce_thumbnail size-woocommerce_thumbnail\" alt=\"Radtrikot ESSENZ ASIA IRIS\" srcset=\"https:\/\/www.inverseteams.com\/wp-content\/uploads\/INVERSE-CICLISMO-MUJER-MAILLOT-ESSENZ-ASIA-IRIS-001-420x451.jpg 420w, https:\/\/www.inverseteams.com\/wp-content\/uploads\/INVERSE-CICLISMO-MUJER-MAILLOT-ESSENZ-ASIA-IRIS-001-279x300.jpg 279w, https:\/\/www.inverseteams.com\/wp-content\/uploads\/INVERSE-CICLISMO-MUJER-MAILLOT-ESSENZ-ASIA-IRIS-001-953x1024.jpg 953w, https:\/\/www.inverseteams.com\/wp-content\/uploads\/INVERSE-CICLISMO-MUJER-MAILLOT-ESSENZ-ASIA-IRIS-001-768x825.jpg 768w, https:\/\/www.inverseteams.com\/wp-content\/uploads\/INVERSE-CICLISMO-MUJER-MAILLOT-ESSENZ-ASIA-IRIS-001-1429x1536.jpg 1429w, https:\/\/www.inverseteams.com\/wp-content\/uploads\/INVERSE-CICLISMO-MUJER-MAILLOT-ESSENZ-ASIA-IRIS-001-860x921.jpg 860w, https:\/\/www.inverseteams.com\/wp-content\/uploads\/INVERSE-CICLISMO-MUJER-MAILLOT-ESSENZ-ASIA-IRIS-001-550x591.jpg 550w, https:\/\/www.inverseteams.com\/wp-content\/uploads\/INVERSE-CICLISMO-MUJER-MAILLOT-ESSENZ-ASIA-IRIS-001-64x69.jpg 64w, https:\/\/www.inverseteams.com\/wp-content\/uploads\/INVERSE-CICLISMO-MUJER-MAILLOT-ESSENZ-ASIA-IRIS-001.jpg 1500w\" sizes=\"auto, (max-width: 420px) 100vw, 420px\" \/><\/div>\n\t\t\t\t\t<div class=\"wc-block-grid__product-title\">Radtrikot ESSENZ ASIA IRIS<\/div>\n\t\t\t\t<\/a>\n\t\t\t\t<div class=\"wc-block-grid__product-price price\"><span class=\"woocommerce-Price-amount amount\">73,55<span class=\"woocommerce-Price-currencySymbol\">&euro;<\/span><\/span><span class=\"price-suffix\"><\/span><\/div>\n\t\t\t\t\n\t\t\t\t<div class=\"wp-block-button wc-block-grid__product-add-to-cart\"><a href=\"https:\/\/www.inverseteams.com\/de\/produkt\/radtrikot-essenz-asia-iris\/\" aria-label=\"W\u00e4hle Optionen f\u00fcr \u201eRadtrikot ESSENZ ASIA IRIS\u201c\" data-quantity=\"1\" data-product_id=\"279165\" data-product_sku=\"51020333\" data-price=\"73.55\" rel=\"nofollow\" class=\"wp-block-button__link  add_to_cart_button\">Ausf\u00fchrung w\u00e4hlen<\/a><\/div>\n\t\t\t<\/li><li class=\"wc-block-grid__product\"><span class=\"gtm4wp_productdata\" style=\"display:none; visibility:hidden;\" data-gtm4wp_product_data=\"{&quot;internal_id&quot;:278175,&quot;item_id&quot;:278175,&quot;item_name&quot;:&quot;Radtrikot ESSENZ MALI MIEL&quot;,&quot;sku&quot;:&quot;51010331&quot;,&quot;price&quot;:73.55,&quot;stocklevel&quot;:null,&quot;stockstatus&quot;:&quot;instock&quot;,&quot;google_business_vertical&quot;:&quot;retail&quot;,&quot;item_category&quot;:&quot;B2B&quot;,&quot;id&quot;:278175,&quot;productlink&quot;:&quot;https:\\\/\\\/www.inverseteams.com\\\/de\\\/produkt\\\/radtrikot-essenz-mali-miel\\\/&quot;,&quot;item_list_name&quot;:&quot;General Product List&quot;,&quot;index&quot;:0,&quot;product_type&quot;:&quot;variable&quot;,&quot;item_brand&quot;:&quot;&quot;}\"><\/span>\n\t\t\t\t<a href=\"https:\/\/www.inverseteams.com\/de\/produkt\/radtrikot-essenz-mali-miel\/\" class=\"wc-block-grid__product-link\">\n\t\t\t\t\t\n\t\t\t\t\t<div class=\"wc-block-grid__product-image\"><img loading=\"lazy\" decoding=\"async\" width=\"420\" height=\"450\" src=\"https:\/\/www.inverseteams.com\/wp-content\/uploads\/INVERSE-CICLISMO-HOMBRE-MAILLOT-ESSENZ-MALI-MIEL-001-420x450.jpg\" class=\"attachment-woocommerce_thumbnail size-woocommerce_thumbnail\" alt=\"Radtrikot ESSENZ MALI MIEL\" srcset=\"https:\/\/www.inverseteams.com\/wp-content\/uploads\/INVERSE-CICLISMO-HOMBRE-MAILLOT-ESSENZ-MALI-MIEL-001-420x451.jpg 420w, https:\/\/www.inverseteams.com\/wp-content\/uploads\/INVERSE-CICLISMO-HOMBRE-MAILLOT-ESSENZ-MALI-MIEL-001-279x300.jpg 279w, https:\/\/www.inverseteams.com\/wp-content\/uploads\/INVERSE-CICLISMO-HOMBRE-MAILLOT-ESSENZ-MALI-MIEL-001-953x1024.jpg 953w, https:\/\/www.inverseteams.com\/wp-content\/uploads\/INVERSE-CICLISMO-HOMBRE-MAILLOT-ESSENZ-MALI-MIEL-001-768x825.jpg 768w, https:\/\/www.inverseteams.com\/wp-content\/uploads\/INVERSE-CICLISMO-HOMBRE-MAILLOT-ESSENZ-MALI-MIEL-001-1429x1536.jpg 1429w, https:\/\/www.inverseteams.com\/wp-content\/uploads\/INVERSE-CICLISMO-HOMBRE-MAILLOT-ESSENZ-MALI-MIEL-001-860x921.jpg 860w, https:\/\/www.inverseteams.com\/wp-content\/uploads\/INVERSE-CICLISMO-HOMBRE-MAILLOT-ESSENZ-MALI-MIEL-001-550x591.jpg 550w, https:\/\/www.inverseteams.com\/wp-content\/uploads\/INVERSE-CICLISMO-HOMBRE-MAILLOT-ESSENZ-MALI-MIEL-001-64x69.jpg 64w, https:\/\/www.inverseteams.com\/wp-content\/uploads\/INVERSE-CICLISMO-HOMBRE-MAILLOT-ESSENZ-MALI-MIEL-001.jpg 1500w\" sizes=\"auto, (max-width: 420px) 100vw, 420px\" \/><\/div>\n\t\t\t\t\t<div class=\"wc-block-grid__product-title\">Radtrikot ESSENZ MALI MIEL<\/div>\n\t\t\t\t<\/a>\n\t\t\t\t<div class=\"wc-block-grid__product-price price\"><span class=\"woocommerce-Price-amount amount\">73,55<span class=\"woocommerce-Price-currencySymbol\">&euro;<\/span><\/span><span class=\"price-suffix\"><\/span><\/div>\n\t\t\t\t\n\t\t\t\t<div class=\"wp-block-button wc-block-grid__product-add-to-cart\"><a href=\"https:\/\/www.inverseteams.com\/de\/produkt\/radtrikot-essenz-mali-miel\/\" aria-label=\"W\u00e4hle Optionen f\u00fcr \u201eRadtrikot ESSENZ MALI MIEL\u201c\" data-quantity=\"1\" data-product_id=\"278175\" data-product_sku=\"51010331\" data-price=\"73.55\" rel=\"nofollow\" class=\"wp-block-button__link  add_to_cart_button\">Ausf\u00fchrung w\u00e4hlen<\/a><\/div>\n\t\t\t<\/li><li class=\"wc-block-grid__product\"><span class=\"gtm4wp_productdata\" style=\"display:none; visibility:hidden;\" data-gtm4wp_product_data=\"{&quot;internal_id&quot;:278205,&quot;item_id&quot;:278205,&quot;item_name&quot;:&quot;Radtrikot ESSENZ MALI PERSIA&quot;,&quot;sku&quot;:&quot;51010332&quot;,&quot;price&quot;:73.55,&quot;stocklevel&quot;:null,&quot;stockstatus&quot;:&quot;instock&quot;,&quot;google_business_vertical&quot;:&quot;retail&quot;,&quot;item_category&quot;:&quot;B2B&quot;,&quot;id&quot;:278205,&quot;productlink&quot;:&quot;https:\\\/\\\/www.inverseteams.com\\\/de\\\/produkt\\\/radtrikot-essenz-mali-persia\\\/&quot;,&quot;item_list_name&quot;:&quot;General Product List&quot;,&quot;index&quot;:0,&quot;product_type&quot;:&quot;variable&quot;,&quot;item_brand&quot;:&quot;&quot;}\"><\/span>\n\t\t\t\t<a href=\"https:\/\/www.inverseteams.com\/de\/produkt\/radtrikot-essenz-mali-persia\/\" class=\"wc-block-grid__product-link\">\n\t\t\t\t\t\n\t\t\t\t\t<div class=\"wc-block-grid__product-image\"><img loading=\"lazy\" decoding=\"async\" width=\"420\" height=\"450\" src=\"https:\/\/www.inverseteams.com\/wp-content\/uploads\/INVERSE-CICLISMO-HOMBRE-MAILLOT-ESSENZ-MALI-PERSIA-001-420x450.jpg\" class=\"attachment-woocommerce_thumbnail size-woocommerce_thumbnail\" alt=\"Radtrikot ESSENZ MALI PERSIA\" srcset=\"https:\/\/www.inverseteams.com\/wp-content\/uploads\/INVERSE-CICLISMO-HOMBRE-MAILLOT-ESSENZ-MALI-PERSIA-001-420x451.jpg 420w, https:\/\/www.inverseteams.com\/wp-content\/uploads\/INVERSE-CICLISMO-HOMBRE-MAILLOT-ESSENZ-MALI-PERSIA-001-279x300.jpg 279w, https:\/\/www.inverseteams.com\/wp-content\/uploads\/INVERSE-CICLISMO-HOMBRE-MAILLOT-ESSENZ-MALI-PERSIA-001-953x1024.jpg 953w, https:\/\/www.inverseteams.com\/wp-content\/uploads\/INVERSE-CICLISMO-HOMBRE-MAILLOT-ESSENZ-MALI-PERSIA-001-768x825.jpg 768w, https:\/\/www.inverseteams.com\/wp-content\/uploads\/INVERSE-CICLISMO-HOMBRE-MAILLOT-ESSENZ-MALI-PERSIA-001-1429x1536.jpg 1429w, https:\/\/www.inverseteams.com\/wp-content\/uploads\/INVERSE-CICLISMO-HOMBRE-MAILLOT-ESSENZ-MALI-PERSIA-001-860x921.jpg 860w, https:\/\/www.inverseteams.com\/wp-content\/uploads\/INVERSE-CICLISMO-HOMBRE-MAILLOT-ESSENZ-MALI-PERSIA-001-550x591.jpg 550w, https:\/\/www.inverseteams.com\/wp-content\/uploads\/INVERSE-CICLISMO-HOMBRE-MAILLOT-ESSENZ-MALI-PERSIA-001-64x69.jpg 64w, https:\/\/www.inverseteams.com\/wp-content\/uploads\/INVERSE-CICLISMO-HOMBRE-MAILLOT-ESSENZ-MALI-PERSIA-001.jpg 1500w\" sizes=\"auto, (max-width: 420px) 100vw, 420px\" \/><\/div>\n\t\t\t\t\t<div class=\"wc-block-grid__product-title\">Radtrikot ESSENZ MALI PERSIA<\/div>\n\t\t\t\t<\/a>\n\t\t\t\t<div class=\"wc-block-grid__product-price price\"><span class=\"woocommerce-Price-amount amount\">73,55<span class=\"woocommerce-Price-currencySymbol\">&euro;<\/span><\/span><span class=\"price-suffix\"><\/span><\/div>\n\t\t\t\t\n\t\t\t\t<div class=\"wp-block-button wc-block-grid__product-add-to-cart\"><a href=\"https:\/\/www.inverseteams.com\/de\/produkt\/radtrikot-essenz-mali-persia\/\" aria-label=\"W\u00e4hle Optionen f\u00fcr \u201eRadtrikot ESSENZ MALI PERSIA\u201c\" data-quantity=\"1\" data-product_id=\"278205\" data-product_sku=\"51010332\" data-price=\"73.55\" rel=\"nofollow\" class=\"wp-block-button__link  add_to_cart_button\">Ausf\u00fchrung w\u00e4hlen<\/a><\/div>\n\t\t\t<\/li><li class=\"wc-block-grid__product\"><span class=\"gtm4wp_productdata\" style=\"display:none; visibility:hidden;\" data-gtm4wp_product_data=\"{&quot;internal_id&quot;:278277,&quot;item_id&quot;:278277,&quot;item_name&quot;:&quot;Radtrikot MOTION KENIA BEIG&quot;,&quot;sku&quot;:&quot;51010334&quot;,&quot;price&quot;:81.82,&quot;stocklevel&quot;:null,&quot;stockstatus&quot;:&quot;outofstock&quot;,&quot;google_business_vertical&quot;:&quot;retail&quot;,&quot;item_category&quot;:&quot;B2B&quot;,&quot;id&quot;:278277,&quot;productlink&quot;:&quot;https:\\\/\\\/www.inverseteams.com\\\/de\\\/produkt\\\/radtrikot-motion-kenia-beig\\\/&quot;,&quot;item_list_name&quot;:&quot;General Product List&quot;,&quot;index&quot;:0,&quot;product_type&quot;:&quot;variable&quot;,&quot;item_brand&quot;:&quot;&quot;}\"><\/span>\n\t\t\t\t<a href=\"https:\/\/www.inverseteams.com\/de\/produkt\/radtrikot-motion-kenia-beig\/\" class=\"wc-block-grid__product-link\">\n\t\t\t\t\t\n\t\t\t\t\t<div class=\"wc-block-grid__product-image\"><img loading=\"lazy\" decoding=\"async\" width=\"420\" height=\"450\" src=\"https:\/\/www.inverseteams.com\/wp-content\/uploads\/INVERSE-CICLISMO-HOMBRE-MAILLOT-MOTION-KENIA-BEIG-001-420x450.jpg\" class=\"attachment-woocommerce_thumbnail size-woocommerce_thumbnail\" alt=\"Radtrikot MOTION KENIA BEIG\" srcset=\"https:\/\/www.inverseteams.com\/wp-content\/uploads\/INVERSE-CICLISMO-HOMBRE-MAILLOT-MOTION-KENIA-BEIG-001-420x451.jpg 420w, https:\/\/www.inverseteams.com\/wp-content\/uploads\/INVERSE-CICLISMO-HOMBRE-MAILLOT-MOTION-KENIA-BEIG-001-279x300.jpg 279w, https:\/\/www.inverseteams.com\/wp-content\/uploads\/INVERSE-CICLISMO-HOMBRE-MAILLOT-MOTION-KENIA-BEIG-001-953x1024.jpg 953w, https:\/\/www.inverseteams.com\/wp-content\/uploads\/INVERSE-CICLISMO-HOMBRE-MAILLOT-MOTION-KENIA-BEIG-001-768x825.jpg 768w, https:\/\/www.inverseteams.com\/wp-content\/uploads\/INVERSE-CICLISMO-HOMBRE-MAILLOT-MOTION-KENIA-BEIG-001-1429x1536.jpg 1429w, https:\/\/www.inverseteams.com\/wp-content\/uploads\/INVERSE-CICLISMO-HOMBRE-MAILLOT-MOTION-KENIA-BEIG-001-860x921.jpg 860w, https:\/\/www.inverseteams.com\/wp-content\/uploads\/INVERSE-CICLISMO-HOMBRE-MAILLOT-MOTION-KENIA-BEIG-001-550x591.jpg 550w, https:\/\/www.inverseteams.com\/wp-content\/uploads\/INVERSE-CICLISMO-HOMBRE-MAILLOT-MOTION-KENIA-BEIG-001-64x69.jpg 64w, https:\/\/www.inverseteams.com\/wp-content\/uploads\/INVERSE-CICLISMO-HOMBRE-MAILLOT-MOTION-KENIA-BEIG-001.jpg 1500w\" sizes=\"auto, (max-width: 420px) 100vw, 420px\" \/><\/div>\n\t\t\t\t\t<div class=\"wc-block-grid__product-title\">Radtrikot MOTION KENIA BEIG<\/div>\n\t\t\t\t<\/a>\n\t\t\t\t<div class=\"wc-block-grid__product-price price\"><span class=\"woocommerce-Price-amount amount\">81,82<span class=\"woocommerce-Price-currencySymbol\">&euro;<\/span><\/span><span class=\"price-suffix\"><\/span><\/div>\n\t\t\t\t\n\t\t\t\t<div class=\"wp-block-button wc-block-grid__product-add-to-cart\"><a href=\"https:\/\/www.inverseteams.com\/de\/produkt\/radtrikot-motion-kenia-beig\/\" aria-label=\"W\u00e4hle Optionen f\u00fcr \u201eRadtrikot MOTION KENIA BEIG\u201c\" data-quantity=\"1\" data-product_id=\"278277\" data-product_sku=\"51010334\" data-price=\"81.82\" rel=\"nofollow\" class=\"wp-block-button__link  add_to_cart_button\">Ausf\u00fchrung w\u00e4hlen<\/a><\/div>\n\t\t\t<\/li><li class=\"wc-block-grid__product\"><span class=\"gtm4wp_productdata\" style=\"display:none; visibility:hidden;\" data-gtm4wp_product_data=\"{&quot;internal_id&quot;:278398,&quot;item_id&quot;:278398,&quot;item_name&quot;:&quot;Radtrikot MOTION KENIA MOSS&quot;,&quot;sku&quot;:&quot;51010335&quot;,&quot;price&quot;:81.82,&quot;stocklevel&quot;:null,&quot;stockstatus&quot;:&quot;instock&quot;,&quot;google_business_vertical&quot;:&quot;retail&quot;,&quot;item_category&quot;:&quot;B2B&quot;,&quot;id&quot;:278398,&quot;productlink&quot;:&quot;https:\\\/\\\/www.inverseteams.com\\\/de\\\/produkt\\\/radtrikot-motion-kenia-moss\\\/&quot;,&quot;item_list_name&quot;:&quot;General Product List&quot;,&quot;index&quot;:0,&quot;product_type&quot;:&quot;variable&quot;,&quot;item_brand&quot;:&quot;&quot;}\"><\/span>\n\t\t\t\t<a href=\"https:\/\/www.inverseteams.com\/de\/produkt\/radtrikot-motion-kenia-moss\/\" class=\"wc-block-grid__product-link\">\n\t\t\t\t\t\n\t\t\t\t\t<div class=\"wc-block-grid__product-image\"><img loading=\"lazy\" decoding=\"async\" width=\"420\" height=\"450\" src=\"https:\/\/www.inverseteams.com\/wp-content\/uploads\/INVERSE-CICLISMO-HOMBRE-MAILLOT-MOTION-KENIA-MOSS-001-420x450.jpg\" class=\"attachment-woocommerce_thumbnail size-woocommerce_thumbnail\" alt=\"Radtrikot MOTION KENIA MOSS\" srcset=\"https:\/\/www.inverseteams.com\/wp-content\/uploads\/INVERSE-CICLISMO-HOMBRE-MAILLOT-MOTION-KENIA-MOSS-001-420x451.jpg 420w, https:\/\/www.inverseteams.com\/wp-content\/uploads\/INVERSE-CICLISMO-HOMBRE-MAILLOT-MOTION-KENIA-MOSS-001-279x300.jpg 279w, https:\/\/www.inverseteams.com\/wp-content\/uploads\/INVERSE-CICLISMO-HOMBRE-MAILLOT-MOTION-KENIA-MOSS-001-953x1024.jpg 953w, https:\/\/www.inverseteams.com\/wp-content\/uploads\/INVERSE-CICLISMO-HOMBRE-MAILLOT-MOTION-KENIA-MOSS-001-768x825.jpg 768w, https:\/\/www.inverseteams.com\/wp-content\/uploads\/INVERSE-CICLISMO-HOMBRE-MAILLOT-MOTION-KENIA-MOSS-001-1429x1536.jpg 1429w, https:\/\/www.inverseteams.com\/wp-content\/uploads\/INVERSE-CICLISMO-HOMBRE-MAILLOT-MOTION-KENIA-MOSS-001-860x921.jpg 860w, https:\/\/www.inverseteams.com\/wp-content\/uploads\/INVERSE-CICLISMO-HOMBRE-MAILLOT-MOTION-KENIA-MOSS-001-550x591.jpg 550w, https:\/\/www.inverseteams.com\/wp-content\/uploads\/INVERSE-CICLISMO-HOMBRE-MAILLOT-MOTION-KENIA-MOSS-001-64x69.jpg 64w, https:\/\/www.inverseteams.com\/wp-content\/uploads\/INVERSE-CICLISMO-HOMBRE-MAILLOT-MOTION-KENIA-MOSS-001.jpg 1500w\" sizes=\"auto, (max-width: 420px) 100vw, 420px\" \/><\/div>\n\t\t\t\t\t<div class=\"wc-block-grid__product-title\">Radtrikot MOTION KENIA MOSS<\/div>\n\t\t\t\t<\/a>\n\t\t\t\t<div class=\"wc-block-grid__product-price price\"><span class=\"woocommerce-Price-amount amount\">81,82<span class=\"woocommerce-Price-currencySymbol\">&euro;<\/span><\/span><span class=\"price-suffix\"><\/span><\/div>\n\t\t\t\t\n\t\t\t\t<div class=\"wp-block-button wc-block-grid__product-add-to-cart\"><a href=\"https:\/\/www.inverseteams.com\/de\/produkt\/radtrikot-motion-kenia-moss\/\" aria-label=\"W\u00e4hle Optionen f\u00fcr \u201eRadtrikot MOTION KENIA MOSS\u201c\" data-quantity=\"1\" data-product_id=\"278398\" data-product_sku=\"51010335\" data-price=\"81.82\" rel=\"nofollow\" class=\"wp-block-button__link  add_to_cart_button\">Ausf\u00fchrung w\u00e4hlen<\/a><\/div>\n\t\t\t<\/li><li class=\"wc-block-grid__product\"><span class=\"gtm4wp_productdata\" style=\"display:none; visibility:hidden;\" data-gtm4wp_product_data=\"{&quot;internal_id&quot;:279279,&quot;item_id&quot;:279279,&quot;item_name&quot;:&quot;Radtrikot MOTION INDIA MAYA&quot;,&quot;sku&quot;:&quot;51020336&quot;,&quot;price&quot;:81.82,&quot;stocklevel&quot;:null,&quot;stockstatus&quot;:&quot;instock&quot;,&quot;google_business_vertical&quot;:&quot;retail&quot;,&quot;item_category&quot;:&quot;B2B&quot;,&quot;id&quot;:279279,&quot;productlink&quot;:&quot;https:\\\/\\\/www.inverseteams.com\\\/de\\\/produkt\\\/radtrikot-motion-india-maya\\\/&quot;,&quot;item_list_name&quot;:&quot;General Product List&quot;,&quot;index&quot;:0,&quot;product_type&quot;:&quot;variable&quot;,&quot;item_brand&quot;:&quot;&quot;}\"><\/span>\n\t\t\t\t<a href=\"https:\/\/www.inverseteams.com\/de\/produkt\/radtrikot-motion-india-maya\/\" class=\"wc-block-grid__product-link\">\n\t\t\t\t\t\n\t\t\t\t\t<div class=\"wc-block-grid__product-image\"><img loading=\"lazy\" decoding=\"async\" width=\"420\" height=\"450\" src=\"https:\/\/www.inverseteams.com\/wp-content\/uploads\/INVERSE-CICLISMO-MUJER-MAILLOT-MOTION-INDIA-MAYA-001-420x450.jpg\" class=\"attachment-woocommerce_thumbnail size-woocommerce_thumbnail\" alt=\"Radtrikot MOTION INDIA MAYA\" srcset=\"https:\/\/www.inverseteams.com\/wp-content\/uploads\/INVERSE-CICLISMO-MUJER-MAILLOT-MOTION-INDIA-MAYA-001-420x451.jpg 420w, https:\/\/www.inverseteams.com\/wp-content\/uploads\/INVERSE-CICLISMO-MUJER-MAILLOT-MOTION-INDIA-MAYA-001-279x300.jpg 279w, https:\/\/www.inverseteams.com\/wp-content\/uploads\/INVERSE-CICLISMO-MUJER-MAILLOT-MOTION-INDIA-MAYA-001-953x1024.jpg 953w, https:\/\/www.inverseteams.com\/wp-content\/uploads\/INVERSE-CICLISMO-MUJER-MAILLOT-MOTION-INDIA-MAYA-001-768x825.jpg 768w, https:\/\/www.inverseteams.com\/wp-content\/uploads\/INVERSE-CICLISMO-MUJER-MAILLOT-MOTION-INDIA-MAYA-001-1429x1536.jpg 1429w, https:\/\/www.inverseteams.com\/wp-content\/uploads\/INVERSE-CICLISMO-MUJER-MAILLOT-MOTION-INDIA-MAYA-001-860x921.jpg 860w, https:\/\/www.inverseteams.com\/wp-content\/uploads\/INVERSE-CICLISMO-MUJER-MAILLOT-MOTION-INDIA-MAYA-001-550x591.jpg 550w, https:\/\/www.inverseteams.com\/wp-content\/uploads\/INVERSE-CICLISMO-MUJER-MAILLOT-MOTION-INDIA-MAYA-001-64x69.jpg 64w, https:\/\/www.inverseteams.com\/wp-content\/uploads\/INVERSE-CICLISMO-MUJER-MAILLOT-MOTION-INDIA-MAYA-001.jpg 1500w\" sizes=\"auto, (max-width: 420px) 100vw, 420px\" \/><\/div>\n\t\t\t\t\t<div class=\"wc-block-grid__product-title\">Radtrikot MOTION INDIA MAYA<\/div>\n\t\t\t\t<\/a>\n\t\t\t\t<div class=\"wc-block-grid__product-price price\"><span class=\"woocommerce-Price-amount amount\">81,82<span class=\"woocommerce-Price-currencySymbol\">&euro;<\/span><\/span><span class=\"price-suffix\"><\/span><\/div>\n\t\t\t\t\n\t\t\t\t<div class=\"wp-block-button wc-block-grid__product-add-to-cart\"><a href=\"https:\/\/www.inverseteams.com\/de\/produkt\/radtrikot-motion-india-maya\/\" aria-label=\"W\u00e4hle Optionen f\u00fcr \u201eRadtrikot MOTION INDIA MAYA\u201c\" data-quantity=\"1\" data-product_id=\"279279\" data-product_sku=\"51020336\" data-price=\"81.82\" rel=\"nofollow\" class=\"wp-block-button__link  add_to_cart_button\">Ausf\u00fchrung w\u00e4hlen<\/a><\/div>\n\t\t\t<\/li><li class=\"wc-block-grid__product\"><span class=\"gtm4wp_productdata\" style=\"display:none; visibility:hidden;\" data-gtm4wp_product_data=\"{&quot;internal_id&quot;:279410,&quot;item_id&quot;:279410,&quot;item_name&quot;:&quot;Radtrikot MOTION INDIA WHITE&quot;,&quot;sku&quot;:&quot;51020358&quot;,&quot;price&quot;:81.82,&quot;stocklevel&quot;:null,&quot;stockstatus&quot;:&quot;instock&quot;,&quot;google_business_vertical&quot;:&quot;retail&quot;,&quot;item_category&quot;:&quot;B2B&quot;,&quot;id&quot;:279410,&quot;productlink&quot;:&quot;https:\\\/\\\/www.inverseteams.com\\\/de\\\/produkt\\\/radtrikot-motion-india-white\\\/&quot;,&quot;item_list_name&quot;:&quot;General Product List&quot;,&quot;index&quot;:0,&quot;product_type&quot;:&quot;variable&quot;,&quot;item_brand&quot;:&quot;&quot;}\"><\/span>\n\t\t\t\t<a href=\"https:\/\/www.inverseteams.com\/de\/produkt\/radtrikot-motion-india-white\/\" class=\"wc-block-grid__product-link\">\n\t\t\t\t\t\n\t\t\t\t\t<div class=\"wc-block-grid__product-image\"><img loading=\"lazy\" decoding=\"async\" width=\"420\" height=\"450\" src=\"https:\/\/www.inverseteams.com\/wp-content\/uploads\/INVERSE-CICLISMO-MUJER-MAILLOT-MOTION-INDIA-WHITE-001-420x450.jpg\" class=\"attachment-woocommerce_thumbnail size-woocommerce_thumbnail\" alt=\"Radtrikot MOTION INDIA WHITE\" srcset=\"https:\/\/www.inverseteams.com\/wp-content\/uploads\/INVERSE-CICLISMO-MUJER-MAILLOT-MOTION-INDIA-WHITE-001-420x451.jpg 420w, https:\/\/www.inverseteams.com\/wp-content\/uploads\/INVERSE-CICLISMO-MUJER-MAILLOT-MOTION-INDIA-WHITE-001-279x300.jpg 279w, https:\/\/www.inverseteams.com\/wp-content\/uploads\/INVERSE-CICLISMO-MUJER-MAILLOT-MOTION-INDIA-WHITE-001-953x1024.jpg 953w, https:\/\/www.inverseteams.com\/wp-content\/uploads\/INVERSE-CICLISMO-MUJER-MAILLOT-MOTION-INDIA-WHITE-001-768x825.jpg 768w, https:\/\/www.inverseteams.com\/wp-content\/uploads\/INVERSE-CICLISMO-MUJER-MAILLOT-MOTION-INDIA-WHITE-001-1429x1536.jpg 1429w, https:\/\/www.inverseteams.com\/wp-content\/uploads\/INVERSE-CICLISMO-MUJER-MAILLOT-MOTION-INDIA-WHITE-001-860x921.jpg 860w, https:\/\/www.inverseteams.com\/wp-content\/uploads\/INVERSE-CICLISMO-MUJER-MAILLOT-MOTION-INDIA-WHITE-001-550x591.jpg 550w, https:\/\/www.inverseteams.com\/wp-content\/uploads\/INVERSE-CICLISMO-MUJER-MAILLOT-MOTION-INDIA-WHITE-001-64x69.jpg 64w, https:\/\/www.inverseteams.com\/wp-content\/uploads\/INVERSE-CICLISMO-MUJER-MAILLOT-MOTION-INDIA-WHITE-001.jpg 1500w\" sizes=\"auto, (max-width: 420px) 100vw, 420px\" \/><\/div>\n\t\t\t\t\t<div class=\"wc-block-grid__product-title\">Radtrikot MOTION INDIA WHITE<\/div>\n\t\t\t\t<\/a>\n\t\t\t\t<div class=\"wc-block-grid__product-price price\"><span class=\"woocommerce-Price-amount amount\">81,82<span class=\"woocommerce-Price-currencySymbol\">&euro;<\/span><\/span><span class=\"price-suffix\"><\/span><\/div>\n\t\t\t\t\n\t\t\t\t<div class=\"wp-block-button wc-block-grid__product-add-to-cart\"><a href=\"https:\/\/www.inverseteams.com\/de\/produkt\/radtrikot-motion-india-white\/\" aria-label=\"W\u00e4hle Optionen f\u00fcr \u201eRadtrikot MOTION INDIA WHITE\u201c\" data-quantity=\"1\" data-product_id=\"279410\" data-product_sku=\"51020358\" data-price=\"81.82\" rel=\"nofollow\" class=\"wp-block-button__link  add_to_cart_button\">Ausf\u00fchrung w\u00e4hlen<\/a><\/div>\n\t\t\t<\/li><li class=\"wc-block-grid__product\"><span class=\"gtm4wp_productdata\" style=\"display:none; visibility:hidden;\" data-gtm4wp_product_data=\"{&quot;internal_id&quot;:278449,&quot;item_id&quot;:278449,&quot;item_name&quot;:&quot;Radtrikot XPERT HAITI WHITE&quot;,&quot;sku&quot;:&quot;51010337&quot;,&quot;price&quot;:90.08,&quot;stocklevel&quot;:null,&quot;stockstatus&quot;:&quot;instock&quot;,&quot;google_business_vertical&quot;:&quot;retail&quot;,&quot;item_category&quot;:&quot;B2B&quot;,&quot;id&quot;:278449,&quot;productlink&quot;:&quot;https:\\\/\\\/www.inverseteams.com\\\/de\\\/produkt\\\/radtrikot-xpert-haiti-white\\\/&quot;,&quot;item_list_name&quot;:&quot;General Product List&quot;,&quot;index&quot;:0,&quot;product_type&quot;:&quot;variable&quot;,&quot;item_brand&quot;:&quot;&quot;}\"><\/span>\n\t\t\t\t<a href=\"https:\/\/www.inverseteams.com\/de\/produkt\/radtrikot-xpert-haiti-white\/\" class=\"wc-block-grid__product-link\">\n\t\t\t\t\t\n\t\t\t\t\t<div class=\"wc-block-grid__product-image\"><img loading=\"lazy\" decoding=\"async\" width=\"420\" height=\"450\" src=\"https:\/\/www.inverseteams.com\/wp-content\/uploads\/INVERSE-CICLISMO-HOMBRE-MAILLOT-EXPERT-HAITI-WHITE-001-420x450.jpg\" class=\"attachment-woocommerce_thumbnail size-woocommerce_thumbnail\" alt=\"Radtrikot XPERT HAITI WHITE\" srcset=\"https:\/\/www.inverseteams.com\/wp-content\/uploads\/INVERSE-CICLISMO-HOMBRE-MAILLOT-EXPERT-HAITI-WHITE-001-420x451.jpg 420w, https:\/\/www.inverseteams.com\/wp-content\/uploads\/INVERSE-CICLISMO-HOMBRE-MAILLOT-EXPERT-HAITI-WHITE-001-279x300.jpg 279w, https:\/\/www.inverseteams.com\/wp-content\/uploads\/INVERSE-CICLISMO-HOMBRE-MAILLOT-EXPERT-HAITI-WHITE-001-953x1024.jpg 953w, https:\/\/www.inverseteams.com\/wp-content\/uploads\/INVERSE-CICLISMO-HOMBRE-MAILLOT-EXPERT-HAITI-WHITE-001-768x825.jpg 768w, https:\/\/www.inverseteams.com\/wp-content\/uploads\/INVERSE-CICLISMO-HOMBRE-MAILLOT-EXPERT-HAITI-WHITE-001-1429x1536.jpg 1429w, https:\/\/www.inverseteams.com\/wp-content\/uploads\/INVERSE-CICLISMO-HOMBRE-MAILLOT-EXPERT-HAITI-WHITE-001-860x921.jpg 860w, https:\/\/www.inverseteams.com\/wp-content\/uploads\/INVERSE-CICLISMO-HOMBRE-MAILLOT-EXPERT-HAITI-WHITE-001-550x591.jpg 550w, https:\/\/www.inverseteams.com\/wp-content\/uploads\/INVERSE-CICLISMO-HOMBRE-MAILLOT-EXPERT-HAITI-WHITE-001-64x69.jpg 64w, https:\/\/www.inverseteams.com\/wp-content\/uploads\/INVERSE-CICLISMO-HOMBRE-MAILLOT-EXPERT-HAITI-WHITE-001.jpg 1500w\" sizes=\"auto, (max-width: 420px) 100vw, 420px\" \/><\/div>\n\t\t\t\t\t<div class=\"wc-block-grid__product-title\">Radtrikot XPERT HAITI WHITE<\/div>\n\t\t\t\t<\/a>\n\t\t\t\t<div class=\"wc-block-grid__product-price price\"><span class=\"woocommerce-Price-amount amount\">90,08<span class=\"woocommerce-Price-currencySymbol\">&euro;<\/span><\/span><span class=\"price-suffix\"><\/span><\/div>\n\t\t\t\t\n\t\t\t\t<div class=\"wp-block-button wc-block-grid__product-add-to-cart\"><a href=\"https:\/\/www.inverseteams.com\/de\/produkt\/radtrikot-xpert-haiti-white\/\" aria-label=\"W\u00e4hle Optionen f\u00fcr \u201eRadtrikot XPERT HAITI WHITE\u201c\" data-quantity=\"1\" data-product_id=\"278449\" data-product_sku=\"51010337\" data-price=\"90.08\" rel=\"nofollow\" class=\"wp-block-button__link  add_to_cart_button\">Ausf\u00fchrung w\u00e4hlen<\/a><\/div>\n\t\t\t<\/li><\/ul><\/div>","protected":false},"excerpt":{"rendered":"<p>Inverse celebrates David Valero&#8217;s great achievement by placing a special edition of the Spanish 2021 Tokyo Olympics jersey and bib shorts on sale. Inverse celebrates David Valero&#8217;s great achievement by placing a special edition of the Spanish 2021 Tokyo Olympics jersey and bib shorts on sale The Spanish National Team&#8217;s cyclist has given Spain a [&hellip;]<\/p>\n","protected":false},"author":12,"featured_media":152429,"comment_status":"open","ping_status":"open","sticky":false,"template":"","format":"standard","meta":{"_acf_changed":false,"mc4wp_mailchimp_campaign":[],"footnotes":""},"categories":[11542],"tags":[12724,12729,12730,11707,12731,11708,12733,11709,12734,11710,12735,11715,12736,11716,12737,11717,12738,12193,12195,12196,12713,12721,12722],"class_list":["post-177029","post","type-post","status-publish","format-standard","has-post-thumbnail","hentry","category-radfahren","tag-culotte-espana-tokyo-2021-de","tag-maillot-espana-juegos-olimpicos-de","tag-maillot-espana-tokyo-2021-de","tag-culotte-espana-de","tag-maillot-jeux-olympiques-espagne-de","tag-culotte-espana-jjoo-de","tag-spain-olympics-bib-shorts-de","tag-culotte-espana-juegos-olimpicos-de","tag-spain-olympics-jersey-de","tag-culotte-olimpico-espana-de","tag-spain-sportswear-de","tag-maillot-espana-de","tag-tenue-cyclisme-espagne-de","tag-maillot-espana-jjoo-de","tag-tokyo-2020-de","tag-maillot-olimpico-espana-de","tag-tokyo-2021-de","tag-maillot-espagne-de","tag-spain-bib-shorts-de","tag-spain-jersey-de","tag-spain-cycling-team-de","tag-cuissard-espagne-de","tag-cuissard-jeux-olympiques-espagne-de"],"acf":[],"yoast_head":"<!-- This site is optimized with the Yoast SEO plugin v27.3 - https:\/\/yoast.com\/product\/yoast-seo-wordpress\/ -->\n<title>David Valero&#039;s bronze medal warrants a special edition of the Spanish team&#039;s Tokyo 2021 jersey and bib shorts | Inverseteams<\/title>\n<meta name=\"description\" content=\"Inverse celebrates David Valero&#039;s great achievement by placing a special edition of the Spanish 2021 Tokyo Olympics jersey and bib shorts on sale\" \/>\n<meta name=\"robots\" content=\"index, follow, max-snippet:-1, max-image-preview:large, max-video-preview:-1\" \/>\n<link rel=\"canonical\" href=\"https:\/\/www.inverseteams.com\/de\/blog\/el-bronce-de-david-valero-merece-una-edicion-especial-del-maillot-y-culotte-de-espana-en-tokyo-2021\/\" \/>\n<meta property=\"og:locale\" content=\"de_DE\" \/>\n<meta property=\"og:type\" content=\"article\" \/>\n<meta property=\"og:title\" content=\"David Valero&#039;s bronze medal warrants a special edition of the Spanish team&#039;s Tokyo 2021 jersey and bib shorts | Inverseteams\" \/>\n<meta property=\"og:description\" content=\"Inverse celebrates David Valero&#039;s great achievement by placing a special edition of the Spanish 2021 Tokyo Olympics jersey and bib shorts on sale\" \/>\n<meta property=\"og:url\" content=\"https:\/\/www.inverseteams.com\/de\/blog\/el-bronce-de-david-valero-merece-una-edicion-especial-del-maillot-y-culotte-de-espana-en-tokyo-2021\/\" \/>\n<meta property=\"og:site_name\" content=\"Inverseteams\" \/>\n<meta property=\"article:publisher\" content=\"https:\/\/www.facebook.com\/inverseteams\" \/>\n<meta property=\"article:published_time\" content=\"2021-07-29T18:41:06+00:00\" \/>\n<meta property=\"og:image\" content=\"https:\/\/www.inverseteams.com\/wp-content\/uploads\/Blog_Valero_apaisado_medalla_bronce_jjoo-tokyo2021.jpg\" \/>\n\t<meta property=\"og:image:width\" content=\"1920\" \/>\n\t<meta property=\"og:image:height\" content=\"1275\" \/>\n\t<meta property=\"og:image:type\" content=\"image\/jpeg\" \/>\n<meta name=\"author\" content=\"xavier\" \/>\n<meta name=\"twitter:card\" content=\"summary_large_image\" \/>\n<meta name=\"twitter:label1\" content=\"Verfasst von\" \/>\n\t<meta name=\"twitter:data1\" content=\"xavier\" \/>\n\t<meta name=\"twitter:label2\" content=\"Gesch\u00e4tzte Lesezeit\" \/>\n\t<meta name=\"twitter:data2\" content=\"3\u00a0Minute\" \/>\n<script type=\"application\/ld+json\" class=\"yoast-schema-graph\">{\"@context\":\"https:\\\/\\\/schema.org\",\"@graph\":[{\"@type\":\"Article\",\"@id\":\"https:\\\/\\\/www.inverseteams.com\\\/de\\\/blog\\\/el-bronce-de-david-valero-merece-una-edicion-especial-del-maillot-y-culotte-de-espana-en-tokyo-2021\\\/#article\",\"isPartOf\":{\"@id\":\"https:\\\/\\\/www.inverseteams.com\\\/de\\\/blog\\\/el-bronce-de-david-valero-merece-una-edicion-especial-del-maillot-y-culotte-de-espana-en-tokyo-2021\\\/\"},\"author\":{\"name\":\"xavier\",\"@id\":\"https:\\\/\\\/www.inverseteams.com\\\/de\\\/#\\\/schema\\\/person\\\/8e9cda76b6449aea55a18c6b0f3a15f1\"},\"headline\":\"David Valero&#8217;s bronze medal warrants a special edition of the Spanish team&#8217;s Tokyo 2021 jersey and bib shorts\",\"datePublished\":\"2021-07-29T18:41:06+00:00\",\"mainEntityOfPage\":{\"@id\":\"https:\\\/\\\/www.inverseteams.com\\\/de\\\/blog\\\/el-bronce-de-david-valero-merece-una-edicion-especial-del-maillot-y-culotte-de-espana-en-tokyo-2021\\\/\"},\"wordCount\":357,\"commentCount\":0,\"publisher\":{\"@id\":\"https:\\\/\\\/www.inverseteams.com\\\/de\\\/#organization\"},\"image\":{\"@id\":\"https:\\\/\\\/www.inverseteams.com\\\/de\\\/blog\\\/el-bronce-de-david-valero-merece-una-edicion-especial-del-maillot-y-culotte-de-espana-en-tokyo-2021\\\/#primaryimage\"},\"thumbnailUrl\":\"https:\\\/\\\/www.inverseteams.com\\\/wp-content\\\/uploads\\\/Blog_Valero_apaisado_medalla_bronce_jjoo-tokyo2021.jpg\",\"keywords\":[\"Culotte Espa\u00f1a Tokyo 2021\",\"maillot espa\u00f1a juegos olimpicos\",\"maillot Espa\u00f1a Tokyo 2021\",\"culotte espa\u00f1a\",\"Maillot Jeux Olympiques Espagne\",\"culotte espa\u00f1a JJOO\",\"Spain Olympics bib shorts\",\"culotte espa\u00f1a juegos ol\u00edmpicos\",\"Spain Olympics Jersey\",\"culotte ol\u00edmpico espa\u00f1a\",\"Spain sportswear\",\"maillot Espa\u00f1a\",\"tenue cyclisme Espagne\",\"maillot espa\u00f1a JJOO\",\"Tokyo 2020\",\"maillot ol\u00edmpico Espa\u00f1a\",\"Tokyo 2021\",\"maillot Espagne\",\"Spain bib shorts\",\"Spain jersey\",\"spain cycling team\",\"cuissard Espagne\",\"Cuissard Jeux Olympiques Espagne\"],\"articleSection\":[\"Radfahren\"],\"inLanguage\":\"de\",\"potentialAction\":[{\"@type\":\"CommentAction\",\"name\":\"Comment\",\"target\":[\"https:\\\/\\\/www.inverseteams.com\\\/de\\\/blog\\\/el-bronce-de-david-valero-merece-una-edicion-especial-del-maillot-y-culotte-de-espana-en-tokyo-2021\\\/#respond\"]}]},{\"@type\":\"WebPage\",\"@id\":\"https:\\\/\\\/www.inverseteams.com\\\/de\\\/blog\\\/el-bronce-de-david-valero-merece-una-edicion-especial-del-maillot-y-culotte-de-espana-en-tokyo-2021\\\/\",\"url\":\"https:\\\/\\\/www.inverseteams.com\\\/de\\\/blog\\\/el-bronce-de-david-valero-merece-una-edicion-especial-del-maillot-y-culotte-de-espana-en-tokyo-2021\\\/\",\"name\":\"David Valero's bronze medal warrants a special edition of the Spanish team's Tokyo 2021 jersey and bib shorts | Inverseteams\",\"isPartOf\":{\"@id\":\"https:\\\/\\\/www.inverseteams.com\\\/de\\\/#website\"},\"primaryImageOfPage\":{\"@id\":\"https:\\\/\\\/www.inverseteams.com\\\/de\\\/blog\\\/el-bronce-de-david-valero-merece-una-edicion-especial-del-maillot-y-culotte-de-espana-en-tokyo-2021\\\/#primaryimage\"},\"image\":{\"@id\":\"https:\\\/\\\/www.inverseteams.com\\\/de\\\/blog\\\/el-bronce-de-david-valero-merece-una-edicion-especial-del-maillot-y-culotte-de-espana-en-tokyo-2021\\\/#primaryimage\"},\"thumbnailUrl\":\"https:\\\/\\\/www.inverseteams.com\\\/wp-content\\\/uploads\\\/Blog_Valero_apaisado_medalla_bronce_jjoo-tokyo2021.jpg\",\"datePublished\":\"2021-07-29T18:41:06+00:00\",\"description\":\"Inverse celebrates David Valero's great achievement by placing a special edition of the Spanish 2021 Tokyo Olympics jersey and bib shorts on sale\",\"breadcrumb\":{\"@id\":\"https:\\\/\\\/www.inverseteams.com\\\/de\\\/blog\\\/el-bronce-de-david-valero-merece-una-edicion-especial-del-maillot-y-culotte-de-espana-en-tokyo-2021\\\/#breadcrumb\"},\"inLanguage\":\"de\",\"potentialAction\":[{\"@type\":\"ReadAction\",\"target\":[\"https:\\\/\\\/www.inverseteams.com\\\/de\\\/blog\\\/el-bronce-de-david-valero-merece-una-edicion-especial-del-maillot-y-culotte-de-espana-en-tokyo-2021\\\/\"]}]},{\"@type\":\"ImageObject\",\"inLanguage\":\"de\",\"@id\":\"https:\\\/\\\/www.inverseteams.com\\\/de\\\/blog\\\/el-bronce-de-david-valero-merece-una-edicion-especial-del-maillot-y-culotte-de-espana-en-tokyo-2021\\\/#primaryimage\",\"url\":\"https:\\\/\\\/www.inverseteams.com\\\/wp-content\\\/uploads\\\/Blog_Valero_apaisado_medalla_bronce_jjoo-tokyo2021.jpg\",\"contentUrl\":\"https:\\\/\\\/www.inverseteams.com\\\/wp-content\\\/uploads\\\/Blog_Valero_apaisado_medalla_bronce_jjoo-tokyo2021.jpg\",\"width\":1920,\"height\":1275},{\"@type\":\"BreadcrumbList\",\"@id\":\"https:\\\/\\\/www.inverseteams.com\\\/de\\\/blog\\\/el-bronce-de-david-valero-merece-una-edicion-especial-del-maillot-y-culotte-de-espana-en-tokyo-2021\\\/#breadcrumb\",\"itemListElement\":[{\"@type\":\"ListItem\",\"position\":1,\"name\":\"Portada\",\"item\":\"https:\\\/\\\/www.inverseteams.com\\\/de\\\/\"},{\"@type\":\"ListItem\",\"position\":2,\"name\":\"David Valero&#8217;s bronze medal warrants a special edition of the Spanish team&#8217;s Tokyo 2021 jersey and bib shorts\"}]},{\"@type\":\"WebSite\",\"@id\":\"https:\\\/\\\/www.inverseteams.com\\\/de\\\/#website\",\"url\":\"https:\\\/\\\/www.inverseteams.com\\\/de\\\/\",\"name\":\"Inverseteams\",\"description\":\"Tu marca de ropa deportiva personalizada\",\"publisher\":{\"@id\":\"https:\\\/\\\/www.inverseteams.com\\\/de\\\/#organization\"},\"potentialAction\":[{\"@type\":\"SearchAction\",\"target\":{\"@type\":\"EntryPoint\",\"urlTemplate\":\"https:\\\/\\\/www.inverseteams.com\\\/de\\\/?s={search_term_string}\"},\"query-input\":{\"@type\":\"PropertyValueSpecification\",\"valueRequired\":true,\"valueName\":\"search_term_string\"}}],\"inLanguage\":\"de\"},{\"@type\":\"Organization\",\"@id\":\"https:\\\/\\\/www.inverseteams.com\\\/de\\\/#organization\",\"name\":\"Inverse Teams\",\"url\":\"https:\\\/\\\/www.inverseteams.com\\\/de\\\/\",\"logo\":{\"@type\":\"ImageObject\",\"inLanguage\":\"de\",\"@id\":\"https:\\\/\\\/www.inverseteams.com\\\/de\\\/#\\\/schema\\\/logo\\\/image\\\/\",\"url\":\"https:\\\/\\\/www.inverseteams.com\\\/wp-content\\\/uploads\\\/2021\\\/03\\\/logo-inverse-teams.png\",\"contentUrl\":\"https:\\\/\\\/www.inverseteams.com\\\/wp-content\\\/uploads\\\/2021\\\/03\\\/logo-inverse-teams.png\",\"width\":294,\"height\":99,\"caption\":\"Inverse Teams\"},\"image\":{\"@id\":\"https:\\\/\\\/www.inverseteams.com\\\/de\\\/#\\\/schema\\\/logo\\\/image\\\/\"},\"sameAs\":[\"https:\\\/\\\/www.facebook.com\\\/inverseteams\",\"http:\\\/\\\/instagram.com\\\/inverseteams\",\"https:\\\/\\\/www.linkedin.com\\\/company\\\/inverse-cirosport-s-l-?trk=job_view_topcard_company_name\",\"http:\\\/\\\/www.pinterest.com\\\/inverseteams\\\/\",\"http:\\\/\\\/www.youtube.com\\\/user\\\/inverseteams?feature=watch\"]},{\"@type\":\"Person\",\"@id\":\"https:\\\/\\\/www.inverseteams.com\\\/de\\\/#\\\/schema\\\/person\\\/8e9cda76b6449aea55a18c6b0f3a15f1\",\"name\":\"xavier\",\"image\":{\"@type\":\"ImageObject\",\"inLanguage\":\"de\",\"@id\":\"https:\\\/\\\/secure.gravatar.com\\\/avatar\\\/602b199a1f28e97d83ab3a8bcb642260f5afd77cb09704889d85ddd70643cddb?s=96&d=mm&r=g\",\"url\":\"https:\\\/\\\/secure.gravatar.com\\\/avatar\\\/602b199a1f28e97d83ab3a8bcb642260f5afd77cb09704889d85ddd70643cddb?s=96&d=mm&r=g\",\"contentUrl\":\"https:\\\/\\\/secure.gravatar.com\\\/avatar\\\/602b199a1f28e97d83ab3a8bcb642260f5afd77cb09704889d85ddd70643cddb?s=96&d=mm&r=g\",\"caption\":\"xavier\"}}]}<\/script>\n<!-- \/ Yoast SEO plugin. -->","yoast_head_json":{"title":"David Valero's bronze medal warrants a special edition of the Spanish team's Tokyo 2021 jersey and bib shorts | Inverseteams","description":"Inverse celebrates David Valero's great achievement by placing a special edition of the Spanish 2021 Tokyo Olympics jersey and bib shorts on sale","robots":{"index":"index","follow":"follow","max-snippet":"max-snippet:-1","max-image-preview":"max-image-preview:large","max-video-preview":"max-video-preview:-1"},"canonical":"https:\/\/www.inverseteams.com\/de\/blog\/el-bronce-de-david-valero-merece-una-edicion-especial-del-maillot-y-culotte-de-espana-en-tokyo-2021\/","og_locale":"de_DE","og_type":"article","og_title":"David Valero's bronze medal warrants a special edition of the Spanish team's Tokyo 2021 jersey and bib shorts | Inverseteams","og_description":"Inverse celebrates David Valero's great achievement by placing a special edition of the Spanish 2021 Tokyo Olympics jersey and bib shorts on sale","og_url":"https:\/\/www.inverseteams.com\/de\/blog\/el-bronce-de-david-valero-merece-una-edicion-especial-del-maillot-y-culotte-de-espana-en-tokyo-2021\/","og_site_name":"Inverseteams","article_publisher":"https:\/\/www.facebook.com\/inverseteams","article_published_time":"2021-07-29T18:41:06+00:00","og_image":[{"width":1920,"height":1275,"url":"https:\/\/www.inverseteams.com\/wp-content\/uploads\/Blog_Valero_apaisado_medalla_bronce_jjoo-tokyo2021.jpg","type":"image\/jpeg"}],"author":"xavier","twitter_card":"summary_large_image","twitter_misc":{"Verfasst von":"xavier","Gesch\u00e4tzte Lesezeit":"3\u00a0Minute"},"schema":{"@context":"https:\/\/schema.org","@graph":[{"@type":"Article","@id":"https:\/\/www.inverseteams.com\/de\/blog\/el-bronce-de-david-valero-merece-una-edicion-especial-del-maillot-y-culotte-de-espana-en-tokyo-2021\/#article","isPartOf":{"@id":"https:\/\/www.inverseteams.com\/de\/blog\/el-bronce-de-david-valero-merece-una-edicion-especial-del-maillot-y-culotte-de-espana-en-tokyo-2021\/"},"author":{"name":"xavier","@id":"https:\/\/www.inverseteams.com\/de\/#\/schema\/person\/8e9cda76b6449aea55a18c6b0f3a15f1"},"headline":"David Valero&#8217;s bronze medal warrants a special edition of the Spanish team&#8217;s Tokyo 2021 jersey and bib shorts","datePublished":"2021-07-29T18:41:06+00:00","mainEntityOfPage":{"@id":"https:\/\/www.inverseteams.com\/de\/blog\/el-bronce-de-david-valero-merece-una-edicion-especial-del-maillot-y-culotte-de-espana-en-tokyo-2021\/"},"wordCount":357,"commentCount":0,"publisher":{"@id":"https:\/\/www.inverseteams.com\/de\/#organization"},"image":{"@id":"https:\/\/www.inverseteams.com\/de\/blog\/el-bronce-de-david-valero-merece-una-edicion-especial-del-maillot-y-culotte-de-espana-en-tokyo-2021\/#primaryimage"},"thumbnailUrl":"https:\/\/www.inverseteams.com\/wp-content\/uploads\/Blog_Valero_apaisado_medalla_bronce_jjoo-tokyo2021.jpg","keywords":["Culotte Espa\u00f1a Tokyo 2021","maillot espa\u00f1a juegos olimpicos","maillot Espa\u00f1a Tokyo 2021","culotte espa\u00f1a","Maillot Jeux Olympiques Espagne","culotte espa\u00f1a JJOO","Spain Olympics bib shorts","culotte espa\u00f1a juegos ol\u00edmpicos","Spain Olympics Jersey","culotte ol\u00edmpico espa\u00f1a","Spain sportswear","maillot Espa\u00f1a","tenue cyclisme Espagne","maillot espa\u00f1a JJOO","Tokyo 2020","maillot ol\u00edmpico Espa\u00f1a","Tokyo 2021","maillot Espagne","Spain bib shorts","Spain jersey","spain cycling team","cuissard Espagne","Cuissard Jeux Olympiques Espagne"],"articleSection":["Radfahren"],"inLanguage":"de","potentialAction":[{"@type":"CommentAction","name":"Comment","target":["https:\/\/www.inverseteams.com\/de\/blog\/el-bronce-de-david-valero-merece-una-edicion-especial-del-maillot-y-culotte-de-espana-en-tokyo-2021\/#respond"]}]},{"@type":"WebPage","@id":"https:\/\/www.inverseteams.com\/de\/blog\/el-bronce-de-david-valero-merece-una-edicion-especial-del-maillot-y-culotte-de-espana-en-tokyo-2021\/","url":"https:\/\/www.inverseteams.com\/de\/blog\/el-bronce-de-david-valero-merece-una-edicion-especial-del-maillot-y-culotte-de-espana-en-tokyo-2021\/","name":"David Valero's bronze medal warrants a special edition of the Spanish team's Tokyo 2021 jersey and bib shorts | Inverseteams","isPartOf":{"@id":"https:\/\/www.inverseteams.com\/de\/#website"},"primaryImageOfPage":{"@id":"https:\/\/www.inverseteams.com\/de\/blog\/el-bronce-de-david-valero-merece-una-edicion-especial-del-maillot-y-culotte-de-espana-en-tokyo-2021\/#primaryimage"},"image":{"@id":"https:\/\/www.inverseteams.com\/de\/blog\/el-bronce-de-david-valero-merece-una-edicion-especial-del-maillot-y-culotte-de-espana-en-tokyo-2021\/#primaryimage"},"thumbnailUrl":"https:\/\/www.inverseteams.com\/wp-content\/uploads\/Blog_Valero_apaisado_medalla_bronce_jjoo-tokyo2021.jpg","datePublished":"2021-07-29T18:41:06+00:00","description":"Inverse celebrates David Valero's great achievement by placing a special edition of the Spanish 2021 Tokyo Olympics jersey and bib shorts on sale","breadcrumb":{"@id":"https:\/\/www.inverseteams.com\/de\/blog\/el-bronce-de-david-valero-merece-una-edicion-especial-del-maillot-y-culotte-de-espana-en-tokyo-2021\/#breadcrumb"},"inLanguage":"de","potentialAction":[{"@type":"ReadAction","target":["https:\/\/www.inverseteams.com\/de\/blog\/el-bronce-de-david-valero-merece-una-edicion-especial-del-maillot-y-culotte-de-espana-en-tokyo-2021\/"]}]},{"@type":"ImageObject","inLanguage":"de","@id":"https:\/\/www.inverseteams.com\/de\/blog\/el-bronce-de-david-valero-merece-una-edicion-especial-del-maillot-y-culotte-de-espana-en-tokyo-2021\/#primaryimage","url":"https:\/\/www.inverseteams.com\/wp-content\/uploads\/Blog_Valero_apaisado_medalla_bronce_jjoo-tokyo2021.jpg","contentUrl":"https:\/\/www.inverseteams.com\/wp-content\/uploads\/Blog_Valero_apaisado_medalla_bronce_jjoo-tokyo2021.jpg","width":1920,"height":1275},{"@type":"BreadcrumbList","@id":"https:\/\/www.inverseteams.com\/de\/blog\/el-bronce-de-david-valero-merece-una-edicion-especial-del-maillot-y-culotte-de-espana-en-tokyo-2021\/#breadcrumb","itemListElement":[{"@type":"ListItem","position":1,"name":"Portada","item":"https:\/\/www.inverseteams.com\/de\/"},{"@type":"ListItem","position":2,"name":"David Valero&#8217;s bronze medal warrants a special edition of the Spanish team&#8217;s Tokyo 2021 jersey and bib shorts"}]},{"@type":"WebSite","@id":"https:\/\/www.inverseteams.com\/de\/#website","url":"https:\/\/www.inverseteams.com\/de\/","name":"Inverseteams","description":"Tu marca de ropa deportiva personalizada","publisher":{"@id":"https:\/\/www.inverseteams.com\/de\/#organization"},"potentialAction":[{"@type":"SearchAction","target":{"@type":"EntryPoint","urlTemplate":"https:\/\/www.inverseteams.com\/de\/?s={search_term_string}"},"query-input":{"@type":"PropertyValueSpecification","valueRequired":true,"valueName":"search_term_string"}}],"inLanguage":"de"},{"@type":"Organization","@id":"https:\/\/www.inverseteams.com\/de\/#organization","name":"Inverse Teams","url":"https:\/\/www.inverseteams.com\/de\/","logo":{"@type":"ImageObject","inLanguage":"de","@id":"https:\/\/www.inverseteams.com\/de\/#\/schema\/logo\/image\/","url":"https:\/\/www.inverseteams.com\/wp-content\/uploads\/2021\/03\/logo-inverse-teams.png","contentUrl":"https:\/\/www.inverseteams.com\/wp-content\/uploads\/2021\/03\/logo-inverse-teams.png","width":294,"height":99,"caption":"Inverse Teams"},"image":{"@id":"https:\/\/www.inverseteams.com\/de\/#\/schema\/logo\/image\/"},"sameAs":["https:\/\/www.facebook.com\/inverseteams","http:\/\/instagram.com\/inverseteams","https:\/\/www.linkedin.com\/company\/inverse-cirosport-s-l-?trk=job_view_topcard_company_name","http:\/\/www.pinterest.com\/inverseteams\/","http:\/\/www.youtube.com\/user\/inverseteams?feature=watch"]},{"@type":"Person","@id":"https:\/\/www.inverseteams.com\/de\/#\/schema\/person\/8e9cda76b6449aea55a18c6b0f3a15f1","name":"xavier","image":{"@type":"ImageObject","inLanguage":"de","@id":"https:\/\/secure.gravatar.com\/avatar\/602b199a1f28e97d83ab3a8bcb642260f5afd77cb09704889d85ddd70643cddb?s=96&d=mm&r=g","url":"https:\/\/secure.gravatar.com\/avatar\/602b199a1f28e97d83ab3a8bcb642260f5afd77cb09704889d85ddd70643cddb?s=96&d=mm&r=g","contentUrl":"https:\/\/secure.gravatar.com\/avatar\/602b199a1f28e97d83ab3a8bcb642260f5afd77cb09704889d85ddd70643cddb?s=96&d=mm&r=g","caption":"xavier"}}]}},"_links":{"self":[{"href":"https:\/\/www.inverseteams.com\/de\/wp-json\/wp\/v2\/posts\/177029","targetHints":{"allow":["GET"]}}],"collection":[{"href":"https:\/\/www.inverseteams.com\/de\/wp-json\/wp\/v2\/posts"}],"about":[{"href":"https:\/\/www.inverseteams.com\/de\/wp-json\/wp\/v2\/types\/post"}],"author":[{"embeddable":true,"href":"https:\/\/www.inverseteams.com\/de\/wp-json\/wp\/v2\/users\/12"}],"replies":[{"embeddable":true,"href":"https:\/\/www.inverseteams.com\/de\/wp-json\/wp\/v2\/comments?post=177029"}],"version-history":[{"count":0,"href":"https:\/\/www.inverseteams.com\/de\/wp-json\/wp\/v2\/posts\/177029\/revisions"}],"wp:featuredmedia":[{"embeddable":true,"href":"https:\/\/www.inverseteams.com\/de\/wp-json\/wp\/v2\/media\/152429"}],"wp:attachment":[{"href":"https:\/\/www.inverseteams.com\/de\/wp-json\/wp\/v2\/media?parent=177029"}],"wp:term":[{"taxonomy":"category","embeddable":true,"href":"https:\/\/www.inverseteams.com\/de\/wp-json\/wp\/v2\/categories?post=177029"},{"taxonomy":"post_tag","embeddable":true,"href":"https:\/\/www.inverseteams.com\/de\/wp-json\/wp\/v2\/tags?post=177029"}],"curies":[{"name":"wp","href":"https:\/\/api.w.org\/{rel}","templated":true}]}}