{"id":167310,"date":"2021-04-15T10:35:33","date_gmt":"2021-04-15T10:35:33","guid":{"rendered":"https:\/\/www.inverseteams.com\/history\/alejandro-valverde-campeon-del-mundo-vistiendo-inverse\/"},"modified":"2023-11-07T13:15:12","modified_gmt":"2023-11-07T13:15:12","slug":"alejandro-valverde-weltmeister-traegt-inverse","status":"publish","type":"history","link":"https:\/\/www.inverseteams.com\/de\/history\/alejandro-valverde-weltmeister-traegt-inverse\/","title":{"rendered":"ALEJANDRO VALVERDE, WELTMEISTER TR\u00c4GT INVERSE"},"content":{"rendered":"\n<p>2018 verkleidet sich Inverse als \u201eRegenbogen\u201c bei den Radweltmeisterschaften in Innsbruck, wo Alejandro Valverde die Goldmedaille gewinnt. Seit 2013, mit der Silbermedaille von \u201ePurito\u201c Joaquim Rodr\u00edguez und der Bronzemedaille von Alejandro Valverde, stand Spanien nicht mehr auf dem Podium einer Rad-Weltmeisterschaft.<\/p>\n\n\n\n<p>Ein weiterer gro\u00dfer Meilenstein f\u00fcr Inverse war der gro\u00dfe Triumph des costaricanischen Triathleten nordamerikanischer Herkunft, Rom Akerson, der Costa Rica die erste Xterra-Weltmeisterschaft in Maui, Hawaii, bescherte. Rom Akerson vom Team Coopenae trug einen ma\u00dfgeschneiderten High-End-Triathlonanzug.<\/p>\n\n\n\n<p>Auch die Herstellung von Trisuits oder Jumpsuits f\u00fcr Triathlon- und Duathlon-Events war und ist strategisch f\u00fcr die Marke. Um ihm auf internationaler Ebene mehr Schwung zu verleihen, beginnt Inverse eine Zusammenarbeit mit einem der wichtigsten internationalen Wettbewerbe in der Welt des Triathlons: dem Triathlon d&#8217;Alpe d&#8217;Huez.<\/p>\n\n\n\n<p>Albert Soley best\u00e4tigt erneut den Titel des europ\u00e4ischen Zweitplatzierten des Spartan Race und festigt die Marke Inverse im Design und der Herstellung personalisierter Kleidung f\u00fcr Hindernisrennen und Crosstraining.<\/p>\n","protected":false},"template":"","class_list":["post-167310","history","type-history","status-publish","hentry"],"acf":[],"yoast_head":"<!-- This site is optimized with the Yoast SEO plugin v27.3 - https:\/\/yoast.com\/product\/yoast-seo-wordpress\/ -->\n<title>ALEJANDRO VALVERDE, WELTMEISTER TR\u00c4GT INVERSE | Inverseteams<\/title>\n<meta name=\"robots\" content=\"noindex, follow\" \/>\n<meta property=\"og:locale\" content=\"de_DE\" \/>\n<meta property=\"og:type\" content=\"article\" \/>\n<meta property=\"og:title\" content=\"ALEJANDRO VALVERDE, WELTMEISTER TR\u00c4GT INVERSE | Inverseteams\" \/>\n<meta property=\"og:description\" content=\"2018 verkleidet sich Inverse als \u201eRegenbogen\u201c bei den Radweltmeisterschaften in Innsbruck, wo Alejandro Valverde die Goldmedaille gewinnt. Seit 2013, mit der Silbermedaille von \u201ePurito\u201c Joaquim Rodr\u00edguez und der Bronzemedaille von Alejandro Valverde, stand Spanien nicht mehr auf dem Podium einer Rad-Weltmeisterschaft. Ein weiterer gro\u00dfer Meilenstein f\u00fcr Inverse war der gro\u00dfe Triumph des costaricanischen Triathleten nordamerikanischer [&hellip;]\" \/>\n<meta property=\"og:url\" content=\"https:\/\/www.inverseteams.com\/de\/history\/alejandro-valverde-weltmeister-traegt-inverse\/\" \/>\n<meta property=\"og:site_name\" content=\"Inverseteams\" \/>\n<meta property=\"article:publisher\" content=\"https:\/\/www.facebook.com\/inverseteams\" \/>\n<meta property=\"article:modified_time\" content=\"2023-11-07T13:15:12+00:00\" \/>\n<meta name=\"twitter:card\" content=\"summary_large_image\" \/>\n<meta name=\"twitter:label1\" content=\"Gesch\u00e4tzte Lesezeit\" \/>\n\t<meta name=\"twitter:data1\" content=\"1\u00a0Minute\" \/>\n<script type=\"application\/ld+json\" class=\"yoast-schema-graph\">{\"@context\":\"https:\\\/\\\/schema.org\",\"@graph\":[{\"@type\":\"WebPage\",\"@id\":\"https:\\\/\\\/www.inverseteams.com\\\/de\\\/history\\\/alejandro-valverde-weltmeister-traegt-inverse\\\/\",\"url\":\"https:\\\/\\\/www.inverseteams.com\\\/de\\\/history\\\/alejandro-valverde-weltmeister-traegt-inverse\\\/\",\"name\":\"ALEJANDRO VALVERDE, WELTMEISTER TR\u00c4GT INVERSE | Inverseteams\",\"isPartOf\":{\"@id\":\"https:\\\/\\\/www.inverseteams.com\\\/de\\\/#website\"},\"datePublished\":\"2021-04-15T10:35:33+00:00\",\"dateModified\":\"2023-11-07T13:15:12+00:00\",\"breadcrumb\":{\"@id\":\"https:\\\/\\\/www.inverseteams.com\\\/de\\\/history\\\/alejandro-valverde-weltmeister-traegt-inverse\\\/#breadcrumb\"},\"inLanguage\":\"de\",\"potentialAction\":[{\"@type\":\"ReadAction\",\"target\":[\"https:\\\/\\\/www.inverseteams.com\\\/de\\\/history\\\/alejandro-valverde-weltmeister-traegt-inverse\\\/\"]}]},{\"@type\":\"BreadcrumbList\",\"@id\":\"https:\\\/\\\/www.inverseteams.com\\\/de\\\/history\\\/alejandro-valverde-weltmeister-traegt-inverse\\\/#breadcrumb\",\"itemListElement\":[{\"@type\":\"ListItem\",\"position\":1,\"name\":\"Portada\",\"item\":\"https:\\\/\\\/www.inverseteams.com\\\/de\\\/\"},{\"@type\":\"ListItem\",\"position\":2,\"name\":\"ALEJANDRO VALVERDE, WELTMEISTER TR\u00c4GT INVERSE\"}]},{\"@type\":\"WebSite\",\"@id\":\"https:\\\/\\\/www.inverseteams.com\\\/de\\\/#website\",\"url\":\"https:\\\/\\\/www.inverseteams.com\\\/de\\\/\",\"name\":\"Inverseteams\",\"description\":\"Tu marca de ropa deportiva personalizada\",\"publisher\":{\"@id\":\"https:\\\/\\\/www.inverseteams.com\\\/de\\\/#organization\"},\"potentialAction\":[{\"@type\":\"SearchAction\",\"target\":{\"@type\":\"EntryPoint\",\"urlTemplate\":\"https:\\\/\\\/www.inverseteams.com\\\/de\\\/?s={search_term_string}\"},\"query-input\":{\"@type\":\"PropertyValueSpecification\",\"valueRequired\":true,\"valueName\":\"search_term_string\"}}],\"inLanguage\":\"de\"},{\"@type\":\"Organization\",\"@id\":\"https:\\\/\\\/www.inverseteams.com\\\/de\\\/#organization\",\"name\":\"Inverse Teams\",\"url\":\"https:\\\/\\\/www.inverseteams.com\\\/de\\\/\",\"logo\":{\"@type\":\"ImageObject\",\"inLanguage\":\"de\",\"@id\":\"https:\\\/\\\/www.inverseteams.com\\\/de\\\/#\\\/schema\\\/logo\\\/image\\\/\",\"url\":\"https:\\\/\\\/www.inverseteams.com\\\/wp-content\\\/uploads\\\/2021\\\/03\\\/logo-inverse-teams.png\",\"contentUrl\":\"https:\\\/\\\/www.inverseteams.com\\\/wp-content\\\/uploads\\\/2021\\\/03\\\/logo-inverse-teams.png\",\"width\":294,\"height\":99,\"caption\":\"Inverse Teams\"},\"image\":{\"@id\":\"https:\\\/\\\/www.inverseteams.com\\\/de\\\/#\\\/schema\\\/logo\\\/image\\\/\"},\"sameAs\":[\"https:\\\/\\\/www.facebook.com\\\/inverseteams\",\"http:\\\/\\\/instagram.com\\\/inverseteams\",\"https:\\\/\\\/www.linkedin.com\\\/company\\\/inverse-cirosport-s-l-?trk=job_view_topcard_company_name\",\"http:\\\/\\\/www.pinterest.com\\\/inverseteams\\\/\",\"http:\\\/\\\/www.youtube.com\\\/user\\\/inverseteams?feature=watch\"]}]}<\/script>\n<!-- \/ Yoast SEO plugin. -->","yoast_head_json":{"title":"ALEJANDRO VALVERDE, WELTMEISTER TR\u00c4GT INVERSE | Inverseteams","robots":{"index":"noindex","follow":"follow"},"og_locale":"de_DE","og_type":"article","og_title":"ALEJANDRO VALVERDE, WELTMEISTER TR\u00c4GT INVERSE | Inverseteams","og_description":"2018 verkleidet sich Inverse als \u201eRegenbogen\u201c bei den Radweltmeisterschaften in Innsbruck, wo Alejandro Valverde die Goldmedaille gewinnt. Seit 2013, mit der Silbermedaille von \u201ePurito\u201c Joaquim Rodr\u00edguez und der Bronzemedaille von Alejandro Valverde, stand Spanien nicht mehr auf dem Podium einer Rad-Weltmeisterschaft. Ein weiterer gro\u00dfer Meilenstein f\u00fcr Inverse war der gro\u00dfe Triumph des costaricanischen Triathleten nordamerikanischer [&hellip;]","og_url":"https:\/\/www.inverseteams.com\/de\/history\/alejandro-valverde-weltmeister-traegt-inverse\/","og_site_name":"Inverseteams","article_publisher":"https:\/\/www.facebook.com\/inverseteams","article_modified_time":"2023-11-07T13:15:12+00:00","twitter_card":"summary_large_image","twitter_misc":{"Gesch\u00e4tzte Lesezeit":"1\u00a0Minute"},"schema":{"@context":"https:\/\/schema.org","@graph":[{"@type":"WebPage","@id":"https:\/\/www.inverseteams.com\/de\/history\/alejandro-valverde-weltmeister-traegt-inverse\/","url":"https:\/\/www.inverseteams.com\/de\/history\/alejandro-valverde-weltmeister-traegt-inverse\/","name":"ALEJANDRO VALVERDE, WELTMEISTER TR\u00c4GT INVERSE | Inverseteams","isPartOf":{"@id":"https:\/\/www.inverseteams.com\/de\/#website"},"datePublished":"2021-04-15T10:35:33+00:00","dateModified":"2023-11-07T13:15:12+00:00","breadcrumb":{"@id":"https:\/\/www.inverseteams.com\/de\/history\/alejandro-valverde-weltmeister-traegt-inverse\/#breadcrumb"},"inLanguage":"de","potentialAction":[{"@type":"ReadAction","target":["https:\/\/www.inverseteams.com\/de\/history\/alejandro-valverde-weltmeister-traegt-inverse\/"]}]},{"@type":"BreadcrumbList","@id":"https:\/\/www.inverseteams.com\/de\/history\/alejandro-valverde-weltmeister-traegt-inverse\/#breadcrumb","itemListElement":[{"@type":"ListItem","position":1,"name":"Portada","item":"https:\/\/www.inverseteams.com\/de\/"},{"@type":"ListItem","position":2,"name":"ALEJANDRO VALVERDE, WELTMEISTER TR\u00c4GT INVERSE"}]},{"@type":"WebSite","@id":"https:\/\/www.inverseteams.com\/de\/#website","url":"https:\/\/www.inverseteams.com\/de\/","name":"Inverseteams","description":"Tu marca de ropa deportiva personalizada","publisher":{"@id":"https:\/\/www.inverseteams.com\/de\/#organization"},"potentialAction":[{"@type":"SearchAction","target":{"@type":"EntryPoint","urlTemplate":"https:\/\/www.inverseteams.com\/de\/?s={search_term_string}"},"query-input":{"@type":"PropertyValueSpecification","valueRequired":true,"valueName":"search_term_string"}}],"inLanguage":"de"},{"@type":"Organization","@id":"https:\/\/www.inverseteams.com\/de\/#organization","name":"Inverse Teams","url":"https:\/\/www.inverseteams.com\/de\/","logo":{"@type":"ImageObject","inLanguage":"de","@id":"https:\/\/www.inverseteams.com\/de\/#\/schema\/logo\/image\/","url":"https:\/\/www.inverseteams.com\/wp-content\/uploads\/2021\/03\/logo-inverse-teams.png","contentUrl":"https:\/\/www.inverseteams.com\/wp-content\/uploads\/2021\/03\/logo-inverse-teams.png","width":294,"height":99,"caption":"Inverse Teams"},"image":{"@id":"https:\/\/www.inverseteams.com\/de\/#\/schema\/logo\/image\/"},"sameAs":["https:\/\/www.facebook.com\/inverseteams","http:\/\/instagram.com\/inverseteams","https:\/\/www.linkedin.com\/company\/inverse-cirosport-s-l-?trk=job_view_topcard_company_name","http:\/\/www.pinterest.com\/inverseteams\/","http:\/\/www.youtube.com\/user\/inverseteams?feature=watch"]}]}},"_links":{"self":[{"href":"https:\/\/www.inverseteams.com\/de\/wp-json\/wp\/v2\/history\/167310","targetHints":{"allow":["GET"]}}],"collection":[{"href":"https:\/\/www.inverseteams.com\/de\/wp-json\/wp\/v2\/history"}],"about":[{"href":"https:\/\/www.inverseteams.com\/de\/wp-json\/wp\/v2\/types\/history"}],"wp:attachment":[{"href":"https:\/\/www.inverseteams.com\/de\/wp-json\/wp\/v2\/media?parent=167310"}],"curies":[{"name":"wp","href":"https:\/\/api.w.org\/{rel}","templated":true}]}}