{"id":91692,"date":"2022-08-29T12:36:19","date_gmt":"2022-08-29T12:36:19","guid":{"rendered":"https:\/\/www.inverseteams.com\/blog\/david-valero-nuevo-subcampeon-del-mundo-mtb-xco\/"},"modified":"2022-09-02T11:14:24","modified_gmt":"2022-09-02T11:14:24","slug":"david-valero-nuevo-subcampeon-del-mundo-mtb-xco","status":"publish","type":"post","link":"https:\/\/www.inverseteams.com\/ca\/blog\/david-valero-nuevo-subcampeon-del-mundo-mtb-xco\/","title":{"rendered":"David Valero, nou subcampi\u00f3 del m\u00f3n MTB XCO"},"content":{"rendered":"\n<figure class=\"wp-block-image size-large\"><img loading=\"lazy\" decoding=\"async\" width=\"1024\" height=\"683\" src=\"https:\/\/www.inverseteams.com\/wp-content\/uploads\/blog_david_valero_subcampeon_01-1024x683.jpg\" alt=\"\" class=\"wp-image-91199\" srcset=\"https:\/\/www.inverseteams.com\/wp-content\/uploads\/blog_david_valero_subcampeon_01-1024x683.jpg 1024w, https:\/\/www.inverseteams.com\/wp-content\/uploads\/blog_david_valero_subcampeon_01-300x200.jpg 300w, https:\/\/www.inverseteams.com\/wp-content\/uploads\/blog_david_valero_subcampeon_01-768x512.jpg 768w, https:\/\/www.inverseteams.com\/wp-content\/uploads\/blog_david_valero_subcampeon_01-1536x1024.jpg 1536w, https:\/\/www.inverseteams.com\/wp-content\/uploads\/blog_david_valero_subcampeon_01-420x280.jpg 420w, https:\/\/www.inverseteams.com\/wp-content\/uploads\/blog_david_valero_subcampeon_01.jpg 1920w\" sizes=\"auto, (max-width: 1024px) 100vw, 1024px\" \/><\/figure>\n\n\n<div class=\"wrapper-heading\">\n<h2 class=\"wp-block-heading\">Bronze ol\u00edmpic de MTB XCO a T\u00f2quio 2020, David Valero s&#8217;ha proclamat subcampi\u00f3 del m\u00f3n a Les Gets (Fran\u00e7a).<\/h2>\n<\/div>\n\n<div class=\"wrapper-heading\">\n<h3 class=\"wp-block-heading\">Despr\u00e9s d&#8217;un duel \u00e8pic amb el su\u00eds Nino Schurter i amb nom\u00e9s 9 segons de difer\u00e8ncia, David Valero aconsegueix ser el nou subcampi\u00f3 del m\u00f3n MTB XCO.<\/h3>\n<\/div>\n\n<div class=\"wrapper-heading\">\n<h4 class=\"wp-block-heading\">David Valero est\u00e0 content de ser subcampi\u00f3 del m\u00f3n MTB XCO per\u00f2 ha manifestat tenir un sabor agredol\u00e7 en no guanyar el mallot amb l&#8217;Arc de Sant Mart\u00ed.<\/h4>\n<\/div>\n\n\n<figure class=\"wp-block-image size-large\"><img loading=\"lazy\" decoding=\"async\" width=\"1024\" height=\"683\" src=\"https:\/\/www.inverseteams.com\/wp-content\/uploads\/blog_david_valero_subcampeon_04-1024x683.jpg\" alt=\"\" class=\"wp-image-91203\" srcset=\"https:\/\/www.inverseteams.com\/wp-content\/uploads\/blog_david_valero_subcampeon_04-1024x683.jpg 1024w, https:\/\/www.inverseteams.com\/wp-content\/uploads\/blog_david_valero_subcampeon_04-300x200.jpg 300w, https:\/\/www.inverseteams.com\/wp-content\/uploads\/blog_david_valero_subcampeon_04-768x512.jpg 768w, https:\/\/www.inverseteams.com\/wp-content\/uploads\/blog_david_valero_subcampeon_04-1536x1024.jpg 1536w, https:\/\/www.inverseteams.com\/wp-content\/uploads\/blog_david_valero_subcampeon_04-420x280.jpg 420w, https:\/\/www.inverseteams.com\/wp-content\/uploads\/blog_david_valero_subcampeon_04.jpg 1920w\" sizes=\"auto, (max-width: 1024px) 100vw, 1024px\" \/><\/figure>\n\n\n\n<p><strong>L&#8217;andal\u00fas David Valero s&#8217;ha proclamat subcampi\u00f3 del m\u00f3n de MTB XCO a la localitat francesa de les Gets<\/strong>, despr\u00e9s de completar una espectacular cursa finalitzant a tan sols 9 segons del su\u00eds Nino Schurter que va guanyar el t\u00edtol de campi\u00f3 del m\u00f3n. <a href=\"https:\/\/www.inverseteams.com\/ca\/blog\/el-bronce-de-david-valero-merece-una-edicion-especial-del-maillot-y-culotte-de-espana-en-tokyo-2021\/\">David tamb\u00e9 va aconseguir el bronze als Jocs Ol\u00edmpics de T\u00f2quio 2020<\/a>.<\/p>\n\n\n\n<p>Valero va protagonitzar una gran sortida, col\u00b7locant-se al cap de carrera gr\u00e0cies el seu saber fer, la seva experi\u00e8ncia i el seu poder a les pujades m\u00e9s llargues. David, juntament amb l&#8217;itali\u00e0 Braidot, l&#8217;helv\u00e8tic Schurter i l&#8217;angl\u00e8s Pidcock va imposar un ritme extenuant remuntant des del darrere, generant un gran avantatge respecte a la resta de corredors.<\/p>\n\n\n\n<p>Tot just comen\u00e7ar el quart gir per la l\u00ednia de meta, un potent David Valero es va decidir a atacar deixant enrere el corredor brit\u00e0nic, que no va poder seguir el ritme de la resta del grup, quedant-se fora del p\u00f2dium despr\u00e9s de patir una fallada mec\u00e0nica.<\/p>\n\n\n\n<p>A partir d&#8217;aquell moment, Valero va liderar la carrera amb una cad\u00e8ncia de pedaleig perseverant \u00fanicament seguida pel su\u00eds Nino Schurter. Tots dos van arribar a l&#8217;\u00faltima volta molt aparellats buscant el mallot arc de Sant Mart\u00ed. David va intentar sobrepassar Nino a la zona t\u00e8cnica de les roques i arrels, per\u00f2 el su\u00eds va aconseguir sobrepassar l&#8217;espanyol al voltant d&#8217;un quil\u00f2metre abans per al final, entrant a la meta per davant i obtenint el seu des\u00e8 t\u00edtol Mundial.<\/p>\n\n\n\n<figure class=\"wp-block-image size-large\"><img loading=\"lazy\" decoding=\"async\" width=\"1024\" height=\"683\" src=\"https:\/\/www.inverseteams.com\/wp-content\/uploads\/blog_david_valero_subcampeon_03-1024x683.jpg\" alt=\"\" class=\"wp-image-91211\" srcset=\"https:\/\/www.inverseteams.com\/wp-content\/uploads\/blog_david_valero_subcampeon_03-1024x683.jpg 1024w, https:\/\/www.inverseteams.com\/wp-content\/uploads\/blog_david_valero_subcampeon_03-300x200.jpg 300w, https:\/\/www.inverseteams.com\/wp-content\/uploads\/blog_david_valero_subcampeon_03-768x512.jpg 768w, https:\/\/www.inverseteams.com\/wp-content\/uploads\/blog_david_valero_subcampeon_03-1536x1024.jpg 1536w, https:\/\/www.inverseteams.com\/wp-content\/uploads\/blog_david_valero_subcampeon_03-420x280.jpg 420w, https:\/\/www.inverseteams.com\/wp-content\/uploads\/blog_david_valero_subcampeon_03.jpg 1920w\" sizes=\"auto, (max-width: 1024px) 100vw, 1024px\" \/><\/figure>\n\n\n\n<figure class=\"wp-block-image size-large\"><img loading=\"lazy\" decoding=\"async\" width=\"1024\" height=\"683\" src=\"https:\/\/www.inverseteams.com\/wp-content\/uploads\/blog_david_valero_00-1024x683.jpg\" alt=\"\" class=\"wp-image-91216\" srcset=\"https:\/\/www.inverseteams.com\/wp-content\/uploads\/blog_david_valero_00-1024x683.jpg 1024w, https:\/\/www.inverseteams.com\/wp-content\/uploads\/blog_david_valero_00-300x200.jpg 300w, https:\/\/www.inverseteams.com\/wp-content\/uploads\/blog_david_valero_00-768x512.jpg 768w, https:\/\/www.inverseteams.com\/wp-content\/uploads\/blog_david_valero_00-1536x1024.jpg 1536w, https:\/\/www.inverseteams.com\/wp-content\/uploads\/blog_david_valero_00-420x280.jpg 420w, https:\/\/www.inverseteams.com\/wp-content\/uploads\/blog_david_valero_00.jpg 1920w\" sizes=\"auto, (max-width: 1024px) 100vw, 1024px\" \/><\/figure>\n\n\n\n<figure class=\"wp-block-embed is-type-video is-provider-youtube wp-block-embed-youtube wp-embed-aspect-16-9 wp-has-aspect-ratio\"><div class=\"wp-block-embed__wrapper\">\n<iframe loading=\"lazy\" title=\"Declaraciones de David Valero, subcampe\u00f3n del Mundo de XCO en Les Gets 2022\" width=\"640\" height=\"360\" src=\"https:\/\/www.youtube.com\/embed\/hpfPNJ-qv8A?feature=oembed\" frameborder=\"0\" allow=\"accelerometer; autoplay; clipboard-write; encrypted-media; gyroscope; picture-in-picture; web-share\" referrerpolicy=\"strict-origin-when-cross-origin\" allowfullscreen><\/iframe>\n<\/div><\/figure>\n\n\n<div class=\"wrapper-heading\">\n<h3 class=\"wp-block-heading\">DECLARACIONS DE DAVID VALERO COM SUBCAMPI\u00d3 DEL M\u00d3N MTB XCO<\/h3>\n<\/div>\n\n\n<p>Les primeres declaracions de David Valero com a subcampi\u00f3 del m\u00f3n MTB XCO han estat que <em>\u201cEstic content amb la segona pla\u00e7a, per\u00f2 amb un sabor agredol\u00e7. Al final m&#8217;ha faltat canvi de ritme, per\u00f2 estic feli\u00e7 de poder aconseguir aquesta medalla de cara a la \u00faltima prova de la Copa del M\u00f3n.&#8221;<\/em><\/p>\n\n\n\n<p>David Valero tamb\u00e9 va manifestar que <em>\u201cAra \u00e9s moment de celebrar aquesta medalla, de la qual estic molt content, aix\u00ed com tota la temporada, que \u00e9s una de les millors des que vaig comen\u00e7ar al Mountain Bike. Per\u00f2 espero que no es vaig quedar aqu\u00ed i segueixi donant molta guerra a les properes carreres\u201d.<\/em><\/p>\n\n\n<div class=\"wrapper-heading\">\n<h3 class=\"wp-block-heading\">R\u00c8PLICA DEL MAILLOT I CULOTTE DE LA SELECCI\u00d3 ESPANYOLA<\/h3>\n<\/div>\n\n\n<p>Inverse, patrocinador oficial de la Reial Federaci\u00f3 Espanyola de Ciclisme (RFEC), posa a disposici\u00f3 a la seva botiga on-line la <strong>r\u00e8plica del mallot i culotte oficial de la selecci\u00f3 espanyola de ciclisme<\/strong>. Tamb\u00e9 hi ha disponible la r\u00e8plica del mallot i culotte d&#8217;Espanya per a dona.<\/p>\n\n\n<div data-block-name=\"woocommerce\/handpicked-products\" data-content-visibility=\"{&quot;title&quot;:true,&quot;price&quot;:true,&quot;rating&quot;:true,&quot;button&quot;:false}\" data-edit-mode=\"false\" data-products=\"[18766,18764,18765,18767]\" class=\"wc-block-grid wp-block-handpicked-products wp-block-woocommerce-handpicked-products wc-block-handpicked-products has-3-columns has-multiple-rows\"><ul class=\"wc-block-grid__products\"><li class=\"wc-block-grid__product\"><span class=\"gtm4wp_productdata\" style=\"display:none; visibility:hidden;\" data-gtm4wp_product_data=\"{&quot;internal_id&quot;:18764,&quot;item_id&quot;:18764,&quot;item_name&quot;:&quot;Mallot ciclista m\\u00e0niga curta ESPANYA (HOME)&quot;,&quot;sku&quot;:&quot;72010813&quot;,&quot;price&quot;:63.63,&quot;stocklevel&quot;:null,&quot;stockstatus&quot;:&quot;outofstock&quot;,&quot;google_business_vertical&quot;:&quot;retail&quot;,&quot;item_category&quot;:&quot;B2B&quot;,&quot;id&quot;:18764,&quot;productlink&quot;:&quot;https:\\\/\\\/www.inverseteams.com\\\/ca\\\/producte\\\/mallot-ciclista-maniga-curta-espanya-home\\\/&quot;,&quot;item_list_name&quot;:&quot;Llista general de productes&quot;,&quot;index&quot;:0,&quot;product_type&quot;:&quot;variable&quot;,&quot;item_brand&quot;:&quot;&quot;}\"><\/span>\n\t\t\t\t<a href=\"https:\/\/www.inverseteams.com\/ca\/producte\/mallot-ciclista-maniga-curta-espanya-home\/\" class=\"wc-block-grid__product-link\">\n\t\t\t\t\t\n\t\t\t\t\t<div class=\"wc-block-grid__product-image\"><img loading=\"lazy\" decoding=\"async\" width=\"420\" height=\"450\" src=\"https:\/\/www.inverseteams.com\/wp-content\/uploads\/MAILLOT-CICLISTA-ESPANA-HOMBRE-1-420x450.jpg\" class=\"attachment-woocommerce_thumbnail size-woocommerce_thumbnail\" alt=\"Mallot ciclista Espanya\" srcset=\"https:\/\/www.inverseteams.com\/wp-content\/uploads\/MAILLOT-CICLISTA-ESPANA-HOMBRE-1-420x451.jpg 420w, https:\/\/www.inverseteams.com\/wp-content\/uploads\/MAILLOT-CICLISTA-ESPANA-HOMBRE-1-279x300.jpg 279w, https:\/\/www.inverseteams.com\/wp-content\/uploads\/MAILLOT-CICLISTA-ESPANA-HOMBRE-1-953x1024.jpg 953w, https:\/\/www.inverseteams.com\/wp-content\/uploads\/MAILLOT-CICLISTA-ESPANA-HOMBRE-1-768x825.jpg 768w, https:\/\/www.inverseteams.com\/wp-content\/uploads\/MAILLOT-CICLISTA-ESPANA-HOMBRE-1-1430x1536.jpg 1430w, https:\/\/www.inverseteams.com\/wp-content\/uploads\/MAILLOT-CICLISTA-ESPANA-HOMBRE-1-1906x2048.jpg 1906w, https:\/\/www.inverseteams.com\/wp-content\/uploads\/MAILLOT-CICLISTA-ESPANA-HOMBRE-1-860x921.jpg 860w\" sizes=\"auto, (max-width: 420px) 100vw, 420px\" \/><\/div>\n\t\t\t\t\t<div class=\"wc-block-grid__product-title\">Mallot ciclista m\u00e0niga curta ESPANYA (HOME)<\/div>\n\t\t\t\t<\/a>\n\t\t\t\t<div class=\"wc-block-grid__product-price price\"><span class=\"woocommerce-Price-amount amount\">63,63<span class=\"woocommerce-Price-currencySymbol\">&euro;<\/span><\/span><span class=\"price-suffix\"><\/span><\/div>\n\t\t\t\t\n\t\t\t\t\n\t\t\t<\/li><li class=\"wc-block-grid__product\"><span class=\"gtm4wp_productdata\" style=\"display:none; visibility:hidden;\" data-gtm4wp_product_data=\"{&quot;internal_id&quot;:18765,&quot;item_id&quot;:18765,&quot;item_name&quot;:&quot;Mallot ciclista m\\u00e0niga curta ESPANYA (DONA)&quot;,&quot;sku&quot;:&quot;72190113&quot;,&quot;price&quot;:63.63,&quot;stocklevel&quot;:null,&quot;stockstatus&quot;:&quot;outofstock&quot;,&quot;google_business_vertical&quot;:&quot;retail&quot;,&quot;item_category&quot;:&quot;Ciclisme&quot;,&quot;id&quot;:18765,&quot;productlink&quot;:&quot;https:\\\/\\\/www.inverseteams.com\\\/ca\\\/producte\\\/mallot-ciclista-maniga-curta-espanya-dona\\\/&quot;,&quot;item_list_name&quot;:&quot;Llista general de productes&quot;,&quot;index&quot;:0,&quot;product_type&quot;:&quot;variable&quot;,&quot;item_brand&quot;:&quot;&quot;}\"><\/span>\n\t\t\t\t<a href=\"https:\/\/www.inverseteams.com\/ca\/producte\/mallot-ciclista-maniga-curta-espanya-dona\/\" class=\"wc-block-grid__product-link\">\n\t\t\t\t\t\n\t\t\t\t\t<div class=\"wc-block-grid__product-image\"><img loading=\"lazy\" decoding=\"async\" width=\"420\" height=\"450\" src=\"https:\/\/www.inverseteams.com\/wp-content\/uploads\/MAILLOT-CICLISTA-ESPANA-MUJER-1-420x450.jpg\" class=\"attachment-woocommerce_thumbnail size-woocommerce_thumbnail\" alt=\"Mallot ciclista Espanya\" srcset=\"https:\/\/www.inverseteams.com\/wp-content\/uploads\/MAILLOT-CICLISTA-ESPANA-MUJER-1-420x451.jpg 420w, https:\/\/www.inverseteams.com\/wp-content\/uploads\/MAILLOT-CICLISTA-ESPANA-MUJER-1-279x300.jpg 279w, https:\/\/www.inverseteams.com\/wp-content\/uploads\/MAILLOT-CICLISTA-ESPANA-MUJER-1-953x1024.jpg 953w, https:\/\/www.inverseteams.com\/wp-content\/uploads\/MAILLOT-CICLISTA-ESPANA-MUJER-1-768x825.jpg 768w, https:\/\/www.inverseteams.com\/wp-content\/uploads\/MAILLOT-CICLISTA-ESPANA-MUJER-1-1430x1536.jpg 1430w, https:\/\/www.inverseteams.com\/wp-content\/uploads\/MAILLOT-CICLISTA-ESPANA-MUJER-1-1906x2048.jpg 1906w, https:\/\/www.inverseteams.com\/wp-content\/uploads\/MAILLOT-CICLISTA-ESPANA-MUJER-1-860x921.jpg 860w\" sizes=\"auto, (max-width: 420px) 100vw, 420px\" \/><\/div>\n\t\t\t\t\t<div class=\"wc-block-grid__product-title\">Mallot ciclista m\u00e0niga curta ESPANYA (DONA)<\/div>\n\t\t\t\t<\/a>\n\t\t\t\t<div class=\"wc-block-grid__product-price price\"><span class=\"woocommerce-Price-amount amount\">63,63<span class=\"woocommerce-Price-currencySymbol\">&euro;<\/span><\/span><span class=\"price-suffix\"><\/span><\/div>\n\t\t\t\t\n\t\t\t\t\n\t\t\t<\/li><li class=\"wc-block-grid__product\"><span class=\"gtm4wp_productdata\" style=\"display:none; visibility:hidden;\" data-gtm4wp_product_data=\"{&quot;internal_id&quot;:18766,&quot;item_id&quot;:18766,&quot;item_name&quot;:&quot;Culot ciclista ESPANYA (HOME)&quot;,&quot;sku&quot;:&quot;72050113&quot;,&quot;price&quot;:72.71,&quot;stocklevel&quot;:null,&quot;stockstatus&quot;:&quot;outofstock&quot;,&quot;google_business_vertical&quot;:&quot;retail&quot;,&quot;item_category&quot;:&quot;Ciclisme&quot;,&quot;id&quot;:18766,&quot;productlink&quot;:&quot;https:\\\/\\\/www.inverseteams.com\\\/ca\\\/producte\\\/culot-ciclista-espanya-home\\\/&quot;,&quot;item_list_name&quot;:&quot;Llista general de productes&quot;,&quot;index&quot;:0,&quot;product_type&quot;:&quot;variable&quot;,&quot;item_brand&quot;:&quot;&quot;}\"><\/span>\n\t\t\t\t<a href=\"https:\/\/www.inverseteams.com\/ca\/producte\/culot-ciclista-espanya-home\/\" class=\"wc-block-grid__product-link\">\n\t\t\t\t\t\n\t\t\t\t\t<div class=\"wc-block-grid__product-image\"><img loading=\"lazy\" decoding=\"async\" width=\"420\" height=\"450\" src=\"https:\/\/www.inverseteams.com\/wp-content\/uploads\/CULOTTE-CICLISTA-ESPANA-HOMBRE-1-420x450.jpg\" class=\"attachment-woocommerce_thumbnail size-woocommerce_thumbnail\" alt=\"Culot ciclista Espanya\" srcset=\"https:\/\/www.inverseteams.com\/wp-content\/uploads\/CULOTTE-CICLISTA-ESPANA-HOMBRE-1-420x451.jpg 420w, https:\/\/www.inverseteams.com\/wp-content\/uploads\/CULOTTE-CICLISTA-ESPANA-HOMBRE-1-279x300.jpg 279w, https:\/\/www.inverseteams.com\/wp-content\/uploads\/CULOTTE-CICLISTA-ESPANA-HOMBRE-1-953x1024.jpg 953w, https:\/\/www.inverseteams.com\/wp-content\/uploads\/CULOTTE-CICLISTA-ESPANA-HOMBRE-1-768x825.jpg 768w, https:\/\/www.inverseteams.com\/wp-content\/uploads\/CULOTTE-CICLISTA-ESPANA-HOMBRE-1-1430x1536.jpg 1430w, https:\/\/www.inverseteams.com\/wp-content\/uploads\/CULOTTE-CICLISTA-ESPANA-HOMBRE-1-1906x2048.jpg 1906w, https:\/\/www.inverseteams.com\/wp-content\/uploads\/CULOTTE-CICLISTA-ESPANA-HOMBRE-1-860x921.jpg 860w\" sizes=\"auto, (max-width: 420px) 100vw, 420px\" \/><\/div>\n\t\t\t\t\t<div class=\"wc-block-grid__product-title\">Culot ciclista ESPANYA (HOME)<\/div>\n\t\t\t\t<\/a>\n\t\t\t\t<div class=\"wc-block-grid__product-price price\"><span class=\"woocommerce-Price-amount amount\">72,71<span class=\"woocommerce-Price-currencySymbol\">&euro;<\/span><\/span><span class=\"price-suffix\"><\/span><\/div>\n\t\t\t\t\n\t\t\t\t\n\t\t\t<\/li><li class=\"wc-block-grid__product\"><span class=\"gtm4wp_productdata\" style=\"display:none; visibility:hidden;\" data-gtm4wp_product_data=\"{&quot;internal_id&quot;:18767,&quot;item_id&quot;:18767,&quot;item_name&quot;:&quot;Culot ciclista ESPANYA (DONA)&quot;,&quot;sku&quot;:&quot;72200113&quot;,&quot;price&quot;:72.71,&quot;stocklevel&quot;:null,&quot;stockstatus&quot;:&quot;instock&quot;,&quot;google_business_vertical&quot;:&quot;retail&quot;,&quot;item_category&quot;:&quot;B2B&quot;,&quot;id&quot;:18767,&quot;productlink&quot;:&quot;https:\\\/\\\/www.inverseteams.com\\\/ca\\\/producte\\\/culot-ciclista-espanya-dona\\\/&quot;,&quot;item_list_name&quot;:&quot;Llista general de productes&quot;,&quot;index&quot;:0,&quot;product_type&quot;:&quot;variable&quot;,&quot;item_brand&quot;:&quot;&quot;}\"><\/span>\n\t\t\t\t<a href=\"https:\/\/www.inverseteams.com\/ca\/producte\/culot-ciclista-espanya-dona\/\" class=\"wc-block-grid__product-link\">\n\t\t\t\t\t\n\t\t\t\t\t<div class=\"wc-block-grid__product-image\"><img loading=\"lazy\" decoding=\"async\" width=\"420\" height=\"450\" src=\"https:\/\/www.inverseteams.com\/wp-content\/uploads\/CULOTTE-CICLISTA-ESPANA-MUJER-1-420x450.jpg\" class=\"attachment-woocommerce_thumbnail size-woocommerce_thumbnail\" alt=\"Culot ciclista Espanya\" srcset=\"https:\/\/www.inverseteams.com\/wp-content\/uploads\/CULOTTE-CICLISTA-ESPANA-MUJER-1-420x451.jpg 420w, https:\/\/www.inverseteams.com\/wp-content\/uploads\/CULOTTE-CICLISTA-ESPANA-MUJER-1-279x300.jpg 279w, https:\/\/www.inverseteams.com\/wp-content\/uploads\/CULOTTE-CICLISTA-ESPANA-MUJER-1-953x1024.jpg 953w, https:\/\/www.inverseteams.com\/wp-content\/uploads\/CULOTTE-CICLISTA-ESPANA-MUJER-1-768x825.jpg 768w, https:\/\/www.inverseteams.com\/wp-content\/uploads\/CULOTTE-CICLISTA-ESPANA-MUJER-1-1430x1536.jpg 1430w, https:\/\/www.inverseteams.com\/wp-content\/uploads\/CULOTTE-CICLISTA-ESPANA-MUJER-1-1906x2048.jpg 1906w, https:\/\/www.inverseteams.com\/wp-content\/uploads\/CULOTTE-CICLISTA-ESPANA-MUJER-1-860x921.jpg 860w\" sizes=\"auto, (max-width: 420px) 100vw, 420px\" \/><\/div>\n\t\t\t\t\t<div class=\"wc-block-grid__product-title\">Culot ciclista ESPANYA (DONA)<\/div>\n\t\t\t\t<\/a>\n\t\t\t\t<div class=\"wc-block-grid__product-price price\"><span class=\"woocommerce-Price-amount amount\">72,71<span class=\"woocommerce-Price-currencySymbol\">&euro;<\/span><\/span><span class=\"price-suffix\"><\/span><\/div>\n\t\t\t\t\n\t\t\t\t\n\t\t\t<\/li><\/ul><\/div>","protected":false},"excerpt":{"rendered":"<p>Bronze ol\u00edmpic de MTB XCO a T\u00f2quio 2020, David Valero s&#8217;ha proclamat subcampi\u00f3 del m\u00f3n a Les Gets (Fran\u00e7a). Despr\u00e9s d&#8217;un duel \u00e8pic amb el su\u00eds Nino Schurter i amb nom\u00e9s 9 segons de difer\u00e8ncia, David Valero aconsegueix ser el nou subcampi\u00f3 del m\u00f3n MTB XCO. David Valero est\u00e0 content de ser subcampi\u00f3 del m\u00f3n [&hellip;]<\/p>\n","protected":false},"author":12,"featured_media":91217,"comment_status":"open","ping_status":"open","sticky":false,"template":"","format":"standard","meta":{"_acf_changed":false,"mc4wp_mailchimp_campaign":[],"footnotes":""},"categories":[186],"tags":[8792,8793,8794,8795,8796,8797,8798,8799,5916,5917,5918,5923,6093,7989],"class_list":["post-91692","post","type-post","status-publish","format-standard","has-post-thumbnail","hentry","category-ciclisme","tag-david-valero-ca","tag-espana-ca","tag-maillot-david-valero-ca","tag-culotte-david-valero-ca","tag-equipacion-david-valero-ca","tag-maillot-seleccion-espanola-ciclismo-ca","tag-culotte-seleccion-espanola-ciclismo-ca","tag-xco-ca","tag-maillot-espagne-ca","tag-spain-jersey-ca","tag-maillot-espana-ca","tag-spain-bib-shorts-ca","tag-culotte-de-espana-ca","tag-btt-4-ca"],"acf":[],"yoast_head":"<!-- This site is optimized with the Yoast SEO plugin v27.3 - https:\/\/yoast.com\/product\/yoast-seo-wordpress\/ -->\n<title>David Valero, nou subcampi\u00f3 del m\u00f3n MTB XCO | Inverseteams<\/title>\n<meta name=\"description\" content=\"L&#039;andal\u00fas David Valero s&#039;ha proclamat subcampi\u00f3 del m\u00f3n de MTB XCO a la localitat francesa de les Gets.\" \/>\n<meta name=\"robots\" content=\"index, follow, max-snippet:-1, max-image-preview:large, max-video-preview:-1\" \/>\n<link rel=\"canonical\" href=\"https:\/\/www.inverseteams.com\/ca\/blog\/david-valero-nuevo-subcampeon-del-mundo-mtb-xco\/\" \/>\n<meta property=\"og:locale\" content=\"ca_ES\" \/>\n<meta property=\"og:type\" content=\"article\" \/>\n<meta property=\"og:title\" content=\"David Valero, nou subcampi\u00f3 del m\u00f3n MTB XCO | Inverseteams\" \/>\n<meta property=\"og:description\" content=\"L&#039;andal\u00fas David Valero s&#039;ha proclamat subcampi\u00f3 del m\u00f3n de MTB XCO a la localitat francesa de les Gets.\" \/>\n<meta property=\"og:url\" content=\"https:\/\/www.inverseteams.com\/ca\/blog\/david-valero-nuevo-subcampeon-del-mundo-mtb-xco\/\" \/>\n<meta property=\"og:site_name\" content=\"Inverseteams\" \/>\n<meta property=\"article:publisher\" content=\"https:\/\/www.facebook.com\/inverseteams\" \/>\n<meta property=\"article:published_time\" content=\"2022-08-29T12:36:19+00:00\" \/>\n<meta property=\"article:modified_time\" content=\"2022-09-02T11:14:24+00:00\" \/>\n<meta property=\"og:image\" content=\"https:\/\/www.inverseteams.com\/wp-content\/uploads\/blog_david_valero_00.jpg\" \/>\n\t<meta property=\"og:image:width\" content=\"1920\" \/>\n\t<meta property=\"og:image:height\" content=\"1280\" \/>\n\t<meta property=\"og:image:type\" content=\"image\/jpeg\" \/>\n<meta name=\"author\" content=\"xavier\" \/>\n<meta name=\"twitter:card\" content=\"summary_large_image\" \/>\n<meta name=\"twitter:label1\" content=\"Escrit per\" \/>\n\t<meta name=\"twitter:data1\" content=\"xavier\" \/>\n\t<meta name=\"twitter:label2\" content=\"Temps estimat de lectura\" \/>\n\t<meta name=\"twitter:data2\" content=\"3 minut\" \/>\n<script type=\"application\/ld+json\" class=\"yoast-schema-graph\">{\"@context\":\"https:\\\/\\\/schema.org\",\"@graph\":[{\"@type\":\"Article\",\"@id\":\"https:\\\/\\\/www.inverseteams.com\\\/ca\\\/blog\\\/david-valero-nuevo-subcampeon-del-mundo-mtb-xco\\\/#article\",\"isPartOf\":{\"@id\":\"https:\\\/\\\/www.inverseteams.com\\\/ca\\\/blog\\\/david-valero-nuevo-subcampeon-del-mundo-mtb-xco\\\/\"},\"author\":{\"name\":\"xavier\",\"@id\":\"https:\\\/\\\/www.inverseteams.com\\\/ca\\\/#\\\/schema\\\/person\\\/8e9cda76b6449aea55a18c6b0f3a15f1\"},\"headline\":\"David Valero, nou subcampi\u00f3 del m\u00f3n MTB XCO\",\"datePublished\":\"2022-08-29T12:36:19+00:00\",\"dateModified\":\"2022-09-02T11:14:24+00:00\",\"mainEntityOfPage\":{\"@id\":\"https:\\\/\\\/www.inverseteams.com\\\/ca\\\/blog\\\/david-valero-nuevo-subcampeon-del-mundo-mtb-xco\\\/\"},\"wordCount\":552,\"commentCount\":0,\"publisher\":{\"@id\":\"https:\\\/\\\/www.inverseteams.com\\\/ca\\\/#organization\"},\"image\":{\"@id\":\"https:\\\/\\\/www.inverseteams.com\\\/ca\\\/blog\\\/david-valero-nuevo-subcampeon-del-mundo-mtb-xco\\\/#primaryimage\"},\"thumbnailUrl\":\"https:\\\/\\\/www.inverseteams.com\\\/wp-content\\\/uploads\\\/blog_david_valero_00.jpg\",\"keywords\":[\"David Valero\",\"espa\u00f1a\",\"maillot david valero\",\"culotte david valero\",\"equipaci\u00f3n david valero\",\"maillot selecci\u00f3n espa\u00f1ola ciclismo\",\"culotte selecci\u00f3n espa\u00f1ola ciclismo\",\"xco\",\"maillot Espagne\",\"Spain jersey\",\"maillot Espa\u00f1a\",\"Spain bib shorts\",\"Culotte de Espa\u00f1a\",\"btt\"],\"articleSection\":[\"Ciclisme\"],\"inLanguage\":\"ca\",\"potentialAction\":[{\"@type\":\"CommentAction\",\"name\":\"Comment\",\"target\":[\"https:\\\/\\\/www.inverseteams.com\\\/ca\\\/blog\\\/david-valero-nuevo-subcampeon-del-mundo-mtb-xco\\\/#respond\"]}]},{\"@type\":\"WebPage\",\"@id\":\"https:\\\/\\\/www.inverseteams.com\\\/ca\\\/blog\\\/david-valero-nuevo-subcampeon-del-mundo-mtb-xco\\\/\",\"url\":\"https:\\\/\\\/www.inverseteams.com\\\/ca\\\/blog\\\/david-valero-nuevo-subcampeon-del-mundo-mtb-xco\\\/\",\"name\":\"David Valero, nou subcampi\u00f3 del m\u00f3n MTB XCO | Inverseteams\",\"isPartOf\":{\"@id\":\"https:\\\/\\\/www.inverseteams.com\\\/ca\\\/#website\"},\"primaryImageOfPage\":{\"@id\":\"https:\\\/\\\/www.inverseteams.com\\\/ca\\\/blog\\\/david-valero-nuevo-subcampeon-del-mundo-mtb-xco\\\/#primaryimage\"},\"image\":{\"@id\":\"https:\\\/\\\/www.inverseteams.com\\\/ca\\\/blog\\\/david-valero-nuevo-subcampeon-del-mundo-mtb-xco\\\/#primaryimage\"},\"thumbnailUrl\":\"https:\\\/\\\/www.inverseteams.com\\\/wp-content\\\/uploads\\\/blog_david_valero_00.jpg\",\"datePublished\":\"2022-08-29T12:36:19+00:00\",\"dateModified\":\"2022-09-02T11:14:24+00:00\",\"description\":\"L'andal\u00fas David Valero s'ha proclamat subcampi\u00f3 del m\u00f3n de MTB XCO a la localitat francesa de les Gets.\",\"breadcrumb\":{\"@id\":\"https:\\\/\\\/www.inverseteams.com\\\/ca\\\/blog\\\/david-valero-nuevo-subcampeon-del-mundo-mtb-xco\\\/#breadcrumb\"},\"inLanguage\":\"ca\",\"potentialAction\":[{\"@type\":\"ReadAction\",\"target\":[\"https:\\\/\\\/www.inverseteams.com\\\/ca\\\/blog\\\/david-valero-nuevo-subcampeon-del-mundo-mtb-xco\\\/\"]}]},{\"@type\":\"ImageObject\",\"inLanguage\":\"ca\",\"@id\":\"https:\\\/\\\/www.inverseteams.com\\\/ca\\\/blog\\\/david-valero-nuevo-subcampeon-del-mundo-mtb-xco\\\/#primaryimage\",\"url\":\"https:\\\/\\\/www.inverseteams.com\\\/wp-content\\\/uploads\\\/blog_david_valero_00.jpg\",\"contentUrl\":\"https:\\\/\\\/www.inverseteams.com\\\/wp-content\\\/uploads\\\/blog_david_valero_00.jpg\",\"width\":1920,\"height\":1280},{\"@type\":\"BreadcrumbList\",\"@id\":\"https:\\\/\\\/www.inverseteams.com\\\/ca\\\/blog\\\/david-valero-nuevo-subcampeon-del-mundo-mtb-xco\\\/#breadcrumb\",\"itemListElement\":[{\"@type\":\"ListItem\",\"position\":1,\"name\":\"Portada\",\"item\":\"https:\\\/\\\/www.inverseteams.com\\\/ca\\\/pagina-principal\\\/\"},{\"@type\":\"ListItem\",\"position\":2,\"name\":\"David Valero, nou subcampi\u00f3 del m\u00f3n MTB XCO\"}]},{\"@type\":\"WebSite\",\"@id\":\"https:\\\/\\\/www.inverseteams.com\\\/ca\\\/#website\",\"url\":\"https:\\\/\\\/www.inverseteams.com\\\/ca\\\/\",\"name\":\"Inverseteams\",\"description\":\"Tu marca de ropa deportiva personalizada\",\"publisher\":{\"@id\":\"https:\\\/\\\/www.inverseteams.com\\\/ca\\\/#organization\"},\"potentialAction\":[{\"@type\":\"SearchAction\",\"target\":{\"@type\":\"EntryPoint\",\"urlTemplate\":\"https:\\\/\\\/www.inverseteams.com\\\/ca\\\/?s={search_term_string}\"},\"query-input\":{\"@type\":\"PropertyValueSpecification\",\"valueRequired\":true,\"valueName\":\"search_term_string\"}}],\"inLanguage\":\"ca\"},{\"@type\":\"Organization\",\"@id\":\"https:\\\/\\\/www.inverseteams.com\\\/ca\\\/#organization\",\"name\":\"Inverse Teams\",\"url\":\"https:\\\/\\\/www.inverseteams.com\\\/ca\\\/\",\"logo\":{\"@type\":\"ImageObject\",\"inLanguage\":\"ca\",\"@id\":\"https:\\\/\\\/www.inverseteams.com\\\/ca\\\/#\\\/schema\\\/logo\\\/image\\\/\",\"url\":\"https:\\\/\\\/www.inverseteams.com\\\/wp-content\\\/uploads\\\/2021\\\/03\\\/logo-inverse-teams.png\",\"contentUrl\":\"https:\\\/\\\/www.inverseteams.com\\\/wp-content\\\/uploads\\\/2021\\\/03\\\/logo-inverse-teams.png\",\"width\":294,\"height\":99,\"caption\":\"Inverse Teams\"},\"image\":{\"@id\":\"https:\\\/\\\/www.inverseteams.com\\\/ca\\\/#\\\/schema\\\/logo\\\/image\\\/\"},\"sameAs\":[\"https:\\\/\\\/www.facebook.com\\\/inverseteams\",\"http:\\\/\\\/instagram.com\\\/inverseteams\",\"https:\\\/\\\/www.linkedin.com\\\/company\\\/inverse-cirosport-s-l-?trk=job_view_topcard_company_name\",\"http:\\\/\\\/www.pinterest.com\\\/inverseteams\\\/\",\"http:\\\/\\\/www.youtube.com\\\/user\\\/inverseteams?feature=watch\"]},{\"@type\":\"Person\",\"@id\":\"https:\\\/\\\/www.inverseteams.com\\\/ca\\\/#\\\/schema\\\/person\\\/8e9cda76b6449aea55a18c6b0f3a15f1\",\"name\":\"xavier\",\"image\":{\"@type\":\"ImageObject\",\"inLanguage\":\"ca\",\"@id\":\"https:\\\/\\\/secure.gravatar.com\\\/avatar\\\/602b199a1f28e97d83ab3a8bcb642260f5afd77cb09704889d85ddd70643cddb?s=96&d=mm&r=g\",\"url\":\"https:\\\/\\\/secure.gravatar.com\\\/avatar\\\/602b199a1f28e97d83ab3a8bcb642260f5afd77cb09704889d85ddd70643cddb?s=96&d=mm&r=g\",\"contentUrl\":\"https:\\\/\\\/secure.gravatar.com\\\/avatar\\\/602b199a1f28e97d83ab3a8bcb642260f5afd77cb09704889d85ddd70643cddb?s=96&d=mm&r=g\",\"caption\":\"xavier\"}}]}<\/script>\n<!-- \/ Yoast SEO plugin. -->","yoast_head_json":{"title":"David Valero, nou subcampi\u00f3 del m\u00f3n MTB XCO | Inverseteams","description":"L'andal\u00fas David Valero s'ha proclamat subcampi\u00f3 del m\u00f3n de MTB XCO a la localitat francesa de les Gets.","robots":{"index":"index","follow":"follow","max-snippet":"max-snippet:-1","max-image-preview":"max-image-preview:large","max-video-preview":"max-video-preview:-1"},"canonical":"https:\/\/www.inverseteams.com\/ca\/blog\/david-valero-nuevo-subcampeon-del-mundo-mtb-xco\/","og_locale":"ca_ES","og_type":"article","og_title":"David Valero, nou subcampi\u00f3 del m\u00f3n MTB XCO | Inverseteams","og_description":"L'andal\u00fas David Valero s'ha proclamat subcampi\u00f3 del m\u00f3n de MTB XCO a la localitat francesa de les Gets.","og_url":"https:\/\/www.inverseteams.com\/ca\/blog\/david-valero-nuevo-subcampeon-del-mundo-mtb-xco\/","og_site_name":"Inverseteams","article_publisher":"https:\/\/www.facebook.com\/inverseteams","article_published_time":"2022-08-29T12:36:19+00:00","article_modified_time":"2022-09-02T11:14:24+00:00","og_image":[{"width":1920,"height":1280,"url":"https:\/\/www.inverseteams.com\/wp-content\/uploads\/blog_david_valero_00.jpg","type":"image\/jpeg"}],"author":"xavier","twitter_card":"summary_large_image","twitter_misc":{"Escrit per":"xavier","Temps estimat de lectura":"3 minut"},"schema":{"@context":"https:\/\/schema.org","@graph":[{"@type":"Article","@id":"https:\/\/www.inverseteams.com\/ca\/blog\/david-valero-nuevo-subcampeon-del-mundo-mtb-xco\/#article","isPartOf":{"@id":"https:\/\/www.inverseteams.com\/ca\/blog\/david-valero-nuevo-subcampeon-del-mundo-mtb-xco\/"},"author":{"name":"xavier","@id":"https:\/\/www.inverseteams.com\/ca\/#\/schema\/person\/8e9cda76b6449aea55a18c6b0f3a15f1"},"headline":"David Valero, nou subcampi\u00f3 del m\u00f3n MTB XCO","datePublished":"2022-08-29T12:36:19+00:00","dateModified":"2022-09-02T11:14:24+00:00","mainEntityOfPage":{"@id":"https:\/\/www.inverseteams.com\/ca\/blog\/david-valero-nuevo-subcampeon-del-mundo-mtb-xco\/"},"wordCount":552,"commentCount":0,"publisher":{"@id":"https:\/\/www.inverseteams.com\/ca\/#organization"},"image":{"@id":"https:\/\/www.inverseteams.com\/ca\/blog\/david-valero-nuevo-subcampeon-del-mundo-mtb-xco\/#primaryimage"},"thumbnailUrl":"https:\/\/www.inverseteams.com\/wp-content\/uploads\/blog_david_valero_00.jpg","keywords":["David Valero","espa\u00f1a","maillot david valero","culotte david valero","equipaci\u00f3n david valero","maillot selecci\u00f3n espa\u00f1ola ciclismo","culotte selecci\u00f3n espa\u00f1ola ciclismo","xco","maillot Espagne","Spain jersey","maillot Espa\u00f1a","Spain bib shorts","Culotte de Espa\u00f1a","btt"],"articleSection":["Ciclisme"],"inLanguage":"ca","potentialAction":[{"@type":"CommentAction","name":"Comment","target":["https:\/\/www.inverseteams.com\/ca\/blog\/david-valero-nuevo-subcampeon-del-mundo-mtb-xco\/#respond"]}]},{"@type":"WebPage","@id":"https:\/\/www.inverseteams.com\/ca\/blog\/david-valero-nuevo-subcampeon-del-mundo-mtb-xco\/","url":"https:\/\/www.inverseteams.com\/ca\/blog\/david-valero-nuevo-subcampeon-del-mundo-mtb-xco\/","name":"David Valero, nou subcampi\u00f3 del m\u00f3n MTB XCO | Inverseteams","isPartOf":{"@id":"https:\/\/www.inverseteams.com\/ca\/#website"},"primaryImageOfPage":{"@id":"https:\/\/www.inverseteams.com\/ca\/blog\/david-valero-nuevo-subcampeon-del-mundo-mtb-xco\/#primaryimage"},"image":{"@id":"https:\/\/www.inverseteams.com\/ca\/blog\/david-valero-nuevo-subcampeon-del-mundo-mtb-xco\/#primaryimage"},"thumbnailUrl":"https:\/\/www.inverseteams.com\/wp-content\/uploads\/blog_david_valero_00.jpg","datePublished":"2022-08-29T12:36:19+00:00","dateModified":"2022-09-02T11:14:24+00:00","description":"L'andal\u00fas David Valero s'ha proclamat subcampi\u00f3 del m\u00f3n de MTB XCO a la localitat francesa de les Gets.","breadcrumb":{"@id":"https:\/\/www.inverseteams.com\/ca\/blog\/david-valero-nuevo-subcampeon-del-mundo-mtb-xco\/#breadcrumb"},"inLanguage":"ca","potentialAction":[{"@type":"ReadAction","target":["https:\/\/www.inverseteams.com\/ca\/blog\/david-valero-nuevo-subcampeon-del-mundo-mtb-xco\/"]}]},{"@type":"ImageObject","inLanguage":"ca","@id":"https:\/\/www.inverseteams.com\/ca\/blog\/david-valero-nuevo-subcampeon-del-mundo-mtb-xco\/#primaryimage","url":"https:\/\/www.inverseteams.com\/wp-content\/uploads\/blog_david_valero_00.jpg","contentUrl":"https:\/\/www.inverseteams.com\/wp-content\/uploads\/blog_david_valero_00.jpg","width":1920,"height":1280},{"@type":"BreadcrumbList","@id":"https:\/\/www.inverseteams.com\/ca\/blog\/david-valero-nuevo-subcampeon-del-mundo-mtb-xco\/#breadcrumb","itemListElement":[{"@type":"ListItem","position":1,"name":"Portada","item":"https:\/\/www.inverseteams.com\/ca\/pagina-principal\/"},{"@type":"ListItem","position":2,"name":"David Valero, nou subcampi\u00f3 del m\u00f3n MTB XCO"}]},{"@type":"WebSite","@id":"https:\/\/www.inverseteams.com\/ca\/#website","url":"https:\/\/www.inverseteams.com\/ca\/","name":"Inverseteams","description":"Tu marca de ropa deportiva personalizada","publisher":{"@id":"https:\/\/www.inverseteams.com\/ca\/#organization"},"potentialAction":[{"@type":"SearchAction","target":{"@type":"EntryPoint","urlTemplate":"https:\/\/www.inverseteams.com\/ca\/?s={search_term_string}"},"query-input":{"@type":"PropertyValueSpecification","valueRequired":true,"valueName":"search_term_string"}}],"inLanguage":"ca"},{"@type":"Organization","@id":"https:\/\/www.inverseteams.com\/ca\/#organization","name":"Inverse Teams","url":"https:\/\/www.inverseteams.com\/ca\/","logo":{"@type":"ImageObject","inLanguage":"ca","@id":"https:\/\/www.inverseteams.com\/ca\/#\/schema\/logo\/image\/","url":"https:\/\/www.inverseteams.com\/wp-content\/uploads\/2021\/03\/logo-inverse-teams.png","contentUrl":"https:\/\/www.inverseteams.com\/wp-content\/uploads\/2021\/03\/logo-inverse-teams.png","width":294,"height":99,"caption":"Inverse Teams"},"image":{"@id":"https:\/\/www.inverseteams.com\/ca\/#\/schema\/logo\/image\/"},"sameAs":["https:\/\/www.facebook.com\/inverseteams","http:\/\/instagram.com\/inverseteams","https:\/\/www.linkedin.com\/company\/inverse-cirosport-s-l-?trk=job_view_topcard_company_name","http:\/\/www.pinterest.com\/inverseteams\/","http:\/\/www.youtube.com\/user\/inverseteams?feature=watch"]},{"@type":"Person","@id":"https:\/\/www.inverseteams.com\/ca\/#\/schema\/person\/8e9cda76b6449aea55a18c6b0f3a15f1","name":"xavier","image":{"@type":"ImageObject","inLanguage":"ca","@id":"https:\/\/secure.gravatar.com\/avatar\/602b199a1f28e97d83ab3a8bcb642260f5afd77cb09704889d85ddd70643cddb?s=96&d=mm&r=g","url":"https:\/\/secure.gravatar.com\/avatar\/602b199a1f28e97d83ab3a8bcb642260f5afd77cb09704889d85ddd70643cddb?s=96&d=mm&r=g","contentUrl":"https:\/\/secure.gravatar.com\/avatar\/602b199a1f28e97d83ab3a8bcb642260f5afd77cb09704889d85ddd70643cddb?s=96&d=mm&r=g","caption":"xavier"}}]}},"_links":{"self":[{"href":"https:\/\/www.inverseteams.com\/ca\/wp-json\/wp\/v2\/posts\/91692","targetHints":{"allow":["GET"]}}],"collection":[{"href":"https:\/\/www.inverseteams.com\/ca\/wp-json\/wp\/v2\/posts"}],"about":[{"href":"https:\/\/www.inverseteams.com\/ca\/wp-json\/wp\/v2\/types\/post"}],"author":[{"embeddable":true,"href":"https:\/\/www.inverseteams.com\/ca\/wp-json\/wp\/v2\/users\/12"}],"replies":[{"embeddable":true,"href":"https:\/\/www.inverseteams.com\/ca\/wp-json\/wp\/v2\/comments?post=91692"}],"version-history":[{"count":0,"href":"https:\/\/www.inverseteams.com\/ca\/wp-json\/wp\/v2\/posts\/91692\/revisions"}],"wp:featuredmedia":[{"embeddable":true,"href":"https:\/\/www.inverseteams.com\/ca\/wp-json\/wp\/v2\/media\/91217"}],"wp:attachment":[{"href":"https:\/\/www.inverseteams.com\/ca\/wp-json\/wp\/v2\/media?parent=91692"}],"wp:term":[{"taxonomy":"category","embeddable":true,"href":"https:\/\/www.inverseteams.com\/ca\/wp-json\/wp\/v2\/categories?post=91692"},{"taxonomy":"post_tag","embeddable":true,"href":"https:\/\/www.inverseteams.com\/ca\/wp-json\/wp\/v2\/tags?post=91692"}],"curies":[{"name":"wp","href":"https:\/\/api.w.org\/{rel}","templated":true}]}}