{"id":70693,"date":"2022-04-11T09:50:41","date_gmt":"2022-04-11T09:50:41","guid":{"rendered":"https:\/\/www.inverseteams.com\/blog\/inverse-desvela-el-diseno-del-maillot-la-viia-edicion-de-la-alp-cerdanya-cycle-tour-2022\/"},"modified":"2022-04-11T10:10:50","modified_gmt":"2022-04-11T10:10:50","slug":"inverse-desvela-el-diseno-del-maillot-la-viia-edicion-de-la-alp-cerdanya-cycle-tour-2022","status":"publish","type":"post","link":"https:\/\/www.inverseteams.com\/ca\/blog\/inverse-desvela-el-diseno-del-maillot-la-viia-edicion-de-la-alp-cerdanya-cycle-tour-2022\/","title":{"rendered":"Inverse revela el disseny del mallot la VII\u00aa edici\u00f3 de La Alp-Cerdanya Cycle Tour 2022"},"content":{"rendered":"\n<figure class=\"wp-block-image size-large\"><img decoding=\"async\" src=\"https:\/\/www.inverseteams.com\/wp-content\/uploads\/MAILLOT_CERDANYA_CYCLE_TOUR_2022-copia-1024x683.jpg\" alt=\"\" class=\"wp-image-70673\"\/><\/figure>\n\n\n<div class=\"wrapper-heading\">\n<h2 class=\"wp-block-heading\">L&#8217;Alp-Cerdanya Cycle Tour ha esdevingut una refer\u00e8ncia per als amants del cicloturisme nacional i internacional.<\/h2>\n<\/div>\n\n<div class=\"wrapper-heading\">\n<h3 class=\"wp-block-heading\">El nou mallot de la VIIa edici\u00f3 de La Alp-Cerdanya Cycle Tour, fabricat per Inverse, segueix el mateix criteri de qualitat d&#8217;altres edicions en estar confeccionat amb un disseny elegant.<\/h3>\n<\/div>\n\n<div class=\"wrapper-heading\">\n<h4 class=\"wp-block-heading\">Una nova edici\u00f3 de La Alp-Cerdanya Cycle Tour -ia la VIIa- demostra com la comarca pirinenca de la Cerdanya \u00e9s un aut\u00e8ntic parad\u00eds per als ciclistes, convertint-se aquesta prova en una de les m\u00e9s cobejades pels cicloturistes.<\/h4>\n<\/div>\n\n\n<figure class=\"wp-block-image size-large\"><img loading=\"lazy\" decoding=\"async\" width=\"1024\" height=\"683\" src=\"https:\/\/www.inverseteams.com\/wp-content\/uploads\/Blog_Cerdanya_Cycle_Tour_2022_02-1024x683.jpg\" alt=\"\" class=\"wp-image-70681\" srcset=\"https:\/\/www.inverseteams.com\/wp-content\/uploads\/Blog_Cerdanya_Cycle_Tour_2022_02-1024x683.jpg 1024w, https:\/\/www.inverseteams.com\/wp-content\/uploads\/Blog_Cerdanya_Cycle_Tour_2022_02-300x200.jpg 300w, https:\/\/www.inverseteams.com\/wp-content\/uploads\/Blog_Cerdanya_Cycle_Tour_2022_02-768x512.jpg 768w, https:\/\/www.inverseteams.com\/wp-content\/uploads\/Blog_Cerdanya_Cycle_Tour_2022_02-1536x1024.jpg 1536w, https:\/\/www.inverseteams.com\/wp-content\/uploads\/Blog_Cerdanya_Cycle_Tour_2022_02-420x280.jpg 420w, https:\/\/www.inverseteams.com\/wp-content\/uploads\/Blog_Cerdanya_Cycle_Tour_2022_02.jpg 1920w\" sizes=\"auto, (max-width: 1024px) 100vw, 1024px\" \/><\/figure>\n\n\n\n<p>Des del 17 de febrer del 2022, <strong><a href=\"https:\/\/lacerdanyacycletour.com\/inici\/\">ja est\u00e0 obert el per\u00edode d&#8217;inscripci\u00f3 per a la VIIa edici\u00f3 de La Alp-Cerdanya Cycle Tour,<\/a><\/strong> segurament <strong>una de les millors experi\u00e8ncies ciclistes que es puguin gaudir als Pirineus<\/strong>. La cita \u00e9s el diumenge <strong>24 de juliol del 2022<\/strong>, quan arrancar\u00e0 una nova edici\u00f3 de la marxa que afortunadament ha anat esquivant la pand\u00e8mia del Covid-19 i s&#8217;ha anat celebrat ininterrompudament aquests darrers anys amb algunes restriccions.<\/p>\n\n\n\n<figure class=\"wp-block-image size-large\"><img loading=\"lazy\" decoding=\"async\" width=\"1024\" height=\"683\" src=\"https:\/\/www.inverseteams.com\/wp-content\/uploads\/Blog_Cerdanya_Cycle_Tour_2022_01-1024x683.jpg\" alt=\"\" class=\"wp-image-70677\" srcset=\"https:\/\/www.inverseteams.com\/wp-content\/uploads\/Blog_Cerdanya_Cycle_Tour_2022_01-1024x683.jpg 1024w, https:\/\/www.inverseteams.com\/wp-content\/uploads\/Blog_Cerdanya_Cycle_Tour_2022_01-300x200.jpg 300w, https:\/\/www.inverseteams.com\/wp-content\/uploads\/Blog_Cerdanya_Cycle_Tour_2022_01-768x512.jpg 768w, https:\/\/www.inverseteams.com\/wp-content\/uploads\/Blog_Cerdanya_Cycle_Tour_2022_01-1536x1024.jpg 1536w, https:\/\/www.inverseteams.com\/wp-content\/uploads\/Blog_Cerdanya_Cycle_Tour_2022_01-420x280.jpg 420w, https:\/\/www.inverseteams.com\/wp-content\/uploads\/Blog_Cerdanya_Cycle_Tour_2022_01.jpg 1920w\" sizes=\"auto, (max-width: 1024px) 100vw, 1024px\" \/><\/figure>\n\n\n<div class=\"wrapper-heading\">\n<h3 class=\"wp-block-heading\">L&#8217;ALP-CERDANYA CYCLE TOUR TORNA A LA TOTAL NORMALITAT<\/h3>\n<\/div>\n\n\n<p>Despr\u00e9s de superar amb escreix l&#8217;obligat exercici d&#8217;adaptaci\u00f3 a les circumst\u00e0ncies sanit\u00e0ries, els protocols duts a terme i la col\u00b7laboraci\u00f3 de tots els implicats va permetre no suspendre cap edici\u00f3 L&#8217;Alp-Cerdanya Cycle Tour. Afortunadament, a l&#8217;edici\u00f3 del 2022, <strong>s&#8217;espera un retorn a la normalitat total<\/strong>, o a la gaireb\u00e9 normalitat, que permeti gaudir als participants d&#8217;una experi\u00e8ncia esportiva m\u00e9s relaxada.<\/p>\n\n\n\n<p>Amb lleugeres variacions del recorregut per la comarca catalana de la Cerdanya, que sumen algun quil\u00f2metre m\u00e9s i una mica m\u00e9s de desnivell acumulat, les tres rutes a triar pels participants de l&#8217;Alp-Cerdanya Cycle Tour s\u00f3n: <strong><a href=\"https:\/\/lacerdanyacycletour.com\/marxa-endurance\/\">Sport 89 km (1.267 D+), Medial 145 km (2.637 D+) i Endurance 185 km (3.635 D+)<\/a><\/strong>, de manera que cada ciclista pot formar part d&#8217;aquesta experi\u00e8ncia ciclista segons els seus objectius i caracter\u00edstiques.<\/p>\n\n\n<div class=\"wrapper-heading\">\n<h3 class=\"wp-block-heading\">INSCRIPCIONS EN MARXA AMB BONIFICACIONS<\/h3>\n<\/div>\n\n\n<p><strong>L&#8217;Alp-Cerdanya Cycle Tour ha esdevingut una refer\u00e8ncia per als amants del cicloturisme nacional i internacional. <\/strong>L&#8217;expectativa \u00e9s tan gran, que el primer tram de preu bonificat de 50\u20ac, els 100 primers dorsals, es va esgotar les primeres hores.<\/p>\n\n\n\n<p>Actualment, el preu del segon tram bonificat -de 101 a 400 inscrits- \u00e9s de 55 \u20ac. L&#8217;\u00faltim tram d&#8217;inscrits -de 601 a 1000 inscrits- assolir\u00e0 els 65 \u20ac. Per aix\u00f2, \u00e9s del tot recomanable garantir com m\u00e9s aviat millor la nostra inscripci\u00f3 per no quedar-nos sense pla\u00e7a i aprofitar un preu m\u00e9s avantatj\u00f3s.<\/p>\n\n\n<div class=\"wrapper-heading\">\n<h3 class=\"wp-block-heading\">MALLOT INVERSE DE S\u00c8RIE PARSA TOTS ELS PARTICIPANTS<\/h3>\n<\/div>\n\n\n<p><strong>Tots els participants tenen incl\u00f2s a la inscripci\u00f3 el mallot commemoratiu d&#8217;Inverse <\/strong>de la VIIa edici\u00f3 del 2022 de La Alp-Cerdanya Cycle Tour.<\/p>\n\n\n\n<p>Amb un color i disseny que no deixaran indiferents a ning\u00fa, el nou mallot d&#8217;Inverse per a VIIa edici\u00f3 del 2022 de La Alp-Cerdanya Cycle Tour est\u00e0 fabricat amb el teixit COULTEX. Aquest teixit \u00e9s molt transpirable, i \u00e9s idoni per afrontar els dies calorosos del mes de juliol a la muntanya. Els filaments de microfibra confereixen a aquesta pe\u00e7a elasticitat, resist\u00e8ncia, suavitat en el contacte amb la pell i una transpirabilitat excel\u00b7lent.<\/p>\n\n\n\n<p>Els laterals del mallot de la VIIa edici\u00f3 del 2022 de La Alp-Cerdanya Cycle Tour estan fabricats amb el teixit THINK, permetent que aquests laterals siguin del tot el\u00e0stics i transpirables, units amb costures del tipus HIDE.<\/p>\n\n\n\n<p>Les m\u00e0nigues del mallot estan fabricades amb el teixit de LYCRA ULTRALIGHT, un teixit que s&#8217;ajusta perfectament a l&#8217;anatomia del bra\u00e7, aportant una agradable sensaci\u00f3 aerodin\u00e0mica i, alhora, protegeix del sol.<\/p>\n\n\n\n<p>El coll del mallot \u00e9s tamb\u00e9 anat\u00f2mic. La cremallera del mallot \u00e9s del tipus imantada amb Skin PROTECTION. I la cintura del mallot ciclista disposa d&#8217;una goma el\u00e0stica, amb silicona al seu interior. El mallot tamb\u00e9 disposa de 3 butxaques de f\u00e0cil acc\u00e9s i queden ben ajustades a l&#8217;esquena.<\/p>\n\n\n\n<figure class=\"wp-block-image size-large\"><img loading=\"lazy\" decoding=\"async\" width=\"1024\" height=\"683\" src=\"https:\/\/www.inverseteams.com\/wp-content\/uploads\/Blog_Cerdanya_Cycle_Tour_2022_03-1024x683.jpg\" alt=\"\" class=\"wp-image-70685\" srcset=\"https:\/\/www.inverseteams.com\/wp-content\/uploads\/Blog_Cerdanya_Cycle_Tour_2022_03-1024x683.jpg 1024w, https:\/\/www.inverseteams.com\/wp-content\/uploads\/Blog_Cerdanya_Cycle_Tour_2022_03-300x200.jpg 300w, https:\/\/www.inverseteams.com\/wp-content\/uploads\/Blog_Cerdanya_Cycle_Tour_2022_03-768x512.jpg 768w, https:\/\/www.inverseteams.com\/wp-content\/uploads\/Blog_Cerdanya_Cycle_Tour_2022_03-1536x1024.jpg 1536w, https:\/\/www.inverseteams.com\/wp-content\/uploads\/Blog_Cerdanya_Cycle_Tour_2022_03-420x280.jpg 420w, https:\/\/www.inverseteams.com\/wp-content\/uploads\/Blog_Cerdanya_Cycle_Tour_2022_03.jpg 1920w\" sizes=\"auto, (max-width: 1024px) 100vw, 1024px\" \/><\/figure>\n\n\n<div class=\"wrapper-heading\">\n<h3 class=\"wp-block-heading\">ARMILLA CICLISTA I CULOTTE OPCIONALS<\/h3>\n<\/div>\n\n\n<p><strong>Com a noveta<\/strong>t, l&#8217;organitzaci\u00f3 de la VIIa edici\u00f3 del 2022 de l&#8217;Alp-Cerdanya Cycle Tour <strong>ofereix a tots els ciclistes que s&#8217;inscriguin <a href=\"https:\/\/lacerdanyacycletour.com\/merchandising_cat-2\/\">la possibilitat d&#8217;adquirir altres vestimentes ciclistes de marxandatge fabricades per Inverse<\/a>.<\/strong><\/p>\n\n\n\n<p>En concret, a trav\u00e9s de la p\u00e0gina web de La Alp-Cerdanya Cycle Tour, els participants podran adquirir una armilla ciclista personalitzada amb el disseny de l&#8217;esdeveniment, i tamb\u00e9 un culotte ciclista personalitzat tamb\u00e9 amb el disseny de l&#8217;esdeveniment.<\/p>\n\n\n\n<div class=\"wp-block-buttons is-layout-flex wp-block-buttons-is-layout-flex\">\n<div class=\"wp-block-button\"><a class=\"wp-block-button__link\" href=\"https:\/\/lacerdanyacycletour.com\/merchandising_cat-2\/\">Roba merchandising L&#8217;Alp-Cerdanya Cycle Tour <\/a><\/div>\n<\/div>\n\n\n\n<div class=\"wp-block-buttons is-layout-flex wp-block-buttons-is-layout-flex\">\n<div class=\"wp-block-button\"><a class=\"wp-block-button__link\" href=\"https:\/\/www.inverseteams.com\/ca\/custom\/roba-de-ciclisme-personalitzada\/\">Roba personalitzada ciclisme Inverse<\/a><\/div>\n<\/div>\n","protected":false},"excerpt":{"rendered":"<p>L&#8217;Alp-Cerdanya Cycle Tour ha esdevingut una refer\u00e8ncia per als amants del cicloturisme nacional i internacional. El nou mallot de la VIIa edici\u00f3 de La Alp-Cerdanya Cycle Tour, fabricat per Inverse, segueix el mateix criteri de qualitat d&#8217;altres edicions en estar confeccionat amb un disseny elegant. Una nova edici\u00f3 de La Alp-Cerdanya Cycle Tour -ia la [&hellip;]<\/p>\n","protected":false},"author":12,"featured_media":70674,"comment_status":"open","ping_status":"open","sticky":false,"template":"","format":"standard","meta":{"_acf_changed":false,"mc4wp_mailchimp_campaign":[],"footnotes":""},"categories":[186],"tags":[5832,8133,5835,8134,5836,8135,5837,8136,5838,8137,5839,8138,5840,8139,5841,8140,5842,8141,5843,8142,5590,6902,8143,5591,7772,8144,5593,7904,8145,5594,7998,8146,5595,8131,8147,5830,8132],"class_list":["post-70693","post","type-post","status-publish","format-standard","has-post-thumbnail","hentry","category-ciclisme","tag-cicloturismo-ca","tag-maillot-cicloturismo-personalizado-ca","tag-cicloturisme-ca","tag-maillot-evento-personalizado-ca","tag-alp-ca","tag-cycletour-ca","tag-cerdanya-ca","tag-cerdagne-cycletour-ca","tag-cicloturismo-cerdanya-ca","tag-ciclismo-pirineos-ca","tag-cicloturisme-cerdanya-ca","tag-ciclisme-pirineus-ca","tag-cerdana-ca","tag-ciclismo-cerdana-ca","tag-cicloturismo-cerdana-ca","tag-ciclisme-cerdanya-ca","tag-cycletourisme-cerdagne-ca","tag-maillot-cerdanya-cycle-tour-ca","tag-tourismcycle-cerdanya-ca","tag-maillot-cycleturisme-ca","tag-maillot-ciclismo-ca","tag-maillot-ciclista-ca","tag-culotte-cicloturismo-ca","tag-ciclismo-ca","tag-maillot-personalizado-ca","tag-cuissard-cyclotourisme-ca","tag-cycling-custom-sportswear-4-ca","tag-cuissard-4-ca","tag-maillot-cyclotourisme-ca","tag-cycling-4-ca","tag-jersey-massi-ca","tag-maillot-cycliste-personnalise-ca","tag-ciclisme-4-ca","tag-maillot-ciclismo-personalizado-ca","tag-jersey-custom-wear-ca","tag-ropa-personalizada-ciclismo-ca","tag-maillot-cicloturismo-ca"],"acf":[],"yoast_head":"<!-- This site is optimized with the Yoast SEO plugin v27.3 - https:\/\/yoast.com\/product\/yoast-seo-wordpress\/ -->\n<title>Inverse revela el disseny del mallot la VII\u00aa edici\u00f3 de La Alp-Cerdanya Cycle Tour 2022 | Inverseteams<\/title>\n<meta name=\"description\" content=\"El nou mallot de la VIIa edici\u00f3 de La Alp-Cerdanya Cycle Tour, fabricat per Inverse, segueix el mateix criteri de qualitat d&#039;altres edicions en estar confeccionat amb un disseny elegant. L&#039;Alp-Cerdanya Cycle Tour ha esdevingut una refer\u00e8ncia per als amants del cicloturisme nacional i internacional.\" \/>\n<meta name=\"robots\" content=\"index, follow, max-snippet:-1, max-image-preview:large, max-video-preview:-1\" \/>\n<link rel=\"canonical\" href=\"https:\/\/www.inverseteams.com\/ca\/blog\/inverse-desvela-el-diseno-del-maillot-la-viia-edicion-de-la-alp-cerdanya-cycle-tour-2022\/\" \/>\n<meta property=\"og:locale\" content=\"ca_ES\" \/>\n<meta property=\"og:type\" content=\"article\" \/>\n<meta property=\"og:title\" content=\"Inverse revela el disseny del mallot la VII\u00aa edici\u00f3 de La Alp-Cerdanya Cycle Tour 2022 | Inverseteams\" \/>\n<meta property=\"og:description\" content=\"El nou mallot de la VIIa edici\u00f3 de La Alp-Cerdanya Cycle Tour, fabricat per Inverse, segueix el mateix criteri de qualitat d&#039;altres edicions en estar confeccionat amb un disseny elegant. L&#039;Alp-Cerdanya Cycle Tour ha esdevingut una refer\u00e8ncia per als amants del cicloturisme nacional i internacional.\" \/>\n<meta property=\"og:url\" content=\"https:\/\/www.inverseteams.com\/ca\/blog\/inverse-desvela-el-diseno-del-maillot-la-viia-edicion-de-la-alp-cerdanya-cycle-tour-2022\/\" \/>\n<meta property=\"og:site_name\" content=\"Inverseteams\" \/>\n<meta property=\"article:publisher\" content=\"https:\/\/www.facebook.com\/inverseteams\" \/>\n<meta property=\"article:published_time\" content=\"2022-04-11T09:50:41+00:00\" \/>\n<meta property=\"article:modified_time\" content=\"2022-04-11T10:10:50+00:00\" \/>\n<meta property=\"og:image\" content=\"https:\/\/www.inverseteams.com\/wp-content\/uploads\/MAILLOT_CERDANYA_CYCLE_TOUR_2022-copia.jpg\" \/>\n\t<meta property=\"og:image:width\" content=\"1920\" \/>\n\t<meta property=\"og:image:height\" content=\"1280\" \/>\n\t<meta property=\"og:image:type\" content=\"image\/jpeg\" \/>\n<meta name=\"author\" content=\"xavier\" \/>\n<meta name=\"twitter:card\" content=\"summary_large_image\" \/>\n<meta name=\"twitter:label1\" content=\"Escrit per\" \/>\n\t<meta name=\"twitter:data1\" content=\"xavier\" \/>\n\t<meta name=\"twitter:label2\" content=\"Temps estimat de lectura\" \/>\n\t<meta name=\"twitter:data2\" content=\"4 minut\" \/>\n<script type=\"application\/ld+json\" class=\"yoast-schema-graph\">{\"@context\":\"https:\\\/\\\/schema.org\",\"@graph\":[{\"@type\":\"Article\",\"@id\":\"https:\\\/\\\/www.inverseteams.com\\\/ca\\\/blog\\\/inverse-desvela-el-diseno-del-maillot-la-viia-edicion-de-la-alp-cerdanya-cycle-tour-2022\\\/#article\",\"isPartOf\":{\"@id\":\"https:\\\/\\\/www.inverseteams.com\\\/ca\\\/blog\\\/inverse-desvela-el-diseno-del-maillot-la-viia-edicion-de-la-alp-cerdanya-cycle-tour-2022\\\/\"},\"author\":{\"name\":\"xavier\",\"@id\":\"https:\\\/\\\/www.inverseteams.com\\\/ca\\\/#\\\/schema\\\/person\\\/8e9cda76b6449aea55a18c6b0f3a15f1\"},\"headline\":\"Inverse revela el disseny del mallot la VII\u00aa edici\u00f3 de La Alp-Cerdanya Cycle Tour 2022\",\"datePublished\":\"2022-04-11T09:50:41+00:00\",\"dateModified\":\"2022-04-11T10:10:50+00:00\",\"mainEntityOfPage\":{\"@id\":\"https:\\\/\\\/www.inverseteams.com\\\/ca\\\/blog\\\/inverse-desvela-el-diseno-del-maillot-la-viia-edicion-de-la-alp-cerdanya-cycle-tour-2022\\\/\"},\"wordCount\":750,\"commentCount\":0,\"publisher\":{\"@id\":\"https:\\\/\\\/www.inverseteams.com\\\/ca\\\/#organization\"},\"image\":{\"@id\":\"https:\\\/\\\/www.inverseteams.com\\\/ca\\\/blog\\\/inverse-desvela-el-diseno-del-maillot-la-viia-edicion-de-la-alp-cerdanya-cycle-tour-2022\\\/#primaryimage\"},\"thumbnailUrl\":\"https:\\\/\\\/www.inverseteams.com\\\/wp-content\\\/uploads\\\/MAILLOT_CERDANYA_CYCLE_TOUR_2022-copia.jpg\",\"keywords\":[\"cicloturismo\",\"maillot cicloturismo personalizado\",\"cicloturisme\",\"maillot evento personalizado\",\"alp\",\"cycletour\",\"cerdanya\",\"cerdagne cycletour\",\"cicloturismo cerdanya\",\"ciclismo pirineos\",\"cicloturisme cerdanya\",\"ciclisme pirineus\",\"cerda\u00f1a\",\"ciclismo cerda\u00f1a\",\"cicloturismo cerda\u00f1a\",\"ciclisme cerdanya\",\"cycletourisme cerdagne\",\"maillot cerdanya cycle tour\",\"tourismcycle cerdanya\",\"maillot cycleturisme\",\"maillot ciclismo\",\"maillot ciclista\",\"culotte cicloturismo\",\"ciclismo\",\"maillot personalizado\",\"cuissard cyclotourisme\",\"cycling custom sportswear\",\"cuissard\",\"maillot cyclotourisme\",\"Cycling\",\"jersey Massi\",\"maillot cycliste personnalis\u00e9\",\"Ciclisme\",\"maillot ciclismo personalizado\",\"jersey custom wear\",\"ropa personalizada ciclismo\",\"maillot cicloturismo\"],\"articleSection\":[\"Ciclisme\"],\"inLanguage\":\"ca\",\"potentialAction\":[{\"@type\":\"CommentAction\",\"name\":\"Comment\",\"target\":[\"https:\\\/\\\/www.inverseteams.com\\\/ca\\\/blog\\\/inverse-desvela-el-diseno-del-maillot-la-viia-edicion-de-la-alp-cerdanya-cycle-tour-2022\\\/#respond\"]}]},{\"@type\":\"WebPage\",\"@id\":\"https:\\\/\\\/www.inverseteams.com\\\/ca\\\/blog\\\/inverse-desvela-el-diseno-del-maillot-la-viia-edicion-de-la-alp-cerdanya-cycle-tour-2022\\\/\",\"url\":\"https:\\\/\\\/www.inverseteams.com\\\/ca\\\/blog\\\/inverse-desvela-el-diseno-del-maillot-la-viia-edicion-de-la-alp-cerdanya-cycle-tour-2022\\\/\",\"name\":\"Inverse revela el disseny del mallot la VII\u00aa edici\u00f3 de La Alp-Cerdanya Cycle Tour 2022 | Inverseteams\",\"isPartOf\":{\"@id\":\"https:\\\/\\\/www.inverseteams.com\\\/ca\\\/#website\"},\"primaryImageOfPage\":{\"@id\":\"https:\\\/\\\/www.inverseteams.com\\\/ca\\\/blog\\\/inverse-desvela-el-diseno-del-maillot-la-viia-edicion-de-la-alp-cerdanya-cycle-tour-2022\\\/#primaryimage\"},\"image\":{\"@id\":\"https:\\\/\\\/www.inverseteams.com\\\/ca\\\/blog\\\/inverse-desvela-el-diseno-del-maillot-la-viia-edicion-de-la-alp-cerdanya-cycle-tour-2022\\\/#primaryimage\"},\"thumbnailUrl\":\"https:\\\/\\\/www.inverseteams.com\\\/wp-content\\\/uploads\\\/MAILLOT_CERDANYA_CYCLE_TOUR_2022-copia.jpg\",\"datePublished\":\"2022-04-11T09:50:41+00:00\",\"dateModified\":\"2022-04-11T10:10:50+00:00\",\"description\":\"El nou mallot de la VIIa edici\u00f3 de La Alp-Cerdanya Cycle Tour, fabricat per Inverse, segueix el mateix criteri de qualitat d'altres edicions en estar confeccionat amb un disseny elegant. L'Alp-Cerdanya Cycle Tour ha esdevingut una refer\u00e8ncia per als amants del cicloturisme nacional i internacional.\",\"breadcrumb\":{\"@id\":\"https:\\\/\\\/www.inverseteams.com\\\/ca\\\/blog\\\/inverse-desvela-el-diseno-del-maillot-la-viia-edicion-de-la-alp-cerdanya-cycle-tour-2022\\\/#breadcrumb\"},\"inLanguage\":\"ca\",\"potentialAction\":[{\"@type\":\"ReadAction\",\"target\":[\"https:\\\/\\\/www.inverseteams.com\\\/ca\\\/blog\\\/inverse-desvela-el-diseno-del-maillot-la-viia-edicion-de-la-alp-cerdanya-cycle-tour-2022\\\/\"]}]},{\"@type\":\"ImageObject\",\"inLanguage\":\"ca\",\"@id\":\"https:\\\/\\\/www.inverseteams.com\\\/ca\\\/blog\\\/inverse-desvela-el-diseno-del-maillot-la-viia-edicion-de-la-alp-cerdanya-cycle-tour-2022\\\/#primaryimage\",\"url\":\"https:\\\/\\\/www.inverseteams.com\\\/wp-content\\\/uploads\\\/MAILLOT_CERDANYA_CYCLE_TOUR_2022-copia.jpg\",\"contentUrl\":\"https:\\\/\\\/www.inverseteams.com\\\/wp-content\\\/uploads\\\/MAILLOT_CERDANYA_CYCLE_TOUR_2022-copia.jpg\",\"width\":1920,\"height\":1280},{\"@type\":\"BreadcrumbList\",\"@id\":\"https:\\\/\\\/www.inverseteams.com\\\/ca\\\/blog\\\/inverse-desvela-el-diseno-del-maillot-la-viia-edicion-de-la-alp-cerdanya-cycle-tour-2022\\\/#breadcrumb\",\"itemListElement\":[{\"@type\":\"ListItem\",\"position\":1,\"name\":\"Portada\",\"item\":\"https:\\\/\\\/www.inverseteams.com\\\/ca\\\/pagina-principal\\\/\"},{\"@type\":\"ListItem\",\"position\":2,\"name\":\"Inverse revela el disseny del mallot la VII\u00aa edici\u00f3 de La Alp-Cerdanya Cycle Tour 2022\"}]},{\"@type\":\"WebSite\",\"@id\":\"https:\\\/\\\/www.inverseteams.com\\\/ca\\\/#website\",\"url\":\"https:\\\/\\\/www.inverseteams.com\\\/ca\\\/\",\"name\":\"Inverseteams\",\"description\":\"Tu marca de ropa deportiva personalizada\",\"publisher\":{\"@id\":\"https:\\\/\\\/www.inverseteams.com\\\/ca\\\/#organization\"},\"potentialAction\":[{\"@type\":\"SearchAction\",\"target\":{\"@type\":\"EntryPoint\",\"urlTemplate\":\"https:\\\/\\\/www.inverseteams.com\\\/ca\\\/?s={search_term_string}\"},\"query-input\":{\"@type\":\"PropertyValueSpecification\",\"valueRequired\":true,\"valueName\":\"search_term_string\"}}],\"inLanguage\":\"ca\"},{\"@type\":\"Organization\",\"@id\":\"https:\\\/\\\/www.inverseteams.com\\\/ca\\\/#organization\",\"name\":\"Inverse Teams\",\"url\":\"https:\\\/\\\/www.inverseteams.com\\\/ca\\\/\",\"logo\":{\"@type\":\"ImageObject\",\"inLanguage\":\"ca\",\"@id\":\"https:\\\/\\\/www.inverseteams.com\\\/ca\\\/#\\\/schema\\\/logo\\\/image\\\/\",\"url\":\"https:\\\/\\\/www.inverseteams.com\\\/wp-content\\\/uploads\\\/2021\\\/03\\\/logo-inverse-teams.png\",\"contentUrl\":\"https:\\\/\\\/www.inverseteams.com\\\/wp-content\\\/uploads\\\/2021\\\/03\\\/logo-inverse-teams.png\",\"width\":294,\"height\":99,\"caption\":\"Inverse Teams\"},\"image\":{\"@id\":\"https:\\\/\\\/www.inverseteams.com\\\/ca\\\/#\\\/schema\\\/logo\\\/image\\\/\"},\"sameAs\":[\"https:\\\/\\\/www.facebook.com\\\/inverseteams\",\"http:\\\/\\\/instagram.com\\\/inverseteams\",\"https:\\\/\\\/www.linkedin.com\\\/company\\\/inverse-cirosport-s-l-?trk=job_view_topcard_company_name\",\"http:\\\/\\\/www.pinterest.com\\\/inverseteams\\\/\",\"http:\\\/\\\/www.youtube.com\\\/user\\\/inverseteams?feature=watch\"]},{\"@type\":\"Person\",\"@id\":\"https:\\\/\\\/www.inverseteams.com\\\/ca\\\/#\\\/schema\\\/person\\\/8e9cda76b6449aea55a18c6b0f3a15f1\",\"name\":\"xavier\",\"image\":{\"@type\":\"ImageObject\",\"inLanguage\":\"ca\",\"@id\":\"https:\\\/\\\/secure.gravatar.com\\\/avatar\\\/602b199a1f28e97d83ab3a8bcb642260f5afd77cb09704889d85ddd70643cddb?s=96&d=mm&r=g\",\"url\":\"https:\\\/\\\/secure.gravatar.com\\\/avatar\\\/602b199a1f28e97d83ab3a8bcb642260f5afd77cb09704889d85ddd70643cddb?s=96&d=mm&r=g\",\"contentUrl\":\"https:\\\/\\\/secure.gravatar.com\\\/avatar\\\/602b199a1f28e97d83ab3a8bcb642260f5afd77cb09704889d85ddd70643cddb?s=96&d=mm&r=g\",\"caption\":\"xavier\"}}]}<\/script>\n<!-- \/ Yoast SEO plugin. -->","yoast_head_json":{"title":"Inverse revela el disseny del mallot la VII\u00aa edici\u00f3 de La Alp-Cerdanya Cycle Tour 2022 | Inverseteams","description":"El nou mallot de la VIIa edici\u00f3 de La Alp-Cerdanya Cycle Tour, fabricat per Inverse, segueix el mateix criteri de qualitat d'altres edicions en estar confeccionat amb un disseny elegant. L'Alp-Cerdanya Cycle Tour ha esdevingut una refer\u00e8ncia per als amants del cicloturisme nacional i internacional.","robots":{"index":"index","follow":"follow","max-snippet":"max-snippet:-1","max-image-preview":"max-image-preview:large","max-video-preview":"max-video-preview:-1"},"canonical":"https:\/\/www.inverseteams.com\/ca\/blog\/inverse-desvela-el-diseno-del-maillot-la-viia-edicion-de-la-alp-cerdanya-cycle-tour-2022\/","og_locale":"ca_ES","og_type":"article","og_title":"Inverse revela el disseny del mallot la VII\u00aa edici\u00f3 de La Alp-Cerdanya Cycle Tour 2022 | Inverseteams","og_description":"El nou mallot de la VIIa edici\u00f3 de La Alp-Cerdanya Cycle Tour, fabricat per Inverse, segueix el mateix criteri de qualitat d'altres edicions en estar confeccionat amb un disseny elegant. L'Alp-Cerdanya Cycle Tour ha esdevingut una refer\u00e8ncia per als amants del cicloturisme nacional i internacional.","og_url":"https:\/\/www.inverseteams.com\/ca\/blog\/inverse-desvela-el-diseno-del-maillot-la-viia-edicion-de-la-alp-cerdanya-cycle-tour-2022\/","og_site_name":"Inverseteams","article_publisher":"https:\/\/www.facebook.com\/inverseteams","article_published_time":"2022-04-11T09:50:41+00:00","article_modified_time":"2022-04-11T10:10:50+00:00","og_image":[{"width":1920,"height":1280,"url":"https:\/\/www.inverseteams.com\/wp-content\/uploads\/MAILLOT_CERDANYA_CYCLE_TOUR_2022-copia.jpg","type":"image\/jpeg"}],"author":"xavier","twitter_card":"summary_large_image","twitter_misc":{"Escrit per":"xavier","Temps estimat de lectura":"4 minut"},"schema":{"@context":"https:\/\/schema.org","@graph":[{"@type":"Article","@id":"https:\/\/www.inverseteams.com\/ca\/blog\/inverse-desvela-el-diseno-del-maillot-la-viia-edicion-de-la-alp-cerdanya-cycle-tour-2022\/#article","isPartOf":{"@id":"https:\/\/www.inverseteams.com\/ca\/blog\/inverse-desvela-el-diseno-del-maillot-la-viia-edicion-de-la-alp-cerdanya-cycle-tour-2022\/"},"author":{"name":"xavier","@id":"https:\/\/www.inverseteams.com\/ca\/#\/schema\/person\/8e9cda76b6449aea55a18c6b0f3a15f1"},"headline":"Inverse revela el disseny del mallot la VII\u00aa edici\u00f3 de La Alp-Cerdanya Cycle Tour 2022","datePublished":"2022-04-11T09:50:41+00:00","dateModified":"2022-04-11T10:10:50+00:00","mainEntityOfPage":{"@id":"https:\/\/www.inverseteams.com\/ca\/blog\/inverse-desvela-el-diseno-del-maillot-la-viia-edicion-de-la-alp-cerdanya-cycle-tour-2022\/"},"wordCount":750,"commentCount":0,"publisher":{"@id":"https:\/\/www.inverseteams.com\/ca\/#organization"},"image":{"@id":"https:\/\/www.inverseteams.com\/ca\/blog\/inverse-desvela-el-diseno-del-maillot-la-viia-edicion-de-la-alp-cerdanya-cycle-tour-2022\/#primaryimage"},"thumbnailUrl":"https:\/\/www.inverseteams.com\/wp-content\/uploads\/MAILLOT_CERDANYA_CYCLE_TOUR_2022-copia.jpg","keywords":["cicloturismo","maillot cicloturismo personalizado","cicloturisme","maillot evento personalizado","alp","cycletour","cerdanya","cerdagne cycletour","cicloturismo cerdanya","ciclismo pirineos","cicloturisme cerdanya","ciclisme pirineus","cerda\u00f1a","ciclismo cerda\u00f1a","cicloturismo cerda\u00f1a","ciclisme cerdanya","cycletourisme cerdagne","maillot cerdanya cycle tour","tourismcycle cerdanya","maillot cycleturisme","maillot ciclismo","maillot ciclista","culotte cicloturismo","ciclismo","maillot personalizado","cuissard cyclotourisme","cycling custom sportswear","cuissard","maillot cyclotourisme","Cycling","jersey Massi","maillot cycliste personnalis\u00e9","Ciclisme","maillot ciclismo personalizado","jersey custom wear","ropa personalizada ciclismo","maillot cicloturismo"],"articleSection":["Ciclisme"],"inLanguage":"ca","potentialAction":[{"@type":"CommentAction","name":"Comment","target":["https:\/\/www.inverseteams.com\/ca\/blog\/inverse-desvela-el-diseno-del-maillot-la-viia-edicion-de-la-alp-cerdanya-cycle-tour-2022\/#respond"]}]},{"@type":"WebPage","@id":"https:\/\/www.inverseteams.com\/ca\/blog\/inverse-desvela-el-diseno-del-maillot-la-viia-edicion-de-la-alp-cerdanya-cycle-tour-2022\/","url":"https:\/\/www.inverseteams.com\/ca\/blog\/inverse-desvela-el-diseno-del-maillot-la-viia-edicion-de-la-alp-cerdanya-cycle-tour-2022\/","name":"Inverse revela el disseny del mallot la VII\u00aa edici\u00f3 de La Alp-Cerdanya Cycle Tour 2022 | Inverseteams","isPartOf":{"@id":"https:\/\/www.inverseteams.com\/ca\/#website"},"primaryImageOfPage":{"@id":"https:\/\/www.inverseteams.com\/ca\/blog\/inverse-desvela-el-diseno-del-maillot-la-viia-edicion-de-la-alp-cerdanya-cycle-tour-2022\/#primaryimage"},"image":{"@id":"https:\/\/www.inverseteams.com\/ca\/blog\/inverse-desvela-el-diseno-del-maillot-la-viia-edicion-de-la-alp-cerdanya-cycle-tour-2022\/#primaryimage"},"thumbnailUrl":"https:\/\/www.inverseteams.com\/wp-content\/uploads\/MAILLOT_CERDANYA_CYCLE_TOUR_2022-copia.jpg","datePublished":"2022-04-11T09:50:41+00:00","dateModified":"2022-04-11T10:10:50+00:00","description":"El nou mallot de la VIIa edici\u00f3 de La Alp-Cerdanya Cycle Tour, fabricat per Inverse, segueix el mateix criteri de qualitat d'altres edicions en estar confeccionat amb un disseny elegant. L'Alp-Cerdanya Cycle Tour ha esdevingut una refer\u00e8ncia per als amants del cicloturisme nacional i internacional.","breadcrumb":{"@id":"https:\/\/www.inverseteams.com\/ca\/blog\/inverse-desvela-el-diseno-del-maillot-la-viia-edicion-de-la-alp-cerdanya-cycle-tour-2022\/#breadcrumb"},"inLanguage":"ca","potentialAction":[{"@type":"ReadAction","target":["https:\/\/www.inverseteams.com\/ca\/blog\/inverse-desvela-el-diseno-del-maillot-la-viia-edicion-de-la-alp-cerdanya-cycle-tour-2022\/"]}]},{"@type":"ImageObject","inLanguage":"ca","@id":"https:\/\/www.inverseteams.com\/ca\/blog\/inverse-desvela-el-diseno-del-maillot-la-viia-edicion-de-la-alp-cerdanya-cycle-tour-2022\/#primaryimage","url":"https:\/\/www.inverseteams.com\/wp-content\/uploads\/MAILLOT_CERDANYA_CYCLE_TOUR_2022-copia.jpg","contentUrl":"https:\/\/www.inverseteams.com\/wp-content\/uploads\/MAILLOT_CERDANYA_CYCLE_TOUR_2022-copia.jpg","width":1920,"height":1280},{"@type":"BreadcrumbList","@id":"https:\/\/www.inverseteams.com\/ca\/blog\/inverse-desvela-el-diseno-del-maillot-la-viia-edicion-de-la-alp-cerdanya-cycle-tour-2022\/#breadcrumb","itemListElement":[{"@type":"ListItem","position":1,"name":"Portada","item":"https:\/\/www.inverseteams.com\/ca\/pagina-principal\/"},{"@type":"ListItem","position":2,"name":"Inverse revela el disseny del mallot la VII\u00aa edici\u00f3 de La Alp-Cerdanya Cycle Tour 2022"}]},{"@type":"WebSite","@id":"https:\/\/www.inverseteams.com\/ca\/#website","url":"https:\/\/www.inverseteams.com\/ca\/","name":"Inverseteams","description":"Tu marca de ropa deportiva personalizada","publisher":{"@id":"https:\/\/www.inverseteams.com\/ca\/#organization"},"potentialAction":[{"@type":"SearchAction","target":{"@type":"EntryPoint","urlTemplate":"https:\/\/www.inverseteams.com\/ca\/?s={search_term_string}"},"query-input":{"@type":"PropertyValueSpecification","valueRequired":true,"valueName":"search_term_string"}}],"inLanguage":"ca"},{"@type":"Organization","@id":"https:\/\/www.inverseteams.com\/ca\/#organization","name":"Inverse Teams","url":"https:\/\/www.inverseteams.com\/ca\/","logo":{"@type":"ImageObject","inLanguage":"ca","@id":"https:\/\/www.inverseteams.com\/ca\/#\/schema\/logo\/image\/","url":"https:\/\/www.inverseteams.com\/wp-content\/uploads\/2021\/03\/logo-inverse-teams.png","contentUrl":"https:\/\/www.inverseteams.com\/wp-content\/uploads\/2021\/03\/logo-inverse-teams.png","width":294,"height":99,"caption":"Inverse Teams"},"image":{"@id":"https:\/\/www.inverseteams.com\/ca\/#\/schema\/logo\/image\/"},"sameAs":["https:\/\/www.facebook.com\/inverseteams","http:\/\/instagram.com\/inverseteams","https:\/\/www.linkedin.com\/company\/inverse-cirosport-s-l-?trk=job_view_topcard_company_name","http:\/\/www.pinterest.com\/inverseteams\/","http:\/\/www.youtube.com\/user\/inverseteams?feature=watch"]},{"@type":"Person","@id":"https:\/\/www.inverseteams.com\/ca\/#\/schema\/person\/8e9cda76b6449aea55a18c6b0f3a15f1","name":"xavier","image":{"@type":"ImageObject","inLanguage":"ca","@id":"https:\/\/secure.gravatar.com\/avatar\/602b199a1f28e97d83ab3a8bcb642260f5afd77cb09704889d85ddd70643cddb?s=96&d=mm&r=g","url":"https:\/\/secure.gravatar.com\/avatar\/602b199a1f28e97d83ab3a8bcb642260f5afd77cb09704889d85ddd70643cddb?s=96&d=mm&r=g","contentUrl":"https:\/\/secure.gravatar.com\/avatar\/602b199a1f28e97d83ab3a8bcb642260f5afd77cb09704889d85ddd70643cddb?s=96&d=mm&r=g","caption":"xavier"}}]}},"_links":{"self":[{"href":"https:\/\/www.inverseteams.com\/ca\/wp-json\/wp\/v2\/posts\/70693","targetHints":{"allow":["GET"]}}],"collection":[{"href":"https:\/\/www.inverseteams.com\/ca\/wp-json\/wp\/v2\/posts"}],"about":[{"href":"https:\/\/www.inverseteams.com\/ca\/wp-json\/wp\/v2\/types\/post"}],"author":[{"embeddable":true,"href":"https:\/\/www.inverseteams.com\/ca\/wp-json\/wp\/v2\/users\/12"}],"replies":[{"embeddable":true,"href":"https:\/\/www.inverseteams.com\/ca\/wp-json\/wp\/v2\/comments?post=70693"}],"version-history":[{"count":0,"href":"https:\/\/www.inverseteams.com\/ca\/wp-json\/wp\/v2\/posts\/70693\/revisions"}],"wp:featuredmedia":[{"embeddable":true,"href":"https:\/\/www.inverseteams.com\/ca\/wp-json\/wp\/v2\/media\/70674"}],"wp:attachment":[{"href":"https:\/\/www.inverseteams.com\/ca\/wp-json\/wp\/v2\/media?parent=70693"}],"wp:term":[{"taxonomy":"category","embeddable":true,"href":"https:\/\/www.inverseteams.com\/ca\/wp-json\/wp\/v2\/categories?post=70693"},{"taxonomy":"post_tag","embeddable":true,"href":"https:\/\/www.inverseteams.com\/ca\/wp-json\/wp\/v2\/tags?post=70693"}],"curies":[{"name":"wp","href":"https:\/\/api.w.org\/{rel}","templated":true}]}}