{"id":279935,"date":"2026-03-13T11:10:45","date_gmt":"2026-03-13T10:10:45","guid":{"rendered":"https:\/\/www.inverseteams.com\/blog\/massi-mtb-racing-team-2026-una-alianza-imbatible-con-inverse-y-un-nuevo-rugido-en-rojo\/"},"modified":"2026-03-13T11:44:56","modified_gmt":"2026-03-13T10:44:56","slug":"massi-mtb-racing-team-2026-una-alianza-imbatible-con-inverse-y-un-nuevo-rugido-en-rojo","status":"publish","type":"post","link":"https:\/\/www.inverseteams.com\/ca\/blog\/massi-mtb-racing-team-2026-una-alianza-imbatible-con-inverse-y-un-nuevo-rugido-en-rojo\/","title":{"rendered":"Massi MTB Racing Team 2026: una alian\u00e7a imbatible amb Inverse i un nou rugit en vermell"},"content":{"rendered":"\n<figure class=\"wp-block-image size-large\"><img loading=\"lazy\" decoding=\"async\" width=\"1024\" height=\"683\" src=\"https:\/\/www.inverseteams.com\/wp-content\/uploads\/INVERSE-EQUIPO-CICLISMO-BTT-MASSI-2026-001-1024x683.jpg\" alt=\"\" class=\"wp-image-279898\" srcset=\"https:\/\/www.inverseteams.com\/wp-content\/uploads\/INVERSE-EQUIPO-CICLISMO-BTT-MASSI-2026-001-1024x683.jpg 1024w, https:\/\/www.inverseteams.com\/wp-content\/uploads\/INVERSE-EQUIPO-CICLISMO-BTT-MASSI-2026-001-300x200.jpg 300w, https:\/\/www.inverseteams.com\/wp-content\/uploads\/INVERSE-EQUIPO-CICLISMO-BTT-MASSI-2026-001-768x512.jpg 768w, https:\/\/www.inverseteams.com\/wp-content\/uploads\/INVERSE-EQUIPO-CICLISMO-BTT-MASSI-2026-001-1536x1024.jpg 1536w, https:\/\/www.inverseteams.com\/wp-content\/uploads\/INVERSE-EQUIPO-CICLISMO-BTT-MASSI-2026-001-420x280.jpg 420w, https:\/\/www.inverseteams.com\/wp-content\/uploads\/INVERSE-EQUIPO-CICLISMO-BTT-MASSI-2026-001-64x43.jpg 64w, https:\/\/www.inverseteams.com\/wp-content\/uploads\/INVERSE-EQUIPO-CICLISMO-BTT-MASSI-2026-001.jpg 1920w\" sizes=\"auto, (max-width: 1024px) 100vw, 1024px\" \/><\/figure>\n\n\n<div class=\"wrapper-heading\">\n<h2 class=\"wp-block-heading\">El m\u00f3n del mountain bike internacional es prepara per a una temporada vibrant. Despr\u00e9s d\u2019anys d\u2019\u00e8xits compartits, la uni\u00f3 entre Massi i Inverse es consolida el 2026 amb un equip renovat, objectius ambiciosos i una nova pell que ret homenatge a la identitat m\u00e9s pura de la veterana marca de bicicletes: el seu vermell corporatiu.<\/h2>\n<\/div>\n\n<div class=\"wrapper-heading\">\n<h3 class=\"wp-block-heading\">En aquest article explorem la nova plantilla del Massi MTB Racing Team, les innovacions en la seva equipaci\u00f3 t\u00e8cnica i per qu\u00e8 aquesta alian\u00e7a continua sent un referent al circuit UCI de Cross Country.<\/h3>\n<\/div>\n\n\n<figure class=\"wp-block-embed is-type-video is-provider-youtube wp-block-embed-youtube wp-embed-aspect-16-9 wp-has-aspect-ratio\"><div class=\"wp-block-embed__wrapper\">\n<iframe loading=\"lazy\" title=\"Massi MTB Racing Team 2026\" width=\"640\" height=\"360\" src=\"https:\/\/www.youtube.com\/embed\/xP7GvX9xwWQ?feature=oembed&#038;enablejsapi=1&#038;origin=https:\/\/www.inverseteams.com\" frameborder=\"0\" allow=\"accelerometer; autoplay; clipboard-write; encrypted-media; gyroscope; picture-in-picture; web-share\" referrerpolicy=\"strict-origin-when-cross-origin\" allowfullscreen><\/iframe>\n<\/div><\/figure>\n\n\n\n<figure class=\"wp-block-image size-large\"><img loading=\"lazy\" decoding=\"async\" width=\"1024\" height=\"683\" src=\"https:\/\/www.inverseteams.com\/wp-content\/uploads\/INVERSE-EQUIPO-CICLISMO-BTT-MASSI-2026-002-1024x683.jpg\" alt=\"\" class=\"wp-image-279903\" srcset=\"https:\/\/www.inverseteams.com\/wp-content\/uploads\/INVERSE-EQUIPO-CICLISMO-BTT-MASSI-2026-002-1024x683.jpg 1024w, https:\/\/www.inverseteams.com\/wp-content\/uploads\/INVERSE-EQUIPO-CICLISMO-BTT-MASSI-2026-002-300x200.jpg 300w, https:\/\/www.inverseteams.com\/wp-content\/uploads\/INVERSE-EQUIPO-CICLISMO-BTT-MASSI-2026-002-768x512.jpg 768w, https:\/\/www.inverseteams.com\/wp-content\/uploads\/INVERSE-EQUIPO-CICLISMO-BTT-MASSI-2026-002-1536x1024.jpg 1536w, https:\/\/www.inverseteams.com\/wp-content\/uploads\/INVERSE-EQUIPO-CICLISMO-BTT-MASSI-2026-002-420x280.jpg 420w, https:\/\/www.inverseteams.com\/wp-content\/uploads\/INVERSE-EQUIPO-CICLISMO-BTT-MASSI-2026-002-64x43.jpg 64w, https:\/\/www.inverseteams.com\/wp-content\/uploads\/INVERSE-EQUIPO-CICLISMO-BTT-MASSI-2026-002.jpg 1920w\" sizes=\"auto, (max-width: 1024px) 100vw, 1024px\" \/><\/figure>\n\n\n<div class=\"wrapper-heading\">\n<h3 class=\"wp-block-heading\"><strong>Una nova est\u00e8tica: el poder del vermell Massi<\/strong><\/h3>\n<\/div>\n\n\n<p>Si hi ha alguna cosa que crida l\u2019atenci\u00f3 en el primer contacte amb l\u2019equip aquest any \u00e9s el seu impacte visual. La <a href=\"https:\/\/www.inverseteams.com\/ca\/roba-de-ciclisme-personalitzada-en-4-setmanes\/?utm_source=Blog&#038;utm_medium=blog&#038;utm_campaign=BL-023%2F26+Massi+MTB+Racing+Team+2026+CAT&#038;utm_id=BL-023%2F26+Massi+MTB+Racing+Team+2026+CAT&#038;utm_term=Massi+MTB+Racing+Team+2026+CAT&#038;utm_content=Massi+MTB+Racing+Team+2026+CAT\" type=\"link\" id=\"https:\/\/www.inverseteams.com\/ca\/roba-de-ciclisme-personalitzada-en-4-setmanes\/?utm_source=Blog&amp;utm_medium=blog&amp;utm_campaign=BL-023%2F26+Massi+MTB+Racing+Team+2026+CAT&amp;utm_id=BL-023%2F26+Massi+MTB+Racing+Team+2026+CAT&amp;utm_term=Massi+MTB+Racing+Team+2026+CAT&amp;utm_content=Massi+MTB+Racing+Team+2026+CAT\">nova equipaci\u00f3 dissenyada per Inverse<\/a> fa un salt qualitatiu en disseny, <strong>integrant amb for\u00e7a el vermell corporatiu de <a href=\"https:\/\/www.massi.bike\/\" type=\"link\" id=\"https:\/\/www.massi.bike\/\">Massi<\/a>.<\/strong><\/p>\n\n\n\n<p>Aquest canvi no \u00e9s nom\u00e9s est\u00e8tic; representa la passi\u00f3, el dinamisme i l\u2019agressivitat competitiva que defineixen la marca. La combinaci\u00f3 amb els detalls t\u00e8cnics d\u2019alta gamma d\u2019Inverse garanteix que, a m\u00e9s de ser els m\u00e9s r\u00e0pids visualment, <strong>els corredors disposin de la millor aerodin\u00e0mica i transpirabilitat en cursa.<\/strong><\/p>\n\n\n\n<figure class=\"wp-block-image size-large\"><img loading=\"lazy\" decoding=\"async\" width=\"1024\" height=\"683\" src=\"https:\/\/www.inverseteams.com\/wp-content\/uploads\/INVERSE-EQUIPO-CICLISMO-BTT-MASSI-2026-003-1024x683.jpg\" alt=\"\" class=\"wp-image-279908\" srcset=\"https:\/\/www.inverseteams.com\/wp-content\/uploads\/INVERSE-EQUIPO-CICLISMO-BTT-MASSI-2026-003-1024x683.jpg 1024w, https:\/\/www.inverseteams.com\/wp-content\/uploads\/INVERSE-EQUIPO-CICLISMO-BTT-MASSI-2026-003-300x200.jpg 300w, https:\/\/www.inverseteams.com\/wp-content\/uploads\/INVERSE-EQUIPO-CICLISMO-BTT-MASSI-2026-003-768x512.jpg 768w, https:\/\/www.inverseteams.com\/wp-content\/uploads\/INVERSE-EQUIPO-CICLISMO-BTT-MASSI-2026-003-1536x1024.jpg 1536w, https:\/\/www.inverseteams.com\/wp-content\/uploads\/INVERSE-EQUIPO-CICLISMO-BTT-MASSI-2026-003-420x280.jpg 420w, https:\/\/www.inverseteams.com\/wp-content\/uploads\/INVERSE-EQUIPO-CICLISMO-BTT-MASSI-2026-003-64x43.jpg 64w, https:\/\/www.inverseteams.com\/wp-content\/uploads\/INVERSE-EQUIPO-CICLISMO-BTT-MASSI-2026-003.jpg 1920w\" sizes=\"auto, (max-width: 1024px) 100vw, 1024px\" \/><\/figure>\n\n\n<div class=\"wrapper-heading\">\n<h3 class=\"wp-block-heading\"><strong>El \u201cDream Team\u201d 2026: talent, joventut i experi\u00e8ncia<\/strong><\/h3>\n<\/div>\n\n\n<p>La plantilla del Massi MTB Racing Team per a aquesta temporada \u00e9s una de les m\u00e9s equilibrades i potents de la seva hist\u00f2ria, combinant figures consagrades de la Copa del M\u00f3n amb les promeses m\u00e9s brillants de l\u2019escena internacional.<\/p>\n\n\n<div class=\"wrapper-heading\">\n<h4 class=\"wp-block-heading\"><strong>Bloc \u00c8lit Mascul\u00ed<\/strong><\/h4>\n<\/div>\n\n\n<ul class=\"wp-block-list\">\n<li><strong>Gerardo Ulloa (28 anys):<\/strong> El referent mexic\u00e0 arriba amb un palmar\u00e8s envejable que inclou una vict\u00f2ria en Copa del M\u00f3n, 8 campionats continentals i 11 nacionals. \u00c9s la punta de llan\u00e7a per a les cites a Am\u00e8rica i les s\u00e8ries mundials.<\/li>\n\n\n\n<li><strong>Antoine Philipp (27 anys):<\/strong> El corredor franc\u00e8s, amb 6 podis en Copa del M\u00f3n, aporta la solidesa i la t\u00e8cnica necess\u00e0ries per brillar en els circuits europeus m\u00e9s exigents.<\/li>\n\n\n\n<li><strong>Mats Tubaas Glende (25 anys):<\/strong> El noruec continua demostrant la seva progressi\u00f3 ascendent, avalada per 2 podis en Copa del M\u00f3n i el seu domini en els campionats nacionals del seu pa\u00eds.<\/li>\n\n\n\n<li><strong>Jaume Bosch (24 anys):<\/strong> Un talent nacional que ja sap qu\u00e8 significa guanyar campionats d\u2019Espanya (XCE) i que busca consolidar-se en la categoria \u00c8lit internacional.<\/li>\n<\/ul>\n\n\n\n<figure class=\"wp-block-image size-large\"><img loading=\"lazy\" decoding=\"async\" width=\"1024\" height=\"683\" src=\"https:\/\/www.inverseteams.com\/wp-content\/uploads\/INVERSE-EQUIPO-CICLISMO-BTT-MASSI-2026-004-1024x683.jpg\" alt=\"\" class=\"wp-image-279913\" srcset=\"https:\/\/www.inverseteams.com\/wp-content\/uploads\/INVERSE-EQUIPO-CICLISMO-BTT-MASSI-2026-004-1024x683.jpg 1024w, https:\/\/www.inverseteams.com\/wp-content\/uploads\/INVERSE-EQUIPO-CICLISMO-BTT-MASSI-2026-004-300x200.jpg 300w, https:\/\/www.inverseteams.com\/wp-content\/uploads\/INVERSE-EQUIPO-CICLISMO-BTT-MASSI-2026-004-768x512.jpg 768w, https:\/\/www.inverseteams.com\/wp-content\/uploads\/INVERSE-EQUIPO-CICLISMO-BTT-MASSI-2026-004-1536x1024.jpg 1536w, https:\/\/www.inverseteams.com\/wp-content\/uploads\/INVERSE-EQUIPO-CICLISMO-BTT-MASSI-2026-004-420x280.jpg 420w, https:\/\/www.inverseteams.com\/wp-content\/uploads\/INVERSE-EQUIPO-CICLISMO-BTT-MASSI-2026-004-64x43.jpg 64w, https:\/\/www.inverseteams.com\/wp-content\/uploads\/INVERSE-EQUIPO-CICLISMO-BTT-MASSI-2026-004.jpg 1920w\" sizes=\"auto, (max-width: 1024px) 100vw, 1024px\" \/><\/figure>\n\n\n<div class=\"wrapper-heading\">\n<h4 class=\"wp-block-heading\"><strong>Bloc \u00c8lit Femen\u00ed<\/strong><\/h4>\n<\/div>\n\n\n<ul class=\"wp-block-list\">\n<li><strong>Yana Belomoina (32 anys):<\/strong> Una aut\u00e8ntica llegenda del MTB mundial. La corredora ucra\u00efnesa lidera l\u2019equip femen\u00ed amb 10 vict\u00f2ries i 34 podis en Copa del M\u00f3n, a m\u00e9s de m\u00faltiples t\u00edtols continentals i nacionals.<\/li>\n\n\n\n<li><strong>Monserrath Rodr\u00edguez (26 anys):<\/strong> L\u2019actual campiona continental aporta frescor i resultats consistents en les s\u00e8ries americanes i europees.<\/li>\n\n\n\n<li><strong>N\u00faria Bosch (26 anys):<\/strong> Una pe\u00e7a clau en l\u2019estructura nacional, amb un t\u00edtol estatal i una pres\u00e8ncia constant al podi de la Copa d\u2019Espanya i la Copa Catalana.<\/li>\n<\/ul>\n\n\n\n<figure class=\"wp-block-image size-large\"><img loading=\"lazy\" decoding=\"async\" width=\"1024\" height=\"683\" src=\"https:\/\/www.inverseteams.com\/wp-content\/uploads\/INVERSE-EQUIPO-CICLISMO-BTT-MASSI-2026-005-1024x683.jpg\" alt=\"\" class=\"wp-image-279918\" srcset=\"https:\/\/www.inverseteams.com\/wp-content\/uploads\/INVERSE-EQUIPO-CICLISMO-BTT-MASSI-2026-005-1024x683.jpg 1024w, https:\/\/www.inverseteams.com\/wp-content\/uploads\/INVERSE-EQUIPO-CICLISMO-BTT-MASSI-2026-005-300x200.jpg 300w, https:\/\/www.inverseteams.com\/wp-content\/uploads\/INVERSE-EQUIPO-CICLISMO-BTT-MASSI-2026-005-768x512.jpg 768w, https:\/\/www.inverseteams.com\/wp-content\/uploads\/INVERSE-EQUIPO-CICLISMO-BTT-MASSI-2026-005-1536x1024.jpg 1536w, https:\/\/www.inverseteams.com\/wp-content\/uploads\/INVERSE-EQUIPO-CICLISMO-BTT-MASSI-2026-005-420x280.jpg 420w, https:\/\/www.inverseteams.com\/wp-content\/uploads\/INVERSE-EQUIPO-CICLISMO-BTT-MASSI-2026-005-64x43.jpg 64w, https:\/\/www.inverseteams.com\/wp-content\/uploads\/INVERSE-EQUIPO-CICLISMO-BTT-MASSI-2026-005.jpg 1920w\" sizes=\"auto, (max-width: 1024px) 100vw, 1024px\" \/><\/figure>\n\n\n<div class=\"wrapper-heading\">\n<h4 class=\"wp-block-heading\"><strong>Les promeses Sub-23<\/strong><\/h4>\n<\/div>\n\n\n<p>El futur est\u00e0 assegurat amb dos noms que ja estan donant molt a parlar en la categoria U23:<\/p>\n\n\n\n<p>\u2022 <strong>Nathan Cornillon (21 anys):<\/strong> Un habitual als llocs d\u2019honor de la Copa de Fran\u00e7a i amb una gran actuaci\u00f3 a la Copa del M\u00f3n de Haute-Savoie.<\/p>\n\n\n\n<p>\u2022 <strong>Marta Cano (20 anys):<\/strong> Amb 2 podis en Copa del M\u00f3n i 5 t\u00edtols nacionals, Marta \u00e9s una de les ciclistes amb m\u00e9s projecci\u00f3 de l\u2019equip, destacant ja en proves \u00c8lit malgrat la seva joventut.<\/p>\n\n\n\n<figure class=\"wp-block-image size-large\"><img loading=\"lazy\" decoding=\"async\" width=\"1024\" height=\"683\" src=\"https:\/\/www.inverseteams.com\/wp-content\/uploads\/INVERSE-EQUIPO-CICLISMO-BTT-MASSI-2026-006-1024x683.jpg\" alt=\"\" class=\"wp-image-279923\" srcset=\"https:\/\/www.inverseteams.com\/wp-content\/uploads\/INVERSE-EQUIPO-CICLISMO-BTT-MASSI-2026-006-1024x683.jpg 1024w, https:\/\/www.inverseteams.com\/wp-content\/uploads\/INVERSE-EQUIPO-CICLISMO-BTT-MASSI-2026-006-300x200.jpg 300w, https:\/\/www.inverseteams.com\/wp-content\/uploads\/INVERSE-EQUIPO-CICLISMO-BTT-MASSI-2026-006-768x512.jpg 768w, https:\/\/www.inverseteams.com\/wp-content\/uploads\/INVERSE-EQUIPO-CICLISMO-BTT-MASSI-2026-006-1536x1024.jpg 1536w, https:\/\/www.inverseteams.com\/wp-content\/uploads\/INVERSE-EQUIPO-CICLISMO-BTT-MASSI-2026-006-420x280.jpg 420w, https:\/\/www.inverseteams.com\/wp-content\/uploads\/INVERSE-EQUIPO-CICLISMO-BTT-MASSI-2026-006-64x43.jpg 64w, https:\/\/www.inverseteams.com\/wp-content\/uploads\/INVERSE-EQUIPO-CICLISMO-BTT-MASSI-2026-006.jpg 1920w\" sizes=\"auto, (max-width: 1024px) 100vw, 1024px\" \/><\/figure>\n\n\n<div class=\"wrapper-heading\">\n<h3 class=\"wp-block-heading\"><strong>Inverse i Massi: tecnologia al servei del rendiment<\/strong><\/h3>\n<\/div>\n\n\n<p>Per assolir l\u2019\u00e8xit en disciplines tan exigents com l\u2019XCO (Cross Country Olympic) i l\u2019XCC (Short Track), <strong><a href=\"https:\/\/www.inverseteams.com\/ca\/roba-de-ciclisme-personalitzada-en-4-setmanes\/?utm_source=Blog&#038;utm_medium=blog&#038;utm_campaign=BL-023%2F26+Massi+MTB+Racing+Team+2026+CAT&#038;utm_id=BL-023%2F26+Massi+MTB+Racing+Team+2026+CAT&#038;utm_term=Massi+MTB+Racing+Team+2026+CAT&#038;utm_content=Massi+MTB+Racing+Team+2026+CAT\" type=\"link\" id=\"https:\/\/www.inverseteams.com\/ca\/roba-de-ciclisme-personalitzada-en-4-setmanes\/?utm_source=Blog&amp;utm_medium=blog&amp;utm_campaign=BL-023%2F26+Massi+MTB+Racing+Team+2026+CAT&amp;utm_id=BL-023%2F26+Massi+MTB+Racing+Team+2026+CAT&amp;utm_term=Massi+MTB+Racing+Team+2026+CAT&amp;utm_content=Massi+MTB+Racing+Team+2026+CAT\">la roba t\u00e8cnica t\u00e9 un paper crucial<\/a>.<\/strong> Inverse ha desenvolupat per a l\u2019equip 2026 peces que utilitzen <strong>teixits d\u2019\u00faltima generaci\u00f3<\/strong>, optimitzats per a condicions d\u2019intensitat m\u00e0xima.<\/p>\n\n\n\n<p>La nova equipaci\u00f3 no nom\u00e9s destaca pel seu vermell vibrant, sin\u00f3 tamb\u00e9 pel seu ajust ergon\u00f2mic que permet una llibertat total de moviments, essencial quan s\u2019afronten descensos t\u00e8cnics o ascensos explosius en circuits com els de la <strong>UCI MTB World Cup.<\/strong><\/p>\n\n\n\n<figure class=\"wp-block-image size-large\"><img loading=\"lazy\" decoding=\"async\" width=\"1024\" height=\"683\" src=\"https:\/\/www.inverseteams.com\/wp-content\/uploads\/INVERSE-EQUIPO-CICLISMO-BTT-MASSI-2026-007-1024x683.jpg\" alt=\"\" class=\"wp-image-279928\" srcset=\"https:\/\/www.inverseteams.com\/wp-content\/uploads\/INVERSE-EQUIPO-CICLISMO-BTT-MASSI-2026-007-1024x683.jpg 1024w, https:\/\/www.inverseteams.com\/wp-content\/uploads\/INVERSE-EQUIPO-CICLISMO-BTT-MASSI-2026-007-300x200.jpg 300w, https:\/\/www.inverseteams.com\/wp-content\/uploads\/INVERSE-EQUIPO-CICLISMO-BTT-MASSI-2026-007-768x512.jpg 768w, https:\/\/www.inverseteams.com\/wp-content\/uploads\/INVERSE-EQUIPO-CICLISMO-BTT-MASSI-2026-007-1536x1024.jpg 1536w, https:\/\/www.inverseteams.com\/wp-content\/uploads\/INVERSE-EQUIPO-CICLISMO-BTT-MASSI-2026-007-420x280.jpg 420w, https:\/\/www.inverseteams.com\/wp-content\/uploads\/INVERSE-EQUIPO-CICLISMO-BTT-MASSI-2026-007-64x43.jpg 64w, https:\/\/www.inverseteams.com\/wp-content\/uploads\/INVERSE-EQUIPO-CICLISMO-BTT-MASSI-2026-007.jpg 1920w\" sizes=\"auto, (max-width: 1024px) 100vw, 1024px\" \/><\/figure>\n\n\n<div class=\"wrapper-heading\">\n<h3 class=\"wp-block-heading\"><strong>Alian\u00e7a guanyadora<\/strong><\/h3>\n<\/div>\n\n\n<p><strong>El Massi MTB Racing Team 2026 no \u00e9s nom\u00e9s un equip: \u00e9s tota una declaraci\u00f3 d\u2019intencions<\/strong>. Amb el suport d\u2019Inverse, l\u2019esquadra es presenta com una aut\u00e8ntica alian\u00e7a guanyadora que uneix la s\u00f2lida tradici\u00f3 de la marca catalana Massi amb la innovaci\u00f3 t\u00e8xtil que Inverse ha desenvolupat i perfeccionat en els darrers anys.<\/p>\n\n\n\n<p>Aquesta temporada, el vermell deixa de ser \u00fanicament un color per convertir-se en el s\u00edmbol de l\u2019\u00e8xit a cada sender i a cada competici\u00f3 on participi l\u2019equip Massi.<\/p>\n\n\n\n<div class=\"wp-block-buttons is-layout-flex wp-block-buttons-is-layout-flex\">\n<div class=\"wp-block-button\"><a class=\"wp-block-button__link wp-element-button\" href=\"https:\/\/www.inverseteams.com\/ca\/roba-de-ciclisme-personalitzada-en-4-setmanes\/?utm_source=Blog&#038;utm_medium=blog&#038;utm_campaign=BL-023%2F26+Massi+MTB+Racing+Team+2026+CAT&#038;utm_id=BL-023%2F26+Massi+MTB+Racing+Team+2026+CAT&#038;utm_term=Massi+MTB+Racing+Team+2026+CAT&#038;utm_content=Massi+MTB+Racing+Team+2026+CAT\"><strong>Custom Cycling<\/strong><\/a><\/div>\n<\/div>\n\n\n\n<p><\/p>\n","protected":false},"excerpt":{"rendered":"<p>El m\u00f3n del mountain bike internacional es prepara per a una temporada vibrant. Despr\u00e9s d\u2019anys d\u2019\u00e8xits compartits, la uni\u00f3 entre Massi i Inverse es consolida el 2026 amb un equip renovat, objectius ambiciosos i una nova pell que ret homenatge a la identitat m\u00e9s pura de la veterana marca de bicicletes: el seu vermell corporatiu. [&hellip;]<\/p>\n","protected":false},"author":12,"featured_media":279899,"comment_status":"open","ping_status":"open","sticky":false,"template":"","format":"standard","meta":{"_acf_changed":false,"mc4wp_mailchimp_campaign":[],"footnotes":""},"categories":[186],"tags":[16812,22643,22811,22827,22843,18926,22796,22812,22828,22844,19018,22797,22813,22829,22845,19023,22798,22814,22830,22846,19030,22799,22815,22831,22847,19052,22800,22816,22832,22848,21204,22801,22817,22833,22849,21205,22802,22818,22834,22850,21220,22803,22819,22835,22851,21223,22804,22820,22836,22852,7785,21230,22805,22821,22837,22853,7787,22293,22806,22822,22838,22854,7788,22302,22807,22823,22839,22855,9788,22306,22808,22824,22840,10018,22353,22809,22825,22841,16682,22640,22810,22826,22842],"class_list":["post-279935","post","type-post","status-publish","format-standard","has-post-thumbnail","hentry","category-ciclisme","tag-vetements-cyclisme-personnalises-ca","tag-personalisierte-radsportbekleidung","tag-elite-mtb-fahrer","tag-equipo-mtb-massi","tag-mtb-world-cup","tag-ciclisme-de-muntanya-ca","tag-ciclisme-professional","tag-elite-mtb-riders","tag-equipo-profesional-mtb","tag-personalisierte-radtrikots","tag-roba-tecnica-ciclisme-ca","tag-ciclismo-de-montana","tag-equip-massi-2026","tag-massi-bikes-racing-team","tag-professional-mtb-team","tag-ropa-tecnica-ciclismo-ca","tag-ciclismo-profesional","tag-equip-mtb-internacional","tag-massi-bikes-team","tag-professionelles-mtb-team","tag-technische-radbekleidung-ca","tag-competicio-mtb","tag-equip-mtb-massi","tag-massi-mtb-racing-team","tag-riders-mtb","tag-vetements-techniques-cyclisme-ca","tag-competicion-mtb","tag-equip-professional-mtb","tag-mountain-bike-athletes","tag-technical-cycling-apparel","tag-inverse-cycling-apparel","tag-competition-vtt","tag-equipacio-mtb","tag-mountain-bike-racing","tag-uci-mtb-world-cup","tag-inverse-radsportbekleidung","tag-copa-del-mon-mtb","tag-equipacion-mtb","tag-mountainbike-athleten","tag-xcc-short-track","tag-roba-ciclisme-inverse","tag-copa-del-mundo-mtb","tag-equipe-massi-2026","tag-mountainbike-rennen","tag-xcc-short-track-vtt","tag-ropa-ciclismo-inverse","tag-coupe-du-monde-vtt","tag-equipe-mtb-massi","tag-mtb-competition-team","tag-xco-mountain-bike","tag-inverse-ciclismo-2-ca","tag-vetements-cyclisme-inverse","tag-coureurs-vtt","tag-equipe-professionnelle-vtt","tag-mtb-race-clothing","tag-xco-mountain-bike-racing","tag-ropa-ciclismo-personalizada-ca","tag-custom-cycling-kit","tag-cross-country-mountain-bike","tag-equipe-vtt-internationale","tag-mtb-racing-apparel","tag-xco-mountainbike-rennen","tag-roba-ciclisme-personalitzada-ca","tag-equipacio-ciclisme-personalitzada","tag-cross-country-mountainbike","tag-equipement-vtt-competition","tag-mtb-racing-team","tag-xco-vtt","tag-inverse-ciclisme-2-ca","tag-equipacion-ciclismo-personalizada","tag-cross-country-mtb","tag-equipement-vtt-racing","tag-mtb-rennteam","tag-massi-mtb-team-ca","tag-tenue-cyclisme-personnalisee","tag-cross-country-vtt","tag-equipo-massi-2026","tag-mtb-weltcup","tag-custom-cycling-clothing-ca","tag-mtb-rennbekleidung","tag-cyclisme-tout-terrain-2","tag-equipo-mtb-internacional","tag-mtb-wettkampfteam"],"acf":[],"yoast_head":"<!-- This site is optimized with the Yoast SEO plugin v27.3 - https:\/\/yoast.com\/product\/yoast-seo-wordpress\/ -->\n<title>Massi MTB Racing Team 2026: una alian\u00e7a imbatible amb Inverse i un nou rugit en vermell | Inverseteams<\/title>\n<meta name=\"description\" content=\"El m\u00f3n del mountain bike internacional es prepara per a una temporada vibrant. Despr\u00e9s d\u2019anys d\u2019\u00e8xits compartits, la uni\u00f3 entre Massi i Inverse es consolida el 2026 amb un equip renovat, objectius ambiciosos i una nova pell que ret homenatge a la identitat m\u00e9s pura de la veterana marca de bicicletes: el seu vermell corporatiu.\" \/>\n<meta name=\"robots\" content=\"index, follow, max-snippet:-1, max-image-preview:large, max-video-preview:-1\" \/>\n<link rel=\"canonical\" href=\"https:\/\/www.inverseteams.com\/ca\/blog\/massi-mtb-racing-team-2026-una-alianza-imbatible-con-inverse-y-un-nuevo-rugido-en-rojo\/\" \/>\n<meta property=\"og:locale\" content=\"ca_ES\" \/>\n<meta property=\"og:type\" content=\"article\" \/>\n<meta property=\"og:title\" content=\"Massi MTB Racing Team 2026: una alian\u00e7a imbatible amb Inverse i un nou rugit en vermell | Inverseteams\" \/>\n<meta property=\"og:description\" content=\"El m\u00f3n del mountain bike internacional es prepara per a una temporada vibrant. Despr\u00e9s d\u2019anys d\u2019\u00e8xits compartits, la uni\u00f3 entre Massi i Inverse es consolida el 2026 amb un equip renovat, objectius ambiciosos i una nova pell que ret homenatge a la identitat m\u00e9s pura de la veterana marca de bicicletes: el seu vermell corporatiu.\" \/>\n<meta property=\"og:url\" content=\"https:\/\/www.inverseteams.com\/ca\/blog\/massi-mtb-racing-team-2026-una-alianza-imbatible-con-inverse-y-un-nuevo-rugido-en-rojo\/\" \/>\n<meta property=\"og:site_name\" content=\"Inverseteams\" \/>\n<meta property=\"article:publisher\" content=\"https:\/\/www.facebook.com\/inverseteams\" \/>\n<meta property=\"article:published_time\" content=\"2026-03-13T10:10:45+00:00\" \/>\n<meta property=\"article:modified_time\" content=\"2026-03-13T10:44:56+00:00\" \/>\n<meta property=\"og:image\" content=\"https:\/\/www.inverseteams.com\/wp-content\/uploads\/INVERSE-EQUIPO-CICLISMO-BTT-MASSI-2026-001.jpg\" \/>\n\t<meta property=\"og:image:width\" content=\"1920\" \/>\n\t<meta property=\"og:image:height\" content=\"1280\" \/>\n\t<meta property=\"og:image:type\" content=\"image\/jpeg\" \/>\n<meta name=\"author\" content=\"xavier\" \/>\n<meta name=\"twitter:card\" content=\"summary_large_image\" \/>\n<meta name=\"twitter:label1\" content=\"Escrit per\" \/>\n\t<meta name=\"twitter:data1\" content=\"xavier\" \/>\n\t<meta name=\"twitter:label2\" content=\"Temps estimat de lectura\" \/>\n\t<meta name=\"twitter:data2\" content=\"5 minut\" \/>\n<script type=\"application\/ld+json\" class=\"yoast-schema-graph\">{\"@context\":\"https:\\\/\\\/schema.org\",\"@graph\":[{\"@type\":\"Article\",\"@id\":\"https:\\\/\\\/www.inverseteams.com\\\/ca\\\/blog\\\/massi-mtb-racing-team-2026-una-alianza-imbatible-con-inverse-y-un-nuevo-rugido-en-rojo\\\/#article\",\"isPartOf\":{\"@id\":\"https:\\\/\\\/www.inverseteams.com\\\/ca\\\/blog\\\/massi-mtb-racing-team-2026-una-alianza-imbatible-con-inverse-y-un-nuevo-rugido-en-rojo\\\/\"},\"author\":{\"name\":\"xavier\",\"@id\":\"https:\\\/\\\/www.inverseteams.com\\\/ca\\\/#\\\/schema\\\/person\\\/8e9cda76b6449aea55a18c6b0f3a15f1\"},\"headline\":\"Massi MTB Racing Team 2026: una alian\u00e7a imbatible amb Inverse i un nou rugit en vermell\",\"datePublished\":\"2026-03-13T10:10:45+00:00\",\"dateModified\":\"2026-03-13T10:44:56+00:00\",\"mainEntityOfPage\":{\"@id\":\"https:\\\/\\\/www.inverseteams.com\\\/ca\\\/blog\\\/massi-mtb-racing-team-2026-una-alianza-imbatible-con-inverse-y-un-nuevo-rugido-en-rojo\\\/\"},\"wordCount\":796,\"commentCount\":0,\"publisher\":{\"@id\":\"https:\\\/\\\/www.inverseteams.com\\\/ca\\\/#organization\"},\"image\":{\"@id\":\"https:\\\/\\\/www.inverseteams.com\\\/ca\\\/blog\\\/massi-mtb-racing-team-2026-una-alianza-imbatible-con-inverse-y-un-nuevo-rugido-en-rojo\\\/#primaryimage\"},\"thumbnailUrl\":\"https:\\\/\\\/www.inverseteams.com\\\/wp-content\\\/uploads\\\/INVERSE-EQUIPO-CICLISMO-BTT-MASSI-2026-001.jpg\",\"keywords\":[\"v\u00eatements cyclisme personnalis\u00e9s\",\"personalisierte Radsportbekleidung\",\"Elite MTB Fahrer\",\"equipo MTB Massi\",\"MTB World Cup\",\"ciclisme de muntanya\",\"ciclisme professional\",\"elite MTB riders\",\"equipo profesional MTB\",\"personalisierte Radtrikots\",\"roba t\u00e8cnica ciclisme\",\"ciclismo de monta\u00f1a\",\"equip Massi 2026\",\"Massi bikes racing team\",\"professional MTB team\",\"ropa t\u00e9cnica ciclismo\",\"ciclismo profesional\",\"equip MTB internacional\",\"Massi Bikes Team\",\"professionelles MTB Team\",\"technische Radbekleidung\",\"competici\u00f3 MTB\",\"equip MTB Massi\",\"Massi MTB Racing Team\",\"riders MTB\",\"v\u00eatements techniques cyclisme\",\"competici\u00f3n MTB\",\"equip professional MTB\",\"mountain bike athletes\",\"technical cycling apparel\",\"Inverse Cycling Apparel\",\"comp\u00e9tition VTT\",\"equipaci\u00f3 MTB\",\"mountain bike racing\",\"UCI MTB World Cup\",\"Inverse Radsportbekleidung\",\"Copa del M\u00f3n MTB\",\"equipaci\u00f3n MTB\",\"Mountainbike Athleten\",\"XCC short track\",\"Roba Ciclisme Inverse\",\"Copa del Mundo MTB\",\"\u00e9quipe Massi 2026\",\"Mountainbike Rennen\",\"XCC short track VTT\",\"Ropa Ciclismo Inverse\",\"Coupe du Monde VTT\",\"\u00e9quipe MTB Massi\",\"MTB competition team\",\"XCO mountain bike\",\"inverse ciclismo\",\"V\u00eatements Cyclisme Inverse\",\"coureurs VTT\",\"\u00e9quipe professionnelle VTT\",\"MTB race clothing\",\"XCO mountain bike racing\",\"ropa ciclismo personalizada\",\"custom cycling kit\",\"cross country mountain bike\",\"\u00e9quipe VTT internationale\",\"MTB racing apparel\",\"XCO Mountainbike Rennen\",\"roba ciclisme personalitzada\",\"equipaci\u00f3 ciclisme personalitzada\",\"Cross Country Mountainbike\",\"\u00e9quipement VTT comp\u00e9tition\",\"MTB racing team\",\"XCO VTT\",\"inverse ciclisme\",\"equipaci\u00f3n ciclismo personalizada\",\"Cross Country MTB\",\"\u00e9quipement VTT racing\",\"MTB Rennteam\",\"Massi MTB team\",\"tenue cyclisme personnalis\u00e9e\",\"cross country VTT\",\"equipo Massi 2026\",\"MTB Weltcup\",\"custom cycling clothing\",\"MTB Rennbekleidung\",\"cyclisme tout terrain\",\"equipo MTB internacional\",\"MTB Wettkampfteam\"],\"articleSection\":[\"Ciclisme\"],\"inLanguage\":\"ca\",\"potentialAction\":[{\"@type\":\"CommentAction\",\"name\":\"Comment\",\"target\":[\"https:\\\/\\\/www.inverseteams.com\\\/ca\\\/blog\\\/massi-mtb-racing-team-2026-una-alianza-imbatible-con-inverse-y-un-nuevo-rugido-en-rojo\\\/#respond\"]}]},{\"@type\":\"WebPage\",\"@id\":\"https:\\\/\\\/www.inverseteams.com\\\/ca\\\/blog\\\/massi-mtb-racing-team-2026-una-alianza-imbatible-con-inverse-y-un-nuevo-rugido-en-rojo\\\/\",\"url\":\"https:\\\/\\\/www.inverseteams.com\\\/ca\\\/blog\\\/massi-mtb-racing-team-2026-una-alianza-imbatible-con-inverse-y-un-nuevo-rugido-en-rojo\\\/\",\"name\":\"Massi MTB Racing Team 2026: una alian\u00e7a imbatible amb Inverse i un nou rugit en vermell | Inverseteams\",\"isPartOf\":{\"@id\":\"https:\\\/\\\/www.inverseteams.com\\\/ca\\\/#website\"},\"primaryImageOfPage\":{\"@id\":\"https:\\\/\\\/www.inverseteams.com\\\/ca\\\/blog\\\/massi-mtb-racing-team-2026-una-alianza-imbatible-con-inverse-y-un-nuevo-rugido-en-rojo\\\/#primaryimage\"},\"image\":{\"@id\":\"https:\\\/\\\/www.inverseteams.com\\\/ca\\\/blog\\\/massi-mtb-racing-team-2026-una-alianza-imbatible-con-inverse-y-un-nuevo-rugido-en-rojo\\\/#primaryimage\"},\"thumbnailUrl\":\"https:\\\/\\\/www.inverseteams.com\\\/wp-content\\\/uploads\\\/INVERSE-EQUIPO-CICLISMO-BTT-MASSI-2026-001.jpg\",\"datePublished\":\"2026-03-13T10:10:45+00:00\",\"dateModified\":\"2026-03-13T10:44:56+00:00\",\"description\":\"El m\u00f3n del mountain bike internacional es prepara per a una temporada vibrant. Despr\u00e9s d\u2019anys d\u2019\u00e8xits compartits, la uni\u00f3 entre Massi i Inverse es consolida el 2026 amb un equip renovat, objectius ambiciosos i una nova pell que ret homenatge a la identitat m\u00e9s pura de la veterana marca de bicicletes: el seu vermell corporatiu.\",\"breadcrumb\":{\"@id\":\"https:\\\/\\\/www.inverseteams.com\\\/ca\\\/blog\\\/massi-mtb-racing-team-2026-una-alianza-imbatible-con-inverse-y-un-nuevo-rugido-en-rojo\\\/#breadcrumb\"},\"inLanguage\":\"ca\",\"potentialAction\":[{\"@type\":\"ReadAction\",\"target\":[\"https:\\\/\\\/www.inverseteams.com\\\/ca\\\/blog\\\/massi-mtb-racing-team-2026-una-alianza-imbatible-con-inverse-y-un-nuevo-rugido-en-rojo\\\/\"]}]},{\"@type\":\"ImageObject\",\"inLanguage\":\"ca\",\"@id\":\"https:\\\/\\\/www.inverseteams.com\\\/ca\\\/blog\\\/massi-mtb-racing-team-2026-una-alianza-imbatible-con-inverse-y-un-nuevo-rugido-en-rojo\\\/#primaryimage\",\"url\":\"https:\\\/\\\/www.inverseteams.com\\\/wp-content\\\/uploads\\\/INVERSE-EQUIPO-CICLISMO-BTT-MASSI-2026-001.jpg\",\"contentUrl\":\"https:\\\/\\\/www.inverseteams.com\\\/wp-content\\\/uploads\\\/INVERSE-EQUIPO-CICLISMO-BTT-MASSI-2026-001.jpg\",\"width\":1920,\"height\":1280},{\"@type\":\"BreadcrumbList\",\"@id\":\"https:\\\/\\\/www.inverseteams.com\\\/ca\\\/blog\\\/massi-mtb-racing-team-2026-una-alianza-imbatible-con-inverse-y-un-nuevo-rugido-en-rojo\\\/#breadcrumb\",\"itemListElement\":[{\"@type\":\"ListItem\",\"position\":1,\"name\":\"Portada\",\"item\":\"https:\\\/\\\/www.inverseteams.com\\\/ca\\\/pagina-principal\\\/\"},{\"@type\":\"ListItem\",\"position\":2,\"name\":\"Massi MTB Racing Team 2026: una alian\u00e7a imbatible amb Inverse i un nou rugit en vermell\"}]},{\"@type\":\"WebSite\",\"@id\":\"https:\\\/\\\/www.inverseteams.com\\\/ca\\\/#website\",\"url\":\"https:\\\/\\\/www.inverseteams.com\\\/ca\\\/\",\"name\":\"Inverseteams\",\"description\":\"Tu marca de ropa deportiva personalizada\",\"publisher\":{\"@id\":\"https:\\\/\\\/www.inverseteams.com\\\/ca\\\/#organization\"},\"potentialAction\":[{\"@type\":\"SearchAction\",\"target\":{\"@type\":\"EntryPoint\",\"urlTemplate\":\"https:\\\/\\\/www.inverseteams.com\\\/ca\\\/?s={search_term_string}\"},\"query-input\":{\"@type\":\"PropertyValueSpecification\",\"valueRequired\":true,\"valueName\":\"search_term_string\"}}],\"inLanguage\":\"ca\"},{\"@type\":\"Organization\",\"@id\":\"https:\\\/\\\/www.inverseteams.com\\\/ca\\\/#organization\",\"name\":\"Inverse Teams\",\"url\":\"https:\\\/\\\/www.inverseteams.com\\\/ca\\\/\",\"logo\":{\"@type\":\"ImageObject\",\"inLanguage\":\"ca\",\"@id\":\"https:\\\/\\\/www.inverseteams.com\\\/ca\\\/#\\\/schema\\\/logo\\\/image\\\/\",\"url\":\"https:\\\/\\\/www.inverseteams.com\\\/wp-content\\\/uploads\\\/2021\\\/03\\\/logo-inverse-teams.png\",\"contentUrl\":\"https:\\\/\\\/www.inverseteams.com\\\/wp-content\\\/uploads\\\/2021\\\/03\\\/logo-inverse-teams.png\",\"width\":294,\"height\":99,\"caption\":\"Inverse Teams\"},\"image\":{\"@id\":\"https:\\\/\\\/www.inverseteams.com\\\/ca\\\/#\\\/schema\\\/logo\\\/image\\\/\"},\"sameAs\":[\"https:\\\/\\\/www.facebook.com\\\/inverseteams\",\"http:\\\/\\\/instagram.com\\\/inverseteams\",\"https:\\\/\\\/www.linkedin.com\\\/company\\\/inverse-cirosport-s-l-?trk=job_view_topcard_company_name\",\"http:\\\/\\\/www.pinterest.com\\\/inverseteams\\\/\",\"http:\\\/\\\/www.youtube.com\\\/user\\\/inverseteams?feature=watch\"]},{\"@type\":\"Person\",\"@id\":\"https:\\\/\\\/www.inverseteams.com\\\/ca\\\/#\\\/schema\\\/person\\\/8e9cda76b6449aea55a18c6b0f3a15f1\",\"name\":\"xavier\",\"image\":{\"@type\":\"ImageObject\",\"inLanguage\":\"ca\",\"@id\":\"https:\\\/\\\/secure.gravatar.com\\\/avatar\\\/602b199a1f28e97d83ab3a8bcb642260f5afd77cb09704889d85ddd70643cddb?s=96&d=mm&r=g\",\"url\":\"https:\\\/\\\/secure.gravatar.com\\\/avatar\\\/602b199a1f28e97d83ab3a8bcb642260f5afd77cb09704889d85ddd70643cddb?s=96&d=mm&r=g\",\"contentUrl\":\"https:\\\/\\\/secure.gravatar.com\\\/avatar\\\/602b199a1f28e97d83ab3a8bcb642260f5afd77cb09704889d85ddd70643cddb?s=96&d=mm&r=g\",\"caption\":\"xavier\"}}]}<\/script>\n<!-- \/ Yoast SEO plugin. -->","yoast_head_json":{"title":"Massi MTB Racing Team 2026: una alian\u00e7a imbatible amb Inverse i un nou rugit en vermell | Inverseteams","description":"El m\u00f3n del mountain bike internacional es prepara per a una temporada vibrant. Despr\u00e9s d\u2019anys d\u2019\u00e8xits compartits, la uni\u00f3 entre Massi i Inverse es consolida el 2026 amb un equip renovat, objectius ambiciosos i una nova pell que ret homenatge a la identitat m\u00e9s pura de la veterana marca de bicicletes: el seu vermell corporatiu.","robots":{"index":"index","follow":"follow","max-snippet":"max-snippet:-1","max-image-preview":"max-image-preview:large","max-video-preview":"max-video-preview:-1"},"canonical":"https:\/\/www.inverseteams.com\/ca\/blog\/massi-mtb-racing-team-2026-una-alianza-imbatible-con-inverse-y-un-nuevo-rugido-en-rojo\/","og_locale":"ca_ES","og_type":"article","og_title":"Massi MTB Racing Team 2026: una alian\u00e7a imbatible amb Inverse i un nou rugit en vermell | Inverseteams","og_description":"El m\u00f3n del mountain bike internacional es prepara per a una temporada vibrant. Despr\u00e9s d\u2019anys d\u2019\u00e8xits compartits, la uni\u00f3 entre Massi i Inverse es consolida el 2026 amb un equip renovat, objectius ambiciosos i una nova pell que ret homenatge a la identitat m\u00e9s pura de la veterana marca de bicicletes: el seu vermell corporatiu.","og_url":"https:\/\/www.inverseteams.com\/ca\/blog\/massi-mtb-racing-team-2026-una-alianza-imbatible-con-inverse-y-un-nuevo-rugido-en-rojo\/","og_site_name":"Inverseteams","article_publisher":"https:\/\/www.facebook.com\/inverseteams","article_published_time":"2026-03-13T10:10:45+00:00","article_modified_time":"2026-03-13T10:44:56+00:00","og_image":[{"width":1920,"height":1280,"url":"https:\/\/www.inverseteams.com\/wp-content\/uploads\/INVERSE-EQUIPO-CICLISMO-BTT-MASSI-2026-001.jpg","type":"image\/jpeg"}],"author":"xavier","twitter_card":"summary_large_image","twitter_misc":{"Escrit per":"xavier","Temps estimat de lectura":"5 minut"},"schema":{"@context":"https:\/\/schema.org","@graph":[{"@type":"Article","@id":"https:\/\/www.inverseteams.com\/ca\/blog\/massi-mtb-racing-team-2026-una-alianza-imbatible-con-inverse-y-un-nuevo-rugido-en-rojo\/#article","isPartOf":{"@id":"https:\/\/www.inverseteams.com\/ca\/blog\/massi-mtb-racing-team-2026-una-alianza-imbatible-con-inverse-y-un-nuevo-rugido-en-rojo\/"},"author":{"name":"xavier","@id":"https:\/\/www.inverseteams.com\/ca\/#\/schema\/person\/8e9cda76b6449aea55a18c6b0f3a15f1"},"headline":"Massi MTB Racing Team 2026: una alian\u00e7a imbatible amb Inverse i un nou rugit en vermell","datePublished":"2026-03-13T10:10:45+00:00","dateModified":"2026-03-13T10:44:56+00:00","mainEntityOfPage":{"@id":"https:\/\/www.inverseteams.com\/ca\/blog\/massi-mtb-racing-team-2026-una-alianza-imbatible-con-inverse-y-un-nuevo-rugido-en-rojo\/"},"wordCount":796,"commentCount":0,"publisher":{"@id":"https:\/\/www.inverseteams.com\/ca\/#organization"},"image":{"@id":"https:\/\/www.inverseteams.com\/ca\/blog\/massi-mtb-racing-team-2026-una-alianza-imbatible-con-inverse-y-un-nuevo-rugido-en-rojo\/#primaryimage"},"thumbnailUrl":"https:\/\/www.inverseteams.com\/wp-content\/uploads\/INVERSE-EQUIPO-CICLISMO-BTT-MASSI-2026-001.jpg","keywords":["v\u00eatements cyclisme personnalis\u00e9s","personalisierte Radsportbekleidung","Elite MTB Fahrer","equipo MTB Massi","MTB World Cup","ciclisme de muntanya","ciclisme professional","elite MTB riders","equipo profesional MTB","personalisierte Radtrikots","roba t\u00e8cnica ciclisme","ciclismo de monta\u00f1a","equip Massi 2026","Massi bikes racing team","professional MTB team","ropa t\u00e9cnica ciclismo","ciclismo profesional","equip MTB internacional","Massi Bikes Team","professionelles MTB Team","technische Radbekleidung","competici\u00f3 MTB","equip MTB Massi","Massi MTB Racing Team","riders MTB","v\u00eatements techniques cyclisme","competici\u00f3n MTB","equip professional MTB","mountain bike athletes","technical cycling apparel","Inverse Cycling Apparel","comp\u00e9tition VTT","equipaci\u00f3 MTB","mountain bike racing","UCI MTB World Cup","Inverse Radsportbekleidung","Copa del M\u00f3n MTB","equipaci\u00f3n MTB","Mountainbike Athleten","XCC short track","Roba Ciclisme Inverse","Copa del Mundo MTB","\u00e9quipe Massi 2026","Mountainbike Rennen","XCC short track VTT","Ropa Ciclismo Inverse","Coupe du Monde VTT","\u00e9quipe MTB Massi","MTB competition team","XCO mountain bike","inverse ciclismo","V\u00eatements Cyclisme Inverse","coureurs VTT","\u00e9quipe professionnelle VTT","MTB race clothing","XCO mountain bike racing","ropa ciclismo personalizada","custom cycling kit","cross country mountain bike","\u00e9quipe VTT internationale","MTB racing apparel","XCO Mountainbike Rennen","roba ciclisme personalitzada","equipaci\u00f3 ciclisme personalitzada","Cross Country Mountainbike","\u00e9quipement VTT comp\u00e9tition","MTB racing team","XCO VTT","inverse ciclisme","equipaci\u00f3n ciclismo personalizada","Cross Country MTB","\u00e9quipement VTT racing","MTB Rennteam","Massi MTB team","tenue cyclisme personnalis\u00e9e","cross country VTT","equipo Massi 2026","MTB Weltcup","custom cycling clothing","MTB Rennbekleidung","cyclisme tout terrain","equipo MTB internacional","MTB Wettkampfteam"],"articleSection":["Ciclisme"],"inLanguage":"ca","potentialAction":[{"@type":"CommentAction","name":"Comment","target":["https:\/\/www.inverseteams.com\/ca\/blog\/massi-mtb-racing-team-2026-una-alianza-imbatible-con-inverse-y-un-nuevo-rugido-en-rojo\/#respond"]}]},{"@type":"WebPage","@id":"https:\/\/www.inverseteams.com\/ca\/blog\/massi-mtb-racing-team-2026-una-alianza-imbatible-con-inverse-y-un-nuevo-rugido-en-rojo\/","url":"https:\/\/www.inverseteams.com\/ca\/blog\/massi-mtb-racing-team-2026-una-alianza-imbatible-con-inverse-y-un-nuevo-rugido-en-rojo\/","name":"Massi MTB Racing Team 2026: una alian\u00e7a imbatible amb Inverse i un nou rugit en vermell | Inverseteams","isPartOf":{"@id":"https:\/\/www.inverseteams.com\/ca\/#website"},"primaryImageOfPage":{"@id":"https:\/\/www.inverseteams.com\/ca\/blog\/massi-mtb-racing-team-2026-una-alianza-imbatible-con-inverse-y-un-nuevo-rugido-en-rojo\/#primaryimage"},"image":{"@id":"https:\/\/www.inverseteams.com\/ca\/blog\/massi-mtb-racing-team-2026-una-alianza-imbatible-con-inverse-y-un-nuevo-rugido-en-rojo\/#primaryimage"},"thumbnailUrl":"https:\/\/www.inverseteams.com\/wp-content\/uploads\/INVERSE-EQUIPO-CICLISMO-BTT-MASSI-2026-001.jpg","datePublished":"2026-03-13T10:10:45+00:00","dateModified":"2026-03-13T10:44:56+00:00","description":"El m\u00f3n del mountain bike internacional es prepara per a una temporada vibrant. Despr\u00e9s d\u2019anys d\u2019\u00e8xits compartits, la uni\u00f3 entre Massi i Inverse es consolida el 2026 amb un equip renovat, objectius ambiciosos i una nova pell que ret homenatge a la identitat m\u00e9s pura de la veterana marca de bicicletes: el seu vermell corporatiu.","breadcrumb":{"@id":"https:\/\/www.inverseteams.com\/ca\/blog\/massi-mtb-racing-team-2026-una-alianza-imbatible-con-inverse-y-un-nuevo-rugido-en-rojo\/#breadcrumb"},"inLanguage":"ca","potentialAction":[{"@type":"ReadAction","target":["https:\/\/www.inverseteams.com\/ca\/blog\/massi-mtb-racing-team-2026-una-alianza-imbatible-con-inverse-y-un-nuevo-rugido-en-rojo\/"]}]},{"@type":"ImageObject","inLanguage":"ca","@id":"https:\/\/www.inverseteams.com\/ca\/blog\/massi-mtb-racing-team-2026-una-alianza-imbatible-con-inverse-y-un-nuevo-rugido-en-rojo\/#primaryimage","url":"https:\/\/www.inverseteams.com\/wp-content\/uploads\/INVERSE-EQUIPO-CICLISMO-BTT-MASSI-2026-001.jpg","contentUrl":"https:\/\/www.inverseteams.com\/wp-content\/uploads\/INVERSE-EQUIPO-CICLISMO-BTT-MASSI-2026-001.jpg","width":1920,"height":1280},{"@type":"BreadcrumbList","@id":"https:\/\/www.inverseteams.com\/ca\/blog\/massi-mtb-racing-team-2026-una-alianza-imbatible-con-inverse-y-un-nuevo-rugido-en-rojo\/#breadcrumb","itemListElement":[{"@type":"ListItem","position":1,"name":"Portada","item":"https:\/\/www.inverseteams.com\/ca\/pagina-principal\/"},{"@type":"ListItem","position":2,"name":"Massi MTB Racing Team 2026: una alian\u00e7a imbatible amb Inverse i un nou rugit en vermell"}]},{"@type":"WebSite","@id":"https:\/\/www.inverseteams.com\/ca\/#website","url":"https:\/\/www.inverseteams.com\/ca\/","name":"Inverseteams","description":"Tu marca de ropa deportiva personalizada","publisher":{"@id":"https:\/\/www.inverseteams.com\/ca\/#organization"},"potentialAction":[{"@type":"SearchAction","target":{"@type":"EntryPoint","urlTemplate":"https:\/\/www.inverseteams.com\/ca\/?s={search_term_string}"},"query-input":{"@type":"PropertyValueSpecification","valueRequired":true,"valueName":"search_term_string"}}],"inLanguage":"ca"},{"@type":"Organization","@id":"https:\/\/www.inverseteams.com\/ca\/#organization","name":"Inverse Teams","url":"https:\/\/www.inverseteams.com\/ca\/","logo":{"@type":"ImageObject","inLanguage":"ca","@id":"https:\/\/www.inverseteams.com\/ca\/#\/schema\/logo\/image\/","url":"https:\/\/www.inverseteams.com\/wp-content\/uploads\/2021\/03\/logo-inverse-teams.png","contentUrl":"https:\/\/www.inverseteams.com\/wp-content\/uploads\/2021\/03\/logo-inverse-teams.png","width":294,"height":99,"caption":"Inverse Teams"},"image":{"@id":"https:\/\/www.inverseteams.com\/ca\/#\/schema\/logo\/image\/"},"sameAs":["https:\/\/www.facebook.com\/inverseteams","http:\/\/instagram.com\/inverseteams","https:\/\/www.linkedin.com\/company\/inverse-cirosport-s-l-?trk=job_view_topcard_company_name","http:\/\/www.pinterest.com\/inverseteams\/","http:\/\/www.youtube.com\/user\/inverseteams?feature=watch"]},{"@type":"Person","@id":"https:\/\/www.inverseteams.com\/ca\/#\/schema\/person\/8e9cda76b6449aea55a18c6b0f3a15f1","name":"xavier","image":{"@type":"ImageObject","inLanguage":"ca","@id":"https:\/\/secure.gravatar.com\/avatar\/602b199a1f28e97d83ab3a8bcb642260f5afd77cb09704889d85ddd70643cddb?s=96&d=mm&r=g","url":"https:\/\/secure.gravatar.com\/avatar\/602b199a1f28e97d83ab3a8bcb642260f5afd77cb09704889d85ddd70643cddb?s=96&d=mm&r=g","contentUrl":"https:\/\/secure.gravatar.com\/avatar\/602b199a1f28e97d83ab3a8bcb642260f5afd77cb09704889d85ddd70643cddb?s=96&d=mm&r=g","caption":"xavier"}}]}},"_links":{"self":[{"href":"https:\/\/www.inverseteams.com\/ca\/wp-json\/wp\/v2\/posts\/279935","targetHints":{"allow":["GET"]}}],"collection":[{"href":"https:\/\/www.inverseteams.com\/ca\/wp-json\/wp\/v2\/posts"}],"about":[{"href":"https:\/\/www.inverseteams.com\/ca\/wp-json\/wp\/v2\/types\/post"}],"author":[{"embeddable":true,"href":"https:\/\/www.inverseteams.com\/ca\/wp-json\/wp\/v2\/users\/12"}],"replies":[{"embeddable":true,"href":"https:\/\/www.inverseteams.com\/ca\/wp-json\/wp\/v2\/comments?post=279935"}],"version-history":[{"count":0,"href":"https:\/\/www.inverseteams.com\/ca\/wp-json\/wp\/v2\/posts\/279935\/revisions"}],"wp:featuredmedia":[{"embeddable":true,"href":"https:\/\/www.inverseteams.com\/ca\/wp-json\/wp\/v2\/media\/279899"}],"wp:attachment":[{"href":"https:\/\/www.inverseteams.com\/ca\/wp-json\/wp\/v2\/media?parent=279935"}],"wp:term":[{"taxonomy":"category","embeddable":true,"href":"https:\/\/www.inverseteams.com\/ca\/wp-json\/wp\/v2\/categories?post=279935"},{"taxonomy":"post_tag","embeddable":true,"href":"https:\/\/www.inverseteams.com\/ca\/wp-json\/wp\/v2\/tags?post=279935"}],"curies":[{"name":"wp","href":"https:\/\/api.w.org\/{rel}","templated":true}]}}