{"id":261853,"date":"2025-06-18T10:54:27","date_gmt":"2025-06-18T10:54:27","guid":{"rendered":"https:\/\/www.inverseteams.com\/blog\/inverse-y-bixs-far_out-cycling-una-alianza-estrategica-para-conquistar-el-universo-gravel\/"},"modified":"2025-06-18T12:03:16","modified_gmt":"2025-06-18T12:03:16","slug":"inverse-y-bixs-far_out-cycling-una-alianza-estrategica-para-conquistar-el-universo-gravel","status":"publish","type":"post","link":"https:\/\/www.inverseteams.com\/ca\/blog\/inverse-y-bixs-far_out-cycling-una-alianza-estrategica-para-conquistar-el-universo-gravel\/","title":{"rendered":"Inverse i BIXS Far_Out Cycling: una alian\u00e7a estrat\u00e8gica per conquerir l\u2019univers gravel"},"content":{"rendered":"\n<figure class=\"wp-block-image size-large\"><img loading=\"lazy\" decoding=\"async\" width=\"1024\" height=\"683\" src=\"https:\/\/www.inverseteams.com\/wp-content\/uploads\/INVERSE-BIXS-FAR-OUT-CYCLING-GRAVEL-CUSTOM-001-1024x683.jpg\" alt=\"\" class=\"wp-image-261808\" srcset=\"https:\/\/www.inverseteams.com\/wp-content\/uploads\/INVERSE-BIXS-FAR-OUT-CYCLING-GRAVEL-CUSTOM-001-1024x683.jpg 1024w, https:\/\/www.inverseteams.com\/wp-content\/uploads\/INVERSE-BIXS-FAR-OUT-CYCLING-GRAVEL-CUSTOM-001-300x200.jpg 300w, https:\/\/www.inverseteams.com\/wp-content\/uploads\/INVERSE-BIXS-FAR-OUT-CYCLING-GRAVEL-CUSTOM-001-768x512.jpg 768w, https:\/\/www.inverseteams.com\/wp-content\/uploads\/INVERSE-BIXS-FAR-OUT-CYCLING-GRAVEL-CUSTOM-001-1536x1024.jpg 1536w, https:\/\/www.inverseteams.com\/wp-content\/uploads\/INVERSE-BIXS-FAR-OUT-CYCLING-GRAVEL-CUSTOM-001-420x280.jpg 420w, https:\/\/www.inverseteams.com\/wp-content\/uploads\/INVERSE-BIXS-FAR-OUT-CYCLING-GRAVEL-CUSTOM-001-64x43.jpg 64w, https:\/\/www.inverseteams.com\/wp-content\/uploads\/INVERSE-BIXS-FAR-OUT-CYCLING-GRAVEL-CUSTOM-001.jpg 1920w\" sizes=\"auto, (max-width: 1024px) 100vw, 1024px\" \/><\/figure>\n\n\n<div class=\"wrapper-heading\">\n<h2 class=\"wp-block-heading\">El gravel no \u00e9s nom\u00e9s una disciplina en auge: \u00e9s una filosofia de vida sobre dues rodes que connecta aventura, rendiment i llibertat.<\/h2>\n<\/div>\n\n<div class=\"wrapper-heading\">\n<h3 class=\"wp-block-heading\">A Inverse, sempre hem apostat per noves maneres d\u2019entendre el ciclisme, i per aix\u00f2 vestir l\u2019equip BIXS Far_Out Cycling representa un pas estrat\u00e8gic en la nostra expansi\u00f3 dins el m\u00f3n del gravel competitiu i del disseny de roba de gravel personalitzada i de col\u00b7lecci\u00f3.<\/h3>\n<\/div>\n\n\n<figure class=\"wp-block-image size-large\"><img loading=\"lazy\" decoding=\"async\" width=\"1024\" height=\"683\" src=\"https:\/\/www.inverseteams.com\/wp-content\/uploads\/INVERSE-BIXS-FAR-OUT-CYCLING-GRAVEL-CUSTOM-002-1024x683.jpg\" alt=\"\" class=\"wp-image-261813\" srcset=\"https:\/\/www.inverseteams.com\/wp-content\/uploads\/INVERSE-BIXS-FAR-OUT-CYCLING-GRAVEL-CUSTOM-002-1024x683.jpg 1024w, https:\/\/www.inverseteams.com\/wp-content\/uploads\/INVERSE-BIXS-FAR-OUT-CYCLING-GRAVEL-CUSTOM-002-300x200.jpg 300w, https:\/\/www.inverseteams.com\/wp-content\/uploads\/INVERSE-BIXS-FAR-OUT-CYCLING-GRAVEL-CUSTOM-002-768x512.jpg 768w, https:\/\/www.inverseteams.com\/wp-content\/uploads\/INVERSE-BIXS-FAR-OUT-CYCLING-GRAVEL-CUSTOM-002-1536x1024.jpg 1536w, https:\/\/www.inverseteams.com\/wp-content\/uploads\/INVERSE-BIXS-FAR-OUT-CYCLING-GRAVEL-CUSTOM-002-420x280.jpg 420w, https:\/\/www.inverseteams.com\/wp-content\/uploads\/INVERSE-BIXS-FAR-OUT-CYCLING-GRAVEL-CUSTOM-002-64x43.jpg 64w, https:\/\/www.inverseteams.com\/wp-content\/uploads\/INVERSE-BIXS-FAR-OUT-CYCLING-GRAVEL-CUSTOM-002.jpg 1920w\" sizes=\"auto, (max-width: 1024px) 100vw, 1024px\" \/><\/figure>\n\n\n<div class=\"wrapper-heading\">\n<h4 class=\"wp-block-heading\"><strong><strong>BIXS Far_Out Cycling: passi\u00f3 su\u00efssa pel gravel<\/strong><\/strong><\/h4>\n<\/div>\n\n\n<p><a href=\"https:\/\/www.bixs.com\/pages\/bixs-far_out-cycling\">L\u2019equip su\u00eds <strong>BIXS Far_Out Cycling<\/strong><\/a> representa a la perfecci\u00f3 els valors del gravel modern: llibertat, connexi\u00f3 amb la natura, superaci\u00f3 personal i treball en equip. Participa en els principals circuits internacionals \u2014com la <strong>UCI Gravel World Series i la Gravel Earth Series<\/strong>\u2014 amb un enfocament competitiu i aut\u00e8ntic.<\/p>\n\n\n\n<p>La formaci\u00f3 est\u00e0 liderada per <strong>Fisher i Corey Davis<\/strong>, un t\u00e0ndem internacional establert a Su\u00efssa amb talent, palmar\u00e8s i ambici\u00f3:<\/p>\n\n\n\n<ul class=\"wp-block-list\">\n<li><strong><a href=\"https:\/\/www.bixs.com\/pages\/annabel-elizabeth-fisher\">Annabel Fisher<\/a><\/strong>, ciclista brit\u00e0nica, va ser campiona nacional de <strong>gravel del Regne Unit el 2024<\/strong> i va guanyar la <strong>Gravel Earth Series el 2023<\/strong>. El seu palmar\u00e8s inclou vict\u00f2ries en proves emblem\u00e0tiques del calendari gravel: <strong>La Traka, The Rift i Octopus Andermatt.<\/strong><\/li>\n\n\n\n<li><strong><a href=\"https:\/\/www.bixs.com\/pages\/corey-davis\">Corey Davis<\/a><\/strong>, originari dels EUA, prov\u00e9 del ciclisme de carretera, on ha sumat triomfs al <strong>Sibiu Cycling Tour, Fully Cycling KOM i Iron Hill USAC<\/strong>, a m\u00e9s de podis a la classificaci\u00f3 general de la <strong>Haute Route US i al GP Kantons Aargau KOM.<\/strong><\/li>\n<\/ul>\n\n\n\n<p>Tots dos aporten experi\u00e8ncia, rendiment i una visi\u00f3 del gravel com un espai de superaci\u00f3 i descobriment.<\/p>\n\n\n\n<figure class=\"wp-block-image size-large\"><img loading=\"lazy\" decoding=\"async\" width=\"1024\" height=\"683\" src=\"https:\/\/www.inverseteams.com\/wp-content\/uploads\/INVERSE-BIXS-FAR-OUT-CYCLING-GRAVEL-CUSTOM-003-1024x683.jpg\" alt=\"\" class=\"wp-image-261818\" srcset=\"https:\/\/www.inverseteams.com\/wp-content\/uploads\/INVERSE-BIXS-FAR-OUT-CYCLING-GRAVEL-CUSTOM-003-1024x683.jpg 1024w, https:\/\/www.inverseteams.com\/wp-content\/uploads\/INVERSE-BIXS-FAR-OUT-CYCLING-GRAVEL-CUSTOM-003-300x200.jpg 300w, https:\/\/www.inverseteams.com\/wp-content\/uploads\/INVERSE-BIXS-FAR-OUT-CYCLING-GRAVEL-CUSTOM-003-768x512.jpg 768w, https:\/\/www.inverseteams.com\/wp-content\/uploads\/INVERSE-BIXS-FAR-OUT-CYCLING-GRAVEL-CUSTOM-003-1536x1024.jpg 1536w, https:\/\/www.inverseteams.com\/wp-content\/uploads\/INVERSE-BIXS-FAR-OUT-CYCLING-GRAVEL-CUSTOM-003-420x280.jpg 420w, https:\/\/www.inverseteams.com\/wp-content\/uploads\/INVERSE-BIXS-FAR-OUT-CYCLING-GRAVEL-CUSTOM-003-64x43.jpg 64w, https:\/\/www.inverseteams.com\/wp-content\/uploads\/INVERSE-BIXS-FAR-OUT-CYCLING-GRAVEL-CUSTOM-003.jpg 1920w\" sizes=\"auto, (max-width: 1024px) 100vw, 1024px\" \/><\/figure>\n\n\n\n<p>Per\u00f2 un dels aspectes que m\u00e9s ens ha entusiasmat de l\u2019equip \u00e9s la figura de <strong>Tim Troxler<\/strong>, excel\u00b7lent fot\u00f2graf i responsable de la imatge visual i les campanyes de l\u2019equip. La seva mirada converteix cada entrenament i cursa en una narrativa emocional que connecta amb l\u2019\u00e0nima del gravel.<br>L\u2019estructura es completa amb un staff t\u00e8cnic de primer nivell:<\/p>\n\n\n\n<ul class=\"wp-block-list\">\n<li><strong>Fridolin Engler<\/strong>, director de l\u2019equip, amb una visi\u00f3 clara del rendiment sense perdre l\u2019ess\u00e8ncia del gravel.<\/li>\n\n\n\n<li><strong>Patrick Staubitzer<\/strong>, mec\u00e0nic, clau per al bon funcionament del material en condicions extremes.<\/li>\n\n\n\n<li><strong>Pascal Weber<\/strong>, director de rendiment i fisioterapeuta, encarregat d\u2019optimitzar la forma f\u00edsica dels ciclistes i la seva recuperaci\u00f3.<\/li>\n<\/ul>\n\n\n\n<figure class=\"wp-block-image size-large\"><img loading=\"lazy\" decoding=\"async\" width=\"1024\" height=\"683\" src=\"https:\/\/www.inverseteams.com\/wp-content\/uploads\/INVERSE-BIXS-FAR-OUT-CYCLING-GRAVEL-CUSTOM-004-1024x683.jpg\" alt=\"\" class=\"wp-image-261828\" srcset=\"https:\/\/www.inverseteams.com\/wp-content\/uploads\/INVERSE-BIXS-FAR-OUT-CYCLING-GRAVEL-CUSTOM-004-1024x683.jpg 1024w, https:\/\/www.inverseteams.com\/wp-content\/uploads\/INVERSE-BIXS-FAR-OUT-CYCLING-GRAVEL-CUSTOM-004-300x200.jpg 300w, https:\/\/www.inverseteams.com\/wp-content\/uploads\/INVERSE-BIXS-FAR-OUT-CYCLING-GRAVEL-CUSTOM-004-768x512.jpg 768w, https:\/\/www.inverseteams.com\/wp-content\/uploads\/INVERSE-BIXS-FAR-OUT-CYCLING-GRAVEL-CUSTOM-004-1536x1024.jpg 1536w, https:\/\/www.inverseteams.com\/wp-content\/uploads\/INVERSE-BIXS-FAR-OUT-CYCLING-GRAVEL-CUSTOM-004-420x280.jpg 420w, https:\/\/www.inverseteams.com\/wp-content\/uploads\/INVERSE-BIXS-FAR-OUT-CYCLING-GRAVEL-CUSTOM-004-64x43.jpg 64w, https:\/\/www.inverseteams.com\/wp-content\/uploads\/INVERSE-BIXS-FAR-OUT-CYCLING-GRAVEL-CUSTOM-004.jpg 1920w\" sizes=\"auto, (max-width: 1024px) 100vw, 1024px\" \/><\/figure>\n\n\n<div class=\"wrapper-heading\">\n<h4 class=\"wp-block-heading\"><strong>BIXS: enginyeria su\u00efssa sobre terra i grava<\/strong><\/h4>\n<\/div>\n\n\n<p>Darrere d\u2019aquest potent equip hi ha <strong><a href=\"https:\/\/www.bixs.com\/\">BIXS<\/a><\/strong>, una marca su\u00efssa amb m\u00e9s de dues d\u00e8cades d\u2019experi\u00e8ncia en el disseny i fabricaci\u00f3 de bicicletes d\u2019alt nivell. Reconeguda per la seva qualitat excepcional i fiabilitat <strong>t\u00e8cnica<\/strong>, BIXS representa la precisi\u00f3 de l\u2019enginyeria su\u00efssa aplicada al gravel: bicicletes robustes, c\u00f2modes i r\u00e0pides, pensades per dominar els terrenys m\u00e9s exigents. Un aut\u00e8ntic referent europeu en el m\u00f3n off-road.<\/p>\n\n\n\n<figure class=\"wp-block-image size-large\"><img loading=\"lazy\" decoding=\"async\" width=\"1024\" height=\"683\" src=\"https:\/\/www.inverseteams.com\/wp-content\/uploads\/INVERSE-BIXS-FAR-OUT-CYCLING-GRAVEL-CUSTOM-005-1024x683.jpg\" alt=\"\" class=\"wp-image-261833\" srcset=\"https:\/\/www.inverseteams.com\/wp-content\/uploads\/INVERSE-BIXS-FAR-OUT-CYCLING-GRAVEL-CUSTOM-005-1024x683.jpg 1024w, https:\/\/www.inverseteams.com\/wp-content\/uploads\/INVERSE-BIXS-FAR-OUT-CYCLING-GRAVEL-CUSTOM-005-300x200.jpg 300w, https:\/\/www.inverseteams.com\/wp-content\/uploads\/INVERSE-BIXS-FAR-OUT-CYCLING-GRAVEL-CUSTOM-005-768x512.jpg 768w, https:\/\/www.inverseteams.com\/wp-content\/uploads\/INVERSE-BIXS-FAR-OUT-CYCLING-GRAVEL-CUSTOM-005-1536x1024.jpg 1536w, https:\/\/www.inverseteams.com\/wp-content\/uploads\/INVERSE-BIXS-FAR-OUT-CYCLING-GRAVEL-CUSTOM-005-420x280.jpg 420w, https:\/\/www.inverseteams.com\/wp-content\/uploads\/INVERSE-BIXS-FAR-OUT-CYCLING-GRAVEL-CUSTOM-005-64x43.jpg 64w, https:\/\/www.inverseteams.com\/wp-content\/uploads\/INVERSE-BIXS-FAR-OUT-CYCLING-GRAVEL-CUSTOM-005.jpg 1920w\" sizes=\"auto, (max-width: 1024px) 100vw, 1024px\" \/><\/figure>\n\n\n<div class=\"wrapper-heading\">\n<h4 class=\"wp-block-heading\"><strong><strong>Inverse, al capdavant del disseny de roba gravel personalitzada<\/strong><\/strong><\/h4>\n<\/div>\n\n\n<p>Vestir un equip com BIXS Far_Out Cycling no \u00e9s nom\u00e9s un repte creatiu: \u00e9s una declaraci\u00f3 d\u2019intencions. A Inverse, hem dissenyat una <strong><a href=\"https:\/\/www.inverseteams.com\/ca\/custom\/roba-gravel-personalitzada\/?utm_source=Blog&amp;utm_medium=blog&amp;utm_campaign=BL-073%2F25+Inverse+y+BIXS+CAT&amp;utm_id=BL-073%2F25+Inverse+y+BIXS+CAT&amp;utm_term=Inverse+y+BIXS+CAT&amp;utm_content=Inverse+y+BIXS+CAT\">gamma exclusiva de roba personalitzada de gravel<\/a> <\/strong>que combina tecnologia t\u00e8xtil, aerodin\u00e0mica i estil, pensada per suportar llargues dist\u00e0ncies i canvis de terreny, clima i ritme. Cada pe\u00e7a ha estat testada per l\u2019equip i dissenyada per oferir el m\u00e0xim rendiment sense renunciar a l\u2019est\u00e8tica.<br><br>Des de culots resistents amb panells refor\u00e7ats fins a mallots d\u2019assecat ultrar\u00e0pid i butxaques estrat\u00e8giques per garantir autonomia en ruta, <strong>la roba personalitzada per gravel<\/strong> d\u2019Inverse acompanya el ciclista en tot tipus de reptes. <strong>I gr\u00e0cies al nostre sistema de producci\u00f3 personalitzada, qualsevol equip o ciclista individual pot accedir a aquesta tecnologia i adaptar-la a la seva identitat visual.<\/strong><\/p>\n\n\n\n<figure class=\"wp-block-image size-large\"><img loading=\"lazy\" decoding=\"async\" width=\"1024\" height=\"683\" src=\"https:\/\/www.inverseteams.com\/wp-content\/uploads\/INVERSE-BIXS-FAR-OUT-CYCLING-GRAVEL-CUSTOM-006-1024x683.jpg\" alt=\"\" class=\"wp-image-261843\" srcset=\"https:\/\/www.inverseteams.com\/wp-content\/uploads\/INVERSE-BIXS-FAR-OUT-CYCLING-GRAVEL-CUSTOM-006-1024x683.jpg 1024w, https:\/\/www.inverseteams.com\/wp-content\/uploads\/INVERSE-BIXS-FAR-OUT-CYCLING-GRAVEL-CUSTOM-006-300x200.jpg 300w, https:\/\/www.inverseteams.com\/wp-content\/uploads\/INVERSE-BIXS-FAR-OUT-CYCLING-GRAVEL-CUSTOM-006-768x512.jpg 768w, https:\/\/www.inverseteams.com\/wp-content\/uploads\/INVERSE-BIXS-FAR-OUT-CYCLING-GRAVEL-CUSTOM-006-1536x1024.jpg 1536w, https:\/\/www.inverseteams.com\/wp-content\/uploads\/INVERSE-BIXS-FAR-OUT-CYCLING-GRAVEL-CUSTOM-006-420x280.jpg 420w, https:\/\/www.inverseteams.com\/wp-content\/uploads\/INVERSE-BIXS-FAR-OUT-CYCLING-GRAVEL-CUSTOM-006-64x43.jpg 64w, https:\/\/www.inverseteams.com\/wp-content\/uploads\/INVERSE-BIXS-FAR-OUT-CYCLING-GRAVEL-CUSTOM-006.jpg 1920w\" sizes=\"auto, (max-width: 1024px) 100vw, 1024px\" \/><\/figure>\n\n\n<div class=\"wrapper-heading\">\n<h4 class=\"wp-block-heading\"><strong><strong>Una aposta de futur<\/strong><\/strong><\/h4>\n<\/div>\n\n\n<p>Com expliquen els nostres amics de Polvu.cc, col\u00b7laborar amb un equip com BIXS Far_Out Cycling representa molt m\u00e9s que una col\u00b7laboraci\u00f3 esportiva: <strong>\u00e9s part de l\u2019estrat\u00e8gia d\u2019Inverse per esdevenir una marca referent en el m\u00f3n del gravel<\/strong>, tant en competicions com en el segment d\u2019aventura i bikepacking.<\/p>\n\n\n\n<p>Perqu\u00e8 el gravel \u00e9s present, per\u00f2 sobretot \u00e9s futur. I a Inverse el pedalem amb passi\u00f3.<\/p>\n\n\n\n<div class=\"wp-block-buttons is-layout-flex wp-block-buttons-is-layout-flex\">\n<div class=\"wp-block-button\"><a class=\"wp-block-button__link wp-element-button\" href=\"https:\/\/www.inverseteams.com\/ca\/custom\/roba-gravel-personalitzada\/?utm_source=Blog&amp;utm_medium=blog&amp;utm_campaign=BL-073%2F25+Inverse+y+BIXS+CAT&amp;utm_id=BL-073%2F25+Inverse+y+BIXS+CAT&amp;utm_term=Inverse+y+BIXS+CAT&amp;utm_content=Inverse+y+BIXS+CAT\"><strong>Gravel Custom<\/strong><\/a><\/div>\n<\/div>\n\n\n\n<p><\/p>\n","protected":false},"excerpt":{"rendered":"<p>El gravel no \u00e9s nom\u00e9s una disciplina en auge: \u00e9s una filosofia de vida sobre dues rodes que connecta aventura, rendiment i llibertat. A Inverse, sempre hem apostat per noves maneres d\u2019entendre el ciclisme, i per aix\u00f2 vestir l\u2019equip BIXS Far_Out Cycling representa un pas estrat\u00e8gic en la nostra expansi\u00f3 dins el m\u00f3n del gravel [&hellip;]<\/p>\n","protected":false},"author":12,"featured_media":261809,"comment_status":"open","ping_status":"open","sticky":false,"template":"","format":"standard","meta":{"_acf_changed":false,"mc4wp_mailchimp_campaign":[],"footnotes":""},"categories":[14431],"tags":[7788,16662,16678,16694,16710,16726,16742,16758,16776,16792,16808,16824,10167,16663,16679,16695,16711,16727,16743,16759,16777,16793,16809,16825,10177,16664,16680,16696,16712,16728,16744,16760,16778,16794,16810,16826,10178,16665,16681,16697,16713,16729,16745,16761,16779,16795,16811,16827,10349,16666,16682,16698,16714,16730,16746,16762,16780,16796,16812,17174,10913,16667,16683,16699,16715,16731,16747,16763,16781,16797,16813,17175,10920,16668,16684,16700,16716,16732,16748,16764,16782,16798,16814,10921,16669,16685,16701,16717,16733,16749,16765,16783,16799,16815,10922,16670,16686,16702,16718,16734,16750,16766,16784,16800,16816,13614,16671,16687,16703,16719,16735,16751,16767,16785,16801,16817,16656,16672,16688,16704,16720,16736,16752,16768,16786,16802,16818,16657,16673,16689,16705,16721,16737,16753,16769,16787,16803,16819,16658,16674,16690,16706,16722,16738,16754,16770,16788,16804,16820,16659,16675,16691,16707,16723,16739,16755,16771,16789,16805,16821,16660,16676,16692,16708,16724,16740,16756,16772,16790,16806,16822,7787,16661,16677,16693,16709,16725,16741,16757,16775,16791,16807,16823],"class_list":["post-261853","post","type-post","status-publish","format-standard","has-post-thumbnail","hentry","category-gravel-ca","tag-roba-ciclisme-personalitzada-ca","tag-ciclisme-bikepacking-ca","tag-colleccio-roba-gravel-ca","tag-equipacions-gravel-2025-ca","tag-gravel-cycling-fashion-ca","tag-gravel-kollektion-ca","tag-inverse-cyclisme-gravel-ca","tag-marca-ropa-gravel-ca","tag-professional-gravel-kit-ca","tag-ropa-ciclismo-gravel-personalizada-ca","tag-tendencies-gravel-ciclisme-ca","tag-vetements-inverse-gravel-ca","tag-gravel-bib-shorts-ca","tag-ciclisme-daventura-ca","tag-cuissard-gravel-ca","tag-equipement-bikepacking-ca","tag-gravel-cycling-gear-ca","tag-gravel-kollektion-2025-ca","tag-inverse-gravel-ca","tag-marque-vetements-gravel-ca","tag-professionelle-gravel-kleidung-ca","tag-ropa-ciclismo-gravel-verano-ca","tag-tenue-cycliste-gravel-ca","tag-vetements-techniques-gravel-ca","tag-ropa-ciclismo-gravel-ca","tag-ciclisme-tot-terreny-ca","tag-culot-gravel-ca","tag-equipement-gravel-ca","tag-gravel-cyclisme-2-ca","tag-gravel-outfit-ca","tag-inverse-gravel-clothing-ca","tag-masgeschneiderte-radbekleidung-ca","tag-roba-ciclisme-gravel-estiu-ca","tag-ropa-ciclista-gravel-ca","tag-tenues-gravel-2-ca","tag-winter-gravel-clothing-ca","tag-gravel-jersey-ca","tag-ciclismo-bikepacking-ca","tag-culote-gravel-ca","tag-equipement-gravel-professionnel-ca","tag-gravel-jacket-ca","tag-gravel-radbekleidung-ca","tag-inverse-gravel-collection-ca","tag-mens-gravel-clothing-ca","tag-roba-ciclisme-gravel-hivern-ca","tag-ropa-de-gravel-ca","tag-veste-gravel-ca","tag-womens-gravel-wear-ca","tag-maillot-gravel-ca","tag-ciclismo-de-aventura-ca","tag-custom-cycling-clothing-ca","tag-estil-gravel-ca","tag-gravel-kit-ca","tag-gravel-radkollektion-ca","tag-inverse-gravel-bekleidung-ca","tag-moda-ciclisme-gravel-ca","tag-roba-ciclisme-gravel-personalitzada-ca","tag-ropa-gravel-hombre-ca","tag-vetements-cyclisme-personnalises-ca","tag-bixs-ca","tag-gravel-cycling-ca","tag-ciclismo-gravel-moda-ca","tag-custom-cycling-gear-ca","tag-estilo-gravel-ca","tag-gravel-style-ca","tag-gravel-radoutfit-ca","tag-inverse-gravel-kollektion-ca","tag-moda-gravel-ciclisme-ca","tag-roba-ciclista-gravel-ca","tag-ropa-gravel-ligera-ca","tag-vetements-cyclistes-gravel-ca","tag-inverse-gravel-radsport-ca","tag-roba-ciclisme-gravel-ca","tag-ciclismo-todoterreno-ca","tag-custom-gravel-apparel-ca","tag-gravel-apparel-ca","tag-gravel-style-trends-ca","tag-gravel-radsport-ca","tag-inverse-roba-gravel-ca","tag-moda-gravel-ciclismo-ca","tag-roba-ciclista-personalitzada-ca","tag-ropa-gravel-mujer-ca","tag-vetements-cyclistes-personnalises-ca","tag-roba-personalitzada-gravel-ca","tag-coleccion-gravel-ciclismo-ca","tag-cyclisme-aventure-ca","tag-gravel-bike-kit-ca","tag-gravel-bekleidung-ca","tag-gravel-radsportmode-ca","tag-inverse-ropa-gravel-ca","tag-mode-cyclisme-gravel-ca","tag-roba-de-gravel-ca","tag-ropa-gravel-profesional-ca","tag-vetements-gravel-2-ca","tag-ropa-personalizada-gravel-ca","tag-coleccion-inverse-gravel-ca","tag-cyclisme-tout-terrain-ca","tag-gravel-ciclisme-ca","tag-gravel-bekleidung-sommer-ca","tag-gravel-stil-ca","tag-jaqueta-gravel-ca","tag-mode-gravel-cyclisme-ca","tag-roba-gravel-dona-ca","tag-ropa-gravel-resistente-ca","tag-vetements-gravel-ete-ca","tag-ropa-ciclista-personalizada-2-ca","tag-coleccion-ropa-gravel-ca","tag-design-vetements-gravel-ca","tag-gravel-ciclismo-ca","tag-gravel-bekleidung-winter-ca","tag-gravel-tragerhose-ca","tag-kit-gravel-ciclisme-ca","tag-off-road-cycling-ca","tag-roba-gravel-home-ca","tag-ropa-tecnica-gravel-ca","tag-vetements-gravel-femme-ca","tag-2025-gravel-collection-ca","tag-collection-cyclisme-gravel-ca","tag-diseno-ropa-gravel-ca","tag-gravel-clothing-ca","tag-gravel-bekleidungsmarke-ca","tag-gravel-trends-ca","tag-kit-gravel-ciclismo-ca","tag-offroad-radsport-ca","tag-roba-gravel-lleugera-ca","tag-style-gravel-ca","tag-vetements-gravel-hiver-ca","tag-abenteuer-radsport-ca","tag-collection-gravel-ca","tag-disseny-roba-gravel-ca","tag-gravel-clothing-brand-ca","tag-gravel-design-ca","tag-gravel-trikot-ca","tag-kit-gravel-cycliste-ca","tag-peces-gravel-ca","tag-roba-gravel-professional-ca","tag-summer-gravel-kit-ca","tag-vetements-gravel-homme-ca","tag-adventure-cycling-ca","tag-collection-gravel-2025-ca","tag-durable-gravel-apparel-ca","tag-gravel-clothing-design-ca","tag-gravel-fashion-ca","tag-individuelle-gravel-bekleidung-ca","tag-leichte-gravel-kleidung-ca","tag-personalisierte-gravel-radbekleidung-ca","tag-roba-gravel-resistent-ca","tag-technical-gravel-wear-ca","tag-vetements-gravel-legers-ca","tag-bikepacking-gear-ca","tag-collection-inverse-gravel-ca","tag-equipacio-gravel-ca","tag-gravel-collection-ca","tag-gravel-jacke-ca","tag-inverse-ciclisme-gravel-ca","tag-lightweight-gravel-clothing-ca","tag-personalisierte-radbekleidung-ca","tag-roba-tecnica-gravel-ca","tag-technische-gravel-kleidung-ca","tag-vetements-gravel-personnalises-ca","tag-bikepacking-bekleidung-ca","tag-colleccio-gravel-ciclisme-ca","tag-equipacion-gravel-ca","tag-gravel-cycling-clothing-ca","tag-gravel-kleidung-damen-ca","tag-inverse-ciclismo-gravel-ca","tag-mallot-gravel-ca","tag-personalized-gravel-wear-ca","tag-robuste-gravel-kleidung-ca","tag-tendances-gravel-cyclisme-ca","tag-vetements-gravel-resistants-ca","tag-ropa-ciclismo-personalizada-ca","tag-chaqueta-gravel-ca","tag-colleccio-inverse-gravel-ca","tag-equipaciones-gravel-2025-ca","tag-gravel-cycling-collection-ca","tag-gravel-kleidung-herren-ca","tag-inverse-cycling-gravel-ca","tag-marca-roba-gravel-ca","tag-prendas-gravel-ca","tag-ropa-ciclismo-gravel-invierno-ca","tag-tendencias-gravel-ciclismo-ca","tag-vetements-gravel-sur-mesure-ca"],"acf":[],"yoast_head":"<!-- This site is optimized with the Yoast SEO plugin v27.3 - https:\/\/yoast.com\/product\/yoast-seo-wordpress\/ -->\n<title>Inverse i BIXS Far_Out Cycling: una alian\u00e7a estrat\u00e8gica per conquerir l\u2019univers gravel | Inverseteams<\/title>\n<meta name=\"description\" content=\"El gravel no \u00e9s nom\u00e9s una disciplina en auge: \u00e9s una filosofia de vida sobre dues rodes que connecta aventura, rendiment i llibertat.\" \/>\n<meta name=\"robots\" content=\"index, follow, max-snippet:-1, max-image-preview:large, max-video-preview:-1\" \/>\n<link rel=\"canonical\" href=\"https:\/\/www.inverseteams.com\/ca\/blog\/inverse-y-bixs-far_out-cycling-una-alianza-estrategica-para-conquistar-el-universo-gravel\/\" \/>\n<meta property=\"og:locale\" content=\"ca_ES\" \/>\n<meta property=\"og:type\" content=\"article\" \/>\n<meta property=\"og:title\" content=\"Inverse i BIXS Far_Out Cycling: una alian\u00e7a estrat\u00e8gica per conquerir l\u2019univers gravel | Inverseteams\" \/>\n<meta property=\"og:description\" content=\"El gravel no \u00e9s nom\u00e9s una disciplina en auge: \u00e9s una filosofia de vida sobre dues rodes que connecta aventura, rendiment i llibertat.\" \/>\n<meta property=\"og:url\" content=\"https:\/\/www.inverseteams.com\/ca\/blog\/inverse-y-bixs-far_out-cycling-una-alianza-estrategica-para-conquistar-el-universo-gravel\/\" \/>\n<meta property=\"og:site_name\" content=\"Inverseteams\" \/>\n<meta property=\"article:publisher\" content=\"https:\/\/www.facebook.com\/inverseteams\" \/>\n<meta property=\"article:published_time\" content=\"2025-06-18T10:54:27+00:00\" \/>\n<meta property=\"article:modified_time\" content=\"2025-06-18T12:03:16+00:00\" \/>\n<meta property=\"og:image\" content=\"https:\/\/www.inverseteams.com\/wp-content\/uploads\/INVERSE-BIXS-FAR-OUT-CYCLING-GRAVEL-CUSTOM-001.jpg\" \/>\n\t<meta property=\"og:image:width\" content=\"1920\" \/>\n\t<meta property=\"og:image:height\" content=\"1280\" \/>\n\t<meta property=\"og:image:type\" content=\"image\/jpeg\" \/>\n<meta name=\"author\" content=\"xavier\" \/>\n<meta name=\"twitter:card\" content=\"summary_large_image\" \/>\n<meta name=\"twitter:label1\" content=\"Escrit per\" \/>\n\t<meta name=\"twitter:data1\" content=\"xavier\" \/>\n\t<meta name=\"twitter:label2\" content=\"Temps estimat de lectura\" \/>\n\t<meta name=\"twitter:data2\" content=\"5 minut\" \/>\n<script type=\"application\/ld+json\" class=\"yoast-schema-graph\">{\"@context\":\"https:\\\/\\\/schema.org\",\"@graph\":[{\"@type\":\"Article\",\"@id\":\"https:\\\/\\\/www.inverseteams.com\\\/ca\\\/blog\\\/inverse-y-bixs-far_out-cycling-una-alianza-estrategica-para-conquistar-el-universo-gravel\\\/#article\",\"isPartOf\":{\"@id\":\"https:\\\/\\\/www.inverseteams.com\\\/ca\\\/blog\\\/inverse-y-bixs-far_out-cycling-una-alianza-estrategica-para-conquistar-el-universo-gravel\\\/\"},\"author\":{\"name\":\"xavier\",\"@id\":\"https:\\\/\\\/www.inverseteams.com\\\/ca\\\/#\\\/schema\\\/person\\\/8e9cda76b6449aea55a18c6b0f3a15f1\"},\"headline\":\"Inverse i BIXS Far_Out Cycling: una alian\u00e7a estrat\u00e8gica per conquerir l\u2019univers gravel\",\"datePublished\":\"2025-06-18T10:54:27+00:00\",\"dateModified\":\"2025-06-18T12:03:16+00:00\",\"mainEntityOfPage\":{\"@id\":\"https:\\\/\\\/www.inverseteams.com\\\/ca\\\/blog\\\/inverse-y-bixs-far_out-cycling-una-alianza-estrategica-para-conquistar-el-universo-gravel\\\/\"},\"wordCount\":717,\"commentCount\":0,\"publisher\":{\"@id\":\"https:\\\/\\\/www.inverseteams.com\\\/ca\\\/#organization\"},\"image\":{\"@id\":\"https:\\\/\\\/www.inverseteams.com\\\/ca\\\/blog\\\/inverse-y-bixs-far_out-cycling-una-alianza-estrategica-para-conquistar-el-universo-gravel\\\/#primaryimage\"},\"thumbnailUrl\":\"https:\\\/\\\/www.inverseteams.com\\\/wp-content\\\/uploads\\\/INVERSE-BIXS-FAR-OUT-CYCLING-GRAVEL-CUSTOM-001.jpg\",\"keywords\":[\"roba ciclisme personalitzada\",\"ciclisme bikepacking\",\"col\u00b7lecci\u00f3 roba gravel\",\"equipacions gravel 2025\",\"gravel cycling fashion\",\"Gravel-Kollektion\",\"Inverse cyclisme gravel\",\"marca ropa gravel\",\"professional gravel kit\",\"ropa ciclismo gravel personalizada\",\"tend\u00e8ncies gravel ciclisme\",\"v\u00eatements Inverse gravel\",\"gravel bib shorts\",\"ciclisme d&#8217;aventura\",\"cuissard gravel\",\"\u00e9quipement bikepacking\",\"gravel cycling gear\",\"Gravel-Kollektion 2025\",\"Inverse gravel\",\"marque v\u00eatements gravel\",\"professionelle Gravel-Kleidung\",\"ropa ciclismo gravel verano\",\"tenue cycliste gravel\",\"v\u00eatements techniques gravel\",\"ropa ciclismo gravel\",\"ciclisme tot terreny\",\"culot gravel\",\"\u00e9quipement gravel\",\"gravel cyclisme\",\"Gravel-Outfit\",\"Inverse gravel clothing\",\"ma\u00dfgeschneiderte Radbekleidung\",\"roba ciclisme gravel estiu\",\"ropa ciclista gravel\",\"tenues gravel\",\"winter gravel clothing\",\"gravel jersey\",\"ciclismo bikepacking\",\"culote gravel\",\"\u00e9quipement gravel professionnel\",\"gravel jacket\",\"Gravel-Radbekleidung\",\"Inverse gravel collection\",\"men\u2019s gravel clothing\",\"roba ciclisme gravel hivern\",\"ropa de gravel\",\"veste gravel\",\"women\u2019s gravel wear\",\"maillot gravel\",\"ciclismo de aventura\",\"custom cycling clothing\",\"estil gravel\",\"gravel kit\",\"Gravel-Radkollektion\",\"Inverse Gravel-Bekleidung\",\"moda ciclisme gravel\",\"roba ciclisme gravel personalitzada\",\"ropa gravel hombre\",\"v\u00eatements cyclisme personnalis\u00e9s\",\"BIXS\",\"gravel cycling\",\"ciclismo gravel moda\",\"custom cycling gear\",\"estilo gravel\",\"gravel style\",\"Gravel-Radoutfit\",\"Inverse Gravel-Kollektion\",\"moda gravel ciclisme\",\"roba ciclista gravel\",\"ropa gravel ligera\",\"v\u00eatements cyclistes gravel\",\"Inverse Gravel-Radsport\",\"roba ciclisme gravel\",\"ciclismo todoterreno\",\"custom gravel apparel\",\"gravel apparel\",\"gravel style trends\",\"Gravel-Radsport\",\"Inverse roba gravel\",\"moda gravel ciclismo\",\"roba ciclista personalitzada\",\"ropa gravel mujer\",\"v\u00eatements cyclistes personnalis\u00e9s\",\"roba personalitzada gravel\",\"colecci\u00f3n gravel ciclismo\",\"cyclisme aventure\",\"gravel bike kit\",\"Gravel-Bekleidung\",\"Gravel-Radsportmode\",\"Inverse ropa gravel\",\"mode cyclisme gravel\",\"roba de gravel\",\"ropa gravel profesional\",\"v\u00eatements gravel\",\"ropa personalizada gravel\",\"colecci\u00f3n Inverse gravel\",\"cyclisme tout-terrain\",\"gravel ciclisme\",\"Gravel-Bekleidung Sommer\",\"Gravel-Stil\",\"jaqueta gravel\",\"mode gravel cyclisme\",\"roba gravel dona\",\"ropa gravel resistente\",\"v\u00eatements gravel \u00e9t\u00e9\",\"ropa ciclista personalizada\",\"colecci\u00f3n ropa gravel\",\"design v\u00eatements gravel\",\"gravel ciclismo\",\"Gravel-Bekleidung Winter\",\"Gravel-Tr\u00e4gerhose\",\"kit gravel ciclisme\",\"off-road cycling\",\"roba gravel home\",\"ropa t\u00e9cnica gravel\",\"v\u00eatements gravel femme\",\"2025 gravel collection\",\"collection cyclisme gravel\",\"dise\u00f1o ropa gravel\",\"gravel clothing\",\"Gravel-Bekleidungsmarke\",\"Gravel-Trends\",\"kit gravel ciclismo\",\"Offroad-Radsport\",\"roba gravel lleugera\",\"style gravel\",\"v\u00eatements gravel hiver\",\"Abenteuer-Radsport\",\"collection gravel\",\"disseny roba gravel\",\"gravel clothing brand\",\"Gravel-Design\",\"Gravel-Trikot\",\"kit gravel cycliste\",\"peces gravel\",\"roba gravel professional\",\"summer gravel kit\",\"v\u00eatements gravel homme\",\"adventure cycling\",\"collection gravel 2025\",\"durable gravel apparel\",\"gravel clothing design\",\"Gravel-Fashion\",\"individuelle Gravel-Bekleidung\",\"leichte Gravel-Kleidung\",\"personalisierte Gravel-Radbekleidung\",\"roba gravel resistent\",\"technical gravel wear\",\"v\u00eatements gravel l\u00e9gers\",\"bikepacking gear\",\"collection Inverse gravel\",\"equipaci\u00f3 gravel\",\"gravel collection\",\"Gravel-Jacke\",\"Inverse ciclisme gravel\",\"lightweight gravel clothing\",\"personalisierte Radbekleidung\",\"roba t\u00e8cnica gravel\",\"technische Gravel-Kleidung\",\"v\u00eatements gravel personnalis\u00e9s\",\"Bikepacking-Bekleidung\",\"col\u00b7lecci\u00f3 gravel ciclisme\",\"equipaci\u00f3n gravel\",\"gravel cycling clothing\",\"Gravel-Kleidung Damen\",\"Inverse ciclismo gravel\",\"mallot gravel\",\"personalized gravel wear\",\"robuste Gravel-Kleidung\",\"tendances gravel cyclisme\",\"v\u00eatements gravel r\u00e9sistants\",\"ropa ciclismo personalizada\",\"chaqueta gravel\",\"col\u00b7lecci\u00f3 Inverse gravel\",\"equipaciones gravel 2025\",\"gravel cycling collection\",\"Gravel-Kleidung Herren\",\"Inverse cycling gravel\",\"marca roba gravel\",\"prendas gravel\",\"ropa ciclismo gravel invierno\",\"tendencias gravel ciclismo\",\"v\u00eatements gravel sur mesure\"],\"articleSection\":[\"Gravel\"],\"inLanguage\":\"ca\",\"potentialAction\":[{\"@type\":\"CommentAction\",\"name\":\"Comment\",\"target\":[\"https:\\\/\\\/www.inverseteams.com\\\/ca\\\/blog\\\/inverse-y-bixs-far_out-cycling-una-alianza-estrategica-para-conquistar-el-universo-gravel\\\/#respond\"]}]},{\"@type\":\"WebPage\",\"@id\":\"https:\\\/\\\/www.inverseteams.com\\\/ca\\\/blog\\\/inverse-y-bixs-far_out-cycling-una-alianza-estrategica-para-conquistar-el-universo-gravel\\\/\",\"url\":\"https:\\\/\\\/www.inverseteams.com\\\/ca\\\/blog\\\/inverse-y-bixs-far_out-cycling-una-alianza-estrategica-para-conquistar-el-universo-gravel\\\/\",\"name\":\"Inverse i BIXS Far_Out Cycling: una alian\u00e7a estrat\u00e8gica per conquerir l\u2019univers gravel | Inverseteams\",\"isPartOf\":{\"@id\":\"https:\\\/\\\/www.inverseteams.com\\\/ca\\\/#website\"},\"primaryImageOfPage\":{\"@id\":\"https:\\\/\\\/www.inverseteams.com\\\/ca\\\/blog\\\/inverse-y-bixs-far_out-cycling-una-alianza-estrategica-para-conquistar-el-universo-gravel\\\/#primaryimage\"},\"image\":{\"@id\":\"https:\\\/\\\/www.inverseteams.com\\\/ca\\\/blog\\\/inverse-y-bixs-far_out-cycling-una-alianza-estrategica-para-conquistar-el-universo-gravel\\\/#primaryimage\"},\"thumbnailUrl\":\"https:\\\/\\\/www.inverseteams.com\\\/wp-content\\\/uploads\\\/INVERSE-BIXS-FAR-OUT-CYCLING-GRAVEL-CUSTOM-001.jpg\",\"datePublished\":\"2025-06-18T10:54:27+00:00\",\"dateModified\":\"2025-06-18T12:03:16+00:00\",\"description\":\"El gravel no \u00e9s nom\u00e9s una disciplina en auge: \u00e9s una filosofia de vida sobre dues rodes que connecta aventura, rendiment i llibertat.\",\"breadcrumb\":{\"@id\":\"https:\\\/\\\/www.inverseteams.com\\\/ca\\\/blog\\\/inverse-y-bixs-far_out-cycling-una-alianza-estrategica-para-conquistar-el-universo-gravel\\\/#breadcrumb\"},\"inLanguage\":\"ca\",\"potentialAction\":[{\"@type\":\"ReadAction\",\"target\":[\"https:\\\/\\\/www.inverseteams.com\\\/ca\\\/blog\\\/inverse-y-bixs-far_out-cycling-una-alianza-estrategica-para-conquistar-el-universo-gravel\\\/\"]}]},{\"@type\":\"ImageObject\",\"inLanguage\":\"ca\",\"@id\":\"https:\\\/\\\/www.inverseteams.com\\\/ca\\\/blog\\\/inverse-y-bixs-far_out-cycling-una-alianza-estrategica-para-conquistar-el-universo-gravel\\\/#primaryimage\",\"url\":\"https:\\\/\\\/www.inverseteams.com\\\/wp-content\\\/uploads\\\/INVERSE-BIXS-FAR-OUT-CYCLING-GRAVEL-CUSTOM-001.jpg\",\"contentUrl\":\"https:\\\/\\\/www.inverseteams.com\\\/wp-content\\\/uploads\\\/INVERSE-BIXS-FAR-OUT-CYCLING-GRAVEL-CUSTOM-001.jpg\",\"width\":1920,\"height\":1280},{\"@type\":\"BreadcrumbList\",\"@id\":\"https:\\\/\\\/www.inverseteams.com\\\/ca\\\/blog\\\/inverse-y-bixs-far_out-cycling-una-alianza-estrategica-para-conquistar-el-universo-gravel\\\/#breadcrumb\",\"itemListElement\":[{\"@type\":\"ListItem\",\"position\":1,\"name\":\"Portada\",\"item\":\"https:\\\/\\\/www.inverseteams.com\\\/ca\\\/pagina-principal\\\/\"},{\"@type\":\"ListItem\",\"position\":2,\"name\":\"Inverse i BIXS Far_Out Cycling: una alian\u00e7a estrat\u00e8gica per conquerir l\u2019univers gravel\"}]},{\"@type\":\"WebSite\",\"@id\":\"https:\\\/\\\/www.inverseteams.com\\\/ca\\\/#website\",\"url\":\"https:\\\/\\\/www.inverseteams.com\\\/ca\\\/\",\"name\":\"Inverseteams\",\"description\":\"Tu marca de ropa deportiva personalizada\",\"publisher\":{\"@id\":\"https:\\\/\\\/www.inverseteams.com\\\/ca\\\/#organization\"},\"potentialAction\":[{\"@type\":\"SearchAction\",\"target\":{\"@type\":\"EntryPoint\",\"urlTemplate\":\"https:\\\/\\\/www.inverseteams.com\\\/ca\\\/?s={search_term_string}\"},\"query-input\":{\"@type\":\"PropertyValueSpecification\",\"valueRequired\":true,\"valueName\":\"search_term_string\"}}],\"inLanguage\":\"ca\"},{\"@type\":\"Organization\",\"@id\":\"https:\\\/\\\/www.inverseteams.com\\\/ca\\\/#organization\",\"name\":\"Inverse Teams\",\"url\":\"https:\\\/\\\/www.inverseteams.com\\\/ca\\\/\",\"logo\":{\"@type\":\"ImageObject\",\"inLanguage\":\"ca\",\"@id\":\"https:\\\/\\\/www.inverseteams.com\\\/ca\\\/#\\\/schema\\\/logo\\\/image\\\/\",\"url\":\"https:\\\/\\\/www.inverseteams.com\\\/wp-content\\\/uploads\\\/2021\\\/03\\\/logo-inverse-teams.png\",\"contentUrl\":\"https:\\\/\\\/www.inverseteams.com\\\/wp-content\\\/uploads\\\/2021\\\/03\\\/logo-inverse-teams.png\",\"width\":294,\"height\":99,\"caption\":\"Inverse Teams\"},\"image\":{\"@id\":\"https:\\\/\\\/www.inverseteams.com\\\/ca\\\/#\\\/schema\\\/logo\\\/image\\\/\"},\"sameAs\":[\"https:\\\/\\\/www.facebook.com\\\/inverseteams\",\"http:\\\/\\\/instagram.com\\\/inverseteams\",\"https:\\\/\\\/www.linkedin.com\\\/company\\\/inverse-cirosport-s-l-?trk=job_view_topcard_company_name\",\"http:\\\/\\\/www.pinterest.com\\\/inverseteams\\\/\",\"http:\\\/\\\/www.youtube.com\\\/user\\\/inverseteams?feature=watch\"]},{\"@type\":\"Person\",\"@id\":\"https:\\\/\\\/www.inverseteams.com\\\/ca\\\/#\\\/schema\\\/person\\\/8e9cda76b6449aea55a18c6b0f3a15f1\",\"name\":\"xavier\",\"image\":{\"@type\":\"ImageObject\",\"inLanguage\":\"ca\",\"@id\":\"https:\\\/\\\/secure.gravatar.com\\\/avatar\\\/602b199a1f28e97d83ab3a8bcb642260f5afd77cb09704889d85ddd70643cddb?s=96&d=mm&r=g\",\"url\":\"https:\\\/\\\/secure.gravatar.com\\\/avatar\\\/602b199a1f28e97d83ab3a8bcb642260f5afd77cb09704889d85ddd70643cddb?s=96&d=mm&r=g\",\"contentUrl\":\"https:\\\/\\\/secure.gravatar.com\\\/avatar\\\/602b199a1f28e97d83ab3a8bcb642260f5afd77cb09704889d85ddd70643cddb?s=96&d=mm&r=g\",\"caption\":\"xavier\"}}]}<\/script>\n<!-- \/ Yoast SEO plugin. -->","yoast_head_json":{"title":"Inverse i BIXS Far_Out Cycling: una alian\u00e7a estrat\u00e8gica per conquerir l\u2019univers gravel | Inverseteams","description":"El gravel no \u00e9s nom\u00e9s una disciplina en auge: \u00e9s una filosofia de vida sobre dues rodes que connecta aventura, rendiment i llibertat.","robots":{"index":"index","follow":"follow","max-snippet":"max-snippet:-1","max-image-preview":"max-image-preview:large","max-video-preview":"max-video-preview:-1"},"canonical":"https:\/\/www.inverseteams.com\/ca\/blog\/inverse-y-bixs-far_out-cycling-una-alianza-estrategica-para-conquistar-el-universo-gravel\/","og_locale":"ca_ES","og_type":"article","og_title":"Inverse i BIXS Far_Out Cycling: una alian\u00e7a estrat\u00e8gica per conquerir l\u2019univers gravel | Inverseteams","og_description":"El gravel no \u00e9s nom\u00e9s una disciplina en auge: \u00e9s una filosofia de vida sobre dues rodes que connecta aventura, rendiment i llibertat.","og_url":"https:\/\/www.inverseteams.com\/ca\/blog\/inverse-y-bixs-far_out-cycling-una-alianza-estrategica-para-conquistar-el-universo-gravel\/","og_site_name":"Inverseteams","article_publisher":"https:\/\/www.facebook.com\/inverseteams","article_published_time":"2025-06-18T10:54:27+00:00","article_modified_time":"2025-06-18T12:03:16+00:00","og_image":[{"width":1920,"height":1280,"url":"https:\/\/www.inverseteams.com\/wp-content\/uploads\/INVERSE-BIXS-FAR-OUT-CYCLING-GRAVEL-CUSTOM-001.jpg","type":"image\/jpeg"}],"author":"xavier","twitter_card":"summary_large_image","twitter_misc":{"Escrit per":"xavier","Temps estimat de lectura":"5 minut"},"schema":{"@context":"https:\/\/schema.org","@graph":[{"@type":"Article","@id":"https:\/\/www.inverseteams.com\/ca\/blog\/inverse-y-bixs-far_out-cycling-una-alianza-estrategica-para-conquistar-el-universo-gravel\/#article","isPartOf":{"@id":"https:\/\/www.inverseteams.com\/ca\/blog\/inverse-y-bixs-far_out-cycling-una-alianza-estrategica-para-conquistar-el-universo-gravel\/"},"author":{"name":"xavier","@id":"https:\/\/www.inverseteams.com\/ca\/#\/schema\/person\/8e9cda76b6449aea55a18c6b0f3a15f1"},"headline":"Inverse i BIXS Far_Out Cycling: una alian\u00e7a estrat\u00e8gica per conquerir l\u2019univers gravel","datePublished":"2025-06-18T10:54:27+00:00","dateModified":"2025-06-18T12:03:16+00:00","mainEntityOfPage":{"@id":"https:\/\/www.inverseteams.com\/ca\/blog\/inverse-y-bixs-far_out-cycling-una-alianza-estrategica-para-conquistar-el-universo-gravel\/"},"wordCount":717,"commentCount":0,"publisher":{"@id":"https:\/\/www.inverseteams.com\/ca\/#organization"},"image":{"@id":"https:\/\/www.inverseteams.com\/ca\/blog\/inverse-y-bixs-far_out-cycling-una-alianza-estrategica-para-conquistar-el-universo-gravel\/#primaryimage"},"thumbnailUrl":"https:\/\/www.inverseteams.com\/wp-content\/uploads\/INVERSE-BIXS-FAR-OUT-CYCLING-GRAVEL-CUSTOM-001.jpg","keywords":["roba ciclisme personalitzada","ciclisme bikepacking","col\u00b7lecci\u00f3 roba gravel","equipacions gravel 2025","gravel cycling fashion","Gravel-Kollektion","Inverse cyclisme gravel","marca ropa gravel","professional gravel kit","ropa ciclismo gravel personalizada","tend\u00e8ncies gravel ciclisme","v\u00eatements Inverse gravel","gravel bib shorts","ciclisme d&#8217;aventura","cuissard gravel","\u00e9quipement bikepacking","gravel cycling gear","Gravel-Kollektion 2025","Inverse gravel","marque v\u00eatements gravel","professionelle Gravel-Kleidung","ropa ciclismo gravel verano","tenue cycliste gravel","v\u00eatements techniques gravel","ropa ciclismo gravel","ciclisme tot terreny","culot gravel","\u00e9quipement gravel","gravel cyclisme","Gravel-Outfit","Inverse gravel clothing","ma\u00dfgeschneiderte Radbekleidung","roba ciclisme gravel estiu","ropa ciclista gravel","tenues gravel","winter gravel clothing","gravel jersey","ciclismo bikepacking","culote gravel","\u00e9quipement gravel professionnel","gravel jacket","Gravel-Radbekleidung","Inverse gravel collection","men\u2019s gravel clothing","roba ciclisme gravel hivern","ropa de gravel","veste gravel","women\u2019s gravel wear","maillot gravel","ciclismo de aventura","custom cycling clothing","estil gravel","gravel kit","Gravel-Radkollektion","Inverse Gravel-Bekleidung","moda ciclisme gravel","roba ciclisme gravel personalitzada","ropa gravel hombre","v\u00eatements cyclisme personnalis\u00e9s","BIXS","gravel cycling","ciclismo gravel moda","custom cycling gear","estilo gravel","gravel style","Gravel-Radoutfit","Inverse Gravel-Kollektion","moda gravel ciclisme","roba ciclista gravel","ropa gravel ligera","v\u00eatements cyclistes gravel","Inverse Gravel-Radsport","roba ciclisme gravel","ciclismo todoterreno","custom gravel apparel","gravel apparel","gravel style trends","Gravel-Radsport","Inverse roba gravel","moda gravel ciclismo","roba ciclista personalitzada","ropa gravel mujer","v\u00eatements cyclistes personnalis\u00e9s","roba personalitzada gravel","colecci\u00f3n gravel ciclismo","cyclisme aventure","gravel bike kit","Gravel-Bekleidung","Gravel-Radsportmode","Inverse ropa gravel","mode cyclisme gravel","roba de gravel","ropa gravel profesional","v\u00eatements gravel","ropa personalizada gravel","colecci\u00f3n Inverse gravel","cyclisme tout-terrain","gravel ciclisme","Gravel-Bekleidung Sommer","Gravel-Stil","jaqueta gravel","mode gravel cyclisme","roba gravel dona","ropa gravel resistente","v\u00eatements gravel \u00e9t\u00e9","ropa ciclista personalizada","colecci\u00f3n ropa gravel","design v\u00eatements gravel","gravel ciclismo","Gravel-Bekleidung Winter","Gravel-Tr\u00e4gerhose","kit gravel ciclisme","off-road cycling","roba gravel home","ropa t\u00e9cnica gravel","v\u00eatements gravel femme","2025 gravel collection","collection cyclisme gravel","dise\u00f1o ropa gravel","gravel clothing","Gravel-Bekleidungsmarke","Gravel-Trends","kit gravel ciclismo","Offroad-Radsport","roba gravel lleugera","style gravel","v\u00eatements gravel hiver","Abenteuer-Radsport","collection gravel","disseny roba gravel","gravel clothing brand","Gravel-Design","Gravel-Trikot","kit gravel cycliste","peces gravel","roba gravel professional","summer gravel kit","v\u00eatements gravel homme","adventure cycling","collection gravel 2025","durable gravel apparel","gravel clothing design","Gravel-Fashion","individuelle Gravel-Bekleidung","leichte Gravel-Kleidung","personalisierte Gravel-Radbekleidung","roba gravel resistent","technical gravel wear","v\u00eatements gravel l\u00e9gers","bikepacking gear","collection Inverse gravel","equipaci\u00f3 gravel","gravel collection","Gravel-Jacke","Inverse ciclisme gravel","lightweight gravel clothing","personalisierte Radbekleidung","roba t\u00e8cnica gravel","technische Gravel-Kleidung","v\u00eatements gravel personnalis\u00e9s","Bikepacking-Bekleidung","col\u00b7lecci\u00f3 gravel ciclisme","equipaci\u00f3n gravel","gravel cycling clothing","Gravel-Kleidung Damen","Inverse ciclismo gravel","mallot gravel","personalized gravel wear","robuste Gravel-Kleidung","tendances gravel cyclisme","v\u00eatements gravel r\u00e9sistants","ropa ciclismo personalizada","chaqueta gravel","col\u00b7lecci\u00f3 Inverse gravel","equipaciones gravel 2025","gravel cycling collection","Gravel-Kleidung Herren","Inverse cycling gravel","marca roba gravel","prendas gravel","ropa ciclismo gravel invierno","tendencias gravel ciclismo","v\u00eatements gravel sur mesure"],"articleSection":["Gravel"],"inLanguage":"ca","potentialAction":[{"@type":"CommentAction","name":"Comment","target":["https:\/\/www.inverseteams.com\/ca\/blog\/inverse-y-bixs-far_out-cycling-una-alianza-estrategica-para-conquistar-el-universo-gravel\/#respond"]}]},{"@type":"WebPage","@id":"https:\/\/www.inverseteams.com\/ca\/blog\/inverse-y-bixs-far_out-cycling-una-alianza-estrategica-para-conquistar-el-universo-gravel\/","url":"https:\/\/www.inverseteams.com\/ca\/blog\/inverse-y-bixs-far_out-cycling-una-alianza-estrategica-para-conquistar-el-universo-gravel\/","name":"Inverse i BIXS Far_Out Cycling: una alian\u00e7a estrat\u00e8gica per conquerir l\u2019univers gravel | Inverseteams","isPartOf":{"@id":"https:\/\/www.inverseteams.com\/ca\/#website"},"primaryImageOfPage":{"@id":"https:\/\/www.inverseteams.com\/ca\/blog\/inverse-y-bixs-far_out-cycling-una-alianza-estrategica-para-conquistar-el-universo-gravel\/#primaryimage"},"image":{"@id":"https:\/\/www.inverseteams.com\/ca\/blog\/inverse-y-bixs-far_out-cycling-una-alianza-estrategica-para-conquistar-el-universo-gravel\/#primaryimage"},"thumbnailUrl":"https:\/\/www.inverseteams.com\/wp-content\/uploads\/INVERSE-BIXS-FAR-OUT-CYCLING-GRAVEL-CUSTOM-001.jpg","datePublished":"2025-06-18T10:54:27+00:00","dateModified":"2025-06-18T12:03:16+00:00","description":"El gravel no \u00e9s nom\u00e9s una disciplina en auge: \u00e9s una filosofia de vida sobre dues rodes que connecta aventura, rendiment i llibertat.","breadcrumb":{"@id":"https:\/\/www.inverseteams.com\/ca\/blog\/inverse-y-bixs-far_out-cycling-una-alianza-estrategica-para-conquistar-el-universo-gravel\/#breadcrumb"},"inLanguage":"ca","potentialAction":[{"@type":"ReadAction","target":["https:\/\/www.inverseteams.com\/ca\/blog\/inverse-y-bixs-far_out-cycling-una-alianza-estrategica-para-conquistar-el-universo-gravel\/"]}]},{"@type":"ImageObject","inLanguage":"ca","@id":"https:\/\/www.inverseteams.com\/ca\/blog\/inverse-y-bixs-far_out-cycling-una-alianza-estrategica-para-conquistar-el-universo-gravel\/#primaryimage","url":"https:\/\/www.inverseteams.com\/wp-content\/uploads\/INVERSE-BIXS-FAR-OUT-CYCLING-GRAVEL-CUSTOM-001.jpg","contentUrl":"https:\/\/www.inverseteams.com\/wp-content\/uploads\/INVERSE-BIXS-FAR-OUT-CYCLING-GRAVEL-CUSTOM-001.jpg","width":1920,"height":1280},{"@type":"BreadcrumbList","@id":"https:\/\/www.inverseteams.com\/ca\/blog\/inverse-y-bixs-far_out-cycling-una-alianza-estrategica-para-conquistar-el-universo-gravel\/#breadcrumb","itemListElement":[{"@type":"ListItem","position":1,"name":"Portada","item":"https:\/\/www.inverseteams.com\/ca\/pagina-principal\/"},{"@type":"ListItem","position":2,"name":"Inverse i BIXS Far_Out Cycling: una alian\u00e7a estrat\u00e8gica per conquerir l\u2019univers gravel"}]},{"@type":"WebSite","@id":"https:\/\/www.inverseteams.com\/ca\/#website","url":"https:\/\/www.inverseteams.com\/ca\/","name":"Inverseteams","description":"Tu marca de ropa deportiva personalizada","publisher":{"@id":"https:\/\/www.inverseteams.com\/ca\/#organization"},"potentialAction":[{"@type":"SearchAction","target":{"@type":"EntryPoint","urlTemplate":"https:\/\/www.inverseteams.com\/ca\/?s={search_term_string}"},"query-input":{"@type":"PropertyValueSpecification","valueRequired":true,"valueName":"search_term_string"}}],"inLanguage":"ca"},{"@type":"Organization","@id":"https:\/\/www.inverseteams.com\/ca\/#organization","name":"Inverse Teams","url":"https:\/\/www.inverseteams.com\/ca\/","logo":{"@type":"ImageObject","inLanguage":"ca","@id":"https:\/\/www.inverseteams.com\/ca\/#\/schema\/logo\/image\/","url":"https:\/\/www.inverseteams.com\/wp-content\/uploads\/2021\/03\/logo-inverse-teams.png","contentUrl":"https:\/\/www.inverseteams.com\/wp-content\/uploads\/2021\/03\/logo-inverse-teams.png","width":294,"height":99,"caption":"Inverse Teams"},"image":{"@id":"https:\/\/www.inverseteams.com\/ca\/#\/schema\/logo\/image\/"},"sameAs":["https:\/\/www.facebook.com\/inverseteams","http:\/\/instagram.com\/inverseteams","https:\/\/www.linkedin.com\/company\/inverse-cirosport-s-l-?trk=job_view_topcard_company_name","http:\/\/www.pinterest.com\/inverseteams\/","http:\/\/www.youtube.com\/user\/inverseteams?feature=watch"]},{"@type":"Person","@id":"https:\/\/www.inverseteams.com\/ca\/#\/schema\/person\/8e9cda76b6449aea55a18c6b0f3a15f1","name":"xavier","image":{"@type":"ImageObject","inLanguage":"ca","@id":"https:\/\/secure.gravatar.com\/avatar\/602b199a1f28e97d83ab3a8bcb642260f5afd77cb09704889d85ddd70643cddb?s=96&d=mm&r=g","url":"https:\/\/secure.gravatar.com\/avatar\/602b199a1f28e97d83ab3a8bcb642260f5afd77cb09704889d85ddd70643cddb?s=96&d=mm&r=g","contentUrl":"https:\/\/secure.gravatar.com\/avatar\/602b199a1f28e97d83ab3a8bcb642260f5afd77cb09704889d85ddd70643cddb?s=96&d=mm&r=g","caption":"xavier"}}]}},"_links":{"self":[{"href":"https:\/\/www.inverseteams.com\/ca\/wp-json\/wp\/v2\/posts\/261853","targetHints":{"allow":["GET"]}}],"collection":[{"href":"https:\/\/www.inverseteams.com\/ca\/wp-json\/wp\/v2\/posts"}],"about":[{"href":"https:\/\/www.inverseteams.com\/ca\/wp-json\/wp\/v2\/types\/post"}],"author":[{"embeddable":true,"href":"https:\/\/www.inverseteams.com\/ca\/wp-json\/wp\/v2\/users\/12"}],"replies":[{"embeddable":true,"href":"https:\/\/www.inverseteams.com\/ca\/wp-json\/wp\/v2\/comments?post=261853"}],"version-history":[{"count":0,"href":"https:\/\/www.inverseteams.com\/ca\/wp-json\/wp\/v2\/posts\/261853\/revisions"}],"wp:featuredmedia":[{"embeddable":true,"href":"https:\/\/www.inverseteams.com\/ca\/wp-json\/wp\/v2\/media\/261809"}],"wp:attachment":[{"href":"https:\/\/www.inverseteams.com\/ca\/wp-json\/wp\/v2\/media?parent=261853"}],"wp:term":[{"taxonomy":"category","embeddable":true,"href":"https:\/\/www.inverseteams.com\/ca\/wp-json\/wp\/v2\/categories?post=261853"},{"taxonomy":"post_tag","embeddable":true,"href":"https:\/\/www.inverseteams.com\/ca\/wp-json\/wp\/v2\/tags?post=261853"}],"curies":[{"name":"wp","href":"https:\/\/api.w.org\/{rel}","templated":true}]}}