{"id":261745,"date":"2025-06-16T09:12:33","date_gmt":"2025-06-16T09:12:33","guid":{"rendered":"https:\/\/www.inverseteams.com\/blog\/inverse-y-polvu-cc-una-alianza-estrategica-para-impulsar-el-gravel\/"},"modified":"2025-06-16T09:59:26","modified_gmt":"2025-06-16T09:59:26","slug":"inverse-y-polvu-cc-una-alianza-estrategica-para-impulsar-el-gravel","status":"publish","type":"post","link":"https:\/\/www.inverseteams.com\/ca\/blog\/inverse-y-polvu-cc-una-alianza-estrategica-para-impulsar-el-gravel\/","title":{"rendered":"Inverse i Polvu.cc: una alian\u00e7a estrat\u00e8gica per impulsar el gravel"},"content":{"rendered":"\n<figure class=\"wp-block-image size-large\"><img loading=\"lazy\" decoding=\"async\" width=\"1024\" height=\"683\" src=\"https:\/\/www.inverseteams.com\/wp-content\/uploads\/INVERSE-POLVU-CYCLING-GRAVEL-COLABORACION-001-1024x683.jpg\" alt=\"\" class=\"wp-image-261722\" srcset=\"https:\/\/www.inverseteams.com\/wp-content\/uploads\/INVERSE-POLVU-CYCLING-GRAVEL-COLABORACION-001-1024x683.jpg 1024w, https:\/\/www.inverseteams.com\/wp-content\/uploads\/INVERSE-POLVU-CYCLING-GRAVEL-COLABORACION-001-300x200.jpg 300w, https:\/\/www.inverseteams.com\/wp-content\/uploads\/INVERSE-POLVU-CYCLING-GRAVEL-COLABORACION-001-768x512.jpg 768w, https:\/\/www.inverseteams.com\/wp-content\/uploads\/INVERSE-POLVU-CYCLING-GRAVEL-COLABORACION-001-1536x1024.jpg 1536w, https:\/\/www.inverseteams.com\/wp-content\/uploads\/INVERSE-POLVU-CYCLING-GRAVEL-COLABORACION-001-420x280.jpg 420w, https:\/\/www.inverseteams.com\/wp-content\/uploads\/INVERSE-POLVU-CYCLING-GRAVEL-COLABORACION-001-64x43.jpg 64w, https:\/\/www.inverseteams.com\/wp-content\/uploads\/INVERSE-POLVU-CYCLING-GRAVEL-COLABORACION-001.jpg 1920w\" sizes=\"auto, (max-width: 1024px) 100vw, 1024px\" \/><\/figure>\n\n\n<div class=\"wrapper-heading\">\n<h2 class=\"wp-block-heading\">El ciclisme de gravel \u00e9s molt m\u00e9s que una tend\u00e8ncia: \u00e9s una manera d\u2019explorar, de viure l\u2019aventura i de reconnectar amb l\u2019ess\u00e8ncia del ciclisme.<\/h2>\n<\/div>\n\n<div class=\"wrapper-heading\">\n<h3 class=\"wp-block-heading\">En aquest context de creixement imparable, Inverse refor\u00e7a el seu comprom\u00eds amb aquesta disciplina a trav\u00e9s d\u2019una col\u00b7laboraci\u00f3 estrat\u00e8gica amb Polvu.cc, el mitj\u00e0 digital m\u00e9s influent i especialitzat en gravel en llengua castellana.<\/h3>\n<\/div>\n\n\n<figure class=\"wp-block-image size-large\"><img loading=\"lazy\" decoding=\"async\" width=\"1024\" height=\"683\" src=\"https:\/\/www.inverseteams.com\/wp-content\/uploads\/INVERSE-POLVU-CYCLING-GRAVEL-COLABORACION-002-1024x683.jpg\" alt=\"\" class=\"wp-image-261727\" srcset=\"https:\/\/www.inverseteams.com\/wp-content\/uploads\/INVERSE-POLVU-CYCLING-GRAVEL-COLABORACION-002-1024x683.jpg 1024w, https:\/\/www.inverseteams.com\/wp-content\/uploads\/INVERSE-POLVU-CYCLING-GRAVEL-COLABORACION-002-300x200.jpg 300w, https:\/\/www.inverseteams.com\/wp-content\/uploads\/INVERSE-POLVU-CYCLING-GRAVEL-COLABORACION-002-768x512.jpg 768w, https:\/\/www.inverseteams.com\/wp-content\/uploads\/INVERSE-POLVU-CYCLING-GRAVEL-COLABORACION-002-1536x1024.jpg 1536w, https:\/\/www.inverseteams.com\/wp-content\/uploads\/INVERSE-POLVU-CYCLING-GRAVEL-COLABORACION-002-420x280.jpg 420w, https:\/\/www.inverseteams.com\/wp-content\/uploads\/INVERSE-POLVU-CYCLING-GRAVEL-COLABORACION-002-64x43.jpg 64w, https:\/\/www.inverseteams.com\/wp-content\/uploads\/INVERSE-POLVU-CYCLING-GRAVEL-COLABORACION-002.jpg 1920w\" sizes=\"auto, (max-width: 1024px) 100vw, 1024px\" \/><\/figure>\n\n\n<div class=\"wrapper-heading\">\n<h4 class=\"wp-block-heading\"><strong><strong>El gravel, un pilar estrat\u00e8gic per a Inverse<\/strong><\/strong><\/h4>\n<\/div>\n\n\n<p>A Inverse fa d\u00e8cades que desenvolupem roba t\u00e8cnica de ciclisme d\u2019alt rendiment per a esportistes exigents. I <strong>el gravel ocupa un lloc cada vegada m\u00e9s destacat dins la nostra estrat\u00e8gia de producte i innovaci\u00f3<\/strong>. Aquesta modalitat, que combina la llibertat del ciclisme de carretera amb la versatilitat del ciclisme de muntanya, requereix peces dissenyades per a la resist\u00e8ncia, la comoditat i l\u2019adaptaci\u00f3 a terrenys canviants.<\/p>\n\n\n\n<p><br>La nostra gamma de roba personalitzada i de col\u00b7lecci\u00f3 de roba de gravel per a home i dona inclou mallots transpirables, culots ergon\u00f2mics, armilles paravents, jaquetes impermeables, samarretes t\u00e8cniques i accessoris espec\u00edfics com maneguets, guants o gorres ciclistes, tots pensats per oferir el <strong>m\u00e0xim rendiment en rutes de llarga dist\u00e0ncia, bikepacking o aventures off-road.<\/strong><\/p>\n\n\n\n<figure class=\"wp-block-image size-large\"><img loading=\"lazy\" decoding=\"async\" width=\"1024\" height=\"683\" src=\"https:\/\/www.inverseteams.com\/wp-content\/uploads\/INVERSE-POLVU-CYCLING-GRAVEL-COLABORACION-003-1024x683.jpg\" alt=\"\" class=\"wp-image-261732\" srcset=\"https:\/\/www.inverseteams.com\/wp-content\/uploads\/INVERSE-POLVU-CYCLING-GRAVEL-COLABORACION-003-1024x683.jpg 1024w, https:\/\/www.inverseteams.com\/wp-content\/uploads\/INVERSE-POLVU-CYCLING-GRAVEL-COLABORACION-003-300x200.jpg 300w, https:\/\/www.inverseteams.com\/wp-content\/uploads\/INVERSE-POLVU-CYCLING-GRAVEL-COLABORACION-003-768x512.jpg 768w, https:\/\/www.inverseteams.com\/wp-content\/uploads\/INVERSE-POLVU-CYCLING-GRAVEL-COLABORACION-003-1536x1024.jpg 1536w, https:\/\/www.inverseteams.com\/wp-content\/uploads\/INVERSE-POLVU-CYCLING-GRAVEL-COLABORACION-003-420x280.jpg 420w, https:\/\/www.inverseteams.com\/wp-content\/uploads\/INVERSE-POLVU-CYCLING-GRAVEL-COLABORACION-003-64x43.jpg 64w, https:\/\/www.inverseteams.com\/wp-content\/uploads\/INVERSE-POLVU-CYCLING-GRAVEL-COLABORACION-003.jpg 1920w\" sizes=\"auto, (max-width: 1024px) 100vw, 1024px\" \/><\/figure>\n\n\n<div class=\"wrapper-heading\">\n<h4 class=\"wp-block-heading\"><strong><strong>Per qu\u00e8 Polvu.cc?<\/strong><\/strong><\/h4>\n<\/div>\n\n\n<p><strong><a href=\"https:\/\/polvu.cc\/\">Polvu.cc<\/a><\/strong> s\u2019ha consolidat com el mitj\u00e0 de refer\u00e8ncia per als apassionats del gravel. Els seus continguts combinen rigor, passi\u00f3 i una mirada experta que abasta des de rutes inspiradores fins a proves de material, entrevistes a ciclistes i reportatges d\u2019esdeveniments internacionals. La seva comunitat creix dia a dia, convertint-lo en un <strong>veritable punt de trobada per a aquells que entenen el ciclisme com una manera de descobrir el m\u00f3n a cop de pedal.<\/strong><\/p>\n\n\n\n<p><br>La connexi\u00f3 entre Inverse i Polvu.cc neix d\u2019una visi\u00f3 compartida: oferir valor real a la comunitat gravel mitjan\u00e7ant continguts, productes i experi\u00e8ncies aut\u00e8ntiques. No parlem nom\u00e9s d\u2019una col\u00b7laboraci\u00f3 puntual, sin\u00f3 d\u2019una alian\u00e7a que anir\u00e0 creixent a trav\u00e9s de diferents accions editorials i de producte.<\/p>\n\n\n\n<figure class=\"wp-block-image size-large\"><img loading=\"lazy\" decoding=\"async\" width=\"1024\" height=\"683\" src=\"https:\/\/www.inverseteams.com\/wp-content\/uploads\/INVERSE-POLVU-CYCLING-GRAVEL-COLABORACION-004-1024x683.jpg\" alt=\"\" class=\"wp-image-261737\" srcset=\"https:\/\/www.inverseteams.com\/wp-content\/uploads\/INVERSE-POLVU-CYCLING-GRAVEL-COLABORACION-004-1024x683.jpg 1024w, https:\/\/www.inverseteams.com\/wp-content\/uploads\/INVERSE-POLVU-CYCLING-GRAVEL-COLABORACION-004-300x200.jpg 300w, https:\/\/www.inverseteams.com\/wp-content\/uploads\/INVERSE-POLVU-CYCLING-GRAVEL-COLABORACION-004-768x512.jpg 768w, https:\/\/www.inverseteams.com\/wp-content\/uploads\/INVERSE-POLVU-CYCLING-GRAVEL-COLABORACION-004-1536x1024.jpg 1536w, https:\/\/www.inverseteams.com\/wp-content\/uploads\/INVERSE-POLVU-CYCLING-GRAVEL-COLABORACION-004-420x280.jpg 420w, https:\/\/www.inverseteams.com\/wp-content\/uploads\/INVERSE-POLVU-CYCLING-GRAVEL-COLABORACION-004-64x43.jpg 64w, https:\/\/www.inverseteams.com\/wp-content\/uploads\/INVERSE-POLVU-CYCLING-GRAVEL-COLABORACION-004.jpg 1920w\" sizes=\"auto, (max-width: 1024px) 100vw, 1024px\" \/><\/figure>\n\n\n<div class=\"wrapper-heading\">\n<h4 class=\"wp-block-heading\"><strong><strong>La primera col\u00b7lecci\u00f3 de roba de gravel per a Polvu.cc<\/strong><\/strong><\/h4>\n<\/div>\n\n\n<p>Fruit d\u2019aquesta col\u00b7laboraci\u00f3, hem llan\u00e7at una <strong>col\u00b7lecci\u00f3 exclusiva de <a href=\"https:\/\/www.inverseteams.com\/ca\/custom\/roba-gravel-personalitzada\/?utm_source=Blog&amp;utm_medium=blog&amp;utm_campaign=BL-068%2F25+Inverse+y+Polvu+CAT&amp;utm_id=BL-068%2F25+Inverse+y+Polvu+CAT&amp;utm_term=Inverse+y+Polvu+CAT&amp;utm_content=Inverse+y+Polvu+CAT\">roba personalitzada de gravel <\/a>per a Polvu.cc<\/strong>. Dissenyada per i per a amants del gravel, aquesta gamma inclou <strong>mallots t\u00e8cnics de m\u00e0niga curta i m\u00e0niga llarga<\/strong>, concebuts per oferir el m\u00e0xim confort i durabilitat en rutes llargues i terrenys variats. Una col\u00b7lecci\u00f3 que aposta per la funcionalitat, l\u2019est\u00e8tica minimalista i la resist\u00e8ncia que exigeix el veritable ciclisme d\u2019aventura.<\/p>\n\n\n<div class=\"wrapper-heading\">\n<h4 class=\"wp-block-heading\"><strong><strong>Roba t\u00e8cnica, comunitat i passi\u00f3 pel gravel<\/strong><\/strong><\/h4>\n<\/div>\n\n\n<p>A Inverse creiem que la millor manera de dissenyar <strong>roba de ciclisme per a gravel <\/strong>\u00e9s fer-ho al costat de qui millor coneix aquesta disciplina: els ciclistes, els creadors de contingut, els exploradors de camins de terra. Per aix\u00f2 aquesta col\u00b7laboraci\u00f3 amb Polvu.cc \u00e9s tan especial per a nosaltres.<\/p>\n\n\n\n<p><br>Amb aquesta alian\u00e7a, reafirmem el nostre <strong>comprom\u00eds amb el gravel com un dels eixos estrat\u00e8gics de creixement d\u2019Inverse,<\/strong> no nom\u00e9s pel que fa al producte, sin\u00f3 tamb\u00e9 en termes de cultura ciclista. Continuarem treballant plegats per oferir propostes que inspirin, equipin i acompanyin els ciclistes all\u00e0 on s\u2019acaba l\u2019asfalt i comencen les possibilitats.<\/p>\n\n\n\n<div class=\"wp-block-buttons is-layout-flex wp-block-buttons-is-layout-flex\">\n<div class=\"wp-block-button\"><a class=\"wp-block-button__link wp-element-button\" href=\"https:\/\/www.inverseteams.com\/ca\/custom\/roba-gravel-personalitzada\/?utm_source=Blog&amp;utm_medium=blog&amp;utm_campaign=BL-068%2F25+Inverse+y+Polvu+CAT&amp;utm_id=BL-068%2F25+Inverse+y+Polvu+CAT&amp;utm_term=Inverse+y+Polvu+CAT&amp;utm_content=Inverse+y+Polvu+CAT\"><strong>Gravel Custom<\/strong><\/a><\/div>\n<\/div>\n\n\n\n<div class=\"wp-block-buttons is-layout-flex wp-block-buttons-is-layout-flex\">\n<div class=\"wp-block-button\"><a class=\"wp-block-button__link wp-element-button\"><strong>Gravel Collection<\/strong><\/a><\/div>\n<\/div>\n\n\n\n<p><\/p>\n","protected":false},"excerpt":{"rendered":"<p>El ciclisme de gravel \u00e9s molt m\u00e9s que una tend\u00e8ncia: \u00e9s una manera d\u2019explorar, de viure l\u2019aventura i de reconnectar amb l\u2019ess\u00e8ncia del ciclisme. En aquest context de creixement imparable, Inverse refor\u00e7a el seu comprom\u00eds amb aquesta disciplina a trav\u00e9s d\u2019una col\u00b7laboraci\u00f3 estrat\u00e8gica amb Polvu.cc, el mitj\u00e0 digital m\u00e9s influent i especialitzat en gravel en [&hellip;]<\/p>\n","protected":false},"author":12,"featured_media":261723,"comment_status":"open","ping_status":"open","sticky":false,"template":"","format":"standard","meta":{"_acf_changed":false,"mc4wp_mailchimp_campaign":[],"footnotes":""},"categories":[14431],"tags":[10913,16667,16683,16699,16715,16731,16747,16763,16779,16795,16811,16827,10920,16668,16684,16700,16716,16732,16748,16764,16780,16796,16812,10921,16669,16685,16701,16717,16733,16749,16765,16781,16797,16813,10922,16670,16686,16702,16718,16734,16750,16766,16782,16798,16814,13614,16671,16687,16703,16719,16735,16751,16767,16783,16799,16815,16656,16672,16688,16704,16720,16736,16752,16768,16784,16800,16816,16657,16673,16689,16705,16721,16737,16753,16769,16785,16801,16817,16658,16674,16690,16706,16722,16738,16754,16770,16786,16802,16818,16659,16675,16691,16707,16723,16739,16755,16771,16787,16803,16819,16660,16676,16692,16708,16724,16740,16756,16772,16788,16804,16820,7787,16661,16677,16693,16709,16725,16741,16757,16773,16789,16805,16821,7788,16662,16678,16694,16710,16726,16742,16758,16774,16790,16806,16822,10167,16663,16679,16695,16711,16727,16743,16759,16775,16791,16807,16823,10177,16664,16680,16696,16712,16728,16744,16760,16776,16792,16808,16824,10178,16665,16681,16697,16713,16729,16745,16761,16777,16793,16809,16825,10349,16666,16682,16698,16714,16730,16746,16762,16778,16794,16810,16826],"class_list":["post-261745","post","type-post","status-publish","format-standard","has-post-thumbnail","hentry","category-gravel-ca","tag-gravel-cycling-ca","tag-ciclismo-gravel-moda-ca","tag-custom-cycling-gear-ca","tag-estilo-gravel-ca","tag-gravel-style-ca","tag-gravel-radoutfit-ca","tag-inverse-gravel-kollektion-ca","tag-moda-gravel-ciclisme-ca","tag-roba-ciclisme-gravel-hivern-ca","tag-ropa-de-gravel-ca","tag-veste-gravel-ca","tag-womens-gravel-wear-ca","tag-roba-ciclisme-gravel-ca","tag-ciclismo-todoterreno-ca","tag-custom-gravel-apparel-ca","tag-gravel-apparel-ca","tag-gravel-style-trends-ca","tag-gravel-radsport-ca","tag-inverse-roba-gravel-ca","tag-moda-gravel-ciclismo-ca","tag-roba-ciclisme-gravel-personalitzada-ca","tag-ropa-gravel-hombre-ca","tag-vetements-cyclisme-personnalises-ca","tag-roba-personalitzada-gravel-ca","tag-coleccion-gravel-ciclismo-ca","tag-cyclisme-aventure-ca","tag-gravel-bike-kit-ca","tag-gravel-bekleidung-ca","tag-gravel-radsportmode-ca","tag-inverse-ropa-gravel-ca","tag-mode-cyclisme-gravel-ca","tag-roba-ciclista-gravel-ca","tag-ropa-gravel-ligera-ca","tag-vetements-cyclistes-gravel-ca","tag-ropa-personalizada-gravel-ca","tag-coleccion-inverse-gravel-ca","tag-cyclisme-tout-terrain-ca","tag-gravel-ciclisme-ca","tag-gravel-bekleidung-sommer-ca","tag-gravel-stil-ca","tag-jaqueta-gravel-ca","tag-mode-gravel-cyclisme-ca","tag-roba-ciclista-personalitzada-ca","tag-ropa-gravel-mujer-ca","tag-vetements-cyclistes-personnalises-ca","tag-ropa-ciclista-personalizada-2-ca","tag-coleccion-ropa-gravel-ca","tag-design-vetements-gravel-ca","tag-gravel-ciclismo-ca","tag-gravel-bekleidung-winter-ca","tag-gravel-tragerhose-ca","tag-kit-gravel-ciclisme-ca","tag-off-road-cycling-ca","tag-roba-de-gravel-ca","tag-ropa-gravel-profesional-ca","tag-vetements-gravel-2-ca","tag-2025-gravel-collection-ca","tag-collection-cyclisme-gravel-ca","tag-diseno-ropa-gravel-ca","tag-gravel-clothing-ca","tag-gravel-bekleidungsmarke-ca","tag-gravel-trends-ca","tag-kit-gravel-ciclismo-ca","tag-offroad-radsport-ca","tag-roba-gravel-dona-ca","tag-ropa-gravel-resistente-ca","tag-vetements-gravel-ete-ca","tag-abenteuer-radsport-ca","tag-collection-gravel-ca","tag-disseny-roba-gravel-ca","tag-gravel-clothing-brand-ca","tag-gravel-design-ca","tag-gravel-trikot-ca","tag-kit-gravel-cycliste-ca","tag-peces-gravel-ca","tag-roba-gravel-home-ca","tag-ropa-tecnica-gravel-ca","tag-vetements-gravel-femme-ca","tag-adventure-cycling-ca","tag-collection-gravel-2025-ca","tag-durable-gravel-apparel-ca","tag-gravel-clothing-design-ca","tag-gravel-fashion-ca","tag-individuelle-gravel-bekleidung-ca","tag-leichte-gravel-kleidung-ca","tag-personalisierte-gravel-radbekleidung-ca","tag-roba-gravel-lleugera-ca","tag-style-gravel-ca","tag-vetements-gravel-hiver-ca","tag-bikepacking-gear-ca","tag-collection-inverse-gravel-ca","tag-equipacio-gravel-ca","tag-gravel-collection-ca","tag-gravel-jacke-ca","tag-inverse-ciclisme-gravel-ca","tag-lightweight-gravel-clothing-ca","tag-personalisierte-radbekleidung-ca","tag-roba-gravel-professional-ca","tag-summer-gravel-kit-ca","tag-vetements-gravel-homme-ca","tag-bikepacking-bekleidung-ca","tag-colleccio-gravel-ciclisme-ca","tag-equipacion-gravel-ca","tag-gravel-cycling-clothing-ca","tag-gravel-kleidung-damen-ca","tag-inverse-ciclismo-gravel-ca","tag-mallot-gravel-ca","tag-personalized-gravel-wear-ca","tag-roba-gravel-resistent-ca","tag-technical-gravel-wear-ca","tag-vetements-gravel-legers-ca","tag-ropa-ciclismo-personalizada-ca","tag-chaqueta-gravel-ca","tag-colleccio-inverse-gravel-ca","tag-equipaciones-gravel-2025-ca","tag-gravel-cycling-collection-ca","tag-gravel-kleidung-herren-ca","tag-inverse-cycling-gravel-ca","tag-marca-roba-gravel-ca","tag-polvu-ca","tag-roba-tecnica-gravel-ca","tag-technische-gravel-kleidung-ca","tag-vetements-gravel-personnalises-ca","tag-roba-ciclisme-personalitzada-ca","tag-ciclisme-bikepacking-ca","tag-colleccio-roba-gravel-ca","tag-equipacions-gravel-2025-ca","tag-gravel-cycling-fashion-ca","tag-gravel-kollektion-ca","tag-inverse-cyclisme-gravel-ca","tag-marca-ropa-gravel-ca","tag-polvu-cc-ca","tag-robuste-gravel-kleidung-ca","tag-tendances-gravel-cyclisme-ca","tag-vetements-gravel-resistants-ca","tag-gravel-bib-shorts-ca","tag-ciclisme-daventura-ca","tag-cuissard-gravel-ca","tag-equipement-bikepacking-ca","tag-gravel-cycling-gear-ca","tag-gravel-kollektion-2025-ca","tag-inverse-gravel-ca","tag-marque-vetements-gravel-ca","tag-prendas-gravel-ca","tag-ropa-ciclismo-gravel-invierno-ca","tag-tendencias-gravel-ciclismo-ca","tag-vetements-gravel-sur-mesure-ca","tag-ropa-ciclismo-gravel-ca","tag-ciclisme-tot-terreny-ca","tag-culot-gravel-ca","tag-equipement-gravel-ca","tag-gravel-cyclisme-2-ca","tag-gravel-outfit-ca","tag-inverse-gravel-clothing-ca","tag-masgeschneiderte-radbekleidung-ca","tag-professional-gravel-kit-ca","tag-ropa-ciclismo-gravel-personalizada-ca","tag-tendencies-gravel-ciclisme-ca","tag-vetements-inverse-gravel-ca","tag-gravel-jersey-ca","tag-ciclismo-bikepacking-ca","tag-culote-gravel-ca","tag-equipement-gravel-professionnel-ca","tag-gravel-jacket-ca","tag-gravel-radbekleidung-ca","tag-inverse-gravel-collection-ca","tag-mens-gravel-clothing-ca","tag-professionelle-gravel-kleidung-ca","tag-ropa-ciclismo-gravel-verano-ca","tag-tenue-cycliste-gravel-ca","tag-vetements-techniques-gravel-ca","tag-maillot-gravel-ca","tag-ciclismo-de-aventura-ca","tag-custom-cycling-clothing-ca","tag-estil-gravel-ca","tag-gravel-kit-ca","tag-gravel-radkollektion-ca","tag-inverse-gravel-bekleidung-ca","tag-moda-ciclisme-gravel-ca","tag-roba-ciclisme-gravel-estiu-ca","tag-ropa-ciclista-gravel-ca","tag-tenues-gravel-2-ca","tag-winter-gravel-clothing-ca"],"acf":[],"yoast_head":"<!-- This site is optimized with the Yoast SEO plugin v27.3 - https:\/\/yoast.com\/product\/yoast-seo-wordpress\/ -->\n<title>Inverse i Polvu.cc: una alian\u00e7a estrat\u00e8gica per impulsar el gravel | Inverseteams<\/title>\n<meta name=\"description\" content=\"El ciclisme de gravel \u00e9s molt m\u00e9s que una tend\u00e8ncia: \u00e9s una manera d\u2019explorar, de viure l\u2019aventura i de reconnectar amb l\u2019ess\u00e8ncia del ciclisme.\" \/>\n<meta name=\"robots\" content=\"index, follow, max-snippet:-1, max-image-preview:large, max-video-preview:-1\" \/>\n<link rel=\"canonical\" href=\"https:\/\/www.inverseteams.com\/ca\/blog\/inverse-y-polvu-cc-una-alianza-estrategica-para-impulsar-el-gravel\/\" \/>\n<meta property=\"og:locale\" content=\"ca_ES\" \/>\n<meta property=\"og:type\" content=\"article\" \/>\n<meta property=\"og:title\" content=\"Inverse i Polvu.cc: una alian\u00e7a estrat\u00e8gica per impulsar el gravel | Inverseteams\" \/>\n<meta property=\"og:description\" content=\"El ciclisme de gravel \u00e9s molt m\u00e9s que una tend\u00e8ncia: \u00e9s una manera d\u2019explorar, de viure l\u2019aventura i de reconnectar amb l\u2019ess\u00e8ncia del ciclisme.\" \/>\n<meta property=\"og:url\" content=\"https:\/\/www.inverseteams.com\/ca\/blog\/inverse-y-polvu-cc-una-alianza-estrategica-para-impulsar-el-gravel\/\" \/>\n<meta property=\"og:site_name\" content=\"Inverseteams\" \/>\n<meta property=\"article:publisher\" content=\"https:\/\/www.facebook.com\/inverseteams\" \/>\n<meta property=\"article:published_time\" content=\"2025-06-16T09:12:33+00:00\" \/>\n<meta property=\"article:modified_time\" content=\"2025-06-16T09:59:26+00:00\" \/>\n<meta property=\"og:image\" content=\"https:\/\/www.inverseteams.com\/wp-content\/uploads\/INVERSE-POLVU-CYCLING-GRAVEL-COLABORACION-001.jpg\" \/>\n\t<meta property=\"og:image:width\" content=\"1920\" \/>\n\t<meta property=\"og:image:height\" content=\"1280\" \/>\n\t<meta property=\"og:image:type\" content=\"image\/jpeg\" \/>\n<meta name=\"author\" content=\"xavier\" \/>\n<meta name=\"twitter:card\" content=\"summary_large_image\" \/>\n<meta name=\"twitter:label1\" content=\"Escrit per\" \/>\n\t<meta name=\"twitter:data1\" content=\"xavier\" \/>\n\t<meta name=\"twitter:label2\" content=\"Temps estimat de lectura\" \/>\n\t<meta name=\"twitter:data2\" content=\"4 minut\" \/>\n<script type=\"application\/ld+json\" class=\"yoast-schema-graph\">{\"@context\":\"https:\\\/\\\/schema.org\",\"@graph\":[{\"@type\":\"Article\",\"@id\":\"https:\\\/\\\/www.inverseteams.com\\\/ca\\\/blog\\\/inverse-y-polvu-cc-una-alianza-estrategica-para-impulsar-el-gravel\\\/#article\",\"isPartOf\":{\"@id\":\"https:\\\/\\\/www.inverseteams.com\\\/ca\\\/blog\\\/inverse-y-polvu-cc-una-alianza-estrategica-para-impulsar-el-gravel\\\/\"},\"author\":{\"name\":\"xavier\",\"@id\":\"https:\\\/\\\/www.inverseteams.com\\\/ca\\\/#\\\/schema\\\/person\\\/8e9cda76b6449aea55a18c6b0f3a15f1\"},\"headline\":\"Inverse i Polvu.cc: una alian\u00e7a estrat\u00e8gica per impulsar el gravel\",\"datePublished\":\"2025-06-16T09:12:33+00:00\",\"dateModified\":\"2025-06-16T09:59:26+00:00\",\"mainEntityOfPage\":{\"@id\":\"https:\\\/\\\/www.inverseteams.com\\\/ca\\\/blog\\\/inverse-y-polvu-cc-una-alianza-estrategica-para-impulsar-el-gravel\\\/\"},\"wordCount\":578,\"commentCount\":0,\"publisher\":{\"@id\":\"https:\\\/\\\/www.inverseteams.com\\\/ca\\\/#organization\"},\"image\":{\"@id\":\"https:\\\/\\\/www.inverseteams.com\\\/ca\\\/blog\\\/inverse-y-polvu-cc-una-alianza-estrategica-para-impulsar-el-gravel\\\/#primaryimage\"},\"thumbnailUrl\":\"https:\\\/\\\/www.inverseteams.com\\\/wp-content\\\/uploads\\\/INVERSE-POLVU-CYCLING-GRAVEL-COLABORACION-001.jpg\",\"keywords\":[\"gravel cycling\",\"ciclismo gravel moda\",\"custom cycling gear\",\"estilo gravel\",\"gravel style\",\"Gravel-Radoutfit\",\"Inverse Gravel-Kollektion\",\"moda gravel ciclisme\",\"roba ciclisme gravel hivern\",\"ropa de gravel\",\"veste gravel\",\"women\u2019s gravel wear\",\"roba ciclisme gravel\",\"ciclismo todoterreno\",\"custom gravel apparel\",\"gravel apparel\",\"gravel style trends\",\"Gravel-Radsport\",\"Inverse roba gravel\",\"moda gravel ciclismo\",\"roba ciclisme gravel personalitzada\",\"ropa gravel hombre\",\"v\u00eatements cyclisme personnalis\u00e9s\",\"roba personalitzada gravel\",\"colecci\u00f3n gravel ciclismo\",\"cyclisme aventure\",\"gravel bike kit\",\"Gravel-Bekleidung\",\"Gravel-Radsportmode\",\"Inverse ropa gravel\",\"mode cyclisme gravel\",\"roba ciclista gravel\",\"ropa gravel ligera\",\"v\u00eatements cyclistes gravel\",\"ropa personalizada gravel\",\"colecci\u00f3n Inverse gravel\",\"cyclisme tout-terrain\",\"gravel ciclisme\",\"Gravel-Bekleidung Sommer\",\"Gravel-Stil\",\"jaqueta gravel\",\"mode gravel cyclisme\",\"roba ciclista personalitzada\",\"ropa gravel mujer\",\"v\u00eatements cyclistes personnalis\u00e9s\",\"ropa ciclista personalizada\",\"colecci\u00f3n ropa gravel\",\"design v\u00eatements gravel\",\"gravel ciclismo\",\"Gravel-Bekleidung Winter\",\"Gravel-Tr\u00e4gerhose\",\"kit gravel ciclisme\",\"off-road cycling\",\"roba de gravel\",\"ropa gravel profesional\",\"v\u00eatements gravel\",\"2025 gravel collection\",\"collection cyclisme gravel\",\"dise\u00f1o ropa gravel\",\"gravel clothing\",\"Gravel-Bekleidungsmarke\",\"Gravel-Trends\",\"kit gravel ciclismo\",\"Offroad-Radsport\",\"roba gravel dona\",\"ropa gravel resistente\",\"v\u00eatements gravel \u00e9t\u00e9\",\"Abenteuer-Radsport\",\"collection gravel\",\"disseny roba gravel\",\"gravel clothing brand\",\"Gravel-Design\",\"Gravel-Trikot\",\"kit gravel cycliste\",\"peces gravel\",\"roba gravel home\",\"ropa t\u00e9cnica gravel\",\"v\u00eatements gravel femme\",\"adventure cycling\",\"collection gravel 2025\",\"durable gravel apparel\",\"gravel clothing design\",\"Gravel-Fashion\",\"individuelle Gravel-Bekleidung\",\"leichte Gravel-Kleidung\",\"personalisierte Gravel-Radbekleidung\",\"roba gravel lleugera\",\"style gravel\",\"v\u00eatements gravel hiver\",\"bikepacking gear\",\"collection Inverse gravel\",\"equipaci\u00f3 gravel\",\"gravel collection\",\"Gravel-Jacke\",\"Inverse ciclisme gravel\",\"lightweight gravel clothing\",\"personalisierte Radbekleidung\",\"roba gravel professional\",\"summer gravel kit\",\"v\u00eatements gravel homme\",\"Bikepacking-Bekleidung\",\"col\u00b7lecci\u00f3 gravel ciclisme\",\"equipaci\u00f3n gravel\",\"gravel cycling clothing\",\"Gravel-Kleidung Damen\",\"Inverse ciclismo gravel\",\"mallot gravel\",\"personalized gravel wear\",\"roba gravel resistent\",\"technical gravel wear\",\"v\u00eatements gravel l\u00e9gers\",\"ropa ciclismo personalizada\",\"chaqueta gravel\",\"col\u00b7lecci\u00f3 Inverse gravel\",\"equipaciones gravel 2025\",\"gravel cycling collection\",\"Gravel-Kleidung Herren\",\"Inverse cycling gravel\",\"marca roba gravel\",\"Polvu\",\"roba t\u00e8cnica gravel\",\"technische Gravel-Kleidung\",\"v\u00eatements gravel personnalis\u00e9s\",\"roba ciclisme personalitzada\",\"ciclisme bikepacking\",\"col\u00b7lecci\u00f3 roba gravel\",\"equipacions gravel 2025\",\"gravel cycling fashion\",\"Gravel-Kollektion\",\"Inverse cyclisme gravel\",\"marca ropa gravel\",\"polvu.cc\",\"robuste Gravel-Kleidung\",\"tendances gravel cyclisme\",\"v\u00eatements gravel r\u00e9sistants\",\"gravel bib shorts\",\"ciclisme d&#8217;aventura\",\"cuissard gravel\",\"\u00e9quipement bikepacking\",\"gravel cycling gear\",\"Gravel-Kollektion 2025\",\"Inverse gravel\",\"marque v\u00eatements gravel\",\"prendas gravel\",\"ropa ciclismo gravel invierno\",\"tendencias gravel ciclismo\",\"v\u00eatements gravel sur mesure\",\"ropa ciclismo gravel\",\"ciclisme tot terreny\",\"culot gravel\",\"\u00e9quipement gravel\",\"gravel cyclisme\",\"Gravel-Outfit\",\"Inverse gravel clothing\",\"ma\u00dfgeschneiderte Radbekleidung\",\"professional gravel kit\",\"ropa ciclismo gravel personalizada\",\"tend\u00e8ncies gravel ciclisme\",\"v\u00eatements Inverse gravel\",\"gravel jersey\",\"ciclismo bikepacking\",\"culote gravel\",\"\u00e9quipement gravel professionnel\",\"gravel jacket\",\"Gravel-Radbekleidung\",\"Inverse gravel collection\",\"men\u2019s gravel clothing\",\"professionelle Gravel-Kleidung\",\"ropa ciclismo gravel verano\",\"tenue cycliste gravel\",\"v\u00eatements techniques gravel\",\"maillot gravel\",\"ciclismo de aventura\",\"custom cycling clothing\",\"estil gravel\",\"gravel kit\",\"Gravel-Radkollektion\",\"Inverse Gravel-Bekleidung\",\"moda ciclisme gravel\",\"roba ciclisme gravel estiu\",\"ropa ciclista gravel\",\"tenues gravel\",\"winter gravel clothing\"],\"articleSection\":[\"Gravel\"],\"inLanguage\":\"ca\",\"potentialAction\":[{\"@type\":\"CommentAction\",\"name\":\"Comment\",\"target\":[\"https:\\\/\\\/www.inverseteams.com\\\/ca\\\/blog\\\/inverse-y-polvu-cc-una-alianza-estrategica-para-impulsar-el-gravel\\\/#respond\"]}]},{\"@type\":\"WebPage\",\"@id\":\"https:\\\/\\\/www.inverseteams.com\\\/ca\\\/blog\\\/inverse-y-polvu-cc-una-alianza-estrategica-para-impulsar-el-gravel\\\/\",\"url\":\"https:\\\/\\\/www.inverseteams.com\\\/ca\\\/blog\\\/inverse-y-polvu-cc-una-alianza-estrategica-para-impulsar-el-gravel\\\/\",\"name\":\"Inverse i Polvu.cc: una alian\u00e7a estrat\u00e8gica per impulsar el gravel | Inverseteams\",\"isPartOf\":{\"@id\":\"https:\\\/\\\/www.inverseteams.com\\\/ca\\\/#website\"},\"primaryImageOfPage\":{\"@id\":\"https:\\\/\\\/www.inverseteams.com\\\/ca\\\/blog\\\/inverse-y-polvu-cc-una-alianza-estrategica-para-impulsar-el-gravel\\\/#primaryimage\"},\"image\":{\"@id\":\"https:\\\/\\\/www.inverseteams.com\\\/ca\\\/blog\\\/inverse-y-polvu-cc-una-alianza-estrategica-para-impulsar-el-gravel\\\/#primaryimage\"},\"thumbnailUrl\":\"https:\\\/\\\/www.inverseteams.com\\\/wp-content\\\/uploads\\\/INVERSE-POLVU-CYCLING-GRAVEL-COLABORACION-001.jpg\",\"datePublished\":\"2025-06-16T09:12:33+00:00\",\"dateModified\":\"2025-06-16T09:59:26+00:00\",\"description\":\"El ciclisme de gravel \u00e9s molt m\u00e9s que una tend\u00e8ncia: \u00e9s una manera d\u2019explorar, de viure l\u2019aventura i de reconnectar amb l\u2019ess\u00e8ncia del ciclisme.\",\"breadcrumb\":{\"@id\":\"https:\\\/\\\/www.inverseteams.com\\\/ca\\\/blog\\\/inverse-y-polvu-cc-una-alianza-estrategica-para-impulsar-el-gravel\\\/#breadcrumb\"},\"inLanguage\":\"ca\",\"potentialAction\":[{\"@type\":\"ReadAction\",\"target\":[\"https:\\\/\\\/www.inverseteams.com\\\/ca\\\/blog\\\/inverse-y-polvu-cc-una-alianza-estrategica-para-impulsar-el-gravel\\\/\"]}]},{\"@type\":\"ImageObject\",\"inLanguage\":\"ca\",\"@id\":\"https:\\\/\\\/www.inverseteams.com\\\/ca\\\/blog\\\/inverse-y-polvu-cc-una-alianza-estrategica-para-impulsar-el-gravel\\\/#primaryimage\",\"url\":\"https:\\\/\\\/www.inverseteams.com\\\/wp-content\\\/uploads\\\/INVERSE-POLVU-CYCLING-GRAVEL-COLABORACION-001.jpg\",\"contentUrl\":\"https:\\\/\\\/www.inverseteams.com\\\/wp-content\\\/uploads\\\/INVERSE-POLVU-CYCLING-GRAVEL-COLABORACION-001.jpg\",\"width\":1920,\"height\":1280},{\"@type\":\"BreadcrumbList\",\"@id\":\"https:\\\/\\\/www.inverseteams.com\\\/ca\\\/blog\\\/inverse-y-polvu-cc-una-alianza-estrategica-para-impulsar-el-gravel\\\/#breadcrumb\",\"itemListElement\":[{\"@type\":\"ListItem\",\"position\":1,\"name\":\"Portada\",\"item\":\"https:\\\/\\\/www.inverseteams.com\\\/ca\\\/pagina-principal\\\/\"},{\"@type\":\"ListItem\",\"position\":2,\"name\":\"Inverse i Polvu.cc: una alian\u00e7a estrat\u00e8gica per impulsar el gravel\"}]},{\"@type\":\"WebSite\",\"@id\":\"https:\\\/\\\/www.inverseteams.com\\\/ca\\\/#website\",\"url\":\"https:\\\/\\\/www.inverseteams.com\\\/ca\\\/\",\"name\":\"Inverseteams\",\"description\":\"Tu marca de ropa deportiva personalizada\",\"publisher\":{\"@id\":\"https:\\\/\\\/www.inverseteams.com\\\/ca\\\/#organization\"},\"potentialAction\":[{\"@type\":\"SearchAction\",\"target\":{\"@type\":\"EntryPoint\",\"urlTemplate\":\"https:\\\/\\\/www.inverseteams.com\\\/ca\\\/?s={search_term_string}\"},\"query-input\":{\"@type\":\"PropertyValueSpecification\",\"valueRequired\":true,\"valueName\":\"search_term_string\"}}],\"inLanguage\":\"ca\"},{\"@type\":\"Organization\",\"@id\":\"https:\\\/\\\/www.inverseteams.com\\\/ca\\\/#organization\",\"name\":\"Inverse Teams\",\"url\":\"https:\\\/\\\/www.inverseteams.com\\\/ca\\\/\",\"logo\":{\"@type\":\"ImageObject\",\"inLanguage\":\"ca\",\"@id\":\"https:\\\/\\\/www.inverseteams.com\\\/ca\\\/#\\\/schema\\\/logo\\\/image\\\/\",\"url\":\"https:\\\/\\\/www.inverseteams.com\\\/wp-content\\\/uploads\\\/2021\\\/03\\\/logo-inverse-teams.png\",\"contentUrl\":\"https:\\\/\\\/www.inverseteams.com\\\/wp-content\\\/uploads\\\/2021\\\/03\\\/logo-inverse-teams.png\",\"width\":294,\"height\":99,\"caption\":\"Inverse Teams\"},\"image\":{\"@id\":\"https:\\\/\\\/www.inverseteams.com\\\/ca\\\/#\\\/schema\\\/logo\\\/image\\\/\"},\"sameAs\":[\"https:\\\/\\\/www.facebook.com\\\/inverseteams\",\"http:\\\/\\\/instagram.com\\\/inverseteams\",\"https:\\\/\\\/www.linkedin.com\\\/company\\\/inverse-cirosport-s-l-?trk=job_view_topcard_company_name\",\"http:\\\/\\\/www.pinterest.com\\\/inverseteams\\\/\",\"http:\\\/\\\/www.youtube.com\\\/user\\\/inverseteams?feature=watch\"]},{\"@type\":\"Person\",\"@id\":\"https:\\\/\\\/www.inverseteams.com\\\/ca\\\/#\\\/schema\\\/person\\\/8e9cda76b6449aea55a18c6b0f3a15f1\",\"name\":\"xavier\",\"image\":{\"@type\":\"ImageObject\",\"inLanguage\":\"ca\",\"@id\":\"https:\\\/\\\/secure.gravatar.com\\\/avatar\\\/602b199a1f28e97d83ab3a8bcb642260f5afd77cb09704889d85ddd70643cddb?s=96&d=mm&r=g\",\"url\":\"https:\\\/\\\/secure.gravatar.com\\\/avatar\\\/602b199a1f28e97d83ab3a8bcb642260f5afd77cb09704889d85ddd70643cddb?s=96&d=mm&r=g\",\"contentUrl\":\"https:\\\/\\\/secure.gravatar.com\\\/avatar\\\/602b199a1f28e97d83ab3a8bcb642260f5afd77cb09704889d85ddd70643cddb?s=96&d=mm&r=g\",\"caption\":\"xavier\"}}]}<\/script>\n<!-- \/ Yoast SEO plugin. -->","yoast_head_json":{"title":"Inverse i Polvu.cc: una alian\u00e7a estrat\u00e8gica per impulsar el gravel | Inverseteams","description":"El ciclisme de gravel \u00e9s molt m\u00e9s que una tend\u00e8ncia: \u00e9s una manera d\u2019explorar, de viure l\u2019aventura i de reconnectar amb l\u2019ess\u00e8ncia del ciclisme.","robots":{"index":"index","follow":"follow","max-snippet":"max-snippet:-1","max-image-preview":"max-image-preview:large","max-video-preview":"max-video-preview:-1"},"canonical":"https:\/\/www.inverseteams.com\/ca\/blog\/inverse-y-polvu-cc-una-alianza-estrategica-para-impulsar-el-gravel\/","og_locale":"ca_ES","og_type":"article","og_title":"Inverse i Polvu.cc: una alian\u00e7a estrat\u00e8gica per impulsar el gravel | Inverseteams","og_description":"El ciclisme de gravel \u00e9s molt m\u00e9s que una tend\u00e8ncia: \u00e9s una manera d\u2019explorar, de viure l\u2019aventura i de reconnectar amb l\u2019ess\u00e8ncia del ciclisme.","og_url":"https:\/\/www.inverseteams.com\/ca\/blog\/inverse-y-polvu-cc-una-alianza-estrategica-para-impulsar-el-gravel\/","og_site_name":"Inverseteams","article_publisher":"https:\/\/www.facebook.com\/inverseteams","article_published_time":"2025-06-16T09:12:33+00:00","article_modified_time":"2025-06-16T09:59:26+00:00","og_image":[{"width":1920,"height":1280,"url":"https:\/\/www.inverseteams.com\/wp-content\/uploads\/INVERSE-POLVU-CYCLING-GRAVEL-COLABORACION-001.jpg","type":"image\/jpeg"}],"author":"xavier","twitter_card":"summary_large_image","twitter_misc":{"Escrit per":"xavier","Temps estimat de lectura":"4 minut"},"schema":{"@context":"https:\/\/schema.org","@graph":[{"@type":"Article","@id":"https:\/\/www.inverseteams.com\/ca\/blog\/inverse-y-polvu-cc-una-alianza-estrategica-para-impulsar-el-gravel\/#article","isPartOf":{"@id":"https:\/\/www.inverseteams.com\/ca\/blog\/inverse-y-polvu-cc-una-alianza-estrategica-para-impulsar-el-gravel\/"},"author":{"name":"xavier","@id":"https:\/\/www.inverseteams.com\/ca\/#\/schema\/person\/8e9cda76b6449aea55a18c6b0f3a15f1"},"headline":"Inverse i Polvu.cc: una alian\u00e7a estrat\u00e8gica per impulsar el gravel","datePublished":"2025-06-16T09:12:33+00:00","dateModified":"2025-06-16T09:59:26+00:00","mainEntityOfPage":{"@id":"https:\/\/www.inverseteams.com\/ca\/blog\/inverse-y-polvu-cc-una-alianza-estrategica-para-impulsar-el-gravel\/"},"wordCount":578,"commentCount":0,"publisher":{"@id":"https:\/\/www.inverseteams.com\/ca\/#organization"},"image":{"@id":"https:\/\/www.inverseteams.com\/ca\/blog\/inverse-y-polvu-cc-una-alianza-estrategica-para-impulsar-el-gravel\/#primaryimage"},"thumbnailUrl":"https:\/\/www.inverseteams.com\/wp-content\/uploads\/INVERSE-POLVU-CYCLING-GRAVEL-COLABORACION-001.jpg","keywords":["gravel cycling","ciclismo gravel moda","custom cycling gear","estilo gravel","gravel style","Gravel-Radoutfit","Inverse Gravel-Kollektion","moda gravel ciclisme","roba ciclisme gravel hivern","ropa de gravel","veste gravel","women\u2019s gravel wear","roba ciclisme gravel","ciclismo todoterreno","custom gravel apparel","gravel apparel","gravel style trends","Gravel-Radsport","Inverse roba gravel","moda gravel ciclismo","roba ciclisme gravel personalitzada","ropa gravel hombre","v\u00eatements cyclisme personnalis\u00e9s","roba personalitzada gravel","colecci\u00f3n gravel ciclismo","cyclisme aventure","gravel bike kit","Gravel-Bekleidung","Gravel-Radsportmode","Inverse ropa gravel","mode cyclisme gravel","roba ciclista gravel","ropa gravel ligera","v\u00eatements cyclistes gravel","ropa personalizada gravel","colecci\u00f3n Inverse gravel","cyclisme tout-terrain","gravel ciclisme","Gravel-Bekleidung Sommer","Gravel-Stil","jaqueta gravel","mode gravel cyclisme","roba ciclista personalitzada","ropa gravel mujer","v\u00eatements cyclistes personnalis\u00e9s","ropa ciclista personalizada","colecci\u00f3n ropa gravel","design v\u00eatements gravel","gravel ciclismo","Gravel-Bekleidung Winter","Gravel-Tr\u00e4gerhose","kit gravel ciclisme","off-road cycling","roba de gravel","ropa gravel profesional","v\u00eatements gravel","2025 gravel collection","collection cyclisme gravel","dise\u00f1o ropa gravel","gravel clothing","Gravel-Bekleidungsmarke","Gravel-Trends","kit gravel ciclismo","Offroad-Radsport","roba gravel dona","ropa gravel resistente","v\u00eatements gravel \u00e9t\u00e9","Abenteuer-Radsport","collection gravel","disseny roba gravel","gravel clothing brand","Gravel-Design","Gravel-Trikot","kit gravel cycliste","peces gravel","roba gravel home","ropa t\u00e9cnica gravel","v\u00eatements gravel femme","adventure cycling","collection gravel 2025","durable gravel apparel","gravel clothing design","Gravel-Fashion","individuelle Gravel-Bekleidung","leichte Gravel-Kleidung","personalisierte Gravel-Radbekleidung","roba gravel lleugera","style gravel","v\u00eatements gravel hiver","bikepacking gear","collection Inverse gravel","equipaci\u00f3 gravel","gravel collection","Gravel-Jacke","Inverse ciclisme gravel","lightweight gravel clothing","personalisierte Radbekleidung","roba gravel professional","summer gravel kit","v\u00eatements gravel homme","Bikepacking-Bekleidung","col\u00b7lecci\u00f3 gravel ciclisme","equipaci\u00f3n gravel","gravel cycling clothing","Gravel-Kleidung Damen","Inverse ciclismo gravel","mallot gravel","personalized gravel wear","roba gravel resistent","technical gravel wear","v\u00eatements gravel l\u00e9gers","ropa ciclismo personalizada","chaqueta gravel","col\u00b7lecci\u00f3 Inverse gravel","equipaciones gravel 2025","gravel cycling collection","Gravel-Kleidung Herren","Inverse cycling gravel","marca roba gravel","Polvu","roba t\u00e8cnica gravel","technische Gravel-Kleidung","v\u00eatements gravel personnalis\u00e9s","roba ciclisme personalitzada","ciclisme bikepacking","col\u00b7lecci\u00f3 roba gravel","equipacions gravel 2025","gravel cycling fashion","Gravel-Kollektion","Inverse cyclisme gravel","marca ropa gravel","polvu.cc","robuste Gravel-Kleidung","tendances gravel cyclisme","v\u00eatements gravel r\u00e9sistants","gravel bib shorts","ciclisme d&#8217;aventura","cuissard gravel","\u00e9quipement bikepacking","gravel cycling gear","Gravel-Kollektion 2025","Inverse gravel","marque v\u00eatements gravel","prendas gravel","ropa ciclismo gravel invierno","tendencias gravel ciclismo","v\u00eatements gravel sur mesure","ropa ciclismo gravel","ciclisme tot terreny","culot gravel","\u00e9quipement gravel","gravel cyclisme","Gravel-Outfit","Inverse gravel clothing","ma\u00dfgeschneiderte Radbekleidung","professional gravel kit","ropa ciclismo gravel personalizada","tend\u00e8ncies gravel ciclisme","v\u00eatements Inverse gravel","gravel jersey","ciclismo bikepacking","culote gravel","\u00e9quipement gravel professionnel","gravel jacket","Gravel-Radbekleidung","Inverse gravel collection","men\u2019s gravel clothing","professionelle Gravel-Kleidung","ropa ciclismo gravel verano","tenue cycliste gravel","v\u00eatements techniques gravel","maillot gravel","ciclismo de aventura","custom cycling clothing","estil gravel","gravel kit","Gravel-Radkollektion","Inverse Gravel-Bekleidung","moda ciclisme gravel","roba ciclisme gravel estiu","ropa ciclista gravel","tenues gravel","winter gravel clothing"],"articleSection":["Gravel"],"inLanguage":"ca","potentialAction":[{"@type":"CommentAction","name":"Comment","target":["https:\/\/www.inverseteams.com\/ca\/blog\/inverse-y-polvu-cc-una-alianza-estrategica-para-impulsar-el-gravel\/#respond"]}]},{"@type":"WebPage","@id":"https:\/\/www.inverseteams.com\/ca\/blog\/inverse-y-polvu-cc-una-alianza-estrategica-para-impulsar-el-gravel\/","url":"https:\/\/www.inverseteams.com\/ca\/blog\/inverse-y-polvu-cc-una-alianza-estrategica-para-impulsar-el-gravel\/","name":"Inverse i Polvu.cc: una alian\u00e7a estrat\u00e8gica per impulsar el gravel | Inverseteams","isPartOf":{"@id":"https:\/\/www.inverseteams.com\/ca\/#website"},"primaryImageOfPage":{"@id":"https:\/\/www.inverseteams.com\/ca\/blog\/inverse-y-polvu-cc-una-alianza-estrategica-para-impulsar-el-gravel\/#primaryimage"},"image":{"@id":"https:\/\/www.inverseteams.com\/ca\/blog\/inverse-y-polvu-cc-una-alianza-estrategica-para-impulsar-el-gravel\/#primaryimage"},"thumbnailUrl":"https:\/\/www.inverseteams.com\/wp-content\/uploads\/INVERSE-POLVU-CYCLING-GRAVEL-COLABORACION-001.jpg","datePublished":"2025-06-16T09:12:33+00:00","dateModified":"2025-06-16T09:59:26+00:00","description":"El ciclisme de gravel \u00e9s molt m\u00e9s que una tend\u00e8ncia: \u00e9s una manera d\u2019explorar, de viure l\u2019aventura i de reconnectar amb l\u2019ess\u00e8ncia del ciclisme.","breadcrumb":{"@id":"https:\/\/www.inverseteams.com\/ca\/blog\/inverse-y-polvu-cc-una-alianza-estrategica-para-impulsar-el-gravel\/#breadcrumb"},"inLanguage":"ca","potentialAction":[{"@type":"ReadAction","target":["https:\/\/www.inverseteams.com\/ca\/blog\/inverse-y-polvu-cc-una-alianza-estrategica-para-impulsar-el-gravel\/"]}]},{"@type":"ImageObject","inLanguage":"ca","@id":"https:\/\/www.inverseteams.com\/ca\/blog\/inverse-y-polvu-cc-una-alianza-estrategica-para-impulsar-el-gravel\/#primaryimage","url":"https:\/\/www.inverseteams.com\/wp-content\/uploads\/INVERSE-POLVU-CYCLING-GRAVEL-COLABORACION-001.jpg","contentUrl":"https:\/\/www.inverseteams.com\/wp-content\/uploads\/INVERSE-POLVU-CYCLING-GRAVEL-COLABORACION-001.jpg","width":1920,"height":1280},{"@type":"BreadcrumbList","@id":"https:\/\/www.inverseteams.com\/ca\/blog\/inverse-y-polvu-cc-una-alianza-estrategica-para-impulsar-el-gravel\/#breadcrumb","itemListElement":[{"@type":"ListItem","position":1,"name":"Portada","item":"https:\/\/www.inverseteams.com\/ca\/pagina-principal\/"},{"@type":"ListItem","position":2,"name":"Inverse i Polvu.cc: una alian\u00e7a estrat\u00e8gica per impulsar el gravel"}]},{"@type":"WebSite","@id":"https:\/\/www.inverseteams.com\/ca\/#website","url":"https:\/\/www.inverseteams.com\/ca\/","name":"Inverseteams","description":"Tu marca de ropa deportiva personalizada","publisher":{"@id":"https:\/\/www.inverseteams.com\/ca\/#organization"},"potentialAction":[{"@type":"SearchAction","target":{"@type":"EntryPoint","urlTemplate":"https:\/\/www.inverseteams.com\/ca\/?s={search_term_string}"},"query-input":{"@type":"PropertyValueSpecification","valueRequired":true,"valueName":"search_term_string"}}],"inLanguage":"ca"},{"@type":"Organization","@id":"https:\/\/www.inverseteams.com\/ca\/#organization","name":"Inverse Teams","url":"https:\/\/www.inverseteams.com\/ca\/","logo":{"@type":"ImageObject","inLanguage":"ca","@id":"https:\/\/www.inverseteams.com\/ca\/#\/schema\/logo\/image\/","url":"https:\/\/www.inverseteams.com\/wp-content\/uploads\/2021\/03\/logo-inverse-teams.png","contentUrl":"https:\/\/www.inverseteams.com\/wp-content\/uploads\/2021\/03\/logo-inverse-teams.png","width":294,"height":99,"caption":"Inverse Teams"},"image":{"@id":"https:\/\/www.inverseteams.com\/ca\/#\/schema\/logo\/image\/"},"sameAs":["https:\/\/www.facebook.com\/inverseteams","http:\/\/instagram.com\/inverseteams","https:\/\/www.linkedin.com\/company\/inverse-cirosport-s-l-?trk=job_view_topcard_company_name","http:\/\/www.pinterest.com\/inverseteams\/","http:\/\/www.youtube.com\/user\/inverseteams?feature=watch"]},{"@type":"Person","@id":"https:\/\/www.inverseteams.com\/ca\/#\/schema\/person\/8e9cda76b6449aea55a18c6b0f3a15f1","name":"xavier","image":{"@type":"ImageObject","inLanguage":"ca","@id":"https:\/\/secure.gravatar.com\/avatar\/602b199a1f28e97d83ab3a8bcb642260f5afd77cb09704889d85ddd70643cddb?s=96&d=mm&r=g","url":"https:\/\/secure.gravatar.com\/avatar\/602b199a1f28e97d83ab3a8bcb642260f5afd77cb09704889d85ddd70643cddb?s=96&d=mm&r=g","contentUrl":"https:\/\/secure.gravatar.com\/avatar\/602b199a1f28e97d83ab3a8bcb642260f5afd77cb09704889d85ddd70643cddb?s=96&d=mm&r=g","caption":"xavier"}}]}},"_links":{"self":[{"href":"https:\/\/www.inverseteams.com\/ca\/wp-json\/wp\/v2\/posts\/261745","targetHints":{"allow":["GET"]}}],"collection":[{"href":"https:\/\/www.inverseteams.com\/ca\/wp-json\/wp\/v2\/posts"}],"about":[{"href":"https:\/\/www.inverseteams.com\/ca\/wp-json\/wp\/v2\/types\/post"}],"author":[{"embeddable":true,"href":"https:\/\/www.inverseteams.com\/ca\/wp-json\/wp\/v2\/users\/12"}],"replies":[{"embeddable":true,"href":"https:\/\/www.inverseteams.com\/ca\/wp-json\/wp\/v2\/comments?post=261745"}],"version-history":[{"count":0,"href":"https:\/\/www.inverseteams.com\/ca\/wp-json\/wp\/v2\/posts\/261745\/revisions"}],"wp:featuredmedia":[{"embeddable":true,"href":"https:\/\/www.inverseteams.com\/ca\/wp-json\/wp\/v2\/media\/261723"}],"wp:attachment":[{"href":"https:\/\/www.inverseteams.com\/ca\/wp-json\/wp\/v2\/media?parent=261745"}],"wp:term":[{"taxonomy":"category","embeddable":true,"href":"https:\/\/www.inverseteams.com\/ca\/wp-json\/wp\/v2\/categories?post=261745"},{"taxonomy":"post_tag","embeddable":true,"href":"https:\/\/www.inverseteams.com\/ca\/wp-json\/wp\/v2\/tags?post=261745"}],"curies":[{"name":"wp","href":"https:\/\/api.w.org\/{rel}","templated":true}]}}