{"id":217677,"date":"2024-10-02T12:30:47","date_gmt":"2024-10-02T12:30:47","guid":{"rendered":"https:\/\/www.inverseteams.com\/blog\/inverse-la-marca-de-ropa-de-ciclismo-de-barcelona\/"},"modified":"2024-10-07T11:35:18","modified_gmt":"2024-10-07T11:35:18","slug":"inverse-la-marca-de-ropa-de-ciclismo-de-barcelona","status":"publish","type":"post","link":"https:\/\/www.inverseteams.com\/ca\/blog\/inverse-la-marca-de-ropa-de-ciclismo-de-barcelona\/","title":{"rendered":"INVERSE: la marca de Roba de Ciclisme de Barcelona"},"content":{"rendered":"\n<figure class=\"wp-block-image size-large\"><img loading=\"lazy\" decoding=\"async\" width=\"1024\" height=\"683\" src=\"https:\/\/www.inverseteams.com\/wp-content\/uploads\/INVERSE-MARCA-ROPA-CICLISMO-BARCELONA-001-1024x683.jpg\" alt=\"\" class=\"wp-image-217350\" srcset=\"https:\/\/www.inverseteams.com\/wp-content\/uploads\/INVERSE-MARCA-ROPA-CICLISMO-BARCELONA-001-1024x683.jpg 1024w, https:\/\/www.inverseteams.com\/wp-content\/uploads\/INVERSE-MARCA-ROPA-CICLISMO-BARCELONA-001-300x200.jpg 300w, https:\/\/www.inverseteams.com\/wp-content\/uploads\/INVERSE-MARCA-ROPA-CICLISMO-BARCELONA-001-768x512.jpg 768w, https:\/\/www.inverseteams.com\/wp-content\/uploads\/INVERSE-MARCA-ROPA-CICLISMO-BARCELONA-001-1536x1024.jpg 1536w, https:\/\/www.inverseteams.com\/wp-content\/uploads\/INVERSE-MARCA-ROPA-CICLISMO-BARCELONA-001-420x280.jpg 420w, https:\/\/www.inverseteams.com\/wp-content\/uploads\/INVERSE-MARCA-ROPA-CICLISMO-BARCELONA-001-64x43.jpg 64w, https:\/\/www.inverseteams.com\/wp-content\/uploads\/INVERSE-MARCA-ROPA-CICLISMO-BARCELONA-001.jpg 1920w\" sizes=\"auto, (max-width: 1024px) 100vw, 1024px\" \/><\/figure>\n\n\n<div class=\"wrapper-heading\">\n<h2 class=\"wp-block-heading\">La marca esportiva INVERSE de roba de ciclisme t\u00e9 les seves arrels a la vibrant ciutat de Barcelona des del 1969.<\/h2>\n<\/div>\n\n<div class=\"wrapper-heading\">\n<h3 class=\"wp-block-heading\">Milers de ciclistes de tot el m\u00f3n vesteixen roba de ciclisme d&#8217;INVERSE, la marca tamb\u00e9 \u00e9s ambaixadora de la ciutat de Barcelona i del seu entorn metropolit\u00e0.<\/h3>\n<\/div>\n\n<div class=\"wrapper-heading\">\n<h4 class=\"wp-block-heading\">Especialitzada en roba de ciclisme personalitzada o de col\u00b7lecci\u00f3, la marca INVERSE de Barcelona s&#8217;ha convertit en tot un referent europeu pel que fa a la roba personalitzada esportiva no nom\u00e9s en ciclisme, sin\u00f3 tamb\u00e9 en triatl\u00f3, running, atletisme, trail running, finetss, sky, nataci\u00f3, casual i en altres esports.<\/h4>\n<\/div>\n\n\n<figure class=\"wp-block-image size-large\"><img loading=\"lazy\" decoding=\"async\" width=\"1024\" height=\"683\" src=\"https:\/\/www.inverseteams.com\/wp-content\/uploads\/INVERSE-MARCA-ROPA-CICLISMO-BARCELONA-002-1024x683.jpg\" alt=\"\" class=\"wp-image-217355\" srcset=\"https:\/\/www.inverseteams.com\/wp-content\/uploads\/INVERSE-MARCA-ROPA-CICLISMO-BARCELONA-002-1024x683.jpg 1024w, https:\/\/www.inverseteams.com\/wp-content\/uploads\/INVERSE-MARCA-ROPA-CICLISMO-BARCELONA-002-300x200.jpg 300w, https:\/\/www.inverseteams.com\/wp-content\/uploads\/INVERSE-MARCA-ROPA-CICLISMO-BARCELONA-002-768x512.jpg 768w, https:\/\/www.inverseteams.com\/wp-content\/uploads\/INVERSE-MARCA-ROPA-CICLISMO-BARCELONA-002-1536x1024.jpg 1536w, https:\/\/www.inverseteams.com\/wp-content\/uploads\/INVERSE-MARCA-ROPA-CICLISMO-BARCELONA-002-420x280.jpg 420w, https:\/\/www.inverseteams.com\/wp-content\/uploads\/INVERSE-MARCA-ROPA-CICLISMO-BARCELONA-002-64x43.jpg 64w, https:\/\/www.inverseteams.com\/wp-content\/uploads\/INVERSE-MARCA-ROPA-CICLISMO-BARCELONA-002.jpg 1920w\" sizes=\"auto, (max-width: 1024px) 100vw, 1024px\" \/><\/figure>\n\n\n<div class=\"wrapper-heading\">\n<h3 class=\"wp-block-heading\"><strong>Hist\u00f2ria i Origen d&#8217;INVERSE<\/strong><\/h3>\n<\/div>\n\n\n<p><strong>La marca INVERSE, una de les m\u00e9s antigues i prestigioses en l&#8217;\u00e0mbit europeu de la roba de ciclisme<\/strong>, t\u00e9 les seves arrels a la vibrant ciutat de <a href=\"https:\/\/www.inverseteams.com\/ca\/fabricat-barcelona-des-de-1969\/\">Barcelona des del 1969<\/a>. Fundada fa d\u00e8cades, aquesta marca ha sabut evolucionar i posicionar-se com un referent no nom\u00e9s a Catalunya, sin\u00f3 a tot Espanya, Europa i en diversos pa\u00efsos del m\u00f3n. Igual que el <strong>Bar\u00e7a<\/strong>, <strong><a href=\"https:\/\/moritz.com\/ca\/\">Mortiz<\/a><\/strong>, <strong>Desigual<\/strong> o la <strong>Seat<\/strong>, INVERSE \u00e9s un s\u00edmbol de la identitat barcelonina, que reflecteix la passi\u00f3, el disseny i la qualitat que caracteritzen la ciutat. <strong>El fundador d&#8217;Inverse, <a href=\"https:\/\/ajuntament.barcelona.cat\/distincions-honors\/ca\/sabate-i-dausa-joaquim\">Joaquim Sabat\u00e9, va rebre el 2002 la Medalla d&#8217;Honor de la Ciutat de Barcelona<\/a>.<\/strong><\/p>\n\n\n\n<figure class=\"wp-block-image size-large\"><img loading=\"lazy\" decoding=\"async\" width=\"1024\" height=\"745\" src=\"https:\/\/www.inverseteams.com\/wp-content\/uploads\/Joaquim-Sabate-Escalada--1024x745.jpg\" alt=\"\" class=\"wp-image-217360\" srcset=\"https:\/\/www.inverseteams.com\/wp-content\/uploads\/Joaquim-Sabate-Escalada--1024x745.jpg 1024w, https:\/\/www.inverseteams.com\/wp-content\/uploads\/Joaquim-Sabate-Escalada--300x218.jpg 300w, https:\/\/www.inverseteams.com\/wp-content\/uploads\/Joaquim-Sabate-Escalada--768x559.jpg 768w, https:\/\/www.inverseteams.com\/wp-content\/uploads\/Joaquim-Sabate-Escalada--1536x1118.jpg 1536w, https:\/\/www.inverseteams.com\/wp-content\/uploads\/Joaquim-Sabate-Escalada--420x306.jpg 420w, https:\/\/www.inverseteams.com\/wp-content\/uploads\/Joaquim-Sabate-Escalada--64x47.jpg 64w, https:\/\/www.inverseteams.com\/wp-content\/uploads\/Joaquim-Sabate-Escalada-.jpg 2048w\" sizes=\"auto, (max-width: 1024px) 100vw, 1024px\" \/><\/figure>\n\n\n<div class=\"wrapper-heading\">\n<h3 class=\"wp-block-heading\"><strong>INVERSE i el Ciclisme a Barcelona<\/strong><\/h3>\n<\/div>\n\n\n<p>Barcelona, \u200b\u200bconeguda per la seva rica hist\u00f2ria i cultura, ha estat sempre un <strong>epicentre del ciclisme<\/strong>. Des de les competicions locals fins als esdeveniments internacionals, la ciutat ha acollit ciclistes de tot el m\u00f3n en proves m\u00edtiques com l&#8217;<a href=\"https:\/\/ca.wikipedia.org\/wiki\/Escalada_ciclista_a_Montju%C3%AFc\">Escalada de Montju\u00efc<\/a> o la Setmana Catalana del Ciclisme. INVERSE ha acompanyat aquest recorregut, vestint nombrosos ciclistes en els seus desafiaments i vict\u00f2ries.<\/p>\n\n\n\n<p><strong>La relaci\u00f3 d&#8217;INVERSE amb Barcelona \u00e9s tan estreta com la dels clubs de futbol llegendaris amb la ciutat.<\/strong> Sent una marca que ha crescut i evolucionat juntament amb el ciclisme a Barcelona, \u200b\u200bINVERSE ha esdevingut sin\u00f2nim de rendiment i estil. I Barcelona \u00e9s, sens dubte, <strong><a href=\"https:\/\/www.barcelona.cat\/mobilitat\/ca\/mitjans-de-transport\/bicicleta\">una de les ciutats europees que m\u00e9s apostat per la mobilitat amb bicicleta.<\/a><\/strong><\/p>\n\n\n\n<figure class=\"wp-block-image size-large\"><img loading=\"lazy\" decoding=\"async\" width=\"1024\" height=\"683\" src=\"https:\/\/www.inverseteams.com\/wp-content\/uploads\/INVERSE-MARCA-ROPA-CICLISMO-BARCELONA-003-1024x683.jpg\" alt=\"\" class=\"wp-image-217365\" srcset=\"https:\/\/www.inverseteams.com\/wp-content\/uploads\/INVERSE-MARCA-ROPA-CICLISMO-BARCELONA-003-1024x683.jpg 1024w, https:\/\/www.inverseteams.com\/wp-content\/uploads\/INVERSE-MARCA-ROPA-CICLISMO-BARCELONA-003-300x200.jpg 300w, https:\/\/www.inverseteams.com\/wp-content\/uploads\/INVERSE-MARCA-ROPA-CICLISMO-BARCELONA-003-768x512.jpg 768w, https:\/\/www.inverseteams.com\/wp-content\/uploads\/INVERSE-MARCA-ROPA-CICLISMO-BARCELONA-003-1536x1024.jpg 1536w, https:\/\/www.inverseteams.com\/wp-content\/uploads\/INVERSE-MARCA-ROPA-CICLISMO-BARCELONA-003-420x280.jpg 420w, https:\/\/www.inverseteams.com\/wp-content\/uploads\/INVERSE-MARCA-ROPA-CICLISMO-BARCELONA-003-64x43.jpg 64w, https:\/\/www.inverseteams.com\/wp-content\/uploads\/INVERSE-MARCA-ROPA-CICLISMO-BARCELONA-003.jpg 1920w\" sizes=\"auto, (max-width: 1024px) 100vw, 1024px\" \/><\/figure>\n\n\n<div class=\"wrapper-heading\">\n<h3 class=\"wp-block-heading\"><strong>Qualitat i Disseny: Senyals Distintius d&#8217;INVERSE<\/strong><\/h3>\n<\/div>\n\n\n<p>INVERSE no nom\u00e9s \u00e9s hist\u00f2ria; \u00e9s tamb\u00e9 <strong>innovaci\u00f3 i qualitat<\/strong>. La marca es distingeix per la seva magn\u00edfica relaci\u00f3 qualitat-preu i els dissenys cuidats. Els mallots i culots d&#8217;INVERSE no nom\u00e9s ofereixen comoditat i durabilitat, sin\u00f3 tamb\u00e9 un estil inconfusible que ressona amb l&#8217;eleg\u00e0ncia i l&#8217;avantguarda de Barcelona. Aquests productes estan dissenyats per satisfer les necessitats dels ciclistes m\u00e9s exigents, combinant <strong>tecnologia avan\u00e7ada amb materials d&#8217;alta qualitat.<\/strong><\/p>\n\n\n\n<figure class=\"wp-block-image size-large\"><img loading=\"lazy\" decoding=\"async\" width=\"1024\" height=\"683\" src=\"https:\/\/www.inverseteams.com\/wp-content\/uploads\/INVERSE-MARCA-ROPA-CICLISMO-BARCELONA-004-1024x683.jpg\" alt=\"\" class=\"wp-image-217370\" srcset=\"https:\/\/www.inverseteams.com\/wp-content\/uploads\/INVERSE-MARCA-ROPA-CICLISMO-BARCELONA-004-1024x683.jpg 1024w, https:\/\/www.inverseteams.com\/wp-content\/uploads\/INVERSE-MARCA-ROPA-CICLISMO-BARCELONA-004-300x200.jpg 300w, https:\/\/www.inverseteams.com\/wp-content\/uploads\/INVERSE-MARCA-ROPA-CICLISMO-BARCELONA-004-768x512.jpg 768w, https:\/\/www.inverseteams.com\/wp-content\/uploads\/INVERSE-MARCA-ROPA-CICLISMO-BARCELONA-004-1536x1024.jpg 1536w, https:\/\/www.inverseteams.com\/wp-content\/uploads\/INVERSE-MARCA-ROPA-CICLISMO-BARCELONA-004-420x280.jpg 420w, https:\/\/www.inverseteams.com\/wp-content\/uploads\/INVERSE-MARCA-ROPA-CICLISMO-BARCELONA-004-64x43.jpg 64w, https:\/\/www.inverseteams.com\/wp-content\/uploads\/INVERSE-MARCA-ROPA-CICLISMO-BARCELONA-004.jpg 1920w\" sizes=\"auto, (max-width: 1024px) 100vw, 1024px\" \/><\/figure>\n\n\n\n<figure class=\"wp-block-image size-large\"><img loading=\"lazy\" decoding=\"async\" width=\"1024\" height=\"683\" src=\"https:\/\/www.inverseteams.com\/wp-content\/uploads\/INVERSE-MARCA-ROPA-CICLISMO-BARCELONA-006-1024x683.jpg\" alt=\"\" class=\"wp-image-217386\" srcset=\"https:\/\/www.inverseteams.com\/wp-content\/uploads\/INVERSE-MARCA-ROPA-CICLISMO-BARCELONA-006-1024x683.jpg 1024w, https:\/\/www.inverseteams.com\/wp-content\/uploads\/INVERSE-MARCA-ROPA-CICLISMO-BARCELONA-006-300x200.jpg 300w, https:\/\/www.inverseteams.com\/wp-content\/uploads\/INVERSE-MARCA-ROPA-CICLISMO-BARCELONA-006-768x512.jpg 768w, https:\/\/www.inverseteams.com\/wp-content\/uploads\/INVERSE-MARCA-ROPA-CICLISMO-BARCELONA-006-1536x1024.jpg 1536w, https:\/\/www.inverseteams.com\/wp-content\/uploads\/INVERSE-MARCA-ROPA-CICLISMO-BARCELONA-006-420x280.jpg 420w, https:\/\/www.inverseteams.com\/wp-content\/uploads\/INVERSE-MARCA-ROPA-CICLISMO-BARCELONA-006-64x43.jpg 64w, https:\/\/www.inverseteams.com\/wp-content\/uploads\/INVERSE-MARCA-ROPA-CICLISMO-BARCELONA-006.jpg 1920w\" sizes=\"auto, (max-width: 1024px) 100vw, 1024px\" \/><\/figure>\n\n\n<div class=\"wrapper-heading\">\n<h3 class=\"wp-block-heading\"><strong>L&#8217;Orgull de Vestir INVERSE<\/strong><\/h3>\n<\/div>\n\n\n<p>Per als ciclistes que visiten Barcelona, \u200b\u200bcomprar a alguna de les millors botigues un mallot o culotte d&#8217;INVERSE \u00e9s m\u00e9s que una elecci\u00f3 de roba; <strong>\u00e9s una connexi\u00f3 amb la ciutat.<\/strong> Aix\u00ed com els aficionats al futbol se senten orgullosos de portar els colors del Bar\u00e7a, els ciclistes poden sentir el mateix orgull en vestir INVERSE. <strong>\u00c9s una manera de portar una part de la hist\u00f2ria i la cultura ciclista de Barcelona.<\/strong><\/p>\n\n\n\n<p>I si no ve presencialment a Barcelona, \u200b\u200bes t\u00e9 garantida la possibilitat de comprar la roba de col\u00b7lecci\u00f3 de ciclisme d&#8217;Inverse a les millors botigues de ciclisme ia trav\u00e9s de la seva <strong><a href=\"https:\/\/bit.ly\/3zDP5Hl\">botiga on-line<\/a><\/strong>.<\/p>\n\n\n\n<figure class=\"wp-block-image size-large\"><img loading=\"lazy\" decoding=\"async\" width=\"1024\" height=\"683\" src=\"https:\/\/www.inverseteams.com\/wp-content\/uploads\/INVERSE-MARCA-ROPA-CICLISMO-BARCELONA-005-1024x683.jpg\" alt=\"\" class=\"wp-image-217380\" srcset=\"https:\/\/www.inverseteams.com\/wp-content\/uploads\/INVERSE-MARCA-ROPA-CICLISMO-BARCELONA-005-1024x683.jpg 1024w, https:\/\/www.inverseteams.com\/wp-content\/uploads\/INVERSE-MARCA-ROPA-CICLISMO-BARCELONA-005-300x200.jpg 300w, https:\/\/www.inverseteams.com\/wp-content\/uploads\/INVERSE-MARCA-ROPA-CICLISMO-BARCELONA-005-768x512.jpg 768w, https:\/\/www.inverseteams.com\/wp-content\/uploads\/INVERSE-MARCA-ROPA-CICLISMO-BARCELONA-005-1536x1024.jpg 1536w, https:\/\/www.inverseteams.com\/wp-content\/uploads\/INVERSE-MARCA-ROPA-CICLISMO-BARCELONA-005-420x280.jpg 420w, https:\/\/www.inverseteams.com\/wp-content\/uploads\/INVERSE-MARCA-ROPA-CICLISMO-BARCELONA-005-64x43.jpg 64w, https:\/\/www.inverseteams.com\/wp-content\/uploads\/INVERSE-MARCA-ROPA-CICLISMO-BARCELONA-005.jpg 1920w\" sizes=\"auto, (max-width: 1024px) 100vw, 1024px\" \/><\/figure>\n\n\n<div class=\"wrapper-heading\">\n<h3 class=\"wp-block-heading\"><strong>INVERSE en el Ciclisme Europeu<\/strong><\/h3>\n<\/div>\n\n\n<p><strong>La reputaci\u00f3 d&#8217;INVERSE transcendeix les fronteres d&#8217;Espanya<\/strong>. Com una de les marques europees de roba de ciclisme m\u00e9s antigues, ha deixat una empremta significativa al continent. Els ciclistes europeus valoren la tradici\u00f3 i la qualitat que INVERSE representa fent d&#8217;aquesta marca una elecci\u00f3 popular en competicions i entrenaments al llarg d&#8217;Europa.<\/p>\n\n\n\n<p>Inverse \u00e9s present a <a href=\"https:\/\/www.inverseteams.com\/ca\/distribuidors-i-agents\/\">Fran\u00e7a, Alemanya, Su\u00efssa, B\u00e8lgica, It\u00e0lia, Irlanda, Dinamarca, Noruega i Andorra<\/a>. \u00c9s una marca barcelonina, catalana i espanyola que <strong>vesteix les seleccions de ciclisme d&#8217;Espanya, Catalunya i la selecci\u00f3 d&#8217;atletisme d&#8217;Andorra.<\/strong><\/p>\n\n\n\n<figure class=\"wp-block-image size-large is-resized\"><img loading=\"lazy\" decoding=\"async\" width=\"684\" height=\"1024\" src=\"https:\/\/www.inverseteams.com\/wp-content\/uploads\/TRIATLON_INVERSE_BARCELONA-684x1024.jpg\" alt=\"\" class=\"wp-image-217375\" style=\"width:683px;height:auto\" srcset=\"https:\/\/www.inverseteams.com\/wp-content\/uploads\/TRIATLON_INVERSE_BARCELONA-684x1024.jpg 684w, https:\/\/www.inverseteams.com\/wp-content\/uploads\/TRIATLON_INVERSE_BARCELONA-200x300.jpg 200w, https:\/\/www.inverseteams.com\/wp-content\/uploads\/TRIATLON_INVERSE_BARCELONA-768x1150.jpg 768w, https:\/\/www.inverseteams.com\/wp-content\/uploads\/TRIATLON_INVERSE_BARCELONA-1025x1536.jpg 1025w, https:\/\/www.inverseteams.com\/wp-content\/uploads\/TRIATLON_INVERSE_BARCELONA-1367x2048.jpg 1367w, https:\/\/www.inverseteams.com\/wp-content\/uploads\/TRIATLON_INVERSE_BARCELONA-420x629.jpg 420w, https:\/\/www.inverseteams.com\/wp-content\/uploads\/TRIATLON_INVERSE_BARCELONA-64x96.jpg 64w, https:\/\/www.inverseteams.com\/wp-content\/uploads\/TRIATLON_INVERSE_BARCELONA.jpg 1920w\" sizes=\"auto, (max-width: 684px) 100vw, 684px\" \/><\/figure>\n\n\n<div class=\"wrapper-heading\">\n<h3 class=\"wp-block-heading\"><strong>Una Compra Imperdible<\/strong><\/h3>\n<\/div>\n\n\n<p>Si ets un ciclista i visites Barcelona, \u200b\u200badquirir un mallot o culotte d&#8217;INVERSE \u00e9s una decisi\u00f3 encertada. No nom\u00e9s estareu invertint en roba de ciclisme d&#8217;alta qualitat, sin\u00f3 que tamb\u00e9 portareu amb tu un tros de la rica hist\u00f2ria ciclista de Barcelona. <strong>La relaci\u00f3 qualitat-preu i el disseny cuidat d&#8217;INVERSE fan que aquesta marca sigui una opci\u00f3 insuperable per a qualsevol ciclista.<\/strong><\/p>\n\n\n\n<p><strong>INVERSE no \u00e9s nom\u00e9s una marca; \u00e9s un llegat de la ciutat de Barcelona<\/strong>. INVERSE tamb\u00e9 forma part del teixit cultural i esportiu de la ciutat, representant el millor del ciclisme i de la identitat barcelonina.<\/p>\n\n\n\n<div class=\"wp-block-buttons is-layout-flex wp-block-buttons-is-layout-flex\">\n<div class=\"wp-block-button\"><a class=\"wp-block-button__link wp-element-button\" href=\"https:\/\/bit.ly\/3zDP5Hl\">Inverse Custom | Collection<\/a><\/div>\n<\/div>\n","protected":false},"excerpt":{"rendered":"<p>La marca esportiva INVERSE de roba de ciclisme t\u00e9 les seves arrels a la vibrant ciutat de Barcelona des del 1969. Milers de ciclistes de tot el m\u00f3n vesteixen roba de ciclisme d&#8217;INVERSE, la marca tamb\u00e9 \u00e9s ambaixadora de la ciutat de Barcelona i del seu entorn metropolit\u00e0. Especialitzada en roba de ciclisme personalitzada o [&hellip;]<\/p>\n","protected":false},"author":12,"featured_media":217381,"comment_status":"open","ping_status":"open","sticky":false,"template":"","format":"standard","meta":{"_acf_changed":false,"mc4wp_mailchimp_campaign":[],"footnotes":""},"categories":[186],"tags":[8688,14657,14647,14658,14648,14659,14649,14660,14650,14661,14651,14662,14652,14653,14654,14655,14656],"class_list":["post-217677","post","type-post","status-publish","format-standard","has-post-thumbnail","hentry","category-ciclisme","tag-ciclismo-barcelona-ca","tag-marca-olimpica-barcelona-ca","tag-barcelona-ca","tag-marca-ropa-ciclismo-barcelona-ca","tag-barcelona-brand-ca","tag-marca-ropa-deportiva-barcelona-ca","tag-barcelona-brands-ca","tag-marca-ropa-seleccion-espana-ciclismo-ca","tag-calidad-barcelona-ca","tag-ropa-ciclismo-barcelona-ca","tag-cycling-clothing-barcelona-brand-ca","tag-ropa-deportiva-barcelona-ca","tag-jersey-cycling-barcelona-brand-ca","tag-la-marca-seleccion-espanola-ciclismo-ca","tag-maillot-barcelona-ca","tag-marca-barcelona-ca","tag-marca-ciclismo-barcelona-ca"],"acf":[],"yoast_head":"<!-- This site is optimized with the Yoast SEO plugin v27.3 - https:\/\/yoast.com\/product\/yoast-seo-wordpress\/ -->\n<title>INVERSE: la marca de Roba de Ciclisme de Barcelona | Inverseteams<\/title>\n<meta name=\"description\" content=\"La marca esportiva INVERSE de roba de ciclisme t\u00e9 les seves arrels a la vibrant ciutat de Barcelona des del 1969.\" \/>\n<meta name=\"robots\" content=\"index, follow, max-snippet:-1, max-image-preview:large, max-video-preview:-1\" \/>\n<link rel=\"canonical\" href=\"https:\/\/www.inverseteams.com\/ca\/blog\/inverse-la-marca-de-ropa-de-ciclismo-de-barcelona\/\" \/>\n<meta property=\"og:locale\" content=\"ca_ES\" \/>\n<meta property=\"og:type\" content=\"article\" \/>\n<meta property=\"og:title\" content=\"INVERSE: la marca de Roba de Ciclisme de Barcelona | Inverseteams\" \/>\n<meta property=\"og:description\" content=\"La marca esportiva INVERSE de roba de ciclisme t\u00e9 les seves arrels a la vibrant ciutat de Barcelona des del 1969.\" \/>\n<meta property=\"og:url\" content=\"https:\/\/www.inverseteams.com\/ca\/blog\/inverse-la-marca-de-ropa-de-ciclismo-de-barcelona\/\" \/>\n<meta property=\"og:site_name\" content=\"Inverseteams\" \/>\n<meta property=\"article:publisher\" content=\"https:\/\/www.facebook.com\/inverseteams\" \/>\n<meta property=\"article:published_time\" content=\"2024-10-02T12:30:47+00:00\" \/>\n<meta property=\"article:modified_time\" content=\"2024-10-07T11:35:18+00:00\" \/>\n<meta property=\"og:image\" content=\"https:\/\/www.inverseteams.com\/wp-content\/uploads\/INVERSE-MARCA-ROPA-CICLISMO-BARCELONA-005.jpg\" \/>\n\t<meta property=\"og:image:width\" content=\"1920\" \/>\n\t<meta property=\"og:image:height\" content=\"1280\" \/>\n\t<meta property=\"og:image:type\" content=\"image\/jpeg\" \/>\n<meta name=\"author\" content=\"xavier\" \/>\n<meta name=\"twitter:card\" content=\"summary_large_image\" \/>\n<meta name=\"twitter:label1\" content=\"Escrit per\" \/>\n\t<meta name=\"twitter:data1\" content=\"xavier\" \/>\n\t<meta name=\"twitter:label2\" content=\"Temps estimat de lectura\" \/>\n\t<meta name=\"twitter:data2\" content=\"6 minut\" \/>\n<script type=\"application\/ld+json\" class=\"yoast-schema-graph\">{\"@context\":\"https:\\\/\\\/schema.org\",\"@graph\":[{\"@type\":\"Article\",\"@id\":\"https:\\\/\\\/www.inverseteams.com\\\/ca\\\/blog\\\/inverse-la-marca-de-ropa-de-ciclismo-de-barcelona\\\/#article\",\"isPartOf\":{\"@id\":\"https:\\\/\\\/www.inverseteams.com\\\/ca\\\/blog\\\/inverse-la-marca-de-ropa-de-ciclismo-de-barcelona\\\/\"},\"author\":{\"name\":\"xavier\",\"@id\":\"https:\\\/\\\/www.inverseteams.com\\\/ca\\\/#\\\/schema\\\/person\\\/8e9cda76b6449aea55a18c6b0f3a15f1\"},\"headline\":\"INVERSE: la marca de Roba de Ciclisme de Barcelona\",\"datePublished\":\"2024-10-02T12:30:47+00:00\",\"dateModified\":\"2024-10-07T11:35:18+00:00\",\"mainEntityOfPage\":{\"@id\":\"https:\\\/\\\/www.inverseteams.com\\\/ca\\\/blog\\\/inverse-la-marca-de-ropa-de-ciclismo-de-barcelona\\\/\"},\"wordCount\":779,\"commentCount\":0,\"publisher\":{\"@id\":\"https:\\\/\\\/www.inverseteams.com\\\/ca\\\/#organization\"},\"image\":{\"@id\":\"https:\\\/\\\/www.inverseteams.com\\\/ca\\\/blog\\\/inverse-la-marca-de-ropa-de-ciclismo-de-barcelona\\\/#primaryimage\"},\"thumbnailUrl\":\"https:\\\/\\\/www.inverseteams.com\\\/wp-content\\\/uploads\\\/INVERSE-MARCA-ROPA-CICLISMO-BARCELONA-005.jpg\",\"keywords\":[\"ciclismo barcelona\",\"marca ol\u00edmpica barcelona\",\"barcelona\",\"marca ropa ciclismo barcelona\",\"barcelona brand\",\"marca ropa deportiva barcelona\",\"barcelona brands\",\"marca ropa selecci\u00f3n espa\u00f1a ciclismo\",\"calidad barcelona\",\"ropa ciclismo barcelona\",\"cycling clothing barcelona brand\",\"ropa deportiva barcelona\",\"jersey cycling barcelona brand\",\"la marca selecci\u00f3n espa\u00f1ola ciclismo\",\"maillot barcelona\",\"marca barcelona\",\"marca ciclismo barcelona\"],\"articleSection\":[\"Ciclisme\"],\"inLanguage\":\"ca\",\"potentialAction\":[{\"@type\":\"CommentAction\",\"name\":\"Comment\",\"target\":[\"https:\\\/\\\/www.inverseteams.com\\\/ca\\\/blog\\\/inverse-la-marca-de-ropa-de-ciclismo-de-barcelona\\\/#respond\"]}]},{\"@type\":\"WebPage\",\"@id\":\"https:\\\/\\\/www.inverseteams.com\\\/ca\\\/blog\\\/inverse-la-marca-de-ropa-de-ciclismo-de-barcelona\\\/\",\"url\":\"https:\\\/\\\/www.inverseteams.com\\\/ca\\\/blog\\\/inverse-la-marca-de-ropa-de-ciclismo-de-barcelona\\\/\",\"name\":\"INVERSE: la marca de Roba de Ciclisme de Barcelona | Inverseteams\",\"isPartOf\":{\"@id\":\"https:\\\/\\\/www.inverseteams.com\\\/ca\\\/#website\"},\"primaryImageOfPage\":{\"@id\":\"https:\\\/\\\/www.inverseteams.com\\\/ca\\\/blog\\\/inverse-la-marca-de-ropa-de-ciclismo-de-barcelona\\\/#primaryimage\"},\"image\":{\"@id\":\"https:\\\/\\\/www.inverseteams.com\\\/ca\\\/blog\\\/inverse-la-marca-de-ropa-de-ciclismo-de-barcelona\\\/#primaryimage\"},\"thumbnailUrl\":\"https:\\\/\\\/www.inverseteams.com\\\/wp-content\\\/uploads\\\/INVERSE-MARCA-ROPA-CICLISMO-BARCELONA-005.jpg\",\"datePublished\":\"2024-10-02T12:30:47+00:00\",\"dateModified\":\"2024-10-07T11:35:18+00:00\",\"description\":\"La marca esportiva INVERSE de roba de ciclisme t\u00e9 les seves arrels a la vibrant ciutat de Barcelona des del 1969.\",\"breadcrumb\":{\"@id\":\"https:\\\/\\\/www.inverseteams.com\\\/ca\\\/blog\\\/inverse-la-marca-de-ropa-de-ciclismo-de-barcelona\\\/#breadcrumb\"},\"inLanguage\":\"ca\",\"potentialAction\":[{\"@type\":\"ReadAction\",\"target\":[\"https:\\\/\\\/www.inverseteams.com\\\/ca\\\/blog\\\/inverse-la-marca-de-ropa-de-ciclismo-de-barcelona\\\/\"]}]},{\"@type\":\"ImageObject\",\"inLanguage\":\"ca\",\"@id\":\"https:\\\/\\\/www.inverseteams.com\\\/ca\\\/blog\\\/inverse-la-marca-de-ropa-de-ciclismo-de-barcelona\\\/#primaryimage\",\"url\":\"https:\\\/\\\/www.inverseteams.com\\\/wp-content\\\/uploads\\\/INVERSE-MARCA-ROPA-CICLISMO-BARCELONA-005.jpg\",\"contentUrl\":\"https:\\\/\\\/www.inverseteams.com\\\/wp-content\\\/uploads\\\/INVERSE-MARCA-ROPA-CICLISMO-BARCELONA-005.jpg\",\"width\":1920,\"height\":1280},{\"@type\":\"BreadcrumbList\",\"@id\":\"https:\\\/\\\/www.inverseteams.com\\\/ca\\\/blog\\\/inverse-la-marca-de-ropa-de-ciclismo-de-barcelona\\\/#breadcrumb\",\"itemListElement\":[{\"@type\":\"ListItem\",\"position\":1,\"name\":\"Portada\",\"item\":\"https:\\\/\\\/www.inverseteams.com\\\/ca\\\/pagina-principal\\\/\"},{\"@type\":\"ListItem\",\"position\":2,\"name\":\"INVERSE: la marca de Roba de Ciclisme de Barcelona\"}]},{\"@type\":\"WebSite\",\"@id\":\"https:\\\/\\\/www.inverseteams.com\\\/ca\\\/#website\",\"url\":\"https:\\\/\\\/www.inverseteams.com\\\/ca\\\/\",\"name\":\"Inverseteams\",\"description\":\"Tu marca de ropa deportiva personalizada\",\"publisher\":{\"@id\":\"https:\\\/\\\/www.inverseteams.com\\\/ca\\\/#organization\"},\"potentialAction\":[{\"@type\":\"SearchAction\",\"target\":{\"@type\":\"EntryPoint\",\"urlTemplate\":\"https:\\\/\\\/www.inverseteams.com\\\/ca\\\/?s={search_term_string}\"},\"query-input\":{\"@type\":\"PropertyValueSpecification\",\"valueRequired\":true,\"valueName\":\"search_term_string\"}}],\"inLanguage\":\"ca\"},{\"@type\":\"Organization\",\"@id\":\"https:\\\/\\\/www.inverseteams.com\\\/ca\\\/#organization\",\"name\":\"Inverse Teams\",\"url\":\"https:\\\/\\\/www.inverseteams.com\\\/ca\\\/\",\"logo\":{\"@type\":\"ImageObject\",\"inLanguage\":\"ca\",\"@id\":\"https:\\\/\\\/www.inverseteams.com\\\/ca\\\/#\\\/schema\\\/logo\\\/image\\\/\",\"url\":\"https:\\\/\\\/www.inverseteams.com\\\/wp-content\\\/uploads\\\/2021\\\/03\\\/logo-inverse-teams.png\",\"contentUrl\":\"https:\\\/\\\/www.inverseteams.com\\\/wp-content\\\/uploads\\\/2021\\\/03\\\/logo-inverse-teams.png\",\"width\":294,\"height\":99,\"caption\":\"Inverse Teams\"},\"image\":{\"@id\":\"https:\\\/\\\/www.inverseteams.com\\\/ca\\\/#\\\/schema\\\/logo\\\/image\\\/\"},\"sameAs\":[\"https:\\\/\\\/www.facebook.com\\\/inverseteams\",\"http:\\\/\\\/instagram.com\\\/inverseteams\",\"https:\\\/\\\/www.linkedin.com\\\/company\\\/inverse-cirosport-s-l-?trk=job_view_topcard_company_name\",\"http:\\\/\\\/www.pinterest.com\\\/inverseteams\\\/\",\"http:\\\/\\\/www.youtube.com\\\/user\\\/inverseteams?feature=watch\"]},{\"@type\":\"Person\",\"@id\":\"https:\\\/\\\/www.inverseteams.com\\\/ca\\\/#\\\/schema\\\/person\\\/8e9cda76b6449aea55a18c6b0f3a15f1\",\"name\":\"xavier\",\"image\":{\"@type\":\"ImageObject\",\"inLanguage\":\"ca\",\"@id\":\"https:\\\/\\\/secure.gravatar.com\\\/avatar\\\/602b199a1f28e97d83ab3a8bcb642260f5afd77cb09704889d85ddd70643cddb?s=96&d=mm&r=g\",\"url\":\"https:\\\/\\\/secure.gravatar.com\\\/avatar\\\/602b199a1f28e97d83ab3a8bcb642260f5afd77cb09704889d85ddd70643cddb?s=96&d=mm&r=g\",\"contentUrl\":\"https:\\\/\\\/secure.gravatar.com\\\/avatar\\\/602b199a1f28e97d83ab3a8bcb642260f5afd77cb09704889d85ddd70643cddb?s=96&d=mm&r=g\",\"caption\":\"xavier\"}}]}<\/script>\n<!-- \/ Yoast SEO plugin. -->","yoast_head_json":{"title":"INVERSE: la marca de Roba de Ciclisme de Barcelona | Inverseteams","description":"La marca esportiva INVERSE de roba de ciclisme t\u00e9 les seves arrels a la vibrant ciutat de Barcelona des del 1969.","robots":{"index":"index","follow":"follow","max-snippet":"max-snippet:-1","max-image-preview":"max-image-preview:large","max-video-preview":"max-video-preview:-1"},"canonical":"https:\/\/www.inverseteams.com\/ca\/blog\/inverse-la-marca-de-ropa-de-ciclismo-de-barcelona\/","og_locale":"ca_ES","og_type":"article","og_title":"INVERSE: la marca de Roba de Ciclisme de Barcelona | Inverseteams","og_description":"La marca esportiva INVERSE de roba de ciclisme t\u00e9 les seves arrels a la vibrant ciutat de Barcelona des del 1969.","og_url":"https:\/\/www.inverseteams.com\/ca\/blog\/inverse-la-marca-de-ropa-de-ciclismo-de-barcelona\/","og_site_name":"Inverseteams","article_publisher":"https:\/\/www.facebook.com\/inverseteams","article_published_time":"2024-10-02T12:30:47+00:00","article_modified_time":"2024-10-07T11:35:18+00:00","og_image":[{"width":1920,"height":1280,"url":"https:\/\/www.inverseteams.com\/wp-content\/uploads\/INVERSE-MARCA-ROPA-CICLISMO-BARCELONA-005.jpg","type":"image\/jpeg"}],"author":"xavier","twitter_card":"summary_large_image","twitter_misc":{"Escrit per":"xavier","Temps estimat de lectura":"6 minut"},"schema":{"@context":"https:\/\/schema.org","@graph":[{"@type":"Article","@id":"https:\/\/www.inverseteams.com\/ca\/blog\/inverse-la-marca-de-ropa-de-ciclismo-de-barcelona\/#article","isPartOf":{"@id":"https:\/\/www.inverseteams.com\/ca\/blog\/inverse-la-marca-de-ropa-de-ciclismo-de-barcelona\/"},"author":{"name":"xavier","@id":"https:\/\/www.inverseteams.com\/ca\/#\/schema\/person\/8e9cda76b6449aea55a18c6b0f3a15f1"},"headline":"INVERSE: la marca de Roba de Ciclisme de Barcelona","datePublished":"2024-10-02T12:30:47+00:00","dateModified":"2024-10-07T11:35:18+00:00","mainEntityOfPage":{"@id":"https:\/\/www.inverseteams.com\/ca\/blog\/inverse-la-marca-de-ropa-de-ciclismo-de-barcelona\/"},"wordCount":779,"commentCount":0,"publisher":{"@id":"https:\/\/www.inverseteams.com\/ca\/#organization"},"image":{"@id":"https:\/\/www.inverseteams.com\/ca\/blog\/inverse-la-marca-de-ropa-de-ciclismo-de-barcelona\/#primaryimage"},"thumbnailUrl":"https:\/\/www.inverseteams.com\/wp-content\/uploads\/INVERSE-MARCA-ROPA-CICLISMO-BARCELONA-005.jpg","keywords":["ciclismo barcelona","marca ol\u00edmpica barcelona","barcelona","marca ropa ciclismo barcelona","barcelona brand","marca ropa deportiva barcelona","barcelona brands","marca ropa selecci\u00f3n espa\u00f1a ciclismo","calidad barcelona","ropa ciclismo barcelona","cycling clothing barcelona brand","ropa deportiva barcelona","jersey cycling barcelona brand","la marca selecci\u00f3n espa\u00f1ola ciclismo","maillot barcelona","marca barcelona","marca ciclismo barcelona"],"articleSection":["Ciclisme"],"inLanguage":"ca","potentialAction":[{"@type":"CommentAction","name":"Comment","target":["https:\/\/www.inverseteams.com\/ca\/blog\/inverse-la-marca-de-ropa-de-ciclismo-de-barcelona\/#respond"]}]},{"@type":"WebPage","@id":"https:\/\/www.inverseteams.com\/ca\/blog\/inverse-la-marca-de-ropa-de-ciclismo-de-barcelona\/","url":"https:\/\/www.inverseteams.com\/ca\/blog\/inverse-la-marca-de-ropa-de-ciclismo-de-barcelona\/","name":"INVERSE: la marca de Roba de Ciclisme de Barcelona | Inverseteams","isPartOf":{"@id":"https:\/\/www.inverseteams.com\/ca\/#website"},"primaryImageOfPage":{"@id":"https:\/\/www.inverseteams.com\/ca\/blog\/inverse-la-marca-de-ropa-de-ciclismo-de-barcelona\/#primaryimage"},"image":{"@id":"https:\/\/www.inverseteams.com\/ca\/blog\/inverse-la-marca-de-ropa-de-ciclismo-de-barcelona\/#primaryimage"},"thumbnailUrl":"https:\/\/www.inverseteams.com\/wp-content\/uploads\/INVERSE-MARCA-ROPA-CICLISMO-BARCELONA-005.jpg","datePublished":"2024-10-02T12:30:47+00:00","dateModified":"2024-10-07T11:35:18+00:00","description":"La marca esportiva INVERSE de roba de ciclisme t\u00e9 les seves arrels a la vibrant ciutat de Barcelona des del 1969.","breadcrumb":{"@id":"https:\/\/www.inverseteams.com\/ca\/blog\/inverse-la-marca-de-ropa-de-ciclismo-de-barcelona\/#breadcrumb"},"inLanguage":"ca","potentialAction":[{"@type":"ReadAction","target":["https:\/\/www.inverseteams.com\/ca\/blog\/inverse-la-marca-de-ropa-de-ciclismo-de-barcelona\/"]}]},{"@type":"ImageObject","inLanguage":"ca","@id":"https:\/\/www.inverseteams.com\/ca\/blog\/inverse-la-marca-de-ropa-de-ciclismo-de-barcelona\/#primaryimage","url":"https:\/\/www.inverseteams.com\/wp-content\/uploads\/INVERSE-MARCA-ROPA-CICLISMO-BARCELONA-005.jpg","contentUrl":"https:\/\/www.inverseteams.com\/wp-content\/uploads\/INVERSE-MARCA-ROPA-CICLISMO-BARCELONA-005.jpg","width":1920,"height":1280},{"@type":"BreadcrumbList","@id":"https:\/\/www.inverseteams.com\/ca\/blog\/inverse-la-marca-de-ropa-de-ciclismo-de-barcelona\/#breadcrumb","itemListElement":[{"@type":"ListItem","position":1,"name":"Portada","item":"https:\/\/www.inverseteams.com\/ca\/pagina-principal\/"},{"@type":"ListItem","position":2,"name":"INVERSE: la marca de Roba de Ciclisme de Barcelona"}]},{"@type":"WebSite","@id":"https:\/\/www.inverseteams.com\/ca\/#website","url":"https:\/\/www.inverseteams.com\/ca\/","name":"Inverseteams","description":"Tu marca de ropa deportiva personalizada","publisher":{"@id":"https:\/\/www.inverseteams.com\/ca\/#organization"},"potentialAction":[{"@type":"SearchAction","target":{"@type":"EntryPoint","urlTemplate":"https:\/\/www.inverseteams.com\/ca\/?s={search_term_string}"},"query-input":{"@type":"PropertyValueSpecification","valueRequired":true,"valueName":"search_term_string"}}],"inLanguage":"ca"},{"@type":"Organization","@id":"https:\/\/www.inverseteams.com\/ca\/#organization","name":"Inverse Teams","url":"https:\/\/www.inverseteams.com\/ca\/","logo":{"@type":"ImageObject","inLanguage":"ca","@id":"https:\/\/www.inverseteams.com\/ca\/#\/schema\/logo\/image\/","url":"https:\/\/www.inverseteams.com\/wp-content\/uploads\/2021\/03\/logo-inverse-teams.png","contentUrl":"https:\/\/www.inverseteams.com\/wp-content\/uploads\/2021\/03\/logo-inverse-teams.png","width":294,"height":99,"caption":"Inverse Teams"},"image":{"@id":"https:\/\/www.inverseteams.com\/ca\/#\/schema\/logo\/image\/"},"sameAs":["https:\/\/www.facebook.com\/inverseteams","http:\/\/instagram.com\/inverseteams","https:\/\/www.linkedin.com\/company\/inverse-cirosport-s-l-?trk=job_view_topcard_company_name","http:\/\/www.pinterest.com\/inverseteams\/","http:\/\/www.youtube.com\/user\/inverseteams?feature=watch"]},{"@type":"Person","@id":"https:\/\/www.inverseteams.com\/ca\/#\/schema\/person\/8e9cda76b6449aea55a18c6b0f3a15f1","name":"xavier","image":{"@type":"ImageObject","inLanguage":"ca","@id":"https:\/\/secure.gravatar.com\/avatar\/602b199a1f28e97d83ab3a8bcb642260f5afd77cb09704889d85ddd70643cddb?s=96&d=mm&r=g","url":"https:\/\/secure.gravatar.com\/avatar\/602b199a1f28e97d83ab3a8bcb642260f5afd77cb09704889d85ddd70643cddb?s=96&d=mm&r=g","contentUrl":"https:\/\/secure.gravatar.com\/avatar\/602b199a1f28e97d83ab3a8bcb642260f5afd77cb09704889d85ddd70643cddb?s=96&d=mm&r=g","caption":"xavier"}}]}},"_links":{"self":[{"href":"https:\/\/www.inverseteams.com\/ca\/wp-json\/wp\/v2\/posts\/217677","targetHints":{"allow":["GET"]}}],"collection":[{"href":"https:\/\/www.inverseteams.com\/ca\/wp-json\/wp\/v2\/posts"}],"about":[{"href":"https:\/\/www.inverseteams.com\/ca\/wp-json\/wp\/v2\/types\/post"}],"author":[{"embeddable":true,"href":"https:\/\/www.inverseteams.com\/ca\/wp-json\/wp\/v2\/users\/12"}],"replies":[{"embeddable":true,"href":"https:\/\/www.inverseteams.com\/ca\/wp-json\/wp\/v2\/comments?post=217677"}],"version-history":[{"count":0,"href":"https:\/\/www.inverseteams.com\/ca\/wp-json\/wp\/v2\/posts\/217677\/revisions"}],"wp:featuredmedia":[{"embeddable":true,"href":"https:\/\/www.inverseteams.com\/ca\/wp-json\/wp\/v2\/media\/217381"}],"wp:attachment":[{"href":"https:\/\/www.inverseteams.com\/ca\/wp-json\/wp\/v2\/media?parent=217677"}],"wp:term":[{"taxonomy":"category","embeddable":true,"href":"https:\/\/www.inverseteams.com\/ca\/wp-json\/wp\/v2\/categories?post=217677"},{"taxonomy":"post_tag","embeddable":true,"href":"https:\/\/www.inverseteams.com\/ca\/wp-json\/wp\/v2\/tags?post=217677"}],"curies":[{"name":"wp","href":"https:\/\/api.w.org\/{rel}","templated":true}]}}