{"id":198937,"date":"2024-04-30T11:51:56","date_gmt":"2024-04-30T11:51:56","guid":{"rendered":"https:\/\/www.inverseteams.com\/blog\/el-importante-legado-del-esport-ciclista-barcelona-cedido-al-archivo-historico-de-barcelona\/"},"modified":"2024-04-30T12:09:11","modified_gmt":"2024-04-30T12:09:11","slug":"el-importante-legado-del-esport-ciclista-barcelona-cedido-al-archivo-historico-de-barcelona","status":"publish","type":"post","link":"https:\/\/www.inverseteams.com\/ca\/blog\/el-importante-legado-del-esport-ciclista-barcelona-cedido-al-archivo-historico-de-barcelona\/","title":{"rendered":"L&#8217;important llegat de l\u2019Esport Ciclista Barcelona cedit a l&#8217;Arxiu Hist\u00f2ric de Barcelona."},"content":{"rendered":"\n<figure class=\"wp-block-image size-large\"><img loading=\"lazy\" decoding=\"async\" width=\"1024\" height=\"768\" src=\"https:\/\/www.inverseteams.com\/wp-content\/uploads\/ARXIU_BARCELONA_LLIURAMENT_MATERIAL_04_IMG_9314-copia-1024x768.jpg\" alt=\"\" class=\"wp-image-198862\" srcset=\"https:\/\/www.inverseteams.com\/wp-content\/uploads\/ARXIU_BARCELONA_LLIURAMENT_MATERIAL_04_IMG_9314-copia-1024x768.jpg 1024w, https:\/\/www.inverseteams.com\/wp-content\/uploads\/ARXIU_BARCELONA_LLIURAMENT_MATERIAL_04_IMG_9314-copia-300x225.jpg 300w, https:\/\/www.inverseteams.com\/wp-content\/uploads\/ARXIU_BARCELONA_LLIURAMENT_MATERIAL_04_IMG_9314-copia-768x576.jpg 768w, https:\/\/www.inverseteams.com\/wp-content\/uploads\/ARXIU_BARCELONA_LLIURAMENT_MATERIAL_04_IMG_9314-copia-1536x1152.jpg 1536w, https:\/\/www.inverseteams.com\/wp-content\/uploads\/ARXIU_BARCELONA_LLIURAMENT_MATERIAL_04_IMG_9314-copia-2048x1536.jpg 2048w, https:\/\/www.inverseteams.com\/wp-content\/uploads\/ARXIU_BARCELONA_LLIURAMENT_MATERIAL_04_IMG_9314-copia-420x315.jpg 420w, https:\/\/www.inverseteams.com\/wp-content\/uploads\/ARXIU_BARCELONA_LLIURAMENT_MATERIAL_04_IMG_9314-copia-64x48.jpg 64w\" sizes=\"auto, (max-width: 1024px) 100vw, 1024px\" \/><\/figure>\n\n\n<div class=\"wrapper-heading\">\n<h2 class=\"wp-block-heading\">L\u2019Esport Ciclista Barcelona (ECB) ha deixat un gran llegat per a la hist\u00f2ria del ciclisme catal\u00e0 i espanyol. Recentment, ha trobat una nova llar en el Arxiu Hist\u00f2ric de la Ciutat de Barcelona (AHCB), marcant una fita significativa en la preservaci\u00f3 i difusi\u00f3 de la mem\u00f2ria ciclista.<\/h2>\n<\/div>\n\n<div class=\"wrapper-heading\">\n<h3 class=\"wp-block-heading\">La signatura del conveni de cessi\u00f3, un esdeveniment transcendental, va tenir lloc el passat 24 d&#8217;abril en la majestuosa seu de l&#8217;arxiu, el palau g\u00f2tic de la Casa de l\u2019Ardiaca, situat al costat de la venerable catedral de Barcelona.<\/h3>\n<\/div>\n\n<div class=\"wrapper-heading\">\n<h4 class=\"wp-block-heading\">Aquesta destacable cessi\u00f3 de cultura ciclista va estar marcada per la pres\u00e8ncia de Joaquim Sabat\u00e9, actual president de l\u2019ECB i Director Financer i de Recursos Humans d\u2019Inverse, acompanyat pel seu germ\u00e0 Joan Sabat\u00e9, CEO d\u2019Inverse, i Jordi Mart\u00ednez, responsable de l&#8217;arxiu del club.<\/h4>\n<\/div>\n\n\n<figure class=\"wp-block-image size-large\"><img loading=\"lazy\" decoding=\"async\" width=\"1024\" height=\"768\" src=\"https:\/\/www.inverseteams.com\/wp-content\/uploads\/ARXIU_BARCELONA_LLIURAMENT_MATERIAL_02_IMG_9314-copia-1024x768.jpg\" alt=\"\" class=\"wp-image-198867\" srcset=\"https:\/\/www.inverseteams.com\/wp-content\/uploads\/ARXIU_BARCELONA_LLIURAMENT_MATERIAL_02_IMG_9314-copia-1024x768.jpg 1024w, https:\/\/www.inverseteams.com\/wp-content\/uploads\/ARXIU_BARCELONA_LLIURAMENT_MATERIAL_02_IMG_9314-copia-300x225.jpg 300w, https:\/\/www.inverseteams.com\/wp-content\/uploads\/ARXIU_BARCELONA_LLIURAMENT_MATERIAL_02_IMG_9314-copia-768x576.jpg 768w, https:\/\/www.inverseteams.com\/wp-content\/uploads\/ARXIU_BARCELONA_LLIURAMENT_MATERIAL_02_IMG_9314-copia-1536x1152.jpg 1536w, https:\/\/www.inverseteams.com\/wp-content\/uploads\/ARXIU_BARCELONA_LLIURAMENT_MATERIAL_02_IMG_9314-copia-2048x1536.jpg 2048w, https:\/\/www.inverseteams.com\/wp-content\/uploads\/ARXIU_BARCELONA_LLIURAMENT_MATERIAL_02_IMG_9314-copia-420x315.jpg 420w, https:\/\/www.inverseteams.com\/wp-content\/uploads\/ARXIU_BARCELONA_LLIURAMENT_MATERIAL_02_IMG_9314-copia-64x48.jpg 64w\" sizes=\"auto, (max-width: 1024px) 100vw, 1024px\" \/><\/figure>\n\n\n<div class=\"wrapper-heading\">\n<h4 class=\"wp-block-heading\"><strong>Signatura del conveni a casa de l\u2019Ardiaca<\/strong><\/h4>\n<\/div>\n\n\n<p>La transcendental signatura del conveni de cessi\u00f3 va tenir lloc en la majestuosa seu del <a href=\"https:\/\/ajuntament.barcelona.cat\/arxiumunicipal\/arxiuhistoric\/ca\">AHCB<\/a>, en <strong><a href=\"https:\/\/es.wikipedia.org\/wiki\/Casa_de_l%27Ardiaca\">el palau g\u00f2tic de la Casa de l\u2019Ardiaca<\/a><\/strong>, situat al costat de la imponent catedral de Barcelona. En aquest emblem\u00e0tic escenari, Joaquim Sabat\u00e9, actual president de l\u2019ECB i Director Financer i de Recursos Humans d\u2019Inverse, al costat del seu germ\u00e0 Joan Sabat\u00e9, director comercial d\u2019Inverse, van segellar l&#8217;acord de cessi\u00f3. Els va acompanyar Jordi Mart\u00ednez, responsable de l&#8217;arxiu del club ECB.<\/p>\n\n\n\n<figure class=\"wp-block-image size-large\"><img loading=\"lazy\" decoding=\"async\" width=\"1024\" height=\"768\" src=\"https:\/\/www.inverseteams.com\/wp-content\/uploads\/ARXIU_BARCELONA_LLIURAMENT_MATERIAL_03_IMG_9314-copia-1024x768.jpg\" alt=\"\" class=\"wp-image-198872\" srcset=\"https:\/\/www.inverseteams.com\/wp-content\/uploads\/ARXIU_BARCELONA_LLIURAMENT_MATERIAL_03_IMG_9314-copia-1024x768.jpg 1024w, https:\/\/www.inverseteams.com\/wp-content\/uploads\/ARXIU_BARCELONA_LLIURAMENT_MATERIAL_03_IMG_9314-copia-300x225.jpg 300w, https:\/\/www.inverseteams.com\/wp-content\/uploads\/ARXIU_BARCELONA_LLIURAMENT_MATERIAL_03_IMG_9314-copia-768x576.jpg 768w, https:\/\/www.inverseteams.com\/wp-content\/uploads\/ARXIU_BARCELONA_LLIURAMENT_MATERIAL_03_IMG_9314-copia-1536x1152.jpg 1536w, https:\/\/www.inverseteams.com\/wp-content\/uploads\/ARXIU_BARCELONA_LLIURAMENT_MATERIAL_03_IMG_9314-copia-2048x1536.jpg 2048w, https:\/\/www.inverseteams.com\/wp-content\/uploads\/ARXIU_BARCELONA_LLIURAMENT_MATERIAL_03_IMG_9314-copia-420x315.jpg 420w, https:\/\/www.inverseteams.com\/wp-content\/uploads\/ARXIU_BARCELONA_LLIURAMENT_MATERIAL_03_IMG_9314-copia-64x48.jpg 64w\" sizes=\"auto, (max-width: 1024px) 100vw, 1024px\" \/><\/figure>\n\n\n<div class=\"wrapper-heading\">\n<h4 class=\"wp-block-heading\"><strong>Un valuosa cessi\u00f3 de documentaci\u00f3 de cultura ciclista<\/strong><\/h4>\n<\/div>\n\n\n<p>L&#8217;arxiu cedit a l\u2019AHCB alberga una col\u00b7lecci\u00f3 \u00fanica de cartells que donen testimoniatge de dos esdeveniments emblem\u00e0tics en la hist\u00f2ria del ciclisme catal\u00e0: <strong>l&#8217;<a href=\"https:\/\/ca.wikipedia.org\/wiki\/Escalada_ciclista_a_Montju%C3%AFc\">Escalada ciclista al castell de Montju\u00efc<\/a> i la Setmana Catalana de Ciclisme<\/strong> des dels seus inicis en els anys 60 fins a les \u00faltimes edicions celebrades a principis del segle XXI. Aquests esdeveniments no sols van marcar fites en la competici\u00f3 ciclista, sin\u00f3 que tamb\u00e9 van contribuir a la cultura i la identitat de Barcelona i Catalunya en general.<\/p>\n\n\n\n<figure class=\"wp-block-image size-large\"><img loading=\"lazy\" decoding=\"async\" width=\"1024\" height=\"768\" src=\"https:\/\/www.inverseteams.com\/wp-content\/uploads\/ARXIU_BARCELONA_LLIURAMENT_MATERIAL_10_IMG_9314-copia-1024x768.jpg\" alt=\"\" class=\"wp-image-198877\" srcset=\"https:\/\/www.inverseteams.com\/wp-content\/uploads\/ARXIU_BARCELONA_LLIURAMENT_MATERIAL_10_IMG_9314-copia-1024x768.jpg 1024w, https:\/\/www.inverseteams.com\/wp-content\/uploads\/ARXIU_BARCELONA_LLIURAMENT_MATERIAL_10_IMG_9314-copia-300x225.jpg 300w, https:\/\/www.inverseteams.com\/wp-content\/uploads\/ARXIU_BARCELONA_LLIURAMENT_MATERIAL_10_IMG_9314-copia-768x576.jpg 768w, https:\/\/www.inverseteams.com\/wp-content\/uploads\/ARXIU_BARCELONA_LLIURAMENT_MATERIAL_10_IMG_9314-copia-1536x1152.jpg 1536w, https:\/\/www.inverseteams.com\/wp-content\/uploads\/ARXIU_BARCELONA_LLIURAMENT_MATERIAL_10_IMG_9314-copia-2048x1536.jpg 2048w, https:\/\/www.inverseteams.com\/wp-content\/uploads\/ARXIU_BARCELONA_LLIURAMENT_MATERIAL_10_IMG_9314-copia-420x315.jpg 420w, https:\/\/www.inverseteams.com\/wp-content\/uploads\/ARXIU_BARCELONA_LLIURAMENT_MATERIAL_10_IMG_9314-copia-64x48.jpg 64w\" sizes=\"auto, (max-width: 1024px) 100vw, 1024px\" \/><\/figure>\n\n\n<div class=\"wrapper-heading\">\n<h4 class=\"wp-block-heading\"><strong>La hist\u00f2ria d\u2019Inverse i el ciclisme<\/strong><\/h4>\n<\/div>\n\n\n<p>La connexi\u00f3 entre l\u2019ECB i la marca Inverse afegeix una altra capa de significat a aquesta cessi\u00f3. <strong>La hist\u00f2ria d\u2019Inverse est\u00e0 intr\u00ednsecament lligada a la del ciclisme espanyol i catal\u00e0, a trav\u00e9s de la figura de <a href=\"https:\/\/ca.wikipedia.org\/wiki\/Joaquim_Sabat%C3%A9_i_Daus%C3%A0\">Joaquim Sabat\u00e9 i Daus\u00e0<\/a>, fundador de l&#8217;empresa<\/strong>. La seva passi\u00f3 pel ciclisme i el seu comprom\u00eds amb el club ECB reflecteixen el profund arrelament de la marca en la cultura ciclista.<\/p>\n\n\n\n<figure class=\"wp-block-image size-large\"><img loading=\"lazy\" decoding=\"async\" width=\"1024\" height=\"576\" src=\"https:\/\/www.inverseteams.com\/wp-content\/uploads\/ARXIU_BARCELONA_LLIURAMENT_MATERIAL_13_IMG_9314-copia-1024x576.jpg\" alt=\"\" class=\"wp-image-198882\" srcset=\"https:\/\/www.inverseteams.com\/wp-content\/uploads\/ARXIU_BARCELONA_LLIURAMENT_MATERIAL_13_IMG_9314-copia-1024x576.jpg 1024w, https:\/\/www.inverseteams.com\/wp-content\/uploads\/ARXIU_BARCELONA_LLIURAMENT_MATERIAL_13_IMG_9314-copia-300x169.jpg 300w, https:\/\/www.inverseteams.com\/wp-content\/uploads\/ARXIU_BARCELONA_LLIURAMENT_MATERIAL_13_IMG_9314-copia-768x432.jpg 768w, https:\/\/www.inverseteams.com\/wp-content\/uploads\/ARXIU_BARCELONA_LLIURAMENT_MATERIAL_13_IMG_9314-copia-1536x864.jpg 1536w, https:\/\/www.inverseteams.com\/wp-content\/uploads\/ARXIU_BARCELONA_LLIURAMENT_MATERIAL_13_IMG_9314-copia-2048x1152.jpg 2048w, https:\/\/www.inverseteams.com\/wp-content\/uploads\/ARXIU_BARCELONA_LLIURAMENT_MATERIAL_13_IMG_9314-copia-1920x1080.jpg 1920w, https:\/\/www.inverseteams.com\/wp-content\/uploads\/ARXIU_BARCELONA_LLIURAMENT_MATERIAL_13_IMG_9314-copia-420x236.jpg 420w, https:\/\/www.inverseteams.com\/wp-content\/uploads\/ARXIU_BARCELONA_LLIURAMENT_MATERIAL_13_IMG_9314-copia-64x36.jpg 64w\" sizes=\"auto, (max-width: 1024px) 100vw, 1024px\" \/><\/figure>\n\n\n<div class=\"wrapper-heading\">\n<h4 class=\"wp-block-heading\"><strong>El llegat de Joaquim Sabat\u00e9<\/strong><\/h4>\n<\/div>\n\n\n<p>Joaquim Sabat\u00e9, una<strong> figura ic\u00f2nica en el m\u00f3n del ciclisme catal\u00e0<\/strong>, va exercir un paper fonamental en la hist\u00f2ria de l\u2019ECB. Des de la seva participaci\u00f3 en el club en els anys 50 fins a la seva presid\u00e8ncia des de 1962 fins a 2001, Sabat\u00e9 <strong>va ser un incansable promotor del ciclisme a Catalunya<\/strong>. El seu llegat perdura no sols en la mem\u00f2ria del club, sin\u00f3 tamb\u00e9 en el reconeixement p\u00f2stum, com la concessi\u00f3 de la <strong>Medalla d&#8217;Honor de Barcelona en 2002.<\/strong><\/p>\n\n\n\n<p>La cessi\u00f3 de l&#8217;arxiu de l\u2019ECB a l\u2019AHCB no sols assegura la preservaci\u00f3 d&#8217;un llegat inavaluable, sin\u00f3 que tamb\u00e9 <strong>garanteix que la hist\u00f2ria del ciclisme catal\u00e0 continu\u00ef inspirant a les generacions esdevenidores<\/strong>.<\/p>\n\n\n\n<figure class=\"wp-block-image size-large\"><img loading=\"lazy\" decoding=\"async\" width=\"1024\" height=\"768\" src=\"https:\/\/www.inverseteams.com\/wp-content\/uploads\/ARXIU_BARCELONA_LLIURAMENT_MATERIAL_08_IMG_9314-copia-1024x768.jpg\" alt=\"\" class=\"wp-image-198887\" srcset=\"https:\/\/www.inverseteams.com\/wp-content\/uploads\/ARXIU_BARCELONA_LLIURAMENT_MATERIAL_08_IMG_9314-copia-1024x768.jpg 1024w, https:\/\/www.inverseteams.com\/wp-content\/uploads\/ARXIU_BARCELONA_LLIURAMENT_MATERIAL_08_IMG_9314-copia-300x225.jpg 300w, https:\/\/www.inverseteams.com\/wp-content\/uploads\/ARXIU_BARCELONA_LLIURAMENT_MATERIAL_08_IMG_9314-copia-768x576.jpg 768w, https:\/\/www.inverseteams.com\/wp-content\/uploads\/ARXIU_BARCELONA_LLIURAMENT_MATERIAL_08_IMG_9314-copia-1536x1152.jpg 1536w, https:\/\/www.inverseteams.com\/wp-content\/uploads\/ARXIU_BARCELONA_LLIURAMENT_MATERIAL_08_IMG_9314-copia-2048x1536.jpg 2048w, https:\/\/www.inverseteams.com\/wp-content\/uploads\/ARXIU_BARCELONA_LLIURAMENT_MATERIAL_08_IMG_9314-copia-420x315.jpg 420w, https:\/\/www.inverseteams.com\/wp-content\/uploads\/ARXIU_BARCELONA_LLIURAMENT_MATERIAL_08_IMG_9314-copia-64x48.jpg 64w\" sizes=\"auto, (max-width: 1024px) 100vw, 1024px\" \/><\/figure>\n\n\n\n<figure class=\"wp-block-image size-large\"><img loading=\"lazy\" decoding=\"async\" width=\"1024\" height=\"768\" src=\"https:\/\/www.inverseteams.com\/wp-content\/uploads\/ARXIU_BARCELONA_LLIURAMENT_MATERIAL_16_IMG_9314-copia-1024x768.jpg\" alt=\"\" class=\"wp-image-198892\" srcset=\"https:\/\/www.inverseteams.com\/wp-content\/uploads\/ARXIU_BARCELONA_LLIURAMENT_MATERIAL_16_IMG_9314-copia-1024x768.jpg 1024w, https:\/\/www.inverseteams.com\/wp-content\/uploads\/ARXIU_BARCELONA_LLIURAMENT_MATERIAL_16_IMG_9314-copia-300x225.jpg 300w, https:\/\/www.inverseteams.com\/wp-content\/uploads\/ARXIU_BARCELONA_LLIURAMENT_MATERIAL_16_IMG_9314-copia-768x576.jpg 768w, https:\/\/www.inverseteams.com\/wp-content\/uploads\/ARXIU_BARCELONA_LLIURAMENT_MATERIAL_16_IMG_9314-copia-1536x1152.jpg 1536w, https:\/\/www.inverseteams.com\/wp-content\/uploads\/ARXIU_BARCELONA_LLIURAMENT_MATERIAL_16_IMG_9314-copia-2048x1536.jpg 2048w, https:\/\/www.inverseteams.com\/wp-content\/uploads\/ARXIU_BARCELONA_LLIURAMENT_MATERIAL_16_IMG_9314-copia-420x315.jpg 420w, https:\/\/www.inverseteams.com\/wp-content\/uploads\/ARXIU_BARCELONA_LLIURAMENT_MATERIAL_16_IMG_9314-copia-64x48.jpg 64w\" sizes=\"auto, (max-width: 1024px) 100vw, 1024px\" \/><\/figure>\n\n\n\n<div class=\"wp-block-buttons is-layout-flex wp-block-buttons-is-layout-flex\">\n<div class=\"wp-block-button\"><a class=\"wp-block-button__link wp-element-button\" href=\"https:\/\/www.inverseteams.com\/ca\/fabricat-barcelona-des-de-1969\/\">Hist\u00f2ria de Inverse<\/a><\/div>\n<\/div>\n","protected":false},"excerpt":{"rendered":"<p>L\u2019Esport Ciclista Barcelona (ECB) ha deixat un gran llegat per a la hist\u00f2ria del ciclisme catal\u00e0 i espanyol. Recentment, ha trobat una nova llar en el Arxiu Hist\u00f2ric de la Ciutat de Barcelona (AHCB), marcant una fita significativa en la preservaci\u00f3 i difusi\u00f3 de la mem\u00f2ria ciclista. La signatura del conveni de cessi\u00f3, un esdeveniment [&hellip;]<\/p>\n","protected":false},"author":12,"featured_media":198863,"comment_status":"open","ping_status":"open","sticky":false,"template":"","format":"standard","meta":{"_acf_changed":false,"mc4wp_mailchimp_campaign":[],"footnotes":""},"categories":[186],"tags":[14128,14129,14130,8688,14120,14121,14122,14123,14124,14125,14126,14127],"class_list":["post-198937","post","type-post","status-publish","format-standard","has-post-thumbnail","hentry","category-ciclisme","tag-joaquim-sabate-ca","tag-semana-catalana-ciclismo-ca","tag-setmana-catalana-ciclisme-ca","tag-ciclismo-barcelona-ca","tag-barcelona-cycling-history-ca","tag-catalonia-cycling-history-ca","tag-escalada-castell-montjuic-ca","tag-esport-ciclista-barcelona-ca","tag-historia-ciclisme-catalunya-ca","tag-historia-ciclisme-espanya-ca","tag-historia-ciclismo-cataluna-ca","tag-historia-ciclismo-espana-ca"],"acf":[],"yoast_head":"<!-- This site is optimized with the Yoast SEO plugin v27.3 - https:\/\/yoast.com\/product\/yoast-seo-wordpress\/ -->\n<title>L&#039;important llegat de l\u2019Esport Ciclista Barcelona cedit a l&#039;Arxiu Hist\u00f2ric de Barcelona. | Inverseteams<\/title>\n<meta name=\"description\" content=\"L\u2019Esport Ciclista Barcelona (ECB) ha deixat un gran llegat per a la hist\u00f2ria del ciclisme catal\u00e0 i espanyol. Recentment, ha trobat una nova llar en el Arxiu Hist\u00f2ric de la Ciutat de Barcelona (AHCB), marcant una fita significativa en la preservaci\u00f3 i difusi\u00f3 de la mem\u00f2ria ciclista.\" \/>\n<meta name=\"robots\" content=\"index, follow, max-snippet:-1, max-image-preview:large, max-video-preview:-1\" \/>\n<link rel=\"canonical\" href=\"https:\/\/www.inverseteams.com\/ca\/blog\/el-importante-legado-del-esport-ciclista-barcelona-cedido-al-archivo-historico-de-barcelona\/\" \/>\n<meta property=\"og:locale\" content=\"ca_ES\" \/>\n<meta property=\"og:type\" content=\"article\" \/>\n<meta property=\"og:title\" content=\"L&#039;important llegat de l\u2019Esport Ciclista Barcelona cedit a l&#039;Arxiu Hist\u00f2ric de Barcelona. | Inverseteams\" \/>\n<meta property=\"og:description\" content=\"L\u2019Esport Ciclista Barcelona (ECB) ha deixat un gran llegat per a la hist\u00f2ria del ciclisme catal\u00e0 i espanyol. Recentment, ha trobat una nova llar en el Arxiu Hist\u00f2ric de la Ciutat de Barcelona (AHCB), marcant una fita significativa en la preservaci\u00f3 i difusi\u00f3 de la mem\u00f2ria ciclista.\" \/>\n<meta property=\"og:url\" content=\"https:\/\/www.inverseteams.com\/ca\/blog\/el-importante-legado-del-esport-ciclista-barcelona-cedido-al-archivo-historico-de-barcelona\/\" \/>\n<meta property=\"og:site_name\" content=\"Inverseteams\" \/>\n<meta property=\"article:publisher\" content=\"https:\/\/www.facebook.com\/inverseteams\" \/>\n<meta property=\"article:published_time\" content=\"2024-04-30T11:51:56+00:00\" \/>\n<meta property=\"article:modified_time\" content=\"2024-04-30T12:09:11+00:00\" \/>\n<meta property=\"og:image\" content=\"https:\/\/www.inverseteams.com\/wp-content\/uploads\/ARXIU_BARCELONA_LLIURAMENT_MATERIAL_04_IMG_9314-copia-1024x768.jpg\" \/>\n\t<meta property=\"og:image:width\" content=\"1024\" \/>\n\t<meta property=\"og:image:height\" content=\"768\" \/>\n\t<meta property=\"og:image:type\" content=\"image\/jpeg\" \/>\n<meta name=\"author\" content=\"xavier\" \/>\n<meta name=\"twitter:card\" content=\"summary_large_image\" \/>\n<meta name=\"twitter:label1\" content=\"Escrit per\" \/>\n\t<meta name=\"twitter:data1\" content=\"xavier\" \/>\n\t<meta name=\"twitter:label2\" content=\"Temps estimat de lectura\" \/>\n\t<meta name=\"twitter:data2\" content=\"4 minut\" \/>\n<script type=\"application\/ld+json\" class=\"yoast-schema-graph\">{\"@context\":\"https:\\\/\\\/schema.org\",\"@graph\":[{\"@type\":\"Article\",\"@id\":\"https:\\\/\\\/www.inverseteams.com\\\/ca\\\/blog\\\/el-importante-legado-del-esport-ciclista-barcelona-cedido-al-archivo-historico-de-barcelona\\\/#article\",\"isPartOf\":{\"@id\":\"https:\\\/\\\/www.inverseteams.com\\\/ca\\\/blog\\\/el-importante-legado-del-esport-ciclista-barcelona-cedido-al-archivo-historico-de-barcelona\\\/\"},\"author\":{\"name\":\"xavier\",\"@id\":\"https:\\\/\\\/www.inverseteams.com\\\/ca\\\/#\\\/schema\\\/person\\\/8e9cda76b6449aea55a18c6b0f3a15f1\"},\"headline\":\"L&#8217;important llegat de l\u2019Esport Ciclista Barcelona cedit a l&#8217;Arxiu Hist\u00f2ric de Barcelona.\",\"datePublished\":\"2024-04-30T11:51:56+00:00\",\"dateModified\":\"2024-04-30T12:09:11+00:00\",\"mainEntityOfPage\":{\"@id\":\"https:\\\/\\\/www.inverseteams.com\\\/ca\\\/blog\\\/el-importante-legado-del-esport-ciclista-barcelona-cedido-al-archivo-historico-de-barcelona\\\/\"},\"wordCount\":563,\"commentCount\":0,\"publisher\":{\"@id\":\"https:\\\/\\\/www.inverseteams.com\\\/ca\\\/#organization\"},\"image\":{\"@id\":\"https:\\\/\\\/www.inverseteams.com\\\/ca\\\/blog\\\/el-importante-legado-del-esport-ciclista-barcelona-cedido-al-archivo-historico-de-barcelona\\\/#primaryimage\"},\"thumbnailUrl\":\"https:\\\/\\\/www.inverseteams.com\\\/wp-content\\\/uploads\\\/ARXIU_BARCELONA_LLIURAMENT_MATERIAL_04_IMG_9314-copia.jpg\",\"keywords\":[\"Joaquim Sabat\u00e9\",\"Semana Catalana Ciclismo\",\"Setmana Catalana Ciclisme\",\"ciclismo barcelona\",\"Barcelona cycling history\",\"Catalonia cycling history\",\"Escalada castell Montju\u00efc\",\"Esport Ciclista Barcelona\",\"historia ciclisme catalunya\",\"hist\u00f2ria ciclisme espanya\",\"Historia ciclismo catalu\u00f1a\",\"historia ciclismo espa\u00f1a\"],\"articleSection\":[\"Ciclisme\"],\"inLanguage\":\"ca\",\"potentialAction\":[{\"@type\":\"CommentAction\",\"name\":\"Comment\",\"target\":[\"https:\\\/\\\/www.inverseteams.com\\\/ca\\\/blog\\\/el-importante-legado-del-esport-ciclista-barcelona-cedido-al-archivo-historico-de-barcelona\\\/#respond\"]}]},{\"@type\":\"WebPage\",\"@id\":\"https:\\\/\\\/www.inverseteams.com\\\/ca\\\/blog\\\/el-importante-legado-del-esport-ciclista-barcelona-cedido-al-archivo-historico-de-barcelona\\\/\",\"url\":\"https:\\\/\\\/www.inverseteams.com\\\/ca\\\/blog\\\/el-importante-legado-del-esport-ciclista-barcelona-cedido-al-archivo-historico-de-barcelona\\\/\",\"name\":\"L'important llegat de l\u2019Esport Ciclista Barcelona cedit a l'Arxiu Hist\u00f2ric de Barcelona. | Inverseteams\",\"isPartOf\":{\"@id\":\"https:\\\/\\\/www.inverseteams.com\\\/ca\\\/#website\"},\"primaryImageOfPage\":{\"@id\":\"https:\\\/\\\/www.inverseteams.com\\\/ca\\\/blog\\\/el-importante-legado-del-esport-ciclista-barcelona-cedido-al-archivo-historico-de-barcelona\\\/#primaryimage\"},\"image\":{\"@id\":\"https:\\\/\\\/www.inverseteams.com\\\/ca\\\/blog\\\/el-importante-legado-del-esport-ciclista-barcelona-cedido-al-archivo-historico-de-barcelona\\\/#primaryimage\"},\"thumbnailUrl\":\"https:\\\/\\\/www.inverseteams.com\\\/wp-content\\\/uploads\\\/ARXIU_BARCELONA_LLIURAMENT_MATERIAL_04_IMG_9314-copia.jpg\",\"datePublished\":\"2024-04-30T11:51:56+00:00\",\"dateModified\":\"2024-04-30T12:09:11+00:00\",\"description\":\"L\u2019Esport Ciclista Barcelona (ECB) ha deixat un gran llegat per a la hist\u00f2ria del ciclisme catal\u00e0 i espanyol. Recentment, ha trobat una nova llar en el Arxiu Hist\u00f2ric de la Ciutat de Barcelona (AHCB), marcant una fita significativa en la preservaci\u00f3 i difusi\u00f3 de la mem\u00f2ria ciclista.\",\"breadcrumb\":{\"@id\":\"https:\\\/\\\/www.inverseteams.com\\\/ca\\\/blog\\\/el-importante-legado-del-esport-ciclista-barcelona-cedido-al-archivo-historico-de-barcelona\\\/#breadcrumb\"},\"inLanguage\":\"ca\",\"potentialAction\":[{\"@type\":\"ReadAction\",\"target\":[\"https:\\\/\\\/www.inverseteams.com\\\/ca\\\/blog\\\/el-importante-legado-del-esport-ciclista-barcelona-cedido-al-archivo-historico-de-barcelona\\\/\"]}]},{\"@type\":\"ImageObject\",\"inLanguage\":\"ca\",\"@id\":\"https:\\\/\\\/www.inverseteams.com\\\/ca\\\/blog\\\/el-importante-legado-del-esport-ciclista-barcelona-cedido-al-archivo-historico-de-barcelona\\\/#primaryimage\",\"url\":\"https:\\\/\\\/www.inverseteams.com\\\/wp-content\\\/uploads\\\/ARXIU_BARCELONA_LLIURAMENT_MATERIAL_04_IMG_9314-copia.jpg\",\"contentUrl\":\"https:\\\/\\\/www.inverseteams.com\\\/wp-content\\\/uploads\\\/ARXIU_BARCELONA_LLIURAMENT_MATERIAL_04_IMG_9314-copia.jpg\",\"width\":4032,\"height\":3024},{\"@type\":\"BreadcrumbList\",\"@id\":\"https:\\\/\\\/www.inverseteams.com\\\/ca\\\/blog\\\/el-importante-legado-del-esport-ciclista-barcelona-cedido-al-archivo-historico-de-barcelona\\\/#breadcrumb\",\"itemListElement\":[{\"@type\":\"ListItem\",\"position\":1,\"name\":\"Portada\",\"item\":\"https:\\\/\\\/www.inverseteams.com\\\/ca\\\/pagina-principal\\\/\"},{\"@type\":\"ListItem\",\"position\":2,\"name\":\"L&#8217;important llegat de l\u2019Esport Ciclista Barcelona cedit a l&#8217;Arxiu Hist\u00f2ric de Barcelona.\"}]},{\"@type\":\"WebSite\",\"@id\":\"https:\\\/\\\/www.inverseteams.com\\\/ca\\\/#website\",\"url\":\"https:\\\/\\\/www.inverseteams.com\\\/ca\\\/\",\"name\":\"Inverseteams\",\"description\":\"Tu marca de ropa deportiva personalizada\",\"publisher\":{\"@id\":\"https:\\\/\\\/www.inverseteams.com\\\/ca\\\/#organization\"},\"potentialAction\":[{\"@type\":\"SearchAction\",\"target\":{\"@type\":\"EntryPoint\",\"urlTemplate\":\"https:\\\/\\\/www.inverseteams.com\\\/ca\\\/?s={search_term_string}\"},\"query-input\":{\"@type\":\"PropertyValueSpecification\",\"valueRequired\":true,\"valueName\":\"search_term_string\"}}],\"inLanguage\":\"ca\"},{\"@type\":\"Organization\",\"@id\":\"https:\\\/\\\/www.inverseteams.com\\\/ca\\\/#organization\",\"name\":\"Inverse Teams\",\"url\":\"https:\\\/\\\/www.inverseteams.com\\\/ca\\\/\",\"logo\":{\"@type\":\"ImageObject\",\"inLanguage\":\"ca\",\"@id\":\"https:\\\/\\\/www.inverseteams.com\\\/ca\\\/#\\\/schema\\\/logo\\\/image\\\/\",\"url\":\"https:\\\/\\\/www.inverseteams.com\\\/wp-content\\\/uploads\\\/2021\\\/03\\\/logo-inverse-teams.png\",\"contentUrl\":\"https:\\\/\\\/www.inverseteams.com\\\/wp-content\\\/uploads\\\/2021\\\/03\\\/logo-inverse-teams.png\",\"width\":294,\"height\":99,\"caption\":\"Inverse Teams\"},\"image\":{\"@id\":\"https:\\\/\\\/www.inverseteams.com\\\/ca\\\/#\\\/schema\\\/logo\\\/image\\\/\"},\"sameAs\":[\"https:\\\/\\\/www.facebook.com\\\/inverseteams\",\"http:\\\/\\\/instagram.com\\\/inverseteams\",\"https:\\\/\\\/www.linkedin.com\\\/company\\\/inverse-cirosport-s-l-?trk=job_view_topcard_company_name\",\"http:\\\/\\\/www.pinterest.com\\\/inverseteams\\\/\",\"http:\\\/\\\/www.youtube.com\\\/user\\\/inverseteams?feature=watch\"]},{\"@type\":\"Person\",\"@id\":\"https:\\\/\\\/www.inverseteams.com\\\/ca\\\/#\\\/schema\\\/person\\\/8e9cda76b6449aea55a18c6b0f3a15f1\",\"name\":\"xavier\",\"image\":{\"@type\":\"ImageObject\",\"inLanguage\":\"ca\",\"@id\":\"https:\\\/\\\/secure.gravatar.com\\\/avatar\\\/602b199a1f28e97d83ab3a8bcb642260f5afd77cb09704889d85ddd70643cddb?s=96&d=mm&r=g\",\"url\":\"https:\\\/\\\/secure.gravatar.com\\\/avatar\\\/602b199a1f28e97d83ab3a8bcb642260f5afd77cb09704889d85ddd70643cddb?s=96&d=mm&r=g\",\"contentUrl\":\"https:\\\/\\\/secure.gravatar.com\\\/avatar\\\/602b199a1f28e97d83ab3a8bcb642260f5afd77cb09704889d85ddd70643cddb?s=96&d=mm&r=g\",\"caption\":\"xavier\"}}]}<\/script>\n<!-- \/ Yoast SEO plugin. -->","yoast_head_json":{"title":"L'important llegat de l\u2019Esport Ciclista Barcelona cedit a l'Arxiu Hist\u00f2ric de Barcelona. | Inverseteams","description":"L\u2019Esport Ciclista Barcelona (ECB) ha deixat un gran llegat per a la hist\u00f2ria del ciclisme catal\u00e0 i espanyol. Recentment, ha trobat una nova llar en el Arxiu Hist\u00f2ric de la Ciutat de Barcelona (AHCB), marcant una fita significativa en la preservaci\u00f3 i difusi\u00f3 de la mem\u00f2ria ciclista.","robots":{"index":"index","follow":"follow","max-snippet":"max-snippet:-1","max-image-preview":"max-image-preview:large","max-video-preview":"max-video-preview:-1"},"canonical":"https:\/\/www.inverseteams.com\/ca\/blog\/el-importante-legado-del-esport-ciclista-barcelona-cedido-al-archivo-historico-de-barcelona\/","og_locale":"ca_ES","og_type":"article","og_title":"L'important llegat de l\u2019Esport Ciclista Barcelona cedit a l'Arxiu Hist\u00f2ric de Barcelona. | Inverseteams","og_description":"L\u2019Esport Ciclista Barcelona (ECB) ha deixat un gran llegat per a la hist\u00f2ria del ciclisme catal\u00e0 i espanyol. Recentment, ha trobat una nova llar en el Arxiu Hist\u00f2ric de la Ciutat de Barcelona (AHCB), marcant una fita significativa en la preservaci\u00f3 i difusi\u00f3 de la mem\u00f2ria ciclista.","og_url":"https:\/\/www.inverseteams.com\/ca\/blog\/el-importante-legado-del-esport-ciclista-barcelona-cedido-al-archivo-historico-de-barcelona\/","og_site_name":"Inverseteams","article_publisher":"https:\/\/www.facebook.com\/inverseteams","article_published_time":"2024-04-30T11:51:56+00:00","article_modified_time":"2024-04-30T12:09:11+00:00","og_image":[{"width":1024,"height":768,"url":"https:\/\/www.inverseteams.com\/wp-content\/uploads\/ARXIU_BARCELONA_LLIURAMENT_MATERIAL_04_IMG_9314-copia-1024x768.jpg","type":"image\/jpeg"}],"author":"xavier","twitter_card":"summary_large_image","twitter_misc":{"Escrit per":"xavier","Temps estimat de lectura":"4 minut"},"schema":{"@context":"https:\/\/schema.org","@graph":[{"@type":"Article","@id":"https:\/\/www.inverseteams.com\/ca\/blog\/el-importante-legado-del-esport-ciclista-barcelona-cedido-al-archivo-historico-de-barcelona\/#article","isPartOf":{"@id":"https:\/\/www.inverseteams.com\/ca\/blog\/el-importante-legado-del-esport-ciclista-barcelona-cedido-al-archivo-historico-de-barcelona\/"},"author":{"name":"xavier","@id":"https:\/\/www.inverseteams.com\/ca\/#\/schema\/person\/8e9cda76b6449aea55a18c6b0f3a15f1"},"headline":"L&#8217;important llegat de l\u2019Esport Ciclista Barcelona cedit a l&#8217;Arxiu Hist\u00f2ric de Barcelona.","datePublished":"2024-04-30T11:51:56+00:00","dateModified":"2024-04-30T12:09:11+00:00","mainEntityOfPage":{"@id":"https:\/\/www.inverseteams.com\/ca\/blog\/el-importante-legado-del-esport-ciclista-barcelona-cedido-al-archivo-historico-de-barcelona\/"},"wordCount":563,"commentCount":0,"publisher":{"@id":"https:\/\/www.inverseteams.com\/ca\/#organization"},"image":{"@id":"https:\/\/www.inverseteams.com\/ca\/blog\/el-importante-legado-del-esport-ciclista-barcelona-cedido-al-archivo-historico-de-barcelona\/#primaryimage"},"thumbnailUrl":"https:\/\/www.inverseteams.com\/wp-content\/uploads\/ARXIU_BARCELONA_LLIURAMENT_MATERIAL_04_IMG_9314-copia.jpg","keywords":["Joaquim Sabat\u00e9","Semana Catalana Ciclismo","Setmana Catalana Ciclisme","ciclismo barcelona","Barcelona cycling history","Catalonia cycling history","Escalada castell Montju\u00efc","Esport Ciclista Barcelona","historia ciclisme catalunya","hist\u00f2ria ciclisme espanya","Historia ciclismo catalu\u00f1a","historia ciclismo espa\u00f1a"],"articleSection":["Ciclisme"],"inLanguage":"ca","potentialAction":[{"@type":"CommentAction","name":"Comment","target":["https:\/\/www.inverseteams.com\/ca\/blog\/el-importante-legado-del-esport-ciclista-barcelona-cedido-al-archivo-historico-de-barcelona\/#respond"]}]},{"@type":"WebPage","@id":"https:\/\/www.inverseteams.com\/ca\/blog\/el-importante-legado-del-esport-ciclista-barcelona-cedido-al-archivo-historico-de-barcelona\/","url":"https:\/\/www.inverseteams.com\/ca\/blog\/el-importante-legado-del-esport-ciclista-barcelona-cedido-al-archivo-historico-de-barcelona\/","name":"L'important llegat de l\u2019Esport Ciclista Barcelona cedit a l'Arxiu Hist\u00f2ric de Barcelona. | Inverseteams","isPartOf":{"@id":"https:\/\/www.inverseteams.com\/ca\/#website"},"primaryImageOfPage":{"@id":"https:\/\/www.inverseteams.com\/ca\/blog\/el-importante-legado-del-esport-ciclista-barcelona-cedido-al-archivo-historico-de-barcelona\/#primaryimage"},"image":{"@id":"https:\/\/www.inverseteams.com\/ca\/blog\/el-importante-legado-del-esport-ciclista-barcelona-cedido-al-archivo-historico-de-barcelona\/#primaryimage"},"thumbnailUrl":"https:\/\/www.inverseteams.com\/wp-content\/uploads\/ARXIU_BARCELONA_LLIURAMENT_MATERIAL_04_IMG_9314-copia.jpg","datePublished":"2024-04-30T11:51:56+00:00","dateModified":"2024-04-30T12:09:11+00:00","description":"L\u2019Esport Ciclista Barcelona (ECB) ha deixat un gran llegat per a la hist\u00f2ria del ciclisme catal\u00e0 i espanyol. Recentment, ha trobat una nova llar en el Arxiu Hist\u00f2ric de la Ciutat de Barcelona (AHCB), marcant una fita significativa en la preservaci\u00f3 i difusi\u00f3 de la mem\u00f2ria ciclista.","breadcrumb":{"@id":"https:\/\/www.inverseteams.com\/ca\/blog\/el-importante-legado-del-esport-ciclista-barcelona-cedido-al-archivo-historico-de-barcelona\/#breadcrumb"},"inLanguage":"ca","potentialAction":[{"@type":"ReadAction","target":["https:\/\/www.inverseteams.com\/ca\/blog\/el-importante-legado-del-esport-ciclista-barcelona-cedido-al-archivo-historico-de-barcelona\/"]}]},{"@type":"ImageObject","inLanguage":"ca","@id":"https:\/\/www.inverseteams.com\/ca\/blog\/el-importante-legado-del-esport-ciclista-barcelona-cedido-al-archivo-historico-de-barcelona\/#primaryimage","url":"https:\/\/www.inverseteams.com\/wp-content\/uploads\/ARXIU_BARCELONA_LLIURAMENT_MATERIAL_04_IMG_9314-copia.jpg","contentUrl":"https:\/\/www.inverseteams.com\/wp-content\/uploads\/ARXIU_BARCELONA_LLIURAMENT_MATERIAL_04_IMG_9314-copia.jpg","width":4032,"height":3024},{"@type":"BreadcrumbList","@id":"https:\/\/www.inverseteams.com\/ca\/blog\/el-importante-legado-del-esport-ciclista-barcelona-cedido-al-archivo-historico-de-barcelona\/#breadcrumb","itemListElement":[{"@type":"ListItem","position":1,"name":"Portada","item":"https:\/\/www.inverseteams.com\/ca\/pagina-principal\/"},{"@type":"ListItem","position":2,"name":"L&#8217;important llegat de l\u2019Esport Ciclista Barcelona cedit a l&#8217;Arxiu Hist\u00f2ric de Barcelona."}]},{"@type":"WebSite","@id":"https:\/\/www.inverseteams.com\/ca\/#website","url":"https:\/\/www.inverseteams.com\/ca\/","name":"Inverseteams","description":"Tu marca de ropa deportiva personalizada","publisher":{"@id":"https:\/\/www.inverseteams.com\/ca\/#organization"},"potentialAction":[{"@type":"SearchAction","target":{"@type":"EntryPoint","urlTemplate":"https:\/\/www.inverseteams.com\/ca\/?s={search_term_string}"},"query-input":{"@type":"PropertyValueSpecification","valueRequired":true,"valueName":"search_term_string"}}],"inLanguage":"ca"},{"@type":"Organization","@id":"https:\/\/www.inverseteams.com\/ca\/#organization","name":"Inverse Teams","url":"https:\/\/www.inverseteams.com\/ca\/","logo":{"@type":"ImageObject","inLanguage":"ca","@id":"https:\/\/www.inverseteams.com\/ca\/#\/schema\/logo\/image\/","url":"https:\/\/www.inverseteams.com\/wp-content\/uploads\/2021\/03\/logo-inverse-teams.png","contentUrl":"https:\/\/www.inverseteams.com\/wp-content\/uploads\/2021\/03\/logo-inverse-teams.png","width":294,"height":99,"caption":"Inverse Teams"},"image":{"@id":"https:\/\/www.inverseteams.com\/ca\/#\/schema\/logo\/image\/"},"sameAs":["https:\/\/www.facebook.com\/inverseteams","http:\/\/instagram.com\/inverseteams","https:\/\/www.linkedin.com\/company\/inverse-cirosport-s-l-?trk=job_view_topcard_company_name","http:\/\/www.pinterest.com\/inverseteams\/","http:\/\/www.youtube.com\/user\/inverseteams?feature=watch"]},{"@type":"Person","@id":"https:\/\/www.inverseteams.com\/ca\/#\/schema\/person\/8e9cda76b6449aea55a18c6b0f3a15f1","name":"xavier","image":{"@type":"ImageObject","inLanguage":"ca","@id":"https:\/\/secure.gravatar.com\/avatar\/602b199a1f28e97d83ab3a8bcb642260f5afd77cb09704889d85ddd70643cddb?s=96&d=mm&r=g","url":"https:\/\/secure.gravatar.com\/avatar\/602b199a1f28e97d83ab3a8bcb642260f5afd77cb09704889d85ddd70643cddb?s=96&d=mm&r=g","contentUrl":"https:\/\/secure.gravatar.com\/avatar\/602b199a1f28e97d83ab3a8bcb642260f5afd77cb09704889d85ddd70643cddb?s=96&d=mm&r=g","caption":"xavier"}}]}},"_links":{"self":[{"href":"https:\/\/www.inverseteams.com\/ca\/wp-json\/wp\/v2\/posts\/198937","targetHints":{"allow":["GET"]}}],"collection":[{"href":"https:\/\/www.inverseteams.com\/ca\/wp-json\/wp\/v2\/posts"}],"about":[{"href":"https:\/\/www.inverseteams.com\/ca\/wp-json\/wp\/v2\/types\/post"}],"author":[{"embeddable":true,"href":"https:\/\/www.inverseteams.com\/ca\/wp-json\/wp\/v2\/users\/12"}],"replies":[{"embeddable":true,"href":"https:\/\/www.inverseteams.com\/ca\/wp-json\/wp\/v2\/comments?post=198937"}],"version-history":[{"count":0,"href":"https:\/\/www.inverseteams.com\/ca\/wp-json\/wp\/v2\/posts\/198937\/revisions"}],"wp:featuredmedia":[{"embeddable":true,"href":"https:\/\/www.inverseteams.com\/ca\/wp-json\/wp\/v2\/media\/198863"}],"wp:attachment":[{"href":"https:\/\/www.inverseteams.com\/ca\/wp-json\/wp\/v2\/media?parent=198937"}],"wp:term":[{"taxonomy":"category","embeddable":true,"href":"https:\/\/www.inverseteams.com\/ca\/wp-json\/wp\/v2\/categories?post=198937"},{"taxonomy":"post_tag","embeddable":true,"href":"https:\/\/www.inverseteams.com\/ca\/wp-json\/wp\/v2\/tags?post=198937"}],"curies":[{"name":"wp","href":"https:\/\/api.w.org\/{rel}","templated":true}]}}