{"id":1774,"date":"2019-12-20T12:09:00","date_gmt":"2019-12-20T12:09:00","guid":{"rendered":"https:\/\/new.inverseteams.ddev.site\/?p=1774"},"modified":"2021-03-23T08:37:53","modified_gmt":"2021-03-23T08:37:53","slug":"inverse-presenta-a-andorra-el-seu-equip-de-trailrunning-per-a-la-temporada-2020","status":"publish","type":"post","link":"https:\/\/www.inverseteams.com\/ca\/blog\/inverse-presenta-a-andorra-el-seu-equip-de-trailrunning-per-a-la-temporada-2020\/","title":{"rendered":"INVERSE PRESENTA A ANDORRA EL SEU EQUIP DE TRAILRUNNING PER A LA TEMPORADA 2020"},"content":{"rendered":"\n<figure class=\"wp-block-image size-large\"><a href=\"http:\/\/bit.ly\/2PEgzm9\"><img loading=\"lazy\" decoding=\"async\" width=\"1024\" height=\"683\" src=\"https:\/\/new.inverseteams.ddev.site\/wp-content\/uploads\/2021\/02\/blog_equip_trail_2020_00-1024x683.jpg\" alt=\"Inverse presenta a Andorra el seu equip de trailrunning\" class=\"wp-image-1726\" srcset=\"https:\/\/www.inverseteams.com\/wp-content\/uploads\/2021\/02\/blog_equip_trail_2020_00-1024x683.jpg 1024w, https:\/\/www.inverseteams.com\/wp-content\/uploads\/2021\/02\/blog_equip_trail_2020_00-300x200.jpg 300w, https:\/\/www.inverseteams.com\/wp-content\/uploads\/2021\/02\/blog_equip_trail_2020_00-768x512.jpg 768w, https:\/\/www.inverseteams.com\/wp-content\/uploads\/2021\/02\/blog_equip_trail_2020_00-1536x1025.jpg 1536w, https:\/\/www.inverseteams.com\/wp-content\/uploads\/2021\/02\/blog_equip_trail_2020_00-420x280.jpg 420w, https:\/\/www.inverseteams.com\/wp-content\/uploads\/2021\/02\/blog_equip_trail_2020_00-600x400.jpg 600w, https:\/\/www.inverseteams.com\/wp-content\/uploads\/2021\/02\/blog_equip_trail_2020_00.jpg 1920w\" sizes=\"auto, (max-width: 1024px) 100vw, 1024px\" \/><\/a><\/figure>\n\n\n<div class=\"wrapper-heading\">\n<h2 class=\"wp-block-heading\">El passat 15 de desembre, Inverse va presentar la nova temporada de l&#8217;equip Inverse Team trailrunning a l&#8217;estaci\u00f3 d&#8217;esqu\u00ed d&#8217;Ordino Arcal\u00eds d&#8217;Andorra.<\/h2>\n<\/div>\n\n<div class=\"wrapper-heading\">\n<h3 class=\"wp-block-heading\">L&#8217;equip de trail de Inverse per al 2020 seguir\u00e0 comptant amb molts dels integrants que v\u00e9nen formant part d&#8217;aquest equip durant les darreres temporades, alhora es refor\u00e7a amb la incorporaci\u00f3 de nous membres que segur donaran un gran impuls a l&#8217;equip.<\/h3>\n<\/div>\n\n<div class=\"wrapper-heading\">\n<h3 class=\"wp-block-heading\">El nou equip de trail de Inverse per al 2020 ha comen\u00e7at el seu cam\u00ed amb la presentaci\u00f3 i primer entrenament a l&#8217;estaci\u00f3 d&#8217;esqu\u00ed Ordino Arcal\u00eds a Andorra. Se sumen noves incorporacions de prometedors corredors i corredores com les d&#8217;Ingrid Ruiz, Guillem Campeny, Rosa Navarro, Roger Tarr\u00e9s i Samuel D\u00e1vila.<\/h3>\n<\/div>\n\n\n<figure class=\"wp-block-image size-large\"><a href=\"http:\/\/bit.ly\/2PEgzm9\"><img loading=\"lazy\" decoding=\"async\" width=\"1024\" height=\"682\" src=\"https:\/\/new.inverseteams.ddev.site\/wp-content\/uploads\/2021\/02\/blog_equip_trail_2020_01-1024x682.jpg\" alt=\"Inverse presenta a Andorra el seu equip de trailrunning\" class=\"wp-image-1730\" srcset=\"https:\/\/www.inverseteams.com\/wp-content\/uploads\/2021\/02\/blog_equip_trail_2020_01-1024x682.jpg 1024w, https:\/\/www.inverseteams.com\/wp-content\/uploads\/2021\/02\/blog_equip_trail_2020_01-300x200.jpg 300w, https:\/\/www.inverseteams.com\/wp-content\/uploads\/2021\/02\/blog_equip_trail_2020_01-768x512.jpg 768w, https:\/\/www.inverseteams.com\/wp-content\/uploads\/2021\/02\/blog_equip_trail_2020_01-1536x1023.jpg 1536w, https:\/\/www.inverseteams.com\/wp-content\/uploads\/2021\/02\/blog_equip_trail_2020_01-420x280.jpg 420w, https:\/\/www.inverseteams.com\/wp-content\/uploads\/2021\/02\/blog_equip_trail_2020_01-600x400.jpg 600w, https:\/\/www.inverseteams.com\/wp-content\/uploads\/2021\/02\/blog_equip_trail_2020_01.jpg 1920w\" sizes=\"auto, (max-width: 1024px) 100vw, 1024px\" \/><\/a><\/figure>\n\n\n\n<p>I aix\u00ed mateix, l&#8217;equip seguir\u00e0 comptant amb atletes de nivell com Jessed Hernandez (Tito Jessed), \u00c0ngels Llobera, Marta Molist, Gaby Sanchez, David Adan Freixes, Pere Riba, Arnau Aranda, Ona Sociats, Albert Soley i Laura Sales. Tots ells i elles, atletes que formen part de l&#8217;equip des de fa diverses temporades.<\/p>\n\n\n\n<p>Ona Sociats, Albert Soley i Laura Sales tamb\u00e9 formen part de l&#8217;equip Le\u00f2nides d&#8217;Inverse de carreres d&#8217;obstacles.<\/p>\n\n\n\n<p>L&#8217;equip est\u00e0 comandat per Roger Mestre, sota la supervisi\u00f3 de l&#8217;manager esportiu de Inverse, Victor del Corral. Un equip que espera ser competitiu en totes les modalitats de curses de muntanya, ja que disposa de corredors destacats que competeixen en curses de Quil\u00f2metre Vertical (KV), en les denominades Marat\u00f3, i Mitja Marat\u00f3, i en les denominades Ultra Trail de llarga dist\u00e0ncia.<\/p>\n\n\n\n<figure class=\"wp-block-image size-large\"><a href=\"http:\/\/bit.ly\/2PEgzm9\"><img loading=\"lazy\" decoding=\"async\" width=\"1024\" height=\"683\" src=\"https:\/\/new.inverseteams.ddev.site\/wp-content\/uploads\/2021\/02\/blog_equip_trail_2020_03-1024x683.jpg\" alt=\"Inverse presenta a Andorra el seu equip de trailrunning\" class=\"wp-image-1734\" srcset=\"https:\/\/www.inverseteams.com\/wp-content\/uploads\/2021\/02\/blog_equip_trail_2020_03-1024x683.jpg 1024w, https:\/\/www.inverseteams.com\/wp-content\/uploads\/2021\/02\/blog_equip_trail_2020_03-300x200.jpg 300w, https:\/\/www.inverseteams.com\/wp-content\/uploads\/2021\/02\/blog_equip_trail_2020_03-768x512.jpg 768w, https:\/\/www.inverseteams.com\/wp-content\/uploads\/2021\/02\/blog_equip_trail_2020_03-1536x1024.jpg 1536w, https:\/\/www.inverseteams.com\/wp-content\/uploads\/2021\/02\/blog_equip_trail_2020_03-420x280.jpg 420w, https:\/\/www.inverseteams.com\/wp-content\/uploads\/2021\/02\/blog_equip_trail_2020_03-600x400.jpg 600w, https:\/\/www.inverseteams.com\/wp-content\/uploads\/2021\/02\/blog_equip_trail_2020_03.jpg 1920w\" sizes=\"auto, (max-width: 1024px) 100vw, 1024px\" \/><\/a><\/figure>\n\n\n\n<p>Des de l&#8217;any 2014, l&#8217;equip de trail running de Inverse reuneix a alguns dels millors corredors de muntanya de l&#8217;panorama nacional i internacional. L&#8217;objectiu de l&#8217;equip \u00e9s abans de res el de promocionar aquest gran esport que permet un contacte directe amb la muntanya i amb tota la naturalesa, aconseguint el m\u00e0xim possible de metes i reptes esportius.<\/p>\n\n\n\n<p>Aquesta nova temporada, l&#8217;equip tamb\u00e9 compta amb la col\u00b7laboraci\u00f3 de Bloovs amb les seves extraordin\u00e0ries ulleres esportives i de Finisher, amb una \u00e0mplia gamma de productes de salut i nutrici\u00f3 esportiva.<\/p>\n\n\n\n<p><a href=\"https:\/\/www.inverseteams.com\/ca\/roba-de-trail-running-personalitzada\"><strong>Per Inverse \u00e9s molt important estrat\u00e8gicament aquest equip per analitzar, desenvolupar i millorar totes les seves peces de col\u00b7lecci\u00f3 i personalitzables de la seva gamma de roba de trailrunning.<\/strong><\/a><\/p>\n\n\n\n<p>La r\u00e8plica de l&#8217;equipaci\u00f3 de l&#8217;equip (samarreta trail, pantalons trail, jaqueta, dessuadora, mitjons, accessoris, etc) est\u00e0 disponible a la venda a la nostra botiga on-line&nbsp;<a href=\"http:\/\/bit.ly\/2PEgzm9\"><strong>www.inverseshop.com.<\/strong><\/a><\/p>\n\n\n\n<figure class=\"wp-block-image size-large\"><a href=\"http:\/\/bit.ly\/2PEgzm9\"><img loading=\"lazy\" decoding=\"async\" width=\"1024\" height=\"683\" src=\"https:\/\/new.inverseteams.ddev.site\/wp-content\/uploads\/2021\/02\/blog_equip_trail_2020_04-1024x683.jpg\" alt=\"Inverse presenta a Andorra el seu equip de trailrunning\" class=\"wp-image-1738\" srcset=\"https:\/\/www.inverseteams.com\/wp-content\/uploads\/2021\/02\/blog_equip_trail_2020_04-1024x683.jpg 1024w, https:\/\/www.inverseteams.com\/wp-content\/uploads\/2021\/02\/blog_equip_trail_2020_04-300x200.jpg 300w, https:\/\/www.inverseteams.com\/wp-content\/uploads\/2021\/02\/blog_equip_trail_2020_04-768x512.jpg 768w, https:\/\/www.inverseteams.com\/wp-content\/uploads\/2021\/02\/blog_equip_trail_2020_04-1536x1025.jpg 1536w, https:\/\/www.inverseteams.com\/wp-content\/uploads\/2021\/02\/blog_equip_trail_2020_04-420x280.jpg 420w, https:\/\/www.inverseteams.com\/wp-content\/uploads\/2021\/02\/blog_equip_trail_2020_04-600x400.jpg 600w, https:\/\/www.inverseteams.com\/wp-content\/uploads\/2021\/02\/blog_equip_trail_2020_04.jpg 1920w\" sizes=\"auto, (max-width: 1024px) 100vw, 1024px\" \/><\/a><\/figure>\n\n\n\n<div class=\"wp-block-buttons aligncenter is-layout-flex wp-block-buttons-is-layout-flex\">\n<div class=\"wp-block-button\"><a class=\"wp-block-button__link\" href=\"http:\/\/bit.ly\/2PEgzm9\">Comprar<\/a><\/div>\n<\/div>\n\n\n\n<figure class=\"wp-block-image size-large\"><a href=\"http:\/\/bit.ly\/2PEgzm9\"><img loading=\"lazy\" decoding=\"async\" width=\"1024\" height=\"683\" src=\"https:\/\/new.inverseteams.ddev.site\/wp-content\/uploads\/2021\/02\/blog_equip_trail_2020_05-1024x683.jpg\" alt=\"Inverse presenta a Andorra el seu equip de trailrunning\" class=\"wp-image-1742\" srcset=\"https:\/\/www.inverseteams.com\/wp-content\/uploads\/2021\/02\/blog_equip_trail_2020_05-1024x683.jpg 1024w, https:\/\/www.inverseteams.com\/wp-content\/uploads\/2021\/02\/blog_equip_trail_2020_05-300x200.jpg 300w, https:\/\/www.inverseteams.com\/wp-content\/uploads\/2021\/02\/blog_equip_trail_2020_05-768x512.jpg 768w, https:\/\/www.inverseteams.com\/wp-content\/uploads\/2021\/02\/blog_equip_trail_2020_05-1536x1024.jpg 1536w, https:\/\/www.inverseteams.com\/wp-content\/uploads\/2021\/02\/blog_equip_trail_2020_05-420x280.jpg 420w, https:\/\/www.inverseteams.com\/wp-content\/uploads\/2021\/02\/blog_equip_trail_2020_05-600x400.jpg 600w, https:\/\/www.inverseteams.com\/wp-content\/uploads\/2021\/02\/blog_equip_trail_2020_05.jpg 1920w\" sizes=\"auto, (max-width: 1024px) 100vw, 1024px\" \/><\/a><\/figure>\n\n\n\n<figure class=\"wp-block-image size-large\"><a href=\"http:\/\/bit.ly\/2FfgwqR\"><img loading=\"lazy\" decoding=\"async\" width=\"1024\" height=\"683\" src=\"https:\/\/new.inverseteams.ddev.site\/wp-content\/uploads\/2021\/02\/blog_equip_trail_2020_07-1024x683.jpg\" alt=\"Inverse presenta a Andorra el seu equip de trailrunning\" class=\"wp-image-1747\" srcset=\"https:\/\/www.inverseteams.com\/wp-content\/uploads\/2021\/02\/blog_equip_trail_2020_07-1024x683.jpg 1024w, https:\/\/www.inverseteams.com\/wp-content\/uploads\/2021\/02\/blog_equip_trail_2020_07-300x200.jpg 300w, https:\/\/www.inverseteams.com\/wp-content\/uploads\/2021\/02\/blog_equip_trail_2020_07-768x512.jpg 768w, https:\/\/www.inverseteams.com\/wp-content\/uploads\/2021\/02\/blog_equip_trail_2020_07-1536x1025.jpg 1536w, https:\/\/www.inverseteams.com\/wp-content\/uploads\/2021\/02\/blog_equip_trail_2020_07-420x280.jpg 420w, https:\/\/www.inverseteams.com\/wp-content\/uploads\/2021\/02\/blog_equip_trail_2020_07-600x400.jpg 600w, https:\/\/www.inverseteams.com\/wp-content\/uploads\/2021\/02\/blog_equip_trail_2020_07.jpg 1920w\" sizes=\"auto, (max-width: 1024px) 100vw, 1024px\" \/><\/a><\/figure>\n\n\n\n<figure class=\"wp-block-image size-large\"><a href=\"http:\/\/bit.ly\/2PEgzm9\"><img loading=\"lazy\" decoding=\"async\" width=\"1024\" height=\"683\" src=\"https:\/\/new.inverseteams.ddev.site\/wp-content\/uploads\/2021\/02\/blog_equip_trail_2020_08-1024x683.jpg\" alt=\"Inverse presenta a Andorra el seu equip de trailrunning\" class=\"wp-image-1751\" srcset=\"https:\/\/www.inverseteams.com\/wp-content\/uploads\/2021\/02\/blog_equip_trail_2020_08-1024x683.jpg 1024w, https:\/\/www.inverseteams.com\/wp-content\/uploads\/2021\/02\/blog_equip_trail_2020_08-300x200.jpg 300w, https:\/\/www.inverseteams.com\/wp-content\/uploads\/2021\/02\/blog_equip_trail_2020_08-768x512.jpg 768w, https:\/\/www.inverseteams.com\/wp-content\/uploads\/2021\/02\/blog_equip_trail_2020_08-1536x1024.jpg 1536w, https:\/\/www.inverseteams.com\/wp-content\/uploads\/2021\/02\/blog_equip_trail_2020_08-420x280.jpg 420w, https:\/\/www.inverseteams.com\/wp-content\/uploads\/2021\/02\/blog_equip_trail_2020_08-600x400.jpg 600w, https:\/\/www.inverseteams.com\/wp-content\/uploads\/2021\/02\/blog_equip_trail_2020_08.jpg 1920w\" sizes=\"auto, (max-width: 1024px) 100vw, 1024px\" \/><\/a><\/figure>\n\n\n\n<figure class=\"wp-block-image size-large\"><a href=\"http:\/\/bit.ly\/2FfgwqR\"><img loading=\"lazy\" decoding=\"async\" width=\"1024\" height=\"683\" src=\"https:\/\/new.inverseteams.ddev.site\/wp-content\/uploads\/2021\/02\/blog_equip_trail_2020_02-1024x683.jpg\" alt=\"Inverse presenta a Andorra el seu equip de trailrunning\" class=\"wp-image-1755\" srcset=\"https:\/\/www.inverseteams.com\/wp-content\/uploads\/2021\/02\/blog_equip_trail_2020_02-1024x683.jpg 1024w, https:\/\/www.inverseteams.com\/wp-content\/uploads\/2021\/02\/blog_equip_trail_2020_02-300x200.jpg 300w, https:\/\/www.inverseteams.com\/wp-content\/uploads\/2021\/02\/blog_equip_trail_2020_02-768x512.jpg 768w, https:\/\/www.inverseteams.com\/wp-content\/uploads\/2021\/02\/blog_equip_trail_2020_02-1536x1025.jpg 1536w, https:\/\/www.inverseteams.com\/wp-content\/uploads\/2021\/02\/blog_equip_trail_2020_02-420x280.jpg 420w, https:\/\/www.inverseteams.com\/wp-content\/uploads\/2021\/02\/blog_equip_trail_2020_02-600x400.jpg 600w, https:\/\/www.inverseteams.com\/wp-content\/uploads\/2021\/02\/blog_equip_trail_2020_02.jpg 1920w\" sizes=\"auto, (max-width: 1024px) 100vw, 1024px\" \/><\/a><\/figure>\n\n\n\n<figure class=\"wp-block-embed is-type-video is-provider-youtube wp-block-embed-youtube wp-embed-aspect-16-9 wp-has-aspect-ratio\"><div class=\"wp-block-embed__wrapper\">\n<iframe loading=\"lazy\" title=\"Inverse Trail Team 2020\" width=\"640\" height=\"360\" src=\"https:\/\/www.youtube.com\/embed\/jgVWbOAkHrI?feature=oembed\" frameborder=\"0\" allow=\"accelerometer; autoplay; clipboard-write; encrypted-media; gyroscope; picture-in-picture; web-share\" referrerpolicy=\"strict-origin-when-cross-origin\" allowfullscreen><\/iframe>\n<\/div><\/figure>\n\n\n\n<figure class=\"wp-block-embed is-type-video is-provider-youtube wp-block-embed-youtube wp-embed-aspect-16-9 wp-has-aspect-ratio\"><div class=\"wp-block-embed__wrapper\">\n<iframe loading=\"lazy\" title=\"Entrevista Jessed Hernandez Inverse Team Trail Running 2020\" width=\"640\" height=\"360\" src=\"https:\/\/www.youtube.com\/embed\/30BShKjeLb0?feature=oembed\" frameborder=\"0\" allow=\"accelerometer; autoplay; clipboard-write; encrypted-media; gyroscope; picture-in-picture; web-share\" referrerpolicy=\"strict-origin-when-cross-origin\" allowfullscreen><\/iframe>\n<\/div><\/figure>\n\n\n\n<figure class=\"wp-block-embed is-type-video is-provider-youtube wp-block-embed-youtube wp-embed-aspect-16-9 wp-has-aspect-ratio\"><div class=\"wp-block-embed__wrapper\">\n<iframe loading=\"lazy\" title=\"Entrevista Ingrid Ru\u00edz Inverse Team Trailrunning Inverse 2020 Instagram\" width=\"640\" height=\"360\" src=\"https:\/\/www.youtube.com\/embed\/D-mWlYYqnkU?feature=oembed\" frameborder=\"0\" allow=\"accelerometer; autoplay; clipboard-write; encrypted-media; gyroscope; picture-in-picture; web-share\" referrerpolicy=\"strict-origin-when-cross-origin\" allowfullscreen><\/iframe>\n<\/div><\/figure>\n\n\n\n<figure class=\"wp-block-embed is-type-video is-provider-youtube wp-block-embed-youtube wp-embed-aspect-16-9 wp-has-aspect-ratio\"><div class=\"wp-block-embed__wrapper\">\n<iframe loading=\"lazy\" title=\"Entrevista Roger Tarr\u00e9s Inverse Team Trailrunning 2020\" width=\"640\" height=\"360\" src=\"https:\/\/www.youtube.com\/embed\/uEnRy1EyGfM?feature=oembed\" frameborder=\"0\" allow=\"accelerometer; autoplay; clipboard-write; encrypted-media; gyroscope; picture-in-picture; web-share\" referrerpolicy=\"strict-origin-when-cross-origin\" allowfullscreen><\/iframe>\n<\/div><\/figure>\n\n\n\n<figure class=\"wp-block-embed is-type-video is-provider-youtube wp-block-embed-youtube wp-embed-aspect-16-9 wp-has-aspect-ratio\"><div class=\"wp-block-embed__wrapper\">\n<iframe loading=\"lazy\" title=\"Entrevista Pere Riba Inverse Team Trailrunning 2020\" width=\"640\" height=\"360\" src=\"https:\/\/www.youtube.com\/embed\/zcJTVmwFCLs?feature=oembed\" frameborder=\"0\" allow=\"accelerometer; autoplay; clipboard-write; encrypted-media; gyroscope; picture-in-picture; web-share\" referrerpolicy=\"strict-origin-when-cross-origin\" allowfullscreen><\/iframe>\n<\/div><\/figure>\n\n\n\n<figure class=\"wp-block-embed is-type-video is-provider-youtube wp-block-embed-youtube wp-embed-aspect-16-9 wp-has-aspect-ratio\"><div class=\"wp-block-embed__wrapper\">\n<iframe loading=\"lazy\" title=\"Entrevista Rosa Navarro Inverse Team Trailrunning 2020\" width=\"640\" height=\"360\" src=\"https:\/\/www.youtube.com\/embed\/CwcZ-NM_dYc?feature=oembed\" frameborder=\"0\" allow=\"accelerometer; autoplay; clipboard-write; encrypted-media; gyroscope; picture-in-picture; web-share\" referrerpolicy=\"strict-origin-when-cross-origin\" allowfullscreen><\/iframe>\n<\/div><\/figure>\n\n\n\n<figure class=\"wp-block-embed is-type-video is-provider-youtube wp-block-embed-youtube wp-embed-aspect-16-9 wp-has-aspect-ratio\"><div class=\"wp-block-embed__wrapper\">\n<iframe loading=\"lazy\" title=\"Entrevista Guillem Campeny Inverse Team Trailrunning 2020\" width=\"640\" height=\"360\" src=\"https:\/\/www.youtube.com\/embed\/NNhuLWc6i80?feature=oembed\" frameborder=\"0\" allow=\"accelerometer; autoplay; clipboard-write; encrypted-media; gyroscope; picture-in-picture; web-share\" referrerpolicy=\"strict-origin-when-cross-origin\" allowfullscreen><\/iframe>\n<\/div><\/figure>\n\n\n\n<figure class=\"wp-block-embed is-type-video is-provider-youtube wp-block-embed-youtube wp-embed-aspect-16-9 wp-has-aspect-ratio\"><div class=\"wp-block-embed__wrapper\">\n<iframe loading=\"lazy\" title=\"Entrevista Ona Sociats Inverse Team Trailrunning 2020\" width=\"640\" height=\"360\" src=\"https:\/\/www.youtube.com\/embed\/hQjrZqqzZzI?feature=oembed\" frameborder=\"0\" allow=\"accelerometer; autoplay; clipboard-write; encrypted-media; gyroscope; picture-in-picture; web-share\" referrerpolicy=\"strict-origin-when-cross-origin\" allowfullscreen><\/iframe>\n<\/div><\/figure>\n\n\n\n<figure class=\"wp-block-embed is-type-video is-provider-youtube wp-block-embed-youtube wp-embed-aspect-16-9 wp-has-aspect-ratio\"><div class=\"wp-block-embed__wrapper\">\n<iframe loading=\"lazy\" title=\"Entrevista Arnau Aranda Inverse Team Trailrunning 2020\" width=\"640\" height=\"360\" src=\"https:\/\/www.youtube.com\/embed\/EO8jupORt3c?feature=oembed\" frameborder=\"0\" allow=\"accelerometer; autoplay; clipboard-write; encrypted-media; gyroscope; picture-in-picture; web-share\" referrerpolicy=\"strict-origin-when-cross-origin\" allowfullscreen><\/iframe>\n<\/div><\/figure>\n\n\n\n<figure class=\"wp-block-embed is-type-video is-provider-youtube wp-block-embed-youtube wp-embed-aspect-16-9 wp-has-aspect-ratio\"><div class=\"wp-block-embed__wrapper\">\n<iframe loading=\"lazy\" title=\"Entrevista David Adan Inverse TeamTrailrunning 2020\" width=\"640\" height=\"360\" src=\"https:\/\/www.youtube.com\/embed\/y0yOEXuBJtQ?feature=oembed\" frameborder=\"0\" allow=\"accelerometer; autoplay; clipboard-write; encrypted-media; gyroscope; picture-in-picture; web-share\" referrerpolicy=\"strict-origin-when-cross-origin\" allowfullscreen><\/iframe>\n<\/div><\/figure>\n\n\n\n<figure class=\"wp-block-embed is-type-video is-provider-youtube wp-block-embed-youtube wp-embed-aspect-16-9 wp-has-aspect-ratio\"><div class=\"wp-block-embed__wrapper\">\n<iframe loading=\"lazy\" title=\"Entrevista Gaby Sanchez Inverse Team Trailrunning 2020\" width=\"640\" height=\"360\" src=\"https:\/\/www.youtube.com\/embed\/z9XZ6IozVb4?feature=oembed\" frameborder=\"0\" allow=\"accelerometer; autoplay; clipboard-write; encrypted-media; gyroscope; picture-in-picture; web-share\" referrerpolicy=\"strict-origin-when-cross-origin\" allowfullscreen><\/iframe>\n<\/div><\/figure>\n\n\n\n<figure class=\"wp-block-embed is-type-video is-provider-youtube wp-block-embed-youtube wp-embed-aspect-16-9 wp-has-aspect-ratio\"><div class=\"wp-block-embed__wrapper\">\n<iframe loading=\"lazy\" title=\"Entrevista Marta Molist Inverse Team Trailrunning 2020\" width=\"640\" height=\"360\" src=\"https:\/\/www.youtube.com\/embed\/vH5mw-dPGzk?feature=oembed\" frameborder=\"0\" allow=\"accelerometer; autoplay; clipboard-write; encrypted-media; gyroscope; picture-in-picture; web-share\" referrerpolicy=\"strict-origin-when-cross-origin\" allowfullscreen><\/iframe>\n<\/div><\/figure>\n\n\n\n<figure class=\"wp-block-embed is-type-video is-provider-youtube wp-block-embed-youtube wp-embed-aspect-16-9 wp-has-aspect-ratio\"><div class=\"wp-block-embed__wrapper\">\n<iframe loading=\"lazy\" title=\"Entrevista Angels Llobera Inverse Team Trailrunning 2020\" width=\"640\" height=\"360\" src=\"https:\/\/www.youtube.com\/embed\/C88FeAA9qt8?feature=oembed\" frameborder=\"0\" allow=\"accelerometer; autoplay; clipboard-write; encrypted-media; gyroscope; picture-in-picture; web-share\" referrerpolicy=\"strict-origin-when-cross-origin\" allowfullscreen><\/iframe>\n<\/div><\/figure>\n\n\n\n<figure class=\"wp-block-embed is-type-video is-provider-youtube wp-block-embed-youtube wp-embed-aspect-16-9 wp-has-aspect-ratio\"><div class=\"wp-block-embed__wrapper\">\n<iframe loading=\"lazy\" title=\"Entrevista Albert Soley Inverse Team Tral Running 2020\" width=\"640\" height=\"360\" src=\"https:\/\/www.youtube.com\/embed\/pHVhq3Rt3AA?feature=oembed\" frameborder=\"0\" allow=\"accelerometer; autoplay; clipboard-write; encrypted-media; gyroscope; picture-in-picture; web-share\" referrerpolicy=\"strict-origin-when-cross-origin\" allowfullscreen><\/iframe>\n<\/div><\/figure>\n","protected":false},"excerpt":{"rendered":"<p>El passat 15 de desembre, Inverse va presentar la nova temporada de l&#8217;equip Inverse Team trailrunning a l&#8217;estaci\u00f3 d&#8217;esqu\u00ed d&#8217;Ordino Arcal\u00eds d&#8217;Andorra. L&#8217;equip de trail de Inverse per al 2020 seguir\u00e0 comptant amb molts dels integrants que v\u00e9nen formant part d&#8217;aquest equip durant les darreres temporades, alhora es refor\u00e7a amb la incorporaci\u00f3 de nous membres [&hellip;]<\/p>\n","protected":false},"author":1,"featured_media":1723,"comment_status":"open","ping_status":"open","sticky":false,"template":"","format":"standard","meta":{"_acf_changed":false,"mc4wp_mailchimp_campaign":[],"footnotes":""},"categories":[83,180],"tags":[838,839,840,841,842,843,844,829,845,830,846,831,847,832,848,833,834,835,836,837],"class_list":["post-1774","post","type-post","status-publish","format-standard","has-post-thumbnail","hentry","category-trail","category-trail-ca","tag-ropa-personalizada-trailrunning","tag-ropa-trailrunning","tag-tenue-trail","tag-t-shirt-trailrunning","tag-t-shirt-trail","tag-shirt-trailrunning","tag-ropa-trailrunning-inverse","tag-falda-trailrunning","tag-tenue-trailrunning","tag-trailrunning","tag-veste-trailrunning","tag-pantalon-trailrunning","tag-vetement-trail","tag-camiseta-trailrunning","tag-jacket-trailrunning","tag-trail","tag-inverse-trailrunning","tag-inverse-trail","tag-chaqueta-trailrunning","tag-custom-sportswear-trailrunning"],"acf":[],"yoast_head":"<!-- This site is optimized with the Yoast SEO plugin v27.3 - https:\/\/yoast.com\/product\/yoast-seo-wordpress\/ -->\n<title>INVERSE PRESENTA A ANDORRA EL SEU EQUIP DE TRAILRUNNING PER A LA TEMPORADA 2020 | Inverseteams<\/title>\n<meta name=\"description\" content=\"El passat 15 de desembre, Inverse va presentar la nova temporada de l&#039;equip Inverse Team trailrunning a l&#039;estaci\u00f3 d&#039;esqu\u00ed d&#039;Ordino Arcal\u00eds d&#039;Andorra.\" \/>\n<meta name=\"robots\" content=\"index, follow, max-snippet:-1, max-image-preview:large, max-video-preview:-1\" \/>\n<link rel=\"canonical\" href=\"https:\/\/www.inverseteams.com\/ca\/blog\/inverse-presenta-a-andorra-el-seu-equip-de-trailrunning-per-a-la-temporada-2020\/\" \/>\n<meta property=\"og:locale\" content=\"ca_ES\" \/>\n<meta property=\"og:type\" content=\"article\" \/>\n<meta property=\"og:title\" content=\"INVERSE PRESENTA A ANDORRA EL SEU EQUIP DE TRAILRUNNING PER A LA TEMPORADA 2020 | Inverseteams\" \/>\n<meta property=\"og:description\" content=\"El passat 15 de desembre, Inverse va presentar la nova temporada de l&#039;equip Inverse Team trailrunning a l&#039;estaci\u00f3 d&#039;esqu\u00ed d&#039;Ordino Arcal\u00eds d&#039;Andorra.\" \/>\n<meta property=\"og:url\" content=\"https:\/\/www.inverseteams.com\/ca\/blog\/inverse-presenta-a-andorra-el-seu-equip-de-trailrunning-per-a-la-temporada-2020\/\" \/>\n<meta property=\"og:site_name\" content=\"Inverseteams\" \/>\n<meta property=\"article:publisher\" content=\"https:\/\/www.facebook.com\/inverseteams\" \/>\n<meta property=\"article:published_time\" content=\"2019-12-20T12:09:00+00:00\" \/>\n<meta property=\"article:modified_time\" content=\"2021-03-23T08:37:53+00:00\" \/>\n<meta property=\"og:image\" content=\"https:\/\/www.inverseteams.com\/wp-content\/uploads\/2021\/02\/Inverse-presenta-en-Andorra-su-equipo-de-Trailrunning.jpg\" \/>\n\t<meta property=\"og:image:width\" content=\"1200\" \/>\n\t<meta property=\"og:image:height\" content=\"1200\" \/>\n\t<meta property=\"og:image:type\" content=\"image\/jpeg\" \/>\n<meta name=\"author\" content=\"emfasi\" \/>\n<meta name=\"twitter:card\" content=\"summary_large_image\" \/>\n<meta name=\"twitter:label1\" content=\"Escrit per\" \/>\n\t<meta name=\"twitter:data1\" content=\"emfasi\" \/>\n\t<meta name=\"twitter:label2\" content=\"Temps estimat de lectura\" \/>\n\t<meta name=\"twitter:data2\" content=\"4 minut\" \/>\n<script type=\"application\/ld+json\" class=\"yoast-schema-graph\">{\"@context\":\"https:\\\/\\\/schema.org\",\"@graph\":[{\"@type\":\"Article\",\"@id\":\"https:\\\/\\\/www.inverseteams.com\\\/ca\\\/blog\\\/inverse-presenta-a-andorra-el-seu-equip-de-trailrunning-per-a-la-temporada-2020\\\/#article\",\"isPartOf\":{\"@id\":\"https:\\\/\\\/www.inverseteams.com\\\/ca\\\/blog\\\/inverse-presenta-a-andorra-el-seu-equip-de-trailrunning-per-a-la-temporada-2020\\\/\"},\"author\":{\"name\":\"emfasi\",\"@id\":\"https:\\\/\\\/www.inverseteams.com\\\/ca\\\/#\\\/schema\\\/person\\\/f3968bb08942bfab07f4b6a598c69c9b\"},\"headline\":\"INVERSE PRESENTA A ANDORRA EL SEU EQUIP DE TRAILRUNNING PER A LA TEMPORADA 2020\",\"datePublished\":\"2019-12-20T12:09:00+00:00\",\"dateModified\":\"2021-03-23T08:37:53+00:00\",\"mainEntityOfPage\":{\"@id\":\"https:\\\/\\\/www.inverseteams.com\\\/ca\\\/blog\\\/inverse-presenta-a-andorra-el-seu-equip-de-trailrunning-per-a-la-temporada-2020\\\/\"},\"wordCount\":509,\"commentCount\":0,\"publisher\":{\"@id\":\"https:\\\/\\\/www.inverseteams.com\\\/ca\\\/#organization\"},\"image\":{\"@id\":\"https:\\\/\\\/www.inverseteams.com\\\/ca\\\/blog\\\/inverse-presenta-a-andorra-el-seu-equip-de-trailrunning-per-a-la-temporada-2020\\\/#primaryimage\"},\"thumbnailUrl\":\"https:\\\/\\\/www.inverseteams.com\\\/wp-content\\\/uploads\\\/2021\\\/02\\\/Inverse-presenta-en-Andorra-su-equipo-de-Trailrunning.jpg\",\"keywords\":[\"ropa personalizada trailrunning\",\"ropa trailrunning\",\"tenue trail\",\"t-shirt trailrunning\",\"t-shirt trail\",\"shirt trailrunning\",\"ropa trailrunning inverse\",\"falda trailrunning\",\"tenue trailrunning\",\"trailrunning\",\"veste trailrunning\",\"pantal\u00f3n trailrunning\",\"v\u00eatement trail\",\"camiseta trailrunning\",\"jacket trailrunning\",\"trail\",\"inverse trailrunning\",\"inverse trail\",\"chaqueta trailrunning\",\"Custom sportswear trailrunning\"],\"articleSection\":[\"Trail\",\"Trail\"],\"inLanguage\":\"ca\",\"potentialAction\":[{\"@type\":\"CommentAction\",\"name\":\"Comment\",\"target\":[\"https:\\\/\\\/www.inverseteams.com\\\/ca\\\/blog\\\/inverse-presenta-a-andorra-el-seu-equip-de-trailrunning-per-a-la-temporada-2020\\\/#respond\"]}]},{\"@type\":\"WebPage\",\"@id\":\"https:\\\/\\\/www.inverseteams.com\\\/ca\\\/blog\\\/inverse-presenta-a-andorra-el-seu-equip-de-trailrunning-per-a-la-temporada-2020\\\/\",\"url\":\"https:\\\/\\\/www.inverseteams.com\\\/ca\\\/blog\\\/inverse-presenta-a-andorra-el-seu-equip-de-trailrunning-per-a-la-temporada-2020\\\/\",\"name\":\"INVERSE PRESENTA A ANDORRA EL SEU EQUIP DE TRAILRUNNING PER A LA TEMPORADA 2020 | Inverseteams\",\"isPartOf\":{\"@id\":\"https:\\\/\\\/www.inverseteams.com\\\/ca\\\/#website\"},\"primaryImageOfPage\":{\"@id\":\"https:\\\/\\\/www.inverseteams.com\\\/ca\\\/blog\\\/inverse-presenta-a-andorra-el-seu-equip-de-trailrunning-per-a-la-temporada-2020\\\/#primaryimage\"},\"image\":{\"@id\":\"https:\\\/\\\/www.inverseteams.com\\\/ca\\\/blog\\\/inverse-presenta-a-andorra-el-seu-equip-de-trailrunning-per-a-la-temporada-2020\\\/#primaryimage\"},\"thumbnailUrl\":\"https:\\\/\\\/www.inverseteams.com\\\/wp-content\\\/uploads\\\/2021\\\/02\\\/Inverse-presenta-en-Andorra-su-equipo-de-Trailrunning.jpg\",\"datePublished\":\"2019-12-20T12:09:00+00:00\",\"dateModified\":\"2021-03-23T08:37:53+00:00\",\"description\":\"El passat 15 de desembre, Inverse va presentar la nova temporada de l'equip Inverse Team trailrunning a l'estaci\u00f3 d'esqu\u00ed d'Ordino Arcal\u00eds d'Andorra.\",\"breadcrumb\":{\"@id\":\"https:\\\/\\\/www.inverseteams.com\\\/ca\\\/blog\\\/inverse-presenta-a-andorra-el-seu-equip-de-trailrunning-per-a-la-temporada-2020\\\/#breadcrumb\"},\"inLanguage\":\"ca\",\"potentialAction\":[{\"@type\":\"ReadAction\",\"target\":[\"https:\\\/\\\/www.inverseteams.com\\\/ca\\\/blog\\\/inverse-presenta-a-andorra-el-seu-equip-de-trailrunning-per-a-la-temporada-2020\\\/\"]}]},{\"@type\":\"ImageObject\",\"inLanguage\":\"ca\",\"@id\":\"https:\\\/\\\/www.inverseteams.com\\\/ca\\\/blog\\\/inverse-presenta-a-andorra-el-seu-equip-de-trailrunning-per-a-la-temporada-2020\\\/#primaryimage\",\"url\":\"https:\\\/\\\/www.inverseteams.com\\\/wp-content\\\/uploads\\\/2021\\\/02\\\/Inverse-presenta-en-Andorra-su-equipo-de-Trailrunning.jpg\",\"contentUrl\":\"https:\\\/\\\/www.inverseteams.com\\\/wp-content\\\/uploads\\\/2021\\\/02\\\/Inverse-presenta-en-Andorra-su-equipo-de-Trailrunning.jpg\",\"width\":1200,\"height\":1200,\"caption\":\"Inverse presenta en Andorra su equipo de Trailrunning\"},{\"@type\":\"BreadcrumbList\",\"@id\":\"https:\\\/\\\/www.inverseteams.com\\\/ca\\\/blog\\\/inverse-presenta-a-andorra-el-seu-equip-de-trailrunning-per-a-la-temporada-2020\\\/#breadcrumb\",\"itemListElement\":[{\"@type\":\"ListItem\",\"position\":1,\"name\":\"Portada\",\"item\":\"https:\\\/\\\/www.inverseteams.com\\\/ca\\\/pagina-principal\\\/\"},{\"@type\":\"ListItem\",\"position\":2,\"name\":\"INVERSE PRESENTA A ANDORRA EL SEU EQUIP DE TRAILRUNNING PER A LA TEMPORADA 2020\"}]},{\"@type\":\"WebSite\",\"@id\":\"https:\\\/\\\/www.inverseteams.com\\\/ca\\\/#website\",\"url\":\"https:\\\/\\\/www.inverseteams.com\\\/ca\\\/\",\"name\":\"Inverseteams\",\"description\":\"Tu marca de ropa deportiva personalizada\",\"publisher\":{\"@id\":\"https:\\\/\\\/www.inverseteams.com\\\/ca\\\/#organization\"},\"potentialAction\":[{\"@type\":\"SearchAction\",\"target\":{\"@type\":\"EntryPoint\",\"urlTemplate\":\"https:\\\/\\\/www.inverseteams.com\\\/ca\\\/?s={search_term_string}\"},\"query-input\":{\"@type\":\"PropertyValueSpecification\",\"valueRequired\":true,\"valueName\":\"search_term_string\"}}],\"inLanguage\":\"ca\"},{\"@type\":\"Organization\",\"@id\":\"https:\\\/\\\/www.inverseteams.com\\\/ca\\\/#organization\",\"name\":\"Inverse Teams\",\"url\":\"https:\\\/\\\/www.inverseteams.com\\\/ca\\\/\",\"logo\":{\"@type\":\"ImageObject\",\"inLanguage\":\"ca\",\"@id\":\"https:\\\/\\\/www.inverseteams.com\\\/ca\\\/#\\\/schema\\\/logo\\\/image\\\/\",\"url\":\"https:\\\/\\\/www.inverseteams.com\\\/wp-content\\\/uploads\\\/2021\\\/03\\\/logo-inverse-teams.png\",\"contentUrl\":\"https:\\\/\\\/www.inverseteams.com\\\/wp-content\\\/uploads\\\/2021\\\/03\\\/logo-inverse-teams.png\",\"width\":294,\"height\":99,\"caption\":\"Inverse Teams\"},\"image\":{\"@id\":\"https:\\\/\\\/www.inverseteams.com\\\/ca\\\/#\\\/schema\\\/logo\\\/image\\\/\"},\"sameAs\":[\"https:\\\/\\\/www.facebook.com\\\/inverseteams\",\"http:\\\/\\\/instagram.com\\\/inverseteams\",\"https:\\\/\\\/www.linkedin.com\\\/company\\\/inverse-cirosport-s-l-?trk=job_view_topcard_company_name\",\"http:\\\/\\\/www.pinterest.com\\\/inverseteams\\\/\",\"http:\\\/\\\/www.youtube.com\\\/user\\\/inverseteams?feature=watch\"]},{\"@type\":\"Person\",\"@id\":\"https:\\\/\\\/www.inverseteams.com\\\/ca\\\/#\\\/schema\\\/person\\\/f3968bb08942bfab07f4b6a598c69c9b\",\"name\":\"emfasi\",\"image\":{\"@type\":\"ImageObject\",\"inLanguage\":\"ca\",\"@id\":\"https:\\\/\\\/secure.gravatar.com\\\/avatar\\\/1a544898c76df172fce84aa5f74d936039ceafeffa73f80db7bae90a14a223d2?s=96&d=mm&r=g\",\"url\":\"https:\\\/\\\/secure.gravatar.com\\\/avatar\\\/1a544898c76df172fce84aa5f74d936039ceafeffa73f80db7bae90a14a223d2?s=96&d=mm&r=g\",\"contentUrl\":\"https:\\\/\\\/secure.gravatar.com\\\/avatar\\\/1a544898c76df172fce84aa5f74d936039ceafeffa73f80db7bae90a14a223d2?s=96&d=mm&r=g\",\"caption\":\"emfasi\"},\"sameAs\":[\"https:\\\/\\\/new.inverseteams.ddev.site\"]}]}<\/script>\n<!-- \/ Yoast SEO plugin. -->","yoast_head_json":{"title":"INVERSE PRESENTA A ANDORRA EL SEU EQUIP DE TRAILRUNNING PER A LA TEMPORADA 2020 | Inverseteams","description":"El passat 15 de desembre, Inverse va presentar la nova temporada de l'equip Inverse Team trailrunning a l'estaci\u00f3 d'esqu\u00ed d'Ordino Arcal\u00eds d'Andorra.","robots":{"index":"index","follow":"follow","max-snippet":"max-snippet:-1","max-image-preview":"max-image-preview:large","max-video-preview":"max-video-preview:-1"},"canonical":"https:\/\/www.inverseteams.com\/ca\/blog\/inverse-presenta-a-andorra-el-seu-equip-de-trailrunning-per-a-la-temporada-2020\/","og_locale":"ca_ES","og_type":"article","og_title":"INVERSE PRESENTA A ANDORRA EL SEU EQUIP DE TRAILRUNNING PER A LA TEMPORADA 2020 | Inverseteams","og_description":"El passat 15 de desembre, Inverse va presentar la nova temporada de l'equip Inverse Team trailrunning a l'estaci\u00f3 d'esqu\u00ed d'Ordino Arcal\u00eds d'Andorra.","og_url":"https:\/\/www.inverseteams.com\/ca\/blog\/inverse-presenta-a-andorra-el-seu-equip-de-trailrunning-per-a-la-temporada-2020\/","og_site_name":"Inverseteams","article_publisher":"https:\/\/www.facebook.com\/inverseteams","article_published_time":"2019-12-20T12:09:00+00:00","article_modified_time":"2021-03-23T08:37:53+00:00","og_image":[{"width":1200,"height":1200,"url":"https:\/\/www.inverseteams.com\/wp-content\/uploads\/2021\/02\/Inverse-presenta-en-Andorra-su-equipo-de-Trailrunning.jpg","type":"image\/jpeg"}],"author":"emfasi","twitter_card":"summary_large_image","twitter_misc":{"Escrit per":"emfasi","Temps estimat de lectura":"4 minut"},"schema":{"@context":"https:\/\/schema.org","@graph":[{"@type":"Article","@id":"https:\/\/www.inverseteams.com\/ca\/blog\/inverse-presenta-a-andorra-el-seu-equip-de-trailrunning-per-a-la-temporada-2020\/#article","isPartOf":{"@id":"https:\/\/www.inverseteams.com\/ca\/blog\/inverse-presenta-a-andorra-el-seu-equip-de-trailrunning-per-a-la-temporada-2020\/"},"author":{"name":"emfasi","@id":"https:\/\/www.inverseteams.com\/ca\/#\/schema\/person\/f3968bb08942bfab07f4b6a598c69c9b"},"headline":"INVERSE PRESENTA A ANDORRA EL SEU EQUIP DE TRAILRUNNING PER A LA TEMPORADA 2020","datePublished":"2019-12-20T12:09:00+00:00","dateModified":"2021-03-23T08:37:53+00:00","mainEntityOfPage":{"@id":"https:\/\/www.inverseteams.com\/ca\/blog\/inverse-presenta-a-andorra-el-seu-equip-de-trailrunning-per-a-la-temporada-2020\/"},"wordCount":509,"commentCount":0,"publisher":{"@id":"https:\/\/www.inverseteams.com\/ca\/#organization"},"image":{"@id":"https:\/\/www.inverseteams.com\/ca\/blog\/inverse-presenta-a-andorra-el-seu-equip-de-trailrunning-per-a-la-temporada-2020\/#primaryimage"},"thumbnailUrl":"https:\/\/www.inverseteams.com\/wp-content\/uploads\/2021\/02\/Inverse-presenta-en-Andorra-su-equipo-de-Trailrunning.jpg","keywords":["ropa personalizada trailrunning","ropa trailrunning","tenue trail","t-shirt trailrunning","t-shirt trail","shirt trailrunning","ropa trailrunning inverse","falda trailrunning","tenue trailrunning","trailrunning","veste trailrunning","pantal\u00f3n trailrunning","v\u00eatement trail","camiseta trailrunning","jacket trailrunning","trail","inverse trailrunning","inverse trail","chaqueta trailrunning","Custom sportswear trailrunning"],"articleSection":["Trail","Trail"],"inLanguage":"ca","potentialAction":[{"@type":"CommentAction","name":"Comment","target":["https:\/\/www.inverseteams.com\/ca\/blog\/inverse-presenta-a-andorra-el-seu-equip-de-trailrunning-per-a-la-temporada-2020\/#respond"]}]},{"@type":"WebPage","@id":"https:\/\/www.inverseteams.com\/ca\/blog\/inverse-presenta-a-andorra-el-seu-equip-de-trailrunning-per-a-la-temporada-2020\/","url":"https:\/\/www.inverseteams.com\/ca\/blog\/inverse-presenta-a-andorra-el-seu-equip-de-trailrunning-per-a-la-temporada-2020\/","name":"INVERSE PRESENTA A ANDORRA EL SEU EQUIP DE TRAILRUNNING PER A LA TEMPORADA 2020 | Inverseteams","isPartOf":{"@id":"https:\/\/www.inverseteams.com\/ca\/#website"},"primaryImageOfPage":{"@id":"https:\/\/www.inverseteams.com\/ca\/blog\/inverse-presenta-a-andorra-el-seu-equip-de-trailrunning-per-a-la-temporada-2020\/#primaryimage"},"image":{"@id":"https:\/\/www.inverseteams.com\/ca\/blog\/inverse-presenta-a-andorra-el-seu-equip-de-trailrunning-per-a-la-temporada-2020\/#primaryimage"},"thumbnailUrl":"https:\/\/www.inverseteams.com\/wp-content\/uploads\/2021\/02\/Inverse-presenta-en-Andorra-su-equipo-de-Trailrunning.jpg","datePublished":"2019-12-20T12:09:00+00:00","dateModified":"2021-03-23T08:37:53+00:00","description":"El passat 15 de desembre, Inverse va presentar la nova temporada de l'equip Inverse Team trailrunning a l'estaci\u00f3 d'esqu\u00ed d'Ordino Arcal\u00eds d'Andorra.","breadcrumb":{"@id":"https:\/\/www.inverseteams.com\/ca\/blog\/inverse-presenta-a-andorra-el-seu-equip-de-trailrunning-per-a-la-temporada-2020\/#breadcrumb"},"inLanguage":"ca","potentialAction":[{"@type":"ReadAction","target":["https:\/\/www.inverseteams.com\/ca\/blog\/inverse-presenta-a-andorra-el-seu-equip-de-trailrunning-per-a-la-temporada-2020\/"]}]},{"@type":"ImageObject","inLanguage":"ca","@id":"https:\/\/www.inverseteams.com\/ca\/blog\/inverse-presenta-a-andorra-el-seu-equip-de-trailrunning-per-a-la-temporada-2020\/#primaryimage","url":"https:\/\/www.inverseteams.com\/wp-content\/uploads\/2021\/02\/Inverse-presenta-en-Andorra-su-equipo-de-Trailrunning.jpg","contentUrl":"https:\/\/www.inverseteams.com\/wp-content\/uploads\/2021\/02\/Inverse-presenta-en-Andorra-su-equipo-de-Trailrunning.jpg","width":1200,"height":1200,"caption":"Inverse presenta en Andorra su equipo de Trailrunning"},{"@type":"BreadcrumbList","@id":"https:\/\/www.inverseteams.com\/ca\/blog\/inverse-presenta-a-andorra-el-seu-equip-de-trailrunning-per-a-la-temporada-2020\/#breadcrumb","itemListElement":[{"@type":"ListItem","position":1,"name":"Portada","item":"https:\/\/www.inverseteams.com\/ca\/pagina-principal\/"},{"@type":"ListItem","position":2,"name":"INVERSE PRESENTA A ANDORRA EL SEU EQUIP DE TRAILRUNNING PER A LA TEMPORADA 2020"}]},{"@type":"WebSite","@id":"https:\/\/www.inverseteams.com\/ca\/#website","url":"https:\/\/www.inverseteams.com\/ca\/","name":"Inverseteams","description":"Tu marca de ropa deportiva personalizada","publisher":{"@id":"https:\/\/www.inverseteams.com\/ca\/#organization"},"potentialAction":[{"@type":"SearchAction","target":{"@type":"EntryPoint","urlTemplate":"https:\/\/www.inverseteams.com\/ca\/?s={search_term_string}"},"query-input":{"@type":"PropertyValueSpecification","valueRequired":true,"valueName":"search_term_string"}}],"inLanguage":"ca"},{"@type":"Organization","@id":"https:\/\/www.inverseteams.com\/ca\/#organization","name":"Inverse Teams","url":"https:\/\/www.inverseteams.com\/ca\/","logo":{"@type":"ImageObject","inLanguage":"ca","@id":"https:\/\/www.inverseteams.com\/ca\/#\/schema\/logo\/image\/","url":"https:\/\/www.inverseteams.com\/wp-content\/uploads\/2021\/03\/logo-inverse-teams.png","contentUrl":"https:\/\/www.inverseteams.com\/wp-content\/uploads\/2021\/03\/logo-inverse-teams.png","width":294,"height":99,"caption":"Inverse Teams"},"image":{"@id":"https:\/\/www.inverseteams.com\/ca\/#\/schema\/logo\/image\/"},"sameAs":["https:\/\/www.facebook.com\/inverseteams","http:\/\/instagram.com\/inverseteams","https:\/\/www.linkedin.com\/company\/inverse-cirosport-s-l-?trk=job_view_topcard_company_name","http:\/\/www.pinterest.com\/inverseteams\/","http:\/\/www.youtube.com\/user\/inverseteams?feature=watch"]},{"@type":"Person","@id":"https:\/\/www.inverseteams.com\/ca\/#\/schema\/person\/f3968bb08942bfab07f4b6a598c69c9b","name":"emfasi","image":{"@type":"ImageObject","inLanguage":"ca","@id":"https:\/\/secure.gravatar.com\/avatar\/1a544898c76df172fce84aa5f74d936039ceafeffa73f80db7bae90a14a223d2?s=96&d=mm&r=g","url":"https:\/\/secure.gravatar.com\/avatar\/1a544898c76df172fce84aa5f74d936039ceafeffa73f80db7bae90a14a223d2?s=96&d=mm&r=g","contentUrl":"https:\/\/secure.gravatar.com\/avatar\/1a544898c76df172fce84aa5f74d936039ceafeffa73f80db7bae90a14a223d2?s=96&d=mm&r=g","caption":"emfasi"},"sameAs":["https:\/\/new.inverseteams.ddev.site"]}]}},"_links":{"self":[{"href":"https:\/\/www.inverseteams.com\/ca\/wp-json\/wp\/v2\/posts\/1774","targetHints":{"allow":["GET"]}}],"collection":[{"href":"https:\/\/www.inverseteams.com\/ca\/wp-json\/wp\/v2\/posts"}],"about":[{"href":"https:\/\/www.inverseteams.com\/ca\/wp-json\/wp\/v2\/types\/post"}],"author":[{"embeddable":true,"href":"https:\/\/www.inverseteams.com\/ca\/wp-json\/wp\/v2\/users\/1"}],"replies":[{"embeddable":true,"href":"https:\/\/www.inverseteams.com\/ca\/wp-json\/wp\/v2\/comments?post=1774"}],"version-history":[{"count":0,"href":"https:\/\/www.inverseteams.com\/ca\/wp-json\/wp\/v2\/posts\/1774\/revisions"}],"wp:featuredmedia":[{"embeddable":true,"href":"https:\/\/www.inverseteams.com\/ca\/wp-json\/wp\/v2\/media\/1723"}],"wp:attachment":[{"href":"https:\/\/www.inverseteams.com\/ca\/wp-json\/wp\/v2\/media?parent=1774"}],"wp:term":[{"taxonomy":"category","embeddable":true,"href":"https:\/\/www.inverseteams.com\/ca\/wp-json\/wp\/v2\/categories?post=1774"},{"taxonomy":"post_tag","embeddable":true,"href":"https:\/\/www.inverseteams.com\/ca\/wp-json\/wp\/v2\/tags?post=1774"}],"curies":[{"name":"wp","href":"https:\/\/api.w.org\/{rel}","templated":true}]}}