{"id":136196,"date":"2023-08-25T10:18:07","date_gmt":"2023-08-25T10:18:07","guid":{"rendered":"https:\/\/www.inverseteams.com\/blog\/balance-de-13-medallas-para-espana-en-el-super-mundial-de-ciclismo-glasgow-2023\/"},"modified":"2023-08-30T10:37:38","modified_gmt":"2023-08-30T10:37:38","slug":"balance-de-13-medallas-para-espana-en-el-super-mundial-de-ciclismo-glasgow-2023","status":"publish","type":"post","link":"https:\/\/www.inverseteams.com\/ca\/blog\/balance-de-13-medallas-para-espana-en-el-super-mundial-de-ciclismo-glasgow-2023\/","title":{"rendered":"Balan\u00e7 de 13 medalles per a Espanya al S\u00faper Mundial de Ciclisme de Glasgow 2023"},"content":{"rendered":"\n<figure class=\"wp-block-image size-large\"><img loading=\"lazy\" decoding=\"async\" width=\"1024\" height=\"683\" src=\"https:\/\/www.inverseteams.com\/wp-content\/uploads\/Blog_team_espana_ciclismo_glasgow_000-1024x683.jpg\" alt=\"\" class=\"wp-image-136125\" srcset=\"https:\/\/www.inverseteams.com\/wp-content\/uploads\/Blog_team_espana_ciclismo_glasgow_000-1024x683.jpg 1024w, https:\/\/www.inverseteams.com\/wp-content\/uploads\/Blog_team_espana_ciclismo_glasgow_000-300x200.jpg 300w, https:\/\/www.inverseteams.com\/wp-content\/uploads\/Blog_team_espana_ciclismo_glasgow_000-768x512.jpg 768w, https:\/\/www.inverseteams.com\/wp-content\/uploads\/Blog_team_espana_ciclismo_glasgow_000-1536x1024.jpg 1536w, https:\/\/www.inverseteams.com\/wp-content\/uploads\/Blog_team_espana_ciclismo_glasgow_000-420x280.jpg 420w, https:\/\/www.inverseteams.com\/wp-content\/uploads\/Blog_team_espana_ciclismo_glasgow_000-64x43.jpg 64w, https:\/\/www.inverseteams.com\/wp-content\/uploads\/Blog_team_espana_ciclismo_glasgow_000.jpg 1920w\" sizes=\"auto, (max-width: 1024px) 100vw, 1024px\" \/><\/figure>\n\n\n<div class=\"wrapper-heading\">\n<h2 class=\"wp-block-heading\">El Mundial de Ciclisme de Glasgow 2023 ha estat un gran \u00e8xit per a la selecci\u00f3 de ciclisme d&#8217;Espanya, que ha aconseguit un total de 13 medalles, 3 d&#8217;or, 6 de plata i 4 de bronze.<\/h2>\n<\/div>\n\n<div class=\"wrapper-heading\">\n<h3 class=\"wp-block-heading\">Espanya ha quedat en nov\u00e8 lloc del medaller general; especialment gr\u00e0cies al ciclisme paral\u00edmpic i al trial.<\/h3>\n<\/div>\n\n<div class=\"wrapper-heading\">\n<h4 class=\"wp-block-heading\">Glasgow 2023 ha estat el primer S\u00faper Mundial de Ciclisme de l&#8217;UCI que ha allotjat les proves de fins a 13 modalitats ciclistes.&nbsp;<\/h4>\n<\/div>\n\n\n<figure class=\"wp-block-image size-large\"><img loading=\"lazy\" decoding=\"async\" width=\"1024\" height=\"683\" src=\"https:\/\/www.inverseteams.com\/wp-content\/uploads\/Blog_team_espana_ciclismo_glasgow_00-1024x683.jpg\" alt=\"\" class=\"wp-image-136129\" srcset=\"https:\/\/www.inverseteams.com\/wp-content\/uploads\/Blog_team_espana_ciclismo_glasgow_00-1024x683.jpg 1024w, https:\/\/www.inverseteams.com\/wp-content\/uploads\/Blog_team_espana_ciclismo_glasgow_00-300x200.jpg 300w, https:\/\/www.inverseteams.com\/wp-content\/uploads\/Blog_team_espana_ciclismo_glasgow_00-768x512.jpg 768w, https:\/\/www.inverseteams.com\/wp-content\/uploads\/Blog_team_espana_ciclismo_glasgow_00-1536x1024.jpg 1536w, https:\/\/www.inverseteams.com\/wp-content\/uploads\/Blog_team_espana_ciclismo_glasgow_00-420x280.jpg 420w, https:\/\/www.inverseteams.com\/wp-content\/uploads\/Blog_team_espana_ciclismo_glasgow_00-64x43.jpg 64w, https:\/\/www.inverseteams.com\/wp-content\/uploads\/Blog_team_espana_ciclismo_glasgow_00.jpg 1920w\" sizes=\"auto, (max-width: 1024px) 100vw, 1024px\" \/><\/figure>\n\n\n<div class=\"wrapper-heading\">\n<h4 class=\"wp-block-heading\">Un nou format de Mundial de Ciclisme<\/h4>\n<\/div>\n\n\n<p>El Mundial de Ciclisme celebrat el 2023 a Glasgow (Esc\u00f2cia), ha estat un innovador format multi modalitat, concentrat en 11 dies, que, en l\u00ednies generals, ha conven\u00e7ut que \u00e9s m\u00e9s sostenible i pr\u00e0ctic per a l&#8217;organitzaci\u00f3 de l&#8217;UCI i les federacions nacionals de ciclisme.<\/p>\n\n\n\n<p><strong>El Mundial a Glasgow 2023 ha donat molta m\u00e9s visibilitat, sobretot televisiva, al ciclisme paral\u00edmpic i les modalitats ciclistes que no s\u00f3n tan populars.<\/strong> La nova manera de celebrar els mundials de ciclisme tindr\u00e0 lloc cada quatre anys. El proper S\u00faper Mundial ser\u00e0 el 2027, aquesta vegada a la regi\u00f3 francesa de l&#8217;Alta Savoia.<\/p>\n\n\n\n<figure class=\"wp-block-image size-large\"><img loading=\"lazy\" decoding=\"async\" width=\"1024\" height=\"683\" src=\"https:\/\/www.inverseteams.com\/wp-content\/uploads\/Blog_team_espana_ciclismo_glasgow_01-1024x683.jpg\" alt=\"\" class=\"wp-image-136133\" srcset=\"https:\/\/www.inverseteams.com\/wp-content\/uploads\/Blog_team_espana_ciclismo_glasgow_01-1024x683.jpg 1024w, https:\/\/www.inverseteams.com\/wp-content\/uploads\/Blog_team_espana_ciclismo_glasgow_01-300x200.jpg 300w, https:\/\/www.inverseteams.com\/wp-content\/uploads\/Blog_team_espana_ciclismo_glasgow_01-768x512.jpg 768w, https:\/\/www.inverseteams.com\/wp-content\/uploads\/Blog_team_espana_ciclismo_glasgow_01-1536x1024.jpg 1536w, https:\/\/www.inverseteams.com\/wp-content\/uploads\/Blog_team_espana_ciclismo_glasgow_01-420x280.jpg 420w, https:\/\/www.inverseteams.com\/wp-content\/uploads\/Blog_team_espana_ciclismo_glasgow_01-64x43.jpg 64w, https:\/\/www.inverseteams.com\/wp-content\/uploads\/Blog_team_espana_ciclismo_glasgow_01.jpg 1920w\" sizes=\"auto, (max-width: 1024px) 100vw, 1024px\" \/><\/figure>\n\n\n\n<figure class=\"wp-block-image size-large\"><img loading=\"lazy\" decoding=\"async\" width=\"1024\" height=\"683\" src=\"https:\/\/www.inverseteams.com\/wp-content\/uploads\/Blog_team_espana_ciclismo_glasgow_02-1024x683.jpg\" alt=\"\" class=\"wp-image-136137\" srcset=\"https:\/\/www.inverseteams.com\/wp-content\/uploads\/Blog_team_espana_ciclismo_glasgow_02-1024x683.jpg 1024w, https:\/\/www.inverseteams.com\/wp-content\/uploads\/Blog_team_espana_ciclismo_glasgow_02-300x200.jpg 300w, https:\/\/www.inverseteams.com\/wp-content\/uploads\/Blog_team_espana_ciclismo_glasgow_02-768x512.jpg 768w, https:\/\/www.inverseteams.com\/wp-content\/uploads\/Blog_team_espana_ciclismo_glasgow_02-1536x1024.jpg 1536w, https:\/\/www.inverseteams.com\/wp-content\/uploads\/Blog_team_espana_ciclismo_glasgow_02-420x280.jpg 420w, https:\/\/www.inverseteams.com\/wp-content\/uploads\/Blog_team_espana_ciclismo_glasgow_02-64x43.jpg 64w, https:\/\/www.inverseteams.com\/wp-content\/uploads\/Blog_team_espana_ciclismo_glasgow_02.jpg 1920w\" sizes=\"auto, (max-width: 1024px) 100vw, 1024px\" \/><\/figure>\n\n\n<div class=\"wrapper-heading\">\n<h4 class=\"wp-block-heading\">El medaller de la selecci\u00f3 espanyola de ciclisme a Glasgow 2023<\/h4>\n<\/div>\n\n\n<p>Sens dubte, el Mundial de Ciclisme de Glasgow 2023, ha confirmat que <strong>Espanya \u00e9s una de les grans pot\u00e8ncies internacionals en la modalitat de trial<\/strong>, on han aconseguit set de les tretze medalles, de les quals dues van ser els <strong>ors d&#8217;Alejandro Montalvo i Dani Cegarra<\/strong>.<\/p>\n\n\n\n<p>D&#8217;altra banda, <strong>Vera Bar\u00f3n i Alba Riera<\/strong> van obtenir plata i bronze respectivament, confirmant que el futur tamb\u00e9 est\u00e0 assegurat a l&#8217;equip femen\u00ed de trial. <strong>La modalitat del trial s&#8217;ha convertit els darrers anys en un dels pilars del futur per al ciclisme espanyol.<\/strong><\/p>\n\n\n\n<figure class=\"wp-block-image size-large\"><img loading=\"lazy\" decoding=\"async\" width=\"1024\" height=\"683\" src=\"https:\/\/www.inverseteams.com\/wp-content\/uploads\/Blog_team_espana_ciclismo_glasgow_03-1024x683.jpg\" alt=\"\" class=\"wp-image-136141\" srcset=\"https:\/\/www.inverseteams.com\/wp-content\/uploads\/Blog_team_espana_ciclismo_glasgow_03-1024x683.jpg 1024w, https:\/\/www.inverseteams.com\/wp-content\/uploads\/Blog_team_espana_ciclismo_glasgow_03-300x200.jpg 300w, https:\/\/www.inverseteams.com\/wp-content\/uploads\/Blog_team_espana_ciclismo_glasgow_03-768x512.jpg 768w, https:\/\/www.inverseteams.com\/wp-content\/uploads\/Blog_team_espana_ciclismo_glasgow_03-1536x1024.jpg 1536w, https:\/\/www.inverseteams.com\/wp-content\/uploads\/Blog_team_espana_ciclismo_glasgow_03-420x280.jpg 420w, https:\/\/www.inverseteams.com\/wp-content\/uploads\/Blog_team_espana_ciclismo_glasgow_03-64x43.jpg 64w, https:\/\/www.inverseteams.com\/wp-content\/uploads\/Blog_team_espana_ciclismo_glasgow_03.jpg 1920w\" sizes=\"auto, (max-width: 1024px) 100vw, 1024px\" \/><\/figure>\n\n\n\n<figure class=\"wp-block-image size-large\"><img loading=\"lazy\" decoding=\"async\" width=\"1024\" height=\"683\" src=\"https:\/\/www.inverseteams.com\/wp-content\/uploads\/Blog_team_espana_ciclismo_glasgow_04-1024x683.jpg\" alt=\"\" class=\"wp-image-136145\" srcset=\"https:\/\/www.inverseteams.com\/wp-content\/uploads\/Blog_team_espana_ciclismo_glasgow_04-1024x683.jpg 1024w, https:\/\/www.inverseteams.com\/wp-content\/uploads\/Blog_team_espana_ciclismo_glasgow_04-300x200.jpg 300w, https:\/\/www.inverseteams.com\/wp-content\/uploads\/Blog_team_espana_ciclismo_glasgow_04-768x512.jpg 768w, https:\/\/www.inverseteams.com\/wp-content\/uploads\/Blog_team_espana_ciclismo_glasgow_04-1536x1024.jpg 1536w, https:\/\/www.inverseteams.com\/wp-content\/uploads\/Blog_team_espana_ciclismo_glasgow_04-420x280.jpg 420w, https:\/\/www.inverseteams.com\/wp-content\/uploads\/Blog_team_espana_ciclismo_glasgow_04-64x43.jpg 64w, https:\/\/www.inverseteams.com\/wp-content\/uploads\/Blog_team_espana_ciclismo_glasgow_04.jpg 1920w\" sizes=\"auto, (max-width: 1024px) 100vw, 1024px\" \/><\/figure>\n\n\n\n<p>A la <strong>pista<\/strong>, les bones not\u00edcies van venir de la m\u00e0 del menorqu\u00ed <strong>Albert Torres<\/strong> en una cursa en qu\u00e8 va ser protagonista i va aconseguir finalment proclamar-se <strong>subcampi\u00f3<\/strong>.<\/p>\n\n\n\n<p><strong>I el ciclisme paral\u00edmpic espanyol segueix brillant al m\u00e0xim en l&#8217;\u00e0mbit internacional<\/strong>, amb el valenci\u00e0 <strong>Ricardo Ten<\/strong> com a protagonista, sumant sis medalles m\u00e9s en aquest campionat del m\u00f3n, ja que es va al\u00e7ar amb un total de sis medalles (tres ors, dues plates i un bronze). A m\u00e9s, el catal\u00e0 <strong>Sergio Garrote<\/strong> va aconseguir coronar-se campi\u00f3 del m\u00f3n en aquest \u201cS\u00faper Mundial\u201d disputat a Esc\u00f2cia.<\/p>\n\n\n\n<p>En general, el balan\u00e7 d&#8217;Espanya al Mundial de Glasgow 2023 \u00e9s molt positiu. Els resultats aconseguits s\u00f3n un bon auguri per als <a href=\"https:\/\/olympics.com\/es\/olympic-games\/paris-2024\">Jocs Ol\u00edmpics de Par\u00eds 2024<\/a>.<\/p>\n\n\n\n<figure class=\"wp-block-image size-large\"><img loading=\"lazy\" decoding=\"async\" width=\"1024\" height=\"683\" src=\"https:\/\/www.inverseteams.com\/wp-content\/uploads\/Blog_team_espana_ciclismo_glasgow_05-1024x683.jpg\" alt=\"\" class=\"wp-image-136149\" srcset=\"https:\/\/www.inverseteams.com\/wp-content\/uploads\/Blog_team_espana_ciclismo_glasgow_05-1024x683.jpg 1024w, https:\/\/www.inverseteams.com\/wp-content\/uploads\/Blog_team_espana_ciclismo_glasgow_05-300x200.jpg 300w, https:\/\/www.inverseteams.com\/wp-content\/uploads\/Blog_team_espana_ciclismo_glasgow_05-768x512.jpg 768w, https:\/\/www.inverseteams.com\/wp-content\/uploads\/Blog_team_espana_ciclismo_glasgow_05-1536x1024.jpg 1536w, https:\/\/www.inverseteams.com\/wp-content\/uploads\/Blog_team_espana_ciclismo_glasgow_05-420x280.jpg 420w, https:\/\/www.inverseteams.com\/wp-content\/uploads\/Blog_team_espana_ciclismo_glasgow_05-64x43.jpg 64w, https:\/\/www.inverseteams.com\/wp-content\/uploads\/Blog_team_espana_ciclismo_glasgow_05.jpg 1920w\" sizes=\"auto, (max-width: 1024px) 100vw, 1024px\" \/><\/figure>\n\n\n\n<figure class=\"wp-block-image size-large\"><img loading=\"lazy\" decoding=\"async\" width=\"1024\" height=\"683\" src=\"https:\/\/www.inverseteams.com\/wp-content\/uploads\/Blog_team_espana_ciclismo_glasgow_07-1024x683.jpg\" alt=\"\" class=\"wp-image-136161\" srcset=\"https:\/\/www.inverseteams.com\/wp-content\/uploads\/Blog_team_espana_ciclismo_glasgow_07-1024x683.jpg 1024w, https:\/\/www.inverseteams.com\/wp-content\/uploads\/Blog_team_espana_ciclismo_glasgow_07-300x200.jpg 300w, https:\/\/www.inverseteams.com\/wp-content\/uploads\/Blog_team_espana_ciclismo_glasgow_07-768x512.jpg 768w, https:\/\/www.inverseteams.com\/wp-content\/uploads\/Blog_team_espana_ciclismo_glasgow_07-1536x1024.jpg 1536w, https:\/\/www.inverseteams.com\/wp-content\/uploads\/Blog_team_espana_ciclismo_glasgow_07-420x280.jpg 420w, https:\/\/www.inverseteams.com\/wp-content\/uploads\/Blog_team_espana_ciclismo_glasgow_07-64x43.jpg 64w, https:\/\/www.inverseteams.com\/wp-content\/uploads\/Blog_team_espana_ciclismo_glasgow_07.jpg 1920w\" sizes=\"auto, (max-width: 1024px) 100vw, 1024px\" \/><\/figure>\n\n\n<div class=\"wrapper-heading\">\n<h4 class=\"wp-block-heading\">Inverse vesteix a la Selecci\u00f3 Espanyola de Ciclisme des de fa tretze anys<\/h4>\n<\/div>\n\n\n<p><a href=\"https:\/\/www.inverseteams.com\/ca\/fabricat-barcelona-des-de-1969\/\">L&#8217;any 2010 Inverse<\/a> va signar un acord de col\u00b7laboraci\u00f3 i patrocini amb la <a href=\"https:\/\/rfec.com\/index.php\/es\/smartweb\/seccion\/seccion\/rfec\/home\">Reial Federaci\u00f3 Espanyola de Ciclisme<\/a> (RFEC) per equipar totes les seleccions espanyoles en les diferents modalitats de ciclisme, aix\u00ed com, per confeccionar els mallots dels guanyadors dels campionats de Espanya.<\/p>\n\n\n\n<p>Aquest mateix any, Inverse ja va vestir els components del potent equip espanyol que va participar al Campionat Mundial de Ciclisme en Ruta de Melbourne (Austr\u00e0lia).<\/p>\n\n\n<div data-block-name=\"woocommerce\/handpicked-products\" data-columns=\"4\" data-content-visibility=\"{&quot;image&quot;:true,&quot;title&quot;:true,&quot;price&quot;:true,&quot;rating&quot;:true,&quot;button&quot;:false}\" data-products=\"[18767,18764,18765,18766]\" class=\"wc-block-grid wp-block-handpicked-products wp-block-woocommerce-handpicked-products wc-block-handpicked-products has-4-columns has-multiple-rows\"><ul class=\"wc-block-grid__products\"><li class=\"wc-block-grid__product\"><span class=\"gtm4wp_productdata\" style=\"display:none; visibility:hidden;\" data-gtm4wp_product_data=\"{&quot;internal_id&quot;:18764,&quot;item_id&quot;:18764,&quot;item_name&quot;:&quot;Mallot ciclista m\\u00e0niga curta ESPANYA (HOME)&quot;,&quot;sku&quot;:&quot;72010813&quot;,&quot;price&quot;:63.63,&quot;stocklevel&quot;:null,&quot;stockstatus&quot;:&quot;outofstock&quot;,&quot;google_business_vertical&quot;:&quot;retail&quot;,&quot;item_category&quot;:&quot;B2B&quot;,&quot;id&quot;:18764,&quot;productlink&quot;:&quot;https:\\\/\\\/www.inverseteams.com\\\/ca\\\/producte\\\/mallot-ciclista-maniga-curta-espanya-home\\\/&quot;,&quot;item_list_name&quot;:&quot;Llista general de productes&quot;,&quot;index&quot;:0,&quot;product_type&quot;:&quot;variable&quot;,&quot;item_brand&quot;:&quot;&quot;}\"><\/span>\n\t\t\t\t<a href=\"https:\/\/www.inverseteams.com\/ca\/producte\/mallot-ciclista-maniga-curta-espanya-home\/\" class=\"wc-block-grid__product-link\">\n\t\t\t\t\t\n\t\t\t\t\t<div class=\"wc-block-grid__product-image\"><img loading=\"lazy\" decoding=\"async\" width=\"420\" height=\"450\" src=\"https:\/\/www.inverseteams.com\/wp-content\/uploads\/MAILLOT-CICLISTA-ESPANA-HOMBRE-1-420x450.jpg\" class=\"attachment-woocommerce_thumbnail size-woocommerce_thumbnail\" alt=\"Mallot ciclista Espanya\" srcset=\"https:\/\/www.inverseteams.com\/wp-content\/uploads\/MAILLOT-CICLISTA-ESPANA-HOMBRE-1-420x451.jpg 420w, https:\/\/www.inverseteams.com\/wp-content\/uploads\/MAILLOT-CICLISTA-ESPANA-HOMBRE-1-279x300.jpg 279w, https:\/\/www.inverseteams.com\/wp-content\/uploads\/MAILLOT-CICLISTA-ESPANA-HOMBRE-1-953x1024.jpg 953w, https:\/\/www.inverseteams.com\/wp-content\/uploads\/MAILLOT-CICLISTA-ESPANA-HOMBRE-1-768x825.jpg 768w, https:\/\/www.inverseteams.com\/wp-content\/uploads\/MAILLOT-CICLISTA-ESPANA-HOMBRE-1-1430x1536.jpg 1430w, https:\/\/www.inverseteams.com\/wp-content\/uploads\/MAILLOT-CICLISTA-ESPANA-HOMBRE-1-1906x2048.jpg 1906w, https:\/\/www.inverseteams.com\/wp-content\/uploads\/MAILLOT-CICLISTA-ESPANA-HOMBRE-1-860x921.jpg 860w\" sizes=\"auto, (max-width: 420px) 100vw, 420px\" \/><\/div>\n\t\t\t\t\t<div class=\"wc-block-grid__product-title\">Mallot ciclista m\u00e0niga curta ESPANYA (HOME)<\/div>\n\t\t\t\t<\/a>\n\t\t\t\t<div class=\"wc-block-grid__product-price price\"><span class=\"woocommerce-Price-amount amount\">63,63<span class=\"woocommerce-Price-currencySymbol\">&euro;<\/span><\/span><span class=\"price-suffix\"><\/span><\/div>\n\t\t\t\t\n\t\t\t\t\n\t\t\t<\/li><li class=\"wc-block-grid__product\"><span class=\"gtm4wp_productdata\" style=\"display:none; visibility:hidden;\" data-gtm4wp_product_data=\"{&quot;internal_id&quot;:18765,&quot;item_id&quot;:18765,&quot;item_name&quot;:&quot;Mallot ciclista m\\u00e0niga curta ESPANYA (DONA)&quot;,&quot;sku&quot;:&quot;72190113&quot;,&quot;price&quot;:63.63,&quot;stocklevel&quot;:null,&quot;stockstatus&quot;:&quot;outofstock&quot;,&quot;google_business_vertical&quot;:&quot;retail&quot;,&quot;item_category&quot;:&quot;Ciclisme&quot;,&quot;id&quot;:18765,&quot;productlink&quot;:&quot;https:\\\/\\\/www.inverseteams.com\\\/ca\\\/producte\\\/mallot-ciclista-maniga-curta-espanya-dona\\\/&quot;,&quot;item_list_name&quot;:&quot;Llista general de productes&quot;,&quot;index&quot;:0,&quot;product_type&quot;:&quot;variable&quot;,&quot;item_brand&quot;:&quot;&quot;}\"><\/span>\n\t\t\t\t<a href=\"https:\/\/www.inverseteams.com\/ca\/producte\/mallot-ciclista-maniga-curta-espanya-dona\/\" class=\"wc-block-grid__product-link\">\n\t\t\t\t\t\n\t\t\t\t\t<div class=\"wc-block-grid__product-image\"><img loading=\"lazy\" decoding=\"async\" width=\"420\" height=\"450\" src=\"https:\/\/www.inverseteams.com\/wp-content\/uploads\/MAILLOT-CICLISTA-ESPANA-MUJER-1-420x450.jpg\" class=\"attachment-woocommerce_thumbnail size-woocommerce_thumbnail\" alt=\"Mallot ciclista Espanya\" srcset=\"https:\/\/www.inverseteams.com\/wp-content\/uploads\/MAILLOT-CICLISTA-ESPANA-MUJER-1-420x451.jpg 420w, https:\/\/www.inverseteams.com\/wp-content\/uploads\/MAILLOT-CICLISTA-ESPANA-MUJER-1-279x300.jpg 279w, https:\/\/www.inverseteams.com\/wp-content\/uploads\/MAILLOT-CICLISTA-ESPANA-MUJER-1-953x1024.jpg 953w, https:\/\/www.inverseteams.com\/wp-content\/uploads\/MAILLOT-CICLISTA-ESPANA-MUJER-1-768x825.jpg 768w, https:\/\/www.inverseteams.com\/wp-content\/uploads\/MAILLOT-CICLISTA-ESPANA-MUJER-1-1430x1536.jpg 1430w, https:\/\/www.inverseteams.com\/wp-content\/uploads\/MAILLOT-CICLISTA-ESPANA-MUJER-1-1906x2048.jpg 1906w, https:\/\/www.inverseteams.com\/wp-content\/uploads\/MAILLOT-CICLISTA-ESPANA-MUJER-1-860x921.jpg 860w\" sizes=\"auto, (max-width: 420px) 100vw, 420px\" \/><\/div>\n\t\t\t\t\t<div class=\"wc-block-grid__product-title\">Mallot ciclista m\u00e0niga curta ESPANYA (DONA)<\/div>\n\t\t\t\t<\/a>\n\t\t\t\t<div class=\"wc-block-grid__product-price price\"><span class=\"woocommerce-Price-amount amount\">63,63<span class=\"woocommerce-Price-currencySymbol\">&euro;<\/span><\/span><span class=\"price-suffix\"><\/span><\/div>\n\t\t\t\t\n\t\t\t\t\n\t\t\t<\/li><li class=\"wc-block-grid__product\"><span class=\"gtm4wp_productdata\" style=\"display:none; visibility:hidden;\" data-gtm4wp_product_data=\"{&quot;internal_id&quot;:18766,&quot;item_id&quot;:18766,&quot;item_name&quot;:&quot;Culot ciclista ESPANYA (HOME)&quot;,&quot;sku&quot;:&quot;72050113&quot;,&quot;price&quot;:72.71,&quot;stocklevel&quot;:null,&quot;stockstatus&quot;:&quot;outofstock&quot;,&quot;google_business_vertical&quot;:&quot;retail&quot;,&quot;item_category&quot;:&quot;Ciclisme&quot;,&quot;id&quot;:18766,&quot;productlink&quot;:&quot;https:\\\/\\\/www.inverseteams.com\\\/ca\\\/producte\\\/culot-ciclista-espanya-home\\\/&quot;,&quot;item_list_name&quot;:&quot;Llista general de productes&quot;,&quot;index&quot;:0,&quot;product_type&quot;:&quot;variable&quot;,&quot;item_brand&quot;:&quot;&quot;}\"><\/span>\n\t\t\t\t<a href=\"https:\/\/www.inverseteams.com\/ca\/producte\/culot-ciclista-espanya-home\/\" class=\"wc-block-grid__product-link\">\n\t\t\t\t\t\n\t\t\t\t\t<div class=\"wc-block-grid__product-image\"><img loading=\"lazy\" decoding=\"async\" width=\"420\" height=\"450\" src=\"https:\/\/www.inverseteams.com\/wp-content\/uploads\/CULOTTE-CICLISTA-ESPANA-HOMBRE-1-420x450.jpg\" class=\"attachment-woocommerce_thumbnail size-woocommerce_thumbnail\" alt=\"Culot ciclista Espanya\" srcset=\"https:\/\/www.inverseteams.com\/wp-content\/uploads\/CULOTTE-CICLISTA-ESPANA-HOMBRE-1-420x451.jpg 420w, https:\/\/www.inverseteams.com\/wp-content\/uploads\/CULOTTE-CICLISTA-ESPANA-HOMBRE-1-279x300.jpg 279w, https:\/\/www.inverseteams.com\/wp-content\/uploads\/CULOTTE-CICLISTA-ESPANA-HOMBRE-1-953x1024.jpg 953w, https:\/\/www.inverseteams.com\/wp-content\/uploads\/CULOTTE-CICLISTA-ESPANA-HOMBRE-1-768x825.jpg 768w, https:\/\/www.inverseteams.com\/wp-content\/uploads\/CULOTTE-CICLISTA-ESPANA-HOMBRE-1-1430x1536.jpg 1430w, https:\/\/www.inverseteams.com\/wp-content\/uploads\/CULOTTE-CICLISTA-ESPANA-HOMBRE-1-1906x2048.jpg 1906w, https:\/\/www.inverseteams.com\/wp-content\/uploads\/CULOTTE-CICLISTA-ESPANA-HOMBRE-1-860x921.jpg 860w\" sizes=\"auto, (max-width: 420px) 100vw, 420px\" \/><\/div>\n\t\t\t\t\t<div class=\"wc-block-grid__product-title\">Culot ciclista ESPANYA (HOME)<\/div>\n\t\t\t\t<\/a>\n\t\t\t\t<div class=\"wc-block-grid__product-price price\"><span class=\"woocommerce-Price-amount amount\">72,71<span class=\"woocommerce-Price-currencySymbol\">&euro;<\/span><\/span><span class=\"price-suffix\"><\/span><\/div>\n\t\t\t\t\n\t\t\t\t\n\t\t\t<\/li><li class=\"wc-block-grid__product\"><span class=\"gtm4wp_productdata\" style=\"display:none; visibility:hidden;\" data-gtm4wp_product_data=\"{&quot;internal_id&quot;:18767,&quot;item_id&quot;:18767,&quot;item_name&quot;:&quot;Culot ciclista ESPANYA (DONA)&quot;,&quot;sku&quot;:&quot;72200113&quot;,&quot;price&quot;:72.71,&quot;stocklevel&quot;:null,&quot;stockstatus&quot;:&quot;instock&quot;,&quot;google_business_vertical&quot;:&quot;retail&quot;,&quot;item_category&quot;:&quot;B2B&quot;,&quot;id&quot;:18767,&quot;productlink&quot;:&quot;https:\\\/\\\/www.inverseteams.com\\\/ca\\\/producte\\\/culot-ciclista-espanya-dona\\\/&quot;,&quot;item_list_name&quot;:&quot;Llista general de productes&quot;,&quot;index&quot;:0,&quot;product_type&quot;:&quot;variable&quot;,&quot;item_brand&quot;:&quot;&quot;}\"><\/span>\n\t\t\t\t<a href=\"https:\/\/www.inverseteams.com\/ca\/producte\/culot-ciclista-espanya-dona\/\" class=\"wc-block-grid__product-link\">\n\t\t\t\t\t\n\t\t\t\t\t<div class=\"wc-block-grid__product-image\"><img loading=\"lazy\" decoding=\"async\" width=\"420\" height=\"450\" src=\"https:\/\/www.inverseteams.com\/wp-content\/uploads\/CULOTTE-CICLISTA-ESPANA-MUJER-1-420x450.jpg\" class=\"attachment-woocommerce_thumbnail size-woocommerce_thumbnail\" alt=\"Culot ciclista Espanya\" srcset=\"https:\/\/www.inverseteams.com\/wp-content\/uploads\/CULOTTE-CICLISTA-ESPANA-MUJER-1-420x451.jpg 420w, https:\/\/www.inverseteams.com\/wp-content\/uploads\/CULOTTE-CICLISTA-ESPANA-MUJER-1-279x300.jpg 279w, https:\/\/www.inverseteams.com\/wp-content\/uploads\/CULOTTE-CICLISTA-ESPANA-MUJER-1-953x1024.jpg 953w, https:\/\/www.inverseteams.com\/wp-content\/uploads\/CULOTTE-CICLISTA-ESPANA-MUJER-1-768x825.jpg 768w, https:\/\/www.inverseteams.com\/wp-content\/uploads\/CULOTTE-CICLISTA-ESPANA-MUJER-1-1430x1536.jpg 1430w, https:\/\/www.inverseteams.com\/wp-content\/uploads\/CULOTTE-CICLISTA-ESPANA-MUJER-1-1906x2048.jpg 1906w, https:\/\/www.inverseteams.com\/wp-content\/uploads\/CULOTTE-CICLISTA-ESPANA-MUJER-1-860x921.jpg 860w\" sizes=\"auto, (max-width: 420px) 100vw, 420px\" \/><\/div>\n\t\t\t\t\t<div class=\"wc-block-grid__product-title\">Culot ciclista ESPANYA (DONA)<\/div>\n\t\t\t\t<\/a>\n\t\t\t\t<div class=\"wc-block-grid__product-price price\"><span class=\"woocommerce-Price-amount amount\">72,71<span class=\"woocommerce-Price-currencySymbol\">&euro;<\/span><\/span><span class=\"price-suffix\"><\/span><\/div>\n\t\t\t\t\n\t\t\t\t\n\t\t\t<\/li><\/ul><\/div>\n\n\n<figure class=\"wp-block-image size-large\"><img loading=\"lazy\" decoding=\"async\" width=\"1024\" height=\"683\" src=\"https:\/\/www.inverseteams.com\/wp-content\/uploads\/Blog_team_espana_ciclismo_glasgow_10-1024x683.jpg\" alt=\"\" class=\"wp-image-136173\" srcset=\"https:\/\/www.inverseteams.com\/wp-content\/uploads\/Blog_team_espana_ciclismo_glasgow_10-1024x683.jpg 1024w, https:\/\/www.inverseteams.com\/wp-content\/uploads\/Blog_team_espana_ciclismo_glasgow_10-300x200.jpg 300w, https:\/\/www.inverseteams.com\/wp-content\/uploads\/Blog_team_espana_ciclismo_glasgow_10-768x512.jpg 768w, https:\/\/www.inverseteams.com\/wp-content\/uploads\/Blog_team_espana_ciclismo_glasgow_10-1536x1024.jpg 1536w, https:\/\/www.inverseteams.com\/wp-content\/uploads\/Blog_team_espana_ciclismo_glasgow_10-420x280.jpg 420w, https:\/\/www.inverseteams.com\/wp-content\/uploads\/Blog_team_espana_ciclismo_glasgow_10-64x43.jpg 64w, https:\/\/www.inverseteams.com\/wp-content\/uploads\/Blog_team_espana_ciclismo_glasgow_10.jpg 1920w\" sizes=\"auto, (max-width: 1024px) 100vw, 1024px\" \/><\/figure>\n\n\n\n<figure class=\"wp-block-image size-large\"><img loading=\"lazy\" decoding=\"async\" width=\"1024\" height=\"682\" src=\"https:\/\/www.inverseteams.com\/wp-content\/uploads\/Blog_team_espana_ciclismo_glasgow_08-1024x682.jpg\" alt=\"\" class=\"wp-image-136165\" srcset=\"https:\/\/www.inverseteams.com\/wp-content\/uploads\/Blog_team_espana_ciclismo_glasgow_08-1024x682.jpg 1024w, https:\/\/www.inverseteams.com\/wp-content\/uploads\/Blog_team_espana_ciclismo_glasgow_08-300x200.jpg 300w, https:\/\/www.inverseteams.com\/wp-content\/uploads\/Blog_team_espana_ciclismo_glasgow_08-768x512.jpg 768w, https:\/\/www.inverseteams.com\/wp-content\/uploads\/Blog_team_espana_ciclismo_glasgow_08-1536x1023.jpg 1536w, https:\/\/www.inverseteams.com\/wp-content\/uploads\/Blog_team_espana_ciclismo_glasgow_08-420x280.jpg 420w, https:\/\/www.inverseteams.com\/wp-content\/uploads\/Blog_team_espana_ciclismo_glasgow_08-64x43.jpg 64w, https:\/\/www.inverseteams.com\/wp-content\/uploads\/Blog_team_espana_ciclismo_glasgow_08.jpg 1920w\" sizes=\"auto, (max-width: 1024px) 100vw, 1024px\" \/><\/figure>\n\n\n\n<figure class=\"wp-block-image size-large\"><img loading=\"lazy\" decoding=\"async\" width=\"1024\" height=\"683\" src=\"https:\/\/www.inverseteams.com\/wp-content\/uploads\/Blog_team_espana_ciclismo_glasgow_09-1024x683.jpg\" alt=\"\" class=\"wp-image-136169\" srcset=\"https:\/\/www.inverseteams.com\/wp-content\/uploads\/Blog_team_espana_ciclismo_glasgow_09-1024x683.jpg 1024w, https:\/\/www.inverseteams.com\/wp-content\/uploads\/Blog_team_espana_ciclismo_glasgow_09-300x200.jpg 300w, https:\/\/www.inverseteams.com\/wp-content\/uploads\/Blog_team_espana_ciclismo_glasgow_09-768x512.jpg 768w, https:\/\/www.inverseteams.com\/wp-content\/uploads\/Blog_team_espana_ciclismo_glasgow_09-1536x1024.jpg 1536w, https:\/\/www.inverseteams.com\/wp-content\/uploads\/Blog_team_espana_ciclismo_glasgow_09-420x280.jpg 420w, https:\/\/www.inverseteams.com\/wp-content\/uploads\/Blog_team_espana_ciclismo_glasgow_09-64x43.jpg 64w, https:\/\/www.inverseteams.com\/wp-content\/uploads\/Blog_team_espana_ciclismo_glasgow_09.jpg 1920w\" sizes=\"auto, (max-width: 1024px) 100vw, 1024px\" \/><\/figure>\n","protected":false},"excerpt":{"rendered":"<p>El Mundial de Ciclisme de Glasgow 2023 ha estat un gran \u00e8xit per a la selecci\u00f3 de ciclisme d&#8217;Espanya, que ha aconseguit un total de 13 medalles, 3 d&#8217;or, 6 de plata i 4 de bronze. Espanya ha quedat en nov\u00e8 lloc del medaller general; especialment gr\u00e0cies al ciclisme paral\u00edmpic i al trial. Glasgow 2023 [&hellip;]<\/p>\n","protected":false},"author":12,"featured_media":136126,"comment_status":"open","ping_status":"open","sticky":false,"template":"","format":"standard","meta":{"_acf_changed":false,"mc4wp_mailchimp_campaign":[],"footnotes":""},"categories":[186],"tags":[6155,8793,10494,10495,10496,10497,10498,5918,5919,5925,5926,5930,5989,5990,6093],"class_list":["post-136196","post","type-post","status-publish","format-standard","has-post-thumbnail","hentry","category-ciclisme","tag-espana-trial-ca","tag-espana-ca","tag-glasgow-2023-ca","tag-inverse-espana-ca","tag-maillot-y-culotte-espana-2018-ca","tag-mundial-ciclismo-glasgow-2023-ca","tag-mundial-glasgow-2023-ca","tag-maillot-espana-ca","tag-culotte-espana-ca","tag-maillot-espana-jjoo-ca","tag-culotte-espana-jjoo-ca","tag-culotte-espana-juegos-olimpicos-ca","tag-maillot-olimpico-espana-ca","tag-culotte-olimpico-espana-ca","tag-culotte-de-espana-ca"],"acf":[],"yoast_head":"<!-- This site is optimized with the Yoast SEO plugin v27.3 - https:\/\/yoast.com\/product\/yoast-seo-wordpress\/ -->\n<title>Balan\u00e7 de 13 medalles per a Espanya al S\u00faper Mundial de Ciclisme de Glasgow 2023 | Inverseteams<\/title>\n<meta name=\"description\" content=\"El Mundial de Ciclisme de Glasgow 2023 ha estat un gran \u00e8xit per a la selecci\u00f3 de ciclisme d&#039;Espanya, que ha aconseguit un total de 13 medalles, 3 d&#039;or, 6 de plata i 4 de bronze.\" \/>\n<meta name=\"robots\" content=\"index, follow, max-snippet:-1, max-image-preview:large, max-video-preview:-1\" \/>\n<link rel=\"canonical\" href=\"https:\/\/www.inverseteams.com\/ca\/blog\/balance-de-13-medallas-para-espana-en-el-super-mundial-de-ciclismo-glasgow-2023\/\" \/>\n<meta property=\"og:locale\" content=\"ca_ES\" \/>\n<meta property=\"og:type\" content=\"article\" \/>\n<meta property=\"og:title\" content=\"Balan\u00e7 de 13 medalles per a Espanya al S\u00faper Mundial de Ciclisme de Glasgow 2023 | Inverseteams\" \/>\n<meta property=\"og:description\" content=\"El Mundial de Ciclisme de Glasgow 2023 ha estat un gran \u00e8xit per a la selecci\u00f3 de ciclisme d&#039;Espanya, que ha aconseguit un total de 13 medalles, 3 d&#039;or, 6 de plata i 4 de bronze.\" \/>\n<meta property=\"og:url\" content=\"https:\/\/www.inverseteams.com\/ca\/blog\/balance-de-13-medallas-para-espana-en-el-super-mundial-de-ciclismo-glasgow-2023\/\" \/>\n<meta property=\"og:site_name\" content=\"Inverseteams\" \/>\n<meta property=\"article:publisher\" content=\"https:\/\/www.facebook.com\/inverseteams\" \/>\n<meta property=\"article:published_time\" content=\"2023-08-25T10:18:07+00:00\" \/>\n<meta property=\"article:modified_time\" content=\"2023-08-30T10:37:38+00:00\" \/>\n<meta property=\"og:image\" content=\"https:\/\/www.inverseteams.com\/wp-content\/uploads\/Blog_team_espana_ciclismo_glasgow_000.jpg\" \/>\n\t<meta property=\"og:image:width\" content=\"1920\" \/>\n\t<meta property=\"og:image:height\" content=\"1280\" \/>\n\t<meta property=\"og:image:type\" content=\"image\/jpeg\" \/>\n<meta name=\"author\" content=\"xavier\" \/>\n<meta name=\"twitter:card\" content=\"summary_large_image\" \/>\n<meta name=\"twitter:label1\" content=\"Escrit per\" \/>\n\t<meta name=\"twitter:data1\" content=\"xavier\" \/>\n\t<meta name=\"twitter:label2\" content=\"Temps estimat de lectura\" \/>\n\t<meta name=\"twitter:data2\" content=\"5 minut\" \/>\n<script type=\"application\/ld+json\" class=\"yoast-schema-graph\">{\"@context\":\"https:\\\/\\\/schema.org\",\"@graph\":[{\"@type\":\"Article\",\"@id\":\"https:\\\/\\\/www.inverseteams.com\\\/ca\\\/blog\\\/balance-de-13-medallas-para-espana-en-el-super-mundial-de-ciclismo-glasgow-2023\\\/#article\",\"isPartOf\":{\"@id\":\"https:\\\/\\\/www.inverseteams.com\\\/ca\\\/blog\\\/balance-de-13-medallas-para-espana-en-el-super-mundial-de-ciclismo-glasgow-2023\\\/\"},\"author\":{\"name\":\"xavier\",\"@id\":\"https:\\\/\\\/www.inverseteams.com\\\/ca\\\/#\\\/schema\\\/person\\\/8e9cda76b6449aea55a18c6b0f3a15f1\"},\"headline\":\"Balan\u00e7 de 13 medalles per a Espanya al S\u00faper Mundial de Ciclisme de Glasgow 2023\",\"datePublished\":\"2023-08-25T10:18:07+00:00\",\"dateModified\":\"2023-08-30T10:37:38+00:00\",\"mainEntityOfPage\":{\"@id\":\"https:\\\/\\\/www.inverseteams.com\\\/ca\\\/blog\\\/balance-de-13-medallas-para-espana-en-el-super-mundial-de-ciclismo-glasgow-2023\\\/\"},\"wordCount\":527,\"commentCount\":0,\"publisher\":{\"@id\":\"https:\\\/\\\/www.inverseteams.com\\\/ca\\\/#organization\"},\"image\":{\"@id\":\"https:\\\/\\\/www.inverseteams.com\\\/ca\\\/blog\\\/balance-de-13-medallas-para-espana-en-el-super-mundial-de-ciclismo-glasgow-2023\\\/#primaryimage\"},\"thumbnailUrl\":\"https:\\\/\\\/www.inverseteams.com\\\/wp-content\\\/uploads\\\/Blog_team_espana_ciclismo_glasgow_000.jpg\",\"keywords\":[\"espa\u00f1a trial\",\"espa\u00f1a\",\"glasgow 2023\",\"inverse espa\u00f1a\",\"Maillot y culotte espa\u00f1a 2018\",\"mundial ciclismo glasgow 2023\",\"mundial glasgow 2023\",\"maillot Espa\u00f1a\",\"culotte espa\u00f1a\",\"maillot espa\u00f1a JJOO\",\"culotte espa\u00f1a JJOO\",\"culotte espa\u00f1a juegos ol\u00edmpicos\",\"maillot ol\u00edmpico Espa\u00f1a\",\"culotte ol\u00edmpico espa\u00f1a\",\"Culotte de Espa\u00f1a\"],\"articleSection\":[\"Ciclisme\"],\"inLanguage\":\"ca\",\"potentialAction\":[{\"@type\":\"CommentAction\",\"name\":\"Comment\",\"target\":[\"https:\\\/\\\/www.inverseteams.com\\\/ca\\\/blog\\\/balance-de-13-medallas-para-espana-en-el-super-mundial-de-ciclismo-glasgow-2023\\\/#respond\"]}]},{\"@type\":\"WebPage\",\"@id\":\"https:\\\/\\\/www.inverseteams.com\\\/ca\\\/blog\\\/balance-de-13-medallas-para-espana-en-el-super-mundial-de-ciclismo-glasgow-2023\\\/\",\"url\":\"https:\\\/\\\/www.inverseteams.com\\\/ca\\\/blog\\\/balance-de-13-medallas-para-espana-en-el-super-mundial-de-ciclismo-glasgow-2023\\\/\",\"name\":\"Balan\u00e7 de 13 medalles per a Espanya al S\u00faper Mundial de Ciclisme de Glasgow 2023 | Inverseteams\",\"isPartOf\":{\"@id\":\"https:\\\/\\\/www.inverseteams.com\\\/ca\\\/#website\"},\"primaryImageOfPage\":{\"@id\":\"https:\\\/\\\/www.inverseteams.com\\\/ca\\\/blog\\\/balance-de-13-medallas-para-espana-en-el-super-mundial-de-ciclismo-glasgow-2023\\\/#primaryimage\"},\"image\":{\"@id\":\"https:\\\/\\\/www.inverseteams.com\\\/ca\\\/blog\\\/balance-de-13-medallas-para-espana-en-el-super-mundial-de-ciclismo-glasgow-2023\\\/#primaryimage\"},\"thumbnailUrl\":\"https:\\\/\\\/www.inverseteams.com\\\/wp-content\\\/uploads\\\/Blog_team_espana_ciclismo_glasgow_000.jpg\",\"datePublished\":\"2023-08-25T10:18:07+00:00\",\"dateModified\":\"2023-08-30T10:37:38+00:00\",\"description\":\"El Mundial de Ciclisme de Glasgow 2023 ha estat un gran \u00e8xit per a la selecci\u00f3 de ciclisme d'Espanya, que ha aconseguit un total de 13 medalles, 3 d'or, 6 de plata i 4 de bronze.\",\"breadcrumb\":{\"@id\":\"https:\\\/\\\/www.inverseteams.com\\\/ca\\\/blog\\\/balance-de-13-medallas-para-espana-en-el-super-mundial-de-ciclismo-glasgow-2023\\\/#breadcrumb\"},\"inLanguage\":\"ca\",\"potentialAction\":[{\"@type\":\"ReadAction\",\"target\":[\"https:\\\/\\\/www.inverseteams.com\\\/ca\\\/blog\\\/balance-de-13-medallas-para-espana-en-el-super-mundial-de-ciclismo-glasgow-2023\\\/\"]}]},{\"@type\":\"ImageObject\",\"inLanguage\":\"ca\",\"@id\":\"https:\\\/\\\/www.inverseteams.com\\\/ca\\\/blog\\\/balance-de-13-medallas-para-espana-en-el-super-mundial-de-ciclismo-glasgow-2023\\\/#primaryimage\",\"url\":\"https:\\\/\\\/www.inverseteams.com\\\/wp-content\\\/uploads\\\/Blog_team_espana_ciclismo_glasgow_000.jpg\",\"contentUrl\":\"https:\\\/\\\/www.inverseteams.com\\\/wp-content\\\/uploads\\\/Blog_team_espana_ciclismo_glasgow_000.jpg\",\"width\":1920,\"height\":1280},{\"@type\":\"BreadcrumbList\",\"@id\":\"https:\\\/\\\/www.inverseteams.com\\\/ca\\\/blog\\\/balance-de-13-medallas-para-espana-en-el-super-mundial-de-ciclismo-glasgow-2023\\\/#breadcrumb\",\"itemListElement\":[{\"@type\":\"ListItem\",\"position\":1,\"name\":\"Portada\",\"item\":\"https:\\\/\\\/www.inverseteams.com\\\/ca\\\/pagina-principal\\\/\"},{\"@type\":\"ListItem\",\"position\":2,\"name\":\"Balan\u00e7 de 13 medalles per a Espanya al S\u00faper Mundial de Ciclisme de Glasgow 2023\"}]},{\"@type\":\"WebSite\",\"@id\":\"https:\\\/\\\/www.inverseteams.com\\\/ca\\\/#website\",\"url\":\"https:\\\/\\\/www.inverseteams.com\\\/ca\\\/\",\"name\":\"Inverseteams\",\"description\":\"Tu marca de ropa deportiva personalizada\",\"publisher\":{\"@id\":\"https:\\\/\\\/www.inverseteams.com\\\/ca\\\/#organization\"},\"potentialAction\":[{\"@type\":\"SearchAction\",\"target\":{\"@type\":\"EntryPoint\",\"urlTemplate\":\"https:\\\/\\\/www.inverseteams.com\\\/ca\\\/?s={search_term_string}\"},\"query-input\":{\"@type\":\"PropertyValueSpecification\",\"valueRequired\":true,\"valueName\":\"search_term_string\"}}],\"inLanguage\":\"ca\"},{\"@type\":\"Organization\",\"@id\":\"https:\\\/\\\/www.inverseteams.com\\\/ca\\\/#organization\",\"name\":\"Inverse Teams\",\"url\":\"https:\\\/\\\/www.inverseteams.com\\\/ca\\\/\",\"logo\":{\"@type\":\"ImageObject\",\"inLanguage\":\"ca\",\"@id\":\"https:\\\/\\\/www.inverseteams.com\\\/ca\\\/#\\\/schema\\\/logo\\\/image\\\/\",\"url\":\"https:\\\/\\\/www.inverseteams.com\\\/wp-content\\\/uploads\\\/2021\\\/03\\\/logo-inverse-teams.png\",\"contentUrl\":\"https:\\\/\\\/www.inverseteams.com\\\/wp-content\\\/uploads\\\/2021\\\/03\\\/logo-inverse-teams.png\",\"width\":294,\"height\":99,\"caption\":\"Inverse Teams\"},\"image\":{\"@id\":\"https:\\\/\\\/www.inverseteams.com\\\/ca\\\/#\\\/schema\\\/logo\\\/image\\\/\"},\"sameAs\":[\"https:\\\/\\\/www.facebook.com\\\/inverseteams\",\"http:\\\/\\\/instagram.com\\\/inverseteams\",\"https:\\\/\\\/www.linkedin.com\\\/company\\\/inverse-cirosport-s-l-?trk=job_view_topcard_company_name\",\"http:\\\/\\\/www.pinterest.com\\\/inverseteams\\\/\",\"http:\\\/\\\/www.youtube.com\\\/user\\\/inverseteams?feature=watch\"]},{\"@type\":\"Person\",\"@id\":\"https:\\\/\\\/www.inverseteams.com\\\/ca\\\/#\\\/schema\\\/person\\\/8e9cda76b6449aea55a18c6b0f3a15f1\",\"name\":\"xavier\",\"image\":{\"@type\":\"ImageObject\",\"inLanguage\":\"ca\",\"@id\":\"https:\\\/\\\/secure.gravatar.com\\\/avatar\\\/602b199a1f28e97d83ab3a8bcb642260f5afd77cb09704889d85ddd70643cddb?s=96&d=mm&r=g\",\"url\":\"https:\\\/\\\/secure.gravatar.com\\\/avatar\\\/602b199a1f28e97d83ab3a8bcb642260f5afd77cb09704889d85ddd70643cddb?s=96&d=mm&r=g\",\"contentUrl\":\"https:\\\/\\\/secure.gravatar.com\\\/avatar\\\/602b199a1f28e97d83ab3a8bcb642260f5afd77cb09704889d85ddd70643cddb?s=96&d=mm&r=g\",\"caption\":\"xavier\"}}]}<\/script>\n<!-- \/ Yoast SEO plugin. -->","yoast_head_json":{"title":"Balan\u00e7 de 13 medalles per a Espanya al S\u00faper Mundial de Ciclisme de Glasgow 2023 | Inverseteams","description":"El Mundial de Ciclisme de Glasgow 2023 ha estat un gran \u00e8xit per a la selecci\u00f3 de ciclisme d'Espanya, que ha aconseguit un total de 13 medalles, 3 d'or, 6 de plata i 4 de bronze.","robots":{"index":"index","follow":"follow","max-snippet":"max-snippet:-1","max-image-preview":"max-image-preview:large","max-video-preview":"max-video-preview:-1"},"canonical":"https:\/\/www.inverseteams.com\/ca\/blog\/balance-de-13-medallas-para-espana-en-el-super-mundial-de-ciclismo-glasgow-2023\/","og_locale":"ca_ES","og_type":"article","og_title":"Balan\u00e7 de 13 medalles per a Espanya al S\u00faper Mundial de Ciclisme de Glasgow 2023 | Inverseteams","og_description":"El Mundial de Ciclisme de Glasgow 2023 ha estat un gran \u00e8xit per a la selecci\u00f3 de ciclisme d'Espanya, que ha aconseguit un total de 13 medalles, 3 d'or, 6 de plata i 4 de bronze.","og_url":"https:\/\/www.inverseteams.com\/ca\/blog\/balance-de-13-medallas-para-espana-en-el-super-mundial-de-ciclismo-glasgow-2023\/","og_site_name":"Inverseteams","article_publisher":"https:\/\/www.facebook.com\/inverseteams","article_published_time":"2023-08-25T10:18:07+00:00","article_modified_time":"2023-08-30T10:37:38+00:00","og_image":[{"width":1920,"height":1280,"url":"https:\/\/www.inverseteams.com\/wp-content\/uploads\/Blog_team_espana_ciclismo_glasgow_000.jpg","type":"image\/jpeg"}],"author":"xavier","twitter_card":"summary_large_image","twitter_misc":{"Escrit per":"xavier","Temps estimat de lectura":"5 minut"},"schema":{"@context":"https:\/\/schema.org","@graph":[{"@type":"Article","@id":"https:\/\/www.inverseteams.com\/ca\/blog\/balance-de-13-medallas-para-espana-en-el-super-mundial-de-ciclismo-glasgow-2023\/#article","isPartOf":{"@id":"https:\/\/www.inverseteams.com\/ca\/blog\/balance-de-13-medallas-para-espana-en-el-super-mundial-de-ciclismo-glasgow-2023\/"},"author":{"name":"xavier","@id":"https:\/\/www.inverseteams.com\/ca\/#\/schema\/person\/8e9cda76b6449aea55a18c6b0f3a15f1"},"headline":"Balan\u00e7 de 13 medalles per a Espanya al S\u00faper Mundial de Ciclisme de Glasgow 2023","datePublished":"2023-08-25T10:18:07+00:00","dateModified":"2023-08-30T10:37:38+00:00","mainEntityOfPage":{"@id":"https:\/\/www.inverseteams.com\/ca\/blog\/balance-de-13-medallas-para-espana-en-el-super-mundial-de-ciclismo-glasgow-2023\/"},"wordCount":527,"commentCount":0,"publisher":{"@id":"https:\/\/www.inverseteams.com\/ca\/#organization"},"image":{"@id":"https:\/\/www.inverseteams.com\/ca\/blog\/balance-de-13-medallas-para-espana-en-el-super-mundial-de-ciclismo-glasgow-2023\/#primaryimage"},"thumbnailUrl":"https:\/\/www.inverseteams.com\/wp-content\/uploads\/Blog_team_espana_ciclismo_glasgow_000.jpg","keywords":["espa\u00f1a trial","espa\u00f1a","glasgow 2023","inverse espa\u00f1a","Maillot y culotte espa\u00f1a 2018","mundial ciclismo glasgow 2023","mundial glasgow 2023","maillot Espa\u00f1a","culotte espa\u00f1a","maillot espa\u00f1a JJOO","culotte espa\u00f1a JJOO","culotte espa\u00f1a juegos ol\u00edmpicos","maillot ol\u00edmpico Espa\u00f1a","culotte ol\u00edmpico espa\u00f1a","Culotte de Espa\u00f1a"],"articleSection":["Ciclisme"],"inLanguage":"ca","potentialAction":[{"@type":"CommentAction","name":"Comment","target":["https:\/\/www.inverseteams.com\/ca\/blog\/balance-de-13-medallas-para-espana-en-el-super-mundial-de-ciclismo-glasgow-2023\/#respond"]}]},{"@type":"WebPage","@id":"https:\/\/www.inverseteams.com\/ca\/blog\/balance-de-13-medallas-para-espana-en-el-super-mundial-de-ciclismo-glasgow-2023\/","url":"https:\/\/www.inverseteams.com\/ca\/blog\/balance-de-13-medallas-para-espana-en-el-super-mundial-de-ciclismo-glasgow-2023\/","name":"Balan\u00e7 de 13 medalles per a Espanya al S\u00faper Mundial de Ciclisme de Glasgow 2023 | Inverseteams","isPartOf":{"@id":"https:\/\/www.inverseteams.com\/ca\/#website"},"primaryImageOfPage":{"@id":"https:\/\/www.inverseteams.com\/ca\/blog\/balance-de-13-medallas-para-espana-en-el-super-mundial-de-ciclismo-glasgow-2023\/#primaryimage"},"image":{"@id":"https:\/\/www.inverseteams.com\/ca\/blog\/balance-de-13-medallas-para-espana-en-el-super-mundial-de-ciclismo-glasgow-2023\/#primaryimage"},"thumbnailUrl":"https:\/\/www.inverseteams.com\/wp-content\/uploads\/Blog_team_espana_ciclismo_glasgow_000.jpg","datePublished":"2023-08-25T10:18:07+00:00","dateModified":"2023-08-30T10:37:38+00:00","description":"El Mundial de Ciclisme de Glasgow 2023 ha estat un gran \u00e8xit per a la selecci\u00f3 de ciclisme d'Espanya, que ha aconseguit un total de 13 medalles, 3 d'or, 6 de plata i 4 de bronze.","breadcrumb":{"@id":"https:\/\/www.inverseteams.com\/ca\/blog\/balance-de-13-medallas-para-espana-en-el-super-mundial-de-ciclismo-glasgow-2023\/#breadcrumb"},"inLanguage":"ca","potentialAction":[{"@type":"ReadAction","target":["https:\/\/www.inverseteams.com\/ca\/blog\/balance-de-13-medallas-para-espana-en-el-super-mundial-de-ciclismo-glasgow-2023\/"]}]},{"@type":"ImageObject","inLanguage":"ca","@id":"https:\/\/www.inverseteams.com\/ca\/blog\/balance-de-13-medallas-para-espana-en-el-super-mundial-de-ciclismo-glasgow-2023\/#primaryimage","url":"https:\/\/www.inverseteams.com\/wp-content\/uploads\/Blog_team_espana_ciclismo_glasgow_000.jpg","contentUrl":"https:\/\/www.inverseteams.com\/wp-content\/uploads\/Blog_team_espana_ciclismo_glasgow_000.jpg","width":1920,"height":1280},{"@type":"BreadcrumbList","@id":"https:\/\/www.inverseteams.com\/ca\/blog\/balance-de-13-medallas-para-espana-en-el-super-mundial-de-ciclismo-glasgow-2023\/#breadcrumb","itemListElement":[{"@type":"ListItem","position":1,"name":"Portada","item":"https:\/\/www.inverseteams.com\/ca\/pagina-principal\/"},{"@type":"ListItem","position":2,"name":"Balan\u00e7 de 13 medalles per a Espanya al S\u00faper Mundial de Ciclisme de Glasgow 2023"}]},{"@type":"WebSite","@id":"https:\/\/www.inverseteams.com\/ca\/#website","url":"https:\/\/www.inverseteams.com\/ca\/","name":"Inverseteams","description":"Tu marca de ropa deportiva personalizada","publisher":{"@id":"https:\/\/www.inverseteams.com\/ca\/#organization"},"potentialAction":[{"@type":"SearchAction","target":{"@type":"EntryPoint","urlTemplate":"https:\/\/www.inverseteams.com\/ca\/?s={search_term_string}"},"query-input":{"@type":"PropertyValueSpecification","valueRequired":true,"valueName":"search_term_string"}}],"inLanguage":"ca"},{"@type":"Organization","@id":"https:\/\/www.inverseteams.com\/ca\/#organization","name":"Inverse Teams","url":"https:\/\/www.inverseteams.com\/ca\/","logo":{"@type":"ImageObject","inLanguage":"ca","@id":"https:\/\/www.inverseteams.com\/ca\/#\/schema\/logo\/image\/","url":"https:\/\/www.inverseteams.com\/wp-content\/uploads\/2021\/03\/logo-inverse-teams.png","contentUrl":"https:\/\/www.inverseteams.com\/wp-content\/uploads\/2021\/03\/logo-inverse-teams.png","width":294,"height":99,"caption":"Inverse Teams"},"image":{"@id":"https:\/\/www.inverseteams.com\/ca\/#\/schema\/logo\/image\/"},"sameAs":["https:\/\/www.facebook.com\/inverseteams","http:\/\/instagram.com\/inverseteams","https:\/\/www.linkedin.com\/company\/inverse-cirosport-s-l-?trk=job_view_topcard_company_name","http:\/\/www.pinterest.com\/inverseteams\/","http:\/\/www.youtube.com\/user\/inverseteams?feature=watch"]},{"@type":"Person","@id":"https:\/\/www.inverseteams.com\/ca\/#\/schema\/person\/8e9cda76b6449aea55a18c6b0f3a15f1","name":"xavier","image":{"@type":"ImageObject","inLanguage":"ca","@id":"https:\/\/secure.gravatar.com\/avatar\/602b199a1f28e97d83ab3a8bcb642260f5afd77cb09704889d85ddd70643cddb?s=96&d=mm&r=g","url":"https:\/\/secure.gravatar.com\/avatar\/602b199a1f28e97d83ab3a8bcb642260f5afd77cb09704889d85ddd70643cddb?s=96&d=mm&r=g","contentUrl":"https:\/\/secure.gravatar.com\/avatar\/602b199a1f28e97d83ab3a8bcb642260f5afd77cb09704889d85ddd70643cddb?s=96&d=mm&r=g","caption":"xavier"}}]}},"_links":{"self":[{"href":"https:\/\/www.inverseteams.com\/ca\/wp-json\/wp\/v2\/posts\/136196","targetHints":{"allow":["GET"]}}],"collection":[{"href":"https:\/\/www.inverseteams.com\/ca\/wp-json\/wp\/v2\/posts"}],"about":[{"href":"https:\/\/www.inverseteams.com\/ca\/wp-json\/wp\/v2\/types\/post"}],"author":[{"embeddable":true,"href":"https:\/\/www.inverseteams.com\/ca\/wp-json\/wp\/v2\/users\/12"}],"replies":[{"embeddable":true,"href":"https:\/\/www.inverseteams.com\/ca\/wp-json\/wp\/v2\/comments?post=136196"}],"version-history":[{"count":0,"href":"https:\/\/www.inverseteams.com\/ca\/wp-json\/wp\/v2\/posts\/136196\/revisions"}],"wp:featuredmedia":[{"embeddable":true,"href":"https:\/\/www.inverseteams.com\/ca\/wp-json\/wp\/v2\/media\/136126"}],"wp:attachment":[{"href":"https:\/\/www.inverseteams.com\/ca\/wp-json\/wp\/v2\/media?parent=136196"}],"wp:term":[{"taxonomy":"category","embeddable":true,"href":"https:\/\/www.inverseteams.com\/ca\/wp-json\/wp\/v2\/categories?post=136196"},{"taxonomy":"post_tag","embeddable":true,"href":"https:\/\/www.inverseteams.com\/ca\/wp-json\/wp\/v2\/tags?post=136196"}],"curies":[{"name":"wp","href":"https:\/\/api.w.org\/{rel}","templated":true}]}}