{"id":111216,"date":"2022-12-07T12:56:32","date_gmt":"2022-12-07T12:56:32","guid":{"rendered":"https:\/\/www.inverseteams.com\/blog\/el-inverse-trail-running-team-2023-apuesta-por-el-talento-emergente-de-jovenes-corredores-de-montana\/"},"modified":"2022-12-07T13:21:08","modified_gmt":"2022-12-07T13:21:08","slug":"el-inverse-trail-running-team-2023-apuesta-por-el-talento-emergente-de-jovenes-corredores-de-montana","status":"publish","type":"post","link":"https:\/\/www.inverseteams.com\/ca\/blog\/el-inverse-trail-running-team-2023-apuesta-por-el-talento-emergente-de-jovenes-corredores-de-montana\/","title":{"rendered":"L&#8217;Inverse Trail Running Team 2023 aposta pel talent emergent de joves corredors de muntanya."},"content":{"rendered":"\n<figure class=\"wp-block-image size-large\"><img loading=\"lazy\" decoding=\"async\" width=\"1024\" height=\"683\" src=\"https:\/\/www.inverseteams.com\/wp-content\/uploads\/BLOG_TRAIL_RUNNING_TEAM_INVERSE_00-1024x683.jpg\" alt=\"\" class=\"wp-image-111179\" srcset=\"https:\/\/www.inverseteams.com\/wp-content\/uploads\/BLOG_TRAIL_RUNNING_TEAM_INVERSE_00-1024x683.jpg 1024w, https:\/\/www.inverseteams.com\/wp-content\/uploads\/BLOG_TRAIL_RUNNING_TEAM_INVERSE_00-300x200.jpg 300w, https:\/\/www.inverseteams.com\/wp-content\/uploads\/BLOG_TRAIL_RUNNING_TEAM_INVERSE_00-768x512.jpg 768w, https:\/\/www.inverseteams.com\/wp-content\/uploads\/BLOG_TRAIL_RUNNING_TEAM_INVERSE_00-1536x1024.jpg 1536w, https:\/\/www.inverseteams.com\/wp-content\/uploads\/BLOG_TRAIL_RUNNING_TEAM_INVERSE_00-420x280.jpg 420w, https:\/\/www.inverseteams.com\/wp-content\/uploads\/BLOG_TRAIL_RUNNING_TEAM_INVERSE_00.jpg 1920w\" sizes=\"auto, (max-width: 1024px) 100vw, 1024px\" \/><\/figure>\n\n\n<div class=\"wrapper-heading\">\n<h2 class=\"wp-block-heading\">El nou equip Inverse Team Trail Running Team 2023 continua amb la seva filosofia de descobrir i impulsar joves corredors de muntanya.<\/h2>\n<\/div>\n\n<div class=\"wrapper-heading\">\n<h3 class=\"wp-block-heading\">Seguint la tend\u00e8ncia actual de la comunitat de corredors de muntanya, el nou equip Inverse Trail Running Team 2023 aposta per estar present en curses curtes o de quil\u00f2metre vertical (KV).<\/h3>\n<\/div>\n\n<div class=\"wrapper-heading\">\n<h4 class=\"wp-block-heading\">Des del 2014, l&#8217;Inverse Trail Running Team ha apostat sempre per impulsar la carrera esportiva de joves promeses. Alguns d&#8217;aquests corredors emergents han format i formen part a les seleccions de curses de muntanya d&#8217;Andorra, Espanya i Catalunya.<\/h4>\n<\/div>\n\n\n<figure class=\"wp-block-embed is-type-video is-provider-youtube wp-block-embed-youtube wp-embed-aspect-16-9 wp-has-aspect-ratio\"><div class=\"wp-block-embed__wrapper\">\n<iframe loading=\"lazy\" title=\"Inverse Trail Running Team 2023\" width=\"640\" height=\"360\" src=\"https:\/\/www.youtube.com\/embed\/hrCkzpR2aMY?feature=oembed\" frameborder=\"0\" allow=\"accelerometer; autoplay; clipboard-write; encrypted-media; gyroscope; picture-in-picture; web-share\" referrerpolicy=\"strict-origin-when-cross-origin\" allowfullscreen><\/iframe>\n<\/div><\/figure>\n\n\n\n<figure class=\"wp-block-image size-large\"><img loading=\"lazy\" decoding=\"async\" width=\"1024\" height=\"683\" src=\"https:\/\/www.inverseteams.com\/wp-content\/uploads\/BLOG_TRAIL_RUNNING_TEAM_INVERSE_06-1024x683.jpg\" alt=\"\" class=\"wp-image-111201\" srcset=\"https:\/\/www.inverseteams.com\/wp-content\/uploads\/BLOG_TRAIL_RUNNING_TEAM_INVERSE_06-1024x683.jpg 1024w, https:\/\/www.inverseteams.com\/wp-content\/uploads\/BLOG_TRAIL_RUNNING_TEAM_INVERSE_06-300x200.jpg 300w, https:\/\/www.inverseteams.com\/wp-content\/uploads\/BLOG_TRAIL_RUNNING_TEAM_INVERSE_06-768x512.jpg 768w, https:\/\/www.inverseteams.com\/wp-content\/uploads\/BLOG_TRAIL_RUNNING_TEAM_INVERSE_06-1536x1024.jpg 1536w, https:\/\/www.inverseteams.com\/wp-content\/uploads\/BLOG_TRAIL_RUNNING_TEAM_INVERSE_06-420x280.jpg 420w, https:\/\/www.inverseteams.com\/wp-content\/uploads\/BLOG_TRAIL_RUNNING_TEAM_INVERSE_06.jpg 1920w\" sizes=\"auto, (max-width: 1024px) 100vw, 1024px\" \/><\/figure>\n\n\n<div class=\"wrapper-heading\">\n<h3 class=\"wp-block-heading\"><strong>Un equip amb veterans i joves veterans<\/strong><\/h3>\n<\/div>\n\n\n<p>Per\u00f2 com ja \u00e9s habitual des del naixement de l&#8217;equip fa 9 anys, es combina joventut amb experi\u00e8ncia dins Inverse Trail Running Team, continuant per a la temporada 2023 la pres\u00e8ncia de corredors veterans que segueixen demostrant la seva gran v\u00e0lua: <strong>Albert Soley<\/strong> (Campi\u00f3 Spartan Race Espanya 2022), <strong>Rosa Navarro<\/strong> (Subcampiona de la Copa Catalana FEEC 2021) i l&#8217;andorr\u00e0 <strong>Pere Riba<\/strong>, membre de la selecci\u00f3 oficial de Trail running d&#8217;Andorra.<\/p>\n\n\n\n<p>A la nova temporada de l&#8217;equip continuen els joves veterans que es van incorporar durant les temporades 2021 i 2022: <strong>C\u00e8lia Balcells<\/strong> (Campiona de Catalunya de Curses de Neu 2022), <strong>Sergi Cabeza<\/strong> (3r al Campionat de Catalunya de Kil\u00f2metre Vertical 2021), <strong>Gael \u00c1lvarez<\/strong> (3r a la Copa d&#8217;Espanya de SKIMO 2022) i <strong>Aniol Pujiula <\/strong>(3r Campionat d&#8217;Espanya j\u00fanior Kil\u00f2metre Vertical \u2013 KV).<\/p>\n\n\n\n<figure class=\"wp-block-image size-large\"><img loading=\"lazy\" decoding=\"async\" width=\"1024\" height=\"683\" src=\"https:\/\/www.inverseteams.com\/wp-content\/uploads\/BLOG_TRAIL_RUNNING_TEAM_INVERSE_05-1024x683.jpg\" alt=\"\" class=\"wp-image-111197\" srcset=\"https:\/\/www.inverseteams.com\/wp-content\/uploads\/BLOG_TRAIL_RUNNING_TEAM_INVERSE_05-1024x683.jpg 1024w, https:\/\/www.inverseteams.com\/wp-content\/uploads\/BLOG_TRAIL_RUNNING_TEAM_INVERSE_05-300x200.jpg 300w, https:\/\/www.inverseteams.com\/wp-content\/uploads\/BLOG_TRAIL_RUNNING_TEAM_INVERSE_05-768x512.jpg 768w, https:\/\/www.inverseteams.com\/wp-content\/uploads\/BLOG_TRAIL_RUNNING_TEAM_INVERSE_05-1536x1024.jpg 1536w, https:\/\/www.inverseteams.com\/wp-content\/uploads\/BLOG_TRAIL_RUNNING_TEAM_INVERSE_05-420x280.jpg 420w, https:\/\/www.inverseteams.com\/wp-content\/uploads\/BLOG_TRAIL_RUNNING_TEAM_INVERSE_05.jpg 1920w\" sizes=\"auto, (max-width: 1024px) 100vw, 1024px\" \/><\/figure>\n\n\n\n<figure class=\"wp-block-image size-large\"><img loading=\"lazy\" decoding=\"async\" width=\"1024\" height=\"683\" src=\"https:\/\/www.inverseteams.com\/wp-content\/uploads\/BLOG_TRAIL_RUNNING_TEAM_INVERSE_04-1024x683.jpg\" alt=\"\" class=\"wp-image-111193\" srcset=\"https:\/\/www.inverseteams.com\/wp-content\/uploads\/BLOG_TRAIL_RUNNING_TEAM_INVERSE_04-1024x683.jpg 1024w, https:\/\/www.inverseteams.com\/wp-content\/uploads\/BLOG_TRAIL_RUNNING_TEAM_INVERSE_04-300x200.jpg 300w, https:\/\/www.inverseteams.com\/wp-content\/uploads\/BLOG_TRAIL_RUNNING_TEAM_INVERSE_04-768x512.jpg 768w, https:\/\/www.inverseteams.com\/wp-content\/uploads\/BLOG_TRAIL_RUNNING_TEAM_INVERSE_04-1536x1024.jpg 1536w, https:\/\/www.inverseteams.com\/wp-content\/uploads\/BLOG_TRAIL_RUNNING_TEAM_INVERSE_04-420x280.jpg 420w, https:\/\/www.inverseteams.com\/wp-content\/uploads\/BLOG_TRAIL_RUNNING_TEAM_INVERSE_04.jpg 1920w\" sizes=\"auto, (max-width: 1024px) 100vw, 1024px\" \/><\/figure>\n\n\n<div class=\"wrapper-heading\">\n<h3 class=\"wp-block-heading\"><strong>Els <strong>nous<\/strong><\/strong> <strong>fitxatges de l&#8217;equip<\/strong><\/h3>\n<\/div>\n\n\n<p>Quatre joves s\u00f3n els nous components del nou equip Inverse Trail Running Team per a la temporada 2023. Destaca en primer lloc el fitxatge de <strong>Laia Gilibets<\/strong>, campiona de Catalunya 2022 a la categoria d&#8217;Ultra. En segon lloc, els fitxatges d&#8217;<strong>Aina Siscart<\/strong> (5a a la Milla Vertical d&#8217;\u00c0reu), <strong>Llu\u00eds Puigvert<\/strong> (Subcampi\u00f3 juvenil de Catalunya a Kil\u00f2metre Vertical 2022) i <strong>Jaume Gonz\u00e1lez<\/strong> (Subcampi\u00f3 absolut de Catalunya a Kil\u00f2metre Vertical 2022).<\/p>\n\n\n\n<p>L&#8217;equip continua estant comandat per <strong>Roger Mestre<\/strong>, sota la supervisi\u00f3 del director esportiu d&#8217;Inverse, <strong>V\u00edctor del Corral<\/strong>. Un equip que pot ser competitiu en totes les modalitats de curses de muntanya, per\u00f2 que s&#8217;espera que sigui especialment competitiu tant en curses nacionals o internacionals de Quil\u00f2metre Vertical (KV), com en les anomenades Marat\u00f3 i Mitja Marat\u00f3.<\/p>\n\n\n\n<p>Des de l&#8217;any 2014, i gr\u00e0cies a l&#8217;Inverse Trail Running Team, la marca Inverse ha esdevingut un referent europeu en roba t\u00e8cnica de trail running. No en va, en aquest equip han emergit alguns dels millors corredors de muntanya del panorama nacional i internacional dels darrers anys.<\/p>\n\n\n\n<p>L&#8217;objectiu de l&#8217;equip \u00e9s sempre promocionar aquest gran esport que permet un contacte directe amb la muntanya i amb tota la natura, assolint el m\u00e0xim possible de fites i reptes esportius.<\/p>\n\n\n\n<figure class=\"wp-block-image size-large\"><img loading=\"lazy\" decoding=\"async\" width=\"1024\" height=\"683\" src=\"https:\/\/www.inverseteams.com\/wp-content\/uploads\/BLOG_TRAIL_RUNNING_TEAM_INVERSE_01-1024x683.jpg\" alt=\"\" class=\"wp-image-111184\" srcset=\"https:\/\/www.inverseteams.com\/wp-content\/uploads\/BLOG_TRAIL_RUNNING_TEAM_INVERSE_01-1024x683.jpg 1024w, https:\/\/www.inverseteams.com\/wp-content\/uploads\/BLOG_TRAIL_RUNNING_TEAM_INVERSE_01-300x200.jpg 300w, https:\/\/www.inverseteams.com\/wp-content\/uploads\/BLOG_TRAIL_RUNNING_TEAM_INVERSE_01-768x512.jpg 768w, https:\/\/www.inverseteams.com\/wp-content\/uploads\/BLOG_TRAIL_RUNNING_TEAM_INVERSE_01-1536x1024.jpg 1536w, https:\/\/www.inverseteams.com\/wp-content\/uploads\/BLOG_TRAIL_RUNNING_TEAM_INVERSE_01-420x280.jpg 420w, https:\/\/www.inverseteams.com\/wp-content\/uploads\/BLOG_TRAIL_RUNNING_TEAM_INVERSE_01.jpg 1920w\" sizes=\"auto, (max-width: 1024px) 100vw, 1024px\" \/><\/figure>\n\n\n\n<figure class=\"wp-block-image size-large\"><img loading=\"lazy\" decoding=\"async\" width=\"1024\" height=\"683\" src=\"https:\/\/www.inverseteams.com\/wp-content\/uploads\/BLOG_TRAIL_RUNNING_TEAM_INVERSE_02-1024x683.jpg\" alt=\"\" class=\"wp-image-111189\" srcset=\"https:\/\/www.inverseteams.com\/wp-content\/uploads\/BLOG_TRAIL_RUNNING_TEAM_INVERSE_02-1024x683.jpg 1024w, https:\/\/www.inverseteams.com\/wp-content\/uploads\/BLOG_TRAIL_RUNNING_TEAM_INVERSE_02-300x200.jpg 300w, https:\/\/www.inverseteams.com\/wp-content\/uploads\/BLOG_TRAIL_RUNNING_TEAM_INVERSE_02-768x512.jpg 768w, https:\/\/www.inverseteams.com\/wp-content\/uploads\/BLOG_TRAIL_RUNNING_TEAM_INVERSE_02-1536x1024.jpg 1536w, https:\/\/www.inverseteams.com\/wp-content\/uploads\/BLOG_TRAIL_RUNNING_TEAM_INVERSE_02-420x280.jpg 420w, https:\/\/www.inverseteams.com\/wp-content\/uploads\/BLOG_TRAIL_RUNNING_TEAM_INVERSE_02.jpg 1920w\" sizes=\"auto, (max-width: 1024px) 100vw, 1024px\" \/><\/figure>\n\n\n<div class=\"wrapper-heading\">\n<h3 class=\"wp-block-heading\"><strong>Nova equipaci\u00f3 amb nou disseny<\/strong><\/h3>\n<\/div>\n\n\n<p>En aquesta nova temporada, l&#8217;equip torna a equipar-se amb els mateixos colors, per\u00f2 amb un disseny diferent. I ho fa amb la base de les <strong><a href=\"https:\/\/www.inverseteams.com\/ca\/custom\/roba-de-trail-running-personalitzada\/\">contrastades gammes ULTRA i EXTREM de roba personalitzada de trail running<\/a><\/strong>. Unes gammes que Inverse ofereix als equips d&#8217;elit i professionals com a resposta global a totes les necessitats de roba t\u00e8cnica de trail running.<\/p>\n\n\n\n<p>Per Inverse continua sent molt important, estrat\u00e8gicament, l&#8217;equip de Trail Running per <strong>analitzar, desenvolupar, testar i millorar totes les peces de col\u00b7lecci\u00f3 i personalitzables<\/strong> de la seva gamma de roba de trail running.<\/p>\n\n\n\n<p>Inverse posa a la disposici\u00f3 dels seguidors de l&#8217;equip i dels corredors en general de curses de muntanya, la venda d&#8217;una r\u00e8plica de la samarreta de la nova equipaci\u00f3.<\/p>\n\n\n<div data-block-name=\"woocommerce\/handpicked-products\" data-columns=\"2\" data-content-visibility=\"{&quot;title&quot;:true,&quot;price&quot;:true,&quot;rating&quot;:true,&quot;button&quot;:false}\" data-edit-mode=\"false\" data-products=\"[]\" class=\"wc-block-grid wp-block-handpicked-products wp-block-woocommerce-handpicked-products wc-block-handpicked-products has-2-columns has-multiple-rows\"><ul class=\"wc-block-grid__products\"><li class=\"wc-block-grid__product\"><span class=\"gtm4wp_productdata\" style=\"display:none; visibility:hidden;\" data-gtm4wp_product_data=\"{&quot;internal_id&quot;:278002,&quot;item_id&quot;:278002,&quot;item_name&quot;:&quot;Mallot ciclista m\\u00e0niga curta ESSENZ MALI SUNSET&quot;,&quot;sku&quot;:&quot;51010330&quot;,&quot;price&quot;:73.55,&quot;stocklevel&quot;:null,&quot;stockstatus&quot;:&quot;instock&quot;,&quot;google_business_vertical&quot;:&quot;retail&quot;,&quot;item_category&quot;:&quot;B2B&quot;,&quot;id&quot;:278002,&quot;productlink&quot;:&quot;https:\\\/\\\/www.inverseteams.com\\\/ca\\\/producte\\\/mallot-ciclista-maniga-curta-essenz-mali-sunset-home\\\/&quot;,&quot;item_list_name&quot;:&quot;Llista general de productes&quot;,&quot;index&quot;:0,&quot;product_type&quot;:&quot;variable&quot;,&quot;item_brand&quot;:&quot;&quot;}\"><\/span>\n\t\t\t\t<a href=\"https:\/\/www.inverseteams.com\/ca\/producte\/mallot-ciclista-maniga-curta-essenz-mali-sunset-home\/\" class=\"wc-block-grid__product-link\">\n\t\t\t\t\t\n\t\t\t\t\t<div class=\"wc-block-grid__product-image\"><img loading=\"lazy\" decoding=\"async\" width=\"420\" height=\"450\" src=\"https:\/\/www.inverseteams.com\/wp-content\/uploads\/INVERSE-CICLISMO-HOMBRE-MAILLOT-ESSENZ-MALI-SUNSET-001-420x450.jpg\" class=\"attachment-woocommerce_thumbnail size-woocommerce_thumbnail\" alt=\"Mallot ciclista m\u00e0niga curta ESSENZ MALI SUNSET\" srcset=\"https:\/\/www.inverseteams.com\/wp-content\/uploads\/INVERSE-CICLISMO-HOMBRE-MAILLOT-ESSENZ-MALI-SUNSET-001-420x451.jpg 420w, https:\/\/www.inverseteams.com\/wp-content\/uploads\/INVERSE-CICLISMO-HOMBRE-MAILLOT-ESSENZ-MALI-SUNSET-001-279x300.jpg 279w, https:\/\/www.inverseteams.com\/wp-content\/uploads\/INVERSE-CICLISMO-HOMBRE-MAILLOT-ESSENZ-MALI-SUNSET-001-953x1024.jpg 953w, https:\/\/www.inverseteams.com\/wp-content\/uploads\/INVERSE-CICLISMO-HOMBRE-MAILLOT-ESSENZ-MALI-SUNSET-001-768x825.jpg 768w, https:\/\/www.inverseteams.com\/wp-content\/uploads\/INVERSE-CICLISMO-HOMBRE-MAILLOT-ESSENZ-MALI-SUNSET-001-1429x1536.jpg 1429w, https:\/\/www.inverseteams.com\/wp-content\/uploads\/INVERSE-CICLISMO-HOMBRE-MAILLOT-ESSENZ-MALI-SUNSET-001-860x921.jpg 860w, https:\/\/www.inverseteams.com\/wp-content\/uploads\/INVERSE-CICLISMO-HOMBRE-MAILLOT-ESSENZ-MALI-SUNSET-001-550x591.jpg 550w, https:\/\/www.inverseteams.com\/wp-content\/uploads\/INVERSE-CICLISMO-HOMBRE-MAILLOT-ESSENZ-MALI-SUNSET-001-64x69.jpg 64w, https:\/\/www.inverseteams.com\/wp-content\/uploads\/INVERSE-CICLISMO-HOMBRE-MAILLOT-ESSENZ-MALI-SUNSET-001.jpg 1500w\" sizes=\"auto, (max-width: 420px) 100vw, 420px\" \/><\/div>\n\t\t\t\t\t<div class=\"wc-block-grid__product-title\">Mallot ciclista m\u00e0niga curta ESSENZ MALI SUNSET<\/div>\n\t\t\t\t<\/a>\n\t\t\t\t<div class=\"wc-block-grid__product-price price\"><span class=\"woocommerce-Price-amount amount\">73,55<span class=\"woocommerce-Price-currencySymbol\">&euro;<\/span><\/span><span class=\"price-suffix\"><\/span><\/div>\n\t\t\t\t\n\t\t\t\t\n\t\t\t<\/li><li class=\"wc-block-grid__product\"><span class=\"gtm4wp_productdata\" style=\"display:none; visibility:hidden;\" data-gtm4wp_product_data=\"{&quot;internal_id&quot;:279147,&quot;item_id&quot;:279147,&quot;item_name&quot;:&quot;Mallot ciclista m\\u00e0niga curta ESSENZ ASIA IRIS&quot;,&quot;sku&quot;:&quot;51020333&quot;,&quot;price&quot;:73.55,&quot;stocklevel&quot;:null,&quot;stockstatus&quot;:&quot;instock&quot;,&quot;google_business_vertical&quot;:&quot;retail&quot;,&quot;item_category&quot;:&quot;B2B&quot;,&quot;id&quot;:279147,&quot;productlink&quot;:&quot;https:\\\/\\\/www.inverseteams.com\\\/ca\\\/producte\\\/mallot-ciclista-maniga-curta-essenz-asia-iris\\\/&quot;,&quot;item_list_name&quot;:&quot;Llista general de productes&quot;,&quot;index&quot;:0,&quot;product_type&quot;:&quot;variable&quot;,&quot;item_brand&quot;:&quot;&quot;}\"><\/span>\n\t\t\t\t<a href=\"https:\/\/www.inverseteams.com\/ca\/producte\/mallot-ciclista-maniga-curta-essenz-asia-iris\/\" class=\"wc-block-grid__product-link\">\n\t\t\t\t\t\n\t\t\t\t\t<div class=\"wc-block-grid__product-image\"><img loading=\"lazy\" decoding=\"async\" width=\"420\" height=\"450\" src=\"https:\/\/www.inverseteams.com\/wp-content\/uploads\/INVERSE-CICLISMO-MUJER-MAILLOT-ESSENZ-ASIA-IRIS-001-420x450.jpg\" class=\"attachment-woocommerce_thumbnail size-woocommerce_thumbnail\" alt=\"Mallot ciclista m\u00e0niga curta ESSENZ ASIA IRIS\" srcset=\"https:\/\/www.inverseteams.com\/wp-content\/uploads\/INVERSE-CICLISMO-MUJER-MAILLOT-ESSENZ-ASIA-IRIS-001-420x451.jpg 420w, https:\/\/www.inverseteams.com\/wp-content\/uploads\/INVERSE-CICLISMO-MUJER-MAILLOT-ESSENZ-ASIA-IRIS-001-279x300.jpg 279w, https:\/\/www.inverseteams.com\/wp-content\/uploads\/INVERSE-CICLISMO-MUJER-MAILLOT-ESSENZ-ASIA-IRIS-001-953x1024.jpg 953w, https:\/\/www.inverseteams.com\/wp-content\/uploads\/INVERSE-CICLISMO-MUJER-MAILLOT-ESSENZ-ASIA-IRIS-001-768x825.jpg 768w, https:\/\/www.inverseteams.com\/wp-content\/uploads\/INVERSE-CICLISMO-MUJER-MAILLOT-ESSENZ-ASIA-IRIS-001-1429x1536.jpg 1429w, https:\/\/www.inverseteams.com\/wp-content\/uploads\/INVERSE-CICLISMO-MUJER-MAILLOT-ESSENZ-ASIA-IRIS-001-860x921.jpg 860w, https:\/\/www.inverseteams.com\/wp-content\/uploads\/INVERSE-CICLISMO-MUJER-MAILLOT-ESSENZ-ASIA-IRIS-001-550x591.jpg 550w, https:\/\/www.inverseteams.com\/wp-content\/uploads\/INVERSE-CICLISMO-MUJER-MAILLOT-ESSENZ-ASIA-IRIS-001-64x69.jpg 64w, https:\/\/www.inverseteams.com\/wp-content\/uploads\/INVERSE-CICLISMO-MUJER-MAILLOT-ESSENZ-ASIA-IRIS-001.jpg 1500w\" sizes=\"auto, (max-width: 420px) 100vw, 420px\" \/><\/div>\n\t\t\t\t\t<div class=\"wc-block-grid__product-title\">Mallot ciclista m\u00e0niga curta ESSENZ ASIA IRIS<\/div>\n\t\t\t\t<\/a>\n\t\t\t\t<div class=\"wc-block-grid__product-price price\"><span class=\"woocommerce-Price-amount amount\">73,55<span class=\"woocommerce-Price-currencySymbol\">&euro;<\/span><\/span><span class=\"price-suffix\"><\/span><\/div>\n\t\t\t\t\n\t\t\t\t\n\t\t\t<\/li><li class=\"wc-block-grid__product\"><span class=\"gtm4wp_productdata\" style=\"display:none; visibility:hidden;\" data-gtm4wp_product_data=\"{&quot;internal_id&quot;:278157,&quot;item_id&quot;:278157,&quot;item_name&quot;:&quot;Mallot ciclista m\\u00e0niga curta ESSENZ MALI MIEL&quot;,&quot;sku&quot;:&quot;51010331&quot;,&quot;price&quot;:73.55,&quot;stocklevel&quot;:null,&quot;stockstatus&quot;:&quot;instock&quot;,&quot;google_business_vertical&quot;:&quot;retail&quot;,&quot;item_category&quot;:&quot;B2B&quot;,&quot;id&quot;:278157,&quot;productlink&quot;:&quot;https:\\\/\\\/www.inverseteams.com\\\/ca\\\/producte\\\/mallot-ciclista-maniga-curta-essenz-mali-miel\\\/&quot;,&quot;item_list_name&quot;:&quot;Llista general de productes&quot;,&quot;index&quot;:0,&quot;product_type&quot;:&quot;variable&quot;,&quot;item_brand&quot;:&quot;&quot;}\"><\/span>\n\t\t\t\t<a href=\"https:\/\/www.inverseteams.com\/ca\/producte\/mallot-ciclista-maniga-curta-essenz-mali-miel\/\" class=\"wc-block-grid__product-link\">\n\t\t\t\t\t\n\t\t\t\t\t<div class=\"wc-block-grid__product-image\"><img loading=\"lazy\" decoding=\"async\" width=\"420\" height=\"450\" src=\"https:\/\/www.inverseteams.com\/wp-content\/uploads\/INVERSE-CICLISMO-HOMBRE-MAILLOT-ESSENZ-MALI-MIEL-001-420x450.jpg\" class=\"attachment-woocommerce_thumbnail size-woocommerce_thumbnail\" alt=\"Mallot ciclista m\u00e0niga curta ESSENZ MALI MIEL\" srcset=\"https:\/\/www.inverseteams.com\/wp-content\/uploads\/INVERSE-CICLISMO-HOMBRE-MAILLOT-ESSENZ-MALI-MIEL-001-420x451.jpg 420w, https:\/\/www.inverseteams.com\/wp-content\/uploads\/INVERSE-CICLISMO-HOMBRE-MAILLOT-ESSENZ-MALI-MIEL-001-279x300.jpg 279w, https:\/\/www.inverseteams.com\/wp-content\/uploads\/INVERSE-CICLISMO-HOMBRE-MAILLOT-ESSENZ-MALI-MIEL-001-953x1024.jpg 953w, https:\/\/www.inverseteams.com\/wp-content\/uploads\/INVERSE-CICLISMO-HOMBRE-MAILLOT-ESSENZ-MALI-MIEL-001-768x825.jpg 768w, https:\/\/www.inverseteams.com\/wp-content\/uploads\/INVERSE-CICLISMO-HOMBRE-MAILLOT-ESSENZ-MALI-MIEL-001-1429x1536.jpg 1429w, https:\/\/www.inverseteams.com\/wp-content\/uploads\/INVERSE-CICLISMO-HOMBRE-MAILLOT-ESSENZ-MALI-MIEL-001-860x921.jpg 860w, https:\/\/www.inverseteams.com\/wp-content\/uploads\/INVERSE-CICLISMO-HOMBRE-MAILLOT-ESSENZ-MALI-MIEL-001-550x591.jpg 550w, https:\/\/www.inverseteams.com\/wp-content\/uploads\/INVERSE-CICLISMO-HOMBRE-MAILLOT-ESSENZ-MALI-MIEL-001-64x69.jpg 64w, https:\/\/www.inverseteams.com\/wp-content\/uploads\/INVERSE-CICLISMO-HOMBRE-MAILLOT-ESSENZ-MALI-MIEL-001.jpg 1500w\" sizes=\"auto, (max-width: 420px) 100vw, 420px\" \/><\/div>\n\t\t\t\t\t<div class=\"wc-block-grid__product-title\">Mallot ciclista m\u00e0niga curta ESSENZ MALI MIEL<\/div>\n\t\t\t\t<\/a>\n\t\t\t\t<div class=\"wc-block-grid__product-price price\"><span class=\"woocommerce-Price-amount amount\">73,55<span class=\"woocommerce-Price-currencySymbol\">&euro;<\/span><\/span><span class=\"price-suffix\"><\/span><\/div>\n\t\t\t\t\n\t\t\t\t\n\t\t\t<\/li><li class=\"wc-block-grid__product\"><span class=\"gtm4wp_productdata\" style=\"display:none; visibility:hidden;\" data-gtm4wp_product_data=\"{&quot;internal_id&quot;:278187,&quot;item_id&quot;:278187,&quot;item_name&quot;:&quot;Mallot ciclista m\\u00e0niga curta ESSENZ MALI PERSIA&quot;,&quot;sku&quot;:&quot;51010332&quot;,&quot;price&quot;:73.55,&quot;stocklevel&quot;:null,&quot;stockstatus&quot;:&quot;instock&quot;,&quot;google_business_vertical&quot;:&quot;retail&quot;,&quot;item_category&quot;:&quot;B2B&quot;,&quot;id&quot;:278187,&quot;productlink&quot;:&quot;https:\\\/\\\/www.inverseteams.com\\\/ca\\\/producte\\\/mallot-ciclista-maniga-curta-essenz-mali-persia\\\/&quot;,&quot;item_list_name&quot;:&quot;Llista general de productes&quot;,&quot;index&quot;:0,&quot;product_type&quot;:&quot;variable&quot;,&quot;item_brand&quot;:&quot;&quot;}\"><\/span>\n\t\t\t\t<a href=\"https:\/\/www.inverseteams.com\/ca\/producte\/mallot-ciclista-maniga-curta-essenz-mali-persia\/\" class=\"wc-block-grid__product-link\">\n\t\t\t\t\t\n\t\t\t\t\t<div class=\"wc-block-grid__product-image\"><img loading=\"lazy\" decoding=\"async\" width=\"420\" height=\"450\" src=\"https:\/\/www.inverseteams.com\/wp-content\/uploads\/INVERSE-CICLISMO-HOMBRE-MAILLOT-ESSENZ-MALI-PERSIA-001-420x450.jpg\" class=\"attachment-woocommerce_thumbnail size-woocommerce_thumbnail\" alt=\"Mallot ciclista m\u00e0niga curta ESSENZ MALI PERSIA\" srcset=\"https:\/\/www.inverseteams.com\/wp-content\/uploads\/INVERSE-CICLISMO-HOMBRE-MAILLOT-ESSENZ-MALI-PERSIA-001-420x451.jpg 420w, https:\/\/www.inverseteams.com\/wp-content\/uploads\/INVERSE-CICLISMO-HOMBRE-MAILLOT-ESSENZ-MALI-PERSIA-001-279x300.jpg 279w, https:\/\/www.inverseteams.com\/wp-content\/uploads\/INVERSE-CICLISMO-HOMBRE-MAILLOT-ESSENZ-MALI-PERSIA-001-953x1024.jpg 953w, https:\/\/www.inverseteams.com\/wp-content\/uploads\/INVERSE-CICLISMO-HOMBRE-MAILLOT-ESSENZ-MALI-PERSIA-001-768x825.jpg 768w, https:\/\/www.inverseteams.com\/wp-content\/uploads\/INVERSE-CICLISMO-HOMBRE-MAILLOT-ESSENZ-MALI-PERSIA-001-1429x1536.jpg 1429w, https:\/\/www.inverseteams.com\/wp-content\/uploads\/INVERSE-CICLISMO-HOMBRE-MAILLOT-ESSENZ-MALI-PERSIA-001-860x921.jpg 860w, https:\/\/www.inverseteams.com\/wp-content\/uploads\/INVERSE-CICLISMO-HOMBRE-MAILLOT-ESSENZ-MALI-PERSIA-001-550x591.jpg 550w, https:\/\/www.inverseteams.com\/wp-content\/uploads\/INVERSE-CICLISMO-HOMBRE-MAILLOT-ESSENZ-MALI-PERSIA-001-64x69.jpg 64w, https:\/\/www.inverseteams.com\/wp-content\/uploads\/INVERSE-CICLISMO-HOMBRE-MAILLOT-ESSENZ-MALI-PERSIA-001.jpg 1500w\" sizes=\"auto, (max-width: 420px) 100vw, 420px\" \/><\/div>\n\t\t\t\t\t<div class=\"wc-block-grid__product-title\">Mallot ciclista m\u00e0niga curta ESSENZ MALI PERSIA<\/div>\n\t\t\t\t<\/a>\n\t\t\t\t<div class=\"wc-block-grid__product-price price\"><span class=\"woocommerce-Price-amount amount\">73,55<span class=\"woocommerce-Price-currencySymbol\">&euro;<\/span><\/span><span class=\"price-suffix\"><\/span><\/div>\n\t\t\t\t\n\t\t\t\t\n\t\t\t<\/li><li class=\"wc-block-grid__product\"><span class=\"gtm4wp_productdata\" style=\"display:none; visibility:hidden;\" data-gtm4wp_product_data=\"{&quot;internal_id&quot;:278259,&quot;item_id&quot;:278259,&quot;item_name&quot;:&quot;Mallot ciclista m\\u00e0niga curta MOTION KENIA BEIG&quot;,&quot;sku&quot;:&quot;51010334&quot;,&quot;price&quot;:81.82,&quot;stocklevel&quot;:null,&quot;stockstatus&quot;:&quot;outofstock&quot;,&quot;google_business_vertical&quot;:&quot;retail&quot;,&quot;item_category&quot;:&quot;B2B&quot;,&quot;id&quot;:278259,&quot;productlink&quot;:&quot;https:\\\/\\\/www.inverseteams.com\\\/ca\\\/producte\\\/mallot-ciclista-maniga-curta-motion-kenia-beig\\\/&quot;,&quot;item_list_name&quot;:&quot;Llista general de productes&quot;,&quot;index&quot;:0,&quot;product_type&quot;:&quot;variable&quot;,&quot;item_brand&quot;:&quot;&quot;}\"><\/span>\n\t\t\t\t<a href=\"https:\/\/www.inverseteams.com\/ca\/producte\/mallot-ciclista-maniga-curta-motion-kenia-beig\/\" class=\"wc-block-grid__product-link\">\n\t\t\t\t\t\n\t\t\t\t\t<div class=\"wc-block-grid__product-image\"><img loading=\"lazy\" decoding=\"async\" width=\"420\" height=\"450\" src=\"https:\/\/www.inverseteams.com\/wp-content\/uploads\/INVERSE-CICLISMO-HOMBRE-MAILLOT-MOTION-KENIA-BEIG-001-420x450.jpg\" class=\"attachment-woocommerce_thumbnail size-woocommerce_thumbnail\" alt=\"Mallot ciclista m\u00e0niga curta MOTION KENIA BEIG\" srcset=\"https:\/\/www.inverseteams.com\/wp-content\/uploads\/INVERSE-CICLISMO-HOMBRE-MAILLOT-MOTION-KENIA-BEIG-001-420x451.jpg 420w, https:\/\/www.inverseteams.com\/wp-content\/uploads\/INVERSE-CICLISMO-HOMBRE-MAILLOT-MOTION-KENIA-BEIG-001-279x300.jpg 279w, https:\/\/www.inverseteams.com\/wp-content\/uploads\/INVERSE-CICLISMO-HOMBRE-MAILLOT-MOTION-KENIA-BEIG-001-953x1024.jpg 953w, https:\/\/www.inverseteams.com\/wp-content\/uploads\/INVERSE-CICLISMO-HOMBRE-MAILLOT-MOTION-KENIA-BEIG-001-768x825.jpg 768w, https:\/\/www.inverseteams.com\/wp-content\/uploads\/INVERSE-CICLISMO-HOMBRE-MAILLOT-MOTION-KENIA-BEIG-001-1429x1536.jpg 1429w, https:\/\/www.inverseteams.com\/wp-content\/uploads\/INVERSE-CICLISMO-HOMBRE-MAILLOT-MOTION-KENIA-BEIG-001-860x921.jpg 860w, https:\/\/www.inverseteams.com\/wp-content\/uploads\/INVERSE-CICLISMO-HOMBRE-MAILLOT-MOTION-KENIA-BEIG-001-550x591.jpg 550w, https:\/\/www.inverseteams.com\/wp-content\/uploads\/INVERSE-CICLISMO-HOMBRE-MAILLOT-MOTION-KENIA-BEIG-001-64x69.jpg 64w, https:\/\/www.inverseteams.com\/wp-content\/uploads\/INVERSE-CICLISMO-HOMBRE-MAILLOT-MOTION-KENIA-BEIG-001.jpg 1500w\" sizes=\"auto, (max-width: 420px) 100vw, 420px\" \/><\/div>\n\t\t\t\t\t<div class=\"wc-block-grid__product-title\">Mallot ciclista m\u00e0niga curta MOTION KENIA BEIG<\/div>\n\t\t\t\t<\/a>\n\t\t\t\t<div class=\"wc-block-grid__product-price price\"><span class=\"woocommerce-Price-amount amount\">81,82<span class=\"woocommerce-Price-currencySymbol\">&euro;<\/span><\/span><span class=\"price-suffix\"><\/span><\/div>\n\t\t\t\t\n\t\t\t\t\n\t\t\t<\/li><li class=\"wc-block-grid__product\"><span class=\"gtm4wp_productdata\" style=\"display:none; visibility:hidden;\" data-gtm4wp_product_data=\"{&quot;internal_id&quot;:278380,&quot;item_id&quot;:278380,&quot;item_name&quot;:&quot;Mallot ciclista m\\u00e0niga curta MOTION KENIA MOSS&quot;,&quot;sku&quot;:&quot;51010335&quot;,&quot;price&quot;:81.82,&quot;stocklevel&quot;:null,&quot;stockstatus&quot;:&quot;instock&quot;,&quot;google_business_vertical&quot;:&quot;retail&quot;,&quot;item_category&quot;:&quot;B2B&quot;,&quot;id&quot;:278380,&quot;productlink&quot;:&quot;https:\\\/\\\/www.inverseteams.com\\\/ca\\\/producte\\\/mallot-ciclista-maniga-curta-motion-kenia-moss\\\/&quot;,&quot;item_list_name&quot;:&quot;Llista general de productes&quot;,&quot;index&quot;:0,&quot;product_type&quot;:&quot;variable&quot;,&quot;item_brand&quot;:&quot;&quot;}\"><\/span>\n\t\t\t\t<a href=\"https:\/\/www.inverseteams.com\/ca\/producte\/mallot-ciclista-maniga-curta-motion-kenia-moss\/\" class=\"wc-block-grid__product-link\">\n\t\t\t\t\t\n\t\t\t\t\t<div class=\"wc-block-grid__product-image\"><img loading=\"lazy\" decoding=\"async\" width=\"420\" height=\"450\" src=\"https:\/\/www.inverseteams.com\/wp-content\/uploads\/INVERSE-CICLISMO-HOMBRE-MAILLOT-MOTION-KENIA-MOSS-001-420x450.jpg\" class=\"attachment-woocommerce_thumbnail size-woocommerce_thumbnail\" alt=\"Mallot ciclista m\u00e0niga curta MOTION KENIA MOSS\" srcset=\"https:\/\/www.inverseteams.com\/wp-content\/uploads\/INVERSE-CICLISMO-HOMBRE-MAILLOT-MOTION-KENIA-MOSS-001-420x451.jpg 420w, https:\/\/www.inverseteams.com\/wp-content\/uploads\/INVERSE-CICLISMO-HOMBRE-MAILLOT-MOTION-KENIA-MOSS-001-279x300.jpg 279w, https:\/\/www.inverseteams.com\/wp-content\/uploads\/INVERSE-CICLISMO-HOMBRE-MAILLOT-MOTION-KENIA-MOSS-001-953x1024.jpg 953w, https:\/\/www.inverseteams.com\/wp-content\/uploads\/INVERSE-CICLISMO-HOMBRE-MAILLOT-MOTION-KENIA-MOSS-001-768x825.jpg 768w, https:\/\/www.inverseteams.com\/wp-content\/uploads\/INVERSE-CICLISMO-HOMBRE-MAILLOT-MOTION-KENIA-MOSS-001-1429x1536.jpg 1429w, https:\/\/www.inverseteams.com\/wp-content\/uploads\/INVERSE-CICLISMO-HOMBRE-MAILLOT-MOTION-KENIA-MOSS-001-860x921.jpg 860w, https:\/\/www.inverseteams.com\/wp-content\/uploads\/INVERSE-CICLISMO-HOMBRE-MAILLOT-MOTION-KENIA-MOSS-001-550x591.jpg 550w, https:\/\/www.inverseteams.com\/wp-content\/uploads\/INVERSE-CICLISMO-HOMBRE-MAILLOT-MOTION-KENIA-MOSS-001-64x69.jpg 64w, https:\/\/www.inverseteams.com\/wp-content\/uploads\/INVERSE-CICLISMO-HOMBRE-MAILLOT-MOTION-KENIA-MOSS-001.jpg 1500w\" sizes=\"auto, (max-width: 420px) 100vw, 420px\" \/><\/div>\n\t\t\t\t\t<div class=\"wc-block-grid__product-title\">Mallot ciclista m\u00e0niga curta MOTION KENIA MOSS<\/div>\n\t\t\t\t<\/a>\n\t\t\t\t<div class=\"wc-block-grid__product-price price\"><span class=\"woocommerce-Price-amount amount\">81,82<span class=\"woocommerce-Price-currencySymbol\">&euro;<\/span><\/span><span class=\"price-suffix\"><\/span><\/div>\n\t\t\t\t\n\t\t\t\t\n\t\t\t<\/li><li class=\"wc-block-grid__product\"><span class=\"gtm4wp_productdata\" style=\"display:none; visibility:hidden;\" data-gtm4wp_product_data=\"{&quot;internal_id&quot;:279261,&quot;item_id&quot;:279261,&quot;item_name&quot;:&quot;Mallot ciclista m\\u00e0niga curta MOTION INDIA MAYA&quot;,&quot;sku&quot;:&quot;51020336&quot;,&quot;price&quot;:81.82,&quot;stocklevel&quot;:null,&quot;stockstatus&quot;:&quot;instock&quot;,&quot;google_business_vertical&quot;:&quot;retail&quot;,&quot;item_category&quot;:&quot;B2B&quot;,&quot;id&quot;:279261,&quot;productlink&quot;:&quot;https:\\\/\\\/www.inverseteams.com\\\/ca\\\/producte\\\/mallot-ciclista-maniga-curta-motion-india-maya\\\/&quot;,&quot;item_list_name&quot;:&quot;Llista general de productes&quot;,&quot;index&quot;:0,&quot;product_type&quot;:&quot;variable&quot;,&quot;item_brand&quot;:&quot;&quot;}\"><\/span>\n\t\t\t\t<a href=\"https:\/\/www.inverseteams.com\/ca\/producte\/mallot-ciclista-maniga-curta-motion-india-maya\/\" class=\"wc-block-grid__product-link\">\n\t\t\t\t\t\n\t\t\t\t\t<div class=\"wc-block-grid__product-image\"><img loading=\"lazy\" decoding=\"async\" width=\"420\" height=\"450\" src=\"https:\/\/www.inverseteams.com\/wp-content\/uploads\/INVERSE-CICLISMO-MUJER-MAILLOT-MOTION-INDIA-MAYA-001-420x450.jpg\" class=\"attachment-woocommerce_thumbnail size-woocommerce_thumbnail\" alt=\"Mallot ciclista m\u00e0niga curta MOTION INDIA MAYA\" srcset=\"https:\/\/www.inverseteams.com\/wp-content\/uploads\/INVERSE-CICLISMO-MUJER-MAILLOT-MOTION-INDIA-MAYA-001-420x451.jpg 420w, https:\/\/www.inverseteams.com\/wp-content\/uploads\/INVERSE-CICLISMO-MUJER-MAILLOT-MOTION-INDIA-MAYA-001-279x300.jpg 279w, https:\/\/www.inverseteams.com\/wp-content\/uploads\/INVERSE-CICLISMO-MUJER-MAILLOT-MOTION-INDIA-MAYA-001-953x1024.jpg 953w, https:\/\/www.inverseteams.com\/wp-content\/uploads\/INVERSE-CICLISMO-MUJER-MAILLOT-MOTION-INDIA-MAYA-001-768x825.jpg 768w, https:\/\/www.inverseteams.com\/wp-content\/uploads\/INVERSE-CICLISMO-MUJER-MAILLOT-MOTION-INDIA-MAYA-001-1429x1536.jpg 1429w, https:\/\/www.inverseteams.com\/wp-content\/uploads\/INVERSE-CICLISMO-MUJER-MAILLOT-MOTION-INDIA-MAYA-001-860x921.jpg 860w, https:\/\/www.inverseteams.com\/wp-content\/uploads\/INVERSE-CICLISMO-MUJER-MAILLOT-MOTION-INDIA-MAYA-001-550x591.jpg 550w, https:\/\/www.inverseteams.com\/wp-content\/uploads\/INVERSE-CICLISMO-MUJER-MAILLOT-MOTION-INDIA-MAYA-001-64x69.jpg 64w, https:\/\/www.inverseteams.com\/wp-content\/uploads\/INVERSE-CICLISMO-MUJER-MAILLOT-MOTION-INDIA-MAYA-001.jpg 1500w\" sizes=\"auto, (max-width: 420px) 100vw, 420px\" \/><\/div>\n\t\t\t\t\t<div class=\"wc-block-grid__product-title\">Mallot ciclista m\u00e0niga curta MOTION INDIA MAYA<\/div>\n\t\t\t\t<\/a>\n\t\t\t\t<div class=\"wc-block-grid__product-price price\"><span class=\"woocommerce-Price-amount amount\">81,82<span class=\"woocommerce-Price-currencySymbol\">&euro;<\/span><\/span><span class=\"price-suffix\"><\/span><\/div>\n\t\t\t\t\n\t\t\t\t\n\t\t\t<\/li><li class=\"wc-block-grid__product\"><span class=\"gtm4wp_productdata\" style=\"display:none; visibility:hidden;\" data-gtm4wp_product_data=\"{&quot;internal_id&quot;:279392,&quot;item_id&quot;:279392,&quot;item_name&quot;:&quot;Mallot ciclista m\\u00e0niga curta MOTION INDIA WHITE&quot;,&quot;sku&quot;:&quot;51020358&quot;,&quot;price&quot;:81.82,&quot;stocklevel&quot;:null,&quot;stockstatus&quot;:&quot;instock&quot;,&quot;google_business_vertical&quot;:&quot;retail&quot;,&quot;item_category&quot;:&quot;B2B&quot;,&quot;id&quot;:279392,&quot;productlink&quot;:&quot;https:\\\/\\\/www.inverseteams.com\\\/ca\\\/producte\\\/mallot-ciclista-maniga-curta-motion-india-white\\\/&quot;,&quot;item_list_name&quot;:&quot;Llista general de productes&quot;,&quot;index&quot;:0,&quot;product_type&quot;:&quot;variable&quot;,&quot;item_brand&quot;:&quot;&quot;}\"><\/span>\n\t\t\t\t<a href=\"https:\/\/www.inverseteams.com\/ca\/producte\/mallot-ciclista-maniga-curta-motion-india-white\/\" class=\"wc-block-grid__product-link\">\n\t\t\t\t\t\n\t\t\t\t\t<div class=\"wc-block-grid__product-image\"><img loading=\"lazy\" decoding=\"async\" width=\"420\" height=\"450\" src=\"https:\/\/www.inverseteams.com\/wp-content\/uploads\/INVERSE-CICLISMO-MUJER-MAILLOT-MOTION-INDIA-WHITE-001-420x450.jpg\" class=\"attachment-woocommerce_thumbnail size-woocommerce_thumbnail\" alt=\"Mallot ciclista m\u00e0niga curta MOTION INDIA WHITE\" srcset=\"https:\/\/www.inverseteams.com\/wp-content\/uploads\/INVERSE-CICLISMO-MUJER-MAILLOT-MOTION-INDIA-WHITE-001-420x451.jpg 420w, https:\/\/www.inverseteams.com\/wp-content\/uploads\/INVERSE-CICLISMO-MUJER-MAILLOT-MOTION-INDIA-WHITE-001-279x300.jpg 279w, https:\/\/www.inverseteams.com\/wp-content\/uploads\/INVERSE-CICLISMO-MUJER-MAILLOT-MOTION-INDIA-WHITE-001-953x1024.jpg 953w, https:\/\/www.inverseteams.com\/wp-content\/uploads\/INVERSE-CICLISMO-MUJER-MAILLOT-MOTION-INDIA-WHITE-001-768x825.jpg 768w, https:\/\/www.inverseteams.com\/wp-content\/uploads\/INVERSE-CICLISMO-MUJER-MAILLOT-MOTION-INDIA-WHITE-001-1429x1536.jpg 1429w, https:\/\/www.inverseteams.com\/wp-content\/uploads\/INVERSE-CICLISMO-MUJER-MAILLOT-MOTION-INDIA-WHITE-001-860x921.jpg 860w, https:\/\/www.inverseteams.com\/wp-content\/uploads\/INVERSE-CICLISMO-MUJER-MAILLOT-MOTION-INDIA-WHITE-001-550x591.jpg 550w, https:\/\/www.inverseteams.com\/wp-content\/uploads\/INVERSE-CICLISMO-MUJER-MAILLOT-MOTION-INDIA-WHITE-001-64x69.jpg 64w, https:\/\/www.inverseteams.com\/wp-content\/uploads\/INVERSE-CICLISMO-MUJER-MAILLOT-MOTION-INDIA-WHITE-001.jpg 1500w\" sizes=\"auto, (max-width: 420px) 100vw, 420px\" \/><\/div>\n\t\t\t\t\t<div class=\"wc-block-grid__product-title\">Mallot ciclista m\u00e0niga curta MOTION INDIA WHITE<\/div>\n\t\t\t\t<\/a>\n\t\t\t\t<div class=\"wc-block-grid__product-price price\"><span class=\"woocommerce-Price-amount amount\">81,82<span class=\"woocommerce-Price-currencySymbol\">&euro;<\/span><\/span><span class=\"price-suffix\"><\/span><\/div>\n\t\t\t\t\n\t\t\t\t\n\t\t\t<\/li><li class=\"wc-block-grid__product\"><span class=\"gtm4wp_productdata\" style=\"display:none; visibility:hidden;\" data-gtm4wp_product_data=\"{&quot;internal_id&quot;:278431,&quot;item_id&quot;:278431,&quot;item_name&quot;:&quot;Mallot ciclista XPERT HAITI WHITE&quot;,&quot;sku&quot;:&quot;51010337&quot;,&quot;price&quot;:90.08,&quot;stocklevel&quot;:null,&quot;stockstatus&quot;:&quot;instock&quot;,&quot;google_business_vertical&quot;:&quot;retail&quot;,&quot;item_category&quot;:&quot;B2B&quot;,&quot;id&quot;:278431,&quot;productlink&quot;:&quot;https:\\\/\\\/www.inverseteams.com\\\/ca\\\/producte\\\/mallot-ciclista-xpert-haiti-white\\\/&quot;,&quot;item_list_name&quot;:&quot;Llista general de productes&quot;,&quot;index&quot;:0,&quot;product_type&quot;:&quot;variable&quot;,&quot;item_brand&quot;:&quot;&quot;}\"><\/span>\n\t\t\t\t<a href=\"https:\/\/www.inverseteams.com\/ca\/producte\/mallot-ciclista-xpert-haiti-white\/\" class=\"wc-block-grid__product-link\">\n\t\t\t\t\t\n\t\t\t\t\t<div class=\"wc-block-grid__product-image\"><img loading=\"lazy\" decoding=\"async\" width=\"420\" height=\"450\" src=\"https:\/\/www.inverseteams.com\/wp-content\/uploads\/INVERSE-CICLISMO-HOMBRE-MAILLOT-EXPERT-HAITI-WHITE-001-420x450.jpg\" class=\"attachment-woocommerce_thumbnail size-woocommerce_thumbnail\" alt=\"Mallot ciclista XPERT HAITI WHITE\" srcset=\"https:\/\/www.inverseteams.com\/wp-content\/uploads\/INVERSE-CICLISMO-HOMBRE-MAILLOT-EXPERT-HAITI-WHITE-001-420x451.jpg 420w, https:\/\/www.inverseteams.com\/wp-content\/uploads\/INVERSE-CICLISMO-HOMBRE-MAILLOT-EXPERT-HAITI-WHITE-001-279x300.jpg 279w, https:\/\/www.inverseteams.com\/wp-content\/uploads\/INVERSE-CICLISMO-HOMBRE-MAILLOT-EXPERT-HAITI-WHITE-001-953x1024.jpg 953w, https:\/\/www.inverseteams.com\/wp-content\/uploads\/INVERSE-CICLISMO-HOMBRE-MAILLOT-EXPERT-HAITI-WHITE-001-768x825.jpg 768w, https:\/\/www.inverseteams.com\/wp-content\/uploads\/INVERSE-CICLISMO-HOMBRE-MAILLOT-EXPERT-HAITI-WHITE-001-1429x1536.jpg 1429w, https:\/\/www.inverseteams.com\/wp-content\/uploads\/INVERSE-CICLISMO-HOMBRE-MAILLOT-EXPERT-HAITI-WHITE-001-860x921.jpg 860w, https:\/\/www.inverseteams.com\/wp-content\/uploads\/INVERSE-CICLISMO-HOMBRE-MAILLOT-EXPERT-HAITI-WHITE-001-550x591.jpg 550w, https:\/\/www.inverseteams.com\/wp-content\/uploads\/INVERSE-CICLISMO-HOMBRE-MAILLOT-EXPERT-HAITI-WHITE-001-64x69.jpg 64w, https:\/\/www.inverseteams.com\/wp-content\/uploads\/INVERSE-CICLISMO-HOMBRE-MAILLOT-EXPERT-HAITI-WHITE-001.jpg 1500w\" sizes=\"auto, (max-width: 420px) 100vw, 420px\" \/><\/div>\n\t\t\t\t\t<div class=\"wc-block-grid__product-title\">Mallot ciclista XPERT HAITI WHITE<\/div>\n\t\t\t\t<\/a>\n\t\t\t\t<div class=\"wc-block-grid__product-price price\"><span class=\"woocommerce-Price-amount amount\">90,08<span class=\"woocommerce-Price-currencySymbol\">&euro;<\/span><\/span><span class=\"price-suffix\"><\/span><\/div>\n\t\t\t\t\n\t\t\t\t\n\t\t\t<\/li><\/ul><\/div>","protected":false},"excerpt":{"rendered":"<p>El nou equip Inverse Team Trail Running Team 2023 continua amb la seva filosofia de descobrir i impulsar joves corredors de muntanya. Seguint la tend\u00e8ncia actual de la comunitat de corredors de muntanya, el nou equip Inverse Trail Running Team 2023 aposta per estar present en curses curtes o de quil\u00f2metre vertical (KV). Des del [&hellip;]<\/p>\n","protected":false},"author":12,"featured_media":111180,"comment_status":"open","ping_status":"open","sticky":false,"template":"","format":"standard","meta":{"_acf_changed":false,"mc4wp_mailchimp_campaign":[],"footnotes":""},"categories":[180],"tags":[5897,5898,5899],"class_list":["post-111216","post","type-post","status-publish","format-standard","has-post-thumbnail","hentry","category-trail-ca","tag-t-shirt-trailrunning-ca","tag-t-shirt-trail-ca","tag-shirt-trailrunning-ca"],"acf":[],"yoast_head":"<!-- This site is optimized with the Yoast SEO plugin v27.3 - https:\/\/yoast.com\/product\/yoast-seo-wordpress\/ -->\n<title>L&#039;Inverse Trail Running Team 2023 aposta pel talent emergent de joves corredors de muntanya. | Inverseteams<\/title>\n<meta name=\"description\" content=\"El nou equip Inverse Team Trail Running Team 2023 continua amb la seva filosofia de descobrir i impulsar joves corredors de muntanya.\" \/>\n<meta name=\"robots\" content=\"index, follow, max-snippet:-1, max-image-preview:large, max-video-preview:-1\" \/>\n<link rel=\"canonical\" href=\"https:\/\/www.inverseteams.com\/ca\/blog\/el-inverse-trail-running-team-2023-apuesta-por-el-talento-emergente-de-jovenes-corredores-de-montana\/\" \/>\n<meta property=\"og:locale\" content=\"ca_ES\" \/>\n<meta property=\"og:type\" content=\"article\" \/>\n<meta property=\"og:title\" content=\"L&#039;Inverse Trail Running Team 2023 aposta pel talent emergent de joves corredors de muntanya. | Inverseteams\" \/>\n<meta property=\"og:description\" content=\"El nou equip Inverse Team Trail Running Team 2023 continua amb la seva filosofia de descobrir i impulsar joves corredors de muntanya.\" \/>\n<meta property=\"og:url\" content=\"https:\/\/www.inverseteams.com\/ca\/blog\/el-inverse-trail-running-team-2023-apuesta-por-el-talento-emergente-de-jovenes-corredores-de-montana\/\" \/>\n<meta property=\"og:site_name\" content=\"Inverseteams\" \/>\n<meta property=\"article:publisher\" content=\"https:\/\/www.facebook.com\/inverseteams\" \/>\n<meta property=\"article:published_time\" content=\"2022-12-07T12:56:32+00:00\" \/>\n<meta property=\"article:modified_time\" content=\"2022-12-07T13:21:08+00:00\" \/>\n<meta property=\"og:image\" content=\"https:\/\/www.inverseteams.com\/wp-content\/uploads\/BLOG_TRAIL_RUNNING_TEAM_INVERSE_00.jpg\" \/>\n\t<meta property=\"og:image:width\" content=\"1920\" \/>\n\t<meta property=\"og:image:height\" content=\"1280\" \/>\n\t<meta property=\"og:image:type\" content=\"image\/jpeg\" \/>\n<meta name=\"author\" content=\"xavier\" \/>\n<meta name=\"twitter:card\" content=\"summary_large_image\" \/>\n<meta name=\"twitter:label1\" content=\"Escrit per\" \/>\n\t<meta name=\"twitter:data1\" content=\"xavier\" \/>\n\t<meta name=\"twitter:label2\" content=\"Temps estimat de lectura\" \/>\n\t<meta name=\"twitter:data2\" content=\"4 minut\" \/>\n<script type=\"application\/ld+json\" class=\"yoast-schema-graph\">{\"@context\":\"https:\\\/\\\/schema.org\",\"@graph\":[{\"@type\":\"Article\",\"@id\":\"https:\\\/\\\/www.inverseteams.com\\\/ca\\\/blog\\\/el-inverse-trail-running-team-2023-apuesta-por-el-talento-emergente-de-jovenes-corredores-de-montana\\\/#article\",\"isPartOf\":{\"@id\":\"https:\\\/\\\/www.inverseteams.com\\\/ca\\\/blog\\\/el-inverse-trail-running-team-2023-apuesta-por-el-talento-emergente-de-jovenes-corredores-de-montana\\\/\"},\"author\":{\"name\":\"xavier\",\"@id\":\"https:\\\/\\\/www.inverseteams.com\\\/ca\\\/#\\\/schema\\\/person\\\/8e9cda76b6449aea55a18c6b0f3a15f1\"},\"headline\":\"L&#8217;Inverse Trail Running Team 2023 aposta pel talent emergent de joves corredors de muntanya.\",\"datePublished\":\"2022-12-07T12:56:32+00:00\",\"dateModified\":\"2022-12-07T13:21:08+00:00\",\"mainEntityOfPage\":{\"@id\":\"https:\\\/\\\/www.inverseteams.com\\\/ca\\\/blog\\\/el-inverse-trail-running-team-2023-apuesta-por-el-talento-emergente-de-jovenes-corredores-de-montana\\\/\"},\"wordCount\":614,\"commentCount\":0,\"publisher\":{\"@id\":\"https:\\\/\\\/www.inverseteams.com\\\/ca\\\/#organization\"},\"image\":{\"@id\":\"https:\\\/\\\/www.inverseteams.com\\\/ca\\\/blog\\\/el-inverse-trail-running-team-2023-apuesta-por-el-talento-emergente-de-jovenes-corredores-de-montana\\\/#primaryimage\"},\"thumbnailUrl\":\"https:\\\/\\\/www.inverseteams.com\\\/wp-content\\\/uploads\\\/BLOG_TRAIL_RUNNING_TEAM_INVERSE_00.jpg\",\"keywords\":[\"t-shirt trailrunning\",\"t-shirt trail\",\"shirt trailrunning\"],\"articleSection\":[\"Trail\"],\"inLanguage\":\"ca\",\"potentialAction\":[{\"@type\":\"CommentAction\",\"name\":\"Comment\",\"target\":[\"https:\\\/\\\/www.inverseteams.com\\\/ca\\\/blog\\\/el-inverse-trail-running-team-2023-apuesta-por-el-talento-emergente-de-jovenes-corredores-de-montana\\\/#respond\"]}]},{\"@type\":\"WebPage\",\"@id\":\"https:\\\/\\\/www.inverseteams.com\\\/ca\\\/blog\\\/el-inverse-trail-running-team-2023-apuesta-por-el-talento-emergente-de-jovenes-corredores-de-montana\\\/\",\"url\":\"https:\\\/\\\/www.inverseteams.com\\\/ca\\\/blog\\\/el-inverse-trail-running-team-2023-apuesta-por-el-talento-emergente-de-jovenes-corredores-de-montana\\\/\",\"name\":\"L'Inverse Trail Running Team 2023 aposta pel talent emergent de joves corredors de muntanya. | Inverseteams\",\"isPartOf\":{\"@id\":\"https:\\\/\\\/www.inverseteams.com\\\/ca\\\/#website\"},\"primaryImageOfPage\":{\"@id\":\"https:\\\/\\\/www.inverseteams.com\\\/ca\\\/blog\\\/el-inverse-trail-running-team-2023-apuesta-por-el-talento-emergente-de-jovenes-corredores-de-montana\\\/#primaryimage\"},\"image\":{\"@id\":\"https:\\\/\\\/www.inverseteams.com\\\/ca\\\/blog\\\/el-inverse-trail-running-team-2023-apuesta-por-el-talento-emergente-de-jovenes-corredores-de-montana\\\/#primaryimage\"},\"thumbnailUrl\":\"https:\\\/\\\/www.inverseteams.com\\\/wp-content\\\/uploads\\\/BLOG_TRAIL_RUNNING_TEAM_INVERSE_00.jpg\",\"datePublished\":\"2022-12-07T12:56:32+00:00\",\"dateModified\":\"2022-12-07T13:21:08+00:00\",\"description\":\"El nou equip Inverse Team Trail Running Team 2023 continua amb la seva filosofia de descobrir i impulsar joves corredors de muntanya.\",\"breadcrumb\":{\"@id\":\"https:\\\/\\\/www.inverseteams.com\\\/ca\\\/blog\\\/el-inverse-trail-running-team-2023-apuesta-por-el-talento-emergente-de-jovenes-corredores-de-montana\\\/#breadcrumb\"},\"inLanguage\":\"ca\",\"potentialAction\":[{\"@type\":\"ReadAction\",\"target\":[\"https:\\\/\\\/www.inverseteams.com\\\/ca\\\/blog\\\/el-inverse-trail-running-team-2023-apuesta-por-el-talento-emergente-de-jovenes-corredores-de-montana\\\/\"]}]},{\"@type\":\"ImageObject\",\"inLanguage\":\"ca\",\"@id\":\"https:\\\/\\\/www.inverseteams.com\\\/ca\\\/blog\\\/el-inverse-trail-running-team-2023-apuesta-por-el-talento-emergente-de-jovenes-corredores-de-montana\\\/#primaryimage\",\"url\":\"https:\\\/\\\/www.inverseteams.com\\\/wp-content\\\/uploads\\\/BLOG_TRAIL_RUNNING_TEAM_INVERSE_00.jpg\",\"contentUrl\":\"https:\\\/\\\/www.inverseteams.com\\\/wp-content\\\/uploads\\\/BLOG_TRAIL_RUNNING_TEAM_INVERSE_00.jpg\",\"width\":1920,\"height\":1280},{\"@type\":\"BreadcrumbList\",\"@id\":\"https:\\\/\\\/www.inverseteams.com\\\/ca\\\/blog\\\/el-inverse-trail-running-team-2023-apuesta-por-el-talento-emergente-de-jovenes-corredores-de-montana\\\/#breadcrumb\",\"itemListElement\":[{\"@type\":\"ListItem\",\"position\":1,\"name\":\"Portada\",\"item\":\"https:\\\/\\\/www.inverseteams.com\\\/ca\\\/pagina-principal\\\/\"},{\"@type\":\"ListItem\",\"position\":2,\"name\":\"L&#8217;Inverse Trail Running Team 2023 aposta pel talent emergent de joves corredors de muntanya.\"}]},{\"@type\":\"WebSite\",\"@id\":\"https:\\\/\\\/www.inverseteams.com\\\/ca\\\/#website\",\"url\":\"https:\\\/\\\/www.inverseteams.com\\\/ca\\\/\",\"name\":\"Inverseteams\",\"description\":\"Tu marca de ropa deportiva personalizada\",\"publisher\":{\"@id\":\"https:\\\/\\\/www.inverseteams.com\\\/ca\\\/#organization\"},\"potentialAction\":[{\"@type\":\"SearchAction\",\"target\":{\"@type\":\"EntryPoint\",\"urlTemplate\":\"https:\\\/\\\/www.inverseteams.com\\\/ca\\\/?s={search_term_string}\"},\"query-input\":{\"@type\":\"PropertyValueSpecification\",\"valueRequired\":true,\"valueName\":\"search_term_string\"}}],\"inLanguage\":\"ca\"},{\"@type\":\"Organization\",\"@id\":\"https:\\\/\\\/www.inverseteams.com\\\/ca\\\/#organization\",\"name\":\"Inverse Teams\",\"url\":\"https:\\\/\\\/www.inverseteams.com\\\/ca\\\/\",\"logo\":{\"@type\":\"ImageObject\",\"inLanguage\":\"ca\",\"@id\":\"https:\\\/\\\/www.inverseteams.com\\\/ca\\\/#\\\/schema\\\/logo\\\/image\\\/\",\"url\":\"https:\\\/\\\/www.inverseteams.com\\\/wp-content\\\/uploads\\\/2021\\\/03\\\/logo-inverse-teams.png\",\"contentUrl\":\"https:\\\/\\\/www.inverseteams.com\\\/wp-content\\\/uploads\\\/2021\\\/03\\\/logo-inverse-teams.png\",\"width\":294,\"height\":99,\"caption\":\"Inverse Teams\"},\"image\":{\"@id\":\"https:\\\/\\\/www.inverseteams.com\\\/ca\\\/#\\\/schema\\\/logo\\\/image\\\/\"},\"sameAs\":[\"https:\\\/\\\/www.facebook.com\\\/inverseteams\",\"http:\\\/\\\/instagram.com\\\/inverseteams\",\"https:\\\/\\\/www.linkedin.com\\\/company\\\/inverse-cirosport-s-l-?trk=job_view_topcard_company_name\",\"http:\\\/\\\/www.pinterest.com\\\/inverseteams\\\/\",\"http:\\\/\\\/www.youtube.com\\\/user\\\/inverseteams?feature=watch\"]},{\"@type\":\"Person\",\"@id\":\"https:\\\/\\\/www.inverseteams.com\\\/ca\\\/#\\\/schema\\\/person\\\/8e9cda76b6449aea55a18c6b0f3a15f1\",\"name\":\"xavier\",\"image\":{\"@type\":\"ImageObject\",\"inLanguage\":\"ca\",\"@id\":\"https:\\\/\\\/secure.gravatar.com\\\/avatar\\\/602b199a1f28e97d83ab3a8bcb642260f5afd77cb09704889d85ddd70643cddb?s=96&d=mm&r=g\",\"url\":\"https:\\\/\\\/secure.gravatar.com\\\/avatar\\\/602b199a1f28e97d83ab3a8bcb642260f5afd77cb09704889d85ddd70643cddb?s=96&d=mm&r=g\",\"contentUrl\":\"https:\\\/\\\/secure.gravatar.com\\\/avatar\\\/602b199a1f28e97d83ab3a8bcb642260f5afd77cb09704889d85ddd70643cddb?s=96&d=mm&r=g\",\"caption\":\"xavier\"}}]}<\/script>\n<!-- \/ Yoast SEO plugin. -->","yoast_head_json":{"title":"L'Inverse Trail Running Team 2023 aposta pel talent emergent de joves corredors de muntanya. | Inverseteams","description":"El nou equip Inverse Team Trail Running Team 2023 continua amb la seva filosofia de descobrir i impulsar joves corredors de muntanya.","robots":{"index":"index","follow":"follow","max-snippet":"max-snippet:-1","max-image-preview":"max-image-preview:large","max-video-preview":"max-video-preview:-1"},"canonical":"https:\/\/www.inverseteams.com\/ca\/blog\/el-inverse-trail-running-team-2023-apuesta-por-el-talento-emergente-de-jovenes-corredores-de-montana\/","og_locale":"ca_ES","og_type":"article","og_title":"L'Inverse Trail Running Team 2023 aposta pel talent emergent de joves corredors de muntanya. | Inverseteams","og_description":"El nou equip Inverse Team Trail Running Team 2023 continua amb la seva filosofia de descobrir i impulsar joves corredors de muntanya.","og_url":"https:\/\/www.inverseteams.com\/ca\/blog\/el-inverse-trail-running-team-2023-apuesta-por-el-talento-emergente-de-jovenes-corredores-de-montana\/","og_site_name":"Inverseteams","article_publisher":"https:\/\/www.facebook.com\/inverseteams","article_published_time":"2022-12-07T12:56:32+00:00","article_modified_time":"2022-12-07T13:21:08+00:00","og_image":[{"width":1920,"height":1280,"url":"https:\/\/www.inverseteams.com\/wp-content\/uploads\/BLOG_TRAIL_RUNNING_TEAM_INVERSE_00.jpg","type":"image\/jpeg"}],"author":"xavier","twitter_card":"summary_large_image","twitter_misc":{"Escrit per":"xavier","Temps estimat de lectura":"4 minut"},"schema":{"@context":"https:\/\/schema.org","@graph":[{"@type":"Article","@id":"https:\/\/www.inverseteams.com\/ca\/blog\/el-inverse-trail-running-team-2023-apuesta-por-el-talento-emergente-de-jovenes-corredores-de-montana\/#article","isPartOf":{"@id":"https:\/\/www.inverseteams.com\/ca\/blog\/el-inverse-trail-running-team-2023-apuesta-por-el-talento-emergente-de-jovenes-corredores-de-montana\/"},"author":{"name":"xavier","@id":"https:\/\/www.inverseteams.com\/ca\/#\/schema\/person\/8e9cda76b6449aea55a18c6b0f3a15f1"},"headline":"L&#8217;Inverse Trail Running Team 2023 aposta pel talent emergent de joves corredors de muntanya.","datePublished":"2022-12-07T12:56:32+00:00","dateModified":"2022-12-07T13:21:08+00:00","mainEntityOfPage":{"@id":"https:\/\/www.inverseteams.com\/ca\/blog\/el-inverse-trail-running-team-2023-apuesta-por-el-talento-emergente-de-jovenes-corredores-de-montana\/"},"wordCount":614,"commentCount":0,"publisher":{"@id":"https:\/\/www.inverseteams.com\/ca\/#organization"},"image":{"@id":"https:\/\/www.inverseteams.com\/ca\/blog\/el-inverse-trail-running-team-2023-apuesta-por-el-talento-emergente-de-jovenes-corredores-de-montana\/#primaryimage"},"thumbnailUrl":"https:\/\/www.inverseteams.com\/wp-content\/uploads\/BLOG_TRAIL_RUNNING_TEAM_INVERSE_00.jpg","keywords":["t-shirt trailrunning","t-shirt trail","shirt trailrunning"],"articleSection":["Trail"],"inLanguage":"ca","potentialAction":[{"@type":"CommentAction","name":"Comment","target":["https:\/\/www.inverseteams.com\/ca\/blog\/el-inverse-trail-running-team-2023-apuesta-por-el-talento-emergente-de-jovenes-corredores-de-montana\/#respond"]}]},{"@type":"WebPage","@id":"https:\/\/www.inverseteams.com\/ca\/blog\/el-inverse-trail-running-team-2023-apuesta-por-el-talento-emergente-de-jovenes-corredores-de-montana\/","url":"https:\/\/www.inverseteams.com\/ca\/blog\/el-inverse-trail-running-team-2023-apuesta-por-el-talento-emergente-de-jovenes-corredores-de-montana\/","name":"L'Inverse Trail Running Team 2023 aposta pel talent emergent de joves corredors de muntanya. | Inverseteams","isPartOf":{"@id":"https:\/\/www.inverseteams.com\/ca\/#website"},"primaryImageOfPage":{"@id":"https:\/\/www.inverseteams.com\/ca\/blog\/el-inverse-trail-running-team-2023-apuesta-por-el-talento-emergente-de-jovenes-corredores-de-montana\/#primaryimage"},"image":{"@id":"https:\/\/www.inverseteams.com\/ca\/blog\/el-inverse-trail-running-team-2023-apuesta-por-el-talento-emergente-de-jovenes-corredores-de-montana\/#primaryimage"},"thumbnailUrl":"https:\/\/www.inverseteams.com\/wp-content\/uploads\/BLOG_TRAIL_RUNNING_TEAM_INVERSE_00.jpg","datePublished":"2022-12-07T12:56:32+00:00","dateModified":"2022-12-07T13:21:08+00:00","description":"El nou equip Inverse Team Trail Running Team 2023 continua amb la seva filosofia de descobrir i impulsar joves corredors de muntanya.","breadcrumb":{"@id":"https:\/\/www.inverseteams.com\/ca\/blog\/el-inverse-trail-running-team-2023-apuesta-por-el-talento-emergente-de-jovenes-corredores-de-montana\/#breadcrumb"},"inLanguage":"ca","potentialAction":[{"@type":"ReadAction","target":["https:\/\/www.inverseteams.com\/ca\/blog\/el-inverse-trail-running-team-2023-apuesta-por-el-talento-emergente-de-jovenes-corredores-de-montana\/"]}]},{"@type":"ImageObject","inLanguage":"ca","@id":"https:\/\/www.inverseteams.com\/ca\/blog\/el-inverse-trail-running-team-2023-apuesta-por-el-talento-emergente-de-jovenes-corredores-de-montana\/#primaryimage","url":"https:\/\/www.inverseteams.com\/wp-content\/uploads\/BLOG_TRAIL_RUNNING_TEAM_INVERSE_00.jpg","contentUrl":"https:\/\/www.inverseteams.com\/wp-content\/uploads\/BLOG_TRAIL_RUNNING_TEAM_INVERSE_00.jpg","width":1920,"height":1280},{"@type":"BreadcrumbList","@id":"https:\/\/www.inverseteams.com\/ca\/blog\/el-inverse-trail-running-team-2023-apuesta-por-el-talento-emergente-de-jovenes-corredores-de-montana\/#breadcrumb","itemListElement":[{"@type":"ListItem","position":1,"name":"Portada","item":"https:\/\/www.inverseteams.com\/ca\/pagina-principal\/"},{"@type":"ListItem","position":2,"name":"L&#8217;Inverse Trail Running Team 2023 aposta pel talent emergent de joves corredors de muntanya."}]},{"@type":"WebSite","@id":"https:\/\/www.inverseteams.com\/ca\/#website","url":"https:\/\/www.inverseteams.com\/ca\/","name":"Inverseteams","description":"Tu marca de ropa deportiva personalizada","publisher":{"@id":"https:\/\/www.inverseteams.com\/ca\/#organization"},"potentialAction":[{"@type":"SearchAction","target":{"@type":"EntryPoint","urlTemplate":"https:\/\/www.inverseteams.com\/ca\/?s={search_term_string}"},"query-input":{"@type":"PropertyValueSpecification","valueRequired":true,"valueName":"search_term_string"}}],"inLanguage":"ca"},{"@type":"Organization","@id":"https:\/\/www.inverseteams.com\/ca\/#organization","name":"Inverse Teams","url":"https:\/\/www.inverseteams.com\/ca\/","logo":{"@type":"ImageObject","inLanguage":"ca","@id":"https:\/\/www.inverseteams.com\/ca\/#\/schema\/logo\/image\/","url":"https:\/\/www.inverseteams.com\/wp-content\/uploads\/2021\/03\/logo-inverse-teams.png","contentUrl":"https:\/\/www.inverseteams.com\/wp-content\/uploads\/2021\/03\/logo-inverse-teams.png","width":294,"height":99,"caption":"Inverse Teams"},"image":{"@id":"https:\/\/www.inverseteams.com\/ca\/#\/schema\/logo\/image\/"},"sameAs":["https:\/\/www.facebook.com\/inverseteams","http:\/\/instagram.com\/inverseteams","https:\/\/www.linkedin.com\/company\/inverse-cirosport-s-l-?trk=job_view_topcard_company_name","http:\/\/www.pinterest.com\/inverseteams\/","http:\/\/www.youtube.com\/user\/inverseteams?feature=watch"]},{"@type":"Person","@id":"https:\/\/www.inverseteams.com\/ca\/#\/schema\/person\/8e9cda76b6449aea55a18c6b0f3a15f1","name":"xavier","image":{"@type":"ImageObject","inLanguage":"ca","@id":"https:\/\/secure.gravatar.com\/avatar\/602b199a1f28e97d83ab3a8bcb642260f5afd77cb09704889d85ddd70643cddb?s=96&d=mm&r=g","url":"https:\/\/secure.gravatar.com\/avatar\/602b199a1f28e97d83ab3a8bcb642260f5afd77cb09704889d85ddd70643cddb?s=96&d=mm&r=g","contentUrl":"https:\/\/secure.gravatar.com\/avatar\/602b199a1f28e97d83ab3a8bcb642260f5afd77cb09704889d85ddd70643cddb?s=96&d=mm&r=g","caption":"xavier"}}]}},"_links":{"self":[{"href":"https:\/\/www.inverseteams.com\/ca\/wp-json\/wp\/v2\/posts\/111216","targetHints":{"allow":["GET"]}}],"collection":[{"href":"https:\/\/www.inverseteams.com\/ca\/wp-json\/wp\/v2\/posts"}],"about":[{"href":"https:\/\/www.inverseteams.com\/ca\/wp-json\/wp\/v2\/types\/post"}],"author":[{"embeddable":true,"href":"https:\/\/www.inverseteams.com\/ca\/wp-json\/wp\/v2\/users\/12"}],"replies":[{"embeddable":true,"href":"https:\/\/www.inverseteams.com\/ca\/wp-json\/wp\/v2\/comments?post=111216"}],"version-history":[{"count":0,"href":"https:\/\/www.inverseteams.com\/ca\/wp-json\/wp\/v2\/posts\/111216\/revisions"}],"wp:featuredmedia":[{"embeddable":true,"href":"https:\/\/www.inverseteams.com\/ca\/wp-json\/wp\/v2\/media\/111180"}],"wp:attachment":[{"href":"https:\/\/www.inverseteams.com\/ca\/wp-json\/wp\/v2\/media?parent=111216"}],"wp:term":[{"taxonomy":"category","embeddable":true,"href":"https:\/\/www.inverseteams.com\/ca\/wp-json\/wp\/v2\/categories?post=111216"},{"taxonomy":"post_tag","embeddable":true,"href":"https:\/\/www.inverseteams.com\/ca\/wp-json\/wp\/v2\/tags?post=111216"}],"curies":[{"name":"wp","href":"https:\/\/api.w.org\/{rel}","templated":true}]}}